{"id":34521,"date":"2025-05-26T15:58:46","date_gmt":"2025-05-26T21:58:46","guid":{"rendered":"https:\/\/soymigrante.com\/revista\/?p=34521"},"modified":"2025-05-28T14:44:11","modified_gmt":"2025-05-28T20:44:11","slug":"planeas-a-viajar-a-guatemala-esto-es-lo-que-debes-saber-para-preparar-tu-visita","status":"publish","type":"post","link":"https:\/\/soymigrante.com\/revista\/planeas-a-viajar-a-guatemala-esto-es-lo-que-debes-saber-para-preparar-tu-visita\/","title":{"rendered":"\u00bfVas a viajar a Guatemala? \u00a1Felicitaciones! Prepara tu visita con estas recomendaciones"},"content":{"rendered":"\t\t<div data-elementor-type=\"wp-post\" data-elementor-id=\"34521\" class=\"elementor elementor-34521\" data-elementor-post-type=\"post\">\n\t\t\t\t<div data-particle_enable=\"false\" data-particle-mobile-disabled=\"false\" class=\"elementor-element elementor-element-e8a44fd e-flex e-con-boxed e-con e-parent\" data-id=\"e8a44fd\" data-element_type=\"container\" data-e-type=\"container\">\n\t\t\t\t\t<div class=\"e-con-inner\">\n\t\t\t\t<div class=\"elementor-element elementor-element-42b01ab elementor-widget elementor-widget-heading\" data-id=\"42b01ab\" data-element_type=\"widget\" data-e-type=\"widget\" data-widget_type=\"heading.default\">\n\t\t\t\t\t<h2 class=\"elementor-heading-title elementor-size-default\">Viajar a Guatemala puede ser una de las visitas m\u00e1s fant\u00e1sticas que hagas a un pa\u00eds, pero esto es lo que debes conocer para que la experiencia sea positiva. Desde cumplir con requisitos hasta saber d\u00f3nde pedir orientaci\u00f3n o ayuda.\n\n<\/h2>\t\t\t\t<\/div>\n\t\t\t\t<div class=\"elementor-element elementor-element-63f0a5f elementor-widget elementor-widget-html\" data-id=\"63f0a5f\" data-element_type=\"widget\" data-e-type=\"widget\" data-widget_type=\"html.default\">\n\t\t\t\t\t<div id=\"buzzsprout-player-17229861\"><\/div><script src=\"https:\/\/www.buzzsprout.com\/2444168\/episodes\/17229861-vas-a-viajar-a-guatemala-recomendaciones-practicas-y-utiles-para-prepararse.js?container_id=buzzsprout-player-17229861&player=small\" type=\"text\/javascript\" charset=\"utf-8\"><\/script>\t\t\t\t<\/div>\n\t\t\t\t\t<\/div>\n\t\t\t\t<\/div>\n\t\t<div data-particle_enable=\"false\" data-particle-mobile-disabled=\"false\" class=\"elementor-element elementor-element-c58a8de e-flex e-con-boxed e-con e-parent\" data-id=\"c58a8de\" data-element_type=\"container\" data-e-type=\"container\">\n\t\t\t\t\t<div class=\"e-con-inner\">\n\t\t\t\t<div class=\"elementor-element elementor-element-0be2d69 elementor-widget elementor-widget-text-editor\" data-id=\"0be2d69\" data-element_type=\"widget\" data-e-type=\"widget\" data-widget_type=\"text-editor.default\">\n\t\t\t\t\t\t\t\t\t<p>Guatemala es un destino fascinante que combina historia milenaria, paisajes naturales impresionantes y una rica cultura viva. Desde los majestuosos volcanes y lagos hasta los coloridos mercados ind\u00edgenas y las ruinas mayas, el pa\u00eds ofrece experiencias \u00fanicas para los viajeros. Sin embargo, <a href=\"https:\/\/soymigrante.com\/revista\/pueblos-alrededor-de-antigua-guatemala-historia-patrimonio-y-encanto-colonial\/\" target=\"_blank\" rel=\"noopener\">como en todo viaje internacional, es importante planificar bien tu visita.<\/a><\/p><p>Aqu\u00ed te compartimos los pasos esenciales y consejos pr\u00e1cticos para disfrutar al m\u00e1ximo tu estad\u00eda en la tierra del Quetzal, con informaci\u00f3n del <a href=\"https:\/\/inguat.gob.gt\/es\/\" target=\"_blank\" rel=\"noopener\">Instituto Guatemalteco de Turismo (INGUAT).\u00a0<\/a><\/p>\t\t\t\t\t\t\t\t<\/div>\n\t\t\t\t\t<\/div>\n\t\t\t\t<\/div>\n\t\t<div data-particle_enable=\"false\" data-particle-mobile-disabled=\"false\" class=\"elementor-element elementor-element-672bc00 e-flex e-con-boxed e-con e-parent\" data-id=\"672bc00\" data-element_type=\"container\" data-e-type=\"container\">\n\t\t\t\t\t<div class=\"e-con-inner\">\n\t\t\t\t<div class=\"elementor-element elementor-element-fc8e4d2 elementor-widget elementor-widget-heading\" data-id=\"fc8e4d2\" data-element_type=\"widget\" data-e-type=\"widget\" data-widget_type=\"heading.default\">\n\t\t\t\t\t<h3 class=\"elementor-heading-title elementor-size-default\">1. Formulario migratorio: lo primero que debes llenar<\/h3>\t\t\t\t<\/div>\n\t\t\t\t\t<\/div>\n\t\t\t\t<\/div>\n\t\t<div data-particle_enable=\"false\" data-particle-mobile-disabled=\"false\" class=\"elementor-element elementor-element-7726d40 e-flex e-con-boxed e-con e-parent\" data-id=\"7726d40\" data-element_type=\"container\" data-e-type=\"container\">\n\t\t\t\t\t<div class=\"e-con-inner\">\n\t\t\t\t<div class=\"elementor-element elementor-element-2401f74 elementor-widget elementor-widget-text-editor\" data-id=\"2401f74\" data-element_type=\"widget\" data-e-type=\"widget\" data-widget_type=\"text-editor.default\">\n\t\t\t\t\t\t\t\t\t<p>Para ingresar a Guatemala como turista, se requiere completar <a href=\"https:\/\/farm2.sat.gob.gt\/declaDelViajeroGt-web\/pages\/public\/declaracionJuradaDelViajero.html\" target=\"_blank\" rel=\"noopener\">un formulario migratorio electr\u00f3nico, conocido como el Formulario de Informaci\u00f3n para el Control Migratorio (FIM).<\/a> Este debe llenarse antes del ingreso al pa\u00eds y puede encontrarse en el sitio web oficial del Instituto Guatemalteco de Migraci\u00f3n.<\/p><p>Este formulario solicita datos personales, detalles del viaje y el lugar donde te hospedar\u00e1s. Al llegar al aeropuerto, deber\u00e1s presentar tu pasaporte vigente (con al menos seis meses antes de expirar), el formulario impreso o en tu dispositivo, y en algunos casos, prueba de salida del pa\u00eds, como un boleto de regreso.<\/p><p>Debes tener en cuenta que si viajas en grupo, lo tienes que notificar en el formulario, <a href=\"https:\/\/portal.sat.gob.gt\/portal\/declaracion-jurada-regional-de-viajero\/\" target=\"_blank\" rel=\"noopener\">para que puedas completar los datos de tus acompa\u00f1antes.\u00a0<\/a><\/p>\t\t\t\t\t\t\t\t<\/div>\n\t\t\t\t\t<\/div>\n\t\t\t\t<\/div>\n\t\t<div data-particle_enable=\"false\" data-particle-mobile-disabled=\"false\" class=\"elementor-element elementor-element-5816514 e-flex e-con-boxed e-con e-parent\" data-id=\"5816514\" data-element_type=\"container\" data-e-type=\"container\">\n\t\t\t\t\t<div class=\"e-con-inner\">\n\t\t\t\t<div class=\"elementor-element elementor-element-e9fd937 elementor-align-center elementor-widget elementor-widget-button\" data-id=\"e9fd937\" data-element_type=\"widget\" data-e-type=\"widget\" data-widget_type=\"button.default\">\n\t\t\t\t\t\t\t\t\t\t<a class=\"elementor-button elementor-button-link elementor-size-sm\" href=\"https:\/\/farm2.sat.gob.gt\/declaDelViajeroGt-web\/pages\/public\/declaracionJuradaDelViajero.html\">\n\t\t\t\t\t\t<span class=\"elementor-button-content-wrapper\">\n\t\t\t\t\t\t\t\t\t<span class=\"elementor-button-text\">Puedes llenar el formulario ac\u00e1...<\/span>\n\t\t\t\t\t<\/span>\n\t\t\t\t\t<\/a>\n\t\t\t\t\t\t\t\t<\/div>\n\t\t\t\t\t<\/div>\n\t\t\t\t<\/div>\n\t\t<div data-particle_enable=\"false\" data-particle-mobile-disabled=\"false\" class=\"elementor-element elementor-element-3e2334b e-flex e-con-boxed e-con e-parent\" data-id=\"3e2334b\" data-element_type=\"container\" data-e-type=\"container\">\n\t\t\t\t\t<div class=\"e-con-inner\">\n\t\t\t\t<div class=\"elementor-element elementor-element-74187cd elementor-widget elementor-widget-heading\" data-id=\"74187cd\" data-element_type=\"widget\" data-e-type=\"widget\" data-widget_type=\"heading.default\">\n\t\t\t\t\t<h3 class=\"elementor-heading-title elementor-size-default\">2. Climas diversos: empaca con inteligencia<\/h3>\t\t\t\t<\/div>\n\t\t\t\t\t<\/div>\n\t\t\t\t<\/div>\n\t\t<div data-particle_enable=\"false\" data-particle-mobile-disabled=\"false\" class=\"elementor-element elementor-element-8a76087 e-flex e-con-boxed e-con e-parent\" data-id=\"8a76087\" data-element_type=\"container\" data-e-type=\"container\">\n\t\t\t\t\t<div class=\"e-con-inner\">\n\t\t\t\t<div class=\"elementor-element elementor-element-1961607 elementor-widget elementor-widget-text-editor\" data-id=\"1961607\" data-element_type=\"widget\" data-e-type=\"widget\" data-widget_type=\"text-editor.default\">\n\t\t\t\t\t\t\t\t\t<div><a href=\"https:\/\/soymigrante.com\/revista\/pueblos-alrededor-de-antigua-guatemala-historia-patrimonio-y-encanto-colonial\/\" target=\"_blank\" rel=\"noopener\">Guatemala es conocida como \u201cel pa\u00eds de la eterna primavera\u201d,<\/a> pero su clima var\u00eda significativamente seg\u00fan la regi\u00f3n y la altitud:<\/div><div><strong>\u2022Ciudad de Guatemala y Antigua:<\/strong> clima templado, d\u00edas soleados y noches frescas (15\u201325 \u00b0C, 50-75\u00b0F)<\/div><div><strong>\u2022Altiplano occidental (Quetzaltenango, Huehuetenango, Chichicastenango):<\/strong> clima fr\u00edo, especialmente por la noche (puede bajar a 5 \u00b0C o 41\u00b0F, en algunas temporadas).<\/div><div><strong>\u2022Pet\u00e9n y Costa Sur (Tikal, Livingston, Puerto Barrios):<\/strong> clima c\u00e1lido y h\u00famedo, con temperaturas superiores a los 30 \u00b0C o 86\u00b0F.<\/div><div><strong>\u2022Temporada de lluvias:<\/strong> de mayo a octubre. Lleva impermeable si viajas en esos meses.<\/div><div>\u00a0<\/div><div>Empaca ropa ligera, pero tambi\u00e9n un su\u00e9ter o chaqueta si vas a zonas altas. No olvides protector solar, repelente de insectos y calzado c\u00f3modo para caminar.<\/div>\t\t\t\t\t\t\t\t<\/div>\n\t\t\t\t\t<\/div>\n\t\t\t\t<\/div>\n\t\t<div data-particle_enable=\"false\" data-particle-mobile-disabled=\"false\" class=\"elementor-element elementor-element-79b4dac e-flex e-con-boxed e-con e-parent\" data-id=\"79b4dac\" data-element_type=\"container\" data-e-type=\"container\">\n\t\t\t\t\t<div class=\"e-con-inner\">\n\t\t\t\t<div class=\"elementor-element elementor-element-6d36d67 elementor-widget elementor-widget-image\" data-id=\"6d36d67\" data-element_type=\"widget\" data-e-type=\"widget\" data-widget_type=\"image.default\">\n\t\t\t\t\t\t\t\t\t\t\t\t<figure class=\"wp-caption\">\n\t\t\t\t\t\t\t\t\t\t<img fetchpriority=\"high\" decoding=\"async\" width=\"768\" height=\"452\" src=\"https:\/\/soymigrante.com\/revista\/wp-content\/uploads\/2025\/05\/Vas-a-viajar-a-Guatemala-Esto-es-lo-que-debes-saber-antes-de-tu-visita1-1024x602.jpeg\" class=\"attachment-large size-large wp-image-34531\" alt=\"Paisaje del volc\u00e1n de Concepci\u00f3n en Guatemala con lago y monta\u00f1as, vista panor\u00e1mica del volc\u00e1n en el horizonte, naturaleza y belleza natural con un cielo despejado.\" srcset=\"https:\/\/soymigrante.com\/revista\/wp-content\/uploads\/2025\/05\/Vas-a-viajar-a-Guatemala-Esto-es-lo-que-debes-saber-antes-de-tu-visita1-1024x602.jpeg 1024w, https:\/\/soymigrante.com\/revista\/wp-content\/uploads\/2025\/05\/Vas-a-viajar-a-Guatemala-Esto-es-lo-que-debes-saber-antes-de-tu-visita1-300x176.jpeg 300w, https:\/\/soymigrante.com\/revista\/wp-content\/uploads\/2025\/05\/Vas-a-viajar-a-Guatemala-Esto-es-lo-que-debes-saber-antes-de-tu-visita1-768x451.jpeg 768w, https:\/\/soymigrante.com\/revista\/wp-content\/uploads\/2025\/05\/Vas-a-viajar-a-Guatemala-Esto-es-lo-que-debes-saber-antes-de-tu-visita1-1536x902.jpeg 1536w, https:\/\/soymigrante.com\/revista\/wp-content\/uploads\/2025\/05\/Vas-a-viajar-a-Guatemala-Esto-es-lo-que-debes-saber-antes-de-tu-visita1-750x441.jpeg 750w, https:\/\/soymigrante.com\/revista\/wp-content\/uploads\/2025\/05\/Vas-a-viajar-a-Guatemala-Esto-es-lo-que-debes-saber-antes-de-tu-visita1-1140x670.jpeg 1140w, https:\/\/soymigrante.com\/revista\/wp-content\/uploads\/2025\/05\/Vas-a-viajar-a-Guatemala-Esto-es-lo-que-debes-saber-antes-de-tu-visita1.webp 1600w\" sizes=\"(max-width: 768px) 100vw, 768px\" title=\"Guatemala es impresionante por su clima tan variado. (Foto: ENVATO) \u2013 SoyMigrante.com REVISTA\" \/>\t\t\t\t\t\t\t\t\t\t\t<figcaption class=\"widget-image-caption wp-caption-text\">Vista panor\u00e1mica del volc\u00e1n en Guatemala y lago, paisaje natural con monta\u00f1as volc\u00e1nicas, flora y agua, ideal para art\u00edculos sobre naturaleza, turismo y cultura en Guatemala.<\/figcaption>\n\t\t\t\t\t\t\t\t\t\t<\/figure>\n\t\t\t\t\t\t\t\t\t<\/div>\n\t\t\t\t\t<\/div>\n\t\t\t\t<\/div>\n\t\t<div data-particle_enable=\"false\" data-particle-mobile-disabled=\"false\" class=\"elementor-element elementor-element-8c397db e-flex e-con-boxed e-con e-parent\" data-id=\"8c397db\" data-element_type=\"container\" data-e-type=\"container\">\n\t\t\t\t\t<div class=\"e-con-inner\">\n\t\t\t\t<div class=\"elementor-element elementor-element-9b059f3 elementor-widget elementor-widget-heading\" data-id=\"9b059f3\" data-element_type=\"widget\" data-e-type=\"widget\" data-widget_type=\"heading.default\">\n\t\t\t\t\t<h3 class=\"elementor-heading-title elementor-size-default\">3. Dinero en Guatemala: \u00bfquetzales o d\u00f3lares?<\/h3>\t\t\t\t<\/div>\n\t\t\t\t\t<\/div>\n\t\t\t\t<\/div>\n\t\t<div data-particle_enable=\"false\" data-particle-mobile-disabled=\"false\" class=\"elementor-element elementor-element-9e0b5dd e-flex e-con-boxed e-con e-parent\" data-id=\"9e0b5dd\" data-element_type=\"container\" data-e-type=\"container\">\n\t\t\t\t\t<div class=\"e-con-inner\">\n\t\t\t\t<div class=\"elementor-element elementor-element-29a7cb9 elementor-widget elementor-widget-text-editor\" data-id=\"29a7cb9\" data-element_type=\"widget\" data-e-type=\"widget\" data-widget_type=\"text-editor.default\">\n\t\t\t\t\t\t\t\t\t<div>La moneda oficial es el quetzal (GTQ),<a href=\"https:\/\/banguat.gob.gt\/tipo_cambio\/\" target=\"_blank\" rel=\"noopener\"> puedes encontrar el cambio respectivo ac\u00e1<\/a>.<\/div><div>Muchos hoteles, restaurantes y tiendas en la Ciudad de Guatemala, Antigua y zonas tur\u00edsticas importantes a<a href=\"https:\/\/soymigrante.com\/revista\/pueblos-alrededor-de-antigua-guatemala-historia-patrimonio-y-encanto-colonial\/\" target=\"_blank\" rel=\"noopener\">ceptan tarjetas de cr\u00e9dito (Visa, Mastercard, American Express),<\/a> pero fuera de la capital, especialmente en mercados rurales o pueblos ind\u00edgenas, se utiliza exclusivamente efectivo en quetzales.<\/div><div><strong>\u2022El d\u00f3lar estadounidense es aceptado en algunos lugares,<\/strong> pero no es oficial. Es mejor cambiar d\u00f3lares a quetzales en bancos o casas de cambio autorizadas. Evita cambiar dinero en la calle.<\/div><div><strong>\u2022Lleva siempre algo de efectivo<\/strong> si planeas visitar mercados como el de Chichicastenango o viajar en transporte local.<\/div>\t\t\t\t\t\t\t\t<\/div>\n\t\t\t\t\t<\/div>\n\t\t\t\t<\/div>\n\t\t<div data-particle_enable=\"false\" data-particle-mobile-disabled=\"false\" class=\"elementor-element elementor-element-2eb7a0c e-flex e-con-boxed e-con e-parent\" data-id=\"2eb7a0c\" data-element_type=\"container\" data-e-type=\"container\">\n\t\t\t\t\t<div class=\"e-con-inner\">\n\t\t\t\t<div class=\"elementor-element elementor-element-e24e831 elementor-align-center elementor-widget elementor-widget-button\" data-id=\"e24e831\" data-element_type=\"widget\" data-e-type=\"widget\" data-widget_type=\"button.default\">\n\t\t\t\t\t\t\t\t\t\t<a class=\"elementor-button elementor-button-link elementor-size-sm\" href=\"https:\/\/banguat.gob.gt\/tipo_cambio\/\">\n\t\t\t\t\t\t<span class=\"elementor-button-content-wrapper\">\n\t\t\t\t\t\t\t\t\t<span class=\"elementor-button-text\">Consulta el cambio de d\u00f3lar a quetzal, ac\u00e1<\/span>\n\t\t\t\t\t<\/span>\n\t\t\t\t\t<\/a>\n\t\t\t\t\t\t\t\t<\/div>\n\t\t\t\t\t<\/div>\n\t\t\t\t<\/div>\n\t\t<div data-particle_enable=\"false\" data-particle-mobile-disabled=\"false\" class=\"elementor-element elementor-element-b3d53af e-flex e-con-boxed e-con e-parent\" data-id=\"b3d53af\" data-element_type=\"container\" data-e-type=\"container\">\n\t\t\t\t\t<div class=\"e-con-inner\">\n\t\t\t\t<div class=\"elementor-element elementor-element-03e13e1 elementor-widget elementor-widget-heading\" data-id=\"03e13e1\" data-element_type=\"widget\" data-e-type=\"widget\" data-widget_type=\"heading.default\">\n\t\t\t\t\t<h3 class=\"elementor-heading-title elementor-size-default\">4. \u00bfRentar un carro o coordinar transporte?<\/h3>\t\t\t\t<\/div>\n\t\t\t\t\t<\/div>\n\t\t\t\t<\/div>\n\t\t<div data-particle_enable=\"false\" data-particle-mobile-disabled=\"false\" class=\"elementor-element elementor-element-93d909b e-flex e-con-boxed e-con e-parent\" data-id=\"93d909b\" data-element_type=\"container\" data-e-type=\"container\">\n\t\t\t\t\t<div class=\"e-con-inner\">\n\t\t\t\t<div class=\"elementor-element elementor-element-09bd502 elementor-widget elementor-widget-text-editor\" data-id=\"09bd502\" data-element_type=\"widget\" data-e-type=\"widget\" data-widget_type=\"text-editor.default\">\n\t\t\t\t\t\t\t\t\t<div>Aunque rentar un veh\u00edculo puede parecer pr\u00e1ctico, no siempre es la mejor opci\u00f3n para turistas, especialmente si no conoces las rutas o si planeas visitar zonas rurales.<\/div><div>\u2022La Ciudad de Guatemala tiene tr\u00e1fico complicado y se\u00f1alizaci\u00f3n confusa, adem\u00e1s de zonas que no son seguras para conductores for\u00e1neos.<\/div><div>\u2022Es preferible coordinar transporte privado con el hotel donde te hospedas, ya que muchos ofrecen servicios confiables desde el aeropuerto o hacia destinos tur\u00edsticos.<\/div><div>\u2022Existen tambi\u00e9n shuttles tur\u00edsticos entre los puntos m\u00e1s populares como Antigua, el Lago de Atitl\u00e1n y Tikal.<\/div><div>\u00a0<\/div><div><a href=\"https:\/\/soymigrante.com\/revista\/pueblos-alrededor-de-antigua-guatemala-historia-patrimonio-y-encanto-colonial\/\" target=\"_blank\" rel=\"noopener\">Si decides rentar un auto, aseg\u00farate de contar con seguro, licencia internacional<\/a> (en caso de ser requerida) y un GPS actualizado.<\/div>\t\t\t\t\t\t\t\t<\/div>\n\t\t\t\t\t<\/div>\n\t\t\t\t<\/div>\n\t\t<div data-particle_enable=\"false\" data-particle-mobile-disabled=\"false\" class=\"elementor-element elementor-element-3442265 e-flex e-con-boxed e-con e-parent\" data-id=\"3442265\" data-element_type=\"container\" data-e-type=\"container\">\n\t\t\t\t\t<div class=\"e-con-inner\">\n\t\t\t\t<div class=\"elementor-element elementor-element-ef0b707 elementor-grid-eael-col-1 elementor-grid-tablet-eael-col-2 elementor-grid-mobile-eael-col-1 elementor-widget elementor-widget-eael-post-grid\" data-id=\"ef0b707\" data-element_type=\"widget\" data-e-type=\"widget\" data-settings=\"{&quot;eael_post_grid_columns&quot;:&quot;eael-col-1&quot;,&quot;eael_post_grid_columns_tablet&quot;:&quot;eael-col-2&quot;,&quot;eael_post_grid_columns_mobile&quot;:&quot;eael-col-1&quot;}\" data-widget_type=\"eael-post-grid.default\">\n\t\t\t\t\t<div id=\"eael-post-grid-ef0b707\" class=\"eael-post-grid-container\">\n            <div class=\"eael-post-grid eael-post-appender eael-post-appender-ef0b707 eael-post-grid-style-one\" data-layout-mode=\"masonry\"><article class=\"eael-grid-post  eael-post-grid-column eael-pg-post-26417 category-bienestar\" data-id=\"26417\">\n        <div class=\"eael-grid-post-holder\">\n            <div class=\"eael-grid-post-holder-inner\"><div class=\"eael-entry-media\"><div class=\"eael-entry-overlay fade-in\"><i class=\"far fa-hand-pointer\" aria-hidden=\"true\"><\/i><a href=\"https:\/\/soymigrante.com\/revista\/aprendiendo-y-conduciendo-tiempo-en-carretera-puede-ser-ruta-al-crecimiento-personal\/\"><\/a><\/div><div class=\"eael-entry-thumbnail \">\n                <img decoding=\"async\" width=\"1024\" height=\"1024\" src=\"https:\/\/soymigrante.com\/revista\/wp-content\/uploads\/2025\/02\/Aprendiendo-y-conduciendo-Co\u0301mo-aprovechar-el-tiempo-scaled-e1740512977391-1024x1024.jpg\" class=\"attachment-large size-large wp-image-26418\" alt=\"Aprendiendo y conduciendo: C\u00f3mo aprovechar el tiempo\" srcset=\"https:\/\/soymigrante.com\/revista\/wp-content\/uploads\/2025\/02\/Aprendiendo-y-conduciendo-Co\u0301mo-aprovechar-el-tiempo-scaled-e1740512977391-1024x1024.jpg 1024w, https:\/\/soymigrante.com\/revista\/wp-content\/uploads\/2025\/02\/Aprendiendo-y-conduciendo-Co\u0301mo-aprovechar-el-tiempo-scaled-e1740512977391-300x300.jpg 300w, https:\/\/soymigrante.com\/revista\/wp-content\/uploads\/2025\/02\/Aprendiendo-y-conduciendo-Co\u0301mo-aprovechar-el-tiempo-scaled-e1740512977391-150x150.jpg 150w, https:\/\/soymigrante.com\/revista\/wp-content\/uploads\/2025\/02\/Aprendiendo-y-conduciendo-Co\u0301mo-aprovechar-el-tiempo-scaled-e1740512977391-768x768.jpg 768w, https:\/\/soymigrante.com\/revista\/wp-content\/uploads\/2025\/02\/Aprendiendo-y-conduciendo-Co\u0301mo-aprovechar-el-tiempo-scaled-e1740512977391-75x75.webp 75w, https:\/\/soymigrante.com\/revista\/wp-content\/uploads\/2025\/02\/Aprendiendo-y-conduciendo-Co\u0301mo-aprovechar-el-tiempo-scaled-e1740512977391-750x750.webp 750w, https:\/\/soymigrante.com\/revista\/wp-content\/uploads\/2025\/02\/Aprendiendo-y-conduciendo-Co\u0301mo-aprovechar-el-tiempo-scaled-e1740512977391-1140x1140.webp 1140w, https:\/\/soymigrante.com\/revista\/wp-content\/uploads\/2025\/02\/Aprendiendo-y-conduciendo-Co\u0301mo-aprovechar-el-tiempo-scaled-e1740512977391.webp 1515w\" sizes=\"(max-width: 1024px) 100vw, 1024px\" \/>\n            <\/div>\n        <\/div><div class=\"eael-entry-wrapper\"><header class=\"eael-entry-header\"><h2 class=\"eael-entry-title\"><a class=\"eael-grid-post-link\" href=\"https:\/\/soymigrante.com\/revista\/aprendiendo-y-conduciendo-tiempo-en-carretera-puede-ser-ruta-al-crecimiento-personal\/\" title=\"Aprendiendo y conduciendo: tiempo en carretera puede ser ruta al crecimiento personal\">Aprendiendo y conduciendo: tiempo en carretera puede ser ruta al crecimiento personal<\/a><\/h2><\/header><div class=\"eael-entry-content\">\n                        <div class=\"eael-grid-post-excerpt\"><a href=\"https:\/\/soymigrante.com\/revista\/aprendiendo-y-conduciendo-tiempo-en-carretera-puede-ser-ruta-al-crecimiento-personal\/\" class=\"eael-post-elements-readmore-btn\">CONOCE SU HISTORIA <\/a><\/div>\n                    <\/div><\/div><\/div>\n        <\/div>\n    <\/article><\/div>\n            <div class=\"clearfix\"><\/div>\n        <\/div>\t\t\t\t<\/div>\n\t\t\t\t\t<\/div>\n\t\t\t\t<\/div>\n\t\t<div data-particle_enable=\"false\" data-particle-mobile-disabled=\"false\" class=\"elementor-element elementor-element-87c3111 e-flex e-con-boxed e-con e-parent\" data-id=\"87c3111\" data-element_type=\"container\" data-e-type=\"container\">\n\t\t\t\t\t<div class=\"e-con-inner\">\n\t\t\t\t<div class=\"elementor-element elementor-element-e4275ce elementor-widget elementor-widget-heading\" data-id=\"e4275ce\" data-element_type=\"widget\" data-e-type=\"widget\" data-widget_type=\"heading.default\">\n\t\t\t\t\t<h3 class=\"elementor-heading-title elementor-size-default\">5. Otros consejos \u00fatiles para tu visita<\/h3>\t\t\t\t<\/div>\n\t\t\t\t\t<\/div>\n\t\t\t\t<\/div>\n\t\t<div data-particle_enable=\"false\" data-particle-mobile-disabled=\"false\" class=\"elementor-element elementor-element-5dbc416 e-flex e-con-boxed e-con e-parent\" data-id=\"5dbc416\" data-element_type=\"container\" data-e-type=\"container\">\n\t\t\t\t\t<div class=\"e-con-inner\">\n\t\t\t\t<div class=\"elementor-element elementor-element-f87382c elementor-widget elementor-widget-text-editor\" data-id=\"f87382c\" data-element_type=\"widget\" data-e-type=\"widget\" data-widget_type=\"text-editor.default\">\n\t\t\t\t\t\t\t\t\t<div><strong>\u2022 Conectividad:<\/strong> Hay Wi-Fi en la mayor\u00eda de hoteles y caf\u00e9s. Puedes comprar un chip local (de Claro o Tigo) para tener datos m\u00f3viles econ\u00f3micos.<\/div><div><strong>\u2022Salud:<\/strong> No se requiere vacuna obligatoria para entrar, pero se recomienda estar al d\u00eda con vacunas b\u00e1sicas. El agua del grifo no es potable; consume agua embotellada.<\/div><div><strong>\u2022Seguridad:<\/strong> Aunque muchas zonas tur\u00edsticas son seguras, siempre es recomendable tomar precauciones, no caminar solo de noche y evitar mostrar objetos de valor.<\/div><div><strong>\u2022Cultura y respeto:<\/strong> Guatemala es un pa\u00eds profundamente cultural. Respeta las tradiciones locales, especialmente en \u00e1reas ind\u00edgenas. Pregunta antes de tomar fotograf\u00edas, sobre todo en mercados o ceremonias religiosas.<\/div><div>\u00a0<\/div>\t\t\t\t\t\t\t\t<\/div>\n\t\t\t\t\t<\/div>\n\t\t\t\t<\/div>\n\t\t<div data-particle_enable=\"false\" data-particle-mobile-disabled=\"false\" class=\"elementor-element elementor-element-a4b1775 e-flex e-con-boxed e-con e-parent\" data-id=\"a4b1775\" data-element_type=\"container\" data-e-type=\"container\">\n\t\t\t\t\t<div class=\"e-con-inner\">\n\t\t\t\t<div class=\"elementor-element elementor-element-3c45851 elementor-grid-eael-col-1 elementor-grid-tablet-eael-col-2 elementor-grid-mobile-eael-col-1 elementor-widget elementor-widget-eael-post-grid\" data-id=\"3c45851\" data-element_type=\"widget\" data-e-type=\"widget\" data-settings=\"{&quot;eael_post_grid_columns&quot;:&quot;eael-col-1&quot;,&quot;eael_post_grid_columns_tablet&quot;:&quot;eael-col-2&quot;,&quot;eael_post_grid_columns_mobile&quot;:&quot;eael-col-1&quot;}\" data-widget_type=\"eael-post-grid.default\">\n\t\t\t\t\t<div id=\"eael-post-grid-3c45851\" class=\"eael-post-grid-container\">\n            <div class=\"eael-post-grid eael-post-appender eael-post-appender-3c45851 eael-post-grid-style-one\" data-layout-mode=\"masonry\"><article class=\"eael-grid-post  eael-post-grid-column eael-pg-post-383 category-guate-nuestra\" data-id=\"383\">\n        <div class=\"eael-grid-post-holder\">\n            <div class=\"eael-grid-post-holder-inner\"><div class=\"eael-entry-media\"><div class=\"eael-entry-overlay fade-in\"><i class=\"far fa-hand-pointer\" aria-hidden=\"true\"><\/i><a href=\"https:\/\/soymigrante.com\/revista\/los-mas-famosos-anfitriones-de-antigua-guatemala-uno-tranquilo-y-el-otro-impredecible\/\"><\/a><\/div><div class=\"eael-entry-thumbnail \">\n                <img decoding=\"async\" width=\"1024\" height=\"629\" src=\"https:\/\/soymigrante.com\/revista\/wp-content\/uploads\/2024\/02\/Captura-de-pantalla-2024-02-24-231728-1024x629.webp\" class=\"attachment-large size-large wp-image-5040\" alt=\"Vplc\u00e1n de Agua en primer plano y a la derecha, el volc\u00e1n de Fuego, desde Antigua Guatemala.\" srcset=\"https:\/\/soymigrante.com\/revista\/wp-content\/uploads\/2024\/02\/Captura-de-pantalla-2024-02-24-231728-1024x629.webp 1024w, https:\/\/soymigrante.com\/revista\/wp-content\/uploads\/2024\/02\/Captura-de-pantalla-2024-02-24-231728-300x184.webp 300w, https:\/\/soymigrante.com\/revista\/wp-content\/uploads\/2024\/02\/Captura-de-pantalla-2024-02-24-231728-768x472.webp 768w, https:\/\/soymigrante.com\/revista\/wp-content\/uploads\/2024\/02\/Captura-de-pantalla-2024-02-24-231728-750x461.webp 750w, https:\/\/soymigrante.com\/revista\/wp-content\/uploads\/2024\/02\/Captura-de-pantalla-2024-02-24-231728-1140x700.webp 1140w, https:\/\/soymigrante.com\/revista\/wp-content\/uploads\/2024\/02\/Captura-de-pantalla-2024-02-24-231728.webp 1216w\" sizes=\"(max-width: 1024px) 100vw, 1024px\" \/>\n            <\/div>\n        <\/div><div class=\"eael-entry-wrapper\"><header class=\"eael-entry-header\"><h2 class=\"eael-entry-title\"><a class=\"eael-grid-post-link\" href=\"https:\/\/soymigrante.com\/revista\/los-mas-famosos-anfitriones-de-antigua-guatemala-uno-tranquilo-y-el-otro-impredecible\/\" title=\"Los m\u00e1s famosos anfitriones de Antigua Guatemala: volc\u00e1n de Agua y volc\u00e1n de Fuego\">Los m\u00e1s famosos anfitriones de Antigua Guatemala: volc\u00e1n de Agua y volc\u00e1n de Fuego<\/a><\/h2><\/header><div class=\"eael-entry-content\">\n                        <div class=\"eael-grid-post-excerpt\"><a href=\"https:\/\/soymigrante.com\/revista\/los-mas-famosos-anfitriones-de-antigua-guatemala-uno-tranquilo-y-el-otro-impredecible\/\" class=\"eael-post-elements-readmore-btn\">CONOCE SU HISTORIA <\/a><\/div>\n                    <\/div><\/div><\/div>\n        <\/div>\n    <\/article><\/div>\n            <div class=\"clearfix\"><\/div>\n        <\/div>\t\t\t\t<\/div>\n\t\t\t\t\t<\/div>\n\t\t\t\t<\/div>\n\t\t<div data-particle_enable=\"false\" data-particle-mobile-disabled=\"false\" class=\"elementor-element elementor-element-1134d99 e-flex e-con-boxed e-con e-parent\" data-id=\"1134d99\" data-element_type=\"container\" data-e-type=\"container\">\n\t\t\t\t\t<div class=\"e-con-inner\">\n\t\t\t\t<div class=\"elementor-element elementor-element-0b67790 elementor-widget elementor-widget-heading\" data-id=\"0b67790\" data-element_type=\"widget\" data-e-type=\"widget\" data-widget_type=\"heading.default\">\n\t\t\t\t\t<h3 class=\"elementor-heading-title elementor-size-default\">6. Destinos imperdibles<\/h3>\t\t\t\t<\/div>\n\t\t\t\t\t<\/div>\n\t\t\t\t<\/div>\n\t\t<div data-particle_enable=\"false\" data-particle-mobile-disabled=\"false\" class=\"elementor-element elementor-element-0d23855 e-flex e-con-boxed e-con e-parent\" data-id=\"0d23855\" data-element_type=\"container\" data-e-type=\"container\">\n\t\t\t\t\t<div class=\"e-con-inner\">\n\t\t\t\t<div class=\"elementor-element elementor-element-585be72 elementor-widget elementor-widget-text-editor\" data-id=\"585be72\" data-element_type=\"widget\" data-e-type=\"widget\" data-widget_type=\"text-editor.default\">\n\t\t\t\t\t\t\t\t\t<div>Si est\u00e1s planeando tu itinerario, aqu\u00ed algunos lugares\u00a0 m\u00e1s frecuentados. Si no tienes familiares o amigos de confianza en el pa\u00eds, es mejor buscar el apoyo de un operador tur\u00edstico que se haga cargo de transporte y gu\u00edas.<\/div><div><strong>\u2022Antigua Guatemala:<\/strong> arquitectura colonial, volcanes y caf\u00e9s.<\/div><div><strong>\u2022Lago de Atitl\u00e1n<\/strong>: rodeado por pueblos mayas, ideal para relajarte y conocer la cultura.<\/div><div><strong>\u2022Tikal:<\/strong>\u00a0el m\u00e1s famoso sitio arqueol\u00f3gico maya en la selva de Pet\u00e9n.<\/div><div><strong>\u2022Chichicastenango<\/strong>: mercado tradicional donde encontrar\u00e1s textiles, m\u00e1scaras, artesan\u00edas y una experiencia cultural profunda.<\/div><div>\u00a0<\/div>\t\t\t\t\t\t\t\t<\/div>\n\t\t\t\t\t<\/div>\n\t\t\t\t<\/div>\n\t\t<div data-particle_enable=\"false\" data-particle-mobile-disabled=\"false\" class=\"elementor-element elementor-element-802aaf9 e-flex e-con-boxed e-con e-parent\" data-id=\"802aaf9\" data-element_type=\"container\" data-e-type=\"container\">\n\t\t\t\t\t<div class=\"e-con-inner\">\n\t\t\t\t<div class=\"elementor-element elementor-element-8727333 elementor-widget elementor-widget-image\" data-id=\"8727333\" data-element_type=\"widget\" data-e-type=\"widget\" data-widget_type=\"image.default\">\n\t\t\t\t\t\t\t\t\t\t\t\t<figure class=\"wp-caption\">\n\t\t\t\t\t\t\t\t\t\t<img loading=\"lazy\" decoding=\"async\" width=\"768\" height=\"498\" src=\"https:\/\/soymigrante.com\/revista\/wp-content\/uploads\/2025\/05\/Vas-a-viajar-a-Guatemala-Esto-es-lo-que-debes-saber-antes-de-tu-visita3-1024x664.jpeg\" class=\"attachment-large size-large wp-image-34532\" alt=\"Puerto de Lanzarote con vista a Monta\u00f1a del Fuego y sus embarcaciones en el agua, destacando el turismo y la belleza natural en las Islas Canarias.\" srcset=\"https:\/\/soymigrante.com\/revista\/wp-content\/uploads\/2025\/05\/Vas-a-viajar-a-Guatemala-Esto-es-lo-que-debes-saber-antes-de-tu-visita3-1024x664.jpeg 1024w, https:\/\/soymigrante.com\/revista\/wp-content\/uploads\/2025\/05\/Vas-a-viajar-a-Guatemala-Esto-es-lo-que-debes-saber-antes-de-tu-visita3-300x195.jpeg 300w, https:\/\/soymigrante.com\/revista\/wp-content\/uploads\/2025\/05\/Vas-a-viajar-a-Guatemala-Esto-es-lo-que-debes-saber-antes-de-tu-visita3-768x498.jpeg 768w, https:\/\/soymigrante.com\/revista\/wp-content\/uploads\/2025\/05\/Vas-a-viajar-a-Guatemala-Esto-es-lo-que-debes-saber-antes-de-tu-visita3-1536x996.jpeg 1536w, https:\/\/soymigrante.com\/revista\/wp-content\/uploads\/2025\/05\/Vas-a-viajar-a-Guatemala-Esto-es-lo-que-debes-saber-antes-de-tu-visita3-750x487.webp 750w, https:\/\/soymigrante.com\/revista\/wp-content\/uploads\/2025\/05\/Vas-a-viajar-a-Guatemala-Esto-es-lo-que-debes-saber-antes-de-tu-visita3-1140x740.webp 1140w, https:\/\/soymigrante.com\/revista\/wp-content\/uploads\/2025\/05\/Vas-a-viajar-a-Guatemala-Esto-es-lo-que-debes-saber-antes-de-tu-visita3.webp 1600w\" sizes=\"(max-width: 768px) 100vw, 768px\" title=\"Los paisajes de Guatemala son hermosos y \u00fanicos. (Foto: ENVATO) \u2013 SoyMigrante.com REVISTA\" \/>\t\t\t\t\t\t\t\t\t\t\t<figcaption class=\"widget-image-caption wp-caption-text\">Vista del volc\u00e1n Monta\u00f1a del Fuego en Lanzarote, con embarcaciones en el puerto y un muelle de madera, resaltando la belleza natural y cultura en el turismo canario.<\/figcaption>\n\t\t\t\t\t\t\t\t\t\t<\/figure>\n\t\t\t\t\t\t\t\t\t<\/div>\n\t\t\t\t\t<\/div>\n\t\t\t\t<\/div>\n\t\t<div data-particle_enable=\"false\" data-particle-mobile-disabled=\"false\" class=\"elementor-element elementor-element-cca1143 e-flex e-con-boxed e-con e-parent\" data-id=\"cca1143\" data-element_type=\"container\" data-e-type=\"container\">\n\t\t\t\t\t<div class=\"e-con-inner\">\n\t\t\t\t<div class=\"elementor-element elementor-element-ac18138 elementor-widget elementor-widget-text-editor\" data-id=\"ac18138\" data-element_type=\"widget\" data-e-type=\"widget\" data-widget_type=\"text-editor.default\">\n\t\t\t\t\t\t\t\t\t<p><a href=\"https:\/\/soymigrante.com\/revista\/pueblos-alrededor-de-antigua-guatemala-historia-patrimonio-y-encanto-colonial\/\" target=\"_blank\" rel=\"noopener\">Guatemala es un pa\u00eds vibrante y diverso que merece ser descubierto<\/a> con mente abierta y preparaci\u00f3n.<\/p><p>Desde su riqueza natural hasta sus pueblos llenos de historia, cada rinc\u00f3n ofrece una oportunidad para aprender, disfrutar y conectar.<\/p><p>Con estos pasos bien definidos y tomando las precauciones necesarias, tu viaje a Guatemala puede convertirse en una experiencia inolvidable.<\/p>\t\t\t\t\t\t\t\t<\/div>\n\t\t\t\t\t<\/div>\n\t\t\t\t<\/div>\n\t\t<div data-particle_enable=\"false\" data-particle-mobile-disabled=\"false\" class=\"elementor-element elementor-element-b442705 e-flex e-con-boxed e-con e-parent\" data-id=\"b442705\" data-element_type=\"container\" data-e-type=\"container\">\n\t\t\t\t\t<div class=\"e-con-inner\">\n\t\t\t\t<div class=\"elementor-element elementor-element-1f27551 elementor-widget elementor-widget-heading\" data-id=\"1f27551\" data-element_type=\"widget\" data-e-type=\"widget\" data-widget_type=\"heading.default\">\n\t\t\t\t\t<h3 class=\"elementor-heading-title elementor-size-default\">Orientaci\u00f3n y ayuda para el turista las 24 horas<\/h3>\t\t\t\t<\/div>\n\t\t\t\t\t<\/div>\n\t\t\t\t<\/div>\n\t\t<div data-particle_enable=\"false\" data-particle-mobile-disabled=\"false\" class=\"elementor-element elementor-element-eb48017 e-flex e-con-boxed e-con e-parent\" data-id=\"eb48017\" data-element_type=\"container\" data-e-type=\"container\">\n\t\t\t\t\t<div class=\"e-con-inner\">\n\t\t\t\t<div class=\"elementor-element elementor-element-88170a5 elementor-widget elementor-widget-text-editor\" data-id=\"88170a5\" data-element_type=\"widget\" data-e-type=\"widget\" data-widget_type=\"text-editor.default\">\n\t\t\t\t\t\t\t\t\t<p>El Instituto Guatemalteco de Turismo y el gobierno de Guatemala mantienen activo el sistema Asistur, de Orientaci\u00f3n y Asistencia al Turista, disponible las 24 horas del d\u00eda, los 7 d\u00edas de la semana, en ingl\u00e9s y espa\u00f1ol. El n\u00famero a marcar es el 1500 y tambi\u00e9n el 2290-2610. Tambi\u00e9n existe la opci\u00f3n de tener ayuda por Whatsapp en el 5188-1819.<\/p><p>En su sitio web, Asistur tambi\u00e9n posee <a href=\"https:\/\/registro.inguat.gob.gt\/#servicios-turisticos\">registros de prestadores de servicios certificados y avalados por el Inguat, <\/a>para mayor certeza del visitante. Estos incluyen academias de espa\u00f1ol, agencias de viaje, hoteles, transporte p\u00fablico terrestre.<\/p><p>Para mayor satisfacci\u00f3n del visitante tambien hay un <a href=\"https:\/\/selloq.inguat.gob.gt\/index.php\/es\/sello-q\/directorio-sello-q\">registro de negocios guatemaltecos como restaurantes, hospedajes y operadores tur\u00edsticos con sello de calidad garantizada.<\/a><\/p>\t\t\t\t\t\t\t\t<\/div>\n\t\t\t\t\t<\/div>\n\t\t\t\t<\/div>\n\t\t<div data-particle_enable=\"false\" data-particle-mobile-disabled=\"false\" class=\"elementor-element elementor-element-efa90d5 e-flex e-con-boxed e-con e-parent\" data-id=\"efa90d5\" data-element_type=\"container\" data-e-type=\"container\">\n\t\t\t\t\t<div class=\"e-con-inner\">\n\t\t\t\t<div class=\"elementor-element elementor-element-0554b3e elementor-widget elementor-widget-image\" data-id=\"0554b3e\" data-element_type=\"widget\" data-e-type=\"widget\" data-widget_type=\"image.default\">\n\t\t\t\t\t\t\t\t\t\t\t\t<figure class=\"wp-caption\">\n\t\t\t\t\t\t\t\t\t\t<img loading=\"lazy\" decoding=\"async\" width=\"768\" height=\"384\" src=\"https:\/\/soymigrante.com\/revista\/wp-content\/uploads\/2025\/05\/Orientacion-y-atencion-turistica-1024x512.webp\" class=\"attachment-large size-large wp-image-34569\" alt=\"Asistencia tur\u00edstica en Guatemala 24\/7 en ingl\u00e9s y espa\u00f1ol, ayuda para viajeros, atenci\u00f3n tur\u00edstica, gu\u00eda turistica, atenci\u00f3n al turista, servicios de turismo, informaci\u00f3n para viajeros, contacto tur\u00edstico Guatemala.\" srcset=\"https:\/\/soymigrante.com\/revista\/wp-content\/uploads\/2025\/05\/Orientacion-y-atencion-turistica-1024x512.webp 1024w, https:\/\/soymigrante.com\/revista\/wp-content\/uploads\/2025\/05\/Orientacion-y-atencion-turistica-300x150.webp 300w, https:\/\/soymigrante.com\/revista\/wp-content\/uploads\/2025\/05\/Orientacion-y-atencion-turistica-768x384.webp 768w, https:\/\/soymigrante.com\/revista\/wp-content\/uploads\/2025\/05\/Orientacion-y-atencion-turistica-1536x768.webp 1536w, https:\/\/soymigrante.com\/revista\/wp-content\/uploads\/2025\/05\/Orientacion-y-atencion-turistica-2048x1024.webp 2048w, https:\/\/soymigrante.com\/revista\/wp-content\/uploads\/2025\/05\/Orientacion-y-atencion-turistica-360x180.webp 360w, https:\/\/soymigrante.com\/revista\/wp-content\/uploads\/2025\/05\/Orientacion-y-atencion-turistica-750x375.webp 750w, https:\/\/soymigrante.com\/revista\/wp-content\/uploads\/2025\/05\/Orientacion-y-atencion-turistica-1140x570.webp 1140w, https:\/\/soymigrante.com\/revista\/wp-content\/uploads\/2025\/05\/Orientacion-y-atencion-turistica.webp 1920w\" sizes=\"(max-width: 768px) 100vw, 768px\" title=\"N\u00famero de orientaci\u00f3n y asistencia al turista, funciona gratuitamente las 24 horas. \u2013 SoyMigrante.com REVISTA\" \/>\t\t\t\t\t\t\t\t\t\t\t<figcaption class=\"widget-image-caption wp-caption-text\">Turista recibe atenci\u00f3n y orientaci\u00f3n en Guatemala con servicios tur\u00edsticos multiling\u00fces, asistencia 24\/7 y informaci\u00f3n de turismo en ingl\u00e9s y espa\u00f1ol, para garantizar una experiencia segura y c\u00f3moda para los visitantes.<\/figcaption>\n\t\t\t\t\t\t\t\t\t\t<\/figure>\n\t\t\t\t\t\t\t\t\t<\/div>\n\t\t\t\t\t<\/div>\n\t\t\t\t<\/div>\n\t\t<div data-particle_enable=\"false\" data-particle-mobile-disabled=\"false\" class=\"elementor-element elementor-element-337dea1 e-flex e-con-boxed e-con e-parent\" data-id=\"337dea1\" data-element_type=\"container\" data-e-type=\"container\">\n\t\t\t\t\t<div class=\"e-con-inner\">\n\t\t\t\t<div class=\"elementor-element elementor-element-32a1c92 elementor-widget elementor-widget-heading\" data-id=\"32a1c92\" data-element_type=\"widget\" data-e-type=\"widget\" data-widget_type=\"heading.default\">\n\t\t\t\t\t<h3 class=\"elementor-heading-title elementor-size-default\">\u00bfCu\u00e1nto tiempo se puede quedar un turista?<\/h3>\t\t\t\t<\/div>\n\t\t\t\t\t<\/div>\n\t\t\t\t<\/div>\n\t\t<div data-particle_enable=\"false\" data-particle-mobile-disabled=\"false\" class=\"elementor-element elementor-element-e4eccbe e-flex e-con-boxed e-con e-parent\" data-id=\"e4eccbe\" data-element_type=\"container\" data-e-type=\"container\">\n\t\t\t\t\t<div class=\"e-con-inner\">\n\t\t\t\t<div class=\"elementor-element elementor-element-573ad80 elementor-widget elementor-widget-text-editor\" data-id=\"573ad80\" data-element_type=\"widget\" data-e-type=\"widget\" data-widget_type=\"text-editor.default\">\n\t\t\t\t\t\t\t\t\t<div>En Guatemala, el tiempo de permanencia para un turista var\u00eda seg\u00fan la nacionalidad, pero en t\u00e9rminos generales, para la mayor\u00eda de los pa\u00edses incluidos en el Acuerdo CA-4 y otros pa\u00edses con acuerdos bilaterales (como Estados Unidos, Canad\u00e1 y la Uni\u00f3n Europea), el plazo est\u00e1ndar es:<\/div><div>\u00a0<\/div><div><strong>90 d\u00edas (3 meses)<\/strong><\/div><div>\u2022Este per\u00edodo es otorgado al momento de ingresar al pa\u00eds y puede extenderse una vez por otros 90 d\u00edas, haciendo el tr\u00e1mite en la <a href=\"https:\/\/igm.gob.gt\/\" target=\"_blank\" rel=\"noopener\">Direcci\u00f3n General de Migraci\u00f3n de Guatemala.<\/a><\/div><div>\u00a0<\/div><div><strong>Importante:<\/strong><\/div><div>\u2022Guatemala forma parte del Convenio CA-4, junto con El Salvador, Honduras y Nicaragua. Esto significa que el per\u00edodo de 90 d\u00edas se comparte entre los cuatro pa\u00edses. Es decir, no puedes estar 90 d\u00edas en cada uno, sino que el conteo es conjunto.<\/div><div>\u2022Si un turista entra por Honduras, por ejemplo, y pasa 30 d\u00edas all\u00ed, al llegar a Guatemala le quedar\u00e1n 60 d\u00edas de permanencia legal bajo el mismo permiso CA-4.<\/div><div>\u00a0<\/div><div><strong>Extensi\u00f3n del plazo:<\/strong><\/div><div>\u2022Puede solicitarse una extensi\u00f3n por otros 90 d\u00edas adicionales (hasta un total de 180 d\u00edas consecutivos).<\/div><div>\u2022Este tr\u00e1mite debe realizarse antes de que venza el permiso inicial.<\/div><div>\u2022Es necesario presentar pasaporte vigente, una carta de solicitud y pagar una tasa migratoria.<\/div>\t\t\t\t\t\t\t\t<\/div>\n\t\t\t\t\t<\/div>\n\t\t\t\t<\/div>\n\t\t<div data-particle_enable=\"false\" data-particle-mobile-disabled=\"false\" class=\"elementor-element elementor-element-9403307 e-flex e-con-boxed e-con e-parent\" data-id=\"9403307\" data-element_type=\"container\" data-e-type=\"container\">\n\t\t\t\t\t<div class=\"e-con-inner\">\n\t\t\t\t<div class=\"elementor-element elementor-element-5ed61a1 elementor-widget elementor-widget-heading\" data-id=\"5ed61a1\" data-element_type=\"widget\" data-e-type=\"widget\" data-widget_type=\"heading.default\">\n\t\t\t\t\t<h3 class=\"elementor-heading-title elementor-size-default\">Idiomas que se hablan en Guatemala<\/h3>\t\t\t\t<\/div>\n\t\t\t\t\t<\/div>\n\t\t\t\t<\/div>\n\t\t<div data-particle_enable=\"false\" data-particle-mobile-disabled=\"false\" class=\"elementor-element elementor-element-c959d99 e-flex e-con-boxed e-con e-parent\" data-id=\"c959d99\" data-element_type=\"container\" data-e-type=\"container\">\n\t\t\t\t\t<div class=\"e-con-inner\">\n\t\t\t\t<div class=\"elementor-element elementor-element-dd753e8 elementor-widget elementor-widget-text-editor\" data-id=\"dd753e8\" data-element_type=\"widget\" data-e-type=\"widget\" data-widget_type=\"text-editor.default\">\n\t\t\t\t\t\t\t\t\t<div><a href=\"https:\/\/almg.org.gt\/\" target=\"_blank\" rel=\"noopener\">En Guatemala se hablan 25 idiomas oficialmente reconocidos,<\/a> los cuales reflejan la gran riqueza cultural y ling\u00fc\u00edstica del pa\u00eds. Estos idiomas se dividen de la siguiente manera:<\/div><div>\u00a0<\/div><div><strong>Idiomas por grupo:<\/strong><\/div><div>Espa\u00f1ol<\/div><div>\u2022Es el idioma oficial del pa\u00eds seg\u00fan la Constituci\u00f3n de Guatemala.<\/div><div><strong><a href=\"https:\/\/soymigrante.com\/revista\/aprender-un-idioma-maya-es-una-puerta-multicultural-de-crecimiento-personal\/\" target=\"_blank\" rel=\"noopener\">22 idiomas mayas<\/a>, entre ellos:<\/strong><\/div><div>\u2022K\u2019iche\u2019<\/div><div>\u2022Q\u2019eqchi\u2019<\/div><div>\u2022Kaqchikel<\/div><div>\u2022Mam<\/div><div>\u2022Poqomam<\/div><div>\u2022Poqomchi\u2019<\/div><div>\u2022Tz\u2019utujil<\/div><div>\u2022Achi\u2019<\/div><div>\u2022Ixil<\/div><div>\u2022Chuj<\/div><div>\u2022Sakapulteko<\/div><div>\u2022Sipakapense<\/div><div>\u2022Q\u2019anjob\u2019al<\/div><div>\u2022Akateko<\/div><div>\u2022Awakateko<\/div><div>\u2022Chalchiteko<\/div><div>\u2022Jakalteko<\/div><div>\u2022Uspanteko<\/div><div>\u2022Popti\u2019 (tambi\u00e9n conocido como Jakalteko oriental)<\/div><div>\u2022Ch\u2019orti\u2019<\/div><div>\u2022Mopan<\/div><div>\u2022Itz\u00e1<\/div><div><strong>2 idiomas no mayas:<\/strong><\/div><div>\u2022Xinka: Una lengua originaria no maya que actualmente est\u00e1 en riesgo de desaparecer.<\/div><div>\u2022Gar\u00edfuna: De origen afrocaribe\u00f1o, hablado en comunidades del Caribe guatemalteco, principalmente en Livingston, Izabal.<\/div>\t\t\t\t\t\t\t\t<\/div>\n\t\t\t\t\t<\/div>\n\t\t\t\t<\/div>\n\t\t<div data-particle_enable=\"false\" data-particle-mobile-disabled=\"false\" class=\"elementor-element elementor-element-0050e04 e-flex e-con-boxed e-con e-parent\" data-id=\"0050e04\" data-element_type=\"container\" data-e-type=\"container\">\n\t\t\t\t\t<div class=\"e-con-inner\">\n\t\t\t\t<div class=\"elementor-element elementor-element-5a37655 elementor-widget elementor-widget-heading\" data-id=\"5a37655\" data-element_type=\"widget\" data-e-type=\"widget\" data-widget_type=\"heading.default\">\n\t\t\t\t\t<h2 class=\"elementor-heading-title elementor-size-default\">As\u00ed que, ya solo queda hacer tu maleta y disfrutar la magia de Guatemala<\/h2>\t\t\t\t<\/div>\n\t\t\t\t\t<\/div>\n\t\t\t\t<\/div>\n\t\t<div data-particle_enable=\"false\" data-particle-mobile-disabled=\"false\" class=\"elementor-element elementor-element-92cbef9 e-flex e-con-boxed e-con e-parent\" data-id=\"92cbef9\" data-element_type=\"container\" data-e-type=\"container\">\n\t\t\t\t\t<div class=\"e-con-inner\">\n\t\t\t\t<div class=\"elementor-element elementor-element-b795406 elementor-grid-eael-col-3 elementor-grid-tablet-eael-col-2 elementor-grid-mobile-eael-col-1 elementor-widget elementor-widget-eael-post-grid\" data-id=\"b795406\" data-element_type=\"widget\" data-e-type=\"widget\" data-settings=\"{&quot;eael_post_grid_columns&quot;:&quot;eael-col-3&quot;,&quot;eael_post_grid_columns_tablet&quot;:&quot;eael-col-2&quot;,&quot;eael_post_grid_columns_mobile&quot;:&quot;eael-col-1&quot;}\" data-widget_type=\"eael-post-grid.default\">\n\t\t\t\t\t<div id=\"eael-post-grid-b795406\" class=\"eael-post-grid-container\">\n            <div class=\"eael-post-grid eael-post-appender eael-post-appender-b795406 eael-post-grid-style-one\" data-layout-mode=\"masonry\"><article class=\"eael-grid-post  eael-post-grid-column eael-pg-post-28616 category-guate-nuestra\" data-id=\"28616\">\n        <div class=\"eael-grid-post-holder\">\n            <div class=\"eael-grid-post-holder-inner\"><div class=\"eael-entry-media\"><div class=\"eael-entry-overlay fade-in\"><i class=\"far fa-hand-pointer\" aria-hidden=\"true\"><\/i><a href=\"https:\/\/soymigrante.com\/revista\/lago-de-izabal-es-el-gigante-de-agua-dulce-en-guatemala\/\"><\/a><\/div><div class=\"eael-entry-thumbnail \">\n                <img loading=\"lazy\" decoding=\"async\" width=\"1024\" height=\"1024\" src=\"https:\/\/soymigrante.com\/revista\/wp-content\/uploads\/2025\/03\/lago-de-izabal-1-1024x1024.jpg\" class=\"attachment-large size-large wp-image-28863\" alt=\"Lago de Izabal es el gigante de agua dulce en Guatemala - Mapa aereo\" srcset=\"https:\/\/soymigrante.com\/revista\/wp-content\/uploads\/2025\/03\/lago-de-izabal-1-1024x1024.jpg 1024w, https:\/\/soymigrante.com\/revista\/wp-content\/uploads\/2025\/03\/lago-de-izabal-1-300x300.jpg 300w, https:\/\/soymigrante.com\/revista\/wp-content\/uploads\/2025\/03\/lago-de-izabal-1-150x150.jpg 150w, https:\/\/soymigrante.com\/revista\/wp-content\/uploads\/2025\/03\/lago-de-izabal-1-768x768.jpg 768w, https:\/\/soymigrante.com\/revista\/wp-content\/uploads\/2025\/03\/lago-de-izabal-1-1536x1536.jpg 1536w, https:\/\/soymigrante.com\/revista\/wp-content\/uploads\/2025\/03\/lago-de-izabal-1-75x75.webp 75w, https:\/\/soymigrante.com\/revista\/wp-content\/uploads\/2025\/03\/lago-de-izabal-1-750x750.webp 750w, https:\/\/soymigrante.com\/revista\/wp-content\/uploads\/2025\/03\/lago-de-izabal-1-1140x1140.webp 1140w, https:\/\/soymigrante.com\/revista\/wp-content\/uploads\/2025\/03\/lago-de-izabal-1.webp 1605w\" sizes=\"(max-width: 1024px) 100vw, 1024px\" \/>\n            <\/div>\n        <\/div><div class=\"eael-entry-wrapper\"><header class=\"eael-entry-header\"><h2 class=\"eael-entry-title\"><a class=\"eael-grid-post-link\" href=\"https:\/\/soymigrante.com\/revista\/lago-de-izabal-es-el-gigante-de-agua-dulce-en-guatemala\/\" title=\"Lago de Izabal es el gigante de agua dulce en Guatemala\">Lago de Izabal es el gigante de agua dulce en Guatemala<\/a><\/h2><\/header><div class=\"eael-entry-content\">\n                        <div class=\"eael-grid-post-excerpt\"><a href=\"https:\/\/soymigrante.com\/revista\/lago-de-izabal-es-el-gigante-de-agua-dulce-en-guatemala\/\" class=\"eael-post-elements-readmore-btn\">CONOCE SU HISTORIA <\/a><\/div>\n                    <\/div><\/div><\/div>\n        <\/div>\n    <\/article><article class=\"eael-grid-post  eael-post-grid-column eael-pg-post-383 category-guate-nuestra\" data-id=\"383\">\n        <div class=\"eael-grid-post-holder\">\n            <div class=\"eael-grid-post-holder-inner\"><div class=\"eael-entry-media\"><div class=\"eael-entry-overlay fade-in\"><i class=\"far fa-hand-pointer\" aria-hidden=\"true\"><\/i><a href=\"https:\/\/soymigrante.com\/revista\/los-mas-famosos-anfitriones-de-antigua-guatemala-uno-tranquilo-y-el-otro-impredecible\/\"><\/a><\/div><div class=\"eael-entry-thumbnail \">\n                <img decoding=\"async\" width=\"1024\" height=\"629\" src=\"https:\/\/soymigrante.com\/revista\/wp-content\/uploads\/2024\/02\/Captura-de-pantalla-2024-02-24-231728-1024x629.webp\" class=\"attachment-large size-large wp-image-5040\" alt=\"Vplc\u00e1n de Agua en primer plano y a la derecha, el volc\u00e1n de Fuego, desde Antigua Guatemala.\" srcset=\"https:\/\/soymigrante.com\/revista\/wp-content\/uploads\/2024\/02\/Captura-de-pantalla-2024-02-24-231728-1024x629.webp 1024w, https:\/\/soymigrante.com\/revista\/wp-content\/uploads\/2024\/02\/Captura-de-pantalla-2024-02-24-231728-300x184.webp 300w, https:\/\/soymigrante.com\/revista\/wp-content\/uploads\/2024\/02\/Captura-de-pantalla-2024-02-24-231728-768x472.webp 768w, https:\/\/soymigrante.com\/revista\/wp-content\/uploads\/2024\/02\/Captura-de-pantalla-2024-02-24-231728-750x461.webp 750w, https:\/\/soymigrante.com\/revista\/wp-content\/uploads\/2024\/02\/Captura-de-pantalla-2024-02-24-231728-1140x700.webp 1140w, https:\/\/soymigrante.com\/revista\/wp-content\/uploads\/2024\/02\/Captura-de-pantalla-2024-02-24-231728.webp 1216w\" sizes=\"(max-width: 1024px) 100vw, 1024px\" \/>\n            <\/div>\n        <\/div><div class=\"eael-entry-wrapper\"><header class=\"eael-entry-header\"><h2 class=\"eael-entry-title\"><a class=\"eael-grid-post-link\" href=\"https:\/\/soymigrante.com\/revista\/los-mas-famosos-anfitriones-de-antigua-guatemala-uno-tranquilo-y-el-otro-impredecible\/\" title=\"Los m\u00e1s famosos anfitriones de Antigua Guatemala: volc\u00e1n de Agua y volc\u00e1n de Fuego\">Los m\u00e1s famosos anfitriones de Antigua Guatemala: volc\u00e1n de Agua y volc\u00e1n de Fuego<\/a><\/h2><\/header><div class=\"eael-entry-content\">\n                        <div class=\"eael-grid-post-excerpt\"><a href=\"https:\/\/soymigrante.com\/revista\/los-mas-famosos-anfitriones-de-antigua-guatemala-uno-tranquilo-y-el-otro-impredecible\/\" class=\"eael-post-elements-readmore-btn\">CONOCE SU HISTORIA <\/a><\/div>\n                    <\/div><\/div><\/div>\n        <\/div>\n    <\/article><article class=\"eael-grid-post  eael-post-grid-column eael-pg-post-1536 category-guate-nuestra\" data-id=\"1536\">\n        <div class=\"eael-grid-post-holder\">\n            <div class=\"eael-grid-post-holder-inner\"><div class=\"eael-entry-media\"><div class=\"eael-entry-overlay fade-in\"><i class=\"far fa-hand-pointer\" aria-hidden=\"true\"><\/i><a href=\"https:\/\/soymigrante.com\/revista\/7-datos-que-ya-sabias-o-quiza-no-sobre-el-gran-jaguar-y-tikal\/\"><\/a><\/div><div class=\"eael-entry-thumbnail \">\n                <img loading=\"lazy\" decoding=\"async\" width=\"1024\" height=\"475\" src=\"https:\/\/soymigrante.com\/revista\/wp-content\/uploads\/2023\/06\/Captura-de-pantalla-2023-06-21-143338-1024x475.webp\" class=\"attachment-large size-large wp-image-1538\" alt=\"Tikal: 7 datos que ya sab\u00edas (o quiz\u00e1 no) sobre el Templo I o Gran Jaguar\" srcset=\"https:\/\/soymigrante.com\/revista\/wp-content\/uploads\/2023\/06\/Captura-de-pantalla-2023-06-21-143338-1024x475.webp 1024w, https:\/\/soymigrante.com\/revista\/wp-content\/uploads\/2023\/06\/Captura-de-pantalla-2023-06-21-143338-300x139.webp 300w, https:\/\/soymigrante.com\/revista\/wp-content\/uploads\/2023\/06\/Captura-de-pantalla-2023-06-21-143338-768x356.webp 768w, https:\/\/soymigrante.com\/revista\/wp-content\/uploads\/2023\/06\/Captura-de-pantalla-2023-06-21-143338-750x348.webp 750w, https:\/\/soymigrante.com\/revista\/wp-content\/uploads\/2023\/06\/Captura-de-pantalla-2023-06-21-143338-1140x529.webp 1140w, https:\/\/soymigrante.com\/revista\/wp-content\/uploads\/2023\/06\/Captura-de-pantalla-2023-06-21-143338.webp 1427w\" sizes=\"(max-width: 1024px) 100vw, 1024px\" \/>\n            <\/div>\n        <\/div><div class=\"eael-entry-wrapper\"><header class=\"eael-entry-header\"><h2 class=\"eael-entry-title\"><a class=\"eael-grid-post-link\" href=\"https:\/\/soymigrante.com\/revista\/7-datos-que-ya-sabias-o-quiza-no-sobre-el-gran-jaguar-y-tikal\/\" title=\"Tikal: 7 datos que ya sab\u00edas (o quiz\u00e1 no) sobre el Templo I o Gran Jaguar\">Tikal: 7 datos que ya sab\u00edas (o quiz\u00e1 no) sobre el Templo I o Gran Jaguar<\/a><\/h2><\/header><div class=\"eael-entry-content\">\n                        <div class=\"eael-grid-post-excerpt\"><a href=\"https:\/\/soymigrante.com\/revista\/7-datos-que-ya-sabias-o-quiza-no-sobre-el-gran-jaguar-y-tikal\/\" class=\"eael-post-elements-readmore-btn\">CONOCE SU HISTORIA <\/a><\/div>\n                    <\/div><\/div><\/div>\n        <\/div>\n    <\/article><\/div>\n            <div class=\"clearfix\"><\/div>\n        <\/div>\t\t\t\t<\/div>\n\t\t\t\t\t<\/div>\n\t\t\t\t<\/div>\n\t\t\t\t<\/div>\n\t\t","protected":false},"excerpt":{"rendered":"<p>Viajar a Guatemala puede ser una de las visitas m\u00e1s fant\u00e1sticas que hagas a un pa\u00eds, pero esto es lo que debes conocer para que la experiencia sea positiva. Desde cumplir con requisitos hasta saber d\u00f3nde pedir orientaci\u00f3n o ayuda. Guatemala es un destino fascinante que combina historia milenaria, paisajes naturales impresionantes y una rica [&hellip;]<\/p>\n","protected":false},"author":19,"featured_media":8385,"comment_status":"open","ping_status":"open","sticky":false,"template":"","format":"standard","meta":{"_acf_changed":false,"_eb_attr":"","footnotes":""},"categories":[58],"tags":[],"class_list":["post-34521","post","type-post","status-publish","format-standard","has-post-thumbnail","hentry","category-guate-nuestra"],"acf":[],"aioseo_notices":[],"aioseo_head":"\n\t\t<!-- All in One SEO Pro 4.9.6.2 - aioseo.com -->\n\t<meta name=\"description\" content=\"\u00cdcono mundial, Patrimonio Cultural de la Humanidad de la Humanidad desde 1979, Tikal a\u00fan refleja la magnificencia maya prehisp\u00e1nica e inspira recuerdos en muchos migrantes guatemaltecos. El Templo I de Tikal, m\u00e1s conocido como El Gran Jaguar, es uno de los \u00edconos mundiales de Guatemala y de la legendaria ciudad maya, enclavada en el centro\" \/>\n\t<meta name=\"robots\" content=\"max-snippet:-1, max-image-preview:large, max-video-preview:-1\" \/>\n\t<meta name=\"author\" content=\"Gustavo Montenegro\"\/>\n\t<link rel=\"canonical\" href=\"https:\/\/soymigrante.com\/revista\/7-datos-que-ya-sabias-o-quiza-no-sobre-el-gran-jaguar-y-tikal\/\" \/>\n\t<meta name=\"generator\" content=\"All in One SEO Pro (AIOSEO) 4.9.6.2\" \/>\n\n\t\t<link rel=\"preconnect\" href=\"https:\/\/fonts.googleapis.com\" crossorigin>\n<link rel=\"preconnect\" href=\"https:\/\/fonts.gstatic.com\" crossorigin>\n\t\t<meta property=\"og:locale\" content=\"es_ES\" \/>\n\t\t<meta property=\"og:site_name\" content=\"SoyMigrante.com REVISTA \u2013 Nuestra misi\u00f3n es reconocer y dignificar al migrante.\" \/>\n\t\t<meta property=\"og:type\" content=\"article\" \/>\n\t\t<meta property=\"og:title\" content=\"Tikal: 7 datos que ya sab\u00edas (o quiz\u00e1 no) sobre el Templo I o Gran Jaguar\" \/>\n\t\t<meta property=\"og:description\" content=\"\u00cdcono mundial, Patrimonio Cultural de la Humanidad de la Humanidad desde 1979, Tikal a\u00fan refleja la magnificencia maya prehisp\u00e1nica e inspira recuerdos en muchos migrantes guatemaltecos. El Templo I de Tikal, m\u00e1s conocido como El Gran Jaguar, es uno de los \u00edconos mundiales de Guatemala y de la legendaria ciudad maya, enclavada en el centro\" \/>\n\t\t<meta property=\"og:url\" content=\"https:\/\/soymigrante.com\/revista\/7-datos-que-ya-sabias-o-quiza-no-sobre-el-gran-jaguar-y-tikal\/\" \/>\n\t\t<meta property=\"og:image\" content=\"https:\/\/soymigrante.com\/revista\/wp-content\/uploads\/2023\/06\/Captura-de-pantalla-2023-06-21-143338.webp\" \/>\n\t\t<meta property=\"og:image:secure_url\" content=\"https:\/\/soymigrante.com\/revista\/wp-content\/uploads\/2023\/06\/Captura-de-pantalla-2023-06-21-143338.webp\" \/>\n\t\t<meta property=\"og:image:width\" content=\"1427\" \/>\n\t\t<meta property=\"og:image:height\" content=\"662\" \/>\n\t\t<meta property=\"article:published_time\" content=\"2023-06-22T20:28:51+00:00\" \/>\n\t\t<meta property=\"article:modified_time\" content=\"2025-09-15T23:22:23+00:00\" \/>\n\t\t<meta property=\"article:publisher\" content=\"https:\/\/www.facebook.com\/soymigrantecom\" \/>\n\t\t<meta name=\"twitter:card\" content=\"summary_large_image\" \/>\n\t\t<meta name=\"twitter:site\" content=\"@SoyMigrante_com\" \/>\n\t\t<meta name=\"twitter:title\" content=\"Tikal: 7 datos que ya sab\u00edas (o quiz\u00e1 no) sobre el Templo I o Gran Jaguar\" \/>\n\t\t<meta name=\"twitter:description\" content=\"\u00cdcono mundial, Patrimonio Cultural de la Humanidad de la Humanidad desde 1979, Tikal a\u00fan refleja la magnificencia maya prehisp\u00e1nica e inspira recuerdos en muchos migrantes guatemaltecos. El Templo I de Tikal, m\u00e1s conocido como El Gran Jaguar, es uno de los \u00edconos mundiales de Guatemala y de la legendaria ciudad maya, enclavada en el centro\" \/>\n\t\t<meta name=\"twitter:creator\" content=\"@SoyMigrante_com\" \/>\n\t\t<meta name=\"twitter:image\" content=\"https:\/\/soymigrante.com\/revista\/wp-content\/uploads\/2023\/06\/Captura-de-pantalla-2023-06-21-143338.webp\" \/>\n\t\t<!-- All in One SEO Pro -->\r\n\t\t<title>Tikal: 7 datos que ya sab\u00edas (o quiz\u00e1 no) sobre el Templo I o Gran Jaguar<\/title>\n\n","aioseo_head_json":{"title":"Tikal: 7 datos que ya sab\u00edas (o quiz\u00e1 no) sobre el Templo I o Gran Jaguar","description":"\u00cdcono mundial, Patrimonio Cultural de la Humanidad de la Humanidad desde 1979, Tikal a\u00fan refleja la magnificencia maya prehisp\u00e1nica e inspira recuerdos en muchos migrantes guatemaltecos. El Templo I de Tikal, m\u00e1s conocido como El Gran Jaguar, es uno de los \u00edconos mundiales de Guatemala y de la legendaria ciudad maya, enclavada en el centro","canonical_url":"https:\/\/soymigrante.com\/revista\/7-datos-que-ya-sabias-o-quiza-no-sobre-el-gran-jaguar-y-tikal\/","robots":"max-snippet:-1, max-image-preview:large, max-video-preview:-1","keywords":"","webmasterTools":{"miscellaneous":"&lt;link rel=\"preconnect\" href=\"https:\/\/fonts.googleapis.com\" crossorigin&gt;\n&lt;link rel=\"preconnect\" href=\"https:\/\/fonts.gstatic.com\" crossorigin&gt;"},"schema":null,"og:locale":"es_ES","og:site_name":"SoyMigrante.com REVISTA \u2013 Nuestra misi\u00f3n es reconocer y dignificar al migrante.","og:type":"article","og:title":"Tikal: 7 datos que ya sab\u00edas (o quiz\u00e1 no) sobre el Templo I o Gran Jaguar","og:description":"\u00cdcono mundial, Patrimonio Cultural de la Humanidad de la Humanidad desde 1979, Tikal a\u00fan refleja la magnificencia maya prehisp\u00e1nica e inspira recuerdos en muchos migrantes guatemaltecos. El Templo I de Tikal, m\u00e1s conocido como El Gran Jaguar, es uno de los \u00edconos mundiales de Guatemala y de la legendaria ciudad maya, enclavada en el centro","og:url":"https:\/\/soymigrante.com\/revista\/7-datos-que-ya-sabias-o-quiza-no-sobre-el-gran-jaguar-y-tikal\/","og:image":"https:\/\/soymigrante.com\/revista\/wp-content\/uploads\/2023\/06\/Captura-de-pantalla-2023-06-21-143338.webp","og:image:secure_url":"https:\/\/soymigrante.com\/revista\/wp-content\/uploads\/2023\/06\/Captura-de-pantalla-2023-06-21-143338.webp","og:image:width":1427,"og:image:height":662,"article:published_time":"2023-06-22T20:28:51+00:00","article:modified_time":"2025-09-15T23:22:23+00:00","article:publisher":"https:\/\/www.facebook.com\/soymigrantecom","twitter:card":"summary_large_image","twitter:site":"@SoyMigrante_com","twitter:title":"Tikal: 7 datos que ya sab\u00edas (o quiz\u00e1 no) sobre el Templo I o Gran Jaguar","twitter:description":"\u00cdcono mundial, Patrimonio Cultural de la Humanidad de la Humanidad desde 1979, Tikal a\u00fan refleja la magnificencia maya prehisp\u00e1nica e inspira recuerdos en muchos migrantes guatemaltecos. El Templo I de Tikal, m\u00e1s conocido como El Gran Jaguar, es uno de los \u00edconos mundiales de Guatemala y de la legendaria ciudad maya, enclavada en el centro","twitter:creator":"@SoyMigrante_com","twitter:image":"https:\/\/soymigrante.com\/revista\/wp-content\/uploads\/2023\/06\/Captura-de-pantalla-2023-06-21-143338.webp"},"aioseo_meta_data":{"post_id":"34521","title":null,"description":"Viajar a Guatemala puede ser una de las visitas m\u00e1s memorables y hermosas que hagas a un pa\u00eds, pero es importante prepararse. Estas son algunas recomendaciones.","keywords":null,"keyphrases":{"focus":{"keyphrase":"Guatemala","score":91,"analysis":{"keyphraseInTitle":{"score":9,"maxScore":9,"error":0},"keyphraseInDescription":{"score":9,"maxScore":9,"error":0},"keyphraseLength":{"score":9,"maxScore":9,"error":0,"length":1},"keyphraseInURL":{"score":5,"maxScore":5,"error":0},"keyphraseInIntroduction":{"score":9,"maxScore":9,"error":0},"keyphraseInSubHeadings":{"score":3,"maxScore":9,"error":1},"keyphraseInImageAlt":{"score":9,"maxScore":9,"error":0},"keywordDensity":{"type":"best","score":9,"maxScore":9,"error":0}}},"additional":[{"keyphrase":"viajar","score":53,"analysis":{"keyphraseInDescription":{"score":9,"maxScore":9,"error":0},"keyphraseLength":{"score":9,"maxScore":9,"error":0,"length":1},"keyphraseInIntroduction":{"score":3,"maxScore":9,"error":1},"keyphraseInImageAlt":{"score":3,"maxScore":9,"error":1},"keywordDensity":{"score":0,"type":"low","maxScore":9,"error":1}}},{"keyphrase":"guatemala","score":100,"analysis":{"keyphraseInDescription":{"score":9,"maxScore":9,"error":0},"keyphraseLength":{"score":9,"maxScore":9,"error":0,"length":1},"keyphraseInIntroduction":{"score":9,"maxScore":9,"error":0},"keyphraseInImageAlt":{"score":9,"maxScore":9,"error":0},"keywordDensity":{"type":"best","score":9,"maxScore":9,"error":0}}},{"keyphrase":"viaje","score":53,"analysis":{"keyphraseInDescription":{"score":3,"maxScore":9,"error":1},"keyphraseLength":{"score":9,"maxScore":9,"error":0,"length":1},"keyphraseInIntroduction":{"score":9,"maxScore":9,"error":0},"keyphraseInImageAlt":{"score":3,"maxScore":9,"error":1},"keywordDensity":{"score":0,"type":"low","maxScore":9,"error":1}}}]},"primary_term":null,"canonical_url":null,"og_title":null,"og_description":null,"og_object_type":"default","og_image_type":"default","og_image_url":null,"og_image_width":null,"og_image_height":null,"og_image_custom_url":null,"og_image_custom_fields":null,"og_video":"","og_custom_url":null,"og_article_section":null,"og_article_tags":null,"twitter_use_og":false,"twitter_card":"default","twitter_image_type":"default","twitter_image_url":null,"twitter_image_custom_url":null,"twitter_image_custom_fields":null,"twitter_title":null,"twitter_description":null,"schema":{"blockGraphs":[],"customGraphs":[],"default":{"data":{"Article":[],"Course":[],"Dataset":[],"FAQPage":[],"Movie":[],"Person":[],"Product":[],"ProductReview":[],"Car":[],"Recipe":[],"Service":[],"SoftwareApplication":[],"WebPage":[]},"graphName":"none","isEnabled":true},"graphs":[]},"schema_type":"default","schema_type_options":null,"pillar_content":false,"robots_default":true,"robots_noindex":false,"robots_noarchive":false,"robots_nosnippet":false,"robots_nofollow":false,"robots_noimageindex":false,"robots_noodp":false,"robots_notranslate":false,"robots_max_snippet":"-1","robots_max_videopreview":"-1","robots_max_imagepreview":"large","priority":null,"frequency":"default","local_seo":null,"seo_analyzer_scan_date":"2025-10-09 05:26:23","breadcrumb_settings":null,"limit_modified_date":false,"reviewed_by":null,"open_ai":"{\"title\":{\"suggestions\":[],\"usage\":0},\"description\":{\"suggestions\":[],\"usage\":0}}","ai":null,"created":"2025-05-26 20:43:09","updated":"2026-02-04 23:49:35"},"aioseo_breadcrumb":"<div class=\"aioseo-breadcrumbs\"><span class=\"aioseo-breadcrumb\">\n\t<a href=\"https:\/\/soymigrante.com\/revista\" title=\"Home\">Home<\/a>\n<\/span><span class=\"aioseo-breadcrumb-separator\">\u00bb<\/span><span class=\"aioseo-breadcrumb\">\n\t<a href=\"https:\/\/soymigrante.com\/revista\/category\/guate-nuestra\/\" title=\"Guate Nuestra\">Guate Nuestra<\/a>\n<\/span><span class=\"aioseo-breadcrumb-separator\">\u00bb<\/span><span class=\"aioseo-breadcrumb\">\n\t\u00bfVas a viajar a Guatemala? \u00a1Felicitaciones! Prepara tu visita con estas recomendaciones\n<\/span><\/div>","aioseo_breadcrumb_json":[{"label":"Home","link":"https:\/\/soymigrante.com\/revista"},{"label":"Guate Nuestra","link":"https:\/\/soymigrante.com\/revista\/category\/guate-nuestra\/"},{"label":"\u00bfVas a viajar a Guatemala? \u00a1Felicitaciones! Prepara tu visita con estas recomendaciones","link":"https:\/\/soymigrante.com\/revista\/planeas-a-viajar-a-guatemala-esto-es-lo-que-debes-saber-para-preparar-tu-visita\/"}],"_links":{"self":[{"href":"https:\/\/soymigrante.com\/revista\/wp-json\/wp\/v2\/posts\/34521","targetHints":{"allow":["GET"]}}],"collection":[{"href":"https:\/\/soymigrante.com\/revista\/wp-json\/wp\/v2\/posts"}],"about":[{"href":"https:\/\/soymigrante.com\/revista\/wp-json\/wp\/v2\/types\/post"}],"author":[{"embeddable":true,"href":"https:\/\/soymigrante.com\/revista\/wp-json\/wp\/v2\/users\/19"}],"replies":[{"embeddable":true,"href":"https:\/\/soymigrante.com\/revista\/wp-json\/wp\/v2\/comments?post=34521"}],"version-history":[{"count":36,"href":"https:\/\/soymigrante.com\/revista\/wp-json\/wp\/v2\/posts\/34521\/revisions"}],"predecessor-version":[{"id":34899,"href":"https:\/\/soymigrante.com\/revista\/wp-json\/wp\/v2\/posts\/34521\/revisions\/34899"}],"wp:featuredmedia":[{"embeddable":true,"href":"https:\/\/soymigrante.com\/revista\/wp-json\/wp\/v2\/media\/8385"}],"wp:attachment":[{"href":"https:\/\/soymigrante.com\/revista\/wp-json\/wp\/v2\/media?parent=34521"}],"wp:term":[{"taxonomy":"category","embeddable":true,"href":"https:\/\/soymigrante.com\/revista\/wp-json\/wp\/v2\/categories?post=34521"},{"taxonomy":"post_tag","embeddable":true,"href":"https:\/\/soymigrante.com\/revista\/wp-json\/wp\/v2\/tags?post=34521"}],"curies":[{"name":"wp","href":"https:\/\/api.w.org\/{rel}","templated":true}]}}