{"id":34381,"date":"2025-09-04T06:00:00","date_gmt":"2025-09-04T12:00:00","guid":{"rendered":"https:\/\/soymigrante.com\/revista\/?p=34381"},"modified":"2025-09-03T20:56:43","modified_gmt":"2025-09-04T02:56:43","slug":"el-cardamomo-el-oro-verde-que-simboliza-a-guatemala","status":"publish","type":"post","link":"https:\/\/soymigrante.com\/revista\/el-cardamomo-el-oro-verde-que-simboliza-a-guatemala\/","title":{"rendered":"El cardamomo: oro verde y arom\u00e1tico que simboliza a Guatemala"},"content":{"rendered":"\t\t<div data-elementor-type=\"wp-post\" data-elementor-id=\"34381\" class=\"elementor elementor-34381\" data-elementor-post-type=\"post\">\n\t\t\t\t<div data-particle_enable=\"false\" data-particle-mobile-disabled=\"false\" class=\"elementor-element elementor-element-03d398e e-flex e-con-boxed e-con e-parent\" data-id=\"03d398e\" data-element_type=\"container\" data-e-type=\"container\">\n\t\t\t\t\t<div class=\"e-con-inner\">\n\t\t\t\t<div class=\"elementor-element elementor-element-d8ff35c elementor-widget elementor-widget-heading\" data-id=\"d8ff35c\" data-element_type=\"widget\" data-e-type=\"widget\" data-widget_type=\"heading.default\">\n\t\t\t\t\t<h2 class=\"elementor-heading-title elementor-size-default\">El cardamomo es un grano arom\u00e1tico que representa a Guatemala y su riqueza en el suelo. <\/h2>\t\t\t\t<\/div>\n\t\t\t\t\t<\/div>\n\t\t\t\t<\/div>\n\t\t<div data-particle_enable=\"false\" data-particle-mobile-disabled=\"false\" class=\"elementor-element elementor-element-33ddfcf e-flex e-con-boxed e-con e-parent\" data-id=\"33ddfcf\" data-element_type=\"container\" data-e-type=\"container\">\n\t\t\t\t\t<div class=\"e-con-inner\">\n\t\t\t\t<div class=\"elementor-element elementor-element-f78c90a elementor-widget elementor-widget-text-editor\" data-id=\"f78c90a\" data-element_type=\"widget\" data-e-type=\"widget\" data-widget_type=\"text-editor.default\">\n\t\t\t\t\t\t\t\t\t<p><a href=\"https:\/\/soymigrante.com\/revista\/tres-comidas-guatemaltecas-que-son-saludables-por-sus-ingredientes-prehispanicos\/\" target=\"_blank\" rel=\"noopener\">Guatemala es reconocida mundialmente por su diversidad cultural y su riqueza natural<\/a>. Entre sus tesoros agr\u00edcolas destaca un peque\u00f1o fruto de gran valor: el cardamomo.<\/p><p>Conocido como el \u201coro verde\u201d, este arom\u00e1tico grano no solo representa una fuente vital de ingresos para miles de familias campesinas, sino que se ha convertido en un s\u00edmbolo de identidad nacional.<\/p>\t\t\t\t\t\t\t\t<\/div>\n\t\t\t\t\t<\/div>\n\t\t\t\t<\/div>\n\t\t<div data-particle_enable=\"false\" data-particle-mobile-disabled=\"false\" class=\"elementor-element elementor-element-6cd2172 e-flex e-con-boxed e-con e-parent\" data-id=\"6cd2172\" data-element_type=\"container\" data-e-type=\"container\">\n\t\t\t\t\t<div class=\"e-con-inner\">\n\t\t\t\t<div class=\"elementor-element elementor-element-2c46d16 elementor-widget elementor-widget-heading\" data-id=\"2c46d16\" data-element_type=\"widget\" data-e-type=\"widget\" data-widget_type=\"heading.default\">\n\t\t\t\t\t<h3 class=\"elementor-heading-title elementor-size-default\">\u00bfQu\u00e9 es el cardamomo?<\/h3>\t\t\t\t<\/div>\n\t\t\t\t\t<\/div>\n\t\t\t\t<\/div>\n\t\t<div data-particle_enable=\"false\" data-particle-mobile-disabled=\"false\" class=\"elementor-element elementor-element-8018cc4 e-flex e-con-boxed e-con e-parent\" data-id=\"8018cc4\" data-element_type=\"container\" data-e-type=\"container\">\n\t\t\t\t\t<div class=\"e-con-inner\">\n\t\t\t\t<div class=\"elementor-element elementor-element-e7d0cfe elementor-widget elementor-widget-text-editor\" data-id=\"e7d0cfe\" data-element_type=\"widget\" data-e-type=\"widget\" data-widget_type=\"text-editor.default\">\n\t\t\t\t\t\t\t\t\t<p>El cardamomo es una especia que se obtiene de la planta Elettaria cardamomum, originaria del sur de la India, pero que encontr\u00f3 en las tierras altas de Guatemala condiciones ideales para desarrollarse.<\/p><p><a href=\"https:\/\/soymigrante.com\/revista\/tres-comidas-guatemaltecas-que-son-saludables-por-sus-ingredientes-prehispanicos\/\" target=\"_blank\" rel=\"noopener\">Pertenece a la familia del jengibre y se caracteriza por su sabor y aroma intensos<\/a>, lo que lo convierte en un ingrediente muy apreciado en la cocina, la reposter\u00eda y la industria cosm\u00e9tica y farmac\u00e9utica.<\/p>\t\t\t\t\t\t\t\t<\/div>\n\t\t\t\t\t<\/div>\n\t\t\t\t<\/div>\n\t\t<div data-particle_enable=\"false\" data-particle-mobile-disabled=\"false\" class=\"elementor-element elementor-element-d12a432 e-flex e-con-boxed e-con e-parent\" data-id=\"d12a432\" data-element_type=\"container\" data-e-type=\"container\">\n\t\t\t\t\t<div class=\"e-con-inner\">\n\t\t\t\t<div class=\"elementor-element elementor-element-be8d9a3 elementor-widget elementor-widget-image\" data-id=\"be8d9a3\" data-element_type=\"widget\" data-e-type=\"widget\" data-widget_type=\"image.default\">\n\t\t\t\t\t\t\t\t\t\t\t\t<figure class=\"wp-caption\">\n\t\t\t\t\t\t\t\t\t\t<img fetchpriority=\"high\" decoding=\"async\" width=\"1000\" height=\"665\" src=\"https:\/\/soymigrante.com\/revista\/wp-content\/uploads\/2025\/05\/cardamomo-2.webp\" class=\"attachment-large size-large wp-image-34390\" alt=\"Semillas de cardamomo en una cuchara de madera, ingrediente popular en la cocina y la cultura migrante.\" srcset=\"https:\/\/soymigrante.com\/revista\/wp-content\/uploads\/2025\/05\/cardamomo-2.webp 1000w, https:\/\/soymigrante.com\/revista\/wp-content\/uploads\/2025\/05\/cardamomo-2-300x200.jpg 300w, https:\/\/soymigrante.com\/revista\/wp-content\/uploads\/2025\/05\/cardamomo-2-768x511.jpg 768w, https:\/\/soymigrante.com\/revista\/wp-content\/uploads\/2025\/05\/cardamomo-2-750x499.jpg 750w\" sizes=\"(max-width: 1000px) 100vw, 1000px\" title=\"El cardamomo es un grano muy codiciado en el mundo. (Foto: INGUAT) \u2013 SoyMigrante.com REVISTA\" \/>\t\t\t\t\t\t\t\t\t\t\t<figcaption class=\"widget-image-caption wp-caption-text\">Semillas de cardamomo para mejorar la salud y realzar sabores en recetas internacionales.<\/figcaption>\n\t\t\t\t\t\t\t\t\t\t<\/figure>\n\t\t\t\t\t\t\t\t\t<\/div>\n\t\t\t\t\t<\/div>\n\t\t\t\t<\/div>\n\t\t<div data-particle_enable=\"false\" data-particle-mobile-disabled=\"false\" class=\"elementor-element elementor-element-55e428a e-flex e-con-boxed e-con e-parent\" data-id=\"55e428a\" data-element_type=\"container\" data-e-type=\"container\">\n\t\t\t\t\t<div class=\"e-con-inner\">\n\t\t\t\t<div class=\"elementor-element elementor-element-a413c3e elementor-widget elementor-widget-heading\" data-id=\"a413c3e\" data-element_type=\"widget\" data-e-type=\"widget\" data-widget_type=\"heading.default\">\n\t\t\t\t\t<h3 class=\"elementor-heading-title elementor-size-default\">\u00bfD\u00f3nde se cultiva en Guatemala?<\/h3>\t\t\t\t<\/div>\n\t\t\t\t\t<\/div>\n\t\t\t\t<\/div>\n\t\t<div data-particle_enable=\"false\" data-particle-mobile-disabled=\"false\" class=\"elementor-element elementor-element-d74765a e-flex e-con-boxed e-con e-parent\" data-id=\"d74765a\" data-element_type=\"container\" data-e-type=\"container\">\n\t\t\t\t\t<div class=\"e-con-inner\">\n\t\t\t\t<div class=\"elementor-element elementor-element-da33e25 elementor-widget elementor-widget-text-editor\" data-id=\"da33e25\" data-element_type=\"widget\" data-e-type=\"widget\" data-widget_type=\"text-editor.default\">\n\t\t\t\t\t\t\t\t\t<div>El cardamomo se cultiva principalmente en las regiones del norte y occidente del pa\u00eds, en zonas monta\u00f1osas y h\u00famedas. Los principales departamentos productores son:<\/div><div><strong>\u2022Alta Verapaz<\/strong><\/div><div><strong>\u2022Baja Verapaz<\/strong><\/div><div><strong>\u2022Huehuetenango<\/strong><\/div><div><strong>\u2022Quich\u00e9<\/strong><\/div><div><strong>\u2022Izabal<\/strong><\/div><div><strong>\u2022San Marcos<\/strong><\/div><div>\u00a0<\/div><div>Estas regiones ofrecen la altitud (600 a 1,500 metros sobre el nivel del mar), humedad y sombra necesarias para el crecimiento del cardamomo, que suele cultivarse bajo \u00e1rboles en sistemas agroforestales.<\/div>\t\t\t\t\t\t\t\t<\/div>\n\t\t\t\t\t<\/div>\n\t\t\t\t<\/div>\n\t\t<div data-particle_enable=\"false\" data-particle-mobile-disabled=\"false\" class=\"elementor-element elementor-element-ada50dd e-flex e-con-boxed e-con e-parent\" data-id=\"ada50dd\" data-element_type=\"container\" data-e-type=\"container\">\n\t\t\t\t\t<div class=\"e-con-inner\">\n\t\t\t\t<div class=\"elementor-element elementor-element-8ab6962 elementor-widget elementor-widget-heading\" data-id=\"8ab6962\" data-element_type=\"widget\" data-e-type=\"widget\" data-widget_type=\"heading.default\">\n\t\t\t\t\t<h3 class=\"elementor-heading-title elementor-size-default\">\u00bfCu\u00e1nto cuesta?<\/h3>\t\t\t\t<\/div>\n\t\t\t\t\t<\/div>\n\t\t\t\t<\/div>\n\t\t<div data-particle_enable=\"false\" data-particle-mobile-disabled=\"false\" class=\"elementor-element elementor-element-bdb3d32 e-flex e-con-boxed e-con e-parent\" data-id=\"bdb3d32\" data-element_type=\"container\" data-e-type=\"container\">\n\t\t\t\t\t<div class=\"e-con-inner\">\n\t\t\t\t<div class=\"elementor-element elementor-element-6bafff4 elementor-widget elementor-widget-text-editor\" data-id=\"6bafff4\" data-element_type=\"widget\" data-e-type=\"widget\" data-widget_type=\"text-editor.default\">\n\t\t\t\t\t\t\t\t\t<div><a href=\"https:\/\/soymigrante.com\/revista\/tres-comidas-guatemaltecas-que-son-saludables-por-sus-ingredientes-prehispanicos\/\" target=\"_blank\" rel=\"noopener\">El precio del cardamomo puede variar considerablemente seg\u00fan la calidad<\/a>, la demanda internacional y la cotizaci\u00f3n en el mercado global. En promedio:<\/div><div>\u2022En el mercado local, el precio por quintal (46 kg) puede oscilar entre <strong>Q1,500 y Q3,000<\/strong>.<\/div><div>\u2022En el mercado internacional, los precios pueden alcanzar hasta <strong>US$15,000<\/strong> por tonelada, dependiendo de la calidad y el tipo (verde o seco).<\/div><div>\u00a0<\/div><div>Debido a estas variaciones, el cardamomo es considerado un cultivo de alto riesgo, pero tambi\u00e9n de alta rentabilidad.<\/div>\t\t\t\t\t\t\t\t<\/div>\n\t\t\t\t\t<\/div>\n\t\t\t\t<\/div>\n\t\t<div data-particle_enable=\"false\" data-particle-mobile-disabled=\"false\" class=\"elementor-element elementor-element-caa9d56 e-flex e-con-boxed e-con e-parent\" data-id=\"caa9d56\" data-element_type=\"container\" data-e-type=\"container\">\n\t\t\t\t\t<div class=\"e-con-inner\">\n\t\t\t\t<div class=\"elementor-element elementor-element-0199da5 elementor-grid-eael-col-1 elementor-grid-tablet-eael-col-2 elementor-grid-mobile-eael-col-1 elementor-widget elementor-widget-eael-post-grid\" data-id=\"0199da5\" data-element_type=\"widget\" data-e-type=\"widget\" data-settings=\"{&quot;eael_post_grid_columns&quot;:&quot;eael-col-1&quot;,&quot;eael_post_grid_columns_tablet&quot;:&quot;eael-col-2&quot;,&quot;eael_post_grid_columns_mobile&quot;:&quot;eael-col-1&quot;}\" data-widget_type=\"eael-post-grid.default\">\n\t\t\t\t\t<div id=\"eael-post-grid-0199da5\" class=\"eael-post-grid-container\">\n            <div class=\"eael-post-grid eael-post-appender eael-post-appender-0199da5 eael-post-grid-style-one\" data-layout-mode=\"masonry\"><article class=\"eael-grid-post  eael-post-grid-column eael-pg-post-7080 category-recetas-guatemaltecas\" data-id=\"7080\">\n        <div class=\"eael-grid-post-holder\">\n            <div class=\"eael-grid-post-holder-inner\"><div class=\"eael-entry-media\"><div class=\"eael-entry-overlay fade-in\"><i class=\"far fa-hand-pointer\" aria-hidden=\"true\"><\/i><a href=\"https:\/\/soymigrante.com\/revista\/recetas-chapinas-el-siempre-exquisito-pollo-en-crema\/\"><\/a><\/div><div class=\"eael-entry-thumbnail \">\n                <img decoding=\"async\" width=\"1024\" height=\"579\" src=\"https:\/\/soymigrante.com\/revista\/wp-content\/uploads\/2024\/06\/pollo-en-crema-2-1024x579.webp\" class=\"attachment-large size-large wp-image-7081\" alt=\"Campechana de pollo con verduras y ra\u00edz de yuca, plato t\u00edpico de la gastronom\u00eda latinoamericana, ideal para compartir en familia, preparado con ingredientes frescos y sabrosos.\" \/>\n            <\/div>\n        <\/div><div class=\"eael-entry-wrapper\"><header class=\"eael-entry-header\"><h2 class=\"eael-entry-title\"><a class=\"eael-grid-post-link\" href=\"https:\/\/soymigrante.com\/revista\/recetas-chapinas-el-siempre-exquisito-pollo-en-crema\/\" title=\"Delicia chapina: el siempre exquisito pollo en crema\">Delicia chapina: el siempre exquisito pollo en crema<\/a><\/h2><\/header><div class=\"eael-entry-content\">\n                        <div class=\"eael-grid-post-excerpt\"><a href=\"https:\/\/soymigrante.com\/revista\/recetas-chapinas-el-siempre-exquisito-pollo-en-crema\/\" class=\"eael-post-elements-readmore-btn\">CONOCE SU HISTORIA <\/a><\/div>\n                    <\/div><\/div><\/div>\n        <\/div>\n    <\/article><\/div>\n            <div class=\"clearfix\"><\/div>\n        <\/div>\t\t\t\t<\/div>\n\t\t\t\t\t<\/div>\n\t\t\t\t<\/div>\n\t\t<div data-particle_enable=\"false\" data-particle-mobile-disabled=\"false\" class=\"elementor-element elementor-element-80a6189 e-flex e-con-boxed e-con e-parent\" data-id=\"80a6189\" data-element_type=\"container\" data-e-type=\"container\">\n\t\t\t\t\t<div class=\"e-con-inner\">\n\t\t\t\t<div class=\"elementor-element elementor-element-aee5b28 elementor-widget elementor-widget-heading\" data-id=\"aee5b28\" data-element_type=\"widget\" data-e-type=\"widget\" data-widget_type=\"heading.default\">\n\t\t\t\t\t<h3 class=\"elementor-heading-title elementor-size-default\">\u00bfPara qu\u00e9 sirve el cardamomo?<\/h3>\t\t\t\t<\/div>\n\t\t\t\t\t<\/div>\n\t\t\t\t<\/div>\n\t\t<div data-particle_enable=\"false\" data-particle-mobile-disabled=\"false\" class=\"elementor-element elementor-element-396f917 e-flex e-con-boxed e-con e-parent\" data-id=\"396f917\" data-element_type=\"container\" data-e-type=\"container\">\n\t\t\t\t\t<div class=\"e-con-inner\">\n\t\t\t\t<div class=\"elementor-element elementor-element-85fd75c elementor-widget elementor-widget-text-editor\" data-id=\"85fd75c\" data-element_type=\"widget\" data-e-type=\"widget\" data-widget_type=\"text-editor.default\">\n\t\t\t\t\t\t\t\t\t<div>El cardamomo tiene m\u00faltiples usos:<\/div><div>\u2022<strong>Culinarios<\/strong>: se usa como especia en postres, panes, currys, embutidos y bebidas como el t\u00e9 chai.<\/div><div><strong>\u2022Industria farmac\u00e9utica:<\/strong> por sus propiedades digestivas, antis\u00e9pticas y antiinflamatorias.<\/div><div><strong>\u2022Cosm\u00e9tica:<\/strong> se utiliza en la elaboraci\u00f3n de perfumes, cremas y jabones.<\/div><div>\u2022Tradicionalmente, en algunas comunidades mayas tambi\u00e9n es utilizado en rituales y como remedio natural.<\/div>\t\t\t\t\t\t\t\t<\/div>\n\t\t\t\t\t<\/div>\n\t\t\t\t<\/div>\n\t\t<div data-particle_enable=\"false\" data-particle-mobile-disabled=\"false\" class=\"elementor-element elementor-element-707c6df e-flex e-con-boxed e-con e-parent\" data-id=\"707c6df\" data-element_type=\"container\" data-e-type=\"container\">\n\t\t\t\t\t<div class=\"e-con-inner\">\n\t\t\t\t<div class=\"elementor-element elementor-element-70bf9fd elementor-widget elementor-widget-image\" data-id=\"70bf9fd\" data-element_type=\"widget\" data-e-type=\"widget\" data-widget_type=\"image.default\">\n\t\t\t\t\t\t\t\t\t\t\t\t<figure class=\"wp-caption\">\n\t\t\t\t\t\t\t\t\t\t<img decoding=\"async\" width=\"1024\" height=\"673\" src=\"https:\/\/soymigrante.com\/revista\/wp-content\/uploads\/2025\/05\/cardamomo-e-1024x673.jpeg\" class=\"attachment-large size-large wp-image-34391\" alt=\"Alto en cardamomo, tradicional especia utilizada en gastronom\u00eda y remedios naturales, en cuenco de cer\u00e1mica y cuchar\u00f3n de madera sobre mesa de madera r\u00fastica, en enfoque cercano.\" srcset=\"https:\/\/soymigrante.com\/revista\/wp-content\/uploads\/2025\/05\/cardamomo-e-1024x673.jpeg 1024w, https:\/\/soymigrante.com\/revista\/wp-content\/uploads\/2025\/05\/cardamomo-e-300x197.jpeg 300w, https:\/\/soymigrante.com\/revista\/wp-content\/uploads\/2025\/05\/cardamomo-e-768x505.jpeg 768w, https:\/\/soymigrante.com\/revista\/wp-content\/uploads\/2025\/05\/cardamomo-e-750x493.jpeg 750w, https:\/\/soymigrante.com\/revista\/wp-content\/uploads\/2025\/05\/cardamomo-e-1140x750.jpeg 1140w, https:\/\/soymigrante.com\/revista\/wp-content\/uploads\/2025\/05\/cardamomo-e.jpeg 1200w\" sizes=\"(max-width: 1024px) 100vw, 1024px\" title=\"El cardamomo es conocido por su olor y sabor. (Foto: INGUAT) \u2013 SoyMigrante.com REVISTA\" \/>\t\t\t\t\t\t\t\t\t\t\t<figcaption class=\"widget-image-caption wp-caption-text\">Semillas de cardamomo en un cuenco de cer\u00e1mica y cuchar\u00f3n de madera, resaltando sus usos en recetas y remedios naturales, presentado en un entorno r\u00fastico y natural.<\/figcaption>\n\t\t\t\t\t\t\t\t\t\t<\/figure>\n\t\t\t\t\t\t\t\t\t<\/div>\n\t\t\t\t\t<\/div>\n\t\t\t\t<\/div>\n\t\t<div data-particle_enable=\"false\" data-particle-mobile-disabled=\"false\" class=\"elementor-element elementor-element-e7b0cd5 e-flex e-con-boxed e-con e-parent\" data-id=\"e7b0cd5\" data-element_type=\"container\" data-e-type=\"container\">\n\t\t\t\t\t<div class=\"e-con-inner\">\n\t\t\t\t<div class=\"elementor-element elementor-element-62f25eb elementor-widget elementor-widget-heading\" data-id=\"62f25eb\" data-element_type=\"widget\" data-e-type=\"widget\" data-widget_type=\"heading.default\">\n\t\t\t\t\t<h3 class=\"elementor-heading-title elementor-size-default\">Exportaci\u00f3n e importancia econ\u00f3mica<\/h3>\t\t\t\t<\/div>\n\t\t\t\t\t<\/div>\n\t\t\t\t<\/div>\n\t\t<div data-particle_enable=\"false\" data-particle-mobile-disabled=\"false\" class=\"elementor-element elementor-element-1c55804 e-flex e-con-boxed e-con e-parent\" data-id=\"1c55804\" data-element_type=\"container\" data-e-type=\"container\">\n\t\t\t\t\t<div class=\"e-con-inner\">\n\t\t\t\t<div class=\"elementor-element elementor-element-0b62717 elementor-widget elementor-widget-text-editor\" data-id=\"0b62717\" data-element_type=\"widget\" data-e-type=\"widget\" data-widget_type=\"text-editor.default\">\n\t\t\t\t\t\t\t\t\t<div><a href=\"https:\/\/soymigrante.com\/revista\/tres-comidas-guatemaltecas-que-son-saludables-por-sus-ingredientes-prehispanicos\/\" target=\"_blank\" rel=\"noopener\">Guatemala es el primer exportador mundial de cardamomo.<\/a> Aunque no es el mayor productor (India produce m\u00e1s), lidera en exportaciones, ya que la mayor parte del cardamomo guatemalteco va al extranjero.<\/div><div>\u00a0<\/div><div>Principales destinos de exportaci\u00f3n:<\/div><div>\u2022Arabia Saudita<\/div><div>\u2022Emiratos \u00c1rabes Unidos<\/div><div>\u2022Kuwait<\/div><div>\u2022India<\/div><div>\u2022Banglad\u00e9s<\/div><div>\u2022Pakist\u00e1n<\/div><div>\u2022Estados Unidos y Europa (en menor cantidad)<\/div><div>\u00a0<\/div><div>Seg\u00fan datos del Banco de Guatemala, las exportaciones de cardamomo generan anualmente entre<strong> US$400 y US$600 millones<\/strong>, lo que lo convierte en el principal producto agr\u00edcola de exportaci\u00f3n del pa\u00eds, superando incluso al caf\u00e9 y al banano en algunos a\u00f1os.<\/div>\t\t\t\t\t\t\t\t<\/div>\n\t\t\t\t\t<\/div>\n\t\t\t\t<\/div>\n\t\t<div data-particle_enable=\"false\" data-particle-mobile-disabled=\"false\" class=\"elementor-element elementor-element-e8513d9 e-flex e-con-boxed e-con e-parent\" data-id=\"e8513d9\" data-element_type=\"container\" data-e-type=\"container\">\n\t\t\t\t\t<div class=\"e-con-inner\">\n\t\t\t\t<div class=\"elementor-element elementor-element-9377cdb elementor-widget elementor-widget-heading\" data-id=\"9377cdb\" data-element_type=\"widget\" data-e-type=\"widget\" data-widget_type=\"heading.default\">\n\t\t\t\t\t<h3 class=\"elementor-heading-title elementor-size-default\">El impacto social del cardamomo<\/h3>\t\t\t\t<\/div>\n\t\t\t\t\t<\/div>\n\t\t\t\t<\/div>\n\t\t<div data-particle_enable=\"false\" data-particle-mobile-disabled=\"false\" class=\"elementor-element elementor-element-fe79074 e-flex e-con-boxed e-con e-parent\" data-id=\"fe79074\" data-element_type=\"container\" data-e-type=\"container\">\n\t\t\t\t\t<div class=\"e-con-inner\">\n\t\t\t\t<div class=\"elementor-element elementor-element-75ac9a6 elementor-widget elementor-widget-text-editor\" data-id=\"75ac9a6\" data-element_type=\"widget\" data-e-type=\"widget\" data-widget_type=\"text-editor.default\">\n\t\t\t\t\t\t\t\t\t<p><a href=\"https:\/\/soymigrante.com\/revista\/tres-comidas-guatemaltecas-que-son-saludables-por-sus-ingredientes-prehispanicos\/\" target=\"_blank\" rel=\"noopener\">M\u00e1s de 350 mil familias guatemaltecas dependen directa o indirectamente del cultivo de cardamomo.<\/a><\/p><p>La mayor\u00eda son peque\u00f1os agricultores ind\u00edgenas que utilizan m\u00e9todos tradicionales de cultivo. Sin embargo, tambi\u00e9n enfrentan desaf\u00edos como precios fluctuantes, falta de acceso a mercados justos, y problemas de intermediaci\u00f3n que reducen sus ganancias.<\/p><p>Existen iniciativas de comercio justo y cooperativas que buscan mejorar las condiciones de estos productores, garantizando precios estables y acceso a capacitaci\u00f3n y financiamiento.<\/p>\t\t\t\t\t\t\t\t<\/div>\n\t\t\t\t\t<\/div>\n\t\t\t\t<\/div>\n\t\t<div data-particle_enable=\"false\" data-particle-mobile-disabled=\"false\" class=\"elementor-element elementor-element-6354b50 e-flex e-con-boxed e-con e-parent\" data-id=\"6354b50\" data-element_type=\"container\" data-e-type=\"container\">\n\t\t\t\t\t<div class=\"e-con-inner\">\n\t\t\t\t<div class=\"elementor-element elementor-element-9ab5a01 elementor-widget elementor-widget-image\" data-id=\"9ab5a01\" data-element_type=\"widget\" data-e-type=\"widget\" data-widget_type=\"image.default\">\n\t\t\t\t\t\t\t\t\t\t\t\t<figure class=\"wp-caption\">\n\t\t\t\t\t\t\t\t\t\t<img loading=\"lazy\" decoding=\"async\" width=\"474\" height=\"323\" src=\"https:\/\/soymigrante.com\/revista\/wp-content\/uploads\/2025\/05\/cardamomo-4.webp\" class=\"attachment-large size-large wp-image-34392\" alt=\"C\u00e1rtamo de semillas en plato de cer\u00e1mica sobre mesa de madera, ingrediente natural, utilizado en cocina, salud, remedios tradicionales y productos naturales.\" srcset=\"https:\/\/soymigrante.com\/revista\/wp-content\/uploads\/2025\/05\/cardamomo-4.webp 474w, https:\/\/soymigrante.com\/revista\/wp-content\/uploads\/2025\/05\/cardamomo-4-300x204.jpg 300w\" sizes=\"(max-width: 474px) 100vw, 474px\" title=\"El cardamomo es rico por su olor y mejora el aliento. (Foto: INGUAT) \u2013 SoyMigrante.com REVISTA\" \/>\t\t\t\t\t\t\t\t\t\t\t<figcaption class=\"widget-image-caption wp-caption-text\">Semillas de cardamomo frescas en plato de cer\u00e1mica, ingredientes naturales para la cocina, la salud y remedios tradicionales en la cultura hispana.<\/figcaption>\n\t\t\t\t\t\t\t\t\t\t<\/figure>\n\t\t\t\t\t\t\t\t\t<\/div>\n\t\t\t\t\t<\/div>\n\t\t\t\t<\/div>\n\t\t<div data-particle_enable=\"false\" data-particle-mobile-disabled=\"false\" class=\"elementor-element elementor-element-5a9b6fa e-flex e-con-boxed e-con e-parent\" data-id=\"5a9b6fa\" data-element_type=\"container\" data-e-type=\"container\">\n\t\t\t\t\t<div class=\"e-con-inner\">\n\t\t\t\t<div class=\"elementor-element elementor-element-95844b0 elementor-widget elementor-widget-heading\" data-id=\"95844b0\" data-element_type=\"widget\" data-e-type=\"widget\" data-widget_type=\"heading.default\">\n\t\t\t\t\t<h3 class=\"elementor-heading-title elementor-size-default\">Un s\u00edmbolo nacional<\/h3>\t\t\t\t<\/div>\n\t\t\t\t\t<\/div>\n\t\t\t\t<\/div>\n\t\t<div data-particle_enable=\"false\" data-particle-mobile-disabled=\"false\" class=\"elementor-element elementor-element-e57810e e-flex e-con-boxed e-con e-parent\" data-id=\"e57810e\" data-element_type=\"container\" data-e-type=\"container\">\n\t\t\t\t\t<div class=\"e-con-inner\">\n\t\t\t\t<div class=\"elementor-element elementor-element-c8c87ba elementor-widget elementor-widget-text-editor\" data-id=\"c8c87ba\" data-element_type=\"widget\" data-e-type=\"widget\" data-widget_type=\"text-editor.default\">\n\t\t\t\t\t\t\t\t\t<p>El cardamomo no solo es un motor econ\u00f3mico, sino tambi\u00e9n un s\u00edmbolo de resiliencia y trabajo rural. En mercados internacionales, la etiqueta \u201cCardamomo de Guatemala\u201d es sin\u00f3nimo de calidad. En las comunidades que lo cultivan, representa historia, cultura y subsistencia.<\/p><p><a href=\"https:\/\/soymigrante.com\/revista\/tres-comidas-guatemaltecas-que-son-saludables-por-sus-ingredientes-prehispanicos\/\" target=\"_blank\" rel=\"noopener\">Con su color verde intenso, su aroma embriagador y su papel clave en la econom\u00eda nacional,<\/a> el cardamomo contin\u00faa siendo, sin duda, uno de los tesoros m\u00e1s valiosos de Guatemala.<\/p>\t\t\t\t\t\t\t\t<\/div>\n\t\t\t\t\t<\/div>\n\t\t\t\t<\/div>\n\t\t<div data-particle_enable=\"false\" data-particle-mobile-disabled=\"false\" class=\"elementor-element elementor-element-29f99dd e-flex e-con-boxed e-con e-parent\" data-id=\"29f99dd\" data-element_type=\"container\" data-e-type=\"container\">\n\t\t\t\t\t<div class=\"e-con-inner\">\n\t\t\t\t<div class=\"elementor-element elementor-element-35e7c29 elementor-widget elementor-widget-heading\" data-id=\"35e7c29\" data-element_type=\"widget\" data-e-type=\"widget\" data-widget_type=\"heading.default\">\n\t\t\t\t\t<h2 class=\"elementor-heading-title elementor-size-default\">Conoce m\u00e1s de la gastronom\u00eda de Guatemala, ac\u00e1...<\/h2>\t\t\t\t<\/div>\n\t\t\t\t\t<\/div>\n\t\t\t\t<\/div>\n\t\t<div data-particle_enable=\"false\" data-particle-mobile-disabled=\"false\" class=\"elementor-element elementor-element-f85404c e-flex e-con-boxed e-con e-parent\" data-id=\"f85404c\" data-element_type=\"container\" data-e-type=\"container\">\n\t\t\t\t\t<div class=\"e-con-inner\">\n\t\t\t\t<div class=\"elementor-element elementor-element-69d58c3 elementor-grid-eael-col-3 elementor-grid-tablet-eael-col-2 elementor-grid-mobile-eael-col-1 elementor-widget elementor-widget-eael-post-grid\" data-id=\"69d58c3\" data-element_type=\"widget\" data-e-type=\"widget\" data-settings=\"{&quot;eael_post_grid_columns&quot;:&quot;eael-col-3&quot;,&quot;eael_post_grid_columns_tablet&quot;:&quot;eael-col-2&quot;,&quot;eael_post_grid_columns_mobile&quot;:&quot;eael-col-1&quot;}\" data-widget_type=\"eael-post-grid.default\">\n\t\t\t\t\t<div id=\"eael-post-grid-69d58c3\" class=\"eael-post-grid-container\">\n            <div class=\"eael-post-grid eael-post-appender eael-post-appender-69d58c3 eael-post-grid-style-one\" data-layout-mode=\"masonry\"><article class=\"eael-grid-post  eael-post-grid-column eael-pg-post-26536 category-guate-nuestra\" data-id=\"26536\">\n        <div class=\"eael-grid-post-holder\">\n            <div class=\"eael-grid-post-holder-inner\"><div class=\"eael-entry-media\"><div class=\"eael-entry-overlay fade-in\"><i class=\"far fa-hand-pointer\" aria-hidden=\"true\"><\/i><a href=\"https:\/\/soymigrante.com\/revista\/las-comidas-de-semana-santa-en-guatemala-tradicion-y-sabor\/\"><\/a><\/div><div class=\"eael-entry-thumbnail \">\n                <img loading=\"lazy\" decoding=\"async\" width=\"259\" height=\"194\" src=\"https:\/\/soymigrante.com\/revista\/wp-content\/uploads\/2025\/02\/comida-de-semana-santa.webp\" class=\"attachment-large size-large wp-image-26537\" alt=\"Deliciosa comida tradicional con pollo en salsa, acompa\u00f1ado de pur\u00e9 de papas, en una presentaci\u00f3n colorida y apetitosa.\" \/>\n            <\/div>\n        <\/div><div class=\"eael-entry-wrapper\"><header class=\"eael-entry-header\"><h2 class=\"eael-entry-title\"><a class=\"eael-grid-post-link\" href=\"https:\/\/soymigrante.com\/revista\/las-comidas-de-semana-santa-en-guatemala-tradicion-y-sabor\/\" title=\"Comidas tradicionales de Cuaresma y Semana Santa en Guatemala\">Comidas tradicionales de Cuaresma y Semana Santa en Guatemala<\/a><\/h2><\/header><div class=\"eael-entry-content\">\n                        <div class=\"eael-grid-post-excerpt\"><a href=\"https:\/\/soymigrante.com\/revista\/las-comidas-de-semana-santa-en-guatemala-tradicion-y-sabor\/\" class=\"eael-post-elements-readmore-btn\">CONOCE SU HISTORIA <\/a><\/div>\n                    <\/div><\/div><\/div>\n        <\/div>\n    <\/article><article class=\"eael-grid-post  eael-post-grid-column eael-pg-post-10022 category-guate-nuestra\" data-id=\"10022\">\n        <div class=\"eael-grid-post-holder\">\n            <div class=\"eael-grid-post-holder-inner\"><div class=\"eael-entry-media\"><div class=\"eael-entry-overlay fade-in\"><i class=\"far fa-hand-pointer\" aria-hidden=\"true\"><\/i><a href=\"https:\/\/soymigrante.com\/revista\/tres-comidas-guatemaltecas-que-son-saludables-por-sus-ingredientes-prehispanicos\/\"><\/a><\/div><div class=\"eael-entry-thumbnail \">\n                <img loading=\"lazy\" decoding=\"async\" width=\"760\" height=\"760\" src=\"https:\/\/soymigrante.com\/revista\/wp-content\/uploads\/2024\/10\/feature-comida-saludable.webp\" class=\"attachment-large size-large wp-image-10024\" alt=\"Deleite de un plato tradicional mexicano con pollo, arroz, tortillas y vegetales frescos en un ambiente cultural. Ideal para quienes buscan gastronom\u00eda aut\u00e9ntica y sabores tradicionales.\" srcset=\"https:\/\/soymigrante.com\/revista\/wp-content\/uploads\/2024\/10\/feature-comida-saludable.webp 760w, https:\/\/soymigrante.com\/revista\/wp-content\/uploads\/2024\/10\/feature-comida-saludable-300x300.webp 300w, https:\/\/soymigrante.com\/revista\/wp-content\/uploads\/2024\/10\/feature-comida-saludable-150x150.webp 150w, https:\/\/soymigrante.com\/revista\/wp-content\/uploads\/2024\/10\/feature-comida-saludable-75x75.webp 75w, https:\/\/soymigrante.com\/revista\/wp-content\/uploads\/2024\/10\/feature-comida-saludable-750x750.webp 750w\" sizes=\"(max-width: 760px) 100vw, 760px\" \/>\n            <\/div>\n        <\/div><div class=\"eael-entry-wrapper\"><header class=\"eael-entry-header\"><h2 class=\"eael-entry-title\"><a class=\"eael-grid-post-link\" href=\"https:\/\/soymigrante.com\/revista\/tres-comidas-guatemaltecas-que-son-saludables-por-sus-ingredientes-prehispanicos\/\" title=\"Tres comidas guatemaltecas que son saludables por sus ingredientes prehisp\u00e1nicos\">Tres comidas guatemaltecas que son saludables por sus ingredientes prehisp\u00e1nicos<\/a><\/h2><\/header><div class=\"eael-entry-content\">\n                        <div class=\"eael-grid-post-excerpt\"><a href=\"https:\/\/soymigrante.com\/revista\/tres-comidas-guatemaltecas-que-son-saludables-por-sus-ingredientes-prehispanicos\/\" class=\"eael-post-elements-readmore-btn\">CONOCE SU HISTORIA <\/a><\/div>\n                    <\/div><\/div><\/div>\n        <\/div>\n    <\/article><article class=\"eael-grid-post  eael-post-grid-column eael-pg-post-6785 category-guate-nuestra-recetas-guatemaltecas\" data-id=\"6785\">\n        <div class=\"eael-grid-post-holder\">\n            <div class=\"eael-grid-post-holder-inner\"><div class=\"eael-entry-media\"><div class=\"eael-entry-overlay fade-in\"><i class=\"far fa-hand-pointer\" aria-hidden=\"true\"><\/i><a href=\"https:\/\/soymigrante.com\/revista\/recetas-chapinas-subanik-comida-ceremonial-de-los-reyes\/\"><\/a><\/div><div class=\"eael-entry-thumbnail \">\n                <img loading=\"lazy\" decoding=\"async\" width=\"511\" height=\"511\" src=\"https:\/\/soymigrante.com\/revista\/wp-content\/uploads\/2024\/05\/recados-guatemaltecos-una-delicia-de-la-cultura-maya-.webp\" class=\"attachment-large size-large wp-image-6786\" alt=\"Guiso tradicional mexicano en tinajas de barro con cuchara, comida casera y aut\u00e9ntica, cercana a la gastronom\u00eda mexicana, en un mercado o cocina tradicional, representaci\u00f3n de la cultura culinaria de M\u00e9xico.\" srcset=\"https:\/\/soymigrante.com\/revista\/wp-content\/uploads\/2024\/05\/recados-guatemaltecos-una-delicia-de-la-cultura-maya-.webp 511w, https:\/\/soymigrante.com\/revista\/wp-content\/uploads\/2024\/05\/recados-guatemaltecos-una-delicia-de-la-cultura-maya--300x300.webp 300w, https:\/\/soymigrante.com\/revista\/wp-content\/uploads\/2024\/05\/recados-guatemaltecos-una-delicia-de-la-cultura-maya--150x150.webp 150w, https:\/\/soymigrante.com\/revista\/wp-content\/uploads\/2024\/05\/recados-guatemaltecos-una-delicia-de-la-cultura-maya--75x75.webp 75w\" sizes=\"(max-width: 511px) 100vw, 511px\" \/>\n            <\/div>\n        <\/div><div class=\"eael-entry-wrapper\"><header class=\"eael-entry-header\"><h2 class=\"eael-entry-title\"><a class=\"eael-grid-post-link\" href=\"https:\/\/soymigrante.com\/revista\/recetas-chapinas-subanik-comida-ceremonial-de-los-reyes\/\" title=\"El Suban&#8217;ik es comida de reyes y es un platillo ideal para festejar\">El Suban&#8217;ik es comida de reyes y es un platillo ideal para festejar<\/a><\/h2><\/header><div class=\"eael-entry-content\">\n                        <div class=\"eael-grid-post-excerpt\"><a href=\"https:\/\/soymigrante.com\/revista\/recetas-chapinas-subanik-comida-ceremonial-de-los-reyes\/\" class=\"eael-post-elements-readmore-btn\">CONOCE SU HISTORIA <\/a><\/div>\n                    <\/div><\/div><\/div>\n        <\/div>\n    <\/article><\/div>\n            <div class=\"clearfix\"><\/div>\n        <\/div>\t\t\t\t<\/div>\n\t\t\t\t\t<\/div>\n\t\t\t\t<\/div>\n\t\t\t\t<\/div>\n\t\t","protected":false},"excerpt":{"rendered":"<p>El cardamomo es un grano arom\u00e1tico que representa a Guatemala y su riqueza en el suelo. Guatemala es reconocida mundialmente por su diversidad cultural y su riqueza natural. Entre sus tesoros agr\u00edcolas destaca un peque\u00f1o fruto de gran valor: el cardamomo. Conocido como el \u201coro verde\u201d, este arom\u00e1tico grano no solo representa una fuente vital [&hellip;]<\/p>\n","protected":false},"author":19,"featured_media":34382,"comment_status":"open","ping_status":"open","sticky":false,"template":"","format":"standard","meta":{"_acf_changed":false,"_eb_attr":"","footnotes":""},"categories":[58],"tags":[],"class_list":["post-34381","post","type-post","status-publish","format-standard","has-post-thumbnail","hentry","category-guate-nuestra"],"acf":[],"aioseo_notices":[],"aioseo_head":"\n\t\t<!-- All in One SEO Pro 4.9.6.2 - aioseo.com -->\n\t<meta name=\"description\" content=\"El Suban\u2019ik es una recado de Guatemala, su or\u00edgen es ancestral. Seg\u00fan la historia del pueblo kaqchiquel esta comida se serv\u00eda a los reyes de este pueblo maya.\" \/>\n\t<meta name=\"robots\" content=\"max-snippet:-1, max-image-preview:large, max-video-preview:-1\" \/>\n\t<meta name=\"author\" content=\"Mynor Toc\"\/>\n\t<link rel=\"canonical\" href=\"https:\/\/soymigrante.com\/revista\/recetas-chapinas-subanik-comida-ceremonial-de-los-reyes\/\" \/>\n\t<meta name=\"generator\" content=\"All in One SEO Pro (AIOSEO) 4.9.6.2\" \/>\n\n\t\t<link rel=\"preconnect\" href=\"https:\/\/fonts.googleapis.com\" crossorigin>\n<link rel=\"preconnect\" href=\"https:\/\/fonts.gstatic.com\" crossorigin>\n\t\t<meta property=\"og:locale\" content=\"es_ES\" \/>\n\t\t<meta property=\"og:site_name\" content=\"SoyMigrante.com REVISTA \u2013 Nuestra misi\u00f3n es reconocer y dignificar al migrante.\" \/>\n\t\t<meta property=\"og:type\" content=\"article\" \/>\n\t\t<meta property=\"og:title\" content=\"El Suban\u2019ik es comida de reyes y es un platillo ideal para festejar\" \/>\n\t\t<meta property=\"og:description\" content=\"El Suban\u2019ik es una recado de Guatemala, su or\u00edgen es ancestral. Seg\u00fan la historia del pueblo kaqchiquel esta comida se serv\u00eda a los reyes de este pueblo maya.\" \/>\n\t\t<meta property=\"og:url\" content=\"https:\/\/soymigrante.com\/revista\/recetas-chapinas-subanik-comida-ceremonial-de-los-reyes\/\" \/>\n\t\t<meta property=\"og:image\" content=\"https:\/\/soymigrante.com\/revista\/wp-content\/uploads\/2024\/05\/recados-guatemaltecos-una-delicia-de-la-cultura-maya-.webp\" \/>\n\t\t<meta property=\"og:image:secure_url\" content=\"https:\/\/soymigrante.com\/revista\/wp-content\/uploads\/2024\/05\/recados-guatemaltecos-una-delicia-de-la-cultura-maya-.webp\" \/>\n\t\t<meta property=\"og:image:width\" content=\"511\" \/>\n\t\t<meta property=\"og:image:height\" content=\"511\" \/>\n\t\t<meta property=\"article:published_time\" content=\"2024-07-17T15:32:27+00:00\" \/>\n\t\t<meta property=\"article:modified_time\" content=\"2025-06-20T22:30:02+00:00\" \/>\n\t\t<meta property=\"article:publisher\" content=\"https:\/\/www.facebook.com\/soymigrantecom\" \/>\n\t\t<meta name=\"twitter:card\" content=\"summary_large_image\" \/>\n\t\t<meta name=\"twitter:site\" content=\"@SoyMigrante_com\" \/>\n\t\t<meta name=\"twitter:title\" content=\"El Suban\u2019ik es comida de reyes y es un platillo ideal para festejar\" \/>\n\t\t<meta name=\"twitter:description\" content=\"El Suban\u2019ik es una recado de Guatemala, su or\u00edgen es ancestral. Seg\u00fan la historia del pueblo kaqchiquel esta comida se serv\u00eda a los reyes de este pueblo maya.\" \/>\n\t\t<meta name=\"twitter:creator\" content=\"@SoyMigrante_com\" \/>\n\t\t<meta name=\"twitter:image\" content=\"https:\/\/soymigrante.com\/revista\/wp-content\/uploads\/2024\/05\/recados-guatemaltecos-una-delicia-de-la-cultura-maya-.webp\" \/>\n\t\t<!-- All in One SEO Pro -->\r\n\t\t<title>El Suban\u2019ik es comida de reyes y es un platillo ideal para festejar<\/title>\n\n","aioseo_head_json":{"title":"El Suban\u2019ik es comida de reyes y es un platillo ideal para festejar","description":"El Suban\u2019ik es una recado de Guatemala, su or\u00edgen es ancestral. Seg\u00fan la historia del pueblo kaqchiquel esta comida se serv\u00eda a los reyes de este pueblo maya.","canonical_url":"https:\/\/soymigrante.com\/revista\/recetas-chapinas-subanik-comida-ceremonial-de-los-reyes\/","robots":"max-snippet:-1, max-image-preview:large, max-video-preview:-1","keywords":"","webmasterTools":{"miscellaneous":"&lt;link rel=\"preconnect\" href=\"https:\/\/fonts.googleapis.com\" crossorigin&gt;\n&lt;link rel=\"preconnect\" href=\"https:\/\/fonts.gstatic.com\" crossorigin&gt;"},"schema":null,"og:locale":"es_ES","og:site_name":"SoyMigrante.com REVISTA \u2013 Nuestra misi\u00f3n es reconocer y dignificar al migrante.","og:type":"article","og:title":"El Suban\u2019ik es comida de reyes y es un platillo ideal para festejar","og:description":"El Suban\u2019ik es una recado de Guatemala, su or\u00edgen es ancestral. Seg\u00fan la historia del pueblo kaqchiquel esta comida se serv\u00eda a los reyes de este pueblo maya.","og:url":"https:\/\/soymigrante.com\/revista\/recetas-chapinas-subanik-comida-ceremonial-de-los-reyes\/","og:image":"https:\/\/soymigrante.com\/revista\/wp-content\/uploads\/2024\/05\/recados-guatemaltecos-una-delicia-de-la-cultura-maya-.webp","og:image:secure_url":"https:\/\/soymigrante.com\/revista\/wp-content\/uploads\/2024\/05\/recados-guatemaltecos-una-delicia-de-la-cultura-maya-.webp","og:image:width":511,"og:image:height":511,"article:published_time":"2024-07-17T15:32:27+00:00","article:modified_time":"2025-06-20T22:30:02+00:00","article:publisher":"https:\/\/www.facebook.com\/soymigrantecom","twitter:card":"summary_large_image","twitter:site":"@SoyMigrante_com","twitter:title":"El Suban\u2019ik es comida de reyes y es un platillo ideal para festejar","twitter:description":"El Suban\u2019ik es una recado de Guatemala, su or\u00edgen es ancestral. Seg\u00fan la historia del pueblo kaqchiquel esta comida se serv\u00eda a los reyes de este pueblo maya.","twitter:creator":"@SoyMigrante_com","twitter:image":"https:\/\/soymigrante.com\/revista\/wp-content\/uploads\/2024\/05\/recados-guatemaltecos-una-delicia-de-la-cultura-maya-.webp"},"aioseo_meta_data":{"post_id":"34381","title":null,"description":"El cardamomo es un grano arom\u00e1tico que representa a Guatemala y su riqueza en el suelo.","keywords":null,"keyphrases":{"focus":{"keyphrase":"Cardamomo","score":87,"analysis":{"keyphraseInTitle":{"score":9,"maxScore":9,"error":0},"keyphraseInDescription":{"score":9,"maxScore":9,"error":0},"keyphraseLength":{"score":9,"maxScore":9,"error":0,"length":1},"keyphraseInURL":{"score":5,"maxScore":5,"error":0},"keyphraseInIntroduction":{"score":9,"maxScore":9,"error":0},"keyphraseInSubHeadings":{"score":9,"maxScore":9,"error":0},"keyphraseInImageAlt":{"score":9,"maxScore":9,"error":0},"keywordDensity":{"type":"high","score":0,"maxScore":9,"error":1}}},"additional":[]},"primary_term":null,"canonical_url":null,"og_title":null,"og_description":null,"og_object_type":"default","og_image_type":"default","og_image_url":null,"og_image_width":null,"og_image_height":null,"og_image_custom_url":null,"og_image_custom_fields":null,"og_video":"","og_custom_url":null,"og_article_section":null,"og_article_tags":null,"twitter_use_og":false,"twitter_card":"default","twitter_image_type":"default","twitter_image_url":null,"twitter_image_custom_url":null,"twitter_image_custom_fields":null,"twitter_title":null,"twitter_description":null,"schema":{"blockGraphs":[],"customGraphs":[],"default":{"data":{"Article":[],"Course":[],"Dataset":[],"FAQPage":[],"Movie":[],"Person":[],"Product":[],"ProductReview":[],"Car":[],"Recipe":[],"Service":[],"SoftwareApplication":[],"WebPage":[]},"graphName":"none","isEnabled":true},"graphs":[]},"schema_type":"default","schema_type_options":null,"pillar_content":false,"robots_default":true,"robots_noindex":false,"robots_noarchive":false,"robots_nosnippet":false,"robots_nofollow":false,"robots_noimageindex":false,"robots_noodp":false,"robots_notranslate":false,"robots_max_snippet":"-1","robots_max_videopreview":"-1","robots_max_imagepreview":"large","priority":null,"frequency":"default","local_seo":null,"seo_analyzer_scan_date":"2025-10-09 08:17:14","breadcrumb_settings":null,"limit_modified_date":false,"reviewed_by":"0","open_ai":"{\"title\":{\"suggestions\":[],\"usage\":0},\"description\":{\"suggestions\":[],\"usage\":0}}","ai":{"faqs":[],"keyPoints":[],"titles":[],"descriptions":[],"socialPosts":{"email":[],"linkedin":[],"twitter":[],"facebook":[],"instagram":[]}},"created":"2025-05-23 18:02:45","updated":"2026-02-05 04:34:43"},"aioseo_breadcrumb":"<div class=\"aioseo-breadcrumbs\"><span class=\"aioseo-breadcrumb\">\n\t<a href=\"https:\/\/soymigrante.com\/revista\" title=\"Home\">Home<\/a>\n<\/span><span class=\"aioseo-breadcrumb-separator\">\u00bb<\/span><span class=\"aioseo-breadcrumb\">\n\t<a href=\"https:\/\/soymigrante.com\/revista\/category\/guate-nuestra\/\" title=\"Guate Nuestra\">Guate Nuestra<\/a>\n<\/span><span class=\"aioseo-breadcrumb-separator\">\u00bb<\/span><span class=\"aioseo-breadcrumb\">\n\tEl cardamomo: oro verde y arom\u00e1tico que simboliza a Guatemala\n<\/span><\/div>","aioseo_breadcrumb_json":[{"label":"Home","link":"https:\/\/soymigrante.com\/revista"},{"label":"Guate Nuestra","link":"https:\/\/soymigrante.com\/revista\/category\/guate-nuestra\/"},{"label":"El cardamomo: oro verde y arom\u00e1tico que simboliza a Guatemala","link":"https:\/\/soymigrante.com\/revista\/el-cardamomo-el-oro-verde-que-simboliza-a-guatemala\/"}],"_links":{"self":[{"href":"https:\/\/soymigrante.com\/revista\/wp-json\/wp\/v2\/posts\/34381","targetHints":{"allow":["GET"]}}],"collection":[{"href":"https:\/\/soymigrante.com\/revista\/wp-json\/wp\/v2\/posts"}],"about":[{"href":"https:\/\/soymigrante.com\/revista\/wp-json\/wp\/v2\/types\/post"}],"author":[{"embeddable":true,"href":"https:\/\/soymigrante.com\/revista\/wp-json\/wp\/v2\/users\/19"}],"replies":[{"embeddable":true,"href":"https:\/\/soymigrante.com\/revista\/wp-json\/wp\/v2\/comments?post=34381"}],"version-history":[{"count":20,"href":"https:\/\/soymigrante.com\/revista\/wp-json\/wp\/v2\/posts\/34381\/revisions"}],"predecessor-version":[{"id":43746,"href":"https:\/\/soymigrante.com\/revista\/wp-json\/wp\/v2\/posts\/34381\/revisions\/43746"}],"wp:featuredmedia":[{"embeddable":true,"href":"https:\/\/soymigrante.com\/revista\/wp-json\/wp\/v2\/media\/34382"}],"wp:attachment":[{"href":"https:\/\/soymigrante.com\/revista\/wp-json\/wp\/v2\/media?parent=34381"}],"wp:term":[{"taxonomy":"category","embeddable":true,"href":"https:\/\/soymigrante.com\/revista\/wp-json\/wp\/v2\/categories?post=34381"},{"taxonomy":"post_tag","embeddable":true,"href":"https:\/\/soymigrante.com\/revista\/wp-json\/wp\/v2\/tags?post=34381"}],"curies":[{"name":"wp","href":"https:\/\/api.w.org\/{rel}","templated":true}]}}