{"id":34380,"date":"2025-05-23T15:47:18","date_gmt":"2025-05-23T21:47:18","guid":{"rendered":"https:\/\/soymigrante.com\/revista\/?p=34380"},"modified":"2025-05-23T18:13:37","modified_gmt":"2025-05-24T00:13:37","slug":"un-tejido-de-una-abuela-maya-es-tan-valioso-como-un-software-de-silicon-valley-marcos-antil-en-foro-de-industria-creativa","status":"publish","type":"post","link":"https:\/\/soymigrante.com\/revista\/un-tejido-de-una-abuela-maya-es-tan-valioso-como-un-software-de-silicon-valley-marcos-antil-en-foro-de-industria-creativa\/","title":{"rendered":"&#8220;Un tejido de una abuela maya es tan valioso como un software de Silicon Valley&#8221;: Marcos Antil en foro de industria creativa"},"content":{"rendered":"\t\t<div data-elementor-type=\"wp-post\" data-elementor-id=\"34380\" class=\"elementor elementor-34380\" data-elementor-post-type=\"post\">\n\t\t\t\t<div data-particle_enable=\"false\" data-particle-mobile-disabled=\"false\" class=\"elementor-element elementor-element-8465a9f e-flex e-con-boxed e-con e-parent\" data-id=\"8465a9f\" data-element_type=\"container\" data-e-type=\"container\">\n\t\t\t\t\t<div class=\"e-con-inner\">\n\t\t\t\t<div class=\"elementor-element elementor-element-d298cf8 elementor-widget elementor-widget-heading\" data-id=\"d298cf8\" data-element_type=\"widget\" data-e-type=\"widget\" data-widget_type=\"heading.default\">\n\t\t\t\t\t<h2 class=\"elementor-heading-title elementor-size-default\">\"La tecnolog\u00eda sin identidad es vac\u00eda; la identidad sin tenncolog\u00eda es muda\": Marcos Antil, emprendedor tecnol\u00f3gico y CEO de SoyMigrante.com en foro sobre el potencial y futuro de los productos artesanales, tradicionales y hechos a mano en festival Centroam\u00e9rica Cuenta. <\/h2>\t\t\t\t<\/div>\n\t\t\t\t\t<\/div>\n\t\t\t\t<\/div>\n\t\t<div data-particle_enable=\"false\" data-particle-mobile-disabled=\"false\" class=\"elementor-element elementor-element-ff9ed6e e-flex e-con-boxed e-con e-parent\" data-id=\"ff9ed6e\" data-element_type=\"container\" data-e-type=\"container\">\n\t\t\t\t\t<div class=\"e-con-inner\">\n\t\t\t\t<div class=\"elementor-element elementor-element-7a9bc31 elementor-widget elementor-widget-text-editor\" data-id=\"7a9bc31\" data-element_type=\"widget\" data-e-type=\"widget\" data-widget_type=\"text-editor.default\">\n\t\t\t\t\t\t\t\t\t<p>En el marco del festival <a href=\"https:\/\/www.centroamericacuenta.com\/\">Centroam\u00e9rica Cuenta<\/a>, en Guatemala, el Palacio Nacional de la Cultura de Guatemala fue escenario de un vibrante di\u00e1logo sobre creatividad, tecnolog\u00eda e identidad artesanal: la conversaci\u00f3n reuni\u00f3 a Mar\u00eda Pacheco, fundadora de <a href=\"https:\/\/www.wakamiguatemala.com\/\">Wakami,<\/a> al empresario tecnol\u00f3gico Marcos Antil, CEO de <a href=\"https:\/\/soymigrante.com\/\">SoyMigrante.com<\/a> y a la economista colombiana Carolina Van der Huck, gerente de econom\u00edas creativas del <a href=\"https:\/\/www.caf.com\/\">Banco de desarrollo CAF.<\/a> La moderadora fue Claudia Neira, de Nicaragua.<\/p>\n<p>\u201cDesde <a href=\"https:\/\/www.caf.com\/\">CAF,<\/a> entendemos las econom\u00edas creativas como aquellas cuya materia prima es la cultura y la creatividad,\u201d explic\u00f3 Carolina,&nbsp; subrayando el potencial econ\u00f3mico de pr\u00e1cticas, habilidades y creaciones culturales y comuniarias que a veces se subestiman.<\/p>\t\t\t\t\t\t\t\t<\/div>\n\t\t\t\t\t<\/div>\n\t\t\t\t<\/div>\n\t\t<div data-particle_enable=\"false\" data-particle-mobile-disabled=\"false\" class=\"elementor-element elementor-element-5a4be07 e-flex e-con-boxed e-con e-parent\" data-id=\"5a4be07\" data-element_type=\"container\" data-e-type=\"container\">\n\t\t\t\t\t<div class=\"e-con-inner\">\n\t\t\t\t<div class=\"elementor-element elementor-element-98a2704 elementor-widget elementor-widget-heading\" data-id=\"98a2704\" data-element_type=\"widget\" data-e-type=\"widget\" data-widget_type=\"heading.default\">\n\t\t\t\t\t<h4 class=\"elementor-heading-title elementor-size-default\">Clic en la imagen si deseas ver el di\u00e1logo en video<\/h4>\t\t\t\t<\/div>\n\t\t\t\t\t<\/div>\n\t\t\t\t<\/div>\n\t\t<div data-particle_enable=\"false\" data-particle-mobile-disabled=\"false\" class=\"elementor-element elementor-element-ceaca6d e-flex e-con-boxed e-con e-parent\" data-id=\"ceaca6d\" data-element_type=\"container\" data-e-type=\"container\">\n\t\t\t\t\t<div class=\"e-con-inner\">\n\t\t\t\t<div class=\"elementor-element elementor-element-02458f8 elementor-invisible elementor-widget elementor-widget-image\" data-id=\"02458f8\" data-element_type=\"widget\" data-e-type=\"widget\" data-settings=\"{&quot;_animation&quot;:&quot;slideInUp&quot;}\" data-widget_type=\"image.default\">\n\t\t\t\t\t\t\t\t\t\t\t\t<figure class=\"wp-caption\">\n\t\t\t\t\t\t\t\t\t\t\t<a href=\"https:\/\/www.youtube.com\/watch?v=hLjCILReMoY\">\n\t\t\t\t\t\t\t<img fetchpriority=\"high\" decoding=\"async\" width=\"768\" height=\"563\" src=\"https:\/\/soymigrante.com\/revista\/wp-content\/uploads\/2025\/05\/industrias-creativas-innovacion-tecnologia-1.webp\" class=\"elementor-animation-pop attachment-large size-large wp-image-34447\" alt=\"Empoderamiento de migrantes, panel de discusi\u00f3n sobre industrias creativas, evento en soy migrante, foro migratorio, inclusi\u00f3n laboral, derechos de migrantes en Am\u00e9rica Latina, innovaci\u00f3n en migraci\u00f3n, interculturalidad y empleo, participaci\u00f3n comunitaria en migraci\u00f3n, SoyMigrante.com REVISTA.\" srcset=\"https:\/\/soymigrante.com\/revista\/wp-content\/uploads\/2025\/05\/industrias-creativas-innovacion-tecnologia-1.webp 926w, https:\/\/soymigrante.com\/revista\/wp-content\/uploads\/2025\/05\/industrias-creativas-innovacion-tecnologia-1-300x220.jpg 300w, https:\/\/soymigrante.com\/revista\/wp-content\/uploads\/2025\/05\/industrias-creativas-innovacion-tecnologia-1-768x563.jpg 768w, https:\/\/soymigrante.com\/revista\/wp-content\/uploads\/2025\/05\/industrias-creativas-innovacion-tecnologia-1-750x550.webp 750w\" sizes=\"(max-width: 768px) 100vw, 768px\" title=\"En el foto Crear para transformar las industrias creativas participar\u00f3n Carolina van der Huck. economista colombiana; Mar\u00eda Pacheco, guatemalteca fundadora  de Wakami, y Marcops Antil, emprendedor tecnol\u00f3gico y CEO de SoyMigrante.com MERCADO.  SI DESEA VER TODO EL DI\u00c1LOGO EN VIDEO, CLIC EN LA IMAGEN \u2013 SoyMigrante.com REVISTA\" \/>\t\t\t\t\t\t\t\t<\/a>\n\t\t\t\t\t\t\t\t\t\t\t<figcaption class=\"widget-image-caption wp-caption-text\">Participantes en di\u00e1logo sobre transformaci\u00f3n e industrias creativas en evento de SoyMigrante.com Revista en un espacio cultural.<\/figcaption>\n\t\t\t\t\t\t\t\t\t\t<\/figure>\n\t\t\t\t\t\t\t\t\t<\/div>\n\t\t\t\t\t<\/div>\n\t\t\t\t<\/div>\n\t\t<div data-particle_enable=\"false\" data-particle-mobile-disabled=\"false\" class=\"elementor-element elementor-element-ad6f7fb e-flex e-con-boxed e-con e-parent\" data-id=\"ad6f7fb\" data-element_type=\"container\" data-e-type=\"container\">\n\t\t\t\t\t<div class=\"e-con-inner\">\n\t\t\t\t<div class=\"elementor-element elementor-element-6487f93 elementor-widget elementor-widget-heading\" data-id=\"6487f93\" data-element_type=\"widget\" data-e-type=\"widget\" data-widget_type=\"heading.default\">\n\t\t\t\t\t<h3 class=\"elementor-heading-title elementor-size-default\">Productos con alma, manos que cuentan historias<\/h3>\t\t\t\t<\/div>\n\t\t\t\t\t<\/div>\n\t\t\t\t<\/div>\n\t\t<div data-particle_enable=\"false\" data-particle-mobile-disabled=\"false\" class=\"elementor-element elementor-element-9c6102e e-flex e-con-boxed e-con e-parent\" data-id=\"9c6102e\" data-element_type=\"container\" data-e-type=\"container\">\n\t\t\t\t\t<div class=\"e-con-inner\">\n\t\t\t\t<div class=\"elementor-element elementor-element-c97c950 elementor-widget elementor-widget-text-editor\" data-id=\"c97c950\" data-element_type=\"widget\" data-e-type=\"widget\" data-widget_type=\"text-editor.default\">\n\t\t\t\t\t\t\t\t\t<p>Mar\u00eda Pacheco, fundadora de <a href=\"htthttps:\/\/www.wakamiguatemala.com\/ps:\/\/www.wakamiguatemala.com\/https:\/\/www.wakamiguatemala.com\/https:\/\/www.wakamiguatemala.com\/\">Wakami<\/a>, relat\u00f3 c\u00f3mo su trabajo naci\u00f3 del deseo de generar ingresos sostenibles para comunidades afectadas por la pobreza y la desnutrici\u00f3n. \u201cMi inter\u00e9s era recuperar ecosistemas, pero lo que me ped\u00edan eran mercados,\u201d dijo. Su respuesta fue buscar qu\u00e9 pod\u00edan ofrecer estas comunidades al mundo, y conectar esos saberes con demandas reales: \u201c<\/p><p>\u00bfQu\u00e9 pueden hacer las comunidades ancestrales? \u00bfY qu\u00e9 quieren los mercados para generar esos ingresos?&#8221;. El primer proyecto fue que mujeres de Jocot\u00e1n, <a href=\"https:\/\/soymigrante.com\/revista\/departamentos-de-guatemala-chiquimula-la-perla-de-oriente-cumple-200-anos-este-2025\/\">Chiquimula<\/a> elaboraran empaques elaborados con palma, para botellas del prestigioso ron Zacapa.<\/p><p>Despu\u00e9s surgi\u00f3\u00a0<a href=\"https:\/\/www.wakamiguatemala.com\/\" target=\"_blank\" rel=\"noopener\">Wakami\u00a0<\/a>empresa que dise\u00f1a y comercializa joyer\u00eda y accesorios elaborados por mujeres ind\u00edgenas guatemaltecas. &#8220;Las artesan\u00edas no solo son patrimonio cultural, sino productos competitivos&#8221;, expresa.<\/p>\t\t\t\t\t\t\t\t<\/div>\n\t\t\t\t\t<\/div>\n\t\t\t\t<\/div>\n\t\t<div data-particle_enable=\"false\" data-particle-mobile-disabled=\"false\" class=\"elementor-element elementor-element-d213dfa e-flex e-con-boxed e-con e-parent\" data-id=\"d213dfa\" data-element_type=\"container\" data-e-type=\"container\">\n\t\t\t\t\t<div class=\"e-con-inner\">\n\t\t\t\t<div class=\"elementor-element elementor-element-c95172e elementor-widget elementor-widget-image\" data-id=\"c95172e\" data-element_type=\"widget\" data-e-type=\"widget\" data-widget_type=\"image.default\">\n\t\t\t\t\t\t\t\t\t\t\t\t<figure class=\"wp-caption\">\n\t\t\t\t\t\t\t\t\t\t<img decoding=\"async\" width=\"768\" height=\"513\" src=\"https:\/\/soymigrante.com\/revista\/wp-content\/uploads\/2025\/05\/industrias-creativas-innovacion-tecnologia-3-1024x684.jpg\" class=\"attachment-large size-large wp-image-34448\" alt=\"- Diversidad cultural y migrante conversaciones en foro internacional sobre migraci\u00f3n en Latinoam\u00e9rica.\" srcset=\"https:\/\/soymigrante.com\/revista\/wp-content\/uploads\/2025\/05\/industrias-creativas-innovacion-tecnologia-3-1024x684.jpg 1024w, https:\/\/soymigrante.com\/revista\/wp-content\/uploads\/2025\/05\/industrias-creativas-innovacion-tecnologia-3-300x200.jpg 300w, https:\/\/soymigrante.com\/revista\/wp-content\/uploads\/2025\/05\/industrias-creativas-innovacion-tecnologia-3-768x513.jpg 768w, https:\/\/soymigrante.com\/revista\/wp-content\/uploads\/2025\/05\/industrias-creativas-innovacion-tecnologia-3-1536x1027.jpg 1536w, https:\/\/soymigrante.com\/revista\/wp-content\/uploads\/2025\/05\/industrias-creativas-innovacion-tecnologia-3-750x501.webp 750w, https:\/\/soymigrante.com\/revista\/wp-content\/uploads\/2025\/05\/industrias-creativas-innovacion-tecnologia-3-1140x762.webp 1140w, https:\/\/soymigrante.com\/revista\/wp-content\/uploads\/2025\/05\/industrias-creativas-innovacion-tecnologia-3.webp 1616w\" sizes=\"(max-width: 768px) 100vw, 768px\" title=\"La tecnolog\u00eda es el puente que necesitan las comunidades rurales para mostrar sus productos, contar sus historias y conectarse con un mundo de potenciales consumidores, fue una de las conclusiones del foro. \u2013 SoyMigrante.com REVISTA\" \/>\t\t\t\t\t\t\t\t\t\t\t<figcaption class=\"widget-image-caption wp-caption-text\">- Panel de discusi\u00f3n sobre derechos y experiencias de migrantes en evento internacional, con panelistas de diversos pa\u00edses latinoamericanos.<\/figcaption>\n\t\t\t\t\t\t\t\t\t\t<\/figure>\n\t\t\t\t\t\t\t\t\t<\/div>\n\t\t\t\t\t<\/div>\n\t\t\t\t<\/div>\n\t\t<div data-particle_enable=\"false\" data-particle-mobile-disabled=\"false\" class=\"elementor-element elementor-element-c166866 e-flex e-con-boxed e-con e-parent\" data-id=\"c166866\" data-element_type=\"container\" data-e-type=\"container\">\n\t\t\t\t\t<div class=\"e-con-inner\">\n\t\t\t\t<div class=\"elementor-element elementor-element-d897989 elementor-widget elementor-widget-heading\" data-id=\"d897989\" data-element_type=\"widget\" data-e-type=\"widget\" data-widget_type=\"heading.default\">\n\t\t\t\t\t<h3 class=\"elementor-heading-title elementor-size-default\">Tecnolog\u00eda con identidad: una poderosa alianza<\/h3>\t\t\t\t<\/div>\n\t\t\t\t\t<\/div>\n\t\t\t\t<\/div>\n\t\t<div data-particle_enable=\"false\" data-particle-mobile-disabled=\"false\" class=\"elementor-element elementor-element-54d2e05 e-flex e-con-boxed e-con e-parent\" data-id=\"54d2e05\" data-element_type=\"container\" data-e-type=\"container\">\n\t\t\t\t\t<div class=\"e-con-inner\">\n\t\t\t\t<div class=\"elementor-element elementor-element-714229b elementor-widget elementor-widget-text-editor\" data-id=\"714229b\" data-element_type=\"widget\" data-e-type=\"widget\" data-widget_type=\"text-editor.default\">\n\t\t\t\t\t\t\t\t\t<p><a href=\"https:\/\/marcosantil.com\/\">Marcos Antil<\/a>, emprendedor tecnol\u00f3gico maya y CEO de SoyMigrante.com, llev\u00f3 la conversaci\u00f3n hacia el papel de la tecnolog\u00eda como herramienta de empoderamiento. Contar bien la historia de un producto y darla a conocer sin fronteras es lo que le da verdadero valor en el mercado: \u201cCuando la tecnolog\u00eda no tiene identidad, es vac\u00eda. Cuando la identidad no tiene tecnolog\u00eda, es silenciosa. Cuando las combinas, eso es empoderamiento.\u201d, dijo en el foro.<\/p><p>&#8220;Actualmente se est\u00e1n apreciando m\u00e1s las cosas aut\u00e9nticas, hechas a mano. Pero no las hemos sabido contar. Los productos de los pueblos originarios de Guatemala son productos milenarios. Ya es tiempo. Porque, al saber contar la historia, quien compra el producto, compra un pedazo de historia. Si lo cuentas bien, ni siquiera te van a preguntar el precio.\u201d<\/p><p>Antil enfatiz\u00f3 que el talento ya existe en las comunidades: \u201cTodo el pa\u00eds pasa a un pueblo y tiene su puesto y producto de calidad, pero el puesto est\u00e1 de ocho de la ma\u00f1ana a cinco de la tarde y depende de las personas que llegan all\u00e1.\u201d Con plataformas tecnol\u00f3gicas, como <a href=\"https:\/\/soymigrante.com\/mercado\/\">SoyMigrante.com MERCADO<\/a> ese producto puede mostrarse no solo a los guatemaltecos, sino al mundo entero&#8221;.<\/p>\t\t\t\t\t\t\t\t<\/div>\n\t\t\t\t\t<\/div>\n\t\t\t\t<\/div>\n\t\t<div data-particle_enable=\"false\" data-particle-mobile-disabled=\"false\" class=\"elementor-element elementor-element-d0636dd e-flex e-con-boxed e-con e-parent\" data-id=\"d0636dd\" data-element_type=\"container\" data-e-type=\"container\">\n\t\t\t\t\t<div class=\"e-con-inner\">\n\t\t\t\t<div class=\"elementor-element elementor-element-0c11881 elementor-invisible elementor-widget elementor-widget-testimonial\" data-id=\"0c11881\" data-element_type=\"widget\" data-e-type=\"widget\" data-settings=\"{&quot;_animation&quot;:&quot;rotateInUpRight&quot;}\" data-widget_type=\"testimonial.default\">\n\t\t\t\t\t\t\t<div class=\"elementor-testimonial-wrapper\">\n\t\t\t\t\t\t\t<div class=\"elementor-testimonial-content\">\"S<b>e est\u00e1n apreciando m\u00e1s las cosas aut\u00e9nticas, hechas a mano. Pero no las hemos sabido contar. Los productos de los pueblos originarios de Guatemala son productos milenarios. Al saber contar la historia, quien compra el producto, compra un pedazo de historia. Si lo cuentas bien, ni siquiera te van a preguntar el precio.<\/b>\".<\/div>\n\t\t\t\n\t\t\t\t\t\t<div class=\"elementor-testimonial-meta elementor-has-image elementor-testimonial-image-position-aside\">\n\t\t\t\t<div class=\"elementor-testimonial-meta-inner\">\n\t\t\t\t\t\t\t\t\t\t\t<div class=\"elementor-testimonial-image\">\n\t\t\t\t\t\t\t<a href=\"https:\/\/soymigrante.com\/mercado\/\"><img decoding=\"async\" width=\"1600\" height=\"1069\" src=\"https:\/\/soymigrante.com\/revista\/wp-content\/uploads\/2025\/05\/industrias-creativas-innovacion-tecnologia-4.webp\" class=\"attachment-full size-full wp-image-34449\" alt=\"Ingeniero y empresario peruano participando en evento destacado para migrantes en la revista SoyMigrante.com.\" title=\"industrias creativas innovacion tecnologia (4) \u2013 SoyMigrante.com REVISTA\" srcset=\"https:\/\/soymigrante.com\/revista\/wp-content\/uploads\/2025\/05\/industrias-creativas-innovacion-tecnologia-4.webp 1600w, https:\/\/soymigrante.com\/revista\/wp-content\/uploads\/2025\/05\/industrias-creativas-innovacion-tecnologia-4-300x200.jpg 300w, https:\/\/soymigrante.com\/revista\/wp-content\/uploads\/2025\/05\/industrias-creativas-innovacion-tecnologia-4-1024x684.jpg 1024w, https:\/\/soymigrante.com\/revista\/wp-content\/uploads\/2025\/05\/industrias-creativas-innovacion-tecnologia-4-768x513.jpg 768w, https:\/\/soymigrante.com\/revista\/wp-content\/uploads\/2025\/05\/industrias-creativas-innovacion-tecnologia-4-1536x1026.jpg 1536w, https:\/\/soymigrante.com\/revista\/wp-content\/uploads\/2025\/05\/industrias-creativas-innovacion-tecnologia-4-750x501.webp 750w, https:\/\/soymigrante.com\/revista\/wp-content\/uploads\/2025\/05\/industrias-creativas-innovacion-tecnologia-4-1140x762.webp 1140w\" sizes=\"(max-width: 1600px) 100vw, 1600px\" \/><\/a>\t\t\t\t\t\t<\/div>\n\t\t\t\t\t\n\t\t\t\t\t\t\t\t\t\t<div class=\"elementor-testimonial-details\">\n\t\t\t\t\t\t\t\t\t\t\t\t\t\t<a class=\"elementor-testimonial-name\" href=\"https:\/\/soymigrante.com\/mercado\/\">Marcos Antil<\/a>\n\t\t\t\t\t\t\t\t\t\t\t\t\t\t\t\t\t\t\t\t\t\t<a class=\"elementor-testimonial-job\" href=\"https:\/\/soymigrante.com\/mercado\/\">Emprendedor tecnol\u00f3gico\ny CEO de SoyMigrante.com MERCADO\nen foro de econom\u00eda creativa.<\/a>\n\t\t\t\t\t\t\t\t\t\t\t\t\t<\/div>\n\t\t\t\t\t\t\t\t\t<\/div>\n\t\t\t<\/div>\n\t\t\t\t\t<\/div>\n\t\t\t\t\t\t<\/div>\n\t\t\t\t\t<\/div>\n\t\t\t\t<\/div>\n\t\t<div data-particle_enable=\"false\" data-particle-mobile-disabled=\"false\" class=\"elementor-element elementor-element-e16663c e-flex e-con-boxed e-con e-parent\" data-id=\"e16663c\" data-element_type=\"container\" data-e-type=\"container\">\n\t\t\t\t\t<div class=\"e-con-inner\">\n\t\t\t\t<div class=\"elementor-element elementor-element-a142d20 elementor-widget elementor-widget-heading\" data-id=\"a142d20\" data-element_type=\"widget\" data-e-type=\"widget\" data-widget_type=\"heading.default\">\n\t\t\t\t\t<h3 class=\"elementor-heading-title elementor-size-default\">Resultados tangibles, creatividad que transforma realidades<\/h3>\t\t\t\t<\/div>\n\t\t\t\t\t<\/div>\n\t\t\t\t<\/div>\n\t\t<div data-particle_enable=\"false\" data-particle-mobile-disabled=\"false\" class=\"elementor-element elementor-element-7fb08a8 e-flex e-con-boxed e-con e-parent\" data-id=\"7fb08a8\" data-element_type=\"container\" data-e-type=\"container\">\n\t\t\t\t\t<div class=\"e-con-inner\">\n\t\t\t\t<div class=\"elementor-element elementor-element-a7a9027 elementor-widget elementor-widget-text-editor\" data-id=\"a7a9027\" data-element_type=\"widget\" data-e-type=\"widget\" data-widget_type=\"text-editor.default\">\n\t\t\t\t\t\t\t\t\t<p>Los efectos de estos modelos no son abstractos. Mar\u00eda Pacheco comparti\u00f3 datos concretos sobre el impacto de Wakami: \u201cEn estas comunidades vulnerables que trabajan con nosotros, la desnutrici\u00f3n cr\u00f3nica es de menos del cinco por ciento, cuando el promedio nacional es del cincuenta.\u201d destac\u00f3 que la escolaridad en estas comunidades alcanza los nueve a\u00f1os en promedio, el doble de la media nacional: \u201cEso cambia realidades.\u201d<\/p><p>M\u00e1s all\u00e1 de los n\u00fameros, Pacheco subray\u00f3 la transformaci\u00f3n interna de las comunidades: \u201cNo solo est\u00e1s creando una narrativa para tu p\u00fablico externo, sino para la misma comunidad. La comunidad se empodera y comienza a cambiar sus h\u00e1bitos.\u201d<\/p>\t\t\t\t\t\t\t\t<\/div>\n\t\t\t\t\t<\/div>\n\t\t\t\t<\/div>\n\t\t<div data-particle_enable=\"false\" data-particle-mobile-disabled=\"false\" class=\"elementor-element elementor-element-7f1e55a e-flex e-con-boxed e-con e-parent\" data-id=\"7f1e55a\" data-element_type=\"container\" data-e-type=\"container\">\n\t\t\t\t\t<div class=\"e-con-inner\">\n\t\t\t\t<div class=\"elementor-element elementor-element-dc512c9 elementor-widget elementor-widget-heading\" data-id=\"dc512c9\" data-element_type=\"widget\" data-e-type=\"widget\" data-widget_type=\"heading.default\">\n\t\t\t\t\t<h4 class=\"elementor-heading-title elementor-size-default\">Productos con creatividad, calidad y una gran historia siempre<\/h4>\t\t\t\t<\/div>\n\t\t\t\t\t<\/div>\n\t\t\t\t<\/div>\n\t\t<div data-particle_enable=\"false\" data-particle-mobile-disabled=\"false\" class=\"elementor-element elementor-element-dc15eaf e-flex e-con-boxed e-con e-parent\" data-id=\"dc15eaf\" data-element_type=\"container\" data-e-type=\"container\">\n\t\t\t\t\t<div class=\"e-con-inner\">\n\t\t\t\t<div class=\"elementor-element elementor-element-dc8443c elementor-grid-eael-col-1 elementor-grid-tablet-eael-col-2 elementor-grid-mobile-eael-col-1 elementor-widget elementor-widget-eael-post-grid\" data-id=\"dc8443c\" data-element_type=\"widget\" data-e-type=\"widget\" data-settings=\"{&quot;eael_post_grid_columns&quot;:&quot;eael-col-1&quot;,&quot;eael_post_grid_columns_tablet&quot;:&quot;eael-col-2&quot;,&quot;eael_post_grid_columns_mobile&quot;:&quot;eael-col-1&quot;}\" data-widget_type=\"eael-post-grid.default\">\n\t\t\t\t\t<div id=\"eael-post-grid-dc8443c\" class=\"eael-post-grid-container\">\n            <div class=\"eael-post-grid eael-post-appender eael-post-appender-dc8443c eael-post-grid-style-one\" data-layout-mode=\"masonry\"><article class=\"eael-grid-post  eael-post-grid-column eael-pg-post-32285 category-guate-nuestra tags-mercado-emprendedores\" data-id=\"32285\">\n        <div class=\"eael-grid-post-holder\">\n            <div class=\"eael-grid-post-holder-inner\"><div class=\"eael-entry-media\"><div class=\"eael-entry-overlay fade-in\"><i class=\"far fa-hand-pointer\" aria-hidden=\"true\"><\/i><a href=\"https:\/\/soymigrante.com\/revista\/el-obsequio-perfecto-articulos-elaborados-con-amor-de-mama-en-soymigrante-com-mercado\/\"><\/a><\/div><div class=\"eael-entry-thumbnail eael-image-ratio\">\n                <img loading=\"lazy\" decoding=\"async\" width=\"1024\" height=\"1024\" src=\"https:\/\/soymigrante.com\/revista\/wp-content\/uploads\/2025\/05\/raices-manualidades-1024x1024.jpg\" class=\"attachment-large size-large wp-image-32544\" alt=\"Cercano a una mujer y dos j\u00f3venes en un ambiente acogedor, rodeados de artesan\u00edas y accesorios, promoviendo la cultura y el talento de migrantes en un espacio de comunidad y arte.\" srcset=\"https:\/\/soymigrante.com\/revista\/wp-content\/uploads\/2025\/05\/raices-manualidades-1024x1024.jpg 1024w, https:\/\/soymigrante.com\/revista\/wp-content\/uploads\/2025\/05\/raices-manualidades-300x300.jpg 300w, https:\/\/soymigrante.com\/revista\/wp-content\/uploads\/2025\/05\/raices-manualidades-150x150.jpg 150w, https:\/\/soymigrante.com\/revista\/wp-content\/uploads\/2025\/05\/raices-manualidades-768x768.jpg 768w, https:\/\/soymigrante.com\/revista\/wp-content\/uploads\/2025\/05\/raices-manualidades-1536x1536.jpg 1536w, https:\/\/soymigrante.com\/revista\/wp-content\/uploads\/2025\/05\/raices-manualidades-2048x2048.jpg 2048w, https:\/\/soymigrante.com\/revista\/wp-content\/uploads\/2025\/05\/raices-manualidades-75x75.webp 75w, https:\/\/soymigrante.com\/revista\/wp-content\/uploads\/2025\/05\/raices-manualidades-750x750.webp 750w, https:\/\/soymigrante.com\/revista\/wp-content\/uploads\/2025\/05\/raices-manualidades-1140x1140.webp 1140w, https:\/\/soymigrante.com\/revista\/wp-content\/uploads\/2025\/05\/raices-manualidades-scaled.webp 1920w\" sizes=\"(max-width: 1024px) 100vw, 1024px\" \/>\n            <\/div>\n        <\/div><div class=\"eael-entry-wrapper\"><header class=\"eael-entry-header\"><h2 class=\"eael-entry-title\"><a class=\"eael-grid-post-link\" href=\"https:\/\/soymigrante.com\/revista\/el-obsequio-perfecto-articulos-elaborados-con-amor-de-mama-en-soymigrante-com-mercado\/\" title=\"El obsequio perfecto: art\u00edculos elaborados con amor de Mam\u00e1, en SoyMigrante.com MERCADO\">El obsequio perfecto: art\u00edculos elaborados con amor de Mam\u00e1, en SoyMigrante.com MERCADO<\/a><\/h2><\/header><div class=\"eael-entry-content\">\n                        <div class=\"eael-grid-post-excerpt\"><a href=\"https:\/\/soymigrante.com\/revista\/el-obsequio-perfecto-articulos-elaborados-con-amor-de-mama-en-soymigrante-com-mercado\/\" class=\"eael-post-elements-readmore-btn\">CONOCE SU HISTORIA <\/a><\/div>\n                    <\/div><\/div><\/div>\n        <\/div>\n    <\/article><\/div>\n            <div class=\"clearfix\"><\/div>\n        <\/div>\t\t\t\t<\/div>\n\t\t\t\t\t<\/div>\n\t\t\t\t<\/div>\n\t\t<div data-particle_enable=\"false\" data-particle-mobile-disabled=\"false\" class=\"elementor-element elementor-element-4a9c7a2 e-flex e-con-boxed e-con e-parent\" data-id=\"4a9c7a2\" data-element_type=\"container\" data-e-type=\"container\">\n\t\t\t\t\t<div class=\"e-con-inner\">\n\t\t\t\t<div class=\"elementor-element elementor-element-bf7daaf elementor-widget elementor-widget-heading\" data-id=\"bf7daaf\" data-element_type=\"widget\" data-e-type=\"widget\" data-widget_type=\"heading.default\">\n\t\t\t\t\t<h3 class=\"elementor-heading-title elementor-size-default\">Empoderamiento productivo para frenar la migraci\u00f3n forzada<\/h3>\t\t\t\t<\/div>\n\t\t\t\t\t<\/div>\n\t\t\t\t<\/div>\n\t\t<div data-particle_enable=\"false\" data-particle-mobile-disabled=\"false\" class=\"elementor-element elementor-element-57988f6 e-flex e-con-boxed e-con e-parent\" data-id=\"57988f6\" data-element_type=\"container\" data-e-type=\"container\">\n\t\t\t\t\t<div class=\"e-con-inner\">\n\t\t\t\t<div class=\"elementor-element elementor-element-5dc1c4a elementor-widget elementor-widget-text-editor\" data-id=\"5dc1c4a\" data-element_type=\"widget\" data-e-type=\"widget\" data-widget_type=\"text-editor.default\">\n\t\t\t\t\t\t\t\t\t<p>Tanto Pacheco como Antil coincidieron en que el desarrollo local es una respuesta para frenar migraci\u00f3n forzada. \u201cEstoy tratando de ayudar a la familia que puede vender sus productos para generar ingresos y no se vea forzada a irse,\u201d explic\u00f3 Antil. Para \u00e9l, la migraci\u00f3n debe ser una opci\u00f3n, no una necesidad.<\/p><p>La ra\u00edz del trabajo de ambos est\u00e1 en el reconocimiento de una riqueza ancestral que ha sido invisibilizada. \u201cYo creo que el <a href=\"https:\/\/soymigrante.com\/revista\/mucho-mas-que-una-prenda-un-simbolo-cultural-los-huipiles-guatemaltecos\/\">tejido<\/a> que hace una abuela de Totonicap\u00e1n es tan valioso como una aplicaci\u00f3n que se hace en Silicon Valley,\u201d afirm\u00f3 Antil. Pacheco complement\u00f3: \u201cGuatemala, coraz\u00f3n, todo es textura, todo es habilidad y el mundo lo necesita.\u201d<\/p>\t\t\t\t\t\t\t\t<\/div>\n\t\t\t\t\t<\/div>\n\t\t\t\t<\/div>\n\t\t<div data-particle_enable=\"false\" data-particle-mobile-disabled=\"false\" class=\"elementor-element elementor-element-895d49a e-flex e-con-boxed e-con e-parent\" data-id=\"895d49a\" data-element_type=\"container\" data-e-type=\"container\">\n\t\t\t\t\t<div class=\"e-con-inner\">\n\t\t\t\t<div class=\"elementor-element elementor-element-487e0c3 elementor-widget elementor-widget-heading\" data-id=\"487e0c3\" data-element_type=\"widget\" data-e-type=\"widget\" data-widget_type=\"heading.default\">\n\t\t\t\t\t<h4 class=\"elementor-heading-title elementor-size-default\">SoyMigrante.com MERCADO es un puente a la transformaci\u00f3n digital<\/h4>\t\t\t\t<\/div>\n\t\t\t\t\t<\/div>\n\t\t\t\t<\/div>\n\t\t<div data-particle_enable=\"false\" data-particle-mobile-disabled=\"false\" class=\"elementor-element elementor-element-cb3ec13 e-flex e-con-boxed e-con e-parent\" data-id=\"cb3ec13\" data-element_type=\"container\" data-e-type=\"container\">\n\t\t\t\t\t<div class=\"e-con-inner\">\n\t\t\t\t<div class=\"elementor-element elementor-element-fe41482 elementor-grid-eael-col-1 elementor-grid-tablet-eael-col-2 elementor-grid-mobile-eael-col-1 elementor-widget elementor-widget-eael-post-grid\" data-id=\"fe41482\" data-element_type=\"widget\" data-e-type=\"widget\" data-settings=\"{&quot;eael_post_grid_columns&quot;:&quot;eael-col-1&quot;,&quot;eael_post_grid_columns_tablet&quot;:&quot;eael-col-2&quot;,&quot;eael_post_grid_columns_mobile&quot;:&quot;eael-col-1&quot;}\" data-widget_type=\"eael-post-grid.default\">\n\t\t\t\t\t<div id=\"eael-post-grid-fe41482\" class=\"eael-post-grid-container\">\n            <div class=\"eael-post-grid eael-post-appender eael-post-appender-fe41482 eael-post-grid-style-one\" data-layout-mode=\"masonry\"><article class=\"eael-grid-post  eael-post-grid-column eael-pg-post-34001 category-estamos-unidos\" data-id=\"34001\">\n        <div class=\"eael-grid-post-holder\">\n            <div class=\"eael-grid-post-holder-inner\"><div class=\"eael-entry-media\"><div class=\"eael-entry-overlay fade-in\"><i class=\"far fa-hand-pointer\" aria-hidden=\"true\"><\/i><a href=\"https:\/\/soymigrante.com\/revista\/soymigrante-mercado-tiene-puertas-abiertas-a-todo-emprendedor-guatemalteco\/\"><\/a><\/div><div class=\"eael-entry-thumbnail eael-image-ratio\">\n                <img loading=\"lazy\" decoding=\"async\" width=\"1024\" height=\"567\" src=\"https:\/\/soymigrante.com\/revista\/wp-content\/uploads\/2025\/05\/Guatemaltecos-emprendedores-sumense-a-SoyMigrante-MERCADO-3-1024x567.png\" class=\"attachment-large size-large wp-image-34002\" alt=\"Taza tradicional con dise\u00f1o colorido y estilo \u00e9tnico, ideal para caf\u00e9 y t\u00e9, perfecta para decorar y disfrutar en familia.\" \/>\n            <\/div>\n        <\/div><div class=\"eael-entry-wrapper\"><header class=\"eael-entry-header\"><h2 class=\"eael-entry-title\"><a class=\"eael-grid-post-link\" href=\"https:\/\/soymigrante.com\/revista\/soymigrante-mercado-tiene-puertas-abiertas-a-todo-emprendedor-guatemalteco\/\" title=\"SoyMigrante MERCADO tiene sus puertas abiertas a todo emprendedor guatemalteco\">SoyMigrante MERCADO tiene sus puertas abiertas a todo emprendedor guatemalteco<\/a><\/h2><\/header><div class=\"eael-entry-content\">\n                        <div class=\"eael-grid-post-excerpt\"><a href=\"https:\/\/soymigrante.com\/revista\/soymigrante-mercado-tiene-puertas-abiertas-a-todo-emprendedor-guatemalteco\/\" class=\"eael-post-elements-readmore-btn\">CONOCE SU HISTORIA <\/a><\/div>\n                    <\/div><\/div><\/div>\n        <\/div>\n    <\/article><\/div>\n            <div class=\"clearfix\"><\/div>\n        <\/div>\t\t\t\t<\/div>\n\t\t\t\t\t<\/div>\n\t\t\t\t<\/div>\n\t\t<div data-particle_enable=\"false\" data-particle-mobile-disabled=\"false\" class=\"elementor-element elementor-element-a8d353e e-flex e-con-boxed e-con e-parent\" data-id=\"a8d353e\" data-element_type=\"container\" data-e-type=\"container\">\n\t\t\t\t\t<div class=\"e-con-inner\">\n\t\t\t\t<div class=\"elementor-element elementor-element-11d4649 elementor-widget elementor-widget-heading\" data-id=\"11d4649\" data-element_type=\"widget\" data-e-type=\"widget\" data-widget_type=\"heading.default\">\n\t\t\t\t\t<h3 class=\"elementor-heading-title elementor-size-default\">Una llamada al orgullo multicultural y un sue\u00f1o compartido<\/h3>\t\t\t\t<\/div>\n\t\t\t\t\t<\/div>\n\t\t\t\t<\/div>\n\t\t<div data-particle_enable=\"false\" data-particle-mobile-disabled=\"false\" class=\"elementor-element elementor-element-62b3dda e-flex e-con-boxed e-con e-parent\" data-id=\"62b3dda\" data-element_type=\"container\" data-e-type=\"container\">\n\t\t\t\t\t<div class=\"e-con-inner\">\n\t\t\t\t<div class=\"elementor-element elementor-element-2df8444 elementor-widget elementor-widget-text-editor\" data-id=\"2df8444\" data-element_type=\"widget\" data-e-type=\"widget\" data-widget_type=\"text-editor.default\">\n\t\t\t\t\t\t\t\t\t<p>Ambos impulsores del talento guatemalteco transmitieron una visi\u00f3n profundamente esperanzadora del futuro de Guatemala. Antil cerr\u00f3 con una reflexi\u00f3n sobre identidad y prop\u00f3sito: \u201cCuando abrazo <a href=\"https:\/\/soymigrante.com\/revista\/siete-expresiones-de-multiculturalidad-guatemalteca-ganan-fuerza-en-usa\/\">mi identidad, <\/a>estoy en M\u00e9xico, en Estados Unidos, donde sea, pero siempre soy guatemalteco, soy maya, soy<a href=\"https:\/\/soymigrante.com\/revista\/el-pueblo-qanjobal-tiene-el-corazon-en-jolom-konob\/\"> q&#8217;anjob&#8217;al. <\/a>Cuando s\u00e9 qui\u00e9n soy, todo lo que me reta sale sobrando.\u201d<\/p><p>Por su parte, Mar\u00eda Pacheco habl\u00f3 del origen \u00edntimo y emotivo de su motivaci\u00f3n: \u201cViene de enamorarme de las comunidades rurales y de mujeres con sus beb\u00e9s. Ese amor de una mam\u00e1 que es la primera protectora de la vida en pa\u00edses como los nuestros&#8230; eso fue lo que me impuls\u00f3.\u201d<\/p><p>En este foro de <a href=\"https:\/\/www.centroamericacuenta.com\/\">Centroam\u00e9rica Cuenta<\/a> qued\u00f3 claro que los productos hechos a mano no son solo mercanc\u00edas: son manifestaciones de historia, identidad y esperanza. Y que, con la combinaci\u00f3n adecuada de dise\u00f1o, mercado y tecnolog\u00eda, pueden transformar no solo comunidades, sino tambi\u00e9n narrativas globales sobre qui\u00e9n produce, desde d\u00f3nde y para qu\u00e9 mundo.<\/p>\t\t\t\t\t\t\t\t<\/div>\n\t\t\t\t\t<\/div>\n\t\t\t\t<\/div>\n\t\t<div data-particle_enable=\"false\" data-particle-mobile-disabled=\"false\" class=\"elementor-element elementor-element-e856617 e-flex e-con-boxed e-con e-parent\" data-id=\"e856617\" data-element_type=\"container\" data-e-type=\"container\">\n\t\t\t\t\t<div class=\"e-con-inner\">\n\t\t\t\t<div class=\"elementor-element elementor-element-978956f elementor-widget elementor-widget-video\" data-id=\"978956f\" data-element_type=\"widget\" data-e-type=\"widget\" data-settings=\"{&quot;youtube_url&quot;:&quot;https:\\\/\\\/www.youtube.com\\\/watch?v=hLjCILReMoY&quot;,&quot;video_type&quot;:&quot;youtube&quot;,&quot;controls&quot;:&quot;yes&quot;}\" data-widget_type=\"video.default\">\n\t\t\t\t\t\t\t<div class=\"elementor-wrapper elementor-open-inline\">\n\t\t\t<div class=\"elementor-video\"><\/div>\t\t<\/div>\n\t\t\t\t\t\t<\/div>\n\t\t\t\t\t<\/div>\n\t\t\t\t<\/div>\n\t\t<div data-particle_enable=\"false\" data-particle-mobile-disabled=\"false\" class=\"elementor-element elementor-element-d5292f2 e-flex e-con-boxed e-con e-parent\" data-id=\"d5292f2\" data-element_type=\"container\" data-e-type=\"container\">\n\t\t\t\t\t<div class=\"e-con-inner\">\n\t\t\t\t<div class=\"elementor-element elementor-element-7859c8a elementor-widget elementor-widget-heading\" data-id=\"7859c8a\" data-element_type=\"widget\" data-e-type=\"widget\" data-widget_type=\"heading.default\">\n\t\t\t\t\t<h2 class=\"elementor-heading-title elementor-size-default\">Conoce a emprendedores de MERCADO<\/h2>\t\t\t\t<\/div>\n\t\t\t\t\t<\/div>\n\t\t\t\t<\/div>\n\t\t<div data-particle_enable=\"false\" data-particle-mobile-disabled=\"false\" class=\"elementor-element elementor-element-4504e17 e-flex e-con-boxed e-con e-parent\" data-id=\"4504e17\" data-element_type=\"container\" data-e-type=\"container\">\n\t\t\t\t\t<div class=\"e-con-inner\">\n\t\t\t\t<div class=\"elementor-element elementor-element-66abaff elementor-grid-eael-col-3 elementor-grid-tablet-eael-col-2 elementor-grid-mobile-eael-col-1 elementor-widget elementor-widget-eael-post-grid\" data-id=\"66abaff\" data-element_type=\"widget\" data-e-type=\"widget\" data-settings=\"{&quot;eael_post_grid_columns&quot;:&quot;eael-col-3&quot;,&quot;eael_post_grid_columns_tablet&quot;:&quot;eael-col-2&quot;,&quot;eael_post_grid_columns_mobile&quot;:&quot;eael-col-1&quot;}\" data-widget_type=\"eael-post-grid.default\">\n\t\t\t\t\t<div id=\"eael-post-grid-66abaff\" class=\"eael-post-grid-container\">\n            <div class=\"eael-post-grid eael-post-appender eael-post-appender-66abaff eael-post-grid-style-one\" data-layout-mode=\"masonry\"><article class=\"eael-grid-post  eael-post-grid-column eael-pg-post-35259 category-guate-nuestra tags-mercado-emprendedores\" data-id=\"35259\">\n        <div class=\"eael-grid-post-holder\">\n            <div class=\"eael-grid-post-holder-inner\"><div class=\"eael-entry-media\"><div class=\"eael-entry-overlay fade-in\"><i class=\"far fa-hand-pointer\" aria-hidden=\"true\"><\/i><a href=\"https:\/\/soymigrante.com\/revista\/emprendedora-isabel-rey-hallo-en-la-venta-en-linea-la-oportunidad-de-cuidar-a-su-hijo\/\"><\/a><\/div><div class=\"eael-entry-thumbnail \">\n                <img loading=\"lazy\" decoding=\"async\" width=\"396\" height=\"396\" src=\"https:\/\/soymigrante.com\/revista\/wp-content\/uploads\/2025\/06\/Isabel-Rey-la-emprendedora-que-encontro-en-la-venta-en-linea-una-forma-de-cuidar-a-su-hijo-4.jpeg\" class=\"attachment-large size-large wp-image-35260\" alt=\"Padres e hijos sonrientes en un parque, destacando la importancia de la familia y la migraci\u00f3n en la sociedad.\" srcset=\"https:\/\/soymigrante.com\/revista\/wp-content\/uploads\/2025\/06\/Isabel-Rey-la-emprendedora-que-encontro-en-la-venta-en-linea-una-forma-de-cuidar-a-su-hijo-4.jpeg 396w, https:\/\/soymigrante.com\/revista\/wp-content\/uploads\/2025\/06\/Isabel-Rey-la-emprendedora-que-encontro-en-la-venta-en-linea-una-forma-de-cuidar-a-su-hijo-4-300x300.jpeg 300w, https:\/\/soymigrante.com\/revista\/wp-content\/uploads\/2025\/06\/Isabel-Rey-la-emprendedora-que-encontro-en-la-venta-en-linea-una-forma-de-cuidar-a-su-hijo-4-150x150.jpeg 150w, https:\/\/soymigrante.com\/revista\/wp-content\/uploads\/2025\/06\/Isabel-Rey-la-emprendedora-que-encontro-en-la-venta-en-linea-una-forma-de-cuidar-a-su-hijo-4-75x75.jpeg 75w\" sizes=\"(max-width: 396px) 100vw, 396px\" \/>\n            <\/div>\n        <\/div><div class=\"eael-entry-wrapper\"><header class=\"eael-entry-header\"><h2 class=\"eael-entry-title\"><a class=\"eael-grid-post-link\" href=\"https:\/\/soymigrante.com\/revista\/emprendedora-isabel-rey-hallo-en-la-venta-en-linea-la-oportunidad-de-cuidar-a-su-hijo\/\" title=\"Emprendedora Isabel Rey vende accesorios en l\u00ednea, cuida a su hijo y ahora est\u00e1 en MERCADO\">Emprendedora Isabel Rey vende accesorios en l\u00ednea, cuida a su hijo y ahora est\u00e1 en MERCADO<\/a><\/h2><\/header><div class=\"eael-entry-content\">\n                        <div class=\"eael-grid-post-excerpt\"><a href=\"https:\/\/soymigrante.com\/revista\/emprendedora-isabel-rey-hallo-en-la-venta-en-linea-la-oportunidad-de-cuidar-a-su-hijo\/\" class=\"eael-post-elements-readmore-btn\">CONOCE SU HISTORIA <\/a><\/div>\n                    <\/div><\/div><\/div>\n        <\/div>\n    <\/article><article class=\"eael-grid-post  eael-post-grid-column eael-pg-post-32077 category-guate-nuestra tags-mercado-emprendedores\" data-id=\"32077\">\n        <div class=\"eael-grid-post-holder\">\n            <div class=\"eael-grid-post-holder-inner\"><div class=\"eael-entry-media\"><div class=\"eael-entry-overlay fade-in\"><i class=\"far fa-hand-pointer\" aria-hidden=\"true\"><\/i><a href=\"https:\/\/soymigrante.com\/revista\/teddy-y-la-fabrica-de-chocolate-artesanal-vive-cacao-de-coban-esta-en-mercado\/\"><\/a><\/div><div class=\"eael-entry-thumbnail \">\n                <img loading=\"lazy\" decoding=\"async\" width=\"1024\" height=\"1024\" src=\"https:\/\/soymigrante.com\/revista\/wp-content\/uploads\/2025\/04\/cocoa-powder-and-beans-2024-12-21-02-58-00-utc-1024x1024.jpg\" class=\"attachment-large size-large wp-image-32078\" alt=\"Nueces de cacao y polvo de cacao en un saco de yute con menta, canela y an\u00eds estrellado, ingredientes esenciales en la cultura y gastronom\u00eda del cacao.\" srcset=\"https:\/\/soymigrante.com\/revista\/wp-content\/uploads\/2025\/04\/cocoa-powder-and-beans-2024-12-21-02-58-00-utc-1024x1024.jpg 1024w, https:\/\/soymigrante.com\/revista\/wp-content\/uploads\/2025\/04\/cocoa-powder-and-beans-2024-12-21-02-58-00-utc-300x300.jpg 300w, https:\/\/soymigrante.com\/revista\/wp-content\/uploads\/2025\/04\/cocoa-powder-and-beans-2024-12-21-02-58-00-utc-150x150.jpg 150w, https:\/\/soymigrante.com\/revista\/wp-content\/uploads\/2025\/04\/cocoa-powder-and-beans-2024-12-21-02-58-00-utc-768x768.jpg 768w, https:\/\/soymigrante.com\/revista\/wp-content\/uploads\/2025\/04\/cocoa-powder-and-beans-2024-12-21-02-58-00-utc-1536x1536.jpg 1536w, https:\/\/soymigrante.com\/revista\/wp-content\/uploads\/2025\/04\/cocoa-powder-and-beans-2024-12-21-02-58-00-utc-2048x2048.jpg 2048w, https:\/\/soymigrante.com\/revista\/wp-content\/uploads\/2025\/04\/cocoa-powder-and-beans-2024-12-21-02-58-00-utc-75x75.webp 75w, https:\/\/soymigrante.com\/revista\/wp-content\/uploads\/2025\/04\/cocoa-powder-and-beans-2024-12-21-02-58-00-utc-750x750.webp 750w, https:\/\/soymigrante.com\/revista\/wp-content\/uploads\/2025\/04\/cocoa-powder-and-beans-2024-12-21-02-58-00-utc-1140x1140.webp 1140w, https:\/\/soymigrante.com\/revista\/wp-content\/uploads\/2025\/04\/cocoa-powder-and-beans-2024-12-21-02-58-00-utc-scaled.webp 1920w\" sizes=\"(max-width: 1024px) 100vw, 1024px\" \/>\n            <\/div>\n        <\/div><div class=\"eael-entry-wrapper\"><header class=\"eael-entry-header\"><h2 class=\"eael-entry-title\"><a class=\"eael-grid-post-link\" href=\"https:\/\/soymigrante.com\/revista\/teddy-y-la-fabrica-de-chocolate-artesanal-vive-cacao-de-coban-esta-en-mercado\/\" title=\"Teddy y la f\u00e1brica de chocolate artesanal Vive Cacao, de Cob\u00e1n est\u00e1 en MERCADO\">Teddy y la f\u00e1brica de chocolate artesanal Vive Cacao, de Cob\u00e1n est\u00e1 en MERCADO<\/a><\/h2><\/header><div class=\"eael-entry-content\">\n                        <div class=\"eael-grid-post-excerpt\"><a href=\"https:\/\/soymigrante.com\/revista\/teddy-y-la-fabrica-de-chocolate-artesanal-vive-cacao-de-coban-esta-en-mercado\/\" class=\"eael-post-elements-readmore-btn\">CONOCE SU HISTORIA <\/a><\/div>\n                    <\/div><\/div><\/div>\n        <\/div>\n    <\/article><article class=\"eael-grid-post  eael-post-grid-column eael-pg-post-30577 category-guate-nuestra tags-mercado-emprendedores\" data-id=\"30577\">\n        <div class=\"eael-grid-post-holder\">\n            <div class=\"eael-grid-post-holder-inner\"><div class=\"eael-entry-media\"><div class=\"eael-entry-overlay fade-in\"><i class=\"far fa-hand-pointer\" aria-hidden=\"true\"><\/i><a href=\"https:\/\/soymigrante.com\/revista\/floridalia-teje-bolsas-canastas-y-hermandad-junto-a-mujeres-de-parramos-bolsos-y-bisuteria-ales-ahora-esta-en-mercado\/\"><\/a><\/div><div class=\"eael-entry-thumbnail \">\n                <img loading=\"lazy\" decoding=\"async\" width=\"1009\" height=\"1009\" src=\"https:\/\/soymigrante.com\/revista\/wp-content\/uploads\/2025\/04\/emprendedora-mercado-floridalia-ales-accesorios-2.webp\" class=\"attachment-large size-large wp-image-30579\" alt=\"Artesan\u00edas tejidas a mano por migrantes guatemaltecos, exhibidas en una feria cultural, promoviendo la identidad y el emprendimiento en la comunidad inmigrante.\" srcset=\"https:\/\/soymigrante.com\/revista\/wp-content\/uploads\/2025\/04\/emprendedora-mercado-floridalia-ales-accesorios-2.webp 1009w, https:\/\/soymigrante.com\/revista\/wp-content\/uploads\/2025\/04\/emprendedora-mercado-floridalia-ales-accesorios-2-300x300.jpg 300w, https:\/\/soymigrante.com\/revista\/wp-content\/uploads\/2025\/04\/emprendedora-mercado-floridalia-ales-accesorios-2-150x150.jpg 150w, https:\/\/soymigrante.com\/revista\/wp-content\/uploads\/2025\/04\/emprendedora-mercado-floridalia-ales-accesorios-2-768x768.jpg 768w, https:\/\/soymigrante.com\/revista\/wp-content\/uploads\/2025\/04\/emprendedora-mercado-floridalia-ales-accesorios-2-75x75.webp 75w, https:\/\/soymigrante.com\/revista\/wp-content\/uploads\/2025\/04\/emprendedora-mercado-floridalia-ales-accesorios-2-750x750.webp 750w\" sizes=\"(max-width: 1009px) 100vw, 1009px\" \/>\n            <\/div>\n        <\/div><div class=\"eael-entry-wrapper\"><header class=\"eael-entry-header\"><h2 class=\"eael-entry-title\"><a class=\"eael-grid-post-link\" href=\"https:\/\/soymigrante.com\/revista\/floridalia-teje-bolsas-canastas-y-hermandad-junto-a-mujeres-de-parramos-bolsos-y-bisuteria-ales-ahora-esta-en-mercado\/\" title=\"Floridalia teje bolsas, canastas y hermandad junto a mujeres de Parramos. Bolsos y Bisuteria Ale&#8217;s ahora est\u00e1 en MERCADO\">Floridalia teje bolsas, canastas y hermandad junto a mujeres de Parramos. Bolsos y Bisuteria Ale&#8217;s ahora est\u00e1 en MERCADO<\/a><\/h2><\/header><div class=\"eael-entry-content\">\n                        <div class=\"eael-grid-post-excerpt\"><a href=\"https:\/\/soymigrante.com\/revista\/floridalia-teje-bolsas-canastas-y-hermandad-junto-a-mujeres-de-parramos-bolsos-y-bisuteria-ales-ahora-esta-en-mercado\/\" class=\"eael-post-elements-readmore-btn\">CONOCE SU HISTORIA <\/a><\/div>\n                    <\/div><\/div><\/div>\n        <\/div>\n    <\/article><\/div>\n            <div class=\"clearfix\"><\/div>\n        <\/div>            <div class=\"eael-load-more-button-wrap eael-force-hide\">\n                <button class=\"eael-load-more-button\" id=\"eael-load-more-btn-66abaff\" data-widget-id=\"66abaff\" data-widget=\"66abaff\" data-page-id=\"34380\" data-template=\"{&quot;dir&quot;:&quot;lite&quot;,&quot;file_name&quot;:&quot;one.php&quot;,&quot;name&quot;:&quot;Post-Grid&quot;}\" data-class=\"Essential_Addons_Elementor\\Elements\\Post_Grid\" data-layout=\"masonry\" data-page=\"1\" data-args=\"orderby=rand&amp;order=desc&amp;ignore_sticky_posts=1&amp;post_status=publish&amp;posts_per_page=3&amp;offset=0&amp;post_type=post&amp;tax_query%5B0%5D%5Btaxonomy%5D=post_tag&amp;tax_query%5B0%5D%5Bfield%5D=term_id&amp;tax_query%5B0%5D%5Bterms%5D%5B0%5D=130&amp;tax_query%5Brelation%5D=AND\" data-max-page=\"35\">\n                    <span class=\"eael-btn-loader button__loader\"><\/span>\n                    <span class=\"eael_load_more_text\">Load More<\/span>\n                <\/button>\n            <\/div>\n            \t\t\t\t<\/div>\n\t\t\t\t\t<\/div>\n\t\t\t\t<\/div>\n\t\t\t\t<\/div>\n\t\t","protected":false},"excerpt":{"rendered":"<p>&#8220;La tecnolog\u00eda sin identidad es vac\u00eda; la identidad sin tenncolog\u00eda es muda&#8221;: Marcos Antil, emprendedor tecnol\u00f3gico y CEO de SoyMigrante.com en foro sobre el potencial y futuro de los productos artesanales, tradicionales y hechos a mano en festival Centroam\u00e9rica Cuenta. En el marco del festival Centroam\u00e9rica Cuenta, en Guatemala, el Palacio Nacional de la Cultura [&hellip;]<\/p>\n","protected":false},"author":7,"featured_media":34456,"comment_status":"open","ping_status":"open","sticky":false,"template":"","format":"standard","meta":{"_acf_changed":false,"_eb_attr":"","footnotes":""},"categories":[54],"tags":[],"class_list":["post-34380","post","type-post","status-publish","format-standard","has-post-thumbnail","hentry","category-estamos-unidos"],"acf":[],"aioseo_notices":[],"aioseo_head":"\n\t\t<!-- All in One SEO Pro 4.9.6.2 - aioseo.com -->\n\t<meta name=\"description\" content=\"Emprendedora de Parramos, Chimaltenango, teje canastas, bolsas, mochilas y m\u00e1s. Junto a otras mujeres maya k&#039;akchiqel ahora est\u00e1 en SoyMigrante MERCADO\" \/>\n\t<meta name=\"robots\" content=\"max-snippet:-1, max-image-preview:large, max-video-preview:-1\" \/>\n\t<meta name=\"author\" content=\"Gustavo Montenegro\"\/>\n\t<link rel=\"canonical\" href=\"https:\/\/soymigrante.com\/revista\/floridalia-teje-bolsas-canastas-y-hermandad-junto-a-mujeres-de-parramos-bolsos-y-bisuteria-ales-ahora-esta-en-mercado\/\" \/>\n\t<meta name=\"generator\" content=\"All in One SEO Pro (AIOSEO) 4.9.6.2\" \/>\n\n\t\t<link rel=\"preconnect\" href=\"https:\/\/fonts.googleapis.com\" crossorigin>\n<link rel=\"preconnect\" href=\"https:\/\/fonts.gstatic.com\" crossorigin>\n\t\t<meta property=\"og:locale\" content=\"es_ES\" \/>\n\t\t<meta property=\"og:site_name\" content=\"SoyMigrante.com REVISTA \u2013 Nuestra misi\u00f3n es reconocer y dignificar al migrante.\" \/>\n\t\t<meta property=\"og:type\" content=\"article\" \/>\n\t\t<meta property=\"og:title\" content=\"Floridalia Lico teje hermandad en Bolsas y Accesorios Ale&#039;s\" \/>\n\t\t<meta property=\"og:description\" content=\"Emprendedora de Parramos, Chimaltenango, teje canastas, bolsas, mochilas y m\u00e1s. Junto a otras mujeres maya k&#039;akchiqel ahora est\u00e1 en SoyMigrante MERCADO\" \/>\n\t\t<meta property=\"og:url\" content=\"https:\/\/soymigrante.com\/revista\/floridalia-teje-bolsas-canastas-y-hermandad-junto-a-mujeres-de-parramos-bolsos-y-bisuteria-ales-ahora-esta-en-mercado\/\" \/>\n\t\t<meta property=\"og:image\" content=\"https:\/\/soymigrante.com\/revista\/wp-content\/uploads\/2025\/04\/emprendedora-mercado-floridalia-ales-accesorios-2.webp\" \/>\n\t\t<meta property=\"og:image:secure_url\" content=\"https:\/\/soymigrante.com\/revista\/wp-content\/uploads\/2025\/04\/emprendedora-mercado-floridalia-ales-accesorios-2.webp\" \/>\n\t\t<meta property=\"og:image:width\" content=\"1009\" \/>\n\t\t<meta property=\"og:image:height\" content=\"1009\" \/>\n\t\t<meta property=\"article:published_time\" content=\"2025-04-10T17:24:19+00:00\" \/>\n\t\t<meta property=\"article:modified_time\" content=\"2025-07-21T18:21:42+00:00\" \/>\n\t\t<meta property=\"article:publisher\" content=\"https:\/\/www.facebook.com\/soymigrantecom\" \/>\n\t\t<meta name=\"twitter:card\" content=\"summary_large_image\" \/>\n\t\t<meta name=\"twitter:site\" content=\"@SoyMigrante_com\" \/>\n\t\t<meta name=\"twitter:title\" content=\"Floridalia Lico teje hermandad en Bolsas y Accesorios Ale&#039;s\" \/>\n\t\t<meta name=\"twitter:description\" content=\"Emprendedora de Parramos, Chimaltenango, teje canastas, bolsas, mochilas y m\u00e1s. Junto a otras mujeres maya k&#039;akchiqel ahora est\u00e1 en SoyMigrante MERCADO\" \/>\n\t\t<meta name=\"twitter:creator\" content=\"@SoyMigrante_com\" \/>\n\t\t<meta name=\"twitter:image\" content=\"https:\/\/soymigrante.com\/revista\/wp-content\/uploads\/2025\/04\/emprendedora-mercado-floridalia-ales-accesorios-2.webp\" \/>\n\t\t<!-- All in One SEO Pro -->\r\n\t\t<title>Floridalia Lico teje hermandad en Bolsas y Accesorios Ale's<\/title>\n\n","aioseo_head_json":{"title":"Floridalia Lico teje hermandad en Bolsas y Accesorios Ale's","description":"Emprendedora de Parramos, Chimaltenango, teje canastas, bolsas, mochilas y m\u00e1s. Junto a otras mujeres maya k'akchiqel ahora est\u00e1 en SoyMigrante MERCADO","canonical_url":"https:\/\/soymigrante.com\/revista\/floridalia-teje-bolsas-canastas-y-hermandad-junto-a-mujeres-de-parramos-bolsos-y-bisuteria-ales-ahora-esta-en-mercado\/","robots":"max-snippet:-1, max-image-preview:large, max-video-preview:-1","keywords":"","webmasterTools":{"miscellaneous":"&lt;link rel=\"preconnect\" href=\"https:\/\/fonts.googleapis.com\" crossorigin&gt;\n&lt;link rel=\"preconnect\" href=\"https:\/\/fonts.gstatic.com\" crossorigin&gt;"},"schema":null,"og:locale":"es_ES","og:site_name":"SoyMigrante.com REVISTA \u2013 Nuestra misi\u00f3n es reconocer y dignificar al migrante.","og:type":"article","og:title":"Floridalia Lico teje hermandad en Bolsas y Accesorios Ale's","og:description":"Emprendedora de Parramos, Chimaltenango, teje canastas, bolsas, mochilas y m\u00e1s. Junto a otras mujeres maya k'akchiqel ahora est\u00e1 en SoyMigrante MERCADO","og:url":"https:\/\/soymigrante.com\/revista\/floridalia-teje-bolsas-canastas-y-hermandad-junto-a-mujeres-de-parramos-bolsos-y-bisuteria-ales-ahora-esta-en-mercado\/","og:image":"https:\/\/soymigrante.com\/revista\/wp-content\/uploads\/2025\/04\/emprendedora-mercado-floridalia-ales-accesorios-2.webp","og:image:secure_url":"https:\/\/soymigrante.com\/revista\/wp-content\/uploads\/2025\/04\/emprendedora-mercado-floridalia-ales-accesorios-2.webp","og:image:width":1009,"og:image:height":1009,"article:published_time":"2025-04-10T17:24:19+00:00","article:modified_time":"2025-07-21T18:21:42+00:00","article:publisher":"https:\/\/www.facebook.com\/soymigrantecom","twitter:card":"summary_large_image","twitter:site":"@SoyMigrante_com","twitter:title":"Floridalia Lico teje hermandad en Bolsas y Accesorios Ale's","twitter:description":"Emprendedora de Parramos, Chimaltenango, teje canastas, bolsas, mochilas y m\u00e1s. Junto a otras mujeres maya k'akchiqel ahora est\u00e1 en SoyMigrante MERCADO","twitter:creator":"@SoyMigrante_com","twitter:image":"https:\/\/soymigrante.com\/revista\/wp-content\/uploads\/2025\/04\/emprendedora-mercado-floridalia-ales-accesorios-2.webp"},"aioseo_meta_data":{"post_id":"34380","title":"Innovaci\u00f3n para potenciar emprendimiento e identidad cultural","description":"\"Un tejido de una abuela de Totonicap\u00e1n es tan valioso como un software de Silicon Valley\" dijo Marcos Antil, emprendedor tecnol\u00f3gico en foro Centroam\u00e9rica cuenta","keywords":null,"keyphrases":{"focus":{"keyphrase":"Tejido","score":51,"analysis":{"keyphraseInTitle":{"score":3,"maxScore":9,"error":1},"keyphraseInDescription":{"score":9,"maxScore":9,"error":0},"keyphraseLength":{"score":9,"maxScore":9,"error":0,"length":1},"keyphraseInURL":{"score":5,"maxScore":5,"error":0},"keyphraseInIntroduction":{"score":3,"maxScore":9,"error":1},"keyphraseInSubHeadings":{"score":3,"maxScore":9,"error":1},"keyphraseInImageAlt":{"score":3,"maxScore":9,"error":1},"keywordDensity":{"score":0,"type":"low","maxScore":9,"error":1}}},"additional":[]},"primary_term":null,"canonical_url":null,"og_title":null,"og_description":null,"og_object_type":"default","og_image_type":"default","og_image_url":null,"og_image_width":null,"og_image_height":null,"og_image_custom_url":null,"og_image_custom_fields":null,"og_video":"","og_custom_url":null,"og_article_section":null,"og_article_tags":null,"twitter_use_og":false,"twitter_card":"default","twitter_image_type":"default","twitter_image_url":null,"twitter_image_custom_url":null,"twitter_image_custom_fields":null,"twitter_title":null,"twitter_description":null,"schema":{"blockGraphs":[],"customGraphs":[],"default":{"data":{"Article":[],"Course":[],"Dataset":[],"FAQPage":[],"Movie":[],"Person":[],"Product":[],"ProductReview":[],"Car":[],"Recipe":[],"Service":[],"SoftwareApplication":[],"WebPage":[]},"graphName":"none","isEnabled":true},"graphs":[]},"schema_type":"default","schema_type_options":null,"pillar_content":false,"robots_default":true,"robots_noindex":false,"robots_noarchive":false,"robots_nosnippet":false,"robots_nofollow":false,"robots_noimageindex":false,"robots_noodp":false,"robots_notranslate":false,"robots_max_snippet":"-1","robots_max_videopreview":"-1","robots_max_imagepreview":"large","priority":null,"frequency":"default","local_seo":null,"seo_analyzer_scan_date":"2025-10-09 05:24:39","breadcrumb_settings":null,"limit_modified_date":false,"reviewed_by":null,"open_ai":"{\"title\":{\"suggestions\":[],\"usage\":0},\"description\":{\"suggestions\":[],\"usage\":0}}","ai":null,"created":"2025-05-23 21:10:28","updated":"2026-02-04 23:49:34"},"aioseo_breadcrumb":"<div class=\"aioseo-breadcrumbs\"><span class=\"aioseo-breadcrumb\">\n\t<a href=\"https:\/\/soymigrante.com\/revista\" title=\"Home\">Home<\/a>\n<\/span><span class=\"aioseo-breadcrumb-separator\">\u00bb<\/span><span class=\"aioseo-breadcrumb\">\n\t<a href=\"https:\/\/soymigrante.com\/revista\/category\/estamos-unidos\/\" title=\"Estamos Unidos\">Estamos Unidos<\/a>\n<\/span><span class=\"aioseo-breadcrumb-separator\">\u00bb<\/span><span class=\"aioseo-breadcrumb\">\n\t\u201cUn tejido de una abuela maya es tan valioso como un software de Silicon Valley\u201d: Marcos Antil en foro de industria creativa\n<\/span><\/div>","aioseo_breadcrumb_json":[{"label":"Home","link":"https:\/\/soymigrante.com\/revista"},{"label":"Estamos Unidos","link":"https:\/\/soymigrante.com\/revista\/category\/estamos-unidos\/"},{"label":"&#8220;Un tejido de una abuela maya es tan valioso como un software de Silicon Valley&#8221;: Marcos Antil en foro de industria creativa","link":"https:\/\/soymigrante.com\/revista\/un-tejido-de-una-abuela-maya-es-tan-valioso-como-un-software-de-silicon-valley-marcos-antil-en-foro-de-industria-creativa\/"}],"_links":{"self":[{"href":"https:\/\/soymigrante.com\/revista\/wp-json\/wp\/v2\/posts\/34380","targetHints":{"allow":["GET"]}}],"collection":[{"href":"https:\/\/soymigrante.com\/revista\/wp-json\/wp\/v2\/posts"}],"about":[{"href":"https:\/\/soymigrante.com\/revista\/wp-json\/wp\/v2\/types\/post"}],"author":[{"embeddable":true,"href":"https:\/\/soymigrante.com\/revista\/wp-json\/wp\/v2\/users\/7"}],"replies":[{"embeddable":true,"href":"https:\/\/soymigrante.com\/revista\/wp-json\/wp\/v2\/comments?post=34380"}],"version-history":[{"count":8,"href":"https:\/\/soymigrante.com\/revista\/wp-json\/wp\/v2\/posts\/34380\/revisions"}],"predecessor-version":[{"id":34461,"href":"https:\/\/soymigrante.com\/revista\/wp-json\/wp\/v2\/posts\/34380\/revisions\/34461"}],"wp:featuredmedia":[{"embeddable":true,"href":"https:\/\/soymigrante.com\/revista\/wp-json\/wp\/v2\/media\/34456"}],"wp:attachment":[{"href":"https:\/\/soymigrante.com\/revista\/wp-json\/wp\/v2\/media?parent=34380"}],"wp:term":[{"taxonomy":"category","embeddable":true,"href":"https:\/\/soymigrante.com\/revista\/wp-json\/wp\/v2\/categories?post=34380"},{"taxonomy":"post_tag","embeddable":true,"href":"https:\/\/soymigrante.com\/revista\/wp-json\/wp\/v2\/tags?post=34380"}],"curies":[{"name":"wp","href":"https:\/\/api.w.org\/{rel}","templated":true}]}}