{"id":34340,"date":"2025-05-26T05:00:00","date_gmt":"2025-05-26T11:00:00","guid":{"rendered":"https:\/\/soymigrante.com\/revista\/?p=34340"},"modified":"2025-07-27T08:10:19","modified_gmt":"2025-07-27T14:10:19","slug":"diez-grupos-musicales-guatemaltecos-que-siguen-marcando-ritmo-dentro-y-fuera-del-pais","status":"publish","type":"post","link":"https:\/\/soymigrante.com\/revista\/diez-grupos-musicales-guatemaltecos-que-siguen-marcando-ritmo-dentro-y-fuera-del-pais\/","title":{"rendered":"Diez grupos musicales guatemaltecos que siguen marcando ritmo dentro y fuera del pa\u00eds"},"content":{"rendered":"\t\t<div data-elementor-type=\"wp-post\" data-elementor-id=\"34340\" class=\"elementor elementor-34340\" data-elementor-post-type=\"post\">\n\t\t\t\t<div data-particle_enable=\"false\" data-particle-mobile-disabled=\"false\" class=\"elementor-element elementor-element-1b5be04 e-flex e-con-boxed e-con e-parent\" data-id=\"1b5be04\" data-element_type=\"container\" data-e-type=\"container\">\n\t\t\t\t\t<div class=\"e-con-inner\">\n\t\t\t\t<div class=\"elementor-element elementor-element-618fcdb elementor-widget elementor-widget-heading\" data-id=\"618fcdb\" data-element_type=\"widget\" data-e-type=\"widget\" data-widget_type=\"heading.default\">\n\t\t\t\t\t<h2 class=\"elementor-heading-title elementor-size-default\">Las bandas de m\u00fasica de Guatemala son conocidas por sus canciones, letras y representan un orgullo nacional. \n<\/h2>\t\t\t\t<\/div>\n\t\t\t\t\t<\/div>\n\t\t\t\t<\/div>\n\t\t<div data-particle_enable=\"false\" data-particle-mobile-disabled=\"false\" class=\"elementor-element elementor-element-bacea31 e-flex e-con-boxed e-con e-parent\" data-id=\"bacea31\" data-element_type=\"container\" data-e-type=\"container\">\n\t\t\t\t\t<div class=\"e-con-inner\">\n\t\t\t\t<div class=\"elementor-element elementor-element-20174cd elementor-widget elementor-widget-text-editor\" data-id=\"20174cd\" data-element_type=\"widget\" data-e-type=\"widget\" data-widget_type=\"text-editor.default\">\n\t\t\t\t\t\t\t\t\t<p>La m\u00fasica guatemalteca es tan diversa como su cultura.<a href=\"https:\/\/soymigrante.com\/revista\/siete-canciones-dedicadas-a-guatemala-que-alegran-emocionan-y-unen\/\" target=\"_blank\" rel=\"noopener\"> Desde la cumbia hasta el rock y el ska, las bandas nacionales han sabido conquistar al p\u00fablico local y extranjero<\/a> con ritmos contagiosos, letras que reflejan la identidad del pa\u00eds y una pasi\u00f3n que traspasa generaciones.<\/p><p>A continuaci\u00f3n, presentamos una lista de 10 bandas y agrupaciones musicales que han marcado la historia sonora de Guatemala.<\/p>\t\t\t\t\t\t\t\t<\/div>\n\t\t\t\t\t<\/div>\n\t\t\t\t<\/div>\n\t\t<div data-particle_enable=\"false\" data-particle-mobile-disabled=\"false\" class=\"elementor-element elementor-element-0480809 e-flex e-con-boxed e-con e-parent\" data-id=\"0480809\" data-element_type=\"container\" data-e-type=\"container\">\n\t\t\t\t\t<div class=\"e-con-inner\">\n\t\t\t\t<div class=\"elementor-element elementor-element-1ef7663 elementor-widget elementor-widget-heading\" data-id=\"1ef7663\" data-element_type=\"widget\" data-e-type=\"widget\" data-widget_type=\"heading.default\">\n\t\t\t\t\t<h3 class=\"elementor-heading-title elementor-size-default\"><a href=\"https:\/\/malacates.com\/\">1. Malacates Tr\u00e9bol Shop<\/a><\/h3>\t\t\t\t<\/div>\n\t\t\t\t\t<\/div>\n\t\t\t\t<\/div>\n\t\t<div data-particle_enable=\"false\" data-particle-mobile-disabled=\"false\" class=\"elementor-element elementor-element-3b7fcd7 e-flex e-con-boxed e-con e-parent\" data-id=\"3b7fcd7\" data-element_type=\"container\" data-e-type=\"container\">\n\t\t\t\t\t<div class=\"e-con-inner\">\n\t\t\t\t<div class=\"elementor-element elementor-element-b7337cc elementor-widget elementor-widget-text-editor\" data-id=\"b7337cc\" data-element_type=\"widget\" data-e-type=\"widget\" data-widget_type=\"text-editor.default\">\n\t\t\t\t\t\t\t\t\t<p>Fundada en la d\u00e9cada de 1990, esta banda mezcla ska, pop y rock latino. Se ha consolidado como una de las m\u00e1s influyentes de Centroam\u00e9rica gracias a \u00e9xitos como Ni un centavo, Luna Llena y Morena.<\/p><p>Su propuesta fresca, letras con cr\u00edtica social y energ\u00eda en el escenario los han convertido en un \u00edcono musical.<\/p>\t\t\t\t\t\t\t\t<\/div>\n\t\t\t\t\t<\/div>\n\t\t\t\t<\/div>\n\t\t<div data-particle_enable=\"false\" data-particle-mobile-disabled=\"false\" class=\"elementor-element elementor-element-45fb3a3 e-flex e-con-boxed e-con e-parent\" data-id=\"45fb3a3\" data-element_type=\"container\" data-e-type=\"container\">\n\t\t\t\t\t<div class=\"e-con-inner\">\n\t\t\t\t<div class=\"elementor-element elementor-element-97ca67e elementor-invisible elementor-widget elementor-widget-facebook-embed\" data-id=\"97ca67e\" data-element_type=\"widget\" data-e-type=\"widget\" data-settings=\"{&quot;_animation&quot;:&quot;zoomInDown&quot;}\" data-widget_type=\"facebook-embed.default\">\n\t\t\t\t\t<div style=\"min-height: 1px\" class=\"elementor-facebook-widget fb-post\" data-href=\"https:\/\/www.facebook.com\/photo.php?fbid=1047345386747324&#038;set=pb.100044156183119.-2207520000&#038;type=3\" data-show-text=\"false\"><\/div>\t\t\t\t<\/div>\n\t\t\t\t\t<\/div>\n\t\t\t\t<\/div>\n\t\t<div data-particle_enable=\"false\" data-particle-mobile-disabled=\"false\" class=\"elementor-element elementor-element-fb9d4e9 e-flex e-con-boxed e-con e-parent\" data-id=\"fb9d4e9\" data-element_type=\"container\" data-e-type=\"container\">\n\t\t\t\t\t<div class=\"e-con-inner\">\n\t\t\t\t<div class=\"elementor-element elementor-element-7a537ab elementor-widget elementor-widget-heading\" data-id=\"7a537ab\" data-element_type=\"widget\" data-e-type=\"widget\" data-widget_type=\"heading.default\">\n\t\t\t\t\t<h3 class=\"elementor-heading-title elementor-size-default\">2. Los Miseria Cumbia Band<\/h3>\t\t\t\t<\/div>\n\t\t\t\t\t<\/div>\n\t\t\t\t<\/div>\n\t\t<div data-particle_enable=\"false\" data-particle-mobile-disabled=\"false\" class=\"elementor-element elementor-element-447c75a e-flex e-con-boxed e-con e-parent\" data-id=\"447c75a\" data-element_type=\"container\" data-e-type=\"container\">\n\t\t\t\t\t<div class=\"e-con-inner\">\n\t\t\t\t<div class=\"elementor-element elementor-element-7974680 elementor-widget elementor-widget-text-editor\" data-id=\"7974680\" data-element_type=\"widget\" data-e-type=\"widget\" data-widget_type=\"text-editor.default\">\n\t\t\t\t\t\t\t\t\t<p>Esta agrupaci\u00f3n ha revitalizado la cumbia con fusiones modernas y letras que retratan la cotidianidad con humor y picard\u00eda.<\/p><p>Su estilo desenfadado ha ganado seguidores dentro y fuera del pa\u00eds, convirti\u00e9ndolos en referentes del g\u00e9nero tropical guatemalteco.<\/p>\t\t\t\t\t\t\t\t<\/div>\n\t\t\t\t\t<\/div>\n\t\t\t\t<\/div>\n\t\t<div data-particle_enable=\"false\" data-particle-mobile-disabled=\"false\" class=\"elementor-element elementor-element-d4f390e e-flex e-con-boxed e-con e-parent\" data-id=\"d4f390e\" data-element_type=\"container\" data-e-type=\"container\">\n\t\t\t\t\t<div class=\"e-con-inner\">\n\t\t\t\t<div class=\"elementor-element elementor-element-cf153f5 elementor-invisible elementor-widget elementor-widget-facebook-embed\" data-id=\"cf153f5\" data-element_type=\"widget\" data-e-type=\"widget\" data-settings=\"{&quot;_animation&quot;:&quot;zoomInDown&quot;}\" data-widget_type=\"facebook-embed.default\">\n\t\t\t\t\t<div style=\"min-height: 1px\" class=\"elementor-facebook-widget fb-post\" data-href=\"https:\/\/www.facebook.com\/photo.php?fbid=927563185404876&#038;set=pb.100044536081934.-2207520000&#038;type=3\" data-show-text=\"false\"><\/div>\t\t\t\t<\/div>\n\t\t\t\t\t<\/div>\n\t\t\t\t<\/div>\n\t\t<div data-particle_enable=\"false\" data-particle-mobile-disabled=\"false\" class=\"elementor-element elementor-element-0561af6 e-flex e-con-boxed e-con e-parent\" data-id=\"0561af6\" data-element_type=\"container\" data-e-type=\"container\">\n\t\t\t\t\t<div class=\"e-con-inner\">\n\t\t\t\t<div class=\"elementor-element elementor-element-46c827b elementor-widget elementor-widget-heading\" data-id=\"46c827b\" data-element_type=\"widget\" data-e-type=\"widget\" data-widget_type=\"heading.default\">\n\t\t\t\t\t<h3 class=\"elementor-heading-title elementor-size-default\">3. Fidel Funes y su marimba orquesta<\/h3>\t\t\t\t<\/div>\n\t\t\t\t\t<\/div>\n\t\t\t\t<\/div>\n\t\t<div data-particle_enable=\"false\" data-particle-mobile-disabled=\"false\" class=\"elementor-element elementor-element-0d31c2c e-flex e-con-boxed e-con e-parent\" data-id=\"0d31c2c\" data-element_type=\"container\" data-e-type=\"container\">\n\t\t\t\t\t<div class=\"e-con-inner\">\n\t\t\t\t<div class=\"elementor-element elementor-element-cab6b50 elementor-widget elementor-widget-text-editor\" data-id=\"cab6b50\" data-element_type=\"widget\" data-e-type=\"widget\" data-widget_type=\"text-editor.default\">\n\t\t\t\t\t\t\t\t\t<p>Considerado un pilar de la m\u00fasica de orquesta en Guatemala, Fidel Funes populariz\u00f3 temas de chichas y cumbias que suenan en todas las ferias patronales.<\/p><p>Su legado musical, iniciado en los a\u00f1os 70, contin\u00faa siendo parte del repertorio nacional en celebraciones y festividades.<\/p>\t\t\t\t\t\t\t\t<\/div>\n\t\t\t\t\t<\/div>\n\t\t\t\t<\/div>\n\t\t<div data-particle_enable=\"false\" data-particle-mobile-disabled=\"false\" class=\"elementor-element elementor-element-a97347c e-flex e-con-boxed e-con e-parent\" data-id=\"a97347c\" data-element_type=\"container\" data-e-type=\"container\">\n\t\t\t\t\t<div class=\"e-con-inner\">\n\t\t\t\t<div class=\"elementor-element elementor-element-1d8f93b elementor-invisible elementor-widget elementor-widget-facebook-embed\" data-id=\"1d8f93b\" data-element_type=\"widget\" data-e-type=\"widget\" data-settings=\"{&quot;_animation&quot;:&quot;zoomInDown&quot;}\" data-widget_type=\"facebook-embed.default\">\n\t\t\t\t\t<div style=\"min-height: 1px\" class=\"elementor-facebook-widget fb-post\" data-href=\"https:\/\/www.facebook.com\/photo.php?fbid=1226782538808675&#038;set=pb.100044308212286.-2207520000&#038;type=3\" data-show-text=\"false\"><\/div>\t\t\t\t<\/div>\n\t\t\t\t\t<\/div>\n\t\t\t\t<\/div>\n\t\t<div data-particle_enable=\"false\" data-particle-mobile-disabled=\"false\" class=\"elementor-element elementor-element-fd06a73 e-flex e-con-boxed e-con e-parent\" data-id=\"fd06a73\" data-element_type=\"container\" data-e-type=\"container\">\n\t\t\t\t\t<div class=\"e-con-inner\">\n\t\t\t\t<div class=\"elementor-element elementor-element-00b52ee elementor-widget elementor-widget-heading\" data-id=\"00b52ee\" data-element_type=\"widget\" data-e-type=\"widget\" data-widget_type=\"heading.default\">\n\t\t\t\t\t<h3 class=\"elementor-heading-title elementor-size-default\">4. Checha y su India Maya<\/h3>\t\t\t\t<\/div>\n\t\t\t\t\t<\/div>\n\t\t\t\t<\/div>\n\t\t<div data-particle_enable=\"false\" data-particle-mobile-disabled=\"false\" class=\"elementor-element elementor-element-f69a5ea e-flex e-con-boxed e-con e-parent\" data-id=\"f69a5ea\" data-element_type=\"container\" data-e-type=\"container\">\n\t\t\t\t\t<div class=\"e-con-inner\">\n\t\t\t\t<div class=\"elementor-element elementor-element-f5fd384 elementor-widget elementor-widget-text-editor\" data-id=\"f5fd384\" data-element_type=\"widget\" data-e-type=\"widget\" data-widget_type=\"text-editor.default\">\n\t\t\t\t\t\t\t\t\t<p>Una de las agrupaciones m\u00e1s queridas en el pa\u00eds, famosa por canciones como La vaca chota y El zopilote mojado. Checha logr\u00f3 llevar la marimba, los metales y los ritmos tropicales a los escenarios m\u00e1s importantes del pa\u00eds y del extranjero, dejando un legado inolvidable.<\/p>\t\t\t\t\t\t\t\t<\/div>\n\t\t\t\t\t<\/div>\n\t\t\t\t<\/div>\n\t\t<div data-particle_enable=\"false\" data-particle-mobile-disabled=\"false\" class=\"elementor-element elementor-element-3cf9c56 e-flex e-con-boxed e-con e-parent\" data-id=\"3cf9c56\" data-element_type=\"container\" data-e-type=\"container\">\n\t\t\t\t\t<div class=\"e-con-inner\">\n\t\t\t\t<div class=\"elementor-element elementor-element-7e94e93 elementor-invisible elementor-widget elementor-widget-facebook-embed\" data-id=\"7e94e93\" data-element_type=\"widget\" data-e-type=\"widget\" data-settings=\"{&quot;_animation&quot;:&quot;zoomInDown&quot;}\" data-widget_type=\"facebook-embed.default\">\n\t\t\t\t\t<div style=\"min-height: 1px\" class=\"elementor-facebook-widget fb-post\" data-href=\"https:\/\/www.facebook.com\/photo.php?fbid=1246857960143621&#038;set=pb.100044582852708.-2207520000&#038;type=3\" data-show-text=\"false\"><\/div>\t\t\t\t<\/div>\n\t\t\t\t\t<\/div>\n\t\t\t\t<\/div>\n\t\t<div data-particle_enable=\"false\" data-particle-mobile-disabled=\"false\" class=\"elementor-element elementor-element-93ba8ae e-flex e-con-boxed e-con e-parent\" data-id=\"93ba8ae\" data-element_type=\"container\" data-e-type=\"container\">\n\t\t\t\t\t<div class=\"e-con-inner\">\n\t\t\t\t<div class=\"elementor-element elementor-element-bbb357a elementor-widget elementor-widget-heading\" data-id=\"bbb357a\" data-element_type=\"widget\" data-e-type=\"widget\" data-widget_type=\"heading.default\">\n\t\t\t\t\t<h3 class=\"elementor-heading-title elementor-size-default\">5. Bohemia Suburbana<\/h3>\t\t\t\t<\/div>\n\t\t\t\t\t<\/div>\n\t\t\t\t<\/div>\n\t\t<div data-particle_enable=\"false\" data-particle-mobile-disabled=\"false\" class=\"elementor-element elementor-element-e7e14db e-flex e-con-boxed e-con e-parent\" data-id=\"e7e14db\" data-element_type=\"container\" data-e-type=\"container\">\n\t\t\t\t\t<div class=\"e-con-inner\">\n\t\t\t\t<div class=\"elementor-element elementor-element-758721b elementor-widget elementor-widget-text-editor\" data-id=\"758721b\" data-element_type=\"widget\" data-e-type=\"widget\" data-widget_type=\"text-editor.default\">\n\t\t\t\t\t\t\t\t\t<p>Una de las bandas de rock alternativo m\u00e1s respetadas en Guatemala y Centroam\u00e9rica. Con m\u00e1s de tres d\u00e9cadas de trayectoria, su m\u00fasica aborda temas de conciencia social, amor y rebeld\u00eda, con discos como Mil palabras con sus dientes e Imaginaria Sonora.<\/p>\t\t\t\t\t\t\t\t<\/div>\n\t\t\t\t\t<\/div>\n\t\t\t\t<\/div>\n\t\t<div data-particle_enable=\"false\" data-particle-mobile-disabled=\"false\" class=\"elementor-element elementor-element-ea796da e-flex e-con-boxed e-con e-parent\" data-id=\"ea796da\" data-element_type=\"container\" data-e-type=\"container\">\n\t\t\t\t\t<div class=\"e-con-inner\">\n\t\t\t\t<div class=\"elementor-element elementor-element-857c453 elementor-invisible elementor-widget elementor-widget-facebook-embed\" data-id=\"857c453\" data-element_type=\"widget\" data-e-type=\"widget\" data-settings=\"{&quot;_animation&quot;:&quot;zoomInDown&quot;}\" data-widget_type=\"facebook-embed.default\">\n\t\t\t\t\t<div style=\"min-height: 1px\" class=\"elementor-facebook-widget fb-post\" data-href=\"https:\/\/www.facebook.com\/photo.php?fbid=1192698672214540&#038;set=pb.100044232555985.-2207520000&#038;type=3\" data-show-text=\"false\"><\/div>\t\t\t\t<\/div>\n\t\t\t\t\t<\/div>\n\t\t\t\t<\/div>\n\t\t<div data-particle_enable=\"false\" data-particle-mobile-disabled=\"false\" class=\"elementor-element elementor-element-f73b011 e-flex e-con-boxed e-con e-parent\" data-id=\"f73b011\" data-element_type=\"container\" data-e-type=\"container\">\n\t\t\t\t\t<div class=\"e-con-inner\">\n\t\t\t\t<div class=\"elementor-element elementor-element-295d0eb elementor-widget elementor-widget-heading\" data-id=\"295d0eb\" data-element_type=\"widget\" data-e-type=\"widget\" data-widget_type=\"heading.default\">\n\t\t\t\t\t<h3 class=\"elementor-heading-title elementor-size-default\">6. Alux Nahual<\/h3>\t\t\t\t<\/div>\n\t\t\t\t\t<\/div>\n\t\t\t\t<\/div>\n\t\t<div data-particle_enable=\"false\" data-particle-mobile-disabled=\"false\" class=\"elementor-element elementor-element-c41f70c e-flex e-con-boxed e-con e-parent\" data-id=\"c41f70c\" data-element_type=\"container\" data-e-type=\"container\">\n\t\t\t\t\t<div class=\"e-con-inner\">\n\t\t\t\t<div class=\"elementor-element elementor-element-032bdd7 elementor-widget elementor-widget-text-editor\" data-id=\"032bdd7\" data-element_type=\"widget\" data-e-type=\"widget\" data-widget_type=\"text-editor.default\">\n\t\t\t\t\t\t\t\t\t<p>Fundada en 1979, esta banda de rock progresivo fusiona elementos de la m\u00fasica cl\u00e1sica, el folklore y el rock. Son conocidos por himnos como Alto al fuego y Como un duende. Su impacto trascendi\u00f3 generaciones y es una de las bandas m\u00e1s reconocidas hist\u00f3ricamente.<\/p>\t\t\t\t\t\t\t\t<\/div>\n\t\t\t\t\t<\/div>\n\t\t\t\t<\/div>\n\t\t<div data-particle_enable=\"false\" data-particle-mobile-disabled=\"false\" class=\"elementor-element elementor-element-00f04d8 e-flex e-con-boxed e-con e-parent\" data-id=\"00f04d8\" data-element_type=\"container\" data-e-type=\"container\">\n\t\t\t\t\t<div class=\"e-con-inner\">\n\t\t\t\t<div class=\"elementor-element elementor-element-4d583c5 elementor-invisible elementor-widget elementor-widget-facebook-embed\" data-id=\"4d583c5\" data-element_type=\"widget\" data-e-type=\"widget\" data-settings=\"{&quot;_animation&quot;:&quot;zoomInDown&quot;}\" data-widget_type=\"facebook-embed.default\">\n\t\t\t\t\t<div style=\"min-height: 1px\" class=\"elementor-facebook-widget fb-post\" data-href=\"https:\/\/www.facebook.com\/photo.php?fbid=1190046689146517&#038;set=pb.100044235918767.-2207520000&#038;type=3\" data-show-text=\"false\"><\/div>\t\t\t\t<\/div>\n\t\t\t\t\t<\/div>\n\t\t\t\t<\/div>\n\t\t<div data-particle_enable=\"false\" data-particle-mobile-disabled=\"false\" class=\"elementor-element elementor-element-d2d5325 e-flex e-con-boxed e-con e-parent\" data-id=\"d2d5325\" data-element_type=\"container\" data-e-type=\"container\">\n\t\t\t\t\t<div class=\"e-con-inner\">\n\t\t\t\t<div class=\"elementor-element elementor-element-7b487bd elementor-widget elementor-widget-heading\" data-id=\"7b487bd\" data-element_type=\"widget\" data-e-type=\"widget\" data-widget_type=\"heading.default\">\n\t\t\t\t\t<h3 class=\"elementor-heading-title elementor-size-default\">7. Grupo Rana<\/h3>\t\t\t\t<\/div>\n\t\t\t\t\t<\/div>\n\t\t\t\t<\/div>\n\t\t<div data-particle_enable=\"false\" data-particle-mobile-disabled=\"false\" class=\"elementor-element elementor-element-ec93afe e-flex e-con-boxed e-con e-parent\" data-id=\"ec93afe\" data-element_type=\"container\" data-e-type=\"container\">\n\t\t\t\t\t<div class=\"e-con-inner\">\n\t\t\t\t<div class=\"elementor-element elementor-element-e290ee6 elementor-widget elementor-widget-text-editor\" data-id=\"e290ee6\" data-element_type=\"widget\" data-e-type=\"widget\" data-widget_type=\"text-editor.default\">\n\t\t\t\t\t\t\t\t\t<p>Grupo Rana inici\u00f3 en 1974 en Tecp\u00e1n, Chimaltenango, con seis integrantes, entre ellos sus fundadores, Marco Tulio y Ovidio Gir\u00f3n, Eduardo Carrillo, Armando Rodr\u00edguez, Ottoniel Ramos y Humberto De Le\u00f3n, quienes trabajaban tocando m\u00fasica en distintos restaurantes del pa\u00eds.\u00a0<\/p><p>Es una de las bandas guatemaltecas de merengue m\u00e1s emblem\u00e1ticas, que se consolidaron como uno de los exponentes musicales m\u00e1s importantes durante la d\u00e9cada de los ochentas.<\/p>\t\t\t\t\t\t\t\t<\/div>\n\t\t\t\t\t<\/div>\n\t\t\t\t<\/div>\n\t\t<div data-particle_enable=\"false\" data-particle-mobile-disabled=\"false\" class=\"elementor-element elementor-element-04cd22d e-flex e-con-boxed e-con e-parent\" data-id=\"04cd22d\" data-element_type=\"container\" data-e-type=\"container\">\n\t\t\t\t\t<div class=\"e-con-inner\">\n\t\t\t\t<div class=\"elementor-element elementor-element-5ef9afc elementor-invisible elementor-widget elementor-widget-facebook-embed\" data-id=\"5ef9afc\" data-element_type=\"widget\" data-e-type=\"widget\" data-settings=\"{&quot;_animation&quot;:&quot;zoomInDown&quot;}\" data-widget_type=\"facebook-embed.default\">\n\t\t\t\t\t<div style=\"min-height: 1px\" class=\"elementor-facebook-widget fb-post\" data-href=\"https:\/\/www.facebook.com\/photo.php?fbid=1208238400655763&#038;set=pb.100044088431361.-2207520000&#038;type=3\" data-show-text=\"false\"><\/div>\t\t\t\t<\/div>\n\t\t\t\t\t<\/div>\n\t\t\t\t<\/div>\n\t\t<div data-particle_enable=\"false\" data-particle-mobile-disabled=\"false\" class=\"elementor-element elementor-element-aaf5aed e-flex e-con-boxed e-con e-parent\" data-id=\"aaf5aed\" data-element_type=\"container\" data-e-type=\"container\">\n\t\t\t\t\t<div class=\"e-con-inner\">\n\t\t\t\t<div class=\"elementor-element elementor-element-298094f elementor-widget elementor-widget-heading\" data-id=\"298094f\" data-element_type=\"widget\" data-e-type=\"widget\" data-widget_type=\"heading.default\">\n\t\t\t\t\t<h3 class=\"elementor-heading-title elementor-size-default\">8. Viento en Contra<\/h3>\t\t\t\t<\/div>\n\t\t\t\t\t<\/div>\n\t\t\t\t<\/div>\n\t\t<div data-particle_enable=\"false\" data-particle-mobile-disabled=\"false\" class=\"elementor-element elementor-element-762d76e e-flex e-con-boxed e-con e-parent\" data-id=\"762d76e\" data-element_type=\"container\" data-e-type=\"container\">\n\t\t\t\t\t<div class=\"e-con-inner\">\n\t\t\t\t<div class=\"elementor-element elementor-element-abfa6e2 elementor-widget elementor-widget-text-editor\" data-id=\"abfa6e2\" data-element_type=\"widget\" data-e-type=\"widget\" data-widget_type=\"text-editor.default\">\n\t\t\t\t\t\t\t\t\t<p>Conocidos por su estilo de pop-rock, esta banda ha sido parte del soundtrack juvenil de los a\u00f1os 2000 en Guatemala. Canciones como Hoy ser\u00e1 un gran d\u00eda y Hasta que el sol salga los convirtieron en favoritos en radios y conciertos.<\/p>\t\t\t\t\t\t\t\t<\/div>\n\t\t\t\t\t<\/div>\n\t\t\t\t<\/div>\n\t\t<div data-particle_enable=\"false\" data-particle-mobile-disabled=\"false\" class=\"elementor-element elementor-element-9113f1d e-flex e-con-boxed e-con e-parent\" data-id=\"9113f1d\" data-element_type=\"container\" data-e-type=\"container\">\n\t\t\t\t\t<div class=\"e-con-inner\">\n\t\t\t\t<div class=\"elementor-element elementor-element-eb82816 elementor-invisible elementor-widget elementor-widget-facebook-embed\" data-id=\"eb82816\" data-element_type=\"widget\" data-e-type=\"widget\" data-settings=\"{&quot;_animation&quot;:&quot;zoomInDown&quot;}\" data-widget_type=\"facebook-embed.default\">\n\t\t\t\t\t<div style=\"min-height: 1px\" class=\"elementor-facebook-widget fb-post\" data-href=\"https:\/\/www.facebook.com\/photo.php?fbid=1147591240061991&#038;set=pb.100044333774406.-2207520000&#038;type=3\" data-show-text=\"false\"><\/div>\t\t\t\t<\/div>\n\t\t\t\t\t<\/div>\n\t\t\t\t<\/div>\n\t\t<div data-particle_enable=\"false\" data-particle-mobile-disabled=\"false\" class=\"elementor-element elementor-element-f5b9d73 e-flex e-con-boxed e-con e-parent\" data-id=\"f5b9d73\" data-element_type=\"container\" data-e-type=\"container\">\n\t\t\t\t\t<div class=\"e-con-inner\">\n\t\t\t\t<div class=\"elementor-element elementor-element-68a1631 elementor-widget elementor-widget-heading\" data-id=\"68a1631\" data-element_type=\"widget\" data-e-type=\"widget\" data-widget_type=\"heading.default\">\n\t\t\t\t\t<h3 class=\"elementor-heading-title elementor-size-default\">9. Bacteria Sound System Crew<\/h3>\t\t\t\t<\/div>\n\t\t\t\t\t<\/div>\n\t\t\t\t<\/div>\n\t\t<div data-particle_enable=\"false\" data-particle-mobile-disabled=\"false\" class=\"elementor-element elementor-element-0ceb362 e-flex e-con-boxed e-con e-parent\" data-id=\"0ceb362\" data-element_type=\"container\" data-e-type=\"container\">\n\t\t\t\t\t<div class=\"e-con-inner\">\n\t\t\t\t<div class=\"elementor-element elementor-element-adc531b elementor-widget elementor-widget-text-editor\" data-id=\"adc531b\" data-element_type=\"widget\" data-e-type=\"widget\" data-widget_type=\"text-editor.default\">\n\t\t\t\t\t\t\t\t\t<p>Pioneros del reggae, dancehall y hip hop guatemalteco, esta agrupaci\u00f3n ha tenido un impacto importante en la cultura urbana del pa\u00eds. Con un mensaje fuerte sobre justicia, derechos y conciencia social, han abierto espacios para nuevos g\u00e9neros y voces.<\/p>\t\t\t\t\t\t\t\t<\/div>\n\t\t\t\t\t<\/div>\n\t\t\t\t<\/div>\n\t\t<div data-particle_enable=\"false\" data-particle-mobile-disabled=\"false\" class=\"elementor-element elementor-element-a22ce08 e-flex e-con-boxed e-con e-parent\" data-id=\"a22ce08\" data-element_type=\"container\" data-e-type=\"container\">\n\t\t\t\t\t<div class=\"e-con-inner\">\n\t\t\t\t<div class=\"elementor-element elementor-element-65f6181 elementor-invisible elementor-widget elementor-widget-facebook-embed\" data-id=\"65f6181\" data-element_type=\"widget\" data-e-type=\"widget\" data-settings=\"{&quot;_animation&quot;:&quot;zoomInDown&quot;}\" data-widget_type=\"facebook-embed.default\">\n\t\t\t\t\t<div style=\"min-height: 1px\" class=\"elementor-facebook-widget fb-post\" data-href=\"https:\/\/www.facebook.com\/photo.php?fbid=1179459127070062&#038;set=pb.100050179582864.-2207520000&#038;type=3\" data-show-text=\"false\"><\/div>\t\t\t\t<\/div>\n\t\t\t\t\t<\/div>\n\t\t\t\t<\/div>\n\t\t<div data-particle_enable=\"false\" data-particle-mobile-disabled=\"false\" class=\"elementor-element elementor-element-a220803 e-flex e-con-boxed e-con e-parent\" data-id=\"a220803\" data-element_type=\"container\" data-e-type=\"container\">\n\t\t\t\t\t<div class=\"e-con-inner\">\n\t\t\t\t<div class=\"elementor-element elementor-element-f318d02 elementor-widget elementor-widget-heading\" data-id=\"f318d02\" data-element_type=\"widget\" data-e-type=\"widget\" data-widget_type=\"heading.default\">\n\t\t\t\t\t<h3 class=\"elementor-heading-title elementor-size-default\">10. Viernes Verde<\/h3>\t\t\t\t<\/div>\n\t\t\t\t\t<\/div>\n\t\t\t\t<\/div>\n\t\t<div data-particle_enable=\"false\" data-particle-mobile-disabled=\"false\" class=\"elementor-element elementor-element-c740b1b e-flex e-con-boxed e-con e-parent\" data-id=\"c740b1b\" data-element_type=\"container\" data-e-type=\"container\">\n\t\t\t\t\t<div class=\"e-con-inner\">\n\t\t\t\t<div class=\"elementor-element elementor-element-052ccab elementor-widget elementor-widget-text-editor\" data-id=\"052ccab\" data-element_type=\"widget\" data-e-type=\"widget\" data-widget_type=\"text-editor.default\">\n\t\t\t\t\t\t\t\t\t<p>Con una mezcla de rock duro y letras profundas, Viernes Verde ha sido una de las bandas m\u00e1s influyentes del rock chap\u00edn. Desde los a\u00f1os 90, su estilo crudo y potente ha marcado a varias generaciones de fan\u00e1ticos.<\/p>\t\t\t\t\t\t\t\t<\/div>\n\t\t\t\t\t<\/div>\n\t\t\t\t<\/div>\n\t\t<div data-particle_enable=\"false\" data-particle-mobile-disabled=\"false\" class=\"elementor-element elementor-element-6c0335f e-flex e-con-boxed e-con e-parent\" data-id=\"6c0335f\" data-element_type=\"container\" data-e-type=\"container\">\n\t\t\t\t\t<div class=\"e-con-inner\">\n\t\t\t\t<div class=\"elementor-element elementor-element-f51a667 elementor-invisible elementor-widget elementor-widget-facebook-embed\" data-id=\"f51a667\" data-element_type=\"widget\" data-e-type=\"widget\" data-settings=\"{&quot;_animation&quot;:&quot;zoomInDown&quot;}\" data-widget_type=\"facebook-embed.default\">\n\t\t\t\t\t<div style=\"min-height: 1px\" class=\"elementor-facebook-widget fb-post\" data-href=\"https:\/\/www.facebook.com\/T2432222222222\/photos\/pb.100044420949935.-2207520000\/2625709427472468\/?type=3\" data-show-text=\"false\"><\/div>\t\t\t\t<\/div>\n\t\t\t\t\t<\/div>\n\t\t\t\t<\/div>\n\t\t<div data-particle_enable=\"false\" data-particle-mobile-disabled=\"false\" class=\"elementor-element elementor-element-857f3dc e-flex e-con-boxed e-con e-parent\" data-id=\"857f3dc\" data-element_type=\"container\" data-e-type=\"container\">\n\t\t\t\t\t<div class=\"e-con-inner\">\n\t\t\t\t<div class=\"elementor-element elementor-element-64fc9b9 elementor-widget elementor-widget-text-editor\" data-id=\"64fc9b9\" data-element_type=\"widget\" data-e-type=\"widget\" data-widget_type=\"text-editor.default\">\n\t\t\t\t\t\t\t\t\t<p><a href=\"https:\/\/soymigrante.com\/revista\/siete-canciones-dedicadas-a-guatemala-que-alegran-emocionan-y-unen\/\" target=\"_blank\" rel=\"noopener\">Estas bandas han llevado el nombre de Guatemala en alto, cada una desde su estilo y \u00e9poca.<\/a> Algunas siguen en activo, mientras que otras han dejado una huella imborrable en la historia musical del pa\u00eds. Son m\u00e1s que agrupaciones: son el reflejo de una naci\u00f3n diversa, creativa y vibrante.<\/p>\t\t\t\t\t\t\t\t<\/div>\n\t\t\t\t\t<\/div>\n\t\t\t\t<\/div>\n\t\t<div data-particle_enable=\"false\" data-particle-mobile-disabled=\"false\" class=\"elementor-element elementor-element-30440c8 e-flex e-con-boxed e-con e-parent\" data-id=\"30440c8\" data-element_type=\"container\" data-e-type=\"container\">\n\t\t\t\t\t<div class=\"e-con-inner\">\n\t\t\t\t<div class=\"elementor-element elementor-element-dfb1c89 elementor-widget elementor-widget-heading\" data-id=\"dfb1c89\" data-element_type=\"widget\" data-e-type=\"widget\" data-widget_type=\"heading.default\">\n\t\t\t\t\t<h2 class=\"elementor-heading-title elementor-size-default\">Conoce m\u00e1s de Guatemala, ac\u00e1...<\/h2>\t\t\t\t<\/div>\n\t\t\t\t\t<\/div>\n\t\t\t\t<\/div>\n\t\t<div data-particle_enable=\"false\" data-particle-mobile-disabled=\"false\" class=\"elementor-element elementor-element-c5ad349 e-flex e-con-boxed e-con e-parent\" data-id=\"c5ad349\" data-element_type=\"container\" data-e-type=\"container\">\n\t\t\t\t\t<div class=\"e-con-inner\">\n\t\t\t\t<div class=\"elementor-element elementor-element-8a67f65 elementor-grid-eael-col-3 elementor-grid-tablet-eael-col-2 elementor-grid-mobile-eael-col-1 elementor-widget elementor-widget-eael-post-grid\" data-id=\"8a67f65\" data-element_type=\"widget\" data-e-type=\"widget\" data-settings=\"{&quot;eael_post_grid_columns&quot;:&quot;eael-col-3&quot;,&quot;eael_post_grid_columns_tablet&quot;:&quot;eael-col-2&quot;,&quot;eael_post_grid_columns_mobile&quot;:&quot;eael-col-1&quot;}\" data-widget_type=\"eael-post-grid.default\">\n\t\t\t\t\t<div id=\"eael-post-grid-8a67f65\" class=\"eael-post-grid-container\">\n            <div class=\"eael-post-grid eael-post-appender eael-post-appender-8a67f65 eael-post-grid-style-one\" data-layout-mode=\"masonry\"><article class=\"eael-grid-post  eael-post-grid-column eael-pg-post-29698 category-guate-nuestra\" data-id=\"29698\">\n        <div class=\"eael-grid-post-holder\">\n            <div class=\"eael-grid-post-holder-inner\"><div class=\"eael-entry-media\"><div class=\"eael-entry-overlay fade-in\"><i class=\"far fa-hand-pointer\" aria-hidden=\"true\"><\/i><a href=\"https:\/\/soymigrante.com\/revista\/cantautora-gaby-moreno-lanza-el-videoclip-lamento-un-tributo-a-los-migrantes-guatemaltecos\/\"><\/a><\/div><div class=\"eael-entry-thumbnail \">\n                <img fetchpriority=\"high\" decoding=\"async\" width=\"1024\" height=\"1024\" src=\"https:\/\/soymigrante.com\/revista\/wp-content\/uploads\/2025\/03\/Gaby-Moreno--e1743449314894-1024x1024.webp\" class=\"attachment-large size-large wp-image-29699\" alt=\"Varios ni\u00f1os en la playa durante el atardecer, con estructuras en el fondo y luces brillantes, en una escena que combina nostalgia y misterio, reflejando temas de migraci\u00f3n y presencia humana en ambientes costeros.\" srcset=\"https:\/\/soymigrante.com\/revista\/wp-content\/uploads\/2025\/03\/Gaby-Moreno--e1743449314894-1024x1024.webp 1024w, https:\/\/soymigrante.com\/revista\/wp-content\/uploads\/2025\/03\/Gaby-Moreno--e1743449314894-300x300.webp 300w, https:\/\/soymigrante.com\/revista\/wp-content\/uploads\/2025\/03\/Gaby-Moreno--e1743449314894-150x150.webp 150w, https:\/\/soymigrante.com\/revista\/wp-content\/uploads\/2025\/03\/Gaby-Moreno--e1743449314894-768x768.webp 768w, https:\/\/soymigrante.com\/revista\/wp-content\/uploads\/2025\/03\/Gaby-Moreno--e1743449314894-75x75.webp 75w, https:\/\/soymigrante.com\/revista\/wp-content\/uploads\/2025\/03\/Gaby-Moreno--e1743449314894-750x750.webp 750w, https:\/\/soymigrante.com\/revista\/wp-content\/uploads\/2025\/03\/Gaby-Moreno--e1743449314894.webp 1080w\" sizes=\"(max-width: 1024px) 100vw, 1024px\" \/>\n            <\/div>\n        <\/div><div class=\"eael-entry-wrapper\"><header class=\"eael-entry-header\"><h2 class=\"eael-entry-title\"><a class=\"eael-grid-post-link\" href=\"https:\/\/soymigrante.com\/revista\/cantautora-gaby-moreno-lanza-el-videoclip-lamento-un-tributo-a-los-migrantes-guatemaltecos\/\" title=\"Cantautora Gaby Moreno lanza el videoclip Lamento, un tributo a los migrantes guatemaltecos\">Cantautora Gaby Moreno lanza el videoclip Lamento, un tributo a los migrantes guatemaltecos<\/a><\/h2><\/header><div class=\"eael-entry-content\">\n                        <div class=\"eael-grid-post-excerpt\"><a href=\"https:\/\/soymigrante.com\/revista\/cantautora-gaby-moreno-lanza-el-videoclip-lamento-un-tributo-a-los-migrantes-guatemaltecos\/\" class=\"eael-post-elements-readmore-btn\">CONOCE SU HISTORIA <\/a><\/div>\n                    <\/div><\/div><\/div>\n        <\/div>\n    <\/article><article class=\"eael-grid-post  eael-post-grid-column eael-pg-post-19580 category-bienestar\" data-id=\"19580\">\n        <div class=\"eael-grid-post-holder\">\n            <div class=\"eael-grid-post-holder-inner\"><div class=\"eael-entry-media\"><div class=\"eael-entry-overlay fade-in\"><i class=\"far fa-hand-pointer\" aria-hidden=\"true\"><\/i><a href=\"https:\/\/soymigrante.com\/revista\/siete-canciones-en-espanol-que-exponen-desafios-del-migrante\/\"><\/a><\/div><div class=\"eael-entry-thumbnail \">\n                <img decoding=\"async\" width=\"1024\" height=\"1024\" src=\"https:\/\/soymigrante.com\/revista\/wp-content\/uploads\/2025\/02\/migrantes-usa.webp\" class=\"attachment-large size-large wp-image-25726\" alt=\"Bar de restaurante con ambiente nocturno en tonos ne\u00f3n, con paredes de cristal, mesas y sillones, donde hay un camarero atendiendo a los clientes en un escenario urbano moderno y vibrante.\" srcset=\"https:\/\/soymigrante.com\/revista\/wp-content\/uploads\/2025\/02\/migrantes-usa.webp 1024w, https:\/\/soymigrante.com\/revista\/wp-content\/uploads\/2025\/02\/migrantes-usa-300x300.png 300w, https:\/\/soymigrante.com\/revista\/wp-content\/uploads\/2025\/02\/migrantes-usa-150x150.png 150w, https:\/\/soymigrante.com\/revista\/wp-content\/uploads\/2025\/02\/migrantes-usa-768x768.png 768w, https:\/\/soymigrante.com\/revista\/wp-content\/uploads\/2025\/02\/migrantes-usa-75x75.webp 75w, https:\/\/soymigrante.com\/revista\/wp-content\/uploads\/2025\/02\/migrantes-usa-750x750.webp 750w\" sizes=\"(max-width: 1024px) 100vw, 1024px\" \/>\n            <\/div>\n        <\/div><div class=\"eael-entry-wrapper\"><header class=\"eael-entry-header\"><h2 class=\"eael-entry-title\"><a class=\"eael-grid-post-link\" href=\"https:\/\/soymigrante.com\/revista\/siete-canciones-en-espanol-que-exponen-desafios-del-migrante\/\" title=\"Siete canciones en espa\u00f1ol exponen los esfuerzos y desaf\u00edos del migrante en Estados Unidos\">Siete canciones en espa\u00f1ol exponen los esfuerzos y desaf\u00edos del migrante en Estados Unidos<\/a><\/h2><\/header><div class=\"eael-entry-content\">\n                        <div class=\"eael-grid-post-excerpt\"><a href=\"https:\/\/soymigrante.com\/revista\/siete-canciones-en-espanol-que-exponen-desafios-del-migrante\/\" class=\"eael-post-elements-readmore-btn\">CONOCE SU HISTORIA <\/a><\/div>\n                    <\/div><\/div><\/div>\n        <\/div>\n    <\/article><article class=\"eael-grid-post  eael-post-grid-column eael-pg-post-10598 category-guate-nuestra\" data-id=\"10598\">\n        <div class=\"eael-grid-post-holder\">\n            <div class=\"eael-grid-post-holder-inner\"><div class=\"eael-entry-media\"><div class=\"eael-entry-overlay fade-in\"><i class=\"far fa-hand-pointer\" aria-hidden=\"true\"><\/i><a href=\"https:\/\/soymigrante.com\/revista\/siete-canciones-dedicadas-a-guatemala-que-alegran-emocionan-y-unen\/\"><\/a><\/div><div class=\"eael-entry-thumbnail \">\n                <img decoding=\"async\" width=\"1024\" height=\"1024\" src=\"https:\/\/soymigrante.com\/revista\/wp-content\/uploads\/2024\/10\/quetzal-canciones-guatemala-1024x1024.webp\" class=\"attachment-large size-large wp-image-10599\" alt=\"Colorido p\u00e1jaro de selva con plumaje verde, azul y negro posado en rama cubierta de musgo en un bosque tropical.\" srcset=\"https:\/\/soymigrante.com\/revista\/wp-content\/uploads\/2024\/10\/quetzal-canciones-guatemala-1024x1024.webp 1024w, https:\/\/soymigrante.com\/revista\/wp-content\/uploads\/2024\/10\/quetzal-canciones-guatemala-300x300.webp 300w, https:\/\/soymigrante.com\/revista\/wp-content\/uploads\/2024\/10\/quetzal-canciones-guatemala-150x150.webp 150w, https:\/\/soymigrante.com\/revista\/wp-content\/uploads\/2024\/10\/quetzal-canciones-guatemala-768x768.webp 768w, https:\/\/soymigrante.com\/revista\/wp-content\/uploads\/2024\/10\/quetzal-canciones-guatemala-1536x1536.webp 1536w, https:\/\/soymigrante.com\/revista\/wp-content\/uploads\/2024\/10\/quetzal-canciones-guatemala.webp 1920w, https:\/\/soymigrante.com\/revista\/wp-content\/uploads\/2024\/10\/quetzal-canciones-guatemala-75x75.webp 75w, https:\/\/soymigrante.com\/revista\/wp-content\/uploads\/2024\/10\/quetzal-canciones-guatemala-750x750.webp 750w, https:\/\/soymigrante.com\/revista\/wp-content\/uploads\/2024\/10\/quetzal-canciones-guatemala-1140x1140.jpg 1140w\" sizes=\"(max-width: 1024px) 100vw, 1024px\" \/>\n            <\/div>\n        <\/div><div class=\"eael-entry-wrapper\"><header class=\"eael-entry-header\"><h2 class=\"eael-entry-title\"><a class=\"eael-grid-post-link\" href=\"https:\/\/soymigrante.com\/revista\/siete-canciones-dedicadas-a-guatemala-que-alegran-emocionan-y-unen\/\" title=\"Siete canciones dedicadas a Guatemala que alegran, emocionan y unen\">Siete canciones dedicadas a Guatemala que alegran, emocionan y unen<\/a><\/h2><\/header><div class=\"eael-entry-content\">\n                        <div class=\"eael-grid-post-excerpt\"><a href=\"https:\/\/soymigrante.com\/revista\/siete-canciones-dedicadas-a-guatemala-que-alegran-emocionan-y-unen\/\" class=\"eael-post-elements-readmore-btn\">CONOCE SU HISTORIA <\/a><\/div>\n                    <\/div><\/div><\/div>\n        <\/div>\n    <\/article><\/div>\n            <div class=\"clearfix\"><\/div>\n        <\/div>\t\t\t\t<\/div>\n\t\t\t\t\t<\/div>\n\t\t\t\t<\/div>\n\t\t\t\t<\/div>\n\t\t","protected":false},"excerpt":{"rendered":"<p>Las bandas de m\u00fasica de Guatemala son conocidas por sus canciones, letras y representan un orgullo nacional. La m\u00fasica guatemalteca es tan diversa como su cultura. Desde la cumbia hasta el rock y el ska, las bandas nacionales han sabido conquistar al p\u00fablico local y extranjero con ritmos contagiosos, letras que reflejan la identidad del [&hellip;]<\/p>\n","protected":false},"author":19,"featured_media":34341,"comment_status":"open","ping_status":"open","sticky":false,"template":"","format":"standard","meta":{"_acf_changed":false,"_eb_attr":"","footnotes":""},"categories":[58],"tags":[],"class_list":["post-34340","post","type-post","status-publish","format-standard","has-post-thumbnail","hentry","category-guate-nuestra"],"acf":[],"aioseo_notices":[],"aioseo_head":"\n\t\t<!-- All in One SEO Pro 4.9.6.2 - aioseo.com -->\n\t<meta name=\"description\" content=\"Estas canciones mueven emociones y pueden causar l\u00e1grimas de alegr\u00eda o de nostalgia, al celebrar a Guatemala y a los guatemaltecos. \u00bfCu\u00e1les recuerdas?\" \/>\n\t<meta name=\"robots\" content=\"max-snippet:-1, max-image-preview:large, max-video-preview:-1\" \/>\n\t<meta name=\"author\" content=\"Gustavo Montenegro\"\/>\n\t<link rel=\"canonical\" href=\"https:\/\/soymigrante.com\/revista\/siete-canciones-dedicadas-a-guatemala-que-alegran-emocionan-y-unen\/\" \/>\n\t<meta name=\"generator\" content=\"All in One SEO Pro (AIOSEO) 4.9.6.2\" \/>\n\n\t\t<link rel=\"preconnect\" href=\"https:\/\/fonts.googleapis.com\" crossorigin>\n<link rel=\"preconnect\" href=\"https:\/\/fonts.gstatic.com\" crossorigin>\n\t\t<meta property=\"og:locale\" content=\"es_ES\" \/>\n\t\t<meta property=\"og:site_name\" content=\"SoyMigrante.com REVISTA \u2013 Nuestra misi\u00f3n es reconocer y dignificar al migrante.\" \/>\n\t\t<meta property=\"og:type\" content=\"article\" \/>\n\t\t<meta property=\"og:title\" content=\"Siete canciones dedicadas a Guatemala que alegran, emocionan y unen\" \/>\n\t\t<meta property=\"og:description\" content=\"Estas canciones mueven emociones y pueden causar l\u00e1grimas de alegr\u00eda o de nostalgia, al celebrar a Guatemala y a los guatemaltecos. \u00bfCu\u00e1les recuerdas?\" \/>\n\t\t<meta property=\"og:url\" content=\"https:\/\/soymigrante.com\/revista\/siete-canciones-dedicadas-a-guatemala-que-alegran-emocionan-y-unen\/\" \/>\n\t\t<meta property=\"og:image\" content=\"https:\/\/soymigrante.com\/revista\/wp-content\/uploads\/2024\/10\/quetzal-canciones-guatemala.webp\" \/>\n\t\t<meta property=\"og:image:secure_url\" content=\"https:\/\/soymigrante.com\/revista\/wp-content\/uploads\/2024\/10\/quetzal-canciones-guatemala.webp\" \/>\n\t\t<meta property=\"og:image:width\" content=\"1920\" \/>\n\t\t<meta property=\"og:image:height\" content=\"1920\" \/>\n\t\t<meta property=\"article:published_time\" content=\"2024-10-22T14:00:00+00:00\" \/>\n\t\t<meta property=\"article:modified_time\" content=\"2024-10-22T18:51:37+00:00\" \/>\n\t\t<meta property=\"article:publisher\" content=\"https:\/\/www.facebook.com\/soymigrantecom\" \/>\n\t\t<meta name=\"twitter:card\" content=\"summary_large_image\" \/>\n\t\t<meta name=\"twitter:site\" content=\"@SoyMigrante_com\" \/>\n\t\t<meta name=\"twitter:title\" content=\"Siete canciones dedicadas a Guatemala que alegran, emocionan y unen\" \/>\n\t\t<meta name=\"twitter:description\" content=\"Estas canciones mueven emociones y pueden causar l\u00e1grimas de alegr\u00eda o de nostalgia, al celebrar a Guatemala y a los guatemaltecos. \u00bfCu\u00e1les recuerdas?\" \/>\n\t\t<meta name=\"twitter:creator\" content=\"@SoyMigrante_com\" \/>\n\t\t<meta name=\"twitter:image\" content=\"https:\/\/soymigrante.com\/revista\/wp-content\/uploads\/2024\/10\/quetzal-canciones-guatemala.webp\" \/>\n\t\t<!-- All in One SEO Pro -->\r\n\t\t<title>Siete canciones dedicadas a Guatemala que alegran, emocionan y unen<\/title>\n\n","aioseo_head_json":{"title":"Siete canciones dedicadas a Guatemala que alegran, emocionan y unen","description":"Estas canciones mueven emociones y pueden causar l\u00e1grimas de alegr\u00eda o de nostalgia, al celebrar a Guatemala y a los guatemaltecos. \u00bfCu\u00e1les recuerdas?","canonical_url":"https:\/\/soymigrante.com\/revista\/siete-canciones-dedicadas-a-guatemala-que-alegran-emocionan-y-unen\/","robots":"max-snippet:-1, max-image-preview:large, max-video-preview:-1","keywords":"","webmasterTools":{"miscellaneous":"&lt;link rel=\"preconnect\" href=\"https:\/\/fonts.googleapis.com\" crossorigin&gt;\n&lt;link rel=\"preconnect\" href=\"https:\/\/fonts.gstatic.com\" crossorigin&gt;"},"schema":null,"og:locale":"es_ES","og:site_name":"SoyMigrante.com REVISTA \u2013 Nuestra misi\u00f3n es reconocer y dignificar al migrante.","og:type":"article","og:title":"Siete canciones dedicadas a Guatemala que alegran, emocionan y unen","og:description":"Estas canciones mueven emociones y pueden causar l\u00e1grimas de alegr\u00eda o de nostalgia, al celebrar a Guatemala y a los guatemaltecos. \u00bfCu\u00e1les recuerdas?","og:url":"https:\/\/soymigrante.com\/revista\/siete-canciones-dedicadas-a-guatemala-que-alegran-emocionan-y-unen\/","og:image":"https:\/\/soymigrante.com\/revista\/wp-content\/uploads\/2024\/10\/quetzal-canciones-guatemala.webp","og:image:secure_url":"https:\/\/soymigrante.com\/revista\/wp-content\/uploads\/2024\/10\/quetzal-canciones-guatemala.webp","og:image:width":1920,"og:image:height":1920,"article:published_time":"2024-10-22T14:00:00+00:00","article:modified_time":"2024-10-22T18:51:37+00:00","article:publisher":"https:\/\/www.facebook.com\/soymigrantecom","twitter:card":"summary_large_image","twitter:site":"@SoyMigrante_com","twitter:title":"Siete canciones dedicadas a Guatemala que alegran, emocionan y unen","twitter:description":"Estas canciones mueven emociones y pueden causar l\u00e1grimas de alegr\u00eda o de nostalgia, al celebrar a Guatemala y a los guatemaltecos. \u00bfCu\u00e1les recuerdas?","twitter:creator":"@SoyMigrante_com","twitter:image":"https:\/\/soymigrante.com\/revista\/wp-content\/uploads\/2024\/10\/quetzal-canciones-guatemala.webp"},"aioseo_meta_data":{"post_id":"34340","title":"Diez grupos guatemaltecos que siguen marcando ritmo y alegr\u00eda","description":"Bandas de m\u00fasica de Guatemala han hecho y siguen haciendo historia y emocionando corazones con sus canciones. \u00bfSe encuentran aqu\u00ed tus favoritas?","keywords":null,"keyphrases":{"focus":{"keyphrase":"Guatemala","score":65,"analysis":{"keyphraseInTitle":{"score":3,"maxScore":9,"error":1},"keyphraseInDescription":{"score":9,"maxScore":9,"error":0},"keyphraseLength":{"score":9,"maxScore":9,"error":0,"length":1},"keyphraseInURL":{"score":5,"maxScore":5,"error":0},"keyphraseInIntroduction":{"score":3,"maxScore":9,"error":1},"keyphraseInSubHeadings":{"score":3,"maxScore":9,"error":1},"keyphraseInImageAlt":{"score":3,"maxScore":9,"error":1},"keywordDensity":{"type":"best","score":9,"maxScore":9,"error":0}}},"additional":[]},"primary_term":null,"canonical_url":null,"og_title":null,"og_description":null,"og_object_type":"default","og_image_type":"default","og_image_url":null,"og_image_width":null,"og_image_height":null,"og_image_custom_url":null,"og_image_custom_fields":null,"og_video":"","og_custom_url":null,"og_article_section":null,"og_article_tags":null,"twitter_use_og":false,"twitter_card":"default","twitter_image_type":"default","twitter_image_url":null,"twitter_image_custom_url":null,"twitter_image_custom_fields":null,"twitter_title":null,"twitter_description":null,"schema":{"blockGraphs":[],"customGraphs":[],"default":{"data":{"Article":[],"Course":[],"Dataset":[],"FAQPage":[],"Movie":[],"Person":[],"Product":[],"ProductReview":[],"Car":[],"Recipe":[],"Service":[],"SoftwareApplication":[],"WebPage":[]},"graphName":"none","isEnabled":true},"graphs":[]},"schema_type":"default","schema_type_options":null,"pillar_content":false,"robots_default":true,"robots_noindex":false,"robots_noarchive":false,"robots_nosnippet":false,"robots_nofollow":false,"robots_noimageindex":false,"robots_noodp":false,"robots_notranslate":false,"robots_max_snippet":"-1","robots_max_videopreview":"-1","robots_max_imagepreview":"large","priority":null,"frequency":"default","local_seo":null,"seo_analyzer_scan_date":"2025-10-09 05:26:23","breadcrumb_settings":null,"limit_modified_date":false,"reviewed_by":null,"open_ai":"{\"title\":{\"suggestions\":[],\"usage\":0},\"description\":{\"suggestions\":[],\"usage\":0}}","ai":null,"created":"2025-05-22 19:32:22","updated":"2026-02-04 23:49:34"},"aioseo_breadcrumb":"<div class=\"aioseo-breadcrumbs\"><span class=\"aioseo-breadcrumb\">\n\t<a href=\"https:\/\/soymigrante.com\/revista\" title=\"Home\">Home<\/a>\n<\/span><span class=\"aioseo-breadcrumb-separator\">\u00bb<\/span><span class=\"aioseo-breadcrumb\">\n\t<a href=\"https:\/\/soymigrante.com\/revista\/category\/guate-nuestra\/\" title=\"Guate Nuestra\">Guate Nuestra<\/a>\n<\/span><span class=\"aioseo-breadcrumb-separator\">\u00bb<\/span><span class=\"aioseo-breadcrumb\">\n\tDiez grupos musicales guatemaltecos que siguen marcando ritmo dentro y fuera del pa\u00eds\n<\/span><\/div>","aioseo_breadcrumb_json":[{"label":"Home","link":"https:\/\/soymigrante.com\/revista"},{"label":"Guate Nuestra","link":"https:\/\/soymigrante.com\/revista\/category\/guate-nuestra\/"},{"label":"Diez grupos musicales guatemaltecos que siguen marcando ritmo dentro y fuera del pa\u00eds","link":"https:\/\/soymigrante.com\/revista\/diez-grupos-musicales-guatemaltecos-que-siguen-marcando-ritmo-dentro-y-fuera-del-pais\/"}],"_links":{"self":[{"href":"https:\/\/soymigrante.com\/revista\/wp-json\/wp\/v2\/posts\/34340","targetHints":{"allow":["GET"]}}],"collection":[{"href":"https:\/\/soymigrante.com\/revista\/wp-json\/wp\/v2\/posts"}],"about":[{"href":"https:\/\/soymigrante.com\/revista\/wp-json\/wp\/v2\/types\/post"}],"author":[{"embeddable":true,"href":"https:\/\/soymigrante.com\/revista\/wp-json\/wp\/v2\/users\/19"}],"replies":[{"embeddable":true,"href":"https:\/\/soymigrante.com\/revista\/wp-json\/wp\/v2\/comments?post=34340"}],"version-history":[{"count":23,"href":"https:\/\/soymigrante.com\/revista\/wp-json\/wp\/v2\/posts\/34340\/revisions"}],"predecessor-version":[{"id":40590,"href":"https:\/\/soymigrante.com\/revista\/wp-json\/wp\/v2\/posts\/34340\/revisions\/40590"}],"wp:featuredmedia":[{"embeddable":true,"href":"https:\/\/soymigrante.com\/revista\/wp-json\/wp\/v2\/media\/34341"}],"wp:attachment":[{"href":"https:\/\/soymigrante.com\/revista\/wp-json\/wp\/v2\/media?parent=34340"}],"wp:term":[{"taxonomy":"category","embeddable":true,"href":"https:\/\/soymigrante.com\/revista\/wp-json\/wp\/v2\/categories?post=34340"},{"taxonomy":"post_tag","embeddable":true,"href":"https:\/\/soymigrante.com\/revista\/wp-json\/wp\/v2\/tags?post=34340"}],"curies":[{"name":"wp","href":"https:\/\/api.w.org\/{rel}","templated":true}]}}