{"id":34257,"date":"2025-05-23T04:00:00","date_gmt":"2025-05-23T10:00:00","guid":{"rendered":"https:\/\/soymigrante.com\/revista\/?p=34257"},"modified":"2025-05-22T21:59:43","modified_gmt":"2025-05-23T03:59:43","slug":"los-10-tipos-de-te-mas-populares-en-guatemala-tradicion-salud-y-sabor","status":"publish","type":"post","link":"https:\/\/soymigrante.com\/revista\/los-10-tipos-de-te-mas-populares-en-guatemala-tradicion-salud-y-sabor\/","title":{"rendered":"Los 10 tipos de t\u00e9 m\u00e1s populares en Guatemala: tradici\u00f3n, salud y sabor"},"content":{"rendered":"\t\t<div data-elementor-type=\"wp-post\" data-elementor-id=\"34257\" class=\"elementor elementor-34257\" data-elementor-post-type=\"post\">\n\t\t\t\t<div data-particle_enable=\"false\" data-particle-mobile-disabled=\"false\" class=\"elementor-element elementor-element-d69e8a0 e-flex e-con-boxed e-con e-parent\" data-id=\"d69e8a0\" data-element_type=\"container\" data-e-type=\"container\">\n\t\t\t\t\t<div class=\"e-con-inner\">\n\t\t\t\t<div class=\"elementor-element elementor-element-cfd4708 elementor-widget elementor-widget-heading\" data-id=\"cfd4708\" data-element_type=\"widget\" data-e-type=\"widget\" data-widget_type=\"heading.default\">\n\t\t\t\t\t<h2 class=\"elementor-heading-title elementor-size-default\">Los t\u00e9s en Guatemala son populares, por su sabor, tradici\u00f3n y porque benefician a la salud. \n<\/h2>\t\t\t\t<\/div>\n\t\t\t\t\t<\/div>\n\t\t\t\t<\/div>\n\t\t<div data-particle_enable=\"false\" data-particle-mobile-disabled=\"false\" class=\"elementor-element elementor-element-99da862 e-flex e-con-boxed e-con e-parent\" data-id=\"99da862\" data-element_type=\"container\" data-e-type=\"container\">\n\t\t\t\t\t<div class=\"e-con-inner\">\n\t\t\t\t<div class=\"elementor-element elementor-element-0e0041d elementor-widget elementor-widget-text-editor\" data-id=\"0e0041d\" data-element_type=\"widget\" data-e-type=\"widget\" data-widget_type=\"text-editor.default\">\n\t\t\t\t\t\t\t\t\t<p><a href=\"https:\/\/soymigrante.com\/revista\/remedios-naturales-viejos-viejos-pero-buenos-buenos\/\" target=\"_blank\" rel=\"noopener\">En Guatemala, el t\u00e9 es mucho m\u00e1s que una bebida caliente<\/a>. Forma parte de tradiciones familiares, rituales naturales y remedios caseros que han pasado de generaci\u00f3n en generaci\u00f3n. Aunque el t\u00e9 negro es el m\u00e1s conocido por su relaci\u00f3n con la cultura inglesa, en el pa\u00eds tambi\u00e9n se consumen infusiones de hierbas, flores y ra\u00edces que los guatemaltecos llaman \u201ct\u00e9\u201d aunque t\u00e9cnicamente sean tisanas o infusiones herbales.<\/p><p>A continuaci\u00f3n, presentamos 10 tipos de t\u00e9 que se encuentran com\u00fanmente en Guatemala, tanto en los hogares como en mercados locales, tiendas naturales y cafeter\u00edas.<\/p>\t\t\t\t\t\t\t\t<\/div>\n\t\t\t\t\t<\/div>\n\t\t\t\t<\/div>\n\t\t<div data-particle_enable=\"false\" data-particle-mobile-disabled=\"false\" class=\"elementor-element elementor-element-8b31902 e-flex e-con-boxed e-con e-parent\" data-id=\"8b31902\" data-element_type=\"container\" data-e-type=\"container\">\n\t\t\t\t\t<div class=\"e-con-inner\">\n\t\t\t\t<div class=\"elementor-element elementor-element-9345869 elementor-widget elementor-widget-heading\" data-id=\"9345869\" data-element_type=\"widget\" data-e-type=\"widget\" data-widget_type=\"heading.default\">\n\t\t\t\t\t<h3 class=\"elementor-heading-title elementor-size-default\">1. T\u00e9 negro<\/h3>\t\t\t\t<\/div>\n\t\t\t\t\t<\/div>\n\t\t\t\t<\/div>\n\t\t<div data-particle_enable=\"false\" data-particle-mobile-disabled=\"false\" class=\"elementor-element elementor-element-4f2b30f e-flex e-con-boxed e-con e-parent\" data-id=\"4f2b30f\" data-element_type=\"container\" data-e-type=\"container\">\n\t\t\t\t\t<div class=\"e-con-inner\">\n\t\t\t\t<div class=\"elementor-element elementor-element-2fcf515 elementor-widget elementor-widget-text-editor\" data-id=\"2fcf515\" data-element_type=\"widget\" data-e-type=\"widget\" data-widget_type=\"text-editor.default\">\n\t\t\t\t\t\t\t\t\t<p><a href=\"https:\/\/soymigrante.com\/revista\/remedios-naturales-viejos-viejos-pero-buenos-buenos\/\" target=\"_blank\" rel=\"noopener\">Este es el m\u00e1s tradicional en su forma procesada.<\/a> Se cultiva en regiones como Alta Verapaz y se caracteriza por su sabor fuerte y ligeramente amargo. Suele tomarse con az\u00facar, leche o lim\u00f3n.<\/p>\t\t\t\t\t\t\t\t<\/div>\n\t\t\t\t\t<\/div>\n\t\t\t\t<\/div>\n\t\t<div data-particle_enable=\"false\" data-particle-mobile-disabled=\"false\" class=\"elementor-element elementor-element-a345cf1 e-flex e-con-boxed e-con e-parent\" data-id=\"a345cf1\" data-element_type=\"container\" data-e-type=\"container\">\n\t\t\t\t\t<div class=\"e-con-inner\">\n\t\t\t\t<div class=\"elementor-element elementor-element-6eeb7a2 elementor-widget elementor-widget-image\" data-id=\"6eeb7a2\" data-element_type=\"widget\" data-e-type=\"widget\" data-widget_type=\"image.default\">\n\t\t\t\t\t\t\t\t\t\t\t\t<figure class=\"wp-caption\">\n\t\t\t\t\t\t\t\t\t\t<img fetchpriority=\"high\" decoding=\"async\" width=\"474\" height=\"265\" src=\"https:\/\/soymigrante.com\/revista\/wp-content\/uploads\/2025\/05\/Te-negro.webp\" class=\"attachment-large size-large wp-image-34266\" alt=\"Taza de t\u00e9 negro con hojas sueltas en mesa de madera blanca para un art\u00edculo sobre infusiones tradicionales.\" srcset=\"https:\/\/soymigrante.com\/revista\/wp-content\/uploads\/2025\/05\/Te-negro.webp 474w, https:\/\/soymigrante.com\/revista\/wp-content\/uploads\/2025\/05\/Te-negro-300x168.jpg 300w\" sizes=\"(max-width: 474px) 100vw, 474px\" title=\"El t\u00e9 negro es de los m\u00e1s conocidos en Guatemala. (Foto: INTECAP) \u2013 SoyMigrante.com REVISTA\" \/>\t\t\t\t\t\t\t\t\t\t\t<figcaption class=\"widget-image-caption wp-caption-text\">Taza de t\u00e9 negro con hojas de t\u00e9 sueltas sobre mesa en un entorno natural, ideal para art\u00edculos sobre cultura de t\u00e9 y bebidas tradicionales.<\/figcaption>\n\t\t\t\t\t\t\t\t\t\t<\/figure>\n\t\t\t\t\t\t\t\t\t<\/div>\n\t\t\t\t\t<\/div>\n\t\t\t\t<\/div>\n\t\t<div data-particle_enable=\"false\" data-particle-mobile-disabled=\"false\" class=\"elementor-element elementor-element-58b077f e-flex e-con-boxed e-con e-parent\" data-id=\"58b077f\" data-element_type=\"container\" data-e-type=\"container\">\n\t\t\t\t\t<div class=\"e-con-inner\">\n\t\t\t\t<div class=\"elementor-element elementor-element-15630be elementor-widget elementor-widget-heading\" data-id=\"15630be\" data-element_type=\"widget\" data-e-type=\"widget\" data-widget_type=\"heading.default\">\n\t\t\t\t\t<h3 class=\"elementor-heading-title elementor-size-default\">2. T\u00e9 de manzanilla<\/h3>\t\t\t\t<\/div>\n\t\t\t\t\t<\/div>\n\t\t\t\t<\/div>\n\t\t<div data-particle_enable=\"false\" data-particle-mobile-disabled=\"false\" class=\"elementor-element elementor-element-9e5c909 e-flex e-con-boxed e-con e-parent\" data-id=\"9e5c909\" data-element_type=\"container\" data-e-type=\"container\">\n\t\t\t\t\t<div class=\"e-con-inner\">\n\t\t\t\t<div class=\"elementor-element elementor-element-599df8c elementor-widget elementor-widget-text-editor\" data-id=\"599df8c\" data-element_type=\"widget\" data-e-type=\"widget\" data-widget_type=\"text-editor.default\">\n\t\t\t\t\t\t\t\t\t<p><a href=\"https:\/\/soymigrante.com\/revista\/remedios-naturales-viejos-viejos-pero-buenos-buenos\/\" target=\"_blank\" rel=\"noopener\">Uno de los m\u00e1s populares por sus propiedades relajantes.<\/a> Se prepara con flores secas de manzanilla y es ideal para calmar dolores de est\u00f3mago o para dormir mejor.<\/p>\t\t\t\t\t\t\t\t<\/div>\n\t\t\t\t\t<\/div>\n\t\t\t\t<\/div>\n\t\t<div data-particle_enable=\"false\" data-particle-mobile-disabled=\"false\" class=\"elementor-element elementor-element-5472480 e-flex e-con-boxed e-con e-parent\" data-id=\"5472480\" data-element_type=\"container\" data-e-type=\"container\">\n\t\t\t\t\t<div class=\"e-con-inner\">\n\t\t\t\t<div class=\"elementor-element elementor-element-3c4304e elementor-widget elementor-widget-image\" data-id=\"3c4304e\" data-element_type=\"widget\" data-e-type=\"widget\" data-widget_type=\"image.default\">\n\t\t\t\t\t\t\t\t\t\t\t\t<figure class=\"wp-caption\">\n\t\t\t\t\t\t\t\t\t\t<img decoding=\"async\" width=\"474\" height=\"317\" src=\"https:\/\/soymigrante.com\/revista\/wp-content\/uploads\/2025\/05\/Te-de-manzanilla.webp\" class=\"attachment-large size-large wp-image-34267\" alt=\"Taza de infusi\u00f3n de manzanilla con flores frescas en un fondo natural y luminoso.\" srcset=\"https:\/\/soymigrante.com\/revista\/wp-content\/uploads\/2025\/05\/Te-de-manzanilla.webp 474w, https:\/\/soymigrante.com\/revista\/wp-content\/uploads\/2025\/05\/Te-de-manzanilla-300x201.jpg 300w\" sizes=\"(max-width: 474px) 100vw, 474px\" title=\"El t\u00e9 de manzanilla sirve para calmar los nervios. (Foto: INTECAP) \u2013 SoyMigrante.com REVISTA\" \/>\t\t\t\t\t\t\t\t\t\t\t<figcaption class=\"widget-image-caption wp-caption-text\">Revista SoyMigrante presenta art\u00edculos sobre la cultura, integraci\u00f3n y derechos de los migrantes, promoviendo historias y recursos para la comunidad migrante en espa\u00f1ol.<\/figcaption>\n\t\t\t\t\t\t\t\t\t\t<\/figure>\n\t\t\t\t\t\t\t\t\t<\/div>\n\t\t\t\t\t<\/div>\n\t\t\t\t<\/div>\n\t\t<div data-particle_enable=\"false\" data-particle-mobile-disabled=\"false\" class=\"elementor-element elementor-element-5d3a825 e-flex e-con-boxed e-con e-parent\" data-id=\"5d3a825\" data-element_type=\"container\" data-e-type=\"container\">\n\t\t\t\t\t<div class=\"e-con-inner\">\n\t\t\t\t<div class=\"elementor-element elementor-element-145f8fb elementor-widget elementor-widget-heading\" data-id=\"145f8fb\" data-element_type=\"widget\" data-e-type=\"widget\" data-widget_type=\"heading.default\">\n\t\t\t\t\t<h3 class=\"elementor-heading-title elementor-size-default\">3. T\u00e9 de hierbabuena<\/h3>\t\t\t\t<\/div>\n\t\t\t\t\t<\/div>\n\t\t\t\t<\/div>\n\t\t<div data-particle_enable=\"false\" data-particle-mobile-disabled=\"false\" class=\"elementor-element elementor-element-bbaca46 e-flex e-con-boxed e-con e-parent\" data-id=\"bbaca46\" data-element_type=\"container\" data-e-type=\"container\">\n\t\t\t\t\t<div class=\"e-con-inner\">\n\t\t\t\t<div class=\"elementor-element elementor-element-1fc9e06 elementor-widget elementor-widget-text-editor\" data-id=\"1fc9e06\" data-element_type=\"widget\" data-e-type=\"widget\" data-widget_type=\"text-editor.default\">\n\t\t\t\t\t\t\t\t\t<p>Muy usado despu\u00e9s de las comidas. Refresca el aliento y ayuda a la digesti\u00f3n<a href=\"https:\/\/soymigrante.com\/revista\/remedios-naturales-viejos-viejos-pero-buenos-buenos\/\" target=\"_blank\" rel=\"noopener\">. Su aroma es fuerte y reconfortante.<\/a><\/p>\t\t\t\t\t\t\t\t<\/div>\n\t\t\t\t\t<\/div>\n\t\t\t\t<\/div>\n\t\t<div data-particle_enable=\"false\" data-particle-mobile-disabled=\"false\" class=\"elementor-element elementor-element-32a2f73 e-flex e-con-boxed e-con e-parent\" data-id=\"32a2f73\" data-element_type=\"container\" data-e-type=\"container\">\n\t\t\t\t\t<div class=\"e-con-inner\">\n\t\t\t\t<div class=\"elementor-element elementor-element-244bbb4 elementor-widget elementor-widget-image\" data-id=\"244bbb4\" data-element_type=\"widget\" data-e-type=\"widget\" data-widget_type=\"image.default\">\n\t\t\t\t\t\t\t\t\t\t\t\t<figure class=\"wp-caption\">\n\t\t\t\t\t\t\t\t\t\t<img decoding=\"async\" width=\"688\" height=\"516\" src=\"https:\/\/soymigrante.com\/revista\/wp-content\/uploads\/2025\/05\/Te-de-hierbabuena.webp\" class=\"attachment-large size-large wp-image-34268\" alt=\"Refresco de t\u00e9 helado con lim\u00f3n y menta en una taza de vidrio sobre mesa de madera.\" srcset=\"https:\/\/soymigrante.com\/revista\/wp-content\/uploads\/2025\/05\/Te-de-hierbabuena.webp 688w, https:\/\/soymigrante.com\/revista\/wp-content\/uploads\/2025\/05\/Te-de-hierbabuena-300x225.jpg 300w\" sizes=\"(max-width: 688px) 100vw, 688px\" title=\"El t\u00e9 de hierbabuena sirve para mejorar el olor del aliento. (Foto: INTECAP) \u2013 SoyMigrante.com REVISTA\" \/>\t\t\t\t\t\t\t\t\t\t\t<figcaption class=\"widget-image-caption wp-caption-text\">Taza de t\u00e9 de menta con lim\u00f3n, perfecta para bienestar y tradici\u00f3n en comunidades de migrantes que valoran bebidas naturales.<\/figcaption>\n\t\t\t\t\t\t\t\t\t\t<\/figure>\n\t\t\t\t\t\t\t\t\t<\/div>\n\t\t\t\t\t<\/div>\n\t\t\t\t<\/div>\n\t\t<div data-particle_enable=\"false\" data-particle-mobile-disabled=\"false\" class=\"elementor-element elementor-element-e48c8ee e-flex e-con-boxed e-con e-parent\" data-id=\"e48c8ee\" data-element_type=\"container\" data-e-type=\"container\">\n\t\t\t\t\t<div class=\"e-con-inner\">\n\t\t\t\t<div class=\"elementor-element elementor-element-85bed66 elementor-widget elementor-widget-heading\" data-id=\"85bed66\" data-element_type=\"widget\" data-e-type=\"widget\" data-widget_type=\"heading.default\">\n\t\t\t\t\t<h3 class=\"elementor-heading-title elementor-size-default\">4. T\u00e9 de lim\u00f3n <\/h3>\t\t\t\t<\/div>\n\t\t\t\t\t<\/div>\n\t\t\t\t<\/div>\n\t\t<div data-particle_enable=\"false\" data-particle-mobile-disabled=\"false\" class=\"elementor-element elementor-element-cefcc0f e-flex e-con-boxed e-con e-parent\" data-id=\"cefcc0f\" data-element_type=\"container\" data-e-type=\"container\">\n\t\t\t\t\t<div class=\"e-con-inner\">\n\t\t\t\t<div class=\"elementor-element elementor-element-7f3aaa4 elementor-widget elementor-widget-text-editor\" data-id=\"7f3aaa4\" data-element_type=\"widget\" data-e-type=\"widget\" data-widget_type=\"text-editor.default\">\n\t\t\t\t\t\t\t\t\t<p><a href=\"https:\/\/soymigrante.com\/revista\/remedios-naturales-viejos-viejos-pero-buenos-buenos\/\" target=\"_blank\" rel=\"noopener\">Hecho con hojas largas y arom\u00e1ticas de limoncillo.<\/a> Tiene un sabor c\u00edtrico suave y es conocido por calmar los nervios.<\/p>\t\t\t\t\t\t\t\t<\/div>\n\t\t\t\t\t<\/div>\n\t\t\t\t<\/div>\n\t\t<div data-particle_enable=\"false\" data-particle-mobile-disabled=\"false\" class=\"elementor-element elementor-element-74af847 e-flex e-con-boxed e-con e-parent\" data-id=\"74af847\" data-element_type=\"container\" data-e-type=\"container\">\n\t\t\t\t\t<div class=\"e-con-inner\">\n\t\t\t\t<div class=\"elementor-element elementor-element-e4f0b20 elementor-widget elementor-widget-image\" data-id=\"e4f0b20\" data-element_type=\"widget\" data-e-type=\"widget\" data-widget_type=\"image.default\">\n\t\t\t\t\t\t\t\t\t\t\t\t<figure class=\"wp-caption\">\n\t\t\t\t\t\t\t\t\t\t<img loading=\"lazy\" decoding=\"async\" width=\"474\" height=\"301\" src=\"https:\/\/soymigrante.com\/revista\/wp-content\/uploads\/2025\/05\/te-de-limon.webp\" class=\"attachment-large size-large wp-image-34269\" alt=\"T\u00e9 de lim\u00f3n en taza con rodajas de lim\u00f3n frescas, ideal para bebidas refrescantes y saludables.\" srcset=\"https:\/\/soymigrante.com\/revista\/wp-content\/uploads\/2025\/05\/te-de-limon.webp 474w, https:\/\/soymigrante.com\/revista\/wp-content\/uploads\/2025\/05\/te-de-limon-300x191.jpg 300w\" sizes=\"(max-width: 474px) 100vw, 474px\" title=\"El t\u00e9 de lim\u00f3n es un relajante natural. (Foto: INTECAP) \u2013 SoyMigrante.com REVISTA\" \/>\t\t\t\t\t\t\t\t\t\t\t<figcaption class=\"widget-image-caption wp-caption-text\">T\u00e9 de lim\u00f3n natural con rebanadas de lim\u00f3n fresco, perfecto para bebidas saludables y energizantes.<\/figcaption>\n\t\t\t\t\t\t\t\t\t\t<\/figure>\n\t\t\t\t\t\t\t\t\t<\/div>\n\t\t\t\t\t<\/div>\n\t\t\t\t<\/div>\n\t\t<div data-particle_enable=\"false\" data-particle-mobile-disabled=\"false\" class=\"elementor-element elementor-element-8df2082 e-flex e-con-boxed e-con e-parent\" data-id=\"8df2082\" data-element_type=\"container\" data-e-type=\"container\">\n\t\t\t\t\t<div class=\"e-con-inner\">\n\t\t\t\t<div class=\"elementor-element elementor-element-cf47d1b elementor-widget elementor-widget-heading\" data-id=\"cf47d1b\" data-element_type=\"widget\" data-e-type=\"widget\" data-widget_type=\"heading.default\">\n\t\t\t\t\t<h3 class=\"elementor-heading-title elementor-size-default\">5. T\u00e9 de jamaica<\/h3>\t\t\t\t<\/div>\n\t\t\t\t\t<\/div>\n\t\t\t\t<\/div>\n\t\t<div data-particle_enable=\"false\" data-particle-mobile-disabled=\"false\" class=\"elementor-element elementor-element-e7d6126 e-flex e-con-boxed e-con e-parent\" data-id=\"e7d6126\" data-element_type=\"container\" data-e-type=\"container\">\n\t\t\t\t\t<div class=\"e-con-inner\">\n\t\t\t\t<div class=\"elementor-element elementor-element-bb7455d elementor-widget elementor-widget-text-editor\" data-id=\"bb7455d\" data-element_type=\"widget\" data-e-type=\"widget\" data-widget_type=\"text-editor.default\">\n\t\t\t\t\t\t\t\t\t<p><a href=\"https:\/\/soymigrante.com\/revista\/remedios-naturales-viejos-viejos-pero-buenos-buenos\/\" target=\"_blank\" rel=\"noopener\">Aunque muchas veces se toma fr\u00edo, tambi\u00e9n se prepara caliente.<\/a> La flor de jamaica es antioxidante y ayuda a reducir la presi\u00f3n arterial.<\/p>\t\t\t\t\t\t\t\t<\/div>\n\t\t\t\t\t<\/div>\n\t\t\t\t<\/div>\n\t\t<div data-particle_enable=\"false\" data-particle-mobile-disabled=\"false\" class=\"elementor-element elementor-element-3aabc6c e-flex e-con-boxed e-con e-parent\" data-id=\"3aabc6c\" data-element_type=\"container\" data-e-type=\"container\">\n\t\t\t\t\t<div class=\"e-con-inner\">\n\t\t\t\t<div class=\"elementor-element elementor-element-2da302e elementor-widget elementor-widget-image\" data-id=\"2da302e\" data-element_type=\"widget\" data-e-type=\"widget\" data-widget_type=\"image.default\">\n\t\t\t\t\t\t\t\t\t\t\t\t<figure class=\"wp-caption\">\n\t\t\t\t\t\t\t\t\t\t<img loading=\"lazy\" decoding=\"async\" width=\"474\" height=\"266\" src=\"https:\/\/soymigrante.com\/revista\/wp-content\/uploads\/2025\/05\/te-de-jamaica.webp\" class=\"attachment-large size-large wp-image-34271\" alt=\"Taza de t\u00e9 de hibisco con flores secas, infusi\u00f3n de color rojo intenso, ideal para bebidas detox y rutinas de bienestar.\" srcset=\"https:\/\/soymigrante.com\/revista\/wp-content\/uploads\/2025\/05\/te-de-jamaica.webp 474w, https:\/\/soymigrante.com\/revista\/wp-content\/uploads\/2025\/05\/te-de-jamaica-300x168.jpg 300w\" sizes=\"(max-width: 474px) 100vw, 474px\" title=\"El t\u00e9 de jamaica es de los m\u00e1s conocidos en Guatemala. (Foto: INTECAP) \u2013 SoyMigrante.com REVISTA\" \/>\t\t\t\t\t\t\t\t\t\t\t<figcaption class=\"widget-image-caption wp-caption-text\">Revista SoyMigrante.com presenta art\u00edculos sobre cultura, salud y bienestar para migrantes latinoamericanos.<\/figcaption>\n\t\t\t\t\t\t\t\t\t\t<\/figure>\n\t\t\t\t\t\t\t\t\t<\/div>\n\t\t\t\t\t<\/div>\n\t\t\t\t<\/div>\n\t\t<div data-particle_enable=\"false\" data-particle-mobile-disabled=\"false\" class=\"elementor-element elementor-element-83b3477 e-flex e-con-boxed e-con e-parent\" data-id=\"83b3477\" data-element_type=\"container\" data-e-type=\"container\">\n\t\t\t\t\t<div class=\"e-con-inner\">\n\t\t\t\t<div class=\"elementor-element elementor-element-0e13525 elementor-widget elementor-widget-heading\" data-id=\"0e13525\" data-element_type=\"widget\" data-e-type=\"widget\" data-widget_type=\"heading.default\">\n\t\t\t\t\t<h3 class=\"elementor-heading-title elementor-size-default\">6. T\u00e9 de ruda<\/h3>\t\t\t\t<\/div>\n\t\t\t\t\t<\/div>\n\t\t\t\t<\/div>\n\t\t<div data-particle_enable=\"false\" data-particle-mobile-disabled=\"false\" class=\"elementor-element elementor-element-f1cd528 e-flex e-con-boxed e-con e-parent\" data-id=\"f1cd528\" data-element_type=\"container\" data-e-type=\"container\">\n\t\t\t\t\t<div class=\"e-con-inner\">\n\t\t\t\t<div class=\"elementor-element elementor-element-03d0fb2 elementor-widget elementor-widget-text-editor\" data-id=\"03d0fb2\" data-element_type=\"widget\" data-e-type=\"widget\" data-widget_type=\"text-editor.default\">\n\t\t\t\t\t\t\t\t\t<p><a href=\"https:\/\/soymigrante.com\/revista\/remedios-naturales-viejos-viejos-pero-buenos-buenos\/\" target=\"_blank\" rel=\"noopener\">Una infusi\u00f3n antigua utilizada para calmar c\u00f3licos menstruales<\/a> y limpiar el cuerpo de \u201cmalas energ\u00edas\u201d, seg\u00fan creencias tradicionales.<\/p>\t\t\t\t\t\t\t\t<\/div>\n\t\t\t\t\t<\/div>\n\t\t\t\t<\/div>\n\t\t<div data-particle_enable=\"false\" data-particle-mobile-disabled=\"false\" class=\"elementor-element elementor-element-fe42028 e-flex e-con-boxed e-con e-parent\" data-id=\"fe42028\" data-element_type=\"container\" data-e-type=\"container\">\n\t\t\t\t\t<div class=\"e-con-inner\">\n\t\t\t\t<div class=\"elementor-element elementor-element-0a2698b elementor-widget elementor-widget-image\" data-id=\"0a2698b\" data-element_type=\"widget\" data-e-type=\"widget\" data-widget_type=\"image.default\">\n\t\t\t\t\t\t\t\t\t\t\t\t<figure class=\"wp-caption\">\n\t\t\t\t\t\t\t\t\t\t<img loading=\"lazy\" decoding=\"async\" width=\"768\" height=\"438\" src=\"https:\/\/soymigrante.com\/revista\/wp-content\/uploads\/2025\/05\/te-de-ruda-1024x584.jpg\" class=\"attachment-large size-large wp-image-34273\" alt=\"T\u00e9 de hierbas antioxidantes y medicinales en taza de vidrio con plantas de hierba fresca.\" srcset=\"https:\/\/soymigrante.com\/revista\/wp-content\/uploads\/2025\/05\/te-de-ruda-1024x584.jpg 1024w, https:\/\/soymigrante.com\/revista\/wp-content\/uploads\/2025\/05\/te-de-ruda-300x171.jpg 300w, https:\/\/soymigrante.com\/revista\/wp-content\/uploads\/2025\/05\/te-de-ruda-768x438.jpg 768w, https:\/\/soymigrante.com\/revista\/wp-content\/uploads\/2025\/05\/te-de-ruda-750x428.webp 750w, https:\/\/soymigrante.com\/revista\/wp-content\/uploads\/2025\/05\/te-de-ruda-1140x651.webp 1140w, https:\/\/soymigrante.com\/revista\/wp-content\/uploads\/2025\/05\/te-de-ruda.webp 1300w\" sizes=\"(max-width: 768px) 100vw, 768px\" title=\"El t\u00e9 de ruda es consumido mayormente por mujeres, puesto que ayuda con los dolores menstruales. (Foto: INTECAP) \u2013 SoyMigrante.com REVISTA\" \/>\t\t\t\t\t\t\t\t\t\t\t<figcaption class=\"widget-image-caption wp-caption-text\">Infusi\u00f3n natural de hierbas medicinales, ideal para la salud y bienestar.<\/figcaption>\n\t\t\t\t\t\t\t\t\t\t<\/figure>\n\t\t\t\t\t\t\t\t\t<\/div>\n\t\t\t\t\t<\/div>\n\t\t\t\t<\/div>\n\t\t<div data-particle_enable=\"false\" data-particle-mobile-disabled=\"false\" class=\"elementor-element elementor-element-c3cb617 e-flex e-con-boxed e-con e-parent\" data-id=\"c3cb617\" data-element_type=\"container\" data-e-type=\"container\">\n\t\t\t\t\t<div class=\"e-con-inner\">\n\t\t\t\t<div class=\"elementor-element elementor-element-8ab24cb elementor-widget elementor-widget-heading\" data-id=\"8ab24cb\" data-element_type=\"widget\" data-e-type=\"widget\" data-widget_type=\"heading.default\">\n\t\t\t\t\t<h3 class=\"elementor-heading-title elementor-size-default\">7. T\u00e9 de an\u00eds<\/h3>\t\t\t\t<\/div>\n\t\t\t\t\t<\/div>\n\t\t\t\t<\/div>\n\t\t<div data-particle_enable=\"false\" data-particle-mobile-disabled=\"false\" class=\"elementor-element elementor-element-a24c867 e-flex e-con-boxed e-con e-parent\" data-id=\"a24c867\" data-element_type=\"container\" data-e-type=\"container\">\n\t\t\t\t\t<div class=\"e-con-inner\">\n\t\t\t\t<div class=\"elementor-element elementor-element-49113b0 elementor-widget elementor-widget-text-editor\" data-id=\"49113b0\" data-element_type=\"widget\" data-e-type=\"widget\" data-widget_type=\"text-editor.default\">\n\t\t\t\t\t\t\t\t\t<p><a href=\"https:\/\/soymigrante.com\/revista\/remedios-naturales-viejos-viejos-pero-buenos-buenos\/\" target=\"_blank\" rel=\"noopener\">Muy com\u00fan para aliviar gases y c\u00f3licos<\/a>. Tiene un sabor dulce y se le suele dar a los ni\u00f1os en peque\u00f1as cantidades (bajo supervisi\u00f3n adulta).<\/p>\t\t\t\t\t\t\t\t<\/div>\n\t\t\t\t\t<\/div>\n\t\t\t\t<\/div>\n\t\t<div data-particle_enable=\"false\" data-particle-mobile-disabled=\"false\" class=\"elementor-element elementor-element-c636fc0 e-flex e-con-boxed e-con e-parent\" data-id=\"c636fc0\" data-element_type=\"container\" data-e-type=\"container\">\n\t\t\t\t\t<div class=\"e-con-inner\">\n\t\t\t\t<div class=\"elementor-element elementor-element-8a59618 elementor-widget elementor-widget-image\" data-id=\"8a59618\" data-element_type=\"widget\" data-e-type=\"widget\" data-widget_type=\"image.default\">\n\t\t\t\t\t\t\t\t\t\t\t\t<figure class=\"wp-caption\">\n\t\t\t\t\t\t\t\t\t\t<img loading=\"lazy\" decoding=\"async\" width=\"700\" height=\"525\" src=\"https:\/\/soymigrante.com\/revista\/wp-content\/uploads\/2025\/05\/te-de-anis.webp\" class=\"attachment-large size-large wp-image-34275\" alt=\"D\u00eda de t\u00e9 con infusi\u00f3n de hierbas especiadas, canela y an\u00eds estrella para disfrutar en lugares migrantes y culturales.\" srcset=\"https:\/\/soymigrante.com\/revista\/wp-content\/uploads\/2025\/05\/te-de-anis.webp 700w, https:\/\/soymigrante.com\/revista\/wp-content\/uploads\/2025\/05\/te-de-anis-300x225.jpg 300w\" sizes=\"(max-width: 700px) 100vw, 700px\" title=\"El t\u00e9 de an\u00eds se les da a los ni\u00f1os para aliviar el dolor de est\u00f3mago. (Foto: INTECAP) \u2013 SoyMigrante.com REVISTA\" \/>\t\t\t\t\t\t\t\t\t\t\t<figcaption class=\"widget-image-caption wp-caption-text\">Una taza de t\u00e9 caliente con especias tradicionales como canela y an\u00eds estrella, perfecta para momentos de relax y bienestar en comunidades migrantes.<\/figcaption>\n\t\t\t\t\t\t\t\t\t\t<\/figure>\n\t\t\t\t\t\t\t\t\t<\/div>\n\t\t\t\t\t<\/div>\n\t\t\t\t<\/div>\n\t\t<div data-particle_enable=\"false\" data-particle-mobile-disabled=\"false\" class=\"elementor-element elementor-element-518650d e-flex e-con-boxed e-con e-parent\" data-id=\"518650d\" data-element_type=\"container\" data-e-type=\"container\">\n\t\t\t\t\t<div class=\"e-con-inner\">\n\t\t\t\t<div class=\"elementor-element elementor-element-36a52d7 elementor-widget elementor-widget-heading\" data-id=\"36a52d7\" data-element_type=\"widget\" data-e-type=\"widget\" data-widget_type=\"heading.default\">\n\t\t\t\t\t<h3 class=\"elementor-heading-title elementor-size-default\">8. T\u00e9 de menta<\/h3>\t\t\t\t<\/div>\n\t\t\t\t\t<\/div>\n\t\t\t\t<\/div>\n\t\t<div data-particle_enable=\"false\" data-particle-mobile-disabled=\"false\" class=\"elementor-element elementor-element-4a5c6b9 e-flex e-con-boxed e-con e-parent\" data-id=\"4a5c6b9\" data-element_type=\"container\" data-e-type=\"container\">\n\t\t\t\t\t<div class=\"e-con-inner\">\n\t\t\t\t<div class=\"elementor-element elementor-element-edcf918 elementor-widget elementor-widget-text-editor\" data-id=\"edcf918\" data-element_type=\"widget\" data-e-type=\"widget\" data-widget_type=\"text-editor.default\">\n\t\t\t\t\t\t\t\t\t<p><a href=\"https:\/\/soymigrante.com\/revista\/remedios-naturales-viejos-viejos-pero-buenos-buenos\/\" target=\"_blank\" rel=\"noopener\">Similar al de hierbabuena, pero con un sabor m\u00e1s fuerte y refrescante<\/a>. Se usa tanto para mejorar la digesti\u00f3n como para aliviar resfriados.<\/p>\t\t\t\t\t\t\t\t<\/div>\n\t\t\t\t\t<\/div>\n\t\t\t\t<\/div>\n\t\t<div data-particle_enable=\"false\" data-particle-mobile-disabled=\"false\" class=\"elementor-element elementor-element-4384122 e-flex e-con-boxed e-con e-parent\" data-id=\"4384122\" data-element_type=\"container\" data-e-type=\"container\">\n\t\t\t\t\t<div class=\"e-con-inner\">\n\t\t\t\t<div class=\"elementor-element elementor-element-71e88c2 elementor-widget elementor-widget-image\" data-id=\"71e88c2\" data-element_type=\"widget\" data-e-type=\"widget\" data-widget_type=\"image.default\">\n\t\t\t\t\t\t\t\t\t\t\t\t<figure class=\"wp-caption\">\n\t\t\t\t\t\t\t\t\t\t<img loading=\"lazy\" decoding=\"async\" width=\"474\" height=\"266\" src=\"https:\/\/soymigrante.com\/revista\/wp-content\/uploads\/2025\/05\/te-de-menta.webp\" class=\"attachment-large size-large wp-image-34276\" alt=\"T\u00e9 de hierbabuena en taza con hojas frescas, infusi\u00f3n natural, remedio herbal saludable, infusiones para la buena salud, bebida revitalizante y arom\u00e1tica.\" srcset=\"https:\/\/soymigrante.com\/revista\/wp-content\/uploads\/2025\/05\/te-de-menta.webp 474w, https:\/\/soymigrante.com\/revista\/wp-content\/uploads\/2025\/05\/te-de-menta-300x168.jpg 300w\" sizes=\"(max-width: 474px) 100vw, 474px\" title=\"El t\u00e9 de menta ayuda con la digesti\u00f3n. (Foto: INTECAP) \u2013 SoyMigrante.com REVISTA\" \/>\t\t\t\t\t\t\t\t\t\t\t<figcaption class=\"widget-image-caption wp-caption-text\">T\u00e9 de hierbabuena, infusi\u00f3n natural y saludable para mejorar la salud, con hojas frescas de menta en una taza, ideal para relajarse y disfrutar de un remedio herbal revitalizante.<\/figcaption>\n\t\t\t\t\t\t\t\t\t\t<\/figure>\n\t\t\t\t\t\t\t\t\t<\/div>\n\t\t\t\t\t<\/div>\n\t\t\t\t<\/div>\n\t\t<div data-particle_enable=\"false\" data-particle-mobile-disabled=\"false\" class=\"elementor-element elementor-element-5e1bf71 e-flex e-con-boxed e-con e-parent\" data-id=\"5e1bf71\" data-element_type=\"container\" data-e-type=\"container\">\n\t\t\t\t\t<div class=\"e-con-inner\">\n\t\t\t\t<div class=\"elementor-element elementor-element-f6571dd elementor-widget elementor-widget-heading\" data-id=\"f6571dd\" data-element_type=\"widget\" data-e-type=\"widget\" data-widget_type=\"heading.default\">\n\t\t\t\t\t<h3 class=\"elementor-heading-title elementor-size-default\">9. T\u00e9 de jengibre<\/h3>\t\t\t\t<\/div>\n\t\t\t\t\t<\/div>\n\t\t\t\t<\/div>\n\t\t<div data-particle_enable=\"false\" data-particle-mobile-disabled=\"false\" class=\"elementor-element elementor-element-15894c1 e-flex e-con-boxed e-con e-parent\" data-id=\"15894c1\" data-element_type=\"container\" data-e-type=\"container\">\n\t\t\t\t\t<div class=\"e-con-inner\">\n\t\t\t\t<div class=\"elementor-element elementor-element-aedd636 elementor-widget elementor-widget-text-editor\" data-id=\"aedd636\" data-element_type=\"widget\" data-e-type=\"widget\" data-widget_type=\"text-editor.default\">\n\t\t\t\t\t\t\t\t\t<p><a href=\"https:\/\/soymigrante.com\/revista\/remedios-naturales-viejos-viejos-pero-buenos-buenos\/\" target=\"_blank\" rel=\"noopener\">Ideal para los d\u00edas fr\u00edos o para tratar la gripe.<\/a> El jengibre se hierve en agua y se le puede agregar miel y lim\u00f3n. Es antiinflamatorio y energizante.<\/p>\t\t\t\t\t\t\t\t<\/div>\n\t\t\t\t\t<\/div>\n\t\t\t\t<\/div>\n\t\t<div data-particle_enable=\"false\" data-particle-mobile-disabled=\"false\" class=\"elementor-element elementor-element-460f29e e-flex e-con-boxed e-con e-parent\" data-id=\"460f29e\" data-element_type=\"container\" data-e-type=\"container\">\n\t\t\t\t\t<div class=\"e-con-inner\">\n\t\t\t\t<div class=\"elementor-element elementor-element-9572349 elementor-widget elementor-widget-image\" data-id=\"9572349\" data-element_type=\"widget\" data-e-type=\"widget\" data-widget_type=\"image.default\">\n\t\t\t\t\t\t\t\t\t\t\t\t<figure class=\"wp-caption\">\n\t\t\t\t\t\t\t\t\t\t<img loading=\"lazy\" decoding=\"async\" width=\"474\" height=\"266\" src=\"https:\/\/soymigrante.com\/revista\/wp-content\/uploads\/2025\/05\/te-de-jengibre.webp\" class=\"attachment-large size-large wp-image-34277\" alt=\"Taza de t\u00e9 de jengibre con ra\u00edz fresca y rodajas, beneficios para la salud y bienestar natural.\" srcset=\"https:\/\/soymigrante.com\/revista\/wp-content\/uploads\/2025\/05\/te-de-jengibre.webp 474w, https:\/\/soymigrante.com\/revista\/wp-content\/uploads\/2025\/05\/te-de-jengibre-300x168.jpg 300w\" sizes=\"(max-width: 474px) 100vw, 474px\" title=\"El t\u00e9 jengibre es usado para aliviar el malestar de gripe. (Foto: INTECAP) \u2013 SoyMigrante.com REVISTA\" \/>\t\t\t\t\t\t\t\t\t\t\t<figcaption class=\"widget-image-caption wp-caption-text\">Taza de t\u00e9 de jengibre con ra\u00edz fresca y rodajas, ideal para mejorar la digesti\u00f3n y fortalecer el sistema inmunol\u00f3gico. Recupera energ\u00edas con esta infusi\u00f3n natural y saludable.<\/figcaption>\n\t\t\t\t\t\t\t\t\t\t<\/figure>\n\t\t\t\t\t\t\t\t\t<\/div>\n\t\t\t\t\t<\/div>\n\t\t\t\t<\/div>\n\t\t<div data-particle_enable=\"false\" data-particle-mobile-disabled=\"false\" class=\"elementor-element elementor-element-fd294b9 e-flex e-con-boxed e-con e-parent\" data-id=\"fd294b9\" data-element_type=\"container\" data-e-type=\"container\">\n\t\t\t\t\t<div class=\"e-con-inner\">\n\t\t\t\t<div class=\"elementor-element elementor-element-a81c405 elementor-widget elementor-widget-heading\" data-id=\"a81c405\" data-element_type=\"widget\" data-e-type=\"widget\" data-widget_type=\"heading.default\">\n\t\t\t\t\t<h3 class=\"elementor-heading-title elementor-size-default\">10. T\u00e9 de rosa de Castilla<\/h3>\t\t\t\t<\/div>\n\t\t\t\t\t<\/div>\n\t\t\t\t<\/div>\n\t\t<div data-particle_enable=\"false\" data-particle-mobile-disabled=\"false\" class=\"elementor-element elementor-element-0f4e1d5 e-flex e-con-boxed e-con e-parent\" data-id=\"0f4e1d5\" data-element_type=\"container\" data-e-type=\"container\">\n\t\t\t\t\t<div class=\"e-con-inner\">\n\t\t\t\t<div class=\"elementor-element elementor-element-20cab40 elementor-widget elementor-widget-text-editor\" data-id=\"20cab40\" data-element_type=\"widget\" data-e-type=\"widget\" data-widget_type=\"text-editor.default\">\n\t\t\t\t\t\t\t\t\t<p><a href=\"https:\/\/soymigrante.com\/revista\/remedios-naturales-viejos-viejos-pero-buenos-buenos\/\" target=\"_blank\" rel=\"noopener\">Una infusi\u00f3n floral con aroma suave que tambi\u00e9n tiene propiedades relajantes.<\/a> Algunas personas lo toman para aliviar dolores de cabeza o simplemente como bebida reconfortante.<\/p>\t\t\t\t\t\t\t\t<\/div>\n\t\t\t\t\t<\/div>\n\t\t\t\t<\/div>\n\t\t<div data-particle_enable=\"false\" data-particle-mobile-disabled=\"false\" class=\"elementor-element elementor-element-333a5af e-flex e-con-boxed e-con e-parent\" data-id=\"333a5af\" data-element_type=\"container\" data-e-type=\"container\">\n\t\t\t\t\t<div class=\"e-con-inner\">\n\t\t\t\t<div class=\"elementor-element elementor-element-69634b2 elementor-widget elementor-widget-image\" data-id=\"69634b2\" data-element_type=\"widget\" data-e-type=\"widget\" data-widget_type=\"image.default\">\n\t\t\t\t\t\t\t\t\t\t\t\t<figure class=\"wp-caption\">\n\t\t\t\t\t\t\t\t\t\t<img loading=\"lazy\" decoding=\"async\" width=\"758\" height=\"432\" src=\"https:\/\/soymigrante.com\/revista\/wp-content\/uploads\/2025\/05\/te-de-rosa-de-castilla.webp\" class=\"attachment-large size-large wp-image-34278\" alt=\"T\u00e9 de rosas en taza blanca y p\u00e9talos secos de rosa sobre mesa de madera, enfoque en remedios naturales y bienestar.\" srcset=\"https:\/\/soymigrante.com\/revista\/wp-content\/uploads\/2025\/05\/te-de-rosa-de-castilla.webp 758w, https:\/\/soymigrante.com\/revista\/wp-content\/uploads\/2025\/05\/te-de-rosa-de-castilla-300x171.jpg 300w, https:\/\/soymigrante.com\/revista\/wp-content\/uploads\/2025\/05\/te-de-rosa-de-castilla-750x427.webp 750w\" sizes=\"(max-width: 758px) 100vw, 758px\" title=\"El t\u00e9 de rosa de castilla es consumido por su sabor. (Foto: INTECAP) \u2013 SoyMigrante.com REVISTA\" \/>\t\t\t\t\t\t\t\t\t\t\t<figcaption class=\"widget-image-caption wp-caption-text\">T\u00e9 de rosas, remedios naturales y bienestar en taza blanca con p\u00e9talos secos en mesa de madera.<\/figcaption>\n\t\t\t\t\t\t\t\t\t\t<\/figure>\n\t\t\t\t\t\t\t\t\t<\/div>\n\t\t\t\t\t<\/div>\n\t\t\t\t<\/div>\n\t\t<div data-particle_enable=\"false\" data-particle-mobile-disabled=\"false\" class=\"elementor-element elementor-element-294d880 e-flex e-con-boxed e-con e-parent\" data-id=\"294d880\" data-element_type=\"container\" data-e-type=\"container\">\n\t\t\t\t\t<div class=\"e-con-inner\">\n\t\t\t\t<div class=\"elementor-element elementor-element-b48e8fd elementor-widget elementor-widget-heading\" data-id=\"b48e8fd\" data-element_type=\"widget\" data-e-type=\"widget\" data-widget_type=\"heading.default\">\n\t\t\t\t\t<h3 class=\"elementor-heading-title elementor-size-default\">T\u00e9: herencia natural guatemalteca<\/h3>\t\t\t\t<\/div>\n\t\t\t\t\t<\/div>\n\t\t\t\t<\/div>\n\t\t<div data-particle_enable=\"false\" data-particle-mobile-disabled=\"false\" class=\"elementor-element elementor-element-e4105d9 e-flex e-con-boxed e-con e-parent\" data-id=\"e4105d9\" data-element_type=\"container\" data-e-type=\"container\">\n\t\t\t\t\t<div class=\"e-con-inner\">\n\t\t\t\t<div class=\"elementor-element elementor-element-e829475 elementor-widget elementor-widget-text-editor\" data-id=\"e829475\" data-element_type=\"widget\" data-e-type=\"widget\" data-widget_type=\"text-editor.default\">\n\t\t\t\t\t\t\t\t\t<p><a href=\"https:\/\/soymigrante.com\/revista\/remedios-naturales-viejos-viejos-pero-buenos-buenos\/\" target=\"_blank\" rel=\"noopener\">Muchas de estas infusiones provienen directamente de las plantas que se cultivan en patios o jardines en zonas rurales.<\/a> \u201c<em>Mi abuela me ense\u00f1\u00f3 que todo malestar tiene su t\u00e9. No se necesitaba farmacia, sino un poco de hoja seca y paciencia<\/em>\u201d, comenta Do\u00f1a Lidia, una vendedora de hierbas en el Mercado Central de la ciudad de Guatemala.<\/p><p>El consumo de t\u00e9 en Guatemala no solo se asocia a beneficios medicinales, sino tambi\u00e9n a momentos de pausa, de conversaci\u00f3n familiar o espiritualidad. Tomar una taza de t\u00e9 es, para muchos, una forma de reconectar con la tierra y con las ra\u00edces culturales.<\/p>\t\t\t\t\t\t\t\t<\/div>\n\t\t\t\t\t<\/div>\n\t\t\t\t<\/div>\n\t\t<div data-particle_enable=\"false\" data-particle-mobile-disabled=\"false\" class=\"elementor-element elementor-element-2e6fbfb e-flex e-con-boxed e-con e-parent\" data-id=\"2e6fbfb\" data-element_type=\"container\" data-e-type=\"container\">\n\t\t\t\t\t<div class=\"e-con-inner\">\n\t\t\t\t<div class=\"elementor-element elementor-element-87aae95 elementor-widget elementor-widget-heading\" data-id=\"87aae95\" data-element_type=\"widget\" data-e-type=\"widget\" data-widget_type=\"heading.default\">\n\t\t\t\t\t<h2 class=\"elementor-heading-title elementor-size-default\">Conoce m\u00e1s de las bebidas guatemaltecas, ac\u00e1...<\/h2>\t\t\t\t<\/div>\n\t\t\t\t\t<\/div>\n\t\t\t\t<\/div>\n\t\t<div data-particle_enable=\"false\" data-particle-mobile-disabled=\"false\" class=\"elementor-element elementor-element-0245de8 e-flex e-con-boxed e-con e-parent\" data-id=\"0245de8\" data-element_type=\"container\" data-e-type=\"container\">\n\t\t\t\t\t<div class=\"e-con-inner\">\n\t\t\t\t<div class=\"elementor-element elementor-element-1cc7580 elementor-grid-eael-col-3 elementor-grid-tablet-eael-col-2 elementor-grid-mobile-eael-col-1 elementor-widget elementor-widget-eael-post-grid\" data-id=\"1cc7580\" data-element_type=\"widget\" data-e-type=\"widget\" data-settings=\"{&quot;eael_post_grid_columns&quot;:&quot;eael-col-3&quot;,&quot;eael_post_grid_columns_tablet&quot;:&quot;eael-col-2&quot;,&quot;eael_post_grid_columns_mobile&quot;:&quot;eael-col-1&quot;}\" data-widget_type=\"eael-post-grid.default\">\n\t\t\t\t\t<div id=\"eael-post-grid-1cc7580\" class=\"eael-post-grid-container\">\n            <div class=\"eael-post-grid eael-post-appender eael-post-appender-1cc7580 eael-post-grid-style-one\" data-layout-mode=\"masonry\"><article class=\"eael-grid-post  eael-post-grid-column eael-pg-post-27316 category-bienestar\" data-id=\"27316\">\n        <div class=\"eael-grid-post-holder\">\n            <div class=\"eael-grid-post-holder-inner\"><div class=\"eael-entry-media\"><div class=\"eael-entry-overlay fade-in\"><i class=\"far fa-hand-pointer\" aria-hidden=\"true\"><\/i><a href=\"https:\/\/soymigrante.com\/revista\/bebidas-refrescantes-para-el-verano-opciones-sin-alcohol\/\"><\/a><\/div><div class=\"eael-entry-thumbnail \">\n                <img loading=\"lazy\" decoding=\"async\" width=\"1024\" height=\"1024\" src=\"https:\/\/soymigrante.com\/revista\/wp-content\/uploads\/2025\/03\/Bebidas-refrescantes-para-el-verano1-scaled-e1741292005897-1024x1024.webp\" class=\"attachment-large size-large wp-image-27317\" alt=\"Refresco tropical en tarro con lim\u00f3n y popotes de colores, fondo desenfocado con luz natural, cultura mexicana, bebidas refrescantes, verano, estilo de vida saludable.\" srcset=\"https:\/\/soymigrante.com\/revista\/wp-content\/uploads\/2025\/03\/Bebidas-refrescantes-para-el-verano1-scaled-e1741292005897-1024x1024.webp 1024w, https:\/\/soymigrante.com\/revista\/wp-content\/uploads\/2025\/03\/Bebidas-refrescantes-para-el-verano1-scaled-e1741292005897-300x300.webp 300w, https:\/\/soymigrante.com\/revista\/wp-content\/uploads\/2025\/03\/Bebidas-refrescantes-para-el-verano1-scaled-e1741292005897-150x150.webp 150w, https:\/\/soymigrante.com\/revista\/wp-content\/uploads\/2025\/03\/Bebidas-refrescantes-para-el-verano1-scaled-e1741292005897-768x768.webp 768w, https:\/\/soymigrante.com\/revista\/wp-content\/uploads\/2025\/03\/Bebidas-refrescantes-para-el-verano1-scaled-e1741292005897-75x75.webp 75w, https:\/\/soymigrante.com\/revista\/wp-content\/uploads\/2025\/03\/Bebidas-refrescantes-para-el-verano1-scaled-e1741292005897-750x750.webp 750w, https:\/\/soymigrante.com\/revista\/wp-content\/uploads\/2025\/03\/Bebidas-refrescantes-para-el-verano1-scaled-e1741292005897-1140x1140.webp 1140w, https:\/\/soymigrante.com\/revista\/wp-content\/uploads\/2025\/03\/Bebidas-refrescantes-para-el-verano1-scaled-e1741292005897.webp 1260w\" sizes=\"(max-width: 1024px) 100vw, 1024px\" \/>\n            <\/div>\n        <\/div><div class=\"eael-entry-wrapper\"><header class=\"eael-entry-header\"><h2 class=\"eael-entry-title\"><a class=\"eael-grid-post-link\" href=\"https:\/\/soymigrante.com\/revista\/bebidas-refrescantes-para-el-verano-opciones-sin-alcohol\/\" title=\"Bebidas refrescantes para el verano: opciones sin alcohol\">Bebidas refrescantes para el verano: opciones sin alcohol<\/a><\/h2><\/header><div class=\"eael-entry-content\">\n                        <div class=\"eael-grid-post-excerpt\"><a href=\"https:\/\/soymigrante.com\/revista\/bebidas-refrescantes-para-el-verano-opciones-sin-alcohol\/\" class=\"eael-post-elements-readmore-btn\">CONOCE SU HISTORIA <\/a><\/div>\n                    <\/div><\/div><\/div>\n        <\/div>\n    <\/article><article class=\"eael-grid-post  eael-post-grid-column eael-pg-post-20100 category-guate-nuestra\" data-id=\"20100\">\n        <div class=\"eael-grid-post-holder\">\n            <div class=\"eael-grid-post-holder-inner\"><div class=\"eael-entry-media\"><div class=\"eael-entry-overlay fade-in\"><i class=\"far fa-hand-pointer\" aria-hidden=\"true\"><\/i><a href=\"https:\/\/soymigrante.com\/revista\/atol-de-elote-es-una-bebida-ancestral-que-endulza-muchas-tardes-guatemaltecas\/\"><\/a><\/div><div class=\"eael-entry-thumbnail \">\n                <img loading=\"lazy\" decoding=\"async\" width=\"1024\" height=\"722\" src=\"https:\/\/soymigrante.com\/revista\/wp-content\/uploads\/2025\/01\/atol-de-elote-1024x722.jpg\" class=\"attachment-large size-large wp-image-20124\" alt=\"Taz\u00f3n de crema de elote y canela en plato blanco, acompa\u00f1ada de ma\u00edz y canela en un fondo de madera rustic; gastronom\u00eda tradicional mexicana, bebida caliente, sabor aut\u00e9ntico.\" srcset=\"https:\/\/soymigrante.com\/revista\/wp-content\/uploads\/2025\/01\/atol-de-elote-1024x722.jpg 1024w, https:\/\/soymigrante.com\/revista\/wp-content\/uploads\/2025\/01\/atol-de-elote-300x212.jpg 300w, https:\/\/soymigrante.com\/revista\/wp-content\/uploads\/2025\/01\/atol-de-elote-768x542.jpg 768w, https:\/\/soymigrante.com\/revista\/wp-content\/uploads\/2025\/01\/atol-de-elote-1536x1084.jpg 1536w, https:\/\/soymigrante.com\/revista\/wp-content\/uploads\/2025\/01\/atol-de-elote-2048x1445.jpg 2048w, https:\/\/soymigrante.com\/revista\/wp-content\/uploads\/2025\/01\/atol-de-elote-120x86.webp 120w, https:\/\/soymigrante.com\/revista\/wp-content\/uploads\/2025\/01\/atol-de-elote-750x529.webp 750w, https:\/\/soymigrante.com\/revista\/wp-content\/uploads\/2025\/01\/atol-de-elote-1140x804.webp 1140w, https:\/\/soymigrante.com\/revista\/wp-content\/uploads\/2025\/01\/atol-de-elote-scaled.webp 1920w\" sizes=\"(max-width: 1024px) 100vw, 1024px\" \/>\n            <\/div>\n        <\/div><div class=\"eael-entry-wrapper\"><header class=\"eael-entry-header\"><h2 class=\"eael-entry-title\"><a class=\"eael-grid-post-link\" href=\"https:\/\/soymigrante.com\/revista\/atol-de-elote-es-una-bebida-ancestral-que-endulza-muchas-tardes-guatemaltecas\/\" title=\"Atol de elote es una bebida ancestral que endulza muchas tardes guatemaltecas\">Atol de elote es una bebida ancestral que endulza muchas tardes guatemaltecas<\/a><\/h2><\/header><div class=\"eael-entry-content\">\n                        <div class=\"eael-grid-post-excerpt\"><a href=\"https:\/\/soymigrante.com\/revista\/atol-de-elote-es-una-bebida-ancestral-que-endulza-muchas-tardes-guatemaltecas\/\" class=\"eael-post-elements-readmore-btn\">CONOCE SU HISTORIA <\/a><\/div>\n                    <\/div><\/div><\/div>\n        <\/div>\n    <\/article><article class=\"eael-grid-post  eael-post-grid-column eael-pg-post-20294 category-guate-nuestra\" data-id=\"20294\">\n        <div class=\"eael-grid-post-holder\">\n            <div class=\"eael-grid-post-holder-inner\"><div class=\"eael-entry-media\"><div class=\"eael-entry-overlay fade-in\"><i class=\"far fa-hand-pointer\" aria-hidden=\"true\"><\/i><a href=\"https:\/\/soymigrante.com\/revista\/atol-de-haba-es-una-bebida-tradicional-que-reconforta-el-alma-chapina\/\"><\/a><\/div><div class=\"eael-entry-thumbnail \">\n                <img loading=\"lazy\" decoding=\"async\" width=\"431\" height=\"404\" src=\"https:\/\/soymigrante.com\/revista\/wp-content\/uploads\/2025\/01\/atol-de-haba-2.webp\" class=\"attachment-large size-large wp-image-20333\" alt=\"Aceite de oliva virgen extra siendo elaborado en un molino tradicional artesanal; proceso de extracci\u00f3n natural y tradicional, resaltando la importancia de la agricultura y la gastronom\u00eda en la cultura mediterr\u00e1nea.\" srcset=\"https:\/\/soymigrante.com\/revista\/wp-content\/uploads\/2025\/01\/atol-de-haba-2.webp 431w, https:\/\/soymigrante.com\/revista\/wp-content\/uploads\/2025\/01\/atol-de-haba-2-300x281.jpg 300w\" sizes=\"(max-width: 431px) 100vw, 431px\" \/>\n            <\/div>\n        <\/div><div class=\"eael-entry-wrapper\"><header class=\"eael-entry-header\"><h2 class=\"eael-entry-title\"><a class=\"eael-grid-post-link\" href=\"https:\/\/soymigrante.com\/revista\/atol-de-haba-es-una-bebida-tradicional-que-reconforta-el-alma-chapina\/\" title=\"Atol de Haba es una bebida tradicional que reconforta el alma chapina\">Atol de Haba es una bebida tradicional que reconforta el alma chapina<\/a><\/h2><\/header><div class=\"eael-entry-content\">\n                        <div class=\"eael-grid-post-excerpt\"><a href=\"https:\/\/soymigrante.com\/revista\/atol-de-haba-es-una-bebida-tradicional-que-reconforta-el-alma-chapina\/\" class=\"eael-post-elements-readmore-btn\">CONOCE SU HISTORIA <\/a><\/div>\n                    <\/div><\/div><\/div>\n        <\/div>\n    <\/article><\/div>\n            <div class=\"clearfix\"><\/div>\n        <\/div>\t\t\t\t<\/div>\n\t\t\t\t\t<\/div>\n\t\t\t\t<\/div>\n\t\t\t\t<\/div>\n\t\t","protected":false},"excerpt":{"rendered":"<p>Los t\u00e9s en Guatemala son populares, por su sabor, tradici\u00f3n y porque benefician a la salud. En Guatemala, el t\u00e9 es mucho m\u00e1s que una bebida caliente. Forma parte de tradiciones familiares, rituales naturales y remedios caseros que han pasado de generaci\u00f3n en generaci\u00f3n. Aunque el t\u00e9 negro es el m\u00e1s conocido por su relaci\u00f3n [&hellip;]<\/p>\n","protected":false},"author":19,"featured_media":34258,"comment_status":"open","ping_status":"open","sticky":false,"template":"","format":"standard","meta":{"_acf_changed":false,"_eb_attr":"","footnotes":""},"categories":[58],"tags":[],"class_list":["post-34257","post","type-post","status-publish","format-standard","has-post-thumbnail","hentry","category-guate-nuestra"],"acf":[],"aioseo_notices":[],"aioseo_head":"\n\t\t<!-- All in One SEO Pro 4.9.6.2 - aioseo.com -->\n\t<meta name=\"description\" content=\"El atol de haba es una bebida caliente y exquisita, de sabor sobrio pero muy agradable y de gran arraigo en la cultura guatemalteca. Te compartimos la receta.\" \/>\n\t<meta name=\"robots\" content=\"max-snippet:-1, max-image-preview:large, max-video-preview:-1\" \/>\n\t<meta name=\"author\" content=\"Beatriz Tercero\"\/>\n\t<link rel=\"canonical\" href=\"https:\/\/soymigrante.com\/revista\/atol-de-haba-es-una-bebida-tradicional-que-reconforta-el-alma-chapina\/\" \/>\n\t<meta name=\"generator\" content=\"All in One SEO Pro (AIOSEO) 4.9.6.2\" \/>\n\n\t\t<link rel=\"preconnect\" href=\"https:\/\/fonts.googleapis.com\" crossorigin>\n<link rel=\"preconnect\" href=\"https:\/\/fonts.gstatic.com\" crossorigin>\n\t\t<meta property=\"og:locale\" content=\"es_ES\" \/>\n\t\t<meta property=\"og:site_name\" content=\"SoyMigrante.com REVISTA \u2013 Nuestra misi\u00f3n es reconocer y dignificar al migrante.\" \/>\n\t\t<meta property=\"og:type\" content=\"article\" \/>\n\t\t<meta property=\"og:title\" content=\"Atol de Haba,bebida tradicional reconforta el alma chapina\" \/>\n\t\t<meta property=\"og:description\" content=\"El atol de haba es una bebida caliente y exquisita, de sabor sobrio pero muy agradable y de gran arraigo en la cultura guatemalteca. Te compartimos la receta.\" \/>\n\t\t<meta property=\"og:url\" content=\"https:\/\/soymigrante.com\/revista\/atol-de-haba-es-una-bebida-tradicional-que-reconforta-el-alma-chapina\/\" \/>\n\t\t<meta property=\"og:image\" content=\"https:\/\/soymigrante.com\/revista\/wp-content\/uploads\/2025\/01\/atol-de-haba-2.webp\" \/>\n\t\t<meta property=\"og:image:secure_url\" content=\"https:\/\/soymigrante.com\/revista\/wp-content\/uploads\/2025\/01\/atol-de-haba-2.webp\" \/>\n\t\t<meta property=\"og:image:width\" content=\"431\" \/>\n\t\t<meta property=\"og:image:height\" content=\"404\" \/>\n\t\t<meta property=\"article:published_time\" content=\"2025-01-15T12:00:00+00:00\" \/>\n\t\t<meta property=\"article:modified_time\" content=\"2025-01-15T04:01:10+00:00\" \/>\n\t\t<meta property=\"article:publisher\" content=\"https:\/\/www.facebook.com\/soymigrantecom\" \/>\n\t\t<meta name=\"twitter:card\" content=\"summary_large_image\" \/>\n\t\t<meta name=\"twitter:site\" content=\"@SoyMigrante_com\" \/>\n\t\t<meta name=\"twitter:title\" content=\"Atol de Haba,bebida tradicional reconforta el alma chapina\" \/>\n\t\t<meta name=\"twitter:description\" content=\"El atol de haba es una bebida caliente y exquisita, de sabor sobrio pero muy agradable y de gran arraigo en la cultura guatemalteca. Te compartimos la receta.\" \/>\n\t\t<meta name=\"twitter:creator\" content=\"@SoyMigrante_com\" \/>\n\t\t<meta name=\"twitter:image\" content=\"https:\/\/soymigrante.com\/revista\/wp-content\/uploads\/2025\/01\/atol-de-haba-2.webp\" \/>\n\t\t<!-- All in One SEO Pro -->\r\n\t\t<title>Atol de Haba,bebida tradicional reconforta el alma chapina<\/title>\n\n","aioseo_head_json":{"title":"Atol de Haba,bebida tradicional reconforta el alma chapina","description":"El atol de haba es una bebida caliente y exquisita, de sabor sobrio pero muy agradable y de gran arraigo en la cultura guatemalteca. Te compartimos la receta.","canonical_url":"https:\/\/soymigrante.com\/revista\/atol-de-haba-es-una-bebida-tradicional-que-reconforta-el-alma-chapina\/","robots":"max-snippet:-1, max-image-preview:large, max-video-preview:-1","keywords":"","webmasterTools":{"miscellaneous":"&lt;link rel=\"preconnect\" href=\"https:\/\/fonts.googleapis.com\" crossorigin&gt;\n&lt;link rel=\"preconnect\" href=\"https:\/\/fonts.gstatic.com\" crossorigin&gt;"},"schema":null,"og:locale":"es_ES","og:site_name":"SoyMigrante.com REVISTA \u2013 Nuestra misi\u00f3n es reconocer y dignificar al migrante.","og:type":"article","og:title":"Atol de Haba,bebida tradicional reconforta el alma chapina","og:description":"El atol de haba es una bebida caliente y exquisita, de sabor sobrio pero muy agradable y de gran arraigo en la cultura guatemalteca. Te compartimos la receta.","og:url":"https:\/\/soymigrante.com\/revista\/atol-de-haba-es-una-bebida-tradicional-que-reconforta-el-alma-chapina\/","og:image":"https:\/\/soymigrante.com\/revista\/wp-content\/uploads\/2025\/01\/atol-de-haba-2.webp","og:image:secure_url":"https:\/\/soymigrante.com\/revista\/wp-content\/uploads\/2025\/01\/atol-de-haba-2.webp","og:image:width":431,"og:image:height":404,"article:published_time":"2025-01-15T12:00:00+00:00","article:modified_time":"2025-01-15T04:01:10+00:00","article:publisher":"https:\/\/www.facebook.com\/soymigrantecom","twitter:card":"summary_large_image","twitter:site":"@SoyMigrante_com","twitter:title":"Atol de Haba,bebida tradicional reconforta el alma chapina","twitter:description":"El atol de haba es una bebida caliente y exquisita, de sabor sobrio pero muy agradable y de gran arraigo en la cultura guatemalteca. Te compartimos la receta.","twitter:creator":"@SoyMigrante_com","twitter:image":"https:\/\/soymigrante.com\/revista\/wp-content\/uploads\/2025\/01\/atol-de-haba-2.webp"},"aioseo_meta_data":{"post_id":"34257","title":null,"description":"Los t\u00e9s en Guatemala son populares, por su sabor, tradici\u00f3n y porque benefician a la salud.","keywords":null,"keyphrases":{"focus":{"keyphrase":"Guatemala","score":91,"analysis":{"keyphraseInTitle":{"score":9,"maxScore":9,"error":0},"keyphraseInDescription":{"score":9,"maxScore":9,"error":0},"keyphraseLength":{"score":9,"maxScore":9,"error":0,"length":1},"keyphraseInURL":{"score":5,"maxScore":5,"error":0},"keyphraseInIntroduction":{"score":9,"maxScore":9,"error":0},"keyphraseInSubHeadings":{"score":3,"maxScore":9,"error":1},"keyphraseInImageAlt":{"score":9,"maxScore":9,"error":0},"keywordDensity":{"type":"best","score":9,"maxScore":9,"error":0}}},"additional":[]},"primary_term":null,"canonical_url":null,"og_title":null,"og_description":null,"og_object_type":"default","og_image_type":"default","og_image_url":null,"og_image_width":null,"og_image_height":null,"og_image_custom_url":null,"og_image_custom_fields":null,"og_video":"","og_custom_url":null,"og_article_section":null,"og_article_tags":null,"twitter_use_og":false,"twitter_card":"default","twitter_image_type":"default","twitter_image_url":null,"twitter_image_custom_url":null,"twitter_image_custom_fields":null,"twitter_title":null,"twitter_description":null,"schema":{"blockGraphs":[],"customGraphs":[],"default":{"data":{"Article":[],"Course":[],"Dataset":[],"FAQPage":[],"Movie":[],"Person":[],"Product":[],"ProductReview":[],"Car":[],"Recipe":[],"Service":[],"SoftwareApplication":[],"WebPage":[]},"graphName":"none","isEnabled":true},"graphs":[]},"schema_type":"default","schema_type_options":null,"pillar_content":false,"robots_default":true,"robots_noindex":false,"robots_noarchive":false,"robots_nosnippet":false,"robots_nofollow":false,"robots_noimageindex":false,"robots_noodp":false,"robots_notranslate":false,"robots_max_snippet":"-1","robots_max_videopreview":"-1","robots_max_imagepreview":"large","priority":null,"frequency":"default","local_seo":null,"seo_analyzer_scan_date":"2025-10-09 05:22:13","breadcrumb_settings":null,"limit_modified_date":false,"reviewed_by":null,"open_ai":"{\"title\":{\"suggestions\":[],\"usage\":0},\"description\":{\"suggestions\":[],\"usage\":0}}","ai":null,"created":"2025-05-22 18:10:53","updated":"2026-02-04 23:46:15"},"aioseo_breadcrumb":"<div class=\"aioseo-breadcrumbs\"><span class=\"aioseo-breadcrumb\">\n\t<a href=\"https:\/\/soymigrante.com\/revista\" title=\"Home\">Home<\/a>\n<\/span><span class=\"aioseo-breadcrumb-separator\">\u00bb<\/span><span class=\"aioseo-breadcrumb\">\n\t<a href=\"https:\/\/soymigrante.com\/revista\/category\/guate-nuestra\/\" title=\"Guate Nuestra\">Guate Nuestra<\/a>\n<\/span><span class=\"aioseo-breadcrumb-separator\">\u00bb<\/span><span class=\"aioseo-breadcrumb\">\n\tLos 10 tipos de t\u00e9 m\u00e1s populares en Guatemala: tradici\u00f3n, salud y sabor\n<\/span><\/div>","aioseo_breadcrumb_json":[{"label":"Home","link":"https:\/\/soymigrante.com\/revista"},{"label":"Guate Nuestra","link":"https:\/\/soymigrante.com\/revista\/category\/guate-nuestra\/"},{"label":"Los 10 tipos de t\u00e9 m\u00e1s populares en Guatemala: tradici\u00f3n, salud y sabor","link":"https:\/\/soymigrante.com\/revista\/los-10-tipos-de-te-mas-populares-en-guatemala-tradicion-salud-y-sabor\/"}],"_links":{"self":[{"href":"https:\/\/soymigrante.com\/revista\/wp-json\/wp\/v2\/posts\/34257","targetHints":{"allow":["GET"]}}],"collection":[{"href":"https:\/\/soymigrante.com\/revista\/wp-json\/wp\/v2\/posts"}],"about":[{"href":"https:\/\/soymigrante.com\/revista\/wp-json\/wp\/v2\/types\/post"}],"author":[{"embeddable":true,"href":"https:\/\/soymigrante.com\/revista\/wp-json\/wp\/v2\/users\/19"}],"replies":[{"embeddable":true,"href":"https:\/\/soymigrante.com\/revista\/wp-json\/wp\/v2\/comments?post=34257"}],"version-history":[{"count":45,"href":"https:\/\/soymigrante.com\/revista\/wp-json\/wp\/v2\/posts\/34257\/revisions"}],"predecessor-version":[{"id":34377,"href":"https:\/\/soymigrante.com\/revista\/wp-json\/wp\/v2\/posts\/34257\/revisions\/34377"}],"wp:featuredmedia":[{"embeddable":true,"href":"https:\/\/soymigrante.com\/revista\/wp-json\/wp\/v2\/media\/34258"}],"wp:attachment":[{"href":"https:\/\/soymigrante.com\/revista\/wp-json\/wp\/v2\/media?parent=34257"}],"wp:term":[{"taxonomy":"category","embeddable":true,"href":"https:\/\/soymigrante.com\/revista\/wp-json\/wp\/v2\/categories?post=34257"},{"taxonomy":"post_tag","embeddable":true,"href":"https:\/\/soymigrante.com\/revista\/wp-json\/wp\/v2\/tags?post=34257"}],"curies":[{"name":"wp","href":"https:\/\/api.w.org\/{rel}","templated":true}]}}