{"id":34256,"date":"2025-05-22T12:59:26","date_gmt":"2025-05-22T18:59:26","guid":{"rendered":"https:\/\/soymigrante.com\/revista\/?p=34256"},"modified":"2025-05-22T13:18:20","modified_gmt":"2025-05-22T19:18:20","slug":"efecto-de-impuesto-a-remesas-migrantes-aprobado-por-el-congreso-de-ee-uu-se-converso-en-foro-centroamerica-cuenta","status":"publish","type":"post","link":"https:\/\/soymigrante.com\/revista\/efecto-de-impuesto-a-remesas-migrantes-aprobado-por-el-congreso-de-ee-uu-se-converso-en-foro-centroamerica-cuenta\/","title":{"rendered":"Impuesto a remesas aprobado por el Congreso de EE.UU. se analiz\u00f3 en foro Centroam\u00e9rica Cuenta"},"content":{"rendered":"\t\t<div data-elementor-type=\"wp-post\" data-elementor-id=\"34256\" class=\"elementor elementor-34256\" data-elementor-post-type=\"post\">\n\t\t\t\t<div data-particle_enable=\"false\" data-particle-mobile-disabled=\"false\" class=\"elementor-element elementor-element-128807b e-flex e-con-boxed e-con e-parent\" data-id=\"128807b\" data-element_type=\"container\" data-e-type=\"container\">\n\t\t\t\t\t<div class=\"e-con-inner\">\n\t\t\t\t<div class=\"elementor-element elementor-element-3d54c62 elementor-widget elementor-widget-heading\" data-id=\"3d54c62\" data-element_type=\"widget\" data-e-type=\"widget\" data-widget_type=\"heading.default\">\n\t\t\t\t\t<h2 class=\"elementor-heading-title elementor-size-default\">Congreso de Estados Unidos aprob\u00f3 un impuesto de 3.5% a remesas migrantes: sobre los efectos de esta medida se convers\u00f3 apenas un d\u00eda antes, en un foro de Centroam\u00e9rica Cuenta en ciudad de Guatemala.  <\/h2>\t\t\t\t<\/div>\n\t\t\t\t\t<\/div>\n\t\t\t\t<\/div>\n\t\t<div data-particle_enable=\"false\" data-particle-mobile-disabled=\"false\" class=\"elementor-element elementor-element-02e4302 e-flex e-con-boxed e-con e-parent\" data-id=\"02e4302\" data-element_type=\"container\" data-e-type=\"container\">\n\t\t\t\t\t<div class=\"e-con-inner\">\n\t\t\t\t<div class=\"elementor-element elementor-element-7d9bb78 elementor-widget elementor-widget-text-editor\" data-id=\"7d9bb78\" data-element_type=\"widget\" data-e-type=\"widget\" data-widget_type=\"text-editor.default\">\n\t\t\t\t\t\t\t\t\t<p>Es un hecho que la C\u00e1mara de Representantes del Congreso de EE. UU. aprob\u00f3 la madrugada del jueves 22 de mayo, con 215 votos a favor y 214 en contra, el paquete de recortes fiscales y gastos impulsados por la Casa Blanca, el cual incluye un impuesto de 3.5% a las remesas enviadas por migrantes desde Estados Unidos.<\/p><p>Pero para que se convierta en ley a\u00fan debe pasar por la discusi\u00f3n en el Senado. La propuesta original del gobierno de Donald Trump planteaba un 5%, pero se le redujo 1.5%.\u00a0<\/p><p>Durante un conversatorio sobre remesas efectuado en Guatemala el mi\u00e9rcoles 21 de mayo, en el Palacio Nacional de la Cultura, el economista Lizardo Sosa hipotetiz\u00f3 que al final podr\u00edan dejarlo en un 3%.\u00a0<\/p><p>Dicho panel se efectu\u00f3 dentro de las actividades del festival Centroam\u00e9rica Cuenta. Y esta es la s\u00edntesis de lo dicho acerca del impuesto a las remesas, horas antes de que fuese aprobado en el Capitolio.<\/p>\t\t\t\t\t\t\t\t<\/div>\n\t\t\t\t\t<\/div>\n\t\t\t\t<\/div>\n\t\t<div data-particle_enable=\"false\" data-particle-mobile-disabled=\"false\" class=\"elementor-element elementor-element-aa3133d e-flex e-con-boxed e-con e-parent\" data-id=\"aa3133d\" data-element_type=\"container\" data-e-type=\"container\">\n\t\t\t\t\t<div class=\"e-con-inner\">\n\t\t\t\t<div class=\"elementor-element elementor-element-2a503a1 elementor-widget elementor-widget-image\" data-id=\"2a503a1\" data-element_type=\"widget\" data-e-type=\"widget\" data-widget_type=\"image.default\">\n\t\t\t\t\t\t\t\t\t\t\t\t<figure class=\"wp-caption\">\n\t\t\t\t\t\t\t\t\t\t<img fetchpriority=\"high\" decoding=\"async\" width=\"768\" height=\"456\" src=\"https:\/\/soymigrante.com\/revista\/wp-content\/uploads\/2025\/05\/remesas-foro.webp\" class=\"attachment-large size-large wp-image-34306\" alt=\"Migraci\u00f3n, impacto econ\u00f3mico y remesas en el di\u00e1logo sobre la econom\u00eda centroamericana en SoyMigrante.com REVISTA.\" srcset=\"https:\/\/soymigrante.com\/revista\/wp-content\/uploads\/2025\/05\/remesas-foro.webp 960w, https:\/\/soymigrante.com\/revista\/wp-content\/uploads\/2025\/05\/remesas-foro-300x178.jpg 300w, https:\/\/soymigrante.com\/revista\/wp-content\/uploads\/2025\/05\/remesas-foro-768x456.jpg 768w, https:\/\/soymigrante.com\/revista\/wp-content\/uploads\/2025\/05\/remesas-foro-750x445.webp 750w\" sizes=\"(max-width: 768px) 100vw, 768px\" title=\"En el foro sobre remesas y desarrollo, dentro del festival Centroam\u00e9rica Cuenta, se trat\u00f3 el tema del impuesto a ls env\u00edos de dinero de migrantes desde Estados Unidos, un d\u00eda antes de que esta medida fuera aprobada en el Congreso de EE.UU. \u2013 SoyMigrante.com REVISTA\" \/>\t\t\t\t\t\t\t\t\t\t\t<figcaption class=\"widget-image-caption wp-caption-text\">Conferencia sobre migraci\u00f3n, remesas y econom\u00eda centroamericana, destacando el impacto de la migraci\u00f3n en el desarrollo econ\u00f3mico y social en la regi\u00f3n centroamericana.<\/figcaption>\n\t\t\t\t\t\t\t\t\t\t<\/figure>\n\t\t\t\t\t\t\t\t\t<\/div>\n\t\t\t\t\t<\/div>\n\t\t\t\t<\/div>\n\t\t<div data-particle_enable=\"false\" data-particle-mobile-disabled=\"false\" class=\"elementor-element elementor-element-f4cde07 e-flex e-con-boxed e-con e-parent\" data-id=\"f4cde07\" data-element_type=\"container\" data-e-type=\"container\">\n\t\t\t\t\t<div class=\"e-con-inner\">\n\t\t\t\t<div class=\"elementor-element elementor-element-371a9f3 elementor-widget elementor-widget-text-editor\" data-id=\"371a9f3\" data-element_type=\"widget\" data-e-type=\"widget\" data-widget_type=\"text-editor.default\">\n\t\t\t\t\t\t\t\t\t<p>Lizardo Sosa, economista: &#8220;Las remesas seguir\u00e1n llegando, incluso con esa reducci\u00f3n. Y lo vimos en la pandemia. Yo creo que la pandemia es un momento reciente en donde pudimos ver c\u00f3mo en esos momentos dif\u00edciles el migrante no abandon\u00f3 a su familia, \u00bfverdad? Y sigui\u00f3 enviando esa remesa que sostuvo y mantuvo a los hogares en una \u00e9poca tan dif\u00edcil&#8221;.\u00a0<\/p><p>&#8220;Hemos visto este a\u00f1o un aumento en la remesa\u00a0 y cada mes ha sido mayor, enero, febrero, marzo, abril. Y antes de que esto llegue a aprobarse, antes de que yo pueda ser deportado, estoy enviando mis ahorros o un poco m\u00e1s de lo que tengo para que sea cuidado o usado en los hogares&#8221;.\u00a0<\/p>\t\t\t\t\t\t\t\t<\/div>\n\t\t\t\t\t<\/div>\n\t\t\t\t<\/div>\n\t\t<div data-particle_enable=\"false\" data-particle-mobile-disabled=\"false\" class=\"elementor-element elementor-element-5a1239b e-flex e-con-boxed e-con e-parent\" data-id=\"5a1239b\" data-element_type=\"container\" data-e-type=\"container\">\n\t\t\t\t\t<div class=\"e-con-inner\">\n\t\t\t\t<div class=\"elementor-element elementor-element-8adc2f7 elementor-grid-eael-col-1 elementor-grid-tablet-eael-col-2 elementor-grid-mobile-eael-col-1 elementor-widget elementor-widget-eael-post-grid\" data-id=\"8adc2f7\" data-element_type=\"widget\" data-e-type=\"widget\" data-settings=\"{&quot;eael_post_grid_columns&quot;:&quot;eael-col-1&quot;,&quot;eael_post_grid_columns_tablet&quot;:&quot;eael-col-2&quot;,&quot;eael_post_grid_columns_mobile&quot;:&quot;eael-col-1&quot;}\" data-widget_type=\"eael-post-grid.default\">\n\t\t\t\t\t<div id=\"eael-post-grid-8adc2f7\" class=\"eael-post-grid-container\">\n            <div class=\"eael-post-grid eael-post-appender eael-post-appender-8adc2f7 eael-post-grid-style-one\" data-layout-mode=\"masonry\"><article class=\"eael-grid-post  eael-post-grid-column eael-pg-post-32770 category-estamos-unidos tags-remesas-migrantes\" data-id=\"32770\">\n        <div class=\"eael-grid-post-holder\">\n            <div class=\"eael-grid-post-holder-inner\"><div class=\"eael-entry-media\"><div class=\"eael-entry-overlay fade-in\"><i class=\"far fa-hand-pointer\" aria-hidden=\"true\"><\/i><a href=\"https:\/\/soymigrante.com\/revista\/migrantes-guatemaltecos-enviaron-mas-de-us7-mil-500-millones-en-remesas-en-4-meses\/\"><\/a><\/div><div class=\"eael-entry-thumbnail eael-image-ratio\">\n                <img decoding=\"async\" width=\"1024\" height=\"1024\" src=\"https:\/\/soymigrante.com\/revista\/wp-content\/uploads\/2025\/05\/Una-mujer-hispana-con-ropa-de-trabajo-de-limpieza-paga-al-tendero-de-una-agencia-de-remesas-en-donde-tambien-venden-abarrotes-al-fondo-se-ven-anuncios-de-empresas-de-remesas-1024x1024.jpg\" class=\"attachment-large size-large wp-image-32771\" alt=\"Compra y transferencia de dinero, servicios de compra en supermercados y asistencia financiera para migrantes en Estados Unidos y M\u00e9xico, en un supermercado con atenci\u00f3n personalizada.\" srcset=\"https:\/\/soymigrante.com\/revista\/wp-content\/uploads\/2025\/05\/Una-mujer-hispana-con-ropa-de-trabajo-de-limpieza-paga-al-tendero-de-una-agencia-de-remesas-en-donde-tambien-venden-abarrotes-al-fondo-se-ven-anuncios-de-empresas-de-remesas-1024x1024.jpg 1024w, https:\/\/soymigrante.com\/revista\/wp-content\/uploads\/2025\/05\/Una-mujer-hispana-con-ropa-de-trabajo-de-limpieza-paga-al-tendero-de-una-agencia-de-remesas-en-donde-tambien-venden-abarrotes-al-fondo-se-ven-anuncios-de-empresas-de-remesas-300x300.jpg 300w, https:\/\/soymigrante.com\/revista\/wp-content\/uploads\/2025\/05\/Una-mujer-hispana-con-ropa-de-trabajo-de-limpieza-paga-al-tendero-de-una-agencia-de-remesas-en-donde-tambien-venden-abarrotes-al-fondo-se-ven-anuncios-de-empresas-de-remesas-150x150.jpg 150w, https:\/\/soymigrante.com\/revista\/wp-content\/uploads\/2025\/05\/Una-mujer-hispana-con-ropa-de-trabajo-de-limpieza-paga-al-tendero-de-una-agencia-de-remesas-en-donde-tambien-venden-abarrotes-al-fondo-se-ven-anuncios-de-empresas-de-remesas-768x768.jpg 768w, https:\/\/soymigrante.com\/revista\/wp-content\/uploads\/2025\/05\/Una-mujer-hispana-con-ropa-de-trabajo-de-limpieza-paga-al-tendero-de-una-agencia-de-remesas-en-donde-tambien-venden-abarrotes-al-fondo-se-ven-anuncios-de-empresas-de-remesas-75x75.webp 75w, https:\/\/soymigrante.com\/revista\/wp-content\/uploads\/2025\/05\/Una-mujer-hispana-con-ropa-de-trabajo-de-limpieza-paga-al-tendero-de-una-agencia-de-remesas-en-donde-tambien-venden-abarrotes-al-fondo-se-ven-anuncios-de-empresas-de-remesas-750x750.webp 750w, https:\/\/soymigrante.com\/revista\/wp-content\/uploads\/2025\/05\/Una-mujer-hispana-con-ropa-de-trabajo-de-limpieza-paga-al-tendero-de-una-agencia-de-remesas-en-donde-tambien-venden-abarrotes-al-fondo-se-ven-anuncios-de-empresas-de-remesas.webp 1120w\" sizes=\"(max-width: 1024px) 100vw, 1024px\" \/>\n            <\/div>\n        <\/div><div class=\"eael-entry-wrapper\"><header class=\"eael-entry-header\"><h2 class=\"eael-entry-title\"><a class=\"eael-grid-post-link\" href=\"https:\/\/soymigrante.com\/revista\/migrantes-guatemaltecos-enviaron-mas-de-us7-mil-500-millones-en-remesas-en-4-meses\/\" title=\"Migrantes guatemaltecos enviaron m\u00e1s de US$7 mil 600 millones en remesas en 4 meses\">Migrantes guatemaltecos enviaron m\u00e1s de US$7 mil 600 millones en remesas en 4 meses<\/a><\/h2><\/header><div class=\"eael-entry-content\">\n                        <div class=\"eael-grid-post-excerpt\"><a href=\"https:\/\/soymigrante.com\/revista\/migrantes-guatemaltecos-enviaron-mas-de-us7-mil-500-millones-en-remesas-en-4-meses\/\" class=\"eael-post-elements-readmore-btn\">CONOCE SU HISTORIA <\/a><\/div>\n                    <\/div><\/div><\/div>\n        <\/div>\n    <\/article><\/div>\n            <div class=\"clearfix\"><\/div>\n        <\/div>\t\t\t\t<\/div>\n\t\t\t\t\t<\/div>\n\t\t\t\t<\/div>\n\t\t<div data-particle_enable=\"false\" data-particle-mobile-disabled=\"false\" class=\"elementor-element elementor-element-b8bcc47 e-flex e-con-boxed e-con e-parent\" data-id=\"b8bcc47\" data-element_type=\"container\" data-e-type=\"container\">\n\t\t\t\t\t<div class=\"e-con-inner\">\n\t\t\t\t<div class=\"elementor-element elementor-element-754b096 elementor-widget elementor-widget-heading\" data-id=\"754b096\" data-element_type=\"widget\" data-e-type=\"widget\" data-widget_type=\"heading.default\">\n\t\t\t\t\t<h3 class=\"elementor-heading-title elementor-size-default\">Preocupaci\u00f3n debe centrarse no en dependencia de remesas sino en impulsar desarrollo<\/h3>\t\t\t\t<\/div>\n\t\t\t\t\t<\/div>\n\t\t\t\t<\/div>\n\t\t<div data-particle_enable=\"false\" data-particle-mobile-disabled=\"false\" class=\"elementor-element elementor-element-f3e25fe e-flex e-con-boxed e-con e-parent\" data-id=\"f3e25fe\" data-element_type=\"container\" data-e-type=\"container\">\n\t\t\t\t\t<div class=\"e-con-inner\">\n\t\t\t\t<div class=\"elementor-element elementor-element-232ac4a elementor-widget elementor-widget-text-editor\" data-id=\"232ac4a\" data-element_type=\"widget\" data-e-type=\"widget\" data-widget_type=\"text-editor.default\">\n\t\t\t\t\t\t\t\t\t<p>Lizbet Gramajo, investigadora experta en el \u00e1rea migratoria de la Universidad Rafael Land\u00edvar: &#8220;En este contexto de pol\u00edticas anti-migraci\u00f3n, lo que deber\u00edamos de estar haciendo en estos Estados de la regi\u00f3n, como Guatemala es ir pensando como ampliamos la base productiva en estos pa\u00edses de origen de migrantes&#8221;.<\/p><p>&#8220;Porque digamos ante un eventual cambio -como este impuesto a las remesas- o pol\u00edticas todav\u00eda m\u00e1s duras de las que estamos viendo \u00bfqu\u00e9 van a hacer en esta \u00e1rea rural como nos dec\u00eda Lizardo, verdad, donde hay una dependencia de esa remesa y digamos no se ha diversificado ni transformado la base productiva?&#8221;<\/p><p>&#8220;Entonces, yo dir\u00eda que s\u00ed est\u00e1 bien preocuparnos -por el impuesto a la remesa- pero tambi\u00e9n ponernos en esa acci\u00f3n y que tiene que ser interinstitucional: El Estado, la empresa privada, la academia, sociedad civil, un poco todos pensando en c\u00f3mo invertimos en esos territorios, c\u00f3mo diversificamos esa base productiva, c\u00f3mo estamos generando alternativas ante eventuales crisis mayores en el contexto estadounidense&#8221;.<\/p>\t\t\t\t\t\t\t\t<\/div>\n\t\t\t\t\t<\/div>\n\t\t\t\t<\/div>\n\t\t<div data-particle_enable=\"false\" data-particle-mobile-disabled=\"false\" class=\"elementor-element elementor-element-faad4ab e-flex e-con-boxed e-con e-parent\" data-id=\"faad4ab\" data-element_type=\"container\" data-e-type=\"container\">\n\t\t\t\t\t<div class=\"e-con-inner\">\n\t\t\t\t<div class=\"elementor-element elementor-element-6999be4 elementor-invisible elementor-widget elementor-widget-testimonial\" data-id=\"6999be4\" data-element_type=\"widget\" data-e-type=\"widget\" data-settings=\"{&quot;_animation&quot;:&quot;rotateInUpRight&quot;}\" data-widget_type=\"testimonial.default\">\n\t\t\t\t\t\t\t<div class=\"elementor-testimonial-wrapper\">\n\t\t\t\t\t\t\t<div class=\"elementor-testimonial-content\"><div style=\"text-align: start\"><span style=\"font-family: Roboto, sans-serif;font-size: 21px;font-weight: 500\">\"Por ventura de Dios y por cultura, nuestros migrantes no olvidan a sus familias y contin\u00faan enviando el dinero para ellas en una muestra de solidaridad y amor admirable... El guatemalteco sigue queriendo esta su tierra y la sigue teniendo en el coraz\u00f3n\"<\/span><span style=\"font-family: Roboto, sans-serif;font-size: 21px;font-weight: 500\"><\/span><\/div><\/div>\n\t\t\t\n\t\t\t\t\t\t<div class=\"elementor-testimonial-meta elementor-has-image elementor-testimonial-image-position-aside\">\n\t\t\t\t<div class=\"elementor-testimonial-meta-inner\">\n\t\t\t\t\t\t\t\t\t\t\t<div class=\"elementor-testimonial-image\">\n\t\t\t\t\t\t\t<img decoding=\"async\" width=\"400\" height=\"400\" src=\"https:\/\/soymigrante.com\/revista\/wp-content\/uploads\/2025\/05\/0gJGeMlp_400x400.webp\" class=\"attachment-full size-full wp-image-34320\" alt=\"Hombre con gafas sonriendo, vestido con camisa blanca, en fondo gris, ilustraci\u00f3n de confianza y profesionalismo para revista SoyMigrante.com REVISTA.\" title=\"Lizardo Sosa economista \u2013 SoyMigrante.com REVISTA\" srcset=\"https:\/\/soymigrante.com\/revista\/wp-content\/uploads\/2025\/05\/0gJGeMlp_400x400.webp 400w, https:\/\/soymigrante.com\/revista\/wp-content\/uploads\/2025\/05\/0gJGeMlp_400x400-300x300.jpg 300w, https:\/\/soymigrante.com\/revista\/wp-content\/uploads\/2025\/05\/0gJGeMlp_400x400-150x150.jpg 150w, https:\/\/soymigrante.com\/revista\/wp-content\/uploads\/2025\/05\/0gJGeMlp_400x400-75x75.webp 75w\" sizes=\"(max-width: 400px) 100vw, 400px\" \/>\t\t\t\t\t\t<\/div>\n\t\t\t\t\t\n\t\t\t\t\t\t\t\t\t\t<div class=\"elementor-testimonial-details\">\n\t\t\t\t\t\t\t\t\t\t\t\t\t\t<div class=\"elementor-testimonial-name\">Lizardo Sosa<\/div>\n\t\t\t\t\t\t\t\t\t\t\t\t\t\t\t\t\t\t\t\t\t\t<div class=\"elementor-testimonial-job\">Economista, expresidente del\nBanco de Guatemala, acerca de\nel posible impacto de un impuesto\na las remesas migrantes\nenviadas desde Estados Unidos,\ndurante el foro Centroam\u00e9rica Cuenta<\/div>\n\t\t\t\t\t\t\t\t\t\t\t\t\t<\/div>\n\t\t\t\t\t\t\t\t\t<\/div>\n\t\t\t<\/div>\n\t\t\t\t\t<\/div>\n\t\t\t\t\t\t<\/div>\n\t\t\t\t\t<\/div>\n\t\t\t\t<\/div>\n\t\t<div data-particle_enable=\"false\" data-particle-mobile-disabled=\"false\" class=\"elementor-element elementor-element-d5dc884 e-flex e-con-boxed e-con e-parent\" data-id=\"d5dc884\" data-element_type=\"container\" data-e-type=\"container\">\n\t\t\t\t\t<div class=\"e-con-inner\">\n\t\t\t\t<div class=\"elementor-element elementor-element-10e3216 elementor-widget elementor-widget-heading\" data-id=\"10e3216\" data-element_type=\"widget\" data-e-type=\"widget\" data-widget_type=\"heading.default\">\n\t\t\t\t\t<h3 class=\"elementor-heading-title elementor-size-default\">\"Los migrantes no olvidan a sus familias\" <\/h3>\t\t\t\t<\/div>\n\t\t\t\t\t<\/div>\n\t\t\t\t<\/div>\n\t\t<div data-particle_enable=\"false\" data-particle-mobile-disabled=\"false\" class=\"elementor-element elementor-element-cda26dd e-flex e-con-boxed e-con e-parent\" data-id=\"cda26dd\" data-element_type=\"container\" data-e-type=\"container\">\n\t\t\t\t\t<div class=\"e-con-inner\">\n\t\t\t\t<div class=\"elementor-element elementor-element-d96d342 elementor-widget elementor-widget-text-editor\" data-id=\"d96d342\" data-element_type=\"widget\" data-e-type=\"widget\" data-widget_type=\"text-editor.default\">\n\t\t\t\t\t\t\t\t\t<p>Lizardo Sosa: &#8220;Francamente, no veo que sea sumamente cr\u00edtico (el impuesto a las remesas), pues nuestros migrantes, por ventura de Dios y por cultura, no olvidan a sus familias y contin\u00faan enviando el dinero para ellas en una muestra de solidaridad y amor que es admirable&#8221;.<\/p><p>&#8220;Si yo tengo un ingreso de 100 y voy a pagar 5% por lo que remita a mi familia en el exterior. Vamos a suponer que voy a mandar 10, y me van a quitar 50 centavos. Ya no mando 10, mando 9, porque dejo mi consumo local en Estados Unidos al mismo nivel. Entonces en lugar de US$23 mil millones -proyectados para 2025- van a venir US$21,500 millones de remesas.&#8221;.<\/p>\t\t\t\t\t\t\t\t<\/div>\n\t\t\t\t\t<\/div>\n\t\t\t\t<\/div>\n\t\t<div data-particle_enable=\"false\" data-particle-mobile-disabled=\"false\" class=\"elementor-element elementor-element-803504a e-flex e-con-boxed e-con e-parent\" data-id=\"803504a\" data-element_type=\"container\" data-e-type=\"container\">\n\t\t\t\t\t<div class=\"e-con-inner\">\n\t\t\t\t<div class=\"elementor-element elementor-element-1509a9c elementor-widget elementor-widget-image\" data-id=\"1509a9c\" data-element_type=\"widget\" data-e-type=\"widget\" data-widget_type=\"image.default\">\n\t\t\t\t\t\t\t\t\t\t\t\t<figure class=\"wp-caption\">\n\t\t\t\t\t\t\t\t\t\t<img loading=\"lazy\" decoding=\"async\" width=\"747\" height=\"747\" src=\"https:\/\/soymigrante.com\/revista\/wp-content\/uploads\/2025\/05\/impuesto-a-las-remesas-de-3.5-1.webp\" class=\"attachment-large size-large wp-image-34328\" alt=\"Dinero en billete de un d\u00f3lar siendo cortado con tijeras, s\u00edmbolo de recortes econ\u00f3micos, an\u00e1lisis financiero, econom\u00eda, tasas, inflaci\u00f3n, finanzas globales, pobreza, desigualdad, contexto econ\u00f3mico global.\" srcset=\"https:\/\/soymigrante.com\/revista\/wp-content\/uploads\/2025\/05\/impuesto-a-las-remesas-de-3.5-1.webp 747w, https:\/\/soymigrante.com\/revista\/wp-content\/uploads\/2025\/05\/impuesto-a-las-remesas-de-3.5-1-300x300.jpg 300w, https:\/\/soymigrante.com\/revista\/wp-content\/uploads\/2025\/05\/impuesto-a-las-remesas-de-3.5-1-150x150.jpg 150w, https:\/\/soymigrante.com\/revista\/wp-content\/uploads\/2025\/05\/impuesto-a-las-remesas-de-3.5-1-75x75.webp 75w\" sizes=\"(max-width: 747px) 100vw, 747px\" title=\"Un impuesto  de 3.5% al env\u00edo de remesas desde Estados Unidos fue aprobado por el Congreso de Estados Unidos. A\u00fan est\u00e1 pendiente que sea avalado por el Senado. Imagen simb\u00f3lica. \u2013 SoyMigrante.com REVISTA\" \/>\t\t\t\t\t\t\t\t\t\t\t<figcaption class=\"widget-image-caption wp-caption-text\">Recortes financieros en billetes de d\u00f3lar, an\u00e1lisis econ\u00f3mico y financiero, impacto de tasas de inter\u00e9s, inflaci\u00f3n, desigualdad econ\u00f3mica y recesi\u00f3n en Estados Unidos y el mundo.<\/figcaption>\n\t\t\t\t\t\t\t\t\t\t<\/figure>\n\t\t\t\t\t\t\t\t\t<\/div>\n\t\t\t\t\t<\/div>\n\t\t\t\t<\/div>\n\t\t<div data-particle_enable=\"false\" data-particle-mobile-disabled=\"false\" class=\"elementor-element elementor-element-5c2b697 e-flex e-con-boxed e-con e-parent\" data-id=\"5c2b697\" data-element_type=\"container\" data-e-type=\"container\">\n\t\t\t\t\t<div class=\"e-con-inner\">\n\t\t\t\t<div class=\"elementor-element elementor-element-b2e8ada elementor-widget elementor-widget-text-editor\" data-id=\"b2e8ada\" data-element_type=\"widget\" data-e-type=\"widget\" data-widget_type=\"text-editor.default\">\n\t\t\t\t\t\t\t\t\t<p>&#8220;El guatemalteco sigue queriendo esta su tierra y lo sigue teniendo en el coraz\u00f3n y no se olvida. De manera que, esas razones, yo creo que el impacto de dicho impuesto podr\u00eda ser moderado. Por otro lado, asumo que nuestros connacionales en Estados Unidos trabajan en empresas que necesitan de su trabajo y habr\u00e1 empresarios que van a tener que aumentar, tal vez un 1% o 2%, seg\u00fan la necesidad, de manera que el costo del impuesto al final pudiera ser compartido entre el trabajador migrante y la empresa que obtiene sus servicios. Eso minimizar\u00eda el efecto de un eventual 5%&#8221;, finaliz\u00f3 el economista.<\/p><p>Al final tambi\u00e9n se habl\u00f3 de que a\u00fan no se sabe c\u00f3mo actuar\u00e1n las empresas remesadoras, so en un af\u00e1n de competencia, absorben parte del costo del nuevo impuesto.\u00a0<\/p>\t\t\t\t\t\t\t\t<\/div>\n\t\t\t\t\t<\/div>\n\t\t\t\t<\/div>\n\t\t<div data-particle_enable=\"false\" data-particle-mobile-disabled=\"false\" class=\"elementor-element elementor-element-9ce0673 e-flex e-con-boxed e-con e-parent\" data-id=\"9ce0673\" data-element_type=\"container\" data-e-type=\"container\">\n\t\t\t\t\t<div class=\"e-con-inner\">\n\t\t\t\t<div class=\"elementor-element elementor-element-93772d5 elementor-widget elementor-widget-heading\" data-id=\"93772d5\" data-element_type=\"widget\" data-e-type=\"widget\" data-widget_type=\"heading.default\">\n\t\t\t\t\t<h2 class=\"elementor-heading-title elementor-size-default\">Migrantes guatemaltecos siguen adelante<\/h2>\t\t\t\t<\/div>\n\t\t\t\t\t<\/div>\n\t\t\t\t<\/div>\n\t\t<div data-particle_enable=\"false\" data-particle-mobile-disabled=\"false\" class=\"elementor-element elementor-element-067c2c5 e-flex e-con-boxed e-con e-parent\" data-id=\"067c2c5\" data-element_type=\"container\" data-e-type=\"container\">\n\t\t\t\t\t<div class=\"e-con-inner\">\n\t\t\t\t<div class=\"elementor-element elementor-element-43c16b0 elementor-grid-eael-col-3 elementor-grid-tablet-eael-col-2 elementor-grid-mobile-eael-col-1 elementor-widget elementor-widget-eael-post-grid\" data-id=\"43c16b0\" data-element_type=\"widget\" data-e-type=\"widget\" data-settings=\"{&quot;eael_post_grid_columns&quot;:&quot;eael-col-3&quot;,&quot;eael_post_grid_columns_tablet&quot;:&quot;eael-col-2&quot;,&quot;eael_post_grid_columns_mobile&quot;:&quot;eael-col-1&quot;}\" data-widget_type=\"eael-post-grid.default\">\n\t\t\t\t\t<div id=\"eael-post-grid-43c16b0\" class=\"eael-post-grid-container\">\n            <div class=\"eael-post-grid eael-post-appender eael-post-appender-43c16b0 eael-post-grid-style-one\" data-layout-mode=\"masonry\"><article class=\"eael-grid-post  eael-post-grid-column eael-pg-post-41413 category-exitos-guatemala\" data-id=\"41413\">\n        <div class=\"eael-grid-post-holder\">\n            <div class=\"eael-grid-post-holder-inner\"><div class=\"eael-entry-media\"><div class=\"eael-entry-overlay fade-in\"><i class=\"far fa-hand-pointer\" aria-hidden=\"true\"><\/i><a href=\"https:\/\/soymigrante.com\/revista\/es-una-vocacion-ser-migrante-en-el-arte-kika-garces-artista-guatemalteca-cubana\/\"><\/a><\/div><div class=\"eael-entry-thumbnail \">\n                <img loading=\"lazy\" decoding=\"async\" width=\"421\" height=\"416\" src=\"https:\/\/soymigrante.com\/revista\/wp-content\/uploads\/2025\/08\/kka-garces-artista-guatemalteco-cubana.webp\" class=\"attachment-large size-large wp-image-41418\" alt=\"Imagen de una mujer con camisa negra sosteniendo un tubo en un entorno moderno, acompa\u00f1ada de una obra de arte de cristal en forma de bolsa de vino.\" srcset=\"https:\/\/soymigrante.com\/revista\/wp-content\/uploads\/2025\/08\/kka-garces-artista-guatemalteco-cubana.webp 421w, https:\/\/soymigrante.com\/revista\/wp-content\/uploads\/2025\/08\/kka-garces-artista-guatemalteco-cubana-300x296.png 300w, https:\/\/soymigrante.com\/revista\/wp-content\/uploads\/2025\/08\/kka-garces-artista-guatemalteco-cubana-75x75.webp 75w\" sizes=\"(max-width: 421px) 100vw, 421px\" \/>\n            <\/div>\n        <\/div><div class=\"eael-entry-wrapper\"><header class=\"eael-entry-header\"><h2 class=\"eael-entry-title\"><a class=\"eael-grid-post-link\" href=\"https:\/\/soymigrante.com\/revista\/es-una-vocacion-ser-migrante-en-el-arte-kika-garces-artista-guatemalteca-cubana\/\" title=\"&#8220;Es una vocaci\u00f3n ser migrante en el arte&#8221;: Kika Garc\u00e9s, artista guatemalteca-cubana\">&#8220;Es una vocaci\u00f3n ser migrante en el arte&#8221;: Kika Garc\u00e9s, artista guatemalteca-cubana<\/a><\/h2><\/header><div class=\"eael-entry-content\">\n                        <div class=\"eael-grid-post-excerpt\"><a href=\"https:\/\/soymigrante.com\/revista\/es-una-vocacion-ser-migrante-en-el-arte-kika-garces-artista-guatemalteca-cubana\/\" class=\"eael-post-elements-readmore-btn\">CONOCE SU HISTORIA <\/a><\/div>\n                    <\/div><\/div><\/div>\n        <\/div>\n    <\/article><article class=\"eael-grid-post  eael-post-grid-column eael-pg-post-22132 category-exitos\" data-id=\"22132\">\n        <div class=\"eael-grid-post-holder\">\n            <div class=\"eael-grid-post-holder-inner\"><div class=\"eael-entry-media\"><div class=\"eael-entry-overlay fade-in\"><i class=\"far fa-hand-pointer\" aria-hidden=\"true\"><\/i><a href=\"https:\/\/soymigrante.com\/revista\/guatemalteco-dennys-mejia-experiencia-usa-trabajo-temporal-visa\/\"><\/a><\/div><div class=\"eael-entry-thumbnail \">\n                <img loading=\"lazy\" decoding=\"async\" width=\"901\" height=\"901\" src=\"https:\/\/soymigrante.com\/revista\/wp-content\/uploads\/2025\/01\/trabajador-temoral-dennys-mejia.webp\" class=\"attachment-large size-large wp-image-22140\" alt=\"Atractivo hombre en un evento en Chicago tocando la popular escultura Cloud Gate, tambi\u00e9n conocida como &quot;The Bean&quot;, con multitudes y edificios altos en el fondo, promoviendo cultura y comunidad.\" srcset=\"https:\/\/soymigrante.com\/revista\/wp-content\/uploads\/2025\/01\/trabajador-temoral-dennys-mejia.webp 901w, https:\/\/soymigrante.com\/revista\/wp-content\/uploads\/2025\/01\/trabajador-temoral-dennys-mejia-300x300.jpg 300w, https:\/\/soymigrante.com\/revista\/wp-content\/uploads\/2025\/01\/trabajador-temoral-dennys-mejia-150x150.jpg 150w, https:\/\/soymigrante.com\/revista\/wp-content\/uploads\/2025\/01\/trabajador-temoral-dennys-mejia-768x768.jpg 768w, https:\/\/soymigrante.com\/revista\/wp-content\/uploads\/2025\/01\/trabajador-temoral-dennys-mejia-75x75.webp 75w, https:\/\/soymigrante.com\/revista\/wp-content\/uploads\/2025\/01\/trabajador-temoral-dennys-mejia-750x750.webp 750w\" sizes=\"(max-width: 901px) 100vw, 901px\" \/>\n            <\/div>\n        <\/div><div class=\"eael-entry-wrapper\"><header class=\"eael-entry-header\"><h2 class=\"eael-entry-title\"><a class=\"eael-grid-post-link\" href=\"https:\/\/soymigrante.com\/revista\/guatemalteco-dennys-mejia-experiencia-usa-trabajo-temporal-visa\/\" title=\"&#8220;Volver\u00e9 a aplicar&#8221;: Dennys Mej\u00eda comparte experiencia en USA con visa de trabajo temporal H2-B\">&#8220;Volver\u00e9 a aplicar&#8221;: Dennys Mej\u00eda comparte experiencia en USA con visa de trabajo temporal H2-B<\/a><\/h2><\/header><div class=\"eael-entry-content\">\n                        <div class=\"eael-grid-post-excerpt\"><a href=\"https:\/\/soymigrante.com\/revista\/guatemalteco-dennys-mejia-experiencia-usa-trabajo-temporal-visa\/\" class=\"eael-post-elements-readmore-btn\">CONOCE SU HISTORIA <\/a><\/div>\n                    <\/div><\/div><\/div>\n        <\/div>\n    <\/article><article class=\"eael-grid-post  eael-post-grid-column eael-pg-post-55481 category-exitos-guatemala\" data-id=\"55481\">\n        <div class=\"eael-grid-post-holder\">\n            <div class=\"eael-grid-post-holder-inner\"><div class=\"eael-entry-media\"><div class=\"eael-entry-overlay fade-in\"><i class=\"far fa-hand-pointer\" aria-hidden=\"true\"><\/i><a href=\"https:\/\/soymigrante.com\/revista\/santos-poroj-escritor-migrante-de-san-andres-xecul-publica-su-segundo-libro-en-california-y-con-dos-portadas\/\"><\/a><\/div><div class=\"eael-entry-thumbnail \">\n                <img loading=\"lazy\" decoding=\"async\" width=\"1024\" height=\"1024\" src=\"https:\/\/soymigrante.com\/revista\/wp-content\/uploads\/2026\/04\/migrante-guatemalteco-santos-poroj-en-san-rafael-california-originario-de-san-andres-xecul-1024x1024.png\" class=\"attachment-large size-large wp-image-55482\" alt=\"Young man in a black jacket holds up two illustrated brochures in front of a colorful mural background.\" srcset=\"https:\/\/soymigrante.com\/revista\/wp-content\/uploads\/2026\/04\/migrante-guatemalteco-santos-poroj-en-san-rafael-california-originario-de-san-andres-xecul-1024x1024.png 1024w, https:\/\/soymigrante.com\/revista\/wp-content\/uploads\/2026\/04\/migrante-guatemalteco-santos-poroj-en-san-rafael-california-originario-de-san-andres-xecul-300x300.png 300w, https:\/\/soymigrante.com\/revista\/wp-content\/uploads\/2026\/04\/migrante-guatemalteco-santos-poroj-en-san-rafael-california-originario-de-san-andres-xecul-150x150.png 150w, https:\/\/soymigrante.com\/revista\/wp-content\/uploads\/2026\/04\/migrante-guatemalteco-santos-poroj-en-san-rafael-california-originario-de-san-andres-xecul-768x768.png 768w, https:\/\/soymigrante.com\/revista\/wp-content\/uploads\/2026\/04\/migrante-guatemalteco-santos-poroj-en-san-rafael-california-originario-de-san-andres-xecul-75x75.png 75w, https:\/\/soymigrante.com\/revista\/wp-content\/uploads\/2026\/04\/migrante-guatemalteco-santos-poroj-en-san-rafael-california-originario-de-san-andres-xecul-750x750.png 750w, https:\/\/soymigrante.com\/revista\/wp-content\/uploads\/2026\/04\/migrante-guatemalteco-santos-poroj-en-san-rafael-california-originario-de-san-andres-xecul-1140x1140.png 1140w, https:\/\/soymigrante.com\/revista\/wp-content\/uploads\/2026\/04\/migrante-guatemalteco-santos-poroj-en-san-rafael-california-originario-de-san-andres-xecul.png 1200w\" sizes=\"(max-width: 1024px) 100vw, 1024px\" \/>\n            <\/div>\n        <\/div><div class=\"eael-entry-wrapper\"><header class=\"eael-entry-header\"><h2 class=\"eael-entry-title\"><a class=\"eael-grid-post-link\" href=\"https:\/\/soymigrante.com\/revista\/santos-poroj-escritor-migrante-de-san-andres-xecul-publica-su-segundo-libro-en-california-y-con-dos-portadas\/\" title=\"Santos Poroj, escritor migrante de San Andr\u00e9s Xecul, publica su segundo libro en California (y con dos portadas)\">Santos Poroj, escritor migrante de San Andr\u00e9s Xecul, publica su segundo libro en California (y con dos portadas)<\/a><\/h2><\/header><div class=\"eael-entry-content\">\n                        <div class=\"eael-grid-post-excerpt\"><a href=\"https:\/\/soymigrante.com\/revista\/santos-poroj-escritor-migrante-de-san-andres-xecul-publica-su-segundo-libro-en-california-y-con-dos-portadas\/\" class=\"eael-post-elements-readmore-btn\">CONOCE SU HISTORIA <\/a><\/div>\n                    <\/div><\/div><\/div>\n        <\/div>\n    <\/article><\/div>\n            <div class=\"clearfix\"><\/div>\n        <\/div>            <div class=\"eael-load-more-button-wrap eael-force-hide\">\n                <button class=\"eael-load-more-button\" id=\"eael-load-more-btn-43c16b0\" data-widget-id=\"43c16b0\" data-widget=\"43c16b0\" data-page-id=\"34256\" data-template=\"{&quot;dir&quot;:&quot;lite&quot;,&quot;file_name&quot;:&quot;one.php&quot;,&quot;name&quot;:&quot;Post-Grid&quot;}\" data-class=\"Essential_Addons_Elementor\\Elements\\Post_Grid\" data-layout=\"masonry\" data-page=\"1\" data-args=\"orderby=rand&amp;order=desc&amp;ignore_sticky_posts=1&amp;post_status=publish&amp;posts_per_page=3&amp;offset=0&amp;post_type=post&amp;tax_query%5B0%5D%5Btaxonomy%5D=category&amp;tax_query%5B0%5D%5Bfield%5D=term_id&amp;tax_query%5B0%5D%5Bterms%5D%5B0%5D=50&amp;tax_query%5Brelation%5D=AND\" data-max-page=\"105\">\n                    <span class=\"eael-btn-loader button__loader\"><\/span>\n                    <span class=\"eael_load_more_text\">Load More<\/span>\n                <\/button>\n            <\/div>\n            \t\t\t\t<\/div>\n\t\t\t\t\t<\/div>\n\t\t\t\t<\/div>\n\t\t\t\t<\/div>\n\t\t","protected":false},"excerpt":{"rendered":"<p>Congreso de Estados Unidos aprob\u00f3 un impuesto de 3.5% a remesas migrantes: sobre los efectos de esta medida se convers\u00f3 apenas un d\u00eda antes, en un foro de Centroam\u00e9rica Cuenta en ciudad de Guatemala. Es un hecho que la C\u00e1mara de Representantes del Congreso de EE. UU. aprob\u00f3 la madrugada del jueves 22 de mayo, [&hellip;]<\/p>\n","protected":false},"author":7,"featured_media":34272,"comment_status":"open","ping_status":"open","sticky":false,"template":"","format":"standard","meta":{"_acf_changed":false,"_eb_attr":"","footnotes":""},"categories":[54],"tags":[],"class_list":["post-34256","post","type-post","status-publish","format-standard","has-post-thumbnail","hentry","category-estamos-unidos"],"acf":[],"aioseo_notices":[],"aioseo_head":"\n\t\t<!-- All in One SEO Pro 4.9.6.2 - aioseo.com -->\n\t<meta name=\"description\" content=\"Joven escritor migrante Santos Poroj descubri\u00f3 su inspiraci\u00f3n al estudiar High School en San Rafael, California. Su segundo libro tiene dos portadas \u00bfPor qu\u00e9?\" \/>\n\t<meta name=\"robots\" content=\"max-snippet:-1, max-image-preview:large, max-video-preview:-1\" \/>\n\t<meta name=\"author\" content=\"Gustavo Montenegro\"\/>\n\t<link rel=\"canonical\" href=\"https:\/\/soymigrante.com\/revista\/santos-poroj-escritor-migrante-de-san-andres-xecul-publica-su-segundo-libro-en-california-y-con-dos-portadas\/\" \/>\n\t<meta name=\"generator\" content=\"All in One SEO Pro (AIOSEO) 4.9.6.2\" \/>\n\n\t\t<link rel=\"preconnect\" href=\"https:\/\/fonts.googleapis.com\" crossorigin>\n<link rel=\"preconnect\" href=\"https:\/\/fonts.gstatic.com\" crossorigin>\n\t\t<meta property=\"og:locale\" content=\"es_ES\" \/>\n\t\t<meta property=\"og:site_name\" content=\"SoyMigrante.com REVISTA \u2013 Nuestra misi\u00f3n es reconocer y dignificar al migrante.\" \/>\n\t\t<meta property=\"og:type\" content=\"article\" \/>\n\t\t<meta property=\"og:title\" content=\"Lanza libros en California Santos Poroj de San Andr\u00e9s Xecul\" \/>\n\t\t<meta property=\"og:description\" content=\"Joven escritor migrante Santos Poroj descubri\u00f3 su inspiraci\u00f3n al estudiar High School en San Rafael, California. Su segundo libro tiene dos portadas \u00bfPor qu\u00e9?\" \/>\n\t\t<meta property=\"og:url\" content=\"https:\/\/soymigrante.com\/revista\/santos-poroj-escritor-migrante-de-san-andres-xecul-publica-su-segundo-libro-en-california-y-con-dos-portadas\/\" \/>\n\t\t<meta property=\"og:image\" content=\"https:\/\/soymigrante.com\/revista\/wp-content\/uploads\/2026\/04\/migrante-guatemalteco-santos-poroj-en-san-rafael-california-originario-de-san-andres-xecul.png\" \/>\n\t\t<meta property=\"og:image:secure_url\" content=\"https:\/\/soymigrante.com\/revista\/wp-content\/uploads\/2026\/04\/migrante-guatemalteco-santos-poroj-en-san-rafael-california-originario-de-san-andres-xecul.png\" \/>\n\t\t<meta property=\"og:image:width\" content=\"1200\" \/>\n\t\t<meta property=\"og:image:height\" content=\"1200\" \/>\n\t\t<meta property=\"article:published_time\" content=\"2026-04-27T14:40:10+00:00\" \/>\n\t\t<meta property=\"article:modified_time\" content=\"2026-04-27T19:50:06+00:00\" \/>\n\t\t<meta property=\"article:publisher\" content=\"https:\/\/www.facebook.com\/soymigrantecom\" \/>\n\t\t<meta name=\"twitter:card\" content=\"summary_large_image\" \/>\n\t\t<meta name=\"twitter:site\" content=\"@SoyMigrante_com\" \/>\n\t\t<meta name=\"twitter:title\" content=\"Lanza libros en California Santos Poroj de San Andr\u00e9s Xecul\" \/>\n\t\t<meta name=\"twitter:description\" content=\"Joven escritor migrante Santos Poroj descubri\u00f3 su inspiraci\u00f3n al estudiar High School en San Rafael, California. Su segundo libro tiene dos portadas \u00bfPor qu\u00e9?\" \/>\n\t\t<meta name=\"twitter:creator\" content=\"@SoyMigrante_com\" \/>\n\t\t<meta name=\"twitter:image\" content=\"https:\/\/soymigrante.com\/revista\/wp-content\/uploads\/2026\/04\/migrante-guatemalteco-santos-poroj-en-san-rafael-california-originario-de-san-andres-xecul.png\" \/>\n\t\t<!-- All in One SEO Pro -->\r\n\t\t<title>Lanza libros en California Santos Poroj de San Andr\u00e9s Xecul<\/title>\n\n","aioseo_head_json":{"title":"Lanza libros en California Santos Poroj de San Andr\u00e9s Xecul","description":"Joven escritor migrante Santos Poroj descubri\u00f3 su inspiraci\u00f3n al estudiar High School en San Rafael, California. Su segundo libro tiene dos portadas \u00bfPor qu\u00e9?","canonical_url":"https:\/\/soymigrante.com\/revista\/santos-poroj-escritor-migrante-de-san-andres-xecul-publica-su-segundo-libro-en-california-y-con-dos-portadas\/","robots":"max-snippet:-1, max-image-preview:large, max-video-preview:-1","keywords":"","webmasterTools":{"miscellaneous":"&lt;link rel=\"preconnect\" href=\"https:\/\/fonts.googleapis.com\" crossorigin&gt;\n&lt;link rel=\"preconnect\" href=\"https:\/\/fonts.gstatic.com\" crossorigin&gt;"},"schema":null,"og:locale":"es_ES","og:site_name":"SoyMigrante.com REVISTA \u2013 Nuestra misi\u00f3n es reconocer y dignificar al migrante.","og:type":"article","og:title":"Lanza libros en California Santos Poroj de San Andr\u00e9s Xecul","og:description":"Joven escritor migrante Santos Poroj descubri\u00f3 su inspiraci\u00f3n al estudiar High School en San Rafael, California. Su segundo libro tiene dos portadas \u00bfPor qu\u00e9?","og:url":"https:\/\/soymigrante.com\/revista\/santos-poroj-escritor-migrante-de-san-andres-xecul-publica-su-segundo-libro-en-california-y-con-dos-portadas\/","og:image":"https:\/\/soymigrante.com\/revista\/wp-content\/uploads\/2026\/04\/migrante-guatemalteco-santos-poroj-en-san-rafael-california-originario-de-san-andres-xecul.png","og:image:secure_url":"https:\/\/soymigrante.com\/revista\/wp-content\/uploads\/2026\/04\/migrante-guatemalteco-santos-poroj-en-san-rafael-california-originario-de-san-andres-xecul.png","og:image:width":1200,"og:image:height":1200,"article:published_time":"2026-04-27T14:40:10+00:00","article:modified_time":"2026-04-27T19:50:06+00:00","article:publisher":"https:\/\/www.facebook.com\/soymigrantecom","twitter:card":"summary_large_image","twitter:site":"@SoyMigrante_com","twitter:title":"Lanza libros en California Santos Poroj de San Andr\u00e9s Xecul","twitter:description":"Joven escritor migrante Santos Poroj descubri\u00f3 su inspiraci\u00f3n al estudiar High School en San Rafael, California. Su segundo libro tiene dos portadas \u00bfPor qu\u00e9?","twitter:creator":"@SoyMigrante_com","twitter:image":"https:\/\/soymigrante.com\/revista\/wp-content\/uploads\/2026\/04\/migrante-guatemalteco-santos-poroj-en-san-rafael-california-originario-de-san-andres-xecul.png"},"aioseo_meta_data":{"post_id":"34256","title":"Impuesto a remesas se aprob\u00f3 en USA: foro abord\u00f3 sus efectos","description":"El Congreso de EE.UU. aprob\u00f3 impuesto de 3.5% a remesas migrantes. Un d\u00eda antes, el tema se discuti\u00f3 en un foro de Centroam\u00e9rica Cuenta, en Guatemla. Esto s dijo.","keywords":null,"keyphrases":{"focus":{"keyphrase":"Remesas","score":100,"analysis":{"keyphraseInTitle":{"score":9,"maxScore":9,"error":0},"keyphraseInDescription":{"score":9,"maxScore":9,"error":0},"keyphraseLength":{"score":9,"maxScore":9,"error":0,"length":1},"keyphraseInURL":{"score":5,"maxScore":5,"error":0},"keyphraseInIntroduction":{"score":9,"maxScore":9,"error":0},"keyphraseInSubHeadings":{"score":9,"maxScore":9,"error":0},"keyphraseInImageAlt":{"score":9,"maxScore":9,"error":0},"keywordDensity":{"type":"best","score":9,"maxScore":9,"error":0}}},"additional":[]},"primary_term":null,"canonical_url":null,"og_title":null,"og_description":null,"og_object_type":"default","og_image_type":"default","og_image_url":null,"og_image_width":null,"og_image_height":null,"og_image_custom_url":null,"og_image_custom_fields":null,"og_video":"","og_custom_url":null,"og_article_section":null,"og_article_tags":null,"twitter_use_og":false,"twitter_card":"default","twitter_image_type":"default","twitter_image_url":null,"twitter_image_custom_url":null,"twitter_image_custom_fields":null,"twitter_title":null,"twitter_description":null,"schema":{"blockGraphs":[],"customGraphs":[],"default":{"data":{"Article":[],"Course":[],"Dataset":[],"FAQPage":[],"Movie":[],"Person":[],"Product":[],"ProductReview":[],"Car":[],"Recipe":[],"Service":[],"SoftwareApplication":[],"WebPage":[]},"graphName":"none","isEnabled":true},"graphs":[]},"schema_type":"default","schema_type_options":null,"pillar_content":false,"robots_default":true,"robots_noindex":false,"robots_noarchive":false,"robots_nosnippet":false,"robots_nofollow":false,"robots_noimageindex":false,"robots_noodp":false,"robots_notranslate":false,"robots_max_snippet":"-1","robots_max_videopreview":"-1","robots_max_imagepreview":"large","priority":null,"frequency":"default","local_seo":null,"seo_analyzer_scan_date":"2025-10-09 05:22:13","breadcrumb_settings":null,"limit_modified_date":false,"reviewed_by":null,"open_ai":"{\"title\":{\"suggestions\":[],\"usage\":0},\"description\":{\"suggestions\":[],\"usage\":0}}","ai":null,"created":"2025-05-22 18:30:59","updated":"2026-02-04 23:46:14"},"aioseo_breadcrumb":"<div class=\"aioseo-breadcrumbs\"><span class=\"aioseo-breadcrumb\">\n\t<a href=\"https:\/\/soymigrante.com\/revista\" title=\"Home\">Home<\/a>\n<\/span><span class=\"aioseo-breadcrumb-separator\">\u00bb<\/span><span class=\"aioseo-breadcrumb\">\n\t<a href=\"https:\/\/soymigrante.com\/revista\/category\/estamos-unidos\/\" title=\"Estamos Unidos\">Estamos Unidos<\/a>\n<\/span><span class=\"aioseo-breadcrumb-separator\">\u00bb<\/span><span class=\"aioseo-breadcrumb\">\n\tImpuesto a remesas aprobado por el Congreso de EE.UU. se analiz\u00f3 en foro Centroam\u00e9rica Cuenta\n<\/span><\/div>","aioseo_breadcrumb_json":[{"label":"Home","link":"https:\/\/soymigrante.com\/revista"},{"label":"Estamos Unidos","link":"https:\/\/soymigrante.com\/revista\/category\/estamos-unidos\/"},{"label":"Impuesto a remesas aprobado por el Congreso de EE.UU. se analiz\u00f3 en foro Centroam\u00e9rica Cuenta","link":"https:\/\/soymigrante.com\/revista\/efecto-de-impuesto-a-remesas-migrantes-aprobado-por-el-congreso-de-ee-uu-se-converso-en-foro-centroamerica-cuenta\/"}],"_links":{"self":[{"href":"https:\/\/soymigrante.com\/revista\/wp-json\/wp\/v2\/posts\/34256","targetHints":{"allow":["GET"]}}],"collection":[{"href":"https:\/\/soymigrante.com\/revista\/wp-json\/wp\/v2\/posts"}],"about":[{"href":"https:\/\/soymigrante.com\/revista\/wp-json\/wp\/v2\/types\/post"}],"author":[{"embeddable":true,"href":"https:\/\/soymigrante.com\/revista\/wp-json\/wp\/v2\/users\/7"}],"replies":[{"embeddable":true,"href":"https:\/\/soymigrante.com\/revista\/wp-json\/wp\/v2\/comments?post=34256"}],"version-history":[{"count":14,"href":"https:\/\/soymigrante.com\/revista\/wp-json\/wp\/v2\/posts\/34256\/revisions"}],"predecessor-version":[{"id":34333,"href":"https:\/\/soymigrante.com\/revista\/wp-json\/wp\/v2\/posts\/34256\/revisions\/34333"}],"wp:featuredmedia":[{"embeddable":true,"href":"https:\/\/soymigrante.com\/revista\/wp-json\/wp\/v2\/media\/34272"}],"wp:attachment":[{"href":"https:\/\/soymigrante.com\/revista\/wp-json\/wp\/v2\/media?parent=34256"}],"wp:term":[{"taxonomy":"category","embeddable":true,"href":"https:\/\/soymigrante.com\/revista\/wp-json\/wp\/v2\/categories?post=34256"},{"taxonomy":"post_tag","embeddable":true,"href":"https:\/\/soymigrante.com\/revista\/wp-json\/wp\/v2\/tags?post=34256"}],"curies":[{"name":"wp","href":"https:\/\/api.w.org\/{rel}","templated":true}]}}