{"id":34227,"date":"2025-05-23T06:00:00","date_gmt":"2025-05-23T12:00:00","guid":{"rendered":"https:\/\/soymigrante.com\/revista\/?p=34227"},"modified":"2025-08-27T11:17:50","modified_gmt":"2025-08-27T17:17:50","slug":"como-orientar-a-las-hijas-sobre-la-adolescencia-claves-para-guiarlas","status":"publish","type":"post","link":"https:\/\/soymigrante.com\/revista\/como-orientar-a-las-hijas-sobre-la-adolescencia-claves-para-guiarlas\/","title":{"rendered":"C\u00f3mo orientar a las hijas sobre la adolescencia: claves para guiarlas"},"content":{"rendered":"\t\t<div data-elementor-type=\"wp-post\" data-elementor-id=\"34227\" class=\"elementor elementor-34227\" data-elementor-post-type=\"post\">\n\t\t\t\t<div data-particle_enable=\"false\" data-particle-mobile-disabled=\"false\" class=\"elementor-element elementor-element-4631429 e-flex e-con-boxed e-con e-parent\" data-id=\"4631429\" data-element_type=\"container\" data-e-type=\"container\">\n\t\t\t\t\t<div class=\"e-con-inner\">\n\t\t\t\t<div class=\"elementor-element elementor-element-e55f894 elementor-widget elementor-widget-heading\" data-id=\"e55f894\" data-element_type=\"widget\" data-e-type=\"widget\" data-widget_type=\"heading.default\">\n\t\t\t\t\t<h2 class=\"elementor-heading-title elementor-size-default\">Orientar a las hijas sobre la adolescencia es clave para que se sienta segura con ella misma. <\/h2>\t\t\t\t<\/div>\n\t\t\t\t\t<\/div>\n\t\t\t\t<\/div>\n\t\t<div data-particle_enable=\"false\" data-particle-mobile-disabled=\"false\" class=\"elementor-element elementor-element-0bcfdb0 e-flex e-con-boxed e-con e-parent\" data-id=\"0bcfdb0\" data-element_type=\"container\" data-e-type=\"container\">\n\t\t\t\t\t<div class=\"e-con-inner\">\n\t\t\t\t<div class=\"elementor-element elementor-element-dc80b70 elementor-drop-cap-yes elementor-drop-cap-view-default elementor-widget elementor-widget-text-editor\" data-id=\"dc80b70\" data-element_type=\"widget\" data-e-type=\"widget\" data-settings=\"{&quot;drop_cap&quot;:&quot;yes&quot;}\" data-widget_type=\"text-editor.default\">\n\t\t\t\t\t\t\t\t\t<p><a href=\"https:\/\/soymigrante.com\/revista\/como-brindar-seguridad-a-nuestros-hijos-claves-desde-la-psicologia\/\" target=\"_blank\" rel=\"noopener\">La adolescencia es un per\u00edodo de grandes transformaciones f\u00edsicas, emocionales y sociales.<\/a> Para muchas ni\u00f1as, representa un momento de dudas, inseguridades y b\u00fasqueda de identidad.<\/p><p>Por ello, el rol de madres, padres o tutores es clave. Saber qu\u00e9 decir, c\u00f3mo actuar y, sobre todo, c\u00f3mo acompa\u00f1arlas sin juzgar, puede marcar la diferencia entre una transici\u00f3n dolorosa o una experiencia fortalecedora.<\/p><p>\u201c<em>Cuando una ni\u00f1a se siente acompa\u00f1ada, escuchada y valorada, desarrolla herramientas internas que la protegen frente a los riesgos emocionales o sociales propios de esta etapa<\/em>\u201d, explica la psic\u00f3loga cl\u00ednica Dra. Mariana Soto, experta en desarrollo emocional infantil y juvenil.<\/p>\t\t\t\t\t\t\t\t<\/div>\n\t\t\t\t\t<\/div>\n\t\t\t\t<\/div>\n\t\t<div data-particle_enable=\"false\" data-particle-mobile-disabled=\"false\" class=\"elementor-element elementor-element-417b3b0 e-flex e-con-boxed e-con e-parent\" data-id=\"417b3b0\" data-element_type=\"container\" data-e-type=\"container\">\n\t\t\t\t\t<div class=\"e-con-inner\">\n\t\t\t\t<div class=\"elementor-element elementor-element-6d48559 elementor-widget elementor-widget-image\" data-id=\"6d48559\" data-element_type=\"widget\" data-e-type=\"widget\" data-widget_type=\"image.default\">\n\t\t\t\t\t\t\t\t\t\t\t\t<figure class=\"wp-caption\">\n\t\t\t\t\t\t\t\t\t\t<img fetchpriority=\"high\" decoding=\"async\" width=\"1024\" height=\"682\" src=\"https:\/\/soymigrante.com\/revista\/wp-content\/uploads\/2025\/05\/Como-orientar-a-las-hijas-sobre-la-adolescencia-claves-para-guiarla2-1024x682.jpeg\" class=\"attachment-large size-large wp-image-34239\" alt=\"Las hijas tiene que sentirse escuchadas en esa etapa. (Foto: ENVATO)\" srcset=\"https:\/\/soymigrante.com\/revista\/wp-content\/uploads\/2025\/05\/Como-orientar-a-las-hijas-sobre-la-adolescencia-claves-para-guiarla2-1024x682.jpeg 1024w, https:\/\/soymigrante.com\/revista\/wp-content\/uploads\/2025\/05\/Como-orientar-a-las-hijas-sobre-la-adolescencia-claves-para-guiarla2-300x200.jpeg 300w, https:\/\/soymigrante.com\/revista\/wp-content\/uploads\/2025\/05\/Como-orientar-a-las-hijas-sobre-la-adolescencia-claves-para-guiarla2-768x512.jpeg 768w, https:\/\/soymigrante.com\/revista\/wp-content\/uploads\/2025\/05\/Como-orientar-a-las-hijas-sobre-la-adolescencia-claves-para-guiarla2-1536x1023.jpeg 1536w, https:\/\/soymigrante.com\/revista\/wp-content\/uploads\/2025\/05\/Como-orientar-a-las-hijas-sobre-la-adolescencia-claves-para-guiarla2-750x500.webp 750w, https:\/\/soymigrante.com\/revista\/wp-content\/uploads\/2025\/05\/Como-orientar-a-las-hijas-sobre-la-adolescencia-claves-para-guiarla2-1140x760.webp 1140w, https:\/\/soymigrante.com\/revista\/wp-content\/uploads\/2025\/05\/Como-orientar-a-las-hijas-sobre-la-adolescencia-claves-para-guiarla2.webp 1600w\" sizes=\"(max-width: 1024px) 100vw, 1024px\" \/>\t\t\t\t\t\t\t\t\t\t\t<figcaption class=\"widget-image-caption wp-caption-text\">Las hijas tiene que sentirse escuchadas en esa etapa. (Foto: ENVATO)<\/figcaption>\n\t\t\t\t\t\t\t\t\t\t<\/figure>\n\t\t\t\t\t\t\t\t\t<\/div>\n\t\t\t\t\t<\/div>\n\t\t\t\t<\/div>\n\t\t<div data-particle_enable=\"false\" data-particle-mobile-disabled=\"false\" class=\"elementor-element elementor-element-b9f8932 e-flex e-con-boxed e-con e-parent\" data-id=\"b9f8932\" data-element_type=\"container\" data-e-type=\"container\">\n\t\t\t\t\t<div class=\"e-con-inner\">\n\t\t\t\t<div class=\"elementor-element elementor-element-54ec65e elementor-widget elementor-widget-heading\" data-id=\"54ec65e\" data-element_type=\"widget\" data-e-type=\"widget\" data-widget_type=\"heading.default\">\n\t\t\t\t\t<h3 class=\"elementor-heading-title elementor-size-default\">\u00bfQu\u00e9 decirles a las hijas al iniciar la adolescencia?<\/h3>\t\t\t\t<\/div>\n\t\t\t\t\t<\/div>\n\t\t\t\t<\/div>\n\t\t<div data-particle_enable=\"false\" data-particle-mobile-disabled=\"false\" class=\"elementor-element elementor-element-bafd3b1 e-flex e-con-boxed e-con e-parent\" data-id=\"bafd3b1\" data-element_type=\"container\" data-e-type=\"container\">\n\t\t\t\t\t<div class=\"e-con-inner\">\n\t\t\t\t<div class=\"elementor-element elementor-element-7c421c1 elementor-widget elementor-widget-text-editor\" data-id=\"7c421c1\" data-element_type=\"widget\" data-e-type=\"widget\" data-widget_type=\"text-editor.default\">\n\t\t\t\t\t\t\t\t\t<p>Una conversaci\u00f3n abierta sobre los cambios que est\u00e1n por venir \u2014como la menstruaci\u00f3n, el desarrollo corporal, los cambios de humor y las emociones nuevas\u2014 es fundamental. Pero no basta con hablar una sola vez. Se trata de construir un canal de comunicaci\u00f3n permanente.<\/p><p>\u201c<em>Lo mejor que podemos decirles es: \u2018Estoy aqu\u00ed para ti. Todo lo que est\u00e1s sintiendo es normal y tienes derecho a sentirlo\u2019. Validar sus emociones es el primer paso para que conf\u00eden en nosotros<\/em>\u201d, se\u00f1ala, Ana Luc\u00eda P\u00e9rez, psicopedagoga guatemalteca con experiencia en orientaci\u00f3n a familias.<\/p><p>Adem\u00e1s, <a href=\"https:\/\/soymigrante.com\/revista\/como-brindar-seguridad-a-nuestros-hijos-claves-desde-la-psicologia\/\" target=\"_blank\" rel=\"noopener\">es importante hablarles de los l\u00edmites personales, del respeto por su cuerpo, del consentimiento y de la autoestima.<\/a> Reforzar que su valor no depende de su apariencia o de la aceptaci\u00f3n de los dem\u00e1s, sino de qui\u00e9nes son y c\u00f3mo se tratan a s\u00ed mismas.<\/p>\t\t\t\t\t\t\t\t<\/div>\n\t\t\t\t\t<\/div>\n\t\t\t\t<\/div>\n\t\t<div data-particle_enable=\"false\" data-particle-mobile-disabled=\"false\" class=\"elementor-element elementor-element-4bd90cc e-flex e-con-boxed e-con e-parent\" data-id=\"4bd90cc\" data-element_type=\"container\" data-e-type=\"container\">\n\t\t\t\t\t<div class=\"e-con-inner\">\n\t\t\t\t\t\t\t<div data-eael_duration=\"{&quot;transitionDuration&quot;:1000}\" data-eael_easing=\"{&quot;transitionEasing&quot;:&quot;ease&quot;}\" data-eael_hover_duration=\"{&quot;transitionDuration&quot;:1000}\" data-eael_hover_easing=\"{&quot;transitionEasing&quot;:&quot;ease&quot;}\" class=\"eael_hover_effect elementor-element elementor-element-21f9537 elementor-grid-eael-col-1 elementor-grid-tablet-eael-col-2 elementor-grid-mobile-eael-col-1 elementor-widget elementor-widget-eael-post-grid\" data-id=\"21f9537\" data-element_type=\"widget\" data-e-type=\"widget\" data-settings=\"{&quot;eael_post_grid_columns&quot;:&quot;eael-col-1&quot;,&quot;motion_fx_motion_fx_mouse&quot;:&quot;yes&quot;,&quot;eael_post_grid_columns_tablet&quot;:&quot;eael-col-2&quot;,&quot;eael_post_grid_columns_mobile&quot;:&quot;eael-col-1&quot;,&quot;eael_hover_effect_general_settings_easing&quot;:&quot;ease&quot;,&quot;eael_hover_effect_general_settings_hover_easing&quot;:&quot;ease&quot;}\" data-widget_type=\"eael-post-grid.default\">\n\t\t\t\t\t<div id=\"eael-post-grid-21f9537\" class=\"eael-post-grid-container\">\n            <div class=\"eael-post-grid eael-post-appender eael-post-appender-21f9537 eael-post-grid-style-one\" data-layout-mode=\"masonry\"><article class=\"eael-grid-post  eael-post-grid-column eael-pg-post-8254 category-bienestar\" data-id=\"8254\">\n        <div class=\"eael-grid-post-holder\">\n            <div class=\"eael-grid-post-holder-inner\"><div class=\"eael-entry-media\"><div class=\"eael-entry-overlay fade-in\"><i class=\"far fa-hand-pointer\" aria-hidden=\"true\"><\/i><a href=\"https:\/\/soymigrante.com\/revista\/hablarles-a-los-hijos-con-la-verdad-siempre-sera-el-camino\/\"><\/a><\/div><div class=\"eael-entry-thumbnail \">\n                <img decoding=\"async\" width=\"771\" height=\"771\" src=\"https:\/\/soymigrante.com\/revista\/wp-content\/uploads\/2024\/08\/familia-hablarle-hijos.webp\" class=\"attachment-large size-large wp-image-8286\" alt=\"Familia en silhouette disfrutando del atardecer, simbolizando uni\u00f3n y esperanza, en una imagen inspiradora sobre migraci\u00f3n y comunidad en SoyMigrante.com REVISTA.\" srcset=\"https:\/\/soymigrante.com\/revista\/wp-content\/uploads\/2024\/08\/familia-hablarle-hijos.webp 771w, https:\/\/soymigrante.com\/revista\/wp-content\/uploads\/2024\/08\/familia-hablarle-hijos-300x300.webp 300w, https:\/\/soymigrante.com\/revista\/wp-content\/uploads\/2024\/08\/familia-hablarle-hijos-150x150.webp 150w, https:\/\/soymigrante.com\/revista\/wp-content\/uploads\/2024\/08\/familia-hablarle-hijos-768x768.webp 768w, https:\/\/soymigrante.com\/revista\/wp-content\/uploads\/2024\/08\/familia-hablarle-hijos-75x75.webp 75w, https:\/\/soymigrante.com\/revista\/wp-content\/uploads\/2024\/08\/familia-hablarle-hijos-750x750.webp 750w\" sizes=\"(max-width: 771px) 100vw, 771px\" \/>\n            <\/div>\n        <\/div><div class=\"eael-entry-wrapper\"><header class=\"eael-entry-header\"><h2 class=\"eael-entry-title\"><a class=\"eael-grid-post-link\" href=\"https:\/\/soymigrante.com\/revista\/hablarles-a-los-hijos-con-la-verdad-siempre-sera-el-camino\/\" title=\"Hablarles a los hijos con la verdad, siempre ser\u00e1 el camino\">Hablarles a los hijos con la verdad, siempre ser\u00e1 el camino<\/a><\/h2><\/header><div class=\"eael-entry-content\">\n                        <div class=\"eael-grid-post-excerpt\"><a href=\"https:\/\/soymigrante.com\/revista\/hablarles-a-los-hijos-con-la-verdad-siempre-sera-el-camino\/\" class=\"eael-post-elements-readmore-btn\">CONOCE SU HISTORIA <\/a><\/div>\n                    <\/div><\/div><\/div>\n        <\/div>\n    <\/article><\/div>\n            <div class=\"clearfix\"><\/div>\n        <\/div>\t\t\t\t<\/div>\n\t\t\t\t\t<\/div>\n\t\t\t\t<\/div>\n\t\t<div data-particle_enable=\"false\" data-particle-mobile-disabled=\"false\" class=\"elementor-element elementor-element-91daf44 e-flex e-con-boxed e-con e-parent\" data-id=\"91daf44\" data-element_type=\"container\" data-e-type=\"container\">\n\t\t\t\t\t<div class=\"e-con-inner\">\n\t\t\t\t<div class=\"elementor-element elementor-element-3c25d4e elementor-widget elementor-widget-heading\" data-id=\"3c25d4e\" data-element_type=\"widget\" data-e-type=\"widget\" data-widget_type=\"heading.default\">\n\t\t\t\t\t<h3 class=\"elementor-heading-title elementor-size-default\">Qu\u00e9 evitar: frases y actitudes que pueden da\u00f1ar<\/h3>\t\t\t\t<\/div>\n\t\t\t\t\t<\/div>\n\t\t\t\t<\/div>\n\t\t<div data-particle_enable=\"false\" data-particle-mobile-disabled=\"false\" class=\"elementor-element elementor-element-449d980 e-flex e-con-boxed e-con e-parent\" data-id=\"449d980\" data-element_type=\"container\" data-e-type=\"container\">\n\t\t\t\t\t<div class=\"e-con-inner\">\n\t\t\t\t<div class=\"elementor-element elementor-element-4e471b6 elementor-widget elementor-widget-text-editor\" data-id=\"4e471b6\" data-element_type=\"widget\" data-e-type=\"widget\" data-widget_type=\"text-editor.default\">\n\t\t\t\t\t\t\t\t\t<p><a href=\"https:\/\/soymigrante.com\/revista\/como-brindar-seguridad-a-nuestros-hijos-claves-desde-la-psicologia\/\" target=\"_blank\" rel=\"noopener\">En momentos de confusi\u00f3n, muchas ni\u00f1as necesitan apoyo, no cr\u00edticas<\/a>. Frases como \u201cest\u00e1s exagerando\u201d, \u201ceso no es nada\u201d o \u201ccuando yo ten\u00eda tu edad\u2026\u201d suelen invalidar sus emociones. Tambi\u00e9n hay que evitar el silencio. No hablar de temas como la sexualidad, el acoso o el uso de redes sociales deja espacio para que reciban informaci\u00f3n err\u00f3nea por otras v\u00edas.<\/p><p>\u201c<em>Callar temas por incomodidad o verg\u00fcenza es peligroso. Lo que no se habla en casa se aprende en la calle, y muchas veces, mal<\/em>\u201d, advierte la Dra. Soto.<\/p><p>Asimismo, es vital evitar comparaciones con otras ni\u00f1as o con sus propias madres a esa edad, porque puede generar ansiedad o una sensaci\u00f3n de insuficiencia.<\/p>\t\t\t\t\t\t\t\t<\/div>\n\t\t\t\t\t<\/div>\n\t\t\t\t<\/div>\n\t\t<div data-particle_enable=\"false\" data-particle-mobile-disabled=\"false\" class=\"elementor-element elementor-element-57124ee e-flex e-con-boxed e-con e-parent\" data-id=\"57124ee\" data-element_type=\"container\" data-e-type=\"container\">\n\t\t\t\t\t<div class=\"e-con-inner\">\n\t\t\t\t<div class=\"elementor-element elementor-element-9d59f13 elementor-widget elementor-widget-image\" data-id=\"9d59f13\" data-element_type=\"widget\" data-e-type=\"widget\" data-widget_type=\"image.default\">\n\t\t\t\t\t\t\t\t\t\t\t\t<figure class=\"wp-caption\">\n\t\t\t\t\t\t\t\t\t\t<img decoding=\"async\" width=\"682\" height=\"1024\" src=\"https:\/\/soymigrante.com\/revista\/wp-content\/uploads\/2025\/05\/Como-orientar-a-las-hijas-sobre-la-adolescencia-claves-para-guiarla3-682x1024.jpeg\" class=\"attachment-large size-large wp-image-34240\" alt=\"Joven mujer migrante sonriendo junto a un r\u00edo, representando la comunidad migrante y sus experiencias, en la revista SoyMigrante.com con enfoque en derechos, historias y apoyo a migrantes.\" srcset=\"https:\/\/soymigrante.com\/revista\/wp-content\/uploads\/2025\/05\/Como-orientar-a-las-hijas-sobre-la-adolescencia-claves-para-guiarla3-682x1024.jpeg 682w, https:\/\/soymigrante.com\/revista\/wp-content\/uploads\/2025\/05\/Como-orientar-a-las-hijas-sobre-la-adolescencia-claves-para-guiarla3-200x300.jpeg 200w, https:\/\/soymigrante.com\/revista\/wp-content\/uploads\/2025\/05\/Como-orientar-a-las-hijas-sobre-la-adolescencia-claves-para-guiarla3-768x1153.jpeg 768w, https:\/\/soymigrante.com\/revista\/wp-content\/uploads\/2025\/05\/Como-orientar-a-las-hijas-sobre-la-adolescencia-claves-para-guiarla3-1023x1536.jpeg 1023w, https:\/\/soymigrante.com\/revista\/wp-content\/uploads\/2025\/05\/Como-orientar-a-las-hijas-sobre-la-adolescencia-claves-para-guiarla3-750x1126.webp 750w, https:\/\/soymigrante.com\/revista\/wp-content\/uploads\/2025\/05\/Como-orientar-a-las-hijas-sobre-la-adolescencia-claves-para-guiarla3.webp 1066w\" sizes=\"(max-width: 682px) 100vw, 682px\" \/>\t\t\t\t\t\t\t\t\t\t\t<figcaption class=\"widget-image-caption wp-caption-text\">Mujer migrante sonriendo al aire libre, en un entorno natural, destacando su fortaleza y resiliencia, en la revista SoyMigrante.com con contenido sobre migraci\u00f3n, derechos y comunidad migrante.<\/figcaption>\n\t\t\t\t\t\t\t\t\t\t<\/figure>\n\t\t\t\t\t\t\t\t\t<\/div>\n\t\t\t\t\t<\/div>\n\t\t\t\t<\/div>\n\t\t<div data-particle_enable=\"false\" data-particle-mobile-disabled=\"false\" class=\"elementor-element elementor-element-3802aa6 e-flex e-con-boxed e-con e-parent\" data-id=\"3802aa6\" data-element_type=\"container\" data-e-type=\"container\">\n\t\t\t\t\t<div class=\"e-con-inner\">\n\t\t\t\t<div class=\"elementor-element elementor-element-103c8e0 elementor-widget elementor-widget-heading\" data-id=\"103c8e0\" data-element_type=\"widget\" data-e-type=\"widget\" data-widget_type=\"heading.default\">\n\t\t\t\t\t<h3 class=\"elementor-heading-title elementor-size-default\">Claves para una adolescencia con seguridad personal<\/h3>\t\t\t\t<\/div>\n\t\t\t\t\t<\/div>\n\t\t\t\t<\/div>\n\t\t<div data-particle_enable=\"false\" data-particle-mobile-disabled=\"false\" class=\"elementor-element elementor-element-73d21e6 e-flex e-con-boxed e-con e-parent\" data-id=\"73d21e6\" data-element_type=\"container\" data-e-type=\"container\">\n\t\t\t\t\t<div class=\"e-con-inner\">\n\t\t\t\t<div class=\"elementor-element elementor-element-57dbbd0 elementor-widget elementor-widget-text-editor\" data-id=\"57dbbd0\" data-element_type=\"widget\" data-e-type=\"widget\" data-widget_type=\"text-editor.default\">\n\t\t\t\t\t\t\t\t\t<div><strong>1.Habla con honestidad y a su nivel.<\/strong> No uses t\u00e9rminos t\u00e9cnicos ni minimices sus dudas. Usa palabras sencillas, con cari\u00f1o y claridad.<\/div><div><strong>2.Establece l\u00edmites claros y coherentes<\/strong>. La libertad debe ir acompa\u00f1ada de responsabilidad.<\/div><div><strong>3.Ay\u00fadale a desarrollar autoestima<\/strong>. Felicita sus logros, reconoce sus esfuerzos y ay\u00fadala a aceptar sus errores.<\/div><div><strong>4.Supervisa sin invadir.<\/strong> Acompa\u00f1ar no significa controlar; se trata de estar presentes sin ahogar su independencia.<\/div><div><strong>5.Escucha m\u00e1s de lo que hablas<\/strong>. Muchas veces, solo necesitan ser escuchadas sin que les den una soluci\u00f3n inmediata.<\/div><div><strong>6.Fomenta h\u00e1bitos saludables.<\/strong> Una buena alimentaci\u00f3n, descanso adecuado y ejercicio f\u00edsico ayudan a su bienestar emocional.<\/div><div><strong>7.Habla de redes sociales.<\/strong> Ens\u00e9\u00f1ale a identificar situaciones de riesgo y a cuidar su privacidad.<\/div>\t\t\t\t\t\t\t\t<\/div>\n\t\t\t\t\t<\/div>\n\t\t\t\t<\/div>\n\t\t<div data-particle_enable=\"false\" data-particle-mobile-disabled=\"false\" class=\"elementor-element elementor-element-5339520 e-flex e-con-boxed e-con e-parent\" data-id=\"5339520\" data-element_type=\"container\" data-e-type=\"container\">\n\t\t\t\t\t<div class=\"e-con-inner\">\n\t\t\t\t<div class=\"elementor-element elementor-element-596b93d elementor-widget elementor-widget-image\" data-id=\"596b93d\" data-element_type=\"widget\" data-e-type=\"widget\" data-widget_type=\"image.default\">\n\t\t\t\t\t\t\t\t\t\t\t\t<figure class=\"wp-caption\">\n\t\t\t\t\t\t\t\t\t\t<img loading=\"lazy\" decoding=\"async\" width=\"1024\" height=\"806\" src=\"https:\/\/soymigrante.com\/revista\/wp-content\/uploads\/2025\/05\/Como-orientar-a-las-hijas-sobre-la-adolescencia-claves-para-guiarla4-1024x806.jpeg\" class=\"attachment-large size-large wp-image-34241\" alt=\"Los cambios durante la adolescencia son normales, pero pueden ser acompa\u00f1ados por los padres. (Foto: ENVATO)\" srcset=\"https:\/\/soymigrante.com\/revista\/wp-content\/uploads\/2025\/05\/Como-orientar-a-las-hijas-sobre-la-adolescencia-claves-para-guiarla4-1024x806.jpeg 1024w, https:\/\/soymigrante.com\/revista\/wp-content\/uploads\/2025\/05\/Como-orientar-a-las-hijas-sobre-la-adolescencia-claves-para-guiarla4-300x236.jpeg 300w, https:\/\/soymigrante.com\/revista\/wp-content\/uploads\/2025\/05\/Como-orientar-a-las-hijas-sobre-la-adolescencia-claves-para-guiarla4-768x605.jpeg 768w, https:\/\/soymigrante.com\/revista\/wp-content\/uploads\/2025\/05\/Como-orientar-a-las-hijas-sobre-la-adolescencia-claves-para-guiarla4-1536x1210.jpeg 1536w, https:\/\/soymigrante.com\/revista\/wp-content\/uploads\/2025\/05\/Como-orientar-a-las-hijas-sobre-la-adolescencia-claves-para-guiarla4-750x591.jpeg 750w, https:\/\/soymigrante.com\/revista\/wp-content\/uploads\/2025\/05\/Como-orientar-a-las-hijas-sobre-la-adolescencia-claves-para-guiarla4-1140x898.jpeg 1140w, https:\/\/soymigrante.com\/revista\/wp-content\/uploads\/2025\/05\/Como-orientar-a-las-hijas-sobre-la-adolescencia-claves-para-guiarla4.webp 1600w\" sizes=\"(max-width: 1024px) 100vw, 1024px\" \/>\t\t\t\t\t\t\t\t\t\t\t<figcaption class=\"widget-image-caption wp-caption-text\">Los cambios durante la adolescencia son normales, pero pueden ser acompa\u00f1ados por los padres. (Foto: ENVATO)<\/figcaption>\n\t\t\t\t\t\t\t\t\t\t<\/figure>\n\t\t\t\t\t\t\t\t\t<\/div>\n\t\t\t\t\t<\/div>\n\t\t\t\t<\/div>\n\t\t<div data-particle_enable=\"false\" data-particle-mobile-disabled=\"false\" class=\"elementor-element elementor-element-d52146f e-flex e-con-boxed e-con e-parent\" data-id=\"d52146f\" data-element_type=\"container\" data-e-type=\"container\">\n\t\t\t\t\t<div class=\"e-con-inner\">\n\t\t\t\t<div class=\"elementor-element elementor-element-beb4f7a elementor-widget elementor-widget-heading\" data-id=\"beb4f7a\" data-element_type=\"widget\" data-e-type=\"widget\" data-widget_type=\"heading.default\">\n\t\t\t\t\t<h3 class=\"elementor-heading-title elementor-size-default\">La adolescencia no es una etapa para temer<\/h3>\t\t\t\t<\/div>\n\t\t\t\t\t<\/div>\n\t\t\t\t<\/div>\n\t\t<div data-particle_enable=\"false\" data-particle-mobile-disabled=\"false\" class=\"elementor-element elementor-element-e9213b5 e-flex e-con-boxed e-con e-parent\" data-id=\"e9213b5\" data-element_type=\"container\" data-e-type=\"container\">\n\t\t\t\t\t<div class=\"e-con-inner\">\n\t\t\t\t<div class=\"elementor-element elementor-element-610d7e4 elementor-widget elementor-widget-text-editor\" data-id=\"610d7e4\" data-element_type=\"widget\" data-e-type=\"widget\" data-widget_type=\"text-editor.default\">\n\t\t\t\t\t\t\t\t\t<p><a href=\"https:\/\/soymigrante.com\/revista\/como-brindar-seguridad-a-nuestros-hijos-claves-desde-la-psicologia\/\" target=\"_blank\" rel=\"noopener\">La adolescencia no tiene por qu\u00e9 ser un terreno hostil<\/a>. Con apoyo, empat\u00eda y comunicaci\u00f3n constante, puede convertirse en una etapa de empoderamiento y descubrimiento personal para las ni\u00f1as. Como bien lo resume la psicopedagoga Ana Luc\u00eda P\u00e9rez: \u201c<em>Las hijas no necesitan madres o padres perfectos, sino presentes, atentos y dispuestos a crecer con ellas<\/em>\u201d.<\/p>\t\t\t\t\t\t\t\t<\/div>\n\t\t\t\t\t<\/div>\n\t\t\t\t<\/div>\n\t\t<div data-particle_enable=\"false\" data-particle-mobile-disabled=\"false\" class=\"elementor-element elementor-element-96666c2 e-flex e-con-boxed e-con e-parent\" data-id=\"96666c2\" data-element_type=\"container\" data-e-type=\"container\">\n\t\t\t\t\t<div class=\"e-con-inner\">\n\t\t\t\t<div class=\"elementor-element elementor-element-8023fc3 elementor-widget elementor-widget-heading\" data-id=\"8023fc3\" data-element_type=\"widget\" data-e-type=\"widget\" data-widget_type=\"heading.default\">\n\t\t\t\t\t<h2 class=\"elementor-heading-title elementor-size-default\">Conoce m\u00e1s informaci\u00f3n que te puede interesar...<\/h2>\t\t\t\t<\/div>\n\t\t\t\t\t<\/div>\n\t\t\t\t<\/div>\n\t\t<div data-particle_enable=\"false\" data-particle-mobile-disabled=\"false\" class=\"elementor-element elementor-element-120e7fd e-flex e-con-boxed e-con e-parent\" data-id=\"120e7fd\" data-element_type=\"container\" data-e-type=\"container\">\n\t\t\t\t\t<div class=\"e-con-inner\">\n\t\t\t\t<div class=\"elementor-element elementor-element-31bdf7b elementor-grid-eael-col-3 elementor-grid-tablet-eael-col-2 elementor-grid-mobile-eael-col-1 elementor-widget elementor-widget-eael-post-grid\" data-id=\"31bdf7b\" data-element_type=\"widget\" data-e-type=\"widget\" data-settings=\"{&quot;eael_post_grid_columns&quot;:&quot;eael-col-3&quot;,&quot;eael_post_grid_columns_tablet&quot;:&quot;eael-col-2&quot;,&quot;eael_post_grid_columns_mobile&quot;:&quot;eael-col-1&quot;}\" data-widget_type=\"eael-post-grid.default\">\n\t\t\t\t\t<div id=\"eael-post-grid-31bdf7b\" class=\"eael-post-grid-container\">\n            <div class=\"eael-post-grid eael-post-appender eael-post-appender-31bdf7b eael-post-grid-style-one\" data-layout-mode=\"masonry\"><article class=\"eael-grid-post  eael-post-grid-column eael-pg-post-8203 category-bienestar\" data-id=\"8203\">\n        <div class=\"eael-grid-post-holder\">\n            <div class=\"eael-grid-post-holder-inner\"><div class=\"eael-entry-media\"><div class=\"eael-entry-overlay fade-in\"><i class=\"far fa-hand-pointer\" aria-hidden=\"true\"><\/i><a href=\"https:\/\/soymigrante.com\/revista\/como-cuidar-la-alimentacion-de-tus-hijos-instituto-americano-de-salud-digiestiva\/\"><\/a><\/div><div class=\"eael-entry-thumbnail \">\n                <img loading=\"lazy\" decoding=\"async\" width=\"792\" height=\"792\" src=\"https:\/\/soymigrante.com\/revista\/wp-content\/uploads\/2024\/08\/ALIMENTACION-INFANTIL.webp\" class=\"attachment-large size-large wp-image-8242\" alt=\"Disfrutando de una rodaja de sand\u00eda, ni\u00f1a comiendo fruta refrescante, verano, saludable, en el parque, sonriente, saludable y feliz.\" srcset=\"https:\/\/soymigrante.com\/revista\/wp-content\/uploads\/2024\/08\/ALIMENTACION-INFANTIL.webp 792w, https:\/\/soymigrante.com\/revista\/wp-content\/uploads\/2024\/08\/ALIMENTACION-INFANTIL-300x300.webp 300w, https:\/\/soymigrante.com\/revista\/wp-content\/uploads\/2024\/08\/ALIMENTACION-INFANTIL-150x150.webp 150w, https:\/\/soymigrante.com\/revista\/wp-content\/uploads\/2024\/08\/ALIMENTACION-INFANTIL-768x768.webp 768w, https:\/\/soymigrante.com\/revista\/wp-content\/uploads\/2024\/08\/ALIMENTACION-INFANTIL-75x75.webp 75w, https:\/\/soymigrante.com\/revista\/wp-content\/uploads\/2024\/08\/ALIMENTACION-INFANTIL-750x750.webp 750w\" sizes=\"(max-width: 792px) 100vw, 792px\" \/>\n            <\/div>\n        <\/div><div class=\"eael-entry-wrapper\"><header class=\"eael-entry-header\"><h2 class=\"eael-entry-title\"><a class=\"eael-grid-post-link\" href=\"https:\/\/soymigrante.com\/revista\/como-cuidar-la-alimentacion-de-tus-hijos-instituto-americano-de-salud-digiestiva\/\" title=\"C\u00f3mo cuidar la alimentaci\u00f3n de tus hijos: instituto americano de salud digestiva\">C\u00f3mo cuidar la alimentaci\u00f3n de tus hijos: instituto americano de salud digestiva<\/a><\/h2><\/header><div class=\"eael-entry-content\">\n                        <div class=\"eael-grid-post-excerpt\"><a href=\"https:\/\/soymigrante.com\/revista\/como-cuidar-la-alimentacion-de-tus-hijos-instituto-americano-de-salud-digiestiva\/\" class=\"eael-post-elements-readmore-btn\">CONOCE SU HISTORIA <\/a><\/div>\n                    <\/div><\/div><\/div>\n        <\/div>\n    <\/article><article class=\"eael-grid-post  eael-post-grid-column eael-pg-post-2778 category-bienestar\" data-id=\"2778\">\n        <div class=\"eael-grid-post-holder\">\n            <div class=\"eael-grid-post-holder-inner\"><div class=\"eael-entry-media\"><div class=\"eael-entry-overlay fade-in\"><i class=\"far fa-hand-pointer\" aria-hidden=\"true\"><\/i><a href=\"https:\/\/soymigrante.com\/revista\/cambios-que-enfrentan-hijos-de-migrantes-al-partir-a-estados-unidos\/\"><\/a><\/div><div class=\"eael-entry-thumbnail \">\n                <img loading=\"lazy\" decoding=\"async\" width=\"1024\" height=\"1024\" src=\"https:\/\/soymigrante.com\/revista\/wp-content\/uploads\/2023\/10\/Es-importante-crear-un-vinculo-entre-padres-e-hijos-para-fortalecer-la-comunicacion-y-presencia-durante-su-desarrollo-y-crecimiento-scaled-e1722605110949-1024x1024.webp\" class=\"attachment-large size-large wp-image-2781\" alt=\"Es importante crear un vinculo entre padres e hijos para fortalecer la comunicaci\u00f3n y presencia durante su desarrollo y crecimiento\" srcset=\"https:\/\/soymigrante.com\/revista\/wp-content\/uploads\/2023\/10\/Es-importante-crear-un-vinculo-entre-padres-e-hijos-para-fortalecer-la-comunicacion-y-presencia-durante-su-desarrollo-y-crecimiento-scaled-e1722605110949-1024x1024.webp 1024w, https:\/\/soymigrante.com\/revista\/wp-content\/uploads\/2023\/10\/Es-importante-crear-un-vinculo-entre-padres-e-hijos-para-fortalecer-la-comunicacion-y-presencia-durante-su-desarrollo-y-crecimiento-scaled-e1722605110949-300x300.webp 300w, https:\/\/soymigrante.com\/revista\/wp-content\/uploads\/2023\/10\/Es-importante-crear-un-vinculo-entre-padres-e-hijos-para-fortalecer-la-comunicacion-y-presencia-durante-su-desarrollo-y-crecimiento-scaled-e1722605110949-150x150.webp 150w, https:\/\/soymigrante.com\/revista\/wp-content\/uploads\/2023\/10\/Es-importante-crear-un-vinculo-entre-padres-e-hijos-para-fortalecer-la-comunicacion-y-presencia-durante-su-desarrollo-y-crecimiento-scaled-e1722605110949-768x768.webp 768w, https:\/\/soymigrante.com\/revista\/wp-content\/uploads\/2023\/10\/Es-importante-crear-un-vinculo-entre-padres-e-hijos-para-fortalecer-la-comunicacion-y-presencia-durante-su-desarrollo-y-crecimiento-scaled-e1722605110949-75x75.webp 75w, https:\/\/soymigrante.com\/revista\/wp-content\/uploads\/2023\/10\/Es-importante-crear-un-vinculo-entre-padres-e-hijos-para-fortalecer-la-comunicacion-y-presencia-durante-su-desarrollo-y-crecimiento-scaled-e1722605110949-750x750.webp 750w, https:\/\/soymigrante.com\/revista\/wp-content\/uploads\/2023\/10\/Es-importante-crear-un-vinculo-entre-padres-e-hijos-para-fortalecer-la-comunicacion-y-presencia-durante-su-desarrollo-y-crecimiento-scaled-e1722605110949-1140x1140.webp 1140w, https:\/\/soymigrante.com\/revista\/wp-content\/uploads\/2023\/10\/Es-importante-crear-un-vinculo-entre-padres-e-hijos-para-fortalecer-la-comunicacion-y-presencia-durante-su-desarrollo-y-crecimiento-scaled-e1722605110949.webp 1318w\" sizes=\"(max-width: 1024px) 100vw, 1024px\" \/>\n            <\/div>\n        <\/div><div class=\"eael-entry-wrapper\"><header class=\"eael-entry-header\"><h2 class=\"eael-entry-title\"><a class=\"eael-grid-post-link\" href=\"https:\/\/soymigrante.com\/revista\/cambios-que-enfrentan-hijos-de-migrantes-al-partir-a-estados-unidos\/\" title=\"5 cambios que enfrentan hijos de migrantes al partir a Estados Unidos\">5 cambios que enfrentan hijos de migrantes al partir a Estados Unidos<\/a><\/h2><\/header><div class=\"eael-entry-content\">\n                        <div class=\"eael-grid-post-excerpt\"><a href=\"https:\/\/soymigrante.com\/revista\/cambios-que-enfrentan-hijos-de-migrantes-al-partir-a-estados-unidos\/\" class=\"eael-post-elements-readmore-btn\">CONOCE SU HISTORIA <\/a><\/div>\n                    <\/div><\/div><\/div>\n        <\/div>\n    <\/article><article class=\"eael-grid-post  eael-post-grid-column eael-pg-post-6048 category-lugar-de-voces\" data-id=\"6048\">\n        <div class=\"eael-grid-post-holder\">\n            <div class=\"eael-grid-post-holder-inner\"><div class=\"eael-entry-media\"><div class=\"eael-entry-overlay fade-in\"><i class=\"far fa-hand-pointer\" aria-hidden=\"true\"><\/i><a href=\"https:\/\/soymigrante.com\/revista\/padre-guatemalteco-dedica-emotivo-poema-a-sus-hijos-migrantes\/\"><\/a><\/div><div class=\"eael-entry-thumbnail \">\n                <img loading=\"lazy\" decoding=\"async\" width=\"1024\" height=\"682\" src=\"https:\/\/soymigrante.com\/revista\/wp-content\/uploads\/2023\/10\/El-monumento-esta-un-poco-de-lado-como-viendo-hacia-atras-el-brazo-derecho-lo-tiene-alzado-para-despedir-a-su-gente-1024x682.webp\" class=\"attachment-large size-large wp-image-3026\" alt=\"\u201cEl monumento est\u00e1 un poco de lado como viendo hacia atr\u00e1s, el brazo derecho lo tiene alzado para despedir a su gente\u201d\" srcset=\"https:\/\/soymigrante.com\/revista\/wp-content\/uploads\/2023\/10\/El-monumento-esta-un-poco-de-lado-como-viendo-hacia-atras-el-brazo-derecho-lo-tiene-alzado-para-despedir-a-su-gente-1024x682.webp 1024w, https:\/\/soymigrante.com\/revista\/wp-content\/uploads\/2023\/10\/El-monumento-esta-un-poco-de-lado-como-viendo-hacia-atras-el-brazo-derecho-lo-tiene-alzado-para-despedir-a-su-gente-300x200.webp 300w, https:\/\/soymigrante.com\/revista\/wp-content\/uploads\/2023\/10\/El-monumento-esta-un-poco-de-lado-como-viendo-hacia-atras-el-brazo-derecho-lo-tiene-alzado-para-despedir-a-su-gente-768x511.webp 768w, https:\/\/soymigrante.com\/revista\/wp-content\/uploads\/2023\/10\/El-monumento-esta-un-poco-de-lado-como-viendo-hacia-atras-el-brazo-derecho-lo-tiene-alzado-para-despedir-a-su-gente-1536x1022.webp 1536w, https:\/\/soymigrante.com\/revista\/wp-content\/uploads\/2023\/10\/El-monumento-esta-un-poco-de-lado-como-viendo-hacia-atras-el-brazo-derecho-lo-tiene-alzado-para-despedir-a-su-gente-750x499.webp 750w, https:\/\/soymigrante.com\/revista\/wp-content\/uploads\/2023\/10\/El-monumento-esta-un-poco-de-lado-como-viendo-hacia-atras-el-brazo-derecho-lo-tiene-alzado-para-despedir-a-su-gente-1140x759.webp 1140w, https:\/\/soymigrante.com\/revista\/wp-content\/uploads\/2023\/10\/El-monumento-esta-un-poco-de-lado-como-viendo-hacia-atras-el-brazo-derecho-lo-tiene-alzado-para-despedir-a-su-gente-600x400.webp 600w, https:\/\/soymigrante.com\/revista\/wp-content\/uploads\/2023\/10\/El-monumento-esta-un-poco-de-lado-como-viendo-hacia-atras-el-brazo-derecho-lo-tiene-alzado-para-despedir-a-su-gente.webp 1920w\" sizes=\"(max-width: 1024px) 100vw, 1024px\" \/>\n            <\/div>\n        <\/div><div class=\"eael-entry-wrapper\"><header class=\"eael-entry-header\"><h2 class=\"eael-entry-title\"><a class=\"eael-grid-post-link\" href=\"https:\/\/soymigrante.com\/revista\/padre-guatemalteco-dedica-emotivo-poema-a-sus-hijos-migrantes\/\" title=\"Padre guatemalteco dedica emotivo poema a sus hijos migrantes\">Padre guatemalteco dedica emotivo poema a sus hijos migrantes<\/a><\/h2><\/header><div class=\"eael-entry-content\">\n                        <div class=\"eael-grid-post-excerpt\"><a href=\"https:\/\/soymigrante.com\/revista\/padre-guatemalteco-dedica-emotivo-poema-a-sus-hijos-migrantes\/\" class=\"eael-post-elements-readmore-btn\">CONOCE SU HISTORIA <\/a><\/div>\n                    <\/div><\/div><\/div>\n        <\/div>\n    <\/article><\/div>\n            <div class=\"clearfix\"><\/div>\n        <\/div>\t\t\t\t<\/div>\n\t\t\t\t\t<\/div>\n\t\t\t\t<\/div>\n\t\t\t\t<\/div>\n\t\t","protected":false},"excerpt":{"rendered":"<p>Orientar a las hijas sobre la adolescencia es clave para que se sienta segura con ella misma. La adolescencia es un per\u00edodo de grandes transformaciones f\u00edsicas, emocionales y sociales. Para muchas ni\u00f1as, representa un momento de dudas, inseguridades y b\u00fasqueda de identidad. Por ello, el rol de madres, padres o tutores es clave. Saber qu\u00e9 [&hellip;]<\/p>\n","protected":false},"author":19,"featured_media":34228,"comment_status":"open","ping_status":"open","sticky":false,"template":"","format":"standard","meta":{"_acf_changed":false,"_eb_attr":"","footnotes":""},"categories":[266],"tags":[81],"class_list":["post-34227","post","type-post","status-publish","format-standard","has-post-thumbnail","hentry","category-en-familia","tag-en-familia"],"acf":[],"aioseo_notices":[],"aioseo_head":"\n\t\t<!-- All in One SEO Pro 4.9.6.2 - aioseo.com -->\n\t<meta name=\"description\" content=\"Conmovido por la partida de su segundo hijo hacia EE.UU., Jerem\u00edas P\u00e9rez, escribi\u00f3 un poema dedicado a sus hijos migrantes y a todos los guatemaltecos\" \/>\n\t<meta name=\"robots\" content=\"max-snippet:-1, max-image-preview:large, max-video-preview:-1\" \/>\n\t<meta name=\"author\" content=\"Mynor Toc\"\/>\n\t<link rel=\"canonical\" href=\"https:\/\/soymigrante.com\/revista\/padre-guatemalteco-dedica-emotivo-poema-a-sus-hijos-migrantes\/\" \/>\n\t<meta name=\"generator\" content=\"All in One SEO Pro (AIOSEO) 4.9.6.2\" \/>\n\n\t\t<link rel=\"preconnect\" href=\"https:\/\/fonts.googleapis.com\" crossorigin>\n<link rel=\"preconnect\" href=\"https:\/\/fonts.gstatic.com\" crossorigin>\n\t\t<meta property=\"og:locale\" content=\"es_ES\" \/>\n\t\t<meta property=\"og:site_name\" content=\"SoyMigrante.com REVISTA \u2013 Nuestra misi\u00f3n es reconocer y dignificar al migrante.\" \/>\n\t\t<meta property=\"og:type\" content=\"article\" \/>\n\t\t<meta property=\"og:title\" content=\"Padre guatemalteco dedica emotivo poema a sus hijos migrantes\" \/>\n\t\t<meta property=\"og:description\" content=\"Conmovido por la partida de su segundo hijo hacia EE.UU., Jerem\u00edas P\u00e9rez, escribi\u00f3 un poema dedicado a sus hijos migrantes y a todos los guatemaltecos\" \/>\n\t\t<meta property=\"og:url\" content=\"https:\/\/soymigrante.com\/revista\/padre-guatemalteco-dedica-emotivo-poema-a-sus-hijos-migrantes\/\" \/>\n\t\t<meta property=\"og:image\" content=\"https:\/\/soymigrante.com\/revista\/wp-content\/uploads\/2023\/10\/El-monumento-esta-un-poco-de-lado-como-viendo-hacia-atras-el-brazo-derecho-lo-tiene-alzado-para-despedir-a-su-gente.webp\" \/>\n\t\t<meta property=\"og:image:secure_url\" content=\"https:\/\/soymigrante.com\/revista\/wp-content\/uploads\/2023\/10\/El-monumento-esta-un-poco-de-lado-como-viendo-hacia-atras-el-brazo-derecho-lo-tiene-alzado-para-despedir-a-su-gente.webp\" \/>\n\t\t<meta property=\"og:image:width\" content=\"1920\" \/>\n\t\t<meta property=\"og:image:height\" content=\"1278\" \/>\n\t\t<meta property=\"article:published_time\" content=\"2024-04-17T21:09:04+00:00\" \/>\n\t\t<meta property=\"article:modified_time\" content=\"2024-07-30T02:49:22+00:00\" \/>\n\t\t<meta property=\"article:publisher\" content=\"https:\/\/www.facebook.com\/soymigrantecom\" \/>\n\t\t<meta name=\"twitter:card\" content=\"summary_large_image\" \/>\n\t\t<meta name=\"twitter:site\" content=\"@SoyMigrante_com\" \/>\n\t\t<meta name=\"twitter:title\" content=\"Padre guatemalteco dedica emotivo poema a sus hijos migrantes\" \/>\n\t\t<meta name=\"twitter:description\" content=\"Conmovido por la partida de su segundo hijo hacia EE.UU., Jerem\u00edas P\u00e9rez, escribi\u00f3 un poema dedicado a sus hijos migrantes y a todos los guatemaltecos\" \/>\n\t\t<meta name=\"twitter:creator\" content=\"@SoyMigrante_com\" \/>\n\t\t<meta name=\"twitter:image\" content=\"https:\/\/soymigrante.com\/revista\/wp-content\/uploads\/2023\/10\/El-monumento-esta-un-poco-de-lado-como-viendo-hacia-atras-el-brazo-derecho-lo-tiene-alzado-para-despedir-a-su-gente.webp\" \/>\n\t\t<!-- All in One SEO Pro -->\r\n\t\t<title>Padre guatemalteco dedica emotivo poema a sus hijos migrantes<\/title>\n\n","aioseo_head_json":{"title":"Padre guatemalteco dedica emotivo poema a sus hijos migrantes","description":"Conmovido por la partida de su segundo hijo hacia EE.UU., Jerem\u00edas P\u00e9rez, escribi\u00f3 un poema dedicado a sus hijos migrantes y a todos los guatemaltecos","canonical_url":"https:\/\/soymigrante.com\/revista\/padre-guatemalteco-dedica-emotivo-poema-a-sus-hijos-migrantes\/","robots":"max-snippet:-1, max-image-preview:large, max-video-preview:-1","keywords":"","webmasterTools":{"miscellaneous":"&lt;link rel=\"preconnect\" href=\"https:\/\/fonts.googleapis.com\" crossorigin&gt;\n&lt;link rel=\"preconnect\" href=\"https:\/\/fonts.gstatic.com\" crossorigin&gt;"},"schema":null,"og:locale":"es_ES","og:site_name":"SoyMigrante.com REVISTA \u2013 Nuestra misi\u00f3n es reconocer y dignificar al migrante.","og:type":"article","og:title":"Padre guatemalteco dedica emotivo poema a sus hijos migrantes","og:description":"Conmovido por la partida de su segundo hijo hacia EE.UU., Jerem\u00edas P\u00e9rez, escribi\u00f3 un poema dedicado a sus hijos migrantes y a todos los guatemaltecos","og:url":"https:\/\/soymigrante.com\/revista\/padre-guatemalteco-dedica-emotivo-poema-a-sus-hijos-migrantes\/","og:image":"https:\/\/soymigrante.com\/revista\/wp-content\/uploads\/2023\/10\/El-monumento-esta-un-poco-de-lado-como-viendo-hacia-atras-el-brazo-derecho-lo-tiene-alzado-para-despedir-a-su-gente.webp","og:image:secure_url":"https:\/\/soymigrante.com\/revista\/wp-content\/uploads\/2023\/10\/El-monumento-esta-un-poco-de-lado-como-viendo-hacia-atras-el-brazo-derecho-lo-tiene-alzado-para-despedir-a-su-gente.webp","og:image:width":1920,"og:image:height":1278,"article:published_time":"2024-04-17T21:09:04+00:00","article:modified_time":"2024-07-30T02:49:22+00:00","article:publisher":"https:\/\/www.facebook.com\/soymigrantecom","twitter:card":"summary_large_image","twitter:site":"@SoyMigrante_com","twitter:title":"Padre guatemalteco dedica emotivo poema a sus hijos migrantes","twitter:description":"Conmovido por la partida de su segundo hijo hacia EE.UU., Jerem\u00edas P\u00e9rez, escribi\u00f3 un poema dedicado a sus hijos migrantes y a todos los guatemaltecos","twitter:creator":"@SoyMigrante_com","twitter:image":"https:\/\/soymigrante.com\/revista\/wp-content\/uploads\/2023\/10\/El-monumento-esta-un-poco-de-lado-como-viendo-hacia-atras-el-brazo-derecho-lo-tiene-alzado-para-despedir-a-su-gente.webp"},"aioseo_meta_data":{"post_id":"34227","title":"#post_title","description":"Orientar a las hijas sobre la adolescencia es clave para que se sienta segura con ella misma.","keywords":null,"keyphrases":{"focus":{"keyphrase":"adolescencia","score":100,"analysis":{"keyphraseInTitle":{"score":9,"maxScore":9,"error":0},"keyphraseInDescription":{"score":9,"maxScore":9,"error":0},"keyphraseLength":{"score":9,"maxScore":9,"error":0,"length":1},"keyphraseInURL":{"score":5,"maxScore":5,"error":0},"keyphraseInIntroduction":{"score":9,"maxScore":9,"error":0},"keyphraseInSubHeadings":{"score":9,"maxScore":9,"error":0},"keyphraseInImageAlt":{"score":9,"maxScore":9,"error":0},"keywordDensity":{"type":"best","score":9,"maxScore":9,"error":0}}},"additional":[]},"primary_term":null,"canonical_url":null,"og_title":null,"og_description":null,"og_object_type":"default","og_image_type":"default","og_image_url":null,"og_image_width":null,"og_image_height":null,"og_image_custom_url":null,"og_image_custom_fields":null,"og_video":"","og_custom_url":null,"og_article_section":null,"og_article_tags":null,"twitter_use_og":false,"twitter_card":"default","twitter_image_type":"default","twitter_image_url":null,"twitter_image_custom_url":null,"twitter_image_custom_fields":null,"twitter_title":null,"twitter_description":null,"schema":{"blockGraphs":[],"customGraphs":[],"default":{"data":{"Article":[],"Course":[],"Dataset":[],"FAQPage":[],"Movie":[],"Person":[],"Product":[],"ProductReview":[],"Car":[],"Recipe":[],"Service":[],"SoftwareApplication":[],"WebPage":[]},"graphName":"none","isEnabled":true},"graphs":[]},"schema_type":"default","schema_type_options":null,"pillar_content":false,"robots_default":true,"robots_noindex":false,"robots_noarchive":false,"robots_nosnippet":false,"robots_nofollow":false,"robots_noimageindex":false,"robots_noodp":false,"robots_notranslate":false,"robots_max_snippet":"-1","robots_max_videopreview":"-1","robots_max_imagepreview":"large","priority":null,"frequency":"default","local_seo":null,"seo_analyzer_scan_date":"2025-10-09 05:24:39","breadcrumb_settings":null,"limit_modified_date":false,"reviewed_by":null,"open_ai":"{\"title\":{\"suggestions\":[],\"usage\":0},\"description\":{\"suggestions\":[],\"usage\":0}}","ai":null,"created":"2025-05-22 17:16:23","updated":"2026-02-04 23:46:15"},"aioseo_breadcrumb":"<div class=\"aioseo-breadcrumbs\"><span class=\"aioseo-breadcrumb\">\n\t<a href=\"https:\/\/soymigrante.com\/revista\" title=\"Home\">Home<\/a>\n<\/span><span class=\"aioseo-breadcrumb-separator\">\u00bb<\/span><span class=\"aioseo-breadcrumb\">\n\t<a href=\"https:\/\/soymigrante.com\/revista\/category\/bienestar\/\" title=\"Bienestar\">Bienestar<\/a>\n<\/span><span class=\"aioseo-breadcrumb-separator\">\u00bb<\/span><span class=\"aioseo-breadcrumb\">\n\t<a href=\"https:\/\/soymigrante.com\/revista\/category\/bienestar\/en-familia\/\" title=\"En Familia\">En Familia<\/a>\n<\/span><span class=\"aioseo-breadcrumb-separator\">\u00bb<\/span><span class=\"aioseo-breadcrumb\">\n\tC\u00f3mo orientar a las hijas sobre la adolescencia: claves para guiarlas\n<\/span><\/div>","aioseo_breadcrumb_json":[{"label":"Home","link":"https:\/\/soymigrante.com\/revista"},{"label":"Bienestar","link":"https:\/\/soymigrante.com\/revista\/category\/bienestar\/"},{"label":"En Familia","link":"https:\/\/soymigrante.com\/revista\/category\/bienestar\/en-familia\/"},{"label":"C\u00f3mo orientar a las hijas sobre la adolescencia: claves para guiarlas","link":"https:\/\/soymigrante.com\/revista\/como-orientar-a-las-hijas-sobre-la-adolescencia-claves-para-guiarlas\/"}],"_links":{"self":[{"href":"https:\/\/soymigrante.com\/revista\/wp-json\/wp\/v2\/posts\/34227","targetHints":{"allow":["GET"]}}],"collection":[{"href":"https:\/\/soymigrante.com\/revista\/wp-json\/wp\/v2\/posts"}],"about":[{"href":"https:\/\/soymigrante.com\/revista\/wp-json\/wp\/v2\/types\/post"}],"author":[{"embeddable":true,"href":"https:\/\/soymigrante.com\/revista\/wp-json\/wp\/v2\/users\/19"}],"replies":[{"embeddable":true,"href":"https:\/\/soymigrante.com\/revista\/wp-json\/wp\/v2\/comments?post=34227"}],"version-history":[{"count":25,"href":"https:\/\/soymigrante.com\/revista\/wp-json\/wp\/v2\/posts\/34227\/revisions"}],"predecessor-version":[{"id":34379,"href":"https:\/\/soymigrante.com\/revista\/wp-json\/wp\/v2\/posts\/34227\/revisions\/34379"}],"wp:featuredmedia":[{"embeddable":true,"href":"https:\/\/soymigrante.com\/revista\/wp-json\/wp\/v2\/media\/34228"}],"wp:attachment":[{"href":"https:\/\/soymigrante.com\/revista\/wp-json\/wp\/v2\/media?parent=34227"}],"wp:term":[{"taxonomy":"category","embeddable":true,"href":"https:\/\/soymigrante.com\/revista\/wp-json\/wp\/v2\/categories?post=34227"},{"taxonomy":"post_tag","embeddable":true,"href":"https:\/\/soymigrante.com\/revista\/wp-json\/wp\/v2\/tags?post=34227"}],"curies":[{"name":"wp","href":"https:\/\/api.w.org\/{rel}","templated":true}]}}