{"id":34156,"date":"2025-05-21T13:28:00","date_gmt":"2025-05-21T19:28:00","guid":{"rendered":"https:\/\/soymigrante.com\/revista\/?p=34156"},"modified":"2025-05-22T13:22:09","modified_gmt":"2025-05-22T19:22:09","slug":"cerro-san-gil-un-tesoro-natural-en-el-corazon-de-izabal","status":"publish","type":"post","link":"https:\/\/soymigrante.com\/revista\/cerro-san-gil-un-tesoro-natural-en-el-corazon-de-izabal\/","title":{"rendered":"Cerro San Gil: Un tesoro natural en el coraz\u00f3n de Izabal"},"content":{"rendered":"\t\t<div data-elementor-type=\"wp-post\" data-elementor-id=\"34156\" class=\"elementor elementor-34156\" data-elementor-post-type=\"post\">\n\t\t\t\t<div data-particle_enable=\"false\" data-particle-mobile-disabled=\"false\" class=\"elementor-element elementor-element-d57baf0 e-flex e-con-boxed e-con e-parent\" data-id=\"d57baf0\" data-element_type=\"container\" data-e-type=\"container\">\n\t\t\t\t\t<div class=\"e-con-inner\">\n\t\t\t\t<div class=\"elementor-element elementor-element-b9d10b8 elementor-widget elementor-widget-heading\" data-id=\"b9d10b8\" data-element_type=\"widget\" data-e-type=\"widget\" data-widget_type=\"heading.default\">\n\t\t\t\t\t<h2 class=\"elementor-heading-title elementor-size-default\">El Cerro San Gil es un tesoro natural que se encuentra en Izabal y asombra por su belleza. Est\u00e1 abierto al p\u00fablico.<\/h2>\t\t\t\t<\/div>\n\t\t\t\t\t<\/div>\n\t\t\t\t<\/div>\n\t\t<div data-particle_enable=\"false\" data-particle-mobile-disabled=\"false\" class=\"elementor-element elementor-element-19a7739 e-flex e-con-boxed e-con e-parent\" data-id=\"19a7739\" data-element_type=\"container\" data-e-type=\"container\">\n\t\t\t\t\t<div class=\"e-con-inner\">\n\t\t\t\t<div class=\"elementor-element elementor-element-b3ba422 elementor-widget elementor-widget-text-editor\" data-id=\"b3ba422\" data-element_type=\"widget\" data-e-type=\"widget\" data-widget_type=\"text-editor.default\">\n\t\t\t\t\t\t\t\t\t<p>Ubicada en <a href=\"https:\/\/soymigrante.com\/revista\/departamentos-de-guatemala-izabal-es-la-puerta-del-caribe\/\" target=\"_blank\" rel=\"noopener\">el departamento de Izabal<\/a>, la Reserva Protectora de Manantiales Cerro San Gil es una joya ecol\u00f3gica que resguarda uno de los \u00faltimos remanentes de selva tropical h\u00fameda en Guatemala.<\/p><p>Este santuario natural no solo es vital para la conservaci\u00f3n de la biodiversidad, sino que tambi\u00e9n abastece de agua potable a comunidades cercanas y ofrece experiencias ecotur\u00edsticas inolvidables.<\/p>\t\t\t\t\t\t\t\t<\/div>\n\t\t\t\t\t<\/div>\n\t\t\t\t<\/div>\n\t\t<div data-particle_enable=\"false\" data-particle-mobile-disabled=\"false\" class=\"elementor-element elementor-element-e6a0e44 e-flex e-con-boxed e-con e-parent\" data-id=\"e6a0e44\" data-element_type=\"container\" data-e-type=\"container\">\n\t\t\t\t\t<div class=\"e-con-inner\">\n\t\t\t\t<div class=\"elementor-element elementor-element-6a13320 elementor-widget elementor-widget-google_maps\" data-id=\"6a13320\" data-element_type=\"widget\" data-e-type=\"widget\" data-widget_type=\"google_maps.default\">\n\t\t\t\t\t\t\t<div class=\"elementor-custom-embed\">\n\t\t\t<iframe loading=\"lazy\"\n\t\t\t\t\tsrc=\"https:\/\/maps.google.com\/maps?q=Cerro%20San%20Gil&#038;t=m&#038;z=10&#038;output=embed&#038;iwloc=near\"\n\t\t\t\t\ttitle=\"Cerro San Gil\"\n\t\t\t\t\taria-label=\"Cerro San Gil\"\n\t\t\t><\/iframe>\n\t\t<\/div>\n\t\t\t\t\t\t<\/div>\n\t\t\t\t\t<\/div>\n\t\t\t\t<\/div>\n\t\t<div data-particle_enable=\"false\" data-particle-mobile-disabled=\"false\" class=\"elementor-element elementor-element-72d4261 e-flex e-con-boxed e-con e-parent\" data-id=\"72d4261\" data-element_type=\"container\" data-e-type=\"container\">\n\t\t\t\t\t<div class=\"e-con-inner\">\n\t\t\t\t<div class=\"elementor-element elementor-element-402c7b0 elementor-widget elementor-widget-heading\" data-id=\"402c7b0\" data-element_type=\"widget\" data-e-type=\"widget\" data-widget_type=\"heading.default\">\n\t\t\t\t\t<h3 class=\"elementor-heading-title elementor-size-default\">\u00bfD\u00f3nde se encuentra y c\u00f3mo llegar?<\/h3>\t\t\t\t<\/div>\n\t\t\t\t\t<\/div>\n\t\t\t\t<\/div>\n\t\t<div data-particle_enable=\"false\" data-particle-mobile-disabled=\"false\" class=\"elementor-element elementor-element-8bdd987 e-flex e-con-boxed e-con e-parent\" data-id=\"8bdd987\" data-element_type=\"container\" data-e-type=\"container\">\n\t\t\t\t\t<div class=\"e-con-inner\">\n\t\t\t\t<div class=\"elementor-element elementor-element-5fa3c56 elementor-widget elementor-widget-text-editor\" data-id=\"5fa3c56\" data-element_type=\"widget\" data-e-type=\"widget\" data-widget_type=\"text-editor.default\">\n\t\t\t\t\t\t\t\t\t<p>La reserva se sit\u00faa entre los municipios de Puerto Barrios, Livingston y Morales, en la regi\u00f3n caribe\u00f1a del pa\u00eds. Desde Ciudad de Guatemala, <a href=\"https:\/\/soymigrante.com\/revista\/departamentos-de-guatemala-izabal-es-la-puerta-del-caribe\/\" target=\"_blank\" rel=\"noopener\">el viaje en autom\u00f3vil toma aproximadamente 7 horas y 25 minutos.<\/a><\/p><p>Se debe tomar la Carretera CA-9 Norte hasta Puerto Barrios, luego dirigirse hacia Santo Tom\u00e1s de Castilla y, antes de llegar a la terminal, girar a la izquierda. Desde all\u00ed, una carretera de terracer\u00eda de 6 km conduce a la entrada de la reserva.<\/p>\t\t\t\t\t\t\t\t<\/div>\n\t\t\t\t\t<\/div>\n\t\t\t\t<\/div>\n\t\t<div data-particle_enable=\"false\" data-particle-mobile-disabled=\"false\" class=\"elementor-element elementor-element-dfa096a e-flex e-con-boxed e-con e-parent\" data-id=\"dfa096a\" data-element_type=\"container\" data-e-type=\"container\">\n\t\t\t\t\t<div class=\"e-con-inner\">\n\t\t\t\t<div class=\"elementor-element elementor-element-b0a42ca elementor-widget elementor-widget-image\" data-id=\"b0a42ca\" data-element_type=\"widget\" data-e-type=\"widget\" data-widget_type=\"image.default\">\n\t\t\t\t\t\t\t\t\t\t\t\t<figure class=\"wp-caption\">\n\t\t\t\t\t\t\t\t\t\t<img fetchpriority=\"high\" decoding=\"async\" width=\"640\" height=\"480\" src=\"https:\/\/soymigrante.com\/revista\/wp-content\/uploads\/2025\/05\/Cerro-San-Gil-3.webp\" class=\"attachment-large size-large wp-image-34183\" alt=\"Paisaje natural con vista a un r\u00edo y vegetaci\u00f3n exuberante en un d\u00eda soleado en Am\u00e9rica Latina.\" srcset=\"https:\/\/soymigrante.com\/revista\/wp-content\/uploads\/2025\/05\/Cerro-San-Gil-3.webp 640w, https:\/\/soymigrante.com\/revista\/wp-content\/uploads\/2025\/05\/Cerro-San-Gil-3-300x225.jpg 300w\" sizes=\"(max-width: 640px) 100vw, 640px\" title=\"El Cerro San Gil es de los principales atractivos de Izabal. (Foto: INGUAT) \u2013 SoyMigrante.com REVISTA\" \/>\t\t\t\t\t\t\t\t\t\t\t<figcaption class=\"widget-image-caption wp-caption-text\">Paisaje natural en Am\u00e9rica Latina con r\u00edo, vegetaci\u00f3n y cielo despejado, ideal para art\u00edculos sobre turismo y naturaleza en revistas de migrantes.<\/figcaption>\n\t\t\t\t\t\t\t\t\t\t<\/figure>\n\t\t\t\t\t\t\t\t\t<\/div>\n\t\t\t\t\t<\/div>\n\t\t\t\t<\/div>\n\t\t<div data-particle_enable=\"false\" data-particle-mobile-disabled=\"false\" class=\"elementor-element elementor-element-1fe5991 e-flex e-con-boxed e-con e-parent\" data-id=\"1fe5991\" data-element_type=\"container\" data-e-type=\"container\">\n\t\t\t\t\t<div class=\"e-con-inner\">\n\t\t\t\t<div class=\"elementor-element elementor-element-ad65499 elementor-widget elementor-widget-heading\" data-id=\"ad65499\" data-element_type=\"widget\" data-e-type=\"widget\" data-widget_type=\"heading.default\">\n\t\t\t\t\t<h3 class=\"elementor-heading-title elementor-size-default\">Costos y horarios de ingreso\n<\/h3>\t\t\t\t<\/div>\n\t\t\t\t\t<\/div>\n\t\t\t\t<\/div>\n\t\t<div data-particle_enable=\"false\" data-particle-mobile-disabled=\"false\" class=\"elementor-element elementor-element-70d84f1 e-flex e-con-boxed e-con e-parent\" data-id=\"70d84f1\" data-element_type=\"container\" data-e-type=\"container\">\n\t\t\t\t\t<div class=\"e-con-inner\">\n\t\t\t\t<div class=\"elementor-element elementor-element-533a285 elementor-widget elementor-widget-text-editor\" data-id=\"533a285\" data-element_type=\"widget\" data-e-type=\"widget\" data-widget_type=\"text-editor.default\">\n\t\t\t\t\t\t\t\t\t<p>El acceso a Cerro San Gil tiene un costo de Q40 para adultos y Q5 para ni\u00f1os. <a href=\"https:\/\/soymigrante.com\/revista\/departamentos-de-guatemala-izabal-es-la-puerta-del-caribe\/\" target=\"_blank\" rel=\"noopener\">La reserva est\u00e1 abierta de martes a domingo, en horario de 08:00 a 16:00 horas.<\/a><\/p>\t\t\t\t\t\t\t\t<\/div>\n\t\t\t\t\t<\/div>\n\t\t\t\t<\/div>\n\t\t<div data-particle_enable=\"false\" data-particle-mobile-disabled=\"false\" class=\"elementor-element elementor-element-927307e e-flex e-con-boxed e-con e-parent\" data-id=\"927307e\" data-element_type=\"container\" data-e-type=\"container\">\n\t\t\t\t\t<div class=\"e-con-inner\">\n\t\t\t\t<div class=\"elementor-element elementor-element-65c0c7d elementor-widget elementor-widget-heading\" data-id=\"65c0c7d\" data-element_type=\"widget\" data-e-type=\"widget\" data-widget_type=\"heading.default\">\n\t\t\t\t\t<h3 class=\"elementor-heading-title elementor-size-default\">Actividades para disfrutar<\/h3>\t\t\t\t<\/div>\n\t\t\t\t\t<\/div>\n\t\t\t\t<\/div>\n\t\t<div data-particle_enable=\"false\" data-particle-mobile-disabled=\"false\" class=\"elementor-element elementor-element-9adf61f e-flex e-con-boxed e-con e-parent\" data-id=\"9adf61f\" data-element_type=\"container\" data-e-type=\"container\">\n\t\t\t\t\t<div class=\"e-con-inner\">\n\t\t\t\t<div class=\"elementor-element elementor-element-d43605b elementor-widget elementor-widget-text-editor\" data-id=\"d43605b\" data-element_type=\"widget\" data-e-type=\"widget\" data-widget_type=\"text-editor.default\">\n\t\t\t\t\t\t\t\t\t<div><a href=\"https:\/\/soymigrante.com\/revista\/departamentos-de-guatemala-izabal-es-la-puerta-del-caribe\/\" target=\"_blank\" rel=\"noopener\">Cerro San Gil ofrece una variedad de actividades para los amantes de la naturaleza<\/a>:<\/div><div><strong>\u2022Senderismo:<\/strong> Explora los senderos del Bosque Tropical y de las Cascadas, que llevan a miradores con vistas panor\u00e1micas de la Bah\u00eda de Amatique.\u00a0\u00a0<\/div><div><strong>\u2022Avistamiento de aves:<\/strong> Con m\u00e1s de 450 especies registradas, es un para\u00edso para los observadores de aves.\u00a0\u00a0<\/div><div><strong>\u2022Balneario Las Escobas:<\/strong> Disfruta de pozas naturales de agua cristalina, ideales para un refrescante ba\u00f1o.<\/div><div><strong>\u2022Cueva del Murci\u00e9lago:<\/strong> Observa la salida de m\u00e1s de 25 especies de murci\u00e9lagos al atardecer.\u00a0\u00a0<\/div><div><strong>\u2022Torre de observaci\u00f3n:<\/strong> Ofrece vistas impresionantes del entorno natural.<\/div>\t\t\t\t\t\t\t\t<\/div>\n\t\t\t\t\t<\/div>\n\t\t\t\t<\/div>\n\t\t<div data-particle_enable=\"false\" data-particle-mobile-disabled=\"false\" class=\"elementor-element elementor-element-5fab1f5 e-flex e-con-boxed e-con e-parent\" data-id=\"5fab1f5\" data-element_type=\"container\" data-e-type=\"container\">\n\t\t\t\t\t<div class=\"e-con-inner\">\n\t\t\t\t<div class=\"elementor-element elementor-element-4b08d9c elementor-widget elementor-widget-image\" data-id=\"4b08d9c\" data-element_type=\"widget\" data-e-type=\"widget\" data-widget_type=\"image.default\">\n\t\t\t\t\t\t\t\t\t\t\t\t<figure class=\"wp-caption\">\n\t\t\t\t\t\t\t\t\t\t<img decoding=\"async\" width=\"474\" height=\"263\" src=\"https:\/\/soymigrante.com\/revista\/wp-content\/uploads\/2025\/05\/Cerro-San-Gil-4.webp\" class=\"attachment-large size-large wp-image-34184\" alt=\"El Cerro San Gil es un lugar lleno de naturaleza. (Foto: INGUAT)\" srcset=\"https:\/\/soymigrante.com\/revista\/wp-content\/uploads\/2025\/05\/Cerro-San-Gil-4.webp 474w, https:\/\/soymigrante.com\/revista\/wp-content\/uploads\/2025\/05\/Cerro-San-Gil-4-300x166.jpg 300w\" sizes=\"(max-width: 474px) 100vw, 474px\" title=\"El Cerro San Gil es un lugar lleno de naturaleza. (Foto: INGUAT) \u2013 SoyMigrante.com REVISTA\" \/>\t\t\t\t\t\t\t\t\t\t\t<figcaption class=\"widget-image-caption wp-caption-text\">El Cerro San Gil es un lugar lleno de naturaleza. (Foto: INGUAT)<\/figcaption>\n\t\t\t\t\t\t\t\t\t\t<\/figure>\n\t\t\t\t\t\t\t\t\t<\/div>\n\t\t\t\t\t<\/div>\n\t\t\t\t<\/div>\n\t\t<div data-particle_enable=\"false\" data-particle-mobile-disabled=\"false\" class=\"elementor-element elementor-element-5a7caa3 e-flex e-con-boxed e-con e-parent\" data-id=\"5a7caa3\" data-element_type=\"container\" data-e-type=\"container\">\n\t\t\t\t\t<div class=\"e-con-inner\">\n\t\t\t\t<div class=\"elementor-element elementor-element-0d8408a elementor-widget elementor-widget-heading\" data-id=\"0d8408a\" data-element_type=\"widget\" data-e-type=\"widget\" data-widget_type=\"heading.default\">\n\t\t\t\t\t<h3 class=\"elementor-heading-title elementor-size-default\">Recomendaciones para los visitantes<\/h3>\t\t\t\t<\/div>\n\t\t\t\t\t<\/div>\n\t\t\t\t<\/div>\n\t\t<div data-particle_enable=\"false\" data-particle-mobile-disabled=\"false\" class=\"elementor-element elementor-element-61a718d e-flex e-con-boxed e-con e-parent\" data-id=\"61a718d\" data-element_type=\"container\" data-e-type=\"container\">\n\t\t\t\t\t<div class=\"e-con-inner\">\n\t\t\t\t<div class=\"elementor-element elementor-element-bb6f9b8 elementor-widget elementor-widget-text-editor\" data-id=\"bb6f9b8\" data-element_type=\"widget\" data-e-type=\"widget\" data-widget_type=\"text-editor.default\">\n\t\t\t\t\t\t\t\t\t<div>\u2022Usar ropa c\u00f3moda y calzado adecuado para caminatas.<\/div><div>\u2022Llevar impermeable, repelente de insectos y protector solar.<\/div><div>\u2022No olvidar traje de ba\u00f1o para disfrutar de las pozas.<\/div><div>\u2022Respetar las normas de conservaci\u00f3n y no dejar basura.<\/div>\t\t\t\t\t\t\t\t<\/div>\n\t\t\t\t\t<\/div>\n\t\t\t\t<\/div>\n\t\t<div data-particle_enable=\"false\" data-particle-mobile-disabled=\"false\" class=\"elementor-element elementor-element-75a7af9 e-flex e-con-boxed e-con e-parent\" data-id=\"75a7af9\" data-element_type=\"container\" data-e-type=\"container\">\n\t\t\t\t\t<div class=\"e-con-inner\">\n\t\t\t\t<div class=\"elementor-element elementor-element-2e4d3cf elementor-widget elementor-widget-image\" data-id=\"2e4d3cf\" data-element_type=\"widget\" data-e-type=\"widget\" data-widget_type=\"image.default\">\n\t\t\t\t\t\t\t\t\t\t\t\t<figure class=\"wp-caption\">\n\t\t\t\t\t\t\t\t\t\t<img decoding=\"async\" width=\"768\" height=\"434\" src=\"https:\/\/soymigrante.com\/revista\/wp-content\/uploads\/2025\/05\/Cerro-San-Gil-2.webp\" class=\"attachment-large size-large wp-image-34185\" alt=\"Cascada en un entorno natural con agua clara y vegetaci\u00f3n exuberante, ideal para turismo y ecoturismo en M\u00e9xico.\" srcset=\"https:\/\/soymigrante.com\/revista\/wp-content\/uploads\/2025\/05\/Cerro-San-Gil-2.webp 885w, https:\/\/soymigrante.com\/revista\/wp-content\/uploads\/2025\/05\/Cerro-San-Gil-2-300x169.jpg 300w, https:\/\/soymigrante.com\/revista\/wp-content\/uploads\/2025\/05\/Cerro-San-Gil-2-768x434.jpg 768w, https:\/\/soymigrante.com\/revista\/wp-content\/uploads\/2025\/05\/Cerro-San-Gil-2-750x424.webp 750w\" sizes=\"(max-width: 768px) 100vw, 768px\" title=\"El Cerro San Gil es santuario natural no solo es vital para la conservaci\u00f3n de la biodiversidad. (Foto: INGUAT) \u2013 SoyMigrante.com REVISTA\" \/>\t\t\t\t\t\t\t\t\t\t\t<figcaption class=\"widget-image-caption wp-caption-text\">Descubre en SoyMigrante.com REVISTA destinos ecol\u00f3gicos y atractivos naturales para viajes de aventura y turismo sostenible.<\/figcaption>\n\t\t\t\t\t\t\t\t\t\t<\/figure>\n\t\t\t\t\t\t\t\t\t<\/div>\n\t\t\t\t\t<\/div>\n\t\t\t\t<\/div>\n\t\t<div data-particle_enable=\"false\" data-particle-mobile-disabled=\"false\" class=\"elementor-element elementor-element-ad0576f e-flex e-con-boxed e-con e-parent\" data-id=\"ad0576f\" data-element_type=\"container\" data-e-type=\"container\">\n\t\t\t\t\t<div class=\"e-con-inner\">\n\t\t\t\t<div class=\"elementor-element elementor-element-26257f5 elementor-widget elementor-widget-heading\" data-id=\"26257f5\" data-element_type=\"widget\" data-e-type=\"widget\" data-widget_type=\"heading.default\">\n\t\t\t\t\t<h3 class=\"elementor-heading-title elementor-size-default\">Conservaci\u00f3n y administraci\u00f3n<\/h3>\t\t\t\t<\/div>\n\t\t\t\t\t<\/div>\n\t\t\t\t<\/div>\n\t\t<div data-particle_enable=\"false\" data-particle-mobile-disabled=\"false\" class=\"elementor-element elementor-element-ef5e782 e-flex e-con-boxed e-con e-parent\" data-id=\"ef5e782\" data-element_type=\"container\" data-e-type=\"container\">\n\t\t\t\t\t<div class=\"e-con-inner\">\n\t\t\t\t<div class=\"elementor-element elementor-element-ee4fc14 elementor-widget elementor-widget-text-editor\" data-id=\"ee4fc14\" data-element_type=\"widget\" data-e-type=\"widget\" data-widget_type=\"text-editor.default\">\n\t\t\t\t\t\t\t\t\t<p>Desde 1996, la Fundaci\u00f3n para el Ecodesarrollo y la Conservaci\u00f3n (FUNDAECO) administra la reserva, trabajando en la protecci\u00f3n de sus ecosistemas y en programas de desarrollo sostenible para las comunidades locales.<\/p><p><a href=\"https:\/\/soymigrante.com\/revista\/departamentos-de-guatemala-izabal-es-la-puerta-del-caribe\/\" target=\"_blank\" rel=\"noopener\">Visitar Cerro San Gil es una oportunidad para conectarse con la naturaleza,<\/a> aprender sobre la importancia de la conservaci\u00f3n y disfrutar de la riqueza ecol\u00f3gica que Guatemala tiene para ofrecer.<\/p>\t\t\t\t\t\t\t\t<\/div>\n\t\t\t\t\t<\/div>\n\t\t\t\t<\/div>\n\t\t<div data-particle_enable=\"false\" data-particle-mobile-disabled=\"false\" class=\"elementor-element elementor-element-ba989f5 e-flex e-con-boxed e-con e-parent\" data-id=\"ba989f5\" data-element_type=\"container\" data-e-type=\"container\">\n\t\t\t\t\t<div class=\"e-con-inner\">\n\t\t\t\t<div class=\"elementor-element elementor-element-e9c0557 elementor-widget elementor-widget-video\" data-id=\"e9c0557\" data-element_type=\"widget\" data-e-type=\"widget\" data-settings=\"{&quot;youtube_url&quot;:&quot;https:\\\/\\\/www.youtube.com\\\/watch?v=EXaItLMiVhk&quot;,&quot;video_type&quot;:&quot;youtube&quot;,&quot;controls&quot;:&quot;yes&quot;}\" data-widget_type=\"video.default\">\n\t\t\t\t\t\t\t<div class=\"elementor-wrapper elementor-open-inline\">\n\t\t\t<div class=\"elementor-video\"><\/div>\t\t<\/div>\n\t\t\t\t\t\t<\/div>\n\t\t\t\t\t<\/div>\n\t\t\t\t<\/div>\n\t\t<div data-particle_enable=\"false\" data-particle-mobile-disabled=\"false\" class=\"elementor-element elementor-element-2f91509 e-flex e-con-boxed e-con e-parent\" data-id=\"2f91509\" data-element_type=\"container\" data-e-type=\"container\">\n\t\t\t\t\t<div class=\"e-con-inner\">\n\t\t\t\t<div class=\"elementor-element elementor-element-0c7f036 elementor-widget elementor-widget-heading\" data-id=\"0c7f036\" data-element_type=\"widget\" data-e-type=\"widget\" data-widget_type=\"heading.default\">\n\t\t\t\t\t<h2 class=\"elementor-heading-title elementor-size-default\">Conoce otros sitios que te pueden gustar, ac\u00e1...<\/h2>\t\t\t\t<\/div>\n\t\t\t\t\t<\/div>\n\t\t\t\t<\/div>\n\t\t<div data-particle_enable=\"false\" data-particle-mobile-disabled=\"false\" class=\"elementor-element elementor-element-f4f1f84 e-flex e-con-boxed e-con e-parent\" data-id=\"f4f1f84\" data-element_type=\"container\" data-e-type=\"container\">\n\t\t\t\t\t<div class=\"e-con-inner\">\n\t\t\t\t<div class=\"elementor-element elementor-element-254b075 elementor-grid-eael-col-3 elementor-grid-tablet-eael-col-2 elementor-grid-mobile-eael-col-1 elementor-widget elementor-widget-eael-post-grid\" data-id=\"254b075\" data-element_type=\"widget\" data-e-type=\"widget\" data-settings=\"{&quot;eael_post_grid_columns&quot;:&quot;eael-col-3&quot;,&quot;eael_post_grid_columns_tablet&quot;:&quot;eael-col-2&quot;,&quot;eael_post_grid_columns_mobile&quot;:&quot;eael-col-1&quot;}\" data-widget_type=\"eael-post-grid.default\">\n\t\t\t\t\t<div id=\"eael-post-grid-254b075\" class=\"eael-post-grid-container\">\n            <div class=\"eael-post-grid eael-post-appender eael-post-appender-254b075 eael-post-grid-style-one\" data-layout-mode=\"masonry\"><article class=\"eael-grid-post  eael-post-grid-column eael-pg-post-10236 category-guate-nuestra\" data-id=\"10236\">\n        <div class=\"eael-grid-post-holder\">\n            <div class=\"eael-grid-post-holder-inner\"><div class=\"eael-entry-media\"><div class=\"eael-entry-overlay fade-in\"><i class=\"far fa-hand-pointer\" aria-hidden=\"true\"><\/i><a href=\"https:\/\/soymigrante.com\/revista\/10-datos-que-ya-sabias-o-quiza-no-acerca-del-lago-de-izabal\/\"><\/a><\/div><div class=\"eael-entry-thumbnail \">\n                <img loading=\"lazy\" decoding=\"async\" width=\"773\" height=\"773\" src=\"https:\/\/soymigrante.com\/revista\/wp-content\/uploads\/2024\/11\/lago-izabal.webp\" class=\"attachment-large size-large wp-image-11924\" alt=\"Lago rodeado de naturaleza verde y monta\u00f1as, vista a\u00e9rea, paisaje natural en una regi\u00f3n tranquila y esc\u00e9nica.\" srcset=\"https:\/\/soymigrante.com\/revista\/wp-content\/uploads\/2024\/11\/lago-izabal.webp 773w, https:\/\/soymigrante.com\/revista\/wp-content\/uploads\/2024\/11\/lago-izabal-300x300.webp 300w, https:\/\/soymigrante.com\/revista\/wp-content\/uploads\/2024\/11\/lago-izabal-150x150.webp 150w, https:\/\/soymigrante.com\/revista\/wp-content\/uploads\/2024\/11\/lago-izabal-768x768.jpg 768w, https:\/\/soymigrante.com\/revista\/wp-content\/uploads\/2024\/11\/lago-izabal-75x75.webp 75w, https:\/\/soymigrante.com\/revista\/wp-content\/uploads\/2024\/11\/lago-izabal-750x750.webp 750w\" sizes=\"(max-width: 773px) 100vw, 773px\" \/>\n            <\/div>\n        <\/div><div class=\"eael-entry-wrapper\"><header class=\"eael-entry-header\"><h2 class=\"eael-entry-title\"><a class=\"eael-grid-post-link\" href=\"https:\/\/soymigrante.com\/revista\/10-datos-que-ya-sabias-o-quiza-no-acerca-del-lago-de-izabal\/\" title=\"10 datos que ya sab\u00edas (o quiz\u00e1 no) acerca del Lago de Izabal\">10 datos que ya sab\u00edas (o quiz\u00e1 no) acerca del Lago de Izabal<\/a><\/h2><\/header><div class=\"eael-entry-content\">\n                        <div class=\"eael-grid-post-excerpt\"><a href=\"https:\/\/soymigrante.com\/revista\/10-datos-que-ya-sabias-o-quiza-no-acerca-del-lago-de-izabal\/\" class=\"eael-post-elements-readmore-btn\">CONOCE SU HISTORIA <\/a><\/div>\n                    <\/div><\/div><\/div>\n        <\/div>\n    <\/article><article class=\"eael-grid-post  eael-post-grid-column eael-pg-post-28616 category-guate-nuestra\" data-id=\"28616\">\n        <div class=\"eael-grid-post-holder\">\n            <div class=\"eael-grid-post-holder-inner\"><div class=\"eael-entry-media\"><div class=\"eael-entry-overlay fade-in\"><i class=\"far fa-hand-pointer\" aria-hidden=\"true\"><\/i><a href=\"https:\/\/soymigrante.com\/revista\/lago-de-izabal-es-el-gigante-de-agua-dulce-en-guatemala\/\"><\/a><\/div><div class=\"eael-entry-thumbnail \">\n                <img loading=\"lazy\" decoding=\"async\" width=\"1024\" height=\"1024\" src=\"https:\/\/soymigrante.com\/revista\/wp-content\/uploads\/2025\/03\/lago-de-izabal-1-1024x1024.jpg\" class=\"attachment-large size-large wp-image-28863\" alt=\"Lago de Izabal es el gigante de agua dulce en Guatemala - Mapa aereo\" srcset=\"https:\/\/soymigrante.com\/revista\/wp-content\/uploads\/2025\/03\/lago-de-izabal-1-1024x1024.jpg 1024w, https:\/\/soymigrante.com\/revista\/wp-content\/uploads\/2025\/03\/lago-de-izabal-1-300x300.jpg 300w, https:\/\/soymigrante.com\/revista\/wp-content\/uploads\/2025\/03\/lago-de-izabal-1-150x150.jpg 150w, https:\/\/soymigrante.com\/revista\/wp-content\/uploads\/2025\/03\/lago-de-izabal-1-768x768.jpg 768w, https:\/\/soymigrante.com\/revista\/wp-content\/uploads\/2025\/03\/lago-de-izabal-1-1536x1536.jpg 1536w, https:\/\/soymigrante.com\/revista\/wp-content\/uploads\/2025\/03\/lago-de-izabal-1-75x75.webp 75w, https:\/\/soymigrante.com\/revista\/wp-content\/uploads\/2025\/03\/lago-de-izabal-1-750x750.webp 750w, https:\/\/soymigrante.com\/revista\/wp-content\/uploads\/2025\/03\/lago-de-izabal-1-1140x1140.webp 1140w, https:\/\/soymigrante.com\/revista\/wp-content\/uploads\/2025\/03\/lago-de-izabal-1.webp 1605w\" sizes=\"(max-width: 1024px) 100vw, 1024px\" \/>\n            <\/div>\n        <\/div><div class=\"eael-entry-wrapper\"><header class=\"eael-entry-header\"><h2 class=\"eael-entry-title\"><a class=\"eael-grid-post-link\" href=\"https:\/\/soymigrante.com\/revista\/lago-de-izabal-es-el-gigante-de-agua-dulce-en-guatemala\/\" title=\"Lago de Izabal es el gigante de agua dulce en Guatemala\">Lago de Izabal es el gigante de agua dulce en Guatemala<\/a><\/h2><\/header><div class=\"eael-entry-content\">\n                        <div class=\"eael-grid-post-excerpt\"><a href=\"https:\/\/soymigrante.com\/revista\/lago-de-izabal-es-el-gigante-de-agua-dulce-en-guatemala\/\" class=\"eael-post-elements-readmore-btn\">CONOCE SU HISTORIA <\/a><\/div>\n                    <\/div><\/div><\/div>\n        <\/div>\n    <\/article><article class=\"eael-grid-post  eael-post-grid-column eael-pg-post-21040 category-guate-nuestra tags-departamentos-de-guatemala\" data-id=\"21040\">\n        <div class=\"eael-grid-post-holder\">\n            <div class=\"eael-grid-post-holder-inner\"><div class=\"eael-entry-media\"><div class=\"eael-entry-overlay fade-in\"><i class=\"far fa-hand-pointer\" aria-hidden=\"true\"><\/i><a href=\"https:\/\/soymigrante.com\/revista\/departamentos-de-guatemala-izabal-es-la-puerta-del-caribe\/\"><\/a><\/div><div class=\"eael-entry-thumbnail \">\n                <img loading=\"lazy\" decoding=\"async\" width=\"713\" height=\"713\" src=\"https:\/\/soymigrante.com\/revista\/wp-content\/uploads\/2025\/01\/izabal.webp\" class=\"attachment-large size-large wp-image-21437\" alt=\"Puerto Viejo, fortaleza hist\u00f3rica en el agua, s\u00edmbolo de patrimonio y cultura en el Caribe, ideal para explorar historia, turismo y migrantes en extremo sur de Am\u00e9rica.\" srcset=\"https:\/\/soymigrante.com\/revista\/wp-content\/uploads\/2025\/01\/izabal.webp 713w, https:\/\/soymigrante.com\/revista\/wp-content\/uploads\/2025\/01\/izabal-300x300.jpg 300w, https:\/\/soymigrante.com\/revista\/wp-content\/uploads\/2025\/01\/izabal-150x150.jpg 150w, https:\/\/soymigrante.com\/revista\/wp-content\/uploads\/2025\/01\/izabal-75x75.webp 75w\" sizes=\"(max-width: 713px) 100vw, 713px\" \/>\n            <\/div>\n        <\/div><div class=\"eael-entry-wrapper\"><header class=\"eael-entry-header\"><h2 class=\"eael-entry-title\"><a class=\"eael-grid-post-link\" href=\"https:\/\/soymigrante.com\/revista\/departamentos-de-guatemala-izabal-es-la-puerta-del-caribe\/\" title=\"Departamentos de Guatemala: Izabal es la puerta del Caribe\">Departamentos de Guatemala: Izabal es la puerta del Caribe<\/a><\/h2><\/header><div class=\"eael-entry-content\">\n                        <div class=\"eael-grid-post-excerpt\"><a href=\"https:\/\/soymigrante.com\/revista\/departamentos-de-guatemala-izabal-es-la-puerta-del-caribe\/\" class=\"eael-post-elements-readmore-btn\">CONOCE SU HISTORIA <\/a><\/div>\n                    <\/div><\/div><\/div>\n        <\/div>\n    <\/article><\/div>\n            <div class=\"clearfix\"><\/div>\n        <\/div>\t\t\t\t<\/div>\n\t\t\t\t\t<\/div>\n\t\t\t\t<\/div>\n\t\t\t\t<\/div>\n\t\t","protected":false},"excerpt":{"rendered":"<p>El Cerro San Gil es un tesoro natural que se encuentra en Izabal y asombra por su belleza. Est\u00e1 abierto al p\u00fablico. Ubicada en el departamento de Izabal, la Reserva Protectora de Manantiales Cerro San Gil es una joya ecol\u00f3gica que resguarda uno de los \u00faltimos remanentes de selva tropical h\u00fameda en Guatemala. Este santuario [&hellip;]<\/p>\n","protected":false},"author":19,"featured_media":34157,"comment_status":"open","ping_status":"open","sticky":false,"template":"","format":"standard","meta":{"_acf_changed":false,"_eb_attr":"","footnotes":""},"categories":[58],"tags":[],"class_list":["post-34156","post","type-post","status-publish","format-standard","has-post-thumbnail","hentry","category-guate-nuestra"],"acf":[],"aioseo_notices":[],"aioseo_head":"\n\t\t<!-- All in One SEO Pro 4.9.6.2 - aioseo.com -->\n\t<meta name=\"description\" content=\"Izabal no solo posee el mayor lago de Guatemala, tambi\u00e9n la mayor estela de la cultura maya y valiosos atractivos naturales. Conoce m\u00e1s aqu\u00ed.\" \/>\n\t<meta name=\"robots\" content=\"max-snippet:-1, max-image-preview:large, max-video-preview:-1\" \/>\n\t<meta name=\"author\" content=\"Marysabel Aldana\"\/>\n\t<link rel=\"canonical\" href=\"https:\/\/soymigrante.com\/revista\/departamentos-de-guatemala-izabal-es-la-puerta-del-caribe\/\" \/>\n\t<meta name=\"generator\" content=\"All in One SEO Pro (AIOSEO) 4.9.6.2\" \/>\n\n\t\t<link rel=\"preconnect\" href=\"https:\/\/fonts.googleapis.com\" crossorigin>\n<link rel=\"preconnect\" href=\"https:\/\/fonts.gstatic.com\" crossorigin>\n\t\t<meta property=\"og:locale\" content=\"es_ES\" \/>\n\t\t<meta property=\"og:site_name\" content=\"SoyMigrante.com REVISTA \u2013 Nuestra misi\u00f3n es reconocer y dignificar al migrante.\" \/>\n\t\t<meta property=\"og:type\" content=\"article\" \/>\n\t\t<meta property=\"og:title\" content=\"Departamentos de Guatemala: Izabal es la puerta del Caribe\" \/>\n\t\t<meta property=\"og:description\" content=\"Izabal no solo posee el mayor lago de Guatemala, tambi\u00e9n la mayor estela de la cultura maya y valiosos atractivos naturales. Conoce m\u00e1s aqu\u00ed.\" \/>\n\t\t<meta property=\"og:url\" content=\"https:\/\/soymigrante.com\/revista\/departamentos-de-guatemala-izabal-es-la-puerta-del-caribe\/\" \/>\n\t\t<meta property=\"og:image\" content=\"https:\/\/soymigrante.com\/revista\/wp-content\/uploads\/2025\/01\/izabal.webp\" \/>\n\t\t<meta property=\"og:image:secure_url\" content=\"https:\/\/soymigrante.com\/revista\/wp-content\/uploads\/2025\/01\/izabal.webp\" \/>\n\t\t<meta property=\"og:image:width\" content=\"713\" \/>\n\t\t<meta property=\"og:image:height\" content=\"713\" \/>\n\t\t<meta property=\"article:published_time\" content=\"2025-01-17T13:00:00+00:00\" \/>\n\t\t<meta property=\"article:modified_time\" content=\"2025-03-04T18:30:57+00:00\" \/>\n\t\t<meta property=\"article:publisher\" content=\"https:\/\/www.facebook.com\/soymigrantecom\" \/>\n\t\t<meta name=\"twitter:card\" content=\"summary_large_image\" \/>\n\t\t<meta name=\"twitter:site\" content=\"@SoyMigrante_com\" \/>\n\t\t<meta name=\"twitter:title\" content=\"Departamentos de Guatemala: Izabal es la puerta del Caribe\" \/>\n\t\t<meta name=\"twitter:description\" content=\"Izabal no solo posee el mayor lago de Guatemala, tambi\u00e9n la mayor estela de la cultura maya y valiosos atractivos naturales. Conoce m\u00e1s aqu\u00ed.\" \/>\n\t\t<meta name=\"twitter:creator\" content=\"@SoyMigrante_com\" \/>\n\t\t<meta name=\"twitter:image\" content=\"https:\/\/soymigrante.com\/revista\/wp-content\/uploads\/2025\/01\/izabal.webp\" \/>\n\t\t<!-- All in One SEO Pro -->\r\n\t\t<title>Departamentos de Guatemala: Izabal es la puerta del Caribe<\/title>\n\n","aioseo_head_json":{"title":"Departamentos de Guatemala: Izabal es la puerta del Caribe","description":"Izabal no solo posee el mayor lago de Guatemala, tambi\u00e9n la mayor estela de la cultura maya y valiosos atractivos naturales. Conoce m\u00e1s aqu\u00ed.","canonical_url":"https:\/\/soymigrante.com\/revista\/departamentos-de-guatemala-izabal-es-la-puerta-del-caribe\/","robots":"max-snippet:-1, max-image-preview:large, max-video-preview:-1","keywords":"","webmasterTools":{"miscellaneous":"&lt;link rel=\"preconnect\" href=\"https:\/\/fonts.googleapis.com\" crossorigin&gt;\n&lt;link rel=\"preconnect\" href=\"https:\/\/fonts.gstatic.com\" crossorigin&gt;"},"schema":null,"og:locale":"es_ES","og:site_name":"SoyMigrante.com REVISTA \u2013 Nuestra misi\u00f3n es reconocer y dignificar al migrante.","og:type":"article","og:title":"Departamentos de Guatemala: Izabal es la puerta del Caribe","og:description":"Izabal no solo posee el mayor lago de Guatemala, tambi\u00e9n la mayor estela de la cultura maya y valiosos atractivos naturales. Conoce m\u00e1s aqu\u00ed.","og:url":"https:\/\/soymigrante.com\/revista\/departamentos-de-guatemala-izabal-es-la-puerta-del-caribe\/","og:image":"https:\/\/soymigrante.com\/revista\/wp-content\/uploads\/2025\/01\/izabal.webp","og:image:secure_url":"https:\/\/soymigrante.com\/revista\/wp-content\/uploads\/2025\/01\/izabal.webp","og:image:width":713,"og:image:height":713,"article:published_time":"2025-01-17T13:00:00+00:00","article:modified_time":"2025-03-04T18:30:57+00:00","article:publisher":"https:\/\/www.facebook.com\/soymigrantecom","twitter:card":"summary_large_image","twitter:site":"@SoyMigrante_com","twitter:title":"Departamentos de Guatemala: Izabal es la puerta del Caribe","twitter:description":"Izabal no solo posee el mayor lago de Guatemala, tambi\u00e9n la mayor estela de la cultura maya y valiosos atractivos naturales. Conoce m\u00e1s aqu\u00ed.","twitter:creator":"@SoyMigrante_com","twitter:image":"https:\/\/soymigrante.com\/revista\/wp-content\/uploads\/2025\/01\/izabal.webp"},"aioseo_meta_data":{"post_id":"34156","title":null,"description":"El Cerro San Gil es un tesoro natural que se encuentra en Izabal y asombra por su belleza.","keywords":null,"keyphrases":{"focus":{"keyphrase":"Cerro San Gil","score":88,"analysis":{"keyphraseInTitle":{"score":9,"maxScore":9,"error":0},"keyphraseInDescription":{"score":9,"maxScore":9,"error":0},"keyphraseLength":{"score":9,"maxScore":9,"error":0,"length":3},"keyphraseInURL":{"score":1,"maxScore":5,"error":1}}},"additional":[]},"primary_term":null,"canonical_url":null,"og_title":null,"og_description":null,"og_object_type":"default","og_image_type":"default","og_image_url":null,"og_image_width":null,"og_image_height":null,"og_image_custom_url":null,"og_image_custom_fields":null,"og_video":"","og_custom_url":null,"og_article_section":null,"og_article_tags":null,"twitter_use_og":false,"twitter_card":"default","twitter_image_type":"default","twitter_image_url":null,"twitter_image_custom_url":null,"twitter_image_custom_fields":null,"twitter_title":null,"twitter_description":null,"schema":{"blockGraphs":[],"customGraphs":[],"default":{"data":{"Article":[],"Course":[],"Dataset":[],"FAQPage":[],"Movie":[],"Person":[],"Product":[],"ProductReview":[],"Car":[],"Recipe":[],"Service":[],"SoftwareApplication":[],"WebPage":[]},"graphName":"none","isEnabled":true},"graphs":[]},"schema_type":"default","schema_type_options":null,"pillar_content":false,"robots_default":true,"robots_noindex":false,"robots_noarchive":false,"robots_nosnippet":false,"robots_nofollow":false,"robots_noimageindex":false,"robots_noodp":false,"robots_notranslate":false,"robots_max_snippet":"-1","robots_max_videopreview":"-1","robots_max_imagepreview":"large","priority":null,"frequency":"default","local_seo":null,"seo_analyzer_scan_date":"2025-10-09 05:22:11","breadcrumb_settings":null,"limit_modified_date":false,"reviewed_by":null,"open_ai":"{\"title\":{\"suggestions\":[],\"usage\":0},\"description\":{\"suggestions\":[],\"usage\":0}}","ai":null,"created":"2025-05-21 19:11:29","updated":"2026-02-04 23:46:14"},"aioseo_breadcrumb":"<div class=\"aioseo-breadcrumbs\"><span class=\"aioseo-breadcrumb\">\n\t<a href=\"https:\/\/soymigrante.com\/revista\" title=\"Home\">Home<\/a>\n<\/span><span class=\"aioseo-breadcrumb-separator\">\u00bb<\/span><span class=\"aioseo-breadcrumb\">\n\t<a href=\"https:\/\/soymigrante.com\/revista\/category\/guate-nuestra\/\" title=\"Guate Nuestra\">Guate Nuestra<\/a>\n<\/span><span class=\"aioseo-breadcrumb-separator\">\u00bb<\/span><span class=\"aioseo-breadcrumb\">\n\tCerro San Gil: Un tesoro natural en el coraz\u00f3n de Izabal\n<\/span><\/div>","aioseo_breadcrumb_json":[{"label":"Home","link":"https:\/\/soymigrante.com\/revista"},{"label":"Guate Nuestra","link":"https:\/\/soymigrante.com\/revista\/category\/guate-nuestra\/"},{"label":"Cerro San Gil: Un tesoro natural en el coraz\u00f3n de Izabal","link":"https:\/\/soymigrante.com\/revista\/cerro-san-gil-un-tesoro-natural-en-el-corazon-de-izabal\/"}],"_links":{"self":[{"href":"https:\/\/soymigrante.com\/revista\/wp-json\/wp\/v2\/posts\/34156","targetHints":{"allow":["GET"]}}],"collection":[{"href":"https:\/\/soymigrante.com\/revista\/wp-json\/wp\/v2\/posts"}],"about":[{"href":"https:\/\/soymigrante.com\/revista\/wp-json\/wp\/v2\/types\/post"}],"author":[{"embeddable":true,"href":"https:\/\/soymigrante.com\/revista\/wp-json\/wp\/v2\/users\/19"}],"replies":[{"embeddable":true,"href":"https:\/\/soymigrante.com\/revista\/wp-json\/wp\/v2\/comments?post=34156"}],"version-history":[{"count":37,"href":"https:\/\/soymigrante.com\/revista\/wp-json\/wp\/v2\/posts\/34156\/revisions"}],"predecessor-version":[{"id":34339,"href":"https:\/\/soymigrante.com\/revista\/wp-json\/wp\/v2\/posts\/34156\/revisions\/34339"}],"wp:featuredmedia":[{"embeddable":true,"href":"https:\/\/soymigrante.com\/revista\/wp-json\/wp\/v2\/media\/34157"}],"wp:attachment":[{"href":"https:\/\/soymigrante.com\/revista\/wp-json\/wp\/v2\/media?parent=34156"}],"wp:term":[{"taxonomy":"category","embeddable":true,"href":"https:\/\/soymigrante.com\/revista\/wp-json\/wp\/v2\/categories?post=34156"},{"taxonomy":"post_tag","embeddable":true,"href":"https:\/\/soymigrante.com\/revista\/wp-json\/wp\/v2\/tags?post=34156"}],"curies":[{"name":"wp","href":"https:\/\/api.w.org\/{rel}","templated":true}]}}