{"id":34128,"date":"2025-06-03T04:00:00","date_gmt":"2025-06-03T10:00:00","guid":{"rendered":"https:\/\/soymigrante.com\/revista\/?p=34128"},"modified":"2025-06-02T20:54:24","modified_gmt":"2025-06-03T02:54:24","slug":"prevenir-riesgo-de-ictus-o-derrame-cerebral-consejos","status":"publish","type":"post","link":"https:\/\/soymigrante.com\/revista\/prevenir-riesgo-de-ictus-o-derrame-cerebral-consejos\/","title":{"rendered":"\u00bfSabes c\u00f3mo se puede prevenir el riesgo de ictus o derrame cerebral?"},"content":{"rendered":"\t\t<div data-elementor-type=\"wp-post\" data-elementor-id=\"34128\" class=\"elementor elementor-34128\" data-elementor-post-type=\"post\">\n\t\t\t\t<div data-particle_enable=\"false\" data-particle-mobile-disabled=\"false\" class=\"elementor-element elementor-element-2f94580 e-flex e-con-boxed e-con e-parent\" data-id=\"2f94580\" data-element_type=\"container\" data-e-type=\"container\">\n\t\t\t\t\t<div class=\"e-con-inner\">\n\t\t\t\t<div class=\"elementor-element elementor-element-e899eb0 elementor-widget elementor-widget-heading\" data-id=\"e899eb0\" data-element_type=\"widget\" data-e-type=\"widget\" data-widget_type=\"heading.default\">\n\t\t\t\t\t<h2 class=\"elementor-heading-title elementor-size-default\">Un derrame cerebral es de cuidado, pero se tiene que conocer los riesgos de este padecimiento. \n<\/h2>\t\t\t\t<\/div>\n\t\t\t\t\t<\/div>\n\t\t\t\t<\/div>\n\t\t<div data-particle_enable=\"false\" data-particle-mobile-disabled=\"false\" class=\"elementor-element elementor-element-b4f9893 e-flex e-con-boxed e-con e-parent\" data-id=\"b4f9893\" data-element_type=\"container\" data-e-type=\"container\">\n\t\t\t\t\t<div class=\"e-con-inner\">\n\t\t\t\t<div class=\"elementor-element elementor-element-0fa1191 elementor-widget elementor-widget-text-editor\" data-id=\"0fa1191\" data-element_type=\"widget\" data-e-type=\"widget\" data-widget_type=\"text-editor.default\">\n\t\t\t\t\t\t\t\t\t<p>Cada a\u00f1o, millones de personas en el mundo sufren un derrame cerebral o accidente cerebrovascular (ACV), <a href=\"https:\/\/soymigrante.com\/revista\/cuidar-tu-salud-dental-y-la-de-tu-familia-consejos-y-recursos-clave\/\" target=\"_blank\" rel=\"noopener\">una de las principales causas de muerte y discapacidad.<\/a> Sin embargo, m\u00e1s del 80% de los derrames cerebrales podr\u00edan prevenirse con cambios en el estilo de vida y atenci\u00f3n m\u00e9dica oportuna, seg\u00fan la Organizaci\u00f3n Mundial de la Salud (OMS).<\/p>\t\t\t\t\t\t\t\t<\/div>\n\t\t\t\t\t<\/div>\n\t\t\t\t<\/div>\n\t\t<div data-particle_enable=\"false\" data-particle-mobile-disabled=\"false\" class=\"elementor-element elementor-element-7f9fef2 e-flex e-con-boxed e-con e-parent\" data-id=\"7f9fef2\" data-element_type=\"container\" data-e-type=\"container\">\n\t\t\t\t\t<div class=\"e-con-inner\">\n\t\t\t\t<div class=\"elementor-element elementor-element-8fe0632 elementor-widget elementor-widget-heading\" data-id=\"8fe0632\" data-element_type=\"widget\" data-e-type=\"widget\" data-widget_type=\"heading.default\">\n\t\t\t\t\t<h3 class=\"elementor-heading-title elementor-size-default\">\u00bfQu\u00e9 es un derrame cerebral?<\/h3>\t\t\t\t<\/div>\n\t\t\t\t\t<\/div>\n\t\t\t\t<\/div>\n\t\t<div data-particle_enable=\"false\" data-particle-mobile-disabled=\"false\" class=\"elementor-element elementor-element-7f3e5cd e-flex e-con-boxed e-con e-parent\" data-id=\"7f3e5cd\" data-element_type=\"container\" data-e-type=\"container\">\n\t\t\t\t\t<div class=\"e-con-inner\">\n\t\t\t\t<div class=\"elementor-element elementor-element-5182373 elementor-widget elementor-widget-text-editor\" data-id=\"5182373\" data-element_type=\"widget\" data-e-type=\"widget\" data-widget_type=\"text-editor.default\">\n\t\t\t\t\t\t\t\t\t<p>El derrame cerebral ocurre cuando el flujo de sangre al cerebro se interrumpe, ya sea por un co\u00e1gulo (isqu\u00e9mico) o por la ruptura de un vaso sangu\u00edneo (hemorr\u00e1gico).<\/p><p><a href=\"https:\/\/soymigrante.com\/revista\/cuidar-tu-salud-dental-y-la-de-tu-familia-consejos-y-recursos-clave\/\" target=\"_blank\" rel=\"noopener\">Esta falta de ox\u00edgeno da\u00f1a las c\u00e9lulas cerebrales y puede causar p\u00e9rdida de movilidad,<\/a> dificultades para hablar, visi\u00f3n borrosa y, en casos graves, la muerte.<\/p>\t\t\t\t\t\t\t\t<\/div>\n\t\t\t\t\t<\/div>\n\t\t\t\t<\/div>\n\t\t<div data-particle_enable=\"false\" data-particle-mobile-disabled=\"false\" class=\"elementor-element elementor-element-c6d5361 e-flex e-con-boxed e-con e-parent\" data-id=\"c6d5361\" data-element_type=\"container\" data-e-type=\"container\">\n\t\t\t\t\t<div class=\"e-con-inner\">\n\t\t\t\t<div class=\"elementor-element elementor-element-73ce263 elementor-widget elementor-widget-image\" data-id=\"73ce263\" data-element_type=\"widget\" data-e-type=\"widget\" data-widget_type=\"image.default\">\n\t\t\t\t\t\t\t\t\t\t\t\t<figure class=\"wp-caption\">\n\t\t\t\t\t\t\t\t\t\t<img fetchpriority=\"high\" decoding=\"async\" width=\"768\" height=\"512\" src=\"https:\/\/soymigrante.com\/revista\/wp-content\/uploads\/2025\/05\/Prevenir-un-derrame-cerebral-la-importancia-de-conocer-los-riesgos2-1024x682.jpeg\" class=\"attachment-large size-large wp-image-34149\" alt=\"Modelos anat\u00f3micos del cerebro humano, aprendizaje m\u00e9dico, educaci\u00f3n en salud, ciencia neurol\u00f3gica para estudiantes y profesionales.\" srcset=\"https:\/\/soymigrante.com\/revista\/wp-content\/uploads\/2025\/05\/Prevenir-un-derrame-cerebral-la-importancia-de-conocer-los-riesgos2-1024x682.jpeg 1024w, https:\/\/soymigrante.com\/revista\/wp-content\/uploads\/2025\/05\/Prevenir-un-derrame-cerebral-la-importancia-de-conocer-los-riesgos2-300x200.jpeg 300w, https:\/\/soymigrante.com\/revista\/wp-content\/uploads\/2025\/05\/Prevenir-un-derrame-cerebral-la-importancia-de-conocer-los-riesgos2-768x512.jpeg 768w, https:\/\/soymigrante.com\/revista\/wp-content\/uploads\/2025\/05\/Prevenir-un-derrame-cerebral-la-importancia-de-conocer-los-riesgos2-1536x1023.jpeg 1536w, https:\/\/soymigrante.com\/revista\/wp-content\/uploads\/2025\/05\/Prevenir-un-derrame-cerebral-la-importancia-de-conocer-los-riesgos2-750x500.jpeg 750w, https:\/\/soymigrante.com\/revista\/wp-content\/uploads\/2025\/05\/Prevenir-un-derrame-cerebral-la-importancia-de-conocer-los-riesgos2-1140x760.jpeg 1140w, https:\/\/soymigrante.com\/revista\/wp-content\/uploads\/2025\/05\/Prevenir-un-derrame-cerebral-la-importancia-de-conocer-los-riesgos2.webp 1600w\" sizes=\"(max-width: 768px) 100vw, 768px\" title=\"Los profesionales recomiendan estar atentos a los signos. (Foto: ENVATO) \u2013 SoyMigrante.com REVISTA\" \/>\t\t\t\t\t\t\t\t\t\t\t<figcaption class=\"widget-image-caption wp-caption-text\">Modelo anat\u00f3mico del cerebro humano en educaci\u00f3n m\u00e9dica y salud, usado para ense\u00f1ar neuroanatom\u00eda y promover la ciencia neurol\u00f3gica.<\/figcaption>\n\t\t\t\t\t\t\t\t\t\t<\/figure>\n\t\t\t\t\t\t\t\t\t<\/div>\n\t\t\t\t\t<\/div>\n\t\t\t\t<\/div>\n\t\t<div data-particle_enable=\"false\" data-particle-mobile-disabled=\"false\" class=\"elementor-element elementor-element-d617486 e-flex e-con-boxed e-con e-parent\" data-id=\"d617486\" data-element_type=\"container\" data-e-type=\"container\">\n\t\t\t\t\t<div class=\"e-con-inner\">\n\t\t\t\t<div class=\"elementor-element elementor-element-bcf38e5 elementor-widget elementor-widget-heading\" data-id=\"bcf38e5\" data-element_type=\"widget\" data-e-type=\"widget\" data-widget_type=\"heading.default\">\n\t\t\t\t\t<h3 class=\"elementor-heading-title elementor-size-default\">Recomendaciones para prevenirlo<\/h3>\t\t\t\t<\/div>\n\t\t\t\t\t<\/div>\n\t\t\t\t<\/div>\n\t\t<div data-particle_enable=\"false\" data-particle-mobile-disabled=\"false\" class=\"elementor-element elementor-element-e11572f e-flex e-con-boxed e-con e-parent\" data-id=\"e11572f\" data-element_type=\"container\" data-e-type=\"container\">\n\t\t\t\t\t<div class=\"e-con-inner\">\n\t\t\t\t<div class=\"elementor-element elementor-element-b41e8bd elementor-widget elementor-widget-text-editor\" data-id=\"b41e8bd\" data-element_type=\"widget\" data-e-type=\"widget\" data-widget_type=\"text-editor.default\">\n\t\t\t\t\t\t\t\t\t<div>La prevenci\u00f3n comienza con el control de los factores de riesgo. La doctora Ana Luc\u00eda Ramos, neur\u00f3loga del Hospital General San Juan de Dios, explica que los m\u00e1s comunes son:<\/div><div>\u2022Hipertensi\u00f3n arterial: \u201c<em>Es el principal factor de riesgo. Una presi\u00f3n arterial alta sin control multiplica las posibilidades de un ACV<\/em>\u201d, indica.<\/div><div>\u2022Diabetes mal controlada<\/div><div>\u2022Colesterol elevado<\/div><div>\u2022Tabaquismo<\/div><div>\u2022Obesidad<\/div><div>\u2022Sedentarismo<\/div><div>\u2022Estr\u00e9s cr\u00f3nico<\/div><div>\u2022Consumo excesivo de alcohol<\/div>\t\t\t\t\t\t\t\t<\/div>\n\t\t\t\t\t<\/div>\n\t\t\t\t<\/div>\n\t\t<div data-particle_enable=\"false\" data-particle-mobile-disabled=\"false\" class=\"elementor-element elementor-element-05e90ac e-flex e-con-boxed e-con e-parent\" data-id=\"05e90ac\" data-element_type=\"container\" data-e-type=\"container\">\n\t\t\t\t\t<div class=\"e-con-inner\">\n\t\t\t\t<div class=\"elementor-element elementor-element-5f05bb2 elementor-widget elementor-widget-heading\" data-id=\"5f05bb2\" data-element_type=\"widget\" data-e-type=\"widget\" data-widget_type=\"heading.default\">\n\t\t\t\t\t<h3 class=\"elementor-heading-title elementor-size-default\">Ramos recomienda realizar controles m\u00e9dicos regulares y adoptar h\u00e1bitos saludables:<\/h3>\t\t\t\t<\/div>\n\t\t\t\t\t<\/div>\n\t\t\t\t<\/div>\n\t\t<div data-particle_enable=\"false\" data-particle-mobile-disabled=\"false\" class=\"elementor-element elementor-element-46b2bdf e-flex e-con-boxed e-con e-parent\" data-id=\"46b2bdf\" data-element_type=\"container\" data-e-type=\"container\">\n\t\t\t\t\t<div class=\"e-con-inner\">\n\t\t\t\t<div class=\"elementor-element elementor-element-8292510 elementor-widget elementor-widget-text-editor\" data-id=\"8292510\" data-element_type=\"widget\" data-e-type=\"widget\" data-widget_type=\"text-editor.default\">\n\t\t\t\t\t\t\t\t\t<div>\u2022Hacer al menos 30 minutos de ejercicio al d\u00eda.<\/div><div>\u2022Comer frutas, verduras y reducir el consumo de sal y grasas saturadas.<\/div><div>\u2022Dormir bien y mantener una rutina.<\/div><div>\u2022No fumar y evitar el consumo excesivo de alcohol.<\/div><div>\u2022Medir la presi\u00f3n arterial y el az\u00facar en sangre con frecuencia.<\/div>\t\t\t\t\t\t\t\t<\/div>\n\t\t\t\t\t<\/div>\n\t\t\t\t<\/div>\n\t\t<div data-particle_enable=\"false\" data-particle-mobile-disabled=\"false\" class=\"elementor-element elementor-element-e4e774c e-flex e-con-boxed e-con e-parent\" data-id=\"e4e774c\" data-element_type=\"container\" data-e-type=\"container\">\n\t\t\t\t\t<div class=\"e-con-inner\">\n\t\t\t\t<div class=\"elementor-element elementor-element-7e24769 elementor-widget elementor-widget-image\" data-id=\"7e24769\" data-element_type=\"widget\" data-e-type=\"widget\" data-widget_type=\"image.default\">\n\t\t\t\t\t\t\t\t\t\t\t\t<figure class=\"wp-caption\">\n\t\t\t\t\t\t\t\t\t\t<img decoding=\"async\" width=\"768\" height=\"530\" src=\"https:\/\/soymigrante.com\/revista\/wp-content\/uploads\/2025\/05\/Prevenir-un-derrame-cerebral-la-importancia-de-conocer-los-riesgos3-1024x706.jpeg\" class=\"attachment-large size-large wp-image-34150\" alt=\"Tecnolog\u00eda m\u00e9dica, electroencefalograma, an\u00e1lisis cerebral, salud y bienestar, innovaci\u00f3n en neurolog\u00eda.\" srcset=\"https:\/\/soymigrante.com\/revista\/wp-content\/uploads\/2025\/05\/Prevenir-un-derrame-cerebral-la-importancia-de-conocer-los-riesgos3-1024x706.jpeg 1024w, https:\/\/soymigrante.com\/revista\/wp-content\/uploads\/2025\/05\/Prevenir-un-derrame-cerebral-la-importancia-de-conocer-los-riesgos3-300x207.jpeg 300w, https:\/\/soymigrante.com\/revista\/wp-content\/uploads\/2025\/05\/Prevenir-un-derrame-cerebral-la-importancia-de-conocer-los-riesgos3-768x529.jpeg 768w, https:\/\/soymigrante.com\/revista\/wp-content\/uploads\/2025\/05\/Prevenir-un-derrame-cerebral-la-importancia-de-conocer-los-riesgos3-1536x1059.jpeg 1536w, https:\/\/soymigrante.com\/revista\/wp-content\/uploads\/2025\/05\/Prevenir-un-derrame-cerebral-la-importancia-de-conocer-los-riesgos3-750x517.jpeg 750w, https:\/\/soymigrante.com\/revista\/wp-content\/uploads\/2025\/05\/Prevenir-un-derrame-cerebral-la-importancia-de-conocer-los-riesgos3-1140x786.jpeg 1140w, https:\/\/soymigrante.com\/revista\/wp-content\/uploads\/2025\/05\/Prevenir-un-derrame-cerebral-la-importancia-de-conocer-los-riesgos3.webp 1600w\" sizes=\"(max-width: 768px) 100vw, 768px\" title=\"Los profesionales recomiendan hacerse constantes chequeos de salud. (Foto: ENVATO) \u2013 SoyMigrante.com REVISTA\" \/>\t\t\t\t\t\t\t\t\t\t\t<figcaption class=\"widget-image-caption wp-caption-text\">Imagen que representa estudios de salud neurol\u00f3gica en adultos mayores, destacado en la revista SoyMigrante.com REVISTA.<\/figcaption>\n\t\t\t\t\t\t\t\t\t\t<\/figure>\n\t\t\t\t\t\t\t\t\t<\/div>\n\t\t\t\t\t<\/div>\n\t\t\t\t<\/div>\n\t\t<div data-particle_enable=\"false\" data-particle-mobile-disabled=\"false\" class=\"elementor-element elementor-element-c246d43 e-flex e-con-boxed e-con e-parent\" data-id=\"c246d43\" data-element_type=\"container\" data-e-type=\"container\">\n\t\t\t\t\t<div class=\"e-con-inner\">\n\t\t\t\t<div class=\"elementor-element elementor-element-9a93f16 elementor-widget elementor-widget-heading\" data-id=\"9a93f16\" data-element_type=\"widget\" data-e-type=\"widget\" data-widget_type=\"heading.default\">\n\t\t\t\t\t<h3 class=\"elementor-heading-title elementor-size-default\">C\u00f3mo actuar ante una se\u00f1al de alerta<\/h3>\t\t\t\t<\/div>\n\t\t\t\t\t<\/div>\n\t\t\t\t<\/div>\n\t\t<div data-particle_enable=\"false\" data-particle-mobile-disabled=\"false\" class=\"elementor-element elementor-element-43da39c e-flex e-con-boxed e-con e-parent\" data-id=\"43da39c\" data-element_type=\"container\" data-e-type=\"container\">\n\t\t\t\t\t<div class=\"e-con-inner\">\n\t\t\t\t<div class=\"elementor-element elementor-element-bd21737 elementor-widget elementor-widget-text-editor\" data-id=\"bd21737\" data-element_type=\"widget\" data-e-type=\"widget\" data-widget_type=\"text-editor.default\">\n\t\t\t\t\t\t\t\t\t<div><a href=\"https:\/\/soymigrante.com\/revista\/cuidar-tu-salud-dental-y-la-de-tu-familia-consejos-y-recursos-clave\/\" target=\"_blank\" rel=\"noopener\">Reconocer los s\u00edntomas puede marcar la diferencia entre la vida y la muerte<\/a>. La American Stroke Association (ASA) promueve la regla \u201cFAST\u201d, por sus siglas en ingl\u00e9s:<\/div><div>\u2022F (Face): \u00bfSe cae un lado de la cara?<\/div><div>\u2022A (Arms): \u00bfPuede levantar ambos brazos?<\/div><div>\u2022S (Speech): \u00bfHabla con dificultad o de forma extra\u00f1a?<\/div><div>\u2022T (Time): Si hay alguna se\u00f1al, llame al 911 inmediatamente.<\/div><div>\u00a0<\/div><div>\u201c<em>El tiempo es cerebro<\/em>\u201d, afirma la neur\u00f3loga. Cuanto antes reciba atenci\u00f3n m\u00e9dica el paciente, mayores ser\u00e1n las probabilidades de recuperaci\u00f3n.<\/div>\t\t\t\t\t\t\t\t<\/div>\n\t\t\t\t\t<\/div>\n\t\t\t\t<\/div>\n\t\t<div data-particle_enable=\"false\" data-particle-mobile-disabled=\"false\" class=\"elementor-element elementor-element-3929270 e-flex e-con-boxed e-con e-parent\" data-id=\"3929270\" data-element_type=\"container\" data-e-type=\"container\">\n\t\t\t\t\t<div class=\"e-con-inner\">\n\t\t\t\t<div class=\"elementor-element elementor-element-62e2b02 elementor-widget elementor-widget-heading\" data-id=\"62e2b02\" data-element_type=\"widget\" data-e-type=\"widget\" data-widget_type=\"heading.default\">\n\t\t\t\t\t<h3 class=\"elementor-heading-title elementor-size-default\">Educaci\u00f3n y prevenci\u00f3n comunitaria<\/h3>\t\t\t\t<\/div>\n\t\t\t\t\t<\/div>\n\t\t\t\t<\/div>\n\t\t<div data-particle_enable=\"false\" data-particle-mobile-disabled=\"false\" class=\"elementor-element elementor-element-019ed86 e-flex e-con-boxed e-con e-parent\" data-id=\"019ed86\" data-element_type=\"container\" data-e-type=\"container\">\n\t\t\t\t\t<div class=\"e-con-inner\">\n\t\t\t\t<div class=\"elementor-element elementor-element-5f4dd8a elementor-widget elementor-widget-text-editor\" data-id=\"5f4dd8a\" data-element_type=\"widget\" data-e-type=\"widget\" data-widget_type=\"text-editor.default\">\n\t\t\t\t\t\t\t\t\t<p>Organizaciones como la Fundaci\u00f3n Nacional del Coraz\u00f3n y Derrame Cerebral de Guatemala promueven campa\u00f1as informativas, jornadas m\u00e9dicas y estilos de vida saludables en comunidades rurales y urbanas. Seg\u00fan sus datos, en los \u00faltimos tres a\u00f1os, los casos de derrames cerebrales han aumentado en personas menores de 50 a\u00f1os,<a href=\"https:\/\/soymigrante.com\/revista\/cuidar-tu-salud-dental-y-la-de-tu-familia-consejos-y-recursos-clave\/\" target=\"_blank\" rel=\"noopener\"> lo que se asocia con el aumento de estr\u00e9s y sedentarismo.<\/a><\/p>\t\t\t\t\t\t\t\t<\/div>\n\t\t\t\t\t<\/div>\n\t\t\t\t<\/div>\n\t\t<div data-particle_enable=\"false\" data-particle-mobile-disabled=\"false\" class=\"elementor-element elementor-element-621a06b e-flex e-con-boxed e-con e-parent\" data-id=\"621a06b\" data-element_type=\"container\" data-e-type=\"container\">\n\t\t\t\t\t<div class=\"e-con-inner\">\n\t\t\t\t<div class=\"elementor-element elementor-element-2e648eb elementor-widget elementor-widget-heading\" data-id=\"2e648eb\" data-element_type=\"widget\" data-e-type=\"widget\" data-widget_type=\"heading.default\">\n\t\t\t\t\t<h3 class=\"elementor-heading-title elementor-size-default\">Un llamado a la prevenci\u00f3n<\/h3>\t\t\t\t<\/div>\n\t\t\t\t\t<\/div>\n\t\t\t\t<\/div>\n\t\t<div data-particle_enable=\"false\" data-particle-mobile-disabled=\"false\" class=\"elementor-element elementor-element-b8c9eba e-flex e-con-boxed e-con e-parent\" data-id=\"b8c9eba\" data-element_type=\"container\" data-e-type=\"container\">\n\t\t\t\t\t<div class=\"e-con-inner\">\n\t\t\t\t<div class=\"elementor-element elementor-element-ef739c8 elementor-widget elementor-widget-text-editor\" data-id=\"ef739c8\" data-element_type=\"widget\" data-e-type=\"widget\" data-widget_type=\"text-editor.default\">\n\t\t\t\t\t\t\t\t\t<p><a href=\"https:\/\/soymigrante.com\/revista\/cuidar-tu-salud-dental-y-la-de-tu-familia-consejos-y-recursos-clave\/\" target=\"_blank\" rel=\"noopener\">Prevenir un derrame cerebral est\u00e1 en nuestras manos.<\/a> Adoptar un estilo de vida saludable, educarse y prestar atenci\u00f3n a los factores de riesgo es la mejor defensa ante una condici\u00f3n que, si bien es grave, en muchos casos se puede evitar.<\/p>\t\t\t\t\t\t\t\t<\/div>\n\t\t\t\t\t<\/div>\n\t\t\t\t<\/div>\n\t\t<div data-particle_enable=\"false\" data-particle-mobile-disabled=\"false\" class=\"elementor-element elementor-element-cf593c3 e-flex e-con-boxed e-con e-parent\" data-id=\"cf593c3\" data-element_type=\"container\" data-e-type=\"container\">\n\t\t\t\t\t<div class=\"e-con-inner\">\n\t\t\t\t<div class=\"elementor-element elementor-element-2f7afcc elementor-widget elementor-widget-heading\" data-id=\"2f7afcc\" data-element_type=\"widget\" data-e-type=\"widget\" data-widget_type=\"heading.default\">\n\t\t\t\t\t<h2 class=\"elementor-heading-title elementor-size-default\">Conoce m\u00e1s temas de salud, ac\u00e1...<\/h2>\t\t\t\t<\/div>\n\t\t\t\t\t<\/div>\n\t\t\t\t<\/div>\n\t\t<div data-particle_enable=\"false\" data-particle-mobile-disabled=\"false\" class=\"elementor-element elementor-element-5e667c2 e-flex e-con-boxed e-con e-parent\" data-id=\"5e667c2\" data-element_type=\"container\" data-e-type=\"container\">\n\t\t\t\t\t<div class=\"e-con-inner\">\n\t\t\t\t<div class=\"elementor-element elementor-element-2bcc30b elementor-grid-eael-col-3 elementor-grid-tablet-eael-col-2 elementor-grid-mobile-eael-col-1 elementor-widget elementor-widget-eael-post-grid\" data-id=\"2bcc30b\" data-element_type=\"widget\" data-e-type=\"widget\" data-settings=\"{&quot;eael_post_grid_columns&quot;:&quot;eael-col-3&quot;,&quot;eael_post_grid_columns_tablet&quot;:&quot;eael-col-2&quot;,&quot;eael_post_grid_columns_mobile&quot;:&quot;eael-col-1&quot;}\" data-widget_type=\"eael-post-grid.default\">\n\t\t\t\t\t<div id=\"eael-post-grid-2bcc30b\" class=\"eael-post-grid-container\">\n            <div class=\"eael-post-grid eael-post-appender eael-post-appender-2bcc30b eael-post-grid-style-one\" data-layout-mode=\"masonry\"><article class=\"eael-grid-post  eael-post-grid-column eael-pg-post-33890 category-bienestar\" data-id=\"33890\">\n        <div class=\"eael-grid-post-holder\">\n            <div class=\"eael-grid-post-holder-inner\"><div class=\"eael-entry-media\"><div class=\"eael-entry-overlay fade-in\"><i class=\"far fa-hand-pointer\" aria-hidden=\"true\"><\/i><a href=\"https:\/\/soymigrante.com\/revista\/consejopara-cuidar-tus-ojos-en-el-trabajo-en-casa-y-en-la-calle\/\"><\/a><\/div><div class=\"eael-entry-thumbnail \">\n                <img decoding=\"async\" width=\"1024\" height=\"1024\" src=\"https:\/\/soymigrante.com\/revista\/wp-content\/uploads\/2025\/05\/cuidado-de-la-vista-1024x1024.jpg\" class=\"attachment-large size-large wp-image-33929\" alt=\"Maquillaje natural y cuidado de la piel para migrantes: consejos y tendencias en belleza para fortalecer la autoestima en la comunidad migrante.\" srcset=\"https:\/\/soymigrante.com\/revista\/wp-content\/uploads\/2025\/05\/cuidado-de-la-vista-1024x1024.jpg 1024w, https:\/\/soymigrante.com\/revista\/wp-content\/uploads\/2025\/05\/cuidado-de-la-vista-300x300.jpg 300w, https:\/\/soymigrante.com\/revista\/wp-content\/uploads\/2025\/05\/cuidado-de-la-vista-150x150.jpg 150w, https:\/\/soymigrante.com\/revista\/wp-content\/uploads\/2025\/05\/cuidado-de-la-vista-768x768.jpg 768w, https:\/\/soymigrante.com\/revista\/wp-content\/uploads\/2025\/05\/cuidado-de-la-vista-1536x1536.jpg 1536w, https:\/\/soymigrante.com\/revista\/wp-content\/uploads\/2025\/05\/cuidado-de-la-vista-2048x2048.jpg 2048w, https:\/\/soymigrante.com\/revista\/wp-content\/uploads\/2025\/05\/cuidado-de-la-vista-75x75.webp 75w, https:\/\/soymigrante.com\/revista\/wp-content\/uploads\/2025\/05\/cuidado-de-la-vista-750x750.webp 750w, https:\/\/soymigrante.com\/revista\/wp-content\/uploads\/2025\/05\/cuidado-de-la-vista-1140x1140.webp 1140w, https:\/\/soymigrante.com\/revista\/wp-content\/uploads\/2025\/05\/cuidado-de-la-vista-scaled.webp 1920w\" sizes=\"(max-width: 1024px) 100vw, 1024px\" \/>\n            <\/div>\n        <\/div><div class=\"eael-entry-wrapper\"><header class=\"eael-entry-header\"><h2 class=\"eael-entry-title\"><a class=\"eael-grid-post-link\" href=\"https:\/\/soymigrante.com\/revista\/consejopara-cuidar-tus-ojos-en-el-trabajo-en-casa-y-en-la-calle\/\" title=\"Consejos para cuidar tus ojos en el trabajo, en casa y en la calle\">Consejos para cuidar tus ojos en el trabajo, en casa y en la calle<\/a><\/h2><\/header><div class=\"eael-entry-content\">\n                        <div class=\"eael-grid-post-excerpt\"><a href=\"https:\/\/soymigrante.com\/revista\/consejopara-cuidar-tus-ojos-en-el-trabajo-en-casa-y-en-la-calle\/\" class=\"eael-post-elements-readmore-btn\">CONOCE SU HISTORIA <\/a><\/div>\n                    <\/div><\/div><\/div>\n        <\/div>\n    <\/article><article class=\"eael-grid-post  eael-post-grid-column eael-pg-post-19785 category-bienestar\" data-id=\"19785\">\n        <div class=\"eael-grid-post-holder\">\n            <div class=\"eael-grid-post-holder-inner\"><div class=\"eael-entry-media\"><div class=\"eael-entry-overlay fade-in\"><i class=\"far fa-hand-pointer\" aria-hidden=\"true\"><\/i><a href=\"https:\/\/soymigrante.com\/revista\/cuidarse-las-unas-y-las-manos-trabajando-en-estados-unidos\/\"><\/a><\/div><div class=\"eael-entry-thumbnail \">\n                <img loading=\"lazy\" decoding=\"async\" width=\"936\" height=\"936\" src=\"https:\/\/soymigrante.com\/revista\/wp-content\/uploads\/2025\/01\/proteger-manos.webp\" class=\"attachment-large size-large wp-image-20184\" alt=\"Corta descripci\u00f3n de la imagen.\" srcset=\"https:\/\/soymigrante.com\/revista\/wp-content\/uploads\/2025\/01\/proteger-manos.webp 936w, https:\/\/soymigrante.com\/revista\/wp-content\/uploads\/2025\/01\/proteger-manos-300x300.jpg 300w, https:\/\/soymigrante.com\/revista\/wp-content\/uploads\/2025\/01\/proteger-manos-150x150.jpg 150w, https:\/\/soymigrante.com\/revista\/wp-content\/uploads\/2025\/01\/proteger-manos-768x768.jpg 768w, https:\/\/soymigrante.com\/revista\/wp-content\/uploads\/2025\/01\/proteger-manos-75x75.webp 75w, https:\/\/soymigrante.com\/revista\/wp-content\/uploads\/2025\/01\/proteger-manos-750x750.webp 750w\" sizes=\"(max-width: 936px) 100vw, 936px\" \/>\n            <\/div>\n        <\/div><div class=\"eael-entry-wrapper\"><header class=\"eael-entry-header\"><h2 class=\"eael-entry-title\"><a class=\"eael-grid-post-link\" href=\"https:\/\/soymigrante.com\/revista\/cuidarse-las-unas-y-las-manos-trabajando-en-estados-unidos\/\" title=\"\u00bfCuidarse las u\u00f1as y las manos trabajando en Estados Unidos?\">\u00bfCuidarse las u\u00f1as y las manos trabajando en Estados Unidos?<\/a><\/h2><\/header><div class=\"eael-entry-content\">\n                        <div class=\"eael-grid-post-excerpt\"><a href=\"https:\/\/soymigrante.com\/revista\/cuidarse-las-unas-y-las-manos-trabajando-en-estados-unidos\/\" class=\"eael-post-elements-readmore-btn\">CONOCE SU HISTORIA <\/a><\/div>\n                    <\/div><\/div><\/div>\n        <\/div>\n    <\/article><article class=\"eael-grid-post  eael-post-grid-column eael-pg-post-9250 category-bienestar\" data-id=\"9250\">\n        <div class=\"eael-grid-post-holder\">\n            <div class=\"eael-grid-post-holder-inner\"><div class=\"eael-entry-media\"><div class=\"eael-entry-overlay fade-in\"><i class=\"far fa-hand-pointer\" aria-hidden=\"true\"><\/i><a href=\"https:\/\/soymigrante.com\/revista\/salud-preventiva-enfermedades-cronicas-afectan-mas-a-hombres-en-usa\/\"><\/a><\/div><div class=\"eael-entry-thumbnail \">\n                <img loading=\"lazy\" decoding=\"async\" width=\"1024\" height=\"1024\" src=\"https:\/\/soymigrante.com\/revista\/wp-content\/uploads\/2024\/09\/cheque-medico-hombres-soy-migrante2-1024x1024.webp\" class=\"attachment-large size-large wp-image-9256\" alt=\"Medicamento, consulta m\u00e9dica, tratamiento farmac\u00e9utico, salud, atenci\u00f3n m\u00e9dica.\" srcset=\"https:\/\/soymigrante.com\/revista\/wp-content\/uploads\/2024\/09\/cheque-medico-hombres-soy-migrante2-1024x1024.webp 1024w, https:\/\/soymigrante.com\/revista\/wp-content\/uploads\/2024\/09\/cheque-medico-hombres-soy-migrante2-300x300.webp 300w, https:\/\/soymigrante.com\/revista\/wp-content\/uploads\/2024\/09\/cheque-medico-hombres-soy-migrante2-150x150.webp 150w, https:\/\/soymigrante.com\/revista\/wp-content\/uploads\/2024\/09\/cheque-medico-hombres-soy-migrante2-768x768.webp 768w, https:\/\/soymigrante.com\/revista\/wp-content\/uploads\/2024\/09\/cheque-medico-hombres-soy-migrante2-1536x1536.webp 1536w, https:\/\/soymigrante.com\/revista\/wp-content\/uploads\/2024\/09\/cheque-medico-hombres-soy-migrante2-scaled.webp 1920w, https:\/\/soymigrante.com\/revista\/wp-content\/uploads\/2024\/09\/cheque-medico-hombres-soy-migrante2-75x75.webp 75w, https:\/\/soymigrante.com\/revista\/wp-content\/uploads\/2024\/09\/cheque-medico-hombres-soy-migrante2-750x750.webp 750w, https:\/\/soymigrante.com\/revista\/wp-content\/uploads\/2024\/09\/cheque-medico-hombres-soy-migrante2-1140x1140.webp 1140w\" sizes=\"(max-width: 1024px) 100vw, 1024px\" \/>\n            <\/div>\n        <\/div><div class=\"eael-entry-wrapper\"><header class=\"eael-entry-header\"><h2 class=\"eael-entry-title\"><a class=\"eael-grid-post-link\" href=\"https:\/\/soymigrante.com\/revista\/salud-preventiva-enfermedades-cronicas-afectan-mas-a-hombres-en-usa\/\" title=\"Salud preventiva: Enfermedades cr\u00f3nicas afectan m\u00e1s a hombres en USA\">Salud preventiva: Enfermedades cr\u00f3nicas afectan m\u00e1s a hombres en USA<\/a><\/h2><\/header><div class=\"eael-entry-content\">\n                        <div class=\"eael-grid-post-excerpt\"><a href=\"https:\/\/soymigrante.com\/revista\/salud-preventiva-enfermedades-cronicas-afectan-mas-a-hombres-en-usa\/\" class=\"eael-post-elements-readmore-btn\">CONOCE SU HISTORIA <\/a><\/div>\n                    <\/div><\/div><\/div>\n        <\/div>\n    <\/article><\/div>\n            <div class=\"clearfix\"><\/div>\n        <\/div>\t\t\t\t<\/div>\n\t\t\t\t\t<\/div>\n\t\t\t\t<\/div>\n\t\t\t\t<\/div>\n\t\t","protected":false},"excerpt":{"rendered":"<p>Un derrame cerebral es de cuidado, pero se tiene que conocer los riesgos de este padecimiento. Cada a\u00f1o, millones de personas en el mundo sufren un derrame cerebral o accidente cerebrovascular (ACV), una de las principales causas de muerte y discapacidad. Sin embargo, m\u00e1s del 80% de los derrames cerebrales podr\u00edan prevenirse con cambios en [&hellip;]<\/p>\n","protected":false},"author":19,"featured_media":34129,"comment_status":"open","ping_status":"open","sticky":false,"template":"","format":"standard","meta":{"_acf_changed":false,"_eb_attr":"","footnotes":""},"categories":[55],"tags":[],"class_list":["post-34128","post","type-post","status-publish","format-standard","has-post-thumbnail","hentry","category-bienestar"],"acf":[],"aioseo_notices":[],"aioseo_head":"\n\t\t<!-- All in One SEO Pro 4.9.6.2 - aioseo.com -->\n\t<meta name=\"description\" content=\"De acuerdo con el Instituto Nacional de la Salud de USA, los hombres tienen una esperanza de vida de seis a\u00f1os menos que las mujeres\" \/>\n\t<meta name=\"robots\" content=\"max-snippet:-1, max-image-preview:large, max-video-preview:-1\" \/>\n\t<meta name=\"author\" content=\"Beatriz Tercero\"\/>\n\t<link rel=\"canonical\" href=\"https:\/\/soymigrante.com\/revista\/salud-preventiva-enfermedades-cronicas-afectan-mas-a-hombres-en-usa\/\" \/>\n\t<meta name=\"generator\" content=\"All in One SEO Pro (AIOSEO) 4.9.6.2\" \/>\n\n\t\t<link rel=\"preconnect\" href=\"https:\/\/fonts.googleapis.com\" crossorigin>\n<link rel=\"preconnect\" href=\"https:\/\/fonts.gstatic.com\" crossorigin>\n\t\t<meta property=\"og:locale\" content=\"es_ES\" \/>\n\t\t<meta property=\"og:site_name\" content=\"SoyMigrante.com REVISTA \u2013 Nuestra misi\u00f3n es reconocer y dignificar al migrante.\" \/>\n\t\t<meta property=\"og:type\" content=\"article\" \/>\n\t\t<meta property=\"og:title\" content=\"Salud preventiva: Enfermedades cr\u00f3nicas afectan m\u00e1s a hombres en USA\" \/>\n\t\t<meta property=\"og:description\" content=\"De acuerdo con el Instituto Nacional de la Salud de USA, los hombres tienen una esperanza de vida de seis a\u00f1os menos que las mujeres\" \/>\n\t\t<meta property=\"og:url\" content=\"https:\/\/soymigrante.com\/revista\/salud-preventiva-enfermedades-cronicas-afectan-mas-a-hombres-en-usa\/\" \/>\n\t\t<meta property=\"og:image\" content=\"https:\/\/soymigrante.com\/revista\/wp-content\/uploads\/2024\/09\/cheque-medico-hombres-soy-migrante2-scaled.webp\" \/>\n\t\t<meta property=\"og:image:secure_url\" content=\"https:\/\/soymigrante.com\/revista\/wp-content\/uploads\/2024\/09\/cheque-medico-hombres-soy-migrante2-scaled.webp\" \/>\n\t\t<meta property=\"og:image:width\" content=\"1920\" \/>\n\t\t<meta property=\"og:image:height\" content=\"1920\" \/>\n\t\t<meta property=\"article:published_time\" content=\"2024-09-16T17:04:09+00:00\" \/>\n\t\t<meta property=\"article:modified_time\" content=\"2024-09-16T20:59:38+00:00\" \/>\n\t\t<meta property=\"article:publisher\" content=\"https:\/\/www.facebook.com\/soymigrantecom\" \/>\n\t\t<meta name=\"twitter:card\" content=\"summary_large_image\" \/>\n\t\t<meta name=\"twitter:site\" content=\"@SoyMigrante_com\" \/>\n\t\t<meta name=\"twitter:title\" content=\"Salud preventiva: Enfermedades cr\u00f3nicas afectan m\u00e1s a hombres en USA\" \/>\n\t\t<meta name=\"twitter:description\" content=\"De acuerdo con el Instituto Nacional de la Salud de USA, los hombres tienen una esperanza de vida de seis a\u00f1os menos que las mujeres\" \/>\n\t\t<meta name=\"twitter:creator\" content=\"@SoyMigrante_com\" \/>\n\t\t<meta name=\"twitter:image\" content=\"https:\/\/soymigrante.com\/revista\/wp-content\/uploads\/2024\/09\/cheque-medico-hombres-soy-migrante2-scaled.webp\" \/>\n\t\t<!-- All in One SEO Pro -->\r\n\t\t<title>Salud preventiva: Enfermedades cr\u00f3nicas afectan m\u00e1s a hombres en USA<\/title>\n\n","aioseo_head_json":{"title":"Salud preventiva: Enfermedades cr\u00f3nicas afectan m\u00e1s a hombres en USA","description":"De acuerdo con el Instituto Nacional de la Salud de USA, los hombres tienen una esperanza de vida de seis a\u00f1os menos que las mujeres","canonical_url":"https:\/\/soymigrante.com\/revista\/salud-preventiva-enfermedades-cronicas-afectan-mas-a-hombres-en-usa\/","robots":"max-snippet:-1, max-image-preview:large, max-video-preview:-1","keywords":"","webmasterTools":{"miscellaneous":"&lt;link rel=\"preconnect\" href=\"https:\/\/fonts.googleapis.com\" crossorigin&gt;\n&lt;link rel=\"preconnect\" href=\"https:\/\/fonts.gstatic.com\" crossorigin&gt;"},"schema":null,"og:locale":"es_ES","og:site_name":"SoyMigrante.com REVISTA \u2013 Nuestra misi\u00f3n es reconocer y dignificar al migrante.","og:type":"article","og:title":"Salud preventiva: Enfermedades cr\u00f3nicas afectan m\u00e1s a hombres en USA","og:description":"De acuerdo con el Instituto Nacional de la Salud de USA, los hombres tienen una esperanza de vida de seis a\u00f1os menos que las mujeres","og:url":"https:\/\/soymigrante.com\/revista\/salud-preventiva-enfermedades-cronicas-afectan-mas-a-hombres-en-usa\/","og:image":"https:\/\/soymigrante.com\/revista\/wp-content\/uploads\/2024\/09\/cheque-medico-hombres-soy-migrante2-scaled.webp","og:image:secure_url":"https:\/\/soymigrante.com\/revista\/wp-content\/uploads\/2024\/09\/cheque-medico-hombres-soy-migrante2-scaled.webp","og:image:width":1920,"og:image:height":1920,"article:published_time":"2024-09-16T17:04:09+00:00","article:modified_time":"2024-09-16T20:59:38+00:00","article:publisher":"https:\/\/www.facebook.com\/soymigrantecom","twitter:card":"summary_large_image","twitter:site":"@SoyMigrante_com","twitter:title":"Salud preventiva: Enfermedades cr\u00f3nicas afectan m\u00e1s a hombres en USA","twitter:description":"De acuerdo con el Instituto Nacional de la Salud de USA, los hombres tienen una esperanza de vida de seis a\u00f1os menos que las mujeres","twitter:creator":"@SoyMigrante_com","twitter:image":"https:\/\/soymigrante.com\/revista\/wp-content\/uploads\/2024\/09\/cheque-medico-hombres-soy-migrante2-scaled.webp"},"aioseo_meta_data":{"post_id":"34128","title":null,"description":"Un derrame cerebral es de cuidado, pero se tiene que conocer los riesgos de este padecimiento.","keywords":null,"keyphrases":{"focus":{"keyphrase":"derrame cerebral","score":82,"analysis":{"keyphraseInTitle":{"score":9,"maxScore":9,"error":0},"keyphraseInDescription":{"score":9,"maxScore":9,"error":0},"keyphraseLength":{"score":9,"maxScore":9,"error":0,"length":2},"keyphraseInURL":{"score":5,"maxScore":5,"error":0},"keyphraseInIntroduction":{"score":9,"maxScore":9,"error":0},"keyphraseInSubHeadings":{"score":3,"maxScore":9,"error":1},"keyphraseInImageAlt":{"score":3,"maxScore":9,"error":1},"keywordDensity":{"type":"best","score":9,"maxScore":9,"error":0}}},"additional":[]},"primary_term":null,"canonical_url":null,"og_title":null,"og_description":null,"og_object_type":"default","og_image_type":"default","og_image_url":null,"og_image_width":null,"og_image_height":null,"og_image_custom_url":null,"og_image_custom_fields":null,"og_video":"","og_custom_url":null,"og_article_section":null,"og_article_tags":null,"twitter_use_og":false,"twitter_card":"default","twitter_image_type":"default","twitter_image_url":null,"twitter_image_custom_url":null,"twitter_image_custom_fields":null,"twitter_title":null,"twitter_description":null,"schema":{"blockGraphs":[],"customGraphs":[],"default":{"data":{"Article":[],"Course":[],"Dataset":[],"FAQPage":[],"Movie":[],"Person":[],"Product":[],"ProductReview":[],"Car":[],"Recipe":[],"Service":[],"SoftwareApplication":[],"WebPage":[]},"graphName":"none","isEnabled":true},"graphs":[]},"schema_type":"default","schema_type_options":null,"pillar_content":false,"robots_default":true,"robots_noindex":false,"robots_noarchive":false,"robots_nosnippet":false,"robots_nofollow":false,"robots_noimageindex":false,"robots_noodp":false,"robots_notranslate":false,"robots_max_snippet":"-1","robots_max_videopreview":"-1","robots_max_imagepreview":"large","priority":null,"frequency":"default","local_seo":null,"seo_analyzer_scan_date":"2025-10-09 05:34:13","breadcrumb_settings":null,"limit_modified_date":false,"reviewed_by":"0","open_ai":"{\"title\":{\"suggestions\":[],\"usage\":0},\"description\":{\"suggestions\":[],\"usage\":0}}","ai":null,"created":"2025-05-21 18:18:02","updated":"2026-02-05 00:07:23"},"aioseo_breadcrumb":"<div class=\"aioseo-breadcrumbs\"><span class=\"aioseo-breadcrumb\">\n\t<a href=\"https:\/\/soymigrante.com\/revista\" title=\"Home\">Home<\/a>\n<\/span><span class=\"aioseo-breadcrumb-separator\">\u00bb<\/span><span class=\"aioseo-breadcrumb\">\n\t<a href=\"https:\/\/soymigrante.com\/revista\/category\/bienestar\/\" title=\"Bienestar\">Bienestar<\/a>\n<\/span><span class=\"aioseo-breadcrumb-separator\">\u00bb<\/span><span class=\"aioseo-breadcrumb\">\n\t\u00bfSabes c\u00f3mo se puede prevenir el riesgo de ictus o derrame cerebral?\n<\/span><\/div>","aioseo_breadcrumb_json":[{"label":"Home","link":"https:\/\/soymigrante.com\/revista"},{"label":"Bienestar","link":"https:\/\/soymigrante.com\/revista\/category\/bienestar\/"},{"label":"\u00bfSabes c\u00f3mo se puede prevenir el riesgo de ictus o derrame cerebral?","link":"https:\/\/soymigrante.com\/revista\/prevenir-riesgo-de-ictus-o-derrame-cerebral-consejos\/"}],"_links":{"self":[{"href":"https:\/\/soymigrante.com\/revista\/wp-json\/wp\/v2\/posts\/34128","targetHints":{"allow":["GET"]}}],"collection":[{"href":"https:\/\/soymigrante.com\/revista\/wp-json\/wp\/v2\/posts"}],"about":[{"href":"https:\/\/soymigrante.com\/revista\/wp-json\/wp\/v2\/types\/post"}],"author":[{"embeddable":true,"href":"https:\/\/soymigrante.com\/revista\/wp-json\/wp\/v2\/users\/19"}],"replies":[{"embeddable":true,"href":"https:\/\/soymigrante.com\/revista\/wp-json\/wp\/v2\/comments?post=34128"}],"version-history":[{"count":20,"href":"https:\/\/soymigrante.com\/revista\/wp-json\/wp\/v2\/posts\/34128\/revisions"}],"predecessor-version":[{"id":35305,"href":"https:\/\/soymigrante.com\/revista\/wp-json\/wp\/v2\/posts\/34128\/revisions\/35305"}],"wp:featuredmedia":[{"embeddable":true,"href":"https:\/\/soymigrante.com\/revista\/wp-json\/wp\/v2\/media\/34129"}],"wp:attachment":[{"href":"https:\/\/soymigrante.com\/revista\/wp-json\/wp\/v2\/media?parent=34128"}],"wp:term":[{"taxonomy":"category","embeddable":true,"href":"https:\/\/soymigrante.com\/revista\/wp-json\/wp\/v2\/categories?post=34128"},{"taxonomy":"post_tag","embeddable":true,"href":"https:\/\/soymigrante.com\/revista\/wp-json\/wp\/v2\/tags?post=34128"}],"curies":[{"name":"wp","href":"https:\/\/api.w.org\/{rel}","templated":true}]}}