{"id":34104,"date":"2025-05-21T12:06:38","date_gmt":"2025-05-21T18:06:38","guid":{"rendered":"https:\/\/soymigrante.com\/revista\/?p=34104"},"modified":"2025-05-21T12:21:51","modified_gmt":"2025-05-21T18:21:51","slug":"hogares-devotos-de-los-angeles-abren-sus-puertas-al-cristo-de-esquipulas-peregrino","status":"publish","type":"post","link":"https:\/\/soymigrante.com\/revista\/hogares-devotos-de-los-angeles-abren-sus-puertas-al-cristo-de-esquipulas-peregrino\/","title":{"rendered":"Hogares devotos de Los Angeles abren sus puertas al Cristo de Esquipulas peregrino"},"content":{"rendered":"\t\t<div data-elementor-type=\"wp-post\" data-elementor-id=\"34104\" class=\"elementor elementor-34104\" data-elementor-post-type=\"post\">\n\t\t\t\t<div data-particle_enable=\"false\" data-particle-mobile-disabled=\"false\" class=\"elementor-element elementor-element-3d3a028 e-flex e-con-boxed e-con e-parent\" data-id=\"3d3a028\" data-element_type=\"container\" data-e-type=\"container\">\n\t\t\t\t\t<div class=\"e-con-inner\">\n\t\t\t\t<div class=\"elementor-element elementor-element-43e24f6 elementor-widget elementor-widget-heading\" data-id=\"43e24f6\" data-element_type=\"widget\" data-e-type=\"widget\" data-widget_type=\"heading.default\">\n\t\t\t\t\t<h2 class=\"elementor-heading-title elementor-size-default\">Devotos de la Fraternidad del Se\u00f1or de Esquipulas de la Iglesia Santa Cecilia de  Los Angeles impulsan visita de Cristo peregrino a las casas de familias guatemaltecas e hispanas.<\/h2>\t\t\t\t<\/div>\n\t\t\t\t\t<\/div>\n\t\t\t\t<\/div>\n\t\t<div data-particle_enable=\"false\" data-particle-mobile-disabled=\"false\" class=\"elementor-element elementor-element-77666f4 e-flex e-con-boxed e-con e-parent\" data-id=\"77666f4\" data-element_type=\"container\" data-e-type=\"container\">\n\t\t\t\t\t<div class=\"e-con-inner\">\n\t\t\t\t<div class=\"elementor-element elementor-element-61b5a27 elementor-widget elementor-widget-text-editor\" data-id=\"61b5a27\" data-element_type=\"widget\" data-e-type=\"widget\" data-widget_type=\"text-editor.default\">\n\t\t\t\t\t\t\t\t\t<p>Lejos de la tierra natal pero con la misma fe de un grano de mostaza que los une con su tierra, hogares guatemaltecos e hispanos reciben la visita del Cristo peregrino, <a href=\"https:\/\/soymigrante.com\/revista\/cristo-mojado-de-esquipulas-los-angeles\/\">r\u00e9plica del Se\u00f1or de Esquipulas, el Cristo Mojado o Cristo Migrante<\/a>: un recorrido impulsado por la Fraternidad del Cristo de Esquipulas de la parroquia Santa Cecilia de Los Angeles California.<\/p>\n<p>Las circunstancias var\u00edan pero no la devoci\u00f3n. &#8220;Llevamos a nuestro Cristo Peregrino a las casas a pedido de las familias.&nbsp; A veces por alguna necesidad, por alguna p\u00e9rdida, por motivos de salud de algun familiar&#8221;, cuenta Pedro Ram\u00edrez, encargado de comunicaci\u00f3n de la Fraternidad.&nbsp; <a href=\"https:\/\/www.facebook.com\/elcristomojado.org\">Si desea solicitar informaci\u00f3n sobre c\u00f3mo recibirlo en su hogar en el \u00e1rea de Los Angeles, clic aqu\u00ed.<\/a><\/p>\t\t\t\t\t\t\t\t<\/div>\n\t\t\t\t\t<\/div>\n\t\t\t\t<\/div>\n\t\t<div data-particle_enable=\"false\" data-particle-mobile-disabled=\"false\" class=\"elementor-element elementor-element-d0a268e e-flex e-con-boxed e-con e-parent\" data-id=\"d0a268e\" data-element_type=\"container\" data-e-type=\"container\">\n\t\t\t\t\t<div class=\"e-con-inner\">\n\t\t\t\t<div class=\"elementor-element elementor-element-1c37b05 elementor-widget elementor-widget-image\" data-id=\"1c37b05\" data-element_type=\"widget\" data-e-type=\"widget\" data-widget_type=\"image.default\">\n\t\t\t\t\t\t\t\t\t\t\t\t<figure class=\"wp-caption\">\n\t\t\t\t\t\t\t\t\t\t<img fetchpriority=\"high\" decoding=\"async\" width=\"768\" height=\"575\" src=\"https:\/\/soymigrante.com\/revista\/wp-content\/uploads\/2025\/05\/cristo-esquipulas-peregrino-los-angeles-6-1024x767.jpg\" class=\"attachment-large size-large wp-image-34115\" alt=\"Flores y ofrendas en una procesi\u00f3n para honrar a un ser querido fallecido, en una calle con varias personas participando en un acto de respeto y memoria.\" srcset=\"https:\/\/soymigrante.com\/revista\/wp-content\/uploads\/2025\/05\/cristo-esquipulas-peregrino-los-angeles-6-1024x767.jpg 1024w, https:\/\/soymigrante.com\/revista\/wp-content\/uploads\/2025\/05\/cristo-esquipulas-peregrino-los-angeles-6-300x225.jpg 300w, https:\/\/soymigrante.com\/revista\/wp-content\/uploads\/2025\/05\/cristo-esquipulas-peregrino-los-angeles-6-768x575.jpg 768w, https:\/\/soymigrante.com\/revista\/wp-content\/uploads\/2025\/05\/cristo-esquipulas-peregrino-los-angeles-6-750x561.webp 750w, https:\/\/soymigrante.com\/revista\/wp-content\/uploads\/2025\/05\/cristo-esquipulas-peregrino-los-angeles-6-1140x853.jpg 1140w, https:\/\/soymigrante.com\/revista\/wp-content\/uploads\/2025\/05\/cristo-esquipulas-peregrino-los-angeles-6.webp 1440w\" sizes=\"(max-width: 768px) 100vw, 768px\" title=\"La familia God\u00ednez llega a la ciudad de Riverside para entregar al Cristo Peregrino a la familia Gonz\u00e1lez. Al estar a una cuadra se hace una peque\u00f1a procesi\u00f3n. (Foto Fraternidad de Esquipulas Parroquia Santa Cecilia Los Angeles) \u2013 SoyMigrante.com REVISTA\" \/>\t\t\t\t\t\t\t\t\t\t\t<figcaption class=\"widget-image-caption wp-caption-text\">Celebraci\u00f3n cultural y religiosa en comunidad, homenaje a difuntos con flores y ofrendas en un entorno urbano.<\/figcaption>\n\t\t\t\t\t\t\t\t\t\t<\/figure>\n\t\t\t\t\t\t\t\t\t<\/div>\n\t\t\t\t\t<\/div>\n\t\t\t\t<\/div>\n\t\t<div data-particle_enable=\"false\" data-particle-mobile-disabled=\"false\" class=\"elementor-element elementor-element-08d8242 e-flex e-con-boxed e-con e-parent\" data-id=\"08d8242\" data-element_type=\"container\" data-e-type=\"container\">\n\t\t\t\t\t<div class=\"e-con-inner\">\n\t\t\t\t<div class=\"elementor-element elementor-element-b57c6a2 elementor-widget elementor-widget-heading\" data-id=\"b57c6a2\" data-element_type=\"widget\" data-e-type=\"widget\" data-widget_type=\"heading.default\">\n\t\t\t\t\t<h3 class=\"elementor-heading-title elementor-size-default\">Un momento de paz espiritual<\/h3>\t\t\t\t<\/div>\n\t\t\t\t\t<\/div>\n\t\t\t\t<\/div>\n\t\t<div data-particle_enable=\"false\" data-particle-mobile-disabled=\"false\" class=\"elementor-element elementor-element-c9fe777 e-flex e-con-boxed e-con e-parent\" data-id=\"c9fe777\" data-element_type=\"container\" data-e-type=\"container\">\n\t\t\t\t\t<div class=\"e-con-inner\">\n\t\t\t\t<div class=\"elementor-element elementor-element-d94411e elementor-widget elementor-widget-text-editor\" data-id=\"d94411e\" data-element_type=\"widget\" data-e-type=\"widget\" data-widget_type=\"text-editor.default\">\n\t\t\t\t\t\t\t\t\t<p>Es muy significativo el acto de traslado y entrega, porque evoca hermandad, uni\u00f3n en la fe y tambi\u00e9n en las ra\u00edces culturales. Una familia que ya ha recibido al Cristo Peregrino y lo ha tenido en su casa por varios d\u00edas, lo lleva a otra que lo ha solicitado. Es una peque\u00f1a procesi\u00f3n ceremonial.<\/p><p>&#8220;El di\u00e1cono F\u00e9lix Rax es el encargado de hacer una breve <a href=\"https:\/\/soymigrante.com\/revista\/oracion-del-migrante-en-ruta-estados-unidos\/\">oraci\u00f3n<\/a> y tambi\u00e9n una lectura b\u00edblica del Evangelio del Domingo. Todos rezamos juntos por la paz y por las necesidades de la comunidad&#8221;, agrega Ram\u00edrez.\u00a0<\/p>\t\t\t\t\t\t\t\t<\/div>\n\t\t\t\t\t<\/div>\n\t\t\t\t<\/div>\n\t\t<div data-particle_enable=\"false\" data-particle-mobile-disabled=\"false\" class=\"elementor-element elementor-element-83071d5 e-flex e-con-boxed e-con e-parent\" data-id=\"83071d5\" data-element_type=\"container\" data-e-type=\"container\">\n\t\t\t\t\t<div class=\"e-con-inner\">\n\t\t\t\t<div class=\"elementor-element elementor-element-06250dc elementor-widget elementor-widget-image\" data-id=\"06250dc\" data-element_type=\"widget\" data-e-type=\"widget\" data-widget_type=\"image.default\">\n\t\t\t\t\t\t\t\t\t\t\t\t<figure class=\"wp-caption\">\n\t\t\t\t\t\t\t\t\t\t<img decoding=\"async\" width=\"768\" height=\"768\" src=\"https:\/\/soymigrante.com\/revista\/wp-content\/uploads\/2025\/05\/cristo-esquipulas-peregrino-los-angeles-4-1.webp\" class=\"attachment-large size-large wp-image-34116\" alt=\"Arreglos florales en honor a migrantes en una ceremonia frente a una casa, en un ambiente comunitario y solidario.\" srcset=\"https:\/\/soymigrante.com\/revista\/wp-content\/uploads\/2025\/05\/cristo-esquipulas-peregrino-los-angeles-4-1.webp 920w, https:\/\/soymigrante.com\/revista\/wp-content\/uploads\/2025\/05\/cristo-esquipulas-peregrino-los-angeles-4-1-300x300.jpg 300w, https:\/\/soymigrante.com\/revista\/wp-content\/uploads\/2025\/05\/cristo-esquipulas-peregrino-los-angeles-4-1-150x150.jpg 150w, https:\/\/soymigrante.com\/revista\/wp-content\/uploads\/2025\/05\/cristo-esquipulas-peregrino-los-angeles-4-1-768x768.jpg 768w, https:\/\/soymigrante.com\/revista\/wp-content\/uploads\/2025\/05\/cristo-esquipulas-peregrino-los-angeles-4-1-75x75.webp 75w, https:\/\/soymigrante.com\/revista\/wp-content\/uploads\/2025\/05\/cristo-esquipulas-peregrino-los-angeles-4-1-750x750.webp 750w\" sizes=\"(max-width: 768px) 100vw, 768px\" title=\"La familia Gonz\u00e1lez recibe al venerado visitante. Entre cantos    hacen su ingreso a trav\u00e9s del callej\u00f3n lateral de la casa, hasta el sitial donde  permanecer\u00e1 disponible para quien desee llegar a orar, meditar y pedir gracias. \u2013 SoyMigrante.com REVISTA\" \/>\t\t\t\t\t\t\t\t\t\t\t<figcaption class=\"widget-image-caption wp-caption-text\">Reconocimiento a la comunidad migrante con ofrendas florales en un acto de homenaje y memoria en una zona residencial.<\/figcaption>\n\t\t\t\t\t\t\t\t\t\t<\/figure>\n\t\t\t\t\t\t\t\t\t<\/div>\n\t\t\t\t\t<\/div>\n\t\t\t\t<\/div>\n\t\t<div data-particle_enable=\"false\" data-particle-mobile-disabled=\"false\" class=\"elementor-element elementor-element-81bdfdc e-flex e-con-boxed e-con e-parent\" data-id=\"81bdfdc\" data-element_type=\"container\" data-e-type=\"container\">\n\t\t\t\t\t<div class=\"e-con-inner\">\n\t\t\t\t<div class=\"elementor-element elementor-element-c27a393 elementor-widget elementor-widget-heading\" data-id=\"c27a393\" data-element_type=\"widget\" data-e-type=\"widget\" data-widget_type=\"heading.default\">\n\t\t\t\t\t<h3 class=\"elementor-heading-title elementor-size-default\">Toda familia puede recibir al Cristo Peregrino<\/h3>\t\t\t\t<\/div>\n\t\t\t\t\t<\/div>\n\t\t\t\t<\/div>\n\t\t<div data-particle_enable=\"false\" data-particle-mobile-disabled=\"false\" class=\"elementor-element elementor-element-cf90a8e e-flex e-con-boxed e-con e-parent\" data-id=\"cf90a8e\" data-element_type=\"container\" data-e-type=\"container\">\n\t\t\t\t\t<div class=\"e-con-inner\">\n\t\t\t\t<div class=\"elementor-element elementor-element-352ec20 elementor-widget elementor-widget-text-editor\" data-id=\"352ec20\" data-element_type=\"widget\" data-e-type=\"widget\" data-widget_type=\"text-editor.default\">\n\t\t\t\t\t\t\t\t\t<p>&#8220;Podemos llevar al Cristo a cualquier ciudad alrededor de Los Angeles California. La persona se comunica con nosotros <a href=\"https:\/\/www.facebook.com\/elcristomojado.org\">a trav\u00e9s de mensaje por Facebook al perfil de la Fraternidad<\/a> o por whatsapp nos mandan un mensaje al <b>(310) 936-1139<\/b>. El \u00fanico requisito es que asistan alguna vez a la entrega del Cristo a una familia, para que tengan idea de como se hace la recepci\u00f3n en fe y oraci\u00f3n&#8221;, explica Pedro Ram\u00edrez.<\/p><p>No es necesario que la familia que reciba al Cristo peregrino efect\u00fae un festejo grande para la recepci\u00f3n, pero s\u00ed que tenga un espacio de altar digno para que la imagen quede a resguardo y tambi\u00e9n a la veneraci\u00f3n de quienes deseen acudir a verla en el vecinario. &#8220;Pero con la alegr\u00eda de su llegada, las familias a menudo dan un peque\u00f1o refrigerio al finalizar el rezo&#8221;, cuenta Ram\u00edrez.<\/p>\t\t\t\t\t\t\t\t<\/div>\n\t\t\t\t\t<\/div>\n\t\t\t\t<\/div>\n\t\t<div data-particle_enable=\"false\" data-particle-mobile-disabled=\"false\" class=\"elementor-element elementor-element-d0a8361 e-flex e-con-boxed e-con e-parent\" data-id=\"d0a8361\" data-element_type=\"container\" data-e-type=\"container\">\n\t\t\t\t\t<div class=\"e-con-inner\">\n\t\t\t\t<div class=\"elementor-element elementor-element-dc9f93e elementor-widget elementor-widget-image\" data-id=\"dc9f93e\" data-element_type=\"widget\" data-e-type=\"widget\" data-widget_type=\"image.default\">\n\t\t\t\t\t\t\t\t\t\t\t\t<figure class=\"wp-caption\">\n\t\t\t\t\t\t\t\t\t\t<img decoding=\"async\" width=\"768\" height=\"575\" src=\"https:\/\/soymigrante.com\/revista\/wp-content\/uploads\/2025\/05\/cristo-esquipulas-peregrino-los-angeles-5-1024x767.jpg\" class=\"attachment-large size-large wp-image-34117\" alt=\"Flor de cempas\u00fachil y ofrenda tradicional en celebraci\u00f3n del D\u00eda de Muertos en M\u00e9xico. Personas rinden homenaje a sus seres queridos en un altar con flores, cruces y elementos culturales mexicanos.\" srcset=\"https:\/\/soymigrante.com\/revista\/wp-content\/uploads\/2025\/05\/cristo-esquipulas-peregrino-los-angeles-5-1024x767.jpg 1024w, https:\/\/soymigrante.com\/revista\/wp-content\/uploads\/2025\/05\/cristo-esquipulas-peregrino-los-angeles-5-300x225.jpg 300w, https:\/\/soymigrante.com\/revista\/wp-content\/uploads\/2025\/05\/cristo-esquipulas-peregrino-los-angeles-5-768x575.jpg 768w, https:\/\/soymigrante.com\/revista\/wp-content\/uploads\/2025\/05\/cristo-esquipulas-peregrino-los-angeles-5-750x561.jpg 750w, https:\/\/soymigrante.com\/revista\/wp-content\/uploads\/2025\/05\/cristo-esquipulas-peregrino-los-angeles-5-1140x853.jpg 1140w, https:\/\/soymigrante.com\/revista\/wp-content\/uploads\/2025\/05\/cristo-esquipulas-peregrino-los-angeles-5.webp 1440w\" sizes=\"(max-width: 768px) 100vw, 768px\" title=\"&quot;Toda familia devota del Se\u00f1or de Esquipulas puede pedir la visita del  Cristo Peregrino&quot;, dice Pedro Ram\u00edrez encargado de comunicaci\u00f3n de la Fraternidad de Esquipulas de la parroquia Santa Cecilia de Los Angeles. Si deseas ir a su sitio de Facebook para solicitar una visita, puedes hacer clic en la fotograf\u00eda. La familia Gonz\u00e1lez elabor\u00f3 un altar para colocar al sacro visitante. \u2013 SoyMigrante.com REVISTA\" \/>\t\t\t\t\t\t\t\t\t\t\t<figcaption class=\"widget-image-caption wp-caption-text\">\"Toda familia devota del Se\u00f1or de Esquipulas puede pedir la visita del  Cristo Peregrino\", dice Pedro Ram\u00edrez encargado de comunicaci\u00f3n de la Fraternidad de Esquipulas de la parroquia Santa Cecilia de Los Angeles. Si deseas ir a su sitio de Facebook para solicitar una visita, puedes hacer clic en la fotograf\u00eda. La familia Gonz\u00e1lez elabor\u00f3 un altar para colocar al sacro visitante.<\/figcaption>\n\t\t\t\t\t\t\t\t\t\t<\/figure>\n\t\t\t\t\t\t\t\t\t<\/div>\n\t\t\t\t\t<\/div>\n\t\t\t\t<\/div>\n\t\t<div data-particle_enable=\"false\" data-particle-mobile-disabled=\"false\" class=\"elementor-element elementor-element-ace6034 e-flex e-con-boxed e-con e-parent\" data-id=\"ace6034\" data-element_type=\"container\" data-e-type=\"container\">\n\t\t\t\t\t<div class=\"e-con-inner\">\n\t\t\t\t<div class=\"elementor-element elementor-element-eecc157 elementor-widget elementor-widget-heading\" data-id=\"eecc157\" data-element_type=\"widget\" data-e-type=\"widget\" data-widget_type=\"heading.default\">\n\t\t\t\t\t<h3 class=\"elementor-heading-title elementor-size-default\">Fe sin fronteras: <\/h3>\t\t\t\t<\/div>\n\t\t\t\t\t<\/div>\n\t\t\t\t<\/div>\n\t\t<div data-particle_enable=\"false\" data-particle-mobile-disabled=\"false\" class=\"elementor-element elementor-element-5f8646b e-flex e-con-boxed e-con e-parent\" data-id=\"5f8646b\" data-element_type=\"container\" data-e-type=\"container\">\n\t\t\t\t\t<div class=\"e-con-inner\">\n\t\t\t\t<div class=\"elementor-element elementor-element-c4f9a2c elementor-widget elementor-widget-text-editor\" data-id=\"c4f9a2c\" data-element_type=\"widget\" data-e-type=\"widget\" data-widget_type=\"text-editor.default\">\n\t\t\t\t\t\t\t\t\t<p>Toda familia guatemalteca e hispana puede pedir al Cristo peregrino en su casa. As\u00ed se programa una fecha para llevarlo. &#8220;Una vez al a\u00f1o llevamos a nuestro Cristo peregrino a la ciudad de Concord, California, cerca de San Francisco&#8221;, a\u00f1ade Ram\u00edrez.<\/p><p>&#8220;All\u00ed en Condord hay una comunidad grande de migrantes originarias de Guerrero, Mexico que tienen una gran fe en el\u00a0<a href=\"https:\/\/soymigrante.com\/revista\/cristo-esquipulas-veneracion-migrantes-basilica-estados-unidos-guatemala\/\">Sen\u0308or de Esquipulas<\/a> desde hace muchos a\u00f1os. Se queda all\u00ed por unos 30 d\u00edas. A diario va de cada en casa, con 30 familias, pero todos acompa\u00f1an. Y despu\u00e9s ellos lo traen de regreso&#8221;.<\/p><p>En efecto, la devoci\u00f3n al Santo Cristo de Esquipulas, Chiquimula, no tiene fronteras e incluso <a href=\"https:\/\/soymigrante.com\/revista\/parroquias-estados-unidos-festejan-dia-del-cristo-de-esquipulas\/\">se le venera en templos de Estados Unidos.\u00a0<\/a><\/p>\t\t\t\t\t\t\t\t<\/div>\n\t\t\t\t\t<\/div>\n\t\t\t\t<\/div>\n\t\t<div data-particle_enable=\"false\" data-particle-mobile-disabled=\"false\" class=\"elementor-element elementor-element-24b942b e-flex e-con-boxed e-con e-parent\" data-id=\"24b942b\" data-element_type=\"container\" data-e-type=\"container\">\n\t\t\t\t\t<div class=\"e-con-inner\">\n\t\t\t\t<div class=\"elementor-element elementor-element-3a1e2d3 elementor-invisible elementor-widget elementor-widget-facebook-embed\" data-id=\"3a1e2d3\" data-element_type=\"widget\" data-e-type=\"widget\" data-settings=\"{&quot;_animation&quot;:&quot;zoomInDown&quot;}\" data-widget_type=\"facebook-embed.default\">\n\t\t\t\t\t<div style=\"min-height: 1px\" class=\"elementor-facebook-widget fb-post\" data-href=\"https:\/\/www.facebook.com\/elcristomojado.org\/posts\/pfbid0xKHWpAwJWuGkBqg44AF2qjUQwzDQ3amp3NquikErjDbU5muRrnRChp1ZL22KbzJQl\" data-show-text=\"false\"><\/div>\t\t\t\t<\/div>\n\t\t\t\t\t<\/div>\n\t\t\t\t<\/div>\n\t\t<div data-particle_enable=\"false\" data-particle-mobile-disabled=\"false\" class=\"elementor-element elementor-element-1481db1 e-flex e-con-boxed e-con e-parent\" data-id=\"1481db1\" data-element_type=\"container\" data-e-type=\"container\">\n\t\t\t\t\t<div class=\"e-con-inner\">\n\t\t\t\t<div class=\"elementor-element elementor-element-e8c80d5 elementor-widget elementor-widget-heading\" data-id=\"e8c80d5\" data-element_type=\"widget\" data-e-type=\"widget\" data-widget_type=\"heading.default\">\n\t\t\t\t\t<h2 class=\"elementor-heading-title elementor-size-default\">Una devoci\u00f3n que alimenta el alma<\/h2>\t\t\t\t<\/div>\n\t\t\t\t\t<\/div>\n\t\t\t\t<\/div>\n\t\t<div data-particle_enable=\"false\" data-particle-mobile-disabled=\"false\" class=\"elementor-element elementor-element-bd40df9 e-flex e-con-boxed e-con e-parent\" data-id=\"bd40df9\" data-element_type=\"container\" data-e-type=\"container\">\n\t\t\t\t\t<div class=\"e-con-inner\">\n\t\t\t\t<div class=\"elementor-element elementor-element-2a0bb81 elementor-grid-eael-col-3 elementor-grid-tablet-eael-col-2 elementor-grid-mobile-eael-col-1 elementor-widget elementor-widget-eael-post-grid\" data-id=\"2a0bb81\" data-element_type=\"widget\" data-e-type=\"widget\" data-settings=\"{&quot;eael_post_grid_columns&quot;:&quot;eael-col-3&quot;,&quot;eael_post_grid_columns_tablet&quot;:&quot;eael-col-2&quot;,&quot;eael_post_grid_columns_mobile&quot;:&quot;eael-col-1&quot;}\" data-widget_type=\"eael-post-grid.default\">\n\t\t\t\t\t<div id=\"eael-post-grid-2a0bb81\" class=\"eael-post-grid-container\">\n            <div class=\"eael-post-grid eael-post-appender eael-post-appender-2a0bb81 eael-post-grid-style-one\" data-layout-mode=\"masonry\"><article class=\"eael-grid-post  eael-post-grid-column eael-pg-post-4383 category-estamos-unidos\" data-id=\"4383\">\n        <div class=\"eael-grid-post-holder\">\n            <div class=\"eael-grid-post-holder-inner\"><div class=\"eael-entry-media\"><div class=\"eael-entry-overlay fade-in\"><i class=\"far fa-hand-pointer\" aria-hidden=\"true\"><\/i><a href=\"https:\/\/soymigrante.com\/revista\/parroquias-estados-unidos-festejan-dia-del-cristo-de-esquipulas\/\"><\/a><\/div><div class=\"eael-entry-thumbnail \">\n                <img loading=\"lazy\" decoding=\"async\" width=\"720\" height=\"720\" src=\"https:\/\/soymigrante.com\/revista\/wp-content\/uploads\/2025\/01\/santo-cristo-esquipulas-en-hawthorne-California.webp\" class=\"attachment-large size-large wp-image-20377\" alt=\"Cristo crucificado en exhibici\u00f3n en un museo con visitantes, representaci\u00f3n religiosa, arte sacro, cultura mexicana, historia religiosa, turismo espiritual, celebrar tradiciones, patrimonio cultural, arte religioso, comunidad cat\u00f3lica.\" srcset=\"https:\/\/soymigrante.com\/revista\/wp-content\/uploads\/2025\/01\/santo-cristo-esquipulas-en-hawthorne-California.webp 720w, https:\/\/soymigrante.com\/revista\/wp-content\/uploads\/2025\/01\/santo-cristo-esquipulas-en-hawthorne-California-300x300.jpg 300w, https:\/\/soymigrante.com\/revista\/wp-content\/uploads\/2025\/01\/santo-cristo-esquipulas-en-hawthorne-California-150x150.jpg 150w, https:\/\/soymigrante.com\/revista\/wp-content\/uploads\/2025\/01\/santo-cristo-esquipulas-en-hawthorne-California-75x75.webp 75w\" sizes=\"(max-width: 720px) 100vw, 720px\" \/>\n            <\/div>\n        <\/div><div class=\"eael-entry-wrapper\"><header class=\"eael-entry-header\"><h2 class=\"eael-entry-title\"><a class=\"eael-grid-post-link\" href=\"https:\/\/soymigrante.com\/revista\/parroquias-estados-unidos-festejan-dia-del-cristo-de-esquipulas\/\" title=\"\u00bfEn qu\u00e9 iglesias de USA se venera al Cristo de Esquipulas? Listado y ubicaci\u00f3n\">\u00bfEn qu\u00e9 iglesias de USA se venera al Cristo de Esquipulas? Listado y ubicaci\u00f3n<\/a><\/h2><\/header><div class=\"eael-entry-content\">\n                        <div class=\"eael-grid-post-excerpt\"><a href=\"https:\/\/soymigrante.com\/revista\/parroquias-estados-unidos-festejan-dia-del-cristo-de-esquipulas\/\" class=\"eael-post-elements-readmore-btn\">CONOCE SU HISTORIA <\/a><\/div>\n                    <\/div><\/div><\/div>\n        <\/div>\n    <\/article><article class=\"eael-grid-post  eael-post-grid-column eael-pg-post-19227 category-estamos-unidos\" data-id=\"19227\">\n        <div class=\"eael-grid-post-holder\">\n            <div class=\"eael-grid-post-holder-inner\"><div class=\"eael-entry-media\"><div class=\"eael-entry-overlay fade-in\"><i class=\"far fa-hand-pointer\" aria-hidden=\"true\"><\/i><a href=\"https:\/\/soymigrante.com\/revista\/cristo-mojado-de-esquipulas-los-angeles\/\"><\/a><\/div><div class=\"eael-entry-thumbnail \">\n                <img loading=\"lazy\" decoding=\"async\" width=\"586\" height=\"586\" src=\"https:\/\/soymigrante.com\/revista\/wp-content\/uploads\/2025\/01\/cristo-mojado-los-angeles-12.webp\" class=\"attachment-large size-large wp-image-19228\" alt=\"Procesi\u00f3n de Semana Santa en una iglesia hist\u00f3rica con fieles participando y portando pasos religiosos en la ciudad.\" srcset=\"https:\/\/soymigrante.com\/revista\/wp-content\/uploads\/2025\/01\/cristo-mojado-los-angeles-12.webp 586w, https:\/\/soymigrante.com\/revista\/wp-content\/uploads\/2025\/01\/cristo-mojado-los-angeles-12-300x300.jpg 300w, https:\/\/soymigrante.com\/revista\/wp-content\/uploads\/2025\/01\/cristo-mojado-los-angeles-12-150x150.jpg 150w, https:\/\/soymigrante.com\/revista\/wp-content\/uploads\/2025\/01\/cristo-mojado-los-angeles-12-75x75.webp 75w\" sizes=\"(max-width: 586px) 100vw, 586px\" \/>\n            <\/div>\n        <\/div><div class=\"eael-entry-wrapper\"><header class=\"eael-entry-header\"><h2 class=\"eael-entry-title\"><a class=\"eael-grid-post-link\" href=\"https:\/\/soymigrante.com\/revista\/cristo-mojado-de-esquipulas-los-angeles\/\" title=\"Cristo Mojado de Esquipulas es venerado en Los Angeles y cruz\u00f3 la frontera en 2003\">Cristo Mojado de Esquipulas es venerado en Los Angeles y cruz\u00f3 la frontera en 2003<\/a><\/h2><\/header><div class=\"eael-entry-content\">\n                        <div class=\"eael-grid-post-excerpt\"><a href=\"https:\/\/soymigrante.com\/revista\/cristo-mojado-de-esquipulas-los-angeles\/\" class=\"eael-post-elements-readmore-btn\">CONOCE SU HISTORIA <\/a><\/div>\n                    <\/div><\/div><\/div>\n        <\/div>\n    <\/article><article class=\"eael-grid-post  eael-post-grid-column eael-pg-post-4337 category-guate-nuestra\" data-id=\"4337\">\n        <div class=\"eael-grid-post-holder\">\n            <div class=\"eael-grid-post-holder-inner\"><div class=\"eael-entry-media\"><div class=\"eael-entry-overlay fade-in\"><i class=\"far fa-hand-pointer\" aria-hidden=\"true\"><\/i><a href=\"https:\/\/soymigrante.com\/revista\/cristo-esquipulas-veneracion-migrantes-basilica-estados-unidos-guatemala\/\"><\/a><\/div><div class=\"eael-entry-thumbnail \">\n                <img loading=\"lazy\" decoding=\"async\" width=\"718\" height=\"651\" src=\"https:\/\/soymigrante.com\/revista\/wp-content\/uploads\/2024\/01\/Captura-de-pantalla-2024-01-10-161343.webp\" class=\"attachment-large size-large wp-image-4338\" alt=\"\" srcset=\"https:\/\/soymigrante.com\/revista\/wp-content\/uploads\/2024\/01\/Captura-de-pantalla-2024-01-10-161343.webp 718w, https:\/\/soymigrante.com\/revista\/wp-content\/uploads\/2024\/01\/Captura-de-pantalla-2024-01-10-161343-300x272.webp 300w\" sizes=\"(max-width: 718px) 100vw, 718px\" \/>\n            <\/div>\n        <\/div><div class=\"eael-entry-wrapper\"><header class=\"eael-entry-header\"><h2 class=\"eael-entry-title\"><a class=\"eael-grid-post-link\" href=\"https:\/\/soymigrante.com\/revista\/cristo-esquipulas-veneracion-migrantes-basilica-estados-unidos-guatemala\/\" title=\"Santo Cristo de Esquipulas: m\u00e1s de cuatro siglos de veneraci\u00f3n sin fronteras\">Santo Cristo de Esquipulas: m\u00e1s de cuatro siglos de veneraci\u00f3n sin fronteras<\/a><\/h2><\/header><div class=\"eael-entry-content\">\n                        <div class=\"eael-grid-post-excerpt\"><a href=\"https:\/\/soymigrante.com\/revista\/cristo-esquipulas-veneracion-migrantes-basilica-estados-unidos-guatemala\/\" class=\"eael-post-elements-readmore-btn\">CONOCE SU HISTORIA <\/a><\/div>\n                    <\/div><\/div><\/div>\n        <\/div>\n    <\/article><\/div>\n            <div class=\"clearfix\"><\/div>\n        <\/div>\t\t\t\t<\/div>\n\t\t\t\t\t<\/div>\n\t\t\t\t<\/div>\n\t\t\t\t<\/div>\n\t\t","protected":false},"excerpt":{"rendered":"<p>Devotos de la Fraternidad del Se\u00f1or de Esquipulas de la Iglesia Santa Cecilia de Los Angeles impulsan visita de Cristo peregrino a las casas de familias guatemaltecas e hispanas. Lejos de la tierra natal pero con la misma fe de un grano de mostaza que los une con su tierra, hogares guatemaltecos e hispanos reciben [&hellip;]<\/p>\n","protected":false},"author":7,"featured_media":34130,"comment_status":"open","ping_status":"open","sticky":false,"template":"","format":"standard","meta":{"_acf_changed":false,"_eb_attr":"","footnotes":""},"categories":[54],"tags":[],"class_list":["post-34104","post","type-post","status-publish","format-standard","has-post-thumbnail","hentry","category-estamos-unidos"],"acf":[],"aioseo_notices":[],"aioseo_head":"\n\t\t<!-- All in One SEO Pro 4.9.6.2 - aioseo.com -->\n\t<meta name=\"description\" content=\"\u00bfPor qu\u00e9 se celebra su fiesta 15 de enero? \u00bfEn cu\u00e1nto tiempo fue esculpido? \u00bfDesde cu\u00e1nto se le venera en la Bas\u00edlica? \u00bfD\u00f3nde m\u00e1s est\u00e1 la venerada imagen? Q&amp;A aqu\" \/>\n\t<meta name=\"robots\" content=\"max-snippet:-1, max-image-preview:large, max-video-preview:-1\" \/>\n\t<meta name=\"author\" content=\"Gustavo Montenegro\"\/>\n\t<link rel=\"canonical\" href=\"https:\/\/soymigrante.com\/revista\/cristo-esquipulas-veneracion-migrantes-basilica-estados-unidos-guatemala\/\" \/>\n\t<meta name=\"generator\" content=\"All in One SEO Pro (AIOSEO) 4.9.6.2\" \/>\n\n\t\t<link rel=\"preconnect\" href=\"https:\/\/fonts.googleapis.com\" crossorigin>\n<link rel=\"preconnect\" href=\"https:\/\/fonts.gstatic.com\" crossorigin>\n\t\t<meta property=\"og:locale\" content=\"es_ES\" \/>\n\t\t<meta property=\"og:site_name\" content=\"SoyMigrante.com REVISTA \u2013 Nuestra misi\u00f3n es reconocer y dignificar al migrante.\" \/>\n\t\t<meta property=\"og:type\" content=\"article\" \/>\n\t\t<meta property=\"og:title\" content=\"Santo Cristo de Esquipulas: preguntas y respuestas\" \/>\n\t\t<meta property=\"og:description\" content=\"\u00bfPor qu\u00e9 se celebra su fiesta 15 de enero? \u00bfEn cu\u00e1nto tiempo fue esculpido? \u00bfDesde cu\u00e1nto se le venera en la Bas\u00edlica? \u00bfD\u00f3nde m\u00e1s est\u00e1 la venerada imagen? Q&amp;A aqu\" \/>\n\t\t<meta property=\"og:url\" content=\"https:\/\/soymigrante.com\/revista\/cristo-esquipulas-veneracion-migrantes-basilica-estados-unidos-guatemala\/\" \/>\n\t\t<meta property=\"og:image\" content=\"https:\/\/soymigrante.com\/revista\/wp-content\/uploads\/2024\/01\/Captura-de-pantalla-2024-01-10-161343.webp\" \/>\n\t\t<meta property=\"og:image:secure_url\" content=\"https:\/\/soymigrante.com\/revista\/wp-content\/uploads\/2024\/01\/Captura-de-pantalla-2024-01-10-161343.webp\" \/>\n\t\t<meta property=\"og:image:width\" content=\"718\" \/>\n\t\t<meta property=\"og:image:height\" content=\"651\" \/>\n\t\t<meta property=\"article:published_time\" content=\"2025-01-04T17:38:41+00:00\" \/>\n\t\t<meta property=\"article:modified_time\" content=\"2026-01-08T15:32:17+00:00\" \/>\n\t\t<meta property=\"article:publisher\" content=\"https:\/\/www.facebook.com\/soymigrantecom\" \/>\n\t\t<meta name=\"twitter:card\" content=\"summary_large_image\" \/>\n\t\t<meta name=\"twitter:site\" content=\"@SoyMigrante_com\" \/>\n\t\t<meta name=\"twitter:title\" content=\"Santo Cristo de Esquipulas: preguntas y respuestas\" \/>\n\t\t<meta name=\"twitter:description\" content=\"\u00bfPor qu\u00e9 se celebra su fiesta 15 de enero? \u00bfEn cu\u00e1nto tiempo fue esculpido? \u00bfDesde cu\u00e1nto se le venera en la Bas\u00edlica? \u00bfD\u00f3nde m\u00e1s est\u00e1 la venerada imagen? Q&amp;A aqu\" \/>\n\t\t<meta name=\"twitter:creator\" content=\"@SoyMigrante_com\" \/>\n\t\t<meta name=\"twitter:image\" content=\"https:\/\/soymigrante.com\/revista\/wp-content\/uploads\/2024\/01\/Captura-de-pantalla-2024-01-10-161343.webp\" \/>\n\t\t<!-- All in One SEO Pro -->\r\n\t\t<title>Santo Cristo de Esquipulas: preguntas y respuestas<\/title>\n\n","aioseo_head_json":{"title":"Santo Cristo de Esquipulas: preguntas y respuestas","description":"\u00bfPor qu\u00e9 se celebra su fiesta 15 de enero? \u00bfEn cu\u00e1nto tiempo fue esculpido? \u00bfDesde cu\u00e1nto se le venera en la Bas\u00edlica? \u00bfD\u00f3nde m\u00e1s est\u00e1 la venerada imagen? Q&A aqu","canonical_url":"https:\/\/soymigrante.com\/revista\/cristo-esquipulas-veneracion-migrantes-basilica-estados-unidos-guatemala\/","robots":"max-snippet:-1, max-image-preview:large, max-video-preview:-1","keywords":"","webmasterTools":{"miscellaneous":"&lt;link rel=\"preconnect\" href=\"https:\/\/fonts.googleapis.com\" crossorigin&gt;\n&lt;link rel=\"preconnect\" href=\"https:\/\/fonts.gstatic.com\" crossorigin&gt;"},"schema":null,"og:locale":"es_ES","og:site_name":"SoyMigrante.com REVISTA \u2013 Nuestra misi\u00f3n es reconocer y dignificar al migrante.","og:type":"article","og:title":"Santo Cristo de Esquipulas: preguntas y respuestas","og:description":"\u00bfPor qu\u00e9 se celebra su fiesta 15 de enero? \u00bfEn cu\u00e1nto tiempo fue esculpido? \u00bfDesde cu\u00e1nto se le venera en la Bas\u00edlica? \u00bfD\u00f3nde m\u00e1s est\u00e1 la venerada imagen? Q&amp;A aqu","og:url":"https:\/\/soymigrante.com\/revista\/cristo-esquipulas-veneracion-migrantes-basilica-estados-unidos-guatemala\/","og:image":"https:\/\/soymigrante.com\/revista\/wp-content\/uploads\/2024\/01\/Captura-de-pantalla-2024-01-10-161343.webp","og:image:secure_url":"https:\/\/soymigrante.com\/revista\/wp-content\/uploads\/2024\/01\/Captura-de-pantalla-2024-01-10-161343.webp","og:image:width":718,"og:image:height":651,"article:published_time":"2025-01-04T17:38:41+00:00","article:modified_time":"2026-01-08T15:32:17+00:00","article:publisher":"https:\/\/www.facebook.com\/soymigrantecom","twitter:card":"summary_large_image","twitter:site":"@SoyMigrante_com","twitter:title":"Santo Cristo de Esquipulas: preguntas y respuestas","twitter:description":"\u00bfPor qu\u00e9 se celebra su fiesta 15 de enero? \u00bfEn cu\u00e1nto tiempo fue esculpido? \u00bfDesde cu\u00e1nto se le venera en la Bas\u00edlica? \u00bfD\u00f3nde m\u00e1s est\u00e1 la venerada imagen? Q&amp;A aqu","twitter:creator":"@SoyMigrante_com","twitter:image":"https:\/\/soymigrante.com\/revista\/wp-content\/uploads\/2024\/01\/Captura-de-pantalla-2024-01-10-161343.webp"},"aioseo_meta_data":{"post_id":"34104","title":"Hogares devotos de LA reciben a Cristo Peregrino de Esquipulas","description":"Una r\u00e9plica del Cristo de Esquipulas o Cristo Mojado de peregrina por hogares guatemaltecos e hispanos de Los Angeles. A lo largo del a\u00f1o va de casa en casa.","keywords":null,"keyphrases":{"focus":{"keyphrase":"Esquipulas","score":91,"analysis":{"keyphraseInTitle":{"score":9,"maxScore":9,"error":0},"keyphraseInDescription":{"score":9,"maxScore":9,"error":0},"keyphraseLength":{"score":9,"maxScore":9,"error":0,"length":1},"keyphraseInURL":{"score":5,"maxScore":5,"error":0},"keyphraseInIntroduction":{"score":9,"maxScore":9,"error":0},"keyphraseInSubHeadings":{"score":3,"maxScore":9,"error":1},"keyphraseInImageAlt":{"score":9,"maxScore":9,"error":0},"keywordDensity":{"type":"best","score":9,"maxScore":9,"error":0}}},"additional":[]},"primary_term":null,"canonical_url":null,"og_title":null,"og_description":null,"og_object_type":"default","og_image_type":"default","og_image_url":null,"og_image_width":null,"og_image_height":null,"og_image_custom_url":null,"og_image_custom_fields":null,"og_video":"","og_custom_url":null,"og_article_section":null,"og_article_tags":null,"twitter_use_og":false,"twitter_card":"default","twitter_image_type":"default","twitter_image_url":null,"twitter_image_custom_url":null,"twitter_image_custom_fields":null,"twitter_title":null,"twitter_description":null,"schema":{"blockGraphs":[],"customGraphs":[],"default":{"data":{"Article":[],"Course":[],"Dataset":[],"FAQPage":[],"Movie":[],"Person":[],"Product":[],"ProductReview":[],"Car":[],"Recipe":[],"Service":[],"SoftwareApplication":[],"WebPage":[]},"graphName":"none","isEnabled":true},"graphs":[]},"schema_type":"default","schema_type_options":null,"pillar_content":false,"robots_default":true,"robots_noindex":false,"robots_noarchive":false,"robots_nosnippet":false,"robots_nofollow":false,"robots_noimageindex":false,"robots_noodp":false,"robots_notranslate":false,"robots_max_snippet":"-1","robots_max_videopreview":"-1","robots_max_imagepreview":"large","priority":null,"frequency":"default","local_seo":null,"seo_analyzer_scan_date":"2025-10-09 05:20:28","breadcrumb_settings":null,"limit_modified_date":false,"reviewed_by":null,"open_ai":"{\"title\":{\"suggestions\":[],\"usage\":0},\"description\":{\"suggestions\":[],\"usage\":0}}","ai":null,"created":"2025-05-21 04:45:56","updated":"2026-02-04 23:46:13"},"aioseo_breadcrumb":"<div class=\"aioseo-breadcrumbs\"><span class=\"aioseo-breadcrumb\">\n\t<a href=\"https:\/\/soymigrante.com\/revista\" title=\"Home\">Home<\/a>\n<\/span><span class=\"aioseo-breadcrumb-separator\">\u00bb<\/span><span class=\"aioseo-breadcrumb\">\n\t<a href=\"https:\/\/soymigrante.com\/revista\/category\/estamos-unidos\/\" title=\"Estamos Unidos\">Estamos Unidos<\/a>\n<\/span><span class=\"aioseo-breadcrumb-separator\">\u00bb<\/span><span class=\"aioseo-breadcrumb\">\n\tHogares devotos de Los Angeles abren sus puertas al Cristo de Esquipulas peregrino\n<\/span><\/div>","aioseo_breadcrumb_json":[{"label":"Home","link":"https:\/\/soymigrante.com\/revista"},{"label":"Estamos Unidos","link":"https:\/\/soymigrante.com\/revista\/category\/estamos-unidos\/"},{"label":"Hogares devotos de Los Angeles abren sus puertas al Cristo de Esquipulas peregrino","link":"https:\/\/soymigrante.com\/revista\/hogares-devotos-de-los-angeles-abren-sus-puertas-al-cristo-de-esquipulas-peregrino\/"}],"_links":{"self":[{"href":"https:\/\/soymigrante.com\/revista\/wp-json\/wp\/v2\/posts\/34104","targetHints":{"allow":["GET"]}}],"collection":[{"href":"https:\/\/soymigrante.com\/revista\/wp-json\/wp\/v2\/posts"}],"about":[{"href":"https:\/\/soymigrante.com\/revista\/wp-json\/wp\/v2\/types\/post"}],"author":[{"embeddable":true,"href":"https:\/\/soymigrante.com\/revista\/wp-json\/wp\/v2\/users\/7"}],"replies":[{"embeddable":true,"href":"https:\/\/soymigrante.com\/revista\/wp-json\/wp\/v2\/comments?post=34104"}],"version-history":[{"count":18,"href":"https:\/\/soymigrante.com\/revista\/wp-json\/wp\/v2\/posts\/34104\/revisions"}],"predecessor-version":[{"id":34133,"href":"https:\/\/soymigrante.com\/revista\/wp-json\/wp\/v2\/posts\/34104\/revisions\/34133"}],"wp:featuredmedia":[{"embeddable":true,"href":"https:\/\/soymigrante.com\/revista\/wp-json\/wp\/v2\/media\/34130"}],"wp:attachment":[{"href":"https:\/\/soymigrante.com\/revista\/wp-json\/wp\/v2\/media?parent=34104"}],"wp:term":[{"taxonomy":"category","embeddable":true,"href":"https:\/\/soymigrante.com\/revista\/wp-json\/wp\/v2\/categories?post=34104"},{"taxonomy":"post_tag","embeddable":true,"href":"https:\/\/soymigrante.com\/revista\/wp-json\/wp\/v2\/tags?post=34104"}],"curies":[{"name":"wp","href":"https:\/\/api.w.org\/{rel}","templated":true}]}}