{"id":34059,"date":"2025-05-21T04:00:00","date_gmt":"2025-05-21T10:00:00","guid":{"rendered":"https:\/\/soymigrante.com\/revista\/?p=34059"},"modified":"2025-05-20T22:31:58","modified_gmt":"2025-05-21T04:31:58","slug":"que-es-una-persona-migrante-una-mirada-a-su-definicion-derechos-y-valor-en-la-sociedad","status":"publish","type":"post","link":"https:\/\/soymigrante.com\/revista\/que-es-una-persona-migrante-una-mirada-a-su-definicion-derechos-y-valor-en-la-sociedad\/","title":{"rendered":"\u00bfQu\u00e9 es una persona migrante Una mirada a su definici\u00f3n, derechos y valor en la sociedad"},"content":{"rendered":"\t\t<div data-elementor-type=\"wp-post\" data-elementor-id=\"34059\" class=\"elementor elementor-34059\" data-elementor-post-type=\"post\">\n\t\t\t\t<div data-particle_enable=\"false\" data-particle-mobile-disabled=\"false\" class=\"elementor-element elementor-element-81cbeda e-flex e-con-boxed e-con e-parent\" data-id=\"81cbeda\" data-element_type=\"container\" data-e-type=\"container\">\n\t\t\t\t\t<div class=\"e-con-inner\">\n\t\t\t\t<div class=\"elementor-element elementor-element-2e20060 elementor-widget elementor-widget-heading\" data-id=\"2e20060\" data-element_type=\"widget\" data-e-type=\"widget\" data-widget_type=\"heading.default\">\n\t\t\t\t\t<h2 class=\"elementor-heading-title elementor-size-default\">Una persona migrante tiene derechos y valor en la sociedad, pero esta es su definici\u00f3n. <\/h2>\t\t\t\t<\/div>\n\t\t\t\t\t<\/div>\n\t\t\t\t<\/div>\n\t\t<div data-particle_enable=\"false\" data-particle-mobile-disabled=\"false\" class=\"elementor-element elementor-element-e6f37d9 e-flex e-con-boxed e-con e-parent\" data-id=\"e6f37d9\" data-element_type=\"container\" data-e-type=\"container\">\n\t\t\t\t\t<div class=\"e-con-inner\">\n\t\t\t\t<div class=\"elementor-element elementor-element-81236de elementor-widget elementor-widget-text-editor\" data-id=\"81236de\" data-element_type=\"widget\" data-e-type=\"widget\" data-widget_type=\"text-editor.default\">\n\t\t\t\t\t\t\t\t\t<p>En un mundo cada vez m\u00e1s interconectado, la migraci\u00f3n se ha convertido en un fen\u00f3meno com\u00fan y constante. Seg\u00fan la <a href=\"https:\/\/www.iom.int\/es\" target=\"_blank\" rel=\"noopener\">Organizaci\u00f3n Internacional para las Migraciones (OIM),<\/a> una persona migrante es aquella que se desplaza fuera de su lugar de residencia habitual, ya sea dentro de su pa\u00eds o cruzando fronteras internacionales, por razones diversas como trabajo, educaci\u00f3n, reunificaci\u00f3n familiar, desastres naturales o conflictos.<\/p><p><a href=\"https:\/\/www.un.org\/es\" target=\"_blank\" rel=\"noopener\">La Organizaci\u00f3n de las Naciones Unidas (ONU)<\/a> aclara que no hay una definici\u00f3n universalmente aceptada de \u201cmigrante\u201d, pero s\u00ed hay consenso en reconocer que no todas las personas que migran lo hacen por las mismas razones, ni en las mismas condiciones. Algunas lo hacen por decisi\u00f3n propia, mientras que otras se ven forzadas por circunstancias externas.<\/p>\t\t\t\t\t\t\t\t<\/div>\n\t\t\t\t\t<\/div>\n\t\t\t\t<\/div>\n\t\t<div data-particle_enable=\"false\" data-particle-mobile-disabled=\"false\" class=\"elementor-element elementor-element-0ae5bab e-flex e-con-boxed e-con e-parent\" data-id=\"0ae5bab\" data-element_type=\"container\" data-e-type=\"container\">\n\t\t\t\t\t<div class=\"e-con-inner\">\n\t\t\t\t<div class=\"elementor-element elementor-element-66b9b6a elementor-widget elementor-widget-heading\" data-id=\"66b9b6a\" data-element_type=\"widget\" data-e-type=\"widget\" data-widget_type=\"heading.default\">\n\t\t\t\t\t<h3 class=\"elementor-heading-title elementor-size-default\">\u00bfQui\u00e9nes son los migrantes?<\/h3>\t\t\t\t<\/div>\n\t\t\t\t\t<\/div>\n\t\t\t\t<\/div>\n\t\t<div data-particle_enable=\"false\" data-particle-mobile-disabled=\"false\" class=\"elementor-element elementor-element-d1baf9d e-flex e-con-boxed e-con e-parent\" data-id=\"d1baf9d\" data-element_type=\"container\" data-e-type=\"container\">\n\t\t\t\t\t<div class=\"e-con-inner\">\n\t\t\t\t<div class=\"elementor-element elementor-element-4517609 elementor-widget elementor-widget-text-editor\" data-id=\"4517609\" data-element_type=\"widget\" data-e-type=\"widget\" data-widget_type=\"text-editor.default\">\n\t\t\t\t\t\t\t\t\t<p>Migrante no es sin\u00f3nimo de ilegal ni de refugiado. Mientras el t\u00e9rmino \u201crefugiado\u201d aplica a quienes huyen de conflictos o persecuciones y buscan asilo en otro pa\u00eds, \u201cmigrante\u201d abarca un espectro m\u00e1s amplio. Incluye tanto a quienes migran de forma regular como irregular, por causas econ\u00f3micas, sociales o ambientales.<\/p><p><a href=\"https:\/\/www.un.org\/es\" target=\"_blank\" rel=\"noopener\">En 2020, la ONU estim\u00f3 que hab\u00eda m\u00e1s de 281 millones de migrantes internacionales en el mundo<\/a>, lo que representa cerca del 3.6% de la poblaci\u00f3n global. Estas personas contribuyen con su trabajo, cultura y conocimientos a las sociedades de origen y destino.<\/p>\t\t\t\t\t\t\t\t<\/div>\n\t\t\t\t\t<\/div>\n\t\t\t\t<\/div>\n\t\t<div data-particle_enable=\"false\" data-particle-mobile-disabled=\"false\" class=\"elementor-element elementor-element-5372fc9 e-flex e-con-boxed e-con e-parent\" data-id=\"5372fc9\" data-element_type=\"container\" data-e-type=\"container\">\n\t\t\t\t\t<div class=\"e-con-inner\">\n\t\t\t\t<div class=\"elementor-element elementor-element-a3acb55 elementor-widget elementor-widget-image\" data-id=\"a3acb55\" data-element_type=\"widget\" data-e-type=\"widget\" data-widget_type=\"image.default\">\n\t\t\t\t\t\t\t\t\t\t\t\t<figure class=\"wp-caption\">\n\t\t\t\t\t\t\t\t\t\t<img fetchpriority=\"high\" decoding=\"async\" width=\"768\" height=\"512\" src=\"https:\/\/soymigrante.com\/revista\/wp-content\/uploads\/2025\/05\/\u00bfQue-es-una-persona-migrante-Una-mirada-a-su-definicion-derechos-y-valor-en-la-sociedad3-1024x682.jpeg\" class=\"attachment-large size-large wp-image-34077\" alt=\"\u00bfQu\u00e9 es una persona migrante? Una mirada a su definici\u00f3n, derechos y valor en la sociedad\" srcset=\"https:\/\/soymigrante.com\/revista\/wp-content\/uploads\/2025\/05\/\u00bfQue-es-una-persona-migrante-Una-mirada-a-su-definicion-derechos-y-valor-en-la-sociedad3-1024x682.jpeg 1024w, https:\/\/soymigrante.com\/revista\/wp-content\/uploads\/2025\/05\/\u00bfQue-es-una-persona-migrante-Una-mirada-a-su-definicion-derechos-y-valor-en-la-sociedad3-300x200.jpeg 300w, https:\/\/soymigrante.com\/revista\/wp-content\/uploads\/2025\/05\/\u00bfQue-es-una-persona-migrante-Una-mirada-a-su-definicion-derechos-y-valor-en-la-sociedad3-768x512.jpeg 768w, https:\/\/soymigrante.com\/revista\/wp-content\/uploads\/2025\/05\/\u00bfQue-es-una-persona-migrante-Una-mirada-a-su-definicion-derechos-y-valor-en-la-sociedad3-1536x1023.jpeg 1536w, https:\/\/soymigrante.com\/revista\/wp-content\/uploads\/2025\/05\/\u00bfQue-es-una-persona-migrante-Una-mirada-a-su-definicion-derechos-y-valor-en-la-sociedad3-750x500.webp 750w, https:\/\/soymigrante.com\/revista\/wp-content\/uploads\/2025\/05\/\u00bfQue-es-una-persona-migrante-Una-mirada-a-su-definicion-derechos-y-valor-en-la-sociedad3-1140x760.webp 1140w, https:\/\/soymigrante.com\/revista\/wp-content\/uploads\/2025\/05\/\u00bfQue-es-una-persona-migrante-Una-mirada-a-su-definicion-derechos-y-valor-en-la-sociedad3.webp 1600w\" sizes=\"(max-width: 768px) 100vw, 768px\" title=\"\u00bfQu\u00e9 es una persona migrante Una mirada a su definici\u00f3n, derechos y valor en la sociedad3 \u2013 SoyMigrante.com REVISTA\" \/>\t\t\t\t\t\t\t\t\t\t\t<figcaption class=\"widget-image-caption wp-caption-text\">Los migrantes son importantes en la sociedad. (Foto: ENVATO)<\/figcaption>\n\t\t\t\t\t\t\t\t\t\t<\/figure>\n\t\t\t\t\t\t\t\t\t<\/div>\n\t\t\t\t\t<\/div>\n\t\t\t\t<\/div>\n\t\t<div data-particle_enable=\"false\" data-particle-mobile-disabled=\"false\" class=\"elementor-element elementor-element-4930ac2 e-flex e-con-boxed e-con e-parent\" data-id=\"4930ac2\" data-element_type=\"container\" data-e-type=\"container\">\n\t\t\t\t\t<div class=\"e-con-inner\">\n\t\t\t\t<div class=\"elementor-element elementor-element-8eb7528 elementor-widget elementor-widget-heading\" data-id=\"8eb7528\" data-element_type=\"widget\" data-e-type=\"widget\" data-widget_type=\"heading.default\">\n\t\t\t\t\t<h3 class=\"elementor-heading-title elementor-size-default\">Derechos de las personas migrantes<\/h3>\t\t\t\t<\/div>\n\t\t\t\t\t<\/div>\n\t\t\t\t<\/div>\n\t\t<div data-particle_enable=\"false\" data-particle-mobile-disabled=\"false\" class=\"elementor-element elementor-element-beaa5e0 e-flex e-con-boxed e-con e-parent\" data-id=\"beaa5e0\" data-element_type=\"container\" data-e-type=\"container\">\n\t\t\t\t\t<div class=\"e-con-inner\">\n\t\t\t\t<div class=\"elementor-element elementor-element-c16fb97 elementor-widget elementor-widget-text-editor\" data-id=\"c16fb97\" data-element_type=\"widget\" data-e-type=\"widget\" data-widget_type=\"text-editor.default\">\n\t\t\t\t\t\t\t\t\t<div>De acuerdo con la Declaraci\u00f3n Universal de los Derechos Humanos y la Convenci\u00f3n Internacional sobre la Protecci\u00f3n de los Derechos de Todos los Trabajadores Migratorios y de sus Familiares, las personas migrantes tienen los mismos derechos fundamentales que cualquier otro ser humano, entre ellos:<\/div><div>\u2022Derecho a la vida, libertad y seguridad.<\/div><div>\u2022Derecho a no ser discriminado por su estatus migratorio.<\/div><div>\u2022Derecho a condiciones laborales justas.<\/div><div>\u2022Derecho a acceder a servicios de salud y educaci\u00f3n.<\/div><div>\u2022Derecho a la reunificaci\u00f3n familiar.<\/div><div>\u2022Derecho a la justicia y a la protecci\u00f3n contra la explotaci\u00f3n y el abuso.<\/div><div>\u00a0<\/div><div>Organizaciones como <a href=\"https:\/\/www.acnur.org\/\" target=\"_blank\" rel=\"noopener\">ACNUR<\/a>, <a href=\"https:\/\/www.iom.int\/es\" target=\"_blank\" rel=\"noopener\">OIM<\/a>, <a href=\"https:\/\/www.hrw.org\/es\/about\/about-us\" target=\"_blank\" rel=\"noopener\">Human Rights Watch<\/a> y <a href=\"https:\/\/www.amnesty.org\/es\/\" target=\"_blank\" rel=\"noopener\">Amnist\u00eda Internacional<\/a> han se\u00f1alado que, a pesar de estos derechos, muchos migrantes enfrentan discriminaci\u00f3n, xenofobia, explotaci\u00f3n laboral y barreras legales para integrarse plenamente en la sociedad.<\/div>\t\t\t\t\t\t\t\t<\/div>\n\t\t\t\t\t<\/div>\n\t\t\t\t<\/div>\n\t\t<div data-particle_enable=\"false\" data-particle-mobile-disabled=\"false\" class=\"elementor-element elementor-element-83a09d9 e-flex e-con-boxed e-con e-parent\" data-id=\"83a09d9\" data-element_type=\"container\" data-e-type=\"container\">\n\t\t\t\t\t<div class=\"e-con-inner\">\n\t\t\t\t<div class=\"elementor-element elementor-element-5ee8b39 elementor-widget elementor-widget-image\" data-id=\"5ee8b39\" data-element_type=\"widget\" data-e-type=\"widget\" data-widget_type=\"image.default\">\n\t\t\t\t\t\t\t\t\t\t\t\t<figure class=\"wp-caption\">\n\t\t\t\t\t\t\t\t\t\t<img decoding=\"async\" width=\"768\" height=\"512\" src=\"https:\/\/soymigrante.com\/revista\/wp-content\/uploads\/2025\/05\/\u00bfQue-es-una-persona-migrante-Una-mirada-a-su-definicion-derechos-y-valor-en-la-sociedad2-1024x682.jpeg\" class=\"attachment-large size-large wp-image-34078\" alt=\"\u00bfQu\u00e9 es una persona migrante? Una mirada a su definici\u00f3n, derechos y valor en la sociedad\" srcset=\"https:\/\/soymigrante.com\/revista\/wp-content\/uploads\/2025\/05\/\u00bfQue-es-una-persona-migrante-Una-mirada-a-su-definicion-derechos-y-valor-en-la-sociedad2-1024x682.jpeg 1024w, https:\/\/soymigrante.com\/revista\/wp-content\/uploads\/2025\/05\/\u00bfQue-es-una-persona-migrante-Una-mirada-a-su-definicion-derechos-y-valor-en-la-sociedad2-300x200.jpeg 300w, https:\/\/soymigrante.com\/revista\/wp-content\/uploads\/2025\/05\/\u00bfQue-es-una-persona-migrante-Una-mirada-a-su-definicion-derechos-y-valor-en-la-sociedad2-768x512.jpeg 768w, https:\/\/soymigrante.com\/revista\/wp-content\/uploads\/2025\/05\/\u00bfQue-es-una-persona-migrante-Una-mirada-a-su-definicion-derechos-y-valor-en-la-sociedad2-1536x1023.jpeg 1536w, https:\/\/soymigrante.com\/revista\/wp-content\/uploads\/2025\/05\/\u00bfQue-es-una-persona-migrante-Una-mirada-a-su-definicion-derechos-y-valor-en-la-sociedad2-750x500.webp 750w, https:\/\/soymigrante.com\/revista\/wp-content\/uploads\/2025\/05\/\u00bfQue-es-una-persona-migrante-Una-mirada-a-su-definicion-derechos-y-valor-en-la-sociedad2-1140x760.webp 1140w, https:\/\/soymigrante.com\/revista\/wp-content\/uploads\/2025\/05\/\u00bfQue-es-una-persona-migrante-Una-mirada-a-su-definicion-derechos-y-valor-en-la-sociedad2.webp 1600w\" sizes=\"(max-width: 768px) 100vw, 768px\" title=\"\u00bfQu\u00e9 es una persona migrante Una mirada a su definici\u00f3n, derechos y valor en la sociedad2 \u2013 SoyMigrante.com REVISTA\" \/>\t\t\t\t\t\t\t\t\t\t\t<figcaption class=\"widget-image-caption wp-caption-text\">Las familias migrantes aportan diversidad a la sociedad. (Foto: ENVATO)<\/figcaption>\n\t\t\t\t\t\t\t\t\t\t<\/figure>\n\t\t\t\t\t\t\t\t\t<\/div>\n\t\t\t\t\t<\/div>\n\t\t\t\t<\/div>\n\t\t<div data-particle_enable=\"false\" data-particle-mobile-disabled=\"false\" class=\"elementor-element elementor-element-ac2f90e e-flex e-con-boxed e-con e-parent\" data-id=\"ac2f90e\" data-element_type=\"container\" data-e-type=\"container\">\n\t\t\t\t\t<div class=\"e-con-inner\">\n\t\t\t\t<div class=\"elementor-element elementor-element-7880be1 elementor-widget elementor-widget-heading\" data-id=\"7880be1\" data-element_type=\"widget\" data-e-type=\"widget\" data-widget_type=\"heading.default\">\n\t\t\t\t\t<h3 class=\"elementor-heading-title elementor-size-default\">Importancia de los migrantes en el desarrollo global<\/h3>\t\t\t\t<\/div>\n\t\t\t\t\t<\/div>\n\t\t\t\t<\/div>\n\t\t<div data-particle_enable=\"false\" data-particle-mobile-disabled=\"false\" class=\"elementor-element elementor-element-714b8cc e-flex e-con-boxed e-con e-parent\" data-id=\"714b8cc\" data-element_type=\"container\" data-e-type=\"container\">\n\t\t\t\t\t<div class=\"e-con-inner\">\n\t\t\t\t<div class=\"elementor-element elementor-element-33460ab elementor-widget elementor-widget-text-editor\" data-id=\"33460ab\" data-element_type=\"widget\" data-e-type=\"widget\" data-widget_type=\"text-editor.default\">\n\t\t\t\t\t\t\t\t\t<p>Los migrantes son actores clave en la econom\u00eda mundial. Las remesas que env\u00edan a sus pa\u00edses de origen superaron los $647 mil millones de d\u00f3lares en 2022, seg\u00fan el<a href=\"https:\/\/www.bancomundial.org\/ext\/es\/home\" target=\"_blank\" rel=\"noopener\"> Banco Mundial.<\/a> Adem\u00e1s, aportan diversidad cultural, innovaci\u00f3n y enriquecen las comunidades a las que llegan.<\/p><p>Para pa\u00edses como Guatemala, El Salvador o M\u00e9xico, la migraci\u00f3n es una parte esencial de la realidad social y econ\u00f3mica. Las historias de migrantes reflejan tanto la lucha por un futuro mejor como la resiliencia ante la adversidad.<\/p>\t\t\t\t\t\t\t\t<\/div>\n\t\t\t\t\t<\/div>\n\t\t\t\t<\/div>\n\t\t<div data-particle_enable=\"false\" data-particle-mobile-disabled=\"false\" class=\"elementor-element elementor-element-ed5a189 e-flex e-con-boxed e-con e-parent\" data-id=\"ed5a189\" data-element_type=\"container\" data-e-type=\"container\">\n\t\t\t\t\t<div class=\"e-con-inner\">\n\t\t\t\t<div class=\"elementor-element elementor-element-440d46d elementor-widget elementor-widget-image\" data-id=\"440d46d\" data-element_type=\"widget\" data-e-type=\"widget\" data-widget_type=\"image.default\">\n\t\t\t\t\t\t\t\t\t\t\t\t<figure class=\"wp-caption\">\n\t\t\t\t\t\t\t\t\t\t<img decoding=\"async\" width=\"768\" height=\"512\" src=\"https:\/\/soymigrante.com\/revista\/wp-content\/uploads\/2025\/05\/\u00bfQue-es-una-persona-migrante-Una-mirada-a-su-definicion-derechos-y-valor-en-la-sociedad1-1024x682.jpeg\" class=\"attachment-large size-large wp-image-34079\" alt=\"\u00bfQu\u00e9 es una persona migrante? Una mirada a su definici\u00f3n, derechos y valor en la sociedad\" srcset=\"https:\/\/soymigrante.com\/revista\/wp-content\/uploads\/2025\/05\/\u00bfQue-es-una-persona-migrante-Una-mirada-a-su-definicion-derechos-y-valor-en-la-sociedad1-1024x682.jpeg 1024w, https:\/\/soymigrante.com\/revista\/wp-content\/uploads\/2025\/05\/\u00bfQue-es-una-persona-migrante-Una-mirada-a-su-definicion-derechos-y-valor-en-la-sociedad1-300x200.jpeg 300w, https:\/\/soymigrante.com\/revista\/wp-content\/uploads\/2025\/05\/\u00bfQue-es-una-persona-migrante-Una-mirada-a-su-definicion-derechos-y-valor-en-la-sociedad1-768x512.jpeg 768w, https:\/\/soymigrante.com\/revista\/wp-content\/uploads\/2025\/05\/\u00bfQue-es-una-persona-migrante-Una-mirada-a-su-definicion-derechos-y-valor-en-la-sociedad1-1536x1023.jpeg 1536w, https:\/\/soymigrante.com\/revista\/wp-content\/uploads\/2025\/05\/\u00bfQue-es-una-persona-migrante-Una-mirada-a-su-definicion-derechos-y-valor-en-la-sociedad1-750x500.webp 750w, https:\/\/soymigrante.com\/revista\/wp-content\/uploads\/2025\/05\/\u00bfQue-es-una-persona-migrante-Una-mirada-a-su-definicion-derechos-y-valor-en-la-sociedad1-1140x760.webp 1140w, https:\/\/soymigrante.com\/revista\/wp-content\/uploads\/2025\/05\/\u00bfQue-es-una-persona-migrante-Una-mirada-a-su-definicion-derechos-y-valor-en-la-sociedad1.webp 1600w\" sizes=\"(max-width: 768px) 100vw, 768px\" title=\"\u00bfQu\u00e9 es una persona migrante Una mirada a su definici\u00f3n, derechos y valor en la sociedad1 \u2013 SoyMigrante.com REVISTA\" \/>\t\t\t\t\t\t\t\t\t\t\t<figcaption class=\"widget-image-caption wp-caption-text\">Los migrantes en Estados Unidos aportan diversidad a su cultura. (Foto: ENVATO)<\/figcaption>\n\t\t\t\t\t\t\t\t\t\t<\/figure>\n\t\t\t\t\t\t\t\t\t<\/div>\n\t\t\t\t\t<\/div>\n\t\t\t\t<\/div>\n\t\t<div data-particle_enable=\"false\" data-particle-mobile-disabled=\"false\" class=\"elementor-element elementor-element-7b65c0b e-flex e-con-boxed e-con e-parent\" data-id=\"7b65c0b\" data-element_type=\"container\" data-e-type=\"container\">\n\t\t\t\t\t<div class=\"e-con-inner\">\n\t\t\t\t<div class=\"elementor-element elementor-element-5905d78 elementor-widget elementor-widget-heading\" data-id=\"5905d78\" data-element_type=\"widget\" data-e-type=\"widget\" data-widget_type=\"heading.default\">\n\t\t\t\t\t<h3 class=\"elementor-heading-title elementor-size-default\">Una llamada a la empat\u00eda y la protecci\u00f3n<\/h3>\t\t\t\t<\/div>\n\t\t\t\t\t<\/div>\n\t\t\t\t<\/div>\n\t\t<div data-particle_enable=\"false\" data-particle-mobile-disabled=\"false\" class=\"elementor-element elementor-element-d6d1e7d e-flex e-con-boxed e-con e-parent\" data-id=\"d6d1e7d\" data-element_type=\"container\" data-e-type=\"container\">\n\t\t\t\t\t<div class=\"e-con-inner\">\n\t\t\t\t<div class=\"elementor-element elementor-element-7a70cba elementor-widget elementor-widget-text-editor\" data-id=\"7a70cba\" data-element_type=\"widget\" data-e-type=\"widget\" data-widget_type=\"text-editor.default\">\n\t\t\t\t\t\t\t\t\t<p><a href=\"https:\/\/www.un.org\/es\" target=\"_blank\" rel=\"noopener\">Reconocer a una persona migrante como un ser humano con derechos, sue\u00f1os y aportes es el primer paso para construir sociedades m\u00e1s inclusivas y justas<\/a>. Las organizaciones internacionales llaman a los gobiernos a promover pol\u00edticas migratorias que respeten los derechos humanos y favorezcan la integraci\u00f3n de quienes se ven en la necesidad de dejar su hogar.<\/p><p>Porque migrar no es un crimen. Es una realidad humana que merece comprensi\u00f3n, protecci\u00f3n y respeto.<\/p>\t\t\t\t\t\t\t\t<\/div>\n\t\t\t\t\t<\/div>\n\t\t\t\t<\/div>\n\t\t<div data-particle_enable=\"false\" data-particle-mobile-disabled=\"false\" class=\"elementor-element elementor-element-8f191a0 e-flex e-con-boxed e-con e-parent\" data-id=\"8f191a0\" data-element_type=\"container\" data-e-type=\"container\">\n\t\t\t\t\t<div class=\"e-con-inner\">\n\t\t\t\t<div class=\"elementor-element elementor-element-c889178 elementor-widget elementor-widget-heading\" data-id=\"c889178\" data-element_type=\"widget\" data-e-type=\"widget\" data-widget_type=\"heading.default\">\n\t\t\t\t\t<h2 class=\"elementor-heading-title elementor-size-default\">Conoce sobre la importancia de los migrantes, ac\u00e1...<\/h2>\t\t\t\t<\/div>\n\t\t\t\t\t<\/div>\n\t\t\t\t<\/div>\n\t\t<div data-particle_enable=\"false\" data-particle-mobile-disabled=\"false\" class=\"elementor-element elementor-element-3adf2f4 e-flex e-con-boxed e-con e-parent\" data-id=\"3adf2f4\" data-element_type=\"container\" data-e-type=\"container\">\n\t\t\t\t\t<div class=\"e-con-inner\">\n\t\t\t\t<div class=\"elementor-element elementor-element-7080af7 elementor-grid-eael-col-3 elementor-grid-tablet-eael-col-2 elementor-grid-mobile-eael-col-1 elementor-widget elementor-widget-eael-post-grid\" data-id=\"7080af7\" data-element_type=\"widget\" data-e-type=\"widget\" data-settings=\"{&quot;eael_post_grid_columns&quot;:&quot;eael-col-3&quot;,&quot;eael_post_grid_columns_tablet&quot;:&quot;eael-col-2&quot;,&quot;eael_post_grid_columns_mobile&quot;:&quot;eael-col-1&quot;}\" data-widget_type=\"eael-post-grid.default\">\n\t\t\t\t\t<div id=\"eael-post-grid-7080af7\" class=\"eael-post-grid-container\">\n            <div class=\"eael-post-grid eael-post-appender eael-post-appender-7080af7 eael-post-grid-style-one\" data-layout-mode=\"masonry\"><article class=\"eael-grid-post  eael-post-grid-column eael-pg-post-9747 category-exitos\" data-id=\"9747\">\n        <div class=\"eael-grid-post-holder\">\n            <div class=\"eael-grid-post-holder-inner\"><div class=\"eael-entry-media\"><div class=\"eael-entry-overlay fade-in\"><i class=\"far fa-hand-pointer\" aria-hidden=\"true\"><\/i><a href=\"https:\/\/soymigrante.com\/revista\/pablo-pineda-un-aliado-humanitario-en-chicago-con-su-restaurante-latin-patio\/\"><\/a><\/div><div class=\"eael-entry-thumbnail \">\n                <img loading=\"lazy\" decoding=\"async\" width=\"1024\" height=\"1024\" src=\"https:\/\/soymigrante.com\/revista\/wp-content\/uploads\/2024\/09\/Pablo-Pineda-lider-comunitario-Illinois-Chicago2-1024x1024.webp\" class=\"attachment-large size-large wp-image-9796\" alt=\"Trabajador migrante feliz sonrisa positiva revistamodelmigrante.\" \/>\n            <\/div>\n        <\/div><div class=\"eael-entry-wrapper\"><header class=\"eael-entry-header\"><h2 class=\"eael-entry-title\"><a class=\"eael-grid-post-link\" href=\"https:\/\/soymigrante.com\/revista\/pablo-pineda-un-aliado-humanitario-en-chicago-con-su-restaurante-latin-patio\/\" title=\"El guatemalteco Pablo Pineda es un aliado humanitario de los migrantes en Chicago\">El guatemalteco Pablo Pineda es un aliado humanitario de los migrantes en Chicago<\/a><\/h2><\/header><div class=\"eael-entry-content\">\n                        <div class=\"eael-grid-post-excerpt\"><a href=\"https:\/\/soymigrante.com\/revista\/pablo-pineda-un-aliado-humanitario-en-chicago-con-su-restaurante-latin-patio\/\" class=\"eael-post-elements-readmore-btn\">CONOCE SU HISTORIA <\/a><\/div>\n                    <\/div><\/div><\/div>\n        <\/div>\n    <\/article><article class=\"eael-grid-post  eael-post-grid-column eael-pg-post-2838 category-exitos\" data-id=\"2838\">\n        <div class=\"eael-grid-post-holder\">\n            <div class=\"eael-grid-post-holder-inner\"><div class=\"eael-entry-media\"><div class=\"eael-entry-overlay fade-in\"><i class=\"far fa-hand-pointer\" aria-hidden=\"true\"><\/i><a href=\"https:\/\/soymigrante.com\/revista\/migrante-y-emprendedora-emi-la-guatemalteca-ofrece-sabores-aromas-y-memorias-en-houston\/\"><\/a><\/div><div class=\"eael-entry-thumbnail \">\n                <img loading=\"lazy\" decoding=\"async\" width=\"768\" height=\"1024\" src=\"https:\/\/soymigrante.com\/revista\/wp-content\/uploads\/2023\/10\/Emi-es-una-emprendedora-guatemalteca-que-disfruta-compartir-con-los-connacionales-es-orgullosa-de-sus-raices-.webp\" class=\"attachment-large size-large wp-image-2833\" alt=\"Emi es una emprendedora guatemalteca que disfruta compartir con los connacionales, es orgullosa de sus ra\u00edces\" srcset=\"https:\/\/soymigrante.com\/revista\/wp-content\/uploads\/2023\/10\/Emi-es-una-emprendedora-guatemalteca-que-disfruta-compartir-con-los-connacionales-es-orgullosa-de-sus-raices-.webp 768w, https:\/\/soymigrante.com\/revista\/wp-content\/uploads\/2023\/10\/Emi-es-una-emprendedora-guatemalteca-que-disfruta-compartir-con-los-connacionales-es-orgullosa-de-sus-raices--225x300.webp 225w, https:\/\/soymigrante.com\/revista\/wp-content\/uploads\/2023\/10\/Emi-es-una-emprendedora-guatemalteca-que-disfruta-compartir-con-los-connacionales-es-orgullosa-de-sus-raices--750x1000.webp 750w\" sizes=\"(max-width: 768px) 100vw, 768px\" \/>\n            <\/div>\n        <\/div><div class=\"eael-entry-wrapper\"><header class=\"eael-entry-header\"><h2 class=\"eael-entry-title\"><a class=\"eael-grid-post-link\" href=\"https:\/\/soymigrante.com\/revista\/migrante-y-emprendedora-emi-la-guatemalteca-ofrece-sabores-aromas-y-memorias-en-houston\/\" title=\"Emi La Guatemalteca ofrece sabores, aromas y memorias en Dallas, Texas\">Emi La Guatemalteca ofrece sabores, aromas y memorias en Dallas, Texas<\/a><\/h2><\/header><div class=\"eael-entry-content\">\n                        <div class=\"eael-grid-post-excerpt\"><a href=\"https:\/\/soymigrante.com\/revista\/migrante-y-emprendedora-emi-la-guatemalteca-ofrece-sabores-aromas-y-memorias-en-houston\/\" class=\"eael-post-elements-readmore-btn\">CONOCE SU HISTORIA <\/a><\/div>\n                    <\/div><\/div><\/div>\n        <\/div>\n    <\/article><article class=\"eael-grid-post  eael-post-grid-column eael-pg-post-2281 category-exitos\" data-id=\"2281\">\n        <div class=\"eael-grid-post-holder\">\n            <div class=\"eael-grid-post-holder-inner\"><div class=\"eael-entry-media\"><div class=\"eael-entry-overlay fade-in\"><i class=\"far fa-hand-pointer\" aria-hidden=\"true\"><\/i><a href=\"https:\/\/soymigrante.com\/revista\/rosario-rodriguez-cineasta-guatemalteca-nueva-york\/\"><\/a><\/div><div class=\"eael-entry-thumbnail \">\n                <img loading=\"lazy\" decoding=\"async\" width=\"1024\" height=\"834\" src=\"https:\/\/soymigrante.com\/revista\/wp-content\/uploads\/2023\/08\/rosie-1024x834.webp\" class=\"attachment-large size-large wp-image-2341\" alt=\"Rosario Rodr\u00edguez, cineasta guatemalteca y migrante\" srcset=\"https:\/\/soymigrante.com\/revista\/wp-content\/uploads\/2023\/08\/rosie-1024x834.webp 1024w, https:\/\/soymigrante.com\/revista\/wp-content\/uploads\/2023\/08\/rosie-300x244.webp 300w, https:\/\/soymigrante.com\/revista\/wp-content\/uploads\/2023\/08\/rosie-768x626.webp 768w, https:\/\/soymigrante.com\/revista\/wp-content\/uploads\/2023\/08\/rosie-750x611.webp 750w, https:\/\/soymigrante.com\/revista\/wp-content\/uploads\/2023\/08\/rosie-1140x929.webp 1140w, https:\/\/soymigrante.com\/revista\/wp-content\/uploads\/2023\/08\/rosie.webp 1425w\" sizes=\"(max-width: 1024px) 100vw, 1024px\" \/>\n            <\/div>\n        <\/div><div class=\"eael-entry-wrapper\"><header class=\"eael-entry-header\"><h2 class=\"eael-entry-title\"><a class=\"eael-grid-post-link\" href=\"https:\/\/soymigrante.com\/revista\/rosario-rodriguez-cineasta-guatemalteca-nueva-york\/\" title=\"Rosario Rodr\u00edguez: La cineasta guatemalteca que brilla en Nueva York\">Rosario Rodr\u00edguez: La cineasta guatemalteca que brilla en Nueva York<\/a><\/h2><\/header><div class=\"eael-entry-content\">\n                        <div class=\"eael-grid-post-excerpt\"><a href=\"https:\/\/soymigrante.com\/revista\/rosario-rodriguez-cineasta-guatemalteca-nueva-york\/\" class=\"eael-post-elements-readmore-btn\">CONOCE SU HISTORIA <\/a><\/div>\n                    <\/div><\/div><\/div>\n        <\/div>\n    <\/article><\/div>\n            <div class=\"clearfix\"><\/div>\n        <\/div>\t\t\t\t<\/div>\n\t\t\t\t\t<\/div>\n\t\t\t\t<\/div>\n\t\t\t\t<\/div>\n\t\t","protected":false},"excerpt":{"rendered":"<p>Una persona migrante tiene derechos y valor en la sociedad, pero esta es su definici\u00f3n. En un mundo cada vez m\u00e1s interconectado, la migraci\u00f3n se ha convertido en un fen\u00f3meno com\u00fan y constante. Seg\u00fan la Organizaci\u00f3n Internacional para las Migraciones (OIM), una persona migrante es aquella que se desplaza fuera de su lugar de residencia [&hellip;]<\/p>\n","protected":false},"author":19,"featured_media":3264,"comment_status":"open","ping_status":"open","sticky":false,"template":"","format":"standard","meta":{"_acf_changed":false,"_eb_attr":"","footnotes":""},"categories":[54],"tags":[],"class_list":["post-34059","post","type-post","status-publish","format-standard","has-post-thumbnail","hentry","category-estamos-unidos"],"acf":[],"aioseo_notices":[],"aioseo_head":"\n\t\t<!-- All in One SEO Pro 4.9.6.2 - aioseo.com -->\n\t<meta name=\"description\" content=\"Rosario Rodr\u00edguez, migrante y cineasta, refleja en su trabajo la innovaci\u00f3n y dedicaci\u00f3n de los guatemaltecos. Conoce su trayectoria y visi\u00f3n en la industria f\u00edlmica\" \/>\n\t<meta name=\"robots\" content=\"max-snippet:-1, max-image-preview:large, max-video-preview:-1\" \/>\n\t<meta name=\"author\" content=\"Gustavo Montenegro\"\/>\n\t<link rel=\"canonical\" href=\"https:\/\/soymigrante.com\/revista\/rosario-rodriguez-cineasta-guatemalteca-nueva-york\/\" \/>\n\t<meta name=\"generator\" content=\"All in One SEO Pro (AIOSEO) 4.9.6.2\" \/>\n\n\t\t<link rel=\"preconnect\" href=\"https:\/\/fonts.googleapis.com\" crossorigin>\n<link rel=\"preconnect\" href=\"https:\/\/fonts.gstatic.com\" crossorigin>\n\t\t<meta property=\"og:locale\" content=\"es_ES\" \/>\n\t\t<meta property=\"og:site_name\" content=\"SoyMigrante.com REVISTA \u2013 Nuestra misi\u00f3n es reconocer y dignificar al migrante.\" \/>\n\t\t<meta property=\"og:type\" content=\"article\" \/>\n\t\t<meta property=\"og:title\" content=\"Rosario Rodr\u00edguez: La cineasta guatemalteca que brilla en Nueva York\" \/>\n\t\t<meta property=\"og:description\" content=\"Rosario Rodr\u00edguez, migrante y cineasta, refleja en su trabajo la innovaci\u00f3n y dedicaci\u00f3n de los guatemaltecos. Conoce su trayectoria y visi\u00f3n en la industria f\u00edlmica\" \/>\n\t\t<meta property=\"og:url\" content=\"https:\/\/soymigrante.com\/revista\/rosario-rodriguez-cineasta-guatemalteca-nueva-york\/\" \/>\n\t\t<meta property=\"og:image\" content=\"https:\/\/soymigrante.com\/revista\/wp-content\/uploads\/2023\/08\/rosie.webp\" \/>\n\t\t<meta property=\"og:image:secure_url\" content=\"https:\/\/soymigrante.com\/revista\/wp-content\/uploads\/2023\/08\/rosie.webp\" \/>\n\t\t<meta property=\"og:image:width\" content=\"1425\" \/>\n\t\t<meta property=\"og:image:height\" content=\"1161\" \/>\n\t\t<meta property=\"article:published_time\" content=\"2023-08-26T19:17:45+00:00\" \/>\n\t\t<meta property=\"article:modified_time\" content=\"2024-07-30T23:23:17+00:00\" \/>\n\t\t<meta property=\"article:publisher\" content=\"https:\/\/www.facebook.com\/soymigrantecom\" \/>\n\t\t<meta name=\"twitter:card\" content=\"summary_large_image\" \/>\n\t\t<meta name=\"twitter:site\" content=\"@SoyMigrante_com\" \/>\n\t\t<meta name=\"twitter:title\" content=\"Rosario Rodr\u00edguez: La cineasta guatemalteca que brilla en Nueva York\" \/>\n\t\t<meta name=\"twitter:description\" content=\"Rosario Rodr\u00edguez, migrante y cineasta, refleja en su trabajo la innovaci\u00f3n y dedicaci\u00f3n de los guatemaltecos. Conoce su trayectoria y visi\u00f3n en la industria f\u00edlmica\" \/>\n\t\t<meta name=\"twitter:creator\" content=\"@SoyMigrante_com\" \/>\n\t\t<meta name=\"twitter:image\" content=\"https:\/\/soymigrante.com\/revista\/wp-content\/uploads\/2023\/08\/rosie.webp\" \/>\n\t\t<!-- All in One SEO Pro -->\r\n\t\t<title>Rosario Rodr\u00edguez: La cineasta guatemalteca que brilla en Nueva York<\/title>\n\n","aioseo_head_json":{"title":"Rosario Rodr\u00edguez: La cineasta guatemalteca que brilla en Nueva York","description":"Rosario Rodr\u00edguez, migrante y cineasta, refleja en su trabajo la innovaci\u00f3n y dedicaci\u00f3n de los guatemaltecos. Conoce su trayectoria y visi\u00f3n en la industria f\u00edlmica","canonical_url":"https:\/\/soymigrante.com\/revista\/rosario-rodriguez-cineasta-guatemalteca-nueva-york\/","robots":"max-snippet:-1, max-image-preview:large, max-video-preview:-1","keywords":"","webmasterTools":{"miscellaneous":"&lt;link rel=\"preconnect\" href=\"https:\/\/fonts.googleapis.com\" crossorigin&gt;\n&lt;link rel=\"preconnect\" href=\"https:\/\/fonts.gstatic.com\" crossorigin&gt;"},"schema":null,"og:locale":"es_ES","og:site_name":"SoyMigrante.com REVISTA \u2013 Nuestra misi\u00f3n es reconocer y dignificar al migrante.","og:type":"article","og:title":"Rosario Rodr\u00edguez: La cineasta guatemalteca que brilla en Nueva York","og:description":"Rosario Rodr\u00edguez, migrante y cineasta, refleja en su trabajo la innovaci\u00f3n y dedicaci\u00f3n de los guatemaltecos. Conoce su trayectoria y visi\u00f3n en la industria f\u00edlmica","og:url":"https:\/\/soymigrante.com\/revista\/rosario-rodriguez-cineasta-guatemalteca-nueva-york\/","og:image":"https:\/\/soymigrante.com\/revista\/wp-content\/uploads\/2023\/08\/rosie.webp","og:image:secure_url":"https:\/\/soymigrante.com\/revista\/wp-content\/uploads\/2023\/08\/rosie.webp","og:image:width":1425,"og:image:height":1161,"article:published_time":"2023-08-26T19:17:45+00:00","article:modified_time":"2024-07-30T23:23:17+00:00","article:publisher":"https:\/\/www.facebook.com\/soymigrantecom","twitter:card":"summary_large_image","twitter:site":"@SoyMigrante_com","twitter:title":"Rosario Rodr\u00edguez: La cineasta guatemalteca que brilla en Nueva York","twitter:description":"Rosario Rodr\u00edguez, migrante y cineasta, refleja en su trabajo la innovaci\u00f3n y dedicaci\u00f3n de los guatemaltecos. Conoce su trayectoria y visi\u00f3n en la industria f\u00edlmica","twitter:creator":"@SoyMigrante_com","twitter:image":"https:\/\/soymigrante.com\/revista\/wp-content\/uploads\/2023\/08\/rosie.webp"},"aioseo_meta_data":{"post_id":"34059","title":null,"description":"Una persona migrante tiene derechos y valor en la sociedad, pero esta es su definici\u00f3n.","keywords":null,"keyphrases":{"focus":{"keyphrase":"Migrante","score":78,"analysis":{"keyphraseInTitle":{"score":9,"maxScore":9,"error":0},"keyphraseInDescription":{"score":9,"maxScore":9,"error":0},"keyphraseLength":{"score":9,"maxScore":9,"error":0,"length":1},"keyphraseInURL":{"score":5,"maxScore":5,"error":0},"keyphraseInIntroduction":{"score":9,"maxScore":9,"error":0},"keyphraseInSubHeadings":{"score":3,"maxScore":9,"error":1},"keyphraseInImageAlt":{"score":9,"maxScore":9,"error":0},"keywordDensity":{"type":"high","score":0,"maxScore":9,"error":1}}},"additional":[]},"primary_term":null,"canonical_url":null,"og_title":null,"og_description":null,"og_object_type":"default","og_image_type":"default","og_image_url":null,"og_image_width":null,"og_image_height":null,"og_image_custom_url":null,"og_image_custom_fields":null,"og_video":"","og_custom_url":null,"og_article_section":null,"og_article_tags":null,"twitter_use_og":false,"twitter_card":"default","twitter_image_type":"default","twitter_image_url":null,"twitter_image_custom_url":null,"twitter_image_custom_fields":null,"twitter_title":null,"twitter_description":null,"schema":{"blockGraphs":[],"customGraphs":[],"default":{"data":{"Article":[],"Course":[],"Dataset":[],"FAQPage":[],"Movie":[],"Person":[],"Product":[],"ProductReview":[],"Car":[],"Recipe":[],"Service":[],"SoftwareApplication":[],"WebPage":[]},"graphName":"none","isEnabled":true},"graphs":[]},"schema_type":"default","schema_type_options":null,"pillar_content":false,"robots_default":true,"robots_noindex":false,"robots_noarchive":false,"robots_nosnippet":false,"robots_nofollow":false,"robots_noimageindex":false,"robots_noodp":false,"robots_notranslate":false,"robots_max_snippet":"-1","robots_max_videopreview":"-1","robots_max_imagepreview":"large","priority":null,"frequency":"default","local_seo":null,"seo_analyzer_scan_date":"2025-10-09 05:20:28","breadcrumb_settings":null,"limit_modified_date":false,"reviewed_by":null,"open_ai":"{\"title\":{\"suggestions\":[],\"usage\":0},\"description\":{\"suggestions\":[],\"usage\":0}}","ai":null,"created":"2025-05-20 19:08:04","updated":"2026-02-04 23:46:13"},"aioseo_breadcrumb":"<div class=\"aioseo-breadcrumbs\"><span class=\"aioseo-breadcrumb\">\n\t<a href=\"https:\/\/soymigrante.com\/revista\" title=\"Home\">Home<\/a>\n<\/span><span class=\"aioseo-breadcrumb-separator\">\u00bb<\/span><span class=\"aioseo-breadcrumb\">\n\t<a href=\"https:\/\/soymigrante.com\/revista\/category\/estamos-unidos\/\" title=\"Estamos Unidos\">Estamos Unidos<\/a>\n<\/span><span class=\"aioseo-breadcrumb-separator\">\u00bb<\/span><span class=\"aioseo-breadcrumb\">\n\t\u00bfQu\u00e9 es una persona migrante Una mirada a su definici\u00f3n, derechos y valor en la sociedad\n<\/span><\/div>","aioseo_breadcrumb_json":[{"label":"Home","link":"https:\/\/soymigrante.com\/revista"},{"label":"Estamos Unidos","link":"https:\/\/soymigrante.com\/revista\/category\/estamos-unidos\/"},{"label":"\u00bfQu\u00e9 es una persona migrante Una mirada a su definici\u00f3n, derechos y valor en la sociedad","link":"https:\/\/soymigrante.com\/revista\/que-es-una-persona-migrante-una-mirada-a-su-definicion-derechos-y-valor-en-la-sociedad\/"}],"_links":{"self":[{"href":"https:\/\/soymigrante.com\/revista\/wp-json\/wp\/v2\/posts\/34059","targetHints":{"allow":["GET"]}}],"collection":[{"href":"https:\/\/soymigrante.com\/revista\/wp-json\/wp\/v2\/posts"}],"about":[{"href":"https:\/\/soymigrante.com\/revista\/wp-json\/wp\/v2\/types\/post"}],"author":[{"embeddable":true,"href":"https:\/\/soymigrante.com\/revista\/wp-json\/wp\/v2\/users\/19"}],"replies":[{"embeddable":true,"href":"https:\/\/soymigrante.com\/revista\/wp-json\/wp\/v2\/comments?post=34059"}],"version-history":[{"count":24,"href":"https:\/\/soymigrante.com\/revista\/wp-json\/wp\/v2\/posts\/34059\/revisions"}],"predecessor-version":[{"id":34097,"href":"https:\/\/soymigrante.com\/revista\/wp-json\/wp\/v2\/posts\/34059\/revisions\/34097"}],"wp:featuredmedia":[{"embeddable":true,"href":"https:\/\/soymigrante.com\/revista\/wp-json\/wp\/v2\/media\/3264"}],"wp:attachment":[{"href":"https:\/\/soymigrante.com\/revista\/wp-json\/wp\/v2\/media?parent=34059"}],"wp:term":[{"taxonomy":"category","embeddable":true,"href":"https:\/\/soymigrante.com\/revista\/wp-json\/wp\/v2\/categories?post=34059"},{"taxonomy":"post_tag","embeddable":true,"href":"https:\/\/soymigrante.com\/revista\/wp-json\/wp\/v2\/tags?post=34059"}],"curies":[{"name":"wp","href":"https:\/\/api.w.org\/{rel}","templated":true}]}}