{"id":34001,"date":"2025-05-21T05:00:00","date_gmt":"2025-05-21T11:00:00","guid":{"rendered":"https:\/\/soymigrante.com\/revista\/?p=34001"},"modified":"2025-05-20T22:37:26","modified_gmt":"2025-05-21T04:37:26","slug":"soymigrante-mercado-tiene-puertas-abiertas-a-todo-emprendedor-guatemalteco","status":"publish","type":"post","link":"https:\/\/soymigrante.com\/revista\/soymigrante-mercado-tiene-puertas-abiertas-a-todo-emprendedor-guatemalteco\/","title":{"rendered":"SoyMigrante MERCADO tiene sus puertas abiertas a todo emprendedor guatemalteco"},"content":{"rendered":"\t\t<div data-elementor-type=\"wp-post\" data-elementor-id=\"34001\" class=\"elementor elementor-34001\" data-elementor-post-type=\"post\">\n\t\t\t\t<div data-particle_enable=\"false\" data-particle-mobile-disabled=\"false\" class=\"elementor-element elementor-element-7b11a44 e-flex e-con-boxed e-con e-parent\" data-id=\"7b11a44\" data-element_type=\"container\" data-e-type=\"container\">\n\t\t\t\t\t<div class=\"e-con-inner\">\n\t\t\t\t<div class=\"elementor-element elementor-element-0f81247 elementor-widget elementor-widget-heading\" data-id=\"0f81247\" data-element_type=\"widget\" data-e-type=\"widget\" data-widget_type=\"heading.default\">\n\t\t\t\t\t<h2 class=\"elementor-heading-title elementor-size-default\">Los guatemaltecos emprendedores ahora tiene una opci\u00f3n para sus productos, SoyMigrante MERCADO te est\u00e1 esperando. \n<\/h2>\t\t\t\t<\/div>\n\t\t\t\t\t<\/div>\n\t\t\t\t<\/div>\n\t\t<div data-particle_enable=\"false\" data-particle-mobile-disabled=\"false\" class=\"elementor-element elementor-element-7f6c801 e-flex e-con-boxed e-con e-parent\" data-id=\"7f6c801\" data-element_type=\"container\" data-e-type=\"container\">\n\t\t\t\t\t<div class=\"e-con-inner\">\n\t\t\t\t<div class=\"elementor-element elementor-element-7e886b6 elementor-widget elementor-widget-text-editor\" data-id=\"7e886b6\" data-element_type=\"widget\" data-e-type=\"widget\" data-widget_type=\"text-editor.default\">\n\t\t\t\t\t\t\t\t\t<p>Si eres emprendedor en Guatemala y est\u00e1s buscando una vitrina segura para mostrar y vender tus productos, la plataforma <a href=\"https:\/\/soymigrante.com\/mercado\/\" target=\"_blank\" rel=\"noopener\">SoyMigrante MERCADO<\/a> puede ser la oportunidad que esperabas.<\/p><p>Esta tienda virtual fue creada para visibilizar el talento, la creatividad y el trabajo de guatemaltecos que sue\u00f1an con crecer y conectar con nuevos mercados, incluyendo clientes migrantes en Estados Unidos que valoran profundamente lo hecho en su tierra.<\/p><p>Desde joyer\u00eda artesanal hasta textiles, productos naturales, alimentos t\u00edpicos y m\u00e1s, <a href=\"https:\/\/soymigrante.com\/mercado\/\" target=\"_blank\" rel=\"noopener\">SoyMigrante MERCADO<\/a> busca reunir lo mejor del emprendimiento chap\u00edn en un solo lugar. Pero \u00bfc\u00f3mo unirte y sacar el mayor provecho a esta oportunidad? Aqu\u00ed te contamos paso a paso.<\/p>\t\t\t\t\t\t\t\t<\/div>\n\t\t\t\t\t<\/div>\n\t\t\t\t<\/div>\n\t\t<div data-particle_enable=\"false\" data-particle-mobile-disabled=\"false\" class=\"elementor-element elementor-element-0a4cae7 e-flex e-con-boxed e-con e-parent\" data-id=\"0a4cae7\" data-element_type=\"container\" data-e-type=\"container\">\n\t\t\t\t\t<div class=\"e-con-inner\">\n\t\t\t\t<div class=\"elementor-element elementor-element-114b171 elementor-widget elementor-widget-image\" data-id=\"114b171\" data-element_type=\"widget\" data-e-type=\"widget\" data-widget_type=\"image.default\">\n\t\t\t\t\t\t\t\t\t\t\t\t<figure class=\"wp-caption\">\n\t\t\t\t\t\t\t\t\t\t<img fetchpriority=\"high\" decoding=\"async\" width=\"768\" height=\"355\" src=\"https:\/\/soymigrante.com\/revista\/wp-content\/uploads\/2025\/05\/Guatemaltecos-emprendedores-sumense-a-SoyMigrante-MERCADO-2-1024x473.png\" class=\"attachment-large size-large wp-image-34030\" alt=\"Acceso a la revista SoyMigrante.com con art\u00edculos y recursos para migrantes y comunidad hispana.\" srcset=\"https:\/\/soymigrante.com\/revista\/wp-content\/uploads\/2025\/05\/Guatemaltecos-emprendedores-sumense-a-SoyMigrante-MERCADO-2-1024x473.png 1024w, https:\/\/soymigrante.com\/revista\/wp-content\/uploads\/2025\/05\/Guatemaltecos-emprendedores-sumense-a-SoyMigrante-MERCADO-2-300x139.png 300w, https:\/\/soymigrante.com\/revista\/wp-content\/uploads\/2025\/05\/Guatemaltecos-emprendedores-sumense-a-SoyMigrante-MERCADO-2-768x355.png 768w, https:\/\/soymigrante.com\/revista\/wp-content\/uploads\/2025\/05\/Guatemaltecos-emprendedores-sumense-a-SoyMigrante-MERCADO-2-1536x710.png 1536w, https:\/\/soymigrante.com\/revista\/wp-content\/uploads\/2025\/05\/Guatemaltecos-emprendedores-sumense-a-SoyMigrante-MERCADO-2-750x347.webp 750w, https:\/\/soymigrante.com\/revista\/wp-content\/uploads\/2025\/05\/Guatemaltecos-emprendedores-sumense-a-SoyMigrante-MERCADO-2-1140x527.webp 1140w, https:\/\/soymigrante.com\/revista\/wp-content\/uploads\/2025\/05\/Guatemaltecos-emprendedores-sumense-a-SoyMigrante-MERCADO-2.webp 1896w\" sizes=\"(max-width: 768px) 100vw, 768px\" title=\"Guatemaltecos emprendedores s\u00famense a SoyMigrante MERCADO 2 \u2013 SoyMigrante.com REVISTA\" \/>\t\t\t\t\t\t\t\t\t\t\t<figcaption class=\"widget-image-caption wp-caption-text\">Regalos que \u00b1abrazan el coraz\u00f3n de mam\u00e1, detalles \u00fanicos para celebrar a quien siempre est\u00e1 contigo, en la revista SoyMigrante.com.<\/figcaption>\n\t\t\t\t\t\t\t\t\t\t<\/figure>\n\t\t\t\t\t\t\t\t\t<\/div>\n\t\t\t\t\t<\/div>\n\t\t\t\t<\/div>\n\t\t<div data-particle_enable=\"false\" data-particle-mobile-disabled=\"false\" class=\"elementor-element elementor-element-da1d82a e-flex e-con-boxed e-con e-parent\" data-id=\"da1d82a\" data-element_type=\"container\" data-e-type=\"container\">\n\t\t\t\t\t<div class=\"e-con-inner\">\n\t\t\t\t<div class=\"elementor-element elementor-element-7a8a4e6 elementor-widget elementor-widget-heading\" data-id=\"7a8a4e6\" data-element_type=\"widget\" data-e-type=\"widget\" data-widget_type=\"heading.default\">\n\t\t\t\t\t<h3 class=\"elementor-heading-title elementor-size-default\">1. Inscribite en la tienda MERCADO<\/h3>\t\t\t\t<\/div>\n\t\t\t\t\t<\/div>\n\t\t\t\t<\/div>\n\t\t<div data-particle_enable=\"false\" data-particle-mobile-disabled=\"false\" class=\"elementor-element elementor-element-106478a e-flex e-con-boxed e-con e-parent\" data-id=\"106478a\" data-element_type=\"container\" data-e-type=\"container\">\n\t\t\t\t\t<div class=\"e-con-inner\">\n\t\t\t\t<div class=\"elementor-element elementor-element-ad3a266 elementor-widget elementor-widget-text-editor\" data-id=\"ad3a266\" data-element_type=\"widget\" data-e-type=\"widget\" data-widget_type=\"text-editor.default\">\n\t\t\t\t\t\t\t\t\t<p><a href=\"https:\/\/soymigrante.com\/mercado\/marketplace\/seller\/register\" target=\"_blank\" rel=\"noopener\">El primer paso es registrarte en la plataforma.<\/a> El proceso es sencillo y gratuito. Una vez inscrito, podr\u00e1s crear tu perfil de vendedor, subir tus productos y empezar a recibir pedidos.<\/p><p>El sitio est\u00e1 dise\u00f1ado para facilitar el proceso tanto a quienes venden como a quienes compran.<\/p>\t\t\t\t\t\t\t\t<\/div>\n\t\t\t\t\t<\/div>\n\t\t\t\t<\/div>\n\t\t<div data-particle_enable=\"false\" data-particle-mobile-disabled=\"false\" class=\"elementor-element elementor-element-1e302c0 e-flex e-con-boxed e-con e-parent\" data-id=\"1e302c0\" data-element_type=\"container\" data-e-type=\"container\">\n\t\t\t\t\t<div class=\"e-con-inner\">\n\t\t\t\t<div class=\"elementor-element elementor-element-c37b882 elementor-widget elementor-widget-image\" data-id=\"c37b882\" data-element_type=\"widget\" data-e-type=\"widget\" data-widget_type=\"image.default\">\n\t\t\t\t\t\t\t\t\t\t\t\t<figure class=\"wp-caption\">\n\t\t\t\t\t\t\t\t\t\t<img decoding=\"async\" width=\"758\" height=\"836\" src=\"https:\/\/soymigrante.com\/revista\/wp-content\/uploads\/2025\/05\/Guatemaltecos-emprendedores-sumense-a-SoyMigrante-MERCADO-1.webp\" class=\"attachment-large size-large wp-image-34031\" alt=\"SoyMigrante.com REVISTA - portada, art\u00edculos y noticias sobre migrantes, cultura y derechos en Latinoam\u00e9rica.\" srcset=\"https:\/\/soymigrante.com\/revista\/wp-content\/uploads\/2025\/05\/Guatemaltecos-emprendedores-sumense-a-SoyMigrante-MERCADO-1.webp 758w, https:\/\/soymigrante.com\/revista\/wp-content\/uploads\/2025\/05\/Guatemaltecos-emprendedores-sumense-a-SoyMigrante-MERCADO-1-272x300.png 272w, https:\/\/soymigrante.com\/revista\/wp-content\/uploads\/2025\/05\/Guatemaltecos-emprendedores-sumense-a-SoyMigrante-MERCADO-1-750x827.webp 750w\" sizes=\"(max-width: 758px) 100vw, 758px\" title=\"Guatemaltecos emprendedores s\u00famense a SoyMigrante MERCADO 1 \u2013 SoyMigrante.com REVISTA\" \/>\t\t\t\t\t\t\t\t\t\t\t<figcaption class=\"widget-image-caption wp-caption-text\">Revista digital de SoyMigrante.com con contenido relevante para migrantes, derechos humanos, cultura e historia en Am\u00e9rica Latina.<\/figcaption>\n\t\t\t\t\t\t\t\t\t\t<\/figure>\n\t\t\t\t\t\t\t\t\t<\/div>\n\t\t\t\t\t<\/div>\n\t\t\t\t<\/div>\n\t\t<div data-particle_enable=\"false\" data-particle-mobile-disabled=\"false\" class=\"elementor-element elementor-element-03d67de e-flex e-con-boxed e-con e-parent\" data-id=\"03d67de\" data-element_type=\"container\" data-e-type=\"container\">\n\t\t\t\t\t<div class=\"e-con-inner\">\n\t\t\t\t<div class=\"elementor-element elementor-element-89d6c95 elementor-widget elementor-widget-heading\" data-id=\"89d6c95\" data-element_type=\"widget\" data-e-type=\"widget\" data-widget_type=\"heading.default\">\n\t\t\t\t\t<h3 class=\"elementor-heading-title elementor-size-default\">2. Proteg\u00e9 tu marca y logotipo<\/h3>\t\t\t\t<\/div>\n\t\t\t\t\t<\/div>\n\t\t\t\t<\/div>\n\t\t<div data-particle_enable=\"false\" data-particle-mobile-disabled=\"false\" class=\"elementor-element elementor-element-9ba5d33 e-flex e-con-boxed e-con e-parent\" data-id=\"9ba5d33\" data-element_type=\"container\" data-e-type=\"container\">\n\t\t\t\t\t<div class=\"e-con-inner\">\n\t\t\t\t<div class=\"elementor-element elementor-element-c36d6ab elementor-widget elementor-widget-text-editor\" data-id=\"c36d6ab\" data-element_type=\"widget\" data-e-type=\"widget\" data-widget_type=\"text-editor.default\">\n\t\t\t\t\t\t\t\t\t<p>Tu emprendimiento necesita una identidad clara.<a href=\"https:\/\/soymigrante.com\/revista\/tips-pra-emprendedores-como-crear-una-marca-y-un-logo-impactante-en-un-mercado-competitivo\/\" target=\"_blank\" rel=\"noopener\"> Aseg\u00farate de tener un nombre original, un logotipo llamativo y, si es posible, registrar tu marca.<\/a> Esto no solo te da presencia, sino que transmite profesionalismo y confianza a los compradores.<\/p><p>Si a\u00fan no tienes logotipo, busca apoyo de dise\u00f1adores o estudiantes de dise\u00f1o gr\u00e1fico, muchas veces hay opciones accesibles o incluso gratuitas.<\/p>\t\t\t\t\t\t\t\t<\/div>\n\t\t\t\t\t<\/div>\n\t\t\t\t<\/div>\n\t\t<div data-particle_enable=\"false\" data-particle-mobile-disabled=\"false\" class=\"elementor-element elementor-element-0f674e9 e-flex e-con-boxed e-con e-parent\" data-id=\"0f674e9\" data-element_type=\"container\" data-e-type=\"container\">\n\t\t\t\t\t<div class=\"e-con-inner\">\n\t\t\t\t<div class=\"elementor-element elementor-element-fa52cd8 elementor-widget elementor-widget-image\" data-id=\"fa52cd8\" data-element_type=\"widget\" data-e-type=\"widget\" data-widget_type=\"image.default\">\n\t\t\t\t\t\t\t\t\t\t\t\t<figure class=\"wp-caption\">\n\t\t\t\t\t\t\t\t\t\t<img decoding=\"async\" width=\"768\" height=\"425\" src=\"https:\/\/soymigrante.com\/revista\/wp-content\/uploads\/2025\/05\/Guatemaltecos-emprendedores-sumense-a-SoyMigrante-MERCADO-3-1-1024x567.png\" class=\"attachment-large size-large wp-image-34032\" alt=\"Arte, cultura y productos en SoyMigrante.com revista digital con enfoque en migrantes, comercio justo y desarrollo comunitario. Descubre historias, art\u00edculos y productos que inspiran y fortalecen la identidad migrante.\" srcset=\"https:\/\/soymigrante.com\/revista\/wp-content\/uploads\/2025\/05\/Guatemaltecos-emprendedores-sumense-a-SoyMigrante-MERCADO-3-1-1024x567.png 1024w, https:\/\/soymigrante.com\/revista\/wp-content\/uploads\/2025\/05\/Guatemaltecos-emprendedores-sumense-a-SoyMigrante-MERCADO-3-1-300x166.png 300w, https:\/\/soymigrante.com\/revista\/wp-content\/uploads\/2025\/05\/Guatemaltecos-emprendedores-sumense-a-SoyMigrante-MERCADO-3-1-768x425.png 768w, https:\/\/soymigrante.com\/revista\/wp-content\/uploads\/2025\/05\/Guatemaltecos-emprendedores-sumense-a-SoyMigrante-MERCADO-3-1-1536x850.png 1536w, https:\/\/soymigrante.com\/revista\/wp-content\/uploads\/2025\/05\/Guatemaltecos-emprendedores-sumense-a-SoyMigrante-MERCADO-3-1-750x415.webp 750w, https:\/\/soymigrante.com\/revista\/wp-content\/uploads\/2025\/05\/Guatemaltecos-emprendedores-sumense-a-SoyMigrante-MERCADO-3-1-1140x631.webp 1140w, https:\/\/soymigrante.com\/revista\/wp-content\/uploads\/2025\/05\/Guatemaltecos-emprendedores-sumense-a-SoyMigrante-MERCADO-3-1.webp 1539w\" sizes=\"(max-width: 768px) 100vw, 768px\" title=\"Guatemaltecos emprendedores s\u00famense a SoyMigrante MERCADO 3 \u2013 SoyMigrante.com REVISTA\" \/>\t\t\t\t\t\t\t\t\t\t\t<figcaption class=\"widget-image-caption wp-caption-text\">Texto alternativo: Logo de SoyMigrante.com revista digital enfocada en migrantes, cultura, arte y productos de comercio justo.<\/figcaption>\n\t\t\t\t\t\t\t\t\t\t<\/figure>\n\t\t\t\t\t\t\t\t\t<\/div>\n\t\t\t\t\t<\/div>\n\t\t\t\t<\/div>\n\t\t<div data-particle_enable=\"false\" data-particle-mobile-disabled=\"false\" class=\"elementor-element elementor-element-9174c1e e-flex e-con-boxed e-con e-parent\" data-id=\"9174c1e\" data-element_type=\"container\" data-e-type=\"container\">\n\t\t\t\t\t<div class=\"e-con-inner\">\n\t\t\t\t<div class=\"elementor-element elementor-element-44d6d9e elementor-widget elementor-widget-heading\" data-id=\"44d6d9e\" data-element_type=\"widget\" data-e-type=\"widget\" data-widget_type=\"heading.default\">\n\t\t\t\t\t<h3 class=\"elementor-heading-title elementor-size-default\">3. Buenas fotos y descripciones claras<\/h3>\t\t\t\t<\/div>\n\t\t\t\t\t<\/div>\n\t\t\t\t<\/div>\n\t\t<div data-particle_enable=\"false\" data-particle-mobile-disabled=\"false\" class=\"elementor-element elementor-element-e715eb7 e-flex e-con-boxed e-con e-parent\" data-id=\"e715eb7\" data-element_type=\"container\" data-e-type=\"container\">\n\t\t\t\t\t<div class=\"e-con-inner\">\n\t\t\t\t<div class=\"elementor-element elementor-element-15477e5 elementor-widget elementor-widget-text-editor\" data-id=\"15477e5\" data-element_type=\"widget\" data-e-type=\"widget\" data-widget_type=\"text-editor.default\">\n\t\t\t\t\t\t\t\t\t<p><a href=\"https:\/\/soymigrante.com\/revista\/herramientas-digitales-gratis-para-logos-diseno-y-fotos-de-emprendimientos\/\" target=\"_blank\" rel=\"noopener\">Recuerda que los compradores no pueden tocar ni probar tu producto, as\u00ed que una buena fotograf\u00eda lo dice todo.<\/a> Usa luz natural, un fondo limpio y enfoca bien el art\u00edculo. Mu\u00e9stralo desde varios \u00e1ngulos y, si se puede usar o vestir, que alguien lo modele.<\/p><p>Acompa\u00f1a la imagen con una descripci\u00f3n honesta y completa: \u00bfde qu\u00e9 est\u00e1 hecho?, \u00bfpara qu\u00e9 sirve?, \u00bfcu\u00e1nto mide?, \u00bfc\u00f3mo se cuida?, \u00bfen qu\u00e9 colores viene?<\/p>\t\t\t\t\t\t\t\t<\/div>\n\t\t\t\t\t<\/div>\n\t\t\t\t<\/div>\n\t\t<div data-particle_enable=\"false\" data-particle-mobile-disabled=\"false\" class=\"elementor-element elementor-element-70899b9 e-flex e-con-boxed e-con e-parent\" data-id=\"70899b9\" data-element_type=\"container\" data-e-type=\"container\">\n\t\t\t\t\t<div class=\"e-con-inner\">\n\t\t\t\t<div class=\"elementor-element elementor-element-e8b4c63 elementor-widget elementor-widget-heading\" data-id=\"e8b4c63\" data-element_type=\"widget\" data-e-type=\"widget\" data-widget_type=\"heading.default\">\n\t\t\t\t\t<h3 class=\"elementor-heading-title elementor-size-default\">4. Precio justo: ni muy alto ni muy bajo<\/h3>\t\t\t\t<\/div>\n\t\t\t\t\t<\/div>\n\t\t\t\t<\/div>\n\t\t<div data-particle_enable=\"false\" data-particle-mobile-disabled=\"false\" class=\"elementor-element elementor-element-cecc8bd e-flex e-con-boxed e-con e-parent\" data-id=\"cecc8bd\" data-element_type=\"container\" data-e-type=\"container\">\n\t\t\t\t\t<div class=\"e-con-inner\">\n\t\t\t\t<div class=\"elementor-element elementor-element-d88632e elementor-widget elementor-widget-text-editor\" data-id=\"d88632e\" data-element_type=\"widget\" data-e-type=\"widget\" data-widget_type=\"text-editor.default\">\n\t\t\t\t\t\t\t\t\t<p>Valorar tu producto con justicia es clave. Calcula los costos de materiales, tiempo, transporte y empaque.<\/p><p><a href=\"https:\/\/soymigrante.com\/revista\/desafio-de-emprendedores-el-empaque-adecuado-de-productos-para-envio\/\" target=\"_blank\" rel=\"noopener\">Luego agrega una ganancia razonable. Un precio demasiado bajo desvaloriza tu trabajo;<\/a> uno muy alto puede alejar compradores.<\/p>\t\t\t\t\t\t\t\t<\/div>\n\t\t\t\t\t<\/div>\n\t\t\t\t<\/div>\n\t\t<div data-particle_enable=\"false\" data-particle-mobile-disabled=\"false\" class=\"elementor-element elementor-element-af2cec6 e-flex e-con-boxed e-con e-parent\" data-id=\"af2cec6\" data-element_type=\"container\" data-e-type=\"container\">\n\t\t\t\t\t<div class=\"e-con-inner\">\n\t\t\t\t<div class=\"elementor-element elementor-element-9d77480 elementor-widget elementor-widget-image\" data-id=\"9d77480\" data-element_type=\"widget\" data-e-type=\"widget\" data-widget_type=\"image.default\">\n\t\t\t\t\t\t\t\t\t\t\t\t<figure class=\"wp-caption\">\n\t\t\t\t\t\t\t\t\t\t<img loading=\"lazy\" decoding=\"async\" width=\"768\" height=\"431\" src=\"https:\/\/soymigrante.com\/revista\/wp-content\/uploads\/2025\/05\/Guatemaltecos-emprendedores-sumense-a-SoyMigrante-MERCADO-4-1024x574.png\" class=\"attachment-large size-large wp-image-34033\" alt=\"SoyMigrante.com REVISTA con art\u00edculos sobre historias, cultura y regalos para celebrar a mam\u00e1 y promover la comunidad migrante en crecimiento.\" srcset=\"https:\/\/soymigrante.com\/revista\/wp-content\/uploads\/2025\/05\/Guatemaltecos-emprendedores-sumense-a-SoyMigrante-MERCADO-4-1024x574.png 1024w, https:\/\/soymigrante.com\/revista\/wp-content\/uploads\/2025\/05\/Guatemaltecos-emprendedores-sumense-a-SoyMigrante-MERCADO-4-300x168.png 300w, https:\/\/soymigrante.com\/revista\/wp-content\/uploads\/2025\/05\/Guatemaltecos-emprendedores-sumense-a-SoyMigrante-MERCADO-4-768x431.png 768w, https:\/\/soymigrante.com\/revista\/wp-content\/uploads\/2025\/05\/Guatemaltecos-emprendedores-sumense-a-SoyMigrante-MERCADO-4-1536x861.png 1536w, https:\/\/soymigrante.com\/revista\/wp-content\/uploads\/2025\/05\/Guatemaltecos-emprendedores-sumense-a-SoyMigrante-MERCADO-4-750x420.webp 750w, https:\/\/soymigrante.com\/revista\/wp-content\/uploads\/2025\/05\/Guatemaltecos-emprendedores-sumense-a-SoyMigrante-MERCADO-4-1140x639.webp 1140w, https:\/\/soymigrante.com\/revista\/wp-content\/uploads\/2025\/05\/Guatemaltecos-emprendedores-sumense-a-SoyMigrante-MERCADO-4.webp 1618w\" sizes=\"(max-width: 768px) 100vw, 768px\" title=\"Guatemaltecos emprendedores s\u00famense a SoyMigrante MERCADO 4 \u2013 SoyMigrante.com REVISTA\" \/>\t\t\t\t\t\t\t\t\t\t\t<figcaption class=\"widget-image-caption wp-caption-text\">Revista digital de SoyMigrante.com con historias inspiradoras, tradiciones culturales y consejos para conectar con las madres y promover la cultura migrante.<\/figcaption>\n\t\t\t\t\t\t\t\t\t\t<\/figure>\n\t\t\t\t\t\t\t\t\t<\/div>\n\t\t\t\t\t<\/div>\n\t\t\t\t<\/div>\n\t\t<div data-particle_enable=\"false\" data-particle-mobile-disabled=\"false\" class=\"elementor-element elementor-element-5d2a848 e-flex e-con-boxed e-con e-parent\" data-id=\"5d2a848\" data-element_type=\"container\" data-e-type=\"container\">\n\t\t\t\t\t<div class=\"e-con-inner\">\n\t\t\t\t<div class=\"elementor-element elementor-element-c199d24 elementor-widget elementor-widget-heading\" data-id=\"c199d24\" data-element_type=\"widget\" data-e-type=\"widget\" data-widget_type=\"heading.default\">\n\t\t\t\t\t<h3 class=\"elementor-heading-title elementor-size-default\">5. Comparte la tienda con tu comunidad<\/h3>\t\t\t\t<\/div>\n\t\t\t\t\t<\/div>\n\t\t\t\t<\/div>\n\t\t<div data-particle_enable=\"false\" data-particle-mobile-disabled=\"false\" class=\"elementor-element elementor-element-62d2d5f e-flex e-con-boxed e-con e-parent\" data-id=\"62d2d5f\" data-element_type=\"container\" data-e-type=\"container\">\n\t\t\t\t\t<div class=\"e-con-inner\">\n\t\t\t\t<div class=\"elementor-element elementor-element-b6203d1 elementor-widget elementor-widget-text-editor\" data-id=\"b6203d1\" data-element_type=\"widget\" data-e-type=\"widget\" data-widget_type=\"text-editor.default\">\n\t\t\t\t\t\t\t\t\t<p>Una vez que tus productos est\u00e9n en la tienda, no te quedes callado.<a href=\"https:\/\/soymigrante.com\/revista\/como-promocionar-productos-y-tener-una-conexion-con-los-clientes\/\" target=\"_blank\" rel=\"noopener\"> Cu\u00e9ntale a tus amigos, familiares, vecinos, clientes fieles y conocidos.<\/a> Promociona tu tienda, en grupos de WhatsApp, en redes sociales, en tu iglesia, en mercados locales. Explica que <a href=\"https:\/\/soymigrante.com\/mercado\/\" target=\"_blank\" rel=\"noopener\">SoyMigrante MERCADO<\/a> es una p\u00e1gina segura y que los pagos se manejan de forma confiable.<\/p><p>El boca a boca sigue siendo la mejor publicidad.<\/p>\t\t\t\t\t\t\t\t<\/div>\n\t\t\t\t\t<\/div>\n\t\t\t\t<\/div>\n\t\t<div data-particle_enable=\"false\" data-particle-mobile-disabled=\"false\" class=\"elementor-element elementor-element-1e47773 e-flex e-con-boxed e-con e-parent\" data-id=\"1e47773\" data-element_type=\"container\" data-e-type=\"container\">\n\t\t\t\t\t<div class=\"e-con-inner\">\n\t\t\t\t<div class=\"elementor-element elementor-element-a10bdfe elementor-widget elementor-widget-image\" data-id=\"a10bdfe\" data-element_type=\"widget\" data-e-type=\"widget\" data-widget_type=\"image.default\">\n\t\t\t\t\t\t\t\t\t\t\t\t<figure class=\"wp-caption\">\n\t\t\t\t\t\t\t\t\t\t<img loading=\"lazy\" decoding=\"async\" width=\"768\" height=\"440\" src=\"https:\/\/soymigrante.com\/revista\/wp-content\/uploads\/2025\/05\/Guatemaltecos-emprendedores-sumense-a-SoyMigrante-MERCADO-1024x586.png\" class=\"attachment-large size-large wp-image-34036\" alt=\"Pliego de tela tefl\u00f3n, artesan\u00edas, accesorios de bisuter\u00eda, productos hechos a mano, arte en \u00f3leo, cultura mexicana, productos para la promoci\u00f3n cultural, libros de arte, joyer\u00eda artesanal, art\u00edculos \u00fanicos de migrantes.\" srcset=\"https:\/\/soymigrante.com\/revista\/wp-content\/uploads\/2025\/05\/Guatemaltecos-emprendedores-sumense-a-SoyMigrante-MERCADO-1024x586.png 1024w, https:\/\/soymigrante.com\/revista\/wp-content\/uploads\/2025\/05\/Guatemaltecos-emprendedores-sumense-a-SoyMigrante-MERCADO-300x172.png 300w, https:\/\/soymigrante.com\/revista\/wp-content\/uploads\/2025\/05\/Guatemaltecos-emprendedores-sumense-a-SoyMigrante-MERCADO-768x439.png 768w, https:\/\/soymigrante.com\/revista\/wp-content\/uploads\/2025\/05\/Guatemaltecos-emprendedores-sumense-a-SoyMigrante-MERCADO-1536x879.png 1536w, https:\/\/soymigrante.com\/revista\/wp-content\/uploads\/2025\/05\/Guatemaltecos-emprendedores-sumense-a-SoyMigrante-MERCADO-750x429.webp 750w, https:\/\/soymigrante.com\/revista\/wp-content\/uploads\/2025\/05\/Guatemaltecos-emprendedores-sumense-a-SoyMigrante-MERCADO-1140x652.webp 1140w, https:\/\/soymigrante.com\/revista\/wp-content\/uploads\/2025\/05\/Guatemaltecos-emprendedores-sumense-a-SoyMigrante-MERCADO.webp 1571w\" sizes=\"(max-width: 768px) 100vw, 768px\" title=\"Guatemaltecos emprendedores s\u00famense a SoyMigrante MERCADO \u2013 SoyMigrante.com REVISTA\" \/>\t\t\t\t\t\t\t\t\t\t\t<figcaption class=\"widget-image-caption wp-caption-text\">Arte y productos artesanales destacados en SoyMigrante.com REVISTA, que resaltan la creatividad, cultura y talento de las comunidades migrantes mexicanas y latinoamericanas.<\/figcaption>\n\t\t\t\t\t\t\t\t\t\t<\/figure>\n\t\t\t\t\t\t\t\t\t<\/div>\n\t\t\t\t\t<\/div>\n\t\t\t\t<\/div>\n\t\t<div data-particle_enable=\"false\" data-particle-mobile-disabled=\"false\" class=\"elementor-element elementor-element-4c13ae8 e-flex e-con-boxed e-con e-parent\" data-id=\"4c13ae8\" data-element_type=\"container\" data-e-type=\"container\">\n\t\t\t\t\t<div class=\"e-con-inner\">\n\t\t\t\t<div class=\"elementor-element elementor-element-b1498d4 elementor-widget elementor-widget-heading\" data-id=\"b1498d4\" data-element_type=\"widget\" data-e-type=\"widget\" data-widget_type=\"heading.default\">\n\t\t\t\t\t<h3 class=\"elementor-heading-title elementor-size-default\">Una comunidad que crece unida<\/h3>\t\t\t\t<\/div>\n\t\t\t\t\t<\/div>\n\t\t\t\t<\/div>\n\t\t<div data-particle_enable=\"false\" data-particle-mobile-disabled=\"false\" class=\"elementor-element elementor-element-b7e8557 e-flex e-con-boxed e-con e-parent\" data-id=\"b7e8557\" data-element_type=\"container\" data-e-type=\"container\">\n\t\t\t\t\t<div class=\"e-con-inner\">\n\t\t\t\t<div class=\"elementor-element elementor-element-045b71a elementor-widget elementor-widget-text-editor\" data-id=\"045b71a\" data-element_type=\"widget\" data-e-type=\"widget\" data-widget_type=\"text-editor.default\">\n\t\t\t\t\t\t\t\t\t<p><a href=\"https:\/\/soymigrante.com\/mercado\/\" target=\"_blank\" rel=\"noopener\">SoyMigrante MERCADO<\/a> no solo es un espacio de venta. Es una comunidad que apoya, capacita y acompa\u00f1a a los emprendedores guatemaltecos para crecer de manera sostenible. Formar parte de esta iniciativa es tambi\u00e9n entrar a una red de apoyo que cree en el talento local y quiere llevarlo lejos.<\/p><p>As\u00ed que si ten\u00e9s un sue\u00f1o, un producto y muchas ganas de salir adelante, este es el momento. Tu emprendimiento merece ser visto. Vos merec\u00e9s ser parte de <a href=\"https:\/\/soymigrante.com\/mercado\/\" target=\"_blank\" rel=\"noopener\">MERCADO<\/a>.<\/p>\t\t\t\t\t\t\t\t<\/div>\n\t\t\t\t\t<\/div>\n\t\t\t\t<\/div>\n\t\t<div data-particle_enable=\"false\" data-particle-mobile-disabled=\"false\" class=\"elementor-element elementor-element-e61db24 e-flex e-con-boxed e-con e-parent\" data-id=\"e61db24\" data-element_type=\"container\" data-e-type=\"container\">\n\t\t\t\t\t<div class=\"e-con-inner\">\n\t\t\t\t<div class=\"elementor-element elementor-element-a1148c0 elementor-widget elementor-widget-heading\" data-id=\"a1148c0\" data-element_type=\"widget\" data-e-type=\"widget\" data-widget_type=\"heading.default\">\n\t\t\t\t\t<h2 class=\"elementor-heading-title elementor-size-default\">Conoce m\u00e1s de esta comunidad, ac\u00e1...<\/h2>\t\t\t\t<\/div>\n\t\t\t\t\t<\/div>\n\t\t\t\t<\/div>\n\t\t<div data-particle_enable=\"false\" data-particle-mobile-disabled=\"false\" class=\"elementor-element elementor-element-bac12bb e-flex e-con-boxed e-con e-parent\" data-id=\"bac12bb\" data-element_type=\"container\" data-e-type=\"container\">\n\t\t\t\t\t<div class=\"e-con-inner\">\n\t\t\t\t<div class=\"elementor-element elementor-element-a30aac9 elementor-grid-eael-col-3 elementor-grid-tablet-eael-col-2 elementor-grid-mobile-eael-col-1 elementor-widget elementor-widget-eael-post-grid\" data-id=\"a30aac9\" data-element_type=\"widget\" data-e-type=\"widget\" data-settings=\"{&quot;eael_post_grid_columns&quot;:&quot;eael-col-3&quot;,&quot;eael_post_grid_columns_tablet&quot;:&quot;eael-col-2&quot;,&quot;eael_post_grid_columns_mobile&quot;:&quot;eael-col-1&quot;}\" data-widget_type=\"eael-post-grid.default\">\n\t\t\t\t\t<div id=\"eael-post-grid-a30aac9\" class=\"eael-post-grid-container\">\n            <div class=\"eael-post-grid eael-post-appender eael-post-appender-a30aac9 eael-post-grid-style-one\" data-layout-mode=\"masonry\"><article class=\"eael-grid-post  eael-post-grid-column eael-pg-post-10641\" data-id=\"10641\">\n        <div class=\"eael-grid-post-holder\">\n            <div class=\"eael-grid-post-holder-inner\"><div class=\"eael-entry-media\"><div class=\"eael-entry-overlay fade-in\"><i class=\"far fa-hand-pointer\" aria-hidden=\"true\"><\/i><a href=\"https:\/\/soymigrante.com\/revista\/emprendedores-de-mercado\/\"><\/a><\/div><div class=\"eael-entry-thumbnail \">\n                <img loading=\"lazy\" decoding=\"async\" width=\"1024\" height=\"379\" src=\"https:\/\/soymigrante.com\/revista\/wp-content\/uploads\/2024\/09\/soymigrantecom-mercado-1024x379.webp\" class=\"attachment-large size-large wp-image-8884\" alt=\"SoyMigrante.com revista de migrantes y mercado laboral, con noticias y art\u00edculos relevantes para la comunidad migrante en busca de integraci\u00f3n y oportunidades de empleo.\" srcset=\"https:\/\/soymigrante.com\/revista\/wp-content\/uploads\/2024\/09\/soymigrantecom-mercado-1024x379.webp 1024w, https:\/\/soymigrante.com\/revista\/wp-content\/uploads\/2024\/09\/soymigrantecom-mercado-300x111.webp 300w, https:\/\/soymigrante.com\/revista\/wp-content\/uploads\/2024\/09\/soymigrantecom-mercado-768x284.webp 768w, https:\/\/soymigrante.com\/revista\/wp-content\/uploads\/2024\/09\/soymigrantecom-mercado-750x278.webp 750w, https:\/\/soymigrante.com\/revista\/wp-content\/uploads\/2024\/09\/soymigrantecom-mercado.webp 1032w\" sizes=\"(max-width: 1024px) 100vw, 1024px\" \/>\n            <\/div>\n        <\/div><div class=\"eael-entry-wrapper\"><header class=\"eael-entry-header\"><h2 class=\"eael-entry-title\"><a class=\"eael-grid-post-link\" href=\"https:\/\/soymigrante.com\/revista\/emprendedores-de-mercado\/\" title=\"Conoce a los Emprendedores de SoyMigrante.com MERCADO\">Conoce a los Emprendedores de SoyMigrante.com MERCADO<\/a><\/h2><\/header><div class=\"eael-entry-content\">\n                        <div class=\"eael-grid-post-excerpt\"><a href=\"https:\/\/soymigrante.com\/revista\/emprendedores-de-mercado\/\" class=\"eael-post-elements-readmore-btn\">CONOCE SU HISTORIA <\/a><\/div>\n                    <\/div><\/div><\/div>\n        <\/div>\n    <\/article><article class=\"eael-grid-post  eael-post-grid-column eael-pg-post-10118\" data-id=\"10118\">\n        <div class=\"eael-grid-post-holder\">\n            <div class=\"eael-grid-post-holder-inner\"><div class=\"eael-entry-wrapper\"><header class=\"eael-entry-header\"><h2 class=\"eael-entry-title\"><a class=\"eael-grid-post-link\" href=\"https:\/\/soymigrante.com\/revista\/terminos-y-condiciones-mercado\/\" title=\"T\u00e9rminos y condiciones del mercado (marketplace)\">T\u00e9rminos y condiciones del mercado (marketplace)<\/a><\/h2><\/header><div class=\"eael-entry-content\">\n                        <div class=\"eael-grid-post-excerpt\"><a href=\"https:\/\/soymigrante.com\/revista\/terminos-y-condiciones-mercado\/\" class=\"eael-post-elements-readmore-btn\">CONOCE SU HISTORIA <\/a><\/div>\n                    <\/div><\/div><\/div>\n        <\/div>\n    <\/article><article class=\"eael-grid-post  eael-post-grid-column eael-pg-post-10104\" data-id=\"10104\">\n        <div class=\"eael-grid-post-holder\">\n            <div class=\"eael-grid-post-holder-inner\"><div class=\"eael-entry-wrapper\"><header class=\"eael-entry-header\"><h2 class=\"eael-entry-title\"><a class=\"eael-grid-post-link\" href=\"https:\/\/soymigrante.com\/revista\/preguntas-y-respuestas\/\" title=\"Preguntas y respuestas de MERCADO @ SoyMigrante.com\">Preguntas y respuestas de MERCADO @ SoyMigrante.com<\/a><\/h2><\/header><div class=\"eael-entry-content\">\n                        <div class=\"eael-grid-post-excerpt\"><a href=\"https:\/\/soymigrante.com\/revista\/preguntas-y-respuestas\/\" class=\"eael-post-elements-readmore-btn\">CONOCE SU HISTORIA <\/a><\/div>\n                    <\/div><\/div><\/div>\n        <\/div>\n    <\/article><\/div>\n            <div class=\"clearfix\"><\/div>\n        <\/div>\t\t\t\t<\/div>\n\t\t\t\t\t<\/div>\n\t\t\t\t<\/div>\n\t\t\t\t<\/div>\n\t\t","protected":false},"excerpt":{"rendered":"<p>Los guatemaltecos emprendedores ahora tiene una opci\u00f3n para sus productos, SoyMigrante MERCADO te est\u00e1 esperando. Si eres emprendedor en Guatemala y est\u00e1s buscando una vitrina segura para mostrar y vender tus productos, la plataforma SoyMigrante MERCADO puede ser la oportunidad que esperabas. Esta tienda virtual fue creada para visibilizar el talento, la creatividad y el [&hellip;]<\/p>\n","protected":false},"author":19,"featured_media":34002,"comment_status":"open","ping_status":"open","sticky":false,"template":"","format":"standard","meta":{"_acf_changed":false,"_eb_attr":"","footnotes":""},"categories":[54],"tags":[],"class_list":["post-34001","post","type-post","status-publish","format-standard","has-post-thumbnail","hentry","category-estamos-unidos"],"acf":[],"aioseo_notices":[],"aioseo_head":"\n\t\t<!-- All in One SEO Pro 4.9.6.2 - aioseo.com -->\n\t<meta name=\"description\" content=\"Preguntas frecuentes de MERCADO \u00bfEl vendedor cubrir\u00e1 alg\u00fan cargo por el env\u00edo del producto? No. El comprador es quien pagar\u00e1 el costo del env\u00edo. Con la excepci\u00f3n si el comprador elige pago contraentrega, Cargo Expreso recibir\u00e1 el pago cuando realice la entrega y cobrar\u00e1 una comisi\u00f3n de 4% sobre el monto cobrado. \u00bfDe d\u00f3nde saldr\u00e1\" \/>\n\t<meta name=\"robots\" content=\"max-snippet:-1, max-image-preview:large, max-video-preview:-1\" \/>\n\t<meta name=\"author\" content=\"Jorge Ortiz\"\/>\n\t<link rel=\"canonical\" href=\"https:\/\/soymigrante.com\/revista\/preguntas-y-respuestas\/\" \/>\n\t<meta name=\"generator\" content=\"All in One SEO Pro (AIOSEO) 4.9.6.2\" \/>\n\n\t\t<link rel=\"preconnect\" href=\"https:\/\/fonts.googleapis.com\" crossorigin>\n<link rel=\"preconnect\" href=\"https:\/\/fonts.gstatic.com\" crossorigin>\n\t\t<meta property=\"og:locale\" content=\"es_ES\" \/>\n\t\t<meta property=\"og:site_name\" content=\"SoyMigrante.com REVISTA \u2013 Nuestra misi\u00f3n es reconocer y dignificar al migrante.\" \/>\n\t\t<meta property=\"og:type\" content=\"article\" \/>\n\t\t<meta property=\"og:title\" content=\"Preguntas y respuestas de MERCADO @ SoyMigrante.com\" \/>\n\t\t<meta property=\"og:description\" content=\"Preguntas frecuentes de MERCADO \u00bfEl vendedor cubrir\u00e1 alg\u00fan cargo por el env\u00edo del producto? No. El comprador es quien pagar\u00e1 el costo del env\u00edo. Con la excepci\u00f3n si el comprador elige pago contraentrega, Cargo Expreso recibir\u00e1 el pago cuando realice la entrega y cobrar\u00e1 una comisi\u00f3n de 4% sobre el monto cobrado. \u00bfDe d\u00f3nde saldr\u00e1\" \/>\n\t\t<meta property=\"og:url\" content=\"https:\/\/soymigrante.com\/revista\/preguntas-y-respuestas\/\" \/>\n\t\t<meta property=\"og:image\" content=\"https:\/\/soymigrante.com\/revista\/wp-content\/uploads\/2024\/11\/SoyMigrantecom-V-color-112x112-1.webp\" \/>\n\t\t<meta property=\"og:image:secure_url\" content=\"https:\/\/soymigrante.com\/revista\/wp-content\/uploads\/2024\/11\/SoyMigrantecom-V-color-112x112-1.webp\" \/>\n\t\t<meta property=\"article:published_time\" content=\"2024-10-07T18:07:51+00:00\" \/>\n\t\t<meta property=\"article:modified_time\" content=\"2025-01-10T21:09:51+00:00\" \/>\n\t\t<meta property=\"article:publisher\" content=\"https:\/\/www.facebook.com\/soymigrantecom\" \/>\n\t\t<meta name=\"twitter:card\" content=\"summary_large_image\" \/>\n\t\t<meta name=\"twitter:site\" content=\"@SoyMigrante_com\" \/>\n\t\t<meta name=\"twitter:title\" content=\"Preguntas y respuestas de MERCADO @ SoyMigrante.com\" \/>\n\t\t<meta name=\"twitter:description\" content=\"Preguntas frecuentes de MERCADO \u00bfEl vendedor cubrir\u00e1 alg\u00fan cargo por el env\u00edo del producto? No. El comprador es quien pagar\u00e1 el costo del env\u00edo. Con la excepci\u00f3n si el comprador elige pago contraentrega, Cargo Expreso recibir\u00e1 el pago cuando realice la entrega y cobrar\u00e1 una comisi\u00f3n de 4% sobre el monto cobrado. \u00bfDe d\u00f3nde saldr\u00e1\" \/>\n\t\t<meta name=\"twitter:creator\" content=\"@SoyMigrante_com\" \/>\n\t\t<meta name=\"twitter:image\" content=\"https:\/\/soymigrante.com\/revista\/wp-content\/uploads\/2024\/11\/SoyMigrantecom-V-color-112x112-1.webp\" \/>\n\t\t<!-- All in One SEO Pro -->\r\n\t\t<title>Preguntas y respuestas de MERCADO @ SoyMigrante.com<\/title>\n\n","aioseo_head_json":{"title":"Preguntas y respuestas de MERCADO @ SoyMigrante.com","description":"Preguntas frecuentes de MERCADO \u00bfEl vendedor cubrir\u00e1 alg\u00fan cargo por el env\u00edo del producto? No. El comprador es quien pagar\u00e1 el costo del env\u00edo. Con la excepci\u00f3n si el comprador elige pago contraentrega, Cargo Expreso recibir\u00e1 el pago cuando realice la entrega y cobrar\u00e1 una comisi\u00f3n de 4% sobre el monto cobrado. \u00bfDe d\u00f3nde saldr\u00e1","canonical_url":"https:\/\/soymigrante.com\/revista\/preguntas-y-respuestas\/","robots":"max-snippet:-1, max-image-preview:large, max-video-preview:-1","keywords":"","webmasterTools":{"miscellaneous":"&lt;link rel=\"preconnect\" href=\"https:\/\/fonts.googleapis.com\" crossorigin&gt;\n&lt;link rel=\"preconnect\" href=\"https:\/\/fonts.gstatic.com\" crossorigin&gt;"},"schema":null,"og:locale":"es_ES","og:site_name":"SoyMigrante.com REVISTA \u2013 Nuestra misi\u00f3n es reconocer y dignificar al migrante.","og:type":"article","og:title":"Preguntas y respuestas de MERCADO @ SoyMigrante.com","og:description":"Preguntas frecuentes de MERCADO \u00bfEl vendedor cubrir\u00e1 alg\u00fan cargo por el env\u00edo del producto? No. El comprador es quien pagar\u00e1 el costo del env\u00edo. Con la excepci\u00f3n si el comprador elige pago contraentrega, Cargo Expreso recibir\u00e1 el pago cuando realice la entrega y cobrar\u00e1 una comisi\u00f3n de 4% sobre el monto cobrado. \u00bfDe d\u00f3nde saldr\u00e1","og:url":"https:\/\/soymigrante.com\/revista\/preguntas-y-respuestas\/","og:image":"https:\/\/soymigrante.com\/revista\/wp-content\/uploads\/2024\/11\/SoyMigrantecom-V-color-112x112-1.webp","og:image:secure_url":"https:\/\/soymigrante.com\/revista\/wp-content\/uploads\/2024\/11\/SoyMigrantecom-V-color-112x112-1.webp","article:published_time":"2024-10-07T18:07:51+00:00","article:modified_time":"2025-01-10T21:09:51+00:00","article:publisher":"https:\/\/www.facebook.com\/soymigrantecom","twitter:card":"summary_large_image","twitter:site":"@SoyMigrante_com","twitter:title":"Preguntas y respuestas de MERCADO @ SoyMigrante.com","twitter:description":"Preguntas frecuentes de MERCADO \u00bfEl vendedor cubrir\u00e1 alg\u00fan cargo por el env\u00edo del producto? No. El comprador es quien pagar\u00e1 el costo del env\u00edo. Con la excepci\u00f3n si el comprador elige pago contraentrega, Cargo Expreso recibir\u00e1 el pago cuando realice la entrega y cobrar\u00e1 una comisi\u00f3n de 4% sobre el monto cobrado. \u00bfDe d\u00f3nde saldr\u00e1","twitter:creator":"@SoyMigrante_com","twitter:image":"https:\/\/soymigrante.com\/revista\/wp-content\/uploads\/2024\/11\/SoyMigrantecom-V-color-112x112-1.webp"},"aioseo_meta_data":{"post_id":"34001","title":null,"description":"Los guatemaltecos emprendedores ahora tiene una opci\u00f3n para sus productos, SoyMigrante MERCADO te est\u00e1 esperando.","keywords":null,"keyphrases":{"focus":{"keyphrase":"Emprendedores","score":68,"analysis":{"keyphraseInTitle":{"score":3,"maxScore":9,"error":1},"keyphraseInDescription":{"score":9,"maxScore":9,"error":0},"keyphraseLength":{"score":9,"maxScore":9,"error":0,"length":1},"keyphraseInURL":{"score":1,"maxScore":5,"error":1},"keyphraseInIntroduction":{"score":3,"maxScore":9,"error":1},"keyphraseInSubHeadings":{"score":3,"maxScore":9,"error":1},"keyphraseInImageAlt":{"score":9,"maxScore":9,"error":0},"keywordDensity":{"type":"best","score":9,"maxScore":9,"error":0}}},"additional":[]},"primary_term":null,"canonical_url":null,"og_title":null,"og_description":null,"og_object_type":"default","og_image_type":"default","og_image_url":null,"og_image_width":null,"og_image_height":null,"og_image_custom_url":null,"og_image_custom_fields":null,"og_video":"","og_custom_url":null,"og_article_section":null,"og_article_tags":null,"twitter_use_og":false,"twitter_card":"default","twitter_image_type":"default","twitter_image_url":null,"twitter_image_custom_url":null,"twitter_image_custom_fields":null,"twitter_title":null,"twitter_description":null,"schema":{"blockGraphs":[],"customGraphs":[],"default":{"data":{"Article":[],"Course":[],"Dataset":[],"FAQPage":[],"Movie":[],"Person":[],"Product":[],"ProductReview":[],"Car":[],"Recipe":[],"Service":[],"SoftwareApplication":[],"WebPage":[]},"graphName":"none","isEnabled":true},"graphs":[]},"schema_type":"default","schema_type_options":null,"pillar_content":false,"robots_default":true,"robots_noindex":false,"robots_noarchive":false,"robots_nosnippet":false,"robots_nofollow":false,"robots_noimageindex":false,"robots_noodp":false,"robots_notranslate":false,"robots_max_snippet":"-1","robots_max_videopreview":"-1","robots_max_imagepreview":"large","priority":null,"frequency":"default","local_seo":null,"seo_analyzer_scan_date":"2025-10-09 05:20:28","breadcrumb_settings":null,"limit_modified_date":false,"reviewed_by":null,"open_ai":"{\"title\":{\"suggestions\":[],\"usage\":0},\"description\":{\"suggestions\":[],\"usage\":0}}","ai":null,"created":"2025-05-20 18:12:22","updated":"2026-02-04 23:46:13"},"aioseo_breadcrumb":"<div class=\"aioseo-breadcrumbs\"><span class=\"aioseo-breadcrumb\">\n\t<a href=\"https:\/\/soymigrante.com\/revista\" title=\"Home\">Home<\/a>\n<\/span><span class=\"aioseo-breadcrumb-separator\">\u00bb<\/span><span class=\"aioseo-breadcrumb\">\n\t<a href=\"https:\/\/soymigrante.com\/revista\/category\/estamos-unidos\/\" title=\"Estamos Unidos\">Estamos Unidos<\/a>\n<\/span><span class=\"aioseo-breadcrumb-separator\">\u00bb<\/span><span class=\"aioseo-breadcrumb\">\n\tSoyMigrante MERCADO tiene sus puertas abiertas a todo emprendedor guatemalteco\n<\/span><\/div>","aioseo_breadcrumb_json":[{"label":"Home","link":"https:\/\/soymigrante.com\/revista"},{"label":"Estamos Unidos","link":"https:\/\/soymigrante.com\/revista\/category\/estamos-unidos\/"},{"label":"SoyMigrante MERCADO tiene sus puertas abiertas a todo emprendedor guatemalteco","link":"https:\/\/soymigrante.com\/revista\/soymigrante-mercado-tiene-puertas-abiertas-a-todo-emprendedor-guatemalteco\/"}],"_links":{"self":[{"href":"https:\/\/soymigrante.com\/revista\/wp-json\/wp\/v2\/posts\/34001","targetHints":{"allow":["GET"]}}],"collection":[{"href":"https:\/\/soymigrante.com\/revista\/wp-json\/wp\/v2\/posts"}],"about":[{"href":"https:\/\/soymigrante.com\/revista\/wp-json\/wp\/v2\/types\/post"}],"author":[{"embeddable":true,"href":"https:\/\/soymigrante.com\/revista\/wp-json\/wp\/v2\/users\/19"}],"replies":[{"embeddable":true,"href":"https:\/\/soymigrante.com\/revista\/wp-json\/wp\/v2\/comments?post=34001"}],"version-history":[{"count":32,"href":"https:\/\/soymigrante.com\/revista\/wp-json\/wp\/v2\/posts\/34001\/revisions"}],"predecessor-version":[{"id":34103,"href":"https:\/\/soymigrante.com\/revista\/wp-json\/wp\/v2\/posts\/34001\/revisions\/34103"}],"wp:featuredmedia":[{"embeddable":true,"href":"https:\/\/soymigrante.com\/revista\/wp-json\/wp\/v2\/media\/34002"}],"wp:attachment":[{"href":"https:\/\/soymigrante.com\/revista\/wp-json\/wp\/v2\/media?parent=34001"}],"wp:term":[{"taxonomy":"category","embeddable":true,"href":"https:\/\/soymigrante.com\/revista\/wp-json\/wp\/v2\/categories?post=34001"},{"taxonomy":"post_tag","embeddable":true,"href":"https:\/\/soymigrante.com\/revista\/wp-json\/wp\/v2\/tags?post=34001"}],"curies":[{"name":"wp","href":"https:\/\/api.w.org\/{rel}","templated":true}]}}