{"id":33963,"date":"2025-05-28T04:00:00","date_gmt":"2025-05-28T10:00:00","guid":{"rendered":"https:\/\/soymigrante.com\/revista\/?p=33963"},"modified":"2025-08-27T23:26:11","modified_gmt":"2025-08-28T05:26:11","slug":"el-duelo-a-la-distancia-cuando-los-papeles-migratorios-separan-a-los-enfermos","status":"publish","type":"post","link":"https:\/\/soymigrante.com\/revista\/el-duelo-a-la-distancia-cuando-los-papeles-migratorios-separan-a-los-enfermos\/","title":{"rendered":"El duelo a la distancia: cuando la situacion migratoria no permite visitar a un familiar enfermo"},"content":{"rendered":"\t\t<div data-elementor-type=\"wp-post\" data-elementor-id=\"33963\" class=\"elementor elementor-33963\" data-elementor-post-type=\"post\">\n\t\t\t\t<div data-particle_enable=\"false\" data-particle-mobile-disabled=\"false\" class=\"elementor-element elementor-element-a1d2cb8 e-flex e-con-boxed e-con e-parent\" data-id=\"a1d2cb8\" data-element_type=\"container\" data-e-type=\"container\">\n\t\t\t\t\t<div class=\"e-con-inner\">\n\t\t\t\t<div class=\"elementor-element elementor-element-282a37b elementor-widget elementor-widget-heading\" data-id=\"282a37b\" data-element_type=\"widget\" data-e-type=\"widget\" data-widget_type=\"heading.default\">\n\t\t\t\t\t<h2 class=\"elementor-heading-title elementor-size-default\">El duelo a la distancia en algunas ocasiones es m\u00e1s duro que el duelo presente, puesto que las familias est\u00e1n separadas por la migraci\u00f3n. \n<\/h2>\t\t\t\t<\/div>\n\t\t\t\t\t<\/div>\n\t\t\t\t<\/div>\n\t\t<div data-particle_enable=\"false\" data-particle-mobile-disabled=\"false\" class=\"elementor-element elementor-element-0473900 e-flex e-con-boxed e-con e-parent\" data-id=\"0473900\" data-element_type=\"container\" data-e-type=\"container\">\n\t\t\t\t\t<div class=\"e-con-inner\">\n\t\t\t\t<div class=\"elementor-element elementor-element-c0a236a elementor-widget elementor-widget-text-editor\" data-id=\"c0a236a\" data-element_type=\"widget\" data-e-type=\"widget\" data-widget_type=\"text-editor.default\">\n\t\t\t\t\t\t\t\t\t<p>Para muchos migrantes, la distancia no solo se mide en kil\u00f3metros, sino en los momentos que se pierden con sus seres queridos.<a href=\"https:\/\/soymigrante.com\/revista\/reconocer-las-senales-tempranas-del-alzheimer-es-vital-para-poder-enfrentarlo-de-mejor-forma\/\" target=\"_blank\" rel=\"noopener\"> La enfermedad de un padre o una madre se convierte en una herida profunda cuando no se puede estar presente.<\/a><\/p><p>Sin documentos migratorios, acompa\u00f1ar a un familiar a una consulta m\u00e9dica o sostener su mano durante la quimioterapia es, simplemente, imposible.<\/p>\t\t\t\t\t\t\t\t<\/div>\n\t\t\t\t\t<\/div>\n\t\t\t\t<\/div>\n\t\t<div data-particle_enable=\"false\" data-particle-mobile-disabled=\"false\" class=\"elementor-element elementor-element-2f19abf e-flex e-con-boxed e-con e-parent\" data-id=\"2f19abf\" data-element_type=\"container\" data-e-type=\"container\">\n\t\t\t\t\t<div class=\"e-con-inner\">\n\t\t\t\t<div class=\"elementor-element elementor-element-34e6e0f elementor-widget elementor-widget-heading\" data-id=\"34e6e0f\" data-element_type=\"widget\" data-e-type=\"widget\" data-widget_type=\"heading.default\">\n\t\t\t\t\t<h3 class=\"elementor-heading-title elementor-size-default\">El caso de Mariana: entre el miedo y la esperanza<\/h3>\t\t\t\t<\/div>\n\t\t\t\t\t<\/div>\n\t\t\t\t<\/div>\n\t\t<div data-particle_enable=\"false\" data-particle-mobile-disabled=\"false\" class=\"elementor-element elementor-element-0a33406 e-flex e-con-boxed e-con e-parent\" data-id=\"0a33406\" data-element_type=\"container\" data-e-type=\"container\">\n\t\t\t\t\t<div class=\"e-con-inner\">\n\t\t\t\t<div class=\"elementor-element elementor-element-f4f3443 elementor-widget elementor-widget-text-editor\" data-id=\"f4f3443\" data-element_type=\"widget\" data-e-type=\"widget\" data-widget_type=\"text-editor.default\">\n\t\t\t\t\t\t\t\t\t<p>Mariana L\u00f3pez, una guatemalteca que migr\u00f3 a Estados Unidos hace siete a\u00f1os, <a href=\"https:\/\/soymigrante.com\/revista\/reconocer-las-senales-tempranas-del-alzheimer-es-vital-para-poder-enfrentarlo-de-mejor-forma\/\" target=\"_blank\" rel=\"noopener\">recibi\u00f3 una llamada que le cambi\u00f3 la vida.<\/a> Su madre hab\u00eda sido diagnosticada con c\u00e1ncer. \u201cMe sent\u00ed paralizada. Lo primero que pens\u00e9 fue que no volver\u00eda a verla\u201d, recuerda entre l\u00e1grimas. No ten\u00eda papeles. No pod\u00eda salir del pa\u00eds sin arriesgarlo todo, y regresar tampoco era opci\u00f3n.<\/p><p>Desde Nueva Jersey, donde vive, Mariana organizaba todo lo posible a distancia: mandaba dinero, coordinaba citas m\u00e9dicas, hablaba con doctores por videollamadas, pero sent\u00eda que no era suficiente. \u201c<em>Escuchar su voz cansada, verla sin energ\u00eda, sin poder abrazarla\u2026 eso fue lo m\u00e1s dif\u00edcil<\/em>\u201d.<\/p><p>Contra todo pron\u00f3stico, meses despu\u00e9s logr\u00f3 una soluci\u00f3n temporal. Por medio de una gesti\u00f3n familiar, su madre obtuvo una visa de turista y pudo visitarla por unas semanas. \u201c<em>Fueron los d\u00edas m\u00e1s valiosos de mi vida. Paseamos, cocinamos juntas y, aunque sab\u00edamos que el tiempo era corto, lo hicimos eterno<\/em>\u201d.<\/p>\t\t\t\t\t\t\t\t<\/div>\n\t\t\t\t\t<\/div>\n\t\t\t\t<\/div>\n\t\t<div data-particle_enable=\"false\" data-particle-mobile-disabled=\"false\" class=\"elementor-element elementor-element-62f6568 e-flex e-con-boxed e-con e-parent\" data-id=\"62f6568\" data-element_type=\"container\" data-e-type=\"container\">\n\t\t\t\t\t<div class=\"e-con-inner\">\n\t\t\t\t<div class=\"elementor-element elementor-element-e835ff0 elementor-widget elementor-widget-image\" data-id=\"e835ff0\" data-element_type=\"widget\" data-e-type=\"widget\" data-widget_type=\"image.default\">\n\t\t\t\t\t\t\t\t\t\t\t\t<figure class=\"wp-caption\">\n\t\t\t\t\t\t\t\t\t\t<img fetchpriority=\"high\" decoding=\"async\" width=\"1024\" height=\"451\" src=\"https:\/\/soymigrante.com\/revista\/wp-content\/uploads\/2025\/05\/El-duelo-a-la-distancia-cuando-los-papeles-migratorios-separan-a-los-enfermos3-1024x451.jpeg\" class=\"attachment-large size-large wp-image-33981\" alt=\"Dolor de cabeza en persona mayor atendida por m\u00e9dico, imagen de atenci\u00f3n m\u00e9dica a ancianos, consulta de salud para adultos mayores, cuidado de la salud en la vejez.\" srcset=\"https:\/\/soymigrante.com\/revista\/wp-content\/uploads\/2025\/05\/El-duelo-a-la-distancia-cuando-los-papeles-migratorios-separan-a-los-enfermos3-1024x451.jpeg 1024w, https:\/\/soymigrante.com\/revista\/wp-content\/uploads\/2025\/05\/El-duelo-a-la-distancia-cuando-los-papeles-migratorios-separan-a-los-enfermos3-300x132.jpeg 300w, https:\/\/soymigrante.com\/revista\/wp-content\/uploads\/2025\/05\/El-duelo-a-la-distancia-cuando-los-papeles-migratorios-separan-a-los-enfermos3-768x338.jpeg 768w, https:\/\/soymigrante.com\/revista\/wp-content\/uploads\/2025\/05\/El-duelo-a-la-distancia-cuando-los-papeles-migratorios-separan-a-los-enfermos3-1536x676.jpeg 1536w, https:\/\/soymigrante.com\/revista\/wp-content\/uploads\/2025\/05\/El-duelo-a-la-distancia-cuando-los-papeles-migratorios-separan-a-los-enfermos3-750x330.jpeg 750w, https:\/\/soymigrante.com\/revista\/wp-content\/uploads\/2025\/05\/El-duelo-a-la-distancia-cuando-los-papeles-migratorios-separan-a-los-enfermos3-1140x502.jpeg 1140w, https:\/\/soymigrante.com\/revista\/wp-content\/uploads\/2025\/05\/El-duelo-a-la-distancia-cuando-los-papeles-migratorios-separan-a-los-enfermos3.webp 1600w\" sizes=\"(max-width: 1024px) 100vw, 1024px\" title=\"El duelo a la distancia cuando los papeles migratorios separan a los enfermos3 \u2013 SoyMigrante.com REVISTA\" \/>\t\t\t\t\t\t\t\t\t\t\t<figcaption class=\"widget-image-caption wp-caption-text\">Paciente anciana con dolor de cabeza being examined by doctor, elderly healthcare, medical consultation for seniors, senior health care.<\/figcaption>\n\t\t\t\t\t\t\t\t\t\t<\/figure>\n\t\t\t\t\t\t\t\t\t<\/div>\n\t\t\t\t\t<\/div>\n\t\t\t\t<\/div>\n\t\t<div data-particle_enable=\"false\" data-particle-mobile-disabled=\"false\" class=\"elementor-element elementor-element-8796be7 e-flex e-con-boxed e-con e-parent\" data-id=\"8796be7\" data-element_type=\"container\" data-e-type=\"container\">\n\t\t\t\t\t<div class=\"e-con-inner\">\n\t\t\t\t<div class=\"elementor-element elementor-element-e0c5f9a elementor-widget elementor-widget-heading\" data-id=\"e0c5f9a\" data-element_type=\"widget\" data-e-type=\"widget\" data-widget_type=\"heading.default\">\n\t\t\t\t\t<h3 class=\"elementor-heading-title elementor-size-default\">Amor que cruza fronteras<\/h3>\t\t\t\t<\/div>\n\t\t\t\t\t<\/div>\n\t\t\t\t<\/div>\n\t\t<div data-particle_enable=\"false\" data-particle-mobile-disabled=\"false\" class=\"elementor-element elementor-element-c1b6229 e-flex e-con-boxed e-con e-parent\" data-id=\"c1b6229\" data-element_type=\"container\" data-e-type=\"container\">\n\t\t\t\t\t<div class=\"e-con-inner\">\n\t\t\t\t<div class=\"elementor-element elementor-element-1712159 elementor-widget elementor-widget-text-editor\" data-id=\"1712159\" data-element_type=\"widget\" data-e-type=\"widget\" data-widget_type=\"text-editor.default\">\n\t\t\t\t\t\t\t\t\t<p>Como Mariana, <a href=\"https:\/\/soymigrante.com\/revista\/reconocer-las-senales-tempranas-del-alzheimer-es-vital-para-poder-enfrentarlo-de-mejor-forma\/\" target=\"_blank\" rel=\"noopener\">muchos migrantes buscan formas de compensar la distancia.<\/a> Jos\u00e9 Ram\u00edrez, tambi\u00e9n guatemalteco, vivi\u00f3 algo similar cuando su madre enferm\u00f3. \u00c9l tampoco pod\u00eda viajar, pero decidi\u00f3 enviar dinero para que ella pudiera hacer lo que m\u00e1s le gustaba. \u201c<em>Le dije que fuera donde quisiera. Al mar, a las monta\u00f1as, a las ferias. Que no se preocupara por el dinero, que se regalara alegr\u00eda<\/em>\u201d.<\/p><p>Jos\u00e9 confiesa que nunca logr\u00f3 verla en persona de nuevo, pero se aferra a las fotos que le enviaba su madre en esos paseos. \u201c<em>Al menos s\u00e9 que fue feliz sus \u00faltimos meses. Eso me consuela<\/em>\u201d.<\/p>\t\t\t\t\t\t\t\t<\/div>\n\t\t\t\t\t<\/div>\n\t\t\t\t<\/div>\n\t\t<div data-particle_enable=\"false\" data-particle-mobile-disabled=\"false\" class=\"elementor-element elementor-element-cf7b51f e-flex e-con-boxed e-con e-parent\" data-id=\"cf7b51f\" data-element_type=\"container\" data-e-type=\"container\">\n\t\t\t\t\t<div class=\"e-con-inner\">\n\t\t\t\t<div class=\"elementor-element elementor-element-f2e6a03 elementor-widget elementor-widget-image\" data-id=\"f2e6a03\" data-element_type=\"widget\" data-e-type=\"widget\" data-widget_type=\"image.default\">\n\t\t\t\t\t\t\t\t\t\t\t\t<figure class=\"wp-caption\">\n\t\t\t\t\t\t\t\t\t\t<img decoding=\"async\" width=\"1024\" height=\"681\" src=\"https:\/\/soymigrante.com\/revista\/wp-content\/uploads\/2025\/05\/El-duelo-a-la-distancia-cuando-los-papeles-migratorios-separan-a-los-enfermos2-1024x681.jpeg\" class=\"attachment-large size-large wp-image-33982\" alt=\"Cuidado paliativo y atenci\u00f3n a personas mayores en contexto migratorio en Colombia.\" srcset=\"https:\/\/soymigrante.com\/revista\/wp-content\/uploads\/2025\/05\/El-duelo-a-la-distancia-cuando-los-papeles-migratorios-separan-a-los-enfermos2-1024x681.jpeg 1024w, https:\/\/soymigrante.com\/revista\/wp-content\/uploads\/2025\/05\/El-duelo-a-la-distancia-cuando-los-papeles-migratorios-separan-a-los-enfermos2-300x200.jpeg 300w, https:\/\/soymigrante.com\/revista\/wp-content\/uploads\/2025\/05\/El-duelo-a-la-distancia-cuando-los-papeles-migratorios-separan-a-los-enfermos2-768x511.jpeg 768w, https:\/\/soymigrante.com\/revista\/wp-content\/uploads\/2025\/05\/El-duelo-a-la-distancia-cuando-los-papeles-migratorios-separan-a-los-enfermos2-1536x1021.jpeg 1536w, https:\/\/soymigrante.com\/revista\/wp-content\/uploads\/2025\/05\/El-duelo-a-la-distancia-cuando-los-papeles-migratorios-separan-a-los-enfermos2-750x499.webp 750w, https:\/\/soymigrante.com\/revista\/wp-content\/uploads\/2025\/05\/El-duelo-a-la-distancia-cuando-los-papeles-migratorios-separan-a-los-enfermos2-1140x758.webp 1140w, https:\/\/soymigrante.com\/revista\/wp-content\/uploads\/2025\/05\/El-duelo-a-la-distancia-cuando-los-papeles-migratorios-separan-a-los-enfermos2.webp 1600w\" sizes=\"(max-width: 1024px) 100vw, 1024px\" title=\"El duelo a la distancia cuando los papeles migratorios separan a los enfermos2 \u2013 SoyMigrante.com REVISTA\" \/>\t\t\t\t\t\t\t\t\t\t\t<figcaption class=\"widget-image-caption wp-caption-text\">Paciente de edad avanzada recibiendo atenci\u00f3n sanitaria en un centro de salud.<\/figcaption>\n\t\t\t\t\t\t\t\t\t\t<\/figure>\n\t\t\t\t\t\t\t\t\t<\/div>\n\t\t\t\t\t<\/div>\n\t\t\t\t<\/div>\n\t\t<div data-particle_enable=\"false\" data-particle-mobile-disabled=\"false\" class=\"elementor-element elementor-element-b197276 e-flex e-con-boxed e-con e-parent\" data-id=\"b197276\" data-element_type=\"container\" data-e-type=\"container\">\n\t\t\t\t\t<div class=\"e-con-inner\">\n\t\t\t\t<div class=\"elementor-element elementor-element-d08be98 elementor-widget elementor-widget-heading\" data-id=\"d08be98\" data-element_type=\"widget\" data-e-type=\"widget\" data-widget_type=\"heading.default\">\n\t\t\t\t\t<h3 class=\"elementor-heading-title elementor-size-default\">El consejo del psic\u00f3logo: encontrar consuelo en medio del dolor<\/h3>\t\t\t\t<\/div>\n\t\t\t\t\t<\/div>\n\t\t\t\t<\/div>\n\t\t<div data-particle_enable=\"false\" data-particle-mobile-disabled=\"false\" class=\"elementor-element elementor-element-c5f6728 e-flex e-con-boxed e-con e-parent\" data-id=\"c5f6728\" data-element_type=\"container\" data-e-type=\"container\">\n\t\t\t\t\t<div class=\"e-con-inner\">\n\t\t\t\t<div class=\"elementor-element elementor-element-b6dcacd elementor-widget elementor-widget-text-editor\" data-id=\"b6dcacd\" data-element_type=\"widget\" data-e-type=\"widget\" data-widget_type=\"text-editor.default\">\n\t\t\t\t\t\t\t\t\t<div>El psic\u00f3logo cl\u00ednico, Andr\u00e9s Salvatierra, explica que el duelo migrante es una experiencia silenciosa pero profunda. \u201c<em>Muchos no pueden despedirse, ni cuidar, ni enterrar. Es un duelo incompleto que requiere herramientas emocionales para sobrevivirlo<\/em>\u201d.<\/div><div>\u00a0<\/div><div><a href=\"https:\/\/soymigrante.com\/revista\/reconocer-las-senales-tempranas-del-alzheimer-es-vital-para-poder-enfrentarlo-de-mejor-forma\/\" target=\"_blank\" rel=\"noopener\">El especialista recomienda repetir ciertos pensamientos como mantras,<\/a> que sirvan de anclaje emocional en momentos de desesperanza:<\/div><div>\u2022\u201cNo estoy ah\u00ed, pero mi amor s\u00ed lo est\u00e1\u201d.<\/div><div>\u2022\u201cEstoy haciendo lo mejor que puedo desde donde estoy\u201d.<\/div><div>\u2022\u201cMi presencia f\u00edsica no define mi cari\u00f1o\u201d.<\/div><div>\u2022\u201cNo me debo culpar por lo que est\u00e1 fuera de mis manos\u201d.<\/div><div>\u00a0<\/div><div>Adem\u00e1s, sugiere escribir cartas aunque no se env\u00eden, buscar apoyo en redes de migrantes, y hablar con un profesional si el dolor interfiere con la vida diaria. \u201c<em>El duelo necesita espacio y expresi\u00f3n. Guardarlo en silencio lo vuelve m\u00e1s pesado<\/em>\u201d.<\/div>\t\t\t\t\t\t\t\t<\/div>\n\t\t\t\t\t<\/div>\n\t\t\t\t<\/div>\n\t\t<div data-particle_enable=\"false\" data-particle-mobile-disabled=\"false\" class=\"elementor-element elementor-element-d28db5b e-flex e-con-boxed e-con e-parent\" data-id=\"d28db5b\" data-element_type=\"container\" data-e-type=\"container\">\n\t\t\t\t\t<div class=\"e-con-inner\">\n\t\t\t\t<div class=\"elementor-element elementor-element-badfc3f elementor-widget elementor-widget-image\" data-id=\"badfc3f\" data-element_type=\"widget\" data-e-type=\"widget\" data-widget_type=\"image.default\">\n\t\t\t\t\t\t\t\t\t\t\t\t<figure class=\"wp-caption\">\n\t\t\t\t\t\t\t\t\t\t<img decoding=\"async\" width=\"1024\" height=\"682\" src=\"https:\/\/soymigrante.com\/revista\/wp-content\/uploads\/2025\/05\/El-duelo-a-la-distancia-cuando-los-papeles-migratorios-separan-a-los-enfermos1-1024x682.jpeg\" class=\"attachment-large size-large wp-image-33983\" alt=\"Paciente mayor recibiendo vacuna contra COVID-19, por personal sanitario, en un entorno de atenci\u00f3n m\u00e9dica, con uso de mascarilla y guantes, centrado en la salud y protecci\u00f3n contra la pandemia.\" srcset=\"https:\/\/soymigrante.com\/revista\/wp-content\/uploads\/2025\/05\/El-duelo-a-la-distancia-cuando-los-papeles-migratorios-separan-a-los-enfermos1-1024x682.jpeg 1024w, https:\/\/soymigrante.com\/revista\/wp-content\/uploads\/2025\/05\/El-duelo-a-la-distancia-cuando-los-papeles-migratorios-separan-a-los-enfermos1-300x200.jpeg 300w, https:\/\/soymigrante.com\/revista\/wp-content\/uploads\/2025\/05\/El-duelo-a-la-distancia-cuando-los-papeles-migratorios-separan-a-los-enfermos1-768x512.jpeg 768w, https:\/\/soymigrante.com\/revista\/wp-content\/uploads\/2025\/05\/El-duelo-a-la-distancia-cuando-los-papeles-migratorios-separan-a-los-enfermos1-1536x1023.jpeg 1536w, https:\/\/soymigrante.com\/revista\/wp-content\/uploads\/2025\/05\/El-duelo-a-la-distancia-cuando-los-papeles-migratorios-separan-a-los-enfermos1-750x500.webp 750w, https:\/\/soymigrante.com\/revista\/wp-content\/uploads\/2025\/05\/El-duelo-a-la-distancia-cuando-los-papeles-migratorios-separan-a-los-enfermos1-1140x760.webp 1140w, https:\/\/soymigrante.com\/revista\/wp-content\/uploads\/2025\/05\/El-duelo-a-la-distancia-cuando-los-papeles-migratorios-separan-a-los-enfermos1.webp 1600w\" sizes=\"(max-width: 1024px) 100vw, 1024px\" title=\"El duelo a la distancia cuando los papeles migratorios separan a los enfermos1 \u2013 SoyMigrante.com REVISTA\" \/>\t\t\t\t\t\t\t\t\t\t\t<figcaption class=\"widget-image-caption wp-caption-text\">Vacunaci\u00f3n contra COVID-19 en adultos mayores, medicina preventiva, personal sanitario administrando vacuna, salud p\u00fablica, protecci\u00f3n contra virus, campa\u00f1a de vacunaci\u00f3n para adultos mayores.<\/figcaption>\n\t\t\t\t\t\t\t\t\t\t<\/figure>\n\t\t\t\t\t\t\t\t\t<\/div>\n\t\t\t\t\t<\/div>\n\t\t\t\t<\/div>\n\t\t<div data-particle_enable=\"false\" data-particle-mobile-disabled=\"false\" class=\"elementor-element elementor-element-40e9828 e-flex e-con-boxed e-con e-parent\" data-id=\"40e9828\" data-element_type=\"container\" data-e-type=\"container\">\n\t\t\t\t\t<div class=\"e-con-inner\">\n\t\t\t\t<div class=\"elementor-element elementor-element-59667d7 elementor-widget elementor-widget-heading\" data-id=\"59667d7\" data-element_type=\"widget\" data-e-type=\"widget\" data-widget_type=\"heading.default\">\n\t\t\t\t\t<h3 class=\"elementor-heading-title elementor-size-default\">El reto de estar lejos<\/h3>\t\t\t\t<\/div>\n\t\t\t\t\t<\/div>\n\t\t\t\t<\/div>\n\t\t<div data-particle_enable=\"false\" data-particle-mobile-disabled=\"false\" class=\"elementor-element elementor-element-b1a0a7c e-flex e-con-boxed e-con e-parent\" data-id=\"b1a0a7c\" data-element_type=\"container\" data-e-type=\"container\">\n\t\t\t\t\t<div class=\"e-con-inner\">\n\t\t\t\t<div class=\"elementor-element elementor-element-ec86793 elementor-widget elementor-widget-text-editor\" data-id=\"ec86793\" data-element_type=\"widget\" data-e-type=\"widget\" data-widget_type=\"text-editor.default\">\n\t\t\t\t\t\t\t\t\t<p><a href=\"https:\/\/soymigrante.com\/revista\/reconocer-las-senales-tempranas-del-alzheimer-es-vital-para-poder-enfrentarlo-de-mejor-forma\/\" target=\"_blank\" rel=\"noopener\">El acompa\u00f1amiento de un ser querido enfermo desde la distancia es uno de los mayores retos que enfrentan los migrantes.<\/a><\/p><p>El dolor, la culpa, la impotencia se mezclan, pero tambi\u00e9n la fortaleza, la entrega y el amor incondicional. Historias como la de Mariana y Jos\u00e9 muestran que, a pesar de los obst\u00e1culos, siempre hay formas de estar presentes.<\/p><p>Porque el amor \u2014aunque cruzado por fronteras\u2014 no tiene visa ni papeles. Solo voluntad.<\/p>\t\t\t\t\t\t\t\t<\/div>\n\t\t\t\t\t<\/div>\n\t\t\t\t<\/div>\n\t\t<div data-particle_enable=\"false\" data-particle-mobile-disabled=\"false\" class=\"elementor-element elementor-element-98b1346 e-flex e-con-boxed e-con e-parent\" data-id=\"98b1346\" data-element_type=\"container\" data-e-type=\"container\">\n\t\t\t\t\t<div class=\"e-con-inner\">\n\t\t\t\t<div class=\"elementor-element elementor-element-99bb572 elementor-widget elementor-widget-heading\" data-id=\"99bb572\" data-element_type=\"widget\" data-e-type=\"widget\" data-widget_type=\"heading.default\">\n\t\t\t\t\t<h2 class=\"elementor-heading-title elementor-size-default\">Conoce historias inspiradoras, ac\u00e1...<\/h2>\t\t\t\t<\/div>\n\t\t\t\t\t<\/div>\n\t\t\t\t<\/div>\n\t\t<div data-particle_enable=\"false\" data-particle-mobile-disabled=\"false\" class=\"elementor-element elementor-element-05bcae5 e-flex e-con-boxed e-con e-parent\" data-id=\"05bcae5\" data-element_type=\"container\" data-e-type=\"container\">\n\t\t\t\t\t<div class=\"e-con-inner\">\n\t\t\t\t<div class=\"elementor-element elementor-element-8a0235b elementor-grid-eael-col-3 elementor-grid-tablet-eael-col-2 elementor-grid-mobile-eael-col-1 elementor-widget elementor-widget-eael-post-grid\" data-id=\"8a0235b\" data-element_type=\"widget\" data-e-type=\"widget\" data-settings=\"{&quot;eael_post_grid_columns&quot;:&quot;eael-col-3&quot;,&quot;eael_post_grid_columns_tablet&quot;:&quot;eael-col-2&quot;,&quot;eael_post_grid_columns_mobile&quot;:&quot;eael-col-1&quot;}\" data-widget_type=\"eael-post-grid.default\">\n\t\t\t\t\t<div id=\"eael-post-grid-8a0235b\" class=\"eael-post-grid-container\">\n            <div class=\"eael-post-grid eael-post-appender eael-post-appender-8a0235b eael-post-grid-style-one\" data-layout-mode=\"masonry\"><article class=\"eael-grid-post  eael-post-grid-column eael-pg-post-8224 category-estamos-unidos\" data-id=\"8224\">\n        <div class=\"eael-grid-post-holder\">\n            <div class=\"eael-grid-post-holder-inner\"><div class=\"eael-entry-media\"><div class=\"eael-entry-overlay fade-in\"><i class=\"far fa-hand-pointer\" aria-hidden=\"true\"><\/i><a href=\"https:\/\/soymigrante.com\/revista\/migrantes-guatemaltecos-en-georgia-buscan-ayuda-y-consuelo\/\"><\/a><\/div><div class=\"eael-entry-thumbnail \">\n                <img loading=\"lazy\" decoding=\"async\" width=\"591\" height=\"591\" src=\"https:\/\/soymigrante.com\/revista\/wp-content\/uploads\/2024\/08\/Captura-de-pantalla-2024-08-20-185007.webp\" class=\"attachment-large size-large wp-image-8227\" alt=\"J\u00f3venes en campo abierto disfrutando de la naturaleza en un d\u00eda soleado, mostrando tranquilidad y conexi\u00f3n con el entorno natural.\" srcset=\"https:\/\/soymigrante.com\/revista\/wp-content\/uploads\/2024\/08\/Captura-de-pantalla-2024-08-20-185007.webp 591w, https:\/\/soymigrante.com\/revista\/wp-content\/uploads\/2024\/08\/Captura-de-pantalla-2024-08-20-185007-300x300.webp 300w, https:\/\/soymigrante.com\/revista\/wp-content\/uploads\/2024\/08\/Captura-de-pantalla-2024-08-20-185007-150x150.webp 150w, https:\/\/soymigrante.com\/revista\/wp-content\/uploads\/2024\/08\/Captura-de-pantalla-2024-08-20-185007-75x75.webp 75w\" sizes=\"(max-width: 591px) 100vw, 591px\" \/>\n            <\/div>\n        <\/div><div class=\"eael-entry-wrapper\"><header class=\"eael-entry-header\"><h2 class=\"eael-entry-title\"><a class=\"eael-grid-post-link\" href=\"https:\/\/soymigrante.com\/revista\/migrantes-guatemaltecos-en-georgia-buscan-ayuda-y-consuelo\/\" title=\"Esposos migrantes guatemaltecos en Georgia buscan ayuda&#8230; y un ri\u00f1\u00f3n\">Esposos migrantes guatemaltecos en Georgia buscan ayuda&#8230; y un ri\u00f1\u00f3n<\/a><\/h2><\/header><div class=\"eael-entry-content\">\n                        <div class=\"eael-grid-post-excerpt\"><a href=\"https:\/\/soymigrante.com\/revista\/migrantes-guatemaltecos-en-georgia-buscan-ayuda-y-consuelo\/\" class=\"eael-post-elements-readmore-btn\">CONOCE SU HISTORIA <\/a><\/div>\n                    <\/div><\/div><\/div>\n        <\/div>\n    <\/article><article class=\"eael-grid-post  eael-post-grid-column eael-pg-post-2281 category-exitos\" data-id=\"2281\">\n        <div class=\"eael-grid-post-holder\">\n            <div class=\"eael-grid-post-holder-inner\"><div class=\"eael-entry-media\"><div class=\"eael-entry-overlay fade-in\"><i class=\"far fa-hand-pointer\" aria-hidden=\"true\"><\/i><a href=\"https:\/\/soymigrante.com\/revista\/rosario-rodriguez-cineasta-guatemalteca-nueva-york\/\"><\/a><\/div><div class=\"eael-entry-thumbnail \">\n                <img loading=\"lazy\" decoding=\"async\" width=\"1024\" height=\"834\" src=\"https:\/\/soymigrante.com\/revista\/wp-content\/uploads\/2023\/08\/rosie-1024x834.webp\" class=\"attachment-large size-large wp-image-2341\" alt=\"Rosario Rodr\u00edguez, cineasta guatemalteca y migrante\" srcset=\"https:\/\/soymigrante.com\/revista\/wp-content\/uploads\/2023\/08\/rosie-1024x834.webp 1024w, https:\/\/soymigrante.com\/revista\/wp-content\/uploads\/2023\/08\/rosie-300x244.webp 300w, https:\/\/soymigrante.com\/revista\/wp-content\/uploads\/2023\/08\/rosie-768x626.webp 768w, https:\/\/soymigrante.com\/revista\/wp-content\/uploads\/2023\/08\/rosie-750x611.webp 750w, https:\/\/soymigrante.com\/revista\/wp-content\/uploads\/2023\/08\/rosie-1140x929.webp 1140w, https:\/\/soymigrante.com\/revista\/wp-content\/uploads\/2023\/08\/rosie.webp 1425w\" sizes=\"(max-width: 1024px) 100vw, 1024px\" \/>\n            <\/div>\n        <\/div><div class=\"eael-entry-wrapper\"><header class=\"eael-entry-header\"><h2 class=\"eael-entry-title\"><a class=\"eael-grid-post-link\" href=\"https:\/\/soymigrante.com\/revista\/rosario-rodriguez-cineasta-guatemalteca-nueva-york\/\" title=\"Rosario Rodr\u00edguez: La cineasta guatemalteca que brilla en Nueva York\">Rosario Rodr\u00edguez: La cineasta guatemalteca que brilla en Nueva York<\/a><\/h2><\/header><div class=\"eael-entry-content\">\n                        <div class=\"eael-grid-post-excerpt\"><a href=\"https:\/\/soymigrante.com\/revista\/rosario-rodriguez-cineasta-guatemalteca-nueva-york\/\" class=\"eael-post-elements-readmore-btn\">CONOCE SU HISTORIA <\/a><\/div>\n                    <\/div><\/div><\/div>\n        <\/div>\n    <\/article><article class=\"eael-grid-post  eael-post-grid-column eael-pg-post-1870 category-exitos tags-california\" data-id=\"1870\">\n        <div class=\"eael-grid-post-holder\">\n            <div class=\"eael-grid-post-holder-inner\"><div class=\"eael-entry-media\"><div class=\"eael-entry-overlay fade-in\"><i class=\"far fa-hand-pointer\" aria-hidden=\"true\"><\/i><a href=\"https:\/\/soymigrante.com\/revista\/walter-villatoro-mariachi-migrante-guatemalteco\/\"><\/a><\/div><div class=\"eael-entry-thumbnail \">\n                <img loading=\"lazy\" decoding=\"async\" width=\"1024\" height=\"614\" src=\"https:\/\/soymigrante.com\/revista\/wp-content\/uploads\/2023\/07\/Captura-de-pantalla-2023-07-14-142215-1024x614.webp\" class=\"attachment-large size-large wp-image-1872\" alt=\"Walter Villatoro, migrante guatemalteco, cantante, compositor, productor art\u00edstico residente en San Diego, California\" srcset=\"https:\/\/soymigrante.com\/revista\/wp-content\/uploads\/2023\/07\/Captura-de-pantalla-2023-07-14-142215-1024x614.webp 1024w, https:\/\/soymigrante.com\/revista\/wp-content\/uploads\/2023\/07\/Captura-de-pantalla-2023-07-14-142215-300x180.webp 300w, https:\/\/soymigrante.com\/revista\/wp-content\/uploads\/2023\/07\/Captura-de-pantalla-2023-07-14-142215-768x460.webp 768w, https:\/\/soymigrante.com\/revista\/wp-content\/uploads\/2023\/07\/Captura-de-pantalla-2023-07-14-142215-1536x920.webp 1536w, https:\/\/soymigrante.com\/revista\/wp-content\/uploads\/2023\/07\/Captura-de-pantalla-2023-07-14-142215-750x449.webp 750w, https:\/\/soymigrante.com\/revista\/wp-content\/uploads\/2023\/07\/Captura-de-pantalla-2023-07-14-142215-1140x683.webp 1140w, https:\/\/soymigrante.com\/revista\/wp-content\/uploads\/2023\/07\/Captura-de-pantalla-2023-07-14-142215.webp 1587w\" sizes=\"(max-width: 1024px) 100vw, 1024px\" \/>\n            <\/div>\n        <\/div><div class=\"eael-entry-wrapper\"><header class=\"eael-entry-header\"><h2 class=\"eael-entry-title\"><a class=\"eael-grid-post-link\" href=\"https:\/\/soymigrante.com\/revista\/walter-villatoro-mariachi-migrante-guatemalteco\/\" title=\"Walter Villatoro: la inspiradora historia de El Mariachi Guatemalteco\">Walter Villatoro: la inspiradora historia de El Mariachi Guatemalteco<\/a><\/h2><\/header><div class=\"eael-entry-content\">\n                        <div class=\"eael-grid-post-excerpt\"><a href=\"https:\/\/soymigrante.com\/revista\/walter-villatoro-mariachi-migrante-guatemalteco\/\" class=\"eael-post-elements-readmore-btn\">CONOCE SU HISTORIA <\/a><\/div>\n                    <\/div><\/div><\/div>\n        <\/div>\n    <\/article><\/div>\n            <div class=\"clearfix\"><\/div>\n        <\/div>\t\t\t\t<\/div>\n\t\t\t\t\t<\/div>\n\t\t\t\t<\/div>\n\t\t\t\t<\/div>\n\t\t","protected":false},"excerpt":{"rendered":"<p>El duelo a la distancia en algunas ocasiones es m\u00e1s duro que el duelo presente, puesto que las familias est\u00e1n separadas por la migraci\u00f3n. Para muchos migrantes, la distancia no solo se mide en kil\u00f3metros, sino en los momentos que se pierden con sus seres queridos. La enfermedad de un padre o una madre se [&hellip;]<\/p>\n","protected":false},"author":19,"featured_media":33964,"comment_status":"open","ping_status":"open","sticky":false,"template":"","format":"standard","meta":{"_acf_changed":false,"_eb_attr":"","footnotes":""},"categories":[259],"tags":[260],"class_list":["post-33963","post","type-post","status-publish","format-standard","has-post-thumbnail","hentry","category-salud-emocional","tag-salud-emocional"],"acf":[],"aioseo_notices":[],"aioseo_head":"\n\t\t<!-- All in One SEO Pro 4.9.6.2 - aioseo.com -->\n\t<meta name=\"description\" content=\"Walter Villatoro, un migrante guatemalteco, ha dejado huella en EE.UU. con su m\u00fasica y cine, reflejando su amor por Guatemala y su pasi\u00f3n art\u00edstica\" \/>\n\t<meta name=\"robots\" content=\"max-snippet:-1, max-image-preview:large, max-video-preview:-1\" \/>\n\t<meta name=\"author\" content=\"Gustavo Montenegro\"\/>\n\t<link rel=\"canonical\" href=\"https:\/\/soymigrante.com\/revista\/walter-villatoro-mariachi-migrante-guatemalteco\/\" \/>\n\t<meta name=\"generator\" content=\"All in One SEO Pro (AIOSEO) 4.9.6.2\" \/>\n\n\t\t<link rel=\"preconnect\" href=\"https:\/\/fonts.googleapis.com\" crossorigin>\n<link rel=\"preconnect\" href=\"https:\/\/fonts.gstatic.com\" crossorigin>\n\t\t<meta property=\"og:locale\" content=\"es_ES\" \/>\n\t\t<meta property=\"og:site_name\" content=\"SoyMigrante.com REVISTA \u2013 Nuestra misi\u00f3n es reconocer y dignificar al migrante.\" \/>\n\t\t<meta property=\"og:type\" content=\"article\" \/>\n\t\t<meta property=\"og:title\" content=\"Walter Villatoro: la inspiradora historia de El Mariachi Guatemalteco\" \/>\n\t\t<meta property=\"og:description\" content=\"Walter Villatoro, un migrante guatemalteco, ha dejado huella en EE.UU. con su m\u00fasica y cine, reflejando su amor por Guatemala y su pasi\u00f3n art\u00edstica\" \/>\n\t\t<meta property=\"og:url\" content=\"https:\/\/soymigrante.com\/revista\/walter-villatoro-mariachi-migrante-guatemalteco\/\" \/>\n\t\t<meta property=\"og:image\" content=\"https:\/\/soymigrante.com\/revista\/wp-content\/uploads\/2023\/07\/Captura-de-pantalla-2023-07-14-142215.webp\" \/>\n\t\t<meta property=\"og:image:secure_url\" content=\"https:\/\/soymigrante.com\/revista\/wp-content\/uploads\/2023\/07\/Captura-de-pantalla-2023-07-14-142215.webp\" \/>\n\t\t<meta property=\"og:image:width\" content=\"1587\" \/>\n\t\t<meta property=\"og:image:height\" content=\"951\" \/>\n\t\t<meta property=\"article:published_time\" content=\"2023-07-14T20:16:14+00:00\" \/>\n\t\t<meta property=\"article:modified_time\" content=\"2026-03-11T22:48:18+00:00\" \/>\n\t\t<meta property=\"article:publisher\" content=\"https:\/\/www.facebook.com\/soymigrantecom\" \/>\n\t\t<meta name=\"twitter:card\" content=\"summary_large_image\" \/>\n\t\t<meta name=\"twitter:site\" content=\"@SoyMigrante_com\" \/>\n\t\t<meta name=\"twitter:title\" content=\"Walter Villatoro: la inspiradora historia de El Mariachi Guatemalteco\" \/>\n\t\t<meta name=\"twitter:description\" content=\"Walter Villatoro, un migrante guatemalteco, ha dejado huella en EE.UU. con su m\u00fasica y cine, reflejando su amor por Guatemala y su pasi\u00f3n art\u00edstica\" \/>\n\t\t<meta name=\"twitter:creator\" content=\"@SoyMigrante_com\" \/>\n\t\t<meta name=\"twitter:image\" content=\"https:\/\/soymigrante.com\/revista\/wp-content\/uploads\/2023\/07\/Captura-de-pantalla-2023-07-14-142215.webp\" \/>\n\t\t<!-- All in One SEO Pro -->\r\n\t\t<title>Walter Villatoro: la inspiradora historia de El Mariachi Guatemalteco<\/title>\n\n","aioseo_head_json":{"title":"Walter Villatoro: la inspiradora historia de El Mariachi Guatemalteco","description":"Walter Villatoro, un migrante guatemalteco, ha dejado huella en EE.UU. con su m\u00fasica y cine, reflejando su amor por Guatemala y su pasi\u00f3n art\u00edstica","canonical_url":"https:\/\/soymigrante.com\/revista\/walter-villatoro-mariachi-migrante-guatemalteco\/","robots":"max-snippet:-1, max-image-preview:large, max-video-preview:-1","keywords":"","webmasterTools":{"miscellaneous":"&lt;link rel=\"preconnect\" href=\"https:\/\/fonts.googleapis.com\" crossorigin&gt;\n&lt;link rel=\"preconnect\" href=\"https:\/\/fonts.gstatic.com\" crossorigin&gt;"},"schema":null,"og:locale":"es_ES","og:site_name":"SoyMigrante.com REVISTA \u2013 Nuestra misi\u00f3n es reconocer y dignificar al migrante.","og:type":"article","og:title":"Walter Villatoro: la inspiradora historia de El Mariachi Guatemalteco","og:description":"Walter Villatoro, un migrante guatemalteco, ha dejado huella en EE.UU. con su m\u00fasica y cine, reflejando su amor por Guatemala y su pasi\u00f3n art\u00edstica","og:url":"https:\/\/soymigrante.com\/revista\/walter-villatoro-mariachi-migrante-guatemalteco\/","og:image":"https:\/\/soymigrante.com\/revista\/wp-content\/uploads\/2023\/07\/Captura-de-pantalla-2023-07-14-142215.webp","og:image:secure_url":"https:\/\/soymigrante.com\/revista\/wp-content\/uploads\/2023\/07\/Captura-de-pantalla-2023-07-14-142215.webp","og:image:width":1587,"og:image:height":951,"article:published_time":"2023-07-14T20:16:14+00:00","article:modified_time":"2026-03-11T22:48:18+00:00","article:publisher":"https:\/\/www.facebook.com\/soymigrantecom","twitter:card":"summary_large_image","twitter:site":"@SoyMigrante_com","twitter:title":"Walter Villatoro: la inspiradora historia de El Mariachi Guatemalteco","twitter:description":"Walter Villatoro, un migrante guatemalteco, ha dejado huella en EE.UU. con su m\u00fasica y cine, reflejando su amor por Guatemala y su pasi\u00f3n art\u00edstica","twitter:creator":"@SoyMigrante_com","twitter:image":"https:\/\/soymigrante.com\/revista\/wp-content\/uploads\/2023\/07\/Captura-de-pantalla-2023-07-14-142215.webp"},"aioseo_meta_data":{"post_id":"33963","title":"#post_title","description":"El duelo a la distancia en algunas ocasiones es m\u00e1s duro que el duelo presente, puesto que las familias est\u00e1n separadas por la migraci\u00f3n.","keywords":null,"keyphrases":{"focus":{"keyphrase":"Duelo","score":82,"analysis":{"keyphraseInTitle":{"score":9,"maxScore":9,"error":0},"keyphraseInDescription":{"score":9,"maxScore":9,"error":0},"keyphraseLength":{"score":9,"maxScore":9,"error":0,"length":1},"keyphraseInURL":{"score":5,"maxScore":5,"error":0},"keyphraseInIntroduction":{"score":3,"maxScore":9,"error":1},"keyphraseInSubHeadings":{"score":3,"maxScore":9,"error":1},"keyphraseInImageAlt":{"score":9,"maxScore":9,"error":0},"keywordDensity":{"type":"best","score":9,"maxScore":9,"error":0}}},"additional":[]},"primary_term":null,"canonical_url":null,"og_title":null,"og_description":null,"og_object_type":"default","og_image_type":"default","og_image_url":null,"og_image_width":null,"og_image_height":null,"og_image_custom_url":null,"og_image_custom_fields":null,"og_video":"","og_custom_url":null,"og_article_section":null,"og_article_tags":null,"twitter_use_og":false,"twitter_card":"default","twitter_image_type":"default","twitter_image_url":null,"twitter_image_custom_url":null,"twitter_image_custom_fields":null,"twitter_title":null,"twitter_description":null,"schema":{"blockGraphs":[],"customGraphs":[],"default":{"data":{"Article":[],"Course":[],"Dataset":[],"FAQPage":[],"Movie":[],"Person":[],"Product":[],"ProductReview":[],"Car":[],"Recipe":[],"Service":[],"SoftwareApplication":[],"WebPage":[]},"graphName":"none","isEnabled":true},"graphs":[]},"schema_type":"default","schema_type_options":null,"pillar_content":false,"robots_default":true,"robots_noindex":false,"robots_noarchive":false,"robots_nosnippet":false,"robots_nofollow":false,"robots_noimageindex":false,"robots_noodp":false,"robots_notranslate":false,"robots_max_snippet":"-1","robots_max_videopreview":"-1","robots_max_imagepreview":"large","priority":null,"frequency":"default","local_seo":null,"seo_analyzer_scan_date":"2025-10-09 05:27:47","breadcrumb_settings":null,"limit_modified_date":false,"reviewed_by":null,"open_ai":"{\"title\":{\"suggestions\":[],\"usage\":0},\"description\":{\"suggestions\":[],\"usage\":0}}","ai":null,"created":"2025-05-20 17:34:06","updated":"2026-02-04 23:49:36"},"aioseo_breadcrumb":"<div class=\"aioseo-breadcrumbs\"><span class=\"aioseo-breadcrumb\">\n\t<a href=\"https:\/\/soymigrante.com\/revista\" title=\"Home\">Home<\/a>\n<\/span><span class=\"aioseo-breadcrumb-separator\">\u00bb<\/span><span class=\"aioseo-breadcrumb\">\n\t<a href=\"https:\/\/soymigrante.com\/revista\/category\/bienestar\/\" title=\"Bienestar\">Bienestar<\/a>\n<\/span><span class=\"aioseo-breadcrumb-separator\">\u00bb<\/span><span class=\"aioseo-breadcrumb\">\n\t<a href=\"https:\/\/soymigrante.com\/revista\/category\/bienestar\/salud-emocional\/\" title=\"Salud Emocional\">Salud Emocional<\/a>\n<\/span><span class=\"aioseo-breadcrumb-separator\">\u00bb<\/span><span class=\"aioseo-breadcrumb\">\n\tEl duelo a la distancia: cuando la situacion migratoria no permite visitar a un familiar enfermo\n<\/span><\/div>","aioseo_breadcrumb_json":[{"label":"Home","link":"https:\/\/soymigrante.com\/revista"},{"label":"Bienestar","link":"https:\/\/soymigrante.com\/revista\/category\/bienestar\/"},{"label":"Salud Emocional","link":"https:\/\/soymigrante.com\/revista\/category\/bienestar\/salud-emocional\/"},{"label":"El duelo a la distancia: cuando la situacion migratoria no permite visitar a un familiar enfermo","link":"https:\/\/soymigrante.com\/revista\/el-duelo-a-la-distancia-cuando-los-papeles-migratorios-separan-a-los-enfermos\/"}],"_links":{"self":[{"href":"https:\/\/soymigrante.com\/revista\/wp-json\/wp\/v2\/posts\/33963","targetHints":{"allow":["GET"]}}],"collection":[{"href":"https:\/\/soymigrante.com\/revista\/wp-json\/wp\/v2\/posts"}],"about":[{"href":"https:\/\/soymigrante.com\/revista\/wp-json\/wp\/v2\/types\/post"}],"author":[{"embeddable":true,"href":"https:\/\/soymigrante.com\/revista\/wp-json\/wp\/v2\/users\/19"}],"replies":[{"embeddable":true,"href":"https:\/\/soymigrante.com\/revista\/wp-json\/wp\/v2\/comments?post=33963"}],"version-history":[{"count":22,"href":"https:\/\/soymigrante.com\/revista\/wp-json\/wp\/v2\/posts\/33963\/revisions"}],"predecessor-version":[{"id":34919,"href":"https:\/\/soymigrante.com\/revista\/wp-json\/wp\/v2\/posts\/33963\/revisions\/34919"}],"wp:featuredmedia":[{"embeddable":true,"href":"https:\/\/soymigrante.com\/revista\/wp-json\/wp\/v2\/media\/33964"}],"wp:attachment":[{"href":"https:\/\/soymigrante.com\/revista\/wp-json\/wp\/v2\/media?parent=33963"}],"wp:term":[{"taxonomy":"category","embeddable":true,"href":"https:\/\/soymigrante.com\/revista\/wp-json\/wp\/v2\/categories?post=33963"},{"taxonomy":"post_tag","embeddable":true,"href":"https:\/\/soymigrante.com\/revista\/wp-json\/wp\/v2\/tags?post=33963"}],"curies":[{"name":"wp","href":"https:\/\/api.w.org\/{rel}","templated":true}]}}