{"id":33961,"date":"2025-05-20T12:14:50","date_gmt":"2025-05-20T18:14:50","guid":{"rendered":"https:\/\/soymigrante.com\/revista\/?p=33961"},"modified":"2025-05-20T12:42:29","modified_gmt":"2025-05-20T18:42:29","slug":"lider-obrero-guatemalteco-gustavo-ajche-recibe-reconocimiento-por-su-labor-en-new-york","status":"publish","type":"post","link":"https:\/\/soymigrante.com\/revista\/lider-obrero-guatemalteco-gustavo-ajche-recibe-reconocimiento-por-su-labor-en-new-york\/","title":{"rendered":"L\u00edder obrero guatemalteco Gustavo Ajch\u00e9 recibe reconocimiento por su labor en New York"},"content":{"rendered":"\t\t<div data-elementor-type=\"wp-post\" data-elementor-id=\"33961\" class=\"elementor elementor-33961\" data-elementor-post-type=\"post\">\n\t\t\t\t<div data-particle_enable=\"false\" data-particle-mobile-disabled=\"false\" class=\"elementor-element elementor-element-92a864b e-flex e-con-boxed e-con e-parent\" data-id=\"92a864b\" data-element_type=\"container\" data-e-type=\"container\">\n\t\t\t\t\t<div class=\"e-con-inner\">\n\t\t\t\t<div class=\"elementor-element elementor-element-c6586c0 elementor-widget elementor-widget-heading\" data-id=\"c6586c0\" data-element_type=\"widget\" data-e-type=\"widget\" data-widget_type=\"heading.default\">\n\t\t\t\t\t<h2 class=\"elementor-heading-title elementor-size-default\">Con una trayectoria de m\u00e1s de 15 a\u00f1os en la defensa de derechos laborales y migrantes en Nueva York, el guatemalteco Gustavo Ajch\u00e9, originario de Totonicap\u00e1n, fue premiado por la organizaci\u00f3n que ayud\u00f3 a fundar:<i> Workers Justice Project.<\/i><\/h2>\t\t\t\t<\/div>\n\t\t\t\t<div class=\"elementor-element elementor-element-2ab96e7 elementor-widget elementor-widget-html\" data-id=\"2ab96e7\" data-element_type=\"widget\" data-e-type=\"widget\" data-widget_type=\"html.default\">\n\t\t\t\t\t<div id=\"buzzsprout-player-17198102\"><\/div><script src=\"https:\/\/www.buzzsprout.com\/2444168\/episodes\/17198102-reconocen-en-ny-a-lider-migrante-guatemalteco-gustavo-ajche.js?container_id=buzzsprout-player-17198102&player=small\" type=\"text\/javascript\" charset=\"utf-8\"><\/script>\t\t\t\t<\/div>\n\t\t\t\t\t<\/div>\n\t\t\t\t<\/div>\n\t\t<div data-particle_enable=\"false\" data-particle-mobile-disabled=\"false\" class=\"elementor-element elementor-element-3226a64 e-flex e-con-boxed e-con e-parent\" data-id=\"3226a64\" data-element_type=\"container\" data-e-type=\"container\">\n\t\t\t\t\t<div class=\"e-con-inner\">\n\t\t\t\t<div class=\"elementor-element elementor-element-2046387 elementor-widget elementor-widget-text-editor\" data-id=\"2046387\" data-element_type=\"widget\" data-e-type=\"widget\" data-widget_type=\"text-editor.default\">\n\t\t\t\t\t\t\t\t\t<p>&#8220;Este reconocimiento es para todos los trabajadores migrantes que siguen en la lucha por defender os derechos de todos&#8221;, dijo el l\u00edder guatemalteco Gustavo Ajch\u00e9 al recibir un reconocimiento como L\u00edder del A\u00f1o, de parte del<a href=\"https:\/\/www.workersjustice.org\/\"> Workers Justice Project (WJP) <\/a>durante su gala anual en Brooklyn, Nueva York.\u00a0<\/p><p>La organizaci\u00f3n, que \u00e9l mismo contribuy\u00f3 a cofundar hace 15 a\u00f1os, lo reconoci\u00f3 por su papel fundamental en la defensa de los <a href=\"https:\/\/soymigrante.com\/revista\/conoce-tus-derechos-proteccion-para-trabajadores-migrantes-en-usa\/\">derechos laborales<\/a> de obreros y repartidores migrantes en Nueva York. Ajch\u00e9, originario de la aldea Chiment\u00e9,<a href=\"https:\/\/soymigrante.com\/revista\/departamentos-de-guatemala-totonicapan-la-tierra-del-gran-atanasio-tzul\/\"> Totonicap\u00e1n<\/a>, recuerda que al inicio solo ten\u00edan una peque\u00f1a carpa como centro de reuniones y se la llevaron los vientos de un hurac\u00e1n. Pero nunca el ideal que impuls\u00f3 junto a otros trabajadores y migrantes.<\/p>\t\t\t\t\t\t\t\t<\/div>\n\t\t\t\t\t<\/div>\n\t\t\t\t<\/div>\n\t\t<div data-particle_enable=\"false\" data-particle-mobile-disabled=\"false\" class=\"elementor-element elementor-element-9cd18e7 e-flex e-con-boxed e-con e-parent\" data-id=\"9cd18e7\" data-element_type=\"container\" data-e-type=\"container\">\n\t\t\t\t\t<div class=\"e-con-inner\">\n\t\t\t\t<div class=\"elementor-element elementor-element-c8b9b4d elementor-widget elementor-widget-image\" data-id=\"c8b9b4d\" data-element_type=\"widget\" data-e-type=\"widget\" data-widget_type=\"image.default\">\n\t\t\t\t\t\t\t\t\t\t\t\t<figure class=\"wp-caption\">\n\t\t\t\t\t\t\t\t\t\t<img fetchpriority=\"high\" decoding=\"async\" width=\"768\" height=\"628\" src=\"https:\/\/soymigrante.com\/revista\/wp-content\/uploads\/2025\/05\/lider-migrante-guatemalteco-gustavo-ajche-3-1024x837.jpg\" class=\"attachment-large size-large wp-image-33984\" alt=\"Labor Power Players - Revista SoyMigrante.com, destacando historias de migrantes y transformaci\u00f3n social a trav\u00e9s del trabajo y la inmigraci\u00f3n en Estados Unidos y Am\u00e9rica Latina.\" srcset=\"https:\/\/soymigrante.com\/revista\/wp-content\/uploads\/2025\/05\/lider-migrante-guatemalteco-gustavo-ajche-3-1024x837.jpg 1024w, https:\/\/soymigrante.com\/revista\/wp-content\/uploads\/2025\/05\/lider-migrante-guatemalteco-gustavo-ajche-3-300x245.jpg 300w, https:\/\/soymigrante.com\/revista\/wp-content\/uploads\/2025\/05\/lider-migrante-guatemalteco-gustavo-ajche-3-768x627.jpg 768w, https:\/\/soymigrante.com\/revista\/wp-content\/uploads\/2025\/05\/lider-migrante-guatemalteco-gustavo-ajche-3-750x613.webp 750w, https:\/\/soymigrante.com\/revista\/wp-content\/uploads\/2025\/05\/lider-migrante-guatemalteco-gustavo-ajche-3.webp 1071w\" sizes=\"(max-width: 768px) 100vw, 768px\" title=\"El liderazgo del guatemalteco Gustavo Ajch\u00e9 ha sido reconocido por su gremio y varias organizaciones en Nueva York. &quot;Nunca pretend\u00ed ser l\u00edder, pero cuando me llaman a servir y a defender los derechos de hermanos migrantes y trabajadores cuentan conmigo siempre&quot;, dice \u2013 SoyMigrante.com REVISTA\" \/>\t\t\t\t\t\t\t\t\t\t\t<figcaption class=\"widget-image-caption wp-caption-text\">Joven migrante en la ciudad, reflejando los desaf\u00edos y la esperanza en la lucha por derechos laborales y ciudadan\u00eda.<\/figcaption>\n\t\t\t\t\t\t\t\t\t\t<\/figure>\n\t\t\t\t\t\t\t\t\t<\/div>\n\t\t\t\t\t<\/div>\n\t\t\t\t<\/div>\n\t\t<div data-particle_enable=\"false\" data-particle-mobile-disabled=\"false\" class=\"elementor-element elementor-element-1e6866f e-flex e-con-boxed e-con e-parent\" data-id=\"1e6866f\" data-element_type=\"container\" data-e-type=\"container\">\n\t\t\t\t\t<div class=\"e-con-inner\">\n\t\t\t\t<div class=\"elementor-element elementor-element-3b7c264 elementor-widget elementor-widget-heading\" data-id=\"3b7c264\" data-element_type=\"widget\" data-e-type=\"widget\" data-widget_type=\"heading.default\">\n\t\t\t\t\t<h3 class=\"elementor-heading-title elementor-size-default\">Grandes ideales de servicio<\/h3>\t\t\t\t<\/div>\n\t\t\t\t\t<\/div>\n\t\t\t\t<\/div>\n\t\t<div data-particle_enable=\"false\" data-particle-mobile-disabled=\"false\" class=\"elementor-element elementor-element-5ad1463 e-flex e-con-boxed e-con e-parent\" data-id=\"5ad1463\" data-element_type=\"container\" data-e-type=\"container\">\n\t\t\t\t\t<div class=\"e-con-inner\">\n\t\t\t\t<div class=\"elementor-element elementor-element-be74429 elementor-widget elementor-widget-text-editor\" data-id=\"be74429\" data-element_type=\"widget\" data-e-type=\"widget\" data-widget_type=\"text-editor.default\">\n\t\t\t\t\t\t\t\t\t<p>\u201cCuando comenzamos el proyecto, solo ten\u00edamos una peque\u00f1a oficina improvisada. Hoy tenemos centros comunitarios, entrenamientos semanales y hemos logrado la aprobaci\u00f3n de leyes que protegen a nuestra gente\u201d. .<\/p><p>Ajch\u00e9 emigr\u00f3 desde Totonicap\u00e1n, Guatemala, en 2004. Como muchos, empez\u00f3 desde abajo: consiguiendo trabajos en las esquina, entregando comida en bicicleta, movi\u00e9ndose por la ciudad con lluvia, fr\u00edo y calor. En 2010 comenz\u00f3 a participar en la fundacion de WJP, para proteger los derechos de obreros migrantes, que eran v\u00edctimas de impagos de sueldos y otros abusos. &#8220;La carpa que ten\u00edamos en 2012 se la llev\u00f3 el hurac\u00e1n Sandy. Pero nunca se llev\u00f3 nuestros esfuerzos, porque seguimos adelante&#8221;, expresa Gustavo Ajch\u00e9.<\/p>\t\t\t\t\t\t\t\t<\/div>\n\t\t\t\t\t<\/div>\n\t\t\t\t<\/div>\n\t\t<div data-particle_enable=\"false\" data-particle-mobile-disabled=\"false\" class=\"elementor-element elementor-element-c0fd683 e-flex e-con-boxed e-con e-parent\" data-id=\"c0fd683\" data-element_type=\"container\" data-e-type=\"container\">\n\t\t\t\t\t<div class=\"e-con-inner\">\n\t\t\t\t<div class=\"elementor-element elementor-element-9dc79e9 elementor-widget elementor-widget-image\" data-id=\"9dc79e9\" data-element_type=\"widget\" data-e-type=\"widget\" data-widget_type=\"image.default\">\n\t\t\t\t\t\t\t\t\t\t\t\t<figure class=\"wp-caption\">\n\t\t\t\t\t\t\t\t\t\t<img decoding=\"async\" width=\"768\" height=\"502\" src=\"https:\/\/soymigrante.com\/revista\/wp-content\/uploads\/2025\/05\/lider-migrante-guatemalteco-gustavo-ajche-1.jpg\" class=\"attachment-large size-large wp-image-33992\" alt=\"Personas migrantes en protesta junto al mar, mostrando solidaridad y resistencia en eventos relacionados con la comunidad migrante.\" srcset=\"https:\/\/soymigrante.com\/revista\/wp-content\/uploads\/2025\/05\/lider-migrante-guatemalteco-gustavo-ajche-1.jpg 960w, https:\/\/soymigrante.com\/revista\/wp-content\/uploads\/2025\/05\/lider-migrante-guatemalteco-gustavo-ajche-1-300x196.jpg 300w, https:\/\/soymigrante.com\/revista\/wp-content\/uploads\/2025\/05\/lider-migrante-guatemalteco-gustavo-ajche-1-768x502.jpg 768w, https:\/\/soymigrante.com\/revista\/wp-content\/uploads\/2025\/05\/lider-migrante-guatemalteco-gustavo-ajche-1-750x491.jpg 750w\" sizes=\"(max-width: 768px) 100vw, 768px\" title=\"Foto del recuerdo: en 2020 comenz\u00f3 la organizaci\u00f3n Deliveristas Unidos, para velar por derechos de los trabajadores de entregas, tan b\u00e1sicos como que les permitieran usar el sanitario en restaurantes para los cuales llevaban pedidos. \u2013 SoyMigrante.com REVISTA\" \/>\t\t\t\t\t\t\t\t\t\t\t<figcaption class=\"widget-image-caption wp-caption-text\">Grupo de migrantes con mascarillas haciendo la se\u00f1al de fuerza y unidad en una manifestaci\u00f3n frente al mar durante una protesta migrante.<\/figcaption>\n\t\t\t\t\t\t\t\t\t\t<\/figure>\n\t\t\t\t\t\t\t\t\t<\/div>\n\t\t\t\t\t<\/div>\n\t\t\t\t<\/div>\n\t\t<div data-particle_enable=\"false\" data-particle-mobile-disabled=\"false\" class=\"elementor-element elementor-element-15085f0 e-flex e-con-boxed e-con e-parent\" data-id=\"15085f0\" data-element_type=\"container\" data-e-type=\"container\">\n\t\t\t\t\t<div class=\"e-con-inner\">\n\t\t\t\t<div class=\"elementor-element elementor-element-269c951 elementor-widget elementor-widget-heading\" data-id=\"269c951\" data-element_type=\"widget\" data-e-type=\"widget\" data-widget_type=\"heading.default\">\n\t\t\t\t\t<h3 class=\"elementor-heading-title elementor-size-default\">Aporte y liderazgo registrados para la historia<\/h3>\t\t\t\t<\/div>\n\t\t\t\t\t<\/div>\n\t\t\t\t<\/div>\n\t\t<div data-particle_enable=\"false\" data-particle-mobile-disabled=\"false\" class=\"elementor-element elementor-element-219d6cf e-flex e-con-boxed e-con e-parent\" data-id=\"219d6cf\" data-element_type=\"container\" data-e-type=\"container\">\n\t\t\t\t\t<div class=\"e-con-inner\">\n\t\t\t\t<div class=\"elementor-element elementor-element-699fef3 elementor-widget elementor-widget-text-editor\" data-id=\"699fef3\" data-element_type=\"widget\" data-e-type=\"widget\" data-widget_type=\"text-editor.default\">\n\t\t\t\t\t\t\t\t\t<p>\u00a0En 2020, en pleno pico de la pandemia, cofund\u00f3<a href=\"https:\/\/www.workersjustice.org\/en\/ldu\"> Los Deliveristas Unidos,<\/a> un movimiento que agrupa a repartidores latinos y que ha conseguido avances significativos: acceso a servicios sanitarios en restaurantes, transparencia en el pago de propinas y normas b\u00e1sicas de seguridad vial. <a href=\"https:\/\/soymigrante.com\/revista\/guatemalteco-lidera-a-miles-de-trabajadores-de-entrega-a-domicilio-en-ny\/\">Si quieres conocer m\u00e1s sobre esa parte de su vida, mira la primera historia sobre Gustavo Ajch\u00e9.<\/a><\/p><p>Parte de sus aportes y esfuerzos en favor de los trabajadores est\u00e1n registrados en el libro <i>When the City Stopped<\/i>, del historiador Robert W. Snyder, donde se recoge su testimonio sobre lo que signific\u00f3 enfrentar la pandemia desde una bicicleta, en medio del miedo, la soledad y la necesidad. \u201cContento porque ah\u00ed qued\u00f3 parte de nuestra historia\u201d, dijo Ajch\u00e9. \u201cY este a\u00f1o sale otro libro m\u00e1s, donde tambi\u00e9n estar\u00e1 mi historia, con m\u00e1s detalle\u201d, anuncia.<\/p><p><span style=\"font-family: Roboto, sans-serif; font-size: 16px; font-style: normal; font-variant-ligatures: normal; font-variant-caps: normal; font-weight: 400;\">Dentro de los logros de Deliveristas Unidos y WJ est\u00e1 una hist\u00f3rica sentencia judicial, emitida en marzo pasado, que oblig\u00f3 a la compa\u00f1\u00eda de una app de deliveries, pagar US$17 millones en propinas no entregadas a miles de mensajeros<\/span><\/p>\t\t\t\t\t\t\t\t<\/div>\n\t\t\t\t\t<\/div>\n\t\t\t\t<\/div>\n\t\t<div data-particle_enable=\"false\" data-particle-mobile-disabled=\"false\" class=\"elementor-element elementor-element-8cec70c e-flex e-con-boxed e-con e-parent\" data-id=\"8cec70c\" data-element_type=\"container\" data-e-type=\"container\">\n\t\t\t\t\t<div class=\"e-con-inner\">\n\t\t\t\t<div class=\"elementor-element elementor-element-8fa81dd elementor-widget elementor-widget-image\" data-id=\"8fa81dd\" data-element_type=\"widget\" data-e-type=\"widget\" data-widget_type=\"image.default\">\n\t\t\t\t\t\t\t\t\t\t\t\t<figure class=\"wp-caption\">\n\t\t\t\t\t\t\t\t\t\t\t<a href=\"https:\/\/www.workersjustice.org\/\">\n\t\t\t\t\t\t\t<img decoding=\"async\" width=\"768\" height=\"960\" src=\"https:\/\/soymigrante.com\/revista\/wp-content\/uploads\/2025\/05\/lider-migrante-guatemalteco-gustavo-ajche-3-819x1024.jpeg\" class=\"attachment-large size-large wp-image-33994\" alt=\"Impulsor y l\u00edder en justicia laboral, Gustavo Ajche recibe el galard\u00f3n en la Gala de los Trabajadores, destacando su compromiso con los derechos de los inmigrantes y la lucha por salarios justos en Nueva York.\" srcset=\"https:\/\/soymigrante.com\/revista\/wp-content\/uploads\/2025\/05\/lider-migrante-guatemalteco-gustavo-ajche-3-819x1024.jpeg 819w, https:\/\/soymigrante.com\/revista\/wp-content\/uploads\/2025\/05\/lider-migrante-guatemalteco-gustavo-ajche-3-240x300.jpeg 240w, https:\/\/soymigrante.com\/revista\/wp-content\/uploads\/2025\/05\/lider-migrante-guatemalteco-gustavo-ajche-3-768x960.jpeg 768w, https:\/\/soymigrante.com\/revista\/wp-content\/uploads\/2025\/05\/lider-migrante-guatemalteco-gustavo-ajche-3-1229x1536.jpeg 1229w, https:\/\/soymigrante.com\/revista\/wp-content\/uploads\/2025\/05\/lider-migrante-guatemalteco-gustavo-ajche-3-750x938.jpeg 750w, https:\/\/soymigrante.com\/revista\/wp-content\/uploads\/2025\/05\/lider-migrante-guatemalteco-gustavo-ajche-3-1140x1425.jpeg 1140w, https:\/\/soymigrante.com\/revista\/wp-content\/uploads\/2025\/05\/lider-migrante-guatemalteco-gustavo-ajche-3.jpeg 1638w\" sizes=\"(max-width: 768px) 100vw, 768px\" title=\"El integrante del consejo de la ciudad de Nueva York, Justin Brannan fue quien reconoci\u00f3 el liderazgo del guatemalteco Gustavo Ajch\u00e9 y le entreg\u00f3 el reconocimiento por su labor de defensa de derechos. \u2013 SoyMigrante.com REVISTA\" \/>\t\t\t\t\t\t\t\t<\/a>\n\t\t\t\t\t\t\t\t\t\t\t<figcaption class=\"widget-image-caption wp-caption-text\">El integrante del consejo de la ciudad de Nueva York, Justin Brannan fue quien reconoci\u00f3 el liderazgo del guatemalteco Gustavo Ajch\u00e9 y le entreg\u00f3 el reconocimiento por su labor de defensa de derechos.<\/figcaption>\n\t\t\t\t\t\t\t\t\t\t<\/figure>\n\t\t\t\t\t\t\t\t\t<\/div>\n\t\t\t\t\t<\/div>\n\t\t\t\t<\/div>\n\t\t<div data-particle_enable=\"false\" data-particle-mobile-disabled=\"false\" class=\"elementor-element elementor-element-e18df97 e-flex e-con-boxed e-con e-parent\" data-id=\"e18df97\" data-element_type=\"container\" data-e-type=\"container\">\n\t\t\t\t\t<div class=\"e-con-inner\">\n\t\t\t\t<div class=\"elementor-element elementor-element-46b7e2e elementor-widget elementor-widget-heading\" data-id=\"46b7e2e\" data-element_type=\"widget\" data-e-type=\"widget\" data-widget_type=\"heading.default\">\n\t\t\t\t\t<h3 class=\"elementor-heading-title elementor-size-default\">Pero ahora trabaja en construcci\u00f3n<\/h3>\t\t\t\t<\/div>\n\t\t\t\t\t<\/div>\n\t\t\t\t<\/div>\n\t\t<div data-particle_enable=\"false\" data-particle-mobile-disabled=\"false\" class=\"elementor-element elementor-element-43bfdb9 e-flex e-con-boxed e-con e-parent\" data-id=\"43bfdb9\" data-element_type=\"container\" data-e-type=\"container\">\n\t\t\t\t\t<div class=\"e-con-inner\">\n\t\t\t\t<div class=\"elementor-element elementor-element-05bb731 elementor-widget elementor-widget-text-editor\" data-id=\"05bb731\" data-element_type=\"widget\" data-e-type=\"widget\" data-widget_type=\"text-editor.default\">\n\t\t\t\t\t\t\t\t\t<p>Aunque su imagen sigue asociada al movimiento deliverista, actualmente\u00a0 Gustavo Ajch\u00e9 ya no trabaja en el delivery. \u201cLas plataformas ya no son lo que eran\u201d, explic\u00f3. \u201cAhora hay que reservar turnos con anticipaci\u00f3n para trabajar, y a veces sal\u00eds a la calle y no hac\u00e9s ni un d\u00f3lar. Perdimos la flexibilidad. De alguna forma, los logros que tuvimos tambi\u00e9n tuvieron una respuesta de las apps. Por eso ahora estoy trabajando en construcci\u00f3n, en instalaci\u00f3n techos,\u00a0 roofing, con una peque\u00f1a empresa\u201d.<\/p><p>Esa transici\u00f3n laboral no ha significado alejarse del activismo. Desde el WJP, Gustavo Ajch\u00e9 contin\u00faa apoyando y promoviendo promoviendo campa\u00f1as de educaci\u00f3n vial para los repartidores en bicicleta. Hay un aumento de sanciones que podr\u00edan incluso llevar a procesos judiciales o migratorios, dice.<\/p><p>\u00a0\u201cMuchos no saben que si no cumplen una norma de tr\u00e1nsito pueden terminar con una cita en corte criminal. Estamos trabajando para informar y proteger a nuestra gente\u201d.<\/p>\t\t\t\t\t\t\t\t<\/div>\n\t\t\t\t\t<\/div>\n\t\t\t\t<\/div>\n\t\t<div data-particle_enable=\"false\" data-particle-mobile-disabled=\"false\" class=\"elementor-element elementor-element-c310be6 e-flex e-con-boxed e-con e-parent\" data-id=\"c310be6\" data-element_type=\"container\" data-e-type=\"container\">\n\t\t\t\t\t<div class=\"e-con-inner\">\n\t\t\t\t<div class=\"elementor-element elementor-element-f64dcf0 elementor-widget elementor-widget-image\" data-id=\"f64dcf0\" data-element_type=\"widget\" data-e-type=\"widget\" data-widget_type=\"image.default\">\n\t\t\t\t\t\t\t\t\t\t\t\t<figure class=\"wp-caption\">\n\t\t\t\t\t\t\t\t\t\t<img loading=\"lazy\" decoding=\"async\" width=\"747\" height=\"591\" src=\"https:\/\/soymigrante.com\/revista\/wp-content\/uploads\/2025\/05\/gustavo-ajche-hermano-fallecido-1.webp\" class=\"attachment-large size-large wp-image-33996\" alt=\"Estudiante graduado en graduaci\u00f3n acad\u00e9mica con toga y birrete en ceremonia de celebraci\u00f3n universitaria.\" srcset=\"https:\/\/soymigrante.com\/revista\/wp-content\/uploads\/2025\/05\/gustavo-ajche-hermano-fallecido-1.webp 747w, https:\/\/soymigrante.com\/revista\/wp-content\/uploads\/2025\/05\/gustavo-ajche-hermano-fallecido-1-300x237.jpg 300w\" sizes=\"(max-width: 747px) 100vw, 747px\" title=\"En julio de 2024, Gustavo Ajch\u00e9 sufri\u00f3 por el fallecimiento de su hermano Edwin, de quien cuidaba en Nueva York desde 2015. &quot;Siempre te llevar\u00e9 en mi coraz\u00f3n.&quot; escribi\u00f3 entonces Gustavo, quien se sorprendi\u00f3 con el enorme apoyo de trabajadores y migrantes durante esos d\u00edas. &quot;Ver a tanta gente acompa\u00f1\u00e1ndome fue luz&quot;, dice. \u2013 SoyMigrante.com REVISTA\" \/>\t\t\t\t\t\t\t\t\t\t\t<figcaption class=\"widget-image-caption wp-caption-text\">Joven graduado en celebraci\u00f3n acad\u00e9mica con toga y birrete en ceremonia de graduaci\u00f3n.<\/figcaption>\n\t\t\t\t\t\t\t\t\t\t<\/figure>\n\t\t\t\t\t\t\t\t\t<\/div>\n\t\t\t\t\t<\/div>\n\t\t\t\t<\/div>\n\t\t<div data-particle_enable=\"false\" data-particle-mobile-disabled=\"false\" class=\"elementor-element elementor-element-6404595 e-flex e-con-boxed e-con e-parent\" data-id=\"6404595\" data-element_type=\"container\" data-e-type=\"container\">\n\t\t\t\t\t<div class=\"e-con-inner\">\n\t\t\t\t<div class=\"elementor-element elementor-element-32a3447 elementor-widget elementor-widget-heading\" data-id=\"32a3447\" data-element_type=\"widget\" data-e-type=\"widget\" data-widget_type=\"heading.default\">\n\t\t\t\t\t<h3 class=\"elementor-heading-title elementor-size-default\">Una dura prueba y una masiva fraternidad<\/h3>\t\t\t\t<\/div>\n\t\t\t\t\t<\/div>\n\t\t\t\t<\/div>\n\t\t<div data-particle_enable=\"false\" data-particle-mobile-disabled=\"false\" class=\"elementor-element elementor-element-3ab8c46 e-flex e-con-boxed e-con e-parent\" data-id=\"3ab8c46\" data-element_type=\"container\" data-e-type=\"container\">\n\t\t\t\t\t<div class=\"e-con-inner\">\n\t\t\t\t<div class=\"elementor-element elementor-element-71b5b2c elementor-widget elementor-widget-text-editor\" data-id=\"71b5b2c\" data-element_type=\"widget\" data-e-type=\"widget\" data-widget_type=\"text-editor.default\">\n\t\t\t\t\t\t\t\t\t<p>El 2024, poco despu\u00e9s de la primera entrevista publicada en SoyMigrante.com, Gustavo Ajch\u00e9 sufri\u00f3\u00a0 una dolorosa p\u00e9rdida: su hermano menor, Edwin Ajch\u00e9, falleci\u00f3 en 2024 de forma repentina por una situaci\u00f3n cardiovascular. Gustavo lo hab\u00eda criado y cuidado desde los 15 a\u00f1os, cuando lleg\u00f3 a Estados Unidos. \u201cFue devastador\u201d, comparte Gustavo, quien pr\u00e1cticamente fue como una figura paterna para \u00e9l.\u00a0<\/p><p>Solo hubo un rayo de luz en aquella inmensa pena: \u201cEn medio de todo, vi el apoyo de la comunidad. La funeraria estaba llena de amigos, compa\u00f1eros. Mucha gente vino a decir: \u2018Aqu\u00ed estamos contigo\u2019 Hab\u00eda personas que yo no conoc\u00eda pero llegaron a expresar su solidaridad. Esos gestos no se olvidan\u201d.<\/p><p>A 15 a\u00f1os de haber sembrado las bases del <a href=\"https:\/\/www.workersjustice.org\/\">Workers Justice Project,<\/a> Gustavo Ajch\u00e9 sigue siendo un referente de liderazgo migrante. Desde aquella primera carpa, que\u00a0 fue arrastrada por los vientos del Hurac\u00e1n Sandy hasta los aplausos en eventos comunitarios y gremiales, su historia est\u00e1 marcada por la constancia, el servicio comunitario y la lucha por dignidad.<\/p><p>\u201cEste reconocimiento no es un cierre\u201d, afirm\u00f3. \u201cEs un impulso para seguir adelante, para que cada trabajador tenga voz y no se sienta solo en esta gran ciudad\u201d. Y se lo dedica con cari\u00f1o fraterno a Edwin Ajch\u00e9, su hermano, quien descansa en su natal Totonicap\u00e1n pero a quien siempre lleva en el coraz\u00f3n.<\/p>\t\t\t\t\t\t\t\t<\/div>\n\t\t\t\t\t<\/div>\n\t\t\t\t<\/div>\n\t\t<div data-particle_enable=\"false\" data-particle-mobile-disabled=\"false\" class=\"elementor-element elementor-element-a9876df e-flex e-con-boxed e-con e-parent\" data-id=\"a9876df\" data-element_type=\"container\" data-e-type=\"container\">\n\t\t\t\t\t<div class=\"e-con-inner\">\n\t\t\t\t<div class=\"elementor-element elementor-element-ec17ad8 elementor-widget elementor-widget-heading\" data-id=\"ec17ad8\" data-element_type=\"widget\" data-e-type=\"widget\" data-widget_type=\"heading.default\">\n\t\t\t\t\t<h4 class=\"elementor-heading-title elementor-size-default\">Esta fue primera historia que publicamos sobre el l\u00edder migrante trabajador Gustavo Ach\u00e9<\/h4>\t\t\t\t<\/div>\n\t\t\t\t\t<\/div>\n\t\t\t\t<\/div>\n\t\t<div data-particle_enable=\"false\" data-particle-mobile-disabled=\"false\" class=\"elementor-element elementor-element-b4ecbdf e-flex e-con-boxed e-con e-parent\" data-id=\"b4ecbdf\" data-element_type=\"container\" data-e-type=\"container\">\n\t\t\t\t\t<div class=\"e-con-inner\">\n\t\t\t\t<div class=\"elementor-element elementor-element-16ac30b elementor-grid-eael-col-1 elementor-grid-tablet-eael-col-2 elementor-grid-mobile-eael-col-1 elementor-widget elementor-widget-eael-post-grid\" data-id=\"16ac30b\" data-element_type=\"widget\" data-e-type=\"widget\" data-settings=\"{&quot;eael_post_grid_columns&quot;:&quot;eael-col-1&quot;,&quot;eael_post_grid_columns_tablet&quot;:&quot;eael-col-2&quot;,&quot;eael_post_grid_columns_mobile&quot;:&quot;eael-col-1&quot;}\" data-widget_type=\"eael-post-grid.default\">\n\t\t\t\t\t<div id=\"eael-post-grid-16ac30b\" class=\"eael-post-grid-container\">\n            <div class=\"eael-post-grid eael-post-appender eael-post-appender-16ac30b eael-post-grid-style-one\" data-layout-mode=\"masonry\"><article class=\"eael-grid-post  eael-post-grid-column eael-pg-post-7408 category-exitos\" data-id=\"7408\">\n        <div class=\"eael-grid-post-holder\">\n            <div class=\"eael-grid-post-holder-inner\"><div class=\"eael-entry-media\"><div class=\"eael-entry-overlay fade-in\"><i class=\"far fa-hand-pointer\" aria-hidden=\"true\"><\/i><a href=\"https:\/\/soymigrante.com\/revista\/guatemalteco-lidera-a-miles-de-trabajadores-de-entrega-a-domicilio-en-ny\/\"><\/a><\/div><div class=\"eael-entry-thumbnail eael-image-ratio\">\n                <img loading=\"lazy\" decoding=\"async\" width=\"333\" height=\"333\" src=\"https:\/\/soymigrante.com\/revista\/wp-content\/uploads\/2024\/07\/gustavo-ajche-2-1.webp\" class=\"attachment-large size-large wp-image-7461\" alt=\"Hombre joven con casco de bicicleta en calle urbana, mostrando actitud positiva y segura, promoviendo la movilidad y el activismo social en comunidades urbanas en Am\u00e9rica Latina.\" srcset=\"https:\/\/soymigrante.com\/revista\/wp-content\/uploads\/2024\/07\/gustavo-ajche-2-1.webp 333w, https:\/\/soymigrante.com\/revista\/wp-content\/uploads\/2024\/07\/gustavo-ajche-2-1-300x300.webp 300w, https:\/\/soymigrante.com\/revista\/wp-content\/uploads\/2024\/07\/gustavo-ajche-2-1-150x150.webp 150w, https:\/\/soymigrante.com\/revista\/wp-content\/uploads\/2024\/07\/gustavo-ajche-2-1-75x75.webp 75w\" sizes=\"(max-width: 333px) 100vw, 333px\" \/>\n            <\/div>\n        <\/div><div class=\"eael-entry-wrapper\"><header class=\"eael-entry-header\"><h2 class=\"eael-entry-title\"><a class=\"eael-grid-post-link\" href=\"https:\/\/soymigrante.com\/revista\/guatemalteco-lidera-a-miles-de-trabajadores-de-entrega-a-domicilio-en-ny\/\" title=\"Guatemalteco Gustavo Ajch\u00e9 lidera a miles de trabajadores de entrega a domicilio en New York\">Guatemalteco Gustavo Ajch\u00e9 lidera a miles de trabajadores de entrega a domicilio en New York<\/a><\/h2><\/header><div class=\"eael-entry-content\">\n                        <div class=\"eael-grid-post-excerpt\"><a href=\"https:\/\/soymigrante.com\/revista\/guatemalteco-lidera-a-miles-de-trabajadores-de-entrega-a-domicilio-en-ny\/\" class=\"eael-post-elements-readmore-btn\">CONOCE SU HISTORIA <\/a><\/div>\n                    <\/div><\/div><\/div>\n        <\/div>\n    <\/article><\/div>\n            <div class=\"clearfix\"><\/div>\n        <\/div>\t\t\t\t<\/div>\n\t\t\t\t\t<\/div>\n\t\t\t\t<\/div>\n\t\t<div data-particle_enable=\"false\" data-particle-mobile-disabled=\"false\" class=\"elementor-element elementor-element-38aae53 e-flex e-con-boxed e-con e-parent\" data-id=\"38aae53\" data-element_type=\"container\" data-e-type=\"container\">\n\t\t\t\t\t<div class=\"e-con-inner\">\n\t\t\t\t<div class=\"elementor-element elementor-element-0b26c4c elementor-widget elementor-widget-image\" data-id=\"0b26c4c\" data-element_type=\"widget\" data-e-type=\"widget\" data-widget_type=\"image.default\">\n\t\t\t\t\t\t\t\t\t\t\t\t<figure class=\"wp-caption\">\n\t\t\t\t\t\t\t\t\t\t<img loading=\"lazy\" decoding=\"async\" width=\"768\" height=\"357\" src=\"https:\/\/soymigrante.com\/revista\/wp-content\/uploads\/2025\/05\/LIBRO-GUSTAVO-AJCHE-1024x476.png\" class=\"attachment-large size-large wp-image-34000\" alt=\"Historias de trabajadores esenciales en la ciudad de Nueva York durante la pandemia, cuento de Robert W. Snyder, an\u00e1lisis social y experiencias de COVID-19 en el contexto urbano.\" srcset=\"https:\/\/soymigrante.com\/revista\/wp-content\/uploads\/2025\/05\/LIBRO-GUSTAVO-AJCHE-1024x476.png 1024w, https:\/\/soymigrante.com\/revista\/wp-content\/uploads\/2025\/05\/LIBRO-GUSTAVO-AJCHE-300x139.png 300w, https:\/\/soymigrante.com\/revista\/wp-content\/uploads\/2025\/05\/LIBRO-GUSTAVO-AJCHE-768x357.png 768w, https:\/\/soymigrante.com\/revista\/wp-content\/uploads\/2025\/05\/LIBRO-GUSTAVO-AJCHE-1536x713.png 1536w, https:\/\/soymigrante.com\/revista\/wp-content\/uploads\/2025\/05\/LIBRO-GUSTAVO-AJCHE-750x348.png 750w, https:\/\/soymigrante.com\/revista\/wp-content\/uploads\/2025\/05\/LIBRO-GUSTAVO-AJCHE-1140x529.png 1140w, https:\/\/soymigrante.com\/revista\/wp-content\/uploads\/2025\/05\/LIBRO-GUSTAVO-AJCHE.webp 1839w\" sizes=\"(max-width: 768px) 100vw, 768px\" title=\"La historia y aporte del migrante guatemalteco Gustavo Ajch\u00e9 fue registrada en el libro Cuando la ciudad se detuvo, que re\u00fane testimonios de acciones de trabajadores de entregas a domicilio durante la pandemia. \u2013 SoyMigrante.com REVISTA\" \/>\t\t\t\t\t\t\t\t\t\t\t<figcaption class=\"widget-image-caption wp-caption-text\">Imagen de una trabajadora de salud en la estaci\u00f3n de metro de Nueva York, reflejando la importancia de los empleados esenciales y el impacto del COVID-19 en la vida urbana y laboral.<\/figcaption>\n\t\t\t\t\t\t\t\t\t\t<\/figure>\n\t\t\t\t\t\t\t\t\t<\/div>\n\t\t\t\t\t<\/div>\n\t\t\t\t<\/div>\n\t\t<div data-particle_enable=\"false\" data-particle-mobile-disabled=\"false\" class=\"elementor-element elementor-element-4c04b49 e-flex e-con-boxed e-con e-parent\" data-id=\"4c04b49\" data-element_type=\"container\" data-e-type=\"container\">\n\t\t\t\t\t<div class=\"e-con-inner\">\n\t\t\t\t<div class=\"elementor-element elementor-element-00cf390 elementor-widget-divider--view-line elementor-widget elementor-widget-divider\" data-id=\"00cf390\" data-element_type=\"widget\" data-e-type=\"widget\" data-widget_type=\"divider.default\">\n\t\t\t\t\t\t\t<div class=\"elementor-divider\">\n\t\t\t<span class=\"elementor-divider-separator\">\n\t\t\t\t\t\t<\/span>\n\t\t<\/div>\n\t\t\t\t\t\t<\/div>\n\t\t\t\t\t<\/div>\n\t\t\t\t<\/div>\n\t\t<div data-particle_enable=\"false\" data-particle-mobile-disabled=\"false\" class=\"elementor-element elementor-element-ba89857 e-flex e-con-boxed e-con e-parent\" data-id=\"ba89857\" data-element_type=\"container\" data-e-type=\"container\">\n\t\t\t\t\t<div class=\"e-con-inner\">\n\t\t\t\t<div class=\"elementor-element elementor-element-2204b0a elementor-widget elementor-widget-heading\" data-id=\"2204b0a\" data-element_type=\"widget\" data-e-type=\"widget\" data-widget_type=\"heading.default\">\n\t\t\t\t\t<h2 class=\"elementor-heading-title elementor-size-default\">El valioso y s\u00f3lido aporte guatemalteco en USA<\/h2>\t\t\t\t<\/div>\n\t\t\t\t\t<\/div>\n\t\t\t\t<\/div>\n\t\t<div data-particle_enable=\"false\" data-particle-mobile-disabled=\"false\" class=\"elementor-element elementor-element-10a354c e-flex e-con-boxed e-con e-parent\" data-id=\"10a354c\" data-element_type=\"container\" data-e-type=\"container\">\n\t\t\t\t\t<div class=\"e-con-inner\">\n\t\t\t\t<div class=\"elementor-element elementor-element-6f361f7 elementor-grid-eael-col-3 elementor-grid-tablet-eael-col-2 elementor-grid-mobile-eael-col-1 elementor-widget elementor-widget-eael-post-grid\" data-id=\"6f361f7\" data-element_type=\"widget\" data-e-type=\"widget\" data-settings=\"{&quot;eael_post_grid_columns&quot;:&quot;eael-col-3&quot;,&quot;eael_post_grid_columns_tablet&quot;:&quot;eael-col-2&quot;,&quot;eael_post_grid_columns_mobile&quot;:&quot;eael-col-1&quot;}\" data-widget_type=\"eael-post-grid.default\">\n\t\t\t\t\t<div id=\"eael-post-grid-6f361f7\" class=\"eael-post-grid-container\">\n            <div class=\"eael-post-grid eael-post-appender eael-post-appender-6f361f7 eael-post-grid-style-one\" data-layout-mode=\"masonry\"><article class=\"eael-grid-post  eael-post-grid-column eael-pg-post-28619 category-exitos-guatemala\" data-id=\"28619\">\n        <div class=\"eael-grid-post-holder\">\n            <div class=\"eael-grid-post-holder-inner\"><div class=\"eael-entry-media\"><div class=\"eael-entry-overlay fade-in\"><i class=\"far fa-hand-pointer\" aria-hidden=\"true\"><\/i><a href=\"https:\/\/soymigrante.com\/revista\/lissett-garcia-es-sonrisa-solidaridad-fe-poesia-musica-y-servicio-en-lakeland-florida\/\"><\/a><\/div><div class=\"eael-entry-thumbnail \">\n                <img loading=\"lazy\" decoding=\"async\" width=\"973\" height=\"973\" src=\"https:\/\/soymigrante.com\/revista\/wp-content\/uploads\/2025\/03\/lissett-garcia-migrante-guatemalteca-en-florida-1.webp\" class=\"attachment-large size-large wp-image-28634\" alt=\"Mujer en una embarcaci\u00f3n con bandera de Guatemala, paisaje monta\u00f1oso y r\u00edo, cultura migrante, orgullo nacional, turismo en Guatemala, paisaje natural, mujer sonriente, vestimenta tradicional, viaje y aventura, revista SoyMigrante.\" srcset=\"https:\/\/soymigrante.com\/revista\/wp-content\/uploads\/2025\/03\/lissett-garcia-migrante-guatemalteca-en-florida-1.webp 973w, https:\/\/soymigrante.com\/revista\/wp-content\/uploads\/2025\/03\/lissett-garcia-migrante-guatemalteca-en-florida-1-300x300.jpg 300w, https:\/\/soymigrante.com\/revista\/wp-content\/uploads\/2025\/03\/lissett-garcia-migrante-guatemalteca-en-florida-1-150x150.jpg 150w, https:\/\/soymigrante.com\/revista\/wp-content\/uploads\/2025\/03\/lissett-garcia-migrante-guatemalteca-en-florida-1-768x768.jpg 768w, https:\/\/soymigrante.com\/revista\/wp-content\/uploads\/2025\/03\/lissett-garcia-migrante-guatemalteca-en-florida-1-75x75.webp 75w, https:\/\/soymigrante.com\/revista\/wp-content\/uploads\/2025\/03\/lissett-garcia-migrante-guatemalteca-en-florida-1-750x750.webp 750w\" sizes=\"(max-width: 973px) 100vw, 973px\" \/>\n            <\/div>\n        <\/div><div class=\"eael-entry-wrapper\"><header class=\"eael-entry-header\"><h2 class=\"eael-entry-title\"><a class=\"eael-grid-post-link\" href=\"https:\/\/soymigrante.com\/revista\/lissett-garcia-es-sonrisa-solidaridad-fe-poesia-musica-y-servicio-en-lakeland-florida\/\" title=\"Lissett Garc\u00eda es sonrisa, solidaridad, fe, poes\u00eda, m\u00fasica y servicio en Lakeland, Florida\">Lissett Garc\u00eda es sonrisa, solidaridad, fe, poes\u00eda, m\u00fasica y servicio en Lakeland, Florida<\/a><\/h2><\/header><div class=\"eael-entry-content\">\n                        <div class=\"eael-grid-post-excerpt\"><a href=\"https:\/\/soymigrante.com\/revista\/lissett-garcia-es-sonrisa-solidaridad-fe-poesia-musica-y-servicio-en-lakeland-florida\/\" class=\"eael-post-elements-readmore-btn\">CONOCE SU HISTORIA <\/a><\/div>\n                    <\/div><\/div><\/div>\n        <\/div>\n    <\/article><article class=\"eael-grid-post  eael-post-grid-column eael-pg-post-26587 category-exitos\" data-id=\"26587\">\n        <div class=\"eael-grid-post-holder\">\n            <div class=\"eael-grid-post-holder-inner\"><div class=\"eael-entry-media\"><div class=\"eael-entry-overlay fade-in\"><i class=\"far fa-hand-pointer\" aria-hidden=\"true\"><\/i><a href=\"https:\/\/soymigrante.com\/revista\/carla-esquivel-guatemalteca-defiende-la-dignidad-de-las-trabajadoras-de-casa-en-connecticut\/\"><\/a><\/div><div class=\"eael-entry-thumbnail \">\n                <img loading=\"lazy\" decoding=\"async\" width=\"1024\" height=\"1022\" src=\"https:\/\/soymigrante.com\/revista\/wp-content\/uploads\/2025\/02\/carla-esquivel-1-e1740765756368-1024x1022.jpg\" class=\"attachment-large size-large wp-image-26603\" alt=\"Vendedora con alas de mariposa en protesta frente a la Casa Blanca, representando la comunidad migrante en Estados Unidos. Imagen de activismo y derechos migratorios.\" srcset=\"https:\/\/soymigrante.com\/revista\/wp-content\/uploads\/2025\/02\/carla-esquivel-1-e1740765756368-1024x1022.jpg 1024w, https:\/\/soymigrante.com\/revista\/wp-content\/uploads\/2025\/02\/carla-esquivel-1-e1740765756368-300x300.jpg 300w, https:\/\/soymigrante.com\/revista\/wp-content\/uploads\/2025\/02\/carla-esquivel-1-e1740765756368-150x150.jpg 150w, https:\/\/soymigrante.com\/revista\/wp-content\/uploads\/2025\/02\/carla-esquivel-1-e1740765756368-768x766.jpg 768w, https:\/\/soymigrante.com\/revista\/wp-content\/uploads\/2025\/02\/carla-esquivel-1-e1740765756368-75x75.webp 75w, https:\/\/soymigrante.com\/revista\/wp-content\/uploads\/2025\/02\/carla-esquivel-1-e1740765756368-750x748.webp 750w, https:\/\/soymigrante.com\/revista\/wp-content\/uploads\/2025\/02\/carla-esquivel-1-e1740765756368-1140x1137.webp 1140w, https:\/\/soymigrante.com\/revista\/wp-content\/uploads\/2025\/02\/carla-esquivel-1-e1740765756368.webp 1316w\" sizes=\"(max-width: 1024px) 100vw, 1024px\" \/>\n            <\/div>\n        <\/div><div class=\"eael-entry-wrapper\"><header class=\"eael-entry-header\"><h2 class=\"eael-entry-title\"><a class=\"eael-grid-post-link\" href=\"https:\/\/soymigrante.com\/revista\/carla-esquivel-guatemalteca-defiende-la-dignidad-de-las-trabajadoras-de-casa-en-connecticut\/\" title=\"Carla Esquivel, guatemalteca, defiende la dignidad de las trabajadoras de casa en Connecticut\">Carla Esquivel, guatemalteca, defiende la dignidad de las trabajadoras de casa en Connecticut<\/a><\/h2><\/header><div class=\"eael-entry-content\">\n                        <div class=\"eael-grid-post-excerpt\"><a href=\"https:\/\/soymigrante.com\/revista\/carla-esquivel-guatemalteca-defiende-la-dignidad-de-las-trabajadoras-de-casa-en-connecticut\/\" class=\"eael-post-elements-readmore-btn\">CONOCE SU HISTORIA <\/a><\/div>\n                    <\/div><\/div><\/div>\n        <\/div>\n    <\/article><article class=\"eael-grid-post  eael-post-grid-column eael-pg-post-11983 category-exitos\" data-id=\"11983\">\n        <div class=\"eael-grid-post-holder\">\n            <div class=\"eael-grid-post-holder-inner\"><div class=\"eael-entry-media\"><div class=\"eael-entry-overlay fade-in\"><i class=\"far fa-hand-pointer\" aria-hidden=\"true\"><\/i><a href=\"https:\/\/soymigrante.com\/revista\/cada-guatemalteco-que-pueda-votar-en-usa-cuenta-tiana-ochoa-lider-migrante-en-rhode-island\/\"><\/a><\/div><div class=\"eael-entry-thumbnail \">\n                <img loading=\"lazy\" decoding=\"async\" width=\"960\" height=\"959\" src=\"https:\/\/soymigrante.com\/revista\/wp-content\/uploads\/2024\/11\/tiana-ochoa-lider-migrante-rhode-island-18.webp\" class=\"attachment-large size-large wp-image-11984\" alt=\"Vestido de mujer con estampado azul y negro, sonrisa y accesorios elegantes, en fondo negro.\" srcset=\"https:\/\/soymigrante.com\/revista\/wp-content\/uploads\/2024\/11\/tiana-ochoa-lider-migrante-rhode-island-18.webp 960w, https:\/\/soymigrante.com\/revista\/wp-content\/uploads\/2024\/11\/tiana-ochoa-lider-migrante-rhode-island-18-300x300.webp 300w, https:\/\/soymigrante.com\/revista\/wp-content\/uploads\/2024\/11\/tiana-ochoa-lider-migrante-rhode-island-18-150x150.webp 150w, https:\/\/soymigrante.com\/revista\/wp-content\/uploads\/2024\/11\/tiana-ochoa-lider-migrante-rhode-island-18-768x767.jpg 768w, https:\/\/soymigrante.com\/revista\/wp-content\/uploads\/2024\/11\/tiana-ochoa-lider-migrante-rhode-island-18-75x75.webp 75w, https:\/\/soymigrante.com\/revista\/wp-content\/uploads\/2024\/11\/tiana-ochoa-lider-migrante-rhode-island-18-750x749.webp 750w\" sizes=\"(max-width: 960px) 100vw, 960px\" \/>\n            <\/div>\n        <\/div><div class=\"eael-entry-wrapper\"><header class=\"eael-entry-header\"><h2 class=\"eael-entry-title\"><a class=\"eael-grid-post-link\" href=\"https:\/\/soymigrante.com\/revista\/cada-guatemalteco-que-pueda-votar-en-usa-cuenta-tiana-ochoa-lider-migrante-en-rhode-island\/\" title=\"Tiana Ochoa, l\u00edder migrante en Rhode Island, sirve a la comunidad  hispana, especialmente a la ni\u00f1ez\">Tiana Ochoa, l\u00edder migrante en Rhode Island, sirve a la comunidad  hispana, especialmente a la ni\u00f1ez<\/a><\/h2><\/header><div class=\"eael-entry-content\">\n                        <div class=\"eael-grid-post-excerpt\"><a href=\"https:\/\/soymigrante.com\/revista\/cada-guatemalteco-que-pueda-votar-en-usa-cuenta-tiana-ochoa-lider-migrante-en-rhode-island\/\" class=\"eael-post-elements-readmore-btn\">CONOCE SU HISTORIA <\/a><\/div>\n                    <\/div><\/div><\/div>\n        <\/div>\n    <\/article><\/div>\n            <div class=\"clearfix\"><\/div>\n        <\/div>\t\t\t\t<\/div>\n\t\t\t\t\t<\/div>\n\t\t\t\t<\/div>\n\t\t\t\t<\/div>\n\t\t","protected":false},"excerpt":{"rendered":"<p>Con una trayectoria de m\u00e1s de 15 a\u00f1os en la defensa de derechos laborales y migrantes en Nueva York, el guatemalteco Gustavo Ajch\u00e9, originario de Totonicap\u00e1n, fue premiado por la organizaci\u00f3n que ayud\u00f3 a fundar: Workers Justice Project. &#8220;Este reconocimiento es para todos los trabajadores migrantes que siguen en la lucha por defender os derechos [&hellip;]<\/p>\n","protected":false},"author":7,"featured_media":34013,"comment_status":"open","ping_status":"open","sticky":false,"template":"","format":"standard","meta":{"_acf_changed":false,"_eb_attr":"","footnotes":""},"categories":[54],"tags":[],"class_list":["post-33961","post","type-post","status-publish","format-standard","has-post-thumbnail","hentry","category-estamos-unidos"],"acf":[],"aioseo_notices":[],"aioseo_head":"\n\t\t<!-- All in One SEO Pro 4.9.6.2 - aioseo.com -->\n\t<meta name=\"description\" content=\"Psic\u00f3loga, educadora, trabajadora social y presidenta del Centro Guatemalteco de New England, en Rhode Island, Tiana Ochoa sirve a la comunidad migrante hispana.\" \/>\n\t<meta name=\"robots\" content=\"max-snippet:-1, max-image-preview:large, max-video-preview:-1\" \/>\n\t<meta name=\"author\" content=\"Gustavo Montenegro\"\/>\n\t<link rel=\"canonical\" href=\"https:\/\/soymigrante.com\/revista\/cada-guatemalteco-que-pueda-votar-en-usa-cuenta-tiana-ochoa-lider-migrante-en-rhode-island\/\" \/>\n\t<meta name=\"generator\" content=\"All in One SEO Pro (AIOSEO) 4.9.6.2\" \/>\n\n\t\t<link rel=\"preconnect\" href=\"https:\/\/fonts.googleapis.com\" crossorigin>\n<link rel=\"preconnect\" href=\"https:\/\/fonts.gstatic.com\" crossorigin>\n\t\t<meta property=\"og:locale\" content=\"es_ES\" \/>\n\t\t<meta property=\"og:site_name\" content=\"SoyMigrante.com REVISTA \u2013 Nuestra misi\u00f3n es reconocer y dignificar al migrante.\" \/>\n\t\t<meta property=\"og:type\" content=\"article\" \/>\n\t\t<meta property=\"og:title\" content=\"Tiana Ochoa lidera servicio a guatemaltecos en Rhode Island\" \/>\n\t\t<meta property=\"og:description\" content=\"Psic\u00f3loga, educadora, trabajadora social y presidenta del Centro Guatemalteco de New England, en Rhode Island, Tiana Ochoa sirve a la comunidad migrante hispana.\" \/>\n\t\t<meta property=\"og:url\" content=\"https:\/\/soymigrante.com\/revista\/cada-guatemalteco-que-pueda-votar-en-usa-cuenta-tiana-ochoa-lider-migrante-en-rhode-island\/\" \/>\n\t\t<meta property=\"og:image\" content=\"https:\/\/soymigrante.com\/revista\/wp-content\/uploads\/2024\/11\/tiana-ochoa-lider-migrante-rhode-island-18.webp\" \/>\n\t\t<meta property=\"og:image:secure_url\" content=\"https:\/\/soymigrante.com\/revista\/wp-content\/uploads\/2024\/11\/tiana-ochoa-lider-migrante-rhode-island-18.webp\" \/>\n\t\t<meta property=\"og:image:width\" content=\"960\" \/>\n\t\t<meta property=\"og:image:height\" content=\"959\" \/>\n\t\t<meta property=\"article:published_time\" content=\"2024-11-05T15:00:00+00:00\" \/>\n\t\t<meta property=\"article:modified_time\" content=\"2025-11-02T15:36:05+00:00\" \/>\n\t\t<meta property=\"article:publisher\" content=\"https:\/\/www.facebook.com\/soymigrantecom\" \/>\n\t\t<meta name=\"twitter:card\" content=\"summary_large_image\" \/>\n\t\t<meta name=\"twitter:site\" content=\"@SoyMigrante_com\" \/>\n\t\t<meta name=\"twitter:title\" content=\"Tiana Ochoa lidera servicio a guatemaltecos en Rhode Island\" \/>\n\t\t<meta name=\"twitter:description\" content=\"Psic\u00f3loga, educadora, trabajadora social y presidenta del Centro Guatemalteco de New England, en Rhode Island, Tiana Ochoa sirve a la comunidad migrante hispana.\" \/>\n\t\t<meta name=\"twitter:creator\" content=\"@SoyMigrante_com\" \/>\n\t\t<meta name=\"twitter:image\" content=\"https:\/\/soymigrante.com\/revista\/wp-content\/uploads\/2024\/11\/tiana-ochoa-lider-migrante-rhode-island-18.webp\" \/>\n\t\t<!-- All in One SEO Pro -->\r\n\t\t<title>Tiana Ochoa lidera servicio a guatemaltecos en Rhode Island<\/title>\n\n","aioseo_head_json":{"title":"Tiana Ochoa lidera servicio a guatemaltecos en Rhode Island","description":"Psic\u00f3loga, educadora, trabajadora social y presidenta del Centro Guatemalteco de New England, en Rhode Island, Tiana Ochoa sirve a la comunidad migrante hispana.","canonical_url":"https:\/\/soymigrante.com\/revista\/cada-guatemalteco-que-pueda-votar-en-usa-cuenta-tiana-ochoa-lider-migrante-en-rhode-island\/","robots":"max-snippet:-1, max-image-preview:large, max-video-preview:-1","keywords":"","webmasterTools":{"miscellaneous":"&lt;link rel=\"preconnect\" href=\"https:\/\/fonts.googleapis.com\" crossorigin&gt;\n&lt;link rel=\"preconnect\" href=\"https:\/\/fonts.gstatic.com\" crossorigin&gt;"},"schema":null,"og:locale":"es_ES","og:site_name":"SoyMigrante.com REVISTA \u2013 Nuestra misi\u00f3n es reconocer y dignificar al migrante.","og:type":"article","og:title":"Tiana Ochoa lidera servicio a guatemaltecos en Rhode Island","og:description":"Psic\u00f3loga, educadora, trabajadora social y presidenta del Centro Guatemalteco de New England, en Rhode Island, Tiana Ochoa sirve a la comunidad migrante hispana.","og:url":"https:\/\/soymigrante.com\/revista\/cada-guatemalteco-que-pueda-votar-en-usa-cuenta-tiana-ochoa-lider-migrante-en-rhode-island\/","og:image":"https:\/\/soymigrante.com\/revista\/wp-content\/uploads\/2024\/11\/tiana-ochoa-lider-migrante-rhode-island-18.webp","og:image:secure_url":"https:\/\/soymigrante.com\/revista\/wp-content\/uploads\/2024\/11\/tiana-ochoa-lider-migrante-rhode-island-18.webp","og:image:width":960,"og:image:height":959,"article:published_time":"2024-11-05T15:00:00+00:00","article:modified_time":"2025-11-02T15:36:05+00:00","article:publisher":"https:\/\/www.facebook.com\/soymigrantecom","twitter:card":"summary_large_image","twitter:site":"@SoyMigrante_com","twitter:title":"Tiana Ochoa lidera servicio a guatemaltecos en Rhode Island","twitter:description":"Psic\u00f3loga, educadora, trabajadora social y presidenta del Centro Guatemalteco de New England, en Rhode Island, Tiana Ochoa sirve a la comunidad migrante hispana.","twitter:creator":"@SoyMigrante_com","twitter:image":"https:\/\/soymigrante.com\/revista\/wp-content\/uploads\/2024\/11\/tiana-ochoa-lider-migrante-rhode-island-18.webp"},"aioseo_meta_data":{"post_id":"33961","title":"L\u00edder guatemalteco Gustavo Ajch\u00e9 recibe reconocimiento en NY","description":"Gustavo Ajch\u00e9 es confundador de organizaciones de defensa de derechos laborales. \"Empezamos con una carpa que se llev\u00f3 el hurac\u00e1n\". Esta es la historia","keywords":null,"keyphrases":{"focus":{"keyphrase":"Guatemalteco","score":91,"analysis":{"keyphraseInTitle":{"score":9,"maxScore":9,"error":0},"keyphraseInDescription":{"score":3,"maxScore":9,"error":1},"keyphraseLength":{"score":9,"maxScore":9,"error":0,"length":1},"keyphraseInURL":{"score":5,"maxScore":5,"error":0},"keyphraseInIntroduction":{"score":9,"maxScore":9,"error":0},"keyphraseInSubHeadings":{"score":9,"maxScore":9,"error":0},"keyphraseInImageAlt":{"score":9,"maxScore":9,"error":0},"keywordDensity":{"type":"best","score":9,"maxScore":9,"error":0}}},"additional":[]},"primary_term":null,"canonical_url":null,"og_title":null,"og_description":null,"og_object_type":"default","og_image_type":"default","og_image_url":null,"og_image_width":null,"og_image_height":null,"og_image_custom_url":null,"og_image_custom_fields":null,"og_video":"","og_custom_url":null,"og_article_section":null,"og_article_tags":null,"twitter_use_og":false,"twitter_card":"default","twitter_image_type":"default","twitter_image_url":null,"twitter_image_custom_url":null,"twitter_image_custom_fields":null,"twitter_title":null,"twitter_description":null,"schema":{"blockGraphs":[],"customGraphs":[],"default":{"data":{"Article":[],"Course":[],"Dataset":[],"FAQPage":[],"Movie":[],"Person":[],"Product":[],"ProductReview":[],"Car":[],"Recipe":[],"Service":[],"SoftwareApplication":[],"WebPage":[]},"graphName":"none","isEnabled":true},"graphs":[]},"schema_type":"default","schema_type_options":null,"pillar_content":false,"robots_default":true,"robots_noindex":false,"robots_noarchive":false,"robots_nosnippet":false,"robots_nofollow":false,"robots_noimageindex":false,"robots_noodp":false,"robots_notranslate":false,"robots_max_snippet":"-1","robots_max_videopreview":"-1","robots_max_imagepreview":"large","priority":null,"frequency":"default","local_seo":null,"seo_analyzer_scan_date":"2025-10-09 05:18:13","breadcrumb_settings":null,"limit_modified_date":false,"reviewed_by":null,"open_ai":"{\"title\":{\"suggestions\":[],\"usage\":0},\"description\":{\"suggestions\":[],\"usage\":0}}","ai":null,"created":"2025-05-20 17:29:02","updated":"2026-02-04 23:43:55"},"aioseo_breadcrumb":"<div class=\"aioseo-breadcrumbs\"><span class=\"aioseo-breadcrumb\">\n\t<a href=\"https:\/\/soymigrante.com\/revista\" title=\"Home\">Home<\/a>\n<\/span><span class=\"aioseo-breadcrumb-separator\">\u00bb<\/span><span class=\"aioseo-breadcrumb\">\n\t<a href=\"https:\/\/soymigrante.com\/revista\/category\/estamos-unidos\/\" title=\"Estamos Unidos\">Estamos Unidos<\/a>\n<\/span><span class=\"aioseo-breadcrumb-separator\">\u00bb<\/span><span class=\"aioseo-breadcrumb\">\n\tL\u00edder obrero guatemalteco Gustavo Ajch\u00e9 recibe reconocimiento por su labor en New York\n<\/span><\/div>","aioseo_breadcrumb_json":[{"label":"Home","link":"https:\/\/soymigrante.com\/revista"},{"label":"Estamos Unidos","link":"https:\/\/soymigrante.com\/revista\/category\/estamos-unidos\/"},{"label":"L\u00edder obrero guatemalteco Gustavo Ajch\u00e9 recibe reconocimiento por su labor en New York","link":"https:\/\/soymigrante.com\/revista\/lider-obrero-guatemalteco-gustavo-ajche-recibe-reconocimiento-por-su-labor-en-new-york\/"}],"_links":{"self":[{"href":"https:\/\/soymigrante.com\/revista\/wp-json\/wp\/v2\/posts\/33961","targetHints":{"allow":["GET"]}}],"collection":[{"href":"https:\/\/soymigrante.com\/revista\/wp-json\/wp\/v2\/posts"}],"about":[{"href":"https:\/\/soymigrante.com\/revista\/wp-json\/wp\/v2\/types\/post"}],"author":[{"embeddable":true,"href":"https:\/\/soymigrante.com\/revista\/wp-json\/wp\/v2\/users\/7"}],"replies":[{"embeddable":true,"href":"https:\/\/soymigrante.com\/revista\/wp-json\/wp\/v2\/comments?post=33961"}],"version-history":[{"count":18,"href":"https:\/\/soymigrante.com\/revista\/wp-json\/wp\/v2\/posts\/33961\/revisions"}],"predecessor-version":[{"id":34051,"href":"https:\/\/soymigrante.com\/revista\/wp-json\/wp\/v2\/posts\/33961\/revisions\/34051"}],"wp:featuredmedia":[{"embeddable":true,"href":"https:\/\/soymigrante.com\/revista\/wp-json\/wp\/v2\/media\/34013"}],"wp:attachment":[{"href":"https:\/\/soymigrante.com\/revista\/wp-json\/wp\/v2\/media?parent=33961"}],"wp:term":[{"taxonomy":"category","embeddable":true,"href":"https:\/\/soymigrante.com\/revista\/wp-json\/wp\/v2\/categories?post=33961"},{"taxonomy":"post_tag","embeddable":true,"href":"https:\/\/soymigrante.com\/revista\/wp-json\/wp\/v2\/tags?post=33961"}],"curies":[{"name":"wp","href":"https:\/\/api.w.org\/{rel}","templated":true}]}}