{"id":3396,"date":"2026-02-11T09:31:32","date_gmt":"2026-02-11T15:31:32","guid":{"rendered":"https:\/\/soymigrante.com\/revista\/?p=3396"},"modified":"2026-02-11T09:35:28","modified_gmt":"2026-02-11T15:35:28","slug":"simbolos-patrios-8-datos-de-la-monja-blanca-que-tal-vez-ya-conocias-o-quiza-no","status":"publish","type":"post","link":"https:\/\/soymigrante.com\/revista\/simbolos-patrios-8-datos-de-la-monja-blanca-que-tal-vez-ya-conocias-o-quiza-no\/","title":{"rendered":"\u00bfPor qu\u00e9 el 11 de febrero es el d\u00eda de la Monja Blanca, S\u00edmbolo Nacional de Guatemala?"},"content":{"rendered":"\t\t<div data-elementor-type=\"wp-post\" data-elementor-id=\"3396\" class=\"elementor elementor-3396\" data-elementor-post-type=\"post\">\n\t\t\t\t\t\t<section data-particle_enable=\"false\" data-particle-mobile-disabled=\"false\" class=\"elementor-section elementor-top-section elementor-element elementor-element-ff0fb6c elementor-section-boxed elementor-section-height-default elementor-section-height-default\" data-id=\"ff0fb6c\" data-element_type=\"section\" data-e-type=\"section\">\n\t\t\t\t\t\t<div class=\"elementor-container elementor-column-gap-default\">\n\t\t\t\t\t<div class=\"elementor-column elementor-col-100 elementor-top-column elementor-element elementor-element-0bbc3ab\" data-id=\"0bbc3ab\" data-element_type=\"column\" data-e-type=\"column\">\n\t\t\t<div class=\"elementor-widget-wrap elementor-element-populated\">\n\t\t\t\t\t\t<div class=\"elementor-element elementor-element-302e7eb elementor-widget elementor-widget-heading\" data-id=\"302e7eb\" data-element_type=\"widget\" data-e-type=\"widget\" data-widget_type=\"heading.default\">\n\t\t\t\t\t<h2 class=\"elementor-heading-title elementor-size-default\">\u00bfSab\u00edas que la Monja Blanca estuvo pr\u00e1cticamente extinta durante 21 a\u00f1os por la destrucci\u00f3n de los bosques? \u00bfPor qu\u00e9 se llama as\u00ed a esta orqu\u00eddea? \u00bfQui\u00e9n la propuso como Flor Nacional o S\u00edmbolo Patrio de Guatemala?   Todo guatemalteco debe conocer la respuesta.  <\/h2>\t\t\t\t<\/div>\n\t\t\t\t<div class=\"elementor-element elementor-element-251f594 elementor-widget elementor-widget-html\" data-id=\"251f594\" data-element_type=\"widget\" data-e-type=\"widget\" data-widget_type=\"html.default\">\n\t\t\t\t\t<div id=\"buzzsprout-player-17785051\"><\/div><script src=\"https:\/\/www.buzzsprout.com\/2444168\/episodes\/17785051-asi-se-convirtio-la-monja-blanca-en-simbolo-nacional-de-guatemala.js?container_id=buzzsprout-player-17785051&player=small\" type=\"text\/javascript\" charset=\"utf-8\"><\/script>\t\t\t\t<\/div>\n\t\t\t\t\t<\/div>\n\t\t<\/div>\n\t\t\t\t\t<\/div>\n\t\t<\/section>\n\t\t\t\t<section data-particle_enable=\"false\" data-particle-mobile-disabled=\"false\" class=\"elementor-section elementor-top-section elementor-element elementor-element-10d773f elementor-section-boxed elementor-section-height-default elementor-section-height-default\" data-id=\"10d773f\" data-element_type=\"section\" data-e-type=\"section\">\n\t\t\t\t\t\t<div class=\"elementor-container elementor-column-gap-default\">\n\t\t\t\t\t<div class=\"elementor-column elementor-col-100 elementor-top-column elementor-element elementor-element-e8305b6\" data-id=\"e8305b6\" data-element_type=\"column\" data-e-type=\"column\">\n\t\t\t<div class=\"elementor-widget-wrap elementor-element-populated\">\n\t\t\t\t\t\t<div class=\"elementor-element elementor-element-215c168 elementor-widget elementor-widget-text-editor\" data-id=\"215c168\" data-element_type=\"widget\" data-e-type=\"widget\" data-widget_type=\"text-editor.default\">\n\t\t\t\t\t\t\t\t\t<p>La Monja Blanca de Guatemala es sencillamente bell\u00edsima. Fascinante. Y s\u00ed, a pesar de esa belleza, estuvo pr\u00e1cticamente extinta en su h\u00e1bitat natural en las monta\u00f1as de <a href=\"https:\/\/soymigrante.com\/revista\/departamentos-de-guatemala-alta-verapaz-mosaico-cultural-y-natural\/\">Alta Verapaz<\/a>. Fue rescatada gracias a la ciencia y la paciencia del bot\u00e1nico guatemalteco Fredy Archila, quien con mucha dedicaci\u00f3n, tiempo y amor a las ra\u00edces guatemaltecas consigui\u00f3 tal logro.<\/p><p><b style=\"color: var( --e-global-color-text );\">Agradecemos la colaboraci\u00f3n del bot\u00e1nico Fredy Archila en la realizaci\u00f3n de este art\u00edculo que forma parte de la serie <a href=\"https:\/\/soymigrante.com\/revista\/category\/guate-nuestra\/simbolos-patrios-guate-nuestra\/\">S\u00edmbolos Patrios de Guatemala.<\/a><\/b><\/p>\t\t\t\t\t\t\t\t<\/div>\n\t\t\t\t\t<\/div>\n\t\t<\/div>\n\t\t\t\t\t<\/div>\n\t\t<\/section>\n\t\t<div data-particle_enable=\"false\" data-particle-mobile-disabled=\"false\" class=\"elementor-element elementor-element-e242b02 e-flex e-con-boxed e-con e-parent\" data-id=\"e242b02\" data-element_type=\"container\" data-e-type=\"container\">\n\t\t\t\t\t<div class=\"e-con-inner\">\n\t\t\t\t<div class=\"elementor-element elementor-element-da4b068 elementor-widget elementor-widget-heading\" data-id=\"da4b068\" data-element_type=\"widget\" data-e-type=\"widget\" data-widget_type=\"heading.default\">\n\t\t\t\t\t<h3 class=\"elementor-heading-title elementor-size-default\">\u00bfEn qu\u00e9 fecha es el D\u00eda de la Monja Blanca de Guatemala o Flor Nacional de Guatemala?<\/h3>\t\t\t\t<\/div>\n\t\t\t\t\t<\/div>\n\t\t\t\t<\/div>\n\t\t<div data-particle_enable=\"false\" data-particle-mobile-disabled=\"false\" class=\"elementor-element elementor-element-df66a70 e-flex e-con-boxed e-con e-parent\" data-id=\"df66a70\" data-element_type=\"container\" data-e-type=\"container\">\n\t\t\t\t\t<div class=\"e-con-inner\">\n\t\t\t\t<div class=\"elementor-element elementor-element-1263311 elementor-widget elementor-widget-text-editor\" data-id=\"1263311\" data-element_type=\"widget\" data-e-type=\"widget\" data-widget_type=\"text-editor.default\">\n\t\t\t\t\t\t\t\t\t<p style=\"font-style: normal; font-variant-ligatures: normal; font-variant-caps: normal; font-weight: 400; font-size: 16px; font-family: Roboto, sans-serif;\">La Monja Blanca de Guatemala es una fascinante orqu\u00eddea originaria de las monta\u00f1as de la regi\u00f3n de Alta Verapaz. Curiosamente, se le destac\u00f3 primero fuera de Guatemala y posterior a eso vino la propuesta para declararla\u00a0<span style=\"font-family: Roboto, sans-serif; font-size: 16px; font-style: normal; font-variant-ligatures: normal; font-variant-caps: normal; font-weight: 400; color: var( --e-global-color-text ); text-align: var(--text-align);\">flor nacional.\u00a0\u00a0<\/span><\/p><p style=\"font-style: normal; font-variant-ligatures: normal; font-variant-caps: normal; font-weight: 400; font-size: 16px; font-family: Roboto, sans-serif;\"><span style=\"font-family: Roboto, sans-serif; font-size: 16px; font-style: normal; font-variant-ligatures: normal; font-variant-caps: normal; font-weight: 400; color: var( --e-global-color-text ); text-align: var(--text-align);\">El 11 de febrero de 1934 el presidente Jorge Ubico Casta\u00f1eda oficializ\u00f3 la designaci\u00f3n de la Monja Blanca como Flor Nacional de Guatemala y en este d\u00eda qued\u00f3 asentada su conmemoraci\u00f3n.<\/span><\/p>\t\t\t\t\t\t\t\t<\/div>\n\t\t\t\t\t<\/div>\n\t\t\t\t<\/div>\n\t\t\t\t<section data-particle_enable=\"false\" data-particle-mobile-disabled=\"false\" class=\"elementor-section elementor-top-section elementor-element elementor-element-9b8abf2 elementor-section-boxed elementor-section-height-default elementor-section-height-default\" data-id=\"9b8abf2\" data-element_type=\"section\" data-e-type=\"section\">\n\t\t\t\t\t\t<div class=\"elementor-container elementor-column-gap-default\">\n\t\t\t\t\t<div class=\"elementor-column elementor-col-100 elementor-top-column elementor-element elementor-element-7b1ca62\" data-id=\"7b1ca62\" data-element_type=\"column\" data-e-type=\"column\">\n\t\t\t<div class=\"elementor-widget-wrap elementor-element-populated\">\n\t\t\t\t\t\t<div class=\"elementor-element elementor-element-1fb617a elementor-widget elementor-widget-facebook-embed\" data-id=\"1fb617a\" data-element_type=\"widget\" data-e-type=\"widget\" data-widget_type=\"facebook-embed.default\">\n\t\t\t\t\t<div style=\"min-height: 1px\" class=\"elementor-facebook-widget fb-post\" data-href=\"https:\/\/www.facebook.com\/100064358004579\/videos\/950793385601997\" data-show-text=\"false\"><\/div>\t\t\t\t<\/div>\n\t\t\t\t\t<\/div>\n\t\t<\/div>\n\t\t\t\t\t<\/div>\n\t\t<\/section>\n\t\t\t\t<section data-particle_enable=\"false\" data-particle-mobile-disabled=\"false\" class=\"elementor-section elementor-top-section elementor-element elementor-element-96a179b elementor-section-boxed elementor-section-height-default elementor-section-height-default\" data-id=\"96a179b\" data-element_type=\"section\" data-e-type=\"section\">\n\t\t\t\t\t\t<div class=\"elementor-container elementor-column-gap-default\">\n\t\t\t\t\t<div class=\"elementor-column elementor-col-100 elementor-top-column elementor-element elementor-element-cd18cd1\" data-id=\"cd18cd1\" data-element_type=\"column\" data-e-type=\"column\">\n\t\t\t<div class=\"elementor-widget-wrap elementor-element-populated\">\n\t\t\t\t\t\t<div class=\"elementor-element elementor-element-d3ef276 elementor-widget elementor-widget-heading\" data-id=\"d3ef276\" data-element_type=\"widget\" data-e-type=\"widget\" data-widget_type=\"heading.default\">\n\t\t\t\t\t<h3 class=\"elementor-heading-title elementor-size-default\">\u00bfDe qui\u00e9n fue la idea de declarar a la Monja Blanca como Flor Nacional o S\u00edmbolo Nacional de Guatemala?<\/h3>\t\t\t\t<\/div>\n\t\t\t\t\t<\/div>\n\t\t<\/div>\n\t\t\t\t\t<\/div>\n\t\t<\/section>\n\t\t\t\t<section data-particle_enable=\"false\" data-particle-mobile-disabled=\"false\" class=\"elementor-section elementor-top-section elementor-element elementor-element-a9376d5 elementor-section-boxed elementor-section-height-default elementor-section-height-default\" data-id=\"a9376d5\" data-element_type=\"section\" data-e-type=\"section\">\n\t\t\t\t\t\t<div class=\"elementor-container elementor-column-gap-default\">\n\t\t\t\t\t<div class=\"elementor-column elementor-col-100 elementor-top-column elementor-element elementor-element-6e6c0e1\" data-id=\"6e6c0e1\" data-element_type=\"column\" data-e-type=\"column\">\n\t\t\t<div class=\"elementor-widget-wrap elementor-element-populated\">\n\t\t\t\t\t\t<div class=\"elementor-element elementor-element-3398664 elementor-widget elementor-widget-text-editor\" data-id=\"3398664\" data-element_type=\"widget\" data-e-type=\"widget\" data-widget_type=\"text-editor.default\">\n\t\t\t\t\t\t\t\t\t<p>Con frecuencia se afirma que la propuesta de declarar Flor Nacional a la Monja Blanca fue del bot\u00e1nico Ulises Rojas. No es as\u00ed.\u00a0 La iniciativa surgi\u00f3 de Leticia Southerland, presidenta de la Exposici\u00f3n Internacional de Flores celebrada en Miami Beach, Florida en 1933. Ella envi\u00f3 la sugerencia al gobierno de Guatemala presidido por Jorge Ubico, quien a su vez consult\u00f3 a bot\u00e1nicos locales, entre ellos Rojas, pero tambi\u00e9n Mariano Pacheco H.\u00a0<\/p><p>As\u00ed tambi\u00e9n se pidi\u00f3 opini\u00f3n a la Biblioteca Nacional de aquel entonces y a la Sociedad de Geograf\u00eda e Historia, seg\u00fan se indica en los fundamentos de una <a href=\"https:\/\/www.congreso.gob.gt\/assets\/uploads\/info_legislativo\/iniciativas\/1524766022_5295.pdf\">iniciativa del Congreso<\/a> para declarar a la Monja Blanca como Patrimonio Cultural de la Naci\u00f3n.<\/p>\t\t\t\t\t\t\t\t<\/div>\n\t\t\t\t\t<\/div>\n\t\t<\/div>\n\t\t\t\t\t<\/div>\n\t\t<\/section>\n\t\t\t\t<section data-particle_enable=\"false\" data-particle-mobile-disabled=\"false\" class=\"elementor-section elementor-top-section elementor-element elementor-element-49808ec elementor-section-boxed elementor-section-height-default elementor-section-height-default\" data-id=\"49808ec\" data-element_type=\"section\" data-e-type=\"section\">\n\t\t\t\t\t\t<div class=\"elementor-container elementor-column-gap-default\">\n\t\t\t\t\t<div class=\"elementor-column elementor-col-100 elementor-top-column elementor-element elementor-element-1d7e7d8\" data-id=\"1d7e7d8\" data-element_type=\"column\" data-e-type=\"column\">\n\t\t\t<div class=\"elementor-widget-wrap elementor-element-populated\">\n\t\t\t\t\t\t<div class=\"elementor-element elementor-element-a133265 elementor-widget elementor-widget-heading\" data-id=\"a133265\" data-element_type=\"widget\" data-e-type=\"widget\" data-widget_type=\"heading.default\">\n\t\t\t\t\t<h3 class=\"elementor-heading-title elementor-size-default\">\u00bfPor qu\u00e9 es blanca la Monja Blanca? <\/h3>\t\t\t\t<\/div>\n\t\t\t\t\t<\/div>\n\t\t<\/div>\n\t\t\t\t\t<\/div>\n\t\t<\/section>\n\t\t\t\t<section data-particle_enable=\"false\" data-particle-mobile-disabled=\"false\" class=\"elementor-section elementor-top-section elementor-element elementor-element-026a51c elementor-section-boxed elementor-section-height-default elementor-section-height-default\" data-id=\"026a51c\" data-element_type=\"section\" data-e-type=\"section\">\n\t\t\t\t\t\t<div class=\"elementor-container elementor-column-gap-default\">\n\t\t\t\t\t<div class=\"elementor-column elementor-col-100 elementor-top-column elementor-element elementor-element-24e32eb\" data-id=\"24e32eb\" data-element_type=\"column\" data-e-type=\"column\">\n\t\t\t<div class=\"elementor-widget-wrap elementor-element-populated\">\n\t\t\t\t\t\t<div class=\"elementor-element elementor-element-9eb20c3 elementor-widget elementor-widget-text-editor\" data-id=\"9eb20c3\" data-element_type=\"widget\" data-e-type=\"widget\" data-widget_type=\"text-editor.default\">\n\t\t\t\t\t\t\t\t\t<p><span style=\"color: var( --e-global-color-text );\">La Monja Blanca es una forma semialbina de la especie Lycaste virginalis (nombre cient\u00edfico) que normalmente presenta flores con tonos rosados o viol\u00e1ceos. Se le considera semialbina porque conserva un toque de color amarillo en el centro de la flor.\u00a0<\/span><\/p><p><span style=\"color: var( --e-global-color-text );\">Su albura, es decir, su falta de color, se debe a la ausencia de un gen responsable de la s\u00edntesis del pigmento denominado antocianina, que le da el color rosado a otras variedades.<\/span><\/p>\t\t\t\t\t\t\t\t<\/div>\n\t\t\t\t\t<\/div>\n\t\t<\/div>\n\t\t\t\t\t<\/div>\n\t\t<\/section>\n\t\t\t\t<section data-particle_enable=\"false\" data-particle-mobile-disabled=\"false\" class=\"elementor-section elementor-top-section elementor-element elementor-element-0f36ed9 elementor-section-boxed elementor-section-height-default elementor-section-height-default\" data-id=\"0f36ed9\" data-element_type=\"section\" data-e-type=\"section\">\n\t\t\t\t\t\t<div class=\"elementor-container elementor-column-gap-default\">\n\t\t\t\t\t<div class=\"elementor-column elementor-col-100 elementor-top-column elementor-element elementor-element-396eae7\" data-id=\"396eae7\" data-element_type=\"column\" data-e-type=\"column\">\n\t\t\t<div class=\"elementor-widget-wrap elementor-element-populated\">\n\t\t\t\t\t\t<div class=\"elementor-element elementor-element-6a25d54 elementor-widget elementor-widget-image\" data-id=\"6a25d54\" data-element_type=\"widget\" data-e-type=\"widget\" data-widget_type=\"image.default\">\n\t\t\t\t\t\t\t\t\t\t\t\t<figure class=\"wp-caption\">\n\t\t\t\t\t\t\t\t\t\t<img fetchpriority=\"high\" decoding=\"async\" width=\"1080\" height=\"1440\" src=\"https:\/\/soymigrante.com\/revista\/wp-content\/uploads\/2023\/11\/monja-blanca-aaoo.webp\" class=\"attachment-newsy_1140x0 size-newsy_1140x0 wp-image-3399\" alt=\"En la reciente exposici\u00f3n de la Asociaci\u00f3n Altaverapacense de Orquideolog\u00eda, se exhibieron hermosos ejemplares de la Monja Blanca. (Fotograf\u00eda Facebook de la AAO para prop\u00f3sitos educativos)\" srcset=\"https:\/\/soymigrante.com\/revista\/wp-content\/uploads\/2023\/11\/monja-blanca-aaoo.webp 1080w, https:\/\/soymigrante.com\/revista\/wp-content\/uploads\/2023\/11\/monja-blanca-aaoo-225x300.webp 225w, https:\/\/soymigrante.com\/revista\/wp-content\/uploads\/2023\/11\/monja-blanca-aaoo-768x1024.webp 768w, https:\/\/soymigrante.com\/revista\/wp-content\/uploads\/2023\/11\/monja-blanca-aaoo-750x1000.webp 750w\" sizes=\"(max-width: 1080px) 100vw, 1080px\" title=\"En la reciente exposici\u00f3n de la Asociaci\u00f3n Altaverapacense de Orquideolog\u00eda, se exhibieron hermosos ejemplares de la Monja Blanca. (Fotograf\u00eda Facebook de la AAO para prop\u00f3sitos educativos) \u2013 SoyMigrante.com REVISTA\" \/>\t\t\t\t\t\t\t\t\t\t\t<figcaption class=\"widget-image-caption wp-caption-text\">En la reciente exposici\u00f3n de la Asociaci\u00f3n Altaverapacense de Orquideolog\u00eda, se exhibieron hermosos ejemplares de la Monja Blanca. (Fotograf\u00eda Facebook de la AAO para prop\u00f3sitos educativos)<\/figcaption>\n\t\t\t\t\t\t\t\t\t\t<\/figure>\n\t\t\t\t\t\t\t\t\t<\/div>\n\t\t\t\t\t<\/div>\n\t\t<\/div>\n\t\t\t\t\t<\/div>\n\t\t<\/section>\n\t\t<div data-particle_enable=\"false\" data-particle-mobile-disabled=\"false\" class=\"elementor-element elementor-element-5cf82c2 e-flex e-con-boxed e-con e-parent\" data-id=\"5cf82c2\" data-element_type=\"container\" data-e-type=\"container\">\n\t\t\t\t\t<div class=\"e-con-inner\">\n\t\t\t\t<div class=\"elementor-element elementor-element-2b0225e elementor-widget elementor-widget-heading\" data-id=\"2b0225e\" data-element_type=\"widget\" data-e-type=\"widget\" data-widget_type=\"heading.default\">\n\t\t\t\t\t<h3 class=\"elementor-heading-title elementor-size-default\">\u00bfEs cierto que la Monja Blanca estuvo extinta (pero ya no)? <\/h3>\t\t\t\t<\/div>\n\t\t\t\t\t<\/div>\n\t\t\t\t<\/div>\n\t\t<div data-particle_enable=\"false\" data-particle-mobile-disabled=\"false\" class=\"elementor-element elementor-element-b610fa0 e-flex e-con-boxed e-con e-parent\" data-id=\"b610fa0\" data-element_type=\"container\" data-e-type=\"container\">\n\t\t\t\t\t<div class=\"e-con-inner\">\n\t\t\t\t<div class=\"elementor-element elementor-element-c9b077d elementor-widget elementor-widget-text-editor\" data-id=\"c9b077d\" data-element_type=\"widget\" data-e-type=\"widget\" data-widget_type=\"text-editor.default\">\n\t\t\t\t\t\t\t\t\t<p><span style=\"color: var( --e-global-color-text );\">La Monja Blanca tradicionalmente florec\u00eda de manera natural en bosques nubosos de Alta Verapaz desde tiempos ancestrales. El mayor da\u00f1o lo ha hecho la destrucci\u00f3n de la cobertura forestal por tala de \u00e1rboles y quemas irresponsables.\u00a0 A principios del siglo 20 todav\u00eda hab\u00eda reportes de su hallazgo, en forma silvestre, en \u00e1reas monta\u00f1osas de\u00a0<a href=\"https:\/\/soymigrante.com\/revista\/departamentos-de-guatemala-alta-verapaz-mosaico-cultural-y-natural\/\">Alta Verapaz<\/a> y <a href=\"https:\/\/soymigrante.com\/revista\/baja-verapaz-tierra-de-trabajo-del-gran-rabinal-achi-y-el-salto-de-chilasco\/\">Baja Verapaz<\/a> y tambi\u00e9n en<a href=\"https:\/\/soymigrante.com\/revista\/departamentos-de-guatemala-quiche-tierra-de-rios-arboles-montanas-y-el-popol-vuh\/\"> Quich\u00e9<\/a>.\u00a0 Tambi\u00e9n se vio afectada por la extracci\u00f3n de plantas para su comercializaci\u00f3n.<\/span><\/p><p><span style=\"color: var( --e-global-color-text );\">Seg\u00fan documenta el agr\u00f3nomo, investigador y bot\u00e1nico Fredy Archila, la Monja Blanca estuvo extinta durante 21 a\u00f1os. Gracias a su trabajo y a la estaci\u00f3n experimental de orqu\u00eddeas de la familia Archila, tambi\u00e9n conocida como Archilarium, en el 2017 lograron que la m\u00e1xima joya del bosque guatemalteco, nuestra Monja Blanca floreciera de nuevo en la naturaleza<\/span><\/p>\t\t\t\t\t\t\t\t<\/div>\n\t\t\t\t\t<\/div>\n\t\t\t\t<\/div>\n\t\t\t\t<section data-particle_enable=\"false\" data-particle-mobile-disabled=\"false\" class=\"elementor-section elementor-top-section elementor-element elementor-element-a4b2c91 elementor-section-boxed elementor-section-height-default elementor-section-height-default\" data-id=\"a4b2c91\" data-element_type=\"section\" data-e-type=\"section\">\n\t\t\t\t\t\t<div class=\"elementor-container elementor-column-gap-default\">\n\t\t\t\t\t<div class=\"elementor-column elementor-col-100 elementor-top-column elementor-element elementor-element-0129bdd\" data-id=\"0129bdd\" data-element_type=\"column\" data-e-type=\"column\">\n\t\t\t<div class=\"elementor-widget-wrap elementor-element-populated\">\n\t\t\t\t\t\t<div class=\"elementor-element elementor-element-ce78897 elementor-widget elementor-widget-heading\" data-id=\"ce78897\" data-element_type=\"widget\" data-e-type=\"widget\" data-widget_type=\"heading.default\">\n\t\t\t\t\t<h3 class=\"elementor-heading-title elementor-size-default\">\u00bfC\u00f3mo es el nombre cient\u00edfico de la Monja Blanca?<\/h3>\t\t\t\t<\/div>\n\t\t\t\t\t<\/div>\n\t\t<\/div>\n\t\t\t\t\t<\/div>\n\t\t<\/section>\n\t\t\t\t<section data-particle_enable=\"false\" data-particle-mobile-disabled=\"false\" class=\"elementor-section elementor-top-section elementor-element elementor-element-4ace5be elementor-section-boxed elementor-section-height-default elementor-section-height-default\" data-id=\"4ace5be\" data-element_type=\"section\" data-e-type=\"section\">\n\t\t\t\t\t\t<div class=\"elementor-container elementor-column-gap-default\">\n\t\t\t\t\t<div class=\"elementor-column elementor-col-100 elementor-top-column elementor-element elementor-element-fc01ed8\" data-id=\"fc01ed8\" data-element_type=\"column\" data-e-type=\"column\">\n\t\t\t<div class=\"elementor-widget-wrap elementor-element-populated\">\n\t\t\t\t\t\t<div class=\"elementor-element elementor-element-1160ee3 elementor-widget elementor-widget-text-editor\" data-id=\"1160ee3\" data-element_type=\"widget\" data-e-type=\"widget\" data-widget_type=\"text-editor.default\">\n\t\t\t\t\t\t\t\t\t<p><span style=\"color: var( --e-global-color-text );\">El nombre cient\u00edfico completo de la Monja Blanca es Lycaste virginalis forma alba (B.S. Williams) Archila &amp; Chiron. El apellido Archila es en honor al cient\u00edfico y bot\u00e1nico guatemalteco Fredy Achila, quien en 1992 comenz\u00f3 a investigar la forma de posibilitar su reproducci\u00f3n en laboratorio pues hab\u00eda desaparecido de los entornos naturales donde crec\u00eda.<\/span><\/p>\t\t\t\t\t\t\t\t<\/div>\n\t\t\t\t\t<\/div>\n\t\t<\/div>\n\t\t\t\t\t<\/div>\n\t\t<\/section>\n\t\t\t\t<section data-particle_enable=\"false\" data-particle-mobile-disabled=\"false\" class=\"elementor-section elementor-top-section elementor-element elementor-element-86e9fe3 elementor-section-boxed elementor-section-height-default elementor-section-height-default\" data-id=\"86e9fe3\" data-element_type=\"section\" data-e-type=\"section\">\n\t\t\t\t\t\t<div class=\"elementor-container elementor-column-gap-default\">\n\t\t\t\t\t<div class=\"elementor-column elementor-col-100 elementor-top-column elementor-element elementor-element-2995c07\" data-id=\"2995c07\" data-element_type=\"column\" data-e-type=\"column\">\n\t\t\t<div class=\"elementor-widget-wrap elementor-element-populated\">\n\t\t\t\t\t\t<div class=\"elementor-element elementor-element-1d1246a elementor-widget elementor-widget-image\" data-id=\"1d1246a\" data-element_type=\"widget\" data-e-type=\"widget\" data-widget_type=\"image.default\">\n\t\t\t\t\t\t\t\t\t\t\t\t<figure class=\"wp-caption\">\n\t\t\t\t\t\t\t\t\t\t<img decoding=\"async\" width=\"928\" height=\"485\" src=\"https:\/\/soymigrante.com\/revista\/wp-content\/uploads\/2023\/11\/achilarium-6.webp\" class=\"attachment-newsy_1140x0 size-newsy_1140x0 wp-image-3407\" alt=\"Gracias al trabajo y perseverancia de Fredy Archila, se logr\u00f3 la reproducci\u00f3n de la Monja Blanca y su posterior reintroducci\u00f3n a espacios naturales. (Fotograf\u00eda Archilarium)\" srcset=\"https:\/\/soymigrante.com\/revista\/wp-content\/uploads\/2023\/11\/achilarium-6.webp 928w, https:\/\/soymigrante.com\/revista\/wp-content\/uploads\/2023\/11\/achilarium-6-300x157.webp 300w, https:\/\/soymigrante.com\/revista\/wp-content\/uploads\/2023\/11\/achilarium-6-768x401.webp 768w, https:\/\/soymigrante.com\/revista\/wp-content\/uploads\/2023\/11\/achilarium-6-750x392.webp 750w\" sizes=\"(max-width: 928px) 100vw, 928px\" title=\"Gracias al trabajo y  perseverancia de Fredy Archila, se logr\u00f3 la reproducci\u00f3n de la Monja Blanca y su posterior reintroducci\u00f3n a espacios naturales. (Fotograf\u00eda Archilarium) \u2013 SoyMigrante.com REVISTA\" \/>\t\t\t\t\t\t\t\t\t\t\t<figcaption class=\"widget-image-caption wp-caption-text\">Gracias al trabajo y  perseverancia de Fredy Archila, se logr\u00f3 la reproducci\u00f3n de la Monja Blanca y su posterior reintroducci\u00f3n a espacios naturales. (Fotograf\u00eda Archilarium)<\/figcaption>\n\t\t\t\t\t\t\t\t\t\t<\/figure>\n\t\t\t\t\t\t\t\t\t<\/div>\n\t\t\t\t\t<\/div>\n\t\t<\/div>\n\t\t\t\t\t<\/div>\n\t\t<\/section>\n\t\t<div data-particle_enable=\"false\" data-particle-mobile-disabled=\"false\" class=\"elementor-element elementor-element-700b7f5 e-flex e-con-boxed e-con e-parent\" data-id=\"700b7f5\" data-element_type=\"container\" data-e-type=\"container\">\n\t\t\t\t\t<div class=\"e-con-inner\">\n\t\t\t\t<div class=\"elementor-element elementor-element-890a561 elementor-widget elementor-widget-heading\" data-id=\"890a561\" data-element_type=\"widget\" data-e-type=\"widget\" data-widget_type=\"heading.default\">\n\t\t\t\t\t<h3 class=\"elementor-heading-title elementor-size-default\">\u00bfDesde cu\u00e1ndo figura la Monja Blanca en monedas de 50 centavos?<\/h3>\t\t\t\t<\/div>\n\t\t\t\t\t<\/div>\n\t\t\t\t<\/div>\n\t\t\t\t<section data-particle_enable=\"false\" data-particle-mobile-disabled=\"false\" class=\"elementor-section elementor-top-section elementor-element elementor-element-6850e91 elementor-section-boxed elementor-section-height-default elementor-section-height-default\" data-id=\"6850e91\" data-element_type=\"section\" data-e-type=\"section\">\n\t\t\t\t\t\t<div class=\"elementor-container elementor-column-gap-default\">\n\t\t\t\t\t<div class=\"elementor-column elementor-col-100 elementor-top-column elementor-element elementor-element-aaa1a10\" data-id=\"aaa1a10\" data-element_type=\"column\" data-e-type=\"column\">\n\t\t\t<div class=\"elementor-widget-wrap elementor-element-populated\">\n\t\t\t\t\t\t<div class=\"elementor-element elementor-element-3d3a980 elementor-widget elementor-widget-text-editor\" data-id=\"3d3a980\" data-element_type=\"widget\" data-e-type=\"widget\" data-widget_type=\"text-editor.default\">\n\t\t\t\t\t\t\t\t\t<p>En 1949, durante el gobierno de Juan Jos\u00e9 Ar\u00e9valo se acuerda que las monedas de 50 centavos lleven la imagen de la Flor Nacional, la Monja Blanca, pero las primeras de este tipo se acu\u00f1aron hasta 1962 y conten\u00edan plata, pero solo dur\u00f3 hasta 1965. En 1998 se vuelve a fabricar la moneda de la Monja Blanca, pero en una aleaci\u00f3n de lat\u00f3n y bronce.<\/p><p>La <a href=\"https:\/\/soymigrante.com\/revista\/monja-blanca-simbolo-patrio-guatemala-smithsonian-washington-exposicion\/\">Monja Blanca<\/a> tambi\u00e9n ha aparecido en sellos postales. Uno de estos fue emitido en 2020, dedicado al\u00a0<span style=\"color: var( --e-global-color-text );\">ingeniero agr\u00f3nomo Fredy Archila, cuyo apellido aparece en el nombre cient\u00edfico y autor de la imagen que se representa en dicho sello.<\/span><\/p>\t\t\t\t\t\t\t\t<\/div>\n\t\t\t\t\t<\/div>\n\t\t<\/div>\n\t\t\t\t\t<\/div>\n\t\t<\/section>\n\t\t\t\t<section data-particle_enable=\"false\" data-particle-mobile-disabled=\"false\" class=\"elementor-section elementor-top-section elementor-element elementor-element-7265289 elementor-section-boxed elementor-section-height-default elementor-section-height-default\" data-id=\"7265289\" data-element_type=\"section\" data-e-type=\"section\">\n\t\t\t\t\t\t<div class=\"elementor-container elementor-column-gap-default\">\n\t\t\t\t\t<div class=\"elementor-column elementor-col-100 elementor-top-column elementor-element elementor-element-2918f5c\" data-id=\"2918f5c\" data-element_type=\"column\" data-e-type=\"column\">\n\t\t\t<div class=\"elementor-widget-wrap elementor-element-populated\">\n\t\t\t\t\t\t<div class=\"elementor-element elementor-element-802e738 elementor-invisible elementor-widget elementor-widget-image\" data-id=\"802e738\" data-element_type=\"widget\" data-e-type=\"widget\" data-settings=\"{&quot;_animation&quot;:&quot;tada&quot;}\" data-widget_type=\"image.default\">\n\t\t\t\t\t\t\t\t\t\t\t\t<figure class=\"wp-caption\">\n\t\t\t\t\t\t\t\t\t\t<img decoding=\"async\" width=\"1140\" height=\"645\" src=\"https:\/\/soymigrante.com\/revista\/wp-content\/uploads\/2023\/11\/Captura-de-pantalla-2023-11-20-102510-1140x645.webp\" class=\"attachment-newsy_1140x0 size-newsy_1140x0 wp-image-3416\" alt=\"Monedas de 50 centavos de quetzal, en cuya cara figura la Monja Blanca. Durante varias d\u00e9cadas dej\u00f3 de circular y reapareci\u00f3 aproximadamente en 2008.\" srcset=\"https:\/\/soymigrante.com\/revista\/wp-content\/uploads\/2023\/11\/Captura-de-pantalla-2023-11-20-102510-1140x645.webp 1140w, https:\/\/soymigrante.com\/revista\/wp-content\/uploads\/2023\/11\/Captura-de-pantalla-2023-11-20-102510-300x170.webp 300w, https:\/\/soymigrante.com\/revista\/wp-content\/uploads\/2023\/11\/Captura-de-pantalla-2023-11-20-102510-1024x580.webp 1024w, https:\/\/soymigrante.com\/revista\/wp-content\/uploads\/2023\/11\/Captura-de-pantalla-2023-11-20-102510-768x435.webp 768w, https:\/\/soymigrante.com\/revista\/wp-content\/uploads\/2023\/11\/Captura-de-pantalla-2023-11-20-102510-1536x870.webp 1536w, https:\/\/soymigrante.com\/revista\/wp-content\/uploads\/2023\/11\/Captura-de-pantalla-2023-11-20-102510-750x425.webp 750w, https:\/\/soymigrante.com\/revista\/wp-content\/uploads\/2023\/11\/Captura-de-pantalla-2023-11-20-102510.webp 1646w\" sizes=\"(max-width: 1140px) 100vw, 1140px\" title=\"Monedas de 50 centavos de quetzal, en cuya cara figura la Monja Blanca. Durante varias d\u00e9cadas dej\u00f3 de circular y reapareci\u00f3 aproximadamente en 2008. \u2013 SoyMigrante.com REVISTA\" \/>\t\t\t\t\t\t\t\t\t\t\t<figcaption class=\"widget-image-caption wp-caption-text\">Monedas de 50 centavos de quetzal, en cuya cara figura la Monja Blanca. Durante varias d\u00e9cadas dej\u00f3 de circular y reapareci\u00f3 aproximadamente en 2008.<\/figcaption>\n\t\t\t\t\t\t\t\t\t\t<\/figure>\n\t\t\t\t\t\t\t\t\t<\/div>\n\t\t\t\t\t<\/div>\n\t\t<\/div>\n\t\t\t\t\t<\/div>\n\t\t<\/section>\n\t\t\t\t<section data-particle_enable=\"false\" data-particle-mobile-disabled=\"false\" class=\"elementor-section elementor-top-section elementor-element elementor-element-3c38e0c elementor-section-boxed elementor-section-height-default elementor-section-height-default\" data-id=\"3c38e0c\" data-element_type=\"section\" data-e-type=\"section\">\n\t\t\t\t\t\t<div class=\"elementor-container elementor-column-gap-default\">\n\t\t\t\t\t<div class=\"elementor-column elementor-col-100 elementor-top-column elementor-element elementor-element-1150b24\" data-id=\"1150b24\" data-element_type=\"column\" data-e-type=\"column\">\n\t\t\t<div class=\"elementor-widget-wrap elementor-element-populated\">\n\t\t\t\t\t\t<div class=\"elementor-element elementor-element-ea588a7 elementor-widget elementor-widget-heading\" data-id=\"ea588a7\" data-element_type=\"widget\" data-e-type=\"widget\" data-widget_type=\"heading.default\">\n\t\t\t\t\t<h3 class=\"elementor-heading-title elementor-size-default\">\u00bfPor qu\u00e9 se dice que la Monja Blanca fue v\u00edctima de su propia belleza?<\/h3>\t\t\t\t<\/div>\n\t\t\t\t\t<\/div>\n\t\t<\/div>\n\t\t\t\t\t<\/div>\n\t\t<\/section>\n\t\t\t\t<section data-particle_enable=\"false\" data-particle-mobile-disabled=\"false\" class=\"elementor-section elementor-top-section elementor-element elementor-element-395448c elementor-section-boxed elementor-section-height-default elementor-section-height-default\" data-id=\"395448c\" data-element_type=\"section\" data-e-type=\"section\">\n\t\t\t\t\t\t<div class=\"elementor-container elementor-column-gap-default\">\n\t\t\t\t\t<div class=\"elementor-column elementor-col-100 elementor-top-column elementor-element elementor-element-1c04c7f\" data-id=\"1c04c7f\" data-element_type=\"column\" data-e-type=\"column\">\n\t\t\t<div class=\"elementor-widget-wrap elementor-element-populated\">\n\t\t\t\t\t\t<div class=\"elementor-element elementor-element-c124cbd elementor-widget elementor-widget-text-editor\" data-id=\"c124cbd\" data-element_type=\"widget\" data-e-type=\"widget\" data-widget_type=\"text-editor.default\">\n\t\t\t\t\t\t\t\t\t<p><span style=\"color: var( --e-global-color-text );\">El saqueo y venta de la <a href=\"https:\/\/soymigrante.com\/revista\/monja-blanca-simbolo-patrio-guatemala-smithsonian-washington-exposicion\/\">Monja Blanca<\/a> es ilegal.\u00a0 Antes de que se declarara ilegal se practic\u00f3 durante demasiado tiempo, lo cual da\u00f1\u00f3 su presencia en h\u00e1bitat natural. Al sacar una orqu\u00eddea de su entorno, se impide su proceso de reproducci\u00f3n al romperse el delicado equilibrio que le rodea.<\/span><span style=\"color: var( --e-global-color-text );\">\u00a0Aunque en 1934, el gobierno de Jorge Ubico la declar\u00f3 Flor Nacional, no se fij\u00f3 ninguna medida de protecci\u00f3n.<\/span><\/p><p><span style=\"color: var( --e-global-color-text );\">El 9 de agosto de 1946, el presidente juan Jos\u00e9 Ar\u00e9valo Bermejo emite un Acuerdo Gubernativo que proh\u00edbe la recolecci\u00f3n y exportaci\u00f3n de la planta y\u00a0 flores. Poco despu\u00e9s, el el 4 de junio de 1947, Ar\u00e9valo ampl\u00eda el decreto emitido prohibiendo totalmente la recolecci\u00f3n y exportaci\u00f3n de la Monja blanca, planta y bulbos.<\/span><\/p>\t\t\t\t\t\t\t\t<\/div>\n\t\t\t\t\t<\/div>\n\t\t<\/div>\n\t\t\t\t\t<\/div>\n\t\t<\/section>\n\t\t\t\t<section data-particle_enable=\"false\" data-particle-mobile-disabled=\"false\" class=\"elementor-section elementor-top-section elementor-element elementor-element-c260736 elementor-section-boxed elementor-section-height-default elementor-section-height-default\" data-id=\"c260736\" data-element_type=\"section\" data-e-type=\"section\">\n\t\t\t\t\t\t<div class=\"elementor-container elementor-column-gap-default\">\n\t\t\t\t\t<div class=\"elementor-column elementor-col-100 elementor-top-column elementor-element elementor-element-5289c90\" data-id=\"5289c90\" data-element_type=\"column\" data-e-type=\"column\">\n\t\t\t<div class=\"elementor-widget-wrap elementor-element-populated\">\n\t\t\t\t\t\t<div class=\"elementor-element elementor-element-3894097 elementor-invisible elementor-widget elementor-widget-image\" data-id=\"3894097\" data-element_type=\"widget\" data-e-type=\"widget\" data-settings=\"{&quot;_animation&quot;:&quot;lightSpeedIn&quot;}\" data-widget_type=\"image.default\">\n\t\t\t\t\t\t\t\t\t\t\t\t<figure class=\"wp-caption\">\n\t\t\t\t\t\t\t\t\t\t<img loading=\"lazy\" decoding=\"async\" width=\"1080\" height=\"1440\" src=\"https:\/\/soymigrante.com\/revista\/wp-content\/uploads\/2023\/11\/aao.webp\" class=\"attachment-newsy_1140x0 size-newsy_1140x0 wp-image-3405\" alt=\"La comercializaci\u00f3n de ejemplares de Monja Blanca est\u00e1 prohibida. Sin embargo, su cultivo con fines de conservaci\u00f3n es permitido. No se trata de una tarea f\u00e1cil. Ejemplar expuesto en la Exposici\u00f3n 2023 de la Asociaci\u00f3n Altaverapacense de Orquideolog\u00eda. (Foto Facebook AAO para fines did\u00e1cticos)\" srcset=\"https:\/\/soymigrante.com\/revista\/wp-content\/uploads\/2023\/11\/aao.webp 1080w, https:\/\/soymigrante.com\/revista\/wp-content\/uploads\/2023\/11\/aao-225x300.webp 225w, https:\/\/soymigrante.com\/revista\/wp-content\/uploads\/2023\/11\/aao-768x1024.webp 768w, https:\/\/soymigrante.com\/revista\/wp-content\/uploads\/2023\/11\/aao-750x1000.webp 750w\" sizes=\"(max-width: 1080px) 100vw, 1080px\" title=\"La comercializaci\u00f3n de ejemplares de Monja Blanca est\u00e1 prohibida. Sin embargo, su cultivo con fines de conservaci\u00f3n es permitido. No se trata de una tarea f\u00e1cil. Ejemplar expuesto en la Exposici\u00f3n 2023 de la Asociaci\u00f3n Altaverapacense de Orquideolog\u00eda. (Foto Facebook AAO para fines did\u00e1cticos) \u2013 SoyMigrante.com REVISTA\" \/>\t\t\t\t\t\t\t\t\t\t\t<figcaption class=\"widget-image-caption wp-caption-text\">La comercializaci\u00f3n de ejemplares de Monja Blanca est\u00e1 prohibida. Sin embargo, su cultivo con fines de conservaci\u00f3n es permitido. No se trata de una tarea f\u00e1cil. Ejemplar expuesto en la Exposici\u00f3n 2023 de la Asociaci\u00f3n Altaverapacense de Orquideolog\u00eda. (Foto Facebook AAO para fines did\u00e1cticos)<\/figcaption>\n\t\t\t\t\t\t\t\t\t\t<\/figure>\n\t\t\t\t\t\t\t\t\t<\/div>\n\t\t\t\t\t<\/div>\n\t\t<\/div>\n\t\t\t\t\t<\/div>\n\t\t<\/section>\n\t\t\t\t<section data-particle_enable=\"false\" data-particle-mobile-disabled=\"false\" class=\"elementor-section elementor-top-section elementor-element elementor-element-ac56e4b elementor-section-boxed elementor-section-height-default elementor-section-height-default\" data-id=\"ac56e4b\" data-element_type=\"section\" data-e-type=\"section\">\n\t\t\t\t\t\t<div class=\"elementor-container elementor-column-gap-default\">\n\t\t\t\t\t<div class=\"elementor-column elementor-col-100 elementor-top-column elementor-element elementor-element-c3aaa44\" data-id=\"c3aaa44\" data-element_type=\"column\" data-e-type=\"column\">\n\t\t\t<div class=\"elementor-widget-wrap elementor-element-populated\">\n\t\t\t\t\t\t<div class=\"elementor-element elementor-element-9287b46 elementor-widget elementor-widget-heading\" data-id=\"9287b46\" data-element_type=\"widget\" data-e-type=\"widget\" data-widget_type=\"heading.default\">\n\t\t\t\t\t<h3 class=\"elementor-heading-title elementor-size-default\">7. \u00bfCu\u00e1ndo fue descubierta la Monja Blanca?<\/h3>\t\t\t\t<\/div>\n\t\t\t\t\t<\/div>\n\t\t<\/div>\n\t\t\t\t\t<\/div>\n\t\t<\/section>\n\t\t\t\t<section data-particle_enable=\"false\" data-particle-mobile-disabled=\"false\" class=\"elementor-section elementor-top-section elementor-element elementor-element-a71c91e elementor-section-boxed elementor-section-height-default elementor-section-height-default\" data-id=\"a71c91e\" data-element_type=\"section\" data-e-type=\"section\">\n\t\t\t\t\t\t<div class=\"elementor-container elementor-column-gap-default\">\n\t\t\t\t\t<div class=\"elementor-column elementor-col-100 elementor-top-column elementor-element elementor-element-7576367\" data-id=\"7576367\" data-element_type=\"column\" data-e-type=\"column\">\n\t\t\t<div class=\"elementor-widget-wrap elementor-element-populated\">\n\t\t\t\t\t\t<div class=\"elementor-element elementor-element-8ef09bc elementor-widget elementor-widget-text-editor\" data-id=\"8ef09bc\" data-element_type=\"widget\" data-e-type=\"widget\" data-widget_type=\"text-editor.default\">\n\t\t\t\t\t\t\t\t\t<p><span style=\"color: var( --e-global-color-text );\">La estructura de la Monja Blanca est\u00e1 integrada por tres s\u00e9palos, dos p\u00e9talos y un labelo (p\u00e9talo modificado inferior). Ellas interact\u00faan con el ecosistema a trav\u00e9s de insectos polinizadores espec\u00edficos y con hongos con los que forman asociaciones llamadas micorrizas.\u00a0<\/span><span style=\"color: var( --e-global-color-text );\">\u00a0\u00a0<\/span><\/p><p>Los entornos monta\u00f1osos de la <a href=\"https:\/\/soymigrante.com\/revista\/chiabal-conecta-cultura-y-naturaleza-en-lo-alto-de-los-cuchumatanes\/\">Sierra de los Cuchumatanes<\/a>, Sierra de Cham\u00e1. Sierra de Chuacus y <a href=\"https:\/\/soymigrante.com\/revista\/parque-nacional-sierra-de-las-minas-un-tesoro-natural-de-tres-departamentos-de-guatemala\/\">Sierra de las Minas<\/a> tienen elementos que pueden permitir la vida de la Monja Blanca. Lamentablemente est\u00e1n amenazados por la quema y tala.<\/p><p>En zonas monta\u00f1osas de la Verapaz fue descubierta la Monja Blanca hacia 1840, por un explorador llamado Georg Ure Skinner. Por ello su apellido tambi\u00e9n figura en el nombre cient\u00edfico.\u00a0<\/p>\t\t\t\t\t\t\t\t<\/div>\n\t\t\t\t\t<\/div>\n\t\t<\/div>\n\t\t\t\t\t<\/div>\n\t\t<\/section>\n\t\t\t\t<section data-particle_enable=\"false\" data-particle-mobile-disabled=\"false\" class=\"elementor-section elementor-top-section elementor-element elementor-element-b760a9b elementor-section-boxed elementor-section-height-default elementor-section-height-default\" data-id=\"b760a9b\" data-element_type=\"section\" data-e-type=\"section\">\n\t\t\t\t\t\t<div class=\"elementor-container elementor-column-gap-default\">\n\t\t\t\t\t<div class=\"elementor-column elementor-col-100 elementor-top-column elementor-element elementor-element-ecded80\" data-id=\"ecded80\" data-element_type=\"column\" data-e-type=\"column\">\n\t\t\t<div class=\"elementor-widget-wrap elementor-element-populated\">\n\t\t\t\t\t\t<div class=\"elementor-element elementor-element-f03a9d8 elementor-invisible elementor-widget elementor-widget-facebook-embed\" data-id=\"f03a9d8\" data-element_type=\"widget\" data-e-type=\"widget\" data-settings=\"{&quot;_animation&quot;:&quot;slideInRight&quot;}\" data-widget_type=\"facebook-embed.default\">\n\t\t\t\t\t<div style=\"min-height: 1px\" class=\"elementor-facebook-widget fb-post\" data-href=\"https:\/\/www.facebook.com\/100064358004579\/videos\/114360490659518\" data-show-text=\"true\"><\/div>\t\t\t\t<\/div>\n\t\t\t\t\t<\/div>\n\t\t<\/div>\n\t\t\t\t\t<\/div>\n\t\t<\/section>\n\t\t\t\t<section data-particle_enable=\"false\" data-particle-mobile-disabled=\"false\" class=\"elementor-section elementor-top-section elementor-element elementor-element-681261e elementor-section-boxed elementor-section-height-default elementor-section-height-default\" data-id=\"681261e\" data-element_type=\"section\" data-e-type=\"section\">\n\t\t\t\t\t\t<div class=\"elementor-container elementor-column-gap-default\">\n\t\t\t\t\t<div class=\"elementor-column elementor-col-100 elementor-top-column elementor-element elementor-element-7ce2b35\" data-id=\"7ce2b35\" data-element_type=\"column\" data-e-type=\"column\">\n\t\t\t<div class=\"elementor-widget-wrap elementor-element-populated\">\n\t\t\t\t\t\t<div class=\"elementor-element elementor-element-46f3380 elementor-widget elementor-widget-heading\" data-id=\"46f3380\" data-element_type=\"widget\" data-e-type=\"widget\" data-widget_type=\"heading.default\">\n\t\t\t\t\t<h3 class=\"elementor-heading-title elementor-size-default\">8. \u00bfC\u00f3mo se logr\u00f3 reproducir la Monja Blanca despu\u00e9s de estar pr\u00e1cticamente extinta? <\/h3>\t\t\t\t<\/div>\n\t\t\t\t\t<\/div>\n\t\t<\/div>\n\t\t\t\t\t<\/div>\n\t\t<\/section>\n\t\t\t\t<section data-particle_enable=\"false\" data-particle-mobile-disabled=\"false\" class=\"elementor-section elementor-top-section elementor-element elementor-element-502062c elementor-section-boxed elementor-section-height-default elementor-section-height-default\" data-id=\"502062c\" data-element_type=\"section\" data-e-type=\"section\">\n\t\t\t\t\t\t<div class=\"elementor-container elementor-column-gap-default\">\n\t\t\t\t\t<div class=\"elementor-column elementor-col-100 elementor-top-column elementor-element elementor-element-4366633\" data-id=\"4366633\" data-element_type=\"column\" data-e-type=\"column\">\n\t\t\t<div class=\"elementor-widget-wrap elementor-element-populated\">\n\t\t\t\t\t\t<div class=\"elementor-element elementor-element-9e934d0 elementor-widget elementor-widget-text-editor\" data-id=\"9e934d0\" data-element_type=\"widget\" data-e-type=\"widget\" data-widget_type=\"text-editor.default\">\n\t\t\t\t\t\t\t\t\t<p><span style=\"color: var( --e-global-color-text );\">En 1970 se origin\u00f3 un proyecto \u00fanico en su tipo en el pa\u00eds: Estacion experimental de orqu\u00eddeas de la familia Archila conocido como ARCHILARUM, dedicado al rescate, reproducci\u00f3n, conservaci\u00f3n e investigaci\u00f3n de las orqu\u00eddeas de Guatemala. Una inmensa colecci\u00f3n de hasta 35 mil orqu\u00eddeas rescatadas de los bosques talados, las cuales fueron rescatadas antes de que estos fueran talados o quemados.&nbsp;&nbsp;<\/span><\/p>\n<p>En ese lugar se encuentran m\u00e1s de 50 especies de orqu\u00eddea ya extintas que gracias a los esfuerzos de rescate se logr\u00f3 conservar Ex Situ, fue as\u00ed como se pudo aprovechar plantas de Monja Blanca que se encontraban protegidas y utilizarlas como base del proyecto. Lograr su reproducci\u00f3n no fue f\u00e1cil para el bot\u00e1nico Archila, porque la germinaci\u00f3n de las semillas requiere la alianza con un hongo microsc\u00f3pico y la ra\u00edz de un \u00e1rbol. Se utiliz\u00f3 fecundaci\u00f3n artificial y biotecnolog\u00eda para su reproducci\u00f3n in vitro en laboratorio.&nbsp;<\/p>\n<p><b>&nbsp;<\/b><\/p>\t\t\t\t\t\t\t\t<\/div>\n\t\t\t\t\t<\/div>\n\t\t<\/div>\n\t\t\t\t\t<\/div>\n\t\t<\/section>\n\t\t\t\t<section data-particle_enable=\"false\" data-particle-mobile-disabled=\"false\" class=\"elementor-section elementor-top-section elementor-element elementor-element-61eca13 elementor-section-boxed elementor-section-height-default elementor-section-height-default\" data-id=\"61eca13\" data-element_type=\"section\" data-e-type=\"section\">\n\t\t\t\t\t\t<div class=\"elementor-container elementor-column-gap-default\">\n\t\t\t\t\t<div class=\"elementor-column elementor-col-100 elementor-top-column elementor-element elementor-element-e460569\" data-id=\"e460569\" data-element_type=\"column\" data-e-type=\"column\">\n\t\t\t<div class=\"elementor-widget-wrap elementor-element-populated\">\n\t\t\t\t\t\t<div class=\"elementor-element elementor-element-c4f42a4 elementor-widget elementor-widget-facebook-page\" data-id=\"c4f42a4\" data-element_type=\"widget\" data-e-type=\"widget\" data-widget_type=\"facebook-page.default\">\n\t\t\t\t\t<div class=\"elementor-facebook-widget fb-page\" data-href=\"https:\/\/www.facebook.com\/profile.php?id=100064358004579\" data-tabs=\"timeline\" data-height=\"500px\" data-width=\"500px\" data-small-header=\"false\" data-hide-cover=\"false\" data-show-facepile=\"true\" data-hide-cta=\"false\" style=\"min-height: 1px;height:500px\"><\/div>\t\t\t\t<\/div>\n\t\t\t\t\t<\/div>\n\t\t<\/div>\n\t\t\t\t\t<\/div>\n\t\t<\/section>\n\t\t\t\t<section data-particle_enable=\"false\" data-particle-mobile-disabled=\"false\" class=\"elementor-section elementor-top-section elementor-element elementor-element-848b315 elementor-section-boxed elementor-section-height-default elementor-section-height-default\" data-id=\"848b315\" data-element_type=\"section\" data-e-type=\"section\">\n\t\t\t\t\t\t<div class=\"elementor-container elementor-column-gap-default\">\n\t\t\t\t\t<div class=\"elementor-column elementor-col-100 elementor-top-column elementor-element elementor-element-e588235\" data-id=\"e588235\" data-element_type=\"column\" data-e-type=\"column\">\n\t\t\t<div class=\"elementor-widget-wrap elementor-element-populated\">\n\t\t\t\t\t\t<div class=\"elementor-element elementor-element-f6574e6 elementor-invisible elementor-widget elementor-widget-heading\" data-id=\"f6574e6\" data-element_type=\"widget\" data-e-type=\"widget\" data-settings=\"{&quot;_animation&quot;:&quot;bounceInUp&quot;}\" data-widget_type=\"heading.default\">\n\t\t\t\t\t<h2 class=\"elementor-heading-title elementor-size-default\"><a href=\"https:\/\/soymigrante.com\/revista\/category\/guate-nuestra\/simbolos-patrios-guate-nuestra\/\">M\u00e1s sobre s\u00edmbolos de Guatemala<\/a><\/h2>\t\t\t\t<\/div>\n\t\t\t\t\t<\/div>\n\t\t<\/div>\n\t\t\t\t\t<\/div>\n\t\t<\/section>\n\t\t\t\t<section data-particle_enable=\"false\" data-particle-mobile-disabled=\"false\" class=\"elementor-section elementor-top-section elementor-element elementor-element-178f16e elementor-section-boxed elementor-section-height-default elementor-section-height-default\" data-id=\"178f16e\" data-element_type=\"section\" data-e-type=\"section\">\n\t\t\t\t\t\t<div class=\"elementor-container elementor-column-gap-default\">\n\t\t\t\t\t<div class=\"elementor-column elementor-col-100 elementor-top-column elementor-element elementor-element-e17f6e1\" data-id=\"e17f6e1\" data-element_type=\"column\" data-e-type=\"column\">\n\t\t\t<div class=\"elementor-widget-wrap elementor-element-populated\">\n\t\t\t\t\t\t<div class=\"elementor-element elementor-element-c287d32 elementor-grid-eael-col-2 elementor-grid-tablet-eael-col-2 elementor-grid-mobile-eael-col-1 elementor-invisible elementor-widget elementor-widget-eael-post-grid\" data-id=\"c287d32\" data-element_type=\"widget\" data-e-type=\"widget\" data-settings=\"{&quot;eael_post_grid_columns&quot;:&quot;eael-col-2&quot;,&quot;_animation&quot;:&quot;tada&quot;,&quot;eael_post_grid_columns_tablet&quot;:&quot;eael-col-2&quot;,&quot;eael_post_grid_columns_mobile&quot;:&quot;eael-col-1&quot;}\" data-widget_type=\"eael-post-grid.default\">\n\t\t\t\t\t<div id=\"eael-post-grid-c287d32\" class=\"eael-post-grid-container\">\n            <div class=\"eael-post-grid eael-post-appender eael-post-appender-c287d32 eael-post-grid-style-one\" data-layout-mode=\"masonry\"><article class=\"eael-grid-post  eael-post-grid-column eael-pg-post-3242 category-simbolos-patrios-guate-nuestra\" data-id=\"3242\">\n        <div class=\"eael-grid-post-holder\">\n            <div class=\"eael-grid-post-holder-inner\"><div class=\"eael-entry-media\"><div class=\"eael-entry-overlay fade-in\"><i class=\"fas fa-long-arrow-alt-right\" aria-hidden=\"true\"><\/i><a href=\"https:\/\/soymigrante.com\/revista\/himno-nacional-de-guatemala-6-fechas-que-todo-guatemalteco-debe-conocer\/\"><\/a><\/div><div class=\"eael-entry-thumbnail \">\n                <img loading=\"lazy\" decoding=\"async\" width=\"288\" height=\"300\" src=\"https:\/\/soymigrante.com\/revista\/wp-content\/uploads\/2025\/03\/himno-nacional-288x300.jpg\" class=\"attachment-medium size-medium wp-image-28002\" alt=\"Ilustraci\u00f3n IA para nota del Himno Nacional de Guatemala. Envato Labs\" srcset=\"https:\/\/soymigrante.com\/revista\/wp-content\/uploads\/2025\/03\/himno-nacional-288x300.jpg 288w, https:\/\/soymigrante.com\/revista\/wp-content\/uploads\/2025\/03\/himno-nacional.webp 698w\" sizes=\"(max-width: 288px) 100vw, 288px\" \/>\n            <\/div>\n        <\/div><div class=\"eael-entry-wrapper\"><header class=\"eael-entry-header\"><h2 class=\"eael-entry-title\"><a class=\"eael-grid-post-link\" href=\"https:\/\/soymigrante.com\/revista\/himno-nacional-de-guatemala-6-fechas-que-todo-guatemalteco-debe-conocer\/\" title=\"\u00bfCu\u00e1ndo y d\u00f3nde se estren\u00f3 oficialmente Himno Nacional de Guatemala ?\">\u00bfCu\u00e1ndo y d\u00f3nde se estren\u00f3 oficialmente Himno Nacional de Guatemala ?<\/a><\/h2><\/header><div class=\"eael-entry-content\">\n                        <div class=\"eael-grid-post-excerpt\"><p>\u00bfSab\u00eda que la m\u00fasica del Himno Nacional de Guatemala se us\u00f3 primero con otra letra como...<\/p><a href=\"https:\/\/soymigrante.com\/revista\/himno-nacional-de-guatemala-6-fechas-que-todo-guatemalteco-debe-conocer\/\" class=\"eael-post-elements-readmore-btn\">Leer m\u00e1s<\/a><\/div>\n                    <\/div><\/div><\/div>\n        <\/div>\n    <\/article><article class=\"eael-grid-post  eael-post-grid-column eael-pg-post-827 category-guate-nuestra-simbolos-patrios-guate-nuestra\" data-id=\"827\">\n        <div class=\"eael-grid-post-holder\">\n            <div class=\"eael-grid-post-holder-inner\"><div class=\"eael-entry-media\"><div class=\"eael-entry-overlay fade-in\"><i class=\"fas fa-long-arrow-alt-right\" aria-hidden=\"true\"><\/i><a href=\"https:\/\/soymigrante.com\/revista\/10-datos-del-quetzal-que-tal-vez-ya-conocias-o-quiza-no\/\"><\/a><\/div><div class=\"eael-entry-thumbnail \">\n                <img loading=\"lazy\" decoding=\"async\" width=\"300\" height=\"218\" src=\"https:\/\/soymigrante.com\/revista\/wp-content\/uploads\/2023\/03\/soy-migrante-quetzal-alimenta-se-ve-pichon-credito-ottoniel-cojulun-300x218.webp\" class=\"attachment-medium size-medium wp-image-625\" alt=\"Foto: Ottoniel Cojul\u00fan\" srcset=\"https:\/\/soymigrante.com\/revista\/wp-content\/uploads\/2023\/03\/soy-migrante-quetzal-alimenta-se-ve-pichon-credito-ottoniel-cojulun-300x218.webp 300w, https:\/\/soymigrante.com\/revista\/wp-content\/uploads\/2023\/03\/soy-migrante-quetzal-alimenta-se-ve-pichon-credito-ottoniel-cojulun-1024x745.jpg 1024w, https:\/\/soymigrante.com\/revista\/wp-content\/uploads\/2023\/03\/soy-migrante-quetzal-alimenta-se-ve-pichon-credito-ottoniel-cojulun-768x558.jpg 768w, https:\/\/soymigrante.com\/revista\/wp-content\/uploads\/2023\/03\/soy-migrante-quetzal-alimenta-se-ve-pichon-credito-ottoniel-cojulun-1536x1117.jpg 1536w, https:\/\/soymigrante.com\/revista\/wp-content\/uploads\/2023\/03\/soy-migrante-quetzal-alimenta-se-ve-pichon-credito-ottoniel-cojulun-120x86.webp 120w, https:\/\/soymigrante.com\/revista\/wp-content\/uploads\/2023\/03\/soy-migrante-quetzal-alimenta-se-ve-pichon-credito-ottoniel-cojulun-750x545.webp 750w, https:\/\/soymigrante.com\/revista\/wp-content\/uploads\/2023\/03\/soy-migrante-quetzal-alimenta-se-ve-pichon-credito-ottoniel-cojulun-1140x829.jpg 1140w, https:\/\/soymigrante.com\/revista\/wp-content\/uploads\/2023\/03\/soy-migrante-quetzal-alimenta-se-ve-pichon-credito-ottoniel-cojulun.webp 1920w\" sizes=\"(max-width: 300px) 100vw, 300px\" \/>\n            <\/div>\n        <\/div><div class=\"eael-entry-wrapper\"><header class=\"eael-entry-header\"><h2 class=\"eael-entry-title\"><a class=\"eael-grid-post-link\" href=\"https:\/\/soymigrante.com\/revista\/10-datos-del-quetzal-que-tal-vez-ya-conocias-o-quiza-no\/\" title=\"\u00bfEn d\u00f3nde habita el Quetzal?&#8230; y otras 10 preguntas sobre el ave s\u00edmbolo de Guatemala\">\u00bfEn d\u00f3nde habita el Quetzal?&#8230; y otras 10 preguntas sobre el ave s\u00edmbolo de Guatemala<\/a><\/h2><\/header><div class=\"eael-entry-content\">\n                        <div class=\"eael-grid-post-excerpt\"><p>\u00bfC\u00f3mo se llama el ave nacional de Guatemala y de donde proviene su nombre? \u00bfDesde cu\u00e1ndo...<\/p><a href=\"https:\/\/soymigrante.com\/revista\/10-datos-del-quetzal-que-tal-vez-ya-conocias-o-quiza-no\/\" class=\"eael-post-elements-readmore-btn\">Leer m\u00e1s<\/a><\/div>\n                    <\/div><\/div><\/div>\n        <\/div>\n    <\/article><\/div>\n            <div class=\"clearfix\"><\/div>\n        <\/div>\t\t\t\t<\/div>\n\t\t\t\t\t<\/div>\n\t\t<\/div>\n\t\t\t\t\t<\/div>\n\t\t<\/section>\n\t\t\t\t<\/div>\n\t\t","protected":false},"excerpt":{"rendered":"<p>\u00bfSab\u00edas que la Monja Blanca estuvo pr\u00e1cticamente extinta durante 21 a\u00f1os por la destrucci\u00f3n de los bosques? \u00bfPor qu\u00e9 se llama as\u00ed a esta orqu\u00eddea? \u00bfQui\u00e9n la propuso como Flor Nacional o S\u00edmbolo Patrio de Guatemala? Todo guatemalteco debe conocer la respuesta. La Monja Blanca de Guatemala es sencillamente bell\u00edsima. Fascinante. Y s\u00ed, a pesar [&hellip;]<\/p>\n","protected":false},"author":7,"featured_media":3413,"comment_status":"open","ping_status":"open","sticky":false,"template":"","format":"standard","meta":{"_acf_changed":false,"_eb_attr":"","footnotes":""},"categories":[58,96],"tags":[],"class_list":["post-3396","post","type-post","status-publish","format-standard","has-post-thumbnail","hentry","category-guate-nuestra","category-simbolos-patrios-guate-nuestra"],"acf":[],"aioseo_notices":[],"aioseo_head":"\n\t\t<!-- All in One SEO Pro 4.9.6.2 - aioseo.com -->\n\t<meta name=\"description\" content=\"El Quetzal es s\u00edmbolo patrio de Guatemala. \u00bfC\u00f3mo se llama el ave nacional de Guatemala en idioma maya? \u00bfDe d\u00f3nde viene la palabra quetzal=\" \/>\n\t<meta name=\"robots\" content=\"max-snippet:-1, max-image-preview:large, max-video-preview:-1\" \/>\n\t<meta name=\"author\" content=\"Gustavo Montenegro\"\/>\n\t<link rel=\"canonical\" href=\"https:\/\/soymigrante.com\/revista\/10-datos-del-quetzal-que-tal-vez-ya-conocias-o-quiza-no\/\" \/>\n\t<meta name=\"generator\" content=\"All in One SEO Pro (AIOSEO) 4.9.6.2\" \/>\n\n\t\t<link rel=\"preconnect\" href=\"https:\/\/fonts.googleapis.com\" crossorigin>\n<link rel=\"preconnect\" href=\"https:\/\/fonts.gstatic.com\" crossorigin>\n\t\t<meta property=\"og:locale\" content=\"es_ES\" \/>\n\t\t<meta property=\"og:site_name\" content=\"SoyMigrante.com REVISTA \u2013 Nuestra misi\u00f3n es reconocer y dignificar al migrante.\" \/>\n\t\t<meta property=\"og:type\" content=\"article\" \/>\n\t\t<meta property=\"og:title\" content=\"\u00bfEn d\u00f3nde habita el Quetzal?\u2026 y otras 10 preguntas sobre el ave s\u00edmbolo de Guatemala\" \/>\n\t\t<meta property=\"og:description\" content=\"\u00bfC\u00f3mo se llama el ave nacional de Guatemala y de donde proviene su nombre? \u00bfDesde cu\u00e1ndo el Quetzal es s\u00edmbolo patrio? \u00bfDonde habita? Estas y otras respuestas aqu\u00ed. \u00bfC\u00f3mo se llama el ave nacional de Guatemala? Se llama Quetzal y aunque fue una especie de gran importancia en tiempos prehisp\u00e1nicos, solo fue reportado cient\u00edficamente hasta\" \/>\n\t\t<meta property=\"og:url\" content=\"https:\/\/soymigrante.com\/revista\/10-datos-del-quetzal-que-tal-vez-ya-conocias-o-quiza-no\/\" \/>\n\t\t<meta property=\"og:image\" content=\"https:\/\/soymigrante.com\/revista\/wp-content\/uploads\/2023\/11\/archilarium-5-1.webp\" \/>\n\t\t<meta property=\"og:image:secure_url\" content=\"https:\/\/soymigrante.com\/revista\/wp-content\/uploads\/2023\/11\/archilarium-5-1.webp\" \/>\n\t\t<meta property=\"og:image:width\" content=\"1440\" \/>\n\t\t<meta property=\"og:image:height\" content=\"1440\" \/>\n\t\t<meta property=\"article:published_time\" content=\"2026-02-11T15:31:32+00:00\" \/>\n\t\t<meta property=\"article:modified_time\" content=\"2026-02-11T15:35:28+00:00\" \/>\n\t\t<meta property=\"article:publisher\" content=\"https:\/\/www.facebook.com\/soymigrantecom\" \/>\n\t\t<meta name=\"twitter:card\" content=\"summary_large_image\" \/>\n\t\t<meta name=\"twitter:site\" content=\"@SoyMigrante_com\" \/>\n\t\t<meta name=\"twitter:title\" content=\"\u00bfPor qu\u00e9 el 11 de Febrero es D\u00eda de la Monja Blanca?\" \/>\n\t\t<meta name=\"twitter:description\" content=\"\u00bfSab\u00edas que La Monja Blanca pr\u00e1cticamente se extingui\u00f3 por dos d\u00e9cadas? \u00bfC\u00f3mo volvi\u00f3 a la vida? \u00bfCu\u00e1ndo fue declarada S\u00edmbolo Nacional de Guatemala? Ent\u00e9rate\" \/>\n\t\t<meta name=\"twitter:creator\" content=\"@SoyMigrante_com\" \/>\n\t\t<meta name=\"twitter:image\" content=\"https:\/\/soymigrante.com\/revista\/wp-content\/uploads\/2023\/11\/archilarium-5-1.webp\" \/>\n\t\t<!-- All in One SEO Pro -->\r\n\t\t<title>\u00bfPor qu\u00e9 el 11 de Febrero es D\u00eda de la Monja Blanca?<\/title>\n\n","aioseo_head_json":{"title":"\u00bfPor qu\u00e9 el 11 de Febrero es D\u00eda de la Monja Blanca?","description":"\u00bfSab\u00edas que La Monja Blanca pr\u00e1cticamente se extingui\u00f3 por dos d\u00e9cadas? \u00bfC\u00f3mo volvi\u00f3 a la vida? \u00bfCu\u00e1ndo fue declarada S\u00edmbolo Nacional de Guatemala? Ent\u00e9rate","canonical_url":"https:\/\/soymigrante.com\/revista\/10-datos-del-quetzal-que-tal-vez-ya-conocias-o-quiza-no\/","robots":"max-snippet:-1, max-image-preview:large, max-video-preview:-1","keywords":"","webmasterTools":{"miscellaneous":"&lt;link rel=\"preconnect\" href=\"https:\/\/fonts.googleapis.com\" crossorigin&gt;\n&lt;link rel=\"preconnect\" href=\"https:\/\/fonts.gstatic.com\" crossorigin&gt;"},"schema":null,"og:locale":"es_ES","og:site_name":"SoyMigrante.com REVISTA \u2013 Nuestra misi\u00f3n es reconocer y dignificar al migrante.","og:type":"article","og:title":"\u00bfPor qu\u00e9 el 11 de Febrero es D\u00eda de la Monja Blanca?","og:description":"\u00bfSab\u00edas que La Monja Blanca pr\u00e1cticamente se extingui\u00f3 por dos d\u00e9cadas? \u00bfC\u00f3mo volvi\u00f3 a la vida? \u00bfCu\u00e1ndo fue declarada S\u00edmbolo Nacional de Guatemala? Ent\u00e9rate","og:url":"https:\/\/soymigrante.com\/revista\/10-datos-del-quetzal-que-tal-vez-ya-conocias-o-quiza-no\/","og:image":"https:\/\/soymigrante.com\/revista\/wp-content\/uploads\/2023\/11\/archilarium-5-1.webp","og:image:secure_url":"https:\/\/soymigrante.com\/revista\/wp-content\/uploads\/2023\/11\/archilarium-5-1.webp","og:image:width":1440,"og:image:height":1440,"article:published_time":"2026-02-11T15:31:32+00:00","article:modified_time":"2026-02-11T15:35:28+00:00","article:publisher":"https:\/\/www.facebook.com\/soymigrantecom","twitter:card":"summary_large_image","twitter:site":"@SoyMigrante_com","twitter:title":"\u00bfPor qu\u00e9 el 11 de Febrero es D\u00eda de la Monja Blanca?","twitter:description":"\u00bfSab\u00edas que La Monja Blanca pr\u00e1cticamente se extingui\u00f3 por dos d\u00e9cadas? \u00bfC\u00f3mo volvi\u00f3 a la vida? \u00bfCu\u00e1ndo fue declarada S\u00edmbolo Nacional de Guatemala? Ent\u00e9rate","twitter:creator":"@SoyMigrante_com","twitter:image":"https:\/\/soymigrante.com\/revista\/wp-content\/uploads\/2023\/11\/archilarium-5-1.webp"},"aioseo_meta_data":{"post_id":"3396","title":"\u00bfPor qu\u00e9 el 11 de Febrero es D\u00eda de la Monja Blanca?","description":"\u00bfSab\u00edas que La Monja Blanca pr\u00e1cticamente se extingui\u00f3 por dos d\u00e9cadas? \u00bfC\u00f3mo volvi\u00f3 a la vida? \u00bfCu\u00e1ndo fue declarada S\u00edmbolo Nacional de Guatemala? Ent\u00e9rate","keywords":null,"keyphrases":{"focus":{"keyphrase":"S\u00edmbolos patrios","score":43,"analysis":{"keyphraseInTitle":{"score":3,"maxScore":9,"error":1},"keyphraseInDescription":{"score":3,"maxScore":9,"error":1},"keyphraseLength":{"score":9,"maxScore":9,"error":0,"length":3},"keyphraseInURL":{"score":5,"maxScore":5,"error":0},"keyphraseInIntroduction":{"score":3,"maxScore":9,"error":1},"keyphraseInSubHeadings":{"score":3,"maxScore":9,"error":1},"keyphraseInImageAlt":{"score":3,"maxScore":9,"error":1},"keywordDensity":{"score":0,"type":"low","maxScore":9,"error":1}}},"additional":[{"keyphrase":"Monja Blanca","score":100,"analysis":{"keyphraseInDescription":{"score":9,"maxScore":9,"error":0},"keyphraseLength":{"score":9,"maxScore":9,"error":0,"length":2},"keyphraseInIntroduction":{"score":9,"maxScore":9,"error":0},"keyphraseInImageAlt":{"score":9,"maxScore":9,"error":0},"keywordDensity":{"type":"best","score":9,"maxScore":9,"error":0}}},{"keyphrase":"Guatemala","score":100,"analysis":{"keyphraseInDescription":{"score":9,"maxScore":9,"error":0},"keyphraseLength":{"score":9,"maxScore":9,"error":0,"length":1},"keyphraseInIntroduction":{"score":9,"maxScore":9,"error":0},"keyphraseInImageAlt":{"score":9,"maxScore":9,"error":0},"keywordDensity":{"type":"best","score":9,"maxScore":9,"error":0}}}]},"primary_term":null,"canonical_url":"https:\/\/soymigrante.com\/revista\/simbolos-patrios-8-datos-de-la-monja-blanca-que-tal-vez-ya-conocias-o-quiza-no\/","og_title":null,"og_description":null,"og_object_type":"default","og_image_type":"default","og_image_url":null,"og_image_width":null,"og_image_height":null,"og_image_custom_url":null,"og_image_custom_fields":null,"og_video":"","og_custom_url":null,"og_article_section":null,"og_article_tags":null,"twitter_use_og":false,"twitter_card":"default","twitter_image_type":"default","twitter_image_url":null,"twitter_image_custom_url":null,"twitter_image_custom_fields":null,"twitter_title":null,"twitter_description":null,"schema":{"blockGraphs":[],"customGraphs":[],"default":{"data":{"Article":[],"Course":[],"Dataset":[],"FAQPage":[],"Movie":[],"Person":[],"Product":[],"ProductReview":[],"Car":[],"Recipe":[],"Service":[],"SoftwareApplication":[],"WebPage":[]},"graphName":"NewsArticle","isEnabled":true},"graphs":[]},"schema_type":"default","schema_type_options":null,"pillar_content":false,"robots_default":true,"robots_noindex":false,"robots_noarchive":false,"robots_nosnippet":false,"robots_nofollow":false,"robots_noimageindex":false,"robots_noodp":false,"robots_notranslate":false,"robots_max_snippet":"-1","robots_max_videopreview":"-1","robots_max_imagepreview":"large","priority":null,"frequency":"default","local_seo":null,"seo_analyzer_scan_date":null,"breadcrumb_settings":null,"limit_modified_date":false,"reviewed_by":"0","open_ai":"{\"title\":{\"suggestions\":[],\"usage\":0},\"description\":{\"suggestions\":[],\"usage\":0}}","ai":{"faqs":[],"keyPoints":[],"titles":[],"descriptions":[],"socialPosts":{"email":[],"linkedin":[],"twitter":[],"facebook":[],"instagram":[]}},"created":"2023-11-20 15:24:53","updated":"2026-03-06 15:45:41"},"aioseo_breadcrumb":"<div class=\"aioseo-breadcrumbs\"><span class=\"aioseo-breadcrumb\">\n\t<a href=\"https:\/\/soymigrante.com\/revista\" title=\"Home\">Home<\/a>\n<\/span><span class=\"aioseo-breadcrumb-separator\">\u00bb<\/span><span class=\"aioseo-breadcrumb\">\n\t<a href=\"https:\/\/soymigrante.com\/revista\/category\/guate-nuestra\/\" title=\"Guate Nuestra\">Guate Nuestra<\/a>\n<\/span><span class=\"aioseo-breadcrumb-separator\">\u00bb<\/span><span class=\"aioseo-breadcrumb\">\n\t<a href=\"https:\/\/soymigrante.com\/revista\/category\/guate-nuestra\/simbolos-patrios-guate-nuestra\/\" title=\"S\u00edmbolos patrios\">S\u00edmbolos patrios<\/a>\n<\/span><span class=\"aioseo-breadcrumb-separator\">\u00bb<\/span><span class=\"aioseo-breadcrumb\">\n\t\u00bfPor qu\u00e9 el 11 de febrero es el d\u00eda de la Monja Blanca, S\u00edmbolo Nacional de Guatemala?\n<\/span><\/div>","aioseo_breadcrumb_json":[{"label":"Home","link":"https:\/\/soymigrante.com\/revista"},{"label":"Guate Nuestra","link":"https:\/\/soymigrante.com\/revista\/category\/guate-nuestra\/"},{"label":"S\u00edmbolos patrios","link":"https:\/\/soymigrante.com\/revista\/category\/guate-nuestra\/simbolos-patrios-guate-nuestra\/"},{"label":"\u00bfPor qu\u00e9 el 11 de febrero es el d\u00eda de la Monja Blanca, S\u00edmbolo Nacional de Guatemala?","link":"https:\/\/soymigrante.com\/revista\/simbolos-patrios-8-datos-de-la-monja-blanca-que-tal-vez-ya-conocias-o-quiza-no\/"}],"_links":{"self":[{"href":"https:\/\/soymigrante.com\/revista\/wp-json\/wp\/v2\/posts\/3396","targetHints":{"allow":["GET"]}}],"collection":[{"href":"https:\/\/soymigrante.com\/revista\/wp-json\/wp\/v2\/posts"}],"about":[{"href":"https:\/\/soymigrante.com\/revista\/wp-json\/wp\/v2\/types\/post"}],"author":[{"embeddable":true,"href":"https:\/\/soymigrante.com\/revista\/wp-json\/wp\/v2\/users\/7"}],"replies":[{"embeddable":true,"href":"https:\/\/soymigrante.com\/revista\/wp-json\/wp\/v2\/comments?post=3396"}],"version-history":[{"count":10,"href":"https:\/\/soymigrante.com\/revista\/wp-json\/wp\/v2\/posts\/3396\/revisions"}],"predecessor-version":[{"id":52376,"href":"https:\/\/soymigrante.com\/revista\/wp-json\/wp\/v2\/posts\/3396\/revisions\/52376"}],"wp:featuredmedia":[{"embeddable":true,"href":"https:\/\/soymigrante.com\/revista\/wp-json\/wp\/v2\/media\/3413"}],"wp:attachment":[{"href":"https:\/\/soymigrante.com\/revista\/wp-json\/wp\/v2\/media?parent=3396"}],"wp:term":[{"taxonomy":"category","embeddable":true,"href":"https:\/\/soymigrante.com\/revista\/wp-json\/wp\/v2\/categories?post=3396"},{"taxonomy":"post_tag","embeddable":true,"href":"https:\/\/soymigrante.com\/revista\/wp-json\/wp\/v2\/tags?post=3396"}],"curies":[{"name":"wp","href":"https:\/\/api.w.org\/{rel}","templated":true}]}}