{"id":33890,"date":"2025-05-20T17:47:30","date_gmt":"2025-05-20T23:47:30","guid":{"rendered":"https:\/\/soymigrante.com\/revista\/?p=33890"},"modified":"2025-05-20T18:07:56","modified_gmt":"2025-05-21T00:07:56","slug":"consejopara-cuidar-tus-ojos-en-el-trabajo-en-casa-y-en-la-calle","status":"publish","type":"post","link":"https:\/\/soymigrante.com\/revista\/consejopara-cuidar-tus-ojos-en-el-trabajo-en-casa-y-en-la-calle\/","title":{"rendered":"Consejos para cuidar tus ojos en el trabajo, en casa y en la calle"},"content":{"rendered":"\t\t<div data-elementor-type=\"wp-post\" data-elementor-id=\"33890\" class=\"elementor elementor-33890\" data-elementor-post-type=\"post\">\n\t\t\t\t<div data-particle_enable=\"false\" data-particle-mobile-disabled=\"false\" class=\"elementor-element elementor-element-322c3e4 e-flex e-con-boxed e-con e-parent\" data-id=\"322c3e4\" data-element_type=\"container\" data-e-type=\"container\">\n\t\t\t\t\t<div class=\"e-con-inner\">\n\t\t\t\t<div class=\"elementor-element elementor-element-7dd0bbb elementor-widget elementor-widget-heading\" data-id=\"7dd0bbb\" data-element_type=\"widget\" data-e-type=\"widget\" data-widget_type=\"heading.default\">\n\t\t\t\t\t<h2 class=\"elementor-heading-title elementor-size-default\">Cuidar tus ojos debe ser esencial para vivir, por ello estas recomendaciones clave, te podr\u00edan servir. <\/h2>\t\t\t\t<\/div>\n\t\t\t\t\t<\/div>\n\t\t\t\t<\/div>\n\t\t<div data-particle_enable=\"false\" data-particle-mobile-disabled=\"false\" class=\"elementor-element elementor-element-61e4151 e-flex e-con-boxed e-con e-parent\" data-id=\"61e4151\" data-element_type=\"container\" data-e-type=\"container\">\n\t\t\t\t\t<div class=\"e-con-inner\">\n\t\t\t\t<div class=\"elementor-element elementor-element-e523191 elementor-widget elementor-widget-text-editor\" data-id=\"e523191\" data-element_type=\"widget\" data-e-type=\"widget\" data-widget_type=\"text-editor.default\">\n\t\t\t\t\t\t\t\t\t<p>Los ojos son uno de los \u00f3rganos m\u00e1s sensibles y expuestos a factores de riesgo tanto en el hogar, como en el trabajo y en la calle.<\/p><p>Mantener una buena salud ocular no solo ayuda a prevenir enfermedades, sino que tambi\u00e9n mejora la calidad de vida.<\/p><p>Aqu\u00ed te presentamos algunas recomendaciones pr\u00e1cticas para proteger tu visi\u00f3n en distintos entornos, dados por la <a href=\"https:\/\/ipc.org.gt\/\" target=\"_blank\" rel=\"noopener\">Asociaci\u00f3n Instituto Panamericano Contra la Ceguera.<\/a><\/p>\t\t\t\t\t\t\t\t<\/div>\n\t\t\t\t\t<\/div>\n\t\t\t\t<\/div>\n\t\t<div data-particle_enable=\"false\" data-particle-mobile-disabled=\"false\" class=\"elementor-element elementor-element-c5c3037 e-flex e-con-boxed e-con e-parent\" data-id=\"c5c3037\" data-element_type=\"container\" data-e-type=\"container\">\n\t\t\t\t\t<div class=\"e-con-inner\">\n\t\t\t\t<div class=\"elementor-element elementor-element-f61698c elementor-widget elementor-widget-heading\" data-id=\"f61698c\" data-element_type=\"widget\" data-e-type=\"widget\" data-widget_type=\"heading.default\">\n\t\t\t\t\t<h3 class=\"elementor-heading-title elementor-size-default\">En el trabajo: protecci\u00f3n frente a las pantallas y entornos riesgosos<\/h3>\t\t\t\t<\/div>\n\t\t\t\t\t<\/div>\n\t\t\t\t<\/div>\n\t\t<div data-particle_enable=\"false\" data-particle-mobile-disabled=\"false\" class=\"elementor-element elementor-element-0328934 e-flex e-con-boxed e-con e-parent\" data-id=\"0328934\" data-element_type=\"container\" data-e-type=\"container\">\n\t\t\t\t\t<div class=\"e-con-inner\">\n\t\t\t\t<div class=\"elementor-element elementor-element-102adc3 elementor-widget elementor-widget-text-editor\" data-id=\"102adc3\" data-element_type=\"widget\" data-e-type=\"widget\" data-widget_type=\"text-editor.default\">\n\t\t\t\t\t\t\t\t\t<div>En muchos empleos, especialmente los que implican el uso constante de computadoras o herramientas, los ojos est\u00e1n expuestos a riesgos constantes. <a href=\"https:\/\/ipc.org.gt\/\" target=\"_blank\" rel=\"noopener\">Para mantenerlos sanos:<\/a><\/div><div><strong>\u2022Aplica la regla 20-20-20:<\/strong> Cada 20 minutos, mira un objeto a 20 pies de distancia (6 metros) durante 20 segundos. Esto reduce la fatiga ocular.<\/div><div><strong>\u2022Usa gafas protectoras<\/strong>: Si trabajas con maquinaria pesada, qu\u00edmicos o herramientas cortantes, el uso de lentes de seguridad es esencial para prevenir accidentes oculares.<\/div><div><strong>\u2022Ajusta la iluminaci\u00f3n:<\/strong> La luz debe ser adecuada y no generar reflejos en la pantalla del computador. Adem\u00e1s, ajusta el brillo y contraste del monitor.<\/div><div><strong>\u2022Parpadea frecuentemente:<\/strong> Al mirar pantallas, solemos parpadear menos, lo que reseca los ojos. Hazlo conscientemente para mantenerlos hidratados.<\/div>\t\t\t\t\t\t\t\t<\/div>\n\t\t\t\t\t<\/div>\n\t\t\t\t<\/div>\n\t\t<div data-particle_enable=\"false\" data-particle-mobile-disabled=\"false\" class=\"elementor-element elementor-element-1f41246 e-flex e-con-boxed e-con e-parent\" data-id=\"1f41246\" data-element_type=\"container\" data-e-type=\"container\">\n\t\t\t\t\t<div class=\"e-con-inner\">\n\t\t\t\t<div class=\"elementor-element elementor-element-1478c1e elementor-widget elementor-widget-image\" data-id=\"1478c1e\" data-element_type=\"widget\" data-e-type=\"widget\" data-widget_type=\"image.default\">\n\t\t\t\t\t\t\t\t\t\t\t\t<figure class=\"wp-caption\">\n\t\t\t\t\t\t\t\t\t\t<img fetchpriority=\"high\" decoding=\"async\" width=\"768\" height=\"512\" src=\"https:\/\/soymigrante.com\/revista\/wp-content\/uploads\/2025\/05\/Como-cuidar-tus-ojos-en-el-trabajo-en-casa-y-en-la-calle-recomendaciones-clave2-1024x682.jpeg\" class=\"attachment-large size-large wp-image-33896\" alt=\"Innovador modelo de ojo humano con dise\u00f1o en forma de cerebro, ilustraci\u00f3n educativa sobre la visi\u00f3n y la neurociencia.\" srcset=\"https:\/\/soymigrante.com\/revista\/wp-content\/uploads\/2025\/05\/Como-cuidar-tus-ojos-en-el-trabajo-en-casa-y-en-la-calle-recomendaciones-clave2-1024x682.jpeg 1024w, https:\/\/soymigrante.com\/revista\/wp-content\/uploads\/2025\/05\/Como-cuidar-tus-ojos-en-el-trabajo-en-casa-y-en-la-calle-recomendaciones-clave2-300x200.jpeg 300w, https:\/\/soymigrante.com\/revista\/wp-content\/uploads\/2025\/05\/Como-cuidar-tus-ojos-en-el-trabajo-en-casa-y-en-la-calle-recomendaciones-clave2-768x512.jpeg 768w, https:\/\/soymigrante.com\/revista\/wp-content\/uploads\/2025\/05\/Como-cuidar-tus-ojos-en-el-trabajo-en-casa-y-en-la-calle-recomendaciones-clave2-1536x1023.jpeg 1536w, https:\/\/soymigrante.com\/revista\/wp-content\/uploads\/2025\/05\/Como-cuidar-tus-ojos-en-el-trabajo-en-casa-y-en-la-calle-recomendaciones-clave2-750x500.webp 750w, https:\/\/soymigrante.com\/revista\/wp-content\/uploads\/2025\/05\/Como-cuidar-tus-ojos-en-el-trabajo-en-casa-y-en-la-calle-recomendaciones-clave2-1140x760.webp 1140w, https:\/\/soymigrante.com\/revista\/wp-content\/uploads\/2025\/05\/Como-cuidar-tus-ojos-en-el-trabajo-en-casa-y-en-la-calle-recomendaciones-clave2.webp 1600w\" sizes=\"(max-width: 768px) 100vw, 768px\" title=\"C\u00f3mo cuidar tus ojos en el trabajo, en casa y en la calle recomendaciones clave2 \u2013 SoyMigrante.com REVISTA\" \/>\t\t\t\t\t\t\t\t\t\t\t<figcaption class=\"widget-image-caption wp-caption-text\">Analiza el ojo humano con gr\u00e1ficos del cerebro y estructuras internas para educaci\u00f3n m\u00e9dica y cient\u00edfica.<\/figcaption>\n\t\t\t\t\t\t\t\t\t\t<\/figure>\n\t\t\t\t\t\t\t\t\t<\/div>\n\t\t\t\t\t<\/div>\n\t\t\t\t<\/div>\n\t\t<div data-particle_enable=\"false\" data-particle-mobile-disabled=\"false\" class=\"elementor-element elementor-element-6b2f5c9 e-flex e-con-boxed e-con e-parent\" data-id=\"6b2f5c9\" data-element_type=\"container\" data-e-type=\"container\">\n\t\t\t\t\t<div class=\"e-con-inner\">\n\t\t\t\t<div class=\"elementor-element elementor-element-b0e7117 elementor-widget elementor-widget-heading\" data-id=\"b0e7117\" data-element_type=\"widget\" data-e-type=\"widget\" data-widget_type=\"heading.default\">\n\t\t\t\t\t<h3 class=\"elementor-heading-title elementor-size-default\">En casa: h\u00e1bitos saludables y prevenci\u00f3n<\/h3>\t\t\t\t<\/div>\n\t\t\t\t\t<\/div>\n\t\t\t\t<\/div>\n\t\t<div data-particle_enable=\"false\" data-particle-mobile-disabled=\"false\" class=\"elementor-element elementor-element-e166576 e-flex e-con-boxed e-con e-parent\" data-id=\"e166576\" data-element_type=\"container\" data-e-type=\"container\">\n\t\t\t\t\t<div class=\"e-con-inner\">\n\t\t\t\t<div class=\"elementor-element elementor-element-a07d31f elementor-widget elementor-widget-text-editor\" data-id=\"a07d31f\" data-element_type=\"widget\" data-e-type=\"widget\" data-widget_type=\"text-editor.default\">\n\t\t\t\t\t\t\t\t\t<div><a href=\"https:\/\/ipc.org.gt\/\" target=\"_blank\" rel=\"noopener\">En casa, las actividades cotidianas tambi\u00e9n pueden afectar la vista.<\/a> Aqu\u00ed algunos consejos:<\/div><div><strong>\u2022Protege los ojos del polvo y agentes irritantes<\/strong>: Si realizas labores de limpieza o jardiner\u00eda, usa gafas para evitar el contacto con part\u00edculas o productos qu\u00edmicos.<\/div><div><strong>\u2022Mant\u00e9n una alimentaci\u00f3n rica en vitamina A<\/strong>: Consumir zanahorias, espinacas y otros alimentos ricos en betacarotenos ayuda a mantener una buena salud ocular.<\/div><div><strong>\u2022Evita el uso excesivo de pantallas antes de dormir:<\/strong> La luz azul afecta la producci\u00f3n de melatonina y puede da\u00f1ar la retina a largo plazo.<\/div><div><strong>\u2022Realiza ejercicios oculares:<\/strong> Girar los ojos en c\u00edrculos o enfocar objetos a distintas distancias puede aliviar la fatiga visual.<\/div>\t\t\t\t\t\t\t\t<\/div>\n\t\t\t\t\t<\/div>\n\t\t\t\t<\/div>\n\t\t<div data-particle_enable=\"false\" data-particle-mobile-disabled=\"false\" class=\"elementor-element elementor-element-92bf468 e-flex e-con-boxed e-con e-parent\" data-id=\"92bf468\" data-element_type=\"container\" data-e-type=\"container\">\n\t\t\t\t\t<div class=\"e-con-inner\">\n\t\t\t\t<div class=\"elementor-element elementor-element-163edfc elementor-widget elementor-widget-image\" data-id=\"163edfc\" data-element_type=\"widget\" data-e-type=\"widget\" data-widget_type=\"image.default\">\n\t\t\t\t\t\t\t\t\t\t\t\t<figure class=\"wp-caption\">\n\t\t\t\t\t\t\t\t\t\t<img decoding=\"async\" width=\"768\" height=\"512\" src=\"https:\/\/soymigrante.com\/revista\/wp-content\/uploads\/2025\/05\/Como-cuidar-tus-ojos-en-el-trabajo-en-casa-y-en-la-calle-recomendaciones-clave-1024x682.jpeg\" class=\"attachment-large size-large wp-image-33898\" alt=\"Radiograf\u00eda de una mujer usando un equipo de exploraci\u00f3n m\u00e9dica, atenci\u00f3n en salud y tecnolog\u00eda en la medicina. Fotograf\u00eda moderna sobre avances en diagn\u00f3stico y atenci\u00f3n sanitaria.\" srcset=\"https:\/\/soymigrante.com\/revista\/wp-content\/uploads\/2025\/05\/Como-cuidar-tus-ojos-en-el-trabajo-en-casa-y-en-la-calle-recomendaciones-clave-1024x682.jpeg 1024w, https:\/\/soymigrante.com\/revista\/wp-content\/uploads\/2025\/05\/Como-cuidar-tus-ojos-en-el-trabajo-en-casa-y-en-la-calle-recomendaciones-clave-300x200.jpeg 300w, https:\/\/soymigrante.com\/revista\/wp-content\/uploads\/2025\/05\/Como-cuidar-tus-ojos-en-el-trabajo-en-casa-y-en-la-calle-recomendaciones-clave-768x512.jpeg 768w, https:\/\/soymigrante.com\/revista\/wp-content\/uploads\/2025\/05\/Como-cuidar-tus-ojos-en-el-trabajo-en-casa-y-en-la-calle-recomendaciones-clave-1536x1023.jpeg 1536w, https:\/\/soymigrante.com\/revista\/wp-content\/uploads\/2025\/05\/Como-cuidar-tus-ojos-en-el-trabajo-en-casa-y-en-la-calle-recomendaciones-clave-750x500.jpeg 750w, https:\/\/soymigrante.com\/revista\/wp-content\/uploads\/2025\/05\/Como-cuidar-tus-ojos-en-el-trabajo-en-casa-y-en-la-calle-recomendaciones-clave-1140x760.jpeg 1140w, https:\/\/soymigrante.com\/revista\/wp-content\/uploads\/2025\/05\/Como-cuidar-tus-ojos-en-el-trabajo-en-casa-y-en-la-calle-recomendaciones-clave.webp 1600w\" sizes=\"(max-width: 768px) 100vw, 768px\" title=\"C\u00f3mo cuidar tus ojos en el trabajo, en casa y en la calle recomendaciones clave \u2013 SoyMigrante.com REVISTA\" \/>\t\t\t\t\t\t\t\t\t\t\t<figcaption class=\"widget-image-caption wp-caption-text\">Personas migrantes y salud, tecnolog\u00eda m\u00e9dica, atenci\u00f3n sanitaria, exploraci\u00f3n m\u00e9dica, innovaci\u00f3n en salud.<\/figcaption>\n\t\t\t\t\t\t\t\t\t\t<\/figure>\n\t\t\t\t\t\t\t\t\t<\/div>\n\t\t\t\t\t<\/div>\n\t\t\t\t<\/div>\n\t\t<div data-particle_enable=\"false\" data-particle-mobile-disabled=\"false\" class=\"elementor-element elementor-element-2614003 e-flex e-con-boxed e-con e-parent\" data-id=\"2614003\" data-element_type=\"container\" data-e-type=\"container\">\n\t\t\t\t\t<div class=\"e-con-inner\">\n\t\t\t\t<div class=\"elementor-element elementor-element-261567b elementor-widget elementor-widget-heading\" data-id=\"261567b\" data-element_type=\"widget\" data-e-type=\"widget\" data-widget_type=\"heading.default\">\n\t\t\t\t\t<h3 class=\"elementor-heading-title elementor-size-default\">En la calle: protecci\u00f3n frente a factores externos<\/h3>\t\t\t\t<\/div>\n\t\t\t\t\t<\/div>\n\t\t\t\t<\/div>\n\t\t<div data-particle_enable=\"false\" data-particle-mobile-disabled=\"false\" class=\"elementor-element elementor-element-1f84956 e-flex e-con-boxed e-con e-parent\" data-id=\"1f84956\" data-element_type=\"container\" data-e-type=\"container\">\n\t\t\t\t\t<div class=\"e-con-inner\">\n\t\t\t\t<div class=\"elementor-element elementor-element-cc1ee29 elementor-widget elementor-widget-text-editor\" data-id=\"cc1ee29\" data-element_type=\"widget\" data-e-type=\"widget\" data-widget_type=\"text-editor.default\">\n\t\t\t\t\t\t\t\t\t<div><a href=\"https:\/\/ipc.org.gt\/\" target=\"_blank\" rel=\"noopener\">La exposici\u00f3n a la luz solar y a elementos ambientales tambi\u00e9n puede afectar la vista<\/a>. Para cuidarte:<\/div><div><strong>\u2022Usa gafas de sol con protecci\u00f3n UV:<\/strong> Los rayos ultravioleta pueden da\u00f1ar la c\u00f3rnea y la retina, aumentando el riesgo de cataratas.<\/div><div><strong>\u2022Lleva un sombrero o gorra:<\/strong> Esto protege los ojos del polvo, el viento y los reflejos solares intensos.<\/div><div><strong>\u2022Evita frotarte los ojos<\/strong>: En espacios p\u00fablicos, las manos pueden estar en contacto con bacterias que pueden causar infecciones oculares.<\/div><div><strong>\u2022Mant\u00e9n una botella de l\u00e1grimas artificiales:<\/strong> Si vives en un lugar con clima seco o polvoriento, es \u00fatil mantener los ojos hidratados.<\/div>\t\t\t\t\t\t\t\t<\/div>\n\t\t\t\t\t<\/div>\n\t\t\t\t<\/div>\n\t\t<div data-particle_enable=\"false\" data-particle-mobile-disabled=\"false\" class=\"elementor-element elementor-element-3ff870a e-flex e-con-boxed e-con e-parent\" data-id=\"3ff870a\" data-element_type=\"container\" data-e-type=\"container\">\n\t\t\t\t\t<div class=\"e-con-inner\">\n\t\t\t\t<div class=\"elementor-element elementor-element-f9b9bfd elementor-widget elementor-widget-image\" data-id=\"f9b9bfd\" data-element_type=\"widget\" data-e-type=\"widget\" data-widget_type=\"image.default\">\n\t\t\t\t\t\t\t\t\t\t\t\t<figure class=\"wp-caption\">\n\t\t\t\t\t\t\t\t\t\t<img decoding=\"async\" width=\"768\" height=\"512\" src=\"https:\/\/soymigrante.com\/revista\/wp-content\/uploads\/2025\/05\/Como-cuidar-tus-ojos-en-el-trabajo-en-casa-y-en-la-calle-recomendaciones-clave4-1024x682.jpeg\" class=\"attachment-large size-large wp-image-33897\" alt=\"Visi\u00f3n y salud ocular, revisi\u00f3n oftalmol\u00f3gica, diagn\u00f3stico visual, optometr\u00eda, examen de vista.\" srcset=\"https:\/\/soymigrante.com\/revista\/wp-content\/uploads\/2025\/05\/Como-cuidar-tus-ojos-en-el-trabajo-en-casa-y-en-la-calle-recomendaciones-clave4-1024x682.jpeg 1024w, https:\/\/soymigrante.com\/revista\/wp-content\/uploads\/2025\/05\/Como-cuidar-tus-ojos-en-el-trabajo-en-casa-y-en-la-calle-recomendaciones-clave4-300x200.jpeg 300w, https:\/\/soymigrante.com\/revista\/wp-content\/uploads\/2025\/05\/Como-cuidar-tus-ojos-en-el-trabajo-en-casa-y-en-la-calle-recomendaciones-clave4-768x512.jpeg 768w, https:\/\/soymigrante.com\/revista\/wp-content\/uploads\/2025\/05\/Como-cuidar-tus-ojos-en-el-trabajo-en-casa-y-en-la-calle-recomendaciones-clave4-1536x1023.jpeg 1536w, https:\/\/soymigrante.com\/revista\/wp-content\/uploads\/2025\/05\/Como-cuidar-tus-ojos-en-el-trabajo-en-casa-y-en-la-calle-recomendaciones-clave4-750x500.webp 750w, https:\/\/soymigrante.com\/revista\/wp-content\/uploads\/2025\/05\/Como-cuidar-tus-ojos-en-el-trabajo-en-casa-y-en-la-calle-recomendaciones-clave4-1140x760.webp 1140w, https:\/\/soymigrante.com\/revista\/wp-content\/uploads\/2025\/05\/Como-cuidar-tus-ojos-en-el-trabajo-en-casa-y-en-la-calle-recomendaciones-clave4.webp 1600w\" sizes=\"(max-width: 768px) 100vw, 768px\" title=\"C\u00f3mo cuidar tus ojos en el trabajo, en casa y en la calle recomendaciones clave4 \u2013 SoyMigrante.com REVISTA\" \/>\t\t\t\t\t\t\t\t\t\t\t<figcaption class=\"widget-image-caption wp-caption-text\">Examen de la vista para detecci\u00f3n de problemas oculares en mujeres, atenci\u00f3n de salud ocular, \u00f3ptica, cuidado visual en cl\u00ednicas oftalmol\u00f3gicas.<\/figcaption>\n\t\t\t\t\t\t\t\t\t\t<\/figure>\n\t\t\t\t\t\t\t\t\t<\/div>\n\t\t\t\t\t<\/div>\n\t\t\t\t<\/div>\n\t\t<div data-particle_enable=\"false\" data-particle-mobile-disabled=\"false\" class=\"elementor-element elementor-element-9dc12a6 e-flex e-con-boxed e-con e-parent\" data-id=\"9dc12a6\" data-element_type=\"container\" data-e-type=\"container\">\n\t\t\t\t\t<div class=\"e-con-inner\">\n\t\t\t\t<div class=\"elementor-element elementor-element-4564e7b elementor-widget elementor-widget-heading\" data-id=\"4564e7b\" data-element_type=\"widget\" data-e-type=\"widget\" data-widget_type=\"heading.default\">\n\t\t\t\t\t<h3 class=\"elementor-heading-title elementor-size-default\">Revisiones peri\u00f3dicas: clave para una buena salud ocular<\/h3>\t\t\t\t<\/div>\n\t\t\t\t\t<\/div>\n\t\t\t\t<\/div>\n\t\t<div data-particle_enable=\"false\" data-particle-mobile-disabled=\"false\" class=\"elementor-element elementor-element-e5d4fc9 e-flex e-con-boxed e-con e-parent\" data-id=\"e5d4fc9\" data-element_type=\"container\" data-e-type=\"container\">\n\t\t\t\t\t<div class=\"e-con-inner\">\n\t\t\t\t<div class=\"elementor-element elementor-element-2849803 elementor-widget elementor-widget-text-editor\" data-id=\"2849803\" data-element_type=\"widget\" data-e-type=\"widget\" data-widget_type=\"text-editor.default\">\n\t\t\t\t\t\t\t\t\t<p>Adem\u00e1s de seguir estos consejos, es fundamental realizarse ex\u00e1menes oculares al menos<a href=\"https:\/\/ipc.org.gt\/\" target=\"_blank\" rel=\"noopener\"> una vez al a\u00f1o, especialmente si se usan lentes correctivos o si se tiene predisposici\u00f3n a enfermedades oculares como el glaucoma o la degeneraci\u00f3n macular.<\/a><\/p><p>Mantener una visi\u00f3n saludable no solo es cuesti\u00f3n de h\u00e1bitos, sino de prevenci\u00f3n y atenci\u00f3n temprana ante cualquier s\u00edntoma inusual.<\/p>\t\t\t\t\t\t\t\t<\/div>\n\t\t\t\t\t<\/div>\n\t\t\t\t<\/div>\n\t\t<div data-particle_enable=\"false\" data-particle-mobile-disabled=\"false\" class=\"elementor-element elementor-element-19450f1 e-flex e-con-boxed e-con e-parent\" data-id=\"19450f1\" data-element_type=\"container\" data-e-type=\"container\">\n\t\t\t\t\t<div class=\"e-con-inner\">\n\t\t\t\t<div class=\"elementor-element elementor-element-b1053ec elementor-widget elementor-widget-heading\" data-id=\"b1053ec\" data-element_type=\"widget\" data-e-type=\"widget\" data-widget_type=\"heading.default\">\n\t\t\t\t\t<h2 class=\"elementor-heading-title elementor-size-default\">Conoce m\u00e1s temas para proteger tu salud, ac\u00e1...<\/h2>\t\t\t\t<\/div>\n\t\t\t\t\t<\/div>\n\t\t\t\t<\/div>\n\t\t<div data-particle_enable=\"false\" data-particle-mobile-disabled=\"false\" class=\"elementor-element elementor-element-ad52115 e-flex e-con-boxed e-con e-parent\" data-id=\"ad52115\" data-element_type=\"container\" data-e-type=\"container\">\n\t\t\t\t\t<div class=\"e-con-inner\">\n\t\t\t\t<div class=\"elementor-element elementor-element-810cf7c elementor-grid-eael-col-3 elementor-grid-tablet-eael-col-2 elementor-grid-mobile-eael-col-1 elementor-widget elementor-widget-eael-post-grid\" data-id=\"810cf7c\" data-element_type=\"widget\" data-e-type=\"widget\" data-settings=\"{&quot;eael_post_grid_columns&quot;:&quot;eael-col-3&quot;,&quot;eael_post_grid_columns_tablet&quot;:&quot;eael-col-2&quot;,&quot;eael_post_grid_columns_mobile&quot;:&quot;eael-col-1&quot;}\" data-widget_type=\"eael-post-grid.default\">\n\t\t\t\t\t<div id=\"eael-post-grid-810cf7c\" class=\"eael-post-grid-container\">\n            <div class=\"eael-post-grid eael-post-appender eael-post-appender-810cf7c eael-post-grid-style-one\" data-layout-mode=\"masonry\"><article class=\"eael-grid-post  eael-post-grid-column eael-pg-post-12606 category-bienestar\" data-id=\"12606\">\n        <div class=\"eael-grid-post-holder\">\n            <div class=\"eael-grid-post-holder-inner\"><div class=\"eael-entry-media\"><div class=\"eael-entry-overlay fade-in\"><i class=\"far fa-hand-pointer\" aria-hidden=\"true\"><\/i><a href=\"https:\/\/soymigrante.com\/revista\/salud-bucal-de-los-ninos-migrantes-todo-reto-tiene-una-solucion\/\"><\/a><\/div><div class=\"eael-entry-thumbnail \">\n                <img loading=\"lazy\" decoding=\"async\" width=\"1024\" height=\"1024\" src=\"https:\/\/soymigrante.com\/revista\/wp-content\/uploads\/2024\/11\/Salud-bucal-de-los-nin\u0303os-migrantes-Retos-y-soluciones--scaled-e1731012276108-1024x1024.webp\" class=\"attachment-large size-large wp-image-12608\" alt=\"Salud bucal de los ni\u00f1os migrantes: Retos y soluciones\" srcset=\"https:\/\/soymigrante.com\/revista\/wp-content\/uploads\/2024\/11\/Salud-bucal-de-los-nin\u0303os-migrantes-Retos-y-soluciones--scaled-e1731012276108-1024x1024.webp 1024w, https:\/\/soymigrante.com\/revista\/wp-content\/uploads\/2024\/11\/Salud-bucal-de-los-nin\u0303os-migrantes-Retos-y-soluciones--scaled-e1731012276108-300x300.webp 300w, https:\/\/soymigrante.com\/revista\/wp-content\/uploads\/2024\/11\/Salud-bucal-de-los-nin\u0303os-migrantes-Retos-y-soluciones--scaled-e1731012276108-150x150.webp 150w, https:\/\/soymigrante.com\/revista\/wp-content\/uploads\/2024\/11\/Salud-bucal-de-los-nin\u0303os-migrantes-Retos-y-soluciones--scaled-e1731012276108-768x768.webp 768w, https:\/\/soymigrante.com\/revista\/wp-content\/uploads\/2024\/11\/Salud-bucal-de-los-nin\u0303os-migrantes-Retos-y-soluciones--scaled-e1731012276108-75x75.webp 75w, https:\/\/soymigrante.com\/revista\/wp-content\/uploads\/2024\/11\/Salud-bucal-de-los-nin\u0303os-migrantes-Retos-y-soluciones--scaled-e1731012276108-750x750.webp 750w, https:\/\/soymigrante.com\/revista\/wp-content\/uploads\/2024\/11\/Salud-bucal-de-los-nin\u0303os-migrantes-Retos-y-soluciones--scaled-e1731012276108-1140x1140.webp 1140w, https:\/\/soymigrante.com\/revista\/wp-content\/uploads\/2024\/11\/Salud-bucal-de-los-nin\u0303os-migrantes-Retos-y-soluciones--scaled-e1731012276108.webp 1280w\" sizes=\"(max-width: 1024px) 100vw, 1024px\" \/>\n            <\/div>\n        <\/div><div class=\"eael-entry-wrapper\"><header class=\"eael-entry-header\"><h2 class=\"eael-entry-title\"><a class=\"eael-grid-post-link\" href=\"https:\/\/soymigrante.com\/revista\/salud-bucal-de-los-ninos-migrantes-todo-reto-tiene-una-solucion\/\" title=\"Salud bucal de los ni\u00f1os migrantes: todo reto tiene una soluci\u00f3n\">Salud bucal de los ni\u00f1os migrantes: todo reto tiene una soluci\u00f3n<\/a><\/h2><\/header><div class=\"eael-entry-content\">\n                        <div class=\"eael-grid-post-excerpt\"><a href=\"https:\/\/soymigrante.com\/revista\/salud-bucal-de-los-ninos-migrantes-todo-reto-tiene-una-solucion\/\" class=\"eael-post-elements-readmore-btn\">CONOCE SU HISTORIA <\/a><\/div>\n                    <\/div><\/div><\/div>\n        <\/div>\n    <\/article><article class=\"eael-grid-post  eael-post-grid-column eael-pg-post-10022 category-guate-nuestra\" data-id=\"10022\">\n        <div class=\"eael-grid-post-holder\">\n            <div class=\"eael-grid-post-holder-inner\"><div class=\"eael-entry-media\"><div class=\"eael-entry-overlay fade-in\"><i class=\"far fa-hand-pointer\" aria-hidden=\"true\"><\/i><a href=\"https:\/\/soymigrante.com\/revista\/tres-comidas-guatemaltecas-que-son-saludables-por-sus-ingredientes-prehispanicos\/\"><\/a><\/div><div class=\"eael-entry-thumbnail \">\n                <img loading=\"lazy\" decoding=\"async\" width=\"760\" height=\"760\" src=\"https:\/\/soymigrante.com\/revista\/wp-content\/uploads\/2024\/10\/feature-comida-saludable.webp\" class=\"attachment-large size-large wp-image-10024\" alt=\"Deleite de un plato tradicional mexicano con pollo, arroz, tortillas y vegetales frescos en un ambiente cultural. Ideal para quienes buscan gastronom\u00eda aut\u00e9ntica y sabores tradicionales.\" srcset=\"https:\/\/soymigrante.com\/revista\/wp-content\/uploads\/2024\/10\/feature-comida-saludable.webp 760w, https:\/\/soymigrante.com\/revista\/wp-content\/uploads\/2024\/10\/feature-comida-saludable-300x300.webp 300w, https:\/\/soymigrante.com\/revista\/wp-content\/uploads\/2024\/10\/feature-comida-saludable-150x150.webp 150w, https:\/\/soymigrante.com\/revista\/wp-content\/uploads\/2024\/10\/feature-comida-saludable-75x75.webp 75w, https:\/\/soymigrante.com\/revista\/wp-content\/uploads\/2024\/10\/feature-comida-saludable-750x750.webp 750w\" sizes=\"(max-width: 760px) 100vw, 760px\" \/>\n            <\/div>\n        <\/div><div class=\"eael-entry-wrapper\"><header class=\"eael-entry-header\"><h2 class=\"eael-entry-title\"><a class=\"eael-grid-post-link\" href=\"https:\/\/soymigrante.com\/revista\/tres-comidas-guatemaltecas-que-son-saludables-por-sus-ingredientes-prehispanicos\/\" title=\"Tres comidas guatemaltecas que son saludables por sus ingredientes prehisp\u00e1nicos\">Tres comidas guatemaltecas que son saludables por sus ingredientes prehisp\u00e1nicos<\/a><\/h2><\/header><div class=\"eael-entry-content\">\n                        <div class=\"eael-grid-post-excerpt\"><a href=\"https:\/\/soymigrante.com\/revista\/tres-comidas-guatemaltecas-que-son-saludables-por-sus-ingredientes-prehispanicos\/\" class=\"eael-post-elements-readmore-btn\">CONOCE SU HISTORIA <\/a><\/div>\n                    <\/div><\/div><\/div>\n        <\/div>\n    <\/article><article class=\"eael-grid-post  eael-post-grid-column eael-pg-post-8203 category-bienestar\" data-id=\"8203\">\n        <div class=\"eael-grid-post-holder\">\n            <div class=\"eael-grid-post-holder-inner\"><div class=\"eael-entry-media\"><div class=\"eael-entry-overlay fade-in\"><i class=\"far fa-hand-pointer\" aria-hidden=\"true\"><\/i><a href=\"https:\/\/soymigrante.com\/revista\/como-cuidar-la-alimentacion-de-tus-hijos-instituto-americano-de-salud-digiestiva\/\"><\/a><\/div><div class=\"eael-entry-thumbnail \">\n                <img loading=\"lazy\" decoding=\"async\" width=\"792\" height=\"792\" src=\"https:\/\/soymigrante.com\/revista\/wp-content\/uploads\/2024\/08\/ALIMENTACION-INFANTIL.webp\" class=\"attachment-large size-large wp-image-8242\" alt=\"Disfrutando de una rodaja de sand\u00eda, ni\u00f1a comiendo fruta refrescante, verano, saludable, en el parque, sonriente, saludable y feliz.\" srcset=\"https:\/\/soymigrante.com\/revista\/wp-content\/uploads\/2024\/08\/ALIMENTACION-INFANTIL.webp 792w, https:\/\/soymigrante.com\/revista\/wp-content\/uploads\/2024\/08\/ALIMENTACION-INFANTIL-300x300.webp 300w, https:\/\/soymigrante.com\/revista\/wp-content\/uploads\/2024\/08\/ALIMENTACION-INFANTIL-150x150.webp 150w, https:\/\/soymigrante.com\/revista\/wp-content\/uploads\/2024\/08\/ALIMENTACION-INFANTIL-768x768.webp 768w, https:\/\/soymigrante.com\/revista\/wp-content\/uploads\/2024\/08\/ALIMENTACION-INFANTIL-75x75.webp 75w, https:\/\/soymigrante.com\/revista\/wp-content\/uploads\/2024\/08\/ALIMENTACION-INFANTIL-750x750.webp 750w\" sizes=\"(max-width: 792px) 100vw, 792px\" \/>\n            <\/div>\n        <\/div><div class=\"eael-entry-wrapper\"><header class=\"eael-entry-header\"><h2 class=\"eael-entry-title\"><a class=\"eael-grid-post-link\" href=\"https:\/\/soymigrante.com\/revista\/como-cuidar-la-alimentacion-de-tus-hijos-instituto-americano-de-salud-digiestiva\/\" title=\"C\u00f3mo cuidar la alimentaci\u00f3n de tus hijos: instituto americano de salud digestiva\">C\u00f3mo cuidar la alimentaci\u00f3n de tus hijos: instituto americano de salud digestiva<\/a><\/h2><\/header><div class=\"eael-entry-content\">\n                        <div class=\"eael-grid-post-excerpt\"><a href=\"https:\/\/soymigrante.com\/revista\/como-cuidar-la-alimentacion-de-tus-hijos-instituto-americano-de-salud-digiestiva\/\" class=\"eael-post-elements-readmore-btn\">CONOCE SU HISTORIA <\/a><\/div>\n                    <\/div><\/div><\/div>\n        <\/div>\n    <\/article><\/div>\n            <div class=\"clearfix\"><\/div>\n        <\/div>\t\t\t\t<\/div>\n\t\t\t\t\t<\/div>\n\t\t\t\t<\/div>\n\t\t\t\t<\/div>\n\t\t","protected":false},"excerpt":{"rendered":"<p>Cuidar tus ojos debe ser esencial para vivir, por ello estas recomendaciones clave, te podr\u00edan servir. Los ojos son uno de los \u00f3rganos m\u00e1s sensibles y expuestos a factores de riesgo tanto en el hogar, como en el trabajo y en la calle. Mantener una buena salud ocular no solo ayuda a prevenir enfermedades, sino [&hellip;]<\/p>\n","protected":false},"author":19,"featured_media":33929,"comment_status":"open","ping_status":"open","sticky":false,"template":"","format":"standard","meta":{"_acf_changed":false,"_eb_attr":"","footnotes":""},"categories":[55],"tags":[],"class_list":["post-33890","post","type-post","status-publish","format-standard","has-post-thumbnail","hentry","category-bienestar"],"acf":[],"aioseo_notices":[],"aioseo_head":"\n\t\t<!-- All in One SEO Pro 4.9.6.2 - aioseo.com -->\n\t<meta name=\"description\" content=\"Desde la lactancia se puede cuidar la ingesta de alimentos de los ni\u00f1os para que crezcan mejor. Estas son algunas claves accesibles y posibles en el hogar.\" \/>\n\t<meta name=\"robots\" content=\"max-snippet:-1, max-image-preview:large, max-video-preview:-1\" \/>\n\t<meta name=\"author\" content=\"Beatriz Tercero\"\/>\n\t<link rel=\"canonical\" href=\"https:\/\/soymigrante.com\/revista\/como-cuidar-la-alimentacion-de-tus-hijos-instituto-americano-de-salud-digiestiva\/\" \/>\n\t<meta name=\"generator\" content=\"All in One SEO Pro (AIOSEO) 4.9.6.2\" \/>\n\n\t\t<link rel=\"preconnect\" href=\"https:\/\/fonts.googleapis.com\" crossorigin>\n<link rel=\"preconnect\" href=\"https:\/\/fonts.gstatic.com\" crossorigin>\n\t\t<meta property=\"og:locale\" content=\"es_ES\" \/>\n\t\t<meta property=\"og:site_name\" content=\"SoyMigrante.com REVISTA \u2013 Nuestra misi\u00f3n es reconocer y dignificar al migrante.\" \/>\n\t\t<meta property=\"og:type\" content=\"article\" \/>\n\t\t<meta property=\"og:title\" content=\"Claves de nutrici\u00f3n infantil seg\u00fan instituto americano de salud digestiva\" \/>\n\t\t<meta property=\"og:description\" content=\"Desde la lactancia se puede cuidar la ingesta de alimentos de los ni\u00f1os para que crezcan mejor. Estas son algunas claves accesibles y posibles en el hogar.\" \/>\n\t\t<meta property=\"og:url\" content=\"https:\/\/soymigrante.com\/revista\/como-cuidar-la-alimentacion-de-tus-hijos-instituto-americano-de-salud-digiestiva\/\" \/>\n\t\t<meta property=\"og:image\" content=\"https:\/\/soymigrante.com\/revista\/wp-content\/uploads\/2024\/08\/ALIMENTACION-INFANTIL.webp\" \/>\n\t\t<meta property=\"og:image:secure_url\" content=\"https:\/\/soymigrante.com\/revista\/wp-content\/uploads\/2024\/08\/ALIMENTACION-INFANTIL.webp\" \/>\n\t\t<meta property=\"og:image:width\" content=\"792\" \/>\n\t\t<meta property=\"og:image:height\" content=\"792\" \/>\n\t\t<meta property=\"article:published_time\" content=\"2024-08-21T15:37:32+00:00\" \/>\n\t\t<meta property=\"article:modified_time\" content=\"2024-08-21T15:50:35+00:00\" \/>\n\t\t<meta property=\"article:publisher\" content=\"https:\/\/www.facebook.com\/soymigrantecom\" \/>\n\t\t<meta name=\"twitter:card\" content=\"summary_large_image\" \/>\n\t\t<meta name=\"twitter:site\" content=\"@SoyMigrante_com\" \/>\n\t\t<meta name=\"twitter:title\" content=\"Claves de nutrici\u00f3n infantil seg\u00fan instituto americano de salud digestiva\" \/>\n\t\t<meta name=\"twitter:description\" content=\"Desde la lactancia se puede cuidar la ingesta de alimentos de los ni\u00f1os para que crezcan mejor. Estas son algunas claves accesibles y posibles en el hogar.\" \/>\n\t\t<meta name=\"twitter:creator\" content=\"@SoyMigrante_com\" \/>\n\t\t<meta name=\"twitter:image\" content=\"https:\/\/soymigrante.com\/revista\/wp-content\/uploads\/2024\/08\/ALIMENTACION-INFANTIL.webp\" \/>\n\t\t<!-- All in One SEO Pro -->\r\n\t\t<title>Claves de nutrici\u00f3n infantil seg\u00fan instituto americano de salud digestiva<\/title>\n\n","aioseo_head_json":{"title":"Claves de nutrici\u00f3n infantil seg\u00fan instituto americano de salud digestiva","description":"Desde la lactancia se puede cuidar la ingesta de alimentos de los ni\u00f1os para que crezcan mejor. Estas son algunas claves accesibles y posibles en el hogar.","canonical_url":"https:\/\/soymigrante.com\/revista\/como-cuidar-la-alimentacion-de-tus-hijos-instituto-americano-de-salud-digiestiva\/","robots":"max-snippet:-1, max-image-preview:large, max-video-preview:-1","keywords":"","webmasterTools":{"miscellaneous":"&lt;link rel=\"preconnect\" href=\"https:\/\/fonts.googleapis.com\" crossorigin&gt;\n&lt;link rel=\"preconnect\" href=\"https:\/\/fonts.gstatic.com\" crossorigin&gt;"},"schema":null,"og:locale":"es_ES","og:site_name":"SoyMigrante.com REVISTA \u2013 Nuestra misi\u00f3n es reconocer y dignificar al migrante.","og:type":"article","og:title":"Claves de nutrici\u00f3n infantil seg\u00fan instituto americano de salud digestiva","og:description":"Desde la lactancia se puede cuidar la ingesta de alimentos de los ni\u00f1os para que crezcan mejor. Estas son algunas claves accesibles y posibles en el hogar.","og:url":"https:\/\/soymigrante.com\/revista\/como-cuidar-la-alimentacion-de-tus-hijos-instituto-americano-de-salud-digiestiva\/","og:image":"https:\/\/soymigrante.com\/revista\/wp-content\/uploads\/2024\/08\/ALIMENTACION-INFANTIL.webp","og:image:secure_url":"https:\/\/soymigrante.com\/revista\/wp-content\/uploads\/2024\/08\/ALIMENTACION-INFANTIL.webp","og:image:width":792,"og:image:height":792,"article:published_time":"2024-08-21T15:37:32+00:00","article:modified_time":"2024-08-21T15:50:35+00:00","article:publisher":"https:\/\/www.facebook.com\/soymigrantecom","twitter:card":"summary_large_image","twitter:site":"@SoyMigrante_com","twitter:title":"Claves de nutrici\u00f3n infantil seg\u00fan instituto americano de salud digestiva","twitter:description":"Desde la lactancia se puede cuidar la ingesta de alimentos de los ni\u00f1os para que crezcan mejor. Estas son algunas claves accesibles y posibles en el hogar.","twitter:creator":"@SoyMigrante_com","twitter:image":"https:\/\/soymigrante.com\/revista\/wp-content\/uploads\/2024\/08\/ALIMENTACION-INFANTIL.webp"},"aioseo_meta_data":{"post_id":"33890","title":"Cuida as\u00ed tus ojos en el trabajo, el hogar y el trabajo","description":"La vista es tan cotidiana que a veces podr\u00edamos descuidar algunas rutinas para el bienestar de los ojos. Claves claras y f\u00e1ciles de observar.","keywords":null,"keyphrases":{"focus":{"keyphrase":"Cuidar tus ojos","score":51,"analysis":{"keyphraseInTitle":{"score":3,"maxScore":9,"error":1},"keyphraseInDescription":{"score":3,"maxScore":9,"error":1},"keyphraseLength":{"score":9,"maxScore":9,"error":0,"length":3},"keyphraseInURL":{"score":5,"maxScore":5,"error":0},"keyphraseInIntroduction":{"score":3,"maxScore":9,"error":1},"keyphraseInSubHeadings":{"score":3,"maxScore":9,"error":1},"keyphraseInImageAlt":{"score":9,"maxScore":9,"error":0},"keywordDensity":{"score":0,"type":"low","maxScore":9,"error":1}}},"additional":[]},"primary_term":null,"canonical_url":null,"og_title":null,"og_description":null,"og_object_type":"default","og_image_type":"default","og_image_url":null,"og_image_width":null,"og_image_height":null,"og_image_custom_url":null,"og_image_custom_fields":null,"og_video":"","og_custom_url":null,"og_article_section":null,"og_article_tags":null,"twitter_use_og":false,"twitter_card":"default","twitter_image_type":"default","twitter_image_url":null,"twitter_image_custom_url":null,"twitter_image_custom_fields":null,"twitter_title":null,"twitter_description":null,"schema":{"blockGraphs":[],"customGraphs":[],"default":{"data":{"Article":[],"Course":[],"Dataset":[],"FAQPage":[],"Movie":[],"Person":[],"Product":[],"ProductReview":[],"Car":[],"Recipe":[],"Service":[],"SoftwareApplication":[],"WebPage":[]},"graphName":"none","isEnabled":true},"graphs":[]},"schema_type":"default","schema_type_options":null,"pillar_content":false,"robots_default":true,"robots_noindex":false,"robots_noarchive":false,"robots_nosnippet":false,"robots_nofollow":false,"robots_noimageindex":false,"robots_noodp":false,"robots_notranslate":false,"robots_max_snippet":"-1","robots_max_videopreview":"-1","robots_max_imagepreview":"large","priority":null,"frequency":"default","local_seo":null,"seo_analyzer_scan_date":"2025-10-09 05:18:13","breadcrumb_settings":null,"limit_modified_date":false,"reviewed_by":null,"open_ai":"{\"title\":{\"suggestions\":[],\"usage\":0},\"description\":{\"suggestions\":[],\"usage\":0}}","ai":null,"created":"2025-05-19 18:03:58","updated":"2026-02-04 23:43:56"},"aioseo_breadcrumb":"<div class=\"aioseo-breadcrumbs\"><span class=\"aioseo-breadcrumb\">\n\t<a href=\"https:\/\/soymigrante.com\/revista\" title=\"Home\">Home<\/a>\n<\/span><span class=\"aioseo-breadcrumb-separator\">\u00bb<\/span><span class=\"aioseo-breadcrumb\">\n\t<a href=\"https:\/\/soymigrante.com\/revista\/category\/bienestar\/\" title=\"Bienestar\">Bienestar<\/a>\n<\/span><span class=\"aioseo-breadcrumb-separator\">\u00bb<\/span><span class=\"aioseo-breadcrumb\">\n\tConsejos para cuidar tus ojos en el trabajo, en casa y en la calle\n<\/span><\/div>","aioseo_breadcrumb_json":[{"label":"Home","link":"https:\/\/soymigrante.com\/revista"},{"label":"Bienestar","link":"https:\/\/soymigrante.com\/revista\/category\/bienestar\/"},{"label":"Consejos para cuidar tus ojos en el trabajo, en casa y en la calle","link":"https:\/\/soymigrante.com\/revista\/consejopara-cuidar-tus-ojos-en-el-trabajo-en-casa-y-en-la-calle\/"}],"_links":{"self":[{"href":"https:\/\/soymigrante.com\/revista\/wp-json\/wp\/v2\/posts\/33890","targetHints":{"allow":["GET"]}}],"collection":[{"href":"https:\/\/soymigrante.com\/revista\/wp-json\/wp\/v2\/posts"}],"about":[{"href":"https:\/\/soymigrante.com\/revista\/wp-json\/wp\/v2\/types\/post"}],"author":[{"embeddable":true,"href":"https:\/\/soymigrante.com\/revista\/wp-json\/wp\/v2\/users\/19"}],"replies":[{"embeddable":true,"href":"https:\/\/soymigrante.com\/revista\/wp-json\/wp\/v2\/comments?post=33890"}],"version-history":[{"count":17,"href":"https:\/\/soymigrante.com\/revista\/wp-json\/wp\/v2\/posts\/33890\/revisions"}],"predecessor-version":[{"id":34088,"href":"https:\/\/soymigrante.com\/revista\/wp-json\/wp\/v2\/posts\/33890\/revisions\/34088"}],"wp:featuredmedia":[{"embeddable":true,"href":"https:\/\/soymigrante.com\/revista\/wp-json\/wp\/v2\/media\/33929"}],"wp:attachment":[{"href":"https:\/\/soymigrante.com\/revista\/wp-json\/wp\/v2\/media?parent=33890"}],"wp:term":[{"taxonomy":"category","embeddable":true,"href":"https:\/\/soymigrante.com\/revista\/wp-json\/wp\/v2\/categories?post=33890"},{"taxonomy":"post_tag","embeddable":true,"href":"https:\/\/soymigrante.com\/revista\/wp-json\/wp\/v2\/tags?post=33890"}],"curies":[{"name":"wp","href":"https:\/\/api.w.org\/{rel}","templated":true}]}}