{"id":3381,"date":"2023-11-19T07:28:10","date_gmt":"2023-11-19T13:28:10","guid":{"rendered":"https:\/\/soymigrante.com\/revista\/?p=3381"},"modified":"2024-11-01T11:00:05","modified_gmt":"2024-11-01T17:00:05","slug":"migrante-fredy-hernandez-impulsa-musica-arte-y-shukos-gourmet","status":"publish","type":"post","link":"https:\/\/soymigrante.com\/revista\/migrante-fredy-hernandez-impulsa-musica-arte-y-shukos-gourmet\/","title":{"rendered":"Migrante Fredy Hern\u00e1ndez impulsa m\u00fasica, arte y shukos gourmet"},"content":{"rendered":"\t\t<div data-elementor-type=\"wp-post\" data-elementor-id=\"3381\" class=\"elementor elementor-3381\" data-elementor-post-type=\"post\">\n\t\t\t\t\t\t<section data-particle_enable=\"false\" data-particle-mobile-disabled=\"false\" class=\"elementor-section elementor-top-section elementor-element elementor-element-1a44c19 elementor-section-boxed elementor-section-height-default elementor-section-height-default\" data-id=\"1a44c19\" data-element_type=\"section\" data-e-type=\"section\">\n\t\t\t\t\t\t<div class=\"elementor-container elementor-column-gap-default\">\n\t\t\t\t\t<div class=\"elementor-column elementor-col-100 elementor-top-column elementor-element elementor-element-1f806ed\" data-id=\"1f806ed\" data-element_type=\"column\" data-e-type=\"column\">\n\t\t\t<div class=\"elementor-widget-wrap elementor-element-populated\">\n\t\t\t\t\t\t<div class=\"elementor-element elementor-element-87151ae elementor-widget elementor-widget-heading\" data-id=\"87151ae\" data-element_type=\"widget\" data-e-type=\"widget\" data-widget_type=\"heading.default\">\n\t\t\t\t\t<h1 class=\"elementor-heading-title elementor-size-default\"><p><span>\"Guatemala me ha dado todo\" expresa el migrante Fredy Hern\u00e1ndez,  originario de Escuintla y residente en Massachussets, cuyos panes con creativos ingredientes se abren paso en el gusto de lugare\u00f1os y visitantes.<\/span><\/p><\/h1>\t\t\t\t<\/div>\n\t\t\t\t\t<\/div>\n\t\t<\/div>\n\t\t\t\t\t<\/div>\n\t\t<\/section>\n\t\t\t\t<section data-particle_enable=\"false\" data-particle-mobile-disabled=\"false\" class=\"elementor-section elementor-top-section elementor-element elementor-element-a68b56e elementor-section-boxed elementor-section-height-default elementor-section-height-default\" data-id=\"a68b56e\" data-element_type=\"section\" data-e-type=\"section\">\n\t\t\t\t\t\t<div class=\"elementor-container elementor-column-gap-default\">\n\t\t\t\t\t<div class=\"elementor-column elementor-col-100 elementor-top-column elementor-element elementor-element-532675d\" data-id=\"532675d\" data-element_type=\"column\" data-e-type=\"column\">\n\t\t\t<div class=\"elementor-widget-wrap elementor-element-populated\">\n\t\t\t\t\t\t<div class=\"elementor-element elementor-element-3403926 elementor-widget elementor-widget-video\" data-id=\"3403926\" data-element_type=\"widget\" data-e-type=\"widget\" data-settings=\"{&quot;video_type&quot;:&quot;hosted&quot;,&quot;end&quot;:21,&quot;autoplay&quot;:&quot;yes&quot;,&quot;controls&quot;:&quot;yes&quot;}\" data-widget_type=\"video.default\">\n\t\t\t\t\t\t\t<div class=\"e-hosted-video elementor-wrapper elementor-open-inline\">\n\t\t\t\t\t<video class=\"elementor-video\" src=\"https:\/\/soymigrante.com\/revista\/wp-content\/uploads\/2023\/11\/SHUKOS-DEL-migrante-fredy-hernandez.mp4#t=,21\" autoplay=\"\" controls=\"\" controlsList=\"nodownload\"><\/video>\n\t\t\t\t<\/div>\n\t\t\t\t\t\t<\/div>\n\t\t\t\t\t<\/div>\n\t\t<\/div>\n\t\t\t\t\t<\/div>\n\t\t<\/section>\n\t\t\t\t<section data-particle_enable=\"false\" data-particle-mobile-disabled=\"false\" class=\"elementor-section elementor-top-section elementor-element elementor-element-d594ac5 elementor-section-boxed elementor-section-height-default elementor-section-height-default\" data-id=\"d594ac5\" data-element_type=\"section\" data-e-type=\"section\">\n\t\t\t\t\t\t<div class=\"elementor-container elementor-column-gap-default\">\n\t\t\t\t\t<div class=\"elementor-column elementor-col-100 elementor-top-column elementor-element elementor-element-d5822ed\" data-id=\"d5822ed\" data-element_type=\"column\" data-e-type=\"column\">\n\t\t\t<div class=\"elementor-widget-wrap elementor-element-populated\">\n\t\t\t\t\t\t<div class=\"elementor-element elementor-element-96c5cab elementor-widget elementor-widget-heading\" data-id=\"96c5cab\" data-element_type=\"widget\" data-e-type=\"widget\" data-widget_type=\"heading.default\">\n\t\t\t\t\t<h2 class=\"elementor-heading-title elementor-size-default\">\"Casi soy migrante de nacimiento\" <\/h2>\t\t\t\t<\/div>\n\t\t\t\t\t<\/div>\n\t\t<\/div>\n\t\t\t\t\t<\/div>\n\t\t<\/section>\n\t\t\t\t<section data-particle_enable=\"false\" data-particle-mobile-disabled=\"false\" class=\"elementor-section elementor-top-section elementor-element elementor-element-ad49378 elementor-section-boxed elementor-section-height-default elementor-section-height-default\" data-id=\"ad49378\" data-element_type=\"section\" data-e-type=\"section\">\n\t\t\t\t\t\t<div class=\"elementor-container elementor-column-gap-default\">\n\t\t\t\t\t<div class=\"elementor-column elementor-col-100 elementor-top-column elementor-element elementor-element-7e95ccf\" data-id=\"7e95ccf\" data-element_type=\"column\" data-e-type=\"column\">\n\t\t\t<div class=\"elementor-widget-wrap elementor-element-populated\">\n\t\t\t\t\t\t<div class=\"elementor-element elementor-element-0ffbd8a elementor-widget elementor-widget-text-editor\" data-id=\"0ffbd8a\" data-element_type=\"widget\" data-e-type=\"widget\" data-widget_type=\"text-editor.default\">\n\t\t\t\t\t\t\t\t\t<p><span style=\"color: var( --e-global-color-text );\">S\u00ed,\u00a0<\/span><span style=\"color: var( --e-global-color-text );\">Fredy Hern\u00e1ndez se considera pr\u00e1cticamente un migrante de nacimiento. Su pap\u00e1 era de Santa Cruz del Quich\u00e9 y su mam\u00e1 de Santa Luc\u00eda Cotzumalguapa. \u00c9l naci\u00f3 en Escuintla, pero a corta edad lo llevaron a vivir a la capital. Y desde hace 11 a\u00f1os radica en Great Barrington, Massachussets.<\/span><\/p><p><span lang=\"ES-MX\">Estudi\u00f3 la carrera universitaria de Mercadeo, tuvo una banda llamada N\u00f3madas en Guatemala. \u201cToc\u00e1bamos all\u00e1 por la avenida Bol\u00edvar, zona 8 de Guatemala\u201d, cuenta. Le gustaba el dise\u00f1o gr\u00e1fico y la pintura, pero al llegar a Estados Unidos como migrante, tuvo que empezar lavando platos en restaurantes.\u00a0<\/span><\/p><p><span lang=\"ES-MX\">Sin embargo, en su constante af\u00e1n de aprendizaje, hoy se dedica de nuevo al arte y tambi\u00e9n a su emprendimiento de s\u00e1ndwiches basados en el concepto de los \u201cshukos\u201d guatemaltecos.\u00a0<\/span><\/p>\t\t\t\t\t\t\t\t<\/div>\n\t\t\t\t\t<\/div>\n\t\t<\/div>\n\t\t\t\t\t<\/div>\n\t\t<\/section>\n\t\t\t\t<section data-particle_enable=\"false\" data-particle-mobile-disabled=\"false\" class=\"elementor-section elementor-top-section elementor-element elementor-element-355c43e elementor-section-boxed elementor-section-height-default elementor-section-height-default\" data-id=\"355c43e\" data-element_type=\"section\" data-e-type=\"section\">\n\t\t\t\t\t\t<div class=\"elementor-container elementor-column-gap-default\">\n\t\t\t\t\t<div class=\"elementor-column elementor-col-100 elementor-top-column elementor-element elementor-element-8cc4dae\" data-id=\"8cc4dae\" data-element_type=\"column\" data-e-type=\"column\">\n\t\t\t<div class=\"elementor-widget-wrap elementor-element-populated\">\n\t\t\t\t\t\t<div class=\"elementor-element elementor-element-bf96429 elementor-widget elementor-widget-image\" data-id=\"bf96429\" data-element_type=\"widget\" data-e-type=\"widget\" data-widget_type=\"image.default\">\n\t\t\t\t\t\t\t\t\t\t\t\t<figure class=\"wp-caption\">\n\t\t\t\t\t\t\t\t\t\t<img fetchpriority=\"high\" decoding=\"async\" width=\"768\" height=\"960\" src=\"https:\/\/soymigrante.com\/revista\/wp-content\/uploads\/2023\/11\/FREDY-HERNANDEZ-CHEF-819x1024.webp\" class=\"attachment-large size-large wp-image-3383\" alt=\"\" srcset=\"https:\/\/soymigrante.com\/revista\/wp-content\/uploads\/2023\/11\/FREDY-HERNANDEZ-CHEF-819x1024.webp 819w, https:\/\/soymigrante.com\/revista\/wp-content\/uploads\/2023\/11\/FREDY-HERNANDEZ-CHEF-240x300.webp 240w, https:\/\/soymigrante.com\/revista\/wp-content\/uploads\/2023\/11\/FREDY-HERNANDEZ-CHEF-768x960.webp 768w, https:\/\/soymigrante.com\/revista\/wp-content\/uploads\/2023\/11\/FREDY-HERNANDEZ-CHEF-1229x1536.webp 1229w, https:\/\/soymigrante.com\/revista\/wp-content\/uploads\/2023\/11\/FREDY-HERNANDEZ-CHEF-750x938.webp 750w, https:\/\/soymigrante.com\/revista\/wp-content\/uploads\/2023\/11\/FREDY-HERNANDEZ-CHEF-1140x1425.webp 1140w, https:\/\/soymigrante.com\/revista\/wp-content\/uploads\/2023\/11\/FREDY-HERNANDEZ-CHEF.webp 1440w\" sizes=\"(max-width: 768px) 100vw, 768px\" title=\"El migrante Fredy Hern\u00e1ndez tiene amplia experiencia en cocina de restaurante, conoce men\u00fas de varios pa\u00edses y por ello fusiona sabores en el emblem\u00e1tico shuko guatemalteco, su actual emprendimiento. \u2013 SoyMigrante.com REVISTA\" \/>\t\t\t\t\t\t\t\t\t\t\t<figcaption class=\"widget-image-caption wp-caption-text\">El migrante Fredy Hern\u00e1ndez tiene amplia experiencia en cocina de restaurante, conoce men\u00fas de varios pa\u00edses y por ello fusiona sabores en el emblem\u00e1tico shuko guatemalteco, su actual emprendimiento.<\/figcaption>\n\t\t\t\t\t\t\t\t\t\t<\/figure>\n\t\t\t\t\t\t\t\t\t<\/div>\n\t\t\t\t\t<\/div>\n\t\t<\/div>\n\t\t\t\t\t<\/div>\n\t\t<\/section>\n\t\t\t\t<section data-particle_enable=\"false\" data-particle-mobile-disabled=\"false\" class=\"elementor-section elementor-top-section elementor-element elementor-element-2659c71 elementor-section-boxed elementor-section-height-default elementor-section-height-default\" data-id=\"2659c71\" data-element_type=\"section\" data-e-type=\"section\">\n\t\t\t\t\t\t<div class=\"elementor-container elementor-column-gap-default\">\n\t\t\t\t\t<div class=\"elementor-column elementor-col-100 elementor-top-column elementor-element elementor-element-61e9219\" data-id=\"61e9219\" data-element_type=\"column\" data-e-type=\"column\">\n\t\t\t<div class=\"elementor-widget-wrap elementor-element-populated\">\n\t\t\t\t\t\t<div class=\"elementor-element elementor-element-5ea8022 elementor-widget elementor-widget-heading\" data-id=\"5ea8022\" data-element_type=\"widget\" data-e-type=\"widget\" data-widget_type=\"heading.default\">\n\t\t\t\t\t<h2 class=\"elementor-heading-title elementor-size-default\">\"Volv\u00ed a empezar de cero\" <\/h2>\t\t\t\t<\/div>\n\t\t\t\t\t<\/div>\n\t\t<\/div>\n\t\t\t\t\t<\/div>\n\t\t<\/section>\n\t\t\t\t<section data-particle_enable=\"false\" data-particle-mobile-disabled=\"false\" class=\"elementor-section elementor-top-section elementor-element elementor-element-ae2cd98 elementor-section-boxed elementor-section-height-default elementor-section-height-default\" data-id=\"ae2cd98\" data-element_type=\"section\" data-e-type=\"section\">\n\t\t\t\t\t\t<div class=\"elementor-container elementor-column-gap-default\">\n\t\t\t\t\t<div class=\"elementor-column elementor-col-100 elementor-top-column elementor-element elementor-element-bed06b8\" data-id=\"bed06b8\" data-element_type=\"column\" data-e-type=\"column\">\n\t\t\t<div class=\"elementor-widget-wrap elementor-element-populated\">\n\t\t\t\t\t\t<div class=\"elementor-element elementor-element-5ccd369 elementor-widget elementor-widget-text-editor\" data-id=\"5ccd369\" data-element_type=\"widget\" data-e-type=\"widget\" data-widget_type=\"text-editor.default\">\n\t\t\t\t\t\t\t\t\t<p>\u201cVoy a ser bien honesto. Al venir uno ac\u00e1 a Estados Unidos, tiene que aprender todo de nuevo. Volv\u00ed a empezar desde cero,\u00a0 lavando platos. Me recorr\u00ed todas las posiciones de los restaurantes de diversas nacionalidades. Tambi\u00e9n me ha gustado mucho la m\u00fasica, el rock guatemalteco. Soy de los veteranos de los a\u00f1os 1990, seguidor de Bohemia Suburbana. Y as\u00ed hemos experimentado con la m\u00fasica y con la comida\u201d, cuenta el migrante guatemalteco.<\/p><p><span style=\"color: var( --e-global-color-text );\">\u201cEl shuko guatemalteco es un concepto ampliamente conocido. Pero me pregunt\u00e9 \u00bfqu\u00e9 otra vuelta, qu\u00e9 otros sabores? Esa b\u00fasqueda fue algo que comenz\u00f3 casi desde que vine a Estados Unidos.\u00a0<\/span><\/p><p><span style=\"color: var( --e-global-color-text );\">Yo trabajaba en la cocina de un restaurante. V\u00ed salchichas, v\u00ed panes. Yo era un lavaplatos as\u00ed que no me daban permiso de cocinar. Pero ten\u00eda much\u00edsimas ganas de un &#8220;shuko&#8221;. As\u00ed que consegu\u00ed el repollo ahi en la cocina, lo part\u00ed y lo coc\u00ed. Consegu\u00ed aguacate, le ech\u00e9 mostaza, mayonesa, picante y prepar\u00e9 un pan parecido. Les d\u00ed a probar a todos y les encant\u00f3\u201d, relata.\u00a0<\/span><\/p>\t\t\t\t\t\t\t\t<\/div>\n\t\t\t\t\t<\/div>\n\t\t<\/div>\n\t\t\t\t\t<\/div>\n\t\t<\/section>\n\t\t\t\t<section data-particle_enable=\"false\" data-particle-mobile-disabled=\"false\" class=\"elementor-section elementor-top-section elementor-element elementor-element-97707cc elementor-section-boxed elementor-section-height-default elementor-section-height-default\" data-id=\"97707cc\" data-element_type=\"section\" data-e-type=\"section\">\n\t\t\t\t\t\t<div class=\"elementor-container elementor-column-gap-default\">\n\t\t\t\t\t<div class=\"elementor-column elementor-col-100 elementor-top-column elementor-element elementor-element-853431d\" data-id=\"853431d\" data-element_type=\"column\" data-e-type=\"column\">\n\t\t\t<div class=\"elementor-widget-wrap elementor-element-populated\">\n\t\t\t\t\t\t<div class=\"elementor-element elementor-element-9b983a2 elementor-widget elementor-widget-image\" data-id=\"9b983a2\" data-element_type=\"widget\" data-e-type=\"widget\" data-widget_type=\"image.default\">\n\t\t\t\t\t\t\t\t\t\t\t\t<figure class=\"wp-caption\">\n\t\t\t\t\t\t\t\t\t\t<img decoding=\"async\" width=\"685\" height=\"812\" src=\"https:\/\/soymigrante.com\/revista\/wp-content\/uploads\/2023\/11\/Captura-de-pantalla-2023-11-19-065112.webp\" class=\"attachment-large size-large wp-image-3392\" alt=\"\" srcset=\"https:\/\/soymigrante.com\/revista\/wp-content\/uploads\/2023\/11\/Captura-de-pantalla-2023-11-19-065112.webp 685w, https:\/\/soymigrante.com\/revista\/wp-content\/uploads\/2023\/11\/Captura-de-pantalla-2023-11-19-065112-253x300.webp 253w\" sizes=\"(max-width: 685px) 100vw, 685px\" title=\"El sabor migrante de Fredy combina los shukos con otros sabores: chicharrones, picado de r\u00e1bano, carnitas, chiles asados y churrascos, mientras su socio cocina costillas de cerdo al estilo Georgia. \u2013 SoyMigrante.com REVISTA\" \/>\t\t\t\t\t\t\t\t\t\t\t<figcaption class=\"widget-image-caption wp-caption-text\">El sabor migrante de Fredy combina los shukos con otros sabores: chicharrones, picado de r\u00e1bano, carnitas, chiles asados y churrascos, mientras su socio cocina costillas de cerdo al estilo Georgia.<\/figcaption>\n\t\t\t\t\t\t\t\t\t\t<\/figure>\n\t\t\t\t\t\t\t\t\t<\/div>\n\t\t\t\t\t<\/div>\n\t\t<\/div>\n\t\t\t\t\t<\/div>\n\t\t<\/section>\n\t\t\t\t<section data-particle_enable=\"false\" data-particle-mobile-disabled=\"false\" class=\"elementor-section elementor-top-section elementor-element elementor-element-f71f925 elementor-section-boxed elementor-section-height-default elementor-section-height-default\" data-id=\"f71f925\" data-element_type=\"section\" data-e-type=\"section\">\n\t\t\t\t\t\t<div class=\"elementor-container elementor-column-gap-default\">\n\t\t\t\t\t<div class=\"elementor-column elementor-col-100 elementor-top-column elementor-element elementor-element-4a21c6c\" data-id=\"4a21c6c\" data-element_type=\"column\" data-e-type=\"column\">\n\t\t\t<div class=\"elementor-widget-wrap elementor-element-populated\">\n\t\t\t\t\t\t<div class=\"elementor-element elementor-element-dbe52c1 elementor-widget elementor-widget-heading\" data-id=\"dbe52c1\" data-element_type=\"widget\" data-e-type=\"widget\" data-widget_type=\"heading.default\">\n\t\t\t\t\t<h2 class=\"elementor-heading-title elementor-size-default\">De todo un poco para vivir y expresarse<\/h2>\t\t\t\t<\/div>\n\t\t\t\t\t<\/div>\n\t\t<\/div>\n\t\t\t\t\t<\/div>\n\t\t<\/section>\n\t\t\t\t<section data-particle_enable=\"false\" data-particle-mobile-disabled=\"false\" class=\"elementor-section elementor-top-section elementor-element elementor-element-d3bd23e elementor-section-boxed elementor-section-height-default elementor-section-height-default\" data-id=\"d3bd23e\" data-element_type=\"section\" data-e-type=\"section\">\n\t\t\t\t\t\t<div class=\"elementor-container elementor-column-gap-default\">\n\t\t\t\t\t<div class=\"elementor-column elementor-col-100 elementor-top-column elementor-element elementor-element-b98f4e1\" data-id=\"b98f4e1\" data-element_type=\"column\" data-e-type=\"column\">\n\t\t\t<div class=\"elementor-widget-wrap elementor-element-populated\">\n\t\t\t\t\t\t<div class=\"elementor-element elementor-element-abcb0bf elementor-widget elementor-widget-text-editor\" data-id=\"abcb0bf\" data-element_type=\"widget\" data-e-type=\"widget\" data-widget_type=\"text-editor.default\">\n\t\t\t\t\t\t\t\t\t<p>El migrante Fredy ha trabajado en restaurantes y con chefs de todo tipo: franceses, italianos, griegos, americanos. \u201cEso me llev\u00f3 a probar a armar shukos gurmet, con ingredientes como carne de cerdo con barbacoa al estilo Georgia, que prepara un amigo.&#8221;\u00a0<\/p><p>&#8220;Este a\u00f1o nos dieron oportunidad de participar en un festival local. Tiene m\u00e1s de 25 a\u00f1os de existir. En ese festival llega gente de todos pa\u00edses y hay comida internacional. Pero no hab\u00eda anunciado nada de Guatemala. Le platiqu\u00e9 la idea a mi mam\u00e1, que vive ac\u00e1 conmigo. Preparamos shukos y tambi\u00e9n mixtas. Ella prepar\u00f3 las tortillas de puro ma\u00edz. Repart\u00ed volantes y vendimos todo. Hab\u00eda panes con longaniza, chorizo, salchicha o carne asada. Pero lo acompa\u00f1\u00e1bamos con frijoles voletados, cebollita. Todo mundo encantado\u201d.<\/p><p>\u00a0<\/p><div>\u00a0<\/div>\t\t\t\t\t\t\t\t<\/div>\n\t\t\t\t\t<\/div>\n\t\t<\/div>\n\t\t\t\t\t<\/div>\n\t\t<\/section>\n\t\t\t\t<section data-particle_enable=\"false\" data-particle-mobile-disabled=\"false\" class=\"elementor-section elementor-top-section elementor-element elementor-element-0f9630d elementor-section-boxed elementor-section-height-default elementor-section-height-default\" data-id=\"0f9630d\" data-element_type=\"section\" data-e-type=\"section\">\n\t\t\t\t\t\t<div class=\"elementor-container elementor-column-gap-default\">\n\t\t\t\t\t<div class=\"elementor-column elementor-col-100 elementor-top-column elementor-element elementor-element-bcabdc1\" data-id=\"bcabdc1\" data-element_type=\"column\" data-e-type=\"column\">\n\t\t\t<div class=\"elementor-widget-wrap elementor-element-populated\">\n\t\t\t\t\t\t<div class=\"elementor-element elementor-element-f783c0f elementor-widget elementor-widget-image\" data-id=\"f783c0f\" data-element_type=\"widget\" data-e-type=\"widget\" data-widget_type=\"image.default\">\n\t\t\t\t\t\t\t\t\t\t\t\t\t\t\t<img decoding=\"async\" width=\"768\" height=\"575\" src=\"https:\/\/soymigrante.com\/revista\/wp-content\/uploads\/2023\/11\/fredy-fredy-1024x767.webp\" class=\"attachment-large size-large wp-image-3384\" alt=\"\" srcset=\"https:\/\/soymigrante.com\/revista\/wp-content\/uploads\/2023\/11\/fredy-fredy-1024x767.webp 1024w, https:\/\/soymigrante.com\/revista\/wp-content\/uploads\/2023\/11\/fredy-fredy-300x225.webp 300w, https:\/\/soymigrante.com\/revista\/wp-content\/uploads\/2023\/11\/fredy-fredy-768x575.webp 768w, https:\/\/soymigrante.com\/revista\/wp-content\/uploads\/2023\/11\/fredy-fredy-750x562.webp 750w, https:\/\/soymigrante.com\/revista\/wp-content\/uploads\/2023\/11\/fredy-fredy.webp 1080w\" sizes=\"(max-width: 768px) 100vw, 768px\" title=\"El amor a Guatemala acompa\u00f1a siempre al migrante Fredy Hern\u00e1ndez. \u2013 SoyMigrante.com REVISTA\" \/>\t\t\t\t\t\t\t\t\t\t\t\t\t\t\t<\/div>\n\t\t\t\t\t<\/div>\n\t\t<\/div>\n\t\t\t\t\t<\/div>\n\t\t<\/section>\n\t\t\t\t<section data-particle_enable=\"false\" data-particle-mobile-disabled=\"false\" class=\"elementor-section elementor-top-section elementor-element elementor-element-b48e429 elementor-section-boxed elementor-section-height-default elementor-section-height-default\" data-id=\"b48e429\" data-element_type=\"section\" data-e-type=\"section\">\n\t\t\t\t\t\t<div class=\"elementor-container elementor-column-gap-default\">\n\t\t\t\t\t<div class=\"elementor-column elementor-col-100 elementor-top-column elementor-element elementor-element-8ea0446\" data-id=\"8ea0446\" data-element_type=\"column\" data-e-type=\"column\">\n\t\t\t<div class=\"elementor-widget-wrap elementor-element-populated\">\n\t\t\t\t\t\t<div class=\"elementor-element elementor-element-ec91afc elementor-widget elementor-widget-heading\" data-id=\"ec91afc\" data-element_type=\"widget\" data-e-type=\"widget\" data-widget_type=\"heading.default\">\n\t\t\t\t\t<h2 class=\"elementor-heading-title elementor-size-default\">\u00bfQu\u00e9 te ha dado Guatemala? <\/h2>\t\t\t\t<\/div>\n\t\t\t\t\t<\/div>\n\t\t<\/div>\n\t\t\t\t\t<\/div>\n\t\t<\/section>\n\t\t\t\t<section data-particle_enable=\"false\" data-particle-mobile-disabled=\"false\" class=\"elementor-section elementor-top-section elementor-element elementor-element-ebc43be elementor-section-boxed elementor-section-height-default elementor-section-height-default\" data-id=\"ebc43be\" data-element_type=\"section\" data-e-type=\"section\">\n\t\t\t\t\t\t<div class=\"elementor-container elementor-column-gap-default\">\n\t\t\t\t\t<div class=\"elementor-column elementor-col-100 elementor-top-column elementor-element elementor-element-6346552\" data-id=\"6346552\" data-element_type=\"column\" data-e-type=\"column\">\n\t\t\t<div class=\"elementor-widget-wrap elementor-element-populated\">\n\t\t\t\t\t\t<div class=\"elementor-element elementor-element-44d1e72 elementor-widget elementor-widget-text-editor\" data-id=\"44d1e72\" data-element_type=\"widget\" data-e-type=\"widget\" data-widget_type=\"text-editor.default\">\n\t\t\t\t\t\t\t\t\t<p><span style=\"color: var( --e-global-color-text );\">&#8220;Soy bendecido por haber nacido en Guatemala. Guatemala me ha dado todo lo que soy. Soy bendito porque mis pap\u00e1s son ind\u00edgenas. Mi pap\u00e1, Pedro Fern\u00e1ndez, es de Santa Cruz del Quich\u00e9 y mi mam\u00e1 se llama Vicente Pablo, de Santa Luc\u00eda Cotzumalguapa.\u201d\u00a0<\/span><\/p><p><span style=\"color: var( --e-global-color-text );\">A la vez, se hermana y valora con todos los migrantes guatemaltecos que afrontan los retos, el mayor de los cuales es &#8220;estar solos&#8221;, expresa Fredy.<\/span><\/p><p><span style=\"color: var( --e-global-color-text );\">\u201cLa soledad es parte de una persona inmigrante. Pero en esa parte donde te quedas solo y te pones a pensar y te das cuenta que todo lo que est\u00e1s haciendo es por voluntad propia. Ves tus zapatos desgastados y dices \u00a1guau! Cu\u00e1nto he caminado y he recorrido. Y seguimos adelante. Cuando se cierra una puerta, se abre una ventana u otra puerta\u201d.\u00a0<\/span><\/p>\t\t\t\t\t\t\t\t<\/div>\n\t\t\t\t\t<\/div>\n\t\t<\/div>\n\t\t\t\t\t<\/div>\n\t\t<\/section>\n\t\t\t\t<section data-particle_enable=\"false\" data-particle-mobile-disabled=\"false\" class=\"elementor-section elementor-top-section elementor-element elementor-element-1f30f44 elementor-section-boxed elementor-section-height-default elementor-section-height-default\" data-id=\"1f30f44\" data-element_type=\"section\" data-e-type=\"section\">\n\t\t\t\t\t\t<div class=\"elementor-container elementor-column-gap-default\">\n\t\t\t\t\t<div class=\"elementor-column elementor-col-100 elementor-top-column elementor-element elementor-element-ca5ada7\" data-id=\"ca5ada7\" data-element_type=\"column\" data-e-type=\"column\">\n\t\t\t<div class=\"elementor-widget-wrap elementor-element-populated\">\n\t\t\t\t\t\t<div class=\"elementor-element elementor-element-7a572d3 elementor-widget elementor-widget-image\" data-id=\"7a572d3\" data-element_type=\"widget\" data-e-type=\"widget\" data-widget_type=\"image.default\">\n\t\t\t\t\t\t\t\t\t\t\t\t<figure class=\"wp-caption\">\n\t\t\t\t\t\t\t\t\t\t<img loading=\"lazy\" decoding=\"async\" width=\"768\" height=\"770\" src=\"https:\/\/soymigrante.com\/revista\/wp-content\/uploads\/2023\/11\/FREDY-HERNANDEZ-CHEF-2.webp\" class=\"attachment-large size-large wp-image-3390\" alt=\"\" srcset=\"https:\/\/soymigrante.com\/revista\/wp-content\/uploads\/2023\/11\/FREDY-HERNANDEZ-CHEF-2.webp 958w, https:\/\/soymigrante.com\/revista\/wp-content\/uploads\/2023\/11\/FREDY-HERNANDEZ-CHEF-2-300x300.webp 300w, https:\/\/soymigrante.com\/revista\/wp-content\/uploads\/2023\/11\/FREDY-HERNANDEZ-CHEF-2-150x150.webp 150w, https:\/\/soymigrante.com\/revista\/wp-content\/uploads\/2023\/11\/FREDY-HERNANDEZ-CHEF-2-768x770.webp 768w, https:\/\/soymigrante.com\/revista\/wp-content\/uploads\/2023\/11\/FREDY-HERNANDEZ-CHEF-2-75x75.webp 75w, https:\/\/soymigrante.com\/revista\/wp-content\/uploads\/2023\/11\/FREDY-HERNANDEZ-CHEF-2-750x752.webp 750w\" sizes=\"(max-width: 768px) 100vw, 768px\" title=\"Fredy Hern\u00e1ndez es dise\u00f1ador, fot\u00f3grafo, chef, m\u00fasico y promotor cultural \u2013 SoyMigrante.com REVISTA\" \/>\t\t\t\t\t\t\t\t\t\t\t<figcaption class=\"widget-image-caption wp-caption-text\">Fredy Hern\u00e1ndez es dise\u00f1ador, fot\u00f3grafo, chef, m\u00fasico y promotor cultural<\/figcaption>\n\t\t\t\t\t\t\t\t\t\t<\/figure>\n\t\t\t\t\t\t\t\t\t<\/div>\n\t\t\t\t\t<\/div>\n\t\t<\/div>\n\t\t\t\t\t<\/div>\n\t\t<\/section>\n\t\t\t\t<section data-particle_enable=\"false\" data-particle-mobile-disabled=\"false\" class=\"elementor-section elementor-top-section elementor-element elementor-element-7fc57f1 elementor-section-boxed elementor-section-height-default elementor-section-height-default\" data-id=\"7fc57f1\" data-element_type=\"section\" data-e-type=\"section\">\n\t\t\t\t\t\t<div class=\"elementor-container elementor-column-gap-default\">\n\t\t\t\t\t<div class=\"elementor-column elementor-col-100 elementor-top-column elementor-element elementor-element-baa6783\" data-id=\"baa6783\" data-element_type=\"column\" data-e-type=\"column\">\n\t\t\t<div class=\"elementor-widget-wrap elementor-element-populated\">\n\t\t\t\t\t\t<div class=\"elementor-element elementor-element-11b1545 elementor-widget elementor-widget-heading\" data-id=\"11b1545\" data-element_type=\"widget\" data-e-type=\"widget\" data-widget_type=\"heading.default\">\n\t\t\t\t\t<h2 class=\"elementor-heading-title elementor-size-default\">Expresi\u00f3n multicultural<\/h2>\t\t\t\t<\/div>\n\t\t\t\t\t<\/div>\n\t\t<\/div>\n\t\t\t\t\t<\/div>\n\t\t<\/section>\n\t\t\t\t<section data-particle_enable=\"false\" data-particle-mobile-disabled=\"false\" class=\"elementor-section elementor-top-section elementor-element elementor-element-3551b24 elementor-section-boxed elementor-section-height-default elementor-section-height-default\" data-id=\"3551b24\" data-element_type=\"section\" data-e-type=\"section\">\n\t\t\t\t\t\t<div class=\"elementor-container elementor-column-gap-default\">\n\t\t\t\t\t<div class=\"elementor-column elementor-col-100 elementor-top-column elementor-element elementor-element-a97b598\" data-id=\"a97b598\" data-element_type=\"column\" data-e-type=\"column\">\n\t\t\t<div class=\"elementor-widget-wrap elementor-element-populated\">\n\t\t\t\t\t\t<div class=\"elementor-element elementor-element-1f2eb59 elementor-widget elementor-widget-text-editor\" data-id=\"1f2eb59\" data-element_type=\"widget\" data-e-type=\"widget\" data-widget_type=\"text-editor.default\">\n\t\t\t\t\t\t\t\t\t<p>La ciudad donde Fredy vive es hist\u00f3rica y muy tur\u00edstica. Por ello es tambi\u00e9n un centro cultural en donde pone en pr\u00e1ctica sus dotes como guitarrista. Tambi\u00e9n promueve exposiciones de artes visuales y el teatro. \u201cToco guitarra desde los 16 a\u00f1os y al venir ac\u00e1 me d\u00ed cuenta que aprecian mucho la m\u00fasica. Entonces integramos comida, m\u00fasica y artes. De todos los eventos que hacemos yo hago el dise\u00f1o gr\u00e1fico y la promoci\u00f3n\u201d, finaliza el migrante.<\/p>\t\t\t\t\t\t\t\t<\/div>\n\t\t\t\t\t<\/div>\n\t\t<\/div>\n\t\t\t\t\t<\/div>\n\t\t<\/section>\n\t\t\t\t<section data-particle_enable=\"false\" data-particle-mobile-disabled=\"false\" class=\"elementor-section elementor-top-section elementor-element elementor-element-d4ffb00 elementor-section-boxed elementor-section-height-default elementor-section-height-default\" data-id=\"d4ffb00\" data-element_type=\"section\" data-e-type=\"section\">\n\t\t\t\t\t\t<div class=\"elementor-container elementor-column-gap-default\">\n\t\t\t\t\t<div class=\"elementor-column elementor-col-100 elementor-top-column elementor-element elementor-element-8f1caa0\" data-id=\"8f1caa0\" data-element_type=\"column\" data-e-type=\"column\">\n\t\t\t<div class=\"elementor-widget-wrap elementor-element-populated\">\n\t\t\t\t\t\t<div class=\"elementor-element elementor-element-f4d60c5 elementor-widget elementor-widget-facebook-embed\" data-id=\"f4d60c5\" data-element_type=\"widget\" data-e-type=\"widget\" data-widget_type=\"facebook-embed.default\">\n\t\t\t\t\t<div style=\"min-height: 1px\" class=\"elementor-facebook-widget fb-post\" data-href=\"https:\/\/fb.watch\/opNaA9W0LU\/\" data-show-text=\"false\"><\/div>\t\t\t\t<\/div>\n\t\t\t\t\t<\/div>\n\t\t<\/div>\n\t\t\t\t\t<\/div>\n\t\t<\/section>\n\t\t\t\t<section data-particle_enable=\"false\" data-particle-mobile-disabled=\"false\" class=\"elementor-section elementor-top-section elementor-element elementor-element-8c4cfd8 elementor-section-boxed elementor-section-height-default elementor-section-height-default\" data-id=\"8c4cfd8\" data-element_type=\"section\" data-e-type=\"section\">\n\t\t\t\t\t\t<div class=\"elementor-container elementor-column-gap-default\">\n\t\t\t\t\t<div class=\"elementor-column elementor-col-100 elementor-top-column elementor-element elementor-element-9e5b03b\" data-id=\"9e5b03b\" data-element_type=\"column\" data-e-type=\"column\">\n\t\t\t<div class=\"elementor-widget-wrap elementor-element-populated\">\n\t\t\t\t\t\t<div class=\"elementor-element elementor-element-12b6520 elementor-widget elementor-widget-heading\" data-id=\"12b6520\" data-element_type=\"widget\" data-e-type=\"widget\" data-widget_type=\"heading.default\">\n\t\t\t\t\t<h1 class=\"elementor-heading-title elementor-size-default\">M\u00e1s historias inspiradoras <\/h1>\t\t\t\t<\/div>\n\t\t\t\t\t<\/div>\n\t\t<\/div>\n\t\t\t\t\t<\/div>\n\t\t<\/section>\n\t\t\t\t<section data-particle_enable=\"false\" data-particle-mobile-disabled=\"false\" class=\"elementor-section elementor-top-section elementor-element elementor-element-5144735 elementor-section-boxed elementor-section-height-default elementor-section-height-default\" data-id=\"5144735\" data-element_type=\"section\" data-e-type=\"section\">\n\t\t\t\t\t\t<div class=\"elementor-container elementor-column-gap-default\">\n\t\t\t\t\t<div class=\"elementor-column elementor-col-100 elementor-top-column elementor-element elementor-element-4d0cb32\" data-id=\"4d0cb32\" data-element_type=\"column\" data-e-type=\"column\">\n\t\t\t<div class=\"elementor-widget-wrap elementor-element-populated\">\n\t\t\t\t\t\t<div class=\"elementor-element elementor-element-0ee9836 elementor-grid-3 elementor-grid-tablet-2 elementor-grid-mobile-1 elementor-widget elementor-widget-elementor-blog-posts\" data-id=\"0ee9836\" data-element_type=\"widget\" data-e-type=\"widget\" data-settings=\"{&quot;columns&quot;:&quot;3&quot;,&quot;columns_tablet&quot;:&quot;2&quot;,&quot;columns_mobile&quot;:&quot;1&quot;}\" data-widget_type=\"elementor-blog-posts.default\">\n\t\t\t\t<div class=\"elementor-widget-container\">\n\t\t\t\t\t\t\t<div class=\"wpcap-grid\">\n\t\t\t\t\t\t<div class=\"wpcap-grid-container elementor-grid wpcap-grid-desktop-3 wpcap-grid-tablet-2 wpcap-grid-mobile-1\">\n\n\t\t\t\t\n        <article id=\"post-9283\" class=\"wpcap-post post-9283 post type-post status-publish format-standard has-post-thumbnail hentry category-exitos\">\n         \n            <div class=\"post-grid-inner\">\n                \n                \t\t\t<div class=\"post-grid-thumbnail\">\n\t\t\t\t<a href=\"https:\/\/soymigrante.com\/revista\/carlos-horacio-diaz-fue-pionero-en-izar-la-bandera-de-guatemala-en-new-jersey-en-1986\/\">\n\t\t\t\t\t<img loading=\"lazy\" decoding=\"async\" width=\"300\" height=\"300\" src=\"https:\/\/soymigrante.com\/revista\/wp-content\/uploads\/2024\/09\/carlos-horacio-diaz-1-300x300.webp\" class=\"attachment-medium size-medium wp-post-image\" alt=\"Guatemalteco migrante en Estados Unidos, orgulloso de su comunidad y cultura, participando en un evento de la Asociaci\u00f3n Guatemalteca de Paterson, Nueva Jersey.\" srcset=\"https:\/\/soymigrante.com\/revista\/wp-content\/uploads\/2024\/09\/carlos-horacio-diaz-1-300x300.webp 300w, https:\/\/soymigrante.com\/revista\/wp-content\/uploads\/2024\/09\/carlos-horacio-diaz-1-150x150.webp 150w, https:\/\/soymigrante.com\/revista\/wp-content\/uploads\/2024\/09\/carlos-horacio-diaz-1-768x768.webp 768w, https:\/\/soymigrante.com\/revista\/wp-content\/uploads\/2024\/09\/carlos-horacio-diaz-1-75x75.webp 75w, https:\/\/soymigrante.com\/revista\/wp-content\/uploads\/2024\/09\/carlos-horacio-diaz-1-750x750.webp 750w, https:\/\/soymigrante.com\/revista\/wp-content\/uploads\/2024\/09\/carlos-horacio-diaz-1.webp 849w\" sizes=\"(max-width: 300px) 100vw, 300px\" \/>\t\t\t\t<\/a>\n\t\t\t<\/div>\n        \n                <div class=\"post-grid-text-wrap\">\n                                        \t\t<h3 class=\"title\">\n\t\t\t<a href=\"https:\/\/soymigrante.com\/revista\/carlos-horacio-diaz-fue-pionero-en-izar-la-bandera-de-guatemala-en-new-jersey-en-1986\/\">Carlos Horacio D\u00edaz fue pionero en izar la bandera de Guatemala en New Jersey (\u00a1en 1986!) y sigue<\/a>\n\t\t<\/h3>\n\t\t                                        \t\t<a class=\"read-more-btn\" href=\"https:\/\/soymigrante.com\/revista\/carlos-horacio-diaz-fue-pionero-en-izar-la-bandera-de-guatemala-en-new-jersey-en-1986\/\">Conoce esta historia!<\/a>\n\t\t                <\/div>\n\n            <\/div><!-- .blog-inner -->\n           \n        <\/article>\n\n        \n        <article id=\"post-2265\" class=\"wpcap-post post-2265 post type-post status-publish format-standard has-post-thumbnail hentry category-exitos\">\n         \n            <div class=\"post-grid-inner\">\n                \n                \t\t\t<div class=\"post-grid-thumbnail\">\n\t\t\t\t<a href=\"https:\/\/soymigrante.com\/revista\/elliott-morales-migrante-guatemalteco-san-francisco\/\">\n\t\t\t\t\t<img loading=\"lazy\" decoding=\"async\" width=\"300\" height=\"245\" src=\"https:\/\/soymigrante.com\/revista\/wp-content\/uploads\/2023\/08\/don-eliot-1-768x626-1-300x245.webp\" class=\"attachment-medium size-medium wp-post-image\" alt=\"\" srcset=\"https:\/\/soymigrante.com\/revista\/wp-content\/uploads\/2023\/08\/don-eliot-1-768x626-1-300x245.webp 300w, https:\/\/soymigrante.com\/revista\/wp-content\/uploads\/2023\/08\/don-eliot-1-768x626-1-750x611.webp 750w, https:\/\/soymigrante.com\/revista\/wp-content\/uploads\/2023\/08\/don-eliot-1-768x626-1.webp 768w\" sizes=\"(max-width: 300px) 100vw, 300px\" \/>\t\t\t\t<\/a>\n\t\t\t<\/div>\n        \n                <div class=\"post-grid-text-wrap\">\n                                        \t\t<h3 class=\"title\">\n\t\t\t<a href=\"https:\/\/soymigrante.com\/revista\/elliott-morales-migrante-guatemalteco-san-francisco\/\">La inspiradora historia de Elliot, migrante guatemalteco en California<\/a>\n\t\t<\/h3>\n\t\t                                        \t\t<a class=\"read-more-btn\" href=\"https:\/\/soymigrante.com\/revista\/elliott-morales-migrante-guatemalteco-san-francisco\/\">Conoce esta historia!<\/a>\n\t\t                <\/div>\n\n            <\/div><!-- .blog-inner -->\n           \n        <\/article>\n\n        \n        <article id=\"post-1780\" class=\"wpcap-post post-1780 post type-post status-publish format-standard has-post-thumbnail hentry category-exitos tag-texas\">\n         \n            <div class=\"post-grid-inner\">\n                \n                \t\t\t<div class=\"post-grid-thumbnail\">\n\t\t\t\t<a href=\"https:\/\/soymigrante.com\/revista\/antonio-marcos-migrante-guatemalteco-atrajo-atencion-al-apoyar-a-la-seleccion-nacional\/\">\n\t\t\t\t\t<img loading=\"lazy\" decoding=\"async\" width=\"300\" height=\"207\" src=\"https:\/\/soymigrante.com\/revista\/wp-content\/uploads\/2023\/07\/una-mas-300x207.webp\" class=\"attachment-medium size-medium wp-post-image\" alt=\"\" srcset=\"https:\/\/soymigrante.com\/revista\/wp-content\/uploads\/2023\/07\/una-mas-300x207.webp 300w, https:\/\/soymigrante.com\/revista\/wp-content\/uploads\/2023\/07\/una-mas-1024x706.webp 1024w, https:\/\/soymigrante.com\/revista\/wp-content\/uploads\/2023\/07\/una-mas-768x530.webp 768w, https:\/\/soymigrante.com\/revista\/wp-content\/uploads\/2023\/07\/una-mas-1536x1059.webp 1536w, https:\/\/soymigrante.com\/revista\/wp-content\/uploads\/2023\/07\/una-mas-750x517.webp 750w, https:\/\/soymigrante.com\/revista\/wp-content\/uploads\/2023\/07\/una-mas-1140x786.webp 1140w, https:\/\/soymigrante.com\/revista\/wp-content\/uploads\/2023\/07\/una-mas.webp 1920w\" sizes=\"(max-width: 300px) 100vw, 300px\" \/>\t\t\t\t<\/a>\n\t\t\t<\/div>\n        \n                <div class=\"post-grid-text-wrap\">\n                                        \t\t<h3 class=\"title\">\n\t\t\t<a href=\"https:\/\/soymigrante.com\/revista\/antonio-marcos-migrante-guatemalteco-atrajo-atencion-al-apoyar-a-la-seleccion-nacional\/\">Migrante Antonio Marcos atrajo la atenci\u00f3n en juego clave de la Selecci\u00f3n en Copa Oro: esta es su historia<\/a>\n\t\t<\/h3>\n\t\t                                        \t\t<a class=\"read-more-btn\" href=\"https:\/\/soymigrante.com\/revista\/antonio-marcos-migrante-guatemalteco-atrajo-atencion-al-apoyar-a-la-seleccion-nacional\/\">Conoce esta historia!<\/a>\n\t\t                <\/div>\n\n            <\/div><!-- .blog-inner -->\n           \n        <\/article>\n\n        \n\t\t\t<\/div>\n\t\t<\/div>\n\t\t\t\t\t\t<\/div>\n\t\t\t\t<\/div>\n\t\t\t\t\t<\/div>\n\t\t<\/div>\n\t\t\t\t\t<\/div>\n\t\t<\/section>\n\t\t\t\t<\/div>\n\t\t","protected":false},"excerpt":{"rendered":"<p>&#8220;Guatemala me ha dado todo&#8221; expresa el migrante Fredy Hern\u00e1ndez, originario de Escuintla y residente en Massachussets, cuyos panes con creativos ingredientes se abren paso en el gusto de lugare\u00f1os y visitantes. https:\/\/soymigrante.com\/revista\/wp-content\/uploads\/2023\/11\/SHUKOS-DEL-migrante-fredy-hernandez.mp4#t=,21 &#8220;Casi soy migrante de nacimiento&#8221; S\u00ed,\u00a0Fredy Hern\u00e1ndez se considera pr\u00e1cticamente un migrante de nacimiento. Su pap\u00e1 era de Santa Cruz del Quich\u00e9 [&hellip;]<\/p>\n","protected":false},"author":7,"featured_media":3393,"comment_status":"open","ping_status":"open","sticky":false,"template":"","format":"standard","meta":{"_acf_changed":false,"_eb_attr":"","footnotes":""},"categories":[50],"tags":[],"class_list":["post-3381","post","type-post","status-publish","format-standard","has-post-thumbnail","hentry","category-exitos"],"acf":[],"aioseo_notices":[],"aioseo_head":"\n\t\t<!-- All in One SEO Pro 4.9.6.2 - aioseo.com -->\n\t<meta name=\"description\" content=\"Entre miles de guatemaltecos reunidos en el juego que Guatemala gan\u00f3 3-2 a Guadalupe en New Jersey, hubo un rostro que atrajo c\u00e1maras por su alegr\u00eda. Esta es su historia, incluyendo el pesar que vivi\u00f3 despu\u00e9s. Se llama Federico Antonio Marcos. Naci\u00f3 en Colomba, Costa Cuca, Quetzaltenango, en febrero de 1978. Lleg\u00f3 como migrante a\" \/>\n\t<meta name=\"robots\" content=\"max-snippet:-1, max-image-preview:large, max-video-preview:-1\" \/>\n\t<meta name=\"author\" content=\"Gustavo Montenegro\"\/>\n\t<link rel=\"canonical\" href=\"https:\/\/soymigrante.com\/revista\/antonio-marcos-migrante-guatemalteco-atrajo-atencion-al-apoyar-a-la-seleccion-nacional\/\" \/>\n\t<meta name=\"generator\" content=\"All in One SEO Pro (AIOSEO) 4.9.6.2\" \/>\n\n\t\t<link rel=\"preconnect\" href=\"https:\/\/fonts.googleapis.com\" crossorigin>\n<link rel=\"preconnect\" href=\"https:\/\/fonts.gstatic.com\" crossorigin>\n\t\t<meta property=\"og:locale\" content=\"es_ES\" \/>\n\t\t<meta property=\"og:site_name\" content=\"SoyMigrante.com REVISTA \u2013 Nuestra misi\u00f3n es reconocer y dignificar al migrante.\" \/>\n\t\t<meta property=\"og:type\" content=\"article\" \/>\n\t\t<meta property=\"og:title\" content=\"Migrante Antonio Marcos atrajo la atenci\u00f3n en juego clave de la Selecci\u00f3n en Copa Oro: esta es su historia\" \/>\n\t\t<meta property=\"og:description\" content=\"Entre miles de guatemaltecos reunidos en el juego que Guatemala gan\u00f3 3-2 a Guadalupe en New Jersey, hubo un rostro que atrajo c\u00e1maras por su alegr\u00eda. Esta es su historia, incluyendo el pesar que vivi\u00f3 despu\u00e9s. Se llama Federico Antonio Marcos. Naci\u00f3 en Colomba, Costa Cuca, Quetzaltenango, en febrero de 1978. Lleg\u00f3 como migrante a\" \/>\n\t\t<meta property=\"og:url\" content=\"https:\/\/soymigrante.com\/revista\/antonio-marcos-migrante-guatemalteco-atrajo-atencion-al-apoyar-a-la-seleccion-nacional\/\" \/>\n\t\t<meta property=\"og:image\" content=\"https:\/\/soymigrante.com\/revista\/wp-content\/uploads\/2023\/07\/una-mas.webp\" \/>\n\t\t<meta property=\"og:image:secure_url\" content=\"https:\/\/soymigrante.com\/revista\/wp-content\/uploads\/2023\/07\/una-mas.webp\" \/>\n\t\t<meta property=\"og:image:width\" content=\"1920\" \/>\n\t\t<meta property=\"og:image:height\" content=\"1324\" \/>\n\t\t<meta property=\"article:published_time\" content=\"2023-07-09T20:29:27+00:00\" \/>\n\t\t<meta property=\"article:modified_time\" content=\"2026-03-11T22:46:30+00:00\" \/>\n\t\t<meta property=\"article:publisher\" content=\"https:\/\/www.facebook.com\/soymigrantecom\" \/>\n\t\t<meta name=\"twitter:card\" content=\"summary_large_image\" \/>\n\t\t<meta name=\"twitter:site\" content=\"@SoyMigrante_com\" \/>\n\t\t<meta name=\"twitter:title\" content=\"Migrante Antonio Marcos atrajo la atenci\u00f3n en juego clave de la Selecci\u00f3n en Copa Oro: esta es su historia\" \/>\n\t\t<meta name=\"twitter:description\" content=\"Entre miles de guatemaltecos reunidos en el juego que Guatemala gan\u00f3 3-2 a Guadalupe en New Jersey, hubo un rostro que atrajo c\u00e1maras por su alegr\u00eda. Esta es su historia, incluyendo el pesar que vivi\u00f3 despu\u00e9s. Se llama Federico Antonio Marcos. Naci\u00f3 en Colomba, Costa Cuca, Quetzaltenango, en febrero de 1978. Lleg\u00f3 como migrante a\" \/>\n\t\t<meta name=\"twitter:creator\" content=\"@SoyMigrante_com\" \/>\n\t\t<meta name=\"twitter:image\" content=\"https:\/\/soymigrante.com\/revista\/wp-content\/uploads\/2023\/07\/una-mas.webp\" \/>\n\t\t<!-- All in One SEO Pro -->\r\n\t\t<title>Migrante Antonio Marcos atrajo la atenci\u00f3n en juego clave de la Selecci\u00f3n en Copa Oro: esta es su historia<\/title>\n\n","aioseo_head_json":{"title":"Migrante Antonio Marcos atrajo la atenci\u00f3n en juego clave de la Selecci\u00f3n en Copa Oro: esta es su historia","description":"Entre miles de guatemaltecos reunidos en el juego que Guatemala gan\u00f3 3-2 a Guadalupe en New Jersey, hubo un rostro que atrajo c\u00e1maras por su alegr\u00eda. Esta es su historia, incluyendo el pesar que vivi\u00f3 despu\u00e9s. Se llama Federico Antonio Marcos. Naci\u00f3 en Colomba, Costa Cuca, Quetzaltenango, en febrero de 1978. Lleg\u00f3 como migrante a","canonical_url":"https:\/\/soymigrante.com\/revista\/antonio-marcos-migrante-guatemalteco-atrajo-atencion-al-apoyar-a-la-seleccion-nacional\/","robots":"max-snippet:-1, max-image-preview:large, max-video-preview:-1","keywords":"","webmasterTools":{"miscellaneous":"&lt;link rel=\"preconnect\" href=\"https:\/\/fonts.googleapis.com\" crossorigin&gt;\n&lt;link rel=\"preconnect\" href=\"https:\/\/fonts.gstatic.com\" crossorigin&gt;"},"schema":null,"og:locale":"es_ES","og:site_name":"SoyMigrante.com REVISTA \u2013 Nuestra misi\u00f3n es reconocer y dignificar al migrante.","og:type":"article","og:title":"Migrante Antonio Marcos atrajo la atenci\u00f3n en juego clave de la Selecci\u00f3n en Copa Oro: esta es su historia","og:description":"Entre miles de guatemaltecos reunidos en el juego que Guatemala gan\u00f3 3-2 a Guadalupe en New Jersey, hubo un rostro que atrajo c\u00e1maras por su alegr\u00eda. Esta es su historia, incluyendo el pesar que vivi\u00f3 despu\u00e9s. Se llama Federico Antonio Marcos. Naci\u00f3 en Colomba, Costa Cuca, Quetzaltenango, en febrero de 1978. Lleg\u00f3 como migrante a","og:url":"https:\/\/soymigrante.com\/revista\/antonio-marcos-migrante-guatemalteco-atrajo-atencion-al-apoyar-a-la-seleccion-nacional\/","og:image":"https:\/\/soymigrante.com\/revista\/wp-content\/uploads\/2023\/07\/una-mas.webp","og:image:secure_url":"https:\/\/soymigrante.com\/revista\/wp-content\/uploads\/2023\/07\/una-mas.webp","og:image:width":1920,"og:image:height":1324,"article:published_time":"2023-07-09T20:29:27+00:00","article:modified_time":"2026-03-11T22:46:30+00:00","article:publisher":"https:\/\/www.facebook.com\/soymigrantecom","twitter:card":"summary_large_image","twitter:site":"@SoyMigrante_com","twitter:title":"Migrante Antonio Marcos atrajo la atenci\u00f3n en juego clave de la Selecci\u00f3n en Copa Oro: esta es su historia","twitter:description":"Entre miles de guatemaltecos reunidos en el juego que Guatemala gan\u00f3 3-2 a Guadalupe en New Jersey, hubo un rostro que atrajo c\u00e1maras por su alegr\u00eda. Esta es su historia, incluyendo el pesar que vivi\u00f3 despu\u00e9s. Se llama Federico Antonio Marcos. Naci\u00f3 en Colomba, Costa Cuca, Quetzaltenango, en febrero de 1978. Lleg\u00f3 como migrante a","twitter:creator":"@SoyMigrante_com","twitter:image":"https:\/\/soymigrante.com\/revista\/wp-content\/uploads\/2023\/07\/una-mas.webp"},"aioseo_meta_data":{"post_id":"3381","title":null,"description":null,"keywords":[],"keyphrases":{"focus":{"keyphrase":"Migrante","score":82,"analysis":{"keyphraseInTitle":{"score":9,"maxScore":9,"error":0},"keyphraseInDescription":{"score":9,"maxScore":9,"error":0},"keyphraseLength":{"score":9,"maxScore":9,"error":0,"length":1},"keyphraseInURL":{"score":5,"maxScore":5,"error":0},"keyphraseInIntroduction":{"score":9,"maxScore":9,"error":0},"keyphraseInSubHeadings":{"score":3,"maxScore":9,"error":1},"keyphraseInImageAlt":{"score":3,"maxScore":9,"error":1},"keywordDensity":{"type":"best","score":9,"maxScore":9,"error":0}}},"additional":[]},"primary_term":null,"canonical_url":null,"og_title":null,"og_description":null,"og_object_type":"default","og_image_type":"default","og_image_url":null,"og_image_width":null,"og_image_height":null,"og_image_custom_url":null,"og_image_custom_fields":null,"og_video":"","og_custom_url":null,"og_article_section":null,"og_article_tags":[],"twitter_use_og":false,"twitter_card":"default","twitter_image_type":"default","twitter_image_url":null,"twitter_image_custom_url":null,"twitter_image_custom_fields":null,"twitter_title":null,"twitter_description":null,"schema":{"blockGraphs":[],"customGraphs":[],"default":{"data":{"Article":[],"Course":[],"Dataset":[],"FAQPage":[],"Movie":[],"Person":[],"Product":[],"ProductReview":[],"Car":[],"Recipe":[],"Service":[],"SoftwareApplication":[],"WebPage":[]},"graphName":"BlogPosting","isEnabled":true},"graphs":[]},"schema_type":"default","schema_type_options":null,"pillar_content":false,"robots_default":true,"robots_noindex":false,"robots_noarchive":false,"robots_nosnippet":false,"robots_nofollow":false,"robots_noimageindex":false,"robots_noodp":false,"robots_notranslate":false,"robots_max_snippet":"-1","robots_max_videopreview":"-1","robots_max_imagepreview":"large","priority":null,"frequency":"default","local_seo":null,"seo_analyzer_scan_date":"2025-10-08 20:41:13","breadcrumb_settings":null,"limit_modified_date":false,"reviewed_by":null,"open_ai":null,"ai":null,"created":"2023-11-19 12:41:07","updated":"2026-02-04 09:53:42"},"aioseo_breadcrumb":"<div class=\"aioseo-breadcrumbs\"><span class=\"aioseo-breadcrumb\">\n\t<a href=\"https:\/\/soymigrante.com\/revista\" title=\"Home\">Home<\/a>\n<\/span><span class=\"aioseo-breadcrumb-separator\">\u00bb<\/span><span class=\"aioseo-breadcrumb\">\n\t<a href=\"https:\/\/soymigrante.com\/revista\/category\/exitos\/\" title=\"\u00c9xitos\">\u00c9xitos<\/a>\n<\/span><span class=\"aioseo-breadcrumb-separator\">\u00bb<\/span><span class=\"aioseo-breadcrumb\">\n\tMigrante Fredy Hern\u00e1ndez impulsa m\u00fasica, arte y shukos gourmet\n<\/span><\/div>","aioseo_breadcrumb_json":[{"label":"Home","link":"https:\/\/soymigrante.com\/revista"},{"label":"\u00c9xitos","link":"https:\/\/soymigrante.com\/revista\/category\/exitos\/"},{"label":"Migrante Fredy Hern\u00e1ndez impulsa m\u00fasica, arte y shukos gourmet","link":"https:\/\/soymigrante.com\/revista\/migrante-fredy-hernandez-impulsa-musica-arte-y-shukos-gourmet\/"}],"_links":{"self":[{"href":"https:\/\/soymigrante.com\/revista\/wp-json\/wp\/v2\/posts\/3381","targetHints":{"allow":["GET"]}}],"collection":[{"href":"https:\/\/soymigrante.com\/revista\/wp-json\/wp\/v2\/posts"}],"about":[{"href":"https:\/\/soymigrante.com\/revista\/wp-json\/wp\/v2\/types\/post"}],"author":[{"embeddable":true,"href":"https:\/\/soymigrante.com\/revista\/wp-json\/wp\/v2\/users\/7"}],"replies":[{"embeddable":true,"href":"https:\/\/soymigrante.com\/revista\/wp-json\/wp\/v2\/comments?post=3381"}],"version-history":[{"count":0,"href":"https:\/\/soymigrante.com\/revista\/wp-json\/wp\/v2\/posts\/3381\/revisions"}],"wp:featuredmedia":[{"embeddable":true,"href":"https:\/\/soymigrante.com\/revista\/wp-json\/wp\/v2\/media\/3393"}],"wp:attachment":[{"href":"https:\/\/soymigrante.com\/revista\/wp-json\/wp\/v2\/media?parent=3381"}],"wp:term":[{"taxonomy":"category","embeddable":true,"href":"https:\/\/soymigrante.com\/revista\/wp-json\/wp\/v2\/categories?post=3381"},{"taxonomy":"post_tag","embeddable":true,"href":"https:\/\/soymigrante.com\/revista\/wp-json\/wp\/v2\/tags?post=3381"}],"curies":[{"name":"wp","href":"https:\/\/api.w.org\/{rel}","templated":true}]}}