{"id":33789,"date":"2025-05-19T05:00:00","date_gmt":"2025-05-19T11:00:00","guid":{"rendered":"https:\/\/soymigrante.com\/revista\/?p=33789"},"modified":"2025-05-18T19:58:32","modified_gmt":"2025-05-19T01:58:32","slug":"tips-pra-emprendedores-como-crear-una-marca-y-un-logo-impactante-en-un-mercado-competitivo","status":"publish","type":"post","link":"https:\/\/soymigrante.com\/revista\/tips-pra-emprendedores-como-crear-una-marca-y-un-logo-impactante-en-un-mercado-competitivo\/","title":{"rendered":"Tips para emprendedores: c\u00f3mo crear una marca y un logo impactante en un mercado competitivo"},"content":{"rendered":"\t\t<div data-elementor-type=\"wp-post\" data-elementor-id=\"33789\" class=\"elementor elementor-33789\" data-elementor-post-type=\"post\">\n\t\t\t\t<div data-particle_enable=\"false\" data-particle-mobile-disabled=\"false\" class=\"elementor-element elementor-element-e3e41d8 e-flex e-con-boxed e-con e-parent\" data-id=\"e3e41d8\" data-element_type=\"container\" data-e-type=\"container\">\n\t\t\t\t\t<div class=\"e-con-inner\">\n\t\t\t\t<div class=\"elementor-element elementor-element-1d00f08 elementor-widget elementor-widget-heading\" data-id=\"1d00f08\" data-element_type=\"widget\" data-e-type=\"widget\" data-widget_type=\"heading.default\">\n\t\t\t\t\t<h2 class=\"elementor-heading-title elementor-size-default\">Crear una marca y un logo impactante, m\u00e1s en un mercado tan competitivo, como el actual, sigue estas recomendaciones. \n<\/h2>\t\t\t\t<\/div>\n\t\t\t\t\t<\/div>\n\t\t\t\t<\/div>\n\t\t<div data-particle_enable=\"false\" data-particle-mobile-disabled=\"false\" class=\"elementor-element elementor-element-44e93ef e-flex e-con-boxed e-con e-parent\" data-id=\"44e93ef\" data-element_type=\"container\" data-e-type=\"container\">\n\t\t\t\t\t<div class=\"e-con-inner\">\n\t\t\t\t<div class=\"elementor-element elementor-element-017e5a2 elementor-widget elementor-widget-text-editor\" data-id=\"017e5a2\" data-element_type=\"widget\" data-e-type=\"widget\" data-widget_type=\"text-editor.default\">\n\t\t\t\t\t\t\t\t\t<p>En un entorno saturado de productos y servicios,<a href=\"https:\/\/soymigrante.com\/revista\/consejos-para-hacer-crecer-las-ventas-de-tu-emprendimiento\/\" target=\"_blank\" rel=\"noopener\"> lograr que una marca destaque es un desaf\u00edo.<\/a> Un buen logo y una marca s\u00f3lida pueden ser la diferencia entre pasar desapercibido o captar la atenci\u00f3n del p\u00fablico objetivo.<\/p><p><a href=\"https:\/\/soymigrante.com\/revista\/consejos-para-hacer-crecer-las-ventas-de-tu-emprendimiento\/\" target=\"_blank\" rel=\"noopener\">Expertos en branding comparten las claves para dise\u00f1ar una identidad visual efectiva<\/a> que conecte con los consumidores y se mantenga en la mente de los clientes.<\/p>\t\t\t\t\t\t\t\t<\/div>\n\t\t\t\t\t<\/div>\n\t\t\t\t<\/div>\n\t\t<div data-particle_enable=\"false\" data-particle-mobile-disabled=\"false\" class=\"elementor-element elementor-element-67ed06b e-flex e-con-boxed e-con e-parent\" data-id=\"67ed06b\" data-element_type=\"container\" data-e-type=\"container\">\n\t\t\t\t\t<div class=\"e-con-inner\">\n\t\t\t\t<div class=\"elementor-element elementor-element-0817173 elementor-widget elementor-widget-heading\" data-id=\"0817173\" data-element_type=\"widget\" data-e-type=\"widget\" data-widget_type=\"heading.default\">\n\t\t\t\t\t<h3 class=\"elementor-heading-title elementor-size-default\">1. Identidad clara y coherente<\/h3>\t\t\t\t<\/div>\n\t\t\t\t\t<\/div>\n\t\t\t\t<\/div>\n\t\t<div data-particle_enable=\"false\" data-particle-mobile-disabled=\"false\" class=\"elementor-element elementor-element-518f97b e-flex e-con-boxed e-con e-parent\" data-id=\"518f97b\" data-element_type=\"container\" data-e-type=\"container\">\n\t\t\t\t\t<div class=\"e-con-inner\">\n\t\t\t\t<div class=\"elementor-element elementor-element-7d3b30e elementor-widget elementor-widget-text-editor\" data-id=\"7d3b30e\" data-element_type=\"widget\" data-e-type=\"widget\" data-widget_type=\"text-editor.default\">\n\t\t\t\t\t\t\t\t\t<div>Para que una marca sea memorable, <a href=\"https:\/\/soymigrante.com\/revista\/consejos-para-hacer-crecer-las-ventas-de-tu-emprendimiento\/\" target=\"_blank\" rel=\"noopener\">debe tener una identidad clara que refleje su esencia.<\/a> Seg\u00fan Andrea Ram\u00edrez, experta en branding, la clave est\u00e1 en definir los valores de la marca desde el principio:<\/div><div>\u00a0<\/div><div>\u201c<em>Una buena marca transmite coherencia en todos sus elementos: nombre, logo, colores y mensaje. Si tu marca quiere reflejar cercan\u00eda, no puedes tener un logo fr\u00edo y distante<\/em>&#8220;, coment\u00f3 Ram\u00edrez.\u00a0<\/div><div>\u00a0<\/div><div><strong>Esto implica definir:<\/strong><\/div><div><strong>\u2022Misi\u00f3n y visi\u00f3n<\/strong>: \u00bfQu\u00e9 quieres transmitir y a qui\u00e9n?<\/div><div><strong>\u2022P\u00fablico objetivo<\/strong>: \u00bfQu\u00e9 necesidades quieres satisfacer?<\/div><div><strong>\u2022Personalidad de la marca:<\/strong> \u00bfEs juvenil, elegante, minimalista o divertida?<\/div>\t\t\t\t\t\t\t\t<\/div>\n\t\t\t\t\t<\/div>\n\t\t\t\t<\/div>\n\t\t<div data-particle_enable=\"false\" data-particle-mobile-disabled=\"false\" class=\"elementor-element elementor-element-5b4aab2 e-flex e-con-boxed e-con e-parent\" data-id=\"5b4aab2\" data-element_type=\"container\" data-e-type=\"container\">\n\t\t\t\t\t<div class=\"e-con-inner\">\n\t\t\t\t<div class=\"elementor-element elementor-element-f6784e7 elementor-widget elementor-widget-image\" data-id=\"f6784e7\" data-element_type=\"widget\" data-e-type=\"widget\" data-widget_type=\"image.default\">\n\t\t\t\t\t\t\t\t\t\t\t\t<figure class=\"wp-caption\">\n\t\t\t\t\t\t\t\t\t\t<img fetchpriority=\"high\" decoding=\"async\" width=\"768\" height=\"512\" src=\"https:\/\/soymigrante.com\/revista\/wp-content\/uploads\/2025\/05\/Como-crear-una-marca-y-un-logo-impactante-en-un-mercado-competitivo2-1024x683.jpeg\" class=\"attachment-large size-large wp-image-33801\" alt=\"Innovaci\u00f3n y creatividad en la migraci\u00f3n: ideas innovadoras ilustradas con dibujos de bombillas creativas en la revista SoyMigrante.com REVISTA.\" srcset=\"https:\/\/soymigrante.com\/revista\/wp-content\/uploads\/2025\/05\/Como-crear-una-marca-y-un-logo-impactante-en-un-mercado-competitivo2-1024x683.jpeg 1024w, https:\/\/soymigrante.com\/revista\/wp-content\/uploads\/2025\/05\/Como-crear-una-marca-y-un-logo-impactante-en-un-mercado-competitivo2-300x200.jpeg 300w, https:\/\/soymigrante.com\/revista\/wp-content\/uploads\/2025\/05\/Como-crear-una-marca-y-un-logo-impactante-en-un-mercado-competitivo2-768x512.jpeg 768w, https:\/\/soymigrante.com\/revista\/wp-content\/uploads\/2025\/05\/Como-crear-una-marca-y-un-logo-impactante-en-un-mercado-competitivo2-1536x1024.jpeg 1536w, https:\/\/soymigrante.com\/revista\/wp-content\/uploads\/2025\/05\/Como-crear-una-marca-y-un-logo-impactante-en-un-mercado-competitivo2-750x500.webp 750w, https:\/\/soymigrante.com\/revista\/wp-content\/uploads\/2025\/05\/Como-crear-una-marca-y-un-logo-impactante-en-un-mercado-competitivo2-1140x760.webp 1140w, https:\/\/soymigrante.com\/revista\/wp-content\/uploads\/2025\/05\/Como-crear-una-marca-y-un-logo-impactante-en-un-mercado-competitivo2.webp 1600w\" sizes=\"(max-width: 768px) 100vw, 768px\" title=\"C\u00f3mo crear una marca y un logo impactante en un mercado competitivo2 \u2013 SoyMigrante.com REVISTA\" \/>\t\t\t\t\t\t\t\t\t\t\t<figcaption class=\"widget-image-caption wp-caption-text\">Ideas innovadoras para migrantes y emprendedores en la revista SoyMigrante.com, con ilustraciones de bombillas que representan creatividad, inspiraci\u00f3n y soluciones innovadoras en temas migratorios.<\/figcaption>\n\t\t\t\t\t\t\t\t\t\t<\/figure>\n\t\t\t\t\t\t\t\t\t<\/div>\n\t\t\t\t\t<\/div>\n\t\t\t\t<\/div>\n\t\t<div data-particle_enable=\"false\" data-particle-mobile-disabled=\"false\" class=\"elementor-element elementor-element-2e5982d e-flex e-con-boxed e-con e-parent\" data-id=\"2e5982d\" data-element_type=\"container\" data-e-type=\"container\">\n\t\t\t\t\t<div class=\"e-con-inner\">\n\t\t\t\t<div class=\"elementor-element elementor-element-6d5773a elementor-widget elementor-widget-heading\" data-id=\"6d5773a\" data-element_type=\"widget\" data-e-type=\"widget\" data-widget_type=\"heading.default\">\n\t\t\t\t\t<h3 class=\"elementor-heading-title elementor-size-default\">2. Un logo distintivo y sencillo<\/h3>\t\t\t\t<\/div>\n\t\t\t\t\t<\/div>\n\t\t\t\t<\/div>\n\t\t<div data-particle_enable=\"false\" data-particle-mobile-disabled=\"false\" class=\"elementor-element elementor-element-33e2be8 e-flex e-con-boxed e-con e-parent\" data-id=\"33e2be8\" data-element_type=\"container\" data-e-type=\"container\">\n\t\t\t\t\t<div class=\"e-con-inner\">\n\t\t\t\t<div class=\"elementor-element elementor-element-1950411 elementor-widget elementor-widget-text-editor\" data-id=\"1950411\" data-element_type=\"widget\" data-e-type=\"widget\" data-widget_type=\"text-editor.default\">\n\t\t\t\t\t\t\t\t\t<div>El logo es el rostro de la marca. <a href=\"https:\/\/soymigrante.com\/revista\/consejos-para-hacer-crecer-las-ventas-de-tu-emprendimiento\/\" target=\"_blank\" rel=\"noopener\">Un buen logo debe ser simple, memorable y vers\u00e1til.<\/a> Carolina Mej\u00eda, dise\u00f1adora gr\u00e1fica, enfatiza la importancia de evitar el exceso de elementos:<\/div><div>\u00a0<\/div><div>\u201c<em>Menos es m\u00e1s. Los logos m\u00e1s exitosos son los que pueden reconocerse con un solo vistazo. Piensa en Nike, Apple o McDonald\u2019s; son simples y f\u00e1cilmente identificable<\/em>s\u201d, mencion\u00f3, Mej\u00eda.<\/div><div>\u00a0<\/div><div>Recomendaciones clave:<\/div><div><strong>\u2022Simplicidad<\/strong>: Evita los detalles complicados. Un logo debe ser f\u00e1cil de reproducir en cualquier tama\u00f1o.<\/div><div><strong>\u2022Versatilidad:<\/strong> Debe funcionar tanto en blanco y negro como en color.<\/div><div><strong>\u2022Atemporalidad<\/strong>: Dise\u00f1ar pensando en la durabilidad a largo plazo.<\/div><div>\u00a0<\/div>\t\t\t\t\t\t\t\t<\/div>\n\t\t\t\t\t<\/div>\n\t\t\t\t<\/div>\n\t\t<div data-particle_enable=\"false\" data-particle-mobile-disabled=\"false\" class=\"elementor-element elementor-element-5134a37 e-flex e-con-boxed e-con e-parent\" data-id=\"5134a37\" data-element_type=\"container\" data-e-type=\"container\">\n\t\t\t\t\t<div class=\"e-con-inner\">\n\t\t\t\t<div class=\"elementor-element elementor-element-77ce99d elementor-widget elementor-widget-heading\" data-id=\"77ce99d\" data-element_type=\"widget\" data-e-type=\"widget\" data-widget_type=\"heading.default\">\n\t\t\t\t\t<h3 class=\"elementor-heading-title elementor-size-default\">3. Colores estrat\u00e9gicos<\/h3>\t\t\t\t<\/div>\n\t\t\t\t\t<\/div>\n\t\t\t\t<\/div>\n\t\t<div data-particle_enable=\"false\" data-particle-mobile-disabled=\"false\" class=\"elementor-element elementor-element-ce46e3d e-flex e-con-boxed e-con e-parent\" data-id=\"ce46e3d\" data-element_type=\"container\" data-e-type=\"container\">\n\t\t\t\t\t<div class=\"e-con-inner\">\n\t\t\t\t<div class=\"elementor-element elementor-element-2287dbb elementor-widget elementor-widget-text-editor\" data-id=\"2287dbb\" data-element_type=\"widget\" data-e-type=\"widget\" data-widget_type=\"text-editor.default\">\n\t\t\t\t\t\t\t\t\t<div><a href=\"https:\/\/soymigrante.com\/revista\/consejos-para-hacer-crecer-las-ventas-de-tu-emprendimiento\/\" target=\"_blank\" rel=\"noopener\">Los colores no solo decoran; tambi\u00e9n comunican<\/a> emociones. Por ejemplo:<\/div><div><strong>\u2022Rojo:<\/strong> Transmite energ\u00eda, pasi\u00f3n y urgencia.<\/div><div><strong>\u2022Azul:<\/strong> Evoca confianza y profesionalismo.<\/div><div><strong>\u2022Verde:<\/strong> Relacionado con la naturaleza y la calma.<\/div><div>\u00a0<\/div><div>\u201c<em>El color puede influir en las decisiones de compra. Un estudio de color bien pensado puede aumentar el reconocimiento de una marca hasta en un 80%<\/em>&#8220;, enfatiz\u00f3, Mej\u00eda.<\/div>\t\t\t\t\t\t\t\t<\/div>\n\t\t\t\t\t<\/div>\n\t\t\t\t<\/div>\n\t\t<div data-particle_enable=\"false\" data-particle-mobile-disabled=\"false\" class=\"elementor-element elementor-element-01c8095 e-flex e-con-boxed e-con e-parent\" data-id=\"01c8095\" data-element_type=\"container\" data-e-type=\"container\">\n\t\t\t\t\t<div class=\"e-con-inner\">\n\t\t\t\t<div class=\"elementor-element elementor-element-f1f5e5f elementor-widget elementor-widget-image\" data-id=\"f1f5e5f\" data-element_type=\"widget\" data-e-type=\"widget\" data-widget_type=\"image.default\">\n\t\t\t\t\t\t\t\t\t\t\t\t<figure class=\"wp-caption\">\n\t\t\t\t\t\t\t\t\t\t<img decoding=\"async\" width=\"682\" height=\"1024\" src=\"https:\/\/soymigrante.com\/revista\/wp-content\/uploads\/2025\/05\/Como-crear-una-marca-y-un-logo-impactante-en-un-mercado-competitivo3-682x1024.jpeg\" class=\"attachment-large size-large wp-image-33802\" alt=\"Dise\u00f1o gr\u00e1fico y branding en una oficina creativa, con paletas de colores y ordenador mostrando logos y gr\u00e1ficos, para potenciar la identidad visual y estrategia de marca.\" srcset=\"https:\/\/soymigrante.com\/revista\/wp-content\/uploads\/2025\/05\/Como-crear-una-marca-y-un-logo-impactante-en-un-mercado-competitivo3-682x1024.jpeg 682w, https:\/\/soymigrante.com\/revista\/wp-content\/uploads\/2025\/05\/Como-crear-una-marca-y-un-logo-impactante-en-un-mercado-competitivo3-200x300.jpeg 200w, https:\/\/soymigrante.com\/revista\/wp-content\/uploads\/2025\/05\/Como-crear-una-marca-y-un-logo-impactante-en-un-mercado-competitivo3-768x1153.jpeg 768w, https:\/\/soymigrante.com\/revista\/wp-content\/uploads\/2025\/05\/Como-crear-una-marca-y-un-logo-impactante-en-un-mercado-competitivo3-1023x1536.jpeg 1023w, https:\/\/soymigrante.com\/revista\/wp-content\/uploads\/2025\/05\/Como-crear-una-marca-y-un-logo-impactante-en-un-mercado-competitivo3-750x1126.webp 750w, https:\/\/soymigrante.com\/revista\/wp-content\/uploads\/2025\/05\/Como-crear-una-marca-y-un-logo-impactante-en-un-mercado-competitivo3.webp 1066w\" sizes=\"(max-width: 682px) 100vw, 682px\" title=\"C\u00f3mo crear una marca y un logo impactante en un mercado competitivo3 \u2013 SoyMigrante.com REVISTA\" \/>\t\t\t\t\t\t\t\t\t\t\t<figcaption class=\"widget-image-caption wp-caption-text\">Creaci\u00f3n de logos y dise\u00f1o gr\u00e1fico en proceso, con paletas de colores y gr\u00e1ficos en pantalla, resaltando la importancia del branding y la identidad visual en proyectos creativos.<\/figcaption>\n\t\t\t\t\t\t\t\t\t\t<\/figure>\n\t\t\t\t\t\t\t\t\t<\/div>\n\t\t\t\t\t<\/div>\n\t\t\t\t<\/div>\n\t\t<div data-particle_enable=\"false\" data-particle-mobile-disabled=\"false\" class=\"elementor-element elementor-element-8e015bf e-flex e-con-boxed e-con e-parent\" data-id=\"8e015bf\" data-element_type=\"container\" data-e-type=\"container\">\n\t\t\t\t\t<div class=\"e-con-inner\">\n\t\t\t\t<div class=\"elementor-element elementor-element-3ae98a6 elementor-widget elementor-widget-heading\" data-id=\"3ae98a6\" data-element_type=\"widget\" data-e-type=\"widget\" data-widget_type=\"heading.default\">\n\t\t\t\t\t<h3 class=\"elementor-heading-title elementor-size-default\">4. Tipograf\u00eda que hable por s\u00ed sola<\/h3>\t\t\t\t<\/div>\n\t\t\t\t\t<\/div>\n\t\t\t\t<\/div>\n\t\t<div data-particle_enable=\"false\" data-particle-mobile-disabled=\"false\" class=\"elementor-element elementor-element-2f5e8ac e-flex e-con-boxed e-con e-parent\" data-id=\"2f5e8ac\" data-element_type=\"container\" data-e-type=\"container\">\n\t\t\t\t\t<div class=\"e-con-inner\">\n\t\t\t\t<div class=\"elementor-element elementor-element-9016d93 elementor-widget elementor-widget-text-editor\" data-id=\"9016d93\" data-element_type=\"widget\" data-e-type=\"widget\" data-widget_type=\"text-editor.default\">\n\t\t\t\t\t\t\t\t\t<div>La elecci\u00f3n de la fuente es tan importante como el dise\u00f1o del logo. Una tipograf\u00eda adecuada refuerza el mensaje de la marca. Por ejemplo:<\/div><div><strong>\u2022Serif:<\/strong> Transmite tradici\u00f3n y confianza.<\/div><div>\u2022<strong>Sans Serif:<\/strong> Da una sensaci\u00f3n moderna y minimalista.<\/div><div><strong>\u2022Script:<\/strong> Evoca elegancia y creatividad.<\/div>\t\t\t\t\t\t\t\t<\/div>\n\t\t\t\t\t<\/div>\n\t\t\t\t<\/div>\n\t\t<div data-particle_enable=\"false\" data-particle-mobile-disabled=\"false\" class=\"elementor-element elementor-element-22041c1 e-flex e-con-boxed e-con e-parent\" data-id=\"22041c1\" data-element_type=\"container\" data-e-type=\"container\">\n\t\t\t\t\t<div class=\"e-con-inner\">\n\t\t\t\t<div class=\"elementor-element elementor-element-cea9fa0 elementor-widget elementor-widget-heading\" data-id=\"cea9fa0\" data-element_type=\"widget\" data-e-type=\"widget\" data-widget_type=\"heading.default\">\n\t\t\t\t\t<h3 class=\"elementor-heading-title elementor-size-default\">5. Consistencia en todos los canales<\/h3>\t\t\t\t<\/div>\n\t\t\t\t\t<\/div>\n\t\t\t\t<\/div>\n\t\t<div data-particle_enable=\"false\" data-particle-mobile-disabled=\"false\" class=\"elementor-element elementor-element-1244a6c e-flex e-con-boxed e-con e-parent\" data-id=\"1244a6c\" data-element_type=\"container\" data-e-type=\"container\">\n\t\t\t\t\t<div class=\"e-con-inner\">\n\t\t\t\t<div class=\"elementor-element elementor-element-bdea792 elementor-widget elementor-widget-text-editor\" data-id=\"bdea792\" data-element_type=\"widget\" data-e-type=\"widget\" data-widget_type=\"text-editor.default\">\n\t\t\t\t\t\t\t\t\t<p><a href=\"https:\/\/soymigrante.com\/revista\/consejos-para-hacer-crecer-las-ventas-de-tu-emprendimiento\/\" target=\"_blank\" rel=\"noopener\">Una marca coherente se refleja en todos los puntos de contacto con el cliente<\/a>: redes sociales, p\u00e1gina web, empaques y publicidad. Ram\u00edrez aconseja:<\/p><p>\u201cCada elemento debe hablar el mismo lenguaje visual. Si tu logo es moderno, tus publicaciones deben seguir esa l\u00ednea gr\u00e1fica para mantener la coherencia.\u201d<\/p>\t\t\t\t\t\t\t\t<\/div>\n\t\t\t\t\t<\/div>\n\t\t\t\t<\/div>\n\t\t<div data-particle_enable=\"false\" data-particle-mobile-disabled=\"false\" class=\"elementor-element elementor-element-38f488c e-flex e-con-boxed e-con e-parent\" data-id=\"38f488c\" data-element_type=\"container\" data-e-type=\"container\">\n\t\t\t\t\t<div class=\"e-con-inner\">\n\t\t\t\t<div class=\"elementor-element elementor-element-c488fed elementor-widget elementor-widget-text-editor\" data-id=\"c488fed\" data-element_type=\"widget\" data-e-type=\"widget\" data-widget_type=\"text-editor.default\">\n\t\t\t\t\t\t\t\t\t<p><a href=\"https:\/\/soymigrante.com\/revista\/consejos-para-hacer-crecer-las-ventas-de-tu-emprendimiento\/\" target=\"_blank\" rel=\"noopener\">Crear una marca s\u00f3lida y un logo efectivo implica entender a fondo la identidad de la empresa,<\/a> utilizar elementos visuales estrat\u00e9gicos y mantener la coherencia en todos los canales.<\/p><p>En un mercado competitivo, diferenciarse no es solo cuesti\u00f3n de est\u00e9tica, sino de construir una conexi\u00f3n emocional duradera con el p\u00fablico.<\/p>\t\t\t\t\t\t\t\t<\/div>\n\t\t\t\t\t<\/div>\n\t\t\t\t<\/div>\n\t\t<div data-particle_enable=\"false\" data-particle-mobile-disabled=\"false\" class=\"elementor-element elementor-element-e95983f e-flex e-con-boxed e-con e-parent\" data-id=\"e95983f\" data-element_type=\"container\" data-e-type=\"container\">\n\t\t\t\t\t<div class=\"e-con-inner\">\n\t\t\t\t<div class=\"elementor-element elementor-element-0001bd5 elementor-widget elementor-widget-heading\" data-id=\"0001bd5\" data-element_type=\"widget\" data-e-type=\"widget\" data-widget_type=\"heading.default\">\n\t\t\t\t\t<h2 class=\"elementor-heading-title elementor-size-default\">Conoce estos temas, que te pueden interesar...<\/h2>\t\t\t\t<\/div>\n\t\t\t\t\t<\/div>\n\t\t\t\t<\/div>\n\t\t<div data-particle_enable=\"false\" data-particle-mobile-disabled=\"false\" class=\"elementor-element elementor-element-e9a4a7d e-flex e-con-boxed e-con e-parent\" data-id=\"e9a4a7d\" data-element_type=\"container\" data-e-type=\"container\">\n\t\t\t\t\t<div class=\"e-con-inner\">\n\t\t\t\t<div class=\"elementor-element elementor-element-4e57510 elementor-grid-eael-col-3 elementor-grid-tablet-eael-col-2 elementor-grid-mobile-eael-col-1 elementor-widget elementor-widget-eael-post-grid\" data-id=\"4e57510\" data-element_type=\"widget\" data-e-type=\"widget\" data-settings=\"{&quot;eael_post_grid_columns&quot;:&quot;eael-col-3&quot;,&quot;eael_post_grid_columns_tablet&quot;:&quot;eael-col-2&quot;,&quot;eael_post_grid_columns_mobile&quot;:&quot;eael-col-1&quot;}\" data-widget_type=\"eael-post-grid.default\">\n\t\t\t\t\t<div id=\"eael-post-grid-4e57510\" class=\"eael-post-grid-container\">\n            <div class=\"eael-post-grid eael-post-appender eael-post-appender-4e57510 eael-post-grid-style-one\" data-layout-mode=\"masonry\"><article class=\"eael-grid-post  eael-post-grid-column eael-pg-post-31178 category-bienestar\" data-id=\"31178\">\n        <div class=\"eael-grid-post-holder\">\n            <div class=\"eael-grid-post-holder-inner\"><div class=\"eael-entry-media\"><div class=\"eael-entry-overlay fade-in\"><i class=\"far fa-hand-pointer\" aria-hidden=\"true\"><\/i><a href=\"https:\/\/soymigrante.com\/revista\/empleado-o-emprendedor-ventajas-y-desventajas-de-ambas-modalidades-laborales\/\"><\/a><\/div><div class=\"eael-entry-thumbnail \">\n                <img decoding=\"async\" width=\"1024\" height=\"1024\" src=\"https:\/\/soymigrante.com\/revista\/wp-content\/uploads\/2025\/04\/Empleado-o-emprendedor-ventajas-y-desventajas-de-cada-camino1-e1744770616181-1024x1024.jpeg\" class=\"attachment-large size-large wp-image-31179\" alt=\"Joven profesional sonriente en oficina moderna, inspirando \u00e9xito y liderazgo en el trabajo.\" srcset=\"https:\/\/soymigrante.com\/revista\/wp-content\/uploads\/2025\/04\/Empleado-o-emprendedor-ventajas-y-desventajas-de-cada-camino1-e1744770616181-1024x1024.jpeg 1024w, https:\/\/soymigrante.com\/revista\/wp-content\/uploads\/2025\/04\/Empleado-o-emprendedor-ventajas-y-desventajas-de-cada-camino1-e1744770616181-300x300.jpeg 300w, https:\/\/soymigrante.com\/revista\/wp-content\/uploads\/2025\/04\/Empleado-o-emprendedor-ventajas-y-desventajas-de-cada-camino1-e1744770616181-150x150.jpeg 150w, https:\/\/soymigrante.com\/revista\/wp-content\/uploads\/2025\/04\/Empleado-o-emprendedor-ventajas-y-desventajas-de-cada-camino1-e1744770616181-768x768.jpeg 768w, https:\/\/soymigrante.com\/revista\/wp-content\/uploads\/2025\/04\/Empleado-o-emprendedor-ventajas-y-desventajas-de-cada-camino1-e1744770616181-75x75.webp 75w, https:\/\/soymigrante.com\/revista\/wp-content\/uploads\/2025\/04\/Empleado-o-emprendedor-ventajas-y-desventajas-de-cada-camino1-e1744770616181-750x750.webp 750w, https:\/\/soymigrante.com\/revista\/wp-content\/uploads\/2025\/04\/Empleado-o-emprendedor-ventajas-y-desventajas-de-cada-camino1-e1744770616181.webp 1064w\" sizes=\"(max-width: 1024px) 100vw, 1024px\" \/>\n            <\/div>\n        <\/div><div class=\"eael-entry-wrapper\"><header class=\"eael-entry-header\"><h2 class=\"eael-entry-title\"><a class=\"eael-grid-post-link\" href=\"https:\/\/soymigrante.com\/revista\/empleado-o-emprendedor-ventajas-y-desventajas-de-ambas-modalidades-laborales\/\" title=\"\u00bfEmpleado o emprendedor? Ventajas y desventajas de ambas modalidades laborales\">\u00bfEmpleado o emprendedor? Ventajas y desventajas de ambas modalidades laborales<\/a><\/h2><\/header><div class=\"eael-entry-content\">\n                        <div class=\"eael-grid-post-excerpt\"><a href=\"https:\/\/soymigrante.com\/revista\/empleado-o-emprendedor-ventajas-y-desventajas-de-ambas-modalidades-laborales\/\" class=\"eael-post-elements-readmore-btn\">CONOCE SU HISTORIA <\/a><\/div>\n                    <\/div><\/div><\/div>\n        <\/div>\n    <\/article><article class=\"eael-grid-post  eael-post-grid-column eael-pg-post-17480 category-bienestar\" data-id=\"17480\">\n        <div class=\"eael-grid-post-holder\">\n            <div class=\"eael-grid-post-holder-inner\"><div class=\"eael-entry-media\"><div class=\"eael-entry-overlay fade-in\"><i class=\"far fa-hand-pointer\" aria-hidden=\"true\"><\/i><a href=\"https:\/\/soymigrante.com\/revista\/consejos-para-hacer-crecer-las-ventas-de-tu-emprendimiento\/\"><\/a><\/div><div class=\"eael-entry-thumbnail \">\n                <img loading=\"lazy\" decoding=\"async\" width=\"1024\" height=\"1022\" src=\"https:\/\/soymigrante.com\/revista\/wp-content\/uploads\/2024\/11\/emprendedor2-scaled-e1736226196760-1024x1022.webp\" class=\"attachment-large size-large wp-image-13303\" alt=\"Emprendedora femenina en taller de cer\u00e1mica, con computadora y tel\u00e9fono m\u00f3vil, resaltando el trabajo artesanal y digital en comunidad migrante en M\u00e9xico.\" srcset=\"https:\/\/soymigrante.com\/revista\/wp-content\/uploads\/2024\/11\/emprendedor2-scaled-e1736226196760-1024x1022.webp 1024w, https:\/\/soymigrante.com\/revista\/wp-content\/uploads\/2024\/11\/emprendedor2-scaled-e1736226196760-300x300.webp 300w, https:\/\/soymigrante.com\/revista\/wp-content\/uploads\/2024\/11\/emprendedor2-scaled-e1736226196760-150x150.webp 150w, https:\/\/soymigrante.com\/revista\/wp-content\/uploads\/2024\/11\/emprendedor2-scaled-e1736226196760-768x766.webp 768w, https:\/\/soymigrante.com\/revista\/wp-content\/uploads\/2024\/11\/emprendedor2-scaled-e1736226196760-75x75.webp 75w, https:\/\/soymigrante.com\/revista\/wp-content\/uploads\/2024\/11\/emprendedor2-scaled-e1736226196760-750x748.webp 750w, https:\/\/soymigrante.com\/revista\/wp-content\/uploads\/2024\/11\/emprendedor2-scaled-e1736226196760-1140x1137.webp 1140w, https:\/\/soymigrante.com\/revista\/wp-content\/uploads\/2024\/11\/emprendedor2-scaled-e1736226196760.webp 1280w\" sizes=\"(max-width: 1024px) 100vw, 1024px\" \/>\n            <\/div>\n        <\/div><div class=\"eael-entry-wrapper\"><header class=\"eael-entry-header\"><h2 class=\"eael-entry-title\"><a class=\"eael-grid-post-link\" href=\"https:\/\/soymigrante.com\/revista\/consejos-para-hacer-crecer-las-ventas-de-tu-emprendimiento\/\" title=\"Consejos para hacer crecer las ventas de tu emprendimiento\">Consejos para hacer crecer las ventas de tu emprendimiento<\/a><\/h2><\/header><div class=\"eael-entry-content\">\n                        <div class=\"eael-grid-post-excerpt\"><a href=\"https:\/\/soymigrante.com\/revista\/consejos-para-hacer-crecer-las-ventas-de-tu-emprendimiento\/\" class=\"eael-post-elements-readmore-btn\">CONOCE SU HISTORIA <\/a><\/div>\n                    <\/div><\/div><\/div>\n        <\/div>\n    <\/article><article class=\"eael-grid-post  eael-post-grid-column eael-pg-post-9982 category-bienestar\" data-id=\"9982\">\n        <div class=\"eael-grid-post-holder\">\n            <div class=\"eael-grid-post-holder-inner\"><div class=\"eael-entry-media\"><div class=\"eael-entry-overlay fade-in\"><i class=\"far fa-hand-pointer\" aria-hidden=\"true\"><\/i><a href=\"https:\/\/soymigrante.com\/revista\/considerando-una-tienda-digital-evalua-ventajas-y-desafios-versus-una-venta-fisica\/\"><\/a><\/div><div class=\"eael-entry-thumbnail \">\n                <img loading=\"lazy\" decoding=\"async\" width=\"872\" height=\"872\" src=\"https:\/\/soymigrante.com\/revista\/wp-content\/uploads\/2024\/10\/Captura-de-pantalla-2024-10-03-194249.webp\" class=\"attachment-large size-large wp-image-10006\" alt=\"Compra en l\u00ednea con la revista SoyMigrante.com REVISTA, caracter\u00edsticas y tendencias del comercio digital para migrantes y comunidad hispana.\" srcset=\"https:\/\/soymigrante.com\/revista\/wp-content\/uploads\/2024\/10\/Captura-de-pantalla-2024-10-03-194249.webp 872w, https:\/\/soymigrante.com\/revista\/wp-content\/uploads\/2024\/10\/Captura-de-pantalla-2024-10-03-194249-300x300.webp 300w, https:\/\/soymigrante.com\/revista\/wp-content\/uploads\/2024\/10\/Captura-de-pantalla-2024-10-03-194249-150x150.webp 150w, https:\/\/soymigrante.com\/revista\/wp-content\/uploads\/2024\/10\/Captura-de-pantalla-2024-10-03-194249-768x768.webp 768w, https:\/\/soymigrante.com\/revista\/wp-content\/uploads\/2024\/10\/Captura-de-pantalla-2024-10-03-194249-75x75.webp 75w, https:\/\/soymigrante.com\/revista\/wp-content\/uploads\/2024\/10\/Captura-de-pantalla-2024-10-03-194249-750x750.webp 750w\" sizes=\"(max-width: 872px) 100vw, 872px\" \/>\n            <\/div>\n        <\/div><div class=\"eael-entry-wrapper\"><header class=\"eael-entry-header\"><h2 class=\"eael-entry-title\"><a class=\"eael-grid-post-link\" href=\"https:\/\/soymigrante.com\/revista\/considerando-una-tienda-digital-evalua-ventajas-y-desafios-versus-una-venta-fisica\/\" title=\"\u00bfConsiderando una tienda digital? Eval\u00faa ventajas y desaf\u00edos versus una venta f\u00edsica\">\u00bfConsiderando una tienda digital? Eval\u00faa ventajas y desaf\u00edos versus una venta f\u00edsica<\/a><\/h2><\/header><div class=\"eael-entry-content\">\n                        <div class=\"eael-grid-post-excerpt\"><a href=\"https:\/\/soymigrante.com\/revista\/considerando-una-tienda-digital-evalua-ventajas-y-desafios-versus-una-venta-fisica\/\" class=\"eael-post-elements-readmore-btn\">CONOCE SU HISTORIA <\/a><\/div>\n                    <\/div><\/div><\/div>\n        <\/div>\n    <\/article><\/div>\n            <div class=\"clearfix\"><\/div>\n        <\/div>\t\t\t\t<\/div>\n\t\t\t\t\t<\/div>\n\t\t\t\t<\/div>\n\t\t\t\t<\/div>\n\t\t","protected":false},"excerpt":{"rendered":"<p>Crear una marca y un logo impactante, m\u00e1s en un mercado tan competitivo, como el actual, sigue estas recomendaciones. En un entorno saturado de productos y servicios, lograr que una marca destaque es un desaf\u00edo. Un buen logo y una marca s\u00f3lida pueden ser la diferencia entre pasar desapercibido o captar la atenci\u00f3n del p\u00fablico [&hellip;]<\/p>\n","protected":false},"author":19,"featured_media":33790,"comment_status":"open","ping_status":"open","sticky":false,"template":"","format":"standard","meta":{"_acf_changed":false,"_eb_attr":"","footnotes":""},"categories":[55],"tags":[],"class_list":["post-33789","post","type-post","status-publish","format-standard","has-post-thumbnail","hentry","category-bienestar"],"acf":[],"aioseo_notices":[],"aioseo_head":"\n\t\t<!-- All in One SEO Pro 4.9.6.2 - aioseo.com -->\n\t<meta name=\"description\" content=\"La decisi\u00f3n de tener una tienda f\u00edsica, una tienda virtual, o ambas depender\u00e1 de tus objetivos comerciales, metas y la disponibilidad de herramientas digitales.\" \/>\n\t<meta name=\"robots\" content=\"max-snippet:-1, max-image-preview:large, max-video-preview:-1\" \/>\n\t<meta name=\"author\" content=\"Beatriz Tercero\"\/>\n\t<link rel=\"canonical\" href=\"https:\/\/soymigrante.com\/revista\/considerando-una-tienda-digital-evalua-ventajas-y-desafios-versus-una-venta-fisica\/\" \/>\n\t<meta name=\"generator\" content=\"All in One SEO Pro (AIOSEO) 4.9.6.2\" \/>\n\n\t\t<link rel=\"preconnect\" href=\"https:\/\/fonts.googleapis.com\" crossorigin>\n<link rel=\"preconnect\" href=\"https:\/\/fonts.gstatic.com\" crossorigin>\n\t\t<meta property=\"og:locale\" content=\"es_ES\" \/>\n\t\t<meta property=\"og:site_name\" content=\"SoyMigrante.com REVISTA \u2013 Nuestra misi\u00f3n es reconocer y dignificar al migrante.\" \/>\n\t\t<meta property=\"og:type\" content=\"article\" \/>\n\t\t<meta property=\"og:title\" content=\"Ventajas y desaf\u00edos de tener una tienda f\u00edsica o virtual\" \/>\n\t\t<meta property=\"og:description\" content=\"La decisi\u00f3n de tener una tienda f\u00edsica, una tienda virtual, o ambas depender\u00e1 de tus objetivos comerciales, metas y la disponibilidad de herramientas digitales.\" \/>\n\t\t<meta property=\"og:url\" content=\"https:\/\/soymigrante.com\/revista\/considerando-una-tienda-digital-evalua-ventajas-y-desafios-versus-una-venta-fisica\/\" \/>\n\t\t<meta property=\"og:image\" content=\"https:\/\/soymigrante.com\/revista\/wp-content\/uploads\/2024\/10\/Captura-de-pantalla-2024-10-03-194249.webp\" \/>\n\t\t<meta property=\"og:image:secure_url\" content=\"https:\/\/soymigrante.com\/revista\/wp-content\/uploads\/2024\/10\/Captura-de-pantalla-2024-10-03-194249.webp\" \/>\n\t\t<meta property=\"og:image:width\" content=\"872\" \/>\n\t\t<meta property=\"og:image:height\" content=\"872\" \/>\n\t\t<meta property=\"article:published_time\" content=\"2024-10-04T01:44:22+00:00\" \/>\n\t\t<meta property=\"article:modified_time\" content=\"2024-10-04T01:44:24+00:00\" \/>\n\t\t<meta property=\"article:publisher\" content=\"https:\/\/www.facebook.com\/soymigrantecom\" \/>\n\t\t<meta name=\"twitter:card\" content=\"summary_large_image\" \/>\n\t\t<meta name=\"twitter:site\" content=\"@SoyMigrante_com\" \/>\n\t\t<meta name=\"twitter:title\" content=\"Ventajas y desaf\u00edos de tener una tienda f\u00edsica o virtual\" \/>\n\t\t<meta name=\"twitter:description\" content=\"La decisi\u00f3n de tener una tienda f\u00edsica, una tienda virtual, o ambas depender\u00e1 de tus objetivos comerciales, metas y la disponibilidad de herramientas digitales.\" \/>\n\t\t<meta name=\"twitter:creator\" content=\"@SoyMigrante_com\" \/>\n\t\t<meta name=\"twitter:image\" content=\"https:\/\/soymigrante.com\/revista\/wp-content\/uploads\/2024\/10\/Captura-de-pantalla-2024-10-03-194249.webp\" \/>\n\t\t<!-- All in One SEO Pro -->\r\n\t\t<title>Ventajas y desaf\u00edos de tener una tienda f\u00edsica o virtual<\/title>\n\n","aioseo_head_json":{"title":"Ventajas y desaf\u00edos de tener una tienda f\u00edsica o virtual","description":"La decisi\u00f3n de tener una tienda f\u00edsica, una tienda virtual, o ambas depender\u00e1 de tus objetivos comerciales, metas y la disponibilidad de herramientas digitales.","canonical_url":"https:\/\/soymigrante.com\/revista\/considerando-una-tienda-digital-evalua-ventajas-y-desafios-versus-una-venta-fisica\/","robots":"max-snippet:-1, max-image-preview:large, max-video-preview:-1","keywords":"","webmasterTools":{"miscellaneous":"&lt;link rel=\"preconnect\" href=\"https:\/\/fonts.googleapis.com\" crossorigin&gt;\n&lt;link rel=\"preconnect\" href=\"https:\/\/fonts.gstatic.com\" crossorigin&gt;"},"schema":null,"og:locale":"es_ES","og:site_name":"SoyMigrante.com REVISTA \u2013 Nuestra misi\u00f3n es reconocer y dignificar al migrante.","og:type":"article","og:title":"Ventajas y desaf\u00edos de tener una tienda f\u00edsica o virtual","og:description":"La decisi\u00f3n de tener una tienda f\u00edsica, una tienda virtual, o ambas depender\u00e1 de tus objetivos comerciales, metas y la disponibilidad de herramientas digitales.","og:url":"https:\/\/soymigrante.com\/revista\/considerando-una-tienda-digital-evalua-ventajas-y-desafios-versus-una-venta-fisica\/","og:image":"https:\/\/soymigrante.com\/revista\/wp-content\/uploads\/2024\/10\/Captura-de-pantalla-2024-10-03-194249.webp","og:image:secure_url":"https:\/\/soymigrante.com\/revista\/wp-content\/uploads\/2024\/10\/Captura-de-pantalla-2024-10-03-194249.webp","og:image:width":872,"og:image:height":872,"article:published_time":"2024-10-04T01:44:22+00:00","article:modified_time":"2024-10-04T01:44:24+00:00","article:publisher":"https:\/\/www.facebook.com\/soymigrantecom","twitter:card":"summary_large_image","twitter:site":"@SoyMigrante_com","twitter:title":"Ventajas y desaf\u00edos de tener una tienda f\u00edsica o virtual","twitter:description":"La decisi\u00f3n de tener una tienda f\u00edsica, una tienda virtual, o ambas depender\u00e1 de tus objetivos comerciales, metas y la disponibilidad de herramientas digitales.","twitter:creator":"@SoyMigrante_com","twitter:image":"https:\/\/soymigrante.com\/revista\/wp-content\/uploads\/2024\/10\/Captura-de-pantalla-2024-10-03-194249.webp"},"aioseo_meta_data":{"post_id":"33789","title":"Clave productiva: Crea la marca y logo de tu emprendimiento","description":"Crear una marca y un logo impactante, m\u00e1s en un mercado tan competitivo, como el actual, sigue estas recomendaciones.","keywords":null,"keyphrases":{"focus":{"keyphrase":"marca","score":91,"analysis":{"keyphraseInTitle":{"score":9,"maxScore":9,"error":0},"keyphraseInDescription":{"score":9,"maxScore":9,"error":0},"keyphraseLength":{"score":9,"maxScore":9,"error":0,"length":1},"keyphraseInURL":{"score":5,"maxScore":5,"error":0},"keyphraseInIntroduction":{"score":9,"maxScore":9,"error":0},"keyphraseInSubHeadings":{"score":3,"maxScore":9,"error":1},"keyphraseInImageAlt":{"score":9,"maxScore":9,"error":0},"keywordDensity":{"type":"best","score":9,"maxScore":9,"error":0}}},"additional":[{"keyphrase":"marca","score":100,"analysis":{"keyphraseInDescription":{"score":9,"maxScore":9,"error":0},"keyphraseLength":{"score":9,"maxScore":9,"error":0,"length":1},"keyphraseInIntroduction":{"score":9,"maxScore":9,"error":0},"keyphraseInImageAlt":{"score":9,"maxScore":9,"error":0},"keywordDensity":{"type":"best","score":9,"maxScore":9,"error":0}}},{"keyphrase":"logo","score":100,"analysis":{"keyphraseInDescription":{"score":9,"maxScore":9,"error":0},"keyphraseLength":{"score":9,"maxScore":9,"error":0,"length":1},"keyphraseInIntroduction":{"score":9,"maxScore":9,"error":0},"keyphraseInImageAlt":{"score":9,"maxScore":9,"error":0},"keywordDensity":{"type":"best","score":9,"maxScore":9,"error":0}}}]},"primary_term":null,"canonical_url":null,"og_title":null,"og_description":null,"og_object_type":"default","og_image_type":"default","og_image_url":null,"og_image_width":null,"og_image_height":null,"og_image_custom_url":null,"og_image_custom_fields":null,"og_video":"","og_custom_url":null,"og_article_section":null,"og_article_tags":null,"twitter_use_og":false,"twitter_card":"default","twitter_image_type":"default","twitter_image_url":null,"twitter_image_custom_url":null,"twitter_image_custom_fields":null,"twitter_title":null,"twitter_description":null,"schema":{"blockGraphs":[],"customGraphs":[],"default":{"data":{"Article":[],"Course":[],"Dataset":[],"FAQPage":[],"Movie":[],"Person":[],"Product":[],"ProductReview":[],"Car":[],"Recipe":[],"Service":[],"SoftwareApplication":[],"WebPage":[]},"graphName":"none","isEnabled":true},"graphs":[]},"schema_type":"default","schema_type_options":null,"pillar_content":false,"robots_default":true,"robots_noindex":false,"robots_noarchive":false,"robots_nosnippet":false,"robots_nofollow":false,"robots_noimageindex":false,"robots_noodp":false,"robots_notranslate":false,"robots_max_snippet":"-1","robots_max_videopreview":"-1","robots_max_imagepreview":"large","priority":null,"frequency":"default","local_seo":null,"seo_analyzer_scan_date":"2025-10-09 05:16:21","breadcrumb_settings":null,"limit_modified_date":false,"reviewed_by":null,"open_ai":"{\"title\":{\"suggestions\":[],\"usage\":0},\"description\":{\"suggestions\":[],\"usage\":0}}","ai":null,"created":"2025-05-16 16:52:14","updated":"2026-02-04 23:43:54"},"aioseo_breadcrumb":"<div class=\"aioseo-breadcrumbs\"><span class=\"aioseo-breadcrumb\">\n\t<a href=\"https:\/\/soymigrante.com\/revista\" title=\"Home\">Home<\/a>\n<\/span><span class=\"aioseo-breadcrumb-separator\">\u00bb<\/span><span class=\"aioseo-breadcrumb\">\n\t<a href=\"https:\/\/soymigrante.com\/revista\/category\/bienestar\/\" title=\"Bienestar\">Bienestar<\/a>\n<\/span><span class=\"aioseo-breadcrumb-separator\">\u00bb<\/span><span class=\"aioseo-breadcrumb\">\n\tTips para emprendedores: c\u00f3mo crear una marca y un logo impactante en un mercado competitivo\n<\/span><\/div>","aioseo_breadcrumb_json":[{"label":"Home","link":"https:\/\/soymigrante.com\/revista"},{"label":"Bienestar","link":"https:\/\/soymigrante.com\/revista\/category\/bienestar\/"},{"label":"Tips para emprendedores: c\u00f3mo crear una marca y un logo impactante en un mercado competitivo","link":"https:\/\/soymigrante.com\/revista\/tips-pra-emprendedores-como-crear-una-marca-y-un-logo-impactante-en-un-mercado-competitivo\/"}],"_links":{"self":[{"href":"https:\/\/soymigrante.com\/revista\/wp-json\/wp\/v2\/posts\/33789","targetHints":{"allow":["GET"]}}],"collection":[{"href":"https:\/\/soymigrante.com\/revista\/wp-json\/wp\/v2\/posts"}],"about":[{"href":"https:\/\/soymigrante.com\/revista\/wp-json\/wp\/v2\/types\/post"}],"author":[{"embeddable":true,"href":"https:\/\/soymigrante.com\/revista\/wp-json\/wp\/v2\/users\/19"}],"replies":[{"embeddable":true,"href":"https:\/\/soymigrante.com\/revista\/wp-json\/wp\/v2\/comments?post=33789"}],"version-history":[{"count":16,"href":"https:\/\/soymigrante.com\/revista\/wp-json\/wp\/v2\/posts\/33789\/revisions"}],"predecessor-version":[{"id":33851,"href":"https:\/\/soymigrante.com\/revista\/wp-json\/wp\/v2\/posts\/33789\/revisions\/33851"}],"wp:featuredmedia":[{"embeddable":true,"href":"https:\/\/soymigrante.com\/revista\/wp-json\/wp\/v2\/media\/33790"}],"wp:attachment":[{"href":"https:\/\/soymigrante.com\/revista\/wp-json\/wp\/v2\/media?parent=33789"}],"wp:term":[{"taxonomy":"category","embeddable":true,"href":"https:\/\/soymigrante.com\/revista\/wp-json\/wp\/v2\/categories?post=33789"},{"taxonomy":"post_tag","embeddable":true,"href":"https:\/\/soymigrante.com\/revista\/wp-json\/wp\/v2\/tags?post=33789"}],"curies":[{"name":"wp","href":"https:\/\/api.w.org\/{rel}","templated":true}]}}