{"id":33735,"date":"2025-05-21T12:45:51","date_gmt":"2025-05-21T18:45:51","guid":{"rendered":"https:\/\/soymigrante.com\/revista\/?p=33735"},"modified":"2025-08-27T11:19:35","modified_gmt":"2025-08-27T17:19:35","slug":"trastornos-alimenticios-como-detectarlos-a-tiempo-y-evitar-que-se-agraven","status":"publish","type":"post","link":"https:\/\/soymigrante.com\/revista\/trastornos-alimenticios-como-detectarlos-a-tiempo-y-evitar-que-se-agraven\/","title":{"rendered":"Trastornos alimenticios: c\u00f3mo detectarlos a tiempo y evitar que se agraven"},"content":{"rendered":"\t\t<div data-elementor-type=\"wp-post\" data-elementor-id=\"33735\" class=\"elementor elementor-33735\" data-elementor-post-type=\"post\">\n\t\t\t\t<div data-particle_enable=\"false\" data-particle-mobile-disabled=\"false\" class=\"elementor-element elementor-element-271bc6e e-flex e-con-boxed e-con e-parent\" data-id=\"271bc6e\" data-element_type=\"container\" data-e-type=\"container\">\n\t\t\t\t\t<div class=\"e-con-inner\">\n\t\t\t\t<div class=\"elementor-element elementor-element-e2a4687 elementor-widget elementor-widget-heading\" data-id=\"e2a4687\" data-element_type=\"widget\" data-e-type=\"widget\" data-widget_type=\"heading.default\">\n\t\t\t\t\t<h2 class=\"elementor-heading-title elementor-size-default\">Los trastornos alimenticios pueden empezar desde temprana edad, hombres y mujeres lo pueden padecer. <\/h2>\t\t\t\t<\/div>\n\t\t\t\t\t<\/div>\n\t\t\t\t<\/div>\n\t\t<div data-particle_enable=\"false\" data-particle-mobile-disabled=\"false\" class=\"elementor-element elementor-element-3ba2cc4 e-flex e-con-boxed e-con e-parent\" data-id=\"3ba2cc4\" data-element_type=\"container\" data-e-type=\"container\">\n\t\t\t\t\t<div class=\"e-con-inner\">\n\t\t\t\t<div class=\"elementor-element elementor-element-c26bcff elementor-widget elementor-widget-text-editor\" data-id=\"c26bcff\" data-element_type=\"widget\" data-e-type=\"widget\" data-widget_type=\"text-editor.default\">\n\t\t\t\t\t\t\t\t\t<p>Los trastornos de la conducta alimentaria (TCA) como la anorexia, la bulimia y el trastorno por atrac\u00f3n afectan cada vez a personas m\u00e1s j\u00f3venes, incluso menores de 12 a\u00f1os.<\/p><p>La detecci\u00f3n temprana y la <a href=\"https:\/\/soymigrante.com\/revista\/opciones-sanas-en-la-comida-guatemalteca-para-preparar\/\" target=\"_blank\" rel=\"noopener\">intervenci\u00f3n adecuada son esenciales para prevenir consecuencias f\u00edsicas y psicol\u00f3gicas graves.<\/a><\/p><p>&#8220;<em>Es importante estar atento a los cambios en la alimentaci\u00f3n de los ni\u00f1os desde los 8 a\u00f1os, porque desde esa edad empiezan a sufrir de acoso escolar por su cuerpo<\/em>&#8220;, coment\u00f3 la psic\u00f3loga, \u00c1ngela Contreras.<\/p>\t\t\t\t\t\t\t\t<\/div>\n\t\t\t\t\t<\/div>\n\t\t\t\t<\/div>\n\t\t<div data-particle_enable=\"false\" data-particle-mobile-disabled=\"false\" class=\"elementor-element elementor-element-72f29e0 e-flex e-con-boxed e-con e-parent\" data-id=\"72f29e0\" data-element_type=\"container\" data-e-type=\"container\">\n\t\t\t\t\t<div class=\"e-con-inner\">\n\t\t\t\t<div class=\"elementor-element elementor-element-30fe6e8 elementor-widget elementor-widget-heading\" data-id=\"30fe6e8\" data-element_type=\"widget\" data-e-type=\"widget\" data-widget_type=\"heading.default\">\n\t\t\t\t\t<h3 class=\"elementor-heading-title elementor-size-default\">Se\u00f1ales de alerta: \u00bfqu\u00e9 observar?<\/h3>\t\t\t\t<\/div>\n\t\t\t\t\t<\/div>\n\t\t\t\t<\/div>\n\t\t<div data-particle_enable=\"false\" data-particle-mobile-disabled=\"false\" class=\"elementor-element elementor-element-203e20c e-flex e-con-boxed e-con e-parent\" data-id=\"203e20c\" data-element_type=\"container\" data-e-type=\"container\">\n\t\t\t\t\t<div class=\"e-con-inner\">\n\t\t\t\t<div class=\"elementor-element elementor-element-31ac87b elementor-widget elementor-widget-text-editor\" data-id=\"31ac87b\" data-element_type=\"widget\" data-e-type=\"widget\" data-widget_type=\"text-editor.default\">\n\t\t\t\t\t\t\t\t\t<div><a href=\"https:\/\/soymigrante.com\/revista\/opciones-sanas-en-la-comida-guatemalteca-para-preparar\/\" target=\"_blank\" rel=\"noopener\">Los expertos coinciden en que hay se\u00f1ales clave<\/a> que pueden indicar la presencia de un TCA:\u00a0\u00a0<\/div><div><strong>\u2022Cambios dr\u00e1sticos en el peso:<\/strong> p\u00e9rdida o aumento significativo sin causa aparente.<\/div><div><strong>\u2022Preocupaci\u00f3n obsesiva por la comida y el cuerpo<\/strong>: inter\u00e9s constante en calor\u00edas, dietas y una imagen corporal negativa.<\/div><div><strong>\u2022Patrones alimenticios irregulares:<\/strong> evitar comidas, saltarse comidas o comer en exceso de forma secreta.<\/div><div><strong>\u2022Cambios en el comportamiento<\/strong>: aislamiento social, evitaci\u00f3n de eventos sociales que involucren comida y disminuci\u00f3n del rendimiento acad\u00e9mico.<\/div><div><strong>\u2022Obsesi\u00f3n por el ejercicio:<\/strong> ejercitarse en exceso, incluso cuando est\u00e1n enfermos o lesionados.\u00a0\u00a0<\/div>\t\t\t\t\t\t\t\t<\/div>\n\t\t\t\t\t<\/div>\n\t\t\t\t<\/div>\n\t\t<div data-particle_enable=\"false\" data-particle-mobile-disabled=\"false\" class=\"elementor-element elementor-element-84b7d83 e-flex e-con-boxed e-con e-parent\" data-id=\"84b7d83\" data-element_type=\"container\" data-e-type=\"container\">\n\t\t\t\t\t<div class=\"e-con-inner\">\n\t\t\t\t<div class=\"elementor-element elementor-element-e844422 elementor-widget elementor-widget-image\" data-id=\"e844422\" data-element_type=\"widget\" data-e-type=\"widget\" data-widget_type=\"image.default\">\n\t\t\t\t\t\t\t\t\t\t\t\t<figure class=\"wp-caption\">\n\t\t\t\t\t\t\t\t\t\t<img fetchpriority=\"high\" decoding=\"async\" width=\"1024\" height=\"682\" src=\"https:\/\/soymigrante.com\/revista\/wp-content\/uploads\/2025\/05\/Trastornos-alimenticios-como-detectarlos-a-tiempo-y-evitar-que-se-agraven1-1024x682.jpeg\" class=\"attachment-large size-large wp-image-33744\" alt=\"Disfrutando comida t\u00edpica y cultura en un viaje de migrantes en M\u00e9xico, promoviendo integraci\u00f3n y diversidad cultural.\" srcset=\"https:\/\/soymigrante.com\/revista\/wp-content\/uploads\/2025\/05\/Trastornos-alimenticios-como-detectarlos-a-tiempo-y-evitar-que-se-agraven1-1024x682.jpeg 1024w, https:\/\/soymigrante.com\/revista\/wp-content\/uploads\/2025\/05\/Trastornos-alimenticios-como-detectarlos-a-tiempo-y-evitar-que-se-agraven1-300x200.jpeg 300w, https:\/\/soymigrante.com\/revista\/wp-content\/uploads\/2025\/05\/Trastornos-alimenticios-como-detectarlos-a-tiempo-y-evitar-que-se-agraven1-768x512.jpeg 768w, https:\/\/soymigrante.com\/revista\/wp-content\/uploads\/2025\/05\/Trastornos-alimenticios-como-detectarlos-a-tiempo-y-evitar-que-se-agraven1-1536x1023.jpeg 1536w, https:\/\/soymigrante.com\/revista\/wp-content\/uploads\/2025\/05\/Trastornos-alimenticios-como-detectarlos-a-tiempo-y-evitar-que-se-agraven1-750x500.webp 750w, https:\/\/soymigrante.com\/revista\/wp-content\/uploads\/2025\/05\/Trastornos-alimenticios-como-detectarlos-a-tiempo-y-evitar-que-se-agraven1-1140x760.webp 1140w, https:\/\/soymigrante.com\/revista\/wp-content\/uploads\/2025\/05\/Trastornos-alimenticios-como-detectarlos-a-tiempo-y-evitar-que-se-agraven1.webp 1600w\" sizes=\"(max-width: 1024px) 100vw, 1024px\" \/>\t\t\t\t\t\t\t\t\t\t\t<figcaption class=\"widget-image-caption wp-caption-text\">Persona degustando platillos tradicionales en un evento cultural de migrantes.<\/figcaption>\n\t\t\t\t\t\t\t\t\t\t<\/figure>\n\t\t\t\t\t\t\t\t\t<\/div>\n\t\t\t\t\t<\/div>\n\t\t\t\t<\/div>\n\t\t<div data-particle_enable=\"false\" data-particle-mobile-disabled=\"false\" class=\"elementor-element elementor-element-a6a4633 e-flex e-con-boxed e-con e-parent\" data-id=\"a6a4633\" data-element_type=\"container\" data-e-type=\"container\">\n\t\t\t\t\t<div class=\"e-con-inner\">\n\t\t\t\t<div class=\"elementor-element elementor-element-61db3c1 elementor-widget elementor-widget-heading\" data-id=\"61db3c1\" data-element_type=\"widget\" data-e-type=\"widget\" data-widget_type=\"heading.default\">\n\t\t\t\t\t<h3 class=\"elementor-heading-title elementor-size-default\">La importancia de la detecci\u00f3n temprana<\/h3>\t\t\t\t<\/div>\n\t\t\t\t\t<\/div>\n\t\t\t\t<\/div>\n\t\t<div data-particle_enable=\"false\" data-particle-mobile-disabled=\"false\" class=\"elementor-element elementor-element-3befdea e-flex e-con-boxed e-con e-parent\" data-id=\"3befdea\" data-element_type=\"container\" data-e-type=\"container\">\n\t\t\t\t\t<div class=\"e-con-inner\">\n\t\t\t\t<div class=\"elementor-element elementor-element-0b6a995 elementor-widget elementor-widget-text-editor\" data-id=\"0b6a995\" data-element_type=\"widget\" data-e-type=\"widget\" data-widget_type=\"text-editor.default\">\n\t\t\t\t\t\t\t\t\t<p>\u201c<em>La detecci\u00f3n temprana es crucial. Cuanto antes se identifique un trastorno alimentario, mayores ser\u00e1n las posibilidades de una recuperaci\u00f3n completa<\/em>&#8220;, coment\u00f3 la psic\u00f3loga, cl\u00ednica Patricia Ruiz.<\/p><p>Adem\u00e1s, destaca que los TCA no discriminan por edad ni g\u00e9nero, y pueden afectar a cualquier persona.<\/p>\t\t\t\t\t\t\t\t<\/div>\n\t\t\t\t\t<\/div>\n\t\t\t\t<\/div>\n\t\t<div data-particle_enable=\"false\" data-particle-mobile-disabled=\"false\" class=\"elementor-element elementor-element-96dd0c4 e-flex e-con-boxed e-con e-parent\" data-id=\"96dd0c4\" data-element_type=\"container\" data-e-type=\"container\">\n\t\t\t\t\t<div class=\"e-con-inner\">\n\t\t\t\t<div class=\"elementor-element elementor-element-52e2283 elementor-widget elementor-widget-heading\" data-id=\"52e2283\" data-element_type=\"widget\" data-e-type=\"widget\" data-widget_type=\"heading.default\">\n\t\t\t\t\t<h3 class=\"elementor-heading-title elementor-size-default\">El papel de la nutrici\u00f3n en la recuperaci\u00f3n<\/h3>\t\t\t\t<\/div>\n\t\t\t\t\t<\/div>\n\t\t\t\t<\/div>\n\t\t<div data-particle_enable=\"false\" data-particle-mobile-disabled=\"false\" class=\"elementor-element elementor-element-847d2c4 e-flex e-con-boxed e-con e-parent\" data-id=\"847d2c4\" data-element_type=\"container\" data-e-type=\"container\">\n\t\t\t\t\t<div class=\"e-con-inner\">\n\t\t\t\t<div class=\"elementor-element elementor-element-8e2736a elementor-widget elementor-widget-text-editor\" data-id=\"8e2736a\" data-element_type=\"widget\" data-e-type=\"widget\" data-widget_type=\"text-editor.default\">\n\t\t\t\t\t\t\t\t\t<p>\u201c<em>El cerebro necesita al menos 20 minutos para registrar que hemos comenzado a comer y enviar se\u00f1ales de saciedad. Comer despacio es importante para evitar el exceso de consumo antes de sentirnos satisfechos<\/em>&#8220;, coment\u00f3, la nutricionista, Rebeca Pastor.<\/p><p><a href=\"https:\/\/soymigrante.com\/revista\/opciones-sanas-en-la-comida-guatemalteca-para-preparar\/\" target=\"_blank\" rel=\"noopener\">Pastor tambi\u00e9n advierte sobre el impacto de las dietas restrictivas<\/a> y la importancia de una relaci\u00f3n saludable con la comida.<\/p>\t\t\t\t\t\t\t\t<\/div>\n\t\t\t\t\t<\/div>\n\t\t\t\t<\/div>\n\t\t<div data-particle_enable=\"false\" data-particle-mobile-disabled=\"false\" class=\"elementor-element elementor-element-665622e e-flex e-con-boxed e-con e-parent\" data-id=\"665622e\" data-element_type=\"container\" data-e-type=\"container\">\n\t\t\t\t\t<div class=\"e-con-inner\">\n\t\t\t\t<div class=\"elementor-element elementor-element-61fd4c7 elementor-widget elementor-widget-image\" data-id=\"61fd4c7\" data-element_type=\"widget\" data-e-type=\"widget\" data-widget_type=\"image.default\">\n\t\t\t\t\t\t\t\t\t\t\t\t<figure class=\"wp-caption\">\n\t\t\t\t\t\t\t\t\t\t<img decoding=\"async\" width=\"1024\" height=\"682\" src=\"https:\/\/soymigrante.com\/revista\/wp-content\/uploads\/2025\/05\/Trastornos-alimenticios-como-detectarlos-a-tiempo-y-evitar-que-se-agraven3-1024x682.jpeg\" class=\"attachment-large size-large wp-image-33745\" alt=\"(Alt text) Mujer joven con tatuajes, usando una cinta m\u00e9trica en el torso, en un ambiente de oficina en casa.\" srcset=\"https:\/\/soymigrante.com\/revista\/wp-content\/uploads\/2025\/05\/Trastornos-alimenticios-como-detectarlos-a-tiempo-y-evitar-que-se-agraven3-1024x682.jpeg 1024w, https:\/\/soymigrante.com\/revista\/wp-content\/uploads\/2025\/05\/Trastornos-alimenticios-como-detectarlos-a-tiempo-y-evitar-que-se-agraven3-300x200.jpeg 300w, https:\/\/soymigrante.com\/revista\/wp-content\/uploads\/2025\/05\/Trastornos-alimenticios-como-detectarlos-a-tiempo-y-evitar-que-se-agraven3-768x512.jpeg 768w, https:\/\/soymigrante.com\/revista\/wp-content\/uploads\/2025\/05\/Trastornos-alimenticios-como-detectarlos-a-tiempo-y-evitar-que-se-agraven3-1536x1023.jpeg 1536w, https:\/\/soymigrante.com\/revista\/wp-content\/uploads\/2025\/05\/Trastornos-alimenticios-como-detectarlos-a-tiempo-y-evitar-que-se-agraven3-750x500.jpeg 750w, https:\/\/soymigrante.com\/revista\/wp-content\/uploads\/2025\/05\/Trastornos-alimenticios-como-detectarlos-a-tiempo-y-evitar-que-se-agraven3-1140x760.jpeg 1140w, https:\/\/soymigrante.com\/revista\/wp-content\/uploads\/2025\/05\/Trastornos-alimenticios-como-detectarlos-a-tiempo-y-evitar-que-se-agraven3.webp 1600w\" sizes=\"(max-width: 1024px) 100vw, 1024px\" \/>\t\t\t\t\t\t\t\t\t\t\t<figcaption class=\"widget-image-caption wp-caption-text\">(Caption) La mujer en la imagen exhibe confianza y autoexpresi\u00f3n mientras mide su cuerpo, reflejando temas de autoestima y autenticidad, en un espacio con estilo moderno y personal.<\/figcaption>\n\t\t\t\t\t\t\t\t\t\t<\/figure>\n\t\t\t\t\t\t\t\t\t<\/div>\n\t\t\t\t\t<\/div>\n\t\t\t\t<\/div>\n\t\t<div data-particle_enable=\"false\" data-particle-mobile-disabled=\"false\" class=\"elementor-element elementor-element-9d10c86 e-flex e-con-boxed e-con e-parent\" data-id=\"9d10c86\" data-element_type=\"container\" data-e-type=\"container\">\n\t\t\t\t\t<div class=\"e-con-inner\">\n\t\t\t\t<div class=\"elementor-element elementor-element-5a3cddc elementor-widget elementor-widget-heading\" data-id=\"5a3cddc\" data-element_type=\"widget\" data-e-type=\"widget\" data-widget_type=\"heading.default\">\n\t\t\t\t\t<h3 class=\"elementor-heading-title elementor-size-default\">\u00bfQu\u00e9 hacer si sospechas de un TCA?<\/h3>\t\t\t\t<\/div>\n\t\t\t\t\t<\/div>\n\t\t\t\t<\/div>\n\t\t<div data-particle_enable=\"false\" data-particle-mobile-disabled=\"false\" class=\"elementor-element elementor-element-0b787d9 e-flex e-con-boxed e-con e-parent\" data-id=\"0b787d9\" data-element_type=\"container\" data-e-type=\"container\">\n\t\t\t\t\t<div class=\"e-con-inner\">\n\t\t\t\t<div class=\"elementor-element elementor-element-6364b66 elementor-widget elementor-widget-text-editor\" data-id=\"6364b66\" data-element_type=\"widget\" data-e-type=\"widget\" data-widget_type=\"text-editor.default\">\n\t\t\t\t\t\t\t\t\t<div>Si notas estas se\u00f1ales en ti o en alguien cercano:<\/div><div><strong>1.Habla con empat\u00eda<\/strong>: expresa tu preocupaci\u00f3n sin juzgar.<\/div><div><strong>2.Busca ayuda profesional:<\/strong> acude a un psic\u00f3logo o nutricionista especializado en TCA.<\/div><div><strong>3.Evita comentarios sobre el peso o la apariencia<\/strong>: fomenta una imagen corporal positiva.<\/div><div><strong>4.Promueve h\u00e1bitos alimenticios saludables<\/strong>: sin caer en restricciones extremas.\u00a0\u00a0<\/div>\t\t\t\t\t\t\t\t<\/div>\n\t\t\t\t\t<\/div>\n\t\t\t\t<\/div>\n\t\t<div data-particle_enable=\"false\" data-particle-mobile-disabled=\"false\" class=\"elementor-element elementor-element-aa5aaf5 e-flex e-con-boxed e-con e-parent\" data-id=\"aa5aaf5\" data-element_type=\"container\" data-e-type=\"container\">\n\t\t\t\t\t<div class=\"e-con-inner\">\n\t\t\t\t<div class=\"elementor-element elementor-element-d20353e elementor-widget elementor-widget-text-editor\" data-id=\"d20353e\" data-element_type=\"widget\" data-e-type=\"widget\" data-widget_type=\"text-editor.default\">\n\t\t\t\t\t\t\t\t\t<p><a href=\"https:\/\/soymigrante.com\/revista\/opciones-sanas-en-la-comida-guatemalteca-para-preparar\/\" target=\"_blank\" rel=\"noopener\">La recuperaci\u00f3n es posible con el apoyo adecuado y un enfoque integral<\/a> que aborde tanto los aspectos psicol\u00f3gicos como nutricionales.<\/p><p>&#8220;Si t\u00fa o alguien que conoces est\u00e1 luchando con un trastorno alimentario, no est\u00e1s solo. Busca ayuda profesional y recuerda que la recuperaci\u00f3n es un proceso, pero es posible&#8221;, enfatizo Contreras.<\/p>\t\t\t\t\t\t\t\t<\/div>\n\t\t\t\t\t<\/div>\n\t\t\t\t<\/div>\n\t\t<div data-particle_enable=\"false\" data-particle-mobile-disabled=\"false\" class=\"elementor-element elementor-element-320fc14 e-flex e-con-boxed e-con e-parent\" data-id=\"320fc14\" data-element_type=\"container\" data-e-type=\"container\">\n\t\t\t\t\t<div class=\"e-con-inner\">\n\t\t\t\t<div class=\"elementor-element elementor-element-834b8e1 elementor-widget elementor-widget-heading\" data-id=\"834b8e1\" data-element_type=\"widget\" data-e-type=\"widget\" data-widget_type=\"heading.default\">\n\t\t\t\t\t<h2 class=\"elementor-heading-title elementor-size-default\">Conoce estos temas, que te pueden interesar...<\/h2>\t\t\t\t<\/div>\n\t\t\t\t\t<\/div>\n\t\t\t\t<\/div>\n\t\t<div data-particle_enable=\"false\" data-particle-mobile-disabled=\"false\" class=\"elementor-element elementor-element-bd22209 e-flex e-con-boxed e-con e-parent\" data-id=\"bd22209\" data-element_type=\"container\" data-e-type=\"container\">\n\t\t\t\t\t<div class=\"e-con-inner\">\n\t\t\t\t<div class=\"elementor-element elementor-element-8c4892b elementor-grid-eael-col-3 elementor-grid-tablet-eael-col-2 elementor-grid-mobile-eael-col-1 elementor-widget elementor-widget-eael-post-grid\" data-id=\"8c4892b\" data-element_type=\"widget\" data-e-type=\"widget\" data-settings=\"{&quot;eael_post_grid_columns&quot;:&quot;eael-col-3&quot;,&quot;eael_post_grid_columns_tablet&quot;:&quot;eael-col-2&quot;,&quot;eael_post_grid_columns_mobile&quot;:&quot;eael-col-1&quot;}\" data-widget_type=\"eael-post-grid.default\">\n\t\t\t\t\t<div id=\"eael-post-grid-8c4892b\" class=\"eael-post-grid-container\">\n            <div class=\"eael-post-grid eael-post-appender eael-post-appender-8c4892b eael-post-grid-style-one\" data-layout-mode=\"masonry\"><article class=\"eael-grid-post  eael-post-grid-column eael-pg-post-9340 category-bienestar\" data-id=\"9340\">\n        <div class=\"eael-grid-post-holder\">\n            <div class=\"eael-grid-post-holder-inner\"><div class=\"eael-entry-media\"><div class=\"eael-entry-overlay fade-in\"><i class=\"far fa-hand-pointer\" aria-hidden=\"true\"><\/i><a href=\"https:\/\/soymigrante.com\/revista\/opciones-sanas-en-la-comida-guatemalteca-para-preparar\/\"><\/a><\/div><div class=\"eael-entry-thumbnail \">\n                <img decoding=\"async\" width=\"1024\" height=\"905\" src=\"https:\/\/soymigrante.com\/revista\/wp-content\/uploads\/2024\/09\/Opciones-mas-sanas-de-la-comida-guatemalteca-para-preparar--1024x905.webp\" class=\"attachment-large size-large wp-image-9341\" alt=\"Frutas y verduras frescas, incluyendo aguacate, tomate, pimiento, kale y fresas, en una composici\u00f3n saludable para promover el bienestar y la alimentaci\u00f3n natural.\" srcset=\"https:\/\/soymigrante.com\/revista\/wp-content\/uploads\/2024\/09\/Opciones-mas-sanas-de-la-comida-guatemalteca-para-preparar--1024x905.webp 1024w, https:\/\/soymigrante.com\/revista\/wp-content\/uploads\/2024\/09\/Opciones-mas-sanas-de-la-comida-guatemalteca-para-preparar--300x265.webp 300w, https:\/\/soymigrante.com\/revista\/wp-content\/uploads\/2024\/09\/Opciones-mas-sanas-de-la-comida-guatemalteca-para-preparar--768x679.webp 768w, https:\/\/soymigrante.com\/revista\/wp-content\/uploads\/2024\/09\/Opciones-mas-sanas-de-la-comida-guatemalteca-para-preparar--1536x1357.webp 1536w, https:\/\/soymigrante.com\/revista\/wp-content\/uploads\/2024\/09\/Opciones-mas-sanas-de-la-comida-guatemalteca-para-preparar--scaled.webp 1920w, https:\/\/soymigrante.com\/revista\/wp-content\/uploads\/2024\/09\/Opciones-mas-sanas-de-la-comida-guatemalteca-para-preparar--750x663.webp 750w, https:\/\/soymigrante.com\/revista\/wp-content\/uploads\/2024\/09\/Opciones-mas-sanas-de-la-comida-guatemalteca-para-preparar--1140x1007.webp 1140w\" sizes=\"(max-width: 1024px) 100vw, 1024px\" \/>\n            <\/div>\n        <\/div><div class=\"eael-entry-wrapper\"><header class=\"eael-entry-header\"><h2 class=\"eael-entry-title\"><a class=\"eael-grid-post-link\" href=\"https:\/\/soymigrante.com\/revista\/opciones-sanas-en-la-comida-guatemalteca-para-preparar\/\" title=\"Opciones sanas en la comida guatemalteca para preparar\">Opciones sanas en la comida guatemalteca para preparar<\/a><\/h2><\/header><div class=\"eael-entry-content\">\n                        <div class=\"eael-grid-post-excerpt\"><a href=\"https:\/\/soymigrante.com\/revista\/opciones-sanas-en-la-comida-guatemalteca-para-preparar\/\" class=\"eael-post-elements-readmore-btn\">CONOCE SU HISTORIA <\/a><\/div>\n                    <\/div><\/div><\/div>\n        <\/div>\n    <\/article><article class=\"eael-grid-post  eael-post-grid-column eael-pg-post-10283 category-bienestar\" data-id=\"10283\">\n        <div class=\"eael-grid-post-holder\">\n            <div class=\"eael-grid-post-holder-inner\"><div class=\"eael-entry-media\"><div class=\"eael-entry-overlay fade-in\"><i class=\"far fa-hand-pointer\" aria-hidden=\"true\"><\/i><a href=\"https:\/\/soymigrante.com\/revista\/cuida-tu-nutricion-al-evitar-o-reducir-el-consumo-de-estos-7-alimentos-ultraprocesados\/\"><\/a><\/div><div class=\"eael-entry-thumbnail \">\n                <img loading=\"lazy\" decoding=\"async\" width=\"443\" height=\"440\" src=\"https:\/\/soymigrante.com\/revista\/wp-content\/uploads\/2024\/10\/alimentos-ultra-procesados-2-e1728916546558.webp\" class=\"attachment-large size-large wp-image-10324\" alt=\"Comida r\u00e1pida y snacks de juguete con tem\u00e1tica de alimentos, sushi, hot dog, pizza, hamburguesa, y m\u00e1s, ilustraci\u00f3n de alimentos en miniatura.\" srcset=\"https:\/\/soymigrante.com\/revista\/wp-content\/uploads\/2024\/10\/alimentos-ultra-procesados-2-e1728916546558.webp 443w, https:\/\/soymigrante.com\/revista\/wp-content\/uploads\/2024\/10\/alimentos-ultra-procesados-2-e1728916546558-300x298.webp 300w, https:\/\/soymigrante.com\/revista\/wp-content\/uploads\/2024\/10\/alimentos-ultra-procesados-2-e1728916546558-150x150.webp 150w, https:\/\/soymigrante.com\/revista\/wp-content\/uploads\/2024\/10\/alimentos-ultra-procesados-2-e1728916546558-75x75.webp 75w\" sizes=\"(max-width: 443px) 100vw, 443px\" \/>\n            <\/div>\n        <\/div><div class=\"eael-entry-wrapper\"><header class=\"eael-entry-header\"><h2 class=\"eael-entry-title\"><a class=\"eael-grid-post-link\" href=\"https:\/\/soymigrante.com\/revista\/cuida-tu-nutricion-al-evitar-o-reducir-el-consumo-de-estos-7-alimentos-ultraprocesados\/\" title=\"Cuida tu nutrici\u00f3n al reducir el consumo de 7 alimentos ultraprocesados\">Cuida tu nutrici\u00f3n al reducir el consumo de 7 alimentos ultraprocesados<\/a><\/h2><\/header><div class=\"eael-entry-content\">\n                        <div class=\"eael-grid-post-excerpt\"><a href=\"https:\/\/soymigrante.com\/revista\/cuida-tu-nutricion-al-evitar-o-reducir-el-consumo-de-estos-7-alimentos-ultraprocesados\/\" class=\"eael-post-elements-readmore-btn\">CONOCE SU HISTORIA <\/a><\/div>\n                    <\/div><\/div><\/div>\n        <\/div>\n    <\/article><article class=\"eael-grid-post  eael-post-grid-column eael-pg-post-8203 category-bienestar\" data-id=\"8203\">\n        <div class=\"eael-grid-post-holder\">\n            <div class=\"eael-grid-post-holder-inner\"><div class=\"eael-entry-media\"><div class=\"eael-entry-overlay fade-in\"><i class=\"far fa-hand-pointer\" aria-hidden=\"true\"><\/i><a href=\"https:\/\/soymigrante.com\/revista\/como-cuidar-la-alimentacion-de-tus-hijos-instituto-americano-de-salud-digiestiva\/\"><\/a><\/div><div class=\"eael-entry-thumbnail \">\n                <img loading=\"lazy\" decoding=\"async\" width=\"792\" height=\"792\" src=\"https:\/\/soymigrante.com\/revista\/wp-content\/uploads\/2024\/08\/ALIMENTACION-INFANTIL.webp\" class=\"attachment-large size-large wp-image-8242\" alt=\"Disfrutando de una rodaja de sand\u00eda, ni\u00f1a comiendo fruta refrescante, verano, saludable, en el parque, sonriente, saludable y feliz.\" srcset=\"https:\/\/soymigrante.com\/revista\/wp-content\/uploads\/2024\/08\/ALIMENTACION-INFANTIL.webp 792w, https:\/\/soymigrante.com\/revista\/wp-content\/uploads\/2024\/08\/ALIMENTACION-INFANTIL-300x300.webp 300w, https:\/\/soymigrante.com\/revista\/wp-content\/uploads\/2024\/08\/ALIMENTACION-INFANTIL-150x150.webp 150w, https:\/\/soymigrante.com\/revista\/wp-content\/uploads\/2024\/08\/ALIMENTACION-INFANTIL-768x768.webp 768w, https:\/\/soymigrante.com\/revista\/wp-content\/uploads\/2024\/08\/ALIMENTACION-INFANTIL-75x75.webp 75w, https:\/\/soymigrante.com\/revista\/wp-content\/uploads\/2024\/08\/ALIMENTACION-INFANTIL-750x750.webp 750w\" sizes=\"(max-width: 792px) 100vw, 792px\" \/>\n            <\/div>\n        <\/div><div class=\"eael-entry-wrapper\"><header class=\"eael-entry-header\"><h2 class=\"eael-entry-title\"><a class=\"eael-grid-post-link\" href=\"https:\/\/soymigrante.com\/revista\/como-cuidar-la-alimentacion-de-tus-hijos-instituto-americano-de-salud-digiestiva\/\" title=\"C\u00f3mo cuidar la alimentaci\u00f3n de tus hijos: instituto americano de salud digestiva\">C\u00f3mo cuidar la alimentaci\u00f3n de tus hijos: instituto americano de salud digestiva<\/a><\/h2><\/header><div class=\"eael-entry-content\">\n                        <div class=\"eael-grid-post-excerpt\"><a href=\"https:\/\/soymigrante.com\/revista\/como-cuidar-la-alimentacion-de-tus-hijos-instituto-americano-de-salud-digiestiva\/\" class=\"eael-post-elements-readmore-btn\">CONOCE SU HISTORIA <\/a><\/div>\n                    <\/div><\/div><\/div>\n        <\/div>\n    <\/article><\/div>\n            <div class=\"clearfix\"><\/div>\n        <\/div>\t\t\t\t<\/div>\n\t\t\t\t\t<\/div>\n\t\t\t\t<\/div>\n\t\t\t\t<\/div>\n\t\t","protected":false},"excerpt":{"rendered":"<p>Los trastornos alimenticios pueden empezar desde temprana edad, hombres y mujeres lo pueden padecer. Los trastornos de la conducta alimentaria (TCA) como la anorexia, la bulimia y el trastorno por atrac\u00f3n afectan cada vez a personas m\u00e1s j\u00f3venes, incluso menores de 12 a\u00f1os. La detecci\u00f3n temprana y la intervenci\u00f3n adecuada son esenciales para prevenir consecuencias [&hellip;]<\/p>\n","protected":false},"author":19,"featured_media":33736,"comment_status":"open","ping_status":"open","sticky":false,"template":"","format":"standard","meta":{"_acf_changed":false,"_eb_attr":"","footnotes":""},"categories":[259],"tags":[81,260,264],"class_list":["post-33735","post","type-post","status-publish","format-standard","has-post-thumbnail","hentry","category-salud-emocional","tag-en-familia","tag-salud-emocional","tag-salud-fisica"],"acf":[],"aioseo_notices":[],"aioseo_head":"\n\t\t<!-- All in One SEO Pro 4.9.6.2 - aioseo.com -->\n\t<meta name=\"description\" content=\"Desde la lactancia se puede cuidar la ingesta de alimentos de los ni\u00f1os para que crezcan mejor. Estas son algunas claves accesibles y posibles en el hogar.\" \/>\n\t<meta name=\"robots\" content=\"max-snippet:-1, max-image-preview:large, max-video-preview:-1\" \/>\n\t<meta name=\"author\" content=\"Beatriz Tercero\"\/>\n\t<link rel=\"canonical\" href=\"https:\/\/soymigrante.com\/revista\/como-cuidar-la-alimentacion-de-tus-hijos-instituto-americano-de-salud-digiestiva\/\" \/>\n\t<meta name=\"generator\" content=\"All in One SEO Pro (AIOSEO) 4.9.6.2\" \/>\n\n\t\t<link rel=\"preconnect\" href=\"https:\/\/fonts.googleapis.com\" crossorigin>\n<link rel=\"preconnect\" href=\"https:\/\/fonts.gstatic.com\" crossorigin>\n\t\t<meta property=\"og:locale\" content=\"es_ES\" \/>\n\t\t<meta property=\"og:site_name\" content=\"SoyMigrante.com REVISTA \u2013 Nuestra misi\u00f3n es reconocer y dignificar al migrante.\" \/>\n\t\t<meta property=\"og:type\" content=\"article\" \/>\n\t\t<meta property=\"og:title\" content=\"Claves de nutrici\u00f3n infantil seg\u00fan instituto americano de salud digestiva\" \/>\n\t\t<meta property=\"og:description\" content=\"Desde la lactancia se puede cuidar la ingesta de alimentos de los ni\u00f1os para que crezcan mejor. Estas son algunas claves accesibles y posibles en el hogar.\" \/>\n\t\t<meta property=\"og:url\" content=\"https:\/\/soymigrante.com\/revista\/como-cuidar-la-alimentacion-de-tus-hijos-instituto-americano-de-salud-digiestiva\/\" \/>\n\t\t<meta property=\"og:image\" content=\"https:\/\/soymigrante.com\/revista\/wp-content\/uploads\/2024\/08\/ALIMENTACION-INFANTIL.webp\" \/>\n\t\t<meta property=\"og:image:secure_url\" content=\"https:\/\/soymigrante.com\/revista\/wp-content\/uploads\/2024\/08\/ALIMENTACION-INFANTIL.webp\" \/>\n\t\t<meta property=\"og:image:width\" content=\"792\" \/>\n\t\t<meta property=\"og:image:height\" content=\"792\" \/>\n\t\t<meta property=\"article:published_time\" content=\"2024-08-21T15:37:32+00:00\" \/>\n\t\t<meta property=\"article:modified_time\" content=\"2024-08-21T15:50:35+00:00\" \/>\n\t\t<meta property=\"article:publisher\" content=\"https:\/\/www.facebook.com\/soymigrantecom\" \/>\n\t\t<meta name=\"twitter:card\" content=\"summary_large_image\" \/>\n\t\t<meta name=\"twitter:site\" content=\"@SoyMigrante_com\" \/>\n\t\t<meta name=\"twitter:title\" content=\"Claves de nutrici\u00f3n infantil seg\u00fan instituto americano de salud digestiva\" \/>\n\t\t<meta name=\"twitter:description\" content=\"Desde la lactancia se puede cuidar la ingesta de alimentos de los ni\u00f1os para que crezcan mejor. Estas son algunas claves accesibles y posibles en el hogar.\" \/>\n\t\t<meta name=\"twitter:creator\" content=\"@SoyMigrante_com\" \/>\n\t\t<meta name=\"twitter:image\" content=\"https:\/\/soymigrante.com\/revista\/wp-content\/uploads\/2024\/08\/ALIMENTACION-INFANTIL.webp\" \/>\n\t\t<!-- All in One SEO Pro -->\r\n\t\t<title>Claves de nutrici\u00f3n infantil seg\u00fan instituto americano de salud digestiva<\/title>\n\n","aioseo_head_json":{"title":"Claves de nutrici\u00f3n infantil seg\u00fan instituto americano de salud digestiva","description":"Desde la lactancia se puede cuidar la ingesta de alimentos de los ni\u00f1os para que crezcan mejor. Estas son algunas claves accesibles y posibles en el hogar.","canonical_url":"https:\/\/soymigrante.com\/revista\/como-cuidar-la-alimentacion-de-tus-hijos-instituto-americano-de-salud-digiestiva\/","robots":"max-snippet:-1, max-image-preview:large, max-video-preview:-1","keywords":"","webmasterTools":{"miscellaneous":"&lt;link rel=\"preconnect\" href=\"https:\/\/fonts.googleapis.com\" crossorigin&gt;\n&lt;link rel=\"preconnect\" href=\"https:\/\/fonts.gstatic.com\" crossorigin&gt;"},"schema":null,"og:locale":"es_ES","og:site_name":"SoyMigrante.com REVISTA \u2013 Nuestra misi\u00f3n es reconocer y dignificar al migrante.","og:type":"article","og:title":"Claves de nutrici\u00f3n infantil seg\u00fan instituto americano de salud digestiva","og:description":"Desde la lactancia se puede cuidar la ingesta de alimentos de los ni\u00f1os para que crezcan mejor. Estas son algunas claves accesibles y posibles en el hogar.","og:url":"https:\/\/soymigrante.com\/revista\/como-cuidar-la-alimentacion-de-tus-hijos-instituto-americano-de-salud-digiestiva\/","og:image":"https:\/\/soymigrante.com\/revista\/wp-content\/uploads\/2024\/08\/ALIMENTACION-INFANTIL.webp","og:image:secure_url":"https:\/\/soymigrante.com\/revista\/wp-content\/uploads\/2024\/08\/ALIMENTACION-INFANTIL.webp","og:image:width":792,"og:image:height":792,"article:published_time":"2024-08-21T15:37:32+00:00","article:modified_time":"2024-08-21T15:50:35+00:00","article:publisher":"https:\/\/www.facebook.com\/soymigrantecom","twitter:card":"summary_large_image","twitter:site":"@SoyMigrante_com","twitter:title":"Claves de nutrici\u00f3n infantil seg\u00fan instituto americano de salud digestiva","twitter:description":"Desde la lactancia se puede cuidar la ingesta de alimentos de los ni\u00f1os para que crezcan mejor. Estas son algunas claves accesibles y posibles en el hogar.","twitter:creator":"@SoyMigrante_com","twitter:image":"https:\/\/soymigrante.com\/revista\/wp-content\/uploads\/2024\/08\/ALIMENTACION-INFANTIL.webp"},"aioseo_meta_data":{"post_id":"33735","title":"#post_title","description":"Los trastornos alimenticios pueden empezar desde temprana edad, hombres y mujeres lo pueden padecer.","keywords":null,"keyphrases":{"focus":{"keyphrase":"trastornos alimenticios","score":69,"analysis":{"keyphraseInTitle":{"score":9,"maxScore":9,"error":0},"keyphraseInDescription":{"score":9,"maxScore":9,"error":0},"keyphraseLength":{"score":9,"maxScore":9,"error":0,"length":2},"keyphraseInURL":{"score":5,"maxScore":5,"error":0},"keyphraseInIntroduction":{"score":3,"maxScore":9,"error":1},"keyphraseInSubHeadings":{"score":3,"maxScore":9,"error":1},"keyphraseInImageAlt":{"score":9,"maxScore":9,"error":0},"keywordDensity":{"score":0,"type":"low","maxScore":9,"error":1}}},"additional":[{"keyphrase":"trastornos alimenticios","score":67,"analysis":{"keyphraseInDescription":{"score":9,"maxScore":9,"error":0},"keyphraseLength":{"score":9,"maxScore":9,"error":0,"length":2},"keyphraseInIntroduction":{"score":3,"maxScore":9,"error":1},"keyphraseInImageAlt":{"score":9,"maxScore":9,"error":0},"keywordDensity":{"score":0,"type":"low","maxScore":9,"error":1}}}]},"primary_term":null,"canonical_url":null,"og_title":null,"og_description":null,"og_object_type":"default","og_image_type":"default","og_image_url":null,"og_image_width":null,"og_image_height":null,"og_image_custom_url":null,"og_image_custom_fields":null,"og_video":"","og_custom_url":null,"og_article_section":null,"og_article_tags":null,"twitter_use_og":false,"twitter_card":"default","twitter_image_type":"default","twitter_image_url":null,"twitter_image_custom_url":null,"twitter_image_custom_fields":null,"twitter_title":null,"twitter_description":null,"schema":{"blockGraphs":[],"customGraphs":[],"default":{"data":{"Article":[],"Course":[],"Dataset":[],"FAQPage":[],"Movie":[],"Person":[],"Product":[],"ProductReview":[],"Car":[],"Recipe":[],"Service":[],"SoftwareApplication":[],"WebPage":[]},"graphName":"none","isEnabled":true},"graphs":[]},"schema_type":"default","schema_type_options":null,"pillar_content":false,"robots_default":true,"robots_noindex":false,"robots_noarchive":false,"robots_nosnippet":false,"robots_nofollow":false,"robots_noimageindex":false,"robots_noodp":false,"robots_notranslate":false,"robots_max_snippet":"-1","robots_max_videopreview":"-1","robots_max_imagepreview":"large","priority":null,"frequency":"default","local_seo":null,"seo_analyzer_scan_date":"2025-10-09 05:20:30","breadcrumb_settings":null,"limit_modified_date":false,"reviewed_by":null,"open_ai":"{\"title\":{\"suggestions\":[],\"usage\":0},\"description\":{\"suggestions\":[],\"usage\":0}}","ai":null,"created":"2025-05-16 15:33:38","updated":"2026-02-04 23:46:14"},"aioseo_breadcrumb":"<div class=\"aioseo-breadcrumbs\"><span class=\"aioseo-breadcrumb\">\n\t<a href=\"https:\/\/soymigrante.com\/revista\" title=\"Home\">Home<\/a>\n<\/span><span class=\"aioseo-breadcrumb-separator\">\u00bb<\/span><span class=\"aioseo-breadcrumb\">\n\t<a href=\"https:\/\/soymigrante.com\/revista\/category\/bienestar\/\" title=\"Bienestar\">Bienestar<\/a>\n<\/span><span class=\"aioseo-breadcrumb-separator\">\u00bb<\/span><span class=\"aioseo-breadcrumb\">\n\t<a href=\"https:\/\/soymigrante.com\/revista\/category\/bienestar\/salud-emocional\/\" title=\"Salud Emocional\">Salud Emocional<\/a>\n<\/span><span class=\"aioseo-breadcrumb-separator\">\u00bb<\/span><span class=\"aioseo-breadcrumb\">\n\tTrastornos alimenticios: c\u00f3mo detectarlos a tiempo y evitar que se agraven\n<\/span><\/div>","aioseo_breadcrumb_json":[{"label":"Home","link":"https:\/\/soymigrante.com\/revista"},{"label":"Bienestar","link":"https:\/\/soymigrante.com\/revista\/category\/bienestar\/"},{"label":"Salud Emocional","link":"https:\/\/soymigrante.com\/revista\/category\/bienestar\/salud-emocional\/"},{"label":"Trastornos alimenticios: c\u00f3mo detectarlos a tiempo y evitar que se agraven","link":"https:\/\/soymigrante.com\/revista\/trastornos-alimenticios-como-detectarlos-a-tiempo-y-evitar-que-se-agraven\/"}],"_links":{"self":[{"href":"https:\/\/soymigrante.com\/revista\/wp-json\/wp\/v2\/posts\/33735","targetHints":{"allow":["GET"]}}],"collection":[{"href":"https:\/\/soymigrante.com\/revista\/wp-json\/wp\/v2\/posts"}],"about":[{"href":"https:\/\/soymigrante.com\/revista\/wp-json\/wp\/v2\/types\/post"}],"author":[{"embeddable":true,"href":"https:\/\/soymigrante.com\/revista\/wp-json\/wp\/v2\/users\/19"}],"replies":[{"embeddable":true,"href":"https:\/\/soymigrante.com\/revista\/wp-json\/wp\/v2\/comments?post=33735"}],"version-history":[{"count":17,"href":"https:\/\/soymigrante.com\/revista\/wp-json\/wp\/v2\/posts\/33735\/revisions"}],"predecessor-version":[{"id":34155,"href":"https:\/\/soymigrante.com\/revista\/wp-json\/wp\/v2\/posts\/33735\/revisions\/34155"}],"wp:featuredmedia":[{"embeddable":true,"href":"https:\/\/soymigrante.com\/revista\/wp-json\/wp\/v2\/media\/33736"}],"wp:attachment":[{"href":"https:\/\/soymigrante.com\/revista\/wp-json\/wp\/v2\/media?parent=33735"}],"wp:term":[{"taxonomy":"category","embeddable":true,"href":"https:\/\/soymigrante.com\/revista\/wp-json\/wp\/v2\/categories?post=33735"},{"taxonomy":"post_tag","embeddable":true,"href":"https:\/\/soymigrante.com\/revista\/wp-json\/wp\/v2\/tags?post=33735"}],"curies":[{"name":"wp","href":"https:\/\/api.w.org\/{rel}","templated":true}]}}