{"id":33668,"date":"2025-05-16T08:45:56","date_gmt":"2025-05-16T14:45:56","guid":{"rendered":"https:\/\/soymigrante.com\/revista\/?p=33668"},"modified":"2025-05-16T11:28:37","modified_gmt":"2025-05-16T17:28:37","slug":"adolfo-figueroa-dio-un-giro-a-su-profesion-de-ingeniero-para-elaborar-las-espumillas-brothaus","status":"publish","type":"post","link":"https:\/\/soymigrante.com\/revista\/adolfo-figueroa-dio-un-giro-a-su-profesion-de-ingeniero-para-elaborar-las-espumillas-brothaus\/","title":{"rendered":"Adolfo Figueroa dio un giro a su profesi\u00f3n de ingeniero para elaborar las espumillas Brothaus"},"content":{"rendered":"\t\t<div data-elementor-type=\"wp-post\" data-elementor-id=\"33668\" class=\"elementor elementor-33668\" data-elementor-post-type=\"post\">\n\t\t\t\t<div data-particle_enable=\"false\" data-particle-mobile-disabled=\"false\" class=\"elementor-element elementor-element-f57c435 e-flex e-con-boxed e-con e-parent\" data-id=\"f57c435\" data-element_type=\"container\" data-e-type=\"container\">\n\t\t\t\t\t<div class=\"e-con-inner\">\n\t\t\t\t<div class=\"elementor-element elementor-element-27ba23f elementor-widget elementor-widget-heading\" data-id=\"27ba23f\" data-element_type=\"widget\" data-e-type=\"widget\" data-widget_type=\"heading.default\">\n\t\t\t\t\t<h2 class=\"elementor-heading-title elementor-size-default\">Adolfo Figueroa es un ingeniero qu\u00edmico que, junto con su esposa, innova en la fabricaci\u00f3n de  espumillas artesanales.  Por su sabor y alta calidad  son un \u00e9xito y ya est\u00e1n en su tienda digital Brothaus en  SoyMigrante.com MERCADO. Esta es su historia.\n<\/h2>\t\t\t\t<\/div>\n\t\t\t\t<div class=\"elementor-element elementor-element-5fcacab elementor-widget elementor-widget-html\" data-id=\"5fcacab\" data-element_type=\"widget\" data-e-type=\"widget\" data-widget_type=\"html.default\">\n\t\t\t\t\t<div id=\"buzzsprout-player-17176283\"><\/div><script src=\"https:\/\/www.buzzsprout.com\/2444168\/episodes\/17176283-de-la-ingenieria-a-un-emprendimiento-de-espumillas-brothaus.js?container_id=buzzsprout-player-17176283&player=small\" type=\"text\/javascript\" charset=\"utf-8\"><\/script>\t\t\t\t<\/div>\n\t\t\t\t\t<\/div>\n\t\t\t\t<\/div>\n\t\t<div data-particle_enable=\"false\" data-particle-mobile-disabled=\"false\" class=\"elementor-element elementor-element-8bad614 e-flex e-con-boxed e-con e-parent\" data-id=\"8bad614\" data-element_type=\"container\" data-e-type=\"container\">\n\t\t\t\t\t<div class=\"e-con-inner\">\n\t\t\t\t<div class=\"elementor-element elementor-element-90569c8 elementor-widget elementor-widget-text-editor\" data-id=\"90569c8\" data-element_type=\"widget\" data-e-type=\"widget\" data-widget_type=\"text-editor.default\">\n\t\t\t\t\t\t\t\t\t<p>\u00bfQui\u00e9n dir\u00eda que un negocio establecido de panader\u00eda encontrar\u00eda en las dulces y tradicionales espumullas el camino a un nuevo \u00e9xito?\u00a0 Pues esa es la historia de Adolfo Figueroa, ingeniero qu\u00edmico de profesi\u00f3n, quien decidi\u00f3 dar un giro a su vida laboral a ra\u00edz de la pandemial<\/p><p>Durante la pandemia, Adolfo decidi\u00f3 inscribirse en un curso de pasteler\u00eda en el\u00a0 Instituto T\u00e9cnico de Capacitaci\u00f3n y Productividad, INTECAP. A ra\u00edz de ese aprendizaje, fund\u00f3 una panader\u00eda, sin embargo en el camino se top\u00f3 con una golosina tradicional y artesanal guatemalteca: las espumillas. Logr\u00f3 crear una consistencia, sabor y color que las convirti\u00f3 en un \u00e9xito. Las empez\u00f3 a vender en su panader\u00eda pero ahora da el salto al mercado electr\u00f3nico.<\/p>\t\t\t\t\t\t\t\t<\/div>\n\t\t\t\t\t<\/div>\n\t\t\t\t<\/div>\n\t\t<div data-particle_enable=\"false\" data-particle-mobile-disabled=\"false\" class=\"elementor-element elementor-element-8644ce6 e-flex e-con-boxed e-con e-parent\" data-id=\"8644ce6\" data-element_type=\"container\" data-e-type=\"container\">\n\t\t\t\t\t<div class=\"e-con-inner\">\n\t\t\t\t<div class=\"elementor-element elementor-element-82fb1b2 elementor-widget elementor-widget-text-editor\" data-id=\"82fb1b2\" data-element_type=\"widget\" data-e-type=\"widget\" data-widget_type=\"text-editor.default\">\n\t\t\t\t\t\t\t\t\t<p>La tienda digital <a href=\"https:\/\/soymigrante.com\/mercado\/marketplace\/seller\/profile\/brothaus\" target=\"_blank\" rel=\"noopener\">Brothaus<\/a>, de Adolfo Figueroa ya est\u00e1 abierta en <a href=\"https:\/\/soymigrante.com\/mercado\/\" target=\"_blank\" rel=\"noopener\">SoyMigrante.com MERCADO,<\/a> la comunidad en l\u00ednea creada para que emprendedores y compradores guatemaltecos se encuentren: un proyecto activo, proactivo e innovador para peque\u00f1os negocios y creadores de productos elaborados a mano, detr\u00e1s de las cuales siempre hay una historia. A trav\u00e9s de su tienda, puede ser admirada y adquirida a distancia, mediante la plataforma<a href=\"https:\/\/soymigrante.com\/mercado\/\" target=\"_blank\" rel=\"noopener\"> MERCADO.<\/a><\/p>\t\t\t\t\t\t\t\t<\/div>\n\t\t\t\t\t<\/div>\n\t\t\t\t<\/div>\n\t\t<div data-particle_enable=\"false\" data-particle-mobile-disabled=\"false\" class=\"elementor-element elementor-element-6ad0ef5 e-flex e-con-boxed e-con e-parent\" data-id=\"6ad0ef5\" data-element_type=\"container\" data-e-type=\"container\">\n\t\t\t\t\t<div class=\"e-con-inner\">\n\t\t\t\t<div class=\"elementor-element elementor-element-a65c8d3 elementor-widget elementor-widget-image\" data-id=\"a65c8d3\" data-element_type=\"widget\" data-e-type=\"widget\" data-widget_type=\"image.default\">\n\t\t\t\t\t\t\t\t\t\t\t\t<figure class=\"wp-caption\">\n\t\t\t\t\t\t\t\t\t\t\t<a href=\"https:\/\/soymigrante.com\/mercado\/marketplace\/seller\/profile\/brothaus\">\n\t\t\t\t\t\t\t<img fetchpriority=\"high\" decoding=\"async\" width=\"1024\" height=\"350\" src=\"https:\/\/soymigrante.com\/revista\/wp-content\/uploads\/2025\/05\/Captura-de-pantalla-2025-05-15-124819-1024x350.png\" class=\"attachment-large size-large wp-image-33677\" alt=\"Varios colores de merengues decorativos en un plato, con logo de BrotHaus y texto sobre Guatemalteca, mostrando productos tradicionales y culturales en la revista SoyMigrante.com.\" srcset=\"https:\/\/soymigrante.com\/revista\/wp-content\/uploads\/2025\/05\/Captura-de-pantalla-2025-05-15-124819-1024x350.png 1024w, https:\/\/soymigrante.com\/revista\/wp-content\/uploads\/2025\/05\/Captura-de-pantalla-2025-05-15-124819-300x103.png 300w, https:\/\/soymigrante.com\/revista\/wp-content\/uploads\/2025\/05\/Captura-de-pantalla-2025-05-15-124819-768x263.png 768w, https:\/\/soymigrante.com\/revista\/wp-content\/uploads\/2025\/05\/Captura-de-pantalla-2025-05-15-124819-1536x526.png 1536w, https:\/\/soymigrante.com\/revista\/wp-content\/uploads\/2025\/05\/Captura-de-pantalla-2025-05-15-124819-750x257.webp 750w, https:\/\/soymigrante.com\/revista\/wp-content\/uploads\/2025\/05\/Captura-de-pantalla-2025-05-15-124819-1140x390.webp 1140w, https:\/\/soymigrante.com\/revista\/wp-content\/uploads\/2025\/05\/Captura-de-pantalla-2025-05-15-124819.webp 1870w\" sizes=\"(max-width: 1024px) 100vw, 1024px\" \/>\t\t\t\t\t\t\t\t<\/a>\n\t\t\t\t\t\t\t\t\t\t\t<figcaption class=\"widget-image-caption wp-caption-text\">Dulces artesanales de Guatemala en la revista SoyMigrante.com, destacando productos tradicionales y su influencia en la cultura migrante.<\/figcaption>\n\t\t\t\t\t\t\t\t\t\t<\/figure>\n\t\t\t\t\t\t\t\t\t<\/div>\n\t\t\t\t\t<\/div>\n\t\t\t\t<\/div>\n\t\t<div data-particle_enable=\"false\" data-particle-mobile-disabled=\"false\" class=\"elementor-element elementor-element-6e9e156 e-flex e-con-boxed e-con e-parent\" data-id=\"6e9e156\" data-element_type=\"container\" data-e-type=\"container\">\n\t\t\t\t\t<div class=\"e-con-inner\">\n\t\t\t\t<div class=\"elementor-element elementor-element-a410125 elementor-widget elementor-widget-heading\" data-id=\"a410125\" data-element_type=\"widget\" data-e-type=\"widget\" data-widget_type=\"heading.default\">\n\t\t\t\t\t<h3 class=\"elementor-heading-title elementor-size-default\">Del pan a las exquisitas espumillas<\/h3>\t\t\t\t<\/div>\n\t\t\t\t\t<\/div>\n\t\t\t\t<\/div>\n\t\t<div data-particle_enable=\"false\" data-particle-mobile-disabled=\"false\" class=\"elementor-element elementor-element-e4271a8 e-flex e-con-boxed e-con e-parent\" data-id=\"e4271a8\" data-element_type=\"container\" data-e-type=\"container\">\n\t\t\t\t\t<div class=\"e-con-inner\">\n\t\t\t\t<div class=\"elementor-element elementor-element-3c7212e elementor-widget elementor-widget-text-editor\" data-id=\"3c7212e\" data-element_type=\"widget\" data-e-type=\"widget\" data-widget_type=\"text-editor.default\">\n\t\t\t\t\t\t\t\t\t<p>\u201cPoco a poco fuimos caminando a lo que nos dedicamos ahora, en un 90% casi todo nuestro negocio nos fue llevando a donde estamos\u201d, afirma Adolfo, quien comenz\u00f3 este proyecto junto a su esposa.<\/p><p><a href=\"https:\/\/soymigrante.com\/mercado\/marketplace\/seller\/profile\/brothaus\" target=\"_blank\" rel=\"noopener\">En sus inicios, la tienda funcionaba \u00fanicamente con la pareja<\/a>, pero la demanda fue creciendo, impulsada por la calidad y la propuesta diferenciada de sus espumillas. Hoy, cinco personas conforman el equipo de trabajo, quienes se encargan de atender los pedidos y mantener el est\u00e1ndar de frescura y sabor que caracteriza a la marca.<\/p>\t\t\t\t\t\t\t\t<\/div>\n\t\t\t\t\t<\/div>\n\t\t\t\t<\/div>\n\t\t<div data-particle_enable=\"false\" data-particle-mobile-disabled=\"false\" class=\"elementor-element elementor-element-ff3f111 e-flex e-con-boxed e-con e-parent\" data-id=\"ff3f111\" data-element_type=\"container\" data-e-type=\"container\">\n\t\t\t\t\t<div class=\"e-con-inner\">\n\t\t\t\t<div class=\"elementor-element elementor-element-d0266be elementor-widget elementor-widget-image\" data-id=\"d0266be\" data-element_type=\"widget\" data-e-type=\"widget\" data-widget_type=\"image.default\">\n\t\t\t\t\t\t\t\t\t\t\t\t<figure class=\"wp-caption\">\n\t\t\t\t\t\t\t\t\t\t\t<a href=\"https:\/\/soymigrante.com\/mercado\/marketplace\/seller\/profile\/brothaus\">\n\t\t\t\t\t\t\t<img decoding=\"async\" width=\"1024\" height=\"601\" src=\"https:\/\/soymigrante.com\/revista\/wp-content\/uploads\/2025\/05\/Captura-de-pantalla-2025-05-15-124838-1024x601.png\" class=\"attachment-large size-large wp-image-33678\" alt=\"Espumilla sabor lim\u00f3n y variedad de dulces tradicionales, ideal para reposter\u00eda y celebraciones, en diferentes sabores como mango, coco, pi\u00f1a y caf\u00e9.\" srcset=\"https:\/\/soymigrante.com\/revista\/wp-content\/uploads\/2025\/05\/Captura-de-pantalla-2025-05-15-124838-1024x601.png 1024w, https:\/\/soymigrante.com\/revista\/wp-content\/uploads\/2025\/05\/Captura-de-pantalla-2025-05-15-124838-300x176.png 300w, https:\/\/soymigrante.com\/revista\/wp-content\/uploads\/2025\/05\/Captura-de-pantalla-2025-05-15-124838-768x451.png 768w, https:\/\/soymigrante.com\/revista\/wp-content\/uploads\/2025\/05\/Captura-de-pantalla-2025-05-15-124838-750x440.webp 750w, https:\/\/soymigrante.com\/revista\/wp-content\/uploads\/2025\/05\/Captura-de-pantalla-2025-05-15-124838-1140x669.webp 1140w, https:\/\/soymigrante.com\/revista\/wp-content\/uploads\/2025\/05\/Captura-de-pantalla-2025-05-15-124838.webp 1523w\" sizes=\"(max-width: 1024px) 100vw, 1024px\" \/>\t\t\t\t\t\t\t\t<\/a>\n\t\t\t\t\t\t\t\t\t\t\t<figcaption class=\"widget-image-caption wp-caption-text\">Variedad de espumillas y dulces tradicionales para reposter\u00eda, con sabores como lim\u00f3n, mango, coco, pi\u00f1a y caf\u00e9, perfectas para postres y celebraciones en M\u00e9xico.<\/figcaption>\n\t\t\t\t\t\t\t\t\t\t<\/figure>\n\t\t\t\t\t\t\t\t\t<\/div>\n\t\t\t\t\t<\/div>\n\t\t\t\t<\/div>\n\t\t<div data-particle_enable=\"false\" data-particle-mobile-disabled=\"false\" class=\"elementor-element elementor-element-22c4347 e-flex e-con-boxed e-con e-parent\" data-id=\"22c4347\" data-element_type=\"container\" data-e-type=\"container\">\n\t\t\t\t\t<div class=\"e-con-inner\">\n\t\t\t\t<div class=\"elementor-element elementor-element-5df5ce7 elementor-widget elementor-widget-heading\" data-id=\"5df5ce7\" data-element_type=\"widget\" data-e-type=\"widget\" data-widget_type=\"heading.default\">\n\t\t\t\t\t<h3 class=\"elementor-heading-title elementor-size-default\">El sabor de anta\u00f1o en cada espumilla<\/h3>\t\t\t\t<\/div>\n\t\t\t\t\t<\/div>\n\t\t\t\t<\/div>\n\t\t<div data-particle_enable=\"false\" data-particle-mobile-disabled=\"false\" class=\"elementor-element elementor-element-d90f189 e-flex e-con-boxed e-con e-parent\" data-id=\"d90f189\" data-element_type=\"container\" data-e-type=\"container\">\n\t\t\t\t\t<div class=\"e-con-inner\">\n\t\t\t\t<div class=\"elementor-element elementor-element-643e487 elementor-widget elementor-widget-text-editor\" data-id=\"643e487\" data-element_type=\"widget\" data-e-type=\"widget\" data-widget_type=\"text-editor.default\">\n\t\t\t\t\t\t\t\t\t<div>Brothaus, el negocio de Adolfo, se dedica en un 90% a la elaboraci\u00f3n de espumillas, un producto que ha resurgido en 22 sabores \u00fanicos y personalizados. Entre ellos se encuentran:<\/div><div>\u2022Sand\u00eda<\/div><div>\u2022Caf\u00e9<\/div><div>\u2022Chocolate<\/div><div>\u2022Guayaba<\/div><div>\u2022Crema<\/div><div>\u2022Pi\u00f1a<\/div><div>\u2022Lim\u00f3n<\/div><div>\u2022Capuchino<\/div><div>\u2022Vainilla<\/div><div>\u2022Almendra<\/div>\t\t\t\t\t\t\t\t<\/div>\n\t\t\t\t\t<\/div>\n\t\t\t\t<\/div>\n\t\t<div data-particle_enable=\"false\" data-particle-mobile-disabled=\"false\" class=\"elementor-element elementor-element-0a48f83 e-flex e-con-boxed e-con e-parent\" data-id=\"0a48f83\" data-element_type=\"container\" data-e-type=\"container\">\n\t\t\t\t\t<div class=\"e-con-inner\">\n\t\t\t\t<div class=\"elementor-element elementor-element-ffd2d91 elementor-widget elementor-widget-image\" data-id=\"ffd2d91\" data-element_type=\"widget\" data-e-type=\"widget\" data-widget_type=\"image.default\">\n\t\t\t\t\t\t\t\t\t\t\t\t<figure class=\"wp-caption\">\n\t\t\t\t\t\t\t\t\t\t<img decoding=\"async\" width=\"768\" height=\"1024\" src=\"https:\/\/soymigrante.com\/revista\/wp-content\/uploads\/2025\/05\/Adolfo-Figueroa1-768x1024.jpeg\" class=\"attachment-large size-large wp-image-33679\" alt=\"Colorida imagen de una persona decorando un pastel, mostrando ingredientes y utensilios de reposter\u00eda, en un entorno de cocina profesional. Ideal para art\u00edculos sobre t\u00e9cnicas de reposter\u00eda mexicana y cocina creativa.\" srcset=\"https:\/\/soymigrante.com\/revista\/wp-content\/uploads\/2025\/05\/Adolfo-Figueroa1-768x1024.jpeg 768w, https:\/\/soymigrante.com\/revista\/wp-content\/uploads\/2025\/05\/Adolfo-Figueroa1-225x300.jpeg 225w, https:\/\/soymigrante.com\/revista\/wp-content\/uploads\/2025\/05\/Adolfo-Figueroa1-1152x1536.jpeg 1152w, https:\/\/soymigrante.com\/revista\/wp-content\/uploads\/2025\/05\/Adolfo-Figueroa1-750x1000.jpeg 750w, https:\/\/soymigrante.com\/revista\/wp-content\/uploads\/2025\/05\/Adolfo-Figueroa1-1140x1520.jpeg 1140w, https:\/\/soymigrante.com\/revista\/wp-content\/uploads\/2025\/05\/Adolfo-Figueroa1.webp 1200w\" sizes=\"(max-width: 768px) 100vw, 768px\" \/>\t\t\t\t\t\t\t\t\t\t\t<figcaption class=\"widget-image-caption wp-caption-text\">Preparaci\u00f3n tradicional de masa en la cocina mexicana, mostrando la t\u00e9cnica artesanal en la elaboraci\u00f3n de pan o pasteles, con herramientas y maquinaria para panader\u00eda.<\/figcaption>\n\t\t\t\t\t\t\t\t\t\t<\/figure>\n\t\t\t\t\t\t\t\t\t<\/div>\n\t\t\t\t\t<\/div>\n\t\t\t\t<\/div>\n\t\t<div data-particle_enable=\"false\" data-particle-mobile-disabled=\"false\" class=\"elementor-element elementor-element-afd4ef4 e-flex e-con-boxed e-con e-parent\" data-id=\"afd4ef4\" data-element_type=\"container\" data-e-type=\"container\">\n\t\t\t\t\t<div class=\"e-con-inner\">\n\t\t\t\t<div class=\"elementor-element elementor-element-a50a2c8 elementor-widget elementor-widget-heading\" data-id=\"a50a2c8\" data-element_type=\"widget\" data-e-type=\"widget\" data-widget_type=\"heading.default\">\n\t\t\t\t\t<h3 class=\"elementor-heading-title elementor-size-default\">Algo diferente para el paladar el p\u00fablico<\/h3>\t\t\t\t<\/div>\n\t\t\t\t\t<\/div>\n\t\t\t\t<\/div>\n\t\t<div data-particle_enable=\"false\" data-particle-mobile-disabled=\"false\" class=\"elementor-element elementor-element-141846a e-flex e-con-boxed e-con e-parent\" data-id=\"141846a\" data-element_type=\"container\" data-e-type=\"container\">\n\t\t\t\t\t<div class=\"e-con-inner\">\n\t\t\t\t<div class=\"elementor-element elementor-element-f643548 elementor-widget elementor-widget-text-editor\" data-id=\"f643548\" data-element_type=\"widget\" data-e-type=\"widget\" data-widget_type=\"text-editor.default\">\n\t\t\t\t\t\t\t\t\t<p>\u201cNosotros empezamos con una panader\u00eda, pero necesit\u00e1bamos un producto que fuera emprendedor, que fuera diferente, entonces empezamos a hacer espumillas\u201d, comenta Adolfo.<\/p><p>El toque distintivo de <a href=\"https:\/\/soymigrante.com\/mercado\/marketplace\/seller\/profile\/brothaus\" target=\"_blank\" rel=\"noopener\">Brothaus<\/a> est\u00e1 en la receta, creada por el propio Adolfo, quien asegura que no utilizan f\u00f3rmulas de la competencia. &#8220;Nuestras espumillas tienen un toque especial&#8221;. Esta autenticidad ha logrado captar la atenci\u00f3n de los clientes, quienes destacan el sabor cl\u00e1sico y la posibilidad de personalizar los colores y presentaciones.<\/p>\t\t\t\t\t\t\t\t<\/div>\n\t\t\t\t\t<\/div>\n\t\t\t\t<\/div>\n\t\t<div data-particle_enable=\"false\" data-particle-mobile-disabled=\"false\" class=\"elementor-element elementor-element-47d140f e-flex e-con-boxed e-con e-parent\" data-id=\"47d140f\" data-element_type=\"container\" data-e-type=\"container\">\n\t\t\t\t\t<div class=\"e-con-inner\">\n\t\t\t\t<div class=\"elementor-element elementor-element-20a44cf elementor-widget elementor-widget-image\" data-id=\"20a44cf\" data-element_type=\"widget\" data-e-type=\"widget\" data-widget_type=\"image.default\">\n\t\t\t\t\t\t\t\t\t\t\t\t<figure class=\"wp-caption\">\n\t\t\t\t\t\t\t\t\t\t<img loading=\"lazy\" decoding=\"async\" width=\"1024\" height=\"768\" src=\"https:\/\/soymigrante.com\/revista\/wp-content\/uploads\/2025\/05\/Adolfo-Figueroa3-1024x768.jpeg\" class=\"attachment-large size-large wp-image-33680\" alt=\"Suave merengue rosa en bandeja para celebraci\u00f3n, elaborado artesanalmente y perfecto para postres y reposter\u00eda creativa.\" srcset=\"https:\/\/soymigrante.com\/revista\/wp-content\/uploads\/2025\/05\/Adolfo-Figueroa3-1024x768.jpeg 1024w, https:\/\/soymigrante.com\/revista\/wp-content\/uploads\/2025\/05\/Adolfo-Figueroa3-300x225.jpeg 300w, https:\/\/soymigrante.com\/revista\/wp-content\/uploads\/2025\/05\/Adolfo-Figueroa3-768x576.jpeg 768w, https:\/\/soymigrante.com\/revista\/wp-content\/uploads\/2025\/05\/Adolfo-Figueroa3-1536x1152.jpeg 1536w, https:\/\/soymigrante.com\/revista\/wp-content\/uploads\/2025\/05\/Adolfo-Figueroa3-750x563.webp 750w, https:\/\/soymigrante.com\/revista\/wp-content\/uploads\/2025\/05\/Adolfo-Figueroa3-1140x855.jpeg 1140w, https:\/\/soymigrante.com\/revista\/wp-content\/uploads\/2025\/05\/Adolfo-Figueroa3.webp 1600w\" sizes=\"(max-width: 1024px) 100vw, 1024px\" \/>\t\t\t\t\t\t\t\t\t\t\t<figcaption class=\"widget-image-caption wp-caption-text\">Deliciosos merengues de color rosa, ideales para decorar y endulzar eventos especiales con sabor y estilo.<\/figcaption>\n\t\t\t\t\t\t\t\t\t\t<\/figure>\n\t\t\t\t\t\t\t\t\t<\/div>\n\t\t\t\t\t<\/div>\n\t\t\t\t<\/div>\n\t\t<div data-particle_enable=\"false\" data-particle-mobile-disabled=\"false\" class=\"elementor-element elementor-element-7716289 e-flex e-con-boxed e-con e-parent\" data-id=\"7716289\" data-element_type=\"container\" data-e-type=\"container\">\n\t\t\t\t\t<div class=\"e-con-inner\">\n\t\t\t\t<div class=\"elementor-element elementor-element-d40e5ed elementor-widget elementor-widget-heading\" data-id=\"d40e5ed\" data-element_type=\"widget\" data-e-type=\"widget\" data-widget_type=\"heading.default\">\n\t\t\t\t\t<h3 class=\"elementor-heading-title elementor-size-default\">Calidad y frescura, las claves del \u00e9xito<\/h3>\t\t\t\t<\/div>\n\t\t\t\t\t<\/div>\n\t\t\t\t<\/div>\n\t\t<div data-particle_enable=\"false\" data-particle-mobile-disabled=\"false\" class=\"elementor-element elementor-element-7726226 e-flex e-con-boxed e-con e-parent\" data-id=\"7726226\" data-element_type=\"container\" data-e-type=\"container\">\n\t\t\t\t\t<div class=\"e-con-inner\">\n\t\t\t\t<div class=\"elementor-element elementor-element-d8d38dd elementor-widget elementor-widget-text-editor\" data-id=\"d8d38dd\" data-element_type=\"widget\" data-e-type=\"widget\" data-widget_type=\"text-editor.default\">\n\t\t\t\t\t\t\t\t\t<p><a href=\"https:\/\/soymigrante.com\/mercado\/marketplace\/seller\/profile\/brothaus\" target=\"_blank\" rel=\"noopener\">El proceso de elaboraci\u00f3n de las espumillas Brothaus es minucioso.<\/a> La tienda tarda entre tres y cuatro horas en sacar un pedido, garantizando que cada espumilla llegue fresca a las manos del comprador. Adolfo resalta que la higiene es fundamental en cada paso del proceso, as\u00ed como el perfecto cuidado de cada paso del proceso de elaboraci\u00f3n.<\/p><p>\u201cNosotros tratamos de ser m\u00e1s artesanales, m\u00e1s como de anta\u00f1o. La calidad es nuestra caracter\u00edstica principal\u201d, asegura.<\/p>\t\t\t\t\t\t\t\t<\/div>\n\t\t\t\t\t<\/div>\n\t\t\t\t<\/div>\n\t\t<div data-particle_enable=\"false\" data-particle-mobile-disabled=\"false\" class=\"elementor-element elementor-element-acd6e4f e-flex e-con-boxed e-con e-parent\" data-id=\"acd6e4f\" data-element_type=\"container\" data-e-type=\"container\">\n\t\t\t\t\t<div class=\"e-con-inner\">\n\t\t\t\t<div class=\"elementor-element elementor-element-2eebe08 elementor-widget elementor-widget-image\" data-id=\"2eebe08\" data-element_type=\"widget\" data-e-type=\"widget\" data-widget_type=\"image.default\">\n\t\t\t\t\t\t\t\t\t\t\t\t<figure class=\"wp-caption\">\n\t\t\t\t\t\t\t\t\t\t<img loading=\"lazy\" decoding=\"async\" width=\"1024\" height=\"719\" src=\"https:\/\/soymigrante.com\/revista\/wp-content\/uploads\/2025\/05\/WhatsApp-Image-2025-05-15-at-114735-AM-1024x719.jpeg\" class=\"attachment-large size-large wp-image-33681\" alt=\"Olive colorados en forma de crema dulce en una bandeja de catering para celebraci\u00f3n.\" srcset=\"https:\/\/soymigrante.com\/revista\/wp-content\/uploads\/2025\/05\/WhatsApp-Image-2025-05-15-at-114735-AM-1024x719.jpeg 1024w, https:\/\/soymigrante.com\/revista\/wp-content\/uploads\/2025\/05\/WhatsApp-Image-2025-05-15-at-114735-AM-300x211.jpeg 300w, https:\/\/soymigrante.com\/revista\/wp-content\/uploads\/2025\/05\/WhatsApp-Image-2025-05-15-at-114735-AM-768x539.jpeg 768w, https:\/\/soymigrante.com\/revista\/wp-content\/uploads\/2025\/05\/WhatsApp-Image-2025-05-15-at-114735-AM-1536x1078.jpeg 1536w, https:\/\/soymigrante.com\/revista\/wp-content\/uploads\/2025\/05\/WhatsApp-Image-2025-05-15-at-114735-AM-750x526.webp 750w, https:\/\/soymigrante.com\/revista\/wp-content\/uploads\/2025\/05\/WhatsApp-Image-2025-05-15-at-114735-AM-1140x800.webp 1140w, https:\/\/soymigrante.com\/revista\/wp-content\/uploads\/2025\/05\/WhatsApp-Image-2025-05-15-at-114735-AM.webp 1600w\" sizes=\"(max-width: 1024px) 100vw, 1024px\" \/>\t\t\t\t\t\t\t\t\t\t\t<figcaption class=\"widget-image-caption wp-caption-text\">Muestra un gran surtido de cremas con batidos en forma de oliva para eventos.<\/figcaption>\n\t\t\t\t\t\t\t\t\t\t<\/figure>\n\t\t\t\t\t\t\t\t\t<\/div>\n\t\t\t\t\t<\/div>\n\t\t\t\t<\/div>\n\t\t<div data-particle_enable=\"false\" data-particle-mobile-disabled=\"false\" class=\"elementor-element elementor-element-befede0 e-flex e-con-boxed e-con e-parent\" data-id=\"befede0\" data-element_type=\"container\" data-e-type=\"container\">\n\t\t\t\t\t<div class=\"e-con-inner\">\n\t\t\t\t<div class=\"elementor-element elementor-element-3cef216 elementor-widget elementor-widget-heading\" data-id=\"3cef216\" data-element_type=\"widget\" data-e-type=\"widget\" data-widget_type=\"heading.default\">\n\t\t\t\t\t<h3 class=\"elementor-heading-title elementor-size-default\">Ya las puedes pedir a trav\u00e9s de SoyMigrante.com MERCADO<\/h3>\t\t\t\t<\/div>\n\t\t\t\t\t<\/div>\n\t\t\t\t<\/div>\n\t\t<div data-particle_enable=\"false\" data-particle-mobile-disabled=\"false\" class=\"elementor-element elementor-element-2dc2778 e-flex e-con-boxed e-con e-parent\" data-id=\"2dc2778\" data-element_type=\"container\" data-e-type=\"container\">\n\t\t\t\t\t<div class=\"e-con-inner\">\n\t\t\t\t<div class=\"elementor-element elementor-element-bfef889 elementor-widget elementor-widget-text-editor\" data-id=\"bfef889\" data-element_type=\"widget\" data-e-type=\"widget\" data-widget_type=\"text-editor.default\">\n\t\t\t\t\t\t\t\t\t<p>Los precios oscilan desde los Q20, dependiendo de la cantidad solicitada. A trav\u00e9s de su tienda virtual,<a href=\"https:\/\/soymigrante.com\/mercado\/marketplace\/seller\/profile\/brothaus\" target=\"_blank\" rel=\"noopener\"> Brothaus<\/a> ha logrado posicionarse como un referente en espumillas artesanales en Mixco, apostando por el sabor, la presentaci\u00f3n y la personalizaci\u00f3n de cada producto.<\/p><p>\u201cNos gusta satisfacer a nuestros clientes y saber que podemos hacerlo, cuando nos ponemos de acuerdo en los colores, sabores y todo lo que est\u00e9 a nuestro alcance\u201d, concluye Adolfo.<\/p>\t\t\t\t\t\t\t\t<\/div>\n\t\t\t\t\t<\/div>\n\t\t\t\t<\/div>\n\t\t<div data-particle_enable=\"false\" data-particle-mobile-disabled=\"false\" class=\"elementor-element elementor-element-bc8b7ad e-flex e-con-boxed e-con e-parent\" data-id=\"bc8b7ad\" data-element_type=\"container\" data-e-type=\"container\">\n\t\t\t\t\t<div class=\"e-con-inner\">\n\t\t\t\t<div class=\"elementor-element elementor-element-2a36f98 elementor-widget elementor-widget-text-editor\" data-id=\"2a36f98\" data-element_type=\"widget\" data-e-type=\"widget\" data-widget_type=\"text-editor.default\">\n\t\t\t\t\t\t\t\t\t<p>Con cuatro a\u00f1os dedicados a la producci\u00f3n exclusiva de espumillas, <a href=\"https:\/\/soymigrante.com\/mercado\/marketplace\/seller\/profile\/brothaus\" target=\"_blank\" rel=\"noopener\">Brothaus<\/a> es el ejemplo de c\u00f3mo un sue\u00f1o puede convertirse en un emprendimiento exitoso,<a href=\"https:\/\/soymigrante.com\/mercado\/\" target=\"_blank\" rel=\"noopener\"> llevando un sabor tradicional a nuevas generaciones.<\/a><\/p>\t\t\t\t\t\t\t\t<\/div>\n\t\t\t\t\t<\/div>\n\t\t\t\t<\/div>\n\t\t<div data-particle_enable=\"false\" data-particle-mobile-disabled=\"false\" class=\"elementor-element elementor-element-d68fbf1 e-flex e-con-boxed e-con e-parent\" data-id=\"d68fbf1\" data-element_type=\"container\" data-e-type=\"container\">\n\t\t\t\t\t<div class=\"e-con-inner\">\n\t\t\t\t<div class=\"elementor-element elementor-element-ce65078 elementor-widget elementor-widget-heading\" data-id=\"ce65078\" data-element_type=\"widget\" data-e-type=\"widget\" data-widget_type=\"heading.default\">\n\t\t\t\t\t<h2 class=\"elementor-heading-title elementor-size-default\">Conoce otras historias inspiradoras ac\u00e1...<\/h2>\t\t\t\t<\/div>\n\t\t\t\t\t<\/div>\n\t\t\t\t<\/div>\n\t\t<div data-particle_enable=\"false\" data-particle-mobile-disabled=\"false\" class=\"elementor-element elementor-element-91208c0 e-flex e-con-boxed e-con e-parent\" data-id=\"91208c0\" data-element_type=\"container\" data-e-type=\"container\">\n\t\t\t\t\t<div class=\"e-con-inner\">\n\t\t\t\t<div class=\"elementor-element elementor-element-f2b586f elementor-grid-eael-col-3 elementor-grid-tablet-eael-col-2 elementor-grid-mobile-eael-col-1 elementor-widget elementor-widget-eael-post-grid\" data-id=\"f2b586f\" data-element_type=\"widget\" data-e-type=\"widget\" data-settings=\"{&quot;eael_post_grid_columns&quot;:&quot;eael-col-3&quot;,&quot;eael_post_grid_columns_tablet&quot;:&quot;eael-col-2&quot;,&quot;eael_post_grid_columns_mobile&quot;:&quot;eael-col-1&quot;}\" data-widget_type=\"eael-post-grid.default\">\n\t\t\t\t\t<div id=\"eael-post-grid-f2b586f\" class=\"eael-post-grid-container\">\n            <div class=\"eael-post-grid eael-post-appender eael-post-appender-f2b586f eael-post-grid-style-one\" data-layout-mode=\"masonry\"><article class=\"eael-grid-post  eael-post-grid-column eael-pg-post-32578 category-guate-nuestra tags-mercado-emprendedores\" data-id=\"32578\">\n        <div class=\"eael-grid-post-holder\">\n            <div class=\"eael-grid-post-holder-inner\"><div class=\"eael-entry-media\"><div class=\"eael-entry-overlay fade-in\"><i class=\"far fa-hand-pointer\" aria-hidden=\"true\"><\/i><a href=\"https:\/\/soymigrante.com\/revista\/textil-arco-iris-12-mujeres-que-tejen-tradicion-y-estan-en-mercado\/\"><\/a><\/div><div class=\"eael-entry-thumbnail \">\n                <img loading=\"lazy\" decoding=\"async\" width=\"1024\" height=\"1024\" src=\"https:\/\/soymigrante.com\/revista\/wp-content\/uploads\/2025\/05\/Textil-Arco-Iris-12-mujeres-que-tejen-tradicion-y-estan-en-MERCADO3-e1746470911534-1024x1024.webp\" class=\"attachment-large size-large wp-image-32579\" alt=\"Coloridas textiles tradicionales mexicanas bordadas a mano en un mercado artesanal.\" srcset=\"https:\/\/soymigrante.com\/revista\/wp-content\/uploads\/2025\/05\/Textil-Arco-Iris-12-mujeres-que-tejen-tradicion-y-estan-en-MERCADO3-e1746470911534-1024x1024.webp 1024w, https:\/\/soymigrante.com\/revista\/wp-content\/uploads\/2025\/05\/Textil-Arco-Iris-12-mujeres-que-tejen-tradicion-y-estan-en-MERCADO3-e1746470911534-300x300.webp 300w, https:\/\/soymigrante.com\/revista\/wp-content\/uploads\/2025\/05\/Textil-Arco-Iris-12-mujeres-que-tejen-tradicion-y-estan-en-MERCADO3-e1746470911534-150x150.webp 150w, https:\/\/soymigrante.com\/revista\/wp-content\/uploads\/2025\/05\/Textil-Arco-Iris-12-mujeres-que-tejen-tradicion-y-estan-en-MERCADO3-e1746470911534-768x768.webp 768w, https:\/\/soymigrante.com\/revista\/wp-content\/uploads\/2025\/05\/Textil-Arco-Iris-12-mujeres-que-tejen-tradicion-y-estan-en-MERCADO3-e1746470911534-75x75.webp 75w, https:\/\/soymigrante.com\/revista\/wp-content\/uploads\/2025\/05\/Textil-Arco-Iris-12-mujeres-que-tejen-tradicion-y-estan-en-MERCADO3-e1746470911534-750x750.webp 750w, https:\/\/soymigrante.com\/revista\/wp-content\/uploads\/2025\/05\/Textil-Arco-Iris-12-mujeres-que-tejen-tradicion-y-estan-en-MERCADO3-e1746470911534-1140x1140.webp 1140w, https:\/\/soymigrante.com\/revista\/wp-content\/uploads\/2025\/05\/Textil-Arco-Iris-12-mujeres-que-tejen-tradicion-y-estan-en-MERCADO3-e1746470911534.webp 1200w\" sizes=\"(max-width: 1024px) 100vw, 1024px\" \/>\n            <\/div>\n        <\/div><div class=\"eael-entry-wrapper\"><header class=\"eael-entry-header\"><h2 class=\"eael-entry-title\"><a class=\"eael-grid-post-link\" href=\"https:\/\/soymigrante.com\/revista\/textil-arco-iris-12-mujeres-que-tejen-tradicion-y-estan-en-mercado\/\" title=\"Textil Arco Iris: 12 tejedoras de tradici\u00f3n y colorido maya est\u00e1n en MERCADO\">Textil Arco Iris: 12 tejedoras de tradici\u00f3n y colorido maya est\u00e1n en MERCADO<\/a><\/h2><\/header><div class=\"eael-entry-content\">\n                        <div class=\"eael-grid-post-excerpt\"><a href=\"https:\/\/soymigrante.com\/revista\/textil-arco-iris-12-mujeres-que-tejen-tradicion-y-estan-en-mercado\/\" class=\"eael-post-elements-readmore-btn\">CONOCE SU HISTORIA <\/a><\/div>\n                    <\/div><\/div><\/div>\n        <\/div>\n    <\/article><article class=\"eael-grid-post  eael-post-grid-column eael-pg-post-23097 category-guate-nuestra tags-mercado-emprendedores\" data-id=\"23097\">\n        <div class=\"eael-grid-post-holder\">\n            <div class=\"eael-grid-post-holder-inner\"><div class=\"eael-entry-media\"><div class=\"eael-entry-overlay fade-in\"><i class=\"far fa-hand-pointer\" aria-hidden=\"true\"><\/i><a href=\"https:\/\/soymigrante.com\/revista\/mafer-jimenez-escritora-voluntad-guatemalteca-libros-motivacion-mercado\/\"><\/a><\/div><div class=\"eael-entry-thumbnail \">\n                <img loading=\"lazy\" decoding=\"async\" width=\"1024\" height=\"1024\" src=\"https:\/\/soymigrante.com\/revista\/wp-content\/uploads\/2025\/01\/MAFER-JIMENEZ-1-1024x1024.jpg\" class=\"attachment-large size-large wp-image-23161\" alt=\"\u00e1rea de personas con discapacidad mostrando libros de la revista SoyMigrante.com REVISTA en una rueda de personas con discapacidad, promoviendo derechos e inclusi\u00f3n en temas migratorios en M\u00e9xico.\" srcset=\"https:\/\/soymigrante.com\/revista\/wp-content\/uploads\/2025\/01\/MAFER-JIMENEZ-1-1024x1024.jpg 1024w, https:\/\/soymigrante.com\/revista\/wp-content\/uploads\/2025\/01\/MAFER-JIMENEZ-1-300x300.jpg 300w, https:\/\/soymigrante.com\/revista\/wp-content\/uploads\/2025\/01\/MAFER-JIMENEZ-1-150x150.jpg 150w, https:\/\/soymigrante.com\/revista\/wp-content\/uploads\/2025\/01\/MAFER-JIMENEZ-1-768x768.jpg 768w, https:\/\/soymigrante.com\/revista\/wp-content\/uploads\/2025\/01\/MAFER-JIMENEZ-1-75x75.webp 75w, https:\/\/soymigrante.com\/revista\/wp-content\/uploads\/2025\/01\/MAFER-JIMENEZ-1-750x750.webp 750w, https:\/\/soymigrante.com\/revista\/wp-content\/uploads\/2025\/01\/MAFER-JIMENEZ-1-1140x1140.webp 1140w, https:\/\/soymigrante.com\/revista\/wp-content\/uploads\/2025\/01\/MAFER-JIMENEZ-1.webp 1308w\" sizes=\"(max-width: 1024px) 100vw, 1024px\" \/>\n            <\/div>\n        <\/div><div class=\"eael-entry-wrapper\"><header class=\"eael-entry-header\"><h2 class=\"eael-entry-title\"><a class=\"eael-grid-post-link\" href=\"https:\/\/soymigrante.com\/revista\/mafer-jimenez-escritora-voluntad-guatemalteca-libros-motivacion-mercado\/\" title=\"Mafer Jim\u00e9nez: una mente maravillosa y voluntad sin l\u00edmites. Sus libros ahora est\u00e1n en MERCADO\">Mafer Jim\u00e9nez: una mente maravillosa y voluntad sin l\u00edmites. Sus libros ahora est\u00e1n en MERCADO<\/a><\/h2><\/header><div class=\"eael-entry-content\">\n                        <div class=\"eael-grid-post-excerpt\"><a href=\"https:\/\/soymigrante.com\/revista\/mafer-jimenez-escritora-voluntad-guatemalteca-libros-motivacion-mercado\/\" class=\"eael-post-elements-readmore-btn\">CONOCE SU HISTORIA <\/a><\/div>\n                    <\/div><\/div><\/div>\n        <\/div>\n    <\/article><article class=\"eael-grid-post  eael-post-grid-column eael-pg-post-21793 category-guate-nuestra tags-mercado-emprendedores\" data-id=\"21793\">\n        <div class=\"eael-grid-post-holder\">\n            <div class=\"eael-grid-post-holder-inner\"><div class=\"eael-entry-media\"><div class=\"eael-entry-overlay fade-in\"><i class=\"far fa-hand-pointer\" aria-hidden=\"true\"><\/i><a href=\"https:\/\/soymigrante.com\/revista\/alan-tenenbaum-es-ejemplo-de-resiliencia-voluntad-y-superacion-sus-libros-estan-en-mercado\/\"><\/a><\/div><div class=\"eael-entry-thumbnail \">\n                <img loading=\"lazy\" decoding=\"async\" width=\"685\" height=\"1024\" src=\"https:\/\/soymigrante.com\/revista\/wp-content\/uploads\/2025\/01\/Alan-1-685x1024.jpeg\" class=\"attachment-large size-large wp-image-21795\" alt=\"Libro &quot;En una silla de morfeo&quot; del autor Alan Terenbaum, mostrando diversidad e inclusi\u00f3n en la literatura, con decoraciones coloridas y fondos de libros en una sala acogedora.\" srcset=\"https:\/\/soymigrante.com\/revista\/wp-content\/uploads\/2025\/01\/Alan-1-685x1024.jpeg 685w, https:\/\/soymigrante.com\/revista\/wp-content\/uploads\/2025\/01\/Alan-1-201x300.jpeg 201w, https:\/\/soymigrante.com\/revista\/wp-content\/uploads\/2025\/01\/Alan-1-768x1148.jpeg 768w, https:\/\/soymigrante.com\/revista\/wp-content\/uploads\/2025\/01\/Alan-1-1027x1536.jpeg 1027w, https:\/\/soymigrante.com\/revista\/wp-content\/uploads\/2025\/01\/Alan-1-750x1121.webp 750w, https:\/\/soymigrante.com\/revista\/wp-content\/uploads\/2025\/01\/Alan-1.webp 1070w\" sizes=\"(max-width: 685px) 100vw, 685px\" \/>\n            <\/div>\n        <\/div><div class=\"eael-entry-wrapper\"><header class=\"eael-entry-header\"><h2 class=\"eael-entry-title\"><a class=\"eael-grid-post-link\" href=\"https:\/\/soymigrante.com\/revista\/alan-tenenbaum-es-ejemplo-de-resiliencia-voluntad-y-superacion-sus-libros-estan-en-mercado\/\" title=\"Los libros de Alan Tenembaum animan a lograr lo imposible y ahora est\u00e1n en SoyMigrante.com MERCADO\">Los libros de Alan Tenembaum animan a lograr lo imposible y ahora est\u00e1n en SoyMigrante.com MERCADO<\/a><\/h2><\/header><div class=\"eael-entry-content\">\n                        <div class=\"eael-grid-post-excerpt\"><a href=\"https:\/\/soymigrante.com\/revista\/alan-tenenbaum-es-ejemplo-de-resiliencia-voluntad-y-superacion-sus-libros-estan-en-mercado\/\" class=\"eael-post-elements-readmore-btn\">CONOCE SU HISTORIA <\/a><\/div>\n                    <\/div><\/div><\/div>\n        <\/div>\n    <\/article><\/div>\n            <div class=\"clearfix\"><\/div>\n        <\/div>\t\t\t\t<\/div>\n\t\t\t\t\t<\/div>\n\t\t\t\t<\/div>\n\t\t\t\t<\/div>\n\t\t","protected":false},"excerpt":{"rendered":"<p>Adolfo Figueroa es un ingeniero qu\u00edmico que, junto con su esposa, innova en la fabricaci\u00f3n de espumillas artesanales. Por su sabor y alta calidad son un \u00e9xito y ya est\u00e1n en su tienda digital Brothaus en SoyMigrante.com MERCADO. Esta es su historia. \u00bfQui\u00e9n dir\u00eda que un negocio establecido de panader\u00eda encontrar\u00eda en las dulces y [&hellip;]<\/p>\n","protected":false},"author":19,"featured_media":33669,"comment_status":"open","ping_status":"open","sticky":false,"template":"","format":"standard","meta":{"_acf_changed":false,"_eb_attr":"","footnotes":""},"categories":[58],"tags":[130],"class_list":["post-33668","post","type-post","status-publish","format-standard","has-post-thumbnail","hentry","category-guate-nuestra","tag-mercado-emprendedores"],"acf":[],"aioseo_notices":[],"aioseo_head":"\n\t\t<!-- All in One SEO Pro 4.9.6.2 - aioseo.com -->\n\t<meta name=\"description\" content=\"Alan Tenenbaum es un ejemplo de resiliencia. Comparte su testimonio vital en libros para chicos y grandes. Ahora est\u00e1n disponibles en SoyMigrante.com MERCADO\" \/>\n\t<meta name=\"robots\" content=\"max-snippet:-1, max-image-preview:large, max-video-preview:-1\" \/>\n\t<meta name=\"author\" content=\"Marysabel Aldana\"\/>\n\t<link rel=\"canonical\" href=\"https:\/\/soymigrante.com\/revista\/alan-tenenbaum-es-ejemplo-de-resiliencia-voluntad-y-superacion-sus-libros-estan-en-mercado\/\" \/>\n\t<meta name=\"generator\" content=\"All in One SEO Pro (AIOSEO) 4.9.6.2\" \/>\n\n\t\t<link rel=\"preconnect\" href=\"https:\/\/fonts.googleapis.com\" crossorigin>\n<link rel=\"preconnect\" href=\"https:\/\/fonts.gstatic.com\" crossorigin>\n\t\t<meta property=\"og:locale\" content=\"es_ES\" \/>\n\t\t<meta property=\"og:site_name\" content=\"SoyMigrante.com REVISTA \u2013 Nuestra misi\u00f3n es reconocer y dignificar al migrante.\" \/>\n\t\t<meta property=\"og:type\" content=\"article\" \/>\n\t\t<meta property=\"og:title\" content=\"Los libros de Alan Tenembaum invitan a lograr lo imposible\" \/>\n\t\t<meta property=\"og:description\" content=\"Alan Tenenbaum es un ejemplo de resiliencia. Comparte su testimonio vital en libros para chicos y grandes. Ahora est\u00e1n disponibles en SoyMigrante.com MERCADO\" \/>\n\t\t<meta property=\"og:url\" content=\"https:\/\/soymigrante.com\/revista\/alan-tenenbaum-es-ejemplo-de-resiliencia-voluntad-y-superacion-sus-libros-estan-en-mercado\/\" \/>\n\t\t<meta property=\"og:image\" content=\"https:\/\/soymigrante.com\/revista\/wp-content\/uploads\/2025\/01\/Alan-1.webp\" \/>\n\t\t<meta property=\"og:image:secure_url\" content=\"https:\/\/soymigrante.com\/revista\/wp-content\/uploads\/2025\/01\/Alan-1.webp\" \/>\n\t\t<meta property=\"og:image:width\" content=\"1070\" \/>\n\t\t<meta property=\"og:image:height\" content=\"1600\" \/>\n\t\t<meta property=\"article:published_time\" content=\"2025-01-22T13:00:00+00:00\" \/>\n\t\t<meta property=\"article:modified_time\" content=\"2025-01-26T21:05:20+00:00\" \/>\n\t\t<meta property=\"article:publisher\" content=\"https:\/\/www.facebook.com\/soymigrantecom\" \/>\n\t\t<meta name=\"twitter:card\" content=\"summary_large_image\" \/>\n\t\t<meta name=\"twitter:site\" content=\"@SoyMigrante_com\" \/>\n\t\t<meta name=\"twitter:title\" content=\"Los libros de Alan Tenembaum invitan a lograr lo imposible\" \/>\n\t\t<meta name=\"twitter:description\" content=\"Alan Tenenbaum es un ejemplo de resiliencia. Comparte su testimonio vital en libros para chicos y grandes. Ahora est\u00e1n disponibles en SoyMigrante.com MERCADO\" \/>\n\t\t<meta name=\"twitter:creator\" content=\"@SoyMigrante_com\" \/>\n\t\t<meta name=\"twitter:image\" content=\"https:\/\/soymigrante.com\/revista\/wp-content\/uploads\/2025\/01\/Alan-1.webp\" \/>\n\t\t<!-- All in One SEO Pro -->\r\n\t\t<title>Los libros de Alan Tenembaum invitan a lograr lo imposible<\/title>\n\n","aioseo_head_json":{"title":"Los libros de Alan Tenembaum invitan a lograr lo imposible","description":"Alan Tenenbaum es un ejemplo de resiliencia. Comparte su testimonio vital en libros para chicos y grandes. Ahora est\u00e1n disponibles en SoyMigrante.com MERCADO","canonical_url":"https:\/\/soymigrante.com\/revista\/alan-tenenbaum-es-ejemplo-de-resiliencia-voluntad-y-superacion-sus-libros-estan-en-mercado\/","robots":"max-snippet:-1, max-image-preview:large, max-video-preview:-1","keywords":"","webmasterTools":{"miscellaneous":"&lt;link rel=\"preconnect\" href=\"https:\/\/fonts.googleapis.com\" crossorigin&gt;\n&lt;link rel=\"preconnect\" href=\"https:\/\/fonts.gstatic.com\" crossorigin&gt;"},"schema":null,"og:locale":"es_ES","og:site_name":"SoyMigrante.com REVISTA \u2013 Nuestra misi\u00f3n es reconocer y dignificar al migrante.","og:type":"article","og:title":"Los libros de Alan Tenembaum invitan a lograr lo imposible","og:description":"Alan Tenenbaum es un ejemplo de resiliencia. Comparte su testimonio vital en libros para chicos y grandes. Ahora est\u00e1n disponibles en SoyMigrante.com MERCADO","og:url":"https:\/\/soymigrante.com\/revista\/alan-tenenbaum-es-ejemplo-de-resiliencia-voluntad-y-superacion-sus-libros-estan-en-mercado\/","og:image":"https:\/\/soymigrante.com\/revista\/wp-content\/uploads\/2025\/01\/Alan-1.webp","og:image:secure_url":"https:\/\/soymigrante.com\/revista\/wp-content\/uploads\/2025\/01\/Alan-1.webp","og:image:width":1070,"og:image:height":1600,"article:published_time":"2025-01-22T13:00:00+00:00","article:modified_time":"2025-01-26T21:05:20+00:00","article:publisher":"https:\/\/www.facebook.com\/soymigrantecom","twitter:card":"summary_large_image","twitter:site":"@SoyMigrante_com","twitter:title":"Los libros de Alan Tenembaum invitan a lograr lo imposible","twitter:description":"Alan Tenenbaum es un ejemplo de resiliencia. Comparte su testimonio vital en libros para chicos y grandes. Ahora est\u00e1n disponibles en SoyMigrante.com MERCADO","twitter:creator":"@SoyMigrante_com","twitter:image":"https:\/\/soymigrante.com\/revista\/wp-content\/uploads\/2025\/01\/Alan-1.webp"},"aioseo_meta_data":{"post_id":"33668","title":"Las espumillas artesanales Brothaus de Mixco est\u00e1n en MERCADO","description":"Adolfo Figueroa es un ingeniero qu\u00edmico que convirti\u00f3 su sue\u00f1o en espumillas guatemaltecas. Las ofrece en muchos sabores,a trav\u00e9s de SoyMigrante.com MERCADO.","keywords":null,"keyphrases":{"focus":{"keyphrase":"Ingeniero Qu\u00edmico","score":63,"analysis":{"keyphraseInTitle":{"score":3,"maxScore":9,"error":1},"keyphraseInDescription":{"score":9,"maxScore":9,"error":0},"keyphraseLength":{"score":9,"maxScore":9,"error":0,"length":3},"keyphraseInURL":{"score":1,"maxScore":5,"error":1},"keyphraseInIntroduction":{"score":9,"maxScore":9,"error":0},"keyphraseInSubHeadings":{"score":3,"maxScore":9,"error":1},"keyphraseInImageAlt":{"score":9,"maxScore":9,"error":0},"keywordDensity":{"score":0,"type":"low","maxScore":9,"error":1}}},"additional":[{"keyphrase":"Adolfo","score":100,"analysis":{"keyphraseInDescription":{"score":9,"maxScore":9,"error":0},"keyphraseLength":{"score":9,"maxScore":9,"error":0,"length":1},"keyphraseInIntroduction":{"score":9,"maxScore":9,"error":0},"keyphraseInImageAlt":{"score":9,"maxScore":9,"error":0},"keywordDensity":{"type":"best","score":9,"maxScore":9,"error":0}}},{"keyphrase":"Figueroa","score":80,"analysis":{"keyphraseInDescription":{"score":9,"maxScore":9,"error":0},"keyphraseLength":{"score":9,"maxScore":9,"error":0,"length":1},"keyphraseInIntroduction":{"score":9,"maxScore":9,"error":0},"keyphraseInImageAlt":{"score":9,"maxScore":9,"error":0},"keywordDensity":{"score":0,"type":"low","maxScore":9,"error":1}}},{"keyphrase":"Ingeniero Qu\u00edmico","score":80,"analysis":{"keyphraseInDescription":{"score":9,"maxScore":9,"error":0},"keyphraseLength":{"score":9,"maxScore":9,"error":0,"length":3},"keyphraseInIntroduction":{"score":9,"maxScore":9,"error":0},"keyphraseInImageAlt":{"score":9,"maxScore":9,"error":0},"keywordDensity":{"score":0,"type":"low","maxScore":9,"error":1}}}]},"primary_term":null,"canonical_url":null,"og_title":null,"og_description":null,"og_object_type":"default","og_image_type":"default","og_image_url":null,"og_image_width":null,"og_image_height":null,"og_image_custom_url":null,"og_image_custom_fields":null,"og_video":"","og_custom_url":null,"og_article_section":null,"og_article_tags":null,"twitter_use_og":false,"twitter_card":"default","twitter_image_type":"default","twitter_image_url":null,"twitter_image_custom_url":null,"twitter_image_custom_fields":null,"twitter_title":null,"twitter_description":null,"schema":{"blockGraphs":[],"customGraphs":[],"default":{"data":{"Article":[],"Course":[],"Dataset":[],"FAQPage":[],"Movie":[],"Person":[],"Product":[],"ProductReview":[],"Car":[],"Recipe":[],"Service":[],"SoftwareApplication":[],"WebPage":[]},"graphName":"none","isEnabled":true},"graphs":[]},"schema_type":"default","schema_type_options":null,"pillar_content":false,"robots_default":true,"robots_noindex":false,"robots_noarchive":false,"robots_nosnippet":false,"robots_nofollow":false,"robots_noimageindex":false,"robots_noodp":false,"robots_notranslate":false,"robots_max_snippet":"-1","robots_max_videopreview":"-1","robots_max_imagepreview":"large","priority":null,"frequency":"default","local_seo":null,"seo_analyzer_scan_date":"2025-10-09 05:15:03","breadcrumb_settings":null,"limit_modified_date":false,"reviewed_by":null,"open_ai":"{\"title\":{\"suggestions\":[],\"usage\":0},\"description\":{\"suggestions\":[],\"usage\":0}}","ai":null,"created":"2025-05-15 18:53:32","updated":"2026-02-04 23:43:53"},"aioseo_breadcrumb":"<div class=\"aioseo-breadcrumbs\"><span class=\"aioseo-breadcrumb\">\n\t<a href=\"https:\/\/soymigrante.com\/revista\" title=\"Home\">Home<\/a>\n<\/span><span class=\"aioseo-breadcrumb-separator\">\u00bb<\/span><span class=\"aioseo-breadcrumb\">\n\t<a href=\"https:\/\/soymigrante.com\/revista\/category\/guate-nuestra\/\" title=\"Guate Nuestra\">Guate Nuestra<\/a>\n<\/span><span class=\"aioseo-breadcrumb-separator\">\u00bb<\/span><span class=\"aioseo-breadcrumb\">\n\tAdolfo Figueroa dio un giro a su profesi\u00f3n de ingeniero para elaborar las espumillas Brothaus\n<\/span><\/div>","aioseo_breadcrumb_json":[{"label":"Home","link":"https:\/\/soymigrante.com\/revista"},{"label":"Guate Nuestra","link":"https:\/\/soymigrante.com\/revista\/category\/guate-nuestra\/"},{"label":"Adolfo Figueroa dio un giro a su profesi\u00f3n de ingeniero para elaborar las espumillas Brothaus","link":"https:\/\/soymigrante.com\/revista\/adolfo-figueroa-dio-un-giro-a-su-profesion-de-ingeniero-para-elaborar-las-espumillas-brothaus\/"}],"_links":{"self":[{"href":"https:\/\/soymigrante.com\/revista\/wp-json\/wp\/v2\/posts\/33668","targetHints":{"allow":["GET"]}}],"collection":[{"href":"https:\/\/soymigrante.com\/revista\/wp-json\/wp\/v2\/posts"}],"about":[{"href":"https:\/\/soymigrante.com\/revista\/wp-json\/wp\/v2\/types\/post"}],"author":[{"embeddable":true,"href":"https:\/\/soymigrante.com\/revista\/wp-json\/wp\/v2\/users\/19"}],"replies":[{"embeddable":true,"href":"https:\/\/soymigrante.com\/revista\/wp-json\/wp\/v2\/comments?post=33668"}],"version-history":[{"count":29,"href":"https:\/\/soymigrante.com\/revista\/wp-json\/wp\/v2\/posts\/33668\/revisions"}],"predecessor-version":[{"id":33821,"href":"https:\/\/soymigrante.com\/revista\/wp-json\/wp\/v2\/posts\/33668\/revisions\/33821"}],"wp:featuredmedia":[{"embeddable":true,"href":"https:\/\/soymigrante.com\/revista\/wp-json\/wp\/v2\/media\/33669"}],"wp:attachment":[{"href":"https:\/\/soymigrante.com\/revista\/wp-json\/wp\/v2\/media?parent=33668"}],"wp:term":[{"taxonomy":"category","embeddable":true,"href":"https:\/\/soymigrante.com\/revista\/wp-json\/wp\/v2\/categories?post=33668"},{"taxonomy":"post_tag","embeddable":true,"href":"https:\/\/soymigrante.com\/revista\/wp-json\/wp\/v2\/tags?post=33668"}],"curies":[{"name":"wp","href":"https:\/\/api.w.org\/{rel}","templated":true}]}}