{"id":33627,"date":"2025-05-16T08:23:47","date_gmt":"2025-05-16T14:23:47","guid":{"rendered":"https:\/\/soymigrante.com\/revista\/?p=33627"},"modified":"2025-05-16T08:23:51","modified_gmt":"2025-05-16T14:23:51","slug":"viene-el-dia-de-los-museos-15-museos-guatemaltecos-que-siempre-te-sorprenderan","status":"publish","type":"post","link":"https:\/\/soymigrante.com\/revista\/viene-el-dia-de-los-museos-15-museos-guatemaltecos-que-siempre-te-sorprenderan\/","title":{"rendered":"Viene el D\u00eda de los Museos: 15 museos guatemaltecos que siempre te sorprender\u00e1n"},"content":{"rendered":"\t\t<div data-elementor-type=\"wp-post\" data-elementor-id=\"33627\" class=\"elementor elementor-33627\" data-elementor-post-type=\"post\">\n\t\t\t\t<div data-particle_enable=\"false\" data-particle-mobile-disabled=\"false\" class=\"elementor-element elementor-element-1ab7e13 e-flex e-con-boxed e-con e-parent\" data-id=\"1ab7e13\" data-element_type=\"container\" data-e-type=\"container\">\n\t\t\t\t\t<div class=\"e-con-inner\">\n\t\t\t\t<div class=\"elementor-element elementor-element-fae3f35 elementor-widget elementor-widget-heading\" data-id=\"fae3f35\" data-element_type=\"widget\" data-e-type=\"widget\" data-widget_type=\"heading.default\">\n\t\t\t\t\t<h2 class=\"elementor-heading-title elementor-size-default\">Guatemala es rico en cultura, pero estos 15 museos no se pueden perder por sus maravillas. <\/h2>\t\t\t\t<\/div>\n\t\t\t\t\t<\/div>\n\t\t\t\t<\/div>\n\t\t<div data-particle_enable=\"false\" data-particle-mobile-disabled=\"false\" class=\"elementor-element elementor-element-be1d26e e-flex e-con-boxed e-con e-parent\" data-id=\"be1d26e\" data-element_type=\"container\" data-e-type=\"container\">\n\t\t\t\t\t<div class=\"e-con-inner\">\n\t\t\t\t<div class=\"elementor-element elementor-element-60b18ec elementor-widget elementor-widget-text-editor\" data-id=\"60b18ec\" data-element_type=\"widget\" data-e-type=\"widget\" data-widget_type=\"text-editor.default\">\n\t\t\t\t\t\t\t\t\t<p><a href=\"https:\/\/soymigrante.com\/revista\/joyas-mayas-migrantes-estela-de-senora-ix-mutal-con-serpiente-se-conserva-en-museo-de-san-francisco\/\" target=\"_blank\" rel=\"noopener\">Guatemala alberga una rica diversidad cultural e hist\u00f3rica<\/a>, reflejada en sus numerosos museos que ofrecen desde arte precolombino hasta ciencia interactiva.<\/p><p>En conmemoraci\u00f3n del<strong> D\u00eda Internacional de los Museos, celebrado cada 18 de mayo<\/strong>, te invitamos a descubrir 15 museos destacados que enriquecen el panorama cultural guatemalteco.<\/p>\t\t\t\t\t\t\t\t<\/div>\n\t\t\t\t\t<\/div>\n\t\t\t\t<\/div>\n\t\t<div data-particle_enable=\"false\" data-particle-mobile-disabled=\"false\" class=\"elementor-element elementor-element-d3dba86 e-flex e-con-boxed e-con e-parent\" data-id=\"d3dba86\" data-element_type=\"container\" data-e-type=\"container\">\n\t\t\t\t\t<div class=\"e-con-inner\">\n\t\t\t\t<div class=\"elementor-element elementor-element-b5538f2 elementor-widget elementor-widget-heading\" data-id=\"b5538f2\" data-element_type=\"widget\" data-e-type=\"widget\" data-widget_type=\"heading.default\">\n\t\t\t\t\t<h3 class=\"elementor-heading-title elementor-size-default\">1. Museo Nacional de Arqueolog\u00eda y Etnolog\u00eda (MUNAE)<\/h3>\t\t\t\t<\/div>\n\t\t\t\t\t<\/div>\n\t\t\t\t<\/div>\n\t\t<div data-particle_enable=\"false\" data-particle-mobile-disabled=\"false\" class=\"elementor-element elementor-element-625f204 e-flex e-con-boxed e-con e-parent\" data-id=\"625f204\" data-element_type=\"container\" data-e-type=\"container\">\n\t\t\t\t\t<div class=\"e-con-inner\">\n\t\t\t\t<div class=\"elementor-element elementor-element-82d3b02 elementor-widget elementor-widget-text-editor\" data-id=\"82d3b02\" data-element_type=\"widget\" data-e-type=\"widget\" data-widget_type=\"text-editor.default\">\n\t\t\t\t\t\t\t\t\t<div><strong>\u2022 Especialidad:<\/strong> Arqueolog\u00eda maya y etnograf\u00eda guatemalteca.<\/div><div><strong>\u2022Ubicaci\u00f3n:<\/strong> 6a. calle y 7a. avenida, zona 13, Ciudad de Guatemala.<\/div><div><strong>\u2022Horario:<\/strong> Martes a viernes de 9:00 a 17:00 h; s\u00e1bados y domingos de 9:00 a 12:00 h y de 13:30 a 16:00 h.<\/div><div><strong>\u2022Entrada:<\/strong> Nacionales Q5.00; extranjeros Q60.00; ni\u00f1os menores de 10 a\u00f1os entran gratis.\u00a0 \u00a0 \u00a0 \u00a0<\/div>\t\t\t\t\t\t\t\t<\/div>\n\t\t\t\t\t<\/div>\n\t\t\t\t<\/div>\n\t\t<div data-particle_enable=\"false\" data-particle-mobile-disabled=\"false\" class=\"elementor-element elementor-element-61e5693 e-flex e-con-boxed e-con e-parent\" data-id=\"61e5693\" data-element_type=\"container\" data-e-type=\"container\">\n\t\t\t\t\t<div class=\"e-con-inner\">\n\t\t\t\t<div class=\"elementor-element elementor-element-70f94f4 elementor-invisible elementor-widget elementor-widget-facebook-embed\" data-id=\"70f94f4\" data-element_type=\"widget\" data-e-type=\"widget\" data-settings=\"{&quot;_animation&quot;:&quot;zoomInDown&quot;}\" data-widget_type=\"facebook-embed.default\">\n\t\t\t\t\t<div style=\"min-height: 1px\" class=\"elementor-facebook-widget fb-post\" data-href=\"https:\/\/www.facebook.com\/photo.php?fbid=878729727749986&#038;set=pb.100068389010819.-2207520000&#038;type=3\" data-show-text=\"false\"><\/div>\t\t\t\t<\/div>\n\t\t\t\t\t<\/div>\n\t\t\t\t<\/div>\n\t\t<div data-particle_enable=\"false\" data-particle-mobile-disabled=\"false\" class=\"elementor-element elementor-element-7deb418 e-flex e-con-boxed e-con e-parent\" data-id=\"7deb418\" data-element_type=\"container\" data-e-type=\"container\">\n\t\t\t\t\t<div class=\"e-con-inner\">\n\t\t\t\t<div class=\"elementor-element elementor-element-625e539 elementor-widget elementor-widget-heading\" data-id=\"625e539\" data-element_type=\"widget\" data-e-type=\"widget\" data-widget_type=\"heading.default\">\n\t\t\t\t\t<h3 class=\"elementor-heading-title elementor-size-default\">2. Museo Popol Vuh<\/h3>\t\t\t\t<\/div>\n\t\t\t\t\t<\/div>\n\t\t\t\t<\/div>\n\t\t<div data-particle_enable=\"false\" data-particle-mobile-disabled=\"false\" class=\"elementor-element elementor-element-10ad18c e-flex e-con-boxed e-con e-parent\" data-id=\"10ad18c\" data-element_type=\"container\" data-e-type=\"container\">\n\t\t\t\t\t<div class=\"e-con-inner\">\n\t\t\t\t<div class=\"elementor-element elementor-element-ec53187 elementor-widget elementor-widget-text-editor\" data-id=\"ec53187\" data-element_type=\"widget\" data-e-type=\"widget\" data-widget_type=\"text-editor.default\">\n\t\t\t\t\t\t\t\t\t<div><strong>\u2022 Especialidad:<\/strong> Arte y arqueolog\u00eda maya.<\/div><div>\u2022<strong>Ubicaci\u00f3n:<\/strong> Universidad Francisco Marroqu\u00edn, zona 10, Ciudad de Guatemala.<\/div><div><strong>\u2022Horario:<\/strong> Lunes a viernes de 9:00 a 17:00 h.<\/div><div><strong>\u2022Entrada<\/strong>: Adultos Q45.00; estudiantes Q25.00; ni\u00f1os (2-12 a\u00f1os) Q15.00.\u00a0 \u00a0 \u00a0<\/div>\t\t\t\t\t\t\t\t<\/div>\n\t\t\t\t\t<\/div>\n\t\t\t\t<\/div>\n\t\t<div data-particle_enable=\"false\" data-particle-mobile-disabled=\"false\" class=\"elementor-element elementor-element-7e45cea e-flex e-con-boxed e-con e-parent\" data-id=\"7e45cea\" data-element_type=\"container\" data-e-type=\"container\">\n\t\t\t\t\t<div class=\"e-con-inner\">\n\t\t\t\t<div class=\"elementor-element elementor-element-dfb2a1b elementor-invisible elementor-widget elementor-widget-facebook-embed\" data-id=\"dfb2a1b\" data-element_type=\"widget\" data-e-type=\"widget\" data-settings=\"{&quot;_animation&quot;:&quot;zoomInDown&quot;}\" data-widget_type=\"facebook-embed.default\">\n\t\t\t\t\t<div style=\"min-height: 1px\" class=\"elementor-facebook-widget fb-post\" data-href=\"https:\/\/www.facebook.com\/photo.php?fbid=1116815603804390&#038;set=pb.100064278836425.-2207520000&#038;type=3\" data-show-text=\"false\"><\/div>\t\t\t\t<\/div>\n\t\t\t\t\t<\/div>\n\t\t\t\t<\/div>\n\t\t<div data-particle_enable=\"false\" data-particle-mobile-disabled=\"false\" class=\"elementor-element elementor-element-0440427 e-flex e-con-boxed e-con e-parent\" data-id=\"0440427\" data-element_type=\"container\" data-e-type=\"container\">\n\t\t\t\t\t<div class=\"e-con-inner\">\n\t\t\t\t<div class=\"elementor-element elementor-element-16036f3 elementor-widget elementor-widget-heading\" data-id=\"16036f3\" data-element_type=\"widget\" data-e-type=\"widget\" data-widget_type=\"heading.default\">\n\t\t\t\t\t<h3 class=\"elementor-heading-title elementor-size-default\">3. Museo Ixchel del Traje Ind\u00edgena<\/h3>\t\t\t\t<\/div>\n\t\t\t\t\t<\/div>\n\t\t\t\t<\/div>\n\t\t<div data-particle_enable=\"false\" data-particle-mobile-disabled=\"false\" class=\"elementor-element elementor-element-7439f23 e-flex e-con-boxed e-con e-parent\" data-id=\"7439f23\" data-element_type=\"container\" data-e-type=\"container\">\n\t\t\t\t\t<div class=\"e-con-inner\">\n\t\t\t\t<div class=\"elementor-element elementor-element-b9607e3 elementor-widget elementor-widget-text-editor\" data-id=\"b9607e3\" data-element_type=\"widget\" data-e-type=\"widget\" data-widget_type=\"text-editor.default\">\n\t\t\t\t\t\t\t\t\t<div><strong>\u2022 Especialidad:<\/strong> Textiles y trajes ind\u00edgenas guatemaltecos.<\/div><div><strong>\u2022Ubicaci\u00f3n:<\/strong> Centro Cultural UFM, zona 10, Ciudad de Guatemala.<\/div><div><strong>\u2022Horario:<\/strong> Lunes a viernes de 9:00 a 17:00 h; s\u00e1bados de 9:00 a 13:00 h; cerrado domingos y d\u00edas festivos.\u00a0 \u00a0 \u00a0 \u00a0<\/div>\t\t\t\t\t\t\t\t<\/div>\n\t\t\t\t\t<\/div>\n\t\t\t\t<\/div>\n\t\t<div data-particle_enable=\"false\" data-particle-mobile-disabled=\"false\" class=\"elementor-element elementor-element-f0dbff4 e-flex e-con-boxed e-con e-parent\" data-id=\"f0dbff4\" data-element_type=\"container\" data-e-type=\"container\">\n\t\t\t\t\t<div class=\"e-con-inner\">\n\t\t\t\t<div class=\"elementor-element elementor-element-2fbad95 elementor-invisible elementor-widget elementor-widget-facebook-embed\" data-id=\"2fbad95\" data-element_type=\"widget\" data-e-type=\"widget\" data-settings=\"{&quot;_animation&quot;:&quot;zoomInDown&quot;}\" data-widget_type=\"facebook-embed.default\">\n\t\t\t\t\t<div style=\"min-height: 1px\" class=\"elementor-facebook-widget fb-post\" data-href=\"https:\/\/www.facebook.com\/photo.php?fbid=926711062836522&#038;set=pb.100064929090424.-2207520000&#038;type=3\" data-show-text=\"false\"><\/div>\t\t\t\t<\/div>\n\t\t\t\t\t<\/div>\n\t\t\t\t<\/div>\n\t\t<div data-particle_enable=\"false\" data-particle-mobile-disabled=\"false\" class=\"elementor-element elementor-element-7198d83 e-flex e-con-boxed e-con e-parent\" data-id=\"7198d83\" data-element_type=\"container\" data-e-type=\"container\">\n\t\t\t\t\t<div class=\"e-con-inner\">\n\t\t\t\t<div class=\"elementor-element elementor-element-0d95a18 elementor-widget elementor-widget-heading\" data-id=\"0d95a18\" data-element_type=\"widget\" data-e-type=\"widget\" data-widget_type=\"heading.default\">\n\t\t\t\t\t<h3 class=\"elementor-heading-title elementor-size-default\">4. Museo Nacional de Historia Natural<\/h3>\t\t\t\t<\/div>\n\t\t\t\t\t<\/div>\n\t\t\t\t<\/div>\n\t\t<div data-particle_enable=\"false\" data-particle-mobile-disabled=\"false\" class=\"elementor-element elementor-element-7a3615e e-flex e-con-boxed e-con e-parent\" data-id=\"7a3615e\" data-element_type=\"container\" data-e-type=\"container\">\n\t\t\t\t\t<div class=\"e-con-inner\">\n\t\t\t\t<div class=\"elementor-element elementor-element-42cb75a elementor-widget elementor-widget-text-editor\" data-id=\"42cb75a\" data-element_type=\"widget\" data-e-type=\"widget\" data-widget_type=\"text-editor.default\">\n\t\t\t\t\t\t\t\t\t<div><strong>\u2022 Especialidad<\/strong>: Biodiversidad y geolog\u00eda de Guatemala.<\/div><div><strong>\u2022Ubicaci\u00f3n:<\/strong> 6a. calle 7-30, zona 13, Complejo de Museos, Ciudad de Guatemala.<\/div><div>\u2022<strong>Horario<\/strong>: Lunes a viernes de 9:00 a 16:00 h; s\u00e1bados y domingos de 9:00 a 12:00 h.<\/div><div><strong>\u2022Entrada<\/strong>: Nacionales Q2.00; extranjeros Q10.00.\u00a0 \u00a0 \u00a0<\/div>\t\t\t\t\t\t\t\t<\/div>\n\t\t\t\t\t<\/div>\n\t\t\t\t<\/div>\n\t\t<div data-particle_enable=\"false\" data-particle-mobile-disabled=\"false\" class=\"elementor-element elementor-element-464c4ef e-flex e-con-boxed e-con e-parent\" data-id=\"464c4ef\" data-element_type=\"container\" data-e-type=\"container\">\n\t\t\t\t\t<div class=\"e-con-inner\">\n\t\t\t\t<div class=\"elementor-element elementor-element-42eaa1e elementor-invisible elementor-widget elementor-widget-facebook-embed\" data-id=\"42eaa1e\" data-element_type=\"widget\" data-e-type=\"widget\" data-settings=\"{&quot;_animation&quot;:&quot;zoomInDown&quot;}\" data-widget_type=\"facebook-embed.default\">\n\t\t\t\t\t<div style=\"min-height: 1px\" class=\"elementor-facebook-widget fb-post\" data-href=\"https:\/\/www.facebook.com\/photo\/?fbid=107465244238277&#038;set=pb.100067731871412.-2207520000\" data-show-text=\"false\"><\/div>\t\t\t\t<\/div>\n\t\t\t\t\t<\/div>\n\t\t\t\t<\/div>\n\t\t<div data-particle_enable=\"false\" data-particle-mobile-disabled=\"false\" class=\"elementor-element elementor-element-9299c9b e-flex e-con-boxed e-con e-parent\" data-id=\"9299c9b\" data-element_type=\"container\" data-e-type=\"container\">\n\t\t\t\t\t<div class=\"e-con-inner\">\n\t\t\t\t<div class=\"elementor-element elementor-element-4fa4f7c elementor-widget elementor-widget-heading\" data-id=\"4fa4f7c\" data-element_type=\"widget\" data-e-type=\"widget\" data-widget_type=\"heading.default\">\n\t\t\t\t\t<h3 class=\"elementor-heading-title elementor-size-default\">5. Museo del Ferrocarril<\/h3>\t\t\t\t<\/div>\n\t\t\t\t\t<\/div>\n\t\t\t\t<\/div>\n\t\t<div data-particle_enable=\"false\" data-particle-mobile-disabled=\"false\" class=\"elementor-element elementor-element-146dc54 e-flex e-con-boxed e-con e-parent\" data-id=\"146dc54\" data-element_type=\"container\" data-e-type=\"container\">\n\t\t\t\t\t<div class=\"e-con-inner\">\n\t\t\t\t<div class=\"elementor-element elementor-element-47ae584 elementor-widget elementor-widget-text-editor\" data-id=\"47ae584\" data-element_type=\"widget\" data-e-type=\"widget\" data-widget_type=\"text-editor.default\">\n\t\t\t\t\t\t\t\t\t<div><strong>\u2022 Especialidad<\/strong>: Historia del ferrocarril en Guatemala.<\/div><div><strong>\u2022Ubicaci\u00f3n:<\/strong> 9a. avenida 18-03, zona 1, Ciudad de Guatemala.<\/div><div><strong>\u2022Horario<\/strong>: Martes a viernes de 9:00 a 16:00 h; s\u00e1bados y domingos de 10:00 a 16:00 h.<\/div><div><strong>\u2022Entrada<\/strong>: Adultos Q2.00; ni\u00f1os menores de 12 a\u00f1os Q1.00; mayores de 60 a\u00f1os entran gratis.\u00a0<\/div>\t\t\t\t\t\t\t\t<\/div>\n\t\t\t\t\t<\/div>\n\t\t\t\t<\/div>\n\t\t<div data-particle_enable=\"false\" data-particle-mobile-disabled=\"false\" class=\"elementor-element elementor-element-5967e98 e-flex e-con-boxed e-con e-parent\" data-id=\"5967e98\" data-element_type=\"container\" data-e-type=\"container\">\n\t\t\t\t\t<div class=\"e-con-inner\">\n\t\t\t\t<div class=\"elementor-element elementor-element-ae63371 elementor-invisible elementor-widget elementor-widget-facebook-embed\" data-id=\"ae63371\" data-element_type=\"widget\" data-e-type=\"widget\" data-settings=\"{&quot;_animation&quot;:&quot;zoomInDown&quot;}\" data-widget_type=\"facebook-embed.default\">\n\t\t\t\t\t<div style=\"min-height: 1px\" class=\"elementor-facebook-widget fb-post\" data-href=\"https:\/\/www.facebook.com\/photo.php?fbid=1024320769844707&#038;set=pb.100068003813365.-2207520000&#038;type=3\" data-show-text=\"false\"><\/div>\t\t\t\t<\/div>\n\t\t\t\t\t<\/div>\n\t\t\t\t<\/div>\n\t\t<div data-particle_enable=\"false\" data-particle-mobile-disabled=\"false\" class=\"elementor-element elementor-element-3fdb1f4 e-flex e-con-boxed e-con e-parent\" data-id=\"3fdb1f4\" data-element_type=\"container\" data-e-type=\"container\">\n\t\t\t\t\t<div class=\"e-con-inner\">\n\t\t\t\t<div class=\"elementor-element elementor-element-ec7dc17 elementor-widget elementor-widget-heading\" data-id=\"ec7dc17\" data-element_type=\"widget\" data-e-type=\"widget\" data-widget_type=\"heading.default\">\n\t\t\t\t\t<h3 class=\"elementor-heading-title elementor-size-default\">6. Museo de los Ni\u00f1os<\/h3>\t\t\t\t<\/div>\n\t\t\t\t\t<\/div>\n\t\t\t\t<\/div>\n\t\t<div data-particle_enable=\"false\" data-particle-mobile-disabled=\"false\" class=\"elementor-element elementor-element-a31bcfa e-flex e-con-boxed e-con e-parent\" data-id=\"a31bcfa\" data-element_type=\"container\" data-e-type=\"container\">\n\t\t\t\t\t<div class=\"e-con-inner\">\n\t\t\t\t<div class=\"elementor-element elementor-element-d241a9d elementor-widget elementor-widget-text-editor\" data-id=\"d241a9d\" data-element_type=\"widget\" data-e-type=\"widget\" data-widget_type=\"text-editor.default\">\n\t\t\t\t\t\t\t\t\t<div><strong>\u2022Especialidad:<\/strong> Educaci\u00f3n interactiva para ni\u00f1os.<\/div><div><strong>\u2022Ubicaci\u00f3n:<\/strong> 5a. calle 10-00, zona 13, Ciudad de Guatemala.<\/div><div><strong>\u2022Horario<\/strong>: Martes a viernes de 8:30 a 16:30 h; s\u00e1bados y domingos de 9:00 a 17:00 h.<\/div><div><strong>\u2022Entrada<\/strong>: Tarifa regular Q40.00 por persona a partir de 2 a\u00f1os.\u00a0 \u00a0 \u00a0<\/div>\t\t\t\t\t\t\t\t<\/div>\n\t\t\t\t\t<\/div>\n\t\t\t\t<\/div>\n\t\t<div data-particle_enable=\"false\" data-particle-mobile-disabled=\"false\" class=\"elementor-element elementor-element-090f2c3 e-flex e-con-boxed e-con e-parent\" data-id=\"090f2c3\" data-element_type=\"container\" data-e-type=\"container\">\n\t\t\t\t\t<div class=\"e-con-inner\">\n\t\t\t\t<div class=\"elementor-element elementor-element-d85bf6b elementor-invisible elementor-widget elementor-widget-facebook-embed\" data-id=\"d85bf6b\" data-element_type=\"widget\" data-e-type=\"widget\" data-settings=\"{&quot;_animation&quot;:&quot;zoomInDown&quot;}\" data-widget_type=\"facebook-embed.default\">\n\t\t\t\t\t<div style=\"min-height: 1px\" class=\"elementor-facebook-widget fb-post\" data-href=\"https:\/\/www.facebook.com\/photo.php?fbid=1053303930169431&#038;set=pb.100064695010481.-2207520000&#038;type=3\" data-show-text=\"false\"><\/div>\t\t\t\t<\/div>\n\t\t\t\t\t<\/div>\n\t\t\t\t<\/div>\n\t\t<div data-particle_enable=\"false\" data-particle-mobile-disabled=\"false\" class=\"elementor-element elementor-element-e3b1c02 e-flex e-con-boxed e-con e-parent\" data-id=\"e3b1c02\" data-element_type=\"container\" data-e-type=\"container\">\n\t\t\t\t\t<div class=\"e-con-inner\">\n\t\t\t\t<div class=\"elementor-element elementor-element-eaf796a elementor-widget elementor-widget-heading\" data-id=\"eaf796a\" data-element_type=\"widget\" data-e-type=\"widget\" data-widget_type=\"heading.default\">\n\t\t\t\t\t<h3 class=\"elementor-heading-title elementor-size-default\">7. Museo Miraflores<\/h3>\t\t\t\t<\/div>\n\t\t\t\t\t<\/div>\n\t\t\t\t<\/div>\n\t\t<div data-particle_enable=\"false\" data-particle-mobile-disabled=\"false\" class=\"elementor-element elementor-element-79c3198 e-flex e-con-boxed e-con e-parent\" data-id=\"79c3198\" data-element_type=\"container\" data-e-type=\"container\">\n\t\t\t\t\t<div class=\"e-con-inner\">\n\t\t\t\t<div class=\"elementor-element elementor-element-74aa31b elementor-widget elementor-widget-text-editor\" data-id=\"74aa31b\" data-element_type=\"widget\" data-e-type=\"widget\" data-widget_type=\"text-editor.default\">\n\t\t\t\t\t\t\t\t\t<div><strong>\u2022Especialidad<\/strong>: Historia de la ciudad maya de Kaminaljuy\u00fa.<\/div><div><strong>\u2022Ubicaci\u00f3n:<\/strong> 7a. calle 21-55, zona 11, Paseo Miraflores, Ciudad de Guatemala.<\/div><div>\u2022<strong>Horario:<\/strong> Martes a domingo de 9:00 a 19:00 h.<\/div><div><strong>\u2022Entrada:<\/strong> Adultos Q30.00; estudiantes y ni\u00f1os Q20.00; tercera edad Q10.00; personas con necesidades especiales Q5.00.\u00a0 \u00a0 \u00a0<\/div>\t\t\t\t\t\t\t\t<\/div>\n\t\t\t\t\t<\/div>\n\t\t\t\t<\/div>\n\t\t<div data-particle_enable=\"false\" data-particle-mobile-disabled=\"false\" class=\"elementor-element elementor-element-3646385 e-flex e-con-boxed e-con e-parent\" data-id=\"3646385\" data-element_type=\"container\" data-e-type=\"container\">\n\t\t\t\t\t<div class=\"e-con-inner\">\n\t\t\t\t<div class=\"elementor-element elementor-element-1865cee elementor-invisible elementor-widget elementor-widget-facebook-embed\" data-id=\"1865cee\" data-element_type=\"widget\" data-e-type=\"widget\" data-settings=\"{&quot;_animation&quot;:&quot;zoomInDown&quot;}\" data-widget_type=\"facebook-embed.default\">\n\t\t\t\t\t<div style=\"min-height: 1px\" class=\"elementor-facebook-widget fb-post\" data-href=\"https:\/\/www.facebook.com\/photo.php?fbid=1142191937943100&#038;set=pb.100064569137162.-2207520000&#038;type=3\" data-show-text=\"false\"><\/div>\t\t\t\t<\/div>\n\t\t\t\t\t<\/div>\n\t\t\t\t<\/div>\n\t\t<div data-particle_enable=\"false\" data-particle-mobile-disabled=\"false\" class=\"elementor-element elementor-element-2b2e810 e-flex e-con-boxed e-con e-parent\" data-id=\"2b2e810\" data-element_type=\"container\" data-e-type=\"container\">\n\t\t\t\t\t<div class=\"e-con-inner\">\n\t\t\t\t<div class=\"elementor-element elementor-element-499324a elementor-widget elementor-widget-heading\" data-id=\"499324a\" data-element_type=\"widget\" data-e-type=\"widget\" data-widget_type=\"heading.default\">\n\t\t\t\t\t<h3 class=\"elementor-heading-title elementor-size-default\">8. Museo Nacional de Arte Moderno \u201cCarlos M\u00e9rida\u201d<\/h3>\t\t\t\t<\/div>\n\t\t\t\t\t<\/div>\n\t\t\t\t<\/div>\n\t\t<div data-particle_enable=\"false\" data-particle-mobile-disabled=\"false\" class=\"elementor-element elementor-element-62fa960 e-flex e-con-boxed e-con e-parent\" data-id=\"62fa960\" data-element_type=\"container\" data-e-type=\"container\">\n\t\t\t\t\t<div class=\"e-con-inner\">\n\t\t\t\t<div class=\"elementor-element elementor-element-fb5273a elementor-widget elementor-widget-text-editor\" data-id=\"fb5273a\" data-element_type=\"widget\" data-e-type=\"widget\" data-widget_type=\"text-editor.default\">\n\t\t\t\t\t\t\t\t\t<div><strong>\u2022Especialidad<\/strong>: Arte moderno guatemalteco.<\/div><div><strong>\u2022Ubicaci\u00f3n<\/strong>: Finca La Aurora, zona 13, Ciudad de Guatemala.<\/div><div><strong>\u2022Horario<\/strong>: Martes a domingo de 9:00 a 16:00 h.<\/div><div><strong>\u2022Entrada<\/strong>: Nacionales Q5.00; extranjeros Q50.00.\u00a0 \u00a0<\/div>\t\t\t\t\t\t\t\t<\/div>\n\t\t\t\t\t<\/div>\n\t\t\t\t<\/div>\n\t\t<div data-particle_enable=\"false\" data-particle-mobile-disabled=\"false\" class=\"elementor-element elementor-element-69bc824 e-flex e-con-boxed e-con e-parent\" data-id=\"69bc824\" data-element_type=\"container\" data-e-type=\"container\">\n\t\t\t\t\t<div class=\"e-con-inner\">\n\t\t\t\t<div class=\"elementor-element elementor-element-05ca17d elementor-invisible elementor-widget elementor-widget-facebook-embed\" data-id=\"05ca17d\" data-element_type=\"widget\" data-e-type=\"widget\" data-settings=\"{&quot;_animation&quot;:&quot;zoomInDown&quot;}\" data-widget_type=\"facebook-embed.default\">\n\t\t\t\t\t<div style=\"min-height: 1px\" class=\"elementor-facebook-widget fb-post\" data-href=\"https:\/\/www.facebook.com\/photo.php?fbid=809135017297430&#038;set=pb.100046028184300.-2207520000&#038;type=3\" data-show-text=\"false\"><\/div>\t\t\t\t<\/div>\n\t\t\t\t\t<\/div>\n\t\t\t\t<\/div>\n\t\t<div data-particle_enable=\"false\" data-particle-mobile-disabled=\"false\" class=\"elementor-element elementor-element-02d3821 e-flex e-con-boxed e-con e-parent\" data-id=\"02d3821\" data-element_type=\"container\" data-e-type=\"container\">\n\t\t\t\t\t<div class=\"e-con-inner\">\n\t\t\t\t<div class=\"elementor-element elementor-element-2687cd7 elementor-widget elementor-widget-heading\" data-id=\"2687cd7\" data-element_type=\"widget\" data-e-type=\"widget\" data-widget_type=\"heading.default\">\n\t\t\t\t\t<h3 class=\"elementor-heading-title elementor-size-default\">9. Museo de la Universidad de San Carlos (MUSAC)<\/h3>\t\t\t\t<\/div>\n\t\t\t\t\t<\/div>\n\t\t\t\t<\/div>\n\t\t<div data-particle_enable=\"false\" data-particle-mobile-disabled=\"false\" class=\"elementor-element elementor-element-579d96f e-flex e-con-boxed e-con e-parent\" data-id=\"579d96f\" data-element_type=\"container\" data-e-type=\"container\">\n\t\t\t\t\t<div class=\"e-con-inner\">\n\t\t\t\t<div class=\"elementor-element elementor-element-72cfa55 elementor-widget elementor-widget-text-editor\" data-id=\"72cfa55\" data-element_type=\"widget\" data-e-type=\"widget\" data-widget_type=\"text-editor.default\">\n\t\t\t\t\t\t\t\t\t<div><strong>\u2022 Especialidad:<\/strong> Historia de la Universidad de San Carlos y arte guatemalteco.<\/div><div><strong>\u2022Ubicaci\u00f3n:<\/strong> 9a. avenida 9-79, zona 1, Ciudad de Guatemala.<\/div><div><strong>\u2022Horario:<\/strong> Lunes a viernes de 8:30 a 17:00 h; s\u00e1bados de 9:30 a 13:00 h.<\/div><div><strong>\u2022Entrada<\/strong>: Nacionales Q1.00; extranjeros Q8.00.\u00a0 \u00a0<\/div>\t\t\t\t\t\t\t\t<\/div>\n\t\t\t\t\t<\/div>\n\t\t\t\t<\/div>\n\t\t<div data-particle_enable=\"false\" data-particle-mobile-disabled=\"false\" class=\"elementor-element elementor-element-4fe5126 e-flex e-con-boxed e-con e-parent\" data-id=\"4fe5126\" data-element_type=\"container\" data-e-type=\"container\">\n\t\t\t\t\t<div class=\"e-con-inner\">\n\t\t\t\t<div class=\"elementor-element elementor-element-aabb062 elementor-invisible elementor-widget elementor-widget-facebook-embed\" data-id=\"aabb062\" data-element_type=\"widget\" data-e-type=\"widget\" data-settings=\"{&quot;_animation&quot;:&quot;zoomInDown&quot;}\" data-widget_type=\"facebook-embed.default\">\n\t\t\t\t\t<div style=\"min-height: 1px\" class=\"elementor-facebook-widget fb-post\" data-href=\"https:\/\/www.facebook.com\/photo\/?fbid=1011051514502052&#038;set=pcb.1011052261168644\" data-show-text=\"false\"><\/div>\t\t\t\t<\/div>\n\t\t\t\t\t<\/div>\n\t\t\t\t<\/div>\n\t\t<div data-particle_enable=\"false\" data-particle-mobile-disabled=\"false\" class=\"elementor-element elementor-element-5611412 e-flex e-con-boxed e-con e-parent\" data-id=\"5611412\" data-element_type=\"container\" data-e-type=\"container\">\n\t\t\t\t\t<div class=\"e-con-inner\">\n\t\t\t\t<div class=\"elementor-element elementor-element-4f539a3 elementor-widget elementor-widget-heading\" data-id=\"4f539a3\" data-element_type=\"widget\" data-e-type=\"widget\" data-widget_type=\"heading.default\">\n\t\t\t\t\t<h3 class=\"elementor-heading-title elementor-size-default\">10. Museo de la Universidad del Valle de Guatemala<\/h3>\t\t\t\t<\/div>\n\t\t\t\t\t<\/div>\n\t\t\t\t<\/div>\n\t\t<div data-particle_enable=\"false\" data-particle-mobile-disabled=\"false\" class=\"elementor-element elementor-element-b19756a e-flex e-con-boxed e-con e-parent\" data-id=\"b19756a\" data-element_type=\"container\" data-e-type=\"container\">\n\t\t\t\t\t<div class=\"e-con-inner\">\n\t\t\t\t<div class=\"elementor-element elementor-element-55f09ed elementor-widget elementor-widget-text-editor\" data-id=\"55f09ed\" data-element_type=\"widget\" data-e-type=\"widget\" data-widget_type=\"text-editor.default\">\n\t\t\t\t\t\t\t\t\t<div><strong>\u2022 Especialidad:<\/strong> Piezas de cer\u00e1mica y l\u00edtica precolombinas.<\/div><div><strong>\u2022Ubicaci\u00f3n:<\/strong> Campus Sur, Universidad del Valle de Guatemala.<\/div><div><strong>\u2022Horario:<\/strong> Consultar directamente con la universidad para horarios actualizados.\u00a0 \u00a0<\/div>\t\t\t\t\t\t\t\t<\/div>\n\t\t\t\t\t<\/div>\n\t\t\t\t<\/div>\n\t\t<div data-particle_enable=\"false\" data-particle-mobile-disabled=\"false\" class=\"elementor-element elementor-element-463dca4 e-flex e-con-boxed e-con e-parent\" data-id=\"463dca4\" data-element_type=\"container\" data-e-type=\"container\">\n\t\t\t\t\t<div class=\"e-con-inner\">\n\t\t\t\t<div class=\"elementor-element elementor-element-b200065 elementor-invisible elementor-widget elementor-widget-facebook-embed\" data-id=\"b200065\" data-element_type=\"widget\" data-e-type=\"widget\" data-settings=\"{&quot;_animation&quot;:&quot;zoomInDown&quot;}\" data-widget_type=\"facebook-embed.default\">\n\t\t\t\t\t<div style=\"min-height: 1px\" class=\"elementor-facebook-widget fb-post\" data-href=\"https:\/\/www.facebook.com\/photo.php?fbid=714812777770242&#038;set=pb.100077245784741.-2207520000&#038;type=3\" data-show-text=\"false\"><\/div>\t\t\t\t<\/div>\n\t\t\t\t\t<\/div>\n\t\t\t\t<\/div>\n\t\t<div data-particle_enable=\"false\" data-particle-mobile-disabled=\"false\" class=\"elementor-element elementor-element-31a52fb e-flex e-con-boxed e-con e-parent\" data-id=\"31a52fb\" data-element_type=\"container\" data-e-type=\"container\">\n\t\t\t\t\t<div class=\"e-con-inner\">\n\t\t\t\t<div class=\"elementor-element elementor-element-1dbf9ca elementor-widget elementor-widget-heading\" data-id=\"1dbf9ca\" data-element_type=\"widget\" data-e-type=\"widget\" data-widget_type=\"heading.default\">\n\t\t\t\t\t<h3 class=\"elementor-heading-title elementor-size-default\">11. Museo UNIS Rozas-Botr\u00e1n<\/h3>\t\t\t\t<\/div>\n\t\t\t\t\t<\/div>\n\t\t\t\t<\/div>\n\t\t<div data-particle_enable=\"false\" data-particle-mobile-disabled=\"false\" class=\"elementor-element elementor-element-ecaab43 e-flex e-con-boxed e-con e-parent\" data-id=\"ecaab43\" data-element_type=\"container\" data-e-type=\"container\">\n\t\t\t\t\t<div class=\"e-con-inner\">\n\t\t\t\t<div class=\"elementor-element elementor-element-a2a4afc elementor-widget elementor-widget-text-editor\" data-id=\"a2a4afc\" data-element_type=\"widget\" data-e-type=\"widget\" data-widget_type=\"text-editor.default\">\n\t\t\t\t\t\t\t\t\t<div><strong>\u2022 Especialidad<\/strong>: Arte contempor\u00e1neo guatemalteco.<\/div><div><strong>\u2022Ubicaci\u00f3n:<\/strong> Universidad del Istmo, Km. 19.2 Carretera a Fraijanes, Finca Santa Isabel, Fraijanes, Guatemala.<\/div><div><strong>\u2022Horario:<\/strong> Lunes a viernes de 8:00 a 15:00 h.\u00a0 \u00a0<\/div>\t\t\t\t\t\t\t\t<\/div>\n\t\t\t\t\t<\/div>\n\t\t\t\t<\/div>\n\t\t<div data-particle_enable=\"false\" data-particle-mobile-disabled=\"false\" class=\"elementor-element elementor-element-b4b68d6 e-flex e-con-boxed e-con e-parent\" data-id=\"b4b68d6\" data-element_type=\"container\" data-e-type=\"container\">\n\t\t\t\t\t<div class=\"e-con-inner\">\n\t\t\t\t<div class=\"elementor-element elementor-element-f2205dd elementor-invisible elementor-widget elementor-widget-facebook-embed\" data-id=\"f2205dd\" data-element_type=\"widget\" data-e-type=\"widget\" data-settings=\"{&quot;_animation&quot;:&quot;zoomInDown&quot;}\" data-widget_type=\"facebook-embed.default\">\n\t\t\t\t\t<div style=\"min-height: 1px\" class=\"elementor-facebook-widget fb-post\" data-href=\"https:\/\/www.facebook.com\/photo.php?fbid=1090484549783256&#038;set=pb.100064651633218.-2207520000&#038;type=3\" data-show-text=\"false\"><\/div>\t\t\t\t<\/div>\n\t\t\t\t\t<\/div>\n\t\t\t\t<\/div>\n\t\t<div data-particle_enable=\"false\" data-particle-mobile-disabled=\"false\" class=\"elementor-element elementor-element-29f3040 e-flex e-con-boxed e-con e-parent\" data-id=\"29f3040\" data-element_type=\"container\" data-e-type=\"container\">\n\t\t\t\t\t<div class=\"e-con-inner\">\n\t\t\t\t<div class=\"elementor-element elementor-element-66a276d elementor-widget elementor-widget-heading\" data-id=\"66a276d\" data-element_type=\"widget\" data-e-type=\"widget\" data-widget_type=\"heading.default\">\n\t\t\t\t\t<h3 class=\"elementor-heading-title elementor-size-default\">12. Museo Nacional de Historia<\/h3>\t\t\t\t<\/div>\n\t\t\t\t\t<\/div>\n\t\t\t\t<\/div>\n\t\t<div data-particle_enable=\"false\" data-particle-mobile-disabled=\"false\" class=\"elementor-element elementor-element-dc46a33 e-flex e-con-boxed e-con e-parent\" data-id=\"dc46a33\" data-element_type=\"container\" data-e-type=\"container\">\n\t\t\t\t\t<div class=\"e-con-inner\">\n\t\t\t\t<div class=\"elementor-element elementor-element-106476d elementor-widget elementor-widget-text-editor\" data-id=\"106476d\" data-element_type=\"widget\" data-e-type=\"widget\" data-widget_type=\"text-editor.default\">\n\t\t\t\t\t\t\t\t\t<div><strong>\u2022 Especialidad:<\/strong> Historia pol\u00edtica y social de Guatemala.<\/div><div><strong>\u2022Ubicaci\u00f3n:<\/strong> 9a. calle 9-70, zona 1, Ciudad de Guatemala.<\/div><div><strong>\u2022Horario:<\/strong> Lunes a viernes de 9:00 a 17:00 h; s\u00e1bados y domingos de 10:00 a 12:00 h y de 13:00 a 16:00 h.<\/div><div><strong>\u2022Entrada<\/strong>: Nacionales Q5.00; extranjeros Q50.00; estudiantes entran gratis.\u00a0\u00a0<\/div>\t\t\t\t\t\t\t\t<\/div>\n\t\t\t\t\t<\/div>\n\t\t\t\t<\/div>\n\t\t<div data-particle_enable=\"false\" data-particle-mobile-disabled=\"false\" class=\"elementor-element elementor-element-e5ca8f7 e-flex e-con-boxed e-con e-parent\" data-id=\"e5ca8f7\" data-element_type=\"container\" data-e-type=\"container\">\n\t\t\t\t\t<div class=\"e-con-inner\">\n\t\t\t\t<div class=\"elementor-element elementor-element-45ade6a elementor-invisible elementor-widget elementor-widget-facebook-embed\" data-id=\"45ade6a\" data-element_type=\"widget\" data-e-type=\"widget\" data-settings=\"{&quot;_animation&quot;:&quot;zoomInDown&quot;}\" data-widget_type=\"facebook-embed.default\">\n\t\t\t\t\t<div style=\"min-height: 1px\" class=\"elementor-facebook-widget fb-post\" data-href=\"https:\/\/www.facebook.com\/263673922128\/photos\/pb.100069260840486.-2207520000\/263700822128\/?type=3\" data-show-text=\"false\"><\/div>\t\t\t\t<\/div>\n\t\t\t\t\t<\/div>\n\t\t\t\t<\/div>\n\t\t<div data-particle_enable=\"false\" data-particle-mobile-disabled=\"false\" class=\"elementor-element elementor-element-9494955 e-flex e-con-boxed e-con e-parent\" data-id=\"9494955\" data-element_type=\"container\" data-e-type=\"container\">\n\t\t\t\t\t<div class=\"e-con-inner\">\n\t\t\t\t<div class=\"elementor-element elementor-element-b4fc26d elementor-widget elementor-widget-heading\" data-id=\"b4fc26d\" data-element_type=\"widget\" data-e-type=\"widget\" data-widget_type=\"heading.default\">\n\t\t\t\t\t<h3 class=\"elementor-heading-title elementor-size-default\">13. Museo Numism\u00e1tico de Guatemala<\/h3>\t\t\t\t<\/div>\n\t\t\t\t\t<\/div>\n\t\t\t\t<\/div>\n\t\t<div data-particle_enable=\"false\" data-particle-mobile-disabled=\"false\" class=\"elementor-element elementor-element-59e8860 e-flex e-con-boxed e-con e-parent\" data-id=\"59e8860\" data-element_type=\"container\" data-e-type=\"container\">\n\t\t\t\t\t<div class=\"e-con-inner\">\n\t\t\t\t<div class=\"elementor-element elementor-element-8f3f28e elementor-widget elementor-widget-text-editor\" data-id=\"8f3f28e\" data-element_type=\"widget\" data-e-type=\"widget\" data-widget_type=\"text-editor.default\">\n\t\t\t\t\t\t\t\t\t<div><strong>\u2022 Especialidad<\/strong>: Historia de la moneda en Guatemala.<\/div><div><strong>\u2022Ubicaci\u00f3n:<\/strong> 7a. avenida 22-01, Banco de Guatemala, zona 1, Ciudad de Guatemala.<\/div><div><strong>\u2022Horario<\/strong>: Lunes a viernes de 8:00 a 16:00 h.<\/div><div>\u2022<strong>Entrada<\/strong>: Gratuita.\u00a0 \u00a0 \u00a0<\/div>\t\t\t\t\t\t\t\t<\/div>\n\t\t\t\t\t<\/div>\n\t\t\t\t<\/div>\n\t\t<div data-particle_enable=\"false\" data-particle-mobile-disabled=\"false\" class=\"elementor-element elementor-element-d7abb2e e-flex e-con-boxed e-con e-parent\" data-id=\"d7abb2e\" data-element_type=\"container\" data-e-type=\"container\">\n\t\t\t\t\t<div class=\"e-con-inner\">\n\t\t\t\t<div class=\"elementor-element elementor-element-39f0b0f elementor-invisible elementor-widget elementor-widget-facebook-embed\" data-id=\"39f0b0f\" data-element_type=\"widget\" data-e-type=\"widget\" data-settings=\"{&quot;_animation&quot;:&quot;zoomInDown&quot;}\" data-widget_type=\"facebook-embed.default\">\n\t\t\t\t\t<div style=\"min-height: 1px\" class=\"elementor-facebook-widget fb-post\" data-href=\"https:\/\/www.facebook.com\/photo.php?fbid=1114736317359750&#038;set=pb.100064701755304.-2207520000&#038;type=3\" data-show-text=\"false\"><\/div>\t\t\t\t<\/div>\n\t\t\t\t\t<\/div>\n\t\t\t\t<\/div>\n\t\t<div data-particle_enable=\"false\" data-particle-mobile-disabled=\"false\" class=\"elementor-element elementor-element-daac634 e-flex e-con-boxed e-con e-parent\" data-id=\"daac634\" data-element_type=\"container\" data-e-type=\"container\">\n\t\t\t\t\t<div class=\"e-con-inner\">\n\t\t\t\t<div class=\"elementor-element elementor-element-4ddd563 elementor-widget elementor-widget-heading\" data-id=\"4ddd563\" data-element_type=\"widget\" data-e-type=\"widget\" data-widget_type=\"heading.default\">\n\t\t\t\t\t<h3 class=\"elementor-heading-title elementor-size-default\">14. Museo Postal de Correos de Guatemala<\/h3>\t\t\t\t<\/div>\n\t\t\t\t\t<\/div>\n\t\t\t\t<\/div>\n\t\t<div data-particle_enable=\"false\" data-particle-mobile-disabled=\"false\" class=\"elementor-element elementor-element-10bb29c e-flex e-con-boxed e-con e-parent\" data-id=\"10bb29c\" data-element_type=\"container\" data-e-type=\"container\">\n\t\t\t\t\t<div class=\"e-con-inner\">\n\t\t\t\t<div class=\"elementor-element elementor-element-25c0c6b elementor-widget elementor-widget-text-editor\" data-id=\"25c0c6b\" data-element_type=\"widget\" data-e-type=\"widget\" data-widget_type=\"text-editor.default\">\n\t\t\t\t\t\t\t\t\t<div>\u2022<strong> Especialidad<\/strong>: Historia del servicio postal en Guatemala.<\/div><div><strong>\u2022Ubicaci\u00f3n<\/strong>: 7a. avenida 11-67, Palacio de Correos, 2o. nivel ala norte, zona 1, Ciudad de Guatemala.<\/div><div><strong>\u2022Horario:<\/strong> Lunes a viernes de 8:00 a 12:30 h y de 14:00 a 16:00 h.<\/div><div><strong>\u2022Entrada:<\/strong> Gratuita.\u00a0<\/div>\t\t\t\t\t\t\t\t<\/div>\n\t\t\t\t\t<\/div>\n\t\t\t\t<\/div>\n\t\t<div data-particle_enable=\"false\" data-particle-mobile-disabled=\"false\" class=\"elementor-element elementor-element-70e7ee6 e-flex e-con-boxed e-con e-parent\" data-id=\"70e7ee6\" data-element_type=\"container\" data-e-type=\"container\">\n\t\t\t\t\t<div class=\"e-con-inner\">\n\t\t\t\t<div class=\"elementor-element elementor-element-1ede530 elementor-invisible elementor-widget elementor-widget-facebook-embed\" data-id=\"1ede530\" data-element_type=\"widget\" data-e-type=\"widget\" data-settings=\"{&quot;_animation&quot;:&quot;zoomInDown&quot;}\" data-widget_type=\"facebook-embed.default\">\n\t\t\t\t\t<div style=\"min-height: 1px\" class=\"elementor-facebook-widget fb-post\" data-href=\"https:\/\/www.facebook.com\/225701227814899\/photos\/pb.100069247327857.-2207520000\/226549801063375\/?type=3\" data-show-text=\"false\"><\/div>\t\t\t\t<\/div>\n\t\t\t\t\t<\/div>\n\t\t\t\t<\/div>\n\t\t<div data-particle_enable=\"false\" data-particle-mobile-disabled=\"false\" class=\"elementor-element elementor-element-51df752 e-flex e-con-boxed e-con e-parent\" data-id=\"51df752\" data-element_type=\"container\" data-e-type=\"container\">\n\t\t\t\t\t<div class=\"e-con-inner\">\n\t\t\t\t<div class=\"elementor-element elementor-element-b4e15e8 elementor-widget elementor-widget-heading\" data-id=\"b4e15e8\" data-element_type=\"widget\" data-e-type=\"widget\" data-widget_type=\"heading.default\">\n\t\t\t\t\t<h3 class=\"elementor-heading-title elementor-size-default\">15. Museo Radio TGW<\/h3>\t\t\t\t<\/div>\n\t\t\t\t\t<\/div>\n\t\t\t\t<\/div>\n\t\t<div data-particle_enable=\"false\" data-particle-mobile-disabled=\"false\" class=\"elementor-element elementor-element-94fce8f e-flex e-con-boxed e-con e-parent\" data-id=\"94fce8f\" data-element_type=\"container\" data-e-type=\"container\">\n\t\t\t\t\t<div class=\"e-con-inner\">\n\t\t\t\t<div class=\"elementor-element elementor-element-79790d3 elementor-widget elementor-widget-text-editor\" data-id=\"79790d3\" data-element_type=\"widget\" data-e-type=\"widget\" data-widget_type=\"text-editor.default\">\n\t\t\t\t\t\t\t\t\t<div><strong>\u2022 Especialidad<\/strong>: Historia de la radio en Guatemala.<\/div><div><strong>\u2022Ubicaci\u00f3n<\/strong>: 18a. calle 6-72, zona 1, Ciudad de Guatemala.<\/div><div><strong>\u2022Horario<\/strong>: Lunes a viernes de 9:00 a 16:30 h.<\/div><div><strong>\u2022Entrada:<\/strong> Gratuita.\u00a0\u00a0<\/div>\t\t\t\t\t\t\t\t<\/div>\n\t\t\t\t\t<\/div>\n\t\t\t\t<\/div>\n\t\t<div data-particle_enable=\"false\" data-particle-mobile-disabled=\"false\" class=\"elementor-element elementor-element-a9eef4a e-flex e-con-boxed e-con e-parent\" data-id=\"a9eef4a\" data-element_type=\"container\" data-e-type=\"container\">\n\t\t\t\t\t<div class=\"e-con-inner\">\n\t\t\t\t<div class=\"elementor-element elementor-element-9a01daf elementor-invisible elementor-widget elementor-widget-facebook-embed\" data-id=\"9a01daf\" data-element_type=\"widget\" data-e-type=\"widget\" data-settings=\"{&quot;_animation&quot;:&quot;zoomInDown&quot;}\" data-widget_type=\"facebook-embed.default\">\n\t\t\t\t\t<div style=\"min-height: 1px\" class=\"elementor-facebook-widget fb-post\" data-href=\"https:\/\/www.facebook.com\/photo.php?fbid=933634272276902&#038;set=pb.100068910122335.-2207520000&#038;type=3\" data-show-text=\"false\"><\/div>\t\t\t\t<\/div>\n\t\t\t\t\t<\/div>\n\t\t\t\t<\/div>\n\t\t<div data-particle_enable=\"false\" data-particle-mobile-disabled=\"false\" class=\"elementor-element elementor-element-0331e2c e-flex e-con-boxed e-con e-parent\" data-id=\"0331e2c\" data-element_type=\"container\" data-e-type=\"container\">\n\t\t\t\t\t<div class=\"e-con-inner\">\n\t\t\t\t<div class=\"elementor-element elementor-element-b5e8e5c elementor-widget elementor-widget-text-editor\" data-id=\"b5e8e5c\" data-element_type=\"widget\" data-e-type=\"widget\" data-widget_type=\"text-editor.default\">\n\t\t\t\t\t\t\t\t\t<p>Nota: Los horarios y tarifas pueden estar sujetos a cambios. <a href=\"https:\/\/soymigrante.com\/revista\/joyas-mayas-migrantes-estela-de-senora-ix-mutal-con-serpiente-se-conserva-en-museo-de-san-francisco\/\" target=\"_blank\" rel=\"noopener\">Se recomienda contactar directamente a cada museo para obtener informaci\u00f3n.<\/a><\/p>\t\t\t\t\t\t\t\t<\/div>\n\t\t\t\t\t<\/div>\n\t\t\t\t<\/div>\n\t\t<div data-particle_enable=\"false\" data-particle-mobile-disabled=\"false\" class=\"elementor-element elementor-element-a9704c2 e-flex e-con-boxed e-con e-parent\" data-id=\"a9704c2\" data-element_type=\"container\" data-e-type=\"container\">\n\t\t\t\t\t<div class=\"e-con-inner\">\n\t\t\t\t<div class=\"elementor-element elementor-element-031d885 elementor-widget elementor-widget-heading\" data-id=\"031d885\" data-element_type=\"widget\" data-e-type=\"widget\" data-widget_type=\"heading.default\">\n\t\t\t\t\t<h2 class=\"elementor-heading-title elementor-size-default\">Conoce m\u00e1s de Guatemala, ac\u00e1...<\/h2>\t\t\t\t<\/div>\n\t\t\t\t\t<\/div>\n\t\t\t\t<\/div>\n\t\t<div data-particle_enable=\"false\" data-particle-mobile-disabled=\"false\" class=\"elementor-element elementor-element-5d0dff1 e-flex e-con-boxed e-con e-parent\" data-id=\"5d0dff1\" data-element_type=\"container\" data-e-type=\"container\">\n\t\t\t\t\t<div class=\"e-con-inner\">\n\t\t\t\t<div class=\"elementor-element elementor-element-c4f2ab8 elementor-grid-eael-col-3 elementor-grid-tablet-eael-col-2 elementor-grid-mobile-eael-col-1 elementor-widget elementor-widget-eael-post-grid\" data-id=\"c4f2ab8\" data-element_type=\"widget\" data-e-type=\"widget\" data-settings=\"{&quot;eael_post_grid_columns&quot;:&quot;eael-col-3&quot;,&quot;eael_post_grid_columns_tablet&quot;:&quot;eael-col-2&quot;,&quot;eael_post_grid_columns_mobile&quot;:&quot;eael-col-1&quot;}\" data-widget_type=\"eael-post-grid.default\">\n\t\t\t\t\t<div id=\"eael-post-grid-c4f2ab8\" class=\"eael-post-grid-container\">\n            <div class=\"eael-post-grid eael-post-appender eael-post-appender-c4f2ab8 eael-post-grid-style-one\" data-layout-mode=\"masonry\"><article class=\"eael-grid-post  eael-post-grid-column eael-pg-post-31202 category-guate-nuestra tags-joyas-mayas-migrantes\" data-id=\"31202\">\n        <div class=\"eael-grid-post-holder\">\n            <div class=\"eael-grid-post-holder-inner\"><div class=\"eael-entry-media\"><div class=\"eael-entry-overlay fade-in\"><i class=\"far fa-hand-pointer\" aria-hidden=\"true\"><\/i><a href=\"https:\/\/soymigrante.com\/revista\/joyas-mayas-migrantes-textiles-tradicionales-se-atesoran-en-el-museo-de-diseno-goldstein-de-minnesota\/\"><\/a><\/div><div class=\"eael-entry-thumbnail \">\n                <img fetchpriority=\"high\" decoding=\"async\" width=\"1024\" height=\"683\" src=\"https:\/\/soymigrante.com\/revista\/wp-content\/uploads\/2025\/04\/GMD1996043002A_1-jpg635333438404937878-1024x683.jpg\" class=\"attachment-large size-large wp-image-31229\" alt=\"Colorido mandil tradicional con bordado artesanal y dise\u00f1o de aves y flores, representando la cultura ind\u00edgena mexicana en la revista SoyMigrante.com REVISTA.\" \/>\n            <\/div>\n        <\/div><div class=\"eael-entry-wrapper\"><header class=\"eael-entry-header\"><h2 class=\"eael-entry-title\"><a class=\"eael-grid-post-link\" href=\"https:\/\/soymigrante.com\/revista\/joyas-mayas-migrantes-textiles-tradicionales-se-atesoran-en-el-museo-de-diseno-goldstein-de-minnesota\/\" title=\"Joyas mayas migrantes: Textiles guatemaltecos en el Museo Goldstein de Dise\u00f1o, en Minnesota\">Joyas mayas migrantes: Textiles guatemaltecos en el Museo Goldstein de Dise\u00f1o, en Minnesota<\/a><\/h2><\/header><div class=\"eael-entry-content\">\n                        <div class=\"eael-grid-post-excerpt\"><a href=\"https:\/\/soymigrante.com\/revista\/joyas-mayas-migrantes-textiles-tradicionales-se-atesoran-en-el-museo-de-diseno-goldstein-de-minnesota\/\" class=\"eael-post-elements-readmore-btn\">CONOCE SU HISTORIA <\/a><\/div>\n                    <\/div><\/div><\/div>\n        <\/div>\n    <\/article><article class=\"eael-grid-post  eael-post-grid-column eael-pg-post-10561 category-guate-nuestra tags-joyas-mayas-migrantes\" data-id=\"10561\">\n        <div class=\"eael-grid-post-holder\">\n            <div class=\"eael-grid-post-holder-inner\"><div class=\"eael-entry-media\"><div class=\"eael-entry-overlay fade-in\"><i class=\"far fa-hand-pointer\" aria-hidden=\"true\"><\/i><a href=\"https:\/\/soymigrante.com\/revista\/joyas-mayas-migrantes-estela-de-senora-ix-mutal-con-serpiente-se-conserva-en-museo-de-san-francisco\/\"><\/a><\/div><div class=\"eael-entry-thumbnail \">\n                <img decoding=\"async\" width=\"655\" height=\"655\" src=\"https:\/\/soymigrante.com\/revista\/wp-content\/uploads\/2024\/10\/estela-de-reina-Ix-Mutal-Ahau-Museo-De-Young-5.webp\" class=\"attachment-large size-large wp-image-10562\" alt=\"T\u00e9cnica y arte maya en relieve en piedra, posiblemente una escultura antigua que refleja cultura y tradici\u00f3n ancestral en M\u00e9xico.\" srcset=\"https:\/\/soymigrante.com\/revista\/wp-content\/uploads\/2024\/10\/estela-de-reina-Ix-Mutal-Ahau-Museo-De-Young-5.webp 655w, https:\/\/soymigrante.com\/revista\/wp-content\/uploads\/2024\/10\/estela-de-reina-Ix-Mutal-Ahau-Museo-De-Young-5-300x300.webp 300w, https:\/\/soymigrante.com\/revista\/wp-content\/uploads\/2024\/10\/estela-de-reina-Ix-Mutal-Ahau-Museo-De-Young-5-150x150.webp 150w, https:\/\/soymigrante.com\/revista\/wp-content\/uploads\/2024\/10\/estela-de-reina-Ix-Mutal-Ahau-Museo-De-Young-5-75x75.webp 75w\" sizes=\"(max-width: 655px) 100vw, 655px\" \/>\n            <\/div>\n        <\/div><div class=\"eael-entry-wrapper\"><header class=\"eael-entry-header\"><h2 class=\"eael-entry-title\"><a class=\"eael-grid-post-link\" href=\"https:\/\/soymigrante.com\/revista\/joyas-mayas-migrantes-estela-de-senora-ix-mutal-con-serpiente-se-conserva-en-museo-de-san-francisco\/\" title=\"Joyas mayas migrantes: Estela de se\u00f1ora Ix Mutal con serpiente se conserva en museo de San Francisco\">Joyas mayas migrantes: Estela de se\u00f1ora Ix Mutal con serpiente se conserva en museo de San Francisco<\/a><\/h2><\/header><div class=\"eael-entry-content\">\n                        <div class=\"eael-grid-post-excerpt\"><a href=\"https:\/\/soymigrante.com\/revista\/joyas-mayas-migrantes-estela-de-senora-ix-mutal-con-serpiente-se-conserva-en-museo-de-san-francisco\/\" class=\"eael-post-elements-readmore-btn\">CONOCE SU HISTORIA <\/a><\/div>\n                    <\/div><\/div><\/div>\n        <\/div>\n    <\/article><article class=\"eael-grid-post  eael-post-grid-column eael-pg-post-9845 category-guate-nuestra tags-joyas-mayas-migrantes\" data-id=\"9845\">\n        <div class=\"eael-grid-post-holder\">\n            <div class=\"eael-grid-post-holder-inner\"><div class=\"eael-entry-media\"><div class=\"eael-entry-overlay fade-in\"><i class=\"far fa-hand-pointer\" aria-hidden=\"true\"><\/i><a href=\"https:\/\/soymigrante.com\/revista\/joyas-mayas-migrantes-ocarina-del-siglo-8-de-alta-verapaz-en-el-museo-de-arte-de-denver\/\"><\/a><\/div><div class=\"eael-entry-thumbnail \">\n                <img decoding=\"async\" width=\"714\" height=\"714\" src=\"https:\/\/soymigrante.com\/revista\/wp-content\/uploads\/2024\/09\/Ocarina-Maya-Denver-Art-Museum-No-usar-mas-de-1-vez-4.webp\" class=\"attachment-large size-large wp-image-9846\" alt=\"Arte prehisp\u00e1nico maya, escultura antigua de cer\u00e1mica con rostro humano expresivo para colecci\u00f3n de historia y cultura mexicana.\" srcset=\"https:\/\/soymigrante.com\/revista\/wp-content\/uploads\/2024\/09\/Ocarina-Maya-Denver-Art-Museum-No-usar-mas-de-1-vez-4.webp 714w, https:\/\/soymigrante.com\/revista\/wp-content\/uploads\/2024\/09\/Ocarina-Maya-Denver-Art-Museum-No-usar-mas-de-1-vez-4-300x300.webp 300w, https:\/\/soymigrante.com\/revista\/wp-content\/uploads\/2024\/09\/Ocarina-Maya-Denver-Art-Museum-No-usar-mas-de-1-vez-4-150x150.webp 150w, https:\/\/soymigrante.com\/revista\/wp-content\/uploads\/2024\/09\/Ocarina-Maya-Denver-Art-Museum-No-usar-mas-de-1-vez-4-75x75.webp 75w\" sizes=\"(max-width: 714px) 100vw, 714px\" \/>\n            <\/div>\n        <\/div><div class=\"eael-entry-wrapper\"><header class=\"eael-entry-header\"><h2 class=\"eael-entry-title\"><a class=\"eael-grid-post-link\" href=\"https:\/\/soymigrante.com\/revista\/joyas-mayas-migrantes-ocarina-del-siglo-8-de-alta-verapaz-en-el-museo-de-arte-de-denver\/\" title=\"Joyas mayas migrantes: Ocarina del siglo 8, de Alta Verapaz, en el Museo de Arte de Denver\">Joyas mayas migrantes: Ocarina del siglo 8, de Alta Verapaz, en el Museo de Arte de Denver<\/a><\/h2><\/header><div class=\"eael-entry-content\">\n                        <div class=\"eael-grid-post-excerpt\"><a href=\"https:\/\/soymigrante.com\/revista\/joyas-mayas-migrantes-ocarina-del-siglo-8-de-alta-verapaz-en-el-museo-de-arte-de-denver\/\" class=\"eael-post-elements-readmore-btn\">CONOCE SU HISTORIA <\/a><\/div>\n                    <\/div><\/div><\/div>\n        <\/div>\n    <\/article><\/div>\n            <div class=\"clearfix\"><\/div>\n        <\/div>\t\t\t\t<\/div>\n\t\t\t\t\t<\/div>\n\t\t\t\t<\/div>\n\t\t\t\t<\/div>\n\t\t","protected":false},"excerpt":{"rendered":"<p>Guatemala es rico en cultura, pero estos 15 museos no se pueden perder por sus maravillas. Guatemala alberga una rica diversidad cultural e hist\u00f3rica, reflejada en sus numerosos museos que ofrecen desde arte precolombino hasta ciencia interactiva. En conmemoraci\u00f3n del D\u00eda Internacional de los Museos, celebrado cada 18 de mayo, te invitamos a descubrir 15 [&hellip;]<\/p>\n","protected":false},"author":19,"featured_media":33628,"comment_status":"open","ping_status":"open","sticky":false,"template":"","format":"standard","meta":{"_acf_changed":false,"_eb_attr":"","footnotes":""},"categories":[58],"tags":[],"class_list":["post-33627","post","type-post","status-publish","format-standard","has-post-thumbnail","hentry","category-guate-nuestra"],"acf":[],"aioseo_notices":[],"aioseo_head":"\n\t\t<!-- All in One SEO Pro 4.9.6.2 - aioseo.com -->\n\t<meta name=\"description\" content=\"Escultura prehisp\u00e1nica de barro de una mujer, un ni\u00f1o y un mono es tambi\u00e9n instrumento de viento. Hallada en La T\u00edpica, Pet\u00e9n, Guatemala. Ahora est\u00e1 en Colorado.\" \/>\n\t<meta name=\"robots\" content=\"max-snippet:-1, max-image-preview:large, max-video-preview:-1\" \/>\n\t<meta name=\"author\" content=\"Gustavo Montenegro\"\/>\n\t<link rel=\"canonical\" href=\"https:\/\/soymigrante.com\/revista\/joyas-mayas-migrantes-ocarina-del-siglo-8-de-alta-verapaz-en-el-museo-de-arte-de-denver\/\" \/>\n\t<meta name=\"generator\" content=\"All in One SEO Pro (AIOSEO) 4.9.6.2\" \/>\n\n\t\t<link rel=\"preconnect\" href=\"https:\/\/fonts.googleapis.com\" crossorigin>\n<link rel=\"preconnect\" href=\"https:\/\/fonts.gstatic.com\" crossorigin>\n\t\t<meta property=\"og:locale\" content=\"es_ES\" \/>\n\t\t<meta property=\"og:site_name\" content=\"SoyMigrante.com REVISTA \u2013 Nuestra misi\u00f3n es reconocer y dignificar al migrante.\" \/>\n\t\t<meta property=\"og:type\" content=\"article\" \/>\n\t\t<meta property=\"og:title\" content=\"Joyas mayas migrantes: Ocarina del siglo 8 en Museo de Denver\" \/>\n\t\t<meta property=\"og:description\" content=\"Escultura prehisp\u00e1nica de barro de una mujer, un ni\u00f1o y un mono es tambi\u00e9n instrumento de viento. Hallada en La T\u00edpica, Pet\u00e9n, Guatemala. Ahora est\u00e1 en Colorado.\" \/>\n\t\t<meta property=\"og:url\" content=\"https:\/\/soymigrante.com\/revista\/joyas-mayas-migrantes-ocarina-del-siglo-8-de-alta-verapaz-en-el-museo-de-arte-de-denver\/\" \/>\n\t\t<meta property=\"og:image\" content=\"https:\/\/soymigrante.com\/revista\/wp-content\/uploads\/2024\/09\/Ocarina-Maya-Denver-Art-Museum-No-usar-mas-de-1-vez-4.webp\" \/>\n\t\t<meta property=\"og:image:secure_url\" content=\"https:\/\/soymigrante.com\/revista\/wp-content\/uploads\/2024\/09\/Ocarina-Maya-Denver-Art-Museum-No-usar-mas-de-1-vez-4.webp\" \/>\n\t\t<meta property=\"og:image:width\" content=\"714\" \/>\n\t\t<meta property=\"og:image:height\" content=\"714\" \/>\n\t\t<meta property=\"article:published_time\" content=\"2024-09-30T16:58:54+00:00\" \/>\n\t\t<meta property=\"article:modified_time\" content=\"2025-05-19T09:03:00+00:00\" \/>\n\t\t<meta property=\"article:publisher\" content=\"https:\/\/www.facebook.com\/soymigrantecom\" \/>\n\t\t<meta name=\"twitter:card\" content=\"summary_large_image\" \/>\n\t\t<meta name=\"twitter:site\" content=\"@SoyMigrante_com\" \/>\n\t\t<meta name=\"twitter:title\" content=\"Joyas mayas migrantes: Ocarina del siglo 8 en Museo de Denver\" \/>\n\t\t<meta name=\"twitter:description\" content=\"Escultura prehisp\u00e1nica de barro de una mujer, un ni\u00f1o y un mono es tambi\u00e9n instrumento de viento. Hallada en La T\u00edpica, Pet\u00e9n, Guatemala. Ahora est\u00e1 en Colorado.\" \/>\n\t\t<meta name=\"twitter:creator\" content=\"@SoyMigrante_com\" \/>\n\t\t<meta name=\"twitter:image\" content=\"https:\/\/soymigrante.com\/revista\/wp-content\/uploads\/2024\/09\/Ocarina-Maya-Denver-Art-Museum-No-usar-mas-de-1-vez-4.webp\" \/>\n\t\t<!-- All in One SEO Pro -->\r\n\t\t<title>Joyas mayas migrantes: Ocarina del siglo 8 en Museo de Denver<\/title>\n\n","aioseo_head_json":{"title":"Joyas mayas migrantes: Ocarina del siglo 8 en Museo de Denver","description":"Escultura prehisp\u00e1nica de barro de una mujer, un ni\u00f1o y un mono es tambi\u00e9n instrumento de viento. Hallada en La T\u00edpica, Pet\u00e9n, Guatemala. Ahora est\u00e1 en Colorado.","canonical_url":"https:\/\/soymigrante.com\/revista\/joyas-mayas-migrantes-ocarina-del-siglo-8-de-alta-verapaz-en-el-museo-de-arte-de-denver\/","robots":"max-snippet:-1, max-image-preview:large, max-video-preview:-1","keywords":"","webmasterTools":{"miscellaneous":"&lt;link rel=\"preconnect\" href=\"https:\/\/fonts.googleapis.com\" crossorigin&gt;\n&lt;link rel=\"preconnect\" href=\"https:\/\/fonts.gstatic.com\" crossorigin&gt;"},"schema":null,"og:locale":"es_ES","og:site_name":"SoyMigrante.com REVISTA \u2013 Nuestra misi\u00f3n es reconocer y dignificar al migrante.","og:type":"article","og:title":"Joyas mayas migrantes: Ocarina del siglo 8 en Museo de Denver","og:description":"Escultura prehisp\u00e1nica de barro de una mujer, un ni\u00f1o y un mono es tambi\u00e9n instrumento de viento. Hallada en La T\u00edpica, Pet\u00e9n, Guatemala. Ahora est\u00e1 en Colorado.","og:url":"https:\/\/soymigrante.com\/revista\/joyas-mayas-migrantes-ocarina-del-siglo-8-de-alta-verapaz-en-el-museo-de-arte-de-denver\/","og:image":"https:\/\/soymigrante.com\/revista\/wp-content\/uploads\/2024\/09\/Ocarina-Maya-Denver-Art-Museum-No-usar-mas-de-1-vez-4.webp","og:image:secure_url":"https:\/\/soymigrante.com\/revista\/wp-content\/uploads\/2024\/09\/Ocarina-Maya-Denver-Art-Museum-No-usar-mas-de-1-vez-4.webp","og:image:width":714,"og:image:height":714,"article:published_time":"2024-09-30T16:58:54+00:00","article:modified_time":"2025-05-19T09:03:00+00:00","article:publisher":"https:\/\/www.facebook.com\/soymigrantecom","twitter:card":"summary_large_image","twitter:site":"@SoyMigrante_com","twitter:title":"Joyas mayas migrantes: Ocarina del siglo 8 en Museo de Denver","twitter:description":"Escultura prehisp\u00e1nica de barro de una mujer, un ni\u00f1o y un mono es tambi\u00e9n instrumento de viento. Hallada en La T\u00edpica, Pet\u00e9n, Guatemala. Ahora est\u00e1 en Colorado.","twitter:creator":"@SoyMigrante_com","twitter:image":"https:\/\/soymigrante.com\/revista\/wp-content\/uploads\/2024\/09\/Ocarina-Maya-Denver-Art-Museum-No-usar-mas-de-1-vez-4.webp"},"aioseo_meta_data":{"post_id":"33627","title":"15 museos guatemaltecos que siempre te sorprender\u00e1n","description":"Un fascinante viaje por el pasado y las cultura, por las ra\u00edces prehisp\u00e1nicas y coloniales de Guatemala. Estas son 15 sugerencias para ir visitando en familia.","keywords":null,"keyphrases":{"focus":{"keyphrase":"Museos","score":74,"analysis":{"keyphraseInTitle":{"score":9,"maxScore":9,"error":0},"keyphraseInDescription":{"score":3,"maxScore":9,"error":1},"keyphraseLength":{"score":9,"maxScore":9,"error":0,"length":1},"keyphraseInURL":{"score":5,"maxScore":5,"error":0},"keyphraseInIntroduction":{"score":9,"maxScore":9,"error":0},"keyphraseInSubHeadings":{"score":3,"maxScore":9,"error":1},"keyphraseInImageAlt":{"score":3,"maxScore":9,"error":1},"keywordDensity":{"type":"best","score":9,"maxScore":9,"error":0}}},"additional":[{"keyphrase":"Historia","score":60,"analysis":{"keyphraseInDescription":{"score":3,"maxScore":9,"error":1},"keyphraseLength":{"score":9,"maxScore":9,"error":0,"length":1},"keyphraseInIntroduction":{"score":3,"maxScore":9,"error":1},"keyphraseInImageAlt":{"score":3,"maxScore":9,"error":1},"keywordDensity":{"type":"best","score":9,"maxScore":9,"error":0}}},{"keyphrase":"Guatemala","score":80,"analysis":{"keyphraseInDescription":{"score":9,"maxScore":9,"error":0},"keyphraseLength":{"score":9,"maxScore":9,"error":0,"length":1},"keyphraseInIntroduction":{"score":9,"maxScore":9,"error":0},"keyphraseInImageAlt":{"score":9,"maxScore":9,"error":0},"keywordDensity":{"type":"high","score":0,"maxScore":9,"error":1}}}]},"primary_term":null,"canonical_url":null,"og_title":null,"og_description":null,"og_object_type":"default","og_image_type":"default","og_image_url":null,"og_image_width":null,"og_image_height":null,"og_image_custom_url":null,"og_image_custom_fields":null,"og_video":"","og_custom_url":null,"og_article_section":null,"og_article_tags":null,"twitter_use_og":false,"twitter_card":"default","twitter_image_type":"default","twitter_image_url":null,"twitter_image_custom_url":null,"twitter_image_custom_fields":null,"twitter_title":null,"twitter_description":null,"schema":{"blockGraphs":[],"customGraphs":[],"default":{"data":{"Article":[],"Course":[],"Dataset":[],"FAQPage":[],"Movie":[],"Person":[],"Product":[],"ProductReview":[],"Car":[],"Recipe":[],"Service":[],"SoftwareApplication":[],"WebPage":[]},"graphName":"none","isEnabled":true},"graphs":[]},"schema_type":"default","schema_type_options":null,"pillar_content":false,"robots_default":true,"robots_noindex":false,"robots_noarchive":false,"robots_nosnippet":false,"robots_nofollow":false,"robots_noimageindex":false,"robots_noodp":false,"robots_notranslate":false,"robots_max_snippet":"-1","robots_max_videopreview":"-1","robots_max_imagepreview":"large","priority":null,"frequency":"default","local_seo":null,"seo_analyzer_scan_date":"2025-10-09 05:15:01","breadcrumb_settings":null,"limit_modified_date":false,"reviewed_by":null,"open_ai":"{\"title\":{\"suggestions\":[],\"usage\":0},\"description\":{\"suggestions\":[],\"usage\":0}}","ai":null,"created":"2025-05-15 17:29:49","updated":"2026-02-04 23:41:32"},"aioseo_breadcrumb":"<div class=\"aioseo-breadcrumbs\"><span class=\"aioseo-breadcrumb\">\n\t<a href=\"https:\/\/soymigrante.com\/revista\" title=\"Home\">Home<\/a>\n<\/span><span class=\"aioseo-breadcrumb-separator\">\u00bb<\/span><span class=\"aioseo-breadcrumb\">\n\t<a href=\"https:\/\/soymigrante.com\/revista\/category\/guate-nuestra\/\" title=\"Guate Nuestra\">Guate Nuestra<\/a>\n<\/span><span class=\"aioseo-breadcrumb-separator\">\u00bb<\/span><span class=\"aioseo-breadcrumb\">\n\tViene el D\u00eda de los Museos: 15 museos guatemaltecos que siempre te sorprender\u00e1n\n<\/span><\/div>","aioseo_breadcrumb_json":[{"label":"Home","link":"https:\/\/soymigrante.com\/revista"},{"label":"Guate Nuestra","link":"https:\/\/soymigrante.com\/revista\/category\/guate-nuestra\/"},{"label":"Viene el D\u00eda de los Museos: 15 museos guatemaltecos que siempre te sorprender\u00e1n","link":"https:\/\/soymigrante.com\/revista\/viene-el-dia-de-los-museos-15-museos-guatemaltecos-que-siempre-te-sorprenderan\/"}],"_links":{"self":[{"href":"https:\/\/soymigrante.com\/revista\/wp-json\/wp\/v2\/posts\/33627","targetHints":{"allow":["GET"]}}],"collection":[{"href":"https:\/\/soymigrante.com\/revista\/wp-json\/wp\/v2\/posts"}],"about":[{"href":"https:\/\/soymigrante.com\/revista\/wp-json\/wp\/v2\/types\/post"}],"author":[{"embeddable":true,"href":"https:\/\/soymigrante.com\/revista\/wp-json\/wp\/v2\/users\/19"}],"replies":[{"embeddable":true,"href":"https:\/\/soymigrante.com\/revista\/wp-json\/wp\/v2\/comments?post=33627"}],"version-history":[{"count":22,"href":"https:\/\/soymigrante.com\/revista\/wp-json\/wp\/v2\/posts\/33627\/revisions"}],"predecessor-version":[{"id":33728,"href":"https:\/\/soymigrante.com\/revista\/wp-json\/wp\/v2\/posts\/33627\/revisions\/33728"}],"wp:featuredmedia":[{"embeddable":true,"href":"https:\/\/soymigrante.com\/revista\/wp-json\/wp\/v2\/media\/33628"}],"wp:attachment":[{"href":"https:\/\/soymigrante.com\/revista\/wp-json\/wp\/v2\/media?parent=33627"}],"wp:term":[{"taxonomy":"category","embeddable":true,"href":"https:\/\/soymigrante.com\/revista\/wp-json\/wp\/v2\/categories?post=33627"},{"taxonomy":"post_tag","embeddable":true,"href":"https:\/\/soymigrante.com\/revista\/wp-json\/wp\/v2\/tags?post=33627"}],"curies":[{"name":"wp","href":"https:\/\/api.w.org\/{rel}","templated":true}]}}