{"id":33626,"date":"2025-05-15T12:05:50","date_gmt":"2025-05-15T18:05:50","guid":{"rendered":"https:\/\/soymigrante.com\/revista\/?p=33626"},"modified":"2025-10-03T14:46:53","modified_gmt":"2025-10-03T20:46:53","slug":"arnoldo-estrada-un-pionero-de-la-marimba-guatemalteca-en-chicago-mas-de-50-anos-de-musica-y-legado","status":"publish","type":"post","link":"https:\/\/soymigrante.com\/revista\/arnoldo-estrada-un-pionero-de-la-marimba-guatemalteca-en-chicago-mas-de-50-anos-de-musica-y-legado\/","title":{"rendered":"Arnoldo Estrada, un pionero de la marimba guatemalteca en Chicago: m\u00e1s de 50 a\u00f1os de m\u00fasica y legado"},"content":{"rendered":"\t\t<div data-elementor-type=\"wp-post\" data-elementor-id=\"33626\" class=\"elementor elementor-33626\" data-elementor-post-type=\"post\">\n\t\t\t\t<div data-particle_enable=\"false\" data-particle-mobile-disabled=\"false\" class=\"elementor-element elementor-element-b354959 e-flex e-con-boxed e-con e-parent\" data-id=\"b354959\" data-element_type=\"container\" data-e-type=\"container\">\n\t\t\t\t\t<div class=\"e-con-inner\">\n\t\t\t\t<div class=\"elementor-element elementor-element-573f5b8 elementor-widget elementor-widget-heading\" data-id=\"573f5b8\" data-element_type=\"widget\" data-e-type=\"widget\" data-widget_type=\"heading.default\">\n\t\t\t\t\t<h2 class=\"elementor-heading-title elementor-size-default\">Arnoldo Estrada aprendi\u00f3 a tocar marimba con las ense\u00f1anzas de su abuelo y a los 8 a\u00f1os ya se presentaba en celebraciones. Integr\u00f3 varios conjuntos y vive en Chicago desde 1975, en donde nunca ha dejado de promover el instrumento nacional con el mismo entusiasmo de cuando era ni\u00f1o. Esta es su historia.<\/h2>\t\t\t\t<\/div>\n\t\t\t\t\t<\/div>\n\t\t\t\t<\/div>\n\t\t<div data-particle_enable=\"false\" data-particle-mobile-disabled=\"false\" class=\"elementor-element elementor-element-5b7b6ec e-flex e-con-boxed e-con e-parent\" data-id=\"5b7b6ec\" data-element_type=\"container\" data-e-type=\"container\">\n\t\t\t\t\t<div class=\"e-con-inner\">\n\t\t\t\t<div class=\"elementor-element elementor-element-3ac0477 elementor-widget elementor-widget-html\" data-id=\"3ac0477\" data-element_type=\"widget\" data-e-type=\"widget\" data-widget_type=\"html.default\">\n\t\t\t\t\t<div id=\"buzzsprout-player-17170755\"><\/div><script src=\"https:\/\/www.buzzsprout.com\/2444168\/episodes\/17170755-arnoldo-estrada-es-un-pionero-de-la-marimba-en-chicago.js?container_id=buzzsprout-player-17170755&player=small\" type=\"text\/javascript\" charset=\"utf-8\"><\/script>\t\t\t\t<\/div>\n\t\t\t\t<div class=\"elementor-element elementor-element-85c371d elementor-widget elementor-widget-text-editor\" data-id=\"85c371d\" data-element_type=\"widget\" data-e-type=\"widget\" data-widget_type=\"text-editor.default\">\n\t\t\t\t\t\t\t\t\t<p>A los seis a\u00f1os, Arnoldo Estrada ya pod\u00eda tocar <a href=\"https:\/\/soymigrante.com\/revista\/marimba-guatemalteca-simbolo-patrio-datos-quiza-no-sabias-o-tal-vez-si\/\">marimba,<\/a> pero como no alcanzaba el teclado, siempre le pon\u00edan un banquito de madera para poder percutir las teclas de una marimba en el barrio San Gaspar de la Ciudad de Guatemala.<\/p><p>Su abuelo Vicente, quien hab\u00eda tocado con los <a href=\"https:\/\/soymigrante.com\/revista\/cuando-llego-la-primera-marimba-guatemalteca-migrante-a-usa\/\">legendarios hermanos Hurtado de Quetzaltenango<\/a> \u2014de los primeros que hicieron giras de marimba en Estados Unidos a principios del siglo XX\u2014 le ense\u00f1\u00f3 los primeros acordes. A los nueve a\u00f1os, Arnoldo ya tocaba con la marimba Xelaj\u00fa junto a sus t\u00edos.<\/p><p>Hoy, con 73 a\u00f1os y m\u00e1s de cuatro d\u00e9cadas de residencia en Chicago, Arnoldo sigue interpretando con pasi\u00f3n los cl\u00e1sicos que hacen vibrar a la comunidad guatemalteca en Estados Unidos: &#8220;<a href=\"https:\/\/soymigrante.com\/revista\/10-piezas-de-marimba-de-guatemala-para-bailar-y-recordar-tus-raices\/\">Siempre nos piden Ferrocarril de los Altos,<\/a> Luna de Xelaj\u00fa, Noche de luna entre ruinas, Tristezas quetzaltecas&#8230; Y el cari\u00f1o del p\u00fablico se siente, me emociona\u201d, dice con humildad. \u201cEstoy aqu\u00ed para complacerles. Cualquier melod\u00eda que quieran, si la tengo en mi repertorio, se las interpreto feliz.\u201d<\/p><p>Esta es la historia de Arnoldo Estrada, un pionero impulsor de la marimba en Chicago.<\/p>\t\t\t\t\t\t\t\t<\/div>\n\t\t\t\t\t<\/div>\n\t\t\t\t<\/div>\n\t\t<div data-particle_enable=\"false\" data-particle-mobile-disabled=\"false\" class=\"elementor-element elementor-element-c617ebb e-flex e-con-boxed e-con e-parent\" data-id=\"c617ebb\" data-element_type=\"container\" data-e-type=\"container\">\n\t\t\t\t\t<div class=\"e-con-inner\">\n\t\t\t\t<div class=\"elementor-element elementor-element-353a277 elementor-arrows-position-inside elementor-pagination-position-outside elementor-widget elementor-widget-image-carousel\" data-id=\"353a277\" data-element_type=\"widget\" data-e-type=\"widget\" data-settings=\"{&quot;slides_to_show&quot;:&quot;1&quot;,&quot;navigation&quot;:&quot;both&quot;,&quot;autoplay&quot;:&quot;yes&quot;,&quot;pause_on_hover&quot;:&quot;yes&quot;,&quot;pause_on_interaction&quot;:&quot;yes&quot;,&quot;autoplay_speed&quot;:5000,&quot;infinite&quot;:&quot;yes&quot;,&quot;effect&quot;:&quot;slide&quot;,&quot;speed&quot;:500}\" data-widget_type=\"image-carousel.default\">\n\t\t\t\t\t\t\t<div class=\"elementor-image-carousel-wrapper swiper\" role=\"region\" aria-roledescription=\"carousel\" aria-label=\"Carrusel de im\u00e1genes\" dir=\"ltr\">\n\t\t\t<div class=\"elementor-image-carousel swiper-wrapper\" aria-live=\"off\">\n\t\t\t\t\t\t\t\t<div class=\"swiper-slide\" role=\"group\" aria-roledescription=\"slide\" aria-label=\"1 de 4\"><figure class=\"swiper-slide-inner\"><img decoding=\"async\" class=\"swiper-slide-image\" src=\"https:\/\/soymigrante.com\/revista\/wp-content\/uploads\/2025\/05\/marimbista-migrante-chicago-8.webp\" alt=\"La imagen muestra un evento cultural con m\u00fasicos y ni\u00f1os en el escenario, resaltando la importancia de la comunidad y las expresiones art\u00edsticas en la vida migrante en M\u00e9xico.\" \/><figcaption class=\"elementor-image-carousel-caption\">Arnoldo Estrada ha formado a ni\u00f1os y j\u00f3venes marimbistas,  hijos de migrantes guatemaltecos, en Chicago<\/figcaption><\/figure><\/div><div class=\"swiper-slide\" role=\"group\" aria-roledescription=\"slide\" aria-label=\"2 de 4\"><figure class=\"swiper-slide-inner\"><img decoding=\"async\" class=\"swiper-slide-image\" src=\"https:\/\/soymigrante.com\/revista\/wp-content\/uploads\/2025\/05\/marimbista-migrante-chicago-6.webp\" alt=\"Arnaldo y su marimba Xelaj\u00fa con el skyline de la ciudad de Guatemala al fondo.\" \/><figcaption class=\"elementor-image-carousel-caption\">Arnoldo Estrada ha formado a ni\u00f1os y j\u00f3venes marimbistas,  hijos de migrantes guatemaltecos, en Chicago<\/figcaption><\/figure><\/div><div class=\"swiper-slide\" role=\"group\" aria-roledescription=\"slide\" aria-label=\"3 de 4\"><figure class=\"swiper-slide-inner\"><img decoding=\"async\" class=\"swiper-slide-image\" src=\"https:\/\/soymigrante.com\/revista\/wp-content\/uploads\/2025\/05\/marimbista-migrante-chicago-1.webp\" alt=\"Mujeres migrantes en una reuni\u00f3n comunitaria, destacada por su participaci\u00f3n activa y apoyo en la comunidad migrante hispana en Estados Unidos.\" \/><figcaption class=\"elementor-image-carousel-caption\">Ya en Chicago impuls\u00f3 la marimba y tambi\u00e9n orquestas que se presentaron en diversos escenarios en las d\u00e9cadas 1970 y 1980<\/figcaption><\/figure><\/div><div class=\"swiper-slide\" role=\"group\" aria-roledescription=\"slide\" aria-label=\"4 de 4\"><figure class=\"swiper-slide-inner\"><img decoding=\"async\" class=\"swiper-slide-image\" src=\"https:\/\/soymigrante.com\/revista\/wp-content\/uploads\/2025\/05\/marimbista-migrante-chicago-14.webp\" alt=\"Jugadores de jazz tocando instrumentos en un concierto en vivo, imagen vintage de una revista que refleja cultura y m\u00fasica internacional.\" \/><figcaption class=\"elementor-image-carousel-caption\">Con marimba y con orquesta, Arnoldo Estrada se present\u00f3 en clubes nocturnos y tambi\u00e9n en nacientes transmisiones de TV en Guatemala.<\/figcaption><\/figure><\/div>\t\t\t<\/div>\n\t\t\t\t\t\t\t\t\t\t\t\t<div class=\"elementor-swiper-button elementor-swiper-button-prev\" role=\"button\" tabindex=\"0\">\n\t\t\t\t\t\t<i aria-hidden=\"true\" class=\"eicon-chevron-left\"><\/i>\t\t\t\t\t<\/div>\n\t\t\t\t\t<div class=\"elementor-swiper-button elementor-swiper-button-next\" role=\"button\" tabindex=\"0\">\n\t\t\t\t\t\t<i aria-hidden=\"true\" class=\"eicon-chevron-right\"><\/i>\t\t\t\t\t<\/div>\n\t\t\t\t\n\t\t\t\t\t\t\t\t\t<div class=\"swiper-pagination\"><\/div>\n\t\t\t\t\t\t\t\t\t<\/div>\n\t\t\t\t\t\t<\/div>\n\t\t\t\t\t<\/div>\n\t\t\t\t<\/div>\n\t\t<div data-particle_enable=\"false\" data-particle-mobile-disabled=\"false\" class=\"elementor-element elementor-element-f92ba09 e-flex e-con-boxed e-con e-parent\" data-id=\"f92ba09\" data-element_type=\"container\" data-e-type=\"container\">\n\t\t\t\t\t<div class=\"e-con-inner\">\n\t\t\t\t<div class=\"elementor-element elementor-element-fa1867e elementor-widget elementor-widget-heading\" data-id=\"fa1867e\" data-element_type=\"widget\" data-e-type=\"widget\" data-widget_type=\"heading.default\">\n\t\t\t\t\t<h3 class=\"elementor-heading-title elementor-size-default\">La m\u00fasica lo lleva lejos<\/h3>\t\t\t\t<\/div>\n\t\t\t\t\t<\/div>\n\t\t\t\t<\/div>\n\t\t<div data-particle_enable=\"false\" data-particle-mobile-disabled=\"false\" class=\"elementor-element elementor-element-29f3c38 e-flex e-con-boxed e-con e-parent\" data-id=\"29f3c38\" data-element_type=\"container\" data-e-type=\"container\">\n\t\t\t\t\t<div class=\"e-con-inner\">\n\t\t\t\t<div class=\"elementor-element elementor-element-1c852f3 elementor-widget elementor-widget-text-editor\" data-id=\"1c852f3\" data-element_type=\"widget\" data-e-type=\"widget\" data-widget_type=\"text-editor.default\">\n\t\t\t\t\t\t\t\t\t<p>Arnoldo estudi\u00f3 en el Conservatorio Nacional de M\u00fasica de Guatemala; es saxofonista tambi\u00e9n. Integr\u00f3 varias marimbas, entre ellas, Murmullo de la Selva, la marimba del maestro Cupertino Soberanis, la de la Fuerza A\u00e9rea Guatemalteca y dirigi\u00f3 la de la l\u00ednea a\u00e9rea Aviateca. Integr\u00f3 por ocho a\u00f1os la Marimba Orquesta Gallito, con la cual hizo varias giras a Estados Unidos. Pero en 1975 decidi\u00f3 quedarse en ese pa\u00eds: \u201cSaqu\u00e9 el \u00faltimo compromiso que fue en Los \u00c1ngeles, y de ah\u00ed tom\u00e9 el vuelo para ac\u00e1, para Chicago, para comenzar un proyecto\u201d, recuerda.<\/p><p>Poco a poco empez\u00f3 a forjar su camino. Primero, con grupos peque\u00f1os. Luego, fund\u00f3 la orquesta La Rebeli\u00f3n, conjunto que form\u00f3 con m\u00fasicos guatemaltecos y con el que acompa\u00f1\u00f3 a artistas como Bienvenido Granda y Daniel Santos en clubes nocturnos. \u201cAh\u00ed fue donde yo comenc\u00e9 a darme a conocer como maestro musical. Y ah\u00ed comenz\u00f3 mi trayectoria.\u201d<\/p>\t\t\t\t\t\t\t\t<\/div>\n\t\t\t\t\t<\/div>\n\t\t\t\t<\/div>\n\t\t<div data-particle_enable=\"false\" data-particle-mobile-disabled=\"false\" class=\"elementor-element elementor-element-6e32214 e-flex e-con-boxed e-con e-parent\" data-id=\"6e32214\" data-element_type=\"container\" data-e-type=\"container\">\n\t\t\t\t\t<div class=\"e-con-inner\">\n\t\t\t\t<div class=\"elementor-element elementor-element-edbe757 elementor-widget elementor-widget-image\" data-id=\"edbe757\" data-element_type=\"widget\" data-e-type=\"widget\" data-widget_type=\"image.default\">\n\t\t\t\t\t\t\t\t\t\t\t\t<figure class=\"wp-caption\">\n\t\t\t\t\t\t\t\t\t\t<img fetchpriority=\"high\" decoding=\"async\" width=\"960\" height=\"720\" src=\"https:\/\/soymigrante.com\/revista\/wp-content\/uploads\/2025\/05\/marimbista-migrante-chicago-3.webp\" class=\"attachment-large size-large wp-image-33646\" alt=\"Crianza familiar y tradiciones mexicanas, disfrutando m\u00fasica y cultura en familia en un ambiente acogedor y alegre en la revista SoyMigrante.com REVISTA.\" srcset=\"https:\/\/soymigrante.com\/revista\/wp-content\/uploads\/2025\/05\/marimbista-migrante-chicago-3.webp 960w, https:\/\/soymigrante.com\/revista\/wp-content\/uploads\/2025\/05\/marimbista-migrante-chicago-3-300x225.jpg 300w, https:\/\/soymigrante.com\/revista\/wp-content\/uploads\/2025\/05\/marimbista-migrante-chicago-3-768x576.jpg 768w, https:\/\/soymigrante.com\/revista\/wp-content\/uploads\/2025\/05\/marimbista-migrante-chicago-3-750x563.jpg 750w\" sizes=\"(max-width: 960px) 100vw, 960px\" title=\"El maestro Arnoldo Estrada ha formado a muchos marimbistas infantiles y juveniles en Chicago, incluyendo a sus hijos y nietos. Pero sin duda alguna el apoyo fundamental en toda esta vida art\u00edstica es el de su amada esposa Ana. \u2013 SoyMigrante.com REVISTA\" \/>\t\t\t\t\t\t\t\t\t\t\t<figcaption class=\"widget-image-caption wp-caption-text\">Familia latina tocando marimba en un entorno casero, resaltando la importancia de las ra\u00edces culturales y el arte popular en las comunidades migrantes mexicanas.<\/figcaption>\n\t\t\t\t\t\t\t\t\t\t<\/figure>\n\t\t\t\t\t\t\t\t\t<\/div>\n\t\t\t\t\t<\/div>\n\t\t\t\t<\/div>\n\t\t<div data-particle_enable=\"false\" data-particle-mobile-disabled=\"false\" class=\"elementor-element elementor-element-5e2f6b6 e-flex e-con-boxed e-con e-parent\" data-id=\"5e2f6b6\" data-element_type=\"container\" data-e-type=\"container\">\n\t\t\t\t\t<div class=\"e-con-inner\">\n\t\t\t\t<div class=\"elementor-element elementor-element-075c3ed elementor-widget elementor-widget-heading\" data-id=\"075c3ed\" data-element_type=\"widget\" data-e-type=\"widget\" data-widget_type=\"heading.default\">\n\t\t\t\t\t<h3 class=\"elementor-heading-title elementor-size-default\">Fund\u00f3 marimbas y form\u00f3 marimbistas una y otra vez<\/h3>\t\t\t\t<\/div>\n\t\t\t\t\t<\/div>\n\t\t\t\t<\/div>\n\t\t<div data-particle_enable=\"false\" data-particle-mobile-disabled=\"false\" class=\"elementor-element elementor-element-76beaf5 e-flex e-con-boxed e-con e-parent\" data-id=\"76beaf5\" data-element_type=\"container\" data-e-type=\"container\">\n\t\t\t\t\t<div class=\"e-con-inner\">\n\t\t\t\t<div class=\"elementor-element elementor-element-9206e36 elementor-widget elementor-widget-text-editor\" data-id=\"9206e36\" data-element_type=\"widget\" data-e-type=\"widget\" data-widget_type=\"text-editor.default\">\n\t\t\t\t\t\t\t\t\t<p>La marimba, sin embargo, siempre lo acompa\u00f1\u00f3. Con esfuerzo y pasi\u00f3n, fund\u00f3 dos marimbas orquestas y dos marimbas femeninas en Chicago. \u201cForm\u00e9 grupos de marimba con ni\u00f1as y j\u00f3venes, las cuales se fueron disolviendo porque, debido a sus estudios y sus carreras, se ten\u00edan que retirar\u201d, cuenta el maestro.\u00a0<\/p><p>&#8220;Una de ellas se llam\u00f3 Perla Chapina&#8221;. Otra de las que m\u00e1s recuerda fue la marimba Oxicaj\u00e1, formada gracias al apoyo de mujeres migrantes. \u201cLa colonia guatemalteca apoy\u00f3 para traer <a href=\"https:\/\/soymigrante.com\/revista\/el-arte-de-construir-marimbas-en-guatemala-una-tradicion-de-antano\/\">una marimba guatemalteca de hormigo<\/a>, pues entonces era dif\u00edcil transportar una hasta USA. Se usaban otras marimbas de f\u00e1brica, pero no suenan igual&#8221;, cuenta.<\/p><p>A\u00f1os despu\u00e9s surgi\u00f3 Ixchel, otra agrupaci\u00f3n femenina que, como su antecesora, difundi\u00f3 el folclore guatemalteco en espacios culturales de Chicago. \u201cDimos conciertos para p\u00fablico de todas las nacionalidades. Y les encantaba la marimba&#8221;.<\/p><p>Una y otra vez, Arnoldo instruy\u00f3 a ni\u00f1as, ni\u00f1os y j\u00f3venes en el arte de la marimba. &#8220;Los pap\u00e1s guatemaltecos con ni\u00f1os y ni\u00f1as me dec\u00edan que les ense\u00f1ara. Empez\u00e1bamos con sones, luego con otros ritmos. A m\u00ed me encantan los 6&#215;8. Luego crec\u00edan, se iban y ven\u00edan otros m\u00e1s a aprender. Me encanta ense\u00f1ar la marimba. En museos nos daban mucho espacio para presentarnos&#8221;, cuenta emocionado.<\/p>\t\t\t\t\t\t\t\t<\/div>\n\t\t\t\t\t<\/div>\n\t\t\t\t<\/div>\n\t\t<div data-particle_enable=\"false\" data-particle-mobile-disabled=\"false\" class=\"elementor-element elementor-element-cf82971 e-flex e-con-boxed e-con e-parent\" data-id=\"cf82971\" data-element_type=\"container\" data-e-type=\"container\">\n\t\t\t\t\t<div class=\"e-con-inner\">\n\t\t\t\t<div class=\"elementor-element elementor-element-bc19920 elementor-widget elementor-widget-heading\" data-id=\"bc19920\" data-element_type=\"widget\" data-e-type=\"widget\" data-widget_type=\"heading.default\">\n\t\t\t\t\t<h4 class=\"elementor-heading-title elementor-size-default\">SONIDOS DE GUATEMALA EN PLENO CHICAGO<\/h4>\t\t\t\t<\/div>\n\t\t\t\t\t<\/div>\n\t\t\t\t<\/div>\n\t\t<div data-particle_enable=\"false\" data-particle-mobile-disabled=\"false\" class=\"elementor-element elementor-element-4a975c8 e-flex e-con-boxed e-con e-parent\" data-id=\"4a975c8\" data-element_type=\"container\" data-e-type=\"container\">\n\t\t\t\t\t<div class=\"e-con-inner\">\n\t\t\t\t<div class=\"elementor-element elementor-element-7f3456c elementor-widget elementor-widget-html\" data-id=\"7f3456c\" data-element_type=\"widget\" data-e-type=\"widget\" data-widget_type=\"html.default\">\n\t\t\t\t\t<iframe width=\"560\" height=\"315\" src=\"https:\/\/www.youtube.com\/embed\/lCPxaNQcM1g?si=OrjzgNlabMQz1ZIj\" title=\"YouTube video player\" frameborder=\"0\" allow=\"accelerometer; autoplay; clipboard-write; encrypted-media; gyroscope; picture-in-picture; web-share\" referrerpolicy=\"strict-origin-when-cross-origin\" allowfullscreen><\/iframe>\t\t\t\t<\/div>\n\t\t\t\t\t<\/div>\n\t\t\t\t<\/div>\n\t\t<div data-particle_enable=\"false\" data-particle-mobile-disabled=\"false\" class=\"elementor-element elementor-element-6f01b3a e-flex e-con-boxed e-con e-parent\" data-id=\"6f01b3a\" data-element_type=\"container\" data-e-type=\"container\">\n\t\t\t\t\t<div class=\"e-con-inner\">\n\t\t\t\t<div class=\"elementor-element elementor-element-fddd647 elementor-widget elementor-widget-heading\" data-id=\"fddd647\" data-element_type=\"widget\" data-e-type=\"widget\" data-widget_type=\"heading.default\">\n\t\t\t\t\t<h3 class=\"elementor-heading-title elementor-size-default\">Viv\u00eda para la m\u00fasica, pero como buen migrante ten\u00eda otro empleo m\u00e1s<\/h3>\t\t\t\t<\/div>\n\t\t\t\t\t<\/div>\n\t\t\t\t<\/div>\n\t\t<div data-particle_enable=\"false\" data-particle-mobile-disabled=\"false\" class=\"elementor-element elementor-element-0aafc74 e-flex e-con-boxed e-con e-parent\" data-id=\"0aafc74\" data-element_type=\"container\" data-e-type=\"container\">\n\t\t\t\t\t<div class=\"e-con-inner\">\n\t\t\t\t<div class=\"elementor-element elementor-element-dac39e0 elementor-widget elementor-widget-text-editor\" data-id=\"dac39e0\" data-element_type=\"widget\" data-e-type=\"widget\" data-widget_type=\"text-editor.default\">\n\t\t\t\t\t\t\t\t\t<p>Con todo y su maestr\u00eda, experiencia y arte, Arnoldo Estrada trabaj\u00f3 en diversas industrias como <a href=\"https:\/\/soymigrante.com\/revista\/guatemaltecos-son-el-6-de-la-fuerza-laboral-migrante-hispana-en-ee-uu\/\">todo migrante<\/a> guatemalteco. &#8220;Trabaj\u00e9 en f\u00e1bricas. Una de ellas era una procesadora de metal donde se hac\u00edan ventiladores de hierro. Me levantaba tempranito para irme a la factor\u00eda. Al finalizar la jornada, si hab\u00eda presentaci\u00f3n, entonces me iba a tocar con la orquesta o la marimba&#8221;, relata.<\/p><p>En la f\u00e1brica de ventiladores no ganaba mal, pero se retir\u00f3 de ella tras una experiencia ajena. As\u00ed lo relata. &#8220;En esa f\u00e1brica se trabajaba con l\u00e1minas de metal a las que hab\u00eda que hacerles cortes y agujeros con m\u00e1quinas de golpe a presi\u00f3n. Un d\u00eda, un trabajador que estaba en una m\u00e1quina de esas tuvo un accidente: la m\u00e1quina le cay\u00f3 en los dedos y se los lesion\u00f3 gravemente. Yo pens\u00e9: &#8216;Si eso me pasa a m\u00ed, \u00bfc\u00f3mo voy a tocar la marimba?&#8217;. Y al poco tiempo renunci\u00e9 para buscar otro trabajo&#8221;.<\/p><p>Don Arnoldo contin\u00faa ense\u00f1ando y tocando. Su marimba sigue llevando el nombre Xelaj\u00fa, en honor a sus ra\u00edces, a sus abuelos. \u201cNo quiero perder ese nombre porque es de familia.\u201d Y ahora, son sus nietos quienes comienzan a tocar. \u201cYo, contento de ense\u00f1arles, de dejar mi legado&#8230; Ojal\u00e1 que sigan.\u201d, exclama.<\/p>\t\t\t\t\t\t\t\t<\/div>\n\t\t\t\t\t<\/div>\n\t\t\t\t<\/div>\n\t\t<div data-particle_enable=\"false\" data-particle-mobile-disabled=\"false\" class=\"elementor-element elementor-element-8055628 e-flex e-con-boxed e-con e-parent\" data-id=\"8055628\" data-element_type=\"container\" data-e-type=\"container\">\n\t\t\t\t\t<div class=\"e-con-inner\">\n\t\t\t\t<div class=\"elementor-element elementor-element-e9afee6 elementor-invisible elementor-widget elementor-widget-testimonial\" data-id=\"e9afee6\" data-element_type=\"widget\" data-e-type=\"widget\" data-settings=\"{&quot;_animation&quot;:&quot;rotateInUpRight&quot;}\" data-widget_type=\"testimonial.default\">\n\t\t\t\t\t\t\t<div class=\"elementor-testimonial-wrapper\">\n\t\t\t\t\t\t\t<div class=\"elementor-testimonial-content\">\"Amo la marimba, amo a Guatemala. Las llevo en el alma y por eso seguimos tocando esas notas que tantos migrantes compatriotas quieren volver a escuchar para sentir que est\u00e1n, un poquito, en su tierra\".<\/div>\n\t\t\t\n\t\t\t\t\t\t<div class=\"elementor-testimonial-meta elementor-has-image elementor-testimonial-image-position-aside\">\n\t\t\t\t<div class=\"elementor-testimonial-meta-inner\">\n\t\t\t\t\t\t\t\t\t\t\t<div class=\"elementor-testimonial-image\">\n\t\t\t\t\t\t\t<img decoding=\"async\" width=\"728\" height=\"785\" src=\"https:\/\/soymigrante.com\/revista\/wp-content\/uploads\/2025\/05\/marimbista-migrante-chicago-7.webp\" class=\"attachment-full size-full wp-image-33648\" alt=\"Retrato de un hombre mayor sonriendo, en un entorno dom\u00e9stico, con cortinas blancas de fondo, mostrando alegr\u00eda y confianza, enfocado en la comunidad migrante.\" title=\"marimbista migrante chicago 7 \u2013 SoyMigrante.com REVISTA\" srcset=\"https:\/\/soymigrante.com\/revista\/wp-content\/uploads\/2025\/05\/marimbista-migrante-chicago-7.webp 728w, https:\/\/soymigrante.com\/revista\/wp-content\/uploads\/2025\/05\/marimbista-migrante-chicago-7-278x300.jpg 278w\" sizes=\"(max-width: 728px) 100vw, 728px\" \/>\t\t\t\t\t\t<\/div>\n\t\t\t\t\t\n\t\t\t\t\t\t\t\t\t\t<div class=\"elementor-testimonial-details\">\n\t\t\t\t\t\t\t\t\t\t\t\t\t\t<div class=\"elementor-testimonial-name\">Arnoldo Estrada<\/div>\n\t\t\t\t\t\t\t\t\t\t\t\t\t\t\t\t\t\t\t\t\t\t<div class=\"elementor-testimonial-job\">Marimbista guatemalteco\nimpulsor y fundador de varios\nconjuntos infantiles y juveniles\ncon el Instrumento Nacfional de\nGuatemala.<\/div>\n\t\t\t\t\t\t\t\t\t\t\t\t\t<\/div>\n\t\t\t\t\t\t\t\t\t<\/div>\n\t\t\t<\/div>\n\t\t\t\t\t<\/div>\n\t\t\t\t\t\t<\/div>\n\t\t\t\t\t<\/div>\n\t\t\t\t<\/div>\n\t\t<div data-particle_enable=\"false\" data-particle-mobile-disabled=\"false\" class=\"elementor-element elementor-element-d61f657 e-flex e-con-boxed e-con e-parent\" data-id=\"d61f657\" data-element_type=\"container\" data-e-type=\"container\">\n\t\t\t\t\t<div class=\"e-con-inner\">\n\t\t\t\t<div class=\"elementor-element elementor-element-282b972 elementor-widget elementor-widget-heading\" data-id=\"282b972\" data-element_type=\"widget\" data-e-type=\"widget\" data-widget_type=\"heading.default\">\n\t\t\t\t\t<h3 class=\"elementor-heading-title elementor-size-default\">Sostenido por el Se\u00f1or<\/h3>\t\t\t\t<\/div>\n\t\t\t\t\t<\/div>\n\t\t\t\t<\/div>\n\t\t<div data-particle_enable=\"false\" data-particle-mobile-disabled=\"false\" class=\"elementor-element elementor-element-63c2733 e-flex e-con-boxed e-con e-parent\" data-id=\"63c2733\" data-element_type=\"container\" data-e-type=\"container\">\n\t\t\t\t\t<div class=\"e-con-inner\">\n\t\t\t\t<div class=\"elementor-element elementor-element-da69dd5 elementor-widget elementor-widget-text-editor\" data-id=\"da69dd5\" data-element_type=\"widget\" data-e-type=\"widget\" data-widget_type=\"text-editor.default\">\n\t\t\t\t\t\t\t\t\t<p>Para cada presentaci\u00f3n, Arnoldo transporta sus instrumentos, bocinas, micr\u00f3fonos. \u201cTengo una gran esposa que me ayuda y me apoya en todo\u201d. La m\u00fasica, la marimba y el amor por su cultura lo mantienen en pie. \u201cEl reconocimiento es bueno recibirlo en vida, porque ya cuando uno muere, ese reconocimiento ya no vale lo mismo. En 2024 recibi\u00f3 un homenaje por su trayectoria, el cual lleva en el alma\u201d.<\/p><p>Un \u00faltimo recuerdo que refleja el amor de toda la vida de Arnoldo Estrada por la marimba: &#8220;En una ocasi\u00f3n, cuando ten\u00eda ocho a\u00f1os, me toc\u00f3 ir a tocar con la marimba de mi abuelo, pero a los que cargaron el instrumento en el cami\u00f3n se les olvid\u00f3 echar el banquito en el que yo me paraba. No hab\u00eda quien me sustituyera. As\u00ed que durante todo el concierto, un se\u00f1or me carg\u00f3 y me sostuvo mientras yo tocaba&#8221;.<\/p><div>\u00a0<\/div>\t\t\t\t\t\t\t\t<\/div>\n\t\t\t\t\t<\/div>\n\t\t\t\t<\/div>\n\t\t<div data-particle_enable=\"false\" data-particle-mobile-disabled=\"false\" class=\"elementor-element elementor-element-d372a5a e-flex e-con-boxed e-con e-parent\" data-id=\"d372a5a\" data-element_type=\"container\" data-e-type=\"container\">\n\t\t\t\t\t<div class=\"e-con-inner\">\n\t\t\t\t<div class=\"elementor-element elementor-element-43a903c elementor-widget elementor-widget-image\" data-id=\"43a903c\" data-element_type=\"widget\" data-e-type=\"widget\" data-widget_type=\"image.default\">\n\t\t\t\t\t\t\t\t\t\t\t\t<figure class=\"wp-caption\">\n\t\t\t\t\t\t\t\t\t\t<img decoding=\"async\" width=\"902\" height=\"1024\" src=\"https:\/\/soymigrante.com\/revista\/wp-content\/uploads\/2025\/05\/marimbista-migrante-chicago-18-1-902x1024.jpg\" class=\"attachment-large size-large wp-image-33651\" alt=\"Foto hist\u00f3rica en blanco y negro de dos personas, un hombre y una mujer, en un ambiente que refleja la cultura y tradici\u00f3n mexicana, destacando la importancia de la comunidad y la historia migrante.\" srcset=\"https:\/\/soymigrante.com\/revista\/wp-content\/uploads\/2025\/05\/marimbista-migrante-chicago-18-1-902x1024.jpg 902w, https:\/\/soymigrante.com\/revista\/wp-content\/uploads\/2025\/05\/marimbista-migrante-chicago-18-1-264x300.jpg 264w, https:\/\/soymigrante.com\/revista\/wp-content\/uploads\/2025\/05\/marimbista-migrante-chicago-18-1-768x872.jpg 768w, https:\/\/soymigrante.com\/revista\/wp-content\/uploads\/2025\/05\/marimbista-migrante-chicago-18-1-750x852.webp 750w, https:\/\/soymigrante.com\/revista\/wp-content\/uploads\/2025\/05\/marimbista-migrante-chicago-18-1-1140x1294.webp 1140w, https:\/\/soymigrante.com\/revista\/wp-content\/uploads\/2025\/05\/marimbista-migrante-chicago-18-1.webp 1152w\" sizes=\"(max-width: 902px) 100vw, 902px\" title=\"Y en la ra\u00edz de esta gran  historia de amor a la marimba guatemalteca, est\u00e1 la sabidur\u00eda y la ense\u00f1anza de los abuelos de Arnoldo Estrada,  originarios de Quetzaltenango. \u2013 SoyMigrante.com REVISTA\" \/>\t\t\t\t\t\t\t\t\t\t\t<figcaption class=\"widget-image-caption wp-caption-text\">Retrato hist\u00f3rico en blanco y negro de dos personas, posiblemente inmigrantes, en un momento significativo, simbolizando las historias y experiencias de la comunidad migrante.<\/figcaption>\n\t\t\t\t\t\t\t\t\t\t<\/figure>\n\t\t\t\t\t\t\t\t\t<\/div>\n\t\t\t\t\t<\/div>\n\t\t\t\t<\/div>\n\t\t<div data-particle_enable=\"false\" data-particle-mobile-disabled=\"false\" class=\"elementor-element elementor-element-2ed6eb1 e-flex e-con-boxed e-con e-parent\" data-id=\"2ed6eb1\" data-element_type=\"container\" data-e-type=\"container\">\n\t\t\t\t\t<div class=\"e-con-inner\">\n\t\t\t\t<div class=\"elementor-element elementor-element-311e197 elementor-widget elementor-widget-heading\" data-id=\"311e197\" data-element_type=\"widget\" data-e-type=\"widget\" data-widget_type=\"heading.default\">\n\t\t\t\t\t<h2 class=\"elementor-heading-title elementor-size-default\">\u00a1Ah! Ese encanto de la marimba guatemalteca que no tiene fronteras<\/h2>\t\t\t\t<\/div>\n\t\t\t\t\t<\/div>\n\t\t\t\t<\/div>\n\t\t<div data-particle_enable=\"false\" data-particle-mobile-disabled=\"false\" class=\"elementor-element elementor-element-551adf1 e-flex e-con-boxed e-con e-parent\" data-id=\"551adf1\" data-element_type=\"container\" data-e-type=\"container\">\n\t\t\t\t\t<div class=\"e-con-inner\">\n\t\t\t\t<div class=\"elementor-element elementor-element-3812791 elementor-grid-eael-col-3 elementor-grid-tablet-eael-col-2 elementor-grid-mobile-eael-col-1 elementor-widget elementor-widget-eael-post-grid\" data-id=\"3812791\" data-element_type=\"widget\" data-e-type=\"widget\" data-settings=\"{&quot;eael_post_grid_columns&quot;:&quot;eael-col-3&quot;,&quot;eael_post_grid_columns_tablet&quot;:&quot;eael-col-2&quot;,&quot;eael_post_grid_columns_mobile&quot;:&quot;eael-col-1&quot;}\" data-widget_type=\"eael-post-grid.default\">\n\t\t\t\t\t<div id=\"eael-post-grid-3812791\" class=\"eael-post-grid-container\">\n            <div class=\"eael-post-grid eael-post-appender eael-post-appender-3812791 eael-post-grid-style-one\" data-layout-mode=\"masonry\"><article class=\"eael-grid-post  eael-post-grid-column eael-pg-post-4589 category-exitos\" data-id=\"4589\">\n        <div class=\"eael-grid-post-holder\">\n            <div class=\"eael-grid-post-holder-inner\"><div class=\"eael-entry-media\"><div class=\"eael-entry-overlay fade-in\"><i class=\"far fa-hand-pointer\" aria-hidden=\"true\"><\/i><a href=\"https:\/\/soymigrante.com\/revista\/jose-gamez-marimba-digital-502-migrante-sonador-originario-de-quiche\/\"><\/a><\/div><div class=\"eael-entry-thumbnail \">\n                <img loading=\"lazy\" decoding=\"async\" width=\"1024\" height=\"947\" src=\"https:\/\/soymigrante.com\/revista\/wp-content\/uploads\/2024\/01\/marimba-502-1-1024x947.webp\" class=\"attachment-large size-large wp-image-4608\" alt=\"Migrante guatemalteco Jos\u00e9 G\u00e1mez\" srcset=\"https:\/\/soymigrante.com\/revista\/wp-content\/uploads\/2024\/01\/marimba-502-1-1024x947.webp 1024w, https:\/\/soymigrante.com\/revista\/wp-content\/uploads\/2024\/01\/marimba-502-1-300x278.webp 300w, https:\/\/soymigrante.com\/revista\/wp-content\/uploads\/2024\/01\/marimba-502-1-768x711.webp 768w, https:\/\/soymigrante.com\/revista\/wp-content\/uploads\/2024\/01\/marimba-502-1-750x694.webp 750w, https:\/\/soymigrante.com\/revista\/wp-content\/uploads\/2024\/01\/marimba-502-1-1140x1055.webp 1140w, https:\/\/soymigrante.com\/revista\/wp-content\/uploads\/2024\/01\/marimba-502-1.webp 1536w\" sizes=\"(max-width: 1024px) 100vw, 1024px\" \/>\n            <\/div>\n        <\/div><div class=\"eael-entry-wrapper\"><header class=\"eael-entry-header\"><h2 class=\"eael-entry-title\"><a class=\"eael-grid-post-link\" href=\"https:\/\/soymigrante.com\/revista\/jose-gamez-marimba-digital-502-migrante-sonador-originario-de-quiche\/\" title=\"Jos\u00e9 G\u00e1mez y un sue\u00f1o migrante llamado Marimba Digital 502\">Jos\u00e9 G\u00e1mez y un sue\u00f1o migrante llamado Marimba Digital 502<\/a><\/h2><\/header><div class=\"eael-entry-content\">\n                        <div class=\"eael-grid-post-excerpt\"><a href=\"https:\/\/soymigrante.com\/revista\/jose-gamez-marimba-digital-502-migrante-sonador-originario-de-quiche\/\" class=\"eael-post-elements-readmore-btn\">CONOCE SU HISTORIA <\/a><\/div>\n                    <\/div><\/div><\/div>\n        <\/div>\n    <\/article><article class=\"eael-grid-post  eael-post-grid-column eael-pg-post-3639 category-exitos\" data-id=\"3639\">\n        <div class=\"eael-grid-post-holder\">\n            <div class=\"eael-grid-post-holder-inner\"><div class=\"eael-entry-media\"><div class=\"eael-entry-overlay fade-in\"><i class=\"far fa-hand-pointer\" aria-hidden=\"true\"><\/i><a href=\"https:\/\/soymigrante.com\/revista\/migrante-awal-marimba-tradicion-guatemala-washington\/\"><\/a><\/div><div class=\"eael-entry-thumbnail \">\n                <img loading=\"lazy\" decoding=\"async\" width=\"1024\" height=\"714\" src=\"https:\/\/soymigrante.com\/revista\/wp-content\/uploads\/2023\/12\/grupo-maya-awal-e1701797039856-1024x714.webp\" class=\"attachment-large size-large wp-image-3659\" alt=\"\" srcset=\"https:\/\/soymigrante.com\/revista\/wp-content\/uploads\/2023\/12\/grupo-maya-awal-e1701797039856-1024x714.webp 1024w, https:\/\/soymigrante.com\/revista\/wp-content\/uploads\/2023\/12\/grupo-maya-awal-e1701797039856-300x209.webp 300w, https:\/\/soymigrante.com\/revista\/wp-content\/uploads\/2023\/12\/grupo-maya-awal-e1701797039856-768x535.webp 768w, https:\/\/soymigrante.com\/revista\/wp-content\/uploads\/2023\/12\/grupo-maya-awal-e1701797039856-750x523.webp 750w, https:\/\/soymigrante.com\/revista\/wp-content\/uploads\/2023\/12\/grupo-maya-awal-e1701797039856.webp 1030w\" sizes=\"(max-width: 1024px) 100vw, 1024px\" \/>\n            <\/div>\n        <\/div><div class=\"eael-entry-wrapper\"><header class=\"eael-entry-header\"><h2 class=\"eael-entry-title\"><a class=\"eael-grid-post-link\" href=\"https:\/\/soymigrante.com\/revista\/migrante-awal-marimba-tradicion-guatemala-washington\/\" title=\"Familias migrantes integran una sola en Danza Awal\">Familias migrantes integran una sola en Danza Awal<\/a><\/h2><\/header><div class=\"eael-entry-content\">\n                        <div class=\"eael-grid-post-excerpt\"><a href=\"https:\/\/soymigrante.com\/revista\/migrante-awal-marimba-tradicion-guatemala-washington\/\" class=\"eael-post-elements-readmore-btn\">CONOCE SU HISTORIA <\/a><\/div>\n                    <\/div><\/div><\/div>\n        <\/div>\n    <\/article><article class=\"eael-grid-post  eael-post-grid-column eael-pg-post-1694 category-exitos tags-nueva-jersey\" data-id=\"1694\">\n        <div class=\"eael-grid-post-holder\">\n            <div class=\"eael-grid-post-holder-inner\"><div class=\"eael-entry-media\"><div class=\"eael-entry-overlay fade-in\"><i class=\"far fa-hand-pointer\" aria-hidden=\"true\"><\/i><a href=\"https:\/\/soymigrante.com\/revista\/alfredo-canastuj-marimba-guatemalteca-eeuu\/\"><\/a><\/div><div class=\"eael-entry-thumbnail \">\n                <img loading=\"lazy\" decoding=\"async\" width=\"1024\" height=\"682\" src=\"https:\/\/soymigrante.com\/revista\/wp-content\/uploads\/2023\/07\/Alfredo-portador-del-talento-1024x682.webp\" class=\"attachment-large size-large wp-image-1705\" alt=\"Alfredo portador del talento\" srcset=\"https:\/\/soymigrante.com\/revista\/wp-content\/uploads\/2023\/07\/Alfredo-portador-del-talento-1024x682.webp 1024w, https:\/\/soymigrante.com\/revista\/wp-content\/uploads\/2023\/07\/Alfredo-portador-del-talento-300x200.webp 300w, https:\/\/soymigrante.com\/revista\/wp-content\/uploads\/2023\/07\/Alfredo-portador-del-talento-768x512.webp 768w, https:\/\/soymigrante.com\/revista\/wp-content\/uploads\/2023\/07\/Alfredo-portador-del-talento-1536x1023.webp 1536w, https:\/\/soymigrante.com\/revista\/wp-content\/uploads\/2023\/07\/Alfredo-portador-del-talento-750x500.webp 750w, https:\/\/soymigrante.com\/revista\/wp-content\/uploads\/2023\/07\/Alfredo-portador-del-talento-1140x760.webp 1140w, https:\/\/soymigrante.com\/revista\/wp-content\/uploads\/2023\/07\/Alfredo-portador-del-talento-600x400.webp 600w, https:\/\/soymigrante.com\/revista\/wp-content\/uploads\/2023\/07\/Alfredo-portador-del-talento.webp 1600w\" sizes=\"(max-width: 1024px) 100vw, 1024px\" \/>\n            <\/div>\n        <\/div><div class=\"eael-entry-wrapper\"><header class=\"eael-entry-header\"><h2 class=\"eael-entry-title\"><a class=\"eael-grid-post-link\" href=\"https:\/\/soymigrante.com\/revista\/alfredo-canastuj-marimba-guatemalteca-eeuu\/\" title=\"Rey K&#8217;ich\u00e9 migrante hace vibrar la marimba en Estados Unidos\">Rey K&#8217;ich\u00e9 migrante hace vibrar la marimba en Estados Unidos<\/a><\/h2><\/header><div class=\"eael-entry-content\">\n                        <div class=\"eael-grid-post-excerpt\"><a href=\"https:\/\/soymigrante.com\/revista\/alfredo-canastuj-marimba-guatemalteca-eeuu\/\" class=\"eael-post-elements-readmore-btn\">CONOCE SU HISTORIA <\/a><\/div>\n                    <\/div><\/div><\/div>\n        <\/div>\n    <\/article><\/div>\n            <div class=\"clearfix\"><\/div>\n        <\/div>\t\t\t\t<\/div>\n\t\t\t\t\t<\/div>\n\t\t\t\t<\/div>\n\t\t\t\t<\/div>\n\t\t","protected":false},"excerpt":{"rendered":"<p>Arnoldo Estrada aprendi\u00f3 a tocar marimba con las ense\u00f1anzas de su abuelo y a los 8 a\u00f1os ya se presentaba en celebraciones. Integr\u00f3 varios conjuntos y vive en Chicago desde 1975, en donde nunca ha dejado de promover el instrumento nacional con el mismo entusiasmo de cuando era ni\u00f1o. Esta es su historia. A los [&hellip;]<\/p>\n","protected":false},"author":7,"featured_media":33630,"comment_status":"open","ping_status":"open","sticky":false,"template":"","format":"standard","meta":{"_acf_changed":false,"_eb_attr":"","footnotes":""},"categories":[50,274],"tags":[],"class_list":["post-33626","post","type-post","status-publish","format-standard","has-post-thumbnail","hentry","category-exitos","category-guatemala"],"acf":[],"aioseo_notices":[],"aioseo_head":"\n\t\t<!-- All in One SEO Pro 4.9.6.2 - aioseo.com -->\n\t<meta name=\"description\" content=\"Alfredo Canastuj, originario de Barranech\u00e9, toca la marimba en EE.UU., uniendo a guatemaltecos y conquistando corazones estadounidenses con su m\u00fasica.\" \/>\n\t<meta name=\"robots\" content=\"max-snippet:-1, max-image-preview:large, max-video-preview:-1\" \/>\n\t<meta name=\"author\" content=\"Diana Batz\"\/>\n\t<link rel=\"canonical\" href=\"https:\/\/soymigrante.com\/revista\/alfredo-canastuj-marimba-guatemalteca-eeuu\/\" \/>\n\t<meta name=\"generator\" content=\"All in One SEO Pro (AIOSEO) 4.9.6.2\" \/>\n\n\t\t<link rel=\"preconnect\" href=\"https:\/\/fonts.googleapis.com\" crossorigin>\n<link rel=\"preconnect\" href=\"https:\/\/fonts.gstatic.com\" crossorigin>\n\t\t<meta property=\"og:locale\" content=\"es_ES\" \/>\n\t\t<meta property=\"og:site_name\" content=\"SoyMigrante.com REVISTA \u2013 Nuestra misi\u00f3n es reconocer y dignificar al migrante.\" \/>\n\t\t<meta property=\"og:type\" content=\"article\" \/>\n\t\t<meta property=\"og:title\" content=\"Rey K\u2019ich\u00e9 migrante hace vibrar la marimba en Estados Unidos\" \/>\n\t\t<meta property=\"og:description\" content=\"Alfredo Canastuj, originario de Barranech\u00e9, toca la marimba en EE.UU., uniendo a guatemaltecos y conquistando corazones estadounidenses con su m\u00fasica.\" \/>\n\t\t<meta property=\"og:url\" content=\"https:\/\/soymigrante.com\/revista\/alfredo-canastuj-marimba-guatemalteca-eeuu\/\" \/>\n\t\t<meta property=\"og:image\" content=\"https:\/\/soymigrante.com\/revista\/wp-content\/uploads\/2023\/07\/Alfredo-portador-del-talento.webp\" \/>\n\t\t<meta property=\"og:image:secure_url\" content=\"https:\/\/soymigrante.com\/revista\/wp-content\/uploads\/2023\/07\/Alfredo-portador-del-talento.webp\" \/>\n\t\t<meta property=\"og:image:width\" content=\"1600\" \/>\n\t\t<meta property=\"og:image:height\" content=\"1066\" \/>\n\t\t<meta property=\"article:published_time\" content=\"2023-07-04T15:52:19+00:00\" \/>\n\t\t<meta property=\"article:modified_time\" content=\"2026-03-11T22:44:15+00:00\" \/>\n\t\t<meta property=\"article:publisher\" content=\"https:\/\/www.facebook.com\/soymigrantecom\" \/>\n\t\t<meta name=\"twitter:card\" content=\"summary_large_image\" \/>\n\t\t<meta name=\"twitter:site\" content=\"@SoyMigrante_com\" \/>\n\t\t<meta name=\"twitter:title\" content=\"Rey K\u2019ich\u00e9 migrante hace vibrar la marimba en Estados Unidos\" \/>\n\t\t<meta name=\"twitter:description\" content=\"Alfredo Canastuj, originario de Barranech\u00e9, toca la marimba en EE.UU., uniendo a guatemaltecos y conquistando corazones estadounidenses con su m\u00fasica.\" \/>\n\t\t<meta name=\"twitter:creator\" content=\"@SoyMigrante_com\" \/>\n\t\t<meta name=\"twitter:image\" content=\"https:\/\/soymigrante.com\/revista\/wp-content\/uploads\/2023\/07\/Alfredo-portador-del-talento.webp\" \/>\n\t\t<!-- All in One SEO Pro -->\r\n\t\t<title>Rey K\u2019ich\u00e9 migrante hace vibrar la marimba en Estados Unidos<\/title>\n\n","aioseo_head_json":{"title":"Rey K\u2019ich\u00e9 migrante hace vibrar la marimba en Estados Unidos","description":"Alfredo Canastuj, originario de Barranech\u00e9, toca la marimba en EE.UU., uniendo a guatemaltecos y conquistando corazones estadounidenses con su m\u00fasica.","canonical_url":"https:\/\/soymigrante.com\/revista\/alfredo-canastuj-marimba-guatemalteca-eeuu\/","robots":"max-snippet:-1, max-image-preview:large, max-video-preview:-1","keywords":"","webmasterTools":{"miscellaneous":"&lt;link rel=\"preconnect\" href=\"https:\/\/fonts.googleapis.com\" crossorigin&gt;\n&lt;link rel=\"preconnect\" href=\"https:\/\/fonts.gstatic.com\" crossorigin&gt;"},"schema":null,"og:locale":"es_ES","og:site_name":"SoyMigrante.com REVISTA \u2013 Nuestra misi\u00f3n es reconocer y dignificar al migrante.","og:type":"article","og:title":"Rey K\u2019ich\u00e9 migrante hace vibrar la marimba en Estados Unidos","og:description":"Alfredo Canastuj, originario de Barranech\u00e9, toca la marimba en EE.UU., uniendo a guatemaltecos y conquistando corazones estadounidenses con su m\u00fasica.","og:url":"https:\/\/soymigrante.com\/revista\/alfredo-canastuj-marimba-guatemalteca-eeuu\/","og:image":"https:\/\/soymigrante.com\/revista\/wp-content\/uploads\/2023\/07\/Alfredo-portador-del-talento.webp","og:image:secure_url":"https:\/\/soymigrante.com\/revista\/wp-content\/uploads\/2023\/07\/Alfredo-portador-del-talento.webp","og:image:width":1600,"og:image:height":1066,"article:published_time":"2023-07-04T15:52:19+00:00","article:modified_time":"2026-03-11T22:44:15+00:00","article:publisher":"https:\/\/www.facebook.com\/soymigrantecom","twitter:card":"summary_large_image","twitter:site":"@SoyMigrante_com","twitter:title":"Rey K\u2019ich\u00e9 migrante hace vibrar la marimba en Estados Unidos","twitter:description":"Alfredo Canastuj, originario de Barranech\u00e9, toca la marimba en EE.UU., uniendo a guatemaltecos y conquistando corazones estadounidenses con su m\u00fasica.","twitter:creator":"@SoyMigrante_com","twitter:image":"https:\/\/soymigrante.com\/revista\/wp-content\/uploads\/2023\/07\/Alfredo-portador-del-talento.webp"},"aioseo_meta_data":{"post_id":"33626","title":"Pionero de la marimba guatemalteca en Chicago: Arnoldo Estrada","description":"Marimbista desde los 8 a\u00f1os, Arnoldo Estrada lleva 50 a\u00f1os en Chicago, donde ha fundado varias marimba. Sigue ense\u00f1ando y tocando as\u00ed como lo hizo su abuelo","keywords":null,"keyphrases":{"focus":{"keyphrase":"Marimba","score":88,"analysis":{"keyphraseInTitle":{"score":9,"maxScore":9,"error":0},"keyphraseInDescription":{"score":9,"maxScore":9,"error":0},"keyphraseLength":{"score":9,"maxScore":9,"error":0,"length":1},"keyphraseInURL":{"score":1,"maxScore":5,"error":1}}},"additional":[{"keyphrase":"Marimbista","score":100,"analysis":{"keyphraseInDescription":{"score":9,"maxScore":9,"error":0},"keyphraseLength":{"score":9,"maxScore":9,"error":0,"length":1}}},{"keyphrase":"Chicago","score":100,"analysis":{"keyphraseInDescription":{"score":9,"maxScore":9,"error":0},"keyphraseLength":{"score":9,"maxScore":9,"error":0,"length":1}}},{"keyphrase":"Arnoldo Estrada","score":100,"analysis":{"keyphraseInDescription":{"score":9,"maxScore":9,"error":0},"keyphraseLength":{"score":9,"maxScore":9,"error":0,"length":2}}}]},"primary_term":null,"canonical_url":null,"og_title":null,"og_description":null,"og_object_type":"default","og_image_type":"default","og_image_url":null,"og_image_width":null,"og_image_height":null,"og_image_custom_url":null,"og_image_custom_fields":null,"og_video":"","og_custom_url":null,"og_article_section":null,"og_article_tags":null,"twitter_use_og":false,"twitter_card":"default","twitter_image_type":"default","twitter_image_url":null,"twitter_image_custom_url":null,"twitter_image_custom_fields":null,"twitter_title":null,"twitter_description":null,"schema":{"blockGraphs":[],"customGraphs":[],"default":{"data":{"Article":[],"Course":[],"Dataset":[],"FAQPage":[],"Movie":[],"Person":[],"Product":[],"ProductReview":[],"Car":[],"Recipe":[],"Service":[],"SoftwareApplication":[],"WebPage":[]},"graphName":"none","isEnabled":true},"graphs":[]},"schema_type":"default","schema_type_options":null,"pillar_content":false,"robots_default":true,"robots_noindex":false,"robots_noarchive":false,"robots_nosnippet":false,"robots_nofollow":false,"robots_noimageindex":false,"robots_noodp":false,"robots_notranslate":false,"robots_max_snippet":"-1","robots_max_videopreview":"-1","robots_max_imagepreview":"large","priority":null,"frequency":"default","local_seo":null,"seo_analyzer_scan_date":"2025-10-09 05:13:05","breadcrumb_settings":null,"limit_modified_date":false,"reviewed_by":null,"open_ai":"{\"title\":{\"suggestions\":[],\"usage\":0},\"description\":{\"suggestions\":[],\"usage\":0}}","ai":null,"created":"2025-05-15 17:22:40","updated":"2026-02-04 23:41:32"},"aioseo_breadcrumb":"<div class=\"aioseo-breadcrumbs\"><span class=\"aioseo-breadcrumb\">\n\t<a href=\"https:\/\/soymigrante.com\/revista\" title=\"Home\">Home<\/a>\n<\/span><span class=\"aioseo-breadcrumb-separator\">\u00bb<\/span><span class=\"aioseo-breadcrumb\">\n\t<a href=\"https:\/\/soymigrante.com\/revista\/category\/exitos\/\" title=\"\u00c9xitos\">\u00c9xitos<\/a>\n<\/span><span class=\"aioseo-breadcrumb-separator\">\u00bb<\/span><span class=\"aioseo-breadcrumb\">\n\t<a href=\"https:\/\/soymigrante.com\/revista\/category\/exitos\/guatemala\/\" title=\"Guatemala\">Guatemala<\/a>\n<\/span><span class=\"aioseo-breadcrumb-separator\">\u00bb<\/span><span class=\"aioseo-breadcrumb\">\n\tArnoldo Estrada, un pionero de la marimba guatemalteca en Chicago: m\u00e1s de 50 a\u00f1os de m\u00fasica y legado\n<\/span><\/div>","aioseo_breadcrumb_json":[{"label":"Home","link":"https:\/\/soymigrante.com\/revista"},{"label":"\u00c9xitos","link":"https:\/\/soymigrante.com\/revista\/category\/exitos\/"},{"label":"Guatemala","link":"https:\/\/soymigrante.com\/revista\/category\/exitos\/guatemala\/"},{"label":"Arnoldo Estrada, un pionero de la marimba guatemalteca en Chicago: m\u00e1s de 50 a\u00f1os de m\u00fasica y legado","link":"https:\/\/soymigrante.com\/revista\/arnoldo-estrada-un-pionero-de-la-marimba-guatemalteca-en-chicago-mas-de-50-anos-de-musica-y-legado\/"}],"_links":{"self":[{"href":"https:\/\/soymigrante.com\/revista\/wp-json\/wp\/v2\/posts\/33626","targetHints":{"allow":["GET"]}}],"collection":[{"href":"https:\/\/soymigrante.com\/revista\/wp-json\/wp\/v2\/posts"}],"about":[{"href":"https:\/\/soymigrante.com\/revista\/wp-json\/wp\/v2\/types\/post"}],"author":[{"embeddable":true,"href":"https:\/\/soymigrante.com\/revista\/wp-json\/wp\/v2\/users\/7"}],"replies":[{"embeddable":true,"href":"https:\/\/soymigrante.com\/revista\/wp-json\/wp\/v2\/comments?post=33626"}],"version-history":[{"count":10,"href":"https:\/\/soymigrante.com\/revista\/wp-json\/wp\/v2\/posts\/33626\/revisions"}],"predecessor-version":[{"id":46682,"href":"https:\/\/soymigrante.com\/revista\/wp-json\/wp\/v2\/posts\/33626\/revisions\/46682"}],"wp:featuredmedia":[{"embeddable":true,"href":"https:\/\/soymigrante.com\/revista\/wp-json\/wp\/v2\/media\/33630"}],"wp:attachment":[{"href":"https:\/\/soymigrante.com\/revista\/wp-json\/wp\/v2\/media?parent=33626"}],"wp:term":[{"taxonomy":"category","embeddable":true,"href":"https:\/\/soymigrante.com\/revista\/wp-json\/wp\/v2\/categories?post=33626"},{"taxonomy":"post_tag","embeddable":true,"href":"https:\/\/soymigrante.com\/revista\/wp-json\/wp\/v2\/tags?post=33626"}],"curies":[{"name":"wp","href":"https:\/\/api.w.org\/{rel}","templated":true}]}}