{"id":336,"date":"2023-05-26T00:31:02","date_gmt":"2023-05-26T00:31:02","guid":{"rendered":"https:\/\/soymigrante.wpengine.com\/?p=336"},"modified":"2024-06-25T16:43:22","modified_gmt":"2024-06-25T22:43:22","slug":"un-dia-me-di-ccuenta-que-eramos-migrantes","status":"publish","type":"post","link":"https:\/\/soymigrante.com\/revista\/un-dia-me-di-ccuenta-que-eramos-migrantes\/","title":{"rendered":"Un d\u00eda me d\u00ed cuenta que \u00e9ramos migrantes"},"content":{"rendered":"\t\t<div data-elementor-type=\"wp-post\" data-elementor-id=\"336\" class=\"elementor elementor-336\" data-elementor-post-type=\"post\">\n\t\t\t\t\t\t<section data-particle_enable=\"false\" data-particle-mobile-disabled=\"false\" class=\"elementor-section elementor-top-section elementor-element elementor-element-e451dd6 elementor-section-boxed elementor-section-height-default elementor-section-height-default\" data-id=\"e451dd6\" data-element_type=\"section\" data-e-type=\"section\">\n\t\t\t\t\t\t<div class=\"elementor-container elementor-column-gap-default\">\n\t\t\t\t\t<div class=\"elementor-column elementor-col-100 elementor-top-column elementor-element elementor-element-14d51c86\" data-id=\"14d51c86\" data-element_type=\"column\" data-e-type=\"column\">\n\t\t\t<div class=\"elementor-widget-wrap elementor-element-populated\">\n\t\t\t\t\t\t<div class=\"elementor-element elementor-element-5840279d elementor-widget elementor-widget-text-editor\" data-id=\"5840279d\" data-element_type=\"widget\" data-e-type=\"widget\" data-widget_type=\"text-editor.default\">\n\t\t\t\t\t\t\t\t\t<p><\/p>\n<h4>Dentro o fuera de Guatemala nos desplazamos en busca de trabajo, de oportunidades, de la vida misma.<\/h4>\n<p><strong>Por Francisco Morales Santos, Premio Nacional de Literatura de Guatemala 1998<br \/>Imagen ilustrativa: Armando Seb<\/strong><\/p>\n<p><span style=\"color: var( --e-global-color-text ); background-color: var(--ak-bg-color);\">Era una noche muy oscura. Mi padre hab\u00eda conseguido trabajo como jornalero en una finca a unas cuatro leguas de San Lorenzo El Cubo, cerca de Antigua Guatemala, Sacatep\u00e9quez.\u00a0<\/span><\/p>\n<p><span style=\"color: var( --e-global-color-text ); background-color: var(--ak-bg-color);\">Por alguna raz\u00f3n que todav\u00eda desconozco, \u00e9l dispuso viajar\u00a0por la noche a lo que ser\u00eda nuestro nuevo hogar. Para llegar hab\u00eda que\u00a0transitar a pie por un camino angosto hasta llegar a la llamada\u00a0 \u201ccumbre de Medina\u201d,\u00a0donde hab\u00eda varios cipreses a\u00f1osos. Era aquella la soledad de la noche que en su silencio atestiguaba el desplazamiento de una familia en busca de mejores condiciones de vida.<\/span><\/p>\n<p><span style=\"color: var( --e-global-color-text ); background-color: var(--ak-bg-color);\">Mi hermana Isabel llevaba un canasto con granos a la cabeza. Yo, por ser m\u00e1s peque\u00f1o, iba montado sobre un costal con\u00a0ma\u00edz que mi padre llevaba a mecapal.<\/span><\/p>\n<p><span style=\"color: var( --e-global-color-text ); background-color: var(--ak-bg-color);\">\u00a0De repente mi hermana tropez\u00f3 con unas\u00a0ra\u00edces de cipr\u00e9s y tanto ella como el canasto rodaron. Quiz\u00e1 cualquier padre le habr\u00eda rega\u00f1ado por haber botado el frijol que llev\u00e1bamos quiz\u00e1 para comer al otro d\u00eda. Pero solo le pregunt\u00f3 si se hab\u00eda lastimado, si estaba bien y le ayud\u00f3 a levantarse.<\/span><\/p>\n<p><span style=\"color: var( --e-global-color-text ); background-color: var(--ak-bg-color);\">De la bajada y el resto\u00a0de nuestro viaje por un camino m\u00e1s amplio, no recuerdo nada. Din embargo, fue a\u00a0partir de aquella peque\u00f1a tragedia en la oscuridad y el silencio que tom\u00e9 conciencia de nuestra realidad:\u00a0pobres, sin casa propia ni dinero. Con el tiempo llegu\u00e9 a tomar conciencia de\u00a0que la nuestra fue una de las tantas migraciones internas que han ocurrido en Guatemala y que tambi\u00e9n forman parte de su historia, aunque no se sepan nombres o detalles.<\/span><\/p>\n<p><span style=\"color: var( --e-global-color-text ); background-color: var(--ak-bg-color);\">\u00a0<\/span><\/p>\n<p><\/p>\t\t\t\t\t\t\t\t<\/div>\n\t\t\t\t\t<\/div>\n\t\t<\/div>\n\t\t\t\t\t<\/div>\n\t\t<\/section>\n\t\t\t\t<\/div>\n\t\t","protected":false},"excerpt":{"rendered":"<p>Dentro o fuera de Guatemala nos desplazamos en busca de trabajo, de oportunidades, de la vida misma. Por Francisco Morales Santos, Premio Nacional de Literatura de Guatemala 1998Imagen ilustrativa: Armando Seb Era una noche muy oscura. Mi padre hab\u00eda conseguido trabajo como jornalero en una finca a unas cuatro leguas de San Lorenzo El Cubo, [&hellip;]<\/p>\n","protected":false},"author":1,"featured_media":697,"comment_status":"open","ping_status":"open","sticky":false,"template":"","format":"standard","meta":{"_acf_changed":false,"_eb_attr":"","footnotes":""},"categories":[56],"tags":[],"class_list":["post-336","post","type-post","status-publish","format-standard","has-post-thumbnail","hentry","category-lugar-de-voces"],"acf":[],"aioseo_notices":[],"aioseo_head":"\n\t\t<!-- All in One SEO Pro 4.9.6.2 - aioseo.com -->\n\t<meta name=\"description\" content=\"Dentro o fuera de Guatemala nos desplazamos en busca de trabajo, de oportunidades, de la vida misma. Por Francisco Morales Santos, Premio Nacional de Literatura de Guatemala 1998Imagen ilustrativa: Armando Seb Era una noche muy oscura. Mi padre hab\u00eda conseguido trabajo como jornalero en una finca a unas cuatro leguas de San Lorenzo El Cubo,\" \/>\n\t<meta name=\"robots\" content=\"max-snippet:-1, max-image-preview:large, max-video-preview:-1\" \/>\n\t<meta name=\"author\" content=\"SoyMigrante.com REVISTA\"\/>\n\t<link rel=\"canonical\" href=\"https:\/\/soymigrante.com\/revista\/un-dia-me-di-ccuenta-que-eramos-migrantes\/\" \/>\n\t<meta name=\"generator\" content=\"All in One SEO Pro (AIOSEO) 4.9.6.2\" \/>\n\n\t\t<link rel=\"preconnect\" href=\"https:\/\/fonts.googleapis.com\" crossorigin>\n<link rel=\"preconnect\" href=\"https:\/\/fonts.gstatic.com\" crossorigin>\n\t\t<meta property=\"og:locale\" content=\"es_ES\" \/>\n\t\t<meta property=\"og:site_name\" content=\"SoyMigrante.com REVISTA \u2013 Nuestra misi\u00f3n es reconocer y dignificar al migrante.\" \/>\n\t\t<meta property=\"og:type\" content=\"article\" \/>\n\t\t<meta property=\"og:title\" content=\"Un d\u00eda me d\u00ed cuenta que \u00e9ramos migrantes\" \/>\n\t\t<meta property=\"og:description\" content=\"Dentro o fuera de Guatemala nos desplazamos en busca de trabajo, de oportunidades, de la vida misma. Por Francisco Morales Santos, Premio Nacional de Literatura de Guatemala 1998Imagen ilustrativa: Armando Seb Era una noche muy oscura. Mi padre hab\u00eda conseguido trabajo como jornalero en una finca a unas cuatro leguas de San Lorenzo El Cubo,\" \/>\n\t\t<meta property=\"og:url\" content=\"https:\/\/soymigrante.com\/revista\/un-dia-me-di-ccuenta-que-eramos-migrantes\/\" \/>\n\t\t<meta property=\"og:image\" content=\"https:\/\/soymigrante.com\/revista\/wp-content\/uploads\/2023\/02\/ROSTRO-PINTANDOSE-PINTURA-DE-ARMANDO-SEB.webp\" \/>\n\t\t<meta property=\"og:image:secure_url\" content=\"https:\/\/soymigrante.com\/revista\/wp-content\/uploads\/2023\/02\/ROSTRO-PINTANDOSE-PINTURA-DE-ARMANDO-SEB.webp\" \/>\n\t\t<meta property=\"og:image:width\" content=\"1365\" \/>\n\t\t<meta property=\"og:image:height\" content=\"1365\" \/>\n\t\t<meta property=\"article:published_time\" content=\"2023-05-26T00:31:02+00:00\" \/>\n\t\t<meta property=\"article:modified_time\" content=\"2024-06-25T22:43:22+00:00\" \/>\n\t\t<meta property=\"article:publisher\" content=\"https:\/\/www.facebook.com\/soymigrantecom\" \/>\n\t\t<meta name=\"twitter:card\" content=\"summary_large_image\" \/>\n\t\t<meta name=\"twitter:site\" content=\"@SoyMigrante_com\" \/>\n\t\t<meta name=\"twitter:title\" content=\"Un d\u00eda me d\u00ed cuenta que \u00e9ramos migrantes\" \/>\n\t\t<meta name=\"twitter:description\" content=\"Dentro o fuera de Guatemala nos desplazamos en busca de trabajo, de oportunidades, de la vida misma. Por Francisco Morales Santos, Premio Nacional de Literatura de Guatemala 1998Imagen ilustrativa: Armando Seb Era una noche muy oscura. Mi padre hab\u00eda conseguido trabajo como jornalero en una finca a unas cuatro leguas de San Lorenzo El Cubo,\" \/>\n\t\t<meta name=\"twitter:creator\" content=\"@SoyMigrante_com\" \/>\n\t\t<meta name=\"twitter:image\" content=\"https:\/\/soymigrante.com\/revista\/wp-content\/uploads\/2023\/02\/ROSTRO-PINTANDOSE-PINTURA-DE-ARMANDO-SEB.webp\" \/>\n\t\t<!-- All in One SEO Pro -->\r\n\t\t<title>Un d\u00eda me d\u00ed cuenta que \u00e9ramos migrantes<\/title>\n\n","aioseo_head_json":{"title":"Un d\u00eda me d\u00ed cuenta que \u00e9ramos migrantes","description":"Dentro o fuera de Guatemala nos desplazamos en busca de trabajo, de oportunidades, de la vida misma. Por Francisco Morales Santos, Premio Nacional de Literatura de Guatemala 1998Imagen ilustrativa: Armando Seb Era una noche muy oscura. Mi padre hab\u00eda conseguido trabajo como jornalero en una finca a unas cuatro leguas de San Lorenzo El Cubo,","canonical_url":"https:\/\/soymigrante.com\/revista\/un-dia-me-di-ccuenta-que-eramos-migrantes\/","robots":"max-snippet:-1, max-image-preview:large, max-video-preview:-1","keywords":"","webmasterTools":{"miscellaneous":"&lt;link rel=\"preconnect\" href=\"https:\/\/fonts.googleapis.com\" crossorigin&gt;\n&lt;link rel=\"preconnect\" href=\"https:\/\/fonts.gstatic.com\" crossorigin&gt;"},"schema":null,"og:locale":"es_ES","og:site_name":"SoyMigrante.com REVISTA \u2013 Nuestra misi\u00f3n es reconocer y dignificar al migrante.","og:type":"article","og:title":"Un d\u00eda me d\u00ed cuenta que \u00e9ramos migrantes","og:description":"Dentro o fuera de Guatemala nos desplazamos en busca de trabajo, de oportunidades, de la vida misma. Por Francisco Morales Santos, Premio Nacional de Literatura de Guatemala 1998Imagen ilustrativa: Armando Seb Era una noche muy oscura. Mi padre hab\u00eda conseguido trabajo como jornalero en una finca a unas cuatro leguas de San Lorenzo El Cubo,","og:url":"https:\/\/soymigrante.com\/revista\/un-dia-me-di-ccuenta-que-eramos-migrantes\/","og:image":"https:\/\/soymigrante.com\/revista\/wp-content\/uploads\/2023\/02\/ROSTRO-PINTANDOSE-PINTURA-DE-ARMANDO-SEB.webp","og:image:secure_url":"https:\/\/soymigrante.com\/revista\/wp-content\/uploads\/2023\/02\/ROSTRO-PINTANDOSE-PINTURA-DE-ARMANDO-SEB.webp","og:image:width":1365,"og:image:height":1365,"article:published_time":"2023-05-26T00:31:02+00:00","article:modified_time":"2024-06-25T22:43:22+00:00","article:publisher":"https:\/\/www.facebook.com\/soymigrantecom","twitter:card":"summary_large_image","twitter:site":"@SoyMigrante_com","twitter:title":"Un d\u00eda me d\u00ed cuenta que \u00e9ramos migrantes","twitter:description":"Dentro o fuera de Guatemala nos desplazamos en busca de trabajo, de oportunidades, de la vida misma. Por Francisco Morales Santos, Premio Nacional de Literatura de Guatemala 1998Imagen ilustrativa: Armando Seb Era una noche muy oscura. Mi padre hab\u00eda conseguido trabajo como jornalero en una finca a unas cuatro leguas de San Lorenzo El Cubo,","twitter:creator":"@SoyMigrante_com","twitter:image":"https:\/\/soymigrante.com\/revista\/wp-content\/uploads\/2023\/02\/ROSTRO-PINTANDOSE-PINTURA-DE-ARMANDO-SEB.webp"},"aioseo_meta_data":{"post_id":"336","title":null,"description":null,"keywords":null,"keyphrases":{"focus":{"keyphrase":" Migrantes","score":58,"analysis":{"keyphraseInTitle":{"score":9,"maxScore":9,"error":0},"keyphraseInDescription":{"score":3,"maxScore":9,"error":1},"keyphraseLength":{"score":9,"maxScore":9,"error":0,"length":1},"keyphraseInURL":{"score":5,"maxScore":5,"error":0},"keyphraseInIntroduction":{"score":3,"maxScore":9,"error":1},"keyphraseInSubHeadings":[],"keyphraseInImageAlt":[],"keywordDensity":{"score":0,"type":"low","maxScore":9,"error":1}}},"additional":[]},"primary_term":null,"canonical_url":null,"og_title":null,"og_description":null,"og_object_type":"default","og_image_type":"default","og_image_url":null,"og_image_width":null,"og_image_height":null,"og_image_custom_url":null,"og_image_custom_fields":null,"og_video":"","og_custom_url":null,"og_article_section":null,"og_article_tags":null,"twitter_use_og":false,"twitter_card":"default","twitter_image_type":"default","twitter_image_url":null,"twitter_image_custom_url":null,"twitter_image_custom_fields":null,"twitter_title":null,"twitter_description":null,"schema":{"blockGraphs":[],"customGraphs":[],"default":{"data":{"Article":[],"Course":[],"Dataset":[],"FAQPage":[],"Movie":[],"Person":[],"Product":[],"ProductReview":[],"Car":[],"Recipe":[],"Service":[],"SoftwareApplication":[],"WebPage":[]},"graphName":"Article","isEnabled":true},"graphs":[]},"schema_type":"default","schema_type_options":null,"pillar_content":false,"robots_default":true,"robots_noindex":false,"robots_noarchive":false,"robots_nosnippet":false,"robots_nofollow":false,"robots_noimageindex":false,"robots_noodp":false,"robots_notranslate":false,"robots_max_snippet":"-1","robots_max_videopreview":"-1","robots_max_imagepreview":"large","priority":null,"frequency":"default","local_seo":null,"seo_analyzer_scan_date":"2025-10-08 19:43:14","breadcrumb_settings":null,"limit_modified_date":false,"reviewed_by":null,"open_ai":"{\"title\":{\"suggestions\":[],\"usage\":0},\"description\":{\"suggestions\":[],\"usage\":0}}","ai":null,"created":"2023-08-17 09:40:56","updated":"2026-02-04 04:29:28"},"aioseo_breadcrumb":"<div class=\"aioseo-breadcrumbs\"><span class=\"aioseo-breadcrumb\">\n\t<a href=\"https:\/\/soymigrante.com\/revista\" title=\"Home\">Home<\/a>\n<\/span><span class=\"aioseo-breadcrumb-separator\">\u00bb<\/span><span class=\"aioseo-breadcrumb\">\n\t<a href=\"https:\/\/soymigrante.com\/revista\/category\/estamos-unidos\/\" title=\"Estamos Unidos\">Estamos Unidos<\/a>\n<\/span><span class=\"aioseo-breadcrumb-separator\">\u00bb<\/span><span class=\"aioseo-breadcrumb\">\n\t<a href=\"https:\/\/soymigrante.com\/revista\/category\/estamos-unidos\/lugar-de-voces\/\" title=\"Lugar de Voces\">Lugar de Voces<\/a>\n<\/span><span class=\"aioseo-breadcrumb-separator\">\u00bb<\/span><span class=\"aioseo-breadcrumb\">\n\tUn d\u00eda me d\u00ed cuenta que \u00e9ramos migrantes\n<\/span><\/div>","aioseo_breadcrumb_json":[{"label":"Home","link":"https:\/\/soymigrante.com\/revista"},{"label":"Estamos Unidos","link":"https:\/\/soymigrante.com\/revista\/category\/estamos-unidos\/"},{"label":"Lugar de Voces","link":"https:\/\/soymigrante.com\/revista\/category\/estamos-unidos\/lugar-de-voces\/"},{"label":"Un d\u00eda me d\u00ed cuenta que \u00e9ramos migrantes","link":"https:\/\/soymigrante.com\/revista\/un-dia-me-di-ccuenta-que-eramos-migrantes\/"}],"_links":{"self":[{"href":"https:\/\/soymigrante.com\/revista\/wp-json\/wp\/v2\/posts\/336","targetHints":{"allow":["GET"]}}],"collection":[{"href":"https:\/\/soymigrante.com\/revista\/wp-json\/wp\/v2\/posts"}],"about":[{"href":"https:\/\/soymigrante.com\/revista\/wp-json\/wp\/v2\/types\/post"}],"author":[{"embeddable":true,"href":"https:\/\/soymigrante.com\/revista\/wp-json\/wp\/v2\/users\/1"}],"replies":[{"embeddable":true,"href":"https:\/\/soymigrante.com\/revista\/wp-json\/wp\/v2\/comments?post=336"}],"version-history":[{"count":0,"href":"https:\/\/soymigrante.com\/revista\/wp-json\/wp\/v2\/posts\/336\/revisions"}],"wp:featuredmedia":[{"embeddable":true,"href":"https:\/\/soymigrante.com\/revista\/wp-json\/wp\/v2\/media\/697"}],"wp:attachment":[{"href":"https:\/\/soymigrante.com\/revista\/wp-json\/wp\/v2\/media?parent=336"}],"wp:term":[{"taxonomy":"category","embeddable":true,"href":"https:\/\/soymigrante.com\/revista\/wp-json\/wp\/v2\/categories?post=336"},{"taxonomy":"post_tag","embeddable":true,"href":"https:\/\/soymigrante.com\/revista\/wp-json\/wp\/v2\/tags?post=336"}],"curies":[{"name":"wp","href":"https:\/\/api.w.org\/{rel}","templated":true}]}}