{"id":33558,"date":"2025-05-15T04:00:00","date_gmt":"2025-05-15T10:00:00","guid":{"rendered":"https:\/\/soymigrante.com\/revista\/?p=33558"},"modified":"2025-08-27T11:21:07","modified_gmt":"2025-08-27T17:21:07","slug":"como-organizar-y-distribuir-el-tiempo-libre-de-los-hijos-y-en-familia","status":"publish","type":"post","link":"https:\/\/soymigrante.com\/revista\/como-organizar-y-distribuir-el-tiempo-libre-de-los-hijos-y-en-familia\/","title":{"rendered":"Como organizar y distribuir el tiempo libre de los hijos y en familia"},"content":{"rendered":"\t\t<div data-elementor-type=\"wp-post\" data-elementor-id=\"33558\" class=\"elementor elementor-33558\" data-elementor-post-type=\"post\">\n\t\t\t\t<div data-particle_enable=\"false\" data-particle-mobile-disabled=\"false\" class=\"elementor-element elementor-element-99bd7d9 e-flex e-con-boxed e-con e-parent\" data-id=\"99bd7d9\" data-element_type=\"container\" data-e-type=\"container\">\n\t\t\t\t\t<div class=\"e-con-inner\">\n\t\t\t\t<div class=\"elementor-element elementor-element-2036cf8 elementor-widget elementor-widget-heading\" data-id=\"2036cf8\" data-element_type=\"widget\" data-e-type=\"widget\" data-widget_type=\"heading.default\">\n\t\t\t\t\t<h2 class=\"elementor-heading-title elementor-size-default\">Organizar y distribuir el tiempo libre de los hijos y en familia es una tarea de todos en el hogar, sigue estas recomendaciones. \n<\/h2>\t\t\t\t<\/div>\n\t\t\t\t\t<\/div>\n\t\t\t\t<\/div>\n\t\t<div data-particle_enable=\"false\" data-particle-mobile-disabled=\"false\" class=\"elementor-element elementor-element-df1dfa6 e-flex e-con-boxed e-con e-parent\" data-id=\"df1dfa6\" data-element_type=\"container\" data-e-type=\"container\">\n\t\t\t\t\t<div class=\"e-con-inner\">\n\t\t\t\t<div class=\"elementor-element elementor-element-e2b8643 elementor-widget elementor-widget-text-editor\" data-id=\"e2b8643\" data-element_type=\"widget\" data-e-type=\"widget\" data-widget_type=\"text-editor.default\">\n\t\t\t\t\t\t\t\t\t<p>Organizar y distribuir el tiempo libre de los hijos y en familia<a href=\"https:\/\/soymigrante.com\/revista\/acuerdos-entre-padres-e-hijos-son-lo-mas-inteligente-para-fortalecer-la-familia\/\" target=\"_blank\" rel=\"noopener\"> es esencial para fomentar el desarrollo integral de los ni\u00f1os<\/a> y fortalecer los lazos familiares.<\/p><p>La psic\u00f3loga Paola Ram\u00edrez, ofrece valiosas recomendaciones al respecto.<\/p>\t\t\t\t\t\t\t\t<\/div>\n\t\t\t\t\t<\/div>\n\t\t\t\t<\/div>\n\t\t<div data-particle_enable=\"false\" data-particle-mobile-disabled=\"false\" class=\"elementor-element elementor-element-51eb7aa e-flex e-con-boxed e-con e-parent\" data-id=\"51eb7aa\" data-element_type=\"container\" data-e-type=\"container\">\n\t\t\t\t\t<div class=\"e-con-inner\">\n\t\t\t\t<div class=\"elementor-element elementor-element-626457d elementor-widget elementor-widget-heading\" data-id=\"626457d\" data-element_type=\"widget\" data-e-type=\"widget\" data-widget_type=\"heading.default\">\n\t\t\t\t\t<h3 class=\"elementor-heading-title elementor-size-default\">La importancia de estructurar el tiempo libre<\/h3>\t\t\t\t<\/div>\n\t\t\t\t\t<\/div>\n\t\t\t\t<\/div>\n\t\t<div data-particle_enable=\"false\" data-particle-mobile-disabled=\"false\" class=\"elementor-element elementor-element-a385f11 e-flex e-con-boxed e-con e-parent\" data-id=\"a385f11\" data-element_type=\"container\" data-e-type=\"container\">\n\t\t\t\t\t<div class=\"e-con-inner\">\n\t\t\t\t<div class=\"elementor-element elementor-element-6b3239e elementor-widget elementor-widget-text-editor\" data-id=\"6b3239e\" data-element_type=\"widget\" data-e-type=\"widget\" data-widget_type=\"text-editor.default\">\n\t\t\t\t\t\t\t\t\t<p>Paola Ram\u00edrez destaca que el descanso y el tiempo libre no deben considerarse un premio, sino un derecho fundamental.<\/p><p>Es crucial que las familias comprendan que organizar el tiempo libre <a href=\"https:\/\/soymigrante.com\/revista\/acuerdos-entre-padres-e-hijos-son-lo-mas-inteligente-para-fortalecer-la-familia\/\" target=\"_blank\" rel=\"noopener\">no significa llenar cada momento con actividades, sino permitir espacios para el descanso,<\/a> la creatividad y la conexi\u00f3n emocional.<\/p>\t\t\t\t\t\t\t\t<\/div>\n\t\t\t\t\t<\/div>\n\t\t\t\t<\/div>\n\t\t<div data-particle_enable=\"false\" data-particle-mobile-disabled=\"false\" class=\"elementor-element elementor-element-731a793 e-flex e-con-boxed e-con e-parent\" data-id=\"731a793\" data-element_type=\"container\" data-e-type=\"container\">\n\t\t\t\t\t<div class=\"e-con-inner\">\n\t\t\t\t<div class=\"elementor-element elementor-element-9c93522 elementor-widget elementor-widget-image\" data-id=\"9c93522\" data-element_type=\"widget\" data-e-type=\"widget\" data-widget_type=\"image.default\">\n\t\t\t\t\t\t\t\t\t\t\t\t<figure class=\"wp-caption\">\n\t\t\t\t\t\t\t\t\t\t<img fetchpriority=\"high\" decoding=\"async\" width=\"1024\" height=\"612\" src=\"https:\/\/soymigrante.com\/revista\/wp-content\/uploads\/2025\/05\/Como-organizar-y-distribuir-el-tiempo-libre-de-los-hijos-y-en-familia-2-1024x612.jpeg\" class=\"attachment-large size-large wp-image-33564\" alt=\"Diversa familia multicultural disfrutando en la playa, reflejando temas de inmigraci\u00f3n y comunidad en SoyMigrante.com REVISTA.\" srcset=\"https:\/\/soymigrante.com\/revista\/wp-content\/uploads\/2025\/05\/Como-organizar-y-distribuir-el-tiempo-libre-de-los-hijos-y-en-familia-2-1024x612.jpeg 1024w, https:\/\/soymigrante.com\/revista\/wp-content\/uploads\/2025\/05\/Como-organizar-y-distribuir-el-tiempo-libre-de-los-hijos-y-en-familia-2-300x179.jpeg 300w, https:\/\/soymigrante.com\/revista\/wp-content\/uploads\/2025\/05\/Como-organizar-y-distribuir-el-tiempo-libre-de-los-hijos-y-en-familia-2-768x459.jpeg 768w, https:\/\/soymigrante.com\/revista\/wp-content\/uploads\/2025\/05\/Como-organizar-y-distribuir-el-tiempo-libre-de-los-hijos-y-en-familia-2-1536x918.jpeg 1536w, https:\/\/soymigrante.com\/revista\/wp-content\/uploads\/2025\/05\/Como-organizar-y-distribuir-el-tiempo-libre-de-los-hijos-y-en-familia-2-750x448.webp 750w, https:\/\/soymigrante.com\/revista\/wp-content\/uploads\/2025\/05\/Como-organizar-y-distribuir-el-tiempo-libre-de-los-hijos-y-en-familia-2-1140x681.webp 1140w, https:\/\/soymigrante.com\/revista\/wp-content\/uploads\/2025\/05\/Como-organizar-y-distribuir-el-tiempo-libre-de-los-hijos-y-en-familia-2.webp 1600w\" sizes=\"(max-width: 1024px) 100vw, 1024px\" \/>\t\t\t\t\t\t\t\t\t\t\t<figcaption class=\"widget-image-caption wp-caption-text\">Familia feliz en la playa promoviendo inclusi\u00f3n y uni\u00f3n familiar en la comunidad migrante.<\/figcaption>\n\t\t\t\t\t\t\t\t\t\t<\/figure>\n\t\t\t\t\t\t\t\t\t<\/div>\n\t\t\t\t\t<\/div>\n\t\t\t\t<\/div>\n\t\t<div data-particle_enable=\"false\" data-particle-mobile-disabled=\"false\" class=\"elementor-element elementor-element-4c8de2f e-flex e-con-boxed e-con e-parent\" data-id=\"4c8de2f\" data-element_type=\"container\" data-e-type=\"container\">\n\t\t\t\t\t<div class=\"e-con-inner\">\n\t\t\t\t<div class=\"elementor-element elementor-element-ac18d8c elementor-widget elementor-widget-heading\" data-id=\"ac18d8c\" data-element_type=\"widget\" data-e-type=\"widget\" data-widget_type=\"heading.default\">\n\t\t\t\t\t<h3 class=\"elementor-heading-title elementor-size-default\">Estrategias para una gesti\u00f3n efectiva del tiempo en familia<\/h3>\t\t\t\t<\/div>\n\t\t\t\t\t<\/div>\n\t\t\t\t<\/div>\n\t\t<div data-particle_enable=\"false\" data-particle-mobile-disabled=\"false\" class=\"elementor-element elementor-element-fd8a28f e-flex e-con-boxed e-con e-parent\" data-id=\"fd8a28f\" data-element_type=\"container\" data-e-type=\"container\">\n\t\t\t\t\t<div class=\"e-con-inner\">\n\t\t\t\t<div class=\"elementor-element elementor-element-4247cab elementor-widget elementor-widget-text-editor\" data-id=\"4247cab\" data-element_type=\"widget\" data-e-type=\"widget\" data-widget_type=\"text-editor.default\">\n\t\t\t\t\t\t\t\t\t<div><strong>1. Establecer rutinas flexibles:<\/strong> <a href=\"https:\/\/soymigrante.com\/revista\/acuerdos-entre-padres-e-hijos-son-lo-mas-inteligente-para-fortalecer-la-familia\/\" target=\"_blank\" rel=\"noopener\">Crear horarios que incluyan tiempo para el estudio, el juego, las actividades f\u00edsicas y el descanso<\/a> ayuda a los ni\u00f1os a desarrollar un sentido de seguridad y previsibilidad.<\/div><div><strong>2.Fomentar actividades compartidas<\/strong>: Dedicar tiempo a actividades en familia, como juegos de mesa, caminatas o cocinar juntos, fortalece los v\u00ednculos afectivos y crea recuerdos positivos.<\/div><div><strong>3.Promover la autonom\u00eda:<\/strong> Permitir que los ni\u00f1os elijan algunas de sus actividades les ayuda a desarrollar la toma de decisiones y la responsabilidad.<\/div>\t\t\t\t\t\t\t\t<\/div>\n\t\t\t\t\t<\/div>\n\t\t\t\t<\/div>\n\t\t<div data-particle_enable=\"false\" data-particle-mobile-disabled=\"false\" class=\"elementor-element elementor-element-427ac3b e-flex e-con-boxed e-con e-parent\" data-id=\"427ac3b\" data-element_type=\"container\" data-e-type=\"container\">\n\t\t\t\t\t<div class=\"e-con-inner\">\n\t\t\t\t<div class=\"elementor-element elementor-element-33b4131 elementor-widget elementor-widget-text-editor\" data-id=\"33b4131\" data-element_type=\"widget\" data-e-type=\"widget\" data-widget_type=\"text-editor.default\">\n\t\t\t\t\t\t\t\t\t<div><strong>4. Limitar el uso de dispositivos electr\u00f3nicos:<\/strong> Establecer l\u00edmites claros para el tiempo frente a pantallas garantiza que los ni\u00f1os participen en una variedad de actividades beneficiosas para su desarrollo.<\/div><div><strong>5.Valorar el tiempo de descanso<\/strong>: Reconocer la importancia del descanso y evitar sobrecargar a los ni\u00f1os con actividades programadas constantemente es esencial para su bienestar emocional y f\u00edsico.<\/div>\t\t\t\t\t\t\t\t<\/div>\n\t\t\t\t\t<\/div>\n\t\t\t\t<\/div>\n\t\t<div data-particle_enable=\"false\" data-particle-mobile-disabled=\"false\" class=\"elementor-element elementor-element-2f11879 e-flex e-con-boxed e-con e-parent\" data-id=\"2f11879\" data-element_type=\"container\" data-e-type=\"container\">\n\t\t\t\t\t<div class=\"e-con-inner\">\n\t\t\t\t<div class=\"elementor-element elementor-element-259f5a8 elementor-widget elementor-widget-image\" data-id=\"259f5a8\" data-element_type=\"widget\" data-e-type=\"widget\" data-widget_type=\"image.default\">\n\t\t\t\t\t\t\t\t\t\t\t\t<figure class=\"wp-caption\">\n\t\t\t\t\t\t\t\t\t\t<img decoding=\"async\" width=\"802\" height=\"1024\" src=\"https:\/\/soymigrante.com\/revista\/wp-content\/uploads\/2025\/05\/Como-organizar-y-distribuir-el-tiempo-libre-de-los-hijos-y-en-familia-3-802x1024.jpeg\" class=\"attachment-large size-large wp-image-33565\" alt=\"Diversa familia mostrando uni\u00f3n y felicidad, promoviendo temas de migraci\u00f3n, integraci\u00f3n familiar y comunidad en la revista SoyMigrante.com REVISTA.\" srcset=\"https:\/\/soymigrante.com\/revista\/wp-content\/uploads\/2025\/05\/Como-organizar-y-distribuir-el-tiempo-libre-de-los-hijos-y-en-familia-3-802x1024.jpeg 802w, https:\/\/soymigrante.com\/revista\/wp-content\/uploads\/2025\/05\/Como-organizar-y-distribuir-el-tiempo-libre-de-los-hijos-y-en-familia-3-235x300.jpeg 235w, https:\/\/soymigrante.com\/revista\/wp-content\/uploads\/2025\/05\/Como-organizar-y-distribuir-el-tiempo-libre-de-los-hijos-y-en-familia-3-768x981.jpeg 768w, https:\/\/soymigrante.com\/revista\/wp-content\/uploads\/2025\/05\/Como-organizar-y-distribuir-el-tiempo-libre-de-los-hijos-y-en-familia-3-1203x1536.jpeg 1203w, https:\/\/soymigrante.com\/revista\/wp-content\/uploads\/2025\/05\/Como-organizar-y-distribuir-el-tiempo-libre-de-los-hijos-y-en-familia-3-750x958.webp 750w, https:\/\/soymigrante.com\/revista\/wp-content\/uploads\/2025\/05\/Como-organizar-y-distribuir-el-tiempo-libre-de-los-hijos-y-en-familia-3-1140x1456.webp 1140w, https:\/\/soymigrante.com\/revista\/wp-content\/uploads\/2025\/05\/Como-organizar-y-distribuir-el-tiempo-libre-de-los-hijos-y-en-familia-3.webp 1253w\" sizes=\"(max-width: 802px) 100vw, 802px\" \/>\t\t\t\t\t\t\t\t\t\t\t<figcaption class=\"widget-image-caption wp-caption-text\">Familia multigeneracional feliz al aire libre, destacando valores de uni\u00f3n familiar, migraci\u00f3n y comunidad en la revista SoyMigrante.<\/figcaption>\n\t\t\t\t\t\t\t\t\t\t<\/figure>\n\t\t\t\t\t\t\t\t\t<\/div>\n\t\t\t\t\t<\/div>\n\t\t\t\t<\/div>\n\t\t<div data-particle_enable=\"false\" data-particle-mobile-disabled=\"false\" class=\"elementor-element elementor-element-1c0c037 e-flex e-con-boxed e-con e-parent\" data-id=\"1c0c037\" data-element_type=\"container\" data-e-type=\"container\">\n\t\t\t\t\t<div class=\"e-con-inner\">\n\t\t\t\t<div class=\"elementor-element elementor-element-4c96d5f elementor-widget elementor-widget-text-editor\" data-id=\"4c96d5f\" data-element_type=\"widget\" data-e-type=\"widget\" data-widget_type=\"text-editor.default\">\n\t\t\t\t\t\t\t\t\t<p>Organizar y distribuir el tiempo libre de los hijos y en familia requiere un equilibrio entre estructura y flexibilidad.<\/p><p>Al implementar estrategias que promuevan el descanso, la autonom\u00eda y la conexi\u00f3n familiar,<a href=\"https:\/\/soymigrante.com\/revista\/acuerdos-entre-padres-e-hijos-son-lo-mas-inteligente-para-fortalecer-la-familia\/\" target=\"_blank\" rel=\"noopener\"> se contribuye al desarrollo saludable de los ni\u00f1os y al fortalecimiento de los lazos familiares.<\/a><\/p>\t\t\t\t\t\t\t\t<\/div>\n\t\t\t\t\t<\/div>\n\t\t\t\t<\/div>\n\t\t<div data-particle_enable=\"false\" data-particle-mobile-disabled=\"false\" class=\"elementor-element elementor-element-6c34abb e-flex e-con-boxed e-con e-parent\" data-id=\"6c34abb\" data-element_type=\"container\" data-e-type=\"container\">\n\t\t\t\t\t<div class=\"e-con-inner\">\n\t\t\t\t<div class=\"elementor-element elementor-element-c2295dc elementor-widget elementor-widget-heading\" data-id=\"c2295dc\" data-element_type=\"widget\" data-e-type=\"widget\" data-widget_type=\"heading.default\">\n\t\t\t\t\t<h2 class=\"elementor-heading-title elementor-size-default\">Conoce estos temas que te pueden interesar...<\/h2>\t\t\t\t<\/div>\n\t\t\t\t\t<\/div>\n\t\t\t\t<\/div>\n\t\t<div data-particle_enable=\"false\" data-particle-mobile-disabled=\"false\" class=\"elementor-element elementor-element-7fb4c8d e-flex e-con-boxed e-con e-parent\" data-id=\"7fb4c8d\" data-element_type=\"container\" data-e-type=\"container\">\n\t\t\t\t\t<div class=\"e-con-inner\">\n\t\t\t\t<div class=\"elementor-element elementor-element-5aad9a1 elementor-grid-eael-col-3 elementor-grid-tablet-eael-col-2 elementor-grid-mobile-eael-col-1 elementor-widget elementor-widget-eael-post-grid\" data-id=\"5aad9a1\" data-element_type=\"widget\" data-e-type=\"widget\" data-settings=\"{&quot;eael_post_grid_columns&quot;:&quot;eael-col-3&quot;,&quot;eael_post_grid_columns_tablet&quot;:&quot;eael-col-2&quot;,&quot;eael_post_grid_columns_mobile&quot;:&quot;eael-col-1&quot;}\" data-widget_type=\"eael-post-grid.default\">\n\t\t\t\t\t<div id=\"eael-post-grid-5aad9a1\" class=\"eael-post-grid-container\">\n            <div class=\"eael-post-grid eael-post-appender eael-post-appender-5aad9a1 eael-post-grid-style-one\" data-layout-mode=\"masonry\"><article class=\"eael-grid-post  eael-post-grid-column eael-pg-post-8203 category-bienestar\" data-id=\"8203\">\n        <div class=\"eael-grid-post-holder\">\n            <div class=\"eael-grid-post-holder-inner\"><div class=\"eael-entry-media\"><div class=\"eael-entry-overlay fade-in\"><i class=\"far fa-hand-pointer\" aria-hidden=\"true\"><\/i><a href=\"https:\/\/soymigrante.com\/revista\/como-cuidar-la-alimentacion-de-tus-hijos-instituto-americano-de-salud-digiestiva\/\"><\/a><\/div><div class=\"eael-entry-thumbnail \">\n                <img decoding=\"async\" width=\"792\" height=\"792\" src=\"https:\/\/soymigrante.com\/revista\/wp-content\/uploads\/2024\/08\/ALIMENTACION-INFANTIL.webp\" class=\"attachment-large size-large wp-image-8242\" alt=\"Disfrutando de una rodaja de sand\u00eda, ni\u00f1a comiendo fruta refrescante, verano, saludable, en el parque, sonriente, saludable y feliz.\" srcset=\"https:\/\/soymigrante.com\/revista\/wp-content\/uploads\/2024\/08\/ALIMENTACION-INFANTIL.webp 792w, https:\/\/soymigrante.com\/revista\/wp-content\/uploads\/2024\/08\/ALIMENTACION-INFANTIL-300x300.webp 300w, https:\/\/soymigrante.com\/revista\/wp-content\/uploads\/2024\/08\/ALIMENTACION-INFANTIL-150x150.webp 150w, https:\/\/soymigrante.com\/revista\/wp-content\/uploads\/2024\/08\/ALIMENTACION-INFANTIL-768x768.webp 768w, https:\/\/soymigrante.com\/revista\/wp-content\/uploads\/2024\/08\/ALIMENTACION-INFANTIL-75x75.webp 75w, https:\/\/soymigrante.com\/revista\/wp-content\/uploads\/2024\/08\/ALIMENTACION-INFANTIL-750x750.webp 750w\" sizes=\"(max-width: 792px) 100vw, 792px\" \/>\n            <\/div>\n        <\/div><div class=\"eael-entry-wrapper\"><header class=\"eael-entry-header\"><h2 class=\"eael-entry-title\"><a class=\"eael-grid-post-link\" href=\"https:\/\/soymigrante.com\/revista\/como-cuidar-la-alimentacion-de-tus-hijos-instituto-americano-de-salud-digiestiva\/\" title=\"C\u00f3mo cuidar la alimentaci\u00f3n de tus hijos: instituto americano de salud digestiva\">C\u00f3mo cuidar la alimentaci\u00f3n de tus hijos: instituto americano de salud digestiva<\/a><\/h2><\/header><div class=\"eael-entry-content\">\n                        <div class=\"eael-grid-post-excerpt\"><a href=\"https:\/\/soymigrante.com\/revista\/como-cuidar-la-alimentacion-de-tus-hijos-instituto-americano-de-salud-digiestiva\/\" class=\"eael-post-elements-readmore-btn\">CONOCE SU HISTORIA <\/a><\/div>\n                    <\/div><\/div><\/div>\n        <\/div>\n    <\/article><article class=\"eael-grid-post  eael-post-grid-column eael-pg-post-8187 category-bienestar\" data-id=\"8187\">\n        <div class=\"eael-grid-post-holder\">\n            <div class=\"eael-grid-post-holder-inner\"><div class=\"eael-entry-media\"><div class=\"eael-entry-overlay fade-in\"><i class=\"far fa-hand-pointer\" aria-hidden=\"true\"><\/i><a href=\"https:\/\/soymigrante.com\/revista\/aunque-tu-trabajo-en-ee-uu-sea-extenuante-recuerda-que-tus-hijos-aprenden-jugando\/\"><\/a><\/div><div class=\"eael-entry-thumbnail \">\n                <img loading=\"lazy\" decoding=\"async\" width=\"1024\" height=\"1024\" src=\"https:\/\/soymigrante.com\/revista\/wp-content\/uploads\/2024\/08\/padres-jugando-con-sus-hijos-soy-migrante-1-scaled-e1724182673371-1024x1024.webp\" class=\"attachment-large size-large wp-image-8197\" alt=\"Hombre y ni\u00f1a jugando a un juego de apilamiento con bloques de madera en un ambiente familiar y acogedor.\" srcset=\"https:\/\/soymigrante.com\/revista\/wp-content\/uploads\/2024\/08\/padres-jugando-con-sus-hijos-soy-migrante-1-scaled-e1724182673371-1024x1024.webp 1024w, https:\/\/soymigrante.com\/revista\/wp-content\/uploads\/2024\/08\/padres-jugando-con-sus-hijos-soy-migrante-1-scaled-e1724182673371-300x300.webp 300w, https:\/\/soymigrante.com\/revista\/wp-content\/uploads\/2024\/08\/padres-jugando-con-sus-hijos-soy-migrante-1-scaled-e1724182673371-150x150.webp 150w, https:\/\/soymigrante.com\/revista\/wp-content\/uploads\/2024\/08\/padres-jugando-con-sus-hijos-soy-migrante-1-scaled-e1724182673371-768x768.webp 768w, https:\/\/soymigrante.com\/revista\/wp-content\/uploads\/2024\/08\/padres-jugando-con-sus-hijos-soy-migrante-1-scaled-e1724182673371-1536x1536.webp 1536w, https:\/\/soymigrante.com\/revista\/wp-content\/uploads\/2024\/08\/padres-jugando-con-sus-hijos-soy-migrante-1-scaled-e1724182673371-75x75.webp 75w, https:\/\/soymigrante.com\/revista\/wp-content\/uploads\/2024\/08\/padres-jugando-con-sus-hijos-soy-migrante-1-scaled-e1724182673371-750x750.webp 750w, https:\/\/soymigrante.com\/revista\/wp-content\/uploads\/2024\/08\/padres-jugando-con-sus-hijos-soy-migrante-1-scaled-e1724182673371-1140x1140.webp 1140w, https:\/\/soymigrante.com\/revista\/wp-content\/uploads\/2024\/08\/padres-jugando-con-sus-hijos-soy-migrante-1-scaled-e1724182673371.webp 1728w\" sizes=\"(max-width: 1024px) 100vw, 1024px\" \/>\n            <\/div>\n        <\/div><div class=\"eael-entry-wrapper\"><header class=\"eael-entry-header\"><h2 class=\"eael-entry-title\"><a class=\"eael-grid-post-link\" href=\"https:\/\/soymigrante.com\/revista\/aunque-tu-trabajo-en-ee-uu-sea-extenuante-recuerda-que-tus-hijos-aprenden-jugando\/\" title=\"Aunque tu trabajo en EE. UU. sea extenuante, recuerda que tus hijos aprenden jugando\">Aunque tu trabajo en EE. UU. sea extenuante, recuerda que tus hijos aprenden jugando<\/a><\/h2><\/header><div class=\"eael-entry-content\">\n                        <div class=\"eael-grid-post-excerpt\"><a href=\"https:\/\/soymigrante.com\/revista\/aunque-tu-trabajo-en-ee-uu-sea-extenuante-recuerda-que-tus-hijos-aprenden-jugando\/\" class=\"eael-post-elements-readmore-btn\">CONOCE SU HISTORIA <\/a><\/div>\n                    <\/div><\/div><\/div>\n        <\/div>\n    <\/article><article class=\"eael-grid-post  eael-post-grid-column eael-pg-post-2778 category-bienestar\" data-id=\"2778\">\n        <div class=\"eael-grid-post-holder\">\n            <div class=\"eael-grid-post-holder-inner\"><div class=\"eael-entry-media\"><div class=\"eael-entry-overlay fade-in\"><i class=\"far fa-hand-pointer\" aria-hidden=\"true\"><\/i><a href=\"https:\/\/soymigrante.com\/revista\/cambios-que-enfrentan-hijos-de-migrantes-al-partir-a-estados-unidos\/\"><\/a><\/div><div class=\"eael-entry-thumbnail \">\n                <img loading=\"lazy\" decoding=\"async\" width=\"1024\" height=\"1024\" src=\"https:\/\/soymigrante.com\/revista\/wp-content\/uploads\/2023\/10\/Es-importante-crear-un-vinculo-entre-padres-e-hijos-para-fortalecer-la-comunicacion-y-presencia-durante-su-desarrollo-y-crecimiento-scaled-e1722605110949-1024x1024.webp\" class=\"attachment-large size-large wp-image-2781\" alt=\"Es importante crear un vinculo entre padres e hijos para fortalecer la comunicaci\u00f3n y presencia durante su desarrollo y crecimiento\" srcset=\"https:\/\/soymigrante.com\/revista\/wp-content\/uploads\/2023\/10\/Es-importante-crear-un-vinculo-entre-padres-e-hijos-para-fortalecer-la-comunicacion-y-presencia-durante-su-desarrollo-y-crecimiento-scaled-e1722605110949-1024x1024.webp 1024w, https:\/\/soymigrante.com\/revista\/wp-content\/uploads\/2023\/10\/Es-importante-crear-un-vinculo-entre-padres-e-hijos-para-fortalecer-la-comunicacion-y-presencia-durante-su-desarrollo-y-crecimiento-scaled-e1722605110949-300x300.webp 300w, https:\/\/soymigrante.com\/revista\/wp-content\/uploads\/2023\/10\/Es-importante-crear-un-vinculo-entre-padres-e-hijos-para-fortalecer-la-comunicacion-y-presencia-durante-su-desarrollo-y-crecimiento-scaled-e1722605110949-150x150.webp 150w, https:\/\/soymigrante.com\/revista\/wp-content\/uploads\/2023\/10\/Es-importante-crear-un-vinculo-entre-padres-e-hijos-para-fortalecer-la-comunicacion-y-presencia-durante-su-desarrollo-y-crecimiento-scaled-e1722605110949-768x768.webp 768w, https:\/\/soymigrante.com\/revista\/wp-content\/uploads\/2023\/10\/Es-importante-crear-un-vinculo-entre-padres-e-hijos-para-fortalecer-la-comunicacion-y-presencia-durante-su-desarrollo-y-crecimiento-scaled-e1722605110949-75x75.webp 75w, https:\/\/soymigrante.com\/revista\/wp-content\/uploads\/2023\/10\/Es-importante-crear-un-vinculo-entre-padres-e-hijos-para-fortalecer-la-comunicacion-y-presencia-durante-su-desarrollo-y-crecimiento-scaled-e1722605110949-750x750.webp 750w, https:\/\/soymigrante.com\/revista\/wp-content\/uploads\/2023\/10\/Es-importante-crear-un-vinculo-entre-padres-e-hijos-para-fortalecer-la-comunicacion-y-presencia-durante-su-desarrollo-y-crecimiento-scaled-e1722605110949-1140x1140.webp 1140w, https:\/\/soymigrante.com\/revista\/wp-content\/uploads\/2023\/10\/Es-importante-crear-un-vinculo-entre-padres-e-hijos-para-fortalecer-la-comunicacion-y-presencia-durante-su-desarrollo-y-crecimiento-scaled-e1722605110949.webp 1318w\" sizes=\"(max-width: 1024px) 100vw, 1024px\" \/>\n            <\/div>\n        <\/div><div class=\"eael-entry-wrapper\"><header class=\"eael-entry-header\"><h2 class=\"eael-entry-title\"><a class=\"eael-grid-post-link\" href=\"https:\/\/soymigrante.com\/revista\/cambios-que-enfrentan-hijos-de-migrantes-al-partir-a-estados-unidos\/\" title=\"5 cambios que enfrentan hijos de migrantes al partir a Estados Unidos\">5 cambios que enfrentan hijos de migrantes al partir a Estados Unidos<\/a><\/h2><\/header><div class=\"eael-entry-content\">\n                        <div class=\"eael-grid-post-excerpt\"><a href=\"https:\/\/soymigrante.com\/revista\/cambios-que-enfrentan-hijos-de-migrantes-al-partir-a-estados-unidos\/\" class=\"eael-post-elements-readmore-btn\">CONOCE SU HISTORIA <\/a><\/div>\n                    <\/div><\/div><\/div>\n        <\/div>\n    <\/article><\/div>\n            <div class=\"clearfix\"><\/div>\n        <\/div>\t\t\t\t<\/div>\n\t\t\t\t\t<\/div>\n\t\t\t\t<\/div>\n\t\t\t\t<\/div>\n\t\t","protected":false},"excerpt":{"rendered":"<p>Organizar y distribuir el tiempo libre de los hijos y en familia es una tarea de todos en el hogar, sigue estas recomendaciones. Organizar y distribuir el tiempo libre de los hijos y en familia es esencial para fomentar el desarrollo integral de los ni\u00f1os y fortalecer los lazos familiares. La psic\u00f3loga Paola Ram\u00edrez, ofrece [&hellip;]<\/p>\n","protected":false},"author":19,"featured_media":33559,"comment_status":"open","ping_status":"open","sticky":false,"template":"","format":"standard","meta":{"_acf_changed":false,"_eb_attr":"","footnotes":""},"categories":[266],"tags":[81],"class_list":["post-33558","post","type-post","status-publish","format-standard","has-post-thumbnail","hentry","category-en-familia","tag-en-familia"],"acf":[],"aioseo_notices":[],"aioseo_head":"\n\t\t<!-- All in One SEO Pro 4.9.6.2 - aioseo.com -->\n\t<meta name=\"description\" content=\"La partida de uno de los padres o un familiar impacta en la vida familiar. Ni\u00f1os y j\u00f3venes tambi\u00e9n resienten este cambio y estos osn algunos aspectos a considerar.\" \/>\n\t<meta name=\"robots\" content=\"max-snippet:-1, max-image-preview:large, max-video-preview:-1\" \/>\n\t<meta name=\"author\" content=\"SoyMigrante.com REVISTA\"\/>\n\t<link rel=\"canonical\" href=\"https:\/\/soymigrante.com\/revista\/cambios-que-enfrentan-hijos-de-migrantes-al-partir-a-estados-unidos\/\" \/>\n\t<meta name=\"generator\" content=\"All in One SEO Pro (AIOSEO) 4.9.6.2\" \/>\n\n\t\t<link rel=\"preconnect\" href=\"https:\/\/fonts.googleapis.com\" crossorigin>\n<link rel=\"preconnect\" href=\"https:\/\/fonts.gstatic.com\" crossorigin>\n\t\t<meta property=\"og:locale\" content=\"es_ES\" \/>\n\t\t<meta property=\"og:site_name\" content=\"SoyMigrante.com REVISTA \u2013 Nuestra misi\u00f3n es reconocer y dignificar al migrante.\" \/>\n\t\t<meta property=\"og:type\" content=\"article\" \/>\n\t\t<meta property=\"og:title\" content=\"5 cambios que enfrentan hijos de migrantes al partir a EE.UU.\" \/>\n\t\t<meta property=\"og:description\" content=\"La partida de uno de los padres o un familiar impacta en la vida familiar. Ni\u00f1os y j\u00f3venes tambi\u00e9n resienten este cambio y estos osn algunos aspectos a considerar.\" \/>\n\t\t<meta property=\"og:url\" content=\"https:\/\/soymigrante.com\/revista\/cambios-que-enfrentan-hijos-de-migrantes-al-partir-a-estados-unidos\/\" \/>\n\t\t<meta property=\"og:image\" content=\"https:\/\/soymigrante.com\/revista\/wp-content\/uploads\/2023\/10\/Es-importante-crear-un-vinculo-entre-padres-e-hijos-para-fortalecer-la-comunicacion-y-presencia-durante-su-desarrollo-y-crecimiento-scaled-e1722605110949.webp\" \/>\n\t\t<meta property=\"og:image:secure_url\" content=\"https:\/\/soymigrante.com\/revista\/wp-content\/uploads\/2023\/10\/Es-importante-crear-un-vinculo-entre-padres-e-hijos-para-fortalecer-la-comunicacion-y-presencia-durante-su-desarrollo-y-crecimiento-scaled-e1722605110949.webp\" \/>\n\t\t<meta property=\"og:image:width\" content=\"1318\" \/>\n\t\t<meta property=\"og:image:height\" content=\"1318\" \/>\n\t\t<meta property=\"article:published_time\" content=\"2024-08-02T13:26:33+00:00\" \/>\n\t\t<meta property=\"article:modified_time\" content=\"2024-08-02T13:30:15+00:00\" \/>\n\t\t<meta property=\"article:publisher\" content=\"https:\/\/www.facebook.com\/soymigrantecom\" \/>\n\t\t<meta name=\"twitter:card\" content=\"summary_large_image\" \/>\n\t\t<meta name=\"twitter:site\" content=\"@SoyMigrante_com\" \/>\n\t\t<meta name=\"twitter:title\" content=\"5 cambios que enfrentan hijos de migrantes al partir a EE.UU.\" \/>\n\t\t<meta name=\"twitter:description\" content=\"La partida de uno de los padres o un familiar impacta en la vida familiar. Ni\u00f1os y j\u00f3venes tambi\u00e9n resienten este cambio y estos osn algunos aspectos a considerar.\" \/>\n\t\t<meta name=\"twitter:creator\" content=\"@SoyMigrante_com\" \/>\n\t\t<meta name=\"twitter:image\" content=\"https:\/\/soymigrante.com\/revista\/wp-content\/uploads\/2023\/10\/Es-importante-crear-un-vinculo-entre-padres-e-hijos-para-fortalecer-la-comunicacion-y-presencia-durante-su-desarrollo-y-crecimiento-scaled-e1722605110949.webp\" \/>\n\t\t<!-- All in One SEO Pro -->\r\n\t\t<title>5 cambios que enfrentan hijos de migrantes al partir a EE.UU.<\/title>\n\n","aioseo_head_json":{"title":"5 cambios que enfrentan hijos de migrantes al partir a EE.UU.","description":"La partida de uno de los padres o un familiar impacta en la vida familiar. Ni\u00f1os y j\u00f3venes tambi\u00e9n resienten este cambio y estos osn algunos aspectos a considerar.","canonical_url":"https:\/\/soymigrante.com\/revista\/cambios-que-enfrentan-hijos-de-migrantes-al-partir-a-estados-unidos\/","robots":"max-snippet:-1, max-image-preview:large, max-video-preview:-1","keywords":"","webmasterTools":{"miscellaneous":"&lt;link rel=\"preconnect\" href=\"https:\/\/fonts.googleapis.com\" crossorigin&gt;\n&lt;link rel=\"preconnect\" href=\"https:\/\/fonts.gstatic.com\" crossorigin&gt;"},"schema":null,"og:locale":"es_ES","og:site_name":"SoyMigrante.com REVISTA \u2013 Nuestra misi\u00f3n es reconocer y dignificar al migrante.","og:type":"article","og:title":"5 cambios que enfrentan hijos de migrantes al partir a EE.UU.","og:description":"La partida de uno de los padres o un familiar impacta en la vida familiar. Ni\u00f1os y j\u00f3venes tambi\u00e9n resienten este cambio y estos osn algunos aspectos a considerar.","og:url":"https:\/\/soymigrante.com\/revista\/cambios-que-enfrentan-hijos-de-migrantes-al-partir-a-estados-unidos\/","og:image":"https:\/\/soymigrante.com\/revista\/wp-content\/uploads\/2023\/10\/Es-importante-crear-un-vinculo-entre-padres-e-hijos-para-fortalecer-la-comunicacion-y-presencia-durante-su-desarrollo-y-crecimiento-scaled-e1722605110949.webp","og:image:secure_url":"https:\/\/soymigrante.com\/revista\/wp-content\/uploads\/2023\/10\/Es-importante-crear-un-vinculo-entre-padres-e-hijos-para-fortalecer-la-comunicacion-y-presencia-durante-su-desarrollo-y-crecimiento-scaled-e1722605110949.webp","og:image:width":1318,"og:image:height":1318,"article:published_time":"2024-08-02T13:26:33+00:00","article:modified_time":"2024-08-02T13:30:15+00:00","article:publisher":"https:\/\/www.facebook.com\/soymigrantecom","twitter:card":"summary_large_image","twitter:site":"@SoyMigrante_com","twitter:title":"5 cambios que enfrentan hijos de migrantes al partir a EE.UU.","twitter:description":"La partida de uno de los padres o un familiar impacta en la vida familiar. Ni\u00f1os y j\u00f3venes tambi\u00e9n resienten este cambio y estos osn algunos aspectos a considerar.","twitter:creator":"@SoyMigrante_com","twitter:image":"https:\/\/soymigrante.com\/revista\/wp-content\/uploads\/2023\/10\/Es-importante-crear-un-vinculo-entre-padres-e-hijos-para-fortalecer-la-comunicacion-y-presencia-durante-su-desarrollo-y-crecimiento-scaled-e1722605110949.webp"},"aioseo_meta_data":{"post_id":"33558","title":"#post_title","description":"Organizar y distribuir el tiempo libre de los hijos y en familia es una tarea de todos en el hogar, sigue estas recomendaciones.","keywords":null,"keyphrases":{"focus":{"keyphrase":"Organizar","score":91,"analysis":{"keyphraseInTitle":{"score":9,"maxScore":9,"error":0},"keyphraseInDescription":{"score":9,"maxScore":9,"error":0},"keyphraseLength":{"score":9,"maxScore":9,"error":0,"length":1},"keyphraseInURL":{"score":5,"maxScore":5,"error":0},"keyphraseInIntroduction":{"score":9,"maxScore":9,"error":0},"keyphraseInSubHeadings":{"score":3,"maxScore":9,"error":1},"keyphraseInImageAlt":{"score":9,"maxScore":9,"error":0},"keywordDensity":{"type":"best","score":9,"maxScore":9,"error":0}}},"additional":[{"keyphrase":"Organizar","score":100,"analysis":{"keyphraseInDescription":{"score":9,"maxScore":9,"error":0},"keyphraseLength":{"score":9,"maxScore":9,"error":0,"length":1},"keyphraseInIntroduction":{"score":9,"maxScore":9,"error":0},"keyphraseInImageAlt":{"score":9,"maxScore":9,"error":0},"keywordDensity":{"type":"best","score":9,"maxScore":9,"error":0}}},{"keyphrase":"tiempo","score":80,"analysis":{"keyphraseInDescription":{"score":9,"maxScore":9,"error":0},"keyphraseLength":{"score":9,"maxScore":9,"error":0,"length":1},"keyphraseInIntroduction":{"score":9,"maxScore":9,"error":0},"keyphraseInImageAlt":{"score":9,"maxScore":9,"error":0},"keywordDensity":{"type":"high","score":0,"maxScore":9,"error":1}}}]},"primary_term":null,"canonical_url":null,"og_title":null,"og_description":null,"og_object_type":"default","og_image_type":"default","og_image_url":null,"og_image_width":null,"og_image_height":null,"og_image_custom_url":null,"og_image_custom_fields":null,"og_video":"","og_custom_url":null,"og_article_section":null,"og_article_tags":null,"twitter_use_og":false,"twitter_card":"default","twitter_image_type":"default","twitter_image_url":null,"twitter_image_custom_url":null,"twitter_image_custom_fields":null,"twitter_title":null,"twitter_description":null,"schema":{"blockGraphs":[],"customGraphs":[],"default":{"data":{"Article":[],"Course":[],"Dataset":[],"FAQPage":[],"Movie":[],"Person":[],"Product":[],"ProductReview":[],"Car":[],"Recipe":[],"Service":[],"SoftwareApplication":[],"WebPage":[]},"graphName":"none","isEnabled":true},"graphs":[]},"schema_type":"default","schema_type_options":null,"pillar_content":false,"robots_default":true,"robots_noindex":false,"robots_noarchive":false,"robots_nosnippet":false,"robots_nofollow":false,"robots_noimageindex":false,"robots_noodp":false,"robots_notranslate":false,"robots_max_snippet":"-1","robots_max_videopreview":"-1","robots_max_imagepreview":"large","priority":null,"frequency":"default","local_seo":null,"seo_analyzer_scan_date":"2025-10-09 05:13:04","breadcrumb_settings":null,"limit_modified_date":false,"reviewed_by":null,"open_ai":"{\"title\":{\"suggestions\":[],\"usage\":0},\"description\":{\"suggestions\":[],\"usage\":0}}","ai":null,"created":"2025-05-14 19:01:31","updated":"2026-02-04 23:41:31"},"aioseo_breadcrumb":"<div class=\"aioseo-breadcrumbs\"><span class=\"aioseo-breadcrumb\">\n\t<a href=\"https:\/\/soymigrante.com\/revista\" title=\"Home\">Home<\/a>\n<\/span><span class=\"aioseo-breadcrumb-separator\">\u00bb<\/span><span class=\"aioseo-breadcrumb\">\n\t<a href=\"https:\/\/soymigrante.com\/revista\/category\/bienestar\/\" title=\"Bienestar\">Bienestar<\/a>\n<\/span><span class=\"aioseo-breadcrumb-separator\">\u00bb<\/span><span class=\"aioseo-breadcrumb\">\n\t<a href=\"https:\/\/soymigrante.com\/revista\/category\/bienestar\/en-familia\/\" title=\"En Familia\">En Familia<\/a>\n<\/span><span class=\"aioseo-breadcrumb-separator\">\u00bb<\/span><span class=\"aioseo-breadcrumb\">\n\tComo organizar y distribuir el tiempo libre de los hijos y en familia\n<\/span><\/div>","aioseo_breadcrumb_json":[{"label":"Home","link":"https:\/\/soymigrante.com\/revista"},{"label":"Bienestar","link":"https:\/\/soymigrante.com\/revista\/category\/bienestar\/"},{"label":"En Familia","link":"https:\/\/soymigrante.com\/revista\/category\/bienestar\/en-familia\/"},{"label":"Como organizar y distribuir el tiempo libre de los hijos y en familia","link":"https:\/\/soymigrante.com\/revista\/como-organizar-y-distribuir-el-tiempo-libre-de-los-hijos-y-en-familia\/"}],"_links":{"self":[{"href":"https:\/\/soymigrante.com\/revista\/wp-json\/wp\/v2\/posts\/33558","targetHints":{"allow":["GET"]}}],"collection":[{"href":"https:\/\/soymigrante.com\/revista\/wp-json\/wp\/v2\/posts"}],"about":[{"href":"https:\/\/soymigrante.com\/revista\/wp-json\/wp\/v2\/types\/post"}],"author":[{"embeddable":true,"href":"https:\/\/soymigrante.com\/revista\/wp-json\/wp\/v2\/users\/19"}],"replies":[{"embeddable":true,"href":"https:\/\/soymigrante.com\/revista\/wp-json\/wp\/v2\/comments?post=33558"}],"version-history":[{"count":16,"href":"https:\/\/soymigrante.com\/revista\/wp-json\/wp\/v2\/posts\/33558\/revisions"}],"predecessor-version":[{"id":33604,"href":"https:\/\/soymigrante.com\/revista\/wp-json\/wp\/v2\/posts\/33558\/revisions\/33604"}],"wp:featuredmedia":[{"embeddable":true,"href":"https:\/\/soymigrante.com\/revista\/wp-json\/wp\/v2\/media\/33559"}],"wp:attachment":[{"href":"https:\/\/soymigrante.com\/revista\/wp-json\/wp\/v2\/media?parent=33558"}],"wp:term":[{"taxonomy":"category","embeddable":true,"href":"https:\/\/soymigrante.com\/revista\/wp-json\/wp\/v2\/categories?post=33558"},{"taxonomy":"post_tag","embeddable":true,"href":"https:\/\/soymigrante.com\/revista\/wp-json\/wp\/v2\/tags?post=33558"}],"curies":[{"name":"wp","href":"https:\/\/api.w.org\/{rel}","templated":true}]}}