{"id":33448,"date":"2025-05-13T17:08:03","date_gmt":"2025-05-13T23:08:03","guid":{"rendered":"https:\/\/soymigrante.com\/revista\/?p=33448"},"modified":"2025-05-13T17:18:12","modified_gmt":"2025-05-13T23:18:12","slug":"el-dciudadania-por-nacimiento-derecho-efectos-adversos-estudio-mpi","status":"publish","type":"post","link":"https:\/\/soymigrante.com\/revista\/el-dciudadania-por-nacimiento-derecho-efectos-adversos-estudio-mpi\/","title":{"rendered":"El derecho constitucional de ciudadan\u00eda por nacimiento en USA es parte de la soluci\u00f3n, no del problema, se\u00f1ala estudio"},"content":{"rendered":"\t\t<div data-elementor-type=\"wp-post\" data-elementor-id=\"33448\" class=\"elementor elementor-33448\" data-elementor-post-type=\"post\">\n\t\t\t\t<div data-particle_enable=\"false\" data-particle-mobile-disabled=\"false\" class=\"elementor-element elementor-element-f940aac e-flex e-con-boxed e-con e-parent\" data-id=\"f940aac\" data-element_type=\"container\" data-e-type=\"container\">\n\t\t\t\t\t<div class=\"e-con-inner\">\n\t\t\t\t<div class=\"elementor-element elementor-element-45791f6 elementor-widget elementor-widget-heading\" data-id=\"45791f6\" data-element_type=\"widget\" data-e-type=\"widget\" data-widget_type=\"heading.default\">\n\t\t\t\t\t<h2 class=\"elementor-heading-title elementor-size-default\"><span style=\"font-size: 31.2px\">Estudio del Migration Policy Institute y la Universidad de Pensilvania advierte de impactos econ\u00f3micos y sociales serios si se llegara a eliminar el  derecho de ciudadan\u00eda por nacimiento en Estados Unidos. Tal propuesta est\u00e1 suspendida por un juez y requerir\u00eda aprobaci\u00f3n legislativa.<\/span><\/h2>\t\t\t\t<\/div>\n\t\t\t\t\t<\/div>\n\t\t\t\t<\/div>\n\t\t<div data-particle_enable=\"false\" data-particle-mobile-disabled=\"false\" class=\"elementor-element elementor-element-f5c0e55 e-flex e-con-boxed e-con e-parent\" data-id=\"f5c0e55\" data-element_type=\"container\" data-e-type=\"container\">\n\t\t\t\t\t<div class=\"e-con-inner\">\n\t\t\t\t<div class=\"elementor-element elementor-element-856058d elementor-widget elementor-widget-text-editor\" data-id=\"856058d\" data-element_type=\"widget\" data-e-type=\"widget\" data-widget_type=\"text-editor.default\">\n\t\t\t\t\t\t\t\t\t<p>La propuesta de revocar <a href=\"https:\/\/soymigrante.com\/revista\/preguntas-y-respuestas-que-es-el-derecho-a-la-ciudadania-por-nacimiento-en-ee-uu\/\">la ciudadan\u00eda por nacimiento<\/a> a los hijos nacidos en Estados Unidos de padres inmigrantes no autorizados o con estatus migratorio temporal no solo representa un giro radical en la historia constitucional del pa\u00eds, sino que, seg\u00fan <a href=\"https:\/\/www.migrationpolicy.org\/news\/birthright-citizenship-repeal-projections\">un riguroso an\u00e1lisis del Migration Policy Institute (MPI) y la Universidad Estatal de Pensilvania, <\/a>generar\u00eda consecuencias futuras de gran alcance.\u00a0<\/p><p>Se debe aclarar que la orden emitida por la presidencia de Estados Unidos contra la Ciudadan\u00eda por Nacimiento fue suspendida por un juez. Para cambiarla se necesita una reforma constitucional que implicar\u00eda la aprobaci\u00f3n de dos tercios del Senado, lo cual es improbable. Sin embargo la Corte Suprema de Estados Unidos, acept\u00f3 discutir las implicaciones legales del tema.<\/p><p>Sobre la proyecci\u00f3n de consecuencias, esta es una s\u00edntesis es el <a href=\"https:\/\/www.migrationpolicy.org\/news\/birthright-citizenship-repeal-projections\">an\u00e1lisis de MPI, firmado por Jennifer Van Hook, Michael Fix y Julia Gelatt.\u00a0<\/a><\/p>\t\t\t\t\t\t\t\t<\/div>\n\t\t\t\t\t<\/div>\n\t\t\t\t<\/div>\n\t\t<div data-particle_enable=\"false\" data-particle-mobile-disabled=\"false\" class=\"elementor-element elementor-element-1c2d7d1 e-flex e-con-boxed e-con e-parent\" data-id=\"1c2d7d1\" data-element_type=\"container\" data-e-type=\"container\">\n\t\t\t\t\t<div class=\"e-con-inner\">\n\t\t\t\t<div class=\"elementor-element elementor-element-8e11572 elementor-widget elementor-widget-image\" data-id=\"8e11572\" data-element_type=\"widget\" data-e-type=\"widget\" data-widget_type=\"image.default\">\n\t\t\t\t\t\t\t\t\t\t\t\t<figure class=\"wp-caption\">\n\t\t\t\t\t\t\t\t\t\t\t<a href=\"https:\/\/www.migrationpolicy.org\/news\/birthright-citizenship-repeal-projections\">\n\t\t\t\t\t\t\t<img fetchpriority=\"high\" decoding=\"async\" width=\"768\" height=\"537\" src=\"https:\/\/soymigrante.com\/revista\/wp-content\/uploads\/2025\/05\/Proyeccion-del-aumento-de-personas-sin-documentos-de-quitarse-derecho-a-ciudadania-por-nacimiento-1024x716.png\" class=\"attachment-large size-large wp-image-33468\" alt=\"Indocumentados en EE. UU. y poblaci\u00f3n migrante, cifras migratorias, derechos de ciudadan\u00eda, inmigraci\u00f3n en Estados Unidos, tendencia de poblaci\u00f3n migrante, datos migratorios hist\u00f3ricos y proyecciones al 2075.\" srcset=\"https:\/\/soymigrante.com\/revista\/wp-content\/uploads\/2025\/05\/Proyeccion-del-aumento-de-personas-sin-documentos-de-quitarse-derecho-a-ciudadania-por-nacimiento-1024x716.png 1024w, https:\/\/soymigrante.com\/revista\/wp-content\/uploads\/2025\/05\/Proyeccion-del-aumento-de-personas-sin-documentos-de-quitarse-derecho-a-ciudadania-por-nacimiento-300x210.png 300w, https:\/\/soymigrante.com\/revista\/wp-content\/uploads\/2025\/05\/Proyeccion-del-aumento-de-personas-sin-documentos-de-quitarse-derecho-a-ciudadania-por-nacimiento-768x537.png 768w, https:\/\/soymigrante.com\/revista\/wp-content\/uploads\/2025\/05\/Proyeccion-del-aumento-de-personas-sin-documentos-de-quitarse-derecho-a-ciudadania-por-nacimiento-750x524.webp 750w, https:\/\/soymigrante.com\/revista\/wp-content\/uploads\/2025\/05\/Proyeccion-del-aumento-de-personas-sin-documentos-de-quitarse-derecho-a-ciudadania-por-nacimiento-1140x797.webp 1140w, https:\/\/soymigrante.com\/revista\/wp-content\/uploads\/2025\/05\/Proyeccion-del-aumento-de-personas-sin-documentos-de-quitarse-derecho-a-ciudadania-por-nacimiento.webp 1347w\" sizes=\"(max-width: 768px) 100vw, 768px\" title=\"Proyecc\u00f3n del aumento de personas sin documentos si a los migrantes no autorizados se suman personas nacidas en Estados Unidos a las que se les privar\u00eda de la nacionalidad.  La franja azul es la actual proporci\u00f3n de migrantes sin estatus legal. La franja celeste ser\u00eda el incremento, seg\u00fan un gr\u00e1fico del Migration Policy Institute. \u2013 SoyMigrante.com REVISTA\" \/>\t\t\t\t\t\t\t\t<\/a>\n\t\t\t\t\t\t\t\t\t\t\t<figcaption class=\"widget-image-caption wp-caption-text\">Gr\u00e1fica sobre poblaci\u00f3n migrante indocumentada en EE.UU. y proyecciones hasta 2075, destacando el impacto en las cifras de inmigrantes no autorizados.<\/figcaption>\n\t\t\t\t\t\t\t\t\t\t<\/figure>\n\t\t\t\t\t\t\t\t\t<\/div>\n\t\t\t\t\t<\/div>\n\t\t\t\t<\/div>\n\t\t<div data-particle_enable=\"false\" data-particle-mobile-disabled=\"false\" class=\"elementor-element elementor-element-458e9f4 e-flex e-con-boxed e-con e-parent\" data-id=\"458e9f4\" data-element_type=\"container\" data-e-type=\"container\">\n\t\t\t\t\t<div class=\"e-con-inner\">\n\t\t\t\t<div class=\"elementor-element elementor-element-62662cd elementor-widget elementor-widget-heading\" data-id=\"62662cd\" data-element_type=\"widget\" data-e-type=\"widget\" data-widget_type=\"heading.default\">\n\t\t\t\t\t<h3 class=\"elementor-heading-title elementor-size-default\"><a href=\"https:\/\/www.migrationpolicy.org\/news\/birthright-citizenship-repeal-projections\">Las proyecciones del estudio de MPI<\/a><\/h3>\t\t\t\t<\/div>\n\t\t\t\t\t<\/div>\n\t\t\t\t<\/div>\n\t\t<div data-particle_enable=\"false\" data-particle-mobile-disabled=\"false\" class=\"elementor-element elementor-element-7247202 e-flex e-con-boxed e-con e-parent\" data-id=\"7247202\" data-element_type=\"container\" data-e-type=\"container\">\n\t\t\t\t\t<div class=\"e-con-inner\">\n\t\t\t\t<div class=\"elementor-element elementor-element-2525618 elementor-widget elementor-widget-text-editor\" data-id=\"2525618\" data-element_type=\"widget\" data-e-type=\"widget\" data-widget_type=\"text-editor.default\">\n\t\t\t\t\t\t\t\t\t<p>La propuesta de revocar la ciudadan\u00eda por nacimiento a los hijos nacidos en Estados Unidos de padres inmigrantes indocumentados o con estatus migratorio temporal no solo representa un giro radical en la historia constitucional del pa\u00eds, sino que, seg\u00fan un riguroso an\u00e1lisis del Migration Policy Institute (MPI) y la Universidad Estatal de Pensilvania, generar\u00eda consecuencias futuras de gran alcance.\u00a0<\/p><p>Se debe aclarar que la orden emitida por la presidencia de Estados Unidos contra la Ciudadan\u00eda por Nacimiento fue suspendida por un juez. Para cambiarla se necesita una reforma constitucional que implicar\u00eda la aprobaci\u00f3n de dos tercios del Senado, lo cual es improbable.<\/p>\t\t\t\t\t\t\t\t<\/div>\n\t\t\t\t\t<\/div>\n\t\t\t\t<\/div>\n\t\t<div data-particle_enable=\"false\" data-particle-mobile-disabled=\"false\" class=\"elementor-element elementor-element-f27fe27 e-flex e-con-boxed e-con e-parent\" data-id=\"f27fe27\" data-element_type=\"container\" data-e-type=\"container\">\n\t\t\t\t\t<div class=\"e-con-inner\">\n\t\t\t\t<div class=\"elementor-element elementor-element-6ccd335 elementor-grid-eael-col-1 elementor-grid-tablet-eael-col-2 elementor-grid-mobile-eael-col-1 elementor-widget elementor-widget-eael-post-grid\" data-id=\"6ccd335\" data-element_type=\"widget\" data-e-type=\"widget\" data-settings=\"{&quot;eael_post_grid_columns&quot;:&quot;eael-col-1&quot;,&quot;eael_post_grid_columns_tablet&quot;:&quot;eael-col-2&quot;,&quot;eael_post_grid_columns_mobile&quot;:&quot;eael-col-1&quot;}\" data-widget_type=\"eael-post-grid.default\">\n\t\t\t\t\t<div id=\"eael-post-grid-6ccd335\" class=\"eael-post-grid-container\">\n            <div class=\"eael-post-grid eael-post-appender eael-post-appender-6ccd335 eael-post-grid-style-one\" data-layout-mode=\"masonry\"><article class=\"eael-grid-post  eael-post-grid-column eael-pg-post-18199 category-recursos-migratorios tags-preguntas-y-respuestas\" data-id=\"18199\">\n        <div class=\"eael-grid-post-holder\">\n            <div class=\"eael-grid-post-holder-inner\"><div class=\"eael-entry-media\"><div class=\"eael-entry-overlay fade-in\"><i class=\"far fa-hand-pointer\" aria-hidden=\"true\"><\/i><a href=\"https:\/\/soymigrante.com\/revista\/preguntas-y-respuestas-que-es-el-derecho-a-la-ciudadania-por-nacimiento-en-ee-uu\/\"><\/a><\/div><div class=\"eael-entry-thumbnail \">\n                <img decoding=\"async\" width=\"764\" height=\"764\" src=\"https:\/\/soymigrante.com\/revista\/wp-content\/uploads\/2024\/12\/ciudadania-por-nacimiento-US-1.webp\" class=\"attachment-large size-large wp-image-18203\" alt=\"Diversi\u00f3n infantil en un parque con bandera de Estados Unidos al fondo. Ni\u00f1os sonriendo y jugando en un ambiente alegre y multicultural.\" srcset=\"https:\/\/soymigrante.com\/revista\/wp-content\/uploads\/2024\/12\/ciudadania-por-nacimiento-US-1.webp 764w, https:\/\/soymigrante.com\/revista\/wp-content\/uploads\/2024\/12\/ciudadania-por-nacimiento-US-1-300x300.jpg 300w, https:\/\/soymigrante.com\/revista\/wp-content\/uploads\/2024\/12\/ciudadania-por-nacimiento-US-1-150x150.jpg 150w, https:\/\/soymigrante.com\/revista\/wp-content\/uploads\/2024\/12\/ciudadania-por-nacimiento-US-1-75x75.webp 75w, https:\/\/soymigrante.com\/revista\/wp-content\/uploads\/2024\/12\/ciudadania-por-nacimiento-US-1-750x750.webp 750w\" sizes=\"(max-width: 764px) 100vw, 764px\" \/>\n            <\/div>\n        <\/div><div class=\"eael-entry-wrapper\"><header class=\"eael-entry-header\"><h2 class=\"eael-entry-title\"><a class=\"eael-grid-post-link\" href=\"https:\/\/soymigrante.com\/revista\/preguntas-y-respuestas-que-es-el-derecho-a-la-ciudadania-por-nacimiento-en-ee-uu\/\" title=\"Preguntas y respuestas: \u00bfQu\u00e9 es el derecho a la ciudadan\u00eda por nacimiento en EE.UU?\">Preguntas y respuestas: \u00bfQu\u00e9 es el derecho a la ciudadan\u00eda por nacimiento en EE.UU?<\/a><\/h2><\/header><div class=\"eael-entry-content\">\n                        <div class=\"eael-grid-post-excerpt\"><a href=\"https:\/\/soymigrante.com\/revista\/preguntas-y-respuestas-que-es-el-derecho-a-la-ciudadania-por-nacimiento-en-ee-uu\/\" class=\"eael-post-elements-readmore-btn\">CONOCE SU HISTORIA <\/a><\/div>\n                    <\/div><\/div><\/div>\n        <\/div>\n    <\/article><\/div>\n            <div class=\"clearfix\"><\/div>\n        <\/div>\t\t\t\t<\/div>\n\t\t\t\t\t<\/div>\n\t\t\t\t<\/div>\n\t\t<div data-particle_enable=\"false\" data-particle-mobile-disabled=\"false\" class=\"elementor-element elementor-element-1e0e30f e-flex e-con-boxed e-con e-parent\" data-id=\"1e0e30f\" data-element_type=\"container\" data-e-type=\"container\">\n\t\t\t\t\t<div class=\"e-con-inner\">\n\t\t\t\t<div class=\"elementor-element elementor-element-e32f6c4 elementor-widget elementor-widget-heading\" data-id=\"e32f6c4\" data-element_type=\"widget\" data-e-type=\"widget\" data-widget_type=\"heading.default\">\n\t\t\t\t\t<h3 class=\"elementor-heading-title elementor-size-default\">Un aumento en lugar de una reducci\u00f3n<\/h3>\t\t\t\t<\/div>\n\t\t\t\t\t<\/div>\n\t\t\t\t<\/div>\n\t\t<div data-particle_enable=\"false\" data-particle-mobile-disabled=\"false\" class=\"elementor-element elementor-element-b21634c e-flex e-con-boxed e-con e-parent\" data-id=\"b21634c\" data-element_type=\"container\" data-e-type=\"container\">\n\t\t\t\t\t<div class=\"e-con-inner\">\n\t\t\t\t<div class=\"elementor-element elementor-element-d63957c elementor-widget elementor-widget-text-editor\" data-id=\"d63957c\" data-element_type=\"widget\" data-e-type=\"widget\" data-widget_type=\"text-editor.default\">\n\t\t\t\t\t\t\t\t\t<p>Lejos de disuadir la inmigraci\u00f3n no autorizada, eliminar el derecho a la ciudadan\u00eda por nacimiento la incrementar\u00eda sustancialmente. Seg\u00fan las proyecciones del MPI y Penn State, esta medida a\u00f1adir\u00eda 2.7 millones de personas a la poblaci\u00f3n no autorizada para el a\u00f1o 2045 y hasta 5.4 millones para 2075.\u00a0<\/p><p>Esto significar\u00eda que, en vez de disminuir, el n\u00famero de residentes sin estatus legal en EStados Unidos aumentar\u00eda un 40 % con respecto a los niveles proyectados si se mantuviera la pol\u00edtica actual de ciudadan\u00eda por nacimiento.<\/p><p>Esta incremento incluir\u00eda no solo a inmigrantes indocumentados, sino tambi\u00e9n a ni\u00f1os nacidos en territorio estadounidense que, debido al estatus migratorio de sus padres, iniciar\u00edan y muy posiblemente proseguir\u00edan su vida en Estados Unidos sin acceso a la ciudadan\u00eda estadounidense ni a los derechos asociados a ella.<\/p>\t\t\t\t\t\t\t\t<\/div>\n\t\t\t\t\t<\/div>\n\t\t\t\t<\/div>\n\t\t<div data-particle_enable=\"false\" data-particle-mobile-disabled=\"false\" class=\"elementor-element elementor-element-8c8fcf3 e-flex e-con-boxed e-con e-parent\" data-id=\"8c8fcf3\" data-element_type=\"container\" data-e-type=\"container\">\n\t\t\t\t\t<div class=\"e-con-inner\">\n\t\t\t\t<div class=\"elementor-element elementor-element-5d747ff elementor-widget elementor-widget-image\" data-id=\"5d747ff\" data-element_type=\"widget\" data-e-type=\"widget\" data-widget_type=\"image.default\">\n\t\t\t\t\t\t\t\t\t\t\t\t<figure class=\"wp-caption\">\n\t\t\t\t\t\t\t\t\t\t<img decoding=\"async\" width=\"768\" height=\"434\" src=\"https:\/\/soymigrante.com\/revista\/wp-content\/uploads\/2025\/05\/migrantes-ilustracion-para-ciudadania-por-nacimeinto-1024x579.jpg\" class=\"attachment-large size-large wp-image-33469\" alt=\"Diversos migrantes latinoamericanos en un mural de estilo ilustraci\u00f3n con fondo de banderas de EE.UU. y Am\u00e9rica Latina, representando inclusi\u00f3n, diversidad y comunidad migrante.\" srcset=\"https:\/\/soymigrante.com\/revista\/wp-content\/uploads\/2025\/05\/migrantes-ilustracion-para-ciudadania-por-nacimeinto-1024x579.jpg 1024w, https:\/\/soymigrante.com\/revista\/wp-content\/uploads\/2025\/05\/migrantes-ilustracion-para-ciudadania-por-nacimeinto-300x170.jpg 300w, https:\/\/soymigrante.com\/revista\/wp-content\/uploads\/2025\/05\/migrantes-ilustracion-para-ciudadania-por-nacimeinto-768x434.jpg 768w, https:\/\/soymigrante.com\/revista\/wp-content\/uploads\/2025\/05\/migrantes-ilustracion-para-ciudadania-por-nacimeinto-750x424.webp 750w, https:\/\/soymigrante.com\/revista\/wp-content\/uploads\/2025\/05\/migrantes-ilustracion-para-ciudadania-por-nacimeinto-1140x644.webp 1140w, https:\/\/soymigrante.com\/revista\/wp-content\/uploads\/2025\/05\/migrantes-ilustracion-para-ciudadania-por-nacimeinto.webp 1472w\" sizes=\"(max-width: 768px) 100vw, 768px\" title=\"El derecho de ciudadani\u00e1 por nacimiento permite que los hijos de migrantes tengan oportunidades de educaci\u00f3n y desarrollo en Estados Unidos; al crecer se suman a la fuerza productiva del pa\u00eds y en muchos casos han contribuido a la innovaci\u00f3n y crecimiento. Este aporte se terminar\u00eda de llegar a aprobarse una eliminaci\u00f3n de la enmienda constitucional que hoy garantiza este derecho, seg\u00fan el estudio de MPI. \u2013 SoyMigrante.com REVISTA\" \/>\t\t\t\t\t\t\t\t\t\t\t<figcaption class=\"widget-image-caption wp-caption-text\">Imagen ilustrada de migrantes latinoamericanos en un mural con fondo de banderas de EE.UU. y Am\u00e9rica Latina, simbolizando diversidad, integraci\u00f3n y comunidad migrante.<\/figcaption>\n\t\t\t\t\t\t\t\t\t\t<\/figure>\n\t\t\t\t\t\t\t\t\t<\/div>\n\t\t\t\t\t<\/div>\n\t\t\t\t<\/div>\n\t\t<div data-particle_enable=\"false\" data-particle-mobile-disabled=\"false\" class=\"elementor-element elementor-element-d96b8ee e-flex e-con-boxed e-con e-parent\" data-id=\"d96b8ee\" data-element_type=\"container\" data-e-type=\"container\">\n\t\t\t\t\t<div class=\"e-con-inner\">\n\t\t\t\t<div class=\"elementor-element elementor-element-b9d95df elementor-widget elementor-widget-heading\" data-id=\"b9d95df\" data-element_type=\"widget\" data-e-type=\"widget\" data-widget_type=\"heading.default\">\n\t\t\t\t\t<h3 class=\"elementor-heading-title elementor-size-default\">Ser\u00eda un sector social sin derechos, por herencia<\/h3>\t\t\t\t<\/div>\n\t\t\t\t\t<\/div>\n\t\t\t\t<\/div>\n\t\t<div data-particle_enable=\"false\" data-particle-mobile-disabled=\"false\" class=\"elementor-element elementor-element-7a07032 e-flex e-con-boxed e-con e-parent\" data-id=\"7a07032\" data-element_type=\"container\" data-e-type=\"container\">\n\t\t\t\t\t<div class=\"e-con-inner\">\n\t\t\t\t<div class=\"elementor-element elementor-element-167eaa3 elementor-widget elementor-widget-text-editor\" data-id=\"167eaa3\" data-element_type=\"widget\" data-e-type=\"widget\" data-widget_type=\"text-editor.default\">\n\t\t\t\t\t\t\t\t\t<p>El impacto m\u00e1s preocupante de una hipot\u00e9tica suspensi\u00f3n de la ciudadan\u00eda por nacimiento ser\u00eda la creaci\u00f3n de una subclase multigeneracional de personas nacidas en Estados Unidos, pero privadas de ciudadan\u00eda.<\/p><p>Estos individuos, sin autorizaci\u00f3n legal para trabajar, sin acceso a servicios b\u00e1sicos ni oportunidades educativas, quedar\u00edan atrapados en un c\u00edrculo de desventaja hereditaria.\u00a0<\/p><p>Si se suspendiera el derecho de ciudadan\u00eda, en 2075 habr\u00eda hasta 1,7 millones de personas nacidas en EE. UU. y descendientes de padres tambi\u00e9n nacidos en EE. UU. que vivir\u00edan sin ciudadan\u00eda ni estatus legal.<\/p><p>Este fen\u00f3meno significar\u00eda un quiebre profundo en el modelo tradicional de integraci\u00f3n de las <a href=\"https:\/\/soymigrante.com\/revista\/consejos-para-parejas-migrantes-no-discutir-o-tratar-temas-delicados-frente-a-los-hijos\/\">familias inmigrantes<\/a> en Estados Unidos, donde hist\u00f3ricamente los hijos superan a sus padres en logros educativos, econ\u00f3micos y sociales. Negar este camino generacional de progreso erosionar\u00eda la cohesi\u00f3n social y debilitar\u00eda los cimientos del ideal americano de movilidad ascendente.<\/p>\t\t\t\t\t\t\t\t<\/div>\n\t\t\t\t\t<\/div>\n\t\t\t\t<\/div>\n\t\t<div data-particle_enable=\"false\" data-particle-mobile-disabled=\"false\" class=\"elementor-element elementor-element-030e288 e-flex e-con-boxed e-con e-parent\" data-id=\"030e288\" data-element_type=\"container\" data-e-type=\"container\">\n\t\t\t\t\t<div class=\"e-con-inner\">\n\t\t\t\t<div class=\"elementor-element elementor-element-fc867f2 elementor-grid-eael-col-1 elementor-grid-tablet-eael-col-2 elementor-grid-mobile-eael-col-1 elementor-widget elementor-widget-eael-post-grid\" data-id=\"fc867f2\" data-element_type=\"widget\" data-e-type=\"widget\" data-settings=\"{&quot;eael_post_grid_columns&quot;:&quot;eael-col-1&quot;,&quot;eael_post_grid_columns_tablet&quot;:&quot;eael-col-2&quot;,&quot;eael_post_grid_columns_mobile&quot;:&quot;eael-col-1&quot;}\" data-widget_type=\"eael-post-grid.default\">\n\t\t\t\t\t<div id=\"eael-post-grid-fc867f2\" class=\"eael-post-grid-container\">\n            <div class=\"eael-post-grid eael-post-appender eael-post-appender-fc867f2 eael-post-grid-style-one\" data-layout-mode=\"masonry\"><article class=\"eael-grid-post  eael-post-grid-column eael-pg-post-6481 category-exitos\" data-id=\"6481\">\n        <div class=\"eael-grid-post-holder\">\n            <div class=\"eael-grid-post-holder-inner\"><div class=\"eael-entry-media\"><div class=\"eael-entry-overlay fade-in\"><i class=\"far fa-hand-pointer\" aria-hidden=\"true\"><\/i><a href=\"https:\/\/soymigrante.com\/revista\/se-gradua-de-medica-hija-de-migrantes-guatemaltecos-en-oklahoma\/\"><\/a><\/div><div class=\"eael-entry-thumbnail \">\n                <img loading=\"lazy\" decoding=\"async\" width=\"715\" height=\"688\" src=\"https:\/\/soymigrante.com\/revista\/wp-content\/uploads\/2024\/05\/Captura-de-pantalla-2024-05-17-112020.webp\" class=\"attachment-large size-large wp-image-6482\" alt=\"Graduaci\u00f3n de inmigrantes en evento cultural con tradici\u00f3n, orgullo y diversidad en la comunidad migrante.\" srcset=\"https:\/\/soymigrante.com\/revista\/wp-content\/uploads\/2024\/05\/Captura-de-pantalla-2024-05-17-112020.webp 715w, https:\/\/soymigrante.com\/revista\/wp-content\/uploads\/2024\/05\/Captura-de-pantalla-2024-05-17-112020-300x289.webp 300w\" sizes=\"(max-width: 715px) 100vw, 715px\" \/>\n            <\/div>\n        <\/div><div class=\"eael-entry-wrapper\"><header class=\"eael-entry-header\"><h2 class=\"eael-entry-title\"><a class=\"eael-grid-post-link\" href=\"https:\/\/soymigrante.com\/revista\/se-gradua-de-medica-hija-de-migrantes-guatemaltecos-en-oklahoma\/\" title=\"Se grad\u00faa de m\u00e9dica hija de migrantes guatemaltecos en Oklahoma\">Se grad\u00faa de m\u00e9dica hija de migrantes guatemaltecos en Oklahoma<\/a><\/h2><\/header><div class=\"eael-entry-content\">\n                        <div class=\"eael-grid-post-excerpt\"><a href=\"https:\/\/soymigrante.com\/revista\/se-gradua-de-medica-hija-de-migrantes-guatemaltecos-en-oklahoma\/\" class=\"eael-post-elements-readmore-btn\">CONOCE SU HISTORIA <\/a><\/div>\n                    <\/div><\/div><\/div>\n        <\/div>\n    <\/article><\/div>\n            <div class=\"clearfix\"><\/div>\n        <\/div>\t\t\t\t<\/div>\n\t\t\t\t\t<\/div>\n\t\t\t\t<\/div>\n\t\t<div data-particle_enable=\"false\" data-particle-mobile-disabled=\"false\" class=\"elementor-element elementor-element-8d1058e e-flex e-con-boxed e-con e-parent\" data-id=\"8d1058e\" data-element_type=\"container\" data-e-type=\"container\">\n\t\t\t\t\t<div class=\"e-con-inner\">\n\t\t\t\t<div class=\"elementor-element elementor-element-568e878 elementor-widget elementor-widget-heading\" data-id=\"568e878\" data-element_type=\"widget\" data-e-type=\"widget\" data-widget_type=\"heading.default\">\n\t\t\t\t\t<h3 class=\"elementor-heading-title elementor-size-default\">Afectar\u00eda la disponibilidad de poblaci\u00f3n productiva<\/h3>\t\t\t\t<\/div>\n\t\t\t\t\t<\/div>\n\t\t\t\t<\/div>\n\t\t<div data-particle_enable=\"false\" data-particle-mobile-disabled=\"false\" class=\"elementor-element elementor-element-7ce3f74 e-flex e-con-boxed e-con e-parent\" data-id=\"7ce3f74\" data-element_type=\"container\" data-e-type=\"container\">\n\t\t\t\t\t<div class=\"e-con-inner\">\n\t\t\t\t<div class=\"elementor-element elementor-element-e8f2963 elementor-widget elementor-widget-text-editor\" data-id=\"e8f2963\" data-element_type=\"widget\" data-e-type=\"widget\" data-widget_type=\"text-editor.default\">\n\t\t\t\t\t\t\t\t\t<p>En un contexto de envejecimiento poblacional y estancamiento del crecimiento laboral, negar la ciudadan\u00eda a nuevas generaciones de hijos de migrantes afectar\u00eda directamente al desarrollo econ\u00f3mico del pa\u00eds, seg\u00fan se\u00f1ala el estudio, pues los <a href=\"https:\/\/soymigrante.com\/revista\/trabajo-y-aporte-fiscal-de-migrantes-es-clave-para-economia-de-ee-uu-senala-estudio-realizado-en-ny\/\">migrantes aportan fuerza laboral.<\/a><\/p><p>Sin autorizaci\u00f3n legal, millones de j\u00f3venes quedar\u00edan limitados a empleos informales y mal remunerados, a pesar de haber crecido, estudiado y formado sus vidas en territorio estadounidense. El pa\u00eds se ver\u00eda privado de su talento, creatividad y capacidad de contribuir plenamente a la sociedad.<\/p><p>Adem\u00e1s, los costos administrativos de implementar una pol\u00edtica de este tipo ser\u00edan elevados. Reemplazar la clara y sencilla regla de &#8220;jus soli&#8221; (derecho de suelo) con un sistema que depende del estatus legal de los padres generar\u00eda una gran carga burocr\u00e1tica para hospitales, agencias gubernamentales y familias.<\/p>\t\t\t\t\t\t\t\t<\/div>\n\t\t\t\t\t<\/div>\n\t\t\t\t<\/div>\n\t\t<div data-particle_enable=\"false\" data-particle-mobile-disabled=\"false\" class=\"elementor-element elementor-element-61e6959 e-flex e-con-boxed e-con e-parent\" data-id=\"61e6959\" data-element_type=\"container\" data-e-type=\"container\">\n\t\t\t\t\t<div class=\"e-con-inner\">\n\t\t\t\t<div class=\"elementor-element elementor-element-903c125 elementor-widget elementor-widget-image\" data-id=\"903c125\" data-element_type=\"widget\" data-e-type=\"widget\" data-widget_type=\"image.default\">\n\t\t\t\t\t\t\t\t\t\t\t\t<figure class=\"wp-caption\">\n\t\t\t\t\t\t\t\t\t\t<img loading=\"lazy\" decoding=\"async\" width=\"768\" height=\"768\" src=\"https:\/\/soymigrante.com\/revista\/wp-content\/uploads\/2023\/08\/un-hombre-hispano-trabaja-en-una-obra-de-construccion-en-estados-unidos-y-piensa-en-su-familia-1024x1024.jpg\" class=\"attachment-large size-large wp-image-33190\" alt=\"Camarero de construcci\u00f3n con casco en obra, trabajando en un sitio de construcci\u00f3n al atardecer para promover la inversi\u00f3n y oportunidades para migrantes en el sector de la construcci\u00f3n en Am\u00e9rica Latina.\" srcset=\"https:\/\/soymigrante.com\/revista\/wp-content\/uploads\/2023\/08\/un-hombre-hispano-trabaja-en-una-obra-de-construccion-en-estados-unidos-y-piensa-en-su-familia-1024x1024.jpg 1024w, https:\/\/soymigrante.com\/revista\/wp-content\/uploads\/2023\/08\/un-hombre-hispano-trabaja-en-una-obra-de-construccion-en-estados-unidos-y-piensa-en-su-familia-300x300.jpg 300w, https:\/\/soymigrante.com\/revista\/wp-content\/uploads\/2023\/08\/un-hombre-hispano-trabaja-en-una-obra-de-construccion-en-estados-unidos-y-piensa-en-su-familia-150x150.jpg 150w, https:\/\/soymigrante.com\/revista\/wp-content\/uploads\/2023\/08\/un-hombre-hispano-trabaja-en-una-obra-de-construccion-en-estados-unidos-y-piensa-en-su-familia-768x768.jpg 768w, https:\/\/soymigrante.com\/revista\/wp-content\/uploads\/2023\/08\/un-hombre-hispano-trabaja-en-una-obra-de-construccion-en-estados-unidos-y-piensa-en-su-familia-75x75.webp 75w, https:\/\/soymigrante.com\/revista\/wp-content\/uploads\/2023\/08\/un-hombre-hispano-trabaja-en-una-obra-de-construccion-en-estados-unidos-y-piensa-en-su-familia-750x750.jpg 750w, https:\/\/soymigrante.com\/revista\/wp-content\/uploads\/2023\/08\/un-hombre-hispano-trabaja-en-una-obra-de-construccion-en-estados-unidos-y-piensa-en-su-familia.webp 1120w\" sizes=\"(max-width: 768px) 100vw, 768px\" title=\"un hombre hispano trabaja en una obra de construccion en estados unidos y piensa en su familia \u2013 SoyMigrante.com REVISTA\" \/>\t\t\t\t\t\t\t\t\t\t\t<figcaption class=\"widget-image-caption wp-caption-text\">Los migrantes, incluyendo los indocumentados, pero sobre todo sus hijos, nacidos en Estados Unidos con derechos ciudadanos, constituyen un aporte a la fuerza laboral y productiva de la Naci\u00f3n.<\/figcaption>\n\t\t\t\t\t\t\t\t\t\t<\/figure>\n\t\t\t\t\t\t\t\t\t<\/div>\n\t\t\t\t\t<\/div>\n\t\t\t\t<\/div>\n\t\t<div data-particle_enable=\"false\" data-particle-mobile-disabled=\"false\" class=\"elementor-element elementor-element-2aee9f2 e-flex e-con-boxed e-con e-parent\" data-id=\"2aee9f2\" data-element_type=\"container\" data-e-type=\"container\">\n\t\t\t\t\t<div class=\"e-con-inner\">\n\t\t\t\t<div class=\"elementor-element elementor-element-71f0741 elementor-widget elementor-widget-heading\" data-id=\"71f0741\" data-element_type=\"widget\" data-e-type=\"widget\" data-widget_type=\"heading.default\">\n\t\t\t\t\t<h3 class=\"elementor-heading-title elementor-size-default\">Estudio lo considera una \"respuesta desproporcionada\" a un problema marginal<\/h3>\t\t\t\t<\/div>\n\t\t\t\t\t<\/div>\n\t\t\t\t<\/div>\n\t\t<div data-particle_enable=\"false\" data-particle-mobile-disabled=\"false\" class=\"elementor-element elementor-element-168218f e-flex e-con-boxed e-con e-parent\" data-id=\"168218f\" data-element_type=\"container\" data-e-type=\"container\">\n\t\t\t\t\t<div class=\"e-con-inner\">\n\t\t\t\t<div class=\"elementor-element elementor-element-d667e3b elementor-widget elementor-widget-text-editor\" data-id=\"d667e3b\" data-element_type=\"widget\" data-e-type=\"widget\" data-widget_type=\"text-editor.default\">\n\t\t\t\t\t\t\t\t\t<p>Los impulsores de la propuesta de suprimir la ciudadan\u00eda por nacimiento, a menudo se\u00f1alan el \u201cturismo de maternidad\u201d como justificaci\u00f3n. Sin embargo, las estad\u00edsticas oficiales muestran que los nacimientos de madres extranjeras no residentes representan al a\u00f1o solo 9,000 de los 3,6 millones de nacimientos en EE. UU., una fracci\u00f3n \u00ednfima.\u00a0<\/p><p>El uso de visados m\u00e1s estrictos o controles migratorios espec\u00edficos ser\u00edan medidas m\u00e1s eficaces y proporcionales, en lugar de modificar un derecho garantizado por la Constituci\u00f3n desde 1868.<\/p><p><b>Conclusi\u00f3n: se debe respetar la reforma constitucional<\/b><\/p><p>Eliminar <a href=\"https:\/\/soymigrante.com\/revista\/preguntas-y-respuestas-que-es-el-derecho-a-la-ciudadania-por-nacimiento-en-ee-uu\/\">la ciudadan\u00eda por nacimiento <\/a>no solo va en contra de los principios constitucionales y del hist\u00f3rico sentido de justicia que dio origen a Estados Unidos y potenci\u00f3 su crecimiento, sino que tambi\u00e9n socava su inter\u00e9s estrat\u00e9gico. En vez de reducir la inmigraci\u00f3n no autorizada, aumentar\u00eda la exclusi\u00f3n social, la ilegalidad y la inestabilidad multigeneracional.<\/p><p>En definitiva, esta pol\u00edtica no resuelve el problema que pretende atacar, sino que lo agrava significativamente, comprometiendo el futuro social y econ\u00f3mico de millones de personas y el de la naci\u00f3n en su conjunto. Estados Unidos debe rechazar este camino regresivo y reafirmar su compromiso con la inclusi\u00f3n, la equidad y la tradici\u00f3n de integraci\u00f3n que lo ha definido hist\u00f3ricamente.<\/p>\t\t\t\t\t\t\t\t<\/div>\n\t\t\t\t\t<\/div>\n\t\t\t\t<\/div>\n\t\t<div data-particle_enable=\"false\" data-particle-mobile-disabled=\"false\" class=\"elementor-element elementor-element-8919a17 e-flex e-con-boxed e-con e-parent\" data-id=\"8919a17\" data-element_type=\"container\" data-e-type=\"container\">\n\t\t\t\t\t<div class=\"e-con-inner\">\n\t\t\t\t<div class=\"elementor-element elementor-element-4034c04 elementor-widget elementor-widget-video\" data-id=\"4034c04\" data-element_type=\"widget\" data-e-type=\"widget\" data-settings=\"{&quot;youtube_url&quot;:&quot;https:\\\/\\\/www.youtube.com\\\/watch?v=0Nhzf-3-Fe4&quot;,&quot;video_type&quot;:&quot;youtube&quot;,&quot;controls&quot;:&quot;yes&quot;}\" data-widget_type=\"video.default\">\n\t\t\t\t\t\t\t<div class=\"elementor-wrapper elementor-open-inline\">\n\t\t\t<div class=\"elementor-video\"><\/div>\t\t<\/div>\n\t\t\t\t\t\t<\/div>\n\t\t\t\t\t<\/div>\n\t\t\t\t<\/div>\n\t\t<div data-particle_enable=\"false\" data-particle-mobile-disabled=\"false\" class=\"elementor-element elementor-element-e5e9d35 e-flex e-con-boxed e-con e-parent\" data-id=\"e5e9d35\" data-element_type=\"container\" data-e-type=\"container\">\n\t\t\t\t\t<div class=\"e-con-inner\">\n\t\t\t\t<div class=\"elementor-element elementor-element-ea69b4a elementor-widget elementor-widget-text-editor\" data-id=\"ea69b4a\" data-element_type=\"widget\" data-e-type=\"widget\" data-widget_type=\"text-editor.default\">\n\t\t\t\t\t\t\t\t\t<p><b>Nota de Redacci\u00f3n<\/b>: desde la Revista de SoyMigrante.com compartimos informaci\u00f3n y puntos de vista sobre aspectos que ata\u00f1en a las comunidades migrantes. Este an\u00e1lisis no representa una postura pol\u00edtica sino una invitaci\u00f3n a comprender los efectos de propuestas legales que afectan a millones de familias.<br \/><a href=\"https:\/\/www.migrationpolicy.org\/news\/birthright-citizenship-repeal-projections\">Si desea leer el estudio completo de Migration Policy Institute, clic en este link<\/a><\/p>\t\t\t\t\t\t\t\t<\/div>\n\t\t\t\t\t<\/div>\n\t\t\t\t<\/div>\n\t\t<div data-particle_enable=\"false\" data-particle-mobile-disabled=\"false\" class=\"elementor-element elementor-element-e507617 e-flex e-con-boxed e-con e-parent\" data-id=\"e507617\" data-element_type=\"container\" data-e-type=\"container\">\n\t\t\t\t\t<div class=\"e-con-inner\">\n\t\t\t\t<div class=\"elementor-element elementor-element-b548a1d elementor-widget elementor-widget-heading\" data-id=\"b548a1d\" data-element_type=\"widget\" data-e-type=\"widget\" data-widget_type=\"heading.default\">\n\t\t\t\t\t<h2 class=\"elementor-heading-title elementor-size-default\">Claves y datos de la realidad migrante<\/h2>\t\t\t\t<\/div>\n\t\t\t\t\t<\/div>\n\t\t\t\t<\/div>\n\t\t<div data-particle_enable=\"false\" data-particle-mobile-disabled=\"false\" class=\"elementor-element elementor-element-530eb8d e-flex e-con-boxed e-con e-parent\" data-id=\"530eb8d\" data-element_type=\"container\" data-e-type=\"container\">\n\t\t\t\t\t<div class=\"e-con-inner\">\n\t\t\t\t<div class=\"elementor-element elementor-element-d5966d2 elementor-grid-eael-col-3 elementor-grid-tablet-eael-col-2 elementor-grid-mobile-eael-col-1 elementor-widget elementor-widget-eael-post-grid\" data-id=\"d5966d2\" data-element_type=\"widget\" data-e-type=\"widget\" data-settings=\"{&quot;eael_post_grid_columns&quot;:&quot;eael-col-3&quot;,&quot;eael_post_grid_columns_tablet&quot;:&quot;eael-col-2&quot;,&quot;eael_post_grid_columns_mobile&quot;:&quot;eael-col-1&quot;}\" data-widget_type=\"eael-post-grid.default\">\n\t\t\t\t\t<div id=\"eael-post-grid-d5966d2\" class=\"eael-post-grid-container\">\n            <div class=\"eael-post-grid eael-post-appender eael-post-appender-d5966d2 eael-post-grid-style-one\" data-layout-mode=\"masonry\"><article class=\"eael-grid-post  eael-post-grid-column eael-pg-post-55151 category-recursos-migratorios\" data-id=\"55151\">\n        <div class=\"eael-grid-post-holder\">\n            <div class=\"eael-grid-post-holder-inner\"><div class=\"eael-entry-media\"><div class=\"eael-entry-overlay fade-in\"><i class=\"far fa-hand-pointer\" aria-hidden=\"true\"><\/i><a href=\"https:\/\/soymigrante.com\/revista\/migrante-hispana-se-hace-viral-al-utilizar-una-tarjeta-roja-conoce-tus-derechos-ante-agentes\/\"><\/a><\/div><div class=\"eael-entry-thumbnail \">\n                <img loading=\"lazy\" decoding=\"async\" width=\"1024\" height=\"1024\" src=\"https:\/\/soymigrante.com\/revista\/wp-content\/uploads\/2026\/04\/tarjeta-roja.jpg\" class=\"attachment-large size-large wp-image-55152\" alt=\"tarjeta roja\" srcset=\"https:\/\/soymigrante.com\/revista\/wp-content\/uploads\/2026\/04\/tarjeta-roja.jpg 1024w, https:\/\/soymigrante.com\/revista\/wp-content\/uploads\/2026\/04\/tarjeta-roja-300x300.jpg 300w, https:\/\/soymigrante.com\/revista\/wp-content\/uploads\/2026\/04\/tarjeta-roja-150x150.jpg 150w, https:\/\/soymigrante.com\/revista\/wp-content\/uploads\/2026\/04\/tarjeta-roja-768x768.jpg 768w, https:\/\/soymigrante.com\/revista\/wp-content\/uploads\/2026\/04\/tarjeta-roja-75x75.jpg 75w, https:\/\/soymigrante.com\/revista\/wp-content\/uploads\/2026\/04\/tarjeta-roja-750x750.jpg 750w\" sizes=\"(max-width: 1024px) 100vw, 1024px\" \/>\n            <\/div>\n        <\/div><div class=\"eael-entry-wrapper\"><header class=\"eael-entry-header\"><h2 class=\"eael-entry-title\"><a class=\"eael-grid-post-link\" href=\"https:\/\/soymigrante.com\/revista\/migrante-hispana-se-hace-viral-al-utilizar-una-tarjeta-roja-conoce-tus-derechos-ante-agentes\/\" title=\"Migrante hispana se hace viral al utilizar una tarjeta roja Conoce tus Derechos, ante agentes\">Migrante hispana se hace viral al utilizar una tarjeta roja Conoce tus Derechos, ante agentes<\/a><\/h2><\/header><div class=\"eael-entry-content\">\n                        <div class=\"eael-grid-post-excerpt\"><a href=\"https:\/\/soymigrante.com\/revista\/migrante-hispana-se-hace-viral-al-utilizar-una-tarjeta-roja-conoce-tus-derechos-ante-agentes\/\" class=\"eael-post-elements-readmore-btn\">CONOCE SU HISTORIA <\/a><\/div>\n                    <\/div><\/div><\/div>\n        <\/div>\n    <\/article><article class=\"eael-grid-post  eael-post-grid-column eael-pg-post-54708 category-recursos-migratorios\" data-id=\"54708\">\n        <div class=\"eael-grid-post-holder\">\n            <div class=\"eael-grid-post-holder-inner\"><div class=\"eael-entry-media\"><div class=\"eael-entry-overlay fade-in\"><i class=\"far fa-hand-pointer\" aria-hidden=\"true\"><\/i><a href=\"https:\/\/soymigrante.com\/revista\/por-que-es-necesario-declarar-hasta-las-infracciones-de-transito-para-tramitar-residencia-o-ciudadania\/\"><\/a><\/div><div class=\"eael-entry-thumbnail \">\n                <img loading=\"lazy\" decoding=\"async\" width=\"1024\" height=\"1024\" src=\"https:\/\/soymigrante.com\/revista\/wp-content\/uploads\/2026\/04\/a-red-light-on-and-a-traffic-police-ticket-in-a-windshield-at-us-street-1-1024x1024.jpg\" class=\"attachment-large size-large wp-image-54709\" alt=\"a red light on and a traffic police ticket in a windshield at us street 1\" srcset=\"https:\/\/soymigrante.com\/revista\/wp-content\/uploads\/2026\/04\/a-red-light-on-and-a-traffic-police-ticket-in-a-windshield-at-us-street-1-1024x1024.jpg 1024w, https:\/\/soymigrante.com\/revista\/wp-content\/uploads\/2026\/04\/a-red-light-on-and-a-traffic-police-ticket-in-a-windshield-at-us-street-1-300x300.jpg 300w, https:\/\/soymigrante.com\/revista\/wp-content\/uploads\/2026\/04\/a-red-light-on-and-a-traffic-police-ticket-in-a-windshield-at-us-street-1-150x150.jpg 150w, https:\/\/soymigrante.com\/revista\/wp-content\/uploads\/2026\/04\/a-red-light-on-and-a-traffic-police-ticket-in-a-windshield-at-us-street-1-768x768.jpg 768w, https:\/\/soymigrante.com\/revista\/wp-content\/uploads\/2026\/04\/a-red-light-on-and-a-traffic-police-ticket-in-a-windshield-at-us-street-1-75x75.jpg 75w, https:\/\/soymigrante.com\/revista\/wp-content\/uploads\/2026\/04\/a-red-light-on-and-a-traffic-police-ticket-in-a-windshield-at-us-street-1-750x750.jpg 750w, https:\/\/soymigrante.com\/revista\/wp-content\/uploads\/2026\/04\/a-red-light-on-and-a-traffic-police-ticket-in-a-windshield-at-us-street-1-1140x1140.jpg 1140w, https:\/\/soymigrante.com\/revista\/wp-content\/uploads\/2026\/04\/a-red-light-on-and-a-traffic-police-ticket-in-a-windshield-at-us-street-1.jpg 1200w\" sizes=\"(max-width: 1024px) 100vw, 1024px\" \/>\n            <\/div>\n        <\/div><div class=\"eael-entry-wrapper\"><header class=\"eael-entry-header\"><h2 class=\"eael-entry-title\"><a class=\"eael-grid-post-link\" href=\"https:\/\/soymigrante.com\/revista\/por-que-es-necesario-declarar-hasta-las-infracciones-de-transito-para-tramitar-residencia-o-ciudadania\/\" title=\"\u00bfPor qu\u00e9 es necesario declarar hasta las infracciones de tr\u00e1nsito para tramitar residencia o ciudadan\u00eda?\">\u00bfPor qu\u00e9 es necesario declarar hasta las infracciones de tr\u00e1nsito para tramitar residencia o ciudadan\u00eda?<\/a><\/h2><\/header><div class=\"eael-entry-content\">\n                        <div class=\"eael-grid-post-excerpt\"><a href=\"https:\/\/soymigrante.com\/revista\/por-que-es-necesario-declarar-hasta-las-infracciones-de-transito-para-tramitar-residencia-o-ciudadania\/\" class=\"eael-post-elements-readmore-btn\">CONOCE SU HISTORIA <\/a><\/div>\n                    <\/div><\/div><\/div>\n        <\/div>\n    <\/article><article class=\"eael-grid-post  eael-post-grid-column eael-pg-post-53998 category-recursos-migratorios\" data-id=\"53998\">\n        <div class=\"eael-grid-post-holder\">\n            <div class=\"eael-grid-post-holder-inner\"><div class=\"eael-entry-media\"><div class=\"eael-entry-overlay fade-in\"><i class=\"far fa-hand-pointer\" aria-hidden=\"true\"><\/i><a href=\"https:\/\/soymigrante.com\/revista\/abogada-guatemalteca-explica-como-migrantes-detenidos-sin-fianza-podrian-beneficiarse-con-fallo-de-jueza\/\"><\/a><\/div><div class=\"eael-entry-thumbnail \">\n                <img loading=\"lazy\" decoding=\"async\" width=\"670\" height=\"670\" src=\"https:\/\/soymigrante.com\/revista\/wp-content\/uploads\/2026\/03\/abogada-ana-gabriela-urizar-migrante-guatemalteca.jpg\" class=\"attachment-large size-large wp-image-53999\" alt=\"abogada ana gabriela urizar migrante guatemalteca\" srcset=\"https:\/\/soymigrante.com\/revista\/wp-content\/uploads\/2026\/03\/abogada-ana-gabriela-urizar-migrante-guatemalteca.jpg 670w, https:\/\/soymigrante.com\/revista\/wp-content\/uploads\/2026\/03\/abogada-ana-gabriela-urizar-migrante-guatemalteca-300x300.jpg 300w, https:\/\/soymigrante.com\/revista\/wp-content\/uploads\/2026\/03\/abogada-ana-gabriela-urizar-migrante-guatemalteca-150x150.jpg 150w, https:\/\/soymigrante.com\/revista\/wp-content\/uploads\/2026\/03\/abogada-ana-gabriela-urizar-migrante-guatemalteca-75x75.jpg 75w\" sizes=\"(max-width: 670px) 100vw, 670px\" \/>\n            <\/div>\n        <\/div><div class=\"eael-entry-wrapper\"><header class=\"eael-entry-header\"><h2 class=\"eael-entry-title\"><a class=\"eael-grid-post-link\" href=\"https:\/\/soymigrante.com\/revista\/abogada-guatemalteca-explica-como-migrantes-detenidos-sin-fianza-podrian-beneficiarse-con-fallo-de-jueza\/\" title=\"Abogada guatemalteca explica c\u00f3mo migrantes detenidos sin fianza podr\u00edan beneficiarse con fallo judicial reciente\">Abogada guatemalteca explica c\u00f3mo migrantes detenidos sin fianza podr\u00edan beneficiarse con fallo judicial reciente<\/a><\/h2><\/header><div class=\"eael-entry-content\">\n                        <div class=\"eael-grid-post-excerpt\"><a href=\"https:\/\/soymigrante.com\/revista\/abogada-guatemalteca-explica-como-migrantes-detenidos-sin-fianza-podrian-beneficiarse-con-fallo-de-jueza\/\" class=\"eael-post-elements-readmore-btn\">CONOCE SU HISTORIA <\/a><\/div>\n                    <\/div><\/div><\/div>\n        <\/div>\n    <\/article><\/div>\n            <div class=\"clearfix\"><\/div>\n        <\/div>            <div class=\"eael-load-more-button-wrap eael-force-hide\">\n                <button class=\"eael-load-more-button\" id=\"eael-load-more-btn-d5966d2\" data-widget-id=\"d5966d2\" data-widget=\"d5966d2\" data-page-id=\"33448\" data-template=\"{&quot;dir&quot;:&quot;lite&quot;,&quot;file_name&quot;:&quot;one.php&quot;,&quot;name&quot;:&quot;Post-Grid&quot;}\" data-class=\"Essential_Addons_Elementor\\Elements\\Post_Grid\" data-layout=\"masonry\" data-page=\"1\" data-args=\"orderby=date&amp;order=desc&amp;ignore_sticky_posts=1&amp;post_status=publish&amp;posts_per_page=3&amp;offset=0&amp;post_type=post&amp;tax_query%5B0%5D%5Btaxonomy%5D=category&amp;tax_query%5B0%5D%5Bfield%5D=term_id&amp;tax_query%5B0%5D%5Bterms%5D%5B0%5D=59&amp;tax_query%5Brelation%5D=AND\" data-max-page=\"32\">\n                    <span class=\"eael-btn-loader button__loader\"><\/span>\n                    <span class=\"eael_load_more_text\">Load More<\/span>\n                <\/button>\n            <\/div>\n            \t\t\t\t<\/div>\n\t\t\t\t\t<\/div>\n\t\t\t\t<\/div>\n\t\t\t\t<\/div>\n\t\t","protected":false},"excerpt":{"rendered":"<p>Estudio del Migration Policy Institute y la Universidad de Pensilvania advierte de impactos econ\u00f3micos y sociales serios si se llegara a eliminar el derecho de ciudadan\u00eda por nacimiento en Estados Unidos. Tal propuesta est\u00e1 suspendida por un juez y requerir\u00eda aprobaci\u00f3n legislativa. La propuesta de revocar la ciudadan\u00eda por nacimiento a los hijos nacidos en [&hellip;]<\/p>\n","protected":false},"author":7,"featured_media":33452,"comment_status":"open","ping_status":"open","sticky":false,"template":"","format":"standard","meta":{"_acf_changed":false,"_eb_attr":"","footnotes":""},"categories":[59],"tags":[],"class_list":["post-33448","post","type-post","status-publish","format-standard","has-post-thumbnail","hentry","category-recursos-migratorios"],"acf":[],"aioseo_notices":[],"aioseo_head":"\n\t\t<!-- All in One SEO Pro 4.9.6.2 - aioseo.com -->\n\t<meta name=\"description\" content=\"Caso Maldonado Bautista abri\u00f3 oportunidad de audiencia ante juez y solicitud de fianza para migrantes detenidos. Abogada guatemalteca Ana Ur\u00edzar explica.\" \/>\n\t<meta name=\"robots\" content=\"max-snippet:-1, max-image-preview:large, max-video-preview:-1\" \/>\n\t<meta name=\"author\" content=\"Gustavo Montenegro\"\/>\n\t<link rel=\"canonical\" href=\"https:\/\/soymigrante.com\/revista\/abogada-guatemalteca-explica-como-migrantes-detenidos-sin-fianza-podrian-beneficiarse-con-fallo-de-jueza\/\" \/>\n\t<meta name=\"generator\" content=\"All in One SEO Pro (AIOSEO) 4.9.6.2\" \/>\n\n\t\t<link rel=\"preconnect\" href=\"https:\/\/fonts.googleapis.com\" crossorigin>\n<link rel=\"preconnect\" href=\"https:\/\/fonts.gstatic.com\" crossorigin>\n\t\t<meta property=\"og:locale\" content=\"es_ES\" \/>\n\t\t<meta property=\"og:site_name\" content=\"SoyMigrante.com REVISTA \u2013 Nuestra misi\u00f3n es reconocer y dignificar al migrante.\" \/>\n\t\t<meta property=\"og:type\" content=\"article\" \/>\n\t\t<meta property=\"og:title\" content=\"Abogada explica fallo a favor de migrantes detenidos sin fianza\" \/>\n\t\t<meta property=\"og:description\" content=\"Caso Maldonado Bautista abri\u00f3 oportunidad de audiencia ante juez y solicitud de fianza para migrantes detenidos. Abogada guatemalteca Ana Ur\u00edzar explica.\" \/>\n\t\t<meta property=\"og:url\" content=\"https:\/\/soymigrante.com\/revista\/abogada-guatemalteca-explica-como-migrantes-detenidos-sin-fianza-podrian-beneficiarse-con-fallo-de-jueza\/\" \/>\n\t\t<meta property=\"og:image\" content=\"https:\/\/soymigrante.com\/revista\/wp-content\/uploads\/2026\/03\/abogada-ana-gabriela-urizar-migrante-guatemalteca.jpg\" \/>\n\t\t<meta property=\"og:image:secure_url\" content=\"https:\/\/soymigrante.com\/revista\/wp-content\/uploads\/2026\/03\/abogada-ana-gabriela-urizar-migrante-guatemalteca.jpg\" \/>\n\t\t<meta property=\"og:image:width\" content=\"670\" \/>\n\t\t<meta property=\"og:image:height\" content=\"670\" \/>\n\t\t<meta property=\"article:published_time\" content=\"2026-03-23T19:32:33+00:00\" \/>\n\t\t<meta property=\"article:modified_time\" content=\"2026-03-23T19:33:24+00:00\" \/>\n\t\t<meta property=\"article:publisher\" content=\"https:\/\/www.facebook.com\/soymigrantecom\" \/>\n\t\t<meta name=\"twitter:card\" content=\"summary_large_image\" \/>\n\t\t<meta name=\"twitter:site\" content=\"@SoyMigrante_com\" \/>\n\t\t<meta name=\"twitter:title\" content=\"Abogada explica fallo a favor de migrantes detenidos sin fianza\" \/>\n\t\t<meta name=\"twitter:description\" content=\"Caso Maldonado Bautista abri\u00f3 oportunidad de audiencia ante juez y solicitud de fianza para migrantes detenidos. Abogada guatemalteca Ana Ur\u00edzar explica.\" \/>\n\t\t<meta name=\"twitter:creator\" content=\"@SoyMigrante_com\" \/>\n\t\t<meta name=\"twitter:image\" content=\"https:\/\/soymigrante.com\/revista\/wp-content\/uploads\/2026\/03\/abogada-ana-gabriela-urizar-migrante-guatemalteca.jpg\" \/>\n\t\t<!-- All in One SEO Pro -->\r\n\t\t<title>Abogada explica fallo a favor de migrantes detenidos sin fianza<\/title>\n\n","aioseo_head_json":{"title":"Abogada explica fallo a favor de migrantes detenidos sin fianza","description":"Caso Maldonado Bautista abri\u00f3 oportunidad de audiencia ante juez y solicitud de fianza para migrantes detenidos. Abogada guatemalteca Ana Ur\u00edzar explica.","canonical_url":"https:\/\/soymigrante.com\/revista\/abogada-guatemalteca-explica-como-migrantes-detenidos-sin-fianza-podrian-beneficiarse-con-fallo-de-jueza\/","robots":"max-snippet:-1, max-image-preview:large, max-video-preview:-1","keywords":"","webmasterTools":{"miscellaneous":"&lt;link rel=\"preconnect\" href=\"https:\/\/fonts.googleapis.com\" crossorigin&gt;\n&lt;link rel=\"preconnect\" href=\"https:\/\/fonts.gstatic.com\" crossorigin&gt;"},"schema":null,"og:locale":"es_ES","og:site_name":"SoyMigrante.com REVISTA \u2013 Nuestra misi\u00f3n es reconocer y dignificar al migrante.","og:type":"article","og:title":"Abogada explica fallo a favor de migrantes detenidos sin fianza","og:description":"Caso Maldonado Bautista abri\u00f3 oportunidad de audiencia ante juez y solicitud de fianza para migrantes detenidos. Abogada guatemalteca Ana Ur\u00edzar explica.","og:url":"https:\/\/soymigrante.com\/revista\/abogada-guatemalteca-explica-como-migrantes-detenidos-sin-fianza-podrian-beneficiarse-con-fallo-de-jueza\/","og:image":"https:\/\/soymigrante.com\/revista\/wp-content\/uploads\/2026\/03\/abogada-ana-gabriela-urizar-migrante-guatemalteca.jpg","og:image:secure_url":"https:\/\/soymigrante.com\/revista\/wp-content\/uploads\/2026\/03\/abogada-ana-gabriela-urizar-migrante-guatemalteca.jpg","og:image:width":670,"og:image:height":670,"article:published_time":"2026-03-23T19:32:33+00:00","article:modified_time":"2026-03-23T19:33:24+00:00","article:publisher":"https:\/\/www.facebook.com\/soymigrantecom","twitter:card":"summary_large_image","twitter:site":"@SoyMigrante_com","twitter:title":"Abogada explica fallo a favor de migrantes detenidos sin fianza","twitter:description":"Caso Maldonado Bautista abri\u00f3 oportunidad de audiencia ante juez y solicitud de fianza para migrantes detenidos. Abogada guatemalteca Ana Ur\u00edzar explica.","twitter:creator":"@SoyMigrante_com","twitter:image":"https:\/\/soymigrante.com\/revista\/wp-content\/uploads\/2026\/03\/abogada-ana-gabriela-urizar-migrante-guatemalteca.jpg"},"aioseo_meta_data":{"post_id":"33448","title":"Estudio se\u00f1ala ventajas del derecho a ciudadan\u00eda por nacimiento","description":"An\u00e1lisis del Migration Policy Institute presenta proyecciones de efectos adversos si se eliminara derecho constitucional de ciudadan\u00eda por nacimiento en USA","keywords":null,"keyphrases":{"focus":{"keyphrase":"Ciudadan\u00eda por nacimiento","score":100,"analysis":{"keyphraseInTitle":{"score":9,"maxScore":9,"error":0},"keyphraseInDescription":{"score":9,"maxScore":9,"error":0},"keyphraseLength":{"score":9,"maxScore":9,"error":0,"length":4},"keyphraseInURL":{"score":5,"maxScore":5,"error":0}}},"additional":[{"keyphrase":"Migraci\u00f3n","score":67,"analysis":{"keyphraseInDescription":{"score":3,"maxScore":9,"error":1},"keyphraseLength":{"score":9,"maxScore":9,"error":0,"length":2}}},{"keyphrase":"Derecho","score":100,"analysis":{"keyphraseInDescription":{"score":9,"maxScore":9,"error":0},"keyphraseLength":{"score":9,"maxScore":9,"error":0,"length":1}}},{"keyphrase":"Estados Unidos","score":67,"analysis":{"keyphraseInDescription":{"score":3,"maxScore":9,"error":1},"keyphraseLength":{"score":9,"maxScore":9,"error":0,"length":2}}}]},"primary_term":null,"canonical_url":null,"og_title":null,"og_description":null,"og_object_type":"default","og_image_type":"default","og_image_url":null,"og_image_width":null,"og_image_height":null,"og_image_custom_url":null,"og_image_custom_fields":null,"og_video":"","og_custom_url":null,"og_article_section":null,"og_article_tags":null,"twitter_use_og":false,"twitter_card":"default","twitter_image_type":"default","twitter_image_url":null,"twitter_image_custom_url":null,"twitter_image_custom_fields":null,"twitter_title":null,"twitter_description":null,"schema":{"blockGraphs":[],"customGraphs":[],"default":{"data":{"Article":[],"Course":[],"Dataset":[],"FAQPage":[],"Movie":[],"Person":[],"Product":[],"ProductReview":[],"Car":[],"Recipe":[],"Service":[],"SoftwareApplication":[],"WebPage":[]},"graphName":"none","isEnabled":true},"graphs":[]},"schema_type":"default","schema_type_options":null,"pillar_content":false,"robots_default":true,"robots_noindex":false,"robots_noarchive":false,"robots_nosnippet":false,"robots_nofollow":false,"robots_noimageindex":false,"robots_noodp":false,"robots_notranslate":false,"robots_max_snippet":"-1","robots_max_videopreview":"-1","robots_max_imagepreview":"large","priority":null,"frequency":"default","local_seo":null,"seo_analyzer_scan_date":"2025-10-09 05:09:12","breadcrumb_settings":null,"limit_modified_date":false,"reviewed_by":null,"open_ai":"{\"title\":{\"suggestions\":[],\"usage\":0},\"description\":{\"suggestions\":[],\"usage\":0}}","ai":null,"created":"2025-05-13 22:24:30","updated":"2026-02-04 23:41:31"},"aioseo_breadcrumb":"<div class=\"aioseo-breadcrumbs\"><span class=\"aioseo-breadcrumb\">\n\t<a href=\"https:\/\/soymigrante.com\/revista\" title=\"Home\">Home<\/a>\n<\/span><span class=\"aioseo-breadcrumb-separator\">\u00bb<\/span><span class=\"aioseo-breadcrumb\">\n\t<a href=\"https:\/\/soymigrante.com\/revista\/category\/recursos-migratorios\/\" title=\"Recursos Migratorios\">Recursos Migratorios<\/a>\n<\/span><span class=\"aioseo-breadcrumb-separator\">\u00bb<\/span><span class=\"aioseo-breadcrumb\">\n\tEl derecho constitucional de ciudadan\u00eda por nacimiento en USA es parte de la soluci\u00f3n, no del problema, se\u00f1ala estudio\n<\/span><\/div>","aioseo_breadcrumb_json":[{"label":"Home","link":"https:\/\/soymigrante.com\/revista"},{"label":"Recursos Migratorios","link":"https:\/\/soymigrante.com\/revista\/category\/recursos-migratorios\/"},{"label":"El derecho constitucional de ciudadan\u00eda por nacimiento en USA es parte de la soluci\u00f3n, no del problema, se\u00f1ala estudio","link":"https:\/\/soymigrante.com\/revista\/el-dciudadania-por-nacimiento-derecho-efectos-adversos-estudio-mpi\/"}],"_links":{"self":[{"href":"https:\/\/soymigrante.com\/revista\/wp-json\/wp\/v2\/posts\/33448","targetHints":{"allow":["GET"]}}],"collection":[{"href":"https:\/\/soymigrante.com\/revista\/wp-json\/wp\/v2\/posts"}],"about":[{"href":"https:\/\/soymigrante.com\/revista\/wp-json\/wp\/v2\/types\/post"}],"author":[{"embeddable":true,"href":"https:\/\/soymigrante.com\/revista\/wp-json\/wp\/v2\/users\/7"}],"replies":[{"embeddable":true,"href":"https:\/\/soymigrante.com\/revista\/wp-json\/wp\/v2\/comments?post=33448"}],"version-history":[{"count":8,"href":"https:\/\/soymigrante.com\/revista\/wp-json\/wp\/v2\/posts\/33448\/revisions"}],"predecessor-version":[{"id":33475,"href":"https:\/\/soymigrante.com\/revista\/wp-json\/wp\/v2\/posts\/33448\/revisions\/33475"}],"wp:featuredmedia":[{"embeddable":true,"href":"https:\/\/soymigrante.com\/revista\/wp-json\/wp\/v2\/media\/33452"}],"wp:attachment":[{"href":"https:\/\/soymigrante.com\/revista\/wp-json\/wp\/v2\/media?parent=33448"}],"wp:term":[{"taxonomy":"category","embeddable":true,"href":"https:\/\/soymigrante.com\/revista\/wp-json\/wp\/v2\/categories?post=33448"},{"taxonomy":"post_tag","embeddable":true,"href":"https:\/\/soymigrante.com\/revista\/wp-json\/wp\/v2\/tags?post=33448"}],"curies":[{"name":"wp","href":"https:\/\/api.w.org\/{rel}","templated":true}]}}