{"id":33430,"date":"2025-05-20T05:00:00","date_gmt":"2025-05-20T11:00:00","guid":{"rendered":"https:\/\/soymigrante.com\/revista\/?p=33430"},"modified":"2025-05-20T01:20:36","modified_gmt":"2025-05-20T07:20:36","slug":"lago-de-amatitlan-redescubriendo-sus-atractivos-para-motivar-a-rescatarlo","status":"publish","type":"post","link":"https:\/\/soymigrante.com\/revista\/lago-de-amatitlan-redescubriendo-sus-atractivos-para-motivar-a-rescatarlo\/","title":{"rendered":"Lago de Amatitl\u00e1n: redescubriendo sus atractivos para motivar a rescatarlo"},"content":{"rendered":"\t\t<div data-elementor-type=\"wp-post\" data-elementor-id=\"33430\" class=\"elementor elementor-33430\" data-elementor-post-type=\"post\">\n\t\t\t\t<div data-particle_enable=\"false\" data-particle-mobile-disabled=\"false\" class=\"elementor-element elementor-element-63aa2c0 e-flex e-con-boxed e-con e-parent\" data-id=\"63aa2c0\" data-element_type=\"container\" data-e-type=\"container\">\n\t\t\t\t\t<div class=\"e-con-inner\">\n\t\t\t\t<div class=\"elementor-element elementor-element-121ffbf elementor-widget elementor-widget-heading\" data-id=\"121ffbf\" data-element_type=\"widget\" data-e-type=\"widget\" data-widget_type=\"heading.default\">\n\t\t\t\t\t<h2 class=\"elementor-heading-title elementor-size-default\">El lago de Amatitl\u00e1n es un lugar m\u00e1gico, pero se debe redescubrir su belleza y atractivos tur\u00edsticos. <\/h2>\t\t\t\t<\/div>\n\t\t\t\t\t<\/div>\n\t\t\t\t<\/div>\n\t\t<div data-particle_enable=\"false\" data-particle-mobile-disabled=\"false\" class=\"elementor-element elementor-element-f1174a4 e-flex e-con-boxed e-con e-parent\" data-id=\"f1174a4\" data-element_type=\"container\" data-e-type=\"container\">\n\t\t\t\t\t<div class=\"e-con-inner\">\n\t\t\t\t<div class=\"elementor-element elementor-element-4e006c1 elementor-widget elementor-widget-text-editor\" data-id=\"4e006c1\" data-element_type=\"widget\" data-e-type=\"widget\" data-widget_type=\"text-editor.default\">\n\t\t\t\t\t\t\t\t\t<p>A solo 27 kil\u00f3metros de la ciudad de Guatemala, <a href=\"https:\/\/soymigrante.com\/revista\/procesion-acuatica-del-nino-dios-en-amatitlan-fe-tradicion-y-una-cronica-de-la-infancia\/\" target=\"_blank\" rel=\"noopener\">el lago de Amatitl\u00e1n<\/a> se alza como un destino que, a pesar de los retos ambientales, sigue ofreciendo paisajes y experiencias \u00fanicas para quienes buscan escapar del bullicio urbano.<\/p><p>Hoy en d\u00eda, m\u00e1s all\u00e1 de sus problemas de contaminaci\u00f3n, el<a href=\"https:\/\/soymigrante.com\/revista\/procesion-acuatica-del-nino-dios-en-amatitlan-fe-tradicion-y-una-cronica-de-la-infancia\/\" target=\"_blank\" rel=\"noopener\"> lago de Amatitl\u00e1n<\/a> est\u00e1 en proceso de recuperaci\u00f3n y es un lugar ideal para quienes desean disfrutar de la naturaleza, la cultura y la aventura.<\/p>\t\t\t\t\t\t\t\t<\/div>\n\t\t\t\t\t<\/div>\n\t\t\t\t<\/div>\n\t\t<div data-particle_enable=\"false\" data-particle-mobile-disabled=\"false\" class=\"elementor-element elementor-element-aa9906a e-flex e-con-boxed e-con e-parent\" data-id=\"aa9906a\" data-element_type=\"container\" data-e-type=\"container\">\n\t\t\t\t\t<div class=\"e-con-inner\">\n\t\t\t\t<div class=\"elementor-element elementor-element-9c4eaf1 elementor-widget elementor-widget-image\" data-id=\"9c4eaf1\" data-element_type=\"widget\" data-e-type=\"widget\" data-widget_type=\"image.default\">\n\t\t\t\t\t\t\t\t\t\t\t\t<figure class=\"wp-caption\">\n\t\t\t\t\t\t\t\t\t\t<img fetchpriority=\"high\" decoding=\"async\" width=\"768\" height=\"431\" src=\"https:\/\/soymigrante.com\/revista\/wp-content\/uploads\/2025\/05\/Amatitlan-2-1024x575.jpg\" class=\"attachment-large size-large wp-image-33443\" alt=\"Castillo de ensue\u00f1o en medio de la naturaleza exuberante en un entorno m\u00e1gico, ideal para los amantes de la historia y la aventura.\" srcset=\"https:\/\/soymigrante.com\/revista\/wp-content\/uploads\/2025\/05\/Amatitlan-2-1024x575.jpg 1024w, https:\/\/soymigrante.com\/revista\/wp-content\/uploads\/2025\/05\/Amatitlan-2-300x169.jpg 300w, https:\/\/soymigrante.com\/revista\/wp-content\/uploads\/2025\/05\/Amatitlan-2-768x431.jpg 768w, https:\/\/soymigrante.com\/revista\/wp-content\/uploads\/2025\/05\/Amatitlan-2-750x421.webp 750w, https:\/\/soymigrante.com\/revista\/wp-content\/uploads\/2025\/05\/Amatitlan-2-1140x640.webp 1140w, https:\/\/soymigrante.com\/revista\/wp-content\/uploads\/2025\/05\/Amatitlan-2.webp 1280w\" sizes=\"(max-width: 768px) 100vw, 768px\" title=\"Lago de Amatitl\u00e1n: Redescubriendo sus bellezas y atractivos tur\u00edsticos \u2013 SoyMigrante.com REVISTA\" \/>\t\t\t\t\t\t\t\t\t\t\t<figcaption class=\"widget-image-caption wp-caption-text\">Castillo antiguo en un paisaje natural con \u00e1rboles y rocas, mostrando la belleza de lugares hist\u00f3ricos rodeados de naturaleza en un entorno pintoresco.<\/figcaption>\n\t\t\t\t\t\t\t\t\t\t<\/figure>\n\t\t\t\t\t\t\t\t\t<\/div>\n\t\t\t\t\t<\/div>\n\t\t\t\t<\/div>\n\t\t<div data-particle_enable=\"false\" data-particle-mobile-disabled=\"false\" class=\"elementor-element elementor-element-4dac483 e-flex e-con-boxed e-con e-parent\" data-id=\"4dac483\" data-element_type=\"container\" data-e-type=\"container\">\n\t\t\t\t\t<div class=\"e-con-inner\">\n\t\t\t\t<div class=\"elementor-element elementor-element-65c050f elementor-widget elementor-widget-heading\" data-id=\"65c050f\" data-element_type=\"widget\" data-e-type=\"widget\" data-widget_type=\"heading.default\">\n\t\t\t\t\t<h3 class=\"elementor-heading-title elementor-size-default\">\u00bfQu\u00e9 bellezas ofrece actualmente el lago de Amatitl\u00e1n?<\/h3>\t\t\t\t<\/div>\n\t\t\t\t\t<\/div>\n\t\t\t\t<\/div>\n\t\t<div data-particle_enable=\"false\" data-particle-mobile-disabled=\"false\" class=\"elementor-element elementor-element-137d1d6 e-flex e-con-boxed e-con e-parent\" data-id=\"137d1d6\" data-element_type=\"container\" data-e-type=\"container\">\n\t\t\t\t\t<div class=\"e-con-inner\">\n\t\t\t\t<div class=\"elementor-element elementor-element-ef1dd50 elementor-widget elementor-widget-text-editor\" data-id=\"ef1dd50\" data-element_type=\"widget\" data-e-type=\"widget\" data-widget_type=\"text-editor.default\">\n\t\t\t\t\t\t\t\t\t<p>A lo largo de sus 15 kil\u00f3metros de longitud, el<a href=\"https:\/\/soymigrante.com\/revista\/procesion-acuatica-del-nino-dios-en-amatitlan-fe-tradicion-y-una-cronica-de-la-infancia\/\" target=\"_blank\" rel=\"noopener\"> lago de Amatitl\u00e1n<\/a> sigue siendo un espejo de agua rodeado de monta\u00f1as y volcanes que crean postales naturales impresionantes.<\/p><p>Durante las tardes, el reflejo del sol sobre el agua ofrece un espect\u00e1culo de colores c\u00e1lidos que atrae a fot\u00f3grafos y visitantes.<\/p><p>La vista del Volc\u00e1n de Pacaya, a\u00fan activo, a\u00f1ade un toque majestuoso al paisaje, especialmente durante los d\u00edas despejados. Adem\u00e1s, la flora que rodea el lago ha comenzado a recuperarse en ciertas \u00e1reas, brindando espacios verdes propicios para caminatas y picnics.<\/p>\t\t\t\t\t\t\t\t<\/div>\n\t\t\t\t\t<\/div>\n\t\t\t\t<\/div>\n\t\t<div data-particle_enable=\"false\" data-particle-mobile-disabled=\"false\" class=\"elementor-element elementor-element-8321a77 e-flex e-con-boxed e-con e-parent\" data-id=\"8321a77\" data-element_type=\"container\" data-e-type=\"container\">\n\t\t\t\t\t<div class=\"e-con-inner\">\n\t\t\t\t<div class=\"elementor-element elementor-element-42ee157 elementor-widget elementor-widget-heading\" data-id=\"42ee157\" data-element_type=\"widget\" data-e-type=\"widget\" data-widget_type=\"heading.default\">\n\t\t\t\t\t<h3 class=\"elementor-heading-title elementor-size-default\">\u00bfQu\u00e9 se puede hacer en el lago de Amatitl\u00e1n?<\/h3>\t\t\t\t<\/div>\n\t\t\t\t\t<\/div>\n\t\t\t\t<\/div>\n\t\t<div data-particle_enable=\"false\" data-particle-mobile-disabled=\"false\" class=\"elementor-element elementor-element-3ed8042 e-flex e-con-boxed e-con e-parent\" data-id=\"3ed8042\" data-element_type=\"container\" data-e-type=\"container\">\n\t\t\t\t\t<div class=\"e-con-inner\">\n\t\t\t\t<div class=\"elementor-element elementor-element-0ab39a0 elementor-widget elementor-widget-text-editor\" data-id=\"0ab39a0\" data-element_type=\"widget\" data-e-type=\"widget\" data-widget_type=\"text-editor.default\">\n\t\t\t\t\t\t\t\t\t<div><strong>1. Paseos en lancha:<\/strong> A\u00fan es posible realizar recorridos en lancha para apreciar el lago desde diferentes \u00e1ngulos.<a href=\"https:\/\/soymigrante.com\/revista\/procesion-acuatica-del-nino-dios-en-amatitlan-fe-tradicion-y-una-cronica-de-la-infancia\/\" target=\"_blank\" rel=\"noopener\"> Los gu\u00edas locales comparten datos sobre la historia del lugar y sus esfuerzos de recuperaci\u00f3n<\/a>.<\/div><div><strong>2.Parque Acu\u00e1tico Amatitl\u00e1n:<\/strong> Este complejo cuenta con piscinas, \u00e1reas de juegos y espacios para descansar en familia. Es un sitio ideal para refrescarse y disfrutar de un d\u00eda diferente.<\/div><div><strong>3.Visitar el Parque Las Ninfas:<\/strong> Un \u00e1rea natural perfecta para caminatas, sesiones de fotos y contacto con la naturaleza. Adem\u00e1s, ofrece espacios para descansar y comer.<\/div><div><strong>4.Turismo gastron\u00f3mico:<\/strong> Los restaurantes a la orilla del lago ofrecen platillos t\u00edpicos como el pescado frito y las mojarras, frescos y preparados al estilo tradicional.<\/div><div><strong>5.Deportes acu\u00e1ticos:<\/strong> A pesar de las advertencias por la calidad del agua, algunos sectores ofrecen actividades como kayak o paddleboard, siempre bajo supervisi\u00f3n y en \u00e1reas controladas.<\/div>\t\t\t\t\t\t\t\t<\/div>\n\t\t\t\t\t<\/div>\n\t\t\t\t<\/div>\n\t\t<div data-particle_enable=\"false\" data-particle-mobile-disabled=\"false\" class=\"elementor-element elementor-element-a9437df e-flex e-con-boxed e-con e-parent\" data-id=\"a9437df\" data-element_type=\"container\" data-e-type=\"container\">\n\t\t\t\t\t<div class=\"e-con-inner\">\n\t\t\t\t<div class=\"elementor-element elementor-element-ba19a52 elementor-widget elementor-widget-image\" data-id=\"ba19a52\" data-element_type=\"widget\" data-e-type=\"widget\" data-widget_type=\"image.default\">\n\t\t\t\t\t\t\t\t\t\t\t\t<figure class=\"wp-caption\">\n\t\t\t\t\t\t\t\t\t\t<img decoding=\"async\" width=\"768\" height=\"480\" src=\"https:\/\/soymigrante.com\/revista\/wp-content\/uploads\/2025\/05\/Amatitlan-1-1024x640.jpg\" class=\"attachment-large size-large wp-image-33442\" alt=\"Paisaje volc\u00e1nico y agr\u00edcola en Guatemala con volc\u00e1n en fondo, lagos y campos verdes, observatorio para migrantes, cultura y comunidad.\" srcset=\"https:\/\/soymigrante.com\/revista\/wp-content\/uploads\/2025\/05\/Amatitlan-1-1024x640.jpg 1024w, https:\/\/soymigrante.com\/revista\/wp-content\/uploads\/2025\/05\/Amatitlan-1-300x188.jpg 300w, https:\/\/soymigrante.com\/revista\/wp-content\/uploads\/2025\/05\/Amatitlan-1-768x480.jpg 768w, https:\/\/soymigrante.com\/revista\/wp-content\/uploads\/2025\/05\/Amatitlan-1-750x469.webp 750w, https:\/\/soymigrante.com\/revista\/wp-content\/uploads\/2025\/05\/Amatitlan-1.webp 1056w\" sizes=\"(max-width: 768px) 100vw, 768px\" title=\"Lago de Amatitl\u00e1n: Redescubriendo sus bellezas y atractivos tur\u00edsticos \u2013 SoyMigrante.com REVISTA\" \/>\t\t\t\t\t\t\t\t\t\t\t<figcaption class=\"widget-image-caption wp-caption-text\">Paisaje volc\u00e1nico y agr\u00edcola en Guatemala con volc\u00e1n en fondo, lagos y campos verdes, observatorio para migrantes, cultura y comunidad.<\/figcaption>\n\t\t\t\t\t\t\t\t\t\t<\/figure>\n\t\t\t\t\t\t\t\t\t<\/div>\n\t\t\t\t\t<\/div>\n\t\t\t\t<\/div>\n\t\t<div data-particle_enable=\"false\" data-particle-mobile-disabled=\"false\" class=\"elementor-element elementor-element-6b10e9e e-flex e-con-boxed e-con e-parent\" data-id=\"6b10e9e\" data-element_type=\"container\" data-e-type=\"container\">\n\t\t\t\t\t<div class=\"e-con-inner\">\n\t\t\t\t<div class=\"elementor-element elementor-element-654ab19 elementor-widget elementor-widget-heading\" data-id=\"654ab19\" data-element_type=\"widget\" data-e-type=\"widget\" data-widget_type=\"heading.default\">\n\t\t\t\t\t<h3 class=\"elementor-heading-title elementor-size-default\">Un destino en recuperaci\u00f3n<\/h3>\t\t\t\t<\/div>\n\t\t\t\t\t<\/div>\n\t\t\t\t<\/div>\n\t\t<div data-particle_enable=\"false\" data-particle-mobile-disabled=\"false\" class=\"elementor-element elementor-element-b59113e e-flex e-con-boxed e-con e-parent\" data-id=\"b59113e\" data-element_type=\"container\" data-e-type=\"container\">\n\t\t\t\t\t<div class=\"e-con-inner\">\n\t\t\t\t<div class=\"elementor-element elementor-element-757c09b elementor-widget elementor-widget-text-editor\" data-id=\"757c09b\" data-element_type=\"widget\" data-e-type=\"widget\" data-widget_type=\"text-editor.default\">\n\t\t\t\t\t\t\t\t\t<p>El<a href=\"https:\/\/soymigrante.com\/revista\/procesion-acuatica-del-nino-dios-en-amatitlan-fe-tradicion-y-una-cronica-de-la-infancia\/\" target=\"_blank\" rel=\"noopener\"> lago de Amatitl\u00e1n<\/a> ha sido un s\u00edmbolo tanto de belleza natural como de lucha contra la contaminaci\u00f3n. Actualmente, diversas organizaciones y comunidades trabajan para limpiar sus aguas y recuperar su biodiversidad.<\/p><p>&#8220;En mis tiempos se pod\u00eda ver el Lago de Amatitl\u00e1n desde el telef\u00e9rico, era asombroso verlo, tan grande, limpio y sobre todo porque ahora al recordarlo me llena de nostalgia cuando toda la familia se reun\u00edan para venir, extra\u00f1o esos tiempos&#8221;, coment\u00f3 Fernando, un anciano que trabaja en la zona 9 de Guatemala, al recordar la majestuosidad del lago de Amatitl\u00e1n.<\/p><p>A pesar de los desaf\u00edos, el lago de Amatitl\u00e1n sigue siendo un destino tur\u00edstico accesible, lleno de encanto y potencial. Un recordatorio de que, con esfuerzo y conciencia ambiental, se pueden rescatar los tesoros naturales de Guatemala.<\/p>\t\t\t\t\t\t\t\t<\/div>\n\t\t\t\t\t<\/div>\n\t\t\t\t<\/div>\n\t\t<div data-particle_enable=\"false\" data-particle-mobile-disabled=\"false\" class=\"elementor-element elementor-element-d97127b e-flex e-con-boxed e-con e-parent\" data-id=\"d97127b\" data-element_type=\"container\" data-e-type=\"container\">\n\t\t\t\t\t<div class=\"e-con-inner\">\n\t\t\t\t<div class=\"elementor-element elementor-element-ef43265 elementor-widget elementor-widget-heading\" data-id=\"ef43265\" data-element_type=\"widget\" data-e-type=\"widget\" data-widget_type=\"heading.default\">\n\t\t\t\t\t<h2 class=\"elementor-heading-title elementor-size-default\">Conoce otros destinos de Guatemala, ac\u00e1...<\/h2>\t\t\t\t<\/div>\n\t\t\t\t\t<\/div>\n\t\t\t\t<\/div>\n\t\t<div data-particle_enable=\"false\" data-particle-mobile-disabled=\"false\" class=\"elementor-element elementor-element-770edba e-flex e-con-boxed e-con e-parent\" data-id=\"770edba\" data-element_type=\"container\" data-e-type=\"container\">\n\t\t\t\t\t<div class=\"e-con-inner\">\n\t\t\t\t<div class=\"elementor-element elementor-element-32d7641 elementor-grid-eael-col-3 elementor-grid-tablet-eael-col-2 elementor-grid-mobile-eael-col-1 elementor-widget elementor-widget-eael-post-grid\" data-id=\"32d7641\" data-element_type=\"widget\" data-e-type=\"widget\" data-settings=\"{&quot;eael_post_grid_columns&quot;:&quot;eael-col-3&quot;,&quot;eael_post_grid_columns_tablet&quot;:&quot;eael-col-2&quot;,&quot;eael_post_grid_columns_mobile&quot;:&quot;eael-col-1&quot;}\" data-widget_type=\"eael-post-grid.default\">\n\t\t\t\t\t<div id=\"eael-post-grid-32d7641\" class=\"eael-post-grid-container\">\n            <div class=\"eael-post-grid eael-post-appender eael-post-appender-32d7641 eael-post-grid-style-one\" data-layout-mode=\"masonry\"><article class=\"eael-grid-post  eael-post-grid-column eael-pg-post-24378 category-guate-nuestra tags-calendario-de-ferias\" data-id=\"24378\">\n        <div class=\"eael-grid-post-holder\">\n            <div class=\"eael-grid-post-holder-inner\"><div class=\"eael-entry-media\"><div class=\"eael-entry-overlay fade-in\"><i class=\"far fa-hand-pointer\" aria-hidden=\"true\"><\/i><a href=\"https:\/\/soymigrante.com\/revista\/procesion-acuatica-del-nino-dios-en-amatitlan-fe-tradicion-y-una-cronica-de-la-infancia\/\"><\/a><\/div><div class=\"eael-entry-thumbnail \">\n                <img decoding=\"async\" width=\"385\" height=\"385\" src=\"https:\/\/soymigrante.com\/revista\/wp-content\/uploads\/2025\/03\/nino-de-amatitlan-zarquito.webp\" class=\"attachment-large size-large wp-image-31492\" alt=\"Ni\u00f1a disfrazada con sombrero de flores y vestido tradicional, en una celebraci\u00f3n cultural, resaltando la diversidad y las tradiciones en M\u00e9xico.\" srcset=\"https:\/\/soymigrante.com\/revista\/wp-content\/uploads\/2025\/03\/nino-de-amatitlan-zarquito.webp 385w, https:\/\/soymigrante.com\/revista\/wp-content\/uploads\/2025\/03\/nino-de-amatitlan-zarquito-300x300.jpg 300w, https:\/\/soymigrante.com\/revista\/wp-content\/uploads\/2025\/03\/nino-de-amatitlan-zarquito-150x150.jpg 150w, https:\/\/soymigrante.com\/revista\/wp-content\/uploads\/2025\/03\/nino-de-amatitlan-zarquito-75x75.webp 75w\" sizes=\"(max-width: 385px) 100vw, 385px\" \/>\n            <\/div>\n        <\/div><div class=\"eael-entry-wrapper\"><header class=\"eael-entry-header\"><h2 class=\"eael-entry-title\"><a class=\"eael-grid-post-link\" href=\"https:\/\/soymigrante.com\/revista\/procesion-acuatica-del-nino-dios-en-amatitlan-fe-tradicion-y-una-cronica-de-la-infancia\/\" title=\"Procesi\u00f3n acu\u00e1tica del Ni\u00f1o Dios en Amatitl\u00e1n: Tradici\u00f3n, memoria y presente\">Procesi\u00f3n acu\u00e1tica del Ni\u00f1o Dios en Amatitl\u00e1n: Tradici\u00f3n, memoria y presente<\/a><\/h2><\/header><div class=\"eael-entry-content\">\n                        <div class=\"eael-grid-post-excerpt\"><a href=\"https:\/\/soymigrante.com\/revista\/procesion-acuatica-del-nino-dios-en-amatitlan-fe-tradicion-y-una-cronica-de-la-infancia\/\" class=\"eael-post-elements-readmore-btn\">CONOCE SU HISTORIA <\/a><\/div>\n                    <\/div><\/div><\/div>\n        <\/div>\n    <\/article><article class=\"eael-grid-post  eael-post-grid-column eael-pg-post-21465 category-guate-nuestra\" data-id=\"21465\">\n        <div class=\"eael-grid-post-holder\">\n            <div class=\"eael-grid-post-holder-inner\"><div class=\"eael-entry-media\"><div class=\"eael-entry-overlay fade-in\"><i class=\"far fa-hand-pointer\" aria-hidden=\"true\"><\/i><a href=\"https:\/\/soymigrante.com\/revista\/sabias-que-bajo-las-aguas-del-lago-atitlan-esta-el-sitio-maya-samabaj\/\"><\/a><\/div><div class=\"eael-entry-thumbnail \">\n                <img loading=\"lazy\" decoding=\"async\" width=\"1024\" height=\"1024\" src=\"https:\/\/soymigrante.com\/revista\/wp-content\/uploads\/2025\/01\/samabaj-atitaln-3-1024x1024.jpg\" class=\"attachment-large size-large wp-image-21510\" alt=\"Cr\u00e1ter del volc\u00e1n cerca de un lago en Indonesia con paisaje natural y vegetaci\u00f3n en primer plano.\" srcset=\"https:\/\/soymigrante.com\/revista\/wp-content\/uploads\/2025\/01\/samabaj-atitaln-3-1024x1024.jpg 1024w, https:\/\/soymigrante.com\/revista\/wp-content\/uploads\/2025\/01\/samabaj-atitaln-3-300x300.jpg 300w, https:\/\/soymigrante.com\/revista\/wp-content\/uploads\/2025\/01\/samabaj-atitaln-3-150x150.jpg 150w, https:\/\/soymigrante.com\/revista\/wp-content\/uploads\/2025\/01\/samabaj-atitaln-3-768x768.jpg 768w, https:\/\/soymigrante.com\/revista\/wp-content\/uploads\/2025\/01\/samabaj-atitaln-3-1536x1536.jpg 1536w, https:\/\/soymigrante.com\/revista\/wp-content\/uploads\/2025\/01\/samabaj-atitaln-3-2048x2048.jpg 2048w, https:\/\/soymigrante.com\/revista\/wp-content\/uploads\/2025\/01\/samabaj-atitaln-3-75x75.webp 75w, https:\/\/soymigrante.com\/revista\/wp-content\/uploads\/2025\/01\/samabaj-atitaln-3-750x750.webp 750w, https:\/\/soymigrante.com\/revista\/wp-content\/uploads\/2025\/01\/samabaj-atitaln-3-1140x1140.webp 1140w, https:\/\/soymigrante.com\/revista\/wp-content\/uploads\/2025\/01\/samabaj-atitaln-3-scaled.webp 1920w\" sizes=\"(max-width: 1024px) 100vw, 1024px\" \/>\n            <\/div>\n        <\/div><div class=\"eael-entry-wrapper\"><header class=\"eael-entry-header\"><h2 class=\"eael-entry-title\"><a class=\"eael-grid-post-link\" href=\"https:\/\/soymigrante.com\/revista\/sabias-que-bajo-las-aguas-del-lago-atitlan-esta-el-sitio-maya-samabaj\/\" title=\"\u00bfPor qu\u00e9 al sitio prehisp\u00e1nico Samabaj en Atitl\u00e1n le dicen la Atl\u00e1ntida maya?\">\u00bfPor qu\u00e9 al sitio prehisp\u00e1nico Samabaj en Atitl\u00e1n le dicen la Atl\u00e1ntida maya?<\/a><\/h2><\/header><div class=\"eael-entry-content\">\n                        <div class=\"eael-grid-post-excerpt\"><a href=\"https:\/\/soymigrante.com\/revista\/sabias-que-bajo-las-aguas-del-lago-atitlan-esta-el-sitio-maya-samabaj\/\" class=\"eael-post-elements-readmore-btn\">CONOCE SU HISTORIA <\/a><\/div>\n                    <\/div><\/div><\/div>\n        <\/div>\n    <\/article><article class=\"eael-grid-post  eael-post-grid-column eael-pg-post-9129 category-pueblos-de-guatemala\" data-id=\"9129\">\n        <div class=\"eael-grid-post-holder\">\n            <div class=\"eael-grid-post-holder-inner\"><div class=\"eael-entry-media\"><div class=\"eael-entry-overlay fade-in\"><i class=\"far fa-hand-pointer\" aria-hidden=\"true\"><\/i><a href=\"https:\/\/soymigrante.com\/revista\/pueblo-tzutujil-se-cobija-en-el-lago-atitlan-hace-mas-de-7-siglos\/\"><\/a><\/div><div class=\"eael-entry-thumbnail \">\n                <img loading=\"lazy\" decoding=\"async\" width=\"1024\" height=\"1024\" src=\"https:\/\/soymigrante.com\/revista\/wp-content\/uploads\/2024\/09\/tzutujil-2-1-1024x1024.webp\" class=\"attachment-large size-large wp-image-9521\" alt=\"Gente ind\u00edgena con trajes tradicionales y paisaje monta\u00f1oso al fondo, reflejando cultura y tradici\u00f3n en M\u00e9xico.\" srcset=\"https:\/\/soymigrante.com\/revista\/wp-content\/uploads\/2024\/09\/tzutujil-2-1-1024x1024.webp 1024w, https:\/\/soymigrante.com\/revista\/wp-content\/uploads\/2024\/09\/tzutujil-2-1-300x300.webp 300w, https:\/\/soymigrante.com\/revista\/wp-content\/uploads\/2024\/09\/tzutujil-2-1-150x150.webp 150w, https:\/\/soymigrante.com\/revista\/wp-content\/uploads\/2024\/09\/tzutujil-2-1-768x768.webp 768w, https:\/\/soymigrante.com\/revista\/wp-content\/uploads\/2024\/09\/tzutujil-2-1-75x75.webp 75w, https:\/\/soymigrante.com\/revista\/wp-content\/uploads\/2024\/09\/tzutujil-2-1-750x750.webp 750w, https:\/\/soymigrante.com\/revista\/wp-content\/uploads\/2024\/09\/tzutujil-2-1.webp 1066w\" sizes=\"(max-width: 1024px) 100vw, 1024px\" \/>\n            <\/div>\n        <\/div><div class=\"eael-entry-wrapper\"><header class=\"eael-entry-header\"><h2 class=\"eael-entry-title\"><a class=\"eael-grid-post-link\" href=\"https:\/\/soymigrante.com\/revista\/pueblo-tzutujil-se-cobija-en-el-lago-atitlan-hace-mas-de-7-siglos\/\" title=\"Pueblo Tz&#8217;utujil lleva m\u00e1s de 700 a\u00f1os en las riberas del  lago de Atitl\u00e1n\">Pueblo Tz&#8217;utujil lleva m\u00e1s de 700 a\u00f1os en las riberas del  lago de Atitl\u00e1n<\/a><\/h2><\/header><div class=\"eael-entry-content\">\n                        <div class=\"eael-grid-post-excerpt\"><a href=\"https:\/\/soymigrante.com\/revista\/pueblo-tzutujil-se-cobija-en-el-lago-atitlan-hace-mas-de-7-siglos\/\" class=\"eael-post-elements-readmore-btn\">CONOCE SU HISTORIA <\/a><\/div>\n                    <\/div><\/div><\/div>\n        <\/div>\n    <\/article><\/div>\n            <div class=\"clearfix\"><\/div>\n        <\/div>\t\t\t\t<\/div>\n\t\t\t\t\t<\/div>\n\t\t\t\t<\/div>\n\t\t\t\t<\/div>\n\t\t","protected":false},"excerpt":{"rendered":"<p>El lago de Amatitl\u00e1n es un lugar m\u00e1gico, pero se debe redescubrir su belleza y atractivos tur\u00edsticos. A solo 27 kil\u00f3metros de la ciudad de Guatemala, el lago de Amatitl\u00e1n se alza como un destino que, a pesar de los retos ambientales, sigue ofreciendo paisajes y experiencias \u00fanicas para quienes buscan escapar del bullicio urbano. [&hellip;]<\/p>\n","protected":false},"author":19,"featured_media":33431,"comment_status":"open","ping_status":"open","sticky":false,"template":"","format":"standard","meta":{"_acf_changed":false,"_eb_attr":"","footnotes":""},"categories":[58],"tags":[],"class_list":["post-33430","post","type-post","status-publish","format-standard","has-post-thumbnail","hentry","category-guate-nuestra"],"acf":[],"aioseo_notices":[],"aioseo_head":"\n\t\t<!-- All in One SEO Pro 4.9.6.2 - aioseo.com -->\n\t<meta name=\"description\" content=\"En el Popol Vuh, los Tz&#039;utujil son llamados Ajtziquinahay (los de la casa del p\u00e1jaro). Se asentaron en junto al volc\u00e1n San Pedro y de all\u00ed se extendieron.\" \/>\n\t<meta name=\"robots\" content=\"max-snippet:-1, max-image-preview:large, max-video-preview:-1\" \/>\n\t<meta name=\"author\" content=\"Edwin Castro\"\/>\n\t<link rel=\"canonical\" href=\"https:\/\/soymigrante.com\/revista\/pueblo-tzutujil-se-cobija-en-el-lago-atitlan-hace-mas-de-7-siglos\/\" \/>\n\t<meta name=\"generator\" content=\"All in One SEO Pro (AIOSEO) 4.9.6.2\" \/>\n\n\t\t<link rel=\"preconnect\" href=\"https:\/\/fonts.googleapis.com\" crossorigin>\n<link rel=\"preconnect\" href=\"https:\/\/fonts.gstatic.com\" crossorigin>\n\t\t<meta property=\"og:locale\" content=\"es_ES\" \/>\n\t\t<meta property=\"og:site_name\" content=\"SoyMigrante.com REVISTA \u2013 Nuestra misi\u00f3n es reconocer y dignificar al migrante.\" \/>\n\t\t<meta property=\"og:type\" content=\"article\" \/>\n\t\t<meta property=\"og:title\" content=\"Pueblo Tz&#039;utujil lleva 700 a\u00f1os en la ribera del lago Atitl\u00e1n\" \/>\n\t\t<meta property=\"og:description\" content=\"En el Popol Vuh, los Tz&#039;utujil son llamados Ajtziquinahay (los de la casa del p\u00e1jaro). Se asentaron en junto al volc\u00e1n San Pedro y de all\u00ed se extendieron.\" \/>\n\t\t<meta property=\"og:url\" content=\"https:\/\/soymigrante.com\/revista\/pueblo-tzutujil-se-cobija-en-el-lago-atitlan-hace-mas-de-7-siglos\/\" \/>\n\t\t<meta property=\"og:image\" content=\"https:\/\/soymigrante.com\/revista\/wp-content\/uploads\/2024\/09\/tzutujil-2-1.webp\" \/>\n\t\t<meta property=\"og:image:secure_url\" content=\"https:\/\/soymigrante.com\/revista\/wp-content\/uploads\/2024\/09\/tzutujil-2-1.webp\" \/>\n\t\t<meta property=\"og:image:width\" content=\"1066\" \/>\n\t\t<meta property=\"og:image:height\" content=\"1066\" \/>\n\t\t<meta property=\"article:published_time\" content=\"2024-09-20T17:10:12+00:00\" \/>\n\t\t<meta property=\"article:modified_time\" content=\"2024-11-02T19:57:25+00:00\" \/>\n\t\t<meta property=\"article:publisher\" content=\"https:\/\/www.facebook.com\/soymigrantecom\" \/>\n\t\t<meta name=\"twitter:card\" content=\"summary_large_image\" \/>\n\t\t<meta name=\"twitter:site\" content=\"@SoyMigrante_com\" \/>\n\t\t<meta name=\"twitter:title\" content=\"Pueblo Tz&#039;utujil lleva 700 a\u00f1os en la ribera del lago Atitl\u00e1n\" \/>\n\t\t<meta name=\"twitter:description\" content=\"En el Popol Vuh, los Tz&#039;utujil son llamados Ajtziquinahay (los de la casa del p\u00e1jaro). Se asentaron en junto al volc\u00e1n San Pedro y de all\u00ed se extendieron.\" \/>\n\t\t<meta name=\"twitter:creator\" content=\"@SoyMigrante_com\" \/>\n\t\t<meta name=\"twitter:image\" content=\"https:\/\/soymigrante.com\/revista\/wp-content\/uploads\/2024\/09\/tzutujil-2-1.webp\" \/>\n\t\t<!-- All in One SEO Pro -->\r\n\t\t<title>Pueblo Tz'utujil lleva 700 a\u00f1os en la ribera del lago Atitl\u00e1n<\/title>\n\n","aioseo_head_json":{"title":"Pueblo Tz'utujil lleva 700 a\u00f1os en la ribera del lago Atitl\u00e1n","description":"En el Popol Vuh, los Tz'utujil son llamados Ajtziquinahay (los de la casa del p\u00e1jaro). Se asentaron en junto al volc\u00e1n San Pedro y de all\u00ed se extendieron.","canonical_url":"https:\/\/soymigrante.com\/revista\/pueblo-tzutujil-se-cobija-en-el-lago-atitlan-hace-mas-de-7-siglos\/","robots":"max-snippet:-1, max-image-preview:large, max-video-preview:-1","keywords":"","webmasterTools":{"miscellaneous":"&lt;link rel=\"preconnect\" href=\"https:\/\/fonts.googleapis.com\" crossorigin&gt;\n&lt;link rel=\"preconnect\" href=\"https:\/\/fonts.gstatic.com\" crossorigin&gt;"},"schema":null,"og:locale":"es_ES","og:site_name":"SoyMigrante.com REVISTA \u2013 Nuestra misi\u00f3n es reconocer y dignificar al migrante.","og:type":"article","og:title":"Pueblo Tz'utujil lleva 700 a\u00f1os en la ribera del lago Atitl\u00e1n","og:description":"En el Popol Vuh, los Tz'utujil son llamados Ajtziquinahay (los de la casa del p\u00e1jaro). Se asentaron en junto al volc\u00e1n San Pedro y de all\u00ed se extendieron.","og:url":"https:\/\/soymigrante.com\/revista\/pueblo-tzutujil-se-cobija-en-el-lago-atitlan-hace-mas-de-7-siglos\/","og:image":"https:\/\/soymigrante.com\/revista\/wp-content\/uploads\/2024\/09\/tzutujil-2-1.webp","og:image:secure_url":"https:\/\/soymigrante.com\/revista\/wp-content\/uploads\/2024\/09\/tzutujil-2-1.webp","og:image:width":1066,"og:image:height":1066,"article:published_time":"2024-09-20T17:10:12+00:00","article:modified_time":"2024-11-02T19:57:25+00:00","article:publisher":"https:\/\/www.facebook.com\/soymigrantecom","twitter:card":"summary_large_image","twitter:site":"@SoyMigrante_com","twitter:title":"Pueblo Tz'utujil lleva 700 a\u00f1os en la ribera del lago Atitl\u00e1n","twitter:description":"En el Popol Vuh, los Tz'utujil son llamados Ajtziquinahay (los de la casa del p\u00e1jaro). Se asentaron en junto al volc\u00e1n San Pedro y de all\u00ed se extendieron.","twitter:creator":"@SoyMigrante_com","twitter:image":"https:\/\/soymigrante.com\/revista\/wp-content\/uploads\/2024\/09\/tzutujil-2-1.webp"},"aioseo_meta_data":{"post_id":"33430","title":null,"description":"El lago de Amatitl\u00e1n es un lugar m\u00e1gico, pero se debe redescubrir su belleza y atractivos tur\u00edsticos.","keywords":null,"keyphrases":{"focus":{"keyphrase":"Lago de Amatitl\u00e1n","score":100,"analysis":{"keyphraseInTitle":{"score":9,"maxScore":9,"error":0},"keyphraseInDescription":{"score":9,"maxScore":9,"error":0},"keyphraseLength":{"score":9,"maxScore":9,"error":0,"length":4},"keyphraseInURL":{"score":5,"maxScore":5,"error":0},"keyphraseInIntroduction":{"score":9,"maxScore":9,"error":0},"keyphraseInSubHeadings":{"score":9,"maxScore":9,"error":0},"keyphraseInImageAlt":{"score":9,"maxScore":9,"error":0},"keywordDensity":{"type":"best","score":9,"maxScore":9,"error":0}}},"additional":[{"keyphrase":"Lago de Amatitl\u00e1n","score":100,"analysis":{"keyphraseInDescription":{"score":9,"maxScore":9,"error":0},"keyphraseLength":{"score":9,"maxScore":9,"error":0,"length":4},"keyphraseInIntroduction":{"score":9,"maxScore":9,"error":0},"keyphraseInImageAlt":{"score":9,"maxScore":9,"error":0},"keywordDensity":{"type":"best","score":9,"maxScore":9,"error":0}}}]},"primary_term":null,"canonical_url":null,"og_title":null,"og_description":null,"og_object_type":"default","og_image_type":"default","og_image_url":null,"og_image_width":null,"og_image_height":null,"og_image_custom_url":null,"og_image_custom_fields":null,"og_video":"","og_custom_url":null,"og_article_section":null,"og_article_tags":null,"twitter_use_og":false,"twitter_card":"default","twitter_image_type":"default","twitter_image_url":null,"twitter_image_custom_url":null,"twitter_image_custom_fields":null,"twitter_title":null,"twitter_description":null,"schema":{"blockGraphs":[],"customGraphs":[],"default":{"data":{"Article":[],"Course":[],"Dataset":[],"FAQPage":[],"Movie":[],"Person":[],"Product":[],"ProductReview":[],"Car":[],"Recipe":[],"Service":[],"SoftwareApplication":[],"WebPage":[]},"graphName":"none","isEnabled":true},"graphs":[]},"schema_type":"default","schema_type_options":null,"pillar_content":false,"robots_default":true,"robots_noindex":false,"robots_noarchive":false,"robots_nosnippet":false,"robots_nofollow":false,"robots_noimageindex":false,"robots_noodp":false,"robots_notranslate":false,"robots_max_snippet":"-1","robots_max_videopreview":"-1","robots_max_imagepreview":"large","priority":null,"frequency":"default","local_seo":null,"seo_analyzer_scan_date":"2025-10-09 05:18:12","breadcrumb_settings":null,"limit_modified_date":false,"reviewed_by":null,"open_ai":"{\"title\":{\"suggestions\":[],\"usage\":0},\"description\":{\"suggestions\":[],\"usage\":0}}","ai":null,"created":"2025-05-13 21:44:38","updated":"2026-02-04 23:43:55"},"aioseo_breadcrumb":"<div class=\"aioseo-breadcrumbs\"><span class=\"aioseo-breadcrumb\">\n\t<a href=\"https:\/\/soymigrante.com\/revista\" title=\"Home\">Home<\/a>\n<\/span><span class=\"aioseo-breadcrumb-separator\">\u00bb<\/span><span class=\"aioseo-breadcrumb\">\n\t<a href=\"https:\/\/soymigrante.com\/revista\/category\/guate-nuestra\/\" title=\"Guate Nuestra\">Guate Nuestra<\/a>\n<\/span><span class=\"aioseo-breadcrumb-separator\">\u00bb<\/span><span class=\"aioseo-breadcrumb\">\n\tLago de Amatitl\u00e1n: redescubriendo sus atractivos para motivar a rescatarlo\n<\/span><\/div>","aioseo_breadcrumb_json":[{"label":"Home","link":"https:\/\/soymigrante.com\/revista"},{"label":"Guate Nuestra","link":"https:\/\/soymigrante.com\/revista\/category\/guate-nuestra\/"},{"label":"Lago de Amatitl\u00e1n: redescubriendo sus atractivos para motivar a rescatarlo","link":"https:\/\/soymigrante.com\/revista\/lago-de-amatitlan-redescubriendo-sus-atractivos-para-motivar-a-rescatarlo\/"}],"_links":{"self":[{"href":"https:\/\/soymigrante.com\/revista\/wp-json\/wp\/v2\/posts\/33430","targetHints":{"allow":["GET"]}}],"collection":[{"href":"https:\/\/soymigrante.com\/revista\/wp-json\/wp\/v2\/posts"}],"about":[{"href":"https:\/\/soymigrante.com\/revista\/wp-json\/wp\/v2\/types\/post"}],"author":[{"embeddable":true,"href":"https:\/\/soymigrante.com\/revista\/wp-json\/wp\/v2\/users\/19"}],"replies":[{"embeddable":true,"href":"https:\/\/soymigrante.com\/revista\/wp-json\/wp\/v2\/comments?post=33430"}],"version-history":[{"count":14,"href":"https:\/\/soymigrante.com\/revista\/wp-json\/wp\/v2\/posts\/33430\/revisions"}],"predecessor-version":[{"id":33959,"href":"https:\/\/soymigrante.com\/revista\/wp-json\/wp\/v2\/posts\/33430\/revisions\/33959"}],"wp:featuredmedia":[{"embeddable":true,"href":"https:\/\/soymigrante.com\/revista\/wp-json\/wp\/v2\/media\/33431"}],"wp:attachment":[{"href":"https:\/\/soymigrante.com\/revista\/wp-json\/wp\/v2\/media?parent=33430"}],"wp:term":[{"taxonomy":"category","embeddable":true,"href":"https:\/\/soymigrante.com\/revista\/wp-json\/wp\/v2\/categories?post=33430"},{"taxonomy":"post_tag","embeddable":true,"href":"https:\/\/soymigrante.com\/revista\/wp-json\/wp\/v2\/tags?post=33430"}],"curies":[{"name":"wp","href":"https:\/\/api.w.org\/{rel}","templated":true}]}}