{"id":3342,"date":"2023-11-17T06:39:13","date_gmt":"2023-11-17T12:39:13","guid":{"rendered":"https:\/\/soymigrante.com\/revista\/?p=3342"},"modified":"2024-07-29T18:39:17","modified_gmt":"2024-07-30T00:39:17","slug":"en-arlington-florecen-los-suenos-de-la-migrante-yohana-vicente","status":"publish","type":"post","link":"https:\/\/soymigrante.com\/revista\/en-arlington-florecen-los-suenos-de-la-migrante-yohana-vicente\/","title":{"rendered":"En Arlington se saborean los sue\u00f1os de la migrante Yohana Vicente"},"content":{"rendered":"\t\t<div data-elementor-type=\"wp-post\" data-elementor-id=\"3342\" class=\"elementor elementor-3342\" data-elementor-post-type=\"post\">\n\t\t\t\t\t\t<section data-particle_enable=\"false\" data-particle-mobile-disabled=\"false\" class=\"elementor-section elementor-top-section elementor-element elementor-element-5b5e172 elementor-section-boxed elementor-section-height-default elementor-section-height-default\" data-id=\"5b5e172\" data-element_type=\"section\" data-e-type=\"section\">\n\t\t\t\t\t\t<div class=\"elementor-container elementor-column-gap-default\">\n\t\t\t\t\t<div class=\"elementor-column elementor-col-100 elementor-top-column elementor-element elementor-element-46f5741\" data-id=\"46f5741\" data-element_type=\"column\" data-e-type=\"column\">\n\t\t\t<div class=\"elementor-widget-wrap elementor-element-populated\">\n\t\t\t\t\t\t<div class=\"elementor-element elementor-element-c6553ab elementor-widget elementor-widget-heading\" data-id=\"c6553ab\" data-element_type=\"widget\" data-e-type=\"widget\" data-widget_type=\"heading.default\">\n\t\t\t\t\t<h1 class=\"elementor-heading-title elementor-size-default\">Los churrascos con chirmol, picante de chile cobanero, cebollitas y tortillas elaboradas por las manos de la migrante Yohana Vicente se disfrutan en Arlington Virginia. Adem\u00e1s logr\u00f3 trabajar en el sistema educativo local y su sue\u00f1o es ayudar a otros migrantes.<\/h1>\t\t\t\t<\/div>\n\t\t\t\t\t<\/div>\n\t\t<\/div>\n\t\t\t\t\t<\/div>\n\t\t<\/section>\n\t\t\t\t<section data-particle_enable=\"false\" data-particle-mobile-disabled=\"false\" class=\"elementor-section elementor-top-section elementor-element elementor-element-bed2c77 elementor-section-boxed elementor-section-height-default elementor-section-height-default\" data-id=\"bed2c77\" data-element_type=\"section\" data-e-type=\"section\">\n\t\t\t\t\t\t<div class=\"elementor-container elementor-column-gap-default\">\n\t\t\t\t\t<div class=\"elementor-column elementor-col-100 elementor-top-column elementor-element elementor-element-d43fab0\" data-id=\"d43fab0\" data-element_type=\"column\" data-e-type=\"column\">\n\t\t\t<div class=\"elementor-widget-wrap elementor-element-populated\">\n\t\t\t\t\t\t<div class=\"elementor-element elementor-element-e723477 elementor-widget elementor-widget-video\" data-id=\"e723477\" data-element_type=\"widget\" data-e-type=\"widget\" data-settings=\"{&quot;youtube_url&quot;:&quot;https:\\\/\\\/www.youtube.com\\\/watch?v=YIZyYpIyI2s&quot;,&quot;autoplay&quot;:&quot;yes&quot;,&quot;video_type&quot;:&quot;youtube&quot;}\" data-widget_type=\"video.default\">\n\t\t\t\t\t\t\t<div class=\"elementor-wrapper elementor-open-inline\">\n\t\t\t<div class=\"elementor-video\"><\/div>\t\t<\/div>\n\t\t\t\t\t\t<\/div>\n\t\t\t\t\t<\/div>\n\t\t<\/div>\n\t\t\t\t\t<\/div>\n\t\t<\/section>\n\t\t\t\t<section data-particle_enable=\"false\" data-particle-mobile-disabled=\"false\" class=\"elementor-section elementor-top-section elementor-element elementor-element-aa31b08 elementor-section-boxed elementor-section-height-default elementor-section-height-default\" data-id=\"aa31b08\" data-element_type=\"section\" data-e-type=\"section\">\n\t\t\t\t\t\t<div class=\"elementor-container elementor-column-gap-default\">\n\t\t\t\t\t<div class=\"elementor-column elementor-col-100 elementor-top-column elementor-element elementor-element-5b3531b\" data-id=\"5b3531b\" data-element_type=\"column\" data-e-type=\"column\">\n\t\t\t<div class=\"elementor-widget-wrap elementor-element-populated\">\n\t\t\t\t\t\t<div class=\"elementor-element elementor-element-6aedf34 elementor-widget elementor-widget-heading\" data-id=\"6aedf34\" data-element_type=\"widget\" data-e-type=\"widget\" data-widget_type=\"heading.default\">\n\t\t\t\t\t<h2 class=\"elementor-heading-title elementor-size-default\">Protectora del hogar\n<\/h2>\t\t\t\t<\/div>\n\t\t\t\t\t<\/div>\n\t\t<\/div>\n\t\t\t\t\t<\/div>\n\t\t<\/section>\n\t\t\t\t<section data-particle_enable=\"false\" data-particle-mobile-disabled=\"false\" class=\"elementor-section elementor-top-section elementor-element elementor-element-1d3554b elementor-section-boxed elementor-section-height-default elementor-section-height-default\" data-id=\"1d3554b\" data-element_type=\"section\" data-e-type=\"section\">\n\t\t\t\t\t\t<div class=\"elementor-container elementor-column-gap-default\">\n\t\t\t\t\t<div class=\"elementor-column elementor-col-100 elementor-top-column elementor-element elementor-element-a91ba08\" data-id=\"a91ba08\" data-element_type=\"column\" data-e-type=\"column\">\n\t\t\t<div class=\"elementor-widget-wrap elementor-element-populated\">\n\t\t\t\t\t\t<div class=\"elementor-element elementor-element-457bd8f elementor-widget elementor-widget-text-editor\" data-id=\"457bd8f\" data-element_type=\"widget\" data-e-type=\"widget\" data-widget_type=\"text-editor.default\">\n\t\t\t\t\t\t\t\t\t<p><span style=\"font-weight: 400;\">A ra\u00edz de la desintegraci\u00f3n familiar o la p\u00e9rdida de un familiar, muchas mujeres guatemaltecas son cabezas de hogar y se esfuerzan por sacarlo adelante. As\u00ed le pas\u00f3 a Yohana Vicente, quien creci\u00f3 sin pap\u00e1. Su mam\u00e1 los sac\u00f3 adelante a ella y sus hermanos. Pero en 2007, la vida dio un giro que le oblig\u00f3 a migrar.<\/span><\/p><p><span style=\"font-weight: 400; color: var( --e-global-color-text );\">\u00a0\u201cMigr\u00e9 porque el trabajo era escaso. Para entonces yo tambi\u00e9n era madre soltera de dos ni\u00f1os. Trabajaba para aportar a la casa, pero mi madre sufri\u00f3 una trombosis y los costos del tratamiento no los pod\u00edamos pagar.\u00a0<\/span><span style=\"font-weight: 400; color: var( --e-global-color-text );\">Yo era la mayor y decid\u00ed migrar para sacar adelante a mi familia\u201d.<\/span><\/p><p><span style=\"font-weight: 400; color: var( --e-global-color-text );\">Una larga traves\u00eda culmin\u00f3 con un recorrido de seis d\u00edas por el desierto. Pero llegar no fue todo.<\/span><span style=\"font-weight: 400; color: var( --e-global-color-text );\">\u00a0Hab\u00eda otro desierto adelante: no hablar el idioma y\u00a0 no conocer a nadie. Pero ten\u00eda un objetivo.\u00a0 \u201cTrabaj\u00e9 de todo un poco, mi primer trabajo fue en limpieza de casas. Eran jornadas extensas de 7 de la ma\u00f1ana a\u00a0 7 de la noche con paga muy baja\u201d. Pero fue conociendo a otras personas y una amiga le cedi\u00f3 su puesto en\u00a0 la cocina de un restaurante. Estuvo all\u00ed 3 a\u00f1os.<\/span><\/p>\t\t\t\t\t\t\t\t<\/div>\n\t\t\t\t\t<\/div>\n\t\t<\/div>\n\t\t\t\t\t<\/div>\n\t\t<\/section>\n\t\t\t\t<section data-particle_enable=\"false\" data-particle-mobile-disabled=\"false\" class=\"elementor-section elementor-top-section elementor-element elementor-element-232f71e elementor-section-boxed elementor-section-height-default elementor-section-height-default\" data-id=\"232f71e\" data-element_type=\"section\" data-e-type=\"section\">\n\t\t\t\t\t\t<div class=\"elementor-container elementor-column-gap-default\">\n\t\t\t\t\t<div class=\"elementor-column elementor-col-100 elementor-top-column elementor-element elementor-element-77c9fce\" data-id=\"77c9fce\" data-element_type=\"column\" data-e-type=\"column\">\n\t\t\t<div class=\"elementor-widget-wrap elementor-element-populated\">\n\t\t\t\t\t\t<div class=\"elementor-element elementor-element-1dc8d7d elementor-widget elementor-widget-image\" data-id=\"1dc8d7d\" data-element_type=\"widget\" data-e-type=\"widget\" data-widget_type=\"image.default\">\n\t\t\t\t\t\t\t\t\t\t\t\t<figure class=\"wp-caption\">\n\t\t\t\t\t\t\t\t\t\t<img fetchpriority=\"high\" decoding=\"async\" width=\"768\" height=\"788\" src=\"https:\/\/soymigrante.com\/revista\/wp-content\/uploads\/2023\/11\/Familia-Perez--768x788.webp\" class=\"attachment-medium_large size-medium_large wp-image-3345\" alt=\"Yohana conoci\u00f3 a su esposo en el 2008, en 2009 se juntaron y se casaron en el a\u00f1o 2011 tuvieron a sus hijos Edgar, Evani y Valentina quienes apoyan en las diferentes tareas del emprendimiento. Su esposo se encarga de encender siempre el fuego de la churrasquera\" srcset=\"https:\/\/soymigrante.com\/revista\/wp-content\/uploads\/2023\/11\/Familia-Perez--768x788.webp 768w, https:\/\/soymigrante.com\/revista\/wp-content\/uploads\/2023\/11\/Familia-Perez--292x300.webp 292w, https:\/\/soymigrante.com\/revista\/wp-content\/uploads\/2023\/11\/Familia-Perez--998x1024.webp 998w, https:\/\/soymigrante.com\/revista\/wp-content\/uploads\/2023\/11\/Familia-Perez--750x769.webp 750w, https:\/\/soymigrante.com\/revista\/wp-content\/uploads\/2023\/11\/Familia-Perez--1140x1169.webp 1140w, https:\/\/soymigrante.com\/revista\/wp-content\/uploads\/2023\/11\/Familia-Perez-.webp 1284w\" sizes=\"(max-width: 768px) 100vw, 768px\" title=\"Familia P\u00e9rez \u2013 SoyMigrante.com REVISTA\" \/>\t\t\t\t\t\t\t\t\t\t\t<figcaption class=\"widget-image-caption wp-caption-text\">Yohana conoci\u00f3 a su esposo en el 2008, en 2009 se juntaron y se casaron en el a\u00f1o 2011. Tuvieron a sus hijos Edgar, Evani y Valentina quienes apoyan en las diferentes tareas del emprendimiento. Su esposo se encarga de encender siempre el fuego de la churrasquer\u00eda. Los dos hijos mayores de Yohana actualmente residen en Estados Unidos.<\/figcaption>\n\t\t\t\t\t\t\t\t\t\t<\/figure>\n\t\t\t\t\t\t\t\t\t<\/div>\n\t\t\t\t\t<\/div>\n\t\t<\/div>\n\t\t\t\t\t<\/div>\n\t\t<\/section>\n\t\t\t\t<section data-particle_enable=\"false\" data-particle-mobile-disabled=\"false\" class=\"elementor-section elementor-top-section elementor-element elementor-element-d660824 elementor-section-boxed elementor-section-height-default elementor-section-height-default\" data-id=\"d660824\" data-element_type=\"section\" data-e-type=\"section\">\n\t\t\t\t\t\t<div class=\"elementor-container elementor-column-gap-default\">\n\t\t\t\t\t<div class=\"elementor-column elementor-col-100 elementor-top-column elementor-element elementor-element-acaf022\" data-id=\"acaf022\" data-element_type=\"column\" data-e-type=\"column\">\n\t\t\t<div class=\"elementor-widget-wrap elementor-element-populated\">\n\t\t\t\t\t\t<div class=\"elementor-element elementor-element-9cdde82 elementor-widget elementor-widget-heading\" data-id=\"9cdde82\" data-element_type=\"widget\" data-e-type=\"widget\" data-widget_type=\"heading.default\">\n\t\t\t\t\t<h2 class=\"elementor-heading-title elementor-size-default\">Yohana,<i> the Manager<\/i><\/h2>\t\t\t\t<\/div>\n\t\t\t\t\t<\/div>\n\t\t<\/div>\n\t\t\t\t\t<\/div>\n\t\t<\/section>\n\t\t\t\t<section data-particle_enable=\"false\" data-particle-mobile-disabled=\"false\" class=\"elementor-section elementor-top-section elementor-element elementor-element-b02b40e elementor-section-boxed elementor-section-height-default elementor-section-height-default\" data-id=\"b02b40e\" data-element_type=\"section\" data-e-type=\"section\">\n\t\t\t\t\t\t<div class=\"elementor-container elementor-column-gap-default\">\n\t\t\t\t\t<div class=\"elementor-column elementor-col-100 elementor-top-column elementor-element elementor-element-aed9f1a\" data-id=\"aed9f1a\" data-element_type=\"column\" data-e-type=\"column\">\n\t\t\t<div class=\"elementor-widget-wrap elementor-element-populated\">\n\t\t\t\t\t\t<div class=\"elementor-element elementor-element-f2232f0 elementor-widget elementor-widget-text-editor\" data-id=\"f2232f0\" data-element_type=\"widget\" data-e-type=\"widget\" data-widget_type=\"text-editor.default\">\n\t\t\t\t\t\t\t\t\t<p><span style=\"font-weight: 400;\">Los esfuerzos de la migrante Yohana Vicente dieron frutos busc\u00f3 otras oportunidades laborales \u201cYo quiero salir adelante\u201d, se dec\u00eda siempre. Busc\u00f3 trabajo en otro restaurante, llamado Taylor Gourmet.\u00a0<\/span><span style=\"font-weight: 400; color: var( --e-global-color-text );\">Entre 2015 y 2019 logr\u00f3 ascender a base de esfuerzo y responsabilidad. \u201cEmpec\u00e9 como conserje y luego m\u00ed jefe me ascendi\u00f3 a supervisora. \u00c9l confi\u00f3 en m\u00ed y me dio la oportunidad. Siempre me motiv\u00f3 a seguir adelante\u201d. En 2019 y se pas\u00f3 a Ted&#8217;s Bulletin. Entr\u00f3 como kitchen manager (jefe de cocina).\u00a0Aprendi\u00f3 t\u00e9cnicas de cocina que hoy apllica en su emprendimitno.<\/span><\/p><p><span style=\"font-weight: 400;\">La cocina no era su \u00fanica meta. Yohana sent\u00eda la necesidad de continuar con sus proyectos profesionales. En Guatemala se gradu\u00f3 como maestra biling\u00fce. Pero por ser migrante, su t\u00edtulo no ten\u00eda validez en Estados Unidos. Por eso la migrante\u00a0 empez\u00f3 a estudiar para aprovechar sus conocimientos y poder trabajar en esa \u00e1rea&#8217;<\/span><\/p>\t\t\t\t\t\t\t\t<\/div>\n\t\t\t\t\t<\/div>\n\t\t<\/div>\n\t\t\t\t\t<\/div>\n\t\t<\/section>\n\t\t\t\t<section data-particle_enable=\"false\" data-particle-mobile-disabled=\"false\" class=\"elementor-section elementor-top-section elementor-element elementor-element-dbc7d53 elementor-section-boxed elementor-section-height-default elementor-section-height-default\" data-id=\"dbc7d53\" data-element_type=\"section\" data-e-type=\"section\">\n\t\t\t\t\t\t<div class=\"elementor-container elementor-column-gap-default\">\n\t\t\t\t\t<div class=\"elementor-column elementor-col-100 elementor-top-column elementor-element elementor-element-f76518e\" data-id=\"f76518e\" data-element_type=\"column\" data-e-type=\"column\">\n\t\t\t<div class=\"elementor-widget-wrap elementor-element-populated\">\n\t\t\t\t\t\t<div class=\"elementor-element elementor-element-b5e9153 elementor-widget elementor-widget-image\" data-id=\"b5e9153\" data-element_type=\"widget\" data-e-type=\"widget\" data-widget_type=\"image.default\">\n\t\t\t\t\t\t\t\t\t\t\t\t<figure class=\"wp-caption\">\n\t\t\t\t\t\t\t\t\t\t<img decoding=\"async\" width=\"768\" height=\"768\" src=\"https:\/\/soymigrante.com\/revista\/wp-content\/uploads\/2023\/11\/Educadora-768x768.webp\" class=\"attachment-medium_large size-medium_large wp-image-3346\" alt=\"En Guatemala la migrante Yohana se gradu\u00f3 como maestra biling\u00fce del nivel diversificado en Estados Unidos retom\u00f3 sus estudios a trav\u00e9s de programas de formaci\u00f3n.\" srcset=\"https:\/\/soymigrante.com\/revista\/wp-content\/uploads\/2023\/11\/Educadora-768x768.webp 768w, https:\/\/soymigrante.com\/revista\/wp-content\/uploads\/2023\/11\/Educadora-300x300.webp 300w, https:\/\/soymigrante.com\/revista\/wp-content\/uploads\/2023\/11\/Educadora-1024x1024.webp 1024w, https:\/\/soymigrante.com\/revista\/wp-content\/uploads\/2023\/11\/Educadora-150x150.webp 150w, https:\/\/soymigrante.com\/revista\/wp-content\/uploads\/2023\/11\/Educadora-1536x1536.webp 1536w, https:\/\/soymigrante.com\/revista\/wp-content\/uploads\/2023\/11\/Educadora-75x75.webp 75w, https:\/\/soymigrante.com\/revista\/wp-content\/uploads\/2023\/11\/Educadora-750x750.webp 750w, https:\/\/soymigrante.com\/revista\/wp-content\/uploads\/2023\/11\/Educadora-1140x1140.webp 1140w, https:\/\/soymigrante.com\/revista\/wp-content\/uploads\/2023\/11\/Educadora-600x600.webp 600w, https:\/\/soymigrante.com\/revista\/wp-content\/uploads\/2023\/11\/Educadora.webp 1920w\" sizes=\"(max-width: 768px) 100vw, 768px\" title=\"Educadora \u2013 SoyMigrante.com REVISTA\" \/>\t\t\t\t\t\t\t\t\t\t\t<figcaption class=\"widget-image-caption wp-caption-text\">En Guatemala la migrante Yohana se gradu\u00f3 como maestra biling\u00fce del nivel diversificado en Estados Unidos retom\u00f3 sus estudios a trav\u00e9s de programas de formaci\u00f3n.<\/figcaption>\n\t\t\t\t\t\t\t\t\t\t<\/figure>\n\t\t\t\t\t\t\t\t\t<\/div>\n\t\t\t\t\t<\/div>\n\t\t<\/div>\n\t\t\t\t\t<\/div>\n\t\t<\/section>\n\t\t\t\t<section data-particle_enable=\"false\" data-particle-mobile-disabled=\"false\" class=\"elementor-section elementor-top-section elementor-element elementor-element-8057a03 elementor-section-boxed elementor-section-height-default elementor-section-height-default\" data-id=\"8057a03\" data-element_type=\"section\" data-e-type=\"section\">\n\t\t\t\t\t\t<div class=\"elementor-container elementor-column-gap-default\">\n\t\t\t\t\t<div class=\"elementor-column elementor-col-100 elementor-top-column elementor-element elementor-element-7ff3b2e\" data-id=\"7ff3b2e\" data-element_type=\"column\" data-e-type=\"column\">\n\t\t\t<div class=\"elementor-widget-wrap elementor-element-populated\">\n\t\t\t\t\t\t<div class=\"elementor-element elementor-element-fdee446 elementor-widget elementor-widget-text-editor\" data-id=\"fdee446\" data-element_type=\"widget\" data-e-type=\"widget\" data-widget_type=\"text-editor.default\">\n\t\t\t\t\t\t\t\t\t<p><span style=\"font-weight: 400;\">\u00a0Yohana se someti\u00f3 a evaluaci\u00f3n para poder tener una equivalencia de su t\u00edtulo de magisterio.\u00a0Finalmente logr\u00f3 trabajar como asistente de maestra en la escuela Key de Arlington. Despu\u00e9s hubo una convocatoria para un puesto docente.\u00a0<\/span><span style=\"font-weight: 400; color: var( --e-global-color-text );\">Fue seleccionada dentro de siete personas, acudi\u00f3 a la entrevista.<\/span><\/p><p><span style=\"font-weight: 400; color: var( --e-global-color-text );\">Pasaron los d\u00edas y no recib\u00eda respuesta. Hasta que lleg\u00f3 un mi\u00e9rcoles. Lo recuerda bien: eran las 7:15 de la noche cuando fue notificada de ser la seleccionada para el puesto de Nanny, en donde comenz\u00f3 a atender con dedicaci\u00f3n y cari\u00f1o a grupos de ni\u00f1os.<\/span><\/p>\t\t\t\t\t\t\t\t<\/div>\n\t\t\t\t\t<\/div>\n\t\t<\/div>\n\t\t\t\t\t<\/div>\n\t\t<\/section>\n\t\t\t\t<section data-particle_enable=\"false\" data-particle-mobile-disabled=\"false\" class=\"elementor-section elementor-top-section elementor-element elementor-element-b714940 elementor-section-boxed elementor-section-height-default elementor-section-height-default\" data-id=\"b714940\" data-element_type=\"section\" data-e-type=\"section\">\n\t\t\t\t\t\t<div class=\"elementor-container elementor-column-gap-default\">\n\t\t\t\t\t<div class=\"elementor-column elementor-col-100 elementor-top-column elementor-element elementor-element-52546f6\" data-id=\"52546f6\" data-element_type=\"column\" data-e-type=\"column\">\n\t\t\t<div class=\"elementor-widget-wrap elementor-element-populated\">\n\t\t\t\t\t\t<div class=\"elementor-element elementor-element-a66d489 elementor-widget elementor-widget-heading\" data-id=\"a66d489\" data-element_type=\"widget\" data-e-type=\"widget\" data-widget_type=\"heading.default\">\n\t\t\t\t\t<h2 class=\"elementor-heading-title elementor-size-default\">Surgen los churrascos de Yohana<\/h2>\t\t\t\t<\/div>\n\t\t\t\t\t<\/div>\n\t\t<\/div>\n\t\t\t\t\t<\/div>\n\t\t<\/section>\n\t\t\t\t<section data-particle_enable=\"false\" data-particle-mobile-disabled=\"false\" class=\"elementor-section elementor-top-section elementor-element elementor-element-bb6f3dd elementor-section-boxed elementor-section-height-default elementor-section-height-default\" data-id=\"bb6f3dd\" data-element_type=\"section\" data-e-type=\"section\">\n\t\t\t\t\t\t<div class=\"elementor-container elementor-column-gap-default\">\n\t\t\t\t\t<div class=\"elementor-column elementor-col-100 elementor-top-column elementor-element elementor-element-3581dbb\" data-id=\"3581dbb\" data-element_type=\"column\" data-e-type=\"column\">\n\t\t\t<div class=\"elementor-widget-wrap elementor-element-populated\">\n\t\t\t\t\t\t<div class=\"elementor-element elementor-element-1a84c12 elementor-widget elementor-widget-image\" data-id=\"1a84c12\" data-element_type=\"widget\" data-e-type=\"widget\" data-widget_type=\"image.default\">\n\t\t\t\t\t\t\t\t\t\t\t\t<figure class=\"wp-caption\">\n\t\t\t\t\t\t\t\t\t\t<img decoding=\"async\" width=\"768\" height=\"768\" src=\"https:\/\/soymigrante.com\/revista\/wp-content\/uploads\/2023\/11\/Churrascoy-tripa--768x768.webp\" class=\"attachment-medium_large size-medium_large wp-image-3347\" alt=\"Se distinguen por la saz\u00f3n y acompa\u00f1amientos; tortilla, frijol, papa, cebollines y combinaci\u00f3n de carnes entre adobada, asada y tripa.\" srcset=\"https:\/\/soymigrante.com\/revista\/wp-content\/uploads\/2023\/11\/Churrascoy-tripa--768x768.webp 768w, https:\/\/soymigrante.com\/revista\/wp-content\/uploads\/2023\/11\/Churrascoy-tripa--300x300.webp 300w, https:\/\/soymigrante.com\/revista\/wp-content\/uploads\/2023\/11\/Churrascoy-tripa--1024x1024.webp 1024w, https:\/\/soymigrante.com\/revista\/wp-content\/uploads\/2023\/11\/Churrascoy-tripa--150x150.webp 150w, https:\/\/soymigrante.com\/revista\/wp-content\/uploads\/2023\/11\/Churrascoy-tripa--1536x1536.webp 1536w, https:\/\/soymigrante.com\/revista\/wp-content\/uploads\/2023\/11\/Churrascoy-tripa--75x75.webp 75w, https:\/\/soymigrante.com\/revista\/wp-content\/uploads\/2023\/11\/Churrascoy-tripa--750x750.webp 750w, https:\/\/soymigrante.com\/revista\/wp-content\/uploads\/2023\/11\/Churrascoy-tripa--1140x1140.webp 1140w, https:\/\/soymigrante.com\/revista\/wp-content\/uploads\/2023\/11\/Churrascoy-tripa--600x600.webp 600w, https:\/\/soymigrante.com\/revista\/wp-content\/uploads\/2023\/11\/Churrascoy-tripa-.webp 1920w\" sizes=\"(max-width: 768px) 100vw, 768px\" title=\"Churrascoy tripa \u2013 SoyMigrante.com REVISTA\" \/>\t\t\t\t\t\t\t\t\t\t\t<figcaption class=\"widget-image-caption wp-caption-text\">Se distinguen por la saz\u00f3n y acompa\u00f1amientos; tortilla, frijol, papa, cebollines y combinaci\u00f3n de carnes entre adobada, asada y tripa. <\/figcaption>\n\t\t\t\t\t\t\t\t\t\t<\/figure>\n\t\t\t\t\t\t\t\t\t<\/div>\n\t\t\t\t\t<\/div>\n\t\t<\/div>\n\t\t\t\t\t<\/div>\n\t\t<\/section>\n\t\t\t\t<section data-particle_enable=\"false\" data-particle-mobile-disabled=\"false\" class=\"elementor-section elementor-top-section elementor-element elementor-element-66993b5 elementor-section-boxed elementor-section-height-default elementor-section-height-default\" data-id=\"66993b5\" data-element_type=\"section\" data-e-type=\"section\">\n\t\t\t\t\t\t<div class=\"elementor-container elementor-column-gap-default\">\n\t\t\t\t\t<div class=\"elementor-column elementor-col-100 elementor-top-column elementor-element elementor-element-d1c6519\" data-id=\"d1c6519\" data-element_type=\"column\" data-e-type=\"column\">\n\t\t\t<div class=\"elementor-widget-wrap elementor-element-populated\">\n\t\t\t\t\t\t<div class=\"elementor-element elementor-element-3217282 elementor-widget elementor-widget-text-editor\" data-id=\"3217282\" data-element_type=\"widget\" data-e-type=\"widget\" data-widget_type=\"text-editor.default\">\n\t\t\t\t\t\t\t\t\t<p><span style=\"font-weight: 400;\">El golpe mundial fue la pandemia del coronavirus\u00a0 dej\u00f3 a varias familias sin trabajo e ingresos. \u201cLos restaurantes cerraron y nos quedamos sin trabaj\u00f3, me preocup\u00e9 y no sabia que hacer. Primero empec\u00e9 a vender mascarillas, faldas y gorras de tela t\u00edpica. Mi esposo me motiv\u00f3 a cocinar porque era lo que pod\u00eda hacer\u201d.<\/span><\/p><p><span style=\"font-weight: 400;\">As\u00ed arranc\u00f3 el negocio de antojitos encabezados por churrascos guatemaltecos. En la \u00e9poca navide\u00f1a, en Guatemala sol\u00eda vendeerlos. Consiguieron una parrilla que instalaron en el patio del apartamento donde viv\u00edan.\u00a0<\/span><span style=\"font-weight: 400; color: var( --e-global-color-text );\">\u00a0Vecinos y conocidos adquir\u00edan este platillo tradicional guatemalteco. As\u00ed lograron subsistir la crisis de la pandemia. Despu\u00e9s tuvieron que cambiar de domicilio.\u00a0<\/span><\/p><p>S\u00e1bados y domingos por la tarde, Yohana y su familia siguen vendiendo los churrascos con saz\u00f3n secreta, acompa\u00f1ados de\u00a0<span style=\"font-weight: 400; color: var( --e-global-color-text );\">tortilla, frijol, papa, cebollines y combinaci\u00f3n de carnes entre adobada, lomito, puyaso y tripa.\u00a0\u00a0<\/span><\/p>\t\t\t\t\t\t\t\t<\/div>\n\t\t\t\t\t<\/div>\n\t\t<\/div>\n\t\t\t\t\t<\/div>\n\t\t<\/section>\n\t\t\t\t<section data-particle_enable=\"false\" data-particle-mobile-disabled=\"false\" class=\"elementor-section elementor-top-section elementor-element elementor-element-9d9f25b elementor-section-boxed elementor-section-height-default elementor-section-height-default\" data-id=\"9d9f25b\" data-element_type=\"section\" data-e-type=\"section\">\n\t\t\t\t\t\t<div class=\"elementor-container elementor-column-gap-default\">\n\t\t\t\t\t<div class=\"elementor-column elementor-col-100 elementor-top-column elementor-element elementor-element-1c1e34e\" data-id=\"1c1e34e\" data-element_type=\"column\" data-e-type=\"column\">\n\t\t\t<div class=\"elementor-widget-wrap elementor-element-populated\">\n\t\t\t\t\t\t<div class=\"elementor-element elementor-element-1d60c7a elementor-widget elementor-widget-image\" data-id=\"1d60c7a\" data-element_type=\"widget\" data-e-type=\"widget\" data-widget_type=\"image.default\">\n\t\t\t\t\t\t\t\t\t\t\t\t<figure class=\"wp-caption\">\n\t\t\t\t\t\t\t\t\t\t<img loading=\"lazy\" decoding=\"async\" width=\"768\" height=\"578\" src=\"https:\/\/soymigrante.com\/revista\/wp-content\/uploads\/2023\/11\/Coctel-de-frutas-se-ofrecen-en-los-eventos--e1700032307622-768x578.webp\" class=\"attachment-medium_large size-medium_large wp-image-3355\" alt=\"\u201cAprend\u00ed a cocinar por mi mam\u00e1. La especialidad de la casa son los churrascos, se acompa\u00f1an de arroz, frijol, papa, chirmol a base del chile Cob\u00e1n, tortillas y los asados\u201d\" srcset=\"https:\/\/soymigrante.com\/revista\/wp-content\/uploads\/2023\/11\/Coctel-de-frutas-se-ofrecen-en-los-eventos--e1700032307622-768x578.webp 768w, https:\/\/soymigrante.com\/revista\/wp-content\/uploads\/2023\/11\/Coctel-de-frutas-se-ofrecen-en-los-eventos--e1700032307622-300x226.webp 300w, https:\/\/soymigrante.com\/revista\/wp-content\/uploads\/2023\/11\/Coctel-de-frutas-se-ofrecen-en-los-eventos--e1700032307622-1024x771.webp 1024w, https:\/\/soymigrante.com\/revista\/wp-content\/uploads\/2023\/11\/Coctel-de-frutas-se-ofrecen-en-los-eventos--e1700032307622-1536x1156.webp 1536w, https:\/\/soymigrante.com\/revista\/wp-content\/uploads\/2023\/11\/Coctel-de-frutas-se-ofrecen-en-los-eventos--e1700032307622-750x565.webp 750w, https:\/\/soymigrante.com\/revista\/wp-content\/uploads\/2023\/11\/Coctel-de-frutas-se-ofrecen-en-los-eventos--e1700032307622-1140x858.webp 1140w, https:\/\/soymigrante.com\/revista\/wp-content\/uploads\/2023\/11\/Coctel-de-frutas-se-ofrecen-en-los-eventos--e1700032307622.webp 1849w\" sizes=\"(max-width: 768px) 100vw, 768px\" title=\"Coctel de frutas se ofrecen en los eventos \u2013 SoyMigrante.com REVISTA\" \/>\t\t\t\t\t\t\t\t\t\t\t<figcaption class=\"widget-image-caption wp-caption-text\">\u201cAprend\u00ed a cocinar por mi mam\u00e1. La especialidad de la casa son los churrascos, se acompa\u00f1an de arroz, frijol, papa, chirmol a base del chile Cob\u00e1n, tortillas y los asados\u201d . En estos eventos ofrecemos coctel de frutas.<\/figcaption>\n\t\t\t\t\t\t\t\t\t\t<\/figure>\n\t\t\t\t\t\t\t\t\t<\/div>\n\t\t\t\t\t<\/div>\n\t\t<\/div>\n\t\t\t\t\t<\/div>\n\t\t<\/section>\n\t\t\t\t<section data-particle_enable=\"false\" data-particle-mobile-disabled=\"false\" class=\"elementor-section elementor-top-section elementor-element elementor-element-03ac5ca elementor-section-boxed elementor-section-height-default elementor-section-height-default\" data-id=\"03ac5ca\" data-element_type=\"section\" data-e-type=\"section\">\n\t\t\t\t\t\t<div class=\"elementor-container elementor-column-gap-default\">\n\t\t\t\t\t<div class=\"elementor-column elementor-col-100 elementor-top-column elementor-element elementor-element-18a904a\" data-id=\"18a904a\" data-element_type=\"column\" data-e-type=\"column\">\n\t\t\t<div class=\"elementor-widget-wrap elementor-element-populated\">\n\t\t\t\t\t\t<div class=\"elementor-element elementor-element-dc4fad6 elementor-widget elementor-widget-heading\" data-id=\"dc4fad6\" data-element_type=\"widget\" data-e-type=\"widget\" data-widget_type=\"heading.default\">\n\t\t\t\t\t<h2 class=\"elementor-heading-title elementor-size-default\">Crecen los sabores y las ubicaciones<\/h2>\t\t\t\t<\/div>\n\t\t\t\t\t<\/div>\n\t\t<\/div>\n\t\t\t\t\t<\/div>\n\t\t<\/section>\n\t\t\t\t<section data-particle_enable=\"false\" data-particle-mobile-disabled=\"false\" class=\"elementor-section elementor-top-section elementor-element elementor-element-cebb1d1 elementor-section-boxed elementor-section-height-default elementor-section-height-default\" data-id=\"cebb1d1\" data-element_type=\"section\" data-e-type=\"section\">\n\t\t\t\t\t\t<div class=\"elementor-container elementor-column-gap-default\">\n\t\t\t\t\t<div class=\"elementor-column elementor-col-100 elementor-top-column elementor-element elementor-element-b0bffe2\" data-id=\"b0bffe2\" data-element_type=\"column\" data-e-type=\"column\">\n\t\t\t<div class=\"elementor-widget-wrap elementor-element-populated\">\n\t\t\t\t\t\t<div class=\"elementor-element elementor-element-2a230f4 elementor-widget elementor-widget-text-editor\" data-id=\"2a230f4\" data-element_type=\"widget\" data-e-type=\"widget\" data-widget_type=\"text-editor.default\">\n\t\t\t\t\t\t\t\t\t<p><span style=\"font-weight: 400;\">El sabor trasciende ahora en celebraciones, bodas, bautizos, aniversarios y cumplea\u00f1os. Cuentan con el servicio a domicilio, ofrecen platillos tradicionales guatemaltecos pero tambi\u00e9n aperitivos de fruta.<\/span><\/p>\n<p><span style=\"font-weight: 400;\">Shecas, arroz con leche, atol de pl\u00e1tano, atol de s\u00fachiles y pl\u00e1tanos fritos son otros sabores muy solicitados por la comunidad. A trav\u00e9s de redes sociales anuncian el men\u00fa y reciben \u00f3rdenes para entrega a domicilio.<\/span><\/p>\n<p><span style=\"font-weight: 400;\">No faltaron dificultades. Alguna vez hubo quejas de vecinos e incluso lleg\u00f3 la polic\u00eda.&nbsp;Necesitaban tramitar permisos. Con el apoyo de su ex jefe, Yohana logr\u00f3 asesor\u00edas y tener el permiso de&nbsp; food service.<\/span><\/p>\t\t\t\t\t\t\t\t<\/div>\n\t\t\t\t\t<\/div>\n\t\t<\/div>\n\t\t\t\t\t<\/div>\n\t\t<\/section>\n\t\t\t\t<section data-particle_enable=\"false\" data-particle-mobile-disabled=\"false\" class=\"elementor-section elementor-top-section elementor-element elementor-element-3dcfd8b elementor-section-boxed elementor-section-height-default elementor-section-height-default\" data-id=\"3dcfd8b\" data-element_type=\"section\" data-e-type=\"section\">\n\t\t\t\t\t\t<div class=\"elementor-container elementor-column-gap-default\">\n\t\t\t\t\t<div class=\"elementor-column elementor-col-100 elementor-top-column elementor-element elementor-element-c9d7ecc\" data-id=\"c9d7ecc\" data-element_type=\"column\" data-e-type=\"column\">\n\t\t\t<div class=\"elementor-widget-wrap elementor-element-populated\">\n\t\t\t\t\t\t<div class=\"elementor-element elementor-element-fcee99b elementor-arrows-position-inside elementor-pagination-position-outside elementor-widget elementor-widget-image-carousel\" data-id=\"fcee99b\" data-element_type=\"widget\" data-e-type=\"widget\" data-settings=\"{&quot;slides_to_show&quot;:&quot;1&quot;,&quot;navigation&quot;:&quot;both&quot;,&quot;autoplay&quot;:&quot;yes&quot;,&quot;pause_on_hover&quot;:&quot;yes&quot;,&quot;pause_on_interaction&quot;:&quot;yes&quot;,&quot;autoplay_speed&quot;:5000,&quot;infinite&quot;:&quot;yes&quot;,&quot;effect&quot;:&quot;slide&quot;,&quot;speed&quot;:500}\" data-widget_type=\"image-carousel.default\">\n\t\t\t\t\t\t\t<div class=\"elementor-image-carousel-wrapper swiper\" role=\"region\" aria-roledescription=\"carousel\" aria-label=\"Carrusel de im\u00e1genes\" dir=\"ltr\">\n\t\t\t<div class=\"elementor-image-carousel swiper-wrapper\" aria-live=\"off\">\n\t\t\t\t\t\t\t\t<div class=\"swiper-slide\" role=\"group\" aria-roledescription=\"slide\" aria-label=\"1 de 7\"><figure class=\"swiper-slide-inner\"><img decoding=\"async\" class=\"swiper-slide-image\" src=\"https:\/\/soymigrante.com\/revista\/wp-content\/uploads\/2023\/11\/Chiles-rellenos-768x768.webp\" alt=\"Chiles rellenos\" \/><\/figure><\/div><div class=\"swiper-slide\" role=\"group\" aria-roledescription=\"slide\" aria-label=\"2 de 7\"><figure class=\"swiper-slide-inner\"><img decoding=\"async\" class=\"swiper-slide-image\" src=\"https:\/\/soymigrante.com\/revista\/wp-content\/uploads\/2023\/11\/Pache-de-papa-768x768.webp\" alt=\"Pache de pap\u00e1\" \/><\/figure><\/div><div class=\"swiper-slide\" role=\"group\" aria-roledescription=\"slide\" aria-label=\"3 de 7\"><figure class=\"swiper-slide-inner\"><img decoding=\"async\" class=\"swiper-slide-image\" src=\"https:\/\/soymigrante.com\/revista\/wp-content\/uploads\/2023\/11\/Dobladas--768x768.webp\" alt=\"Dobladas\" \/><\/figure><\/div><div class=\"swiper-slide\" role=\"group\" aria-roledescription=\"slide\" aria-label=\"4 de 7\"><figure class=\"swiper-slide-inner\"><img decoding=\"async\" class=\"swiper-slide-image\" src=\"https:\/\/soymigrante.com\/revista\/wp-content\/uploads\/2023\/11\/Guisado-768x768.webp\" alt=\"Guisado\" \/><\/figure><\/div><div class=\"swiper-slide\" role=\"group\" aria-roledescription=\"slide\" aria-label=\"5 de 7\"><figure class=\"swiper-slide-inner\"><img decoding=\"async\" class=\"swiper-slide-image\" src=\"https:\/\/soymigrante.com\/revista\/wp-content\/uploads\/2023\/11\/Carne-prensada-768x768.webp\" alt=\"Carne prensada\" \/><\/figure><\/div><div class=\"swiper-slide\" role=\"group\" aria-roledescription=\"slide\" aria-label=\"6 de 7\"><figure class=\"swiper-slide-inner\"><img decoding=\"async\" class=\"swiper-slide-image\" src=\"https:\/\/soymigrante.com\/revista\/wp-content\/uploads\/2023\/11\/Cpjom-de-pollo-768x768.webp\" alt=\"Jocom de pollo\" \/><\/figure><\/div><div class=\"swiper-slide\" role=\"group\" aria-roledescription=\"slide\" aria-label=\"7 de 7\"><figure class=\"swiper-slide-inner\"><img decoding=\"async\" class=\"swiper-slide-image\" src=\"https:\/\/soymigrante.com\/revista\/wp-content\/uploads\/2023\/11\/Antojitos-768x768.webp\" alt=\"Antojitos\" \/><\/figure><\/div>\t\t\t<\/div>\n\t\t\t\t\t\t\t\t\t\t\t\t<div class=\"elementor-swiper-button elementor-swiper-button-prev\" role=\"button\" tabindex=\"0\">\n\t\t\t\t\t\t<i aria-hidden=\"true\" class=\"eicon-chevron-left\"><\/i>\t\t\t\t\t<\/div>\n\t\t\t\t\t<div class=\"elementor-swiper-button elementor-swiper-button-next\" role=\"button\" tabindex=\"0\">\n\t\t\t\t\t\t<i aria-hidden=\"true\" class=\"eicon-chevron-right\"><\/i>\t\t\t\t\t<\/div>\n\t\t\t\t\n\t\t\t\t\t\t\t\t\t<div class=\"swiper-pagination\"><\/div>\n\t\t\t\t\t\t\t\t\t<\/div>\n\t\t\t\t\t\t<\/div>\n\t\t\t\t\t<\/div>\n\t\t<\/div>\n\t\t\t\t\t<\/div>\n\t\t<\/section>\n\t\t\t\t<section data-particle_enable=\"false\" data-particle-mobile-disabled=\"false\" class=\"elementor-section elementor-top-section elementor-element elementor-element-025fac8 elementor-section-boxed elementor-section-height-default elementor-section-height-default\" data-id=\"025fac8\" data-element_type=\"section\" data-e-type=\"section\">\n\t\t\t\t\t\t<div class=\"elementor-container elementor-column-gap-default\">\n\t\t\t\t\t<div class=\"elementor-column elementor-col-100 elementor-top-column elementor-element elementor-element-47abe69\" data-id=\"47abe69\" data-element_type=\"column\" data-e-type=\"column\">\n\t\t\t<div class=\"elementor-widget-wrap elementor-element-populated\">\n\t\t\t\t\t\t<div class=\"elementor-element elementor-element-3735e48 elementor-widget elementor-widget-heading\" data-id=\"3735e48\" data-element_type=\"widget\" data-e-type=\"widget\" data-widget_type=\"heading.default\">\n\t\t\t\t\t<h2 class=\"elementor-heading-title elementor-size-default\">Yohana apoya a los migrantes reci\u00e9n llegados a ese pa\u00eds con un d\u00eda de trabajo. En un futuro desea que su negocio crezca para brindar oportunidades laborales a migrantes centroamericanos. \n<\/h2>\t\t\t\t<\/div>\n\t\t\t\t\t<\/div>\n\t\t<\/div>\n\t\t\t\t\t<\/div>\n\t\t<\/section>\n\t\t\t\t<section data-particle_enable=\"false\" data-particle-mobile-disabled=\"false\" class=\"elementor-section elementor-top-section elementor-element elementor-element-40ce2aa elementor-section-boxed elementor-section-height-default elementor-section-height-default\" data-id=\"40ce2aa\" data-element_type=\"section\" data-e-type=\"section\">\n\t\t\t\t\t\t<div class=\"elementor-container elementor-column-gap-default\">\n\t\t\t\t\t<div class=\"elementor-column elementor-col-100 elementor-top-column elementor-element elementor-element-0867135\" data-id=\"0867135\" data-element_type=\"column\" data-e-type=\"column\">\n\t\t\t<div class=\"elementor-widget-wrap elementor-element-populated\">\n\t\t\t\t\t\t<div class=\"elementor-element elementor-element-2282bc5 elementor-testimonial--skin-default elementor-testimonial--layout-image_inline elementor-testimonial--align-center elementor-arrows-yes elementor-pagination-type-bullets elementor-widget elementor-widget-testimonial-carousel\" data-id=\"2282bc5\" data-element_type=\"widget\" data-e-type=\"widget\" data-settings=\"{&quot;show_arrows&quot;:&quot;yes&quot;,&quot;pagination&quot;:&quot;bullets&quot;,&quot;speed&quot;:500,&quot;autoplay&quot;:&quot;yes&quot;,&quot;autoplay_speed&quot;:5000,&quot;loop&quot;:&quot;yes&quot;,&quot;pause_on_hover&quot;:&quot;yes&quot;,&quot;pause_on_interaction&quot;:&quot;yes&quot;,&quot;space_between&quot;:{&quot;unit&quot;:&quot;px&quot;,&quot;size&quot;:10,&quot;sizes&quot;:[]},&quot;space_between_tablet&quot;:{&quot;unit&quot;:&quot;px&quot;,&quot;size&quot;:10,&quot;sizes&quot;:[]},&quot;space_between_mobile&quot;:{&quot;unit&quot;:&quot;px&quot;,&quot;size&quot;:10,&quot;sizes&quot;:[]}}\" data-widget_type=\"testimonial-carousel.default\">\n\t\t\t\t\t\t\t\t\t\t<div class=\"elementor-main-swiper swiper\" role=\"region\" aria-roledescription=\"carousel\" aria-label=\"Diapositivas\">\n\t\t\t\t<div class=\"swiper-wrapper\">\n\t\t\t\t\t\t\t\t\t\t\t<div class=\"swiper-slide\" role=\"group\" aria-roledescription=\"slide\">\n\t\t\t\t\t\t\t\t\t<div class=\"elementor-testimonial\">\n\t\t\t\t\t\t\t<div class=\"elementor-testimonial__content\">\n\t\t\t\t\t<div class=\"elementor-testimonial__text\">\n\t\t\t\t\t\t\u201cNo seamos nuestro propio enemigo, si bien el idioma es una herramienta no es indispensable para seguir adelante. Las manos, tu forma de ser te abren las puertas hacia nuevas oportunidades. Es dif\u00edcil pero poco a poco\u201d.\t\t\t\t\t<\/div>\n\t\t\t\t\t\t\t\t\t<\/div>\n\t\t\t\t\t\t<div class=\"elementor-testimonial__footer\">\n\t\t\t\t\t\t\t\t\t<div class=\"elementor-testimonial__image\">\n\t\t\t\t\t\t<img decoding=\"async\" src=\"https:\/\/soymigrante.com\/revista\/wp-content\/uploads\/2023\/11\/Doris-Yohana-1-e1700031993644.webp\" alt=\"Yohana Vicente\">\n\t\t\t\t\t\t\t\t\t\t\t<\/div>\n\t\t\t\t\t\t\t\t<cite class=\"elementor-testimonial__cite\"><span class=\"elementor-testimonial__name\">Yohana Vicente<\/span><span class=\"elementor-testimonial__title\">Emprendedora migrante guatemalteca<\/span><\/cite>\t\t\t<\/div>\n\t\t<\/div>\n\t\t\t\t\t\t\t\t<\/div>\n\t\t\t\t\t\t\t\t\t<\/div>\n\t\t\t\t\t\t\t<\/div>\n\t\t\t\t\t\t\t\t<\/div>\n\t\t\t\t\t<\/div>\n\t\t<\/div>\n\t\t\t\t\t<\/div>\n\t\t<\/section>\n\t\t\t\t<section data-particle_enable=\"false\" data-particle-mobile-disabled=\"false\" class=\"elementor-section elementor-top-section elementor-element elementor-element-0b6ce78 elementor-section-boxed elementor-section-height-default elementor-section-height-default\" data-id=\"0b6ce78\" data-element_type=\"section\" data-e-type=\"section\">\n\t\t\t\t\t\t<div class=\"elementor-container elementor-column-gap-default\">\n\t\t\t\t\t<div class=\"elementor-column elementor-col-100 elementor-top-column elementor-element elementor-element-b9ec12e\" data-id=\"b9ec12e\" data-element_type=\"column\" data-e-type=\"column\">\n\t\t\t<div class=\"elementor-widget-wrap elementor-element-populated\">\n\t\t\t\t\t\t<div class=\"elementor-element elementor-element-b188b68 elementor-widget elementor-widget-blfe-post-grid\" data-id=\"b188b68\" data-element_type=\"widget\" data-e-type=\"widget\" data-settings=\"{&quot;columns&quot;:&quot;3&quot;,&quot;columns_tablet&quot;:&quot;6&quot;,&quot;columns_mobile&quot;:&quot;12&quot;,&quot;classic2_slides_to_show&quot;:3,&quot;classic2_slides_to_show_tablet&quot;:2,&quot;classic2_slides_to_show_mobile&quot;:1,&quot;classic2_autoplay&quot;:&quot;yes&quot;,&quot;classic2_autoplay_speed&quot;:5000,&quot;classic2_pause_on_hover&quot;:&quot;no&quot;,&quot;classic2_loop&quot;:&quot;yes&quot;,&quot;classic2_animation_speed&quot;:200,&quot;classic2_navigation&quot;:&quot;dots&quot;,&quot;classic2_carousel_arrow_size&quot;:{&quot;unit&quot;:&quot;px&quot;,&quot;size&quot;:&quot;&quot;,&quot;sizes&quot;:[]},&quot;classic2_carousel_arrow_size_tablet&quot;:{&quot;unit&quot;:&quot;px&quot;,&quot;size&quot;:&quot;&quot;,&quot;sizes&quot;:[]},&quot;classic2_carousel_arrow_size_mobile&quot;:{&quot;unit&quot;:&quot;px&quot;,&quot;size&quot;:&quot;&quot;,&quot;sizes&quot;:[]},&quot;classic2_carousel_arrow_height&quot;:{&quot;unit&quot;:&quot;px&quot;,&quot;size&quot;:&quot;&quot;,&quot;sizes&quot;:[]},&quot;classic2_carousel_arrow_height_tablet&quot;:{&quot;unit&quot;:&quot;px&quot;,&quot;size&quot;:&quot;&quot;,&quot;sizes&quot;:[]},&quot;classic2_carousel_arrow_height_mobile&quot;:{&quot;unit&quot;:&quot;px&quot;,&quot;size&quot;:&quot;&quot;,&quot;sizes&quot;:[]},&quot;classic2_carousel_arrow_width&quot;:{&quot;unit&quot;:&quot;px&quot;,&quot;size&quot;:&quot;&quot;,&quot;sizes&quot;:[]},&quot;classic2_carousel_arrow_width_tablet&quot;:{&quot;unit&quot;:&quot;px&quot;,&quot;size&quot;:&quot;&quot;,&quot;sizes&quot;:[]},&quot;classic2_carousel_arrow_width_mobile&quot;:{&quot;unit&quot;:&quot;px&quot;,&quot;size&quot;:&quot;&quot;,&quot;sizes&quot;:[]},&quot;classic2_carousel_dots_size&quot;:{&quot;unit&quot;:&quot;px&quot;,&quot;size&quot;:&quot;&quot;,&quot;sizes&quot;:[]},&quot;classic2_carousel_dots_size_tablet&quot;:{&quot;unit&quot;:&quot;px&quot;,&quot;size&quot;:&quot;&quot;,&quot;sizes&quot;:[]},&quot;classic2_carousel_dots_size_mobile&quot;:{&quot;unit&quot;:&quot;px&quot;,&quot;size&quot;:&quot;&quot;,&quot;sizes&quot;:[]}}\" data-widget_type=\"blfe-post-grid.classic2\">\n\t\t\t\t<div class=\"elementor-widget-container\">\n\t\t\t\t\t\n            \n                <div data-skin=\"classic2\" class=\"blfe-row blfe-posts-inner blfe-classic2      blfe-carousel  \">\n                            <div class=\"blfe-post-grid-item blfe-equal-height\">\n            <div class=\"blfe-post-grid-item-inner blfe-zoom\">\n                <a class=\"blfe-post-grid-image\" href=\"https:\/\/soymigrante.com\/revista\/santos-poroj-escritor-migrante-de-san-andres-xecul-publica-su-segundo-libro-en-california-y-con-dos-portadas\/\" title=\"Santos Poroj, escritor migrante de San Andr\u00e9s Xecul, publica su segundo libro en California (y con dos portadas)\" rel=\"nofollow\" target=\"_blank\"><img decoding=\"async\" src=\"https:\/\/soymigrante.com\/revista\/wp-content\/uploads\/2026\/04\/migrante-guatemalteco-santos-poroj-en-san-rafael-california-originario-de-san-andres-xecul.png\" alt=\"Santos Poroj, escritor migrante de San Andr\u00e9s Xecul, publica su segundo libro en California (y con dos portadas)\"\/><\/a>                <span class=\"blfe-post-category\"><a href=\"https:\/\/soymigrante.com\/revista\/category\/exitos\/\">\u00c9xitos<\/a><\/span>                <div class=\"blfe-post-grid-details\">\n                    <div class=\"blfe-post-grid-details-inner\">\n                        <h3 class=\"blfe-post-grid-title\">\n            <a href=\"https:\/\/soymigrante.com\/revista\/santos-poroj-escritor-migrante-de-san-andres-xecul-publica-su-segundo-libro-en-california-y-con-dos-portadas\/\" title=\"Santos Poroj, escritor migrante de San Andr\u00e9s Xecul, publica su segundo libro en California (y con dos portadas)\" rel=\"nofollow\" target=\"_blank\">Santos Poroj, escritor migrante de San Andr\u00e9s Xecul, publica su segundo libro en California (y con dos portadas)<\/a>\n            <\/h3>                                                            <div class=\"blfe-post-grid-meta\">\n                <span class=\"blfe-post-grid-author\"><i class=\"fa fa-user far fa-user\"><\/i>by <a href=\"https:\/\/soymigrante.com\/revista\/author\/gustavo\/\">Gustavo Montenegro<\/a><\/span><span class=\"blfe-post-grid-date\"><i class=\"fa fa-calendar-alt far fa-calendar-alt\"><\/i>27\/04\/2026<\/span>            <\/div>\n                                                        <\/div>\n                <\/div>\n\n            <\/div>\n        <\/div>\n                <div class=\"blfe-post-grid-item blfe-equal-height\">\n            <div class=\"blfe-post-grid-item-inner blfe-zoom\">\n                <a class=\"blfe-post-grid-image\" href=\"https:\/\/soymigrante.com\/revista\/migrantes-guatemaltecos-en-estados-unidos-libros-historias-dia-del-libro\/\" title=\"D\u00eda del Libro &#8211; Creatividad de escritores migrantes guatemaltecos vuela sin fronteras\" rel=\"nofollow\" target=\"_blank\"><img decoding=\"async\" src=\"https:\/\/soymigrante.com\/revista\/wp-content\/uploads\/2026\/04\/dia-del-libro-guatemala-libros-de-migrantes-guatemaltecos.png\" alt=\"D\u00eda del Libro &#8211; Creatividad de escritores migrantes guatemaltecos vuela sin fronteras\"\/><\/a>                <span class=\"blfe-post-category\"><a href=\"https:\/\/soymigrante.com\/revista\/category\/exitos\/guatemala\/\">Guatemala<\/a><\/span>                <div class=\"blfe-post-grid-details\">\n                    <div class=\"blfe-post-grid-details-inner\">\n                        <h3 class=\"blfe-post-grid-title\">\n            <a href=\"https:\/\/soymigrante.com\/revista\/migrantes-guatemaltecos-en-estados-unidos-libros-historias-dia-del-libro\/\" title=\"D\u00eda del Libro &#8211; Creatividad de escritores migrantes guatemaltecos vuela sin fronteras\" rel=\"nofollow\" target=\"_blank\">D\u00eda del Libro &#8211; Creatividad de escritores migrantes guatemaltecos vuela sin fronteras<\/a>\n            <\/h3>                                                            <div class=\"blfe-post-grid-meta\">\n                <span class=\"blfe-post-grid-author\"><i class=\"fa fa-user far fa-user\"><\/i>by <a href=\"https:\/\/soymigrante.com\/revista\/author\/soymigrante\/\">SoyMigrante.com REVISTA<\/a><\/span><span class=\"blfe-post-grid-date\"><i class=\"fa fa-calendar-alt far fa-calendar-alt\"><\/i>23\/04\/2026<\/span>            <\/div>\n                                                        <\/div>\n                <\/div>\n\n            <\/div>\n        <\/div>\n                <div class=\"blfe-post-grid-item blfe-equal-height\">\n            <div class=\"blfe-post-grid-item-inner blfe-zoom\">\n                <a class=\"blfe-post-grid-image\" href=\"https:\/\/soymigrante.com\/revista\/luis-von-ahn-national-geographic-33-guatemalteco-duolingo\/\" title=\"\u00bfC\u00f3mo lleg\u00f3 el  guatemalteco Luis von Ahn a la lista Global 33 de L\u00edderes Innovadores de National Geographic?\" rel=\"nofollow\" target=\"_blank\"><img decoding=\"async\" src=\"https:\/\/soymigrante.com\/revista\/wp-content\/uploads\/2026\/04\/Luis-von-Ahn-33-changemakers-National-Geographic-guatemalteco-migrante-lista.png\" alt=\"\u00bfC\u00f3mo lleg\u00f3 el  guatemalteco Luis von Ahn a la lista Global 33 de L\u00edderes Innovadores de National Geographic?\"\/><\/a>                <span class=\"blfe-post-category\"><a href=\"https:\/\/soymigrante.com\/revista\/category\/exitos\/\">\u00c9xitos<\/a><\/span>                <div class=\"blfe-post-grid-details\">\n                    <div class=\"blfe-post-grid-details-inner\">\n                        <h3 class=\"blfe-post-grid-title\">\n            <a href=\"https:\/\/soymigrante.com\/revista\/luis-von-ahn-national-geographic-33-guatemalteco-duolingo\/\" title=\"\u00bfC\u00f3mo lleg\u00f3 el  guatemalteco Luis von Ahn a la lista Global 33 de L\u00edderes Innovadores de National Geographic?\" rel=\"nofollow\" target=\"_blank\">\u00bfC\u00f3mo lleg\u00f3 el  guatemalteco Luis von Ahn a la lista Global 33 de L\u00edderes Innovadores de National Geographic?<\/a>\n            <\/h3>                                                            <div class=\"blfe-post-grid-meta\">\n                <span class=\"blfe-post-grid-author\"><i class=\"fa fa-user far fa-user\"><\/i>by <a href=\"https:\/\/soymigrante.com\/revista\/author\/soymigrante\/\">SoyMigrante.com REVISTA<\/a><\/span><span class=\"blfe-post-grid-date\"><i class=\"fa fa-calendar-alt far fa-calendar-alt\"><\/i>23\/04\/2026<\/span>            <\/div>\n                                                        <\/div>\n                <\/div>\n\n            <\/div>\n        <\/div>\n                <div class=\"blfe-post-grid-item blfe-equal-height\">\n            <div class=\"blfe-post-grid-item-inner blfe-zoom\">\n                <a class=\"blfe-post-grid-image\" href=\"https:\/\/soymigrante.com\/revista\/migrante-salvadorena-claudia-meneses-empresaria-las-vegas-salvadorenos-en-estados-unidos\/\" title=\"La migrante salvadore\u00f1a Claudia Meneses convirti\u00f3 la limpieza de casas en apuesta ganadora en Las Vegas\" rel=\"nofollow\" target=\"_blank\"><img decoding=\"async\" src=\"https:\/\/soymigrante.com\/revista\/wp-content\/uploads\/2026\/04\/claudia-meneses-migrante-salvadorena-empresaria-las-vegas-limpieza.png\" alt=\"La migrante salvadore\u00f1a Claudia Meneses convirti\u00f3 la limpieza de casas en apuesta ganadora en Las Vegas\"\/><\/a>                <span class=\"blfe-post-category\"><a href=\"https:\/\/soymigrante.com\/revista\/category\/exitos\/el-salvador\/\">El Salvador<\/a><\/span>                <div class=\"blfe-post-grid-details\">\n                    <div class=\"blfe-post-grid-details-inner\">\n                        <h3 class=\"blfe-post-grid-title\">\n            <a href=\"https:\/\/soymigrante.com\/revista\/migrante-salvadorena-claudia-meneses-empresaria-las-vegas-salvadorenos-en-estados-unidos\/\" title=\"La migrante salvadore\u00f1a Claudia Meneses convirti\u00f3 la limpieza de casas en apuesta ganadora en Las Vegas\" rel=\"nofollow\" target=\"_blank\">La migrante salvadore\u00f1a Claudia Meneses convirti\u00f3 la limpieza de casas en apuesta ganadora en Las Vegas<\/a>\n            <\/h3>                                                            <div class=\"blfe-post-grid-meta\">\n                <span class=\"blfe-post-grid-author\"><i class=\"fa fa-user far fa-user\"><\/i>by <a href=\"https:\/\/soymigrante.com\/revista\/author\/soymigrante\/\">SoyMigrante.com REVISTA<\/a><\/span><span class=\"blfe-post-grid-date\"><i class=\"fa fa-calendar-alt far fa-calendar-alt\"><\/i>22\/04\/2026<\/span>            <\/div>\n                                                        <\/div>\n                <\/div>\n\n            <\/div>\n        <\/div>\n                <div class=\"blfe-post-grid-item blfe-equal-height\">\n            <div class=\"blfe-post-grid-item-inner blfe-zoom\">\n                <a class=\"blfe-post-grid-image\" href=\"https:\/\/soymigrante.com\/revista\/pastor-y-cantautor-migrante-guatemalteco-danny-martinez-proyecta-los-colores-de-la-fe-desde-chicago\/\" title=\"Pastor y cantautor migrante guatemalteco Danny Mart\u00ednez proyecta los colores de la fe desde Chicago\" rel=\"nofollow\" target=\"_blank\"><img decoding=\"async\" src=\"https:\/\/soymigrante.com\/revista\/wp-content\/uploads\/2026\/04\/Guatemaltecos-en-Estados-Unidos-pastor-migrante-guatemalteco-Danny-Martinez-Chicago-1.png\" alt=\"Pastor y cantautor migrante guatemalteco Danny Mart\u00ednez proyecta los colores de la fe desde Chicago\"\/><\/a>                <span class=\"blfe-post-category\"><a href=\"https:\/\/soymigrante.com\/revista\/category\/exitos\/\">\u00c9xitos<\/a><\/span>                <div class=\"blfe-post-grid-details\">\n                    <div class=\"blfe-post-grid-details-inner\">\n                        <h3 class=\"blfe-post-grid-title\">\n            <a href=\"https:\/\/soymigrante.com\/revista\/pastor-y-cantautor-migrante-guatemalteco-danny-martinez-proyecta-los-colores-de-la-fe-desde-chicago\/\" title=\"Pastor y cantautor migrante guatemalteco Danny Mart\u00ednez proyecta los colores de la fe desde Chicago\" rel=\"nofollow\" target=\"_blank\">Pastor y cantautor migrante guatemalteco Danny Mart\u00ednez proyecta los colores de la fe desde Chicago<\/a>\n            <\/h3>                                                            <div class=\"blfe-post-grid-meta\">\n                <span class=\"blfe-post-grid-author\"><i class=\"fa fa-user far fa-user\"><\/i>by <a href=\"https:\/\/soymigrante.com\/revista\/author\/gustavo\/\">Gustavo Montenegro<\/a><\/span><span class=\"blfe-post-grid-date\"><i class=\"fa fa-calendar-alt far fa-calendar-alt\"><\/i>21\/04\/2026<\/span>            <\/div>\n                                                        <\/div>\n                <\/div>\n\n            <\/div>\n        <\/div>\n                <div class=\"blfe-post-grid-item blfe-equal-height\">\n            <div class=\"blfe-post-grid-item-inner blfe-zoom\">\n                <a class=\"blfe-post-grid-image\" href=\"https:\/\/soymigrante.com\/revista\/el-mar-es-parte-de-nosotros-ninoshka-lopez-xalin-biologa-marina-guatemalteca-en-smithsonian-institution\/\" title=\"&#8220;El mar es parte de nosotros&#8221;: Ninoshka L\u00f3pez Xal\u00edn, bi\u00f3loga marina guatemalteca en Smithsonian Institution\" rel=\"nofollow\" target=\"_blank\"><img decoding=\"async\" src=\"https:\/\/soymigrante.com\/revista\/wp-content\/uploads\/2026\/04\/ninoshka-lopez-xali-smithsonian-institute-washington.png\" alt=\"&#8220;El mar es parte de nosotros&#8221;: Ninoshka L\u00f3pez Xal\u00edn, bi\u00f3loga marina guatemalteca en Smithsonian Institution\"\/><\/a>                <span class=\"blfe-post-category\"><a href=\"https:\/\/soymigrante.com\/revista\/category\/exitos\/\">\u00c9xitos<\/a><\/span>                <div class=\"blfe-post-grid-details\">\n                    <div class=\"blfe-post-grid-details-inner\">\n                        <h3 class=\"blfe-post-grid-title\">\n            <a href=\"https:\/\/soymigrante.com\/revista\/el-mar-es-parte-de-nosotros-ninoshka-lopez-xalin-biologa-marina-guatemalteca-en-smithsonian-institution\/\" title=\"&#8220;El mar es parte de nosotros&#8221;: Ninoshka L\u00f3pez Xal\u00edn, bi\u00f3loga marina guatemalteca en Smithsonian Institution\" rel=\"nofollow\" target=\"_blank\">&#8220;El mar es parte de nosotros&#8221;: Ninoshka L\u00f3pez Xal\u00edn, bi\u00f3loga marina guatemalteca en Smithsonian Institution<\/a>\n            <\/h3>                                                            <div class=\"blfe-post-grid-meta\">\n                <span class=\"blfe-post-grid-author\"><i class=\"fa fa-user far fa-user\"><\/i>by <a href=\"https:\/\/soymigrante.com\/revista\/author\/gustavo\/\">Gustavo Montenegro<\/a><\/span><span class=\"blfe-post-grid-date\"><i class=\"fa fa-calendar-alt far fa-calendar-alt\"><\/i>17\/04\/2026<\/span>            <\/div>\n                                                        <\/div>\n                <\/div>\n\n            <\/div>\n        <\/div>\n                        <\/div>\n\n            \n            \t\t\t\t<\/div>\n\t\t\t\t<\/div>\n\t\t\t\t\t<\/div>\n\t\t<\/div>\n\t\t\t\t\t<\/div>\n\t\t<\/section>\n\t\t\t\t<\/div>\n\t\t","protected":false},"excerpt":{"rendered":"<p>Los churrascos con chirmol, picante de chile cobanero, cebollitas y tortillas elaboradas por las manos de la migrante Yohana Vicente se disfrutan en Arlington Virginia. Adem\u00e1s logr\u00f3 trabajar en el sistema educativo local y su sue\u00f1o es ayudar a otros migrantes. Protectora del hogar A ra\u00edz de la desintegraci\u00f3n familiar o la p\u00e9rdida de un [&hellip;]<\/p>\n","protected":false},"author":10,"featured_media":3373,"comment_status":"open","ping_status":"open","sticky":false,"template":"","format":"standard","meta":{"_acf_changed":false,"_eb_attr":"","footnotes":""},"categories":[50],"tags":[],"class_list":["post-3342","post","type-post","status-publish","format-standard","has-post-thumbnail","hentry","category-exitos"],"acf":[],"aioseo_notices":[],"aioseo_head":"\n\t\t<!-- All in One SEO Pro 4.9.6.2 - aioseo.com -->\n\t<meta name=\"description\" content=\"Bi\u00f3loga marina migrante guatemalteca en Washington D.C. nvestiga contaminaci\u00f3n de los mares porque sin ellos no hay sostenibilidad posible. Esta es su historia\" \/>\n\t<meta name=\"robots\" content=\"max-snippet:-1, max-image-preview:large, max-video-preview:-1\" \/>\n\t<meta name=\"author\" content=\"Gustavo Montenegro\"\/>\n\t<link rel=\"canonical\" href=\"https:\/\/soymigrante.com\/revista\/el-mar-es-parte-de-nosotros-ninoshka-lopez-xalin-biologa-marina-guatemalteca-en-smithsonian-institution\/\" \/>\n\t<meta name=\"generator\" content=\"All in One SEO Pro (AIOSEO) 4.9.6.2\" \/>\n\n\t\t<link rel=\"preconnect\" href=\"https:\/\/fonts.googleapis.com\" crossorigin>\n<link rel=\"preconnect\" href=\"https:\/\/fonts.gstatic.com\" crossorigin>\n\t\t<meta property=\"og:locale\" content=\"es_ES\" \/>\n\t\t<meta property=\"og:site_name\" content=\"SoyMigrante.com REVISTA \u2013 Nuestra misi\u00f3n es reconocer y dignificar al migrante.\" \/>\n\t\t<meta property=\"og:type\" content=\"article\" \/>\n\t\t<meta property=\"og:title\" content=\"Ninoshka L\u00f3pez Xal\u00edn, bi\u00f3loga guatemalteca en el Smithsonian\" \/>\n\t\t<meta property=\"og:description\" content=\"Bi\u00f3loga marina migrante guatemalteca en Washington D.C. nvestiga contaminaci\u00f3n de los mares porque sin ellos no hay sostenibilidad posible. Esta es su historia\" \/>\n\t\t<meta property=\"og:url\" content=\"https:\/\/soymigrante.com\/revista\/el-mar-es-parte-de-nosotros-ninoshka-lopez-xalin-biologa-marina-guatemalteca-en-smithsonian-institution\/\" \/>\n\t\t<meta property=\"og:image\" content=\"https:\/\/soymigrante.com\/revista\/wp-content\/uploads\/2026\/04\/ninoshka-lopez-xali-smithsonian-institute-washington.png\" \/>\n\t\t<meta property=\"og:image:secure_url\" content=\"https:\/\/soymigrante.com\/revista\/wp-content\/uploads\/2026\/04\/ninoshka-lopez-xali-smithsonian-institute-washington.png\" \/>\n\t\t<meta property=\"og:image:width\" content=\"369\" \/>\n\t\t<meta property=\"og:image:height\" content=\"369\" \/>\n\t\t<meta property=\"article:published_time\" content=\"2026-04-17T23:30:44+00:00\" \/>\n\t\t<meta property=\"article:modified_time\" content=\"2026-04-17T23:31:04+00:00\" \/>\n\t\t<meta property=\"article:publisher\" content=\"https:\/\/www.facebook.com\/soymigrantecom\" \/>\n\t\t<meta name=\"twitter:card\" content=\"summary_large_image\" \/>\n\t\t<meta name=\"twitter:site\" content=\"@SoyMigrante_com\" \/>\n\t\t<meta name=\"twitter:title\" content=\"Ninoshka L\u00f3pez Xal\u00edn, bi\u00f3loga guatemalteca en el Smithsonian\" \/>\n\t\t<meta name=\"twitter:description\" content=\"Bi\u00f3loga marina migrante guatemalteca en Washington D.C. nvestiga contaminaci\u00f3n de los mares porque sin ellos no hay sostenibilidad posible. Esta es su historia\" \/>\n\t\t<meta name=\"twitter:creator\" content=\"@SoyMigrante_com\" \/>\n\t\t<meta name=\"twitter:image\" content=\"https:\/\/soymigrante.com\/revista\/wp-content\/uploads\/2026\/04\/ninoshka-lopez-xali-smithsonian-institute-washington.png\" \/>\n\t\t<!-- All in One SEO Pro -->\r\n\t\t<title>Ninoshka L\u00f3pez Xal\u00edn, bi\u00f3loga guatemalteca en el Smithsonian<\/title>\n\n","aioseo_head_json":{"title":"Ninoshka L\u00f3pez Xal\u00edn, bi\u00f3loga guatemalteca en el Smithsonian","description":"Bi\u00f3loga marina migrante guatemalteca en Washington D.C. nvestiga contaminaci\u00f3n de los mares porque sin ellos no hay sostenibilidad posible. Esta es su historia","canonical_url":"https:\/\/soymigrante.com\/revista\/el-mar-es-parte-de-nosotros-ninoshka-lopez-xalin-biologa-marina-guatemalteca-en-smithsonian-institution\/","robots":"max-snippet:-1, max-image-preview:large, max-video-preview:-1","keywords":"","webmasterTools":{"miscellaneous":"&lt;link rel=\"preconnect\" href=\"https:\/\/fonts.googleapis.com\" crossorigin&gt;\n&lt;link rel=\"preconnect\" href=\"https:\/\/fonts.gstatic.com\" crossorigin&gt;"},"schema":null,"og:locale":"es_ES","og:site_name":"SoyMigrante.com REVISTA \u2013 Nuestra misi\u00f3n es reconocer y dignificar al migrante.","og:type":"article","og:title":"Ninoshka L\u00f3pez Xal\u00edn, bi\u00f3loga guatemalteca en el Smithsonian","og:description":"Bi\u00f3loga marina migrante guatemalteca en Washington D.C. nvestiga contaminaci\u00f3n de los mares porque sin ellos no hay sostenibilidad posible. Esta es su historia","og:url":"https:\/\/soymigrante.com\/revista\/el-mar-es-parte-de-nosotros-ninoshka-lopez-xalin-biologa-marina-guatemalteca-en-smithsonian-institution\/","og:image":"https:\/\/soymigrante.com\/revista\/wp-content\/uploads\/2026\/04\/ninoshka-lopez-xali-smithsonian-institute-washington.png","og:image:secure_url":"https:\/\/soymigrante.com\/revista\/wp-content\/uploads\/2026\/04\/ninoshka-lopez-xali-smithsonian-institute-washington.png","og:image:width":369,"og:image:height":369,"article:published_time":"2026-04-17T23:30:44+00:00","article:modified_time":"2026-04-17T23:31:04+00:00","article:publisher":"https:\/\/www.facebook.com\/soymigrantecom","twitter:card":"summary_large_image","twitter:site":"@SoyMigrante_com","twitter:title":"Ninoshka L\u00f3pez Xal\u00edn, bi\u00f3loga guatemalteca en el Smithsonian","twitter:description":"Bi\u00f3loga marina migrante guatemalteca en Washington D.C. nvestiga contaminaci\u00f3n de los mares porque sin ellos no hay sostenibilidad posible. Esta es su historia","twitter:creator":"@SoyMigrante_com","twitter:image":"https:\/\/soymigrante.com\/revista\/wp-content\/uploads\/2026\/04\/ninoshka-lopez-xali-smithsonian-institute-washington.png"},"aioseo_meta_data":{"post_id":"3342","title":"Churrascos de Yohana migrante guatemalteca y su amor por la ense\u00f1anza","description":"#post_excerpt La migrante Yohana emprendi\u00f3 con el m\u00e1gico sabor de los churrascos guatemaltecos, pero tambi\u00e9n cumple el sue\u00f1o de ser educadora en el Estado Arlington, EE.UU.","keywords":[],"keyphrases":{"focus":{"keyphrase":"Migrante","score":82,"analysis":{"keyphraseInTitle":{"score":9,"maxScore":9,"error":0},"keyphraseInDescription":{"score":9,"maxScore":9,"error":0},"keyphraseLength":{"score":9,"maxScore":9,"error":0,"length":1},"keyphraseInURL":{"score":5,"maxScore":5,"error":0},"keyphraseInIntroduction":{"score":3,"maxScore":9,"error":1},"keyphraseInSubHeadings":{"score":3,"maxScore":9,"error":1},"keyphraseInImageAlt":{"score":9,"maxScore":9,"error":0},"keywordDensity":{"type":"best","score":9,"maxScore":9,"error":0}}},"additional":[]},"primary_term":null,"canonical_url":null,"og_title":null,"og_description":null,"og_object_type":"default","og_image_type":"default","og_image_url":null,"og_image_width":null,"og_image_height":null,"og_image_custom_url":null,"og_image_custom_fields":null,"og_video":"","og_custom_url":null,"og_article_section":null,"og_article_tags":[],"twitter_use_og":false,"twitter_card":"default","twitter_image_type":"default","twitter_image_url":null,"twitter_image_custom_url":null,"twitter_image_custom_fields":null,"twitter_title":null,"twitter_description":null,"schema":{"blockGraphs":[],"customGraphs":[],"default":{"data":{"Article":[],"Course":[],"Dataset":[],"FAQPage":[],"Movie":[],"Person":[],"Product":[],"ProductReview":[],"Car":[],"Recipe":[],"Service":[],"SoftwareApplication":[],"WebPage":[]},"graphName":"BlogPosting","isEnabled":true},"graphs":[]},"schema_type":"default","schema_type_options":null,"pillar_content":false,"robots_default":true,"robots_noindex":false,"robots_noarchive":false,"robots_nosnippet":false,"robots_nofollow":false,"robots_noimageindex":false,"robots_noodp":false,"robots_notranslate":false,"robots_max_snippet":"-1","robots_max_videopreview":"-1","robots_max_imagepreview":"large","priority":null,"frequency":"default","local_seo":null,"seo_analyzer_scan_date":"2025-10-08 20:39:15","breadcrumb_settings":null,"limit_modified_date":false,"reviewed_by":null,"open_ai":null,"ai":null,"created":"2023-11-14 07:26:48","updated":"2026-02-04 09:53:42"},"aioseo_breadcrumb":"<div class=\"aioseo-breadcrumbs\"><span class=\"aioseo-breadcrumb\">\n\t<a href=\"https:\/\/soymigrante.com\/revista\" title=\"Home\">Home<\/a>\n<\/span><span class=\"aioseo-breadcrumb-separator\">\u00bb<\/span><span class=\"aioseo-breadcrumb\">\n\t<a href=\"https:\/\/soymigrante.com\/revista\/category\/exitos\/\" title=\"\u00c9xitos\">\u00c9xitos<\/a>\n<\/span><span class=\"aioseo-breadcrumb-separator\">\u00bb<\/span><span class=\"aioseo-breadcrumb\">\n\tEn Arlington se saborean los sue\u00f1os de la migrante Yohana Vicente\n<\/span><\/div>","aioseo_breadcrumb_json":[{"label":"Home","link":"https:\/\/soymigrante.com\/revista"},{"label":"\u00c9xitos","link":"https:\/\/soymigrante.com\/revista\/category\/exitos\/"},{"label":"En Arlington se saborean los sue\u00f1os de la migrante Yohana Vicente","link":"https:\/\/soymigrante.com\/revista\/en-arlington-florecen-los-suenos-de-la-migrante-yohana-vicente\/"}],"_links":{"self":[{"href":"https:\/\/soymigrante.com\/revista\/wp-json\/wp\/v2\/posts\/3342","targetHints":{"allow":["GET"]}}],"collection":[{"href":"https:\/\/soymigrante.com\/revista\/wp-json\/wp\/v2\/posts"}],"about":[{"href":"https:\/\/soymigrante.com\/revista\/wp-json\/wp\/v2\/types\/post"}],"author":[{"embeddable":true,"href":"https:\/\/soymigrante.com\/revista\/wp-json\/wp\/v2\/users\/10"}],"replies":[{"embeddable":true,"href":"https:\/\/soymigrante.com\/revista\/wp-json\/wp\/v2\/comments?post=3342"}],"version-history":[{"count":0,"href":"https:\/\/soymigrante.com\/revista\/wp-json\/wp\/v2\/posts\/3342\/revisions"}],"wp:featuredmedia":[{"embeddable":true,"href":"https:\/\/soymigrante.com\/revista\/wp-json\/wp\/v2\/media\/3373"}],"wp:attachment":[{"href":"https:\/\/soymigrante.com\/revista\/wp-json\/wp\/v2\/media?parent=3342"}],"wp:term":[{"taxonomy":"category","embeddable":true,"href":"https:\/\/soymigrante.com\/revista\/wp-json\/wp\/v2\/categories?post=3342"},{"taxonomy":"post_tag","embeddable":true,"href":"https:\/\/soymigrante.com\/revista\/wp-json\/wp\/v2\/tags?post=3342"}],"curies":[{"name":"wp","href":"https:\/\/api.w.org\/{rel}","templated":true}]}}