{"id":33413,"date":"2025-05-14T07:08:00","date_gmt":"2025-05-14T13:08:00","guid":{"rendered":"https:\/\/soymigrante.com\/revista\/?p=33413"},"modified":"2025-08-27T11:12:10","modified_gmt":"2025-08-27T17:12:10","slug":"virtudes-cardinales-en-la-familia-la-templanza-que-es-y-como-fomentarla","status":"publish","type":"post","link":"https:\/\/soymigrante.com\/revista\/virtudes-cardinales-en-la-familia-la-templanza-que-es-y-como-fomentarla\/","title":{"rendered":"Virtudes cardinales en la familia: la templanza, qu\u00e9 es y c\u00f3mo fomentarla"},"content":{"rendered":"\t\t<div data-elementor-type=\"wp-post\" data-elementor-id=\"33413\" class=\"elementor elementor-33413\" data-elementor-post-type=\"post\">\n\t\t\t\t<div data-particle_enable=\"false\" data-particle-mobile-disabled=\"false\" class=\"elementor-element elementor-element-d0fd69e e-flex e-con-boxed e-con e-parent\" data-id=\"d0fd69e\" data-element_type=\"container\" data-e-type=\"container\">\n\t\t\t\t\t<div class=\"e-con-inner\">\n\t\t\t\t<div class=\"elementor-element elementor-element-0d8f84e elementor-widget elementor-widget-heading\" data-id=\"0d8f84e\" data-element_type=\"widget\" data-e-type=\"widget\" data-widget_type=\"heading.default\">\n\t\t\t\t\t<h2 class=\"elementor-heading-title elementor-size-default\">La templanza es una de las virtudes cardinales en a familia, pero hay maneras para fomentarla y ense\u00f1arla. \n<\/h2>\t\t\t\t<\/div>\n\t\t\t\t\t<\/div>\n\t\t\t\t<\/div>\n\t\t<div data-particle_enable=\"false\" data-particle-mobile-disabled=\"false\" class=\"elementor-element elementor-element-d0255f0 e-flex e-con-boxed e-con e-parent\" data-id=\"d0255f0\" data-element_type=\"container\" data-e-type=\"container\">\n\t\t\t\t\t<div class=\"e-con-inner\">\n\t\t\t\t<div class=\"elementor-element elementor-element-7593215 elementor-widget elementor-widget-text-editor\" data-id=\"7593215\" data-element_type=\"widget\" data-e-type=\"widget\" data-widget_type=\"text-editor.default\">\n\t\t\t\t\t\t\t\t\t<p>En un mundo donde el estr\u00e9s y las prisas parecen ser parte del d\u00eda a d\u00eda, la templanza se presenta como una virtud cardinal esencial para mantener la armon\u00eda en la familia.<\/p><p>Pero, \u00bfqu\u00e9 es exactamente la templanza y c\u00f3mo puede fomentarse en el hogar?<\/p>\t\t\t\t\t\t\t\t<\/div>\n\t\t\t\t\t<\/div>\n\t\t\t\t<\/div>\n\t\t<div data-particle_enable=\"false\" data-particle-mobile-disabled=\"false\" class=\"elementor-element elementor-element-22384ca e-flex e-con-boxed e-con e-parent\" data-id=\"22384ca\" data-element_type=\"container\" data-e-type=\"container\">\n\t\t\t\t\t<div class=\"e-con-inner\">\n\t\t\t\t<div class=\"elementor-element elementor-element-79025f3 elementor-widget elementor-widget-heading\" data-id=\"79025f3\" data-element_type=\"widget\" data-e-type=\"widget\" data-widget_type=\"heading.default\">\n\t\t\t\t\t<h3 class=\"elementor-heading-title elementor-size-default\">\u00bfQu\u00e9 es la templanza?<\/h3>\t\t\t\t<\/div>\n\t\t\t\t\t<\/div>\n\t\t\t\t<\/div>\n\t\t<div data-particle_enable=\"false\" data-particle-mobile-disabled=\"false\" class=\"elementor-element elementor-element-148e397 e-flex e-con-boxed e-con e-parent\" data-id=\"148e397\" data-element_type=\"container\" data-e-type=\"container\">\n\t\t\t\t\t<div class=\"e-con-inner\">\n\t\t\t\t<div class=\"elementor-element elementor-element-7e9274c elementor-widget elementor-widget-text-editor\" data-id=\"7e9274c\" data-element_type=\"widget\" data-e-type=\"widget\" data-widget_type=\"text-editor.default\">\n\t\t\t\t\t\t\t\t\t<p><a href=\"https:\/\/soymigrante.com\/revista\/como-afrontar-constructivamente-las-malas-noticias-o-las-situaciones-adversas\/\" target=\"_blank\" rel=\"noopener\">La templanza es la capacidad de moderar los deseos y las pasiones, manteniendo el equilibrio entre los impulsos y la raz\u00f3n.<\/a> Es una virtud que ense\u00f1a a controlar los excesos, a evitar los extremos y a buscar siempre el justo medio.<\/p><p>En el contexto familiar, la templanza ayuda a promover un ambiente de paz, respeto y comprensi\u00f3n, donde cada miembro aprende a manejar sus emociones de manera equilibrada.<\/p>\t\t\t\t\t\t\t\t<\/div>\n\t\t\t\t\t<\/div>\n\t\t\t\t<\/div>\n\t\t<div data-particle_enable=\"false\" data-particle-mobile-disabled=\"false\" class=\"elementor-element elementor-element-8ae406b e-flex e-con-boxed e-con e-parent\" data-id=\"8ae406b\" data-element_type=\"container\" data-e-type=\"container\">\n\t\t\t\t\t<div class=\"e-con-inner\">\n\t\t\t\t<div class=\"elementor-element elementor-element-6ab830f elementor-widget elementor-widget-heading\" data-id=\"6ab830f\" data-element_type=\"widget\" data-e-type=\"widget\" data-widget_type=\"heading.default\">\n\t\t\t\t\t<h3 class=\"elementor-heading-title elementor-size-default\">\u00bfC\u00f3mo fomentar la templanza en la familia?<\/h3>\t\t\t\t<\/div>\n\t\t\t\t\t<\/div>\n\t\t\t\t<\/div>\n\t\t<div data-particle_enable=\"false\" data-particle-mobile-disabled=\"false\" class=\"elementor-element elementor-element-68f377b e-flex e-con-boxed e-con e-parent\" data-id=\"68f377b\" data-element_type=\"container\" data-e-type=\"container\">\n\t\t\t\t\t<div class=\"e-con-inner\">\n\t\t\t\t<div class=\"elementor-element elementor-element-fafa906 elementor-widget elementor-widget-text-editor\" data-id=\"fafa906\" data-element_type=\"widget\" data-e-type=\"widget\" data-widget_type=\"text-editor.default\">\n\t\t\t\t\t\t\t\t\t<div><strong>1. Modelar el comportamiento:<\/strong> Los padres son los primeros maestros de templanza. Evitar las reacciones impulsivas y mostrar c\u00f3mo se<a href=\"https:\/\/soymigrante.com\/revista\/como-afrontar-constructivamente-las-malas-noticias-o-las-situaciones-adversas\/\" target=\"_blank\" rel=\"noopener\"> puede actuar con calma en situaciones dif\u00edciles es fundamental para que los hijos aprendan a manejar sus emociones.<\/a><\/div><div><strong>2.Establecer l\u00edmites claros:<\/strong> Definir horarios para el uso de dispositivos electr\u00f3nicos, establecer rutinas de alimentaci\u00f3n y promover un consumo moderado de recursos ayudan a cultivar la autodisciplina.<\/div><div><strong>3.Practicar la gratitud y el desapego:<\/strong> Ense\u00f1ar a los ni\u00f1os a valorar lo que tienen y a no obsesionarse con lo material fomenta un esp\u00edritu m\u00e1s sereno y equilibrado.<\/div><div><strong>4.Fomentar el di\u00e1logo asertivo:<\/strong> Ense\u00f1ar a expresar las emociones sin gritar ni imponer opiniones ayuda a manejar conflictos de forma serena, respetuosa y constructiva.<\/div><div><strong>5.Realizar actividades de reflexi\u00f3n:<\/strong> Practicar la meditaci\u00f3n, la oraci\u00f3n o momentos de silencio en familia permite a cada miembro centrarse en sus pensamientos, aprender a controlar sus impulsos y encontrar un equilibrio interno.<\/div>\t\t\t\t\t\t\t\t<\/div>\n\t\t\t\t\t<\/div>\n\t\t\t\t<\/div>\n\t\t<div data-particle_enable=\"false\" data-particle-mobile-disabled=\"false\" class=\"elementor-element elementor-element-c528064 e-flex e-con-boxed e-con e-parent\" data-id=\"c528064\" data-element_type=\"container\" data-e-type=\"container\">\n\t\t\t\t\t<div class=\"e-con-inner\">\n\t\t\t\t<div class=\"elementor-element elementor-element-eb6c720 elementor-widget elementor-widget-image\" data-id=\"eb6c720\" data-element_type=\"widget\" data-e-type=\"widget\" data-widget_type=\"image.default\">\n\t\t\t\t\t\t\t\t\t\t\t\t<figure class=\"wp-caption\">\n\t\t\t\t\t\t\t\t\t\t<img fetchpriority=\"high\" decoding=\"async\" width=\"1024\" height=\"682\" src=\"https:\/\/soymigrante.com\/revista\/wp-content\/uploads\/2025\/05\/Virtudes-cardinales-en-la-familia-la-templanza2-1024x682.jpeg\" class=\"attachment-large size-large wp-image-33422\" alt=\"Mano con tatuaje de flores, tocando agua en un entorno natural, reflejando inter\u00e9s por cultura y naturaleza, en una imagen vibrante y de tranquilidad.\" srcset=\"https:\/\/soymigrante.com\/revista\/wp-content\/uploads\/2025\/05\/Virtudes-cardinales-en-la-familia-la-templanza2-1024x682.jpeg 1024w, https:\/\/soymigrante.com\/revista\/wp-content\/uploads\/2025\/05\/Virtudes-cardinales-en-la-familia-la-templanza2-300x200.jpeg 300w, https:\/\/soymigrante.com\/revista\/wp-content\/uploads\/2025\/05\/Virtudes-cardinales-en-la-familia-la-templanza2-768x512.jpeg 768w, https:\/\/soymigrante.com\/revista\/wp-content\/uploads\/2025\/05\/Virtudes-cardinales-en-la-familia-la-templanza2-1536x1023.jpeg 1536w, https:\/\/soymigrante.com\/revista\/wp-content\/uploads\/2025\/05\/Virtudes-cardinales-en-la-familia-la-templanza2-750x500.jpeg 750w, https:\/\/soymigrante.com\/revista\/wp-content\/uploads\/2025\/05\/Virtudes-cardinales-en-la-familia-la-templanza2-1140x760.jpeg 1140w, https:\/\/soymigrante.com\/revista\/wp-content\/uploads\/2025\/05\/Virtudes-cardinales-en-la-familia-la-templanza2.webp 1600w\" sizes=\"(max-width: 1024px) 100vw, 1024px\" \/>\t\t\t\t\t\t\t\t\t\t\t<figcaption class=\"widget-image-caption wp-caption-text\">Imagen de una mano con tatuaje de flores tocando agua al aire libre, simbolizando conexi\u00f3n con la naturaleza y cultura, ideal para art\u00edculos sobre migrantes, cultura, y estilo de vida.<\/figcaption>\n\t\t\t\t\t\t\t\t\t\t<\/figure>\n\t\t\t\t\t\t\t\t\t<\/div>\n\t\t\t\t\t<\/div>\n\t\t\t\t<\/div>\n\t\t<div data-particle_enable=\"false\" data-particle-mobile-disabled=\"false\" class=\"elementor-element elementor-element-5ba2ee0 e-flex e-con-boxed e-con e-parent\" data-id=\"5ba2ee0\" data-element_type=\"container\" data-e-type=\"container\">\n\t\t\t\t\t<div class=\"e-con-inner\">\n\t\t\t\t<div class=\"elementor-element elementor-element-614fe17 elementor-widget elementor-widget-heading\" data-id=\"614fe17\" data-element_type=\"widget\" data-e-type=\"widget\" data-widget_type=\"heading.default\">\n\t\t\t\t\t<h3 class=\"elementor-heading-title elementor-size-default\">\u00bfQu\u00e9 se debe evitar?<\/h3>\t\t\t\t<\/div>\n\t\t\t\t\t<\/div>\n\t\t\t\t<\/div>\n\t\t<div data-particle_enable=\"false\" data-particle-mobile-disabled=\"false\" class=\"elementor-element elementor-element-b09c531 e-flex e-con-boxed e-con e-parent\" data-id=\"b09c531\" data-element_type=\"container\" data-e-type=\"container\">\n\t\t\t\t\t<div class=\"e-con-inner\">\n\t\t\t\t<div class=\"elementor-element elementor-element-6057d37 elementor-widget elementor-widget-text-editor\" data-id=\"6057d37\" data-element_type=\"widget\" data-e-type=\"widget\" data-widget_type=\"text-editor.default\">\n\t\t\t\t\t\t\t\t\t<div><strong>\u2022Reacciones impulsivas:<\/strong> <a href=\"https:\/\/soymigrante.com\/revista\/como-afrontar-constructivamente-las-malas-noticias-o-las-situaciones-adversas\/\" target=\"_blank\" rel=\"noopener\">Gritos, castigos excesivos o amenazas generan un ambiente tenso<\/a> y poco propicio para la templanza.<\/div><div><strong>\u2022Exceso de indulgencia:<\/strong> Consentir todos los deseos de los hijos sin restricciones puede generar un comportamiento descontrolado.<\/div><div><strong>\u2022Rutinas ca\u00f3ticas:<\/strong> La falta de horarios y estructura promueve la impulsividad y dificulta el autocontrol.<\/div>\t\t\t\t\t\t\t\t<\/div>\n\t\t\t\t\t<\/div>\n\t\t\t\t<\/div>\n\t\t<div data-particle_enable=\"false\" data-particle-mobile-disabled=\"false\" class=\"elementor-element elementor-element-4d7f05b e-flex e-con-boxed e-con e-parent\" data-id=\"4d7f05b\" data-element_type=\"container\" data-e-type=\"container\">\n\t\t\t\t\t<div class=\"e-con-inner\">\n\t\t\t\t<div class=\"elementor-element elementor-element-6d208a7 elementor-widget elementor-widget-text-editor\" data-id=\"6d208a7\" data-element_type=\"widget\" data-e-type=\"widget\" data-widget_type=\"text-editor.default\">\n\t\t\t\t\t\t\t\t\t<p><a href=\"https:\/\/soymigrante.com\/revista\/como-afrontar-constructivamente-las-malas-noticias-o-las-situaciones-adversas\/\" target=\"_blank\" rel=\"noopener\">Fomentar la templanza en la familia no solo contribuye a un ambiente m\u00e1s armonioso,<\/a> sino que tambi\u00e9n prepara a los hijos para enfrentar la vida con mayor serenidad y autocontrol.<\/p>\t\t\t\t\t\t\t\t<\/div>\n\t\t\t\t\t<\/div>\n\t\t\t\t<\/div>\n\t\t<div data-particle_enable=\"false\" data-particle-mobile-disabled=\"false\" class=\"elementor-element elementor-element-9be588c e-flex e-con-boxed e-con e-parent\" data-id=\"9be588c\" data-element_type=\"container\" data-e-type=\"container\">\n\t\t\t\t\t<div class=\"e-con-inner\">\n\t\t\t\t<div class=\"elementor-element elementor-element-237313e elementor-widget elementor-widget-heading\" data-id=\"237313e\" data-element_type=\"widget\" data-e-type=\"widget\" data-widget_type=\"heading.default\">\n\t\t\t\t\t<h2 class=\"elementor-heading-title elementor-size-default\">Conoce estos temas que te pueden interesar...<\/h2>\t\t\t\t<\/div>\n\t\t\t\t\t<\/div>\n\t\t\t\t<\/div>\n\t\t<div data-particle_enable=\"false\" data-particle-mobile-disabled=\"false\" class=\"elementor-element elementor-element-b1c7328 e-flex e-con-boxed e-con e-parent\" data-id=\"b1c7328\" data-element_type=\"container\" data-e-type=\"container\">\n\t\t\t\t\t<div class=\"e-con-inner\">\n\t\t\t\t<div class=\"elementor-element elementor-element-2bf1f0c elementor-grid-eael-col-3 elementor-grid-tablet-eael-col-2 elementor-grid-mobile-eael-col-1 elementor-widget elementor-widget-eael-post-grid\" data-id=\"2bf1f0c\" data-element_type=\"widget\" data-e-type=\"widget\" data-settings=\"{&quot;eael_post_grid_columns&quot;:&quot;eael-col-3&quot;,&quot;eael_post_grid_columns_tablet&quot;:&quot;eael-col-2&quot;,&quot;eael_post_grid_columns_mobile&quot;:&quot;eael-col-1&quot;}\" data-widget_type=\"eael-post-grid.default\">\n\t\t\t\t\t<div id=\"eael-post-grid-2bf1f0c\" class=\"eael-post-grid-container\">\n            <div class=\"eael-post-grid eael-post-appender eael-post-appender-2bf1f0c eael-post-grid-style-one\" data-layout-mode=\"masonry\"><article class=\"eael-grid-post  eael-post-grid-column eael-pg-post-20446 category-bienestar\" data-id=\"20446\">\n        <div class=\"eael-grid-post-holder\">\n            <div class=\"eael-grid-post-holder-inner\"><div class=\"eael-entry-media\"><div class=\"eael-entry-overlay fade-in\"><i class=\"far fa-hand-pointer\" aria-hidden=\"true\"><\/i><a href=\"https:\/\/soymigrante.com\/revista\/como-puedo-identificar-sintomas-de-depresion-o-ansiedad\/\"><\/a><\/div><div class=\"eael-entry-thumbnail \">\n                <img decoding=\"async\" width=\"1024\" height=\"1024\" src=\"https:\/\/soymigrante.com\/revista\/wp-content\/uploads\/2025\/01\/Sen\u0303ales-de-alerta-de-depresio\u0301n-y-ansiedad-en-migrantes2-scaled-e1736786647146-1024x1024.jpg\" class=\"attachment-large size-large wp-image-20447\" alt=\"Se\u00f1ales de alerta de depresi\u00f3n y ansiedad en migrantes\" srcset=\"https:\/\/soymigrante.com\/revista\/wp-content\/uploads\/2025\/01\/Sen\u0303ales-de-alerta-de-depresio\u0301n-y-ansiedad-en-migrantes2-scaled-e1736786647146-1024x1024.jpg 1024w, https:\/\/soymigrante.com\/revista\/wp-content\/uploads\/2025\/01\/Sen\u0303ales-de-alerta-de-depresio\u0301n-y-ansiedad-en-migrantes2-scaled-e1736786647146-300x300.jpg 300w, https:\/\/soymigrante.com\/revista\/wp-content\/uploads\/2025\/01\/Sen\u0303ales-de-alerta-de-depresio\u0301n-y-ansiedad-en-migrantes2-scaled-e1736786647146-150x150.jpg 150w, https:\/\/soymigrante.com\/revista\/wp-content\/uploads\/2025\/01\/Sen\u0303ales-de-alerta-de-depresio\u0301n-y-ansiedad-en-migrantes2-scaled-e1736786647146-768x768.jpg 768w, https:\/\/soymigrante.com\/revista\/wp-content\/uploads\/2025\/01\/Sen\u0303ales-de-alerta-de-depresio\u0301n-y-ansiedad-en-migrantes2-scaled-e1736786647146-1536x1536.jpg 1536w, https:\/\/soymigrante.com\/revista\/wp-content\/uploads\/2025\/01\/Sen\u0303ales-de-alerta-de-depresio\u0301n-y-ansiedad-en-migrantes2-scaled-e1736786647146-75x75.webp 75w, https:\/\/soymigrante.com\/revista\/wp-content\/uploads\/2025\/01\/Sen\u0303ales-de-alerta-de-depresio\u0301n-y-ansiedad-en-migrantes2-scaled-e1736786647146-750x750.webp 750w, https:\/\/soymigrante.com\/revista\/wp-content\/uploads\/2025\/01\/Sen\u0303ales-de-alerta-de-depresio\u0301n-y-ansiedad-en-migrantes2-scaled-e1736786647146-1140x1140.webp 1140w, https:\/\/soymigrante.com\/revista\/wp-content\/uploads\/2025\/01\/Sen\u0303ales-de-alerta-de-depresio\u0301n-y-ansiedad-en-migrantes2-scaled-e1736786647146.webp 1758w\" sizes=\"(max-width: 1024px) 100vw, 1024px\" \/>\n            <\/div>\n        <\/div><div class=\"eael-entry-wrapper\"><header class=\"eael-entry-header\"><h2 class=\"eael-entry-title\"><a class=\"eael-grid-post-link\" href=\"https:\/\/soymigrante.com\/revista\/como-puedo-identificar-sintomas-de-depresion-o-ansiedad\/\" title=\"\u00bfC\u00f3mo puedo identificar s\u00edntomas de depresi\u00f3n o ansiedad?\">\u00bfC\u00f3mo puedo identificar s\u00edntomas de depresi\u00f3n o ansiedad?<\/a><\/h2><\/header><div class=\"eael-entry-content\">\n                        <div class=\"eael-grid-post-excerpt\"><a href=\"https:\/\/soymigrante.com\/revista\/como-puedo-identificar-sintomas-de-depresion-o-ansiedad\/\" class=\"eael-post-elements-readmore-btn\">CONOCE SU HISTORIA <\/a><\/div>\n                    <\/div><\/div><\/div>\n        <\/div>\n    <\/article><article class=\"eael-grid-post  eael-post-grid-column eael-pg-post-8935 category-bienestar\" data-id=\"8935\">\n        <div class=\"eael-grid-post-holder\">\n            <div class=\"eael-grid-post-holder-inner\"><div class=\"eael-entry-media\"><div class=\"eael-entry-overlay fade-in\"><i class=\"far fa-hand-pointer\" aria-hidden=\"true\"><\/i><a href=\"https:\/\/soymigrante.com\/revista\/como-eliminar-pensamientos-destructivos-con-estos-pasos-constructivos\/\"><\/a><\/div><div class=\"eael-entry-thumbnail \">\n                <img decoding=\"async\" width=\"1024\" height=\"682\" src=\"https:\/\/soymigrante.com\/revista\/wp-content\/uploads\/2024\/09\/Como-eliminar-pensamientos-destructivos-Siga-estos-pasos-hacia-una-mente-mas-sana-1024x682.webp\" class=\"attachment-large size-large wp-image-8936\" alt=\"Persona reflexionando sobre migraci\u00f3n y experiencias migrantes en un entorno moderno.\" \/>\n            <\/div>\n        <\/div><div class=\"eael-entry-wrapper\"><header class=\"eael-entry-header\"><h2 class=\"eael-entry-title\"><a class=\"eael-grid-post-link\" href=\"https:\/\/soymigrante.com\/revista\/como-eliminar-pensamientos-destructivos-con-estos-pasos-constructivos\/\" title=\"\u00bfC\u00f3mo eliminar pensamientos destructivos? Con estos pasos constructivos\">\u00bfC\u00f3mo eliminar pensamientos destructivos? Con estos pasos constructivos<\/a><\/h2><\/header><div class=\"eael-entry-content\">\n                        <div class=\"eael-grid-post-excerpt\"><a href=\"https:\/\/soymigrante.com\/revista\/como-eliminar-pensamientos-destructivos-con-estos-pasos-constructivos\/\" class=\"eael-post-elements-readmore-btn\">CONOCE SU HISTORIA <\/a><\/div>\n                    <\/div><\/div><\/div>\n        <\/div>\n    <\/article><article class=\"eael-grid-post  eael-post-grid-column eael-pg-post-4682 category-bienestar\" data-id=\"4682\">\n        <div class=\"eael-grid-post-holder\">\n            <div class=\"eael-grid-post-holder-inner\"><div class=\"eael-entry-media\"><div class=\"eael-entry-overlay fade-in\"><i class=\"far fa-hand-pointer\" aria-hidden=\"true\"><\/i><a href=\"https:\/\/soymigrante.com\/revista\/felicidad-ciencia-principios-actitudes-sin-fronteras\/\"><\/a><\/div><div class=\"eael-entry-thumbnail \">\n                <img loading=\"lazy\" decoding=\"async\" width=\"1024\" height=\"876\" src=\"https:\/\/soymigrante.com\/revista\/wp-content\/uploads\/2023\/06\/pintura-de-alexander-ambrocio-nina-maya-1024x876.webp\" class=\"attachment-large size-large wp-image-1454\" alt=\"La participaci\u00f3n electoral de los migrantes marcar\u00e1 una mayor dignificaci\u00f3n pol\u00edtica. (Pintura del artista momosteco Alexander Ambrocio)\" srcset=\"https:\/\/soymigrante.com\/revista\/wp-content\/uploads\/2023\/06\/pintura-de-alexander-ambrocio-nina-maya-1024x876.webp 1024w, https:\/\/soymigrante.com\/revista\/wp-content\/uploads\/2023\/06\/pintura-de-alexander-ambrocio-nina-maya-300x257.webp 300w, https:\/\/soymigrante.com\/revista\/wp-content\/uploads\/2023\/06\/pintura-de-alexander-ambrocio-nina-maya-768x657.webp 768w, https:\/\/soymigrante.com\/revista\/wp-content\/uploads\/2023\/06\/pintura-de-alexander-ambrocio-nina-maya-750x641.webp 750w, https:\/\/soymigrante.com\/revista\/wp-content\/uploads\/2023\/06\/pintura-de-alexander-ambrocio-nina-maya-1140x975.webp 1140w, https:\/\/soymigrante.com\/revista\/wp-content\/uploads\/2023\/06\/pintura-de-alexander-ambrocio-nina-maya.webp 1299w\" sizes=\"(max-width: 1024px) 100vw, 1024px\" \/>\n            <\/div>\n        <\/div><div class=\"eael-entry-wrapper\"><header class=\"eael-entry-header\"><h2 class=\"eael-entry-title\"><a class=\"eael-grid-post-link\" href=\"https:\/\/soymigrante.com\/revista\/felicidad-ciencia-principios-actitudes-sin-fronteras\/\" title=\"S\u00ed existe ciencia de la felicidad y se puede aprender. Pero \u00bfqueremos?\">S\u00ed existe ciencia de la felicidad y se puede aprender. Pero \u00bfqueremos?<\/a><\/h2><\/header><div class=\"eael-entry-content\">\n                        <div class=\"eael-grid-post-excerpt\"><a href=\"https:\/\/soymigrante.com\/revista\/felicidad-ciencia-principios-actitudes-sin-fronteras\/\" class=\"eael-post-elements-readmore-btn\">CONOCE SU HISTORIA <\/a><\/div>\n                    <\/div><\/div><\/div>\n        <\/div>\n    <\/article><\/div>\n            <div class=\"clearfix\"><\/div>\n        <\/div>\t\t\t\t<\/div>\n\t\t\t\t\t<\/div>\n\t\t\t\t<\/div>\n\t\t\t\t<\/div>\n\t\t","protected":false},"excerpt":{"rendered":"<p>La templanza es una de las virtudes cardinales en a familia, pero hay maneras para fomentarla y ense\u00f1arla. En un mundo donde el estr\u00e9s y las prisas parecen ser parte del d\u00eda a d\u00eda, la templanza se presenta como una virtud cardinal esencial para mantener la armon\u00eda en la familia. Pero, \u00bfqu\u00e9 es exactamente la [&hellip;]<\/p>\n","protected":false},"author":19,"featured_media":33414,"comment_status":"open","ping_status":"open","sticky":false,"template":"","format":"standard","meta":{"_acf_changed":false,"_eb_attr":"","footnotes":""},"categories":[266],"tags":[81],"class_list":["post-33413","post","type-post","status-publish","format-standard","has-post-thumbnail","hentry","category-en-familia","tag-en-familia"],"acf":[],"aioseo_notices":[],"aioseo_head":"\n\t\t<!-- All in One SEO Pro 4.9.6.2 - aioseo.com -->\n\t<meta name=\"description\" content=\"La felicidad no depende del ADN, ni de las posesiones ni siquiera de la ubicaci\u00f3n en donde se encuentre, por ejemplo, un migrante. La neurociencia ha comprobado grandes principios que est\u00e1n al alcance de toda persona. Felicidad y bienestar no son lo mismo \u201cLa Felicidad es diferente al bienestar, pero generalmente lo confundimos. Ya tengo\" \/>\n\t<meta name=\"robots\" content=\"max-snippet:-1, max-image-preview:large, max-video-preview:-1\" \/>\n\t<meta name=\"author\" content=\"Marysabel Aldana\"\/>\n\t<link rel=\"canonical\" href=\"https:\/\/soymigrante.com\/revista\/virtudes-cardinales-en-la-familia-la-templanza-que-es-y-como-fomentarla\/\" \/>\n\t<meta name=\"generator\" content=\"All in One SEO Pro (AIOSEO) 4.9.6.2\" \/>\n\n\t\t<link rel=\"preconnect\" href=\"https:\/\/fonts.googleapis.com\" crossorigin>\n<link rel=\"preconnect\" href=\"https:\/\/fonts.gstatic.com\" crossorigin>\n\t\t<meta property=\"og:locale\" content=\"es_ES\" \/>\n\t\t<meta property=\"og:site_name\" content=\"SoyMigrante.com REVISTA \u2013 Nuestra misi\u00f3n es reconocer y dignificar al migrante.\" \/>\n\t\t<meta property=\"og:type\" content=\"article\" \/>\n\t\t<meta property=\"og:title\" content=\"Virtudes cardinales en la familia: la templanza, qu\u00e9 es y c\u00f3mo fomentarla\" \/>\n\t\t<meta property=\"og:description\" content=\"La templanza es una cualidad que permite la mesura en comidas y bebida; contribuye a la sana nutrici\u00f3n pero tambi\u00e9n al bienestar espiritual de la familia.\" \/>\n\t\t<meta property=\"og:url\" content=\"https:\/\/soymigrante.com\/revista\/virtudes-cardinales-en-la-familia-la-templanza-que-es-y-como-fomentarla\/\" \/>\n\t\t<meta property=\"og:image\" content=\"https:\/\/soymigrante.com\/revista\/wp-content\/uploads\/2025\/05\/Virtudes-cardinales-en-la-familia-la-templanza-e1747170677722.webp\" \/>\n\t\t<meta property=\"og:image:secure_url\" content=\"https:\/\/soymigrante.com\/revista\/wp-content\/uploads\/2025\/05\/Virtudes-cardinales-en-la-familia-la-templanza-e1747170677722.webp\" \/>\n\t\t<meta property=\"og:image:width\" content=\"1079\" \/>\n\t\t<meta property=\"og:image:height\" content=\"1079\" \/>\n\t\t<meta property=\"article:published_time\" content=\"2025-05-14T13:08:00+00:00\" \/>\n\t\t<meta property=\"article:modified_time\" content=\"2025-08-27T17:12:10+00:00\" \/>\n\t\t<meta property=\"article:publisher\" content=\"https:\/\/www.facebook.com\/soymigrantecom\" \/>\n\t\t<meta name=\"twitter:card\" content=\"summary_large_image\" \/>\n\t\t<meta name=\"twitter:site\" content=\"@SoyMigrante_com\" \/>\n\t\t<meta name=\"twitter:title\" content=\"Virtudes cardinales en la familia: la templanza, qu\u00e9 es y c\u00f3mo fomentarla\" \/>\n\t\t<meta name=\"twitter:description\" content=\"La templanza es una cualidad que permite la mesura en comidas y bebida; contribuye a la sana nutrici\u00f3n pero tambi\u00e9n al bienestar espiritual de la familia.\" \/>\n\t\t<meta name=\"twitter:creator\" content=\"@SoyMigrante_com\" \/>\n\t\t<meta name=\"twitter:image\" content=\"https:\/\/soymigrante.com\/revista\/wp-content\/uploads\/2025\/05\/Virtudes-cardinales-en-la-familia-la-templanza-e1747170677722.webp\" \/>\n\t\t<!-- All in One SEO Pro -->\r\n\t\t<title>Virtudes cardinales en la familia: la templanza, qu\u00e9 es y c\u00f3mo fomentarla<\/title>\n\n","aioseo_head_json":{"title":"Virtudes cardinales en la familia: la templanza, qu\u00e9 es y c\u00f3mo fomentarla","description":"La templanza es una cualidad que permite la mesura en comidas y bebida; contribuye a la sana nutrici\u00f3n pero tambi\u00e9n al bienestar espiritual de la familia.","canonical_url":"https:\/\/soymigrante.com\/revista\/virtudes-cardinales-en-la-familia-la-templanza-que-es-y-como-fomentarla\/","robots":"max-snippet:-1, max-image-preview:large, max-video-preview:-1","keywords":"","webmasterTools":{"miscellaneous":"&lt;link rel=\"preconnect\" href=\"https:\/\/fonts.googleapis.com\" crossorigin&gt;\n&lt;link rel=\"preconnect\" href=\"https:\/\/fonts.gstatic.com\" crossorigin&gt;"},"schema":null,"og:locale":"es_ES","og:site_name":"SoyMigrante.com REVISTA \u2013 Nuestra misi\u00f3n es reconocer y dignificar al migrante.","og:type":"article","og:title":"Virtudes cardinales en la familia: la templanza, qu\u00e9 es y c\u00f3mo fomentarla","og:description":"La templanza es una cualidad que permite la mesura en comidas y bebida; contribuye a la sana nutrici\u00f3n pero tambi\u00e9n al bienestar espiritual de la familia.","og:url":"https:\/\/soymigrante.com\/revista\/virtudes-cardinales-en-la-familia-la-templanza-que-es-y-como-fomentarla\/","og:image":"https:\/\/soymigrante.com\/revista\/wp-content\/uploads\/2025\/05\/Virtudes-cardinales-en-la-familia-la-templanza-e1747170677722.webp","og:image:secure_url":"https:\/\/soymigrante.com\/revista\/wp-content\/uploads\/2025\/05\/Virtudes-cardinales-en-la-familia-la-templanza-e1747170677722.webp","og:image:width":1079,"og:image:height":1079,"article:published_time":"2025-05-14T13:08:00+00:00","article:modified_time":"2025-08-27T17:12:10+00:00","article:publisher":"https:\/\/www.facebook.com\/soymigrantecom","twitter:card":"summary_large_image","twitter:site":"@SoyMigrante_com","twitter:title":"Virtudes cardinales en la familia: la templanza, qu\u00e9 es y c\u00f3mo fomentarla","twitter:description":"La templanza es una cualidad que permite la mesura en comidas y bebida; contribuye a la sana nutrici\u00f3n pero tambi\u00e9n al bienestar espiritual de la familia.","twitter:creator":"@SoyMigrante_com","twitter:image":"https:\/\/soymigrante.com\/revista\/wp-content\/uploads\/2025\/05\/Virtudes-cardinales-en-la-familia-la-templanza-e1747170677722.webp"},"aioseo_meta_data":{"post_id":"33413","title":"#post_title","description":"La templanza es una cualidad que permite la mesura en comidas y bebida; contribuye a la sana nutrici\u00f3n pero tambi\u00e9n al bienestar espiritual de la familia.","keywords":null,"keyphrases":{"focus":{"keyphrase":"templanza","score":100,"analysis":{"keyphraseInTitle":{"score":9,"maxScore":9,"error":0},"keyphraseInDescription":{"score":9,"maxScore":9,"error":0},"keyphraseLength":{"score":9,"maxScore":9,"error":0,"length":1},"keyphraseInURL":{"score":5,"maxScore":5,"error":0},"keyphraseInIntroduction":{"score":9,"maxScore":9,"error":0},"keyphraseInSubHeadings":{"score":9,"maxScore":9,"error":0},"keyphraseInImageAlt":{"score":9,"maxScore":9,"error":0},"keywordDensity":{"type":"best","score":9,"maxScore":9,"error":0}}},"additional":[{"keyphrase":"templanza","score":100,"analysis":{"keyphraseInDescription":{"score":9,"maxScore":9,"error":0},"keyphraseLength":{"score":9,"maxScore":9,"error":0,"length":1},"keyphraseInIntroduction":{"score":9,"maxScore":9,"error":0},"keyphraseInImageAlt":{"score":9,"maxScore":9,"error":0},"keywordDensity":{"type":"best","score":9,"maxScore":9,"error":0}}},{"keyphrase":"familia","score":100,"analysis":{"keyphraseInDescription":{"score":9,"maxScore":9,"error":0},"keyphraseLength":{"score":9,"maxScore":9,"error":0,"length":1},"keyphraseInIntroduction":{"score":9,"maxScore":9,"error":0},"keyphraseInImageAlt":{"score":9,"maxScore":9,"error":0},"keywordDensity":{"type":"best","score":9,"maxScore":9,"error":0}}}]},"primary_term":null,"canonical_url":null,"og_title":null,"og_description":null,"og_object_type":"default","og_image_type":"default","og_image_url":null,"og_image_width":null,"og_image_height":null,"og_image_custom_url":null,"og_image_custom_fields":null,"og_video":"","og_custom_url":null,"og_article_section":null,"og_article_tags":null,"twitter_use_og":false,"twitter_card":"default","twitter_image_type":"default","twitter_image_url":null,"twitter_image_custom_url":null,"twitter_image_custom_fields":null,"twitter_title":null,"twitter_description":null,"schema":{"blockGraphs":[],"customGraphs":[],"default":{"data":{"Article":[],"Course":[],"Dataset":[],"FAQPage":[],"Movie":[],"Person":[],"Product":[],"ProductReview":[],"Car":[],"Recipe":[],"Service":[],"SoftwareApplication":[],"WebPage":[]},"graphName":"none","isEnabled":true},"graphs":[]},"schema_type":"default","schema_type_options":null,"pillar_content":false,"robots_default":true,"robots_noindex":false,"robots_noarchive":false,"robots_nosnippet":false,"robots_nofollow":false,"robots_noimageindex":false,"robots_noodp":false,"robots_notranslate":false,"robots_max_snippet":"-1","robots_max_videopreview":"-1","robots_max_imagepreview":"large","priority":null,"frequency":"default","local_seo":null,"seo_analyzer_scan_date":"2025-10-09 05:13:01","breadcrumb_settings":null,"limit_modified_date":false,"reviewed_by":null,"open_ai":"{\"title\":{\"suggestions\":[],\"usage\":0},\"description\":{\"suggestions\":[],\"usage\":0}}","ai":null,"created":"2025-05-13 21:08:43","updated":"2026-02-04 23:41:31"},"aioseo_breadcrumb":"<div class=\"aioseo-breadcrumbs\"><span class=\"aioseo-breadcrumb\">\n\t<a href=\"https:\/\/soymigrante.com\/revista\" title=\"Home\">Home<\/a>\n<\/span><span class=\"aioseo-breadcrumb-separator\">\u00bb<\/span><span class=\"aioseo-breadcrumb\">\n\t<a href=\"https:\/\/soymigrante.com\/revista\/category\/bienestar\/\" title=\"Bienestar\">Bienestar<\/a>\n<\/span><span class=\"aioseo-breadcrumb-separator\">\u00bb<\/span><span class=\"aioseo-breadcrumb\">\n\t<a href=\"https:\/\/soymigrante.com\/revista\/category\/bienestar\/en-familia\/\" title=\"En Familia\">En Familia<\/a>\n<\/span><span class=\"aioseo-breadcrumb-separator\">\u00bb<\/span><span class=\"aioseo-breadcrumb\">\n\tVirtudes cardinales en la familia: la templanza, qu\u00e9 es y c\u00f3mo fomentarla\n<\/span><\/div>","aioseo_breadcrumb_json":[{"label":"Home","link":"https:\/\/soymigrante.com\/revista"},{"label":"Bienestar","link":"https:\/\/soymigrante.com\/revista\/category\/bienestar\/"},{"label":"En Familia","link":"https:\/\/soymigrante.com\/revista\/category\/bienestar\/en-familia\/"},{"label":"Virtudes cardinales en la familia: la templanza, qu\u00e9 es y c\u00f3mo fomentarla","link":"https:\/\/soymigrante.com\/revista\/virtudes-cardinales-en-la-familia-la-templanza-que-es-y-como-fomentarla\/"}],"_links":{"self":[{"href":"https:\/\/soymigrante.com\/revista\/wp-json\/wp\/v2\/posts\/33413","targetHints":{"allow":["GET"]}}],"collection":[{"href":"https:\/\/soymigrante.com\/revista\/wp-json\/wp\/v2\/posts"}],"about":[{"href":"https:\/\/soymigrante.com\/revista\/wp-json\/wp\/v2\/types\/post"}],"author":[{"embeddable":true,"href":"https:\/\/soymigrante.com\/revista\/wp-json\/wp\/v2\/users\/19"}],"replies":[{"embeddable":true,"href":"https:\/\/soymigrante.com\/revista\/wp-json\/wp\/v2\/comments?post=33413"}],"version-history":[{"count":16,"href":"https:\/\/soymigrante.com\/revista\/wp-json\/wp\/v2\/posts\/33413\/revisions"}],"predecessor-version":[{"id":33487,"href":"https:\/\/soymigrante.com\/revista\/wp-json\/wp\/v2\/posts\/33413\/revisions\/33487"}],"wp:featuredmedia":[{"embeddable":true,"href":"https:\/\/soymigrante.com\/revista\/wp-json\/wp\/v2\/media\/33414"}],"wp:attachment":[{"href":"https:\/\/soymigrante.com\/revista\/wp-json\/wp\/v2\/media?parent=33413"}],"wp:term":[{"taxonomy":"category","embeddable":true,"href":"https:\/\/soymigrante.com\/revista\/wp-json\/wp\/v2\/categories?post=33413"},{"taxonomy":"post_tag","embeddable":true,"href":"https:\/\/soymigrante.com\/revista\/wp-json\/wp\/v2\/tags?post=33413"}],"curies":[{"name":"wp","href":"https:\/\/api.w.org\/{rel}","templated":true}]}}