{"id":334,"date":"2023-05-26T00:33:23","date_gmt":"2023-05-26T00:33:23","guid":{"rendered":"https:\/\/soymigrante.wpengine.com\/?p=334"},"modified":"2025-09-16T07:18:14","modified_gmt":"2025-09-16T13:18:14","slug":"a-guatemala-poema-del-nobel-de-literatura-miguel-angel-asturias","status":"publish","type":"post","link":"https:\/\/soymigrante.com\/revista\/a-guatemala-poema-del-nobel-de-literatura-miguel-angel-asturias\/","title":{"rendered":"A Guatemala, poema de Miguel \u00c1ngel Asturias"},"content":{"rendered":"\t\t<div data-elementor-type=\"wp-post\" data-elementor-id=\"334\" class=\"elementor elementor-334\" data-elementor-post-type=\"post\">\n\t\t\t\t\t\t<section data-particle_enable=\"false\" data-particle-mobile-disabled=\"false\" class=\"elementor-section elementor-top-section elementor-element elementor-element-1d499a02 elementor-section-boxed elementor-section-height-default elementor-section-height-default\" data-id=\"1d499a02\" data-element_type=\"section\" data-e-type=\"section\">\n\t\t\t\t\t\t<div class=\"elementor-container elementor-column-gap-default\">\n\t\t\t\t\t<div class=\"elementor-column elementor-col-100 elementor-top-column elementor-element elementor-element-4cf5ac05\" data-id=\"4cf5ac05\" data-element_type=\"column\" data-e-type=\"column\">\n\t\t\t<div class=\"elementor-widget-wrap elementor-element-populated\">\n\t\t\t\t\t\t<div class=\"elementor-element elementor-element-2de895e elementor-widget elementor-widget-text-editor\" data-id=\"2de895e\" data-element_type=\"widget\" data-e-type=\"widget\" data-widget_type=\"text-editor.default\">\n\t\t\t\t\t\t\t\t\t<p>Por Miguel Angel Asturias (1899-1974) Premio Nobel de Literatura 1967<br \/>Ilustraci\u00f3n: Mural de Alexander Ambrocio, artista momosteco.<\/p>\t\t\t\t\t\t\t\t<\/div>\n\t\t\t\t<div class=\"elementor-element elementor-element-9a53710 elementor-widget elementor-widget-heading\" data-id=\"9a53710\" data-element_type=\"widget\" data-e-type=\"widget\" data-widget_type=\"heading.default\">\n\t\t\t\t\t<h2 class=\"elementor-heading-title elementor-size-default\">Laureado escritor guatemalteco, vivi\u00f3 buena parte de sus a\u00f1os como migrante, en Argentina, Francia y Espa\u00f1a, en donde falleci\u00f3 en 1974. Escribi\u00f3 este poema dedicado a su patria, con la nostalgia de quien la ve con anhelo desde lejos.<\/h2>\t\t\t\t<\/div>\n\t\t\t\t<div class=\"elementor-element elementor-element-71b47522 elementor-widget elementor-widget-text-editor\" data-id=\"71b47522\" data-element_type=\"widget\" data-e-type=\"widget\" data-widget_type=\"text-editor.default\">\n\t\t\t\t\t\t\t\t\t\n<p>\u00a1Patria de las perfectas luces, tuya<br \/>la ingenua, agraria y melodiosa fiesta,<br \/>campos que cubren hoy brazos de cruces!<\/p>\n\n<p>\u00a1Patria de los perfectos lagos, altos<br \/>espejos que tu mano acerca al cielo<br \/>para que vea Dios tantos estragos!<\/p>\n\n<p>\u00a1Patria de los perfectos montes, cauda<br \/>de verdes curvas imantando auroras,<br \/>hoy por c\u00e1rcel te dan tus horizontes!<\/p>\n\n<p>\u00a1Patria de los perfectos d\u00edas, horas<br \/>de p\u00e1jaros, de flores, de silencio<br \/>que ahora, \u00a1oh dolor!, son agon\u00edas!<\/p>\n\n<p>\u00a1Patria de los perfectos cielos, due\u00f1a<br \/>de tardes de oro y noches de luceros,<br \/>alba y poniente que hoy visten tus duelos!<\/p>\n\n<p>\u00a1Patria de los perfectos valles, tienden<br \/>de volc\u00e1n a volc\u00e1n verdes hamacas<br \/>que escuchan hoy llorar casas y calles!<\/p>\n\n<p>\u00a1Patria de los perfectos frutos, pulpa<br \/>de para\u00edso en c\u00e1scara de luces,<br \/>agridulces ahora por tus lutos!<\/p>\n\n<p>\u00a1Patria del armadillo y la luci\u00e9rnaga<br \/>del pavoazul y el p\u00e1jaro esmeralda,<br \/>por la que llora sin cesar el grillo!<\/p>\n\n<p>\u00a1Patria del monaguillo de los monos,<br \/>el atel colilargo, los venados,<br \/>los tapires, el p\u00e1jaro amarillo<\/p>\n\n<p>y los cenzontles reales, fuego en plumas<br \/>del colibr\u00ed ligero, juego en voces<br \/>de la protesta de tus animales!<\/p>\n\n<p>Loros de verde que a tu o\u00eddo gritan<br \/>no ser del oro verde que ambicionan<br \/>los que la libertad, Patria, te quitan.<\/p>\n\t\t\t\t\t\t\t\t<\/div>\n\t\t\t\t\t<\/div>\n\t\t<\/div>\n\t\t\t\t\t<\/div>\n\t\t<\/section>\n\t\t\t\t<section data-particle_enable=\"false\" data-particle-mobile-disabled=\"false\" class=\"elementor-section elementor-top-section elementor-element elementor-element-b90cf60 elementor-section-boxed elementor-section-height-default elementor-section-height-default\" data-id=\"b90cf60\" data-element_type=\"section\" data-e-type=\"section\">\n\t\t\t\t\t\t<div class=\"elementor-container elementor-column-gap-default\">\n\t\t\t\t\t<div class=\"elementor-column elementor-col-100 elementor-top-column elementor-element elementor-element-08f6ee7\" data-id=\"08f6ee7\" data-element_type=\"column\" data-e-type=\"column\">\n\t\t\t<div class=\"elementor-widget-wrap elementor-element-populated\">\n\t\t\t\t\t\t<div class=\"elementor-element elementor-element-2d12c8a elementor-widget elementor-widget-image\" data-id=\"2d12c8a\" data-element_type=\"widget\" data-e-type=\"widget\" data-widget_type=\"image.default\">\n\t\t\t\t\t\t\t\t\t\t\t\t<figure class=\"wp-caption\">\n\t\t\t\t\t\t\t\t\t\t<img fetchpriority=\"high\" decoding=\"async\" width=\"1024\" height=\"1024\" src=\"https:\/\/soymigrante.com\/revista\/wp-content\/uploads\/2023\/02\/mural-mariposa-scaled-e1728581437924-1024x1024.jpg\" class=\"attachment-large size-large wp-image-701\" alt=\"Mural en Momostenango\" srcset=\"https:\/\/soymigrante.com\/revista\/wp-content\/uploads\/2023\/02\/mural-mariposa-scaled-e1728581437924-1024x1024.jpg 1024w, https:\/\/soymigrante.com\/revista\/wp-content\/uploads\/2023\/02\/mural-mariposa-scaled-e1728581437924-300x300.webp 300w, https:\/\/soymigrante.com\/revista\/wp-content\/uploads\/2023\/02\/mural-mariposa-scaled-e1728581437924-150x150.webp 150w, https:\/\/soymigrante.com\/revista\/wp-content\/uploads\/2023\/02\/mural-mariposa-scaled-e1728581437924-768x768.jpg 768w, https:\/\/soymigrante.com\/revista\/wp-content\/uploads\/2023\/02\/mural-mariposa-scaled-e1728581437924-75x75.webp 75w, https:\/\/soymigrante.com\/revista\/wp-content\/uploads\/2023\/02\/mural-mariposa-scaled-e1728581437924-750x750.webp 750w, https:\/\/soymigrante.com\/revista\/wp-content\/uploads\/2023\/02\/mural-mariposa-scaled-e1728581437924-1140x1140.jpg 1140w, https:\/\/soymigrante.com\/revista\/wp-content\/uploads\/2023\/02\/mural-mariposa-scaled-e1728581437924.webp 1160w\" sizes=\"(max-width: 1024px) 100vw, 1024px\" title=\"Mural en Momostenango \u2013 SoyMigrante.com REVISTA\" \/>\t\t\t\t\t\t\t\t\t\t\t<figcaption class=\"widget-image-caption wp-caption-text\">Mural del artista momosteco Alex\u00e1nder Ambrocio en representaci\u00f3n de la Eterna Primavera de Guatemala.<\/figcaption>\n\t\t\t\t\t\t\t\t\t\t<\/figure>\n\t\t\t\t\t\t\t\t\t<\/div>\n\t\t\t\t\t<\/div>\n\t\t<\/div>\n\t\t\t\t\t<\/div>\n\t\t<\/section>\n\t\t\t\t<\/div>\n\t\t","protected":false},"excerpt":{"rendered":"<p>Laureado escritor guatemalteco, vivi\u00f3 buena parte de sus a\u00f1os como migrante, en Argentina, Francia y Espa\u00f1a, en donde falleci\u00f3 en 1974. Escribi\u00f3 este poema dedicado a su patria, con la nostalgia de quien la ve con anhelo desde lejos.<\/p>\n","protected":false},"author":1,"featured_media":701,"comment_status":"open","ping_status":"open","sticky":false,"template":"","format":"standard","meta":{"_acf_changed":false,"_eb_attr":"","footnotes":""},"categories":[56],"tags":[],"class_list":["post-334","post","type-post","status-publish","format-standard","has-post-thumbnail","hentry","category-lugar-de-voces"],"acf":[],"aioseo_notices":[],"aioseo_head":"\n\t\t<!-- All in One SEO Pro 4.9.6.2 - aioseo.com -->\n\t<meta name=\"description\" content=\"A Guatemala, poema de Miguel \u00c1ngel Asturias\" \/>\n\t<meta name=\"robots\" content=\"max-snippet:-1, max-image-preview:large, max-video-preview:-1\" \/>\n\t<meta name=\"author\" content=\"SoyMigrante.com REVISTA\"\/>\n\t<link rel=\"canonical\" href=\"https:\/\/soymigrante.com\/revista\/a-guatemala-poema-del-nobel-de-literatura-miguel-angel-asturias\/\" \/>\n\t<meta name=\"generator\" content=\"All in One SEO Pro (AIOSEO) 4.9.6.2\" \/>\n\n\t\t<link rel=\"preconnect\" href=\"https:\/\/fonts.googleapis.com\" crossorigin>\n<link rel=\"preconnect\" href=\"https:\/\/fonts.gstatic.com\" crossorigin>\n\t\t<meta property=\"og:locale\" content=\"es_ES\" \/>\n\t\t<meta property=\"og:site_name\" content=\"SoyMigrante.com REVISTA \u2013 Nuestra misi\u00f3n es reconocer y dignificar al migrante.\" \/>\n\t\t<meta property=\"og:type\" content=\"article\" \/>\n\t\t<meta property=\"og:title\" content=\"A Guatemala, poema de Miguel \u00c1ngel Asturias\" \/>\n\t\t<meta property=\"og:description\" content=\"A Guatemala, poema de Miguel \u00c1ngel Asturias\" \/>\n\t\t<meta property=\"og:url\" content=\"https:\/\/soymigrante.com\/revista\/a-guatemala-poema-del-nobel-de-literatura-miguel-angel-asturias\/\" \/>\n\t\t<meta property=\"og:image\" content=\"https:\/\/soymigrante.com\/revista\/wp-content\/uploads\/2023\/02\/mural-mariposa-scaled-e1728581437924.webp\" \/>\n\t\t<meta property=\"og:image:secure_url\" content=\"https:\/\/soymigrante.com\/revista\/wp-content\/uploads\/2023\/02\/mural-mariposa-scaled-e1728581437924.webp\" \/>\n\t\t<meta property=\"og:image:width\" content=\"1160\" \/>\n\t\t<meta property=\"og:image:height\" content=\"1160\" \/>\n\t\t<meta property=\"article:published_time\" content=\"2023-05-26T00:33:23+00:00\" \/>\n\t\t<meta property=\"article:modified_time\" content=\"2025-09-16T13:18:14+00:00\" \/>\n\t\t<meta property=\"article:publisher\" content=\"https:\/\/www.facebook.com\/soymigrantecom\" \/>\n\t\t<meta name=\"twitter:card\" content=\"summary_large_image\" \/>\n\t\t<meta name=\"twitter:site\" content=\"@SoyMigrante_com\" \/>\n\t\t<meta name=\"twitter:title\" content=\"A Guatemala, poema de Miguel \u00c1ngel Asturias\" \/>\n\t\t<meta name=\"twitter:description\" content=\"A Guatemala, poema de Miguel \u00c1ngel Asturias\" \/>\n\t\t<meta name=\"twitter:creator\" content=\"@SoyMigrante_com\" \/>\n\t\t<meta name=\"twitter:image\" content=\"https:\/\/soymigrante.com\/revista\/wp-content\/uploads\/2023\/02\/mural-mariposa-scaled-e1728581437924.webp\" \/>\n\t\t<!-- All in One SEO Pro -->\r\n\t\t<title>A Guatemala, poema de Miguel \u00c1ngel Asturias<\/title>\n\n","aioseo_head_json":{"title":"A Guatemala, poema de Miguel \u00c1ngel Asturias","description":"A Guatemala, poema de Miguel \u00c1ngel Asturias","canonical_url":"https:\/\/soymigrante.com\/revista\/a-guatemala-poema-del-nobel-de-literatura-miguel-angel-asturias\/","robots":"max-snippet:-1, max-image-preview:large, max-video-preview:-1","keywords":"","webmasterTools":{"miscellaneous":"&lt;link rel=\"preconnect\" href=\"https:\/\/fonts.googleapis.com\" crossorigin&gt;\n&lt;link rel=\"preconnect\" href=\"https:\/\/fonts.gstatic.com\" crossorigin&gt;"},"schema":null,"og:locale":"es_ES","og:site_name":"SoyMigrante.com REVISTA \u2013 Nuestra misi\u00f3n es reconocer y dignificar al migrante.","og:type":"article","og:title":"A Guatemala, poema de Miguel \u00c1ngel Asturias","og:description":"A Guatemala, poema de Miguel \u00c1ngel Asturias","og:url":"https:\/\/soymigrante.com\/revista\/a-guatemala-poema-del-nobel-de-literatura-miguel-angel-asturias\/","og:image":"https:\/\/soymigrante.com\/revista\/wp-content\/uploads\/2023\/02\/mural-mariposa-scaled-e1728581437924.webp","og:image:secure_url":"https:\/\/soymigrante.com\/revista\/wp-content\/uploads\/2023\/02\/mural-mariposa-scaled-e1728581437924.webp","og:image:width":1160,"og:image:height":1160,"article:published_time":"2023-05-26T00:33:23+00:00","article:modified_time":"2025-09-16T13:18:14+00:00","article:publisher":"https:\/\/www.facebook.com\/soymigrantecom","twitter:card":"summary_large_image","twitter:site":"@SoyMigrante_com","twitter:title":"A Guatemala, poema de Miguel \u00c1ngel Asturias","twitter:description":"A Guatemala, poema de Miguel \u00c1ngel Asturias","twitter:creator":"@SoyMigrante_com","twitter:image":"https:\/\/soymigrante.com\/revista\/wp-content\/uploads\/2023\/02\/mural-mariposa-scaled-e1728581437924.webp"},"aioseo_meta_data":{"post_id":"334","title":null,"description":"A Guatemala, poema de Miguel \u00c1ngel Asturias","keywords":null,"keyphrases":{"focus":{"keyphrase":"Miguel \u00c1ngel Asturias","score":69,"analysis":{"keyphraseInTitle":{"score":9,"maxScore":9,"error":0},"keyphraseInDescription":{"score":9,"maxScore":9,"error":0},"keyphraseLength":{"score":9,"maxScore":9,"error":0,"length":3},"keyphraseInURL":{"score":5,"maxScore":5,"error":0},"keyphraseInIntroduction":{"score":9,"maxScore":9,"error":0},"keyphraseInSubHeadings":{"score":3,"maxScore":9,"error":1},"keyphraseInImageAlt":{"score":3,"maxScore":9,"error":1},"keywordDensity":{"score":0,"type":"low","maxScore":9,"error":1}}},"additional":[]},"primary_term":null,"canonical_url":null,"og_title":null,"og_description":null,"og_object_type":"default","og_image_type":"default","og_image_url":null,"og_image_width":null,"og_image_height":null,"og_image_custom_url":null,"og_image_custom_fields":null,"og_video":"","og_custom_url":null,"og_article_section":null,"og_article_tags":null,"twitter_use_og":false,"twitter_card":"default","twitter_image_type":"default","twitter_image_url":null,"twitter_image_custom_url":null,"twitter_image_custom_fields":null,"twitter_title":null,"twitter_description":null,"schema":{"blockGraphs":[],"customGraphs":[],"default":{"data":{"Article":[],"Course":[],"Dataset":[],"FAQPage":[],"Movie":[],"Person":[],"Product":[],"ProductReview":[],"Car":[],"Recipe":[],"Service":[],"SoftwareApplication":[],"WebPage":[]},"graphName":"BlogPosting","isEnabled":true},"graphs":[]},"schema_type":"default","schema_type_options":null,"pillar_content":false,"robots_default":true,"robots_noindex":false,"robots_noarchive":false,"robots_nosnippet":false,"robots_nofollow":false,"robots_noimageindex":false,"robots_noodp":false,"robots_notranslate":false,"robots_max_snippet":"-1","robots_max_videopreview":"-1","robots_max_imagepreview":"large","priority":null,"frequency":"default","local_seo":null,"seo_analyzer_scan_date":"2025-10-08 19:43:15","breadcrumb_settings":null,"limit_modified_date":false,"reviewed_by":null,"open_ai":"{\"title\":{\"suggestions\":[],\"usage\":0},\"description\":{\"suggestions\":[],\"usage\":0}}","ai":null,"created":"2023-08-17 09:40:56","updated":"2026-02-04 04:29:28"},"aioseo_breadcrumb":"<div class=\"aioseo-breadcrumbs\"><span class=\"aioseo-breadcrumb\">\n\t<a href=\"https:\/\/soymigrante.com\/revista\" title=\"Home\">Home<\/a>\n<\/span><span class=\"aioseo-breadcrumb-separator\">\u00bb<\/span><span class=\"aioseo-breadcrumb\">\n\t<a href=\"https:\/\/soymigrante.com\/revista\/category\/estamos-unidos\/\" title=\"Estamos Unidos\">Estamos Unidos<\/a>\n<\/span><span class=\"aioseo-breadcrumb-separator\">\u00bb<\/span><span class=\"aioseo-breadcrumb\">\n\t<a href=\"https:\/\/soymigrante.com\/revista\/category\/estamos-unidos\/lugar-de-voces\/\" title=\"Lugar de Voces\">Lugar de Voces<\/a>\n<\/span><span class=\"aioseo-breadcrumb-separator\">\u00bb<\/span><span class=\"aioseo-breadcrumb\">\n\tA Guatemala, poema de Miguel \u00c1ngel Asturias\n<\/span><\/div>","aioseo_breadcrumb_json":[{"label":"Home","link":"https:\/\/soymigrante.com\/revista"},{"label":"Estamos Unidos","link":"https:\/\/soymigrante.com\/revista\/category\/estamos-unidos\/"},{"label":"Lugar de Voces","link":"https:\/\/soymigrante.com\/revista\/category\/estamos-unidos\/lugar-de-voces\/"},{"label":"A Guatemala, poema de Miguel \u00c1ngel Asturias","link":"https:\/\/soymigrante.com\/revista\/a-guatemala-poema-del-nobel-de-literatura-miguel-angel-asturias\/"}],"_links":{"self":[{"href":"https:\/\/soymigrante.com\/revista\/wp-json\/wp\/v2\/posts\/334","targetHints":{"allow":["GET"]}}],"collection":[{"href":"https:\/\/soymigrante.com\/revista\/wp-json\/wp\/v2\/posts"}],"about":[{"href":"https:\/\/soymigrante.com\/revista\/wp-json\/wp\/v2\/types\/post"}],"author":[{"embeddable":true,"href":"https:\/\/soymigrante.com\/revista\/wp-json\/wp\/v2\/users\/1"}],"replies":[{"embeddable":true,"href":"https:\/\/soymigrante.com\/revista\/wp-json\/wp\/v2\/comments?post=334"}],"version-history":[{"count":3,"href":"https:\/\/soymigrante.com\/revista\/wp-json\/wp\/v2\/posts\/334\/revisions"}],"predecessor-version":[{"id":44860,"href":"https:\/\/soymigrante.com\/revista\/wp-json\/wp\/v2\/posts\/334\/revisions\/44860"}],"wp:featuredmedia":[{"embeddable":true,"href":"https:\/\/soymigrante.com\/revista\/wp-json\/wp\/v2\/media\/701"}],"wp:attachment":[{"href":"https:\/\/soymigrante.com\/revista\/wp-json\/wp\/v2\/media?parent=334"}],"wp:term":[{"taxonomy":"category","embeddable":true,"href":"https:\/\/soymigrante.com\/revista\/wp-json\/wp\/v2\/categories?post=334"},{"taxonomy":"post_tag","embeddable":true,"href":"https:\/\/soymigrante.com\/revista\/wp-json\/wp\/v2\/tags?post=334"}],"curies":[{"name":"wp","href":"https:\/\/api.w.org\/{rel}","templated":true}]}}