{"id":33336,"date":"2025-05-14T04:00:00","date_gmt":"2025-05-14T10:00:00","guid":{"rendered":"https:\/\/soymigrante.com\/revista\/?p=33336"},"modified":"2025-09-22T16:27:10","modified_gmt":"2025-09-22T22:27:10","slug":"comercio-electronico-en-guatemala-sigue-creciendo-en-oportunidades-para-los-emprendedores","status":"publish","type":"post","link":"https:\/\/soymigrante.com\/revista\/comercio-electronico-en-guatemala-sigue-creciendo-en-oportunidades-para-los-emprendedores\/","title":{"rendered":"Comercio electr\u00f3nico en Guatemala sigue creciendo en oportunidades para los emprendedores"},"content":{"rendered":"\t\t<div data-elementor-type=\"wp-post\" data-elementor-id=\"33336\" class=\"elementor elementor-33336\" data-elementor-post-type=\"post\">\n\t\t\t\t<div data-particle_enable=\"false\" data-particle-mobile-disabled=\"false\" class=\"elementor-element elementor-element-45f67b7 e-flex e-con-boxed e-con e-parent\" data-id=\"45f67b7\" data-element_type=\"container\" data-e-type=\"container\">\n\t\t\t\t\t<div class=\"e-con-inner\">\n\t\t\t\t<div class=\"elementor-element elementor-element-c58c143 elementor-widget elementor-widget-heading\" data-id=\"c58c143\" data-element_type=\"widget\" data-e-type=\"widget\" data-widget_type=\"heading.default\">\n\t\t\t\t\t<h2 class=\"elementor-heading-title elementor-size-default\">La 6a. Encuesta de Comercio Electr\u00f3nico tiene datos que confirman el crecimiento de las ventas en l\u00ednea en Guatemala. Es una oportunidad para emprendedores de toda Guatemala y SoyMigrante.com MERCADO puede ser tu puerta al comercio digital. <\/h2>\t\t\t\t<\/div>\n\t\t\t\t<div class=\"elementor-element elementor-element-ad1fd16 elementor-widget elementor-widget-html\" data-id=\"ad1fd16\" data-element_type=\"widget\" data-e-type=\"widget\" data-widget_type=\"html.default\">\n\t\t\t\t\t<div id=\"buzzsprout-player-17158497\"><\/div><script src=\"https:\/\/www.buzzsprout.com\/2444168\/episodes\/17158497-crece-comercio-electronico-en-guatemala-y-soymigrante-com-mercado-es-una-puerta-abierta.js?container_id=buzzsprout-player-17158497&player=small\" type=\"text\/javascript\" charset=\"utf-8\"><\/script>\t\t\t\t<\/div>\n\t\t\t\t\t<\/div>\n\t\t\t\t<\/div>\n\t\t<div data-particle_enable=\"false\" data-particle-mobile-disabled=\"false\" class=\"elementor-element elementor-element-f635faf e-flex e-con-boxed e-con e-parent\" data-id=\"f635faf\" data-element_type=\"container\" data-e-type=\"container\">\n\t\t\t\t\t<div class=\"e-con-inner\">\n\t\t\t\t<div class=\"elementor-element elementor-element-970c0e4 elementor-widget elementor-widget-text-editor\" data-id=\"970c0e4\" data-element_type=\"widget\" data-e-type=\"widget\" data-widget_type=\"text-editor.default\">\n\t\t\t\t\t\t\t\t\t<p><a href=\"https:\/\/soymigrante.com\/mercado\/\" target=\"_blank\" rel=\"noopener\">El comercio en l\u00ednea ha demostrado ser m\u00e1s que una tendencia<\/a>; es un modelo que lleg\u00f3 para quedarse. Tras los retos que impuso la pandemia, muchas personas descubrieron las ventajas de comprar y vender a trav\u00e9s de plataformas digitales. Sin embargo, algunos a\u00fan se muestran esc\u00e9pticos, pero cada a\u00f1o las compras y ventas en l\u00ednea crecen un 8% en Guatemala, seg\u00fan la 6a. encuesta de Comercio Digital efectuada por la C\u00e1mara de Comercio de Guatemala.\u00a0<\/p><p><a href=\"https:\/\/soymigrante.com\/mercado\/\" target=\"_blank\" rel=\"noopener\">Negocios locales, artesanos y peque\u00f1as empresas han encontrado en el comercio en l\u00ednea un aliado para ampliar su alcance<\/a> y ofrecer sus productos a clientes que, de otra forma, no podr\u00edan acceder a ellos.\u00a0<\/p><p>La plataforma <a href=\"https:\/\/soymigrante.com\/revista\/soymigrante-com-mercado-viene-plataforma-digital-para-emprendedores-guatemaltecos\/\">SoyMigrante.com MERCADO<\/a> es una puerta directa al comercio electr\u00f3nico, <b>una comunidad que une a emprendedores y compradores en toda Guatemala, abierta a todos para impulsar el desarrollo local y proveer una herramienta de crecimiento de negocios<\/b>, con inscripci\u00f3n gratuita, asesor\u00eda para abrir una tienda digital y facilidades de log\u00edstica para la entrega de productos en toda Guatemala, con posibilidad de recibir pagos desde Estados Unidos.<\/p>\t\t\t\t\t\t\t\t<\/div>\n\t\t\t\t\t<\/div>\n\t\t\t\t<\/div>\n\t\t<div data-particle_enable=\"false\" data-particle-mobile-disabled=\"false\" class=\"elementor-element elementor-element-24dbffa e-flex e-con-boxed e-con e-parent\" data-id=\"24dbffa\" data-element_type=\"container\" data-e-type=\"container\">\n\t\t\t\t\t<div class=\"e-con-inner\">\n\t\t\t\t<div class=\"elementor-element elementor-element-0d97111 elementor-widget elementor-widget-image\" data-id=\"0d97111\" data-element_type=\"widget\" data-e-type=\"widget\" data-widget_type=\"image.default\">\n\t\t\t\t\t\t\t\t\t\t\t\t<figure class=\"wp-caption\">\n\t\t\t\t\t\t\t\t\t\t\t<a href=\"https:\/\/soymigrante.com\/revista\/soymigrante-com-mercado-viene-plataforma-digital-para-emprendedores-guatemaltecos\/\">\n\t\t\t\t\t\t\t<img fetchpriority=\"high\" decoding=\"async\" width=\"1024\" height=\"574\" src=\"https:\/\/soymigrante.com\/revista\/wp-content\/uploads\/2025\/05\/Captura-de-pantalla-2025-05-12-153258-1024x574.png\" class=\"attachment-large size-large wp-image-33316\" alt=\"Textos inspiradores, historias de migrantes, cultura y productos mexicanos en SoyMigrante.com REVISTA, con temas de inmigraci\u00f3n, arte, tradiciones y regalos para celebrar a mam\u00e1.\" srcset=\"https:\/\/soymigrante.com\/revista\/wp-content\/uploads\/2025\/05\/Captura-de-pantalla-2025-05-12-153258-1024x574.png 1024w, https:\/\/soymigrante.com\/revista\/wp-content\/uploads\/2025\/05\/Captura-de-pantalla-2025-05-12-153258-300x168.png 300w, https:\/\/soymigrante.com\/revista\/wp-content\/uploads\/2025\/05\/Captura-de-pantalla-2025-05-12-153258-768x431.png 768w, https:\/\/soymigrante.com\/revista\/wp-content\/uploads\/2025\/05\/Captura-de-pantalla-2025-05-12-153258-1536x861.png 1536w, https:\/\/soymigrante.com\/revista\/wp-content\/uploads\/2025\/05\/Captura-de-pantalla-2025-05-12-153258-750x420.png 750w, https:\/\/soymigrante.com\/revista\/wp-content\/uploads\/2025\/05\/Captura-de-pantalla-2025-05-12-153258-1140x639.png 1140w, https:\/\/soymigrante.com\/revista\/wp-content\/uploads\/2025\/05\/Captura-de-pantalla-2025-05-12-153258.png 1618w\" sizes=\"(max-width: 1024px) 100vw, 1024px\" title=\"MERCADO: Puerta de entrada para emprendedores guatemaltecos al comercio digital \u2013 SoyMigrante.com REVISTA\" \/>\t\t\t\t\t\t\t\t<\/a>\n\t\t\t\t\t\t\t\t\t\t\t<figcaption class=\"widget-image-caption wp-caption-text\">Revista SoyMigrante.com: temas de migraci\u00f3n, cultura, tradiciones, historia de M\u00e9xico y regalos especiales para fechas importantes en Am\u00e9rica Latina.<\/figcaption>\n\t\t\t\t\t\t\t\t\t\t<\/figure>\n\t\t\t\t\t\t\t\t\t<\/div>\n\t\t\t\t\t<\/div>\n\t\t\t\t<\/div>\n\t\t<div data-particle_enable=\"false\" data-particle-mobile-disabled=\"false\" class=\"elementor-element elementor-element-d94d44c e-flex e-con-boxed e-con e-parent\" data-id=\"d94d44c\" data-element_type=\"container\" data-e-type=\"container\">\n\t\t\t\t\t<div class=\"e-con-inner\">\n\t\t\t\t<div class=\"elementor-element elementor-element-af1da9a elementor-widget elementor-widget-heading\" data-id=\"af1da9a\" data-element_type=\"widget\" data-e-type=\"widget\" data-widget_type=\"heading.default\">\n\t\t\t\t\t<h3 class=\"elementor-heading-title elementor-size-default\">\u00bfEres emprendedor y a\u00fan no tienes una tienda digital? Estas cifras pueden convencerte.<\/h3>\t\t\t\t<\/div>\n\t\t\t\t\t<\/div>\n\t\t\t\t<\/div>\n\t\t<div data-particle_enable=\"false\" data-particle-mobile-disabled=\"false\" class=\"elementor-element elementor-element-f8b2458 e-flex e-con-boxed e-con e-parent\" data-id=\"f8b2458\" data-element_type=\"container\" data-e-type=\"container\">\n\t\t\t\t\t<div class=\"e-con-inner\">\n\t\t\t\t<div class=\"elementor-element elementor-element-4ca08b1 elementor-widget elementor-widget-text-editor\" data-id=\"4ca08b1\" data-element_type=\"widget\" data-e-type=\"widget\" data-widget_type=\"text-editor.default\">\n\t\t\t\t\t\t\t\t\t<div>Seg\u00fan la Sexta Encuesta de Comercio Electr\u00f3nico&#8230;<\/div><ul><li>Un 58% de compradores en l\u00ednea busca ahorrar tiempo.<\/li><li>Un 46% prefiere comprar en l\u00ednea porque puede pagar desde cualquier lugar (ya sea con tarjetas o con pago contra entrega, que son las opciones favoritas)<\/li><li>Un 43% gusta de comprar en l\u00ednea porque lo puede hacer a cualquier hora.<\/li><li>Cuatro de cada 10 compradores ven una gran ventaja poder comprar y recibir a domicilio.<\/li><li>Un 37% de compradores valora mucho el proceso f\u00e1cil de compra<\/li><li>Uno de cada 3 compradores gusta el comercio en l\u00ednea porque puede usar cualquier medio de pago.<\/li><li>Tambi\u00e9n 3 de cada 10 afirman encontrar los productos m\u00e1s r\u00e1pido que la tienda f\u00edsica.<\/li><\/ul>\t\t\t\t\t\t\t\t<\/div>\n\t\t\t\t\t<\/div>\n\t\t\t\t<\/div>\n\t\t<div data-particle_enable=\"false\" data-particle-mobile-disabled=\"false\" class=\"elementor-element elementor-element-ca28617 e-flex e-con-boxed e-con e-parent\" data-id=\"ca28617\" data-element_type=\"container\" data-e-type=\"container\">\n\t\t\t\t\t<div class=\"e-con-inner\">\n\t\t\t\t<div class=\"elementor-element elementor-element-c42ac4d elementor-align-center elementor-widget elementor-widget-global elementor-global-14402 elementor-widget-button\" data-id=\"c42ac4d\" data-element_type=\"widget\" data-e-type=\"widget\" data-widget_type=\"button.default\">\n\t\t\t\t\t\t\t\t\t\t<a class=\"elementor-button elementor-button-link elementor-size-sm\" href=\"https:\/\/soymigrante.com\/mercado\/marketplace\/seller\/register\">\n\t\t\t\t\t\t<span class=\"elementor-button-content-wrapper\">\n\t\t\t\t\t\t<span class=\"elementor-button-icon\">\n\t\t\t\t<i aria-hidden=\"true\" class=\"fas fa-cart-arrow-down\"><\/i>\t\t\t<\/span>\n\t\t\t\t\t\t\t\t\t<span class=\"elementor-button-text\">\u00bfERES EMPRENDEDOR Y QUIERES ENTRAR AL COMERCIO DIGITAL? NO ESPERES M\u00c1S Y  ABRE TU TIENDA DIGITAL  EN SOYMIGRANTE.COM\/MERCADO <\/span>\n\t\t\t\t\t<\/span>\n\t\t\t\t\t<\/a>\n\t\t\t\t\t\t\t\t<\/div>\n\t\t\t\t\t<\/div>\n\t\t\t\t<\/div>\n\t\t<div data-particle_enable=\"false\" data-particle-mobile-disabled=\"false\" class=\"elementor-element elementor-element-83f412e e-flex e-con-boxed e-con e-parent\" data-id=\"83f412e\" data-element_type=\"container\" data-e-type=\"container\">\n\t\t\t\t\t<div class=\"e-con-inner\">\n\t\t\t\t<div class=\"elementor-element elementor-element-688324a elementor-widget elementor-widget-text-editor\" data-id=\"688324a\" data-element_type=\"widget\" data-e-type=\"widget\" data-widget_type=\"text-editor.default\">\n\t\t\t\t\t\t\t\t\t<p>El Estudio de Comercio Electr\u00f3nico en Guatemala, elaborado por la C\u00e1mara de Comercio de Guatemala muestra un crecimiento promedio de 8 por ciento anual, pero en el \u00faltimo a\u00f1o fue de 30%. Se hizo una encuesta entre unos 700 compradores en l\u00ednea para conocer sus h\u00e1bitos, preferenciasy motivaciones.<\/p><p>Actualmente, la mayor\u00eda de compradores en l\u00ednea tienen entre 24 y 44 a\u00f1os, aunque el grupo con mayor potencial de crecimiento se ubica entre los 19 y 24 a\u00f1os.\u00a0\u00a0<\/p><p>Actualmente, seg\u00fan el monitor de emprendimiento, unos 3.2 millones de guatemaltecos tienen un negocio en fase inicial. Para ellos es clave entrar al creciente mercado digital, que les permite conocer mejor a su p\u00fablico, saber qu\u00e9 valoran los compradores y a la vez mostrar sus productos sin l\u00edmite de horario.<\/p>\t\t\t\t\t\t\t\t<\/div>\n\t\t\t\t\t<\/div>\n\t\t\t\t<\/div>\n\t\t<div data-particle_enable=\"false\" data-particle-mobile-disabled=\"false\" class=\"elementor-element elementor-element-4f415d1 e-flex e-con-boxed e-con e-parent\" data-id=\"4f415d1\" data-element_type=\"container\" data-e-type=\"container\">\n\t\t\t\t\t<div class=\"e-con-inner\">\n\t\t\t\t<div class=\"elementor-element elementor-element-4a87263 elementor-widget elementor-widget-html\" data-id=\"4a87263\" data-element_type=\"widget\" data-e-type=\"widget\" data-widget_type=\"html.default\">\n\t\t\t\t\t<iframe width=\"560\" height=\"314\" src=\"https:\/\/www.youtube.com\/embed\/RV6PVFhXKKQ?si=DRDfmfx3Fxog8TKq&amp;start=50\" title=\"YouTube video player\" frameborder=\"0\" allow=\"accelerometer; autoplay; clipboard-write; encrypted-media; gyroscope; picture-in-picture; web-share\" referrerpolicy=\"strict-origin-when-cross-origin\" allowfullscreen><\/iframe>\t\t\t\t<\/div>\n\t\t\t\t\t<\/div>\n\t\t\t\t<\/div>\n\t\t<div data-particle_enable=\"false\" data-particle-mobile-disabled=\"false\" class=\"elementor-element elementor-element-af8f09f e-flex e-con-boxed e-con e-parent\" data-id=\"af8f09f\" data-element_type=\"container\" data-e-type=\"container\">\n\t\t\t\t\t<div class=\"e-con-inner\">\n\t\t\t\t<div class=\"elementor-element elementor-element-7fde2a3 elementor-widget elementor-widget-heading\" data-id=\"7fde2a3\" data-element_type=\"widget\" data-e-type=\"widget\" data-widget_type=\"heading.default\">\n\t\t\t\t\t<h3 class=\"elementor-heading-title elementor-size-default\">Ventajas del comercio en l\u00ednea<\/h3>\t\t\t\t<\/div>\n\t\t\t\t\t<\/div>\n\t\t\t\t<\/div>\n\t\t<div data-particle_enable=\"false\" data-particle-mobile-disabled=\"false\" class=\"elementor-element elementor-element-3e5e5ba e-flex e-con-boxed e-con e-parent\" data-id=\"3e5e5ba\" data-element_type=\"container\" data-e-type=\"container\">\n\t\t\t\t\t<div class=\"e-con-inner\">\n\t\t\t\t<div class=\"elementor-element elementor-element-8e509a1 elementor-widget elementor-widget-text-editor\" data-id=\"8e509a1\" data-element_type=\"widget\" data-e-type=\"widget\" data-widget_type=\"text-editor.default\">\n\t\t\t\t\t\t\t\t\t<div><strong>1. Comodidad y ahorro de tiempo:<\/strong><\/div><div>Comprar desde casa no solo ahorra tiempo, sino tambi\u00e9n recursos. En lugar de desplazarse a una tienda f\u00edsica, el cliente puede explorar una gran variedad de productos y recibirlos directamente en su puerta.<\/div><div><strong>2.Seguridad y confianza:<\/strong><\/div><div>Las plataformas en l\u00ednea han mejorado significativamente sus sistemas de pago, garantizando transacciones seguras y protecci\u00f3n al comprador.<\/div><div><strong>3.Mayor oferta y acceso a productos exclusivos:<\/strong><\/div><div>En el comercio en l\u00ednea, puedes acceder a productos \u00fanicos, ediciones limitadas o art\u00edculos hechos a mano por emprendedores locales. Esta es una excelente forma de apoyar la econom\u00eda guatemalteca y descubrir creaciones aut\u00e9nticas.<\/div><div><strong>4.Facilidad para emprendedores:<\/strong><\/div><div>Tener un negocio en l\u00ednea es m\u00e1s econ\u00f3mico que mantener una tienda f\u00edsica. Las plataformas digitales permiten llegar a un p\u00fablico m\u00e1s amplio y organizar promociones especiales para captar nuevos clientes.<\/div>\t\t\t\t\t\t\t\t<\/div>\n\t\t\t\t\t<\/div>\n\t\t\t\t<\/div>\n\t\t<div data-particle_enable=\"false\" data-particle-mobile-disabled=\"false\" class=\"elementor-element elementor-element-c986d00 e-flex e-con-boxed e-con e-parent\" data-id=\"c986d00\" data-element_type=\"container\" data-e-type=\"container\">\n\t\t\t\t\t<div class=\"e-con-inner\">\n\t\t\t\t<div class=\"elementor-element elementor-element-ccfa8e2 elementor-invisible elementor-widget elementor-widget-facebook-embed\" data-id=\"ccfa8e2\" data-element_type=\"widget\" data-e-type=\"widget\" data-settings=\"{&quot;_animation&quot;:&quot;zoomInDown&quot;}\" data-widget_type=\"facebook-embed.default\">\n\t\t\t\t\t<div style=\"min-height: 1px\" class=\"elementor-facebook-widget fb-post\" data-href=\"https:\/\/www.facebook.com\/photo?fbid=662890950050405&#038;set=a.168241142848724\" data-show-text=\"false\"><\/div>\t\t\t\t<\/div>\n\t\t\t\t\t<\/div>\n\t\t\t\t<\/div>\n\t\t<div data-particle_enable=\"false\" data-particle-mobile-disabled=\"false\" class=\"elementor-element elementor-element-e9af16e e-flex e-con-boxed e-con e-parent\" data-id=\"e9af16e\" data-element_type=\"container\" data-e-type=\"container\">\n\t\t\t\t\t<div class=\"e-con-inner\">\n\t\t\t\t<div class=\"elementor-element elementor-element-e7b6481 elementor-widget elementor-widget-heading\" data-id=\"e7b6481\" data-element_type=\"widget\" data-e-type=\"widget\" data-widget_type=\"heading.default\">\n\t\t\t\t\t<h3 class=\"elementor-heading-title elementor-size-default\">Un impulso para los emprendedores guatemaltecos<\/h3>\t\t\t\t<\/div>\n\t\t\t\t\t<\/div>\n\t\t\t\t<\/div>\n\t\t<div data-particle_enable=\"false\" data-particle-mobile-disabled=\"false\" class=\"elementor-element elementor-element-30b1f97 e-flex e-con-boxed e-con e-parent\" data-id=\"30b1f97\" data-element_type=\"container\" data-e-type=\"container\">\n\t\t\t\t\t<div class=\"e-con-inner\">\n\t\t\t\t<div class=\"elementor-element elementor-element-9b1cdb7 elementor-widget elementor-widget-text-editor\" data-id=\"9b1cdb7\" data-element_type=\"widget\" data-e-type=\"widget\" data-widget_type=\"text-editor.default\">\n\t\t\t\t\t\t\t\t\t<p>El comercio en l\u00ednea no solo beneficia a los compradores; tambi\u00e9n es un motor para emprendedores y peque\u00f1as empresas.<\/p><p>Plataformas como <a href=\"https:\/\/soymigrante.com\/mercado\/\" target=\"_blank\" rel=\"noopener\">MERCADO,<\/a> que facilita la exportaci\u00f3n de productos guatemaltecos a Estados Unidos, se han convertido en aliados estrat\u00e9gicos para aquellos que buscan ampliar sus horizontes comerciales.<\/p>\t\t\t\t\t\t\t\t<\/div>\n\t\t\t\t\t<\/div>\n\t\t\t\t<\/div>\n\t\t<div data-particle_enable=\"false\" data-particle-mobile-disabled=\"false\" class=\"elementor-element elementor-element-d668def e-flex e-con-boxed e-con e-parent\" data-id=\"d668def\" data-element_type=\"container\" data-e-type=\"container\">\n\t\t\t\t\t<div class=\"e-con-inner\">\n\t\t\t\t<div class=\"elementor-element elementor-element-4f6f198 elementor-invisible elementor-widget elementor-widget-facebook-embed\" data-id=\"4f6f198\" data-element_type=\"widget\" data-e-type=\"widget\" data-settings=\"{&quot;_animation&quot;:&quot;zoomInDown&quot;}\" data-widget_type=\"facebook-embed.default\">\n\t\t\t\t\t<div style=\"min-height: 1px\" class=\"elementor-facebook-widget fb-post\" data-href=\"https:\/\/www.facebook.com\/photo\/?fbid=662202833452550&#038;set=a.168241142848724\" data-show-text=\"false\"><\/div>\t\t\t\t<\/div>\n\t\t\t\t\t<\/div>\n\t\t\t\t<\/div>\n\t\t<div data-particle_enable=\"false\" data-particle-mobile-disabled=\"false\" class=\"elementor-element elementor-element-817a7ce e-flex e-con-boxed e-con e-parent\" data-id=\"817a7ce\" data-element_type=\"container\" data-e-type=\"container\">\n\t\t\t\t\t<div class=\"e-con-inner\">\n\t\t\t\t<div class=\"elementor-element elementor-element-f77d640 elementor-widget elementor-widget-text-editor\" data-id=\"f77d640\" data-element_type=\"widget\" data-e-type=\"widget\" data-widget_type=\"text-editor.default\">\n\t\t\t\t\t\t\t\t\t<p>Si alguna vez dudaste en hacer una compra en l\u00ednea o en lanzar tu emprendimiento digital, este es el momento ideal para atreverte.<a href=\"https:\/\/soymigrante.com\/mercado\/\" target=\"_blank\" rel=\"noopener\"> El comercio electr\u00f3nico no solo es una herramienta poderosa para generar ingresos, sino tambi\u00e9n un puente que conecta a Guatemala con el mundo.<\/a> <strong>\u00bfEst\u00e1s listo para dar el siguiente paso?<\/strong><\/p>\t\t\t\t\t\t\t\t<\/div>\n\t\t\t\t\t<\/div>\n\t\t\t\t<\/div>\n\t\t<div data-particle_enable=\"false\" data-particle-mobile-disabled=\"false\" class=\"elementor-element elementor-element-29eeedc e-flex e-con-boxed e-con e-parent\" data-id=\"29eeedc\" data-element_type=\"container\" data-e-type=\"container\">\n\t\t\t\t\t<div class=\"e-con-inner\">\n\t\t\t\t<div class=\"elementor-element elementor-element-b28848a elementor-align-center elementor-widget elementor-widget-global elementor-global-14402 elementor-widget-button\" data-id=\"b28848a\" data-element_type=\"widget\" data-e-type=\"widget\" data-widget_type=\"button.default\">\n\t\t\t\t\t\t\t\t\t\t<a class=\"elementor-button elementor-button-link elementor-size-sm\" href=\"https:\/\/soymigrante.com\/mercado\/marketplace\/seller\/register\">\n\t\t\t\t\t\t<span class=\"elementor-button-content-wrapper\">\n\t\t\t\t\t\t<span class=\"elementor-button-icon\">\n\t\t\t\t<i aria-hidden=\"true\" class=\"fas fa-cart-arrow-down\"><\/i>\t\t\t<\/span>\n\t\t\t\t\t\t\t\t\t<span class=\"elementor-button-text\">\u00bfERES EMPRENDEDOR Y QUIERES ENTRAR AL COMERCIO DIGITAL? NO ESPERES M\u00c1S Y  ABRE TU TIENDA DIGITAL  EN SOYMIGRANTE.COM\/MERCADO <\/span>\n\t\t\t\t\t<\/span>\n\t\t\t\t\t<\/a>\n\t\t\t\t\t\t\t\t<\/div>\n\t\t\t\t\t<\/div>\n\t\t\t\t<\/div>\n\t\t<div data-particle_enable=\"false\" data-particle-mobile-disabled=\"false\" class=\"elementor-element elementor-element-5b0b7ff e-flex e-con-boxed e-con e-parent\" data-id=\"5b0b7ff\" data-element_type=\"container\" data-e-type=\"container\">\n\t\t\t\t\t<div class=\"e-con-inner\">\n\t\t\t\t<div class=\"elementor-element elementor-element-49857dd elementor-widget elementor-widget-heading\" data-id=\"49857dd\" data-element_type=\"widget\" data-e-type=\"widget\" data-widget_type=\"heading.default\">\n\t\t\t\t\t<h2 class=\"elementor-heading-title elementor-size-default\">Conoce m\u00e1s sobre MERCADO, ac\u00e1...<\/h2>\t\t\t\t<\/div>\n\t\t\t\t\t<\/div>\n\t\t\t\t<\/div>\n\t\t<div data-particle_enable=\"false\" data-particle-mobile-disabled=\"false\" class=\"elementor-element elementor-element-0b101b5 e-flex e-con-boxed e-con e-parent\" data-id=\"0b101b5\" data-element_type=\"container\" data-e-type=\"container\">\n\t\t\t\t\t<div class=\"e-con-inner\">\n\t\t\t\t<div class=\"elementor-element elementor-element-51395d6 elementor-grid-eael-col-3 elementor-grid-tablet-eael-col-2 elementor-grid-mobile-eael-col-1 elementor-widget elementor-widget-eael-post-grid\" data-id=\"51395d6\" data-element_type=\"widget\" data-e-type=\"widget\" data-settings=\"{&quot;eael_post_grid_columns&quot;:&quot;eael-col-3&quot;,&quot;eael_post_grid_columns_tablet&quot;:&quot;eael-col-2&quot;,&quot;eael_post_grid_columns_mobile&quot;:&quot;eael-col-1&quot;}\" data-widget_type=\"eael-post-grid.default\">\n\t\t\t\t\t<div id=\"eael-post-grid-51395d6\" class=\"eael-post-grid-container\">\n            <div class=\"eael-post-grid eael-post-appender eael-post-appender-51395d6 eael-post-grid-style-one\" data-layout-mode=\"masonry\"><article class=\"eael-grid-post  eael-post-grid-column eael-pg-post-32578 category-guate-nuestra tags-mercado-emprendedores\" data-id=\"32578\">\n        <div class=\"eael-grid-post-holder\">\n            <div class=\"eael-grid-post-holder-inner\"><div class=\"eael-entry-media\"><div class=\"eael-entry-overlay fade-in\"><i class=\"far fa-hand-pointer\" aria-hidden=\"true\"><\/i><a href=\"https:\/\/soymigrante.com\/revista\/textil-arco-iris-12-mujeres-que-tejen-tradicion-y-estan-en-mercado\/\"><\/a><\/div><div class=\"eael-entry-thumbnail \">\n                <img decoding=\"async\" width=\"1024\" height=\"1024\" src=\"https:\/\/soymigrante.com\/revista\/wp-content\/uploads\/2025\/05\/Textil-Arco-Iris-12-mujeres-que-tejen-tradicion-y-estan-en-MERCADO3-e1746470911534-1024x1024.webp\" class=\"attachment-large size-large wp-image-32579\" alt=\"Coloridas textiles tradicionales mexicanas bordadas a mano en un mercado artesanal.\" srcset=\"https:\/\/soymigrante.com\/revista\/wp-content\/uploads\/2025\/05\/Textil-Arco-Iris-12-mujeres-que-tejen-tradicion-y-estan-en-MERCADO3-e1746470911534-1024x1024.webp 1024w, https:\/\/soymigrante.com\/revista\/wp-content\/uploads\/2025\/05\/Textil-Arco-Iris-12-mujeres-que-tejen-tradicion-y-estan-en-MERCADO3-e1746470911534-300x300.webp 300w, https:\/\/soymigrante.com\/revista\/wp-content\/uploads\/2025\/05\/Textil-Arco-Iris-12-mujeres-que-tejen-tradicion-y-estan-en-MERCADO3-e1746470911534-150x150.webp 150w, https:\/\/soymigrante.com\/revista\/wp-content\/uploads\/2025\/05\/Textil-Arco-Iris-12-mujeres-que-tejen-tradicion-y-estan-en-MERCADO3-e1746470911534-768x768.webp 768w, https:\/\/soymigrante.com\/revista\/wp-content\/uploads\/2025\/05\/Textil-Arco-Iris-12-mujeres-que-tejen-tradicion-y-estan-en-MERCADO3-e1746470911534-75x75.webp 75w, https:\/\/soymigrante.com\/revista\/wp-content\/uploads\/2025\/05\/Textil-Arco-Iris-12-mujeres-que-tejen-tradicion-y-estan-en-MERCADO3-e1746470911534-750x750.webp 750w, https:\/\/soymigrante.com\/revista\/wp-content\/uploads\/2025\/05\/Textil-Arco-Iris-12-mujeres-que-tejen-tradicion-y-estan-en-MERCADO3-e1746470911534-1140x1140.webp 1140w, https:\/\/soymigrante.com\/revista\/wp-content\/uploads\/2025\/05\/Textil-Arco-Iris-12-mujeres-que-tejen-tradicion-y-estan-en-MERCADO3-e1746470911534.webp 1200w\" sizes=\"(max-width: 1024px) 100vw, 1024px\" \/>\n            <\/div>\n        <\/div><div class=\"eael-entry-wrapper\"><header class=\"eael-entry-header\"><h2 class=\"eael-entry-title\"><a class=\"eael-grid-post-link\" href=\"https:\/\/soymigrante.com\/revista\/textil-arco-iris-12-mujeres-que-tejen-tradicion-y-estan-en-mercado\/\" title=\"Textil Arco Iris: 12 tejedoras de tradici\u00f3n y colorido maya est\u00e1n en MERCADO\">Textil Arco Iris: 12 tejedoras de tradici\u00f3n y colorido maya est\u00e1n en MERCADO<\/a><\/h2><\/header><div class=\"eael-entry-content\">\n                        <div class=\"eael-grid-post-excerpt\"><a href=\"https:\/\/soymigrante.com\/revista\/textil-arco-iris-12-mujeres-que-tejen-tradicion-y-estan-en-mercado\/\" class=\"eael-post-elements-readmore-btn\">CONOCE SU HISTORIA <\/a><\/div>\n                    <\/div><\/div><\/div>\n        <\/div>\n    <\/article><article class=\"eael-grid-post  eael-post-grid-column eael-pg-post-32599 category-guate-nuestra tags-mercado-emprendedores\" data-id=\"32599\">\n        <div class=\"eael-grid-post-holder\">\n            <div class=\"eael-grid-post-holder-inner\"><div class=\"eael-entry-media\"><div class=\"eael-entry-overlay fade-in\"><i class=\"far fa-hand-pointer\" aria-hidden=\"true\"><\/i><a href=\"https:\/\/soymigrante.com\/revista\/delia-tahay-teje-un-futuro-desde-nahuala-con-tienda-digital-jade-en-mercado\/\"><\/a><\/div><div class=\"eael-entry-thumbnail \">\n                <img decoding=\"async\" width=\"1024\" height=\"1024\" src=\"https:\/\/soymigrante.com\/revista\/wp-content\/uploads\/2025\/05\/tejedora-jade-1024x1024.jpg\" class=\"attachment-large size-large wp-image-32603\" alt=\"La mujer ind\u00edgena teje coloridos textiles tradicionales en un taller de artesan\u00edas, resaltando la cultura, identidad y artesan\u00eda mexicana en la revista SoyMigrante.com REVISTA.\" srcset=\"https:\/\/soymigrante.com\/revista\/wp-content\/uploads\/2025\/05\/tejedora-jade-1024x1024.jpg 1024w, https:\/\/soymigrante.com\/revista\/wp-content\/uploads\/2025\/05\/tejedora-jade-300x300.jpg 300w, https:\/\/soymigrante.com\/revista\/wp-content\/uploads\/2025\/05\/tejedora-jade-150x150.jpg 150w, https:\/\/soymigrante.com\/revista\/wp-content\/uploads\/2025\/05\/tejedora-jade-768x768.jpg 768w, https:\/\/soymigrante.com\/revista\/wp-content\/uploads\/2025\/05\/tejedora-jade-75x75.webp 75w, https:\/\/soymigrante.com\/revista\/wp-content\/uploads\/2025\/05\/tejedora-jade-750x750.webp 750w, https:\/\/soymigrante.com\/revista\/wp-content\/uploads\/2025\/05\/tejedora-jade-1140x1140.webp 1140w, https:\/\/soymigrante.com\/revista\/wp-content\/uploads\/2025\/05\/tejedora-jade.webp 1495w\" sizes=\"(max-width: 1024px) 100vw, 1024px\" \/>\n            <\/div>\n        <\/div><div class=\"eael-entry-wrapper\"><header class=\"eael-entry-header\"><h2 class=\"eael-entry-title\"><a class=\"eael-grid-post-link\" href=\"https:\/\/soymigrante.com\/revista\/delia-tahay-teje-un-futuro-desde-nahuala-con-tienda-digital-jade-en-mercado\/\" title=\"Delia Tahay teje un futuro desde Nahual\u00e1 con tienda digital Jade en MERCADO\">Delia Tahay teje un futuro desde Nahual\u00e1 con tienda digital Jade en MERCADO<\/a><\/h2><\/header><div class=\"eael-entry-content\">\n                        <div class=\"eael-grid-post-excerpt\"><a href=\"https:\/\/soymigrante.com\/revista\/delia-tahay-teje-un-futuro-desde-nahuala-con-tienda-digital-jade-en-mercado\/\" class=\"eael-post-elements-readmore-btn\">CONOCE SU HISTORIA <\/a><\/div>\n                    <\/div><\/div><\/div>\n        <\/div>\n    <\/article><article class=\"eael-grid-post  eael-post-grid-column eael-pg-post-24210 category-guate-nuestra tags-mercado-emprendedores\" data-id=\"24210\">\n        <div class=\"eael-grid-post-holder\">\n            <div class=\"eael-grid-post-holder-inner\"><div class=\"eael-entry-media\"><div class=\"eael-entry-overlay fade-in\"><i class=\"far fa-hand-pointer\" aria-hidden=\"true\"><\/i><a href=\"https:\/\/soymigrante.com\/revista\/la-tradicion-textil-de-las-hermanas-nicolas-esta-en-mercado\/\"><\/a><\/div><div class=\"eael-entry-thumbnail \">\n                <img loading=\"lazy\" decoding=\"async\" width=\"1024\" height=\"768\" src=\"https:\/\/soymigrante.com\/revista\/wp-content\/uploads\/2025\/02\/Las-hermanas-Nicola\u0301s-guardianas-de-la-tradicio\u0301n-textil-esta\u0301n-en-MERCADO1-1024x768.jpg\" class=\"attachment-large size-large wp-image-24213\" alt=\"Las hermanas Nicol\u00e1s guardianas de la tradici\u00f3n textil est\u00e1n en MERCADO\" \/>\n            <\/div>\n        <\/div><div class=\"eael-entry-wrapper\"><header class=\"eael-entry-header\"><h2 class=\"eael-entry-title\"><a class=\"eael-grid-post-link\" href=\"https:\/\/soymigrante.com\/revista\/la-tradicion-textil-de-las-hermanas-nicolas-esta-en-mercado\/\" title=\"Tradici\u00f3n textil huehueteca de las hermanas Nicol\u00e1s est\u00e1 en MERCADO\">Tradici\u00f3n textil huehueteca de las hermanas Nicol\u00e1s est\u00e1 en MERCADO<\/a><\/h2><\/header><div class=\"eael-entry-content\">\n                        <div class=\"eael-grid-post-excerpt\"><a href=\"https:\/\/soymigrante.com\/revista\/la-tradicion-textil-de-las-hermanas-nicolas-esta-en-mercado\/\" class=\"eael-post-elements-readmore-btn\">CONOCE SU HISTORIA <\/a><\/div>\n                    <\/div><\/div><\/div>\n        <\/div>\n    <\/article><\/div>\n            <div class=\"clearfix\"><\/div>\n        <\/div>\t\t\t\t<\/div>\n\t\t\t\t\t<\/div>\n\t\t\t\t<\/div>\n\t\t\t\t<\/div>\n\t\t","protected":false},"excerpt":{"rendered":"<p>La 6a. Encuesta de Comercio Electr\u00f3nico tiene datos que confirman el crecimiento de las ventas en l\u00ednea en Guatemala. Es una oportunidad para emprendedores de toda Guatemala y SoyMigrante.com MERCADO puede ser tu puerta al comercio digital. El comercio en l\u00ednea ha demostrado ser m\u00e1s que una tendencia; es un modelo que lleg\u00f3 para quedarse. [&hellip;]<\/p>\n","protected":false},"author":19,"featured_media":33478,"comment_status":"open","ping_status":"open","sticky":false,"template":"","format":"standard","meta":{"_acf_changed":false,"_eb_attr":"","footnotes":""},"categories":[54],"tags":[130],"class_list":["post-33336","post","type-post","status-publish","format-standard","has-post-thumbnail","hentry","category-estamos-unidos","tag-mercado-emprendedores"],"acf":[],"aioseo_notices":[],"aioseo_head":"\n\t\t<!-- All in One SEO Pro 4.9.6.2 - aioseo.com -->\n\t<meta name=\"description\" content=\"Las hermanas Nicol\u00e1s se propusieron resguardar la tradici\u00f3n textil de Huehuetenango, sus productos impactan por ser \u00fanicos y hermosos.\" \/>\n\t<meta name=\"robots\" content=\"max-snippet:-1, max-image-preview:large, max-video-preview:-1\" \/>\n\t<meta name=\"author\" content=\"Marysabel Aldana\"\/>\n\t<link rel=\"canonical\" href=\"https:\/\/soymigrante.com\/revista\/la-tradicion-textil-de-las-hermanas-nicolas-esta-en-mercado\/\" \/>\n\t<meta name=\"generator\" content=\"All in One SEO Pro (AIOSEO) 4.9.6.2\" \/>\n\n\t\t<link rel=\"preconnect\" href=\"https:\/\/fonts.googleapis.com\" crossorigin>\n<link rel=\"preconnect\" href=\"https:\/\/fonts.gstatic.com\" crossorigin>\n\t\t<meta property=\"og:locale\" content=\"es_ES\" \/>\n\t\t<meta property=\"og:site_name\" content=\"SoyMigrante.com REVISTA \u2013 Nuestra misi\u00f3n es reconocer y dignificar al migrante.\" \/>\n\t\t<meta property=\"og:type\" content=\"article\" \/>\n\t\t<meta property=\"og:title\" content=\"Textiles huehuetecos de las hermanas Nicol\u00e1s est\u00e1n en MERCADO\" \/>\n\t\t<meta property=\"og:description\" content=\"Las hermanas Nicol\u00e1s se propusieron resguardar la tradici\u00f3n textil de Huehuetenango, sus productos impactan por ser \u00fanicos y hermosos.\" \/>\n\t\t<meta property=\"og:url\" content=\"https:\/\/soymigrante.com\/revista\/la-tradicion-textil-de-las-hermanas-nicolas-esta-en-mercado\/\" \/>\n\t\t<meta property=\"og:image\" content=\"https:\/\/soymigrante.com\/revista\/wp-content\/uploads\/2025\/02\/Las-hermanas-Nicola\u0301s-guardianas-de-la-tradicio\u0301n-textil-esta\u0301n-en-MERCADO1-e1738860420876.webp\" \/>\n\t\t<meta property=\"og:image:secure_url\" content=\"https:\/\/soymigrante.com\/revista\/wp-content\/uploads\/2025\/02\/Las-hermanas-Nicola\u0301s-guardianas-de-la-tradicio\u0301n-textil-esta\u0301n-en-MERCADO1-e1738860420876.webp\" \/>\n\t\t<meta property=\"og:image:width\" content=\"900\" \/>\n\t\t<meta property=\"og:image:height\" content=\"900\" \/>\n\t\t<meta property=\"article:published_time\" content=\"2025-04-05T15:05:27+00:00\" \/>\n\t\t<meta property=\"article:modified_time\" content=\"2025-10-23T16:34:26+00:00\" \/>\n\t\t<meta property=\"article:publisher\" content=\"https:\/\/www.facebook.com\/soymigrantecom\" \/>\n\t\t<meta name=\"twitter:card\" content=\"summary_large_image\" \/>\n\t\t<meta name=\"twitter:site\" content=\"@SoyMigrante_com\" \/>\n\t\t<meta name=\"twitter:title\" content=\"Textiles huehuetecos de las hermanas Nicol\u00e1s est\u00e1n en MERCADO\" \/>\n\t\t<meta name=\"twitter:description\" content=\"Las hermanas Nicol\u00e1s se propusieron resguardar la tradici\u00f3n textil de Huehuetenango, sus productos impactan por ser \u00fanicos y hermosos.\" \/>\n\t\t<meta name=\"twitter:creator\" content=\"@SoyMigrante_com\" \/>\n\t\t<meta name=\"twitter:image\" content=\"https:\/\/soymigrante.com\/revista\/wp-content\/uploads\/2025\/02\/Las-hermanas-Nicola\u0301s-guardianas-de-la-tradicio\u0301n-textil-esta\u0301n-en-MERCADO1-e1738860420876.webp\" \/>\n\t\t<!-- All in One SEO Pro -->\r\n\t\t<title>Textiles huehuetecos de las hermanas Nicol\u00e1s est\u00e1n en MERCADO<\/title>\n\n","aioseo_head_json":{"title":"Textiles huehuetecos de las hermanas Nicol\u00e1s est\u00e1n en MERCADO","description":"Las hermanas Nicol\u00e1s se propusieron resguardar la tradici\u00f3n textil de Huehuetenango, sus productos impactan por ser \u00fanicos y hermosos.","canonical_url":"https:\/\/soymigrante.com\/revista\/la-tradicion-textil-de-las-hermanas-nicolas-esta-en-mercado\/","robots":"max-snippet:-1, max-image-preview:large, max-video-preview:-1","keywords":"","webmasterTools":{"miscellaneous":"&lt;link rel=\"preconnect\" href=\"https:\/\/fonts.googleapis.com\" crossorigin&gt;\n&lt;link rel=\"preconnect\" href=\"https:\/\/fonts.gstatic.com\" crossorigin&gt;"},"schema":null,"og:locale":"es_ES","og:site_name":"SoyMigrante.com REVISTA \u2013 Nuestra misi\u00f3n es reconocer y dignificar al migrante.","og:type":"article","og:title":"Textiles huehuetecos de las hermanas Nicol\u00e1s est\u00e1n en MERCADO","og:description":"Las hermanas Nicol\u00e1s se propusieron resguardar la tradici\u00f3n textil de Huehuetenango, sus productos impactan por ser \u00fanicos y hermosos.","og:url":"https:\/\/soymigrante.com\/revista\/la-tradicion-textil-de-las-hermanas-nicolas-esta-en-mercado\/","og:image":"https:\/\/soymigrante.com\/revista\/wp-content\/uploads\/2025\/02\/Las-hermanas-Nicola\u0301s-guardianas-de-la-tradicio\u0301n-textil-esta\u0301n-en-MERCADO1-e1738860420876.webp","og:image:secure_url":"https:\/\/soymigrante.com\/revista\/wp-content\/uploads\/2025\/02\/Las-hermanas-Nicola\u0301s-guardianas-de-la-tradicio\u0301n-textil-esta\u0301n-en-MERCADO1-e1738860420876.webp","og:image:width":900,"og:image:height":900,"article:published_time":"2025-04-05T15:05:27+00:00","article:modified_time":"2025-10-23T16:34:26+00:00","article:publisher":"https:\/\/www.facebook.com\/soymigrantecom","twitter:card":"summary_large_image","twitter:site":"@SoyMigrante_com","twitter:title":"Textiles huehuetecos de las hermanas Nicol\u00e1s est\u00e1n en MERCADO","twitter:description":"Las hermanas Nicol\u00e1s se propusieron resguardar la tradici\u00f3n textil de Huehuetenango, sus productos impactan por ser \u00fanicos y hermosos.","twitter:creator":"@SoyMigrante_com","twitter:image":"https:\/\/soymigrante.com\/revista\/wp-content\/uploads\/2025\/02\/Las-hermanas-Nicola\u0301s-guardianas-de-la-tradicio\u0301n-textil-esta\u0301n-en-MERCADO1-e1738860420876.webp"},"aioseo_meta_data":{"post_id":"33336","title":"Comercio electr\u00f3nico crece en Guatemala y t\u00fa puedes entrar","description":"El comercio electr\u00f3nico en Guatemala crece 8% por a\u00f1o. Es una oportunidad para emprendedores y una puerta de entrada es SoyMigrante.com MERCADO. Conoce m\u00e1s datos.","keywords":null,"keyphrases":{"focus":{"keyphrase":"Comercio electr\u00f3nico","score":74,"analysis":{"keyphraseInTitle":{"score":9,"maxScore":9,"error":0},"keyphraseInDescription":{"score":9,"maxScore":9,"error":0},"keyphraseLength":{"score":9,"maxScore":9,"error":0,"length":3},"keyphraseInURL":{"score":5,"maxScore":5,"error":0},"keyphraseInIntroduction":{"score":3,"maxScore":9,"error":1},"keyphraseInSubHeadings":{"score":3,"maxScore":9,"error":1},"keyphraseInImageAlt":{"score":3,"maxScore":9,"error":1},"keywordDensity":{"type":"best","score":9,"maxScore":9,"error":0}}},"additional":[{"keyphrase":"Comercio electr\u00f3nico","score":73,"analysis":{"keyphraseInDescription":{"score":9,"maxScore":9,"error":0},"keyphraseLength":{"score":9,"maxScore":9,"error":0,"length":3},"keyphraseInIntroduction":{"score":3,"maxScore":9,"error":1},"keyphraseInImageAlt":{"score":3,"maxScore":9,"error":1},"keywordDensity":{"type":"best","score":9,"maxScore":9,"error":0}}},{"keyphrase":"MERCADO","score":87,"analysis":{"keyphraseInDescription":{"score":9,"maxScore":9,"error":0},"keyphraseLength":{"score":9,"maxScore":9,"error":0,"length":1},"keyphraseInIntroduction":{"score":3,"maxScore":9,"error":1},"keyphraseInImageAlt":{"score":9,"maxScore":9,"error":0},"keywordDensity":{"type":"best","score":9,"maxScore":9,"error":0}}}]},"primary_term":null,"canonical_url":null,"og_title":null,"og_description":null,"og_object_type":"default","og_image_type":"default","og_image_url":null,"og_image_width":null,"og_image_height":null,"og_image_custom_url":null,"og_image_custom_fields":null,"og_video":"","og_custom_url":null,"og_article_section":null,"og_article_tags":null,"twitter_use_og":false,"twitter_card":"default","twitter_image_type":"default","twitter_image_url":null,"twitter_image_custom_url":null,"twitter_image_custom_fields":null,"twitter_title":null,"twitter_description":null,"schema":{"blockGraphs":[],"customGraphs":[],"default":{"data":{"Article":[],"Course":[],"Dataset":[],"FAQPage":[],"Movie":[],"Person":[],"Product":[],"ProductReview":[],"Car":[],"Recipe":[],"Service":[],"SoftwareApplication":[],"WebPage":[]},"graphName":"none","isEnabled":true},"graphs":[]},"schema_type":"default","schema_type_options":null,"pillar_content":false,"robots_default":true,"robots_noindex":false,"robots_noarchive":false,"robots_nosnippet":false,"robots_nofollow":false,"robots_noimageindex":false,"robots_noodp":false,"robots_notranslate":false,"robots_max_snippet":"-1","robots_max_videopreview":"-1","robots_max_imagepreview":"large","priority":null,"frequency":"default","local_seo":null,"seo_analyzer_scan_date":"2025-10-09 05:09:14","breadcrumb_settings":null,"limit_modified_date":false,"reviewed_by":null,"open_ai":"{\"title\":{\"suggestions\":[],\"usage\":0},\"description\":{\"suggestions\":[],\"usage\":0}}","ai":null,"created":"2025-05-12 22:37:26","updated":"2026-02-04 23:41:31"},"aioseo_breadcrumb":"<div class=\"aioseo-breadcrumbs\"><span class=\"aioseo-breadcrumb\">\n\t<a href=\"https:\/\/soymigrante.com\/revista\" title=\"Home\">Home<\/a>\n<\/span><span class=\"aioseo-breadcrumb-separator\">\u00bb<\/span><span class=\"aioseo-breadcrumb\">\n\t<a href=\"https:\/\/soymigrante.com\/revista\/category\/estamos-unidos\/\" title=\"Estamos Unidos\">Estamos Unidos<\/a>\n<\/span><span class=\"aioseo-breadcrumb-separator\">\u00bb<\/span><span class=\"aioseo-breadcrumb\">\n\tComercio electr\u00f3nico en Guatemala sigue creciendo en oportunidades para los emprendedores\n<\/span><\/div>","aioseo_breadcrumb_json":[{"label":"Home","link":"https:\/\/soymigrante.com\/revista"},{"label":"Estamos Unidos","link":"https:\/\/soymigrante.com\/revista\/category\/estamos-unidos\/"},{"label":"Comercio electr\u00f3nico en Guatemala sigue creciendo en oportunidades para los emprendedores","link":"https:\/\/soymigrante.com\/revista\/comercio-electronico-en-guatemala-sigue-creciendo-en-oportunidades-para-los-emprendedores\/"}],"_links":{"self":[{"href":"https:\/\/soymigrante.com\/revista\/wp-json\/wp\/v2\/posts\/33336","targetHints":{"allow":["GET"]}}],"collection":[{"href":"https:\/\/soymigrante.com\/revista\/wp-json\/wp\/v2\/posts"}],"about":[{"href":"https:\/\/soymigrante.com\/revista\/wp-json\/wp\/v2\/types\/post"}],"author":[{"embeddable":true,"href":"https:\/\/soymigrante.com\/revista\/wp-json\/wp\/v2\/users\/19"}],"replies":[{"embeddable":true,"href":"https:\/\/soymigrante.com\/revista\/wp-json\/wp\/v2\/comments?post=33336"}],"version-history":[{"count":35,"href":"https:\/\/soymigrante.com\/revista\/wp-json\/wp\/v2\/posts\/33336\/revisions"}],"predecessor-version":[{"id":45725,"href":"https:\/\/soymigrante.com\/revista\/wp-json\/wp\/v2\/posts\/33336\/revisions\/45725"}],"wp:featuredmedia":[{"embeddable":true,"href":"https:\/\/soymigrante.com\/revista\/wp-json\/wp\/v2\/media\/33478"}],"wp:attachment":[{"href":"https:\/\/soymigrante.com\/revista\/wp-json\/wp\/v2\/media?parent=33336"}],"wp:term":[{"taxonomy":"category","embeddable":true,"href":"https:\/\/soymigrante.com\/revista\/wp-json\/wp\/v2\/categories?post=33336"},{"taxonomy":"post_tag","embeddable":true,"href":"https:\/\/soymigrante.com\/revista\/wp-json\/wp\/v2\/tags?post=33336"}],"curies":[{"name":"wp","href":"https:\/\/api.w.org\/{rel}","templated":true}]}}