{"id":333,"date":"2023-05-26T00:34:42","date_gmt":"2023-05-26T00:34:42","guid":{"rendered":"https:\/\/soymigrante.wpengine.com\/?p=333"},"modified":"2024-06-25T16:42:48","modified_gmt":"2024-06-25T22:42:48","slug":"papaito-y-el-viaje","status":"publish","type":"post","link":"https:\/\/soymigrante.com\/revista\/papaito-y-el-viaje\/","title":{"rendered":"Papa\u00edto y el viaje : un relato guatemalteco"},"content":{"rendered":"\n<h4 class=\"wp-block-heading\">Cuento sobre una ins\u00f3lita aventura, ficticia, pero que podr\u00eda parecerse a alguna realidad de las familias que tienen a un ser querido migrante<\/h4>\n\n\n\n<p><strong>Por V\u00edctor Mu\u00f1oz, Premio Nacional de Literatura de Guatemala 2013<\/strong><\/p>\n\n\n\n<p><br>Papa\u00edto est\u00e1 por cumplir ochenta a\u00f1os.&nbsp; Trabaj\u00f3 toda su vida y en cuanto puede le cuenta su historia a quien est\u00e9 cerca:<br>&nbsp;&nbsp;&nbsp;&nbsp;&nbsp;&nbsp;&nbsp;&nbsp;&nbsp;&nbsp;&nbsp; -F\u00edjese ust\u00e9 que yo comenc\u00e9 a trabajar desde que ten\u00eda ocho a\u00f1os.&nbsp; En ese tiempo el dinero val\u00eda bastante; uno pod\u00eda comprar doce bananos con un centavo.&nbsp; Se ganaba poquito pero alcanzaba para todo, no como ahora que el dinero no alcanza para nada, \u00bfverd\u00e1?<\/p>\n\n\n\n<p>&nbsp;&nbsp;&nbsp;&nbsp;&nbsp;&nbsp;&nbsp;&nbsp;&nbsp;&nbsp;&nbsp; Ahora ya est\u00e1 viejito y todo lo hace despacio, pero dice que cuando estaba joven era muy activo.<\/p>\n\n\n\n<p>&nbsp;&nbsp;&nbsp;&nbsp;&nbsp;&nbsp;&nbsp;&nbsp;&nbsp;&nbsp;&nbsp; -Yo me levantaba a las cuatro de la ma\u00f1ana, rajaba la le\u00f1a, orde\u00f1aba la vaca, limpiaba la milpa y me iba a los ca\u00f1ales.&nbsp; De regreso, ya en la mera tarde, acarreaba un poco de le\u00f1a y me iba para mi casa a descansar.&nbsp; A veces, alg\u00fan domingo, nos \u00edbamos con los muchachos al r\u00edo. &nbsp;En ese tiempo daba gusto ust\u00e9, pescadales tra\u00eda uno.&nbsp; Ahora ya todo eso se acab\u00f3.<\/p>\n\n\n\n<p>&nbsp;&nbsp;&nbsp;&nbsp;&nbsp;&nbsp;&nbsp;&nbsp;&nbsp;&nbsp;&nbsp; Disfruta mucho contando c\u00f3mo era todo antes tan tranquilo.<\/p>\n\n\n\n<p>&nbsp;&nbsp;&nbsp;&nbsp;&nbsp;&nbsp;&nbsp;&nbsp;&nbsp;&nbsp;&nbsp; -En mi tiempo, Dios guarde que alguien se robara algo ust\u00e9; todos eran bien honrados y se dedicaban a trabajar, no como ahora que da tristeza ver tanto vago por todas partes.<\/p>\n\n\n\n<p>&nbsp;&nbsp;&nbsp;&nbsp;&nbsp;&nbsp;&nbsp;&nbsp;&nbsp;&nbsp;&nbsp; Le gusta dar consejos al respecto de c\u00f3mo debe llevarse la vida, pero en cosas de amores pone especial \u00e9nfasis, y lo hace con la autoridad que otorga la experiencia.&nbsp; Adem\u00e1s, ha ido adquiriendo la sabidur\u00eda que la vida le confiere a la gente que vive muchos a\u00f1os.&nbsp; Y tambi\u00e9n porque es observador e inteligente.<\/p>\n\n\n\n<p>&nbsp;&nbsp;&nbsp;&nbsp;&nbsp;&nbsp;&nbsp;&nbsp;&nbsp;&nbsp;&nbsp; -Cuando ust\u00e9 se case tenga cuidado, cons\u00edgase una su mujer tranquila y obediente, de aquellas que son bien de oficio y de su casa y que sea honrada de sus manos.&nbsp; Mire bien las costumbres de la familia.&nbsp; Si se encuentra con una mujer celosa huya de ella y v\u00e1yase lo m\u00e1s lejos que pueda. Una mujer celosa es lo peor que le puede pasar a un hombre porque la mujer celosa es ma\u00f1osa ust\u00e9.&nbsp; Es que es cierto eso que dice la gente de que el le\u00f3n juzga por su condici\u00f3n. Aqu\u00ed al pueblo, para una feria vinieron dos muchachas galanas que pusieron una venta de garnachas.&nbsp; Como les gust\u00f3 por ac\u00e1 pues se quedaron.&nbsp; El negocio lo fueron ampliando, despu\u00e9s hasta vend\u00edan cerveza y licor.&nbsp; Una se llamaba Marta y la otra Estela.&nbsp; Eran bien bonitas, pero a saber quien reg\u00f3 la bola que ven\u00edan de ser mujeres de la mala vida all\u00e1 en Guatemala.&nbsp; Lo de mujeres de la mala vida a saber porque eso si ust\u00e9, que yo sepa, nunca se dedicaron a eso sino s\u00f3lo a atender su negocio.&nbsp; Un d\u00eda vino don Juan Dermi y se enamor\u00f3 de la Marta y se la llev\u00f3; ahora es do\u00f1a Marta de Dermi y es la que manda en la finca.&nbsp; Da no s\u00e9 qu\u00e9 verlos, ust\u00e9, semejante hombr\u00f3n y la mujer, una mirada le hace y ah\u00ed viene \u00e9l todo mansito atr\u00e1s de ella.&nbsp; A la Estela tampoco le fue nada mal, el chino Chepe Jo se la llev\u00f3 a vivir con \u00e9l y ahora es do\u00f1a Estela de Jo y atiende los almacenes.&nbsp; No es que sean malas mujeres pero eso si ust\u00e9, las dos son bien celosas.&nbsp; Por algo ser\u00e1.<\/p>\n\n\n\n<p>&nbsp;&nbsp;&nbsp;&nbsp;&nbsp;&nbsp;&nbsp;&nbsp;&nbsp;&nbsp;&nbsp; Papa\u00edto tuvo cuatro hijos y tres hijas.&nbsp; Los muchachos fueron resolviendo los problemas de la vida como pudieron, as\u00ed como los resuelve todo el mundo.&nbsp; Cuatro se fueron a los Estados Unidos y los dem\u00e1s se quedaron aqu\u00ed.&nbsp; Los que se fueron a veces lo vienen a visitar y le cuentan lo grande que es todo por all\u00e1.&nbsp; Como son buenos hijos le mandan d\u00f3lares, le escriben y lo invitan para que los vaya a visitar.&nbsp; El les responde que si, que est\u00e1 bien, que en cuanto tenga tiempo, pero resulta que nunca tiene tiempo. Se esposa se le muri\u00f3 a causa de un ataque de diarreas incontrolables.<\/p>\n\n\n\n<p>&nbsp;&nbsp;&nbsp;&nbsp;&nbsp;&nbsp;&nbsp;&nbsp;&nbsp;&nbsp;&nbsp; -Un d\u00eda a mi mujer le dieron asientos y por m\u00e1s que luchamos ya no se pudo, ust\u00e9.&nbsp; Y ni dur\u00f3 nada, viera; a los dos d\u00edas ya no aguant\u00f3 la pobre, pero ya va a ver la jodida que llev\u00e9, porque me dej\u00f3 con todos los patojos chiquitos, pero a todos los saqu\u00e9 adelante.<\/p>\n\n\n\n<p>&nbsp;&nbsp;&nbsp;&nbsp;&nbsp;&nbsp;&nbsp;&nbsp;&nbsp;&nbsp;&nbsp; Todos los d\u00edas se sale al patio a quemar basura y los papeles con caca que va a sacar al bote del ba\u00f1o.&nbsp; Uno puede saber lo que \u00e9l est\u00e1 haciendo aunque est\u00e9 a dos leguas de distancia, porque el olor de los papeles con caca quemados no se pierde nunca.&nbsp; Jam\u00e1s se ha subido a un avi\u00f3n y lo m\u00e1s probable es que nunca lo haga.&nbsp; Es que le dan miedo.&nbsp; Si con s\u00f3lo subirse a una camioneta se pone todo asustado, ya no digamos subirse a un avi\u00f3n.<\/p>\n\n\n\n<p>&nbsp;&nbsp;&nbsp;&nbsp;&nbsp;&nbsp;&nbsp;&nbsp;&nbsp;&nbsp;&nbsp; -Si Dios hubiera querido que el hombre anduviera volando le habr\u00eda dado alas, pero no ust\u00e9, ya ve que nos dio pies para que podamos caminar.&nbsp; Una cosa es una cosa y otra cosa es otra.&nbsp; Los p\u00e1jaros vuelan porque tienen alas, los chuchos caminan sobre el suelo porque tienen patas y los pescados nadan porque tienen escamas y aletas y respiran agua \u00bfverd\u00e1? &nbsp;Las cosas tienen que estar en su lugar, tal como Dios las dispuso.<\/p>\n\n\n\n<p>&nbsp;&nbsp;&nbsp;&nbsp;&nbsp;&nbsp;&nbsp;&nbsp;&nbsp;&nbsp;&nbsp; Ya varias personas le han explicado que no hay nada m\u00e1s seguro que volar en avi\u00f3n.&nbsp; Que aparte de casos excepcionales como por ejemplo Carlos Gardel, Paco P\u00e9rez, Pedro Infante y Gregorio L\u00f3pez, muy raras veces se cae un avi\u00f3n.&nbsp; El s\u00f3lo se queda pensando y dice que s\u00ed, pero todos sabemos que no.&nbsp; Su miedo le ha de venir de alguna experiencia de cuando era ni\u00f1o.&nbsp; O tal vez en su otra vida se muri\u00f3 en alg\u00fan accidente de aviaci\u00f3n.&nbsp; Pobrecito.<\/p>\n\n\n\n<p>&nbsp;&nbsp;&nbsp;&nbsp;&nbsp;&nbsp;&nbsp;&nbsp;&nbsp;&nbsp;&nbsp; Una de las veces que vino el mayor de sus hijos le trajo regalos.&nbsp; Y tambi\u00e9n trajo regalos para la familia. Chocolates, raditos de bater\u00edas, llaveritos, mu\u00f1ecos de peluche, playeras, maquinitas calculadoras y espejitos.&nbsp; Como siempre, le propuso se que fuera una temporada con ellos, que fuera a ver tan bonito que es todo por all\u00e1.&nbsp; Papa\u00edto le dijo que s\u00ed, que en cuanto tuviera tiempo.&nbsp; En otra ocasi\u00f3n otro de sus hijos le mand\u00f3 el pasaje, le mand\u00f3 d\u00f3lares y una carta en donde le dec\u00eda que lo ten\u00edan todo preparado para cuando llegara.&nbsp; El tiempo comenz\u00f3 a caminar y \u00e9l dec\u00eda que si, pero siempre lo dejaba para despu\u00e9s, pero un d\u00eda se apareci\u00f3 con que ya lo hab\u00eda pensado bien y que se ir\u00eda a dar una vuelta por all\u00e1.<\/p>\n\n\n\n<p>&nbsp;&nbsp;&nbsp;&nbsp;&nbsp;&nbsp;&nbsp;&nbsp;&nbsp;&nbsp;&nbsp; -Para darles gusto a los muchachos&nbsp; -dijo.<\/p>\n\n\n\n<p>&nbsp;&nbsp;&nbsp;&nbsp;&nbsp;&nbsp;&nbsp;&nbsp;&nbsp;&nbsp;&nbsp; Nadie lo pod\u00eda creer.&nbsp; Lo malo fue que cuando tom\u00f3 la decisi\u00f3n ya hab\u00edan transcurrido m\u00e1s de dos a\u00f1os y el pasaje costaba el doble.&nbsp; Su hijo le mand\u00f3 a decir que no importaba y le mand\u00f3 el dinero que hac\u00eda falta.<\/p>\n\n\n\n<p>&nbsp;&nbsp;&nbsp;&nbsp;&nbsp;&nbsp;&nbsp;&nbsp;&nbsp;&nbsp;&nbsp; Como lo primero es lo primero, se fue para la Capital a arreglar lo de la visa, pero no se la dieron.&nbsp; El hombre ese que entrevista a los que quieren irse le dijo que seguramente lo que \u00e9l quer\u00eda era ir a trabajar, y que all\u00e1 ya no quieren m\u00e1s gente.&nbsp; \u00a1El muy animal!&nbsp; \u00a1Viendo que Papa\u00edto ya est\u00e1 viejito!&nbsp; \u00bfA qu\u00e9 hora se iba a estar yendo a trabajar?<\/p>\n\n\n\n<p>&nbsp;&nbsp;&nbsp;&nbsp;&nbsp;&nbsp;&nbsp;&nbsp;&nbsp;&nbsp;&nbsp; -Las cosas no convienen, -dijo, exhibiendo una sonrisa triunfante y feliz.<\/p>\n\n\n\n<p>&nbsp;&nbsp;&nbsp;&nbsp;&nbsp;&nbsp;&nbsp;&nbsp;&nbsp;&nbsp;&nbsp; Cuando su hijo supo lo que hab\u00eda pasado se dej\u00f3 venir, selo llev\u00f3 hasta la embajada, le demostr\u00f3 fehacientemente al hombre que Papa\u00edto no se ir\u00eda a trabajar y logr\u00f3 que le dieran la bendita visa, pero cometi\u00f3 el error de no llev\u00e1rselo de una vez, sino que s\u00f3lo le dej\u00f3 un nuevo pasaje, pero eso s\u00ed, fij\u00f3 la fecha para el viaje.&nbsp; Papa\u00edto se comenz\u00f3 asentir angustiado y hasta se enferm\u00f3 de calambres.<\/p>\n\n\n\n<p>&nbsp;&nbsp;&nbsp;&nbsp;&nbsp;&nbsp;&nbsp;&nbsp;&nbsp;&nbsp;&nbsp; -Con tantas cosas que uno tiene que hacer -dijo.&nbsp; Y se fue a quemar su basurita y sus papeles con caca.<\/p>\n\n\n\n<p>&nbsp;&nbsp;&nbsp;&nbsp;&nbsp;&nbsp;&nbsp;&nbsp;&nbsp;&nbsp;&nbsp; Hasta que lleg\u00f3 la fecha en que deb\u00eda irse.<\/p>\n\n\n\n<p>&nbsp;&nbsp;&nbsp;&nbsp;&nbsp;&nbsp;&nbsp;&nbsp;&nbsp;&nbsp;&nbsp; Aprovechando el viaje, la Mercedes le pidi\u00f3 que por favor le llevara una bolsa pl\u00e1stica con cincuenta tamales colorados.&nbsp; Que eran para unos sus parientes, le dijo.&nbsp; La Juana le llev\u00f3 una caja con pashtes y jabones de coche.&nbsp; La Amalia un poncho momosteco, y no recuerdo quienes m\u00e1s le fueron a dejar no s\u00e9 qu\u00e9 otras cosas para que \u00e9l se las llevara.&nbsp; \u00a1La gente abusa!&nbsp; \u00a1Est\u00e1n viendo que papa\u00edto es flaco y que con tanta carga no iba a aguantar!&nbsp; \u00a1Y que encima estaba asustado!<\/p>\n\n\n\n<p>&nbsp;&nbsp;&nbsp;&nbsp;&nbsp;&nbsp;&nbsp;&nbsp;&nbsp;&nbsp;&nbsp; Ya estando en el aeropuerto y a pocos minutos para que se subiera a su avi\u00f3n, se apareci\u00f3 la Rosario con un queso de Zacapa.&nbsp; Un queso enorme.&nbsp; \u00a1Nada m\u00e1s eso nos estaba faltando! &nbsp;Papa\u00edto lo quiso cargar y se fue de lado: se ech\u00f3 a llorar. Es que si se llevaba el queso dejaba todo lo dem\u00e1s y viceversa: decidi\u00f3 que ya no viajaba.&nbsp; En vista de lo que ocurr\u00eda, la Rosario le pidi\u00f3 que le devolviera su queso y le dijo que no tuviera pena.&nbsp; Papa\u00edto se opuso:<\/p>\n\n\n\n<p>&nbsp;&nbsp;&nbsp;&nbsp;&nbsp;&nbsp;&nbsp;&nbsp;&nbsp;&nbsp;&nbsp; -O le hago el favor a todos o mejor no se lo hago a nadie&nbsp; -dijo sec\u00e1ndose las l\u00e1grimas.&nbsp; &nbsp;&nbsp;&nbsp;&nbsp;&nbsp;&nbsp; Todo el mundo trat\u00f3 de convencerlo, pero \u00e9l estaba desconsolado.&nbsp; Se fue el avi\u00f3n.<\/p>\n\n\n\n<p>&nbsp;&nbsp;&nbsp;&nbsp;&nbsp;&nbsp;&nbsp;&nbsp;&nbsp;&nbsp;&nbsp; Su hijo hab\u00eda organizado una fiesta a la que hab\u00eda invitado al resto de la familia y a sus amigos.&nbsp; Todo lo tuvo que cancelar.&nbsp; Cuando se enter\u00f3 de lo que hab\u00eda ocurrido mand\u00f3 a decir que no importaba, y que la pr\u00f3xima vez \u00e9l vendr\u00eda personalmente y se lo llevar\u00eda para que ya no hubiera ning\u00fan problema. Dadas las circunstancias todos sabemos que eso del viaje va a estar un tanto dif\u00edcil.&nbsp; Es que, aparte de que a \u00e9l le dan miedo los aviones, alguien le dijo que all\u00e1 la cosa es diferente que aqu\u00ed.&nbsp; Que all\u00e1 la gente se mantiene todo el d\u00eda como si la anduvieran persiguiendo, que no vive en casas sino en edificios enormes, que si a uno le dan ganas no se puede orinar en la calle, que las ni\u00f1as a los doce a\u00f1os ya no lo son, que todos andan medio empelotados y no les da verg\u00fcenza, que nunca hay procesiones y que no se le permite a nadie andar quemando basura ni papeles con caca en la calle.<\/p>\n\n\n\n<p>&nbsp;&nbsp;&nbsp;&nbsp;&nbsp;&nbsp;&nbsp;&nbsp;&nbsp;&nbsp;&nbsp; -A saber c\u00f3mo le har\u00e1 esa pobre gente para vivir, -dice papa\u00edto, y se queda pensativo y preocupado.&nbsp; Ojal\u00e1 no se nos vaya a enfermar, otra vez.<\/p>\n","protected":false},"excerpt":{"rendered":"<p>Cuento sobre una ins\u00f3lita aventura, ficticia, pero que podr\u00eda parecerse a alguna realidad de las familias que tienen a un ser querido migrante Por V\u00edctor Mu\u00f1oz, Premio Nacional de Literatura de Guatemala 2013 Papa\u00edto est\u00e1 por cumplir ochenta a\u00f1os.&nbsp; Trabaj\u00f3 toda su vida y en cuanto puede le cuenta su historia a quien est\u00e9 cerca:&nbsp;&nbsp;&nbsp;&nbsp;&nbsp;&nbsp;&nbsp;&nbsp;&nbsp;&nbsp;&nbsp; [&hellip;]<\/p>\n","protected":false},"author":1,"featured_media":704,"comment_status":"open","ping_status":"open","sticky":false,"template":"","format":"standard","meta":{"_acf_changed":false,"_eb_attr":"","footnotes":""},"categories":[56],"tags":[],"class_list":["post-333","post","type-post","status-publish","format-standard","has-post-thumbnail","hentry","category-lugar-de-voces"],"acf":[],"aioseo_notices":[],"aioseo_head":"\n\t\t<!-- All in One SEO Pro 4.9.6.2 - aioseo.com -->\n\t<meta name=\"description\" content=\"Cuento sobre una ins\u00f3lita aventura, ficticia, pero que podr\u00eda parecerse a alguna realidad de las familias que tienen a un ser querido migrante Por V\u00edctor Mu\u00f1oz, Premio Nacional de Literatura de Guatemala 2013 Papa\u00edto est\u00e1 por cumplir ochenta a\u00f1os. Trabaj\u00f3 toda su vida y en cuanto puede le cuenta su historia a quien est\u00e9 cerca:\" \/>\n\t<meta name=\"robots\" content=\"max-snippet:-1, max-image-preview:large, max-video-preview:-1\" \/>\n\t<meta name=\"author\" content=\"SoyMigrante.com REVISTA\"\/>\n\t<link rel=\"canonical\" href=\"https:\/\/soymigrante.com\/revista\/papaito-y-el-viaje\/\" \/>\n\t<meta name=\"generator\" content=\"All in One SEO Pro (AIOSEO) 4.9.6.2\" \/>\n\n\t\t<link rel=\"preconnect\" href=\"https:\/\/fonts.googleapis.com\" crossorigin>\n<link rel=\"preconnect\" href=\"https:\/\/fonts.gstatic.com\" crossorigin>\n\t\t<meta property=\"og:locale\" content=\"es_ES\" \/>\n\t\t<meta property=\"og:site_name\" content=\"SoyMigrante.com REVISTA \u2013 Nuestra misi\u00f3n es reconocer y dignificar al migrante.\" \/>\n\t\t<meta property=\"og:type\" content=\"article\" \/>\n\t\t<meta property=\"og:title\" content=\"Papa\u00edto y el viaje : un relato guatemalteco\" \/>\n\t\t<meta property=\"og:description\" content=\"Cuento sobre una ins\u00f3lita aventura, ficticia, pero que podr\u00eda parecerse a alguna realidad de las familias que tienen a un ser querido migrante Por V\u00edctor Mu\u00f1oz, Premio Nacional de Literatura de Guatemala 2013 Papa\u00edto est\u00e1 por cumplir ochenta a\u00f1os. Trabaj\u00f3 toda su vida y en cuanto puede le cuenta su historia a quien est\u00e9 cerca:\" \/>\n\t\t<meta property=\"og:url\" content=\"https:\/\/soymigrante.com\/revista\/papaito-y-el-viaje\/\" \/>\n\t\t<meta property=\"og:image\" content=\"https:\/\/soymigrante.com\/revista\/wp-content\/uploads\/2023\/02\/el-papaito-cuento2.webp\" \/>\n\t\t<meta property=\"og:image:secure_url\" content=\"https:\/\/soymigrante.com\/revista\/wp-content\/uploads\/2023\/02\/el-papaito-cuento2.webp\" \/>\n\t\t<meta property=\"og:image:width\" content=\"1099\" \/>\n\t\t<meta property=\"og:image:height\" content=\"772\" \/>\n\t\t<meta property=\"article:published_time\" content=\"2023-05-26T00:34:42+00:00\" \/>\n\t\t<meta property=\"article:modified_time\" content=\"2024-06-25T22:42:48+00:00\" \/>\n\t\t<meta property=\"article:publisher\" content=\"https:\/\/www.facebook.com\/soymigrantecom\" \/>\n\t\t<meta name=\"twitter:card\" content=\"summary_large_image\" \/>\n\t\t<meta name=\"twitter:site\" content=\"@SoyMigrante_com\" \/>\n\t\t<meta name=\"twitter:title\" content=\"Papa\u00edto y el viaje : un relato guatemalteco\" \/>\n\t\t<meta name=\"twitter:description\" content=\"Cuento sobre una ins\u00f3lita aventura, ficticia, pero que podr\u00eda parecerse a alguna realidad de las familias que tienen a un ser querido migrante Por V\u00edctor Mu\u00f1oz, Premio Nacional de Literatura de Guatemala 2013 Papa\u00edto est\u00e1 por cumplir ochenta a\u00f1os. Trabaj\u00f3 toda su vida y en cuanto puede le cuenta su historia a quien est\u00e9 cerca:\" \/>\n\t\t<meta name=\"twitter:creator\" content=\"@SoyMigrante_com\" \/>\n\t\t<meta name=\"twitter:image\" content=\"https:\/\/soymigrante.com\/revista\/wp-content\/uploads\/2023\/02\/el-papaito-cuento2.webp\" \/>\n\t\t<!-- All in One SEO Pro -->\r\n\t\t<title>Papa\u00edto y el viaje : un relato guatemalteco<\/title>\n\n","aioseo_head_json":{"title":"Papa\u00edto y el viaje : un relato guatemalteco","description":"Cuento sobre una ins\u00f3lita aventura, ficticia, pero que podr\u00eda parecerse a alguna realidad de las familias que tienen a un ser querido migrante Por V\u00edctor Mu\u00f1oz, Premio Nacional de Literatura de Guatemala 2013 Papa\u00edto est\u00e1 por cumplir ochenta a\u00f1os. Trabaj\u00f3 toda su vida y en cuanto puede le cuenta su historia a quien est\u00e9 cerca:","canonical_url":"https:\/\/soymigrante.com\/revista\/papaito-y-el-viaje\/","robots":"max-snippet:-1, max-image-preview:large, max-video-preview:-1","keywords":"","webmasterTools":{"miscellaneous":"&lt;link rel=\"preconnect\" href=\"https:\/\/fonts.googleapis.com\" crossorigin&gt;\n&lt;link rel=\"preconnect\" href=\"https:\/\/fonts.gstatic.com\" crossorigin&gt;"},"schema":null,"og:locale":"es_ES","og:site_name":"SoyMigrante.com REVISTA \u2013 Nuestra misi\u00f3n es reconocer y dignificar al migrante.","og:type":"article","og:title":"Papa\u00edto y el viaje : un relato guatemalteco","og:description":"Cuento sobre una ins\u00f3lita aventura, ficticia, pero que podr\u00eda parecerse a alguna realidad de las familias que tienen a un ser querido migrante Por V\u00edctor Mu\u00f1oz, Premio Nacional de Literatura de Guatemala 2013 Papa\u00edto est\u00e1 por cumplir ochenta a\u00f1os. Trabaj\u00f3 toda su vida y en cuanto puede le cuenta su historia a quien est\u00e9 cerca:","og:url":"https:\/\/soymigrante.com\/revista\/papaito-y-el-viaje\/","og:image":"https:\/\/soymigrante.com\/revista\/wp-content\/uploads\/2023\/02\/el-papaito-cuento2.webp","og:image:secure_url":"https:\/\/soymigrante.com\/revista\/wp-content\/uploads\/2023\/02\/el-papaito-cuento2.webp","og:image:width":1099,"og:image:height":772,"article:published_time":"2023-05-26T00:34:42+00:00","article:modified_time":"2024-06-25T22:42:48+00:00","article:publisher":"https:\/\/www.facebook.com\/soymigrantecom","twitter:card":"summary_large_image","twitter:site":"@SoyMigrante_com","twitter:title":"Papa\u00edto y el viaje : un relato guatemalteco","twitter:description":"Cuento sobre una ins\u00f3lita aventura, ficticia, pero que podr\u00eda parecerse a alguna realidad de las familias que tienen a un ser querido migrante Por V\u00edctor Mu\u00f1oz, Premio Nacional de Literatura de Guatemala 2013 Papa\u00edto est\u00e1 por cumplir ochenta a\u00f1os. Trabaj\u00f3 toda su vida y en cuanto puede le cuenta su historia a quien est\u00e9 cerca:","twitter:creator":"@SoyMigrante_com","twitter:image":"https:\/\/soymigrante.com\/revista\/wp-content\/uploads\/2023\/02\/el-papaito-cuento2.webp"},"aioseo_meta_data":{"post_id":"333","title":null,"description":null,"keywords":null,"keyphrases":{"focus":{"keyphrase":"Migrante","score":58,"analysis":{"keyphraseInTitle":{"score":3,"maxScore":9,"error":1},"keyphraseInDescription":{"score":9,"maxScore":9,"error":0},"keyphraseLength":{"score":9,"maxScore":9,"error":0,"length":1},"keyphraseInURL":{"score":5,"maxScore":5,"error":0},"keyphraseInIntroduction":{"score":3,"maxScore":9,"error":1},"keyphraseInSubHeadings":[],"keyphraseInImageAlt":[],"keywordDensity":{"score":0,"type":"low","maxScore":9,"error":1}}},"additional":[]},"primary_term":null,"canonical_url":null,"og_title":null,"og_description":null,"og_object_type":"default","og_image_type":"default","og_image_url":null,"og_image_width":null,"og_image_height":null,"og_image_custom_url":null,"og_image_custom_fields":null,"og_video":"","og_custom_url":null,"og_article_section":null,"og_article_tags":null,"twitter_use_og":false,"twitter_card":"default","twitter_image_type":"default","twitter_image_url":null,"twitter_image_custom_url":null,"twitter_image_custom_fields":null,"twitter_title":null,"twitter_description":null,"schema":{"blockGraphs":[],"customGraphs":[],"default":{"data":{"Article":[],"Course":[],"Dataset":[],"FAQPage":[],"Movie":[],"Person":[],"Product":[],"ProductReview":[],"Car":[],"Recipe":[],"Service":[],"SoftwareApplication":[],"WebPage":[]},"graphName":"Article","isEnabled":true},"graphs":[]},"schema_type":"default","schema_type_options":null,"pillar_content":false,"robots_default":true,"robots_noindex":false,"robots_noarchive":false,"robots_nosnippet":false,"robots_nofollow":false,"robots_noimageindex":false,"robots_noodp":false,"robots_notranslate":false,"robots_max_snippet":"-1","robots_max_videopreview":"-1","robots_max_imagepreview":"large","priority":null,"frequency":"default","local_seo":null,"seo_analyzer_scan_date":"2025-10-08 19:43:15","breadcrumb_settings":null,"limit_modified_date":false,"reviewed_by":null,"open_ai":"{\"title\":{\"suggestions\":[],\"usage\":0},\"description\":{\"suggestions\":[],\"usage\":0}}","ai":null,"created":"2023-08-17 09:40:56","updated":"2026-02-04 04:29:28"},"aioseo_breadcrumb":"<div class=\"aioseo-breadcrumbs\"><span class=\"aioseo-breadcrumb\">\n\t<a href=\"https:\/\/soymigrante.com\/revista\" title=\"Home\">Home<\/a>\n<\/span><span class=\"aioseo-breadcrumb-separator\">\u00bb<\/span><span class=\"aioseo-breadcrumb\">\n\t<a href=\"https:\/\/soymigrante.com\/revista\/category\/estamos-unidos\/\" title=\"Estamos Unidos\">Estamos Unidos<\/a>\n<\/span><span class=\"aioseo-breadcrumb-separator\">\u00bb<\/span><span class=\"aioseo-breadcrumb\">\n\t<a href=\"https:\/\/soymigrante.com\/revista\/category\/estamos-unidos\/lugar-de-voces\/\" title=\"Lugar de Voces\">Lugar de Voces<\/a>\n<\/span><span class=\"aioseo-breadcrumb-separator\">\u00bb<\/span><span class=\"aioseo-breadcrumb\">\n\tPapa\u00edto y el viaje : un relato guatemalteco\n<\/span><\/div>","aioseo_breadcrumb_json":[{"label":"Home","link":"https:\/\/soymigrante.com\/revista"},{"label":"Estamos Unidos","link":"https:\/\/soymigrante.com\/revista\/category\/estamos-unidos\/"},{"label":"Lugar de Voces","link":"https:\/\/soymigrante.com\/revista\/category\/estamos-unidos\/lugar-de-voces\/"},{"label":"Papa\u00edto y el viaje : un relato guatemalteco","link":"https:\/\/soymigrante.com\/revista\/papaito-y-el-viaje\/"}],"_links":{"self":[{"href":"https:\/\/soymigrante.com\/revista\/wp-json\/wp\/v2\/posts\/333","targetHints":{"allow":["GET"]}}],"collection":[{"href":"https:\/\/soymigrante.com\/revista\/wp-json\/wp\/v2\/posts"}],"about":[{"href":"https:\/\/soymigrante.com\/revista\/wp-json\/wp\/v2\/types\/post"}],"author":[{"embeddable":true,"href":"https:\/\/soymigrante.com\/revista\/wp-json\/wp\/v2\/users\/1"}],"replies":[{"embeddable":true,"href":"https:\/\/soymigrante.com\/revista\/wp-json\/wp\/v2\/comments?post=333"}],"version-history":[{"count":0,"href":"https:\/\/soymigrante.com\/revista\/wp-json\/wp\/v2\/posts\/333\/revisions"}],"wp:featuredmedia":[{"embeddable":true,"href":"https:\/\/soymigrante.com\/revista\/wp-json\/wp\/v2\/media\/704"}],"wp:attachment":[{"href":"https:\/\/soymigrante.com\/revista\/wp-json\/wp\/v2\/media?parent=333"}],"wp:term":[{"taxonomy":"category","embeddable":true,"href":"https:\/\/soymigrante.com\/revista\/wp-json\/wp\/v2\/categories?post=333"},{"taxonomy":"post_tag","embeddable":true,"href":"https:\/\/soymigrante.com\/revista\/wp-json\/wp\/v2\/tags?post=333"}],"curies":[{"name":"wp","href":"https:\/\/api.w.org\/{rel}","templated":true}]}}