{"id":33214,"date":"2025-05-13T05:01:00","date_gmt":"2025-05-13T11:01:00","guid":{"rendered":"https:\/\/soymigrante.com\/revista\/?p=33214"},"modified":"2025-05-16T17:44:40","modified_gmt":"2025-05-16T23:44:40","slug":"festival-chapines-fest-en-nueva-york-un-puente-cultural-entre-guatemala-y-estados-unidos","status":"publish","type":"post","link":"https:\/\/soymigrante.com\/revista\/festival-chapines-fest-en-nueva-york-un-puente-cultural-entre-guatemala-y-estados-unidos\/","title":{"rendered":"Festival Chapines Fest en Nueva York: Un puente cultural entre Guatemala y Estados Unidos"},"content":{"rendered":"\t\t<div data-elementor-type=\"wp-post\" data-elementor-id=\"33214\" class=\"elementor elementor-33214\" data-elementor-post-type=\"post\">\n\t\t\t\t<div data-particle_enable=\"false\" data-particle-mobile-disabled=\"false\" class=\"elementor-element elementor-element-e14b255 e-flex e-con-boxed e-con e-parent\" data-id=\"e14b255\" data-element_type=\"container\" data-e-type=\"container\">\n\t\t\t\t\t<div class=\"e-con-inner\">\n\t\t\t\t<div class=\"elementor-element elementor-element-78efbe8 elementor-widget elementor-widget-heading\" data-id=\"78efbe8\" data-element_type=\"widget\" data-e-type=\"widget\" data-widget_type=\"heading.default\">\n\t\t\t\t\t<h2 class=\"elementor-heading-title elementor-size-default\">El festival Chapines Fest en Nueva York es un espacio para unir la cultura de Guatemala y Estados Unidos. \n<\/h2>\t\t\t\t<\/div>\n\t\t\t\t\t<\/div>\n\t\t\t\t<\/div>\n\t\t<div data-particle_enable=\"false\" data-particle-mobile-disabled=\"false\" class=\"elementor-element elementor-element-8967753 e-flex e-con-boxed e-con e-parent\" data-id=\"8967753\" data-element_type=\"container\" data-e-type=\"container\">\n\t\t\t\t\t<div class=\"e-con-inner\">\n\t\t\t\t<div class=\"elementor-element elementor-element-95b2604 elementor-widget elementor-widget-text-editor\" data-id=\"95b2604\" data-element_type=\"widget\" data-e-type=\"widget\" data-widget_type=\"text-editor.default\">\n\t\t\t\t\t\t\t\t\t<p><a href=\"https:\/\/soymigrante.com\/revista\/karina-onofre-migrante-emprendedora-guatemalteca-nueva-york\/\" target=\"_blank\" rel=\"noopener\">Karina Onofre,<\/a> una guatemalteca residente en Estados Unidos desde hace 15 a\u00f1os, ha logrado convertir el<a href=\"https:\/\/www.tickeri.com\/events\/x9jg1ltun5t0\/chapines-fest-nyc-2025\" target=\"_blank\" rel=\"noopener\"> Chapines Fest en Nueva York<\/a> en un evento que celebra la cultura guatemalteca, conectando a migrantes y sus familias con sus ra\u00edces.<\/p><p>El Chapines Fest, un festival que inici\u00f3 hace cuatro a\u00f1os con 400 asistentes, ha crecido significativamente gracias al <a href=\"https:\/\/soymigrante.com\/revista\/karina-onofre-migrante-emprendedora-guatemalteca-nueva-york\/\" target=\"_blank\" rel=\"noopener\">esfuerzo de organizadores como Karina Onofre<\/a>.<\/p><p>Para este 2025, se espera una afluencia de hasta 1,800 personas, quienes podr\u00e1n disfrutar de artistas guatemaltecos, venta de productos tradicionales, comida t\u00edpica y actividades para ni\u00f1os, como pinta caritas y talleres de arte.<\/p>\t\t\t\t\t\t\t\t<\/div>\n\t\t\t\t\t<\/div>\n\t\t\t\t<\/div>\n\t\t<div data-particle_enable=\"false\" data-particle-mobile-disabled=\"false\" class=\"elementor-element elementor-element-9064256 e-flex e-con-boxed e-con e-parent\" data-id=\"9064256\" data-element_type=\"container\" data-e-type=\"container\">\n\t\t\t\t\t<div class=\"e-con-inner\">\n\t\t\t\t<div class=\"elementor-element elementor-element-c777625 elementor-widget elementor-widget-image\" data-id=\"c777625\" data-element_type=\"widget\" data-e-type=\"widget\" data-widget_type=\"image.default\">\n\t\t\t\t\t\t\t\t\t\t\t\t<figure class=\"wp-caption\">\n\t\t\t\t\t\t\t\t\t\t<img fetchpriority=\"high\" decoding=\"async\" width=\"768\" height=\"956\" src=\"https:\/\/soymigrante.com\/revista\/wp-content\/uploads\/2025\/05\/WhatsApp-Image-2025-05-12-at-113708-AM-1-823x1024.jpeg\" class=\"attachment-large size-large wp-image-33240\" alt=\"Colores vibrantes y disfraces tradicionales en celebraci\u00f3n cultural, destacando la diversidad, identidad y alegr\u00eda en eventos de migrantes en M\u00e9xico.\" srcset=\"https:\/\/soymigrante.com\/revista\/wp-content\/uploads\/2025\/05\/WhatsApp-Image-2025-05-12-at-113708-AM-1-823x1024.jpeg 823w, https:\/\/soymigrante.com\/revista\/wp-content\/uploads\/2025\/05\/WhatsApp-Image-2025-05-12-at-113708-AM-1-241x300.jpeg 241w, https:\/\/soymigrante.com\/revista\/wp-content\/uploads\/2025\/05\/WhatsApp-Image-2025-05-12-at-113708-AM-1-768x955.jpeg 768w, https:\/\/soymigrante.com\/revista\/wp-content\/uploads\/2025\/05\/WhatsApp-Image-2025-05-12-at-113708-AM-1-1235x1536.jpeg 1235w, https:\/\/soymigrante.com\/revista\/wp-content\/uploads\/2025\/05\/WhatsApp-Image-2025-05-12-at-113708-AM-1-750x933.webp 750w, https:\/\/soymigrante.com\/revista\/wp-content\/uploads\/2025\/05\/WhatsApp-Image-2025-05-12-at-113708-AM-1-1140x1418.webp 1140w, https:\/\/soymigrante.com\/revista\/wp-content\/uploads\/2025\/05\/WhatsApp-Image-2025-05-12-at-113708-AM-1.webp 1440w\" sizes=\"(max-width: 768px) 100vw, 768px\" title=\"Festival Chapines Fest en Nueva York: Un puente cultural entre Guatemala y Estados Unidos \u2013 SoyMigrante.com REVISTA\" \/>\t\t\t\t\t\t\t\t\t\t\t<figcaption class=\"widget-image-caption wp-caption-text\">Celebraci\u00f3n cultural con disfraces coloridos y m\u00e1scaras en un carnaval en Colombia.<\/figcaption>\n\t\t\t\t\t\t\t\t\t\t<\/figure>\n\t\t\t\t\t\t\t\t\t<\/div>\n\t\t\t\t\t<\/div>\n\t\t\t\t<\/div>\n\t\t<div data-particle_enable=\"false\" data-particle-mobile-disabled=\"false\" class=\"elementor-element elementor-element-3c1561e e-flex e-con-boxed e-con e-parent\" data-id=\"3c1561e\" data-element_type=\"container\" data-e-type=\"container\">\n\t\t\t\t\t<div class=\"e-con-inner\">\n\t\t\t\t<div class=\"elementor-element elementor-element-8b068a0 elementor-widget elementor-widget-heading\" data-id=\"8b068a0\" data-element_type=\"widget\" data-e-type=\"widget\" data-widget_type=\"heading.default\">\n\t\t\t\t\t<h3 class=\"elementor-heading-title elementor-size-default\">Una oportunidad para compartir <\/h3>\t\t\t\t<\/div>\n\t\t\t\t\t<\/div>\n\t\t\t\t<\/div>\n\t\t<div data-particle_enable=\"false\" data-particle-mobile-disabled=\"false\" class=\"elementor-element elementor-element-a7b5790 e-flex e-con-boxed e-con e-parent\" data-id=\"a7b5790\" data-element_type=\"container\" data-e-type=\"container\">\n\t\t\t\t\t<div class=\"e-con-inner\">\n\t\t\t\t<div class=\"elementor-element elementor-element-03b29ea elementor-widget elementor-widget-text-editor\" data-id=\"03b29ea\" data-element_type=\"widget\" data-e-type=\"widget\" data-widget_type=\"text-editor.default\">\n\t\t\t\t\t\t\t\t\t<p>\u201c<em>Esta es la oportunidad para que los ni\u00f1os y nosotros, los adultos, podamos compartir con nuestras ra\u00edces guatemaltecas\u201d<\/em>, expres\u00f3 <a href=\"https:\/\/soymigrante.com\/revista\/karina-onofre-migrante-emprendedora-guatemalteca-nueva-york\/\" target=\"_blank\" rel=\"noopener\">Karina Onofre,<\/a> quien ha involucrado a su esposo y a sus dos hijos en la difusi\u00f3n de la cultura guatemalteca en Estados Unidos.<\/p><p>El festival tambi\u00e9n abrir\u00e1 espacio a la cultura gar\u00edfuna, reafirmando la diversidad y riqueza cultural de Guatemala. Adem\u00e1s, uno de los momentos m\u00e1s esperados ser\u00e1 el tradicional convite, que promete llenar de nostalgia y alegr\u00eda a los asistentes.<\/p>\t\t\t\t\t\t\t\t<\/div>\n\t\t\t\t\t<\/div>\n\t\t\t\t<\/div>\n\t\t<div data-particle_enable=\"false\" data-particle-mobile-disabled=\"false\" class=\"elementor-element elementor-element-d905770 e-flex e-con-boxed e-con e-parent\" data-id=\"d905770\" data-element_type=\"container\" data-e-type=\"container\">\n\t\t\t\t\t<div class=\"e-con-inner\">\n\t\t\t\t<div class=\"elementor-element elementor-element-71eff7f elementor-widget elementor-widget-gallery\" data-id=\"71eff7f\" data-element_type=\"widget\" data-e-type=\"widget\" data-settings=\"{&quot;columns&quot;:1,&quot;lazyload&quot;:&quot;yes&quot;,&quot;gallery_layout&quot;:&quot;grid&quot;,&quot;columns_tablet&quot;:2,&quot;columns_mobile&quot;:1,&quot;gap&quot;:{&quot;unit&quot;:&quot;px&quot;,&quot;size&quot;:10,&quot;sizes&quot;:[]},&quot;gap_tablet&quot;:{&quot;unit&quot;:&quot;px&quot;,&quot;size&quot;:10,&quot;sizes&quot;:[]},&quot;gap_mobile&quot;:{&quot;unit&quot;:&quot;px&quot;,&quot;size&quot;:10,&quot;sizes&quot;:[]},&quot;link_to&quot;:&quot;file&quot;,&quot;aspect_ratio&quot;:&quot;3:2&quot;,&quot;overlay_background&quot;:&quot;yes&quot;,&quot;content_hover_animation&quot;:&quot;fade-in&quot;}\" data-widget_type=\"gallery.default\">\n\t\t\t\t\t\t\t<div class=\"elementor-gallery__container\">\n\t\t\t\t\t\t\t<a class=\"e-gallery-item elementor-gallery-item elementor-animated-content\" href=\"https:\/\/soymigrante.com\/revista\/wp-content\/uploads\/2025\/05\/Festival-Chapines-Fest-en-Nueva-York4.webp\" data-elementor-open-lightbox=\"yes\" data-elementor-lightbox-slideshow=\"71eff7f\" data-elementor-lightbox-title=\"Festival Chapines Fest en Nueva York4\" data-elementor-lightbox-description=\"La imagen muestra un payaso interactuando con un p\u00fablico alegre y participativo en un evento cultural lleno de diversi\u00f3n y m\u00fasica en vivo.\" data-e-action-hash=\"#elementor-action%3Aaction%3Dlightbox%26settings%3DeyJpZCI6MzMyMzAsInVybCI6Imh0dHBzOlwvXC9zb3ltaWdyYW50ZS5jb21cL3JldmlzdGFcL3dwLWNvbnRlbnRcL3VwbG9hZHNcLzIwMjVcLzA1XC9GZXN0aXZhbC1DaGFwaW5lcy1GZXN0LWVuLU51ZXZhLVlvcms0LndlYnAiLCJzbGlkZXNob3ciOiI3MWVmZjdmIn0%3D\">\n\t\t\t\t\t<div class=\"e-gallery-image elementor-gallery-item__image\" data-thumbnail=\"https:\/\/soymigrante.com\/revista\/wp-content\/uploads\/2025\/05\/Festival-Chapines-Fest-en-Nueva-York4-300x200.jpeg\" data-width=\"300\" data-height=\"200\" aria-label=\"Diversi\u00f3n y entretenimiento en un evento cultural con payaso actuando para un p\u00fablico diverso, en un ambiente festivo y animado.\" role=\"img\" ><\/div>\n\t\t\t\t\t\t\t\t\t\t\t<div class=\"elementor-gallery-item__overlay\"><\/div>\n\t\t\t\t\t\t\t\t\t\t\t\t\t\t<\/a>\n\t\t\t\t\t\t\t<a class=\"e-gallery-item elementor-gallery-item elementor-animated-content\" href=\"https:\/\/soymigrante.com\/revista\/wp-content\/uploads\/2025\/05\/Festival-Chapines-Fest-en-Nueva-York3.webp\" data-elementor-open-lightbox=\"yes\" data-elementor-lightbox-slideshow=\"71eff7f\" data-elementor-lightbox-title=\"Festival Chapines Fest en Nueva York3\" data-elementor-lightbox-description=\"Imagen de personajes disfrazados de gatos en un evento cultural en Guatemala, rodeados de ni\u00f1os y adultos, en un ambiente festivo que celebra tradiciones y diversidad cultural.\" data-e-action-hash=\"#elementor-action%3Aaction%3Dlightbox%26settings%3DeyJpZCI6MzMyMzIsInVybCI6Imh0dHBzOlwvXC9zb3ltaWdyYW50ZS5jb21cL3JldmlzdGFcL3dwLWNvbnRlbnRcL3VwbG9hZHNcLzIwMjVcLzA1XC9GZXN0aXZhbC1DaGFwaW5lcy1GZXN0LWVuLU51ZXZhLVlvcmszLndlYnAiLCJzbGlkZXNob3ciOiI3MWVmZjdmIn0%3D\">\n\t\t\t\t\t<div class=\"e-gallery-image elementor-gallery-item__image\" data-thumbnail=\"https:\/\/soymigrante.com\/revista\/wp-content\/uploads\/2025\/05\/Festival-Chapines-Fest-en-Nueva-York3-300x200.jpeg\" data-width=\"300\" data-height=\"200\" aria-label=\"Personajes disfrazados de gatos con trajes coloridos en celebraci\u00f3n cultural en un evento con la bandera de Guatemala, rodeados de ni\u00f1os y adultos en un ambiente festivo y familiar.\" role=\"img\" ><\/div>\n\t\t\t\t\t\t\t\t\t\t\t<div class=\"elementor-gallery-item__overlay\"><\/div>\n\t\t\t\t\t\t\t\t\t\t\t\t\t\t<\/a>\n\t\t\t\t\t\t\t<a class=\"e-gallery-item elementor-gallery-item elementor-animated-content\" href=\"https:\/\/soymigrante.com\/revista\/wp-content\/uploads\/2025\/05\/Festival-Chapines-Fest-en-Nueva-York2.webp\" data-elementor-open-lightbox=\"yes\" data-elementor-lightbox-slideshow=\"71eff7f\" data-elementor-lightbox-title=\"Festival Chapines Fest en Nueva York2\" data-elementor-lightbox-description=\"Festival Chapines Fest en Nueva York: Un puente cultural entre Guatemala y Estados Unidos\" data-e-action-hash=\"#elementor-action%3Aaction%3Dlightbox%26settings%3DeyJpZCI6MzMyMzUsInVybCI6Imh0dHBzOlwvXC9zb3ltaWdyYW50ZS5jb21cL3JldmlzdGFcL3dwLWNvbnRlbnRcL3VwbG9hZHNcLzIwMjVcLzA1XC9GZXN0aXZhbC1DaGFwaW5lcy1GZXN0LWVuLU51ZXZhLVlvcmsyLndlYnAiLCJzbGlkZXNob3ciOiI3MWVmZjdmIn0%3D\">\n\t\t\t\t\t<div class=\"e-gallery-image elementor-gallery-item__image\" data-thumbnail=\"https:\/\/soymigrante.com\/revista\/wp-content\/uploads\/2025\/05\/Festival-Chapines-Fest-en-Nueva-York2-300x300.jpeg\" data-width=\"300\" data-height=\"300\" aria-label=\"Diverso p\u00fablico disfrutando festival cultural al aire libre con luces y edificios hist\u00f3ricos, eventos para migrantes en celebraci\u00f3n, revista SoyMigrante.com REVISTA, comunidad migrante y cultura en espacio urbano.\" role=\"img\" ><\/div>\n\t\t\t\t\t\t\t\t\t\t\t<div class=\"elementor-gallery-item__overlay\"><\/div>\n\t\t\t\t\t\t\t\t\t\t\t\t\t\t<\/a>\n\t\t\t\t\t<\/div>\n\t\t\t\t\t<\/div>\n\t\t\t\t\t<\/div>\n\t\t\t\t<\/div>\n\t\t<div data-particle_enable=\"false\" data-particle-mobile-disabled=\"false\" class=\"elementor-element elementor-element-3689b29 e-flex e-con-boxed e-con e-parent\" data-id=\"3689b29\" data-element_type=\"container\" data-e-type=\"container\">\n\t\t\t\t\t<div class=\"e-con-inner\">\n\t\t\t\t<div class=\"elementor-element elementor-element-e9de1b9 elementor-widget elementor-widget-heading\" data-id=\"e9de1b9\" data-element_type=\"widget\" data-e-type=\"widget\" data-widget_type=\"heading.default\">\n\t\t\t\t\t<h3 class=\"elementor-heading-title elementor-size-default\">\u00bfCu\u00e1ndo se realizar\u00e1 el evento? <\/h3>\t\t\t\t<\/div>\n\t\t\t\t\t<\/div>\n\t\t\t\t<\/div>\n\t\t<div data-particle_enable=\"false\" data-particle-mobile-disabled=\"false\" class=\"elementor-element elementor-element-1eefb69 e-flex e-con-boxed e-con e-parent\" data-id=\"1eefb69\" data-element_type=\"container\" data-e-type=\"container\">\n\t\t\t\t\t<div class=\"e-con-inner\">\n\t\t\t\t<div class=\"elementor-element elementor-element-16252f4 elementor-widget elementor-widget-text-editor\" data-id=\"16252f4\" data-element_type=\"widget\" data-e-type=\"widget\" data-widget_type=\"text-editor.default\">\n\t\t\t\t\t\t\t\t\t<p>El evento se llevar\u00e1 a cabo el 22 de junio, de 12:00 a 21:30 horas,<a href=\"https:\/\/www.tickeri.com\/events\/x9jg1ltun5t0\/chapines-fest-nyc-2025\" target=\"_blank\" rel=\"noopener\"> en 254 36th St, Brooklyn, NY 11232.<\/a><\/p><p><a href=\"https:\/\/www.tickeri.com\/events\/x9jg1ltun5t0\/chapines-fest-nyc-2025\" target=\"_blank\" rel=\"noopener\">Las entradas tienen un costo de US$40 para adultos y US$20<\/a> para menores de 10 a 18 a\u00f1os. Los interesados pueden adquirir sus boletos en l\u00ednea para asegurar su cupo.<\/p>\t\t\t\t\t\t\t\t<\/div>\n\t\t\t\t\t<\/div>\n\t\t\t\t<\/div>\n\t\t<div data-particle_enable=\"false\" data-particle-mobile-disabled=\"false\" class=\"elementor-element elementor-element-42f0914 e-flex e-con-boxed e-con e-parent\" data-id=\"42f0914\" data-element_type=\"container\" data-e-type=\"container\">\n\t\t\t\t\t<div class=\"e-con-inner\">\n\t\t\t\t<div class=\"elementor-element elementor-element-acb6a58 elementor-widget elementor-widget-image\" data-id=\"acb6a58\" data-element_type=\"widget\" data-e-type=\"widget\" data-widget_type=\"image.default\">\n\t\t\t\t\t\t\t\t\t\t\t\t<figure class=\"wp-caption\">\n\t\t\t\t\t\t\t\t\t\t<img decoding=\"async\" width=\"768\" height=\"768\" src=\"https:\/\/soymigrante.com\/revista\/wp-content\/uploads\/2025\/05\/Festival-Chapines-Fest-en-Nueva-York1-1024x1024.jpeg\" class=\"attachment-large size-large wp-image-33241\" alt=\"Cultura ind\u00edgena y identidad en M\u00e9xico, destacando mujeres y ni\u00f1as con trajes tradicionales en evento comunitario, promoviendo la inclusi\u00f3n y diversidad cultural en la migraci\u00f3n.\" srcset=\"https:\/\/soymigrante.com\/revista\/wp-content\/uploads\/2025\/05\/Festival-Chapines-Fest-en-Nueva-York1-1024x1024.jpeg 1024w, https:\/\/soymigrante.com\/revista\/wp-content\/uploads\/2025\/05\/Festival-Chapines-Fest-en-Nueva-York1-300x300.jpeg 300w, https:\/\/soymigrante.com\/revista\/wp-content\/uploads\/2025\/05\/Festival-Chapines-Fest-en-Nueva-York1-150x150.jpeg 150w, https:\/\/soymigrante.com\/revista\/wp-content\/uploads\/2025\/05\/Festival-Chapines-Fest-en-Nueva-York1-768x768.jpeg 768w, https:\/\/soymigrante.com\/revista\/wp-content\/uploads\/2025\/05\/Festival-Chapines-Fest-en-Nueva-York1-75x75.webp 75w, https:\/\/soymigrante.com\/revista\/wp-content\/uploads\/2025\/05\/Festival-Chapines-Fest-en-Nueva-York1-750x750.webp 750w, https:\/\/soymigrante.com\/revista\/wp-content\/uploads\/2025\/05\/Festival-Chapines-Fest-en-Nueva-York1-1140x1140.webp 1140w, https:\/\/soymigrante.com\/revista\/wp-content\/uploads\/2025\/05\/Festival-Chapines-Fest-en-Nueva-York1.webp 1440w\" sizes=\"(max-width: 768px) 100vw, 768px\" title=\"Festival Chapines Fest en Nueva York1 \u2013 SoyMigrante.com REVISTA\" \/>\t\t\t\t\t\t\t\t\t\t\t<figcaption class=\"widget-image-caption wp-caption-text\">Celebraci\u00f3n cultural ind\u00edgena con mujeres y ni\u00f1as mexicanas en evento comunitario, resaltando el uso de trajes tradicionales y la importancia de la identidad cultural en la migraci\u00f3n.<\/figcaption>\n\t\t\t\t\t\t\t\t\t\t<\/figure>\n\t\t\t\t\t\t\t\t\t<\/div>\n\t\t\t\t\t<\/div>\n\t\t\t\t<\/div>\n\t\t<div data-particle_enable=\"false\" data-particle-mobile-disabled=\"false\" class=\"elementor-element elementor-element-549294f e-flex e-con-boxed e-con e-parent\" data-id=\"549294f\" data-element_type=\"container\" data-e-type=\"container\">\n\t\t\t\t\t<div class=\"e-con-inner\">\n\t\t\t\t<div class=\"elementor-element elementor-element-d720cfe elementor-widget elementor-widget-heading\" data-id=\"d720cfe\" data-element_type=\"widget\" data-e-type=\"widget\" data-widget_type=\"heading.default\">\n\t\t\t\t\t<h3 class=\"elementor-heading-title elementor-size-default\">Esfuerzo y uni\u00f3n <\/h3>\t\t\t\t<\/div>\n\t\t\t\t\t<\/div>\n\t\t\t\t<\/div>\n\t\t<div data-particle_enable=\"false\" data-particle-mobile-disabled=\"false\" class=\"elementor-element elementor-element-948cd83 e-flex e-con-boxed e-con e-parent\" data-id=\"948cd83\" data-element_type=\"container\" data-e-type=\"container\">\n\t\t\t\t\t<div class=\"e-con-inner\">\n\t\t\t\t<div class=\"elementor-element elementor-element-902cd07 elementor-widget elementor-widget-text-editor\" data-id=\"902cd07\" data-element_type=\"widget\" data-e-type=\"widget\" data-widget_type=\"text-editor.default\">\n\t\t\t\t\t\t\t\t\t<p><a href=\"https:\/\/soymigrante.com\/revista\/karina-onofre-migrante-emprendedora-guatemalteca-nueva-york\/\" target=\"_blank\" rel=\"noopener\">Para Karina Onofre<\/a>, el \u00e9xito del Chapines Fest es un reflejo del esfuerzo y la uni\u00f3n de la comunidad guatemalteca en Estados Unidos: \u201cQueremos que todos se sientan como en casa, que recuerden sus tradiciones y que los m\u00e1s j\u00f3venes conozcan de d\u00f3nde vienen\u201d.<\/p>\t\t\t\t\t\t\t\t<\/div>\n\t\t\t\t\t<\/div>\n\t\t\t\t<\/div>\n\t\t<div data-particle_enable=\"false\" data-particle-mobile-disabled=\"false\" class=\"elementor-element elementor-element-9fc70f5 e-flex e-con-boxed e-con e-parent\" data-id=\"9fc70f5\" data-element_type=\"container\" data-e-type=\"container\">\n\t\t\t\t\t<div class=\"e-con-inner\">\n\t\t\t\t<div class=\"elementor-element elementor-element-c72746e elementor-widget elementor-widget-video\" data-id=\"c72746e\" data-element_type=\"widget\" data-e-type=\"widget\" data-settings=\"{&quot;youtube_url&quot;:&quot;https:\\\/\\\/www.youtube.com\\\/watch?v=JFqFr_19td0&quot;,&quot;video_type&quot;:&quot;youtube&quot;,&quot;controls&quot;:&quot;yes&quot;}\" data-widget_type=\"video.default\">\n\t\t\t\t\t\t\t<div class=\"elementor-wrapper elementor-open-inline\">\n\t\t\t<div class=\"elementor-video\"><\/div>\t\t<\/div>\n\t\t\t\t\t\t<\/div>\n\t\t\t\t\t<\/div>\n\t\t\t\t<\/div>\n\t\t<div data-particle_enable=\"false\" data-particle-mobile-disabled=\"false\" class=\"elementor-element elementor-element-de08ae2 e-flex e-con-boxed e-con e-parent\" data-id=\"de08ae2\" data-element_type=\"container\" data-e-type=\"container\">\n\t\t\t\t\t<div class=\"e-con-inner\">\n\t\t\t\t<div class=\"elementor-element elementor-element-f45376d elementor-widget elementor-widget-heading\" data-id=\"f45376d\" data-element_type=\"widget\" data-e-type=\"widget\" data-widget_type=\"heading.default\">\n\t\t\t\t\t<h2 class=\"elementor-heading-title elementor-size-default\">Conoce otras historias inspiradoras, ac\u00e1...<\/h2>\t\t\t\t<\/div>\n\t\t\t\t\t<\/div>\n\t\t\t\t<\/div>\n\t\t<div data-particle_enable=\"false\" data-particle-mobile-disabled=\"false\" class=\"elementor-element elementor-element-fbf9ada e-flex e-con-boxed e-con e-parent\" data-id=\"fbf9ada\" data-element_type=\"container\" data-e-type=\"container\">\n\t\t\t\t\t<div class=\"e-con-inner\">\n\t\t\t\t<div class=\"elementor-element elementor-element-0647e3a elementor-grid-eael-col-3 elementor-grid-tablet-eael-col-2 elementor-grid-mobile-eael-col-1 elementor-widget elementor-widget-eael-post-grid\" data-id=\"0647e3a\" data-element_type=\"widget\" data-e-type=\"widget\" data-settings=\"{&quot;eael_post_grid_columns&quot;:&quot;eael-col-3&quot;,&quot;eael_post_grid_columns_tablet&quot;:&quot;eael-col-2&quot;,&quot;eael_post_grid_columns_mobile&quot;:&quot;eael-col-1&quot;}\" data-widget_type=\"eael-post-grid.default\">\n\t\t\t\t\t<div id=\"eael-post-grid-0647e3a\" class=\"eael-post-grid-container\">\n            <div class=\"eael-post-grid eael-post-appender eael-post-appender-0647e3a eael-post-grid-style-one\" data-layout-mode=\"masonry\"><article class=\"eael-grid-post  eael-post-grid-column eael-pg-post-17697 category-estamos-unidos\" data-id=\"17697\">\n        <div class=\"eael-grid-post-holder\">\n            <div class=\"eael-grid-post-holder-inner\"><div class=\"eael-entry-media\"><div class=\"eael-entry-overlay fade-in\"><i class=\"far fa-hand-pointer\" aria-hidden=\"true\"><\/i><a href=\"https:\/\/soymigrante.com\/revista\/red-migrante-guatemalteca-celebra-festival-del-tamal-en-los-angeles\/\"><\/a><\/div><div class=\"eael-entry-thumbnail \">\n                <img decoding=\"async\" width=\"1024\" height=\"1024\" src=\"https:\/\/soymigrante.com\/revista\/wp-content\/uploads\/2024\/12\/festival-del-tamal-los-angeles-1-1-1024x1024.jpg\" class=\"attachment-large size-large wp-image-17718\" alt=\"Disfrutando comida t\u00edpica en un evento cultural en la comunidad de migrantes en Santiago de Chile. Celebraci\u00f3n con comida tradicional y actividades para la comunidad migrante.\" srcset=\"https:\/\/soymigrante.com\/revista\/wp-content\/uploads\/2024\/12\/festival-del-tamal-los-angeles-1-1-1024x1024.jpg 1024w, https:\/\/soymigrante.com\/revista\/wp-content\/uploads\/2024\/12\/festival-del-tamal-los-angeles-1-1-300x300.jpg 300w, https:\/\/soymigrante.com\/revista\/wp-content\/uploads\/2024\/12\/festival-del-tamal-los-angeles-1-1-150x150.jpg 150w, https:\/\/soymigrante.com\/revista\/wp-content\/uploads\/2024\/12\/festival-del-tamal-los-angeles-1-1-768x768.jpg 768w, https:\/\/soymigrante.com\/revista\/wp-content\/uploads\/2024\/12\/festival-del-tamal-los-angeles-1-1-75x75.webp 75w, https:\/\/soymigrante.com\/revista\/wp-content\/uploads\/2024\/12\/festival-del-tamal-los-angeles-1-1-750x750.webp 750w, https:\/\/soymigrante.com\/revista\/wp-content\/uploads\/2024\/12\/festival-del-tamal-los-angeles-1-1-1140x1140.webp 1140w, https:\/\/soymigrante.com\/revista\/wp-content\/uploads\/2024\/12\/festival-del-tamal-los-angeles-1-1.webp 1325w\" sizes=\"(max-width: 1024px) 100vw, 1024px\" \/>\n            <\/div>\n        <\/div><div class=\"eael-entry-wrapper\"><header class=\"eael-entry-header\"><h2 class=\"eael-entry-title\"><a class=\"eael-grid-post-link\" href=\"https:\/\/soymigrante.com\/revista\/red-migrante-guatemalteca-celebra-festival-del-tamal-en-los-angeles\/\" title=\"Red Migrante Guatemalteca celebra Festival del Tamal en Los Angeles\">Red Migrante Guatemalteca celebra Festival del Tamal en Los Angeles<\/a><\/h2><\/header><div class=\"eael-entry-content\">\n                        <div class=\"eael-grid-post-excerpt\"><a href=\"https:\/\/soymigrante.com\/revista\/red-migrante-guatemalteca-celebra-festival-del-tamal-en-los-angeles\/\" class=\"eael-post-elements-readmore-btn\">CONOCE SU HISTORIA <\/a><\/div>\n                    <\/div><\/div><\/div>\n        <\/div>\n    <\/article><article class=\"eael-grid-post  eael-post-grid-column eael-pg-post-7746 category-estamos-unidos\" data-id=\"7746\">\n        <div class=\"eael-grid-post-holder\">\n            <div class=\"eael-grid-post-holder-inner\"><div class=\"eael-entry-media\"><div class=\"eael-entry-overlay fade-in\"><i class=\"far fa-hand-pointer\" aria-hidden=\"true\"><\/i><a href=\"https:\/\/soymigrante.com\/revista\/ya-se-prepara-el-festival-chapin-en-oklahoma-city\/\"><\/a><\/div><div class=\"eael-entry-thumbnail \">\n                <img loading=\"lazy\" decoding=\"async\" width=\"1024\" height=\"988\" src=\"https:\/\/soymigrante.com\/revista\/wp-content\/uploads\/2024\/07\/Festival-chapin-en-Estados-Unidos-Cuando-y-donde-se-realizara-1024x988.webp\" class=\"attachment-large size-large wp-image-7747\" alt=\"M\u00e9xico, celebraci\u00f3n de cultura y migraci\u00f3n, protagonistas del evento con participantes vestidos con trajes tradicionales y coronas, resaltando la diversidad y orgullo mexicano en SoyMigrante.com REVISTA.\" srcset=\"https:\/\/soymigrante.com\/revista\/wp-content\/uploads\/2024\/07\/Festival-chapin-en-Estados-Unidos-Cuando-y-donde-se-realizara-1024x988.webp 1024w, https:\/\/soymigrante.com\/revista\/wp-content\/uploads\/2024\/07\/Festival-chapin-en-Estados-Unidos-Cuando-y-donde-se-realizara-300x290.webp 300w, https:\/\/soymigrante.com\/revista\/wp-content\/uploads\/2024\/07\/Festival-chapin-en-Estados-Unidos-Cuando-y-donde-se-realizara-768x741.webp 768w, https:\/\/soymigrante.com\/revista\/wp-content\/uploads\/2024\/07\/Festival-chapin-en-Estados-Unidos-Cuando-y-donde-se-realizara-750x724.webp 750w, https:\/\/soymigrante.com\/revista\/wp-content\/uploads\/2024\/07\/Festival-chapin-en-Estados-Unidos-Cuando-y-donde-se-realizara.webp 1090w\" sizes=\"(max-width: 1024px) 100vw, 1024px\" \/>\n            <\/div>\n        <\/div><div class=\"eael-entry-wrapper\"><header class=\"eael-entry-header\"><h2 class=\"eael-entry-title\"><a class=\"eael-grid-post-link\" href=\"https:\/\/soymigrante.com\/revista\/ya-se-prepara-el-festival-chapin-en-oklahoma-city\/\" title=\"Ya se prepara el Festival Chap\u00edn 2024 en Oklahoma City\">Ya se prepara el Festival Chap\u00edn 2024 en Oklahoma City<\/a><\/h2><\/header><div class=\"eael-entry-content\">\n                        <div class=\"eael-grid-post-excerpt\"><a href=\"https:\/\/soymigrante.com\/revista\/ya-se-prepara-el-festival-chapin-en-oklahoma-city\/\" class=\"eael-post-elements-readmore-btn\">CONOCE SU HISTORIA <\/a><\/div>\n                    <\/div><\/div><\/div>\n        <\/div>\n    <\/article><article class=\"eael-grid-post  eael-post-grid-column eael-pg-post-4215 category-exitos\" data-id=\"4215\">\n        <div class=\"eael-grid-post-holder\">\n            <div class=\"eael-grid-post-holder-inner\"><div class=\"eael-entry-media\"><div class=\"eael-entry-overlay fade-in\"><i class=\"far fa-hand-pointer\" aria-hidden=\"true\"><\/i><a href=\"https:\/\/soymigrante.com\/revista\/karina-onofre-migrante-emprendedora-guatemalteca-nueva-york\/\"><\/a><\/div><div class=\"eael-entry-thumbnail \">\n                <img loading=\"lazy\" decoding=\"async\" width=\"1024\" height=\"1003\" src=\"https:\/\/soymigrante.com\/revista\/wp-content\/uploads\/2024\/01\/karina-bandera-1024x1003.jpg\" class=\"attachment-large size-large wp-image-4219\" alt=\"\" srcset=\"https:\/\/soymigrante.com\/revista\/wp-content\/uploads\/2024\/01\/karina-bandera-1024x1003.jpg 1024w, https:\/\/soymigrante.com\/revista\/wp-content\/uploads\/2024\/01\/karina-bandera-300x294.jpg 300w, https:\/\/soymigrante.com\/revista\/wp-content\/uploads\/2024\/01\/karina-bandera-768x752.jpg 768w, https:\/\/soymigrante.com\/revista\/wp-content\/uploads\/2024\/01\/karina-bandera-750x734.jpg 750w, https:\/\/soymigrante.com\/revista\/wp-content\/uploads\/2024\/01\/karina-bandera-1140x1116.jpg 1140w, https:\/\/soymigrante.com\/revista\/wp-content\/uploads\/2024\/01\/karina-bandera.jpg 1336w\" sizes=\"(max-width: 1024px) 100vw, 1024px\" \/>\n            <\/div>\n        <\/div><div class=\"eael-entry-wrapper\"><header class=\"eael-entry-header\"><h2 class=\"eael-entry-title\"><a class=\"eael-grid-post-link\" href=\"https:\/\/soymigrante.com\/revista\/karina-onofre-migrante-emprendedora-guatemalteca-nueva-york\/\" title=\"Brilla en NY la energ\u00eda festiva y laboriosa de la migrante Karina Onofre\">Brilla en NY la energ\u00eda festiva y laboriosa de la migrante Karina Onofre<\/a><\/h2><\/header><div class=\"eael-entry-content\">\n                        <div class=\"eael-grid-post-excerpt\"><a href=\"https:\/\/soymigrante.com\/revista\/karina-onofre-migrante-emprendedora-guatemalteca-nueva-york\/\" class=\"eael-post-elements-readmore-btn\">CONOCE SU HISTORIA <\/a><\/div>\n                    <\/div><\/div><\/div>\n        <\/div>\n    <\/article><\/div>\n            <div class=\"clearfix\"><\/div>\n        <\/div>\t\t\t\t<\/div>\n\t\t\t\t\t<\/div>\n\t\t\t\t<\/div>\n\t\t\t\t<\/div>\n\t\t","protected":false},"excerpt":{"rendered":"<p>El festival Chapines Fest en Nueva York es un espacio para unir la cultura de Guatemala y Estados Unidos. Karina Onofre, una guatemalteca residente en Estados Unidos desde hace 15 a\u00f1os, ha logrado convertir el Chapines Fest en Nueva York en un evento que celebra la cultura guatemalteca, conectando a migrantes y sus familias con [&hellip;]<\/p>\n","protected":false},"author":19,"featured_media":33217,"comment_status":"open","ping_status":"open","sticky":false,"template":"","format":"standard","meta":{"_acf_changed":false,"_eb_attr":"","footnotes":""},"categories":[54],"tags":[],"class_list":["post-33214","post","type-post","status-publish","format-standard","has-post-thumbnail","hentry","category-estamos-unidos"],"acf":[],"aioseo_notices":[],"aioseo_head":"\n\t\t<!-- All in One SEO Pro 4.9.6.2 - aioseo.com -->\n\t<meta name=\"description\" content=\"&quot;Los guatemaltecos somos tendencia y todo mundo quiere saber de nuestra riqueza multicultural&quot;, afirma la migrante Karina Onofre, exitosa organizadora de eventos, actriz, maestra de espa\u00f1ol, influencer y emprendedora gastron\u00f3mica. Piezas de un mosaico de \u00e9xito Optimismo, sonrisa, servicio, amor a Guatemala y esfuerzo constante se conjugan en la vida de Karina Onofre, quien es\" \/>\n\t<meta name=\"robots\" content=\"max-snippet:-1, max-image-preview:large, max-video-preview:-1\" \/>\n\t<meta name=\"author\" content=\"Marysabel Aldana\"\/>\n\t<link rel=\"canonical\" href=\"https:\/\/soymigrante.com\/revista\/festival-chapines-fest-en-nueva-york-un-puente-cultural-entre-guatemala-y-estados-unidos\/\" \/>\n\t<meta name=\"generator\" content=\"All in One SEO Pro (AIOSEO) 4.9.6.2\" \/>\n\n\t\t<link rel=\"preconnect\" href=\"https:\/\/fonts.googleapis.com\" crossorigin>\n<link rel=\"preconnect\" href=\"https:\/\/fonts.gstatic.com\" crossorigin>\n\t\t<meta property=\"og:locale\" content=\"es_ES\" \/>\n\t\t<meta property=\"og:site_name\" content=\"SoyMigrante.com REVISTA \u2013 Nuestra misi\u00f3n es reconocer y dignificar al migrante.\" \/>\n\t\t<meta property=\"og:type\" content=\"article\" \/>\n\t\t<meta property=\"og:title\" content=\"Festival Chapines Fest en Nueva York: Un puente cultural entre Guatemala y Estados Unidos\" \/>\n\t\t<meta property=\"og:description\" content=\"El festival Chapines Fest en Nueva York es un espacio para unir la cultura de Guatemala y Estados Unidos.\" \/>\n\t\t<meta property=\"og:url\" content=\"https:\/\/soymigrante.com\/revista\/festival-chapines-fest-en-nueva-york-un-puente-cultural-entre-guatemala-y-estados-unidos\/\" \/>\n\t\t<meta property=\"og:image\" content=\"https:\/\/soymigrante.com\/revista\/wp-content\/uploads\/2025\/05\/Festival-Chapines-Fest-en-Nueva-York5-e1747075455259.webp\" \/>\n\t\t<meta property=\"og:image:secure_url\" content=\"https:\/\/soymigrante.com\/revista\/wp-content\/uploads\/2025\/05\/Festival-Chapines-Fest-en-Nueva-York5-e1747075455259.webp\" \/>\n\t\t<meta property=\"og:image:width\" content=\"785\" \/>\n\t\t<meta property=\"og:image:height\" content=\"643\" \/>\n\t\t<meta property=\"article:published_time\" content=\"2025-05-13T11:01:00+00:00\" \/>\n\t\t<meta property=\"article:modified_time\" content=\"2025-05-16T23:44:40+00:00\" \/>\n\t\t<meta property=\"article:publisher\" content=\"https:\/\/www.facebook.com\/soymigrantecom\" \/>\n\t\t<meta name=\"twitter:card\" content=\"summary_large_image\" \/>\n\t\t<meta name=\"twitter:site\" content=\"@SoyMigrante_com\" \/>\n\t\t<meta name=\"twitter:title\" content=\"Festival Chapines Fest en Nueva York: Un puente cultural entre Guatemala y Estados Unidos\" \/>\n\t\t<meta name=\"twitter:description\" content=\"El festival Chapines Fest en Nueva York es un espacio para unir la cultura de Guatemala y Estados Unidos.\" \/>\n\t\t<meta name=\"twitter:creator\" content=\"@SoyMigrante_com\" \/>\n\t\t<meta name=\"twitter:image\" content=\"https:\/\/soymigrante.com\/revista\/wp-content\/uploads\/2025\/05\/Festival-Chapines-Fest-en-Nueva-York5-e1747075455259.webp\" \/>\n\t\t<!-- All in One SEO Pro -->\r\n\t\t<title>Festival Chapines Fest en Nueva York: Un puente cultural entre Guatemala y Estados Unidos<\/title>\n\n","aioseo_head_json":{"title":"Festival Chapines Fest en Nueva York: Un puente cultural entre Guatemala y Estados Unidos","description":"El festival Chapines Fest en Nueva York es un espacio para unir la cultura de Guatemala y Estados Unidos.","canonical_url":"https:\/\/soymigrante.com\/revista\/festival-chapines-fest-en-nueva-york-un-puente-cultural-entre-guatemala-y-estados-unidos\/","robots":"max-snippet:-1, max-image-preview:large, max-video-preview:-1","keywords":"","webmasterTools":{"miscellaneous":"&lt;link rel=\"preconnect\" href=\"https:\/\/fonts.googleapis.com\" crossorigin&gt;\n&lt;link rel=\"preconnect\" href=\"https:\/\/fonts.gstatic.com\" crossorigin&gt;"},"schema":null,"og:locale":"es_ES","og:site_name":"SoyMigrante.com REVISTA \u2013 Nuestra misi\u00f3n es reconocer y dignificar al migrante.","og:type":"article","og:title":"Festival Chapines Fest en Nueva York: Un puente cultural entre Guatemala y Estados Unidos","og:description":"El festival Chapines Fest en Nueva York es un espacio para unir la cultura de Guatemala y Estados Unidos.","og:url":"https:\/\/soymigrante.com\/revista\/festival-chapines-fest-en-nueva-york-un-puente-cultural-entre-guatemala-y-estados-unidos\/","og:image":"https:\/\/soymigrante.com\/revista\/wp-content\/uploads\/2025\/05\/Festival-Chapines-Fest-en-Nueva-York5-e1747075455259.webp","og:image:secure_url":"https:\/\/soymigrante.com\/revista\/wp-content\/uploads\/2025\/05\/Festival-Chapines-Fest-en-Nueva-York5-e1747075455259.webp","og:image:width":785,"og:image:height":643,"article:published_time":"2025-05-13T11:01:00+00:00","article:modified_time":"2025-05-16T23:44:40+00:00","article:publisher":"https:\/\/www.facebook.com\/soymigrantecom","twitter:card":"summary_large_image","twitter:site":"@SoyMigrante_com","twitter:title":"Festival Chapines Fest en Nueva York: Un puente cultural entre Guatemala y Estados Unidos","twitter:description":"El festival Chapines Fest en Nueva York es un espacio para unir la cultura de Guatemala y Estados Unidos.","twitter:creator":"@SoyMigrante_com","twitter:image":"https:\/\/soymigrante.com\/revista\/wp-content\/uploads\/2025\/05\/Festival-Chapines-Fest-en-Nueva-York5-e1747075455259.webp"},"aioseo_meta_data":{"post_id":"33214","title":null,"description":"El festival Chapines Fest en Nueva York es un espacio para unir la cultura de Guatemala y Estados Unidos.","keywords":null,"keyphrases":{"focus":{"keyphrase":"Nueva York","score":91,"analysis":{"keyphraseInTitle":{"score":9,"maxScore":9,"error":0},"keyphraseInDescription":{"score":9,"maxScore":9,"error":0},"keyphraseLength":{"score":9,"maxScore":9,"error":0,"length":2},"keyphraseInURL":{"score":5,"maxScore":5,"error":0},"keyphraseInIntroduction":{"score":9,"maxScore":9,"error":0},"keyphraseInSubHeadings":{"score":3,"maxScore":9,"error":1},"keyphraseInImageAlt":{"score":9,"maxScore":9,"error":0},"keywordDensity":{"type":"best","score":9,"maxScore":9,"error":0}}},"additional":[{"keyphrase":"Nueva York","score":100,"analysis":{"keyphraseInDescription":{"score":9,"maxScore":9,"error":0},"keyphraseLength":{"score":9,"maxScore":9,"error":0,"length":2},"keyphraseInIntroduction":{"score":9,"maxScore":9,"error":0},"keyphraseInImageAlt":{"score":9,"maxScore":9,"error":0},"keywordDensity":{"type":"best","score":9,"maxScore":9,"error":0}}},{"keyphrase":"Guatemala","score":67,"analysis":{"keyphraseInDescription":{"score":9,"maxScore":9,"error":0},"keyphraseLength":{"score":9,"maxScore":9,"error":0,"length":1},"keyphraseInIntroduction":{"score":3,"maxScore":9,"error":1},"keyphraseInImageAlt":{"score":9,"maxScore":9,"error":0},"keywordDensity":{"score":0,"type":"low","maxScore":9,"error":1}}},{"keyphrase":"Estados Unidos","score":100,"analysis":{"keyphraseInDescription":{"score":9,"maxScore":9,"error":0},"keyphraseLength":{"score":9,"maxScore":9,"error":0,"length":2},"keyphraseInIntroduction":{"score":9,"maxScore":9,"error":0},"keyphraseInImageAlt":{"score":9,"maxScore":9,"error":0},"keywordDensity":{"type":"best","score":9,"maxScore":9,"error":0}}}]},"primary_term":null,"canonical_url":null,"og_title":null,"og_description":null,"og_object_type":"default","og_image_type":"default","og_image_url":null,"og_image_width":null,"og_image_height":null,"og_image_custom_url":null,"og_image_custom_fields":null,"og_video":"","og_custom_url":null,"og_article_section":null,"og_article_tags":null,"twitter_use_og":false,"twitter_card":"default","twitter_image_type":"default","twitter_image_url":null,"twitter_image_custom_url":null,"twitter_image_custom_fields":null,"twitter_title":null,"twitter_description":null,"schema":{"blockGraphs":[],"customGraphs":[],"default":{"data":{"Article":[],"Course":[],"Dataset":[],"FAQPage":[],"Movie":[],"Person":[],"Product":[],"ProductReview":[],"Car":[],"Recipe":[],"Service":[],"SoftwareApplication":[],"WebPage":[]},"graphName":"none","isEnabled":true},"graphs":[]},"schema_type":"default","schema_type_options":null,"pillar_content":false,"robots_default":true,"robots_noindex":false,"robots_noarchive":false,"robots_nosnippet":false,"robots_nofollow":false,"robots_noimageindex":false,"robots_noodp":false,"robots_notranslate":false,"robots_max_snippet":"-1","robots_max_videopreview":"-1","robots_max_imagepreview":"large","priority":null,"frequency":"default","local_seo":null,"seo_analyzer_scan_date":"2025-10-09 05:05:52","breadcrumb_settings":null,"limit_modified_date":false,"reviewed_by":null,"open_ai":"{\"title\":{\"suggestions\":[],\"usage\":0},\"description\":{\"suggestions\":[],\"usage\":0}}","ai":null,"created":"2025-05-12 18:45:09","updated":"2026-02-04 23:38:12"},"aioseo_breadcrumb":"<div class=\"aioseo-breadcrumbs\"><span class=\"aioseo-breadcrumb\">\n\t<a href=\"https:\/\/soymigrante.com\/revista\" title=\"Home\">Home<\/a>\n<\/span><span class=\"aioseo-breadcrumb-separator\">\u00bb<\/span><span class=\"aioseo-breadcrumb\">\n\t<a href=\"https:\/\/soymigrante.com\/revista\/category\/estamos-unidos\/\" title=\"Estamos Unidos\">Estamos Unidos<\/a>\n<\/span><span class=\"aioseo-breadcrumb-separator\">\u00bb<\/span><span class=\"aioseo-breadcrumb\">\n\tFestival Chapines Fest en Nueva York: Un puente cultural entre Guatemala y Estados Unidos\n<\/span><\/div>","aioseo_breadcrumb_json":[{"label":"Home","link":"https:\/\/soymigrante.com\/revista"},{"label":"Estamos Unidos","link":"https:\/\/soymigrante.com\/revista\/category\/estamos-unidos\/"},{"label":"Festival Chapines Fest en Nueva York: Un puente cultural entre Guatemala y Estados Unidos","link":"https:\/\/soymigrante.com\/revista\/festival-chapines-fest-en-nueva-york-un-puente-cultural-entre-guatemala-y-estados-unidos\/"}],"_links":{"self":[{"href":"https:\/\/soymigrante.com\/revista\/wp-json\/wp\/v2\/posts\/33214","targetHints":{"allow":["GET"]}}],"collection":[{"href":"https:\/\/soymigrante.com\/revista\/wp-json\/wp\/v2\/posts"}],"about":[{"href":"https:\/\/soymigrante.com\/revista\/wp-json\/wp\/v2\/types\/post"}],"author":[{"embeddable":true,"href":"https:\/\/soymigrante.com\/revista\/wp-json\/wp\/v2\/users\/19"}],"replies":[{"embeddable":true,"href":"https:\/\/soymigrante.com\/revista\/wp-json\/wp\/v2\/comments?post=33214"}],"version-history":[{"count":22,"href":"https:\/\/soymigrante.com\/revista\/wp-json\/wp\/v2\/posts\/33214\/revisions"}],"predecessor-version":[{"id":33837,"href":"https:\/\/soymigrante.com\/revista\/wp-json\/wp\/v2\/posts\/33214\/revisions\/33837"}],"wp:featuredmedia":[{"embeddable":true,"href":"https:\/\/soymigrante.com\/revista\/wp-json\/wp\/v2\/media\/33217"}],"wp:attachment":[{"href":"https:\/\/soymigrante.com\/revista\/wp-json\/wp\/v2\/media?parent=33214"}],"wp:term":[{"taxonomy":"category","embeddable":true,"href":"https:\/\/soymigrante.com\/revista\/wp-json\/wp\/v2\/categories?post=33214"},{"taxonomy":"post_tag","embeddable":true,"href":"https:\/\/soymigrante.com\/revista\/wp-json\/wp\/v2\/tags?post=33214"}],"curies":[{"name":"wp","href":"https:\/\/api.w.org\/{rel}","templated":true}]}}