{"id":33208,"date":"2025-05-12T12:44:31","date_gmt":"2025-05-12T18:44:31","guid":{"rendered":"https:\/\/soymigrante.com\/revista\/?p=33208"},"modified":"2025-05-12T18:03:25","modified_gmt":"2025-05-13T00:03:25","slug":"emprendededora-maestra-y-madre-expone-beneficios-de-la-danza-para-ninas-y-ninos","status":"publish","type":"post","link":"https:\/\/soymigrante.com\/revista\/emprendededora-maestra-y-madre-expone-beneficios-de-la-danza-para-ninas-y-ninos\/","title":{"rendered":"Emprendededora, maestra y madre expone beneficios de la danza para ni\u00f1as y ni\u00f1os"},"content":{"rendered":"\t\t<div data-elementor-type=\"wp-post\" data-elementor-id=\"33208\" class=\"elementor elementor-33208\" data-elementor-post-type=\"post\">\n\t\t\t\t<div data-particle_enable=\"false\" data-particle-mobile-disabled=\"false\" class=\"elementor-element elementor-element-6d8ec94 e-flex e-con-boxed e-con e-parent\" data-id=\"6d8ec94\" data-element_type=\"container\" data-e-type=\"container\">\n\t\t\t\t\t<div class=\"e-con-inner\">\n\t\t\t\t<div class=\"elementor-element elementor-element-f0629c2 elementor-widget elementor-widget-heading\" data-id=\"f0629c2\" data-element_type=\"widget\" data-e-type=\"widget\" data-widget_type=\"heading.default\">\n\t\t\t\t\t<h2 class=\"elementor-heading-title elementor-size-default\">Aprender danza cl\u00e1sica es mucho m\u00e1s que movimiento: brinda efectos positivos en ni\u00f1as y ni\u00f1as, al estimular la coordinaci\u00f3n, trabajo en equipo y autoestima, expone la madre, maestra de arte y emprendedora de MERCADO Silvia Flores.<\/h2>\t\t\t\t<\/div>\n\t\t\t\t\t<\/div>\n\t\t\t\t<\/div>\n\t\t<div data-particle_enable=\"false\" data-particle-mobile-disabled=\"false\" class=\"elementor-element elementor-element-5bcd8e6 e-flex e-con-boxed e-con e-parent\" data-id=\"5bcd8e6\" data-element_type=\"container\" data-e-type=\"container\">\n\t\t\t\t\t<div class=\"e-con-inner\">\n\t\t\t\t<div class=\"elementor-element elementor-element-adfbb0d elementor-widget elementor-widget-text-editor\" data-id=\"adfbb0d\" data-element_type=\"widget\" data-e-type=\"widget\" data-widget_type=\"text-editor.default\">\n\t\t\t\t\t\t\t\t\t<p><a href=\"https:\/\/soymigrante.com\/revista\/bolsas-pulseras-y-collares-raices-surgen-con-la-creatividad-y-amor-familiar-de-silvia-flores\/}\"><b>Por Silvia Patricia Flores, egresada de la Escuela Nacional de Danza y emprendedora de SoyMigrante.com MERCADO<\/b><\/a><\/p>\t\t\t\t\t\t\t\t<\/div>\n\t\t\t\t\t<\/div>\n\t\t\t\t<\/div>\n\t\t<div data-particle_enable=\"false\" data-particle-mobile-disabled=\"false\" class=\"elementor-element elementor-element-356bccc e-flex e-con-boxed e-con e-parent\" data-id=\"356bccc\" data-element_type=\"container\" data-e-type=\"container\">\n\t\t\t\t\t<div class=\"e-con-inner\">\n\t\t\t\t<div class=\"elementor-element elementor-element-760c8e0 elementor-widget elementor-widget-text-editor\" data-id=\"760c8e0\" data-element_type=\"widget\" data-e-type=\"widget\" data-widget_type=\"text-editor.default\">\n\t\t\t\t\t\t\t\t\t<p>Para muchos de nosotros es un deleite ver a nuestros <a href=\"https:\/\/soymigrante.com\/revista\/ensenar-a-los-ninos-a-identificar-las-emociones-puede-fortalecerlos\/\">ni\u00f1os <\/a>desarrollar sus habilidades art\u00edsticas. Y es a\u00fan m\u00e1s gratificante cuando estas habilidades, adem\u00e1s de ser un gran aporte cultural, les brindan un espacio seguro donde pueden explorar su mundo interior, fomentar la disciplina, dar rienda suelta a la creatividad y, en el mejor de los casos, fortalecer su identidad.<\/p><p>La danza, como forma de arte, no solo es una actividad f\u00edsica: es tambi\u00e9n una manera de conectar con uno mismo, de expresarse, de crecer. Es un regalo que acompa\u00f1a, transforma y da herramientas para la vida.\u00a0<\/p><p>Con motivo del reciente D\u00eda Internacional de la danza (29 de abril) y a las puertas del mes de <a href=\"https:\/\/soymigrante.com\/revista\/madres-guatemaltecas-manos-laboriosas-corazon-sin-limites-fortaleza-migrante-y-emprendedor\/\">las madres<\/a>, quise unir estos dos \u00e1mbitos con la intenci\u00f3n de impulsar el cultivo de la danza cl\u00e1sica en ni\u00f1as y ni\u00f1os, respondiendo algunas preguntas frecuentes sobre el tema.\u00a0<\/p>\t\t\t\t\t\t\t\t<\/div>\n\t\t\t\t\t<\/div>\n\t\t\t\t<\/div>\n\t\t<div data-particle_enable=\"false\" data-particle-mobile-disabled=\"false\" class=\"elementor-element elementor-element-848c54f e-flex e-con-boxed e-con e-parent\" data-id=\"848c54f\" data-element_type=\"container\" data-e-type=\"container\">\n\t\t\t\t\t<div class=\"e-con-inner\">\n\t\t\t\t<div class=\"elementor-element elementor-element-fec3006 elementor-widget elementor-widget-image\" data-id=\"fec3006\" data-element_type=\"widget\" data-e-type=\"widget\" data-widget_type=\"image.default\">\n\t\t\t\t\t\t\t\t\t\t\t\t<figure class=\"wp-caption\">\n\t\t\t\t\t\t\t\t\t\t<img fetchpriority=\"high\" decoding=\"async\" width=\"768\" height=\"434\" src=\"https:\/\/soymigrante.com\/revista\/wp-content\/uploads\/2025\/05\/Madre-hispana-balletista-ensena-ballet-a-su-hija-y-a-su-hijo-en-un-estudio-1024x579.jpg\" class=\"attachment-large size-large wp-image-33212\" alt=\"Bailarina instructora guiando a j\u00f3venes bailarinas en clase de ballet en un estudio de danza, promoviendo talento y formaci\u00f3n en pr\u00e1cticas art\u00edsticas y culturales.\" srcset=\"https:\/\/soymigrante.com\/revista\/wp-content\/uploads\/2025\/05\/Madre-hispana-balletista-ensena-ballet-a-su-hija-y-a-su-hijo-en-un-estudio-1024x579.jpg 1024w, https:\/\/soymigrante.com\/revista\/wp-content\/uploads\/2025\/05\/Madre-hispana-balletista-ensena-ballet-a-su-hija-y-a-su-hijo-en-un-estudio-300x170.jpg 300w, https:\/\/soymigrante.com\/revista\/wp-content\/uploads\/2025\/05\/Madre-hispana-balletista-ensena-ballet-a-su-hija-y-a-su-hijo-en-un-estudio-768x434.jpg 768w, https:\/\/soymigrante.com\/revista\/wp-content\/uploads\/2025\/05\/Madre-hispana-balletista-ensena-ballet-a-su-hija-y-a-su-hijo-en-un-estudio-1536x868.jpg 1536w, https:\/\/soymigrante.com\/revista\/wp-content\/uploads\/2025\/05\/Madre-hispana-balletista-ensena-ballet-a-su-hija-y-a-su-hijo-en-un-estudio-2048x1158.jpg 2048w, https:\/\/soymigrante.com\/revista\/wp-content\/uploads\/2025\/05\/Madre-hispana-balletista-ensena-ballet-a-su-hija-y-a-su-hijo-en-un-estudio-750x424.jpg 750w, https:\/\/soymigrante.com\/revista\/wp-content\/uploads\/2025\/05\/Madre-hispana-balletista-ensena-ballet-a-su-hija-y-a-su-hijo-en-un-estudio-1140x644.jpg 1140w, https:\/\/soymigrante.com\/revista\/wp-content\/uploads\/2025\/05\/Madre-hispana-balletista-ensena-ballet-a-su-hija-y-a-su-hijo-en-un-estudio-scaled.webp 1920w\" sizes=\"(max-width: 768px) 100vw, 768px\" title=\"La danza cl\u00e1sica brinda beneficios de desarrollo cerebral y psicomotriz que benefician a la persona en su crecimiento, aunque al final no se dedique profesionalmente a este arte, afirma la maestra Silvia Flores. \u2013 SoyMigrante.com REVISTA\" \/>\t\t\t\t\t\t\t\t\t\t\t<figcaption class=\"widget-image-caption wp-caption-text\">Clase de ballet para j\u00f3venes bailarinas en estudio de danza, promoviendo talento, formaci\u00f3n art\u00edstica y cultura en el \u00e1mbito del ballet cl\u00e1sico.<\/figcaption>\n\t\t\t\t\t\t\t\t\t\t<\/figure>\n\t\t\t\t\t\t\t\t\t<\/div>\n\t\t\t\t\t<\/div>\n\t\t\t\t<\/div>\n\t\t<div data-particle_enable=\"false\" data-particle-mobile-disabled=\"false\" class=\"elementor-element elementor-element-450d741 e-flex e-con-boxed e-con e-parent\" data-id=\"450d741\" data-element_type=\"container\" data-e-type=\"container\">\n\t\t\t\t\t<div class=\"e-con-inner\">\n\t\t\t\t<div class=\"elementor-element elementor-element-cafe8ab elementor-widget elementor-widget-heading\" data-id=\"cafe8ab\" data-element_type=\"widget\" data-e-type=\"widget\" data-widget_type=\"heading.default\">\n\t\t\t\t\t<h3 class=\"elementor-heading-title elementor-size-default\">\u00bfCu\u00e1les son los beneficios del aprendizaje de la danza en los ni\u00f1os y las ni\u00f1as?<\/h3>\t\t\t\t<\/div>\n\t\t\t\t\t<\/div>\n\t\t\t\t<\/div>\n\t\t<div data-particle_enable=\"false\" data-particle-mobile-disabled=\"false\" class=\"elementor-element elementor-element-e3afe78 e-flex e-con-boxed e-con e-parent\" data-id=\"e3afe78\" data-element_type=\"container\" data-e-type=\"container\">\n\t\t\t\t\t<div class=\"e-con-inner\">\n\t\t\t\t<div class=\"elementor-element elementor-element-a5d73b0 elementor-widget elementor-widget-text-editor\" data-id=\"a5d73b0\" data-element_type=\"widget\" data-e-type=\"widget\" data-widget_type=\"text-editor.default\">\n\t\t\t\t\t\t\t\t\t<p>Realmente, los beneficios son incre\u00edbles. El cuerpo se convierte en la mejor herramienta para desarrollar una variedad de habilidades y aptitudes: ritmo, memoria, condici\u00f3n f\u00edsica, coordinaci\u00f3n motora y libre expresi\u00f3n a trav\u00e9s del movimiento.<\/p><p>La danza les permite moverse con prop\u00f3sito, divertirse, y al mismo tiempo cultivar la disciplina. Es una actividad que deber\u00eda estar presente de manera consciente en la vida de nuestros ni\u00f1os. Hay muchos estilos de danza, y todos aportan: danza cl\u00e1sica, danzas folcl\u00f3ricas, danza creativa y contempor\u00e1nea, as\u00ed como las regionales y populares. Todas enriquecen.<\/p>\t\t\t\t\t\t\t\t<\/div>\n\t\t\t\t\t<\/div>\n\t\t\t\t<\/div>\n\t\t<div data-particle_enable=\"false\" data-particle-mobile-disabled=\"false\" class=\"elementor-element elementor-element-95c2506 e-flex e-con-boxed e-con e-parent\" data-id=\"95c2506\" data-element_type=\"container\" data-e-type=\"container\">\n\t\t\t\t\t<div class=\"e-con-inner\">\n\t\t\t\t<div class=\"elementor-element elementor-element-c34a3b8 elementor-widget elementor-widget-heading\" data-id=\"c34a3b8\" data-element_type=\"widget\" data-e-type=\"widget\" data-widget_type=\"heading.default\">\n\t\t\t\t\t<h3 class=\"elementor-heading-title elementor-size-default\">\u00bfEs la danza cl\u00e1sica un espacio exclusivo para ni\u00f1as?<\/h3>\t\t\t\t<\/div>\n\t\t\t\t\t<\/div>\n\t\t\t\t<\/div>\n\t\t<div data-particle_enable=\"false\" data-particle-mobile-disabled=\"false\" class=\"elementor-element elementor-element-cb6b711 e-flex e-con-boxed e-con e-parent\" data-id=\"cb6b711\" data-element_type=\"container\" data-e-type=\"container\">\n\t\t\t\t\t<div class=\"e-con-inner\">\n\t\t\t\t<div class=\"elementor-element elementor-element-d1a815d elementor-widget elementor-widget-text-editor\" data-id=\"d1a815d\" data-element_type=\"widget\" data-e-type=\"widget\" data-widget_type=\"text-editor.default\">\n\t\t\t\t\t\t\t\t\t<p>\u00a1Claro que no! En la danza no hay exclusividad de g\u00e9nero. La danza cl\u00e1sica, por ejemplo, es una de las disciplinas m\u00e1s exigentes, y<a href=\"https:\/\/soymigrante.com\/revista\/ensenar-a-los-ninos-a-identificar-las-emociones-puede-fortalecerlos\/\"> tanto ni\u00f1as como ni\u00f1os<\/a> tienen mucho que aportar en ella.<\/p><p>Desde mi experiencia, puedo decir que esta forma de danza es una base fundamental para muchas otras. Los movimientos que realizan los bailarines hombres requieren una gran entrega y esfuerzo f\u00edsico. Es un trabajo constante que, cuando se realiza con dedicaci\u00f3n, genera admiraci\u00f3n por su belleza, t\u00e9cnica y precisi\u00f3n.<\/p>\t\t\t\t\t\t\t\t<\/div>\n\t\t\t\t\t<\/div>\n\t\t\t\t<\/div>\n\t\t<div data-particle_enable=\"false\" data-particle-mobile-disabled=\"false\" class=\"elementor-element elementor-element-7cc3790 e-flex e-con-boxed e-con e-parent\" data-id=\"7cc3790\" data-element_type=\"container\" data-e-type=\"container\">\n\t\t\t\t\t<div class=\"e-con-inner\">\n\t\t\t\t<div class=\"elementor-element elementor-element-093d5ed elementor-widget elementor-widget-html\" data-id=\"093d5ed\" data-element_type=\"widget\" data-e-type=\"widget\" data-widget_type=\"html.default\">\n\t\t\t\t\t<iframe width=\"560\" height=\"315\" src=\"https:\/\/www.youtube.com\/embed\/PNOulYjlalM?si=5uVTyOzTq2KTnpXG&amp;start=3\" title=\"YouTube video player\" frameborder=\"0\" allow=\"accelerometer; autoplay; clipboard-write; encrypted-media; gyroscope; picture-in-picture; web-share\" referrerpolicy=\"strict-origin-when-cross-origin\" allowfullscreen><\/iframe>\t\t\t\t<\/div>\n\t\t\t\t\t<\/div>\n\t\t\t\t<\/div>\n\t\t<div data-particle_enable=\"false\" data-particle-mobile-disabled=\"false\" class=\"elementor-element elementor-element-62294c4 e-flex e-con-boxed e-con e-parent\" data-id=\"62294c4\" data-element_type=\"container\" data-e-type=\"container\">\n\t\t\t\t\t<div class=\"e-con-inner\">\n\t\t\t\t<div class=\"elementor-element elementor-element-6b0114c elementor-widget elementor-widget-heading\" data-id=\"6b0114c\" data-element_type=\"widget\" data-e-type=\"widget\" data-widget_type=\"heading.default\">\n\t\t\t\t\t<h3 class=\"elementor-heading-title elementor-size-default\">\u00bfQu\u00e9 habilidades desarrolla la danza en el cerebro?<\/h3>\t\t\t\t<\/div>\n\t\t\t\t\t<\/div>\n\t\t\t\t<\/div>\n\t\t<div data-particle_enable=\"false\" data-particle-mobile-disabled=\"false\" class=\"elementor-element elementor-element-5034b57 e-flex e-con-boxed e-con e-parent\" data-id=\"5034b57\" data-element_type=\"container\" data-e-type=\"container\">\n\t\t\t\t\t<div class=\"e-con-inner\">\n\t\t\t\t<div class=\"elementor-element elementor-element-d09beae elementor-widget elementor-widget-text-editor\" data-id=\"d09beae\" data-element_type=\"widget\" data-e-type=\"widget\" data-widget_type=\"text-editor.default\">\n\t\t\t\t\t\t\t\t\t<p>Las aptitudes cognitivas que se activan con la pr\u00e1ctica de la danza son m\u00faltiples: memoria, musicalidad, ritmo, inteligencia espacial, kinestesia y expresi\u00f3n corporal. Adem\u00e1s, genera bienestar emocional, fortalece la autoestima y permite una conexi\u00f3n integral entre cuerpo y mente. Esto a su vez mantiene una actitud positiva, abierta a las soluciones y con habilidades para expresar las propias sensaciones a fin de <a href=\"https:\/\/soymigrante.com\/revista\/consejos-para-tener-a-tus-hijos-lejos-de-malas-juntas\/\">evolucionar de una mejor forma como persona.<\/a><\/p>\t\t\t\t\t\t\t\t<\/div>\n\t\t\t\t\t<\/div>\n\t\t\t\t<\/div>\n\t\t<div data-particle_enable=\"false\" data-particle-mobile-disabled=\"false\" class=\"elementor-element elementor-element-9470039 e-flex e-con-boxed e-con e-parent\" data-id=\"9470039\" data-element_type=\"container\" data-e-type=\"container\">\n\t\t\t\t\t<div class=\"e-con-inner\">\n\t\t\t\t<div class=\"elementor-element elementor-element-f9c6a92 elementor-widget elementor-widget-video\" data-id=\"f9c6a92\" data-element_type=\"widget\" data-e-type=\"widget\" data-settings=\"{&quot;youtube_url&quot;:&quot;https:\\\/\\\/youtu.be\\\/1H5tOGBptRk&quot;,&quot;video_type&quot;:&quot;youtube&quot;,&quot;controls&quot;:&quot;yes&quot;}\" data-widget_type=\"video.default\">\n\t\t\t\t\t\t\t<div class=\"elementor-wrapper elementor-open-inline\">\n\t\t\t<div class=\"elementor-video\"><\/div>\t\t<\/div>\n\t\t\t\t\t\t<\/div>\n\t\t\t\t\t<\/div>\n\t\t\t\t<\/div>\n\t\t<div data-particle_enable=\"false\" data-particle-mobile-disabled=\"false\" class=\"elementor-element elementor-element-d63abe9 e-flex e-con-boxed e-con e-parent\" data-id=\"d63abe9\" data-element_type=\"container\" data-e-type=\"container\">\n\t\t\t\t\t<div class=\"e-con-inner\">\n\t\t\t\t<div class=\"elementor-element elementor-element-212ed0f elementor-widget elementor-widget-heading\" data-id=\"212ed0f\" data-element_type=\"widget\" data-e-type=\"widget\" data-widget_type=\"heading.default\">\n\t\t\t\t\t<h3 class=\"elementor-heading-title elementor-size-default\">\u00bfCu\u00e1nto tiempo se debe practicar para obtener los mejores beneficios de la danza?<\/h3>\t\t\t\t<\/div>\n\t\t\t\t\t<\/div>\n\t\t\t\t<\/div>\n\t\t<div data-particle_enable=\"false\" data-particle-mobile-disabled=\"false\" class=\"elementor-element elementor-element-661eae3 e-flex e-con-boxed e-con e-parent\" data-id=\"661eae3\" data-element_type=\"container\" data-e-type=\"container\">\n\t\t\t\t\t<div class=\"e-con-inner\">\n\t\t\t\t<div class=\"elementor-element elementor-element-eb61ef2 elementor-widget elementor-widget-text-editor\" data-id=\"eb61ef2\" data-element_type=\"widget\" data-e-type=\"widget\" data-widget_type=\"text-editor.default\">\n\t\t\t\t\t\t\t\t\t<p>Como toda disciplina, la danza requiere compromiso, entrega y esfuerzo f\u00edsico. Lo ideal es una pr\u00e1ctica diaria, pero tambi\u00e9n es posible ver avances significativos con al menos tres d\u00edas por semana, siempre que haya una buena t\u00e9cnica de ense\u00f1anza-aprendizaje. La constancia hace la diferencia.<\/p>\t\t\t\t\t\t\t\t<\/div>\n\t\t\t\t\t<\/div>\n\t\t\t\t<\/div>\n\t\t<div data-particle_enable=\"false\" data-particle-mobile-disabled=\"false\" class=\"elementor-element elementor-element-35b7c93 e-flex e-con-boxed e-con e-parent\" data-id=\"35b7c93\" data-element_type=\"container\" data-e-type=\"container\">\n\t\t\t\t\t<div class=\"e-con-inner\">\n\t\t\t\t<div class=\"elementor-element elementor-element-95d05d5 elementor-widget elementor-widget-image\" data-id=\"95d05d5\" data-element_type=\"widget\" data-e-type=\"widget\" data-widget_type=\"image.default\">\n\t\t\t\t\t\t\t\t\t\t\t\t<figure class=\"wp-caption\">\n\t\t\t\t\t\t\t\t\t\t<img decoding=\"async\" width=\"762\" height=\"960\" src=\"https:\/\/soymigrante.com\/revista\/wp-content\/uploads\/2025\/05\/silvia-flores-bailarina.webp\" class=\"attachment-large size-large wp-image-33215\" alt=\"SoyMigrante.com REVISTA - Imagen de una bailarina realizando una pose de ballet en un estudio con cortinas y espejo, celebrando la pasi\u00f3n por el ballet y la danza cl\u00e1sica para art\u00edculos de cultura y arte.\" srcset=\"https:\/\/soymigrante.com\/revista\/wp-content\/uploads\/2025\/05\/silvia-flores-bailarina.webp 762w, https:\/\/soymigrante.com\/revista\/wp-content\/uploads\/2025\/05\/silvia-flores-bailarina-238x300.jpg 238w, https:\/\/soymigrante.com\/revista\/wp-content\/uploads\/2025\/05\/silvia-flores-bailarina-750x945.webp 750w\" sizes=\"(max-width: 762px) 100vw, 762px\" title=\"Silvia Flores fue bailarina y tambi\u00e9n maestra de ballet,  hoy es emprendedora de Soymigrante.com MERCADO \u2013 SoyMigrante.com REVISTA\" \/>\t\t\t\t\t\t\t\t\t\t\t<figcaption class=\"widget-image-caption wp-caption-text\">Bailarina practicando ballet en casa, mostrando talento y dedicaci\u00f3n en su entrenamiento personal.<\/figcaption>\n\t\t\t\t\t\t\t\t\t\t<\/figure>\n\t\t\t\t\t\t\t\t\t<\/div>\n\t\t\t\t\t<\/div>\n\t\t\t\t<\/div>\n\t\t<div data-particle_enable=\"false\" data-particle-mobile-disabled=\"false\" class=\"elementor-element elementor-element-d4f6858 e-flex e-con-boxed e-con e-parent\" data-id=\"d4f6858\" data-element_type=\"container\" data-e-type=\"container\">\n\t\t\t\t\t<div class=\"e-con-inner\">\n\t\t\t\t<div class=\"elementor-element elementor-element-35bbbcb elementor-widget elementor-widget-heading\" data-id=\"35bbbcb\" data-element_type=\"widget\" data-e-type=\"widget\" data-widget_type=\"heading.default\">\n\t\t\t\t\t<h3 class=\"elementor-heading-title elementor-size-default\">\u00bfQu\u00e9 necesitamos para poder llegar a la pr\u00e1ctica de la danza?<\/h3>\t\t\t\t<\/div>\n\t\t\t\t\t<\/div>\n\t\t\t\t<\/div>\n\t\t<div data-particle_enable=\"false\" data-particle-mobile-disabled=\"false\" class=\"elementor-element elementor-element-4dba9c2 e-flex e-con-boxed e-con e-parent\" data-id=\"4dba9c2\" data-element_type=\"container\" data-e-type=\"container\">\n\t\t\t\t\t<div class=\"e-con-inner\">\n\t\t\t\t<div class=\"elementor-element elementor-element-8a1267c elementor-widget elementor-widget-text-editor\" data-id=\"8a1267c\" data-element_type=\"widget\" data-e-type=\"widget\" data-widget_type=\"text-editor.default\">\n\t\t\t\t\t\t\t\t\t<p>Independientemente del tipo de danza que se practique, lo m\u00e1s importante es que los ni\u00f1os y ni\u00f1as tengan acceso a espacios seguros y adecuados donde puedan recibir clases, sin que esto represente un desgaste econ\u00f3mico para las familias. Lo esencial es comenzar a practicar y, con el tiempo, ir descubriendo los beneficios tanto f\u00edsicos como emocionales que la danza les brinda. <a href=\"https:\/\/soymigrante.com\/revista\/acuerdos-entre-padres-e-hijos-son-lo-mas-inteligente-para-fortalecer-la-familia\/\">Los padres<\/a> pueden no solo observar la transformaci\u00f3n positiva, sino conversar sobre ella para mejorar el enriquecimiento vital de sus hijos.<\/p>\t\t\t\t\t\t\t\t<\/div>\n\t\t\t\t\t<\/div>\n\t\t\t\t<\/div>\n\t\t<div data-particle_enable=\"false\" data-particle-mobile-disabled=\"false\" class=\"elementor-element elementor-element-15b423d e-flex e-con-boxed e-con e-parent\" data-id=\"15b423d\" data-element_type=\"container\" data-e-type=\"container\">\n\t\t\t\t\t<div class=\"e-con-inner\">\n\t\t\t\t<div class=\"elementor-element elementor-element-590bb8b elementor-grid-eael-col-1 elementor-grid-tablet-eael-col-2 elementor-grid-mobile-eael-col-1 elementor-widget elementor-widget-eael-post-grid\" data-id=\"590bb8b\" data-element_type=\"widget\" data-e-type=\"widget\" data-settings=\"{&quot;eael_post_grid_columns&quot;:&quot;eael-col-1&quot;,&quot;eael_post_grid_columns_tablet&quot;:&quot;eael-col-2&quot;,&quot;eael_post_grid_columns_mobile&quot;:&quot;eael-col-1&quot;}\" data-widget_type=\"eael-post-grid.default\">\n\t\t\t\t\t<div id=\"eael-post-grid-590bb8b\" class=\"eael-post-grid-container\">\n            <div class=\"eael-post-grid eael-post-appender eael-post-appender-590bb8b eael-post-grid-style-one\" data-layout-mode=\"masonry\"><article class=\"eael-grid-post  eael-post-grid-column eael-pg-post-21003 category-guate-nuestra tags-mercado-emprendedores\" data-id=\"21003\">\n        <div class=\"eael-grid-post-holder\">\n            <div class=\"eael-grid-post-holder-inner\"><div class=\"eael-entry-media\"><div class=\"eael-entry-overlay fade-in\"><i class=\"far fa-hand-pointer\" aria-hidden=\"true\"><\/i><a href=\"https:\/\/soymigrante.com\/revista\/bolsas-pulseras-y-collares-raices-surgen-con-la-creatividad-y-amor-familiar-de-silvia-flores\/\"><\/a><\/div><div class=\"eael-entry-thumbnail eael-image-ratio\">\n                <img decoding=\"async\" width=\"721\" height=\"721\" src=\"https:\/\/soymigrante.com\/revista\/wp-content\/uploads\/2025\/01\/silvia-patricia-raices-1.webp\" class=\"attachment-large size-large wp-image-21004\" alt=\"Artesan\u00edas y joyer\u00eda de migrantes en exclusivo mercado con enfoque en cultura y tradici\u00f3n.\" srcset=\"https:\/\/soymigrante.com\/revista\/wp-content\/uploads\/2025\/01\/silvia-patricia-raices-1.webp 721w, https:\/\/soymigrante.com\/revista\/wp-content\/uploads\/2025\/01\/silvia-patricia-raices-1-300x300.jpg 300w, https:\/\/soymigrante.com\/revista\/wp-content\/uploads\/2025\/01\/silvia-patricia-raices-1-150x150.jpg 150w, https:\/\/soymigrante.com\/revista\/wp-content\/uploads\/2025\/01\/silvia-patricia-raices-1-75x75.webp 75w\" sizes=\"(max-width: 721px) 100vw, 721px\" \/>\n            <\/div>\n        <\/div><div class=\"eael-entry-wrapper\"><header class=\"eael-entry-header\"><h2 class=\"eael-entry-title\"><a class=\"eael-grid-post-link\" href=\"https:\/\/soymigrante.com\/revista\/bolsas-pulseras-y-collares-raices-surgen-con-la-creatividad-y-amor-familiar-de-silvia-flores\/\" title=\"Bolsas, pulseras y collares Ra\u00edces surgen con la creatividad y amor familiar de Silvia Flores\">Bolsas, pulseras y collares Ra\u00edces surgen con la creatividad y amor familiar de Silvia Flores<\/a><\/h2><\/header><div class=\"eael-entry-content\">\n                        <div class=\"eael-grid-post-excerpt\"><a href=\"https:\/\/soymigrante.com\/revista\/bolsas-pulseras-y-collares-raices-surgen-con-la-creatividad-y-amor-familiar-de-silvia-flores\/\" class=\"eael-post-elements-readmore-btn\">CONOCE SU HISTORIA <\/a><\/div>\n                    <\/div><\/div><\/div>\n        <\/div>\n    <\/article><\/div>\n            <div class=\"clearfix\"><\/div>\n        <\/div>\t\t\t\t<\/div>\n\t\t\t\t\t<\/div>\n\t\t\t\t<\/div>\n\t\t<div data-particle_enable=\"false\" data-particle-mobile-disabled=\"false\" class=\"elementor-element elementor-element-63dae20 e-flex e-con-boxed e-con e-parent\" data-id=\"63dae20\" data-element_type=\"container\" data-e-type=\"container\">\n\t\t\t\t\t<div class=\"e-con-inner\">\n\t\t\t\t<div class=\"elementor-element elementor-element-81f57d6 elementor-widget elementor-widget-heading\" data-id=\"81f57d6\" data-element_type=\"widget\" data-e-type=\"widget\" data-widget_type=\"heading.default\">\n\t\t\t\t\t<h3 class=\"elementor-heading-title elementor-size-default\">\u00bfQu\u00e9 actitudes benefician y cu\u00e1les perjudican la pr\u00e1ctica de la danza?<\/h3>\t\t\t\t<\/div>\n\t\t\t\t\t<\/div>\n\t\t\t\t<\/div>\n\t\t<div data-particle_enable=\"false\" data-particle-mobile-disabled=\"false\" class=\"elementor-element elementor-element-ac125d8 e-flex e-con-boxed e-con e-parent\" data-id=\"ac125d8\" data-element_type=\"container\" data-e-type=\"container\">\n\t\t\t\t\t<div class=\"e-con-inner\">\n\t\t\t\t<div class=\"elementor-element elementor-element-725b2d4 elementor-widget elementor-widget-text-editor\" data-id=\"725b2d4\" data-element_type=\"widget\" data-e-type=\"widget\" data-widget_type=\"text-editor.default\">\n\t\t\t\t\t\t\t\t\t<p>Las actitudes positivas como la disciplina, el compromiso y la constancia favorecen much\u00edsimo la pr\u00e1ctica de la danza. Tambi\u00e9n es fundamental mantener una buena condici\u00f3n f\u00edsica, ya que la exigencia es alta tanto a nivel corporal como emocional.<\/p><p>Por otro lado, una pr\u00e1ctica pobre en t\u00e9cnica, sin espacios adecuados o con poco tiempo invertido, puede afectar negativamente. Los avances se perciben en el cuerpo y en la expresi\u00f3n, y cuando faltan elementos clave, los resultados se ven limitados.\u00a0<\/p>\t\t\t\t\t\t\t\t<\/div>\n\t\t\t\t\t<\/div>\n\t\t\t\t<\/div>\n\t\t<div data-particle_enable=\"false\" data-particle-mobile-disabled=\"false\" class=\"elementor-element elementor-element-54c9aa1 e-flex e-con-boxed e-con e-parent\" data-id=\"54c9aa1\" data-element_type=\"container\" data-e-type=\"container\">\n\t\t\t\t\t<div class=\"e-con-inner\">\n\t\t\t\t<div class=\"elementor-element elementor-element-36ea51f elementor-widget elementor-widget-image\" data-id=\"36ea51f\" data-element_type=\"widget\" data-e-type=\"widget\" data-widget_type=\"image.default\">\n\t\t\t\t\t\t\t\t\t\t\t\t<figure class=\"wp-caption\">\n\t\t\t\t\t\t\t\t\t\t<img loading=\"lazy\" decoding=\"async\" width=\"768\" height=\"434\" src=\"https:\/\/soymigrante.com\/revista\/wp-content\/uploads\/2025\/05\/Madre-hispana-balletista-ensena-ballet-a-su-pequena-hija-en-un-estudio-de-danza-1024x579.jpg\" class=\"attachment-large size-large wp-image-33216\" alt=\"Joven bailarina y su instructora en clase de ballet en un estudio de danza, ensayando movimientos y t\u00e9cnicas de ballet en un entorno de gimnasio con luz natural.\" srcset=\"https:\/\/soymigrante.com\/revista\/wp-content\/uploads\/2025\/05\/Madre-hispana-balletista-ensena-ballet-a-su-pequena-hija-en-un-estudio-de-danza-1024x579.jpg 1024w, https:\/\/soymigrante.com\/revista\/wp-content\/uploads\/2025\/05\/Madre-hispana-balletista-ensena-ballet-a-su-pequena-hija-en-un-estudio-de-danza-300x170.jpg 300w, https:\/\/soymigrante.com\/revista\/wp-content\/uploads\/2025\/05\/Madre-hispana-balletista-ensena-ballet-a-su-pequena-hija-en-un-estudio-de-danza-768x434.jpg 768w, https:\/\/soymigrante.com\/revista\/wp-content\/uploads\/2025\/05\/Madre-hispana-balletista-ensena-ballet-a-su-pequena-hija-en-un-estudio-de-danza-750x424.webp 750w, https:\/\/soymigrante.com\/revista\/wp-content\/uploads\/2025\/05\/Madre-hispana-balletista-ensena-ballet-a-su-pequena-hija-en-un-estudio-de-danza-1140x644.webp 1140w, https:\/\/soymigrante.com\/revista\/wp-content\/uploads\/2025\/05\/Madre-hispana-balletista-ensena-ballet-a-su-pequena-hija-en-un-estudio-de-danza.webp 1472w\" sizes=\"(max-width: 768px) 100vw, 768px\" title=\"La pr\u00e1ctica de la danza cl\u00e1sica contribuye a formar personas con autoestima, seguras de s\u00ed mismas y a la vez con mucha empat\u00eda a los dem\u00e1s. \u2013 SoyMigrante.com REVISTA\" \/>\t\t\t\t\t\t\t\t\t\t\t<figcaption class=\"widget-image-caption wp-caption-text\">Bailarina y instructor en clase de ballet en estudio de danza, trabajando en postura y t\u00e9cnica de ballet, en un ambiente luminoso y profesional.<\/figcaption>\n\t\t\t\t\t\t\t\t\t\t<\/figure>\n\t\t\t\t\t\t\t\t\t<\/div>\n\t\t\t\t\t<\/div>\n\t\t\t\t<\/div>\n\t\t<div data-particle_enable=\"false\" data-particle-mobile-disabled=\"false\" class=\"elementor-element elementor-element-bc0dbdc e-flex e-con-boxed e-con e-parent\" data-id=\"bc0dbdc\" data-element_type=\"container\" data-e-type=\"container\">\n\t\t\t\t\t<div class=\"e-con-inner\">\n\t\t\t\t<div class=\"elementor-element elementor-element-7c8b25c elementor-widget elementor-widget-heading\" data-id=\"7c8b25c\" data-element_type=\"widget\" data-e-type=\"widget\" data-widget_type=\"heading.default\">\n\t\t\t\t\t<h3 class=\"elementor-heading-title elementor-size-default\">Una invitaci\u00f3n desde la experiencia<\/h3>\t\t\t\t<\/div>\n\t\t\t\t\t<\/div>\n\t\t\t\t<\/div>\n\t\t<div data-particle_enable=\"false\" data-particle-mobile-disabled=\"false\" class=\"elementor-element elementor-element-728ae68 e-flex e-con-boxed e-con e-parent\" data-id=\"728ae68\" data-element_type=\"container\" data-e-type=\"container\">\n\t\t\t\t\t<div class=\"e-con-inner\">\n\t\t\t\t<div class=\"elementor-element elementor-element-c7b4107 elementor-widget elementor-widget-text-editor\" data-id=\"c7b4107\" data-element_type=\"widget\" data-e-type=\"widget\" data-widget_type=\"text-editor.default\">\n\t\t\t\t\t\t\t\t\t<p>La danza es tambi\u00e9n un don que debemos valorar, apreciar y ense\u00f1ar. Nos conecta con nuestras ra\u00edces, fortalece nuestras capacidades cognitivas y motrices, y nos llena de satisfacci\u00f3n cuando se practica con amor.<\/p>\n<p>Como <a href=\"https:\/\/soymigrante.com\/revista\/madres-migrantes-guatemaltecas-responden-que-tradiciones-valores-y-elementos-de-identidad-inculca-a-sus-hijos\/\">mam\u00e1<\/a>, como bailarina y como testigo del arte en mis propios hijos, les exhorto a que apoyemos estas iniciativas. Que seamos ese peque\u00f1o impulso, esa motivaci\u00f3n constante que los anime a descubrir y valorar sus talentos. Porque cuando los ni\u00f1os y ni\u00f1as se sienten apoyados, su crecimiento \u2014personal, art\u00edstico y emocional\u2014 es verdaderamente transformador.<\/p>\t\t\t\t\t\t\t\t<\/div>\n\t\t\t\t\t<\/div>\n\t\t\t\t<\/div>\n\t\t<div data-particle_enable=\"false\" data-particle-mobile-disabled=\"false\" class=\"elementor-element elementor-element-04e05ca e-flex e-con-boxed e-con e-parent\" data-id=\"04e05ca\" data-element_type=\"container\" data-e-type=\"container\">\n\t\t\t\t\t<div class=\"e-con-inner\">\n\t\t\t\t<div class=\"elementor-element elementor-element-5ca55ea elementor-widget elementor-widget-image\" data-id=\"5ca55ea\" data-element_type=\"widget\" data-e-type=\"widget\" data-widget_type=\"image.default\">\n\t\t\t\t\t\t\t\t\t\t\t\t<figure class=\"wp-caption\">\n\t\t\t\t\t\t\t\t\t\t<img loading=\"lazy\" decoding=\"async\" width=\"768\" height=\"432\" src=\"https:\/\/soymigrante.com\/revista\/wp-content\/uploads\/2025\/05\/silvia-flores-madre-maestra-de-danza-y-emprendedora-de-Mercado-1024x576.jpg\" class=\"attachment-large size-large wp-image-33218\" alt=\"Personas sonriendo en evento cultural o de networking, mostrando diversidad y comunidad, relacionado con temas de migraci\u00f3n y cultura en la revista SoyMigrante.com REVISTA.\" srcset=\"https:\/\/soymigrante.com\/revista\/wp-content\/uploads\/2025\/05\/silvia-flores-madre-maestra-de-danza-y-emprendedora-de-Mercado-1024x576.jpg 1024w, https:\/\/soymigrante.com\/revista\/wp-content\/uploads\/2025\/05\/silvia-flores-madre-maestra-de-danza-y-emprendedora-de-Mercado-300x169.jpg 300w, https:\/\/soymigrante.com\/revista\/wp-content\/uploads\/2025\/05\/silvia-flores-madre-maestra-de-danza-y-emprendedora-de-Mercado-768x432.jpg 768w, https:\/\/soymigrante.com\/revista\/wp-content\/uploads\/2025\/05\/silvia-flores-madre-maestra-de-danza-y-emprendedora-de-Mercado-750x422.jpg 750w, https:\/\/soymigrante.com\/revista\/wp-content\/uploads\/2025\/05\/silvia-flores-madre-maestra-de-danza-y-emprendedora-de-Mercado-1140x641.jpg 1140w, https:\/\/soymigrante.com\/revista\/wp-content\/uploads\/2025\/05\/silvia-flores-madre-maestra-de-danza-y-emprendedora-de-Mercado.jpg 1280w\" sizes=\"(max-width: 768px) 100vw, 768px\" title=\"Silvia Flores, autora de este aporte a Lugar de Voces de SoyMigrante.com, junto a sus tres hijos, a quienes ella muestra como prueba de los beneficios de la pr\u00e1ctica de la danza cl\u00e1sica. \u2013 SoyMigrante.com REVISTA\" \/>\t\t\t\t\t\t\t\t\t\t\t<figcaption class=\"widget-image-caption wp-caption-text\">Diversas personas felices en un encuentro cultural, resaltando la importancia del migrante y la comunidad en la publicaci\u00f3n SoyMigrante.com Revista.<\/figcaption>\n\t\t\t\t\t\t\t\t\t\t<\/figure>\n\t\t\t\t\t\t\t\t\t<\/div>\n\t\t\t\t\t<\/div>\n\t\t\t\t<\/div>\n\t\t<div data-particle_enable=\"false\" data-particle-mobile-disabled=\"false\" class=\"elementor-element elementor-element-7b2855a e-flex e-con-boxed e-con e-parent\" data-id=\"7b2855a\" data-element_type=\"container\" data-e-type=\"container\">\n\t\t\t\t\t<div class=\"e-con-inner\">\n\t\t\t\t<div class=\"elementor-element elementor-element-3be5106 elementor-widget elementor-widget-heading\" data-id=\"3be5106\" data-element_type=\"widget\" data-e-type=\"widget\" data-widget_type=\"heading.default\">\n\t\t\t\t\t<h2 class=\"elementor-heading-title elementor-size-default\">En SoyMigrante.com estamos para servirte temas positivos y propositivos<\/h2>\t\t\t\t<\/div>\n\t\t\t\t\t<\/div>\n\t\t\t\t<\/div>\n\t\t<div data-particle_enable=\"false\" data-particle-mobile-disabled=\"false\" class=\"elementor-element elementor-element-b244dc4 e-flex e-con-boxed e-con e-parent\" data-id=\"b244dc4\" data-element_type=\"container\" data-e-type=\"container\">\n\t\t\t\t\t<div class=\"e-con-inner\">\n\t\t\t\t<div class=\"elementor-element elementor-element-6c54f1a elementor-grid-eael-col-3 elementor-grid-tablet-eael-col-2 elementor-grid-mobile-eael-col-1 elementor-widget elementor-widget-eael-post-grid\" data-id=\"6c54f1a\" data-element_type=\"widget\" data-e-type=\"widget\" data-settings=\"{&quot;eael_post_grid_columns&quot;:&quot;eael-col-3&quot;,&quot;eael_post_grid_columns_tablet&quot;:&quot;eael-col-2&quot;,&quot;eael_post_grid_columns_mobile&quot;:&quot;eael-col-1&quot;}\" data-widget_type=\"eael-post-grid.default\">\n\t\t\t\t\t<div id=\"eael-post-grid-6c54f1a\" class=\"eael-post-grid-container\">\n            <div class=\"eael-post-grid eael-post-appender eael-post-appender-6c54f1a eael-post-grid-style-one\" data-layout-mode=\"masonry\"><article class=\"eael-grid-post  eael-post-grid-column eael-pg-post-8306 category-lugar-de-voces\" data-id=\"8306\">\n        <div class=\"eael-grid-post-holder\">\n            <div class=\"eael-grid-post-holder-inner\"><div class=\"eael-entry-media\"><div class=\"eael-entry-overlay fade-in\"><i class=\"far fa-hand-pointer\" aria-hidden=\"true\"><\/i><a href=\"https:\/\/soymigrante.com\/revista\/guatemaltecos-en-oklahoma-seran-reconocidos-por-su-cultura\/\"><\/a><\/div><div class=\"eael-entry-thumbnail \">\n                <img loading=\"lazy\" decoding=\"async\" width=\"1024\" height=\"1024\" src=\"https:\/\/soymigrante.com\/revista\/wp-content\/uploads\/2024\/08\/Guatemaltecos-en-Oklahoma-seran-reconocidos-por-su-cultura-1024x1024.webp\" class=\"attachment-large size-large wp-image-8307\" alt=\"Retrato de tres j\u00f3venes en ropa formal frente a un mural colorido con aves y plantas, celebrando la cultura y diversidad en un evento de migrantes, reflejando orgullo y identidad.\" srcset=\"https:\/\/soymigrante.com\/revista\/wp-content\/uploads\/2024\/08\/Guatemaltecos-en-Oklahoma-seran-reconocidos-por-su-cultura-1024x1024.webp 1024w, https:\/\/soymigrante.com\/revista\/wp-content\/uploads\/2024\/08\/Guatemaltecos-en-Oklahoma-seran-reconocidos-por-su-cultura-300x300.webp 300w, https:\/\/soymigrante.com\/revista\/wp-content\/uploads\/2024\/08\/Guatemaltecos-en-Oklahoma-seran-reconocidos-por-su-cultura-150x150.webp 150w, https:\/\/soymigrante.com\/revista\/wp-content\/uploads\/2024\/08\/Guatemaltecos-en-Oklahoma-seran-reconocidos-por-su-cultura-768x768.webp 768w, https:\/\/soymigrante.com\/revista\/wp-content\/uploads\/2024\/08\/Guatemaltecos-en-Oklahoma-seran-reconocidos-por-su-cultura-1536x1536.webp 1536w, https:\/\/soymigrante.com\/revista\/wp-content\/uploads\/2024\/08\/Guatemaltecos-en-Oklahoma-seran-reconocidos-por-su-cultura-75x75.webp 75w, https:\/\/soymigrante.com\/revista\/wp-content\/uploads\/2024\/08\/Guatemaltecos-en-Oklahoma-seran-reconocidos-por-su-cultura-750x750.webp 750w, https:\/\/soymigrante.com\/revista\/wp-content\/uploads\/2024\/08\/Guatemaltecos-en-Oklahoma-seran-reconocidos-por-su-cultura-1140x1140.jpeg 1140w, https:\/\/soymigrante.com\/revista\/wp-content\/uploads\/2024\/08\/Guatemaltecos-en-Oklahoma-seran-reconocidos-por-su-cultura.webp 1600w\" sizes=\"(max-width: 1024px) 100vw, 1024px\" \/>\n            <\/div>\n        <\/div><div class=\"eael-entry-wrapper\"><header class=\"eael-entry-header\"><h2 class=\"eael-entry-title\"><a class=\"eael-grid-post-link\" href=\"https:\/\/soymigrante.com\/revista\/guatemaltecos-en-oklahoma-seran-reconocidos-por-su-cultura\/\" title=\"Guatemaltecos en Oklahoma ser\u00e1n reconocidos por sus logros y aportes\">Guatemaltecos en Oklahoma ser\u00e1n reconocidos por sus logros y aportes<\/a><\/h2><\/header><div class=\"eael-entry-content\">\n                        <div class=\"eael-grid-post-excerpt\"><a href=\"https:\/\/soymigrante.com\/revista\/guatemaltecos-en-oklahoma-seran-reconocidos-por-su-cultura\/\" class=\"eael-post-elements-readmore-btn\">CONOCE SU HISTORIA <\/a><\/div>\n                    <\/div><\/div><\/div>\n        <\/div>\n    <\/article><article class=\"eael-grid-post  eael-post-grid-column eael-pg-post-6366 category-lugar-de-voces\" data-id=\"6366\">\n        <div class=\"eael-grid-post-holder\">\n            <div class=\"eael-grid-post-holder-inner\"><div class=\"eael-entry-media\"><div class=\"eael-entry-overlay fade-in\"><i class=\"far fa-hand-pointer\" aria-hidden=\"true\"><\/i><a href=\"https:\/\/soymigrante.com\/revista\/articulo-guatemalteco-carlos-martinez-arquitecto-canada\/\"><\/a><\/div><div class=\"eael-entry-thumbnail \">\n                <img loading=\"lazy\" decoding=\"async\" width=\"662\" height=\"662\" src=\"https:\/\/soymigrante.com\/revista\/wp-content\/uploads\/2024\/05\/Captura-de-pantalla-2024-05-11-114759-e1715691885958.webp\" class=\"attachment-large size-large wp-image-6372\" alt=\"Relevancia.\" srcset=\"https:\/\/soymigrante.com\/revista\/wp-content\/uploads\/2024\/05\/Captura-de-pantalla-2024-05-11-114759-e1715691885958.webp 662w, https:\/\/soymigrante.com\/revista\/wp-content\/uploads\/2024\/05\/Captura-de-pantalla-2024-05-11-114759-e1715691885958-300x300.webp 300w, https:\/\/soymigrante.com\/revista\/wp-content\/uploads\/2024\/05\/Captura-de-pantalla-2024-05-11-114759-e1715691885958-150x150.webp 150w, https:\/\/soymigrante.com\/revista\/wp-content\/uploads\/2024\/05\/Captura-de-pantalla-2024-05-11-114759-e1715691885958-75x75.webp 75w\" sizes=\"(max-width: 662px) 100vw, 662px\" \/>\n            <\/div>\n        <\/div><div class=\"eael-entry-wrapper\"><header class=\"eael-entry-header\"><h2 class=\"eael-entry-title\"><a class=\"eael-grid-post-link\" href=\"https:\/\/soymigrante.com\/revista\/articulo-guatemalteco-carlos-martinez-arquitecto-canada\/\" title=\"Una fracci\u00f3n de m\u00ed se qued\u00f3 en Guatemala: estigmas y migraci\u00f3n\">Una fracci\u00f3n de m\u00ed se qued\u00f3 en Guatemala: estigmas y migraci\u00f3n<\/a><\/h2><\/header><div class=\"eael-entry-content\">\n                        <div class=\"eael-grid-post-excerpt\"><a href=\"https:\/\/soymigrante.com\/revista\/articulo-guatemalteco-carlos-martinez-arquitecto-canada\/\" class=\"eael-post-elements-readmore-btn\">CONOCE SU HISTORIA <\/a><\/div>\n                    <\/div><\/div><\/div>\n        <\/div>\n    <\/article><article class=\"eael-grid-post  eael-post-grid-column eael-pg-post-4190 category-lugar-de-voces\" data-id=\"4190\">\n        <div class=\"eael-grid-post-holder\">\n            <div class=\"eael-grid-post-holder-inner\"><div class=\"eael-entry-media\"><div class=\"eael-entry-overlay fade-in\"><i class=\"far fa-hand-pointer\" aria-hidden=\"true\"><\/i><a href=\"https:\/\/soymigrante.com\/revista\/consejos-metas-ano-nuevo-por-escritor-guatemalteco-migrante-manuel-orantes\/\"><\/a><\/div><div class=\"eael-entry-thumbnail \">\n                <img loading=\"lazy\" decoding=\"async\" width=\"1024\" height=\"569\" src=\"https:\/\/soymigrante.com\/revista\/wp-content\/uploads\/2024\/01\/vie-1-1024x569.webp\" class=\"attachment-large size-large wp-image-4211\" alt=\"\" srcset=\"https:\/\/soymigrante.com\/revista\/wp-content\/uploads\/2024\/01\/vie-1-1024x569.webp 1024w, https:\/\/soymigrante.com\/revista\/wp-content\/uploads\/2024\/01\/vie-1-300x167.webp 300w, https:\/\/soymigrante.com\/revista\/wp-content\/uploads\/2024\/01\/vie-1-768x427.webp 768w, https:\/\/soymigrante.com\/revista\/wp-content\/uploads\/2024\/01\/vie-1-1536x854.webp 1536w, https:\/\/soymigrante.com\/revista\/wp-content\/uploads\/2024\/01\/vie-1-750x417.webp 750w, https:\/\/soymigrante.com\/revista\/wp-content\/uploads\/2024\/01\/vie-1-1140x634.webp 1140w, https:\/\/soymigrante.com\/revista\/wp-content\/uploads\/2024\/01\/vie-1.webp 1605w\" sizes=\"(max-width: 1024px) 100vw, 1024px\" \/>\n            <\/div>\n        <\/div><div class=\"eael-entry-wrapper\"><header class=\"eael-entry-header\"><h2 class=\"eael-entry-title\"><a class=\"eael-grid-post-link\" href=\"https:\/\/soymigrante.com\/revista\/consejos-metas-ano-nuevo-por-escritor-guatemalteco-migrante-manuel-orantes\/\" title=\"Consejos del sabio para el A\u00f1o Nuevo, est\u00e9s donde est\u00e9s\">Consejos del sabio para el A\u00f1o Nuevo, est\u00e9s donde est\u00e9s<\/a><\/h2><\/header><div class=\"eael-entry-content\">\n                        <div class=\"eael-grid-post-excerpt\"><a href=\"https:\/\/soymigrante.com\/revista\/consejos-metas-ano-nuevo-por-escritor-guatemalteco-migrante-manuel-orantes\/\" class=\"eael-post-elements-readmore-btn\">CONOCE SU HISTORIA <\/a><\/div>\n                    <\/div><\/div><\/div>\n        <\/div>\n    <\/article><\/div>\n            <div class=\"clearfix\"><\/div>\n        <\/div>            <div class=\"eael-load-more-button-wrap eael-force-hide\">\n                <button class=\"eael-load-more-button\" id=\"eael-load-more-btn-6c54f1a\" data-widget-id=\"6c54f1a\" data-widget=\"6c54f1a\" data-page-id=\"33208\" data-template=\"{&quot;dir&quot;:&quot;lite&quot;,&quot;file_name&quot;:&quot;one.php&quot;,&quot;name&quot;:&quot;Post-Grid&quot;}\" data-class=\"Essential_Addons_Elementor\\Elements\\Post_Grid\" data-layout=\"masonry\" data-page=\"1\" data-args=\"orderby=rand&amp;order=desc&amp;ignore_sticky_posts=1&amp;post_status=publish&amp;posts_per_page=3&amp;offset=0&amp;post_type=post&amp;tax_query%5B0%5D%5Btaxonomy%5D=category&amp;tax_query%5B0%5D%5Bfield%5D=term_id&amp;tax_query%5B0%5D%5Bterms%5D%5B0%5D=56&amp;tax_query%5Brelation%5D=AND\" data-max-page=\"26\">\n                    <span class=\"eael-btn-loader button__loader\"><\/span>\n                    <span class=\"eael_load_more_text\">Load More<\/span>\n                <\/button>\n            <\/div>\n            \t\t\t\t<\/div>\n\t\t\t\t\t<\/div>\n\t\t\t\t<\/div>\n\t\t\t\t<\/div>\n\t\t","protected":false},"excerpt":{"rendered":"<p>Aprender danza cl\u00e1sica es mucho m\u00e1s que movimiento: brinda efectos positivos en ni\u00f1as y ni\u00f1as, al estimular la coordinaci\u00f3n, trabajo en equipo y autoestima, expone la madre, maestra de arte y emprendedora de MERCADO Silvia Flores. Por Silvia Patricia Flores, egresada de la Escuela Nacional de Danza y emprendedora de SoyMigrante.com MERCADO Para muchos de [&hellip;]<\/p>\n","protected":false},"author":7,"featured_media":33209,"comment_status":"open","ping_status":"open","sticky":false,"template":"","format":"standard","meta":{"_acf_changed":false,"_eb_attr":"","footnotes":""},"categories":[56],"tags":[],"class_list":["post-33208","post","type-post","status-publish","format-standard","has-post-thumbnail","hentry","category-lugar-de-voces"],"acf":[],"aioseo_notices":[],"aioseo_head":"\n\t\t<!-- All in One SEO Pro 4.9.6.2 - aioseo.com -->\n\t<meta name=\"description\" content=\"El personaje de esta historia viene de la creaci\u00f3n del escritor Manuel Orantes-\u00c1lvarez y sus reflexiones no tienen fronteras. Averigua c\u00f3mo te puede orientar\" \/>\n\t<meta name=\"robots\" content=\"max-snippet:-1, max-image-preview:large, max-video-preview:-1\" \/>\n\t<meta name=\"author\" content=\"SoyMigrante.com REVISTA\"\/>\n\t<link rel=\"canonical\" href=\"https:\/\/soymigrante.com\/revista\/consejos-metas-ano-nuevo-por-escritor-guatemalteco-migrante-manuel-orantes\/\" \/>\n\t<meta name=\"generator\" content=\"All in One SEO Pro (AIOSEO) 4.9.6.2\" \/>\n\n\t\t<link rel=\"preconnect\" href=\"https:\/\/fonts.googleapis.com\" crossorigin>\n<link rel=\"preconnect\" href=\"https:\/\/fonts.gstatic.com\" crossorigin>\n\t\t<meta property=\"og:locale\" content=\"es_ES\" \/>\n\t\t<meta property=\"og:site_name\" content=\"SoyMigrante.com REVISTA \u2013 Nuestra misi\u00f3n es reconocer y dignificar al migrante.\" \/>\n\t\t<meta property=\"og:type\" content=\"article\" \/>\n\t\t<meta property=\"og:title\" content=\"Consejos del sabio para el A\u00f1o Nuevo, est\u00e9s donde est\u00e9s\" \/>\n\t\t<meta property=\"og:description\" content=\"El personaje de esta historia viene de la creaci\u00f3n del escritor Manuel Orantes-\u00c1lvarez y sus reflexiones no tienen fronteras. Averigua c\u00f3mo te puede orientar\" \/>\n\t\t<meta property=\"og:url\" content=\"https:\/\/soymigrante.com\/revista\/consejos-metas-ano-nuevo-por-escritor-guatemalteco-migrante-manuel-orantes\/\" \/>\n\t\t<meta property=\"og:image\" content=\"https:\/\/soymigrante.com\/revista\/wp-content\/uploads\/2024\/01\/vie-1.webp\" \/>\n\t\t<meta property=\"og:image:secure_url\" content=\"https:\/\/soymigrante.com\/revista\/wp-content\/uploads\/2024\/01\/vie-1.webp\" \/>\n\t\t<meta property=\"og:image:width\" content=\"1605\" \/>\n\t\t<meta property=\"og:image:height\" content=\"892\" \/>\n\t\t<meta property=\"article:published_time\" content=\"2024-12-31T19:33:55+00:00\" \/>\n\t\t<meta property=\"article:modified_time\" content=\"2024-12-31T19:46:39+00:00\" \/>\n\t\t<meta property=\"article:publisher\" content=\"https:\/\/www.facebook.com\/soymigrantecom\" \/>\n\t\t<meta name=\"twitter:card\" content=\"summary_large_image\" \/>\n\t\t<meta name=\"twitter:site\" content=\"@SoyMigrante_com\" \/>\n\t\t<meta name=\"twitter:title\" content=\"Consejos del sabio para el A\u00f1o Nuevo, est\u00e9s donde est\u00e9s\" \/>\n\t\t<meta name=\"twitter:description\" content=\"El personaje de esta historia viene de la creaci\u00f3n del escritor Manuel Orantes-\u00c1lvarez y sus reflexiones no tienen fronteras. Averigua c\u00f3mo te puede orientar\" \/>\n\t\t<meta name=\"twitter:creator\" content=\"@SoyMigrante_com\" \/>\n\t\t<meta name=\"twitter:image\" content=\"https:\/\/soymigrante.com\/revista\/wp-content\/uploads\/2024\/01\/vie-1.webp\" \/>\n\t\t<!-- All in One SEO Pro -->\r\n\t\t<title>Consejos del sabio para el A\u00f1o Nuevo, est\u00e9s donde est\u00e9s<\/title>\n\n","aioseo_head_json":{"title":"Consejos del sabio para el A\u00f1o Nuevo, est\u00e9s donde est\u00e9s","description":"El personaje de esta historia viene de la creaci\u00f3n del escritor Manuel Orantes-\u00c1lvarez y sus reflexiones no tienen fronteras. Averigua c\u00f3mo te puede orientar","canonical_url":"https:\/\/soymigrante.com\/revista\/consejos-metas-ano-nuevo-por-escritor-guatemalteco-migrante-manuel-orantes\/","robots":"max-snippet:-1, max-image-preview:large, max-video-preview:-1","keywords":"","webmasterTools":{"miscellaneous":"&lt;link rel=\"preconnect\" href=\"https:\/\/fonts.googleapis.com\" crossorigin&gt;\n&lt;link rel=\"preconnect\" href=\"https:\/\/fonts.gstatic.com\" crossorigin&gt;"},"schema":null,"og:locale":"es_ES","og:site_name":"SoyMigrante.com REVISTA \u2013 Nuestra misi\u00f3n es reconocer y dignificar al migrante.","og:type":"article","og:title":"Consejos del sabio para el A\u00f1o Nuevo, est\u00e9s donde est\u00e9s","og:description":"El personaje de esta historia viene de la creaci\u00f3n del escritor Manuel Orantes-\u00c1lvarez y sus reflexiones no tienen fronteras. Averigua c\u00f3mo te puede orientar","og:url":"https:\/\/soymigrante.com\/revista\/consejos-metas-ano-nuevo-por-escritor-guatemalteco-migrante-manuel-orantes\/","og:image":"https:\/\/soymigrante.com\/revista\/wp-content\/uploads\/2024\/01\/vie-1.webp","og:image:secure_url":"https:\/\/soymigrante.com\/revista\/wp-content\/uploads\/2024\/01\/vie-1.webp","og:image:width":1605,"og:image:height":892,"article:published_time":"2024-12-31T19:33:55+00:00","article:modified_time":"2024-12-31T19:46:39+00:00","article:publisher":"https:\/\/www.facebook.com\/soymigrantecom","twitter:card":"summary_large_image","twitter:site":"@SoyMigrante_com","twitter:title":"Consejos del sabio para el A\u00f1o Nuevo, est\u00e9s donde est\u00e9s","twitter:description":"El personaje de esta historia viene de la creaci\u00f3n del escritor Manuel Orantes-\u00c1lvarez y sus reflexiones no tienen fronteras. Averigua c\u00f3mo te puede orientar","twitter:creator":"@SoyMigrante_com","twitter:image":"https:\/\/soymigrante.com\/revista\/wp-content\/uploads\/2024\/01\/vie-1.webp"},"aioseo_meta_data":{"post_id":"33208","title":"Madre emprendedora explica beneficio de la danza en la ni\u00f1ez","description":"Silvia Patricia Flores, emprendedora de MERCADO, es madre y maestra de arte: en este art\u00edculo anima a padres de familia a impulsar la danza en ni\u00f1os y ni\u00f1as.","keywords":null,"keyphrases":{"focus":{"keyphrase":"Danza","score":88,"analysis":{"keyphraseInTitle":{"score":9,"maxScore":9,"error":0},"keyphraseInDescription":{"score":9,"maxScore":9,"error":0},"keyphraseLength":{"score":9,"maxScore":9,"error":0,"length":1},"keyphraseInURL":{"score":1,"maxScore":5,"error":1}}},"additional":[{"keyphrase":"Maestra","score":100,"analysis":{"keyphraseInDescription":{"score":9,"maxScore":9,"error":0},"keyphraseLength":{"score":9,"maxScore":9,"error":0,"length":1}}},{"keyphrase":"Emprendedora","score":100,"analysis":{"keyphraseInDescription":{"score":9,"maxScore":9,"error":0},"keyphraseLength":{"score":9,"maxScore":9,"error":0,"length":1}}}]},"primary_term":null,"canonical_url":null,"og_title":null,"og_description":null,"og_object_type":"default","og_image_type":"default","og_image_url":null,"og_image_width":null,"og_image_height":null,"og_image_custom_url":null,"og_image_custom_fields":null,"og_video":"","og_custom_url":null,"og_article_section":null,"og_article_tags":null,"twitter_use_og":false,"twitter_card":"default","twitter_image_type":"default","twitter_image_url":null,"twitter_image_custom_url":null,"twitter_image_custom_fields":null,"twitter_title":null,"twitter_description":null,"schema":{"blockGraphs":[],"customGraphs":[],"default":{"data":{"Article":[],"Course":[],"Dataset":[],"FAQPage":[],"Movie":[],"Person":[],"Product":[],"ProductReview":[],"Car":[],"Recipe":[],"Service":[],"SoftwareApplication":[],"WebPage":[]},"graphName":"none","isEnabled":true},"graphs":[]},"schema_type":"default","schema_type_options":null,"pillar_content":false,"robots_default":true,"robots_noindex":false,"robots_noarchive":false,"robots_nosnippet":false,"robots_nofollow":false,"robots_noimageindex":false,"robots_noodp":false,"robots_notranslate":false,"robots_max_snippet":"-1","robots_max_videopreview":"-1","robots_max_imagepreview":"large","priority":null,"frequency":"default","local_seo":null,"seo_analyzer_scan_date":"2025-10-09 05:05:51","breadcrumb_settings":null,"limit_modified_date":false,"reviewed_by":null,"open_ai":"{\"title\":{\"suggestions\":[],\"usage\":0},\"description\":{\"suggestions\":[],\"usage\":0}}","ai":null,"created":"2025-05-12 18:20:28","updated":"2026-02-04 23:38:12"},"aioseo_breadcrumb":"<div class=\"aioseo-breadcrumbs\"><span class=\"aioseo-breadcrumb\">\n\t<a href=\"https:\/\/soymigrante.com\/revista\" title=\"Home\">Home<\/a>\n<\/span><span class=\"aioseo-breadcrumb-separator\">\u00bb<\/span><span class=\"aioseo-breadcrumb\">\n\t<a href=\"https:\/\/soymigrante.com\/revista\/category\/estamos-unidos\/\" title=\"Estamos Unidos\">Estamos Unidos<\/a>\n<\/span><span class=\"aioseo-breadcrumb-separator\">\u00bb<\/span><span class=\"aioseo-breadcrumb\">\n\t<a href=\"https:\/\/soymigrante.com\/revista\/category\/estamos-unidos\/lugar-de-voces\/\" title=\"Lugar de Voces\">Lugar de Voces<\/a>\n<\/span><span class=\"aioseo-breadcrumb-separator\">\u00bb<\/span><span class=\"aioseo-breadcrumb\">\n\tEmprendededora, maestra y madre expone beneficios de la danza para ni\u00f1as y ni\u00f1os\n<\/span><\/div>","aioseo_breadcrumb_json":[{"label":"Home","link":"https:\/\/soymigrante.com\/revista"},{"label":"Estamos Unidos","link":"https:\/\/soymigrante.com\/revista\/category\/estamos-unidos\/"},{"label":"Lugar de Voces","link":"https:\/\/soymigrante.com\/revista\/category\/estamos-unidos\/lugar-de-voces\/"},{"label":"Emprendededora, maestra y madre expone beneficios de la danza para ni\u00f1as y ni\u00f1os","link":"https:\/\/soymigrante.com\/revista\/emprendededora-maestra-y-madre-expone-beneficios-de-la-danza-para-ninas-y-ninos\/"}],"_links":{"self":[{"href":"https:\/\/soymigrante.com\/revista\/wp-json\/wp\/v2\/posts\/33208","targetHints":{"allow":["GET"]}}],"collection":[{"href":"https:\/\/soymigrante.com\/revista\/wp-json\/wp\/v2\/posts"}],"about":[{"href":"https:\/\/soymigrante.com\/revista\/wp-json\/wp\/v2\/types\/post"}],"author":[{"embeddable":true,"href":"https:\/\/soymigrante.com\/revista\/wp-json\/wp\/v2\/users\/7"}],"replies":[{"embeddable":true,"href":"https:\/\/soymigrante.com\/revista\/wp-json\/wp\/v2\/comments?post=33208"}],"version-history":[{"count":16,"href":"https:\/\/soymigrante.com\/revista\/wp-json\/wp\/v2\/posts\/33208\/revisions"}],"predecessor-version":[{"id":33367,"href":"https:\/\/soymigrante.com\/revista\/wp-json\/wp\/v2\/posts\/33208\/revisions\/33367"}],"wp:featuredmedia":[{"embeddable":true,"href":"https:\/\/soymigrante.com\/revista\/wp-json\/wp\/v2\/media\/33209"}],"wp:attachment":[{"href":"https:\/\/soymigrante.com\/revista\/wp-json\/wp\/v2\/media?parent=33208"}],"wp:term":[{"taxonomy":"category","embeddable":true,"href":"https:\/\/soymigrante.com\/revista\/wp-json\/wp\/v2\/categories?post=33208"},{"taxonomy":"post_tag","embeddable":true,"href":"https:\/\/soymigrante.com\/revista\/wp-json\/wp\/v2\/tags?post=33208"}],"curies":[{"name":"wp","href":"https:\/\/api.w.org\/{rel}","templated":true}]}}