{"id":33128,"date":"2025-05-10T10:13:43","date_gmt":"2025-05-10T16:13:43","guid":{"rendered":"https:\/\/soymigrante.com\/revista\/?p=33128"},"modified":"2025-05-10T12:37:37","modified_gmt":"2025-05-10T18:37:37","slug":"madres-guatemaltecas-manos-laboriosas-corazon-sin-limites-fortaleza-migrante-y-emprendedor","status":"publish","type":"post","link":"https:\/\/soymigrante.com\/revista\/madres-guatemaltecas-manos-laboriosas-corazon-sin-limites-fortaleza-migrante-y-emprendedor\/","title":{"rendered":"Madres guatemaltecas: manos laboriosas, coraz\u00f3n  sin l\u00edmites; fortaleza migrante y emprendedora"},"content":{"rendered":"\t\t<div data-elementor-type=\"wp-post\" data-elementor-id=\"33128\" class=\"elementor elementor-33128\" data-elementor-post-type=\"post\">\n\t\t\t\t<div data-particle_enable=\"false\" data-particle-mobile-disabled=\"false\" class=\"elementor-element elementor-element-0f89278 e-flex e-con-boxed e-con e-parent\" data-id=\"0f89278\" data-element_type=\"container\" data-e-type=\"container\">\n\t\t\t\t\t<div class=\"e-con-inner\">\n\t\t\t\t<div class=\"elementor-element elementor-element-10a4dc6 elementor-widget elementor-widget-heading\" data-id=\"10a4dc6\" data-element_type=\"widget\" data-e-type=\"widget\" data-widget_type=\"heading.default\">\n\t\t\t\t\t<h2 class=\"elementor-heading-title elementor-size-default\"><span style=\"font-size: 31.2px\">Atento y sentido saludo de reconocimiento, de  SoyMigrante.com a todas las madres guatemaltecas en su d\u00eda, especialmente a las madres que se esfuerzan a diario lejos de su tierra natal pero tambi\u00e9n a las madres emprendedoras que construyen nuevo futuro en sus comunidades. <\/span><\/h2>\t\t\t\t<\/div>\n\t\t\t\t<div class=\"elementor-element elementor-element-ccff323 elementor-widget elementor-widget-html\" data-id=\"ccff323\" data-element_type=\"widget\" data-e-type=\"widget\" data-widget_type=\"html.default\">\n\t\t\t\t\t<div id=\"buzzsprout-player-17135824\"><\/div><script src=\"https:\/\/www.buzzsprout.com\/2444168\/episodes\/17135824-madres-guatemaltecas-corazon-sin-limites.js?container_id=buzzsprout-player-17135824&player=small\" type=\"text\/javascript\" charset=\"utf-8\"><\/script>\t\t\t\t<\/div>\n\t\t\t\t\t<\/div>\n\t\t\t\t<\/div>\n\t\t<div data-particle_enable=\"false\" data-particle-mobile-disabled=\"false\" class=\"elementor-element elementor-element-4a5dd75 e-flex e-con-boxed e-con e-parent\" data-id=\"4a5dd75\" data-element_type=\"container\" data-e-type=\"container\">\n\t\t\t\t\t<div class=\"e-con-inner\">\n\t\t\t\t<div class=\"elementor-element elementor-element-c382291 elementor-widget elementor-widget-text-editor\" data-id=\"c382291\" data-element_type=\"widget\" data-e-type=\"widget\" data-widget_type=\"text-editor.default\">\n\t\t\t\t\t\t\t\t\t<p>En las entra\u00f1as verdes de Guatemala, tierra de monta\u00f1a y quetzal, donde los volcanes murmuran antiguas memorias y los r\u00edos hablan en idiomas mayas, en xinca, gar\u00edfuna y castellano, nace la fortaleza incomparale de la mujer guatemalteca.\u00a0<\/p><p>Madres, creadoras, maestras de vida; madres trabajadoras. Madres dentro o fuera de las fronteras, pero con Guatemala tejida en su alma con hilos de ma\u00edz, de fuego, de cascada y de luna.<\/p><p>All\u00e1, en los mercados y las plazas est\u00e1n ellas antes que el sol. En los patios est\u00e1n las tejedoras, guardianas del hilo y el leguaje ancestral. Con sus dedos bordan historias, ra\u00edces, afectos y objetivos de venta para dar el sustento a sus hijos.\u00a0\u00a0<\/p><p>Nuestro saludo a la madre campesina y a la que trabaja en una oficina, a la que responde tel\u00e9fonos, trabaja en tecnolog\u00eda o elabora piezas de alfarer\u00eda: el mismo amor une sus esfuerzos.<\/p>\t\t\t\t\t\t\t\t<\/div>\n\t\t\t\t\t<\/div>\n\t\t\t\t<\/div>\n\t\t<div data-particle_enable=\"false\" data-particle-mobile-disabled=\"false\" class=\"elementor-element elementor-element-4bf6c3d e-flex e-con-boxed e-con e-parent\" data-id=\"4bf6c3d\" data-element_type=\"container\" data-e-type=\"container\">\n\t\t\t\t\t<div class=\"e-con-inner\">\n\t\t\t\t<div class=\"elementor-element elementor-element-ce1dffd elementor-grid-eael-col-1 elementor-grid-tablet-eael-col-2 elementor-grid-mobile-eael-col-1 elementor-widget elementor-widget-eael-post-grid\" data-id=\"ce1dffd\" data-element_type=\"widget\" data-e-type=\"widget\" data-settings=\"{&quot;eael_post_grid_columns&quot;:&quot;eael-col-1&quot;,&quot;eael_post_grid_columns_tablet&quot;:&quot;eael-col-2&quot;,&quot;eael_post_grid_columns_mobile&quot;:&quot;eael-col-1&quot;}\" data-widget_type=\"eael-post-grid.default\">\n\t\t\t\t\t<div id=\"eael-post-grid-ce1dffd\" class=\"eael-post-grid-container\">\n            <div class=\"eael-post-grid eael-post-appender eael-post-appender-ce1dffd eael-post-grid-style-one\" data-layout-mode=\"masonry\"><article class=\"eael-grid-post  eael-post-grid-column eael-pg-post-32865 category-estamos-unidos\" data-id=\"32865\">\n        <div class=\"eael-grid-post-holder\">\n            <div class=\"eael-grid-post-holder-inner\"><div class=\"eael-entry-media\"><div class=\"eael-entry-overlay fade-in\"><i class=\"far fa-hand-pointer\" aria-hidden=\"true\"><\/i><a href=\"https:\/\/soymigrante.com\/revista\/madres-migrantes-guatemaltecas-responden-que-tradiciones-valores-y-elementos-de-identidad-inculca-a-sus-hijos\/\"><\/a><\/div><div class=\"eael-entry-thumbnail eael-image-ratio\">\n                <img fetchpriority=\"high\" decoding=\"async\" width=\"1024\" height=\"1024\" src=\"https:\/\/soymigrante.com\/revista\/wp-content\/uploads\/2025\/05\/madre-guatemalteca-letty-1024x1024.jpg\" class=\"attachment-large size-large wp-image-32866\" alt=\"Familia migrante en evento cultural, homenaje y celebraci\u00f3n en el marco de la revista SoyMigrante.com. Experiencia de comunidad, diversidad y orgullo migrante en un ambiente acogedor y festivo.\" srcset=\"https:\/\/soymigrante.com\/revista\/wp-content\/uploads\/2025\/05\/madre-guatemalteca-letty-1024x1024.jpg 1024w, https:\/\/soymigrante.com\/revista\/wp-content\/uploads\/2025\/05\/madre-guatemalteca-letty-300x300.jpg 300w, https:\/\/soymigrante.com\/revista\/wp-content\/uploads\/2025\/05\/madre-guatemalteca-letty-150x150.jpg 150w, https:\/\/soymigrante.com\/revista\/wp-content\/uploads\/2025\/05\/madre-guatemalteca-letty-768x768.jpg 768w, https:\/\/soymigrante.com\/revista\/wp-content\/uploads\/2025\/05\/madre-guatemalteca-letty-75x75.webp 75w, https:\/\/soymigrante.com\/revista\/wp-content\/uploads\/2025\/05\/madre-guatemalteca-letty-750x750.webp 750w, https:\/\/soymigrante.com\/revista\/wp-content\/uploads\/2025\/05\/madre-guatemalteca-letty-1140x1140.webp 1140w, https:\/\/soymigrante.com\/revista\/wp-content\/uploads\/2025\/05\/madre-guatemalteca-letty.webp 1374w\" sizes=\"(max-width: 1024px) 100vw, 1024px\" \/>\n            <\/div>\n        <\/div><div class=\"eael-entry-wrapper\"><header class=\"eael-entry-header\"><h2 class=\"eael-entry-title\"><a class=\"eael-grid-post-link\" href=\"https:\/\/soymigrante.com\/revista\/madres-migrantes-guatemaltecas-responden-que-tradiciones-valores-y-elementos-de-identidad-inculca-a-sus-hijos\/\" title=\"Madres migrantes guatemaltecas responden: \u00bfQu\u00e9 tradiciones, valores y elementos de identidad inculca a sus hijos?\">Madres migrantes guatemaltecas responden: \u00bfQu\u00e9 tradiciones, valores y elementos de identidad inculca a sus hijos?<\/a><\/h2><\/header><div class=\"eael-entry-content\">\n                        <div class=\"eael-grid-post-excerpt\"><a href=\"https:\/\/soymigrante.com\/revista\/madres-migrantes-guatemaltecas-responden-que-tradiciones-valores-y-elementos-de-identidad-inculca-a-sus-hijos\/\" class=\"eael-post-elements-readmore-btn\">CONOCE SU HISTORIA <\/a><\/div>\n                    <\/div><\/div><\/div>\n        <\/div>\n    <\/article><\/div>\n            <div class=\"clearfix\"><\/div>\n        <\/div>\t\t\t\t<\/div>\n\t\t\t\t\t<\/div>\n\t\t\t\t<\/div>\n\t\t<div data-particle_enable=\"false\" data-particle-mobile-disabled=\"false\" class=\"elementor-element elementor-element-d363637 e-flex e-con-boxed e-con e-parent\" data-id=\"d363637\" data-element_type=\"container\" data-e-type=\"container\">\n\t\t\t\t\t<div class=\"e-con-inner\">\n\t\t\t\t<div class=\"elementor-element elementor-element-0300e5a elementor-widget elementor-widget-heading\" data-id=\"0300e5a\" data-element_type=\"widget\" data-e-type=\"widget\" data-widget_type=\"heading.default\">\n\t\t\t\t\t<h3 class=\"elementor-heading-title elementor-size-default\">Y m\u00e1s all\u00e1 de las fronteras...<\/h3>\t\t\t\t<\/div>\n\t\t\t\t\t<\/div>\n\t\t\t\t<\/div>\n\t\t<div data-particle_enable=\"false\" data-particle-mobile-disabled=\"false\" class=\"elementor-element elementor-element-56874b6 e-flex e-con-boxed e-con e-parent\" data-id=\"56874b6\" data-element_type=\"container\" data-e-type=\"container\">\n\t\t\t\t\t<div class=\"e-con-inner\">\n\t\t\t\t<div class=\"elementor-element elementor-element-4b6d7e7 elementor-widget elementor-widget-text-editor\" data-id=\"4b6d7e7\" data-element_type=\"widget\" data-e-type=\"widget\" data-widget_type=\"text-editor.default\">\n\t\t\t\t\t\t\t\t\t<p>Y m\u00e1s all\u00e1 de las fronteras, donde cambia el idioma y hasta las leyes, pero nunca el coraz\u00f3n, est\u00e1 la <a href=\"https:\/\/soymigrante.com\/revista\/madres-migrantes-guatemaltecas-responden-que-tradiciones-valores-y-elementos-de-identidad-inculca-a-sus-hijos\/\">madre migrante<\/a>. Quiz\u00e1 acompa\u00f1ada de sus hijos o tal vez lejos de ellos, su cari\u00f1o no tiene distancia. Con nostalgia en los ojos y valent\u00eda en el alma, ha cruzado desiertos y vencido soles inclementes en busca de un ma\u00f1ana mejor para sus hijos.<\/p><p>\u00a0Trabaja largas jornadas <a href=\"https:\/\/soymigrante.com\/revista\/historia-de-migrante-arminda-housecleaning-exito-california\/\">limpiando casas<\/a> ajenas, <a href=\"https:\/\/soymigrante.com\/revista\/el-gran-sueno-de-yecsi-y-jorge-en-kansas-tiene-amor-y-sabor-guatemalteco\/\">cocinando sue\u00f1os en restaurantes<\/a>, o quiza <a href=\"https:\/\/soymigrante.com\/revista\/carla-esquivel-guatemalteca-defiende-la-dignidad-de-las-trabajadoras-de-casa-en-connecticut\/\">cuidando ni\u00f1os<\/a> que le recuerdan las sonrisas de los suyos all\u00e1 en el pueblo, cosechando verduras en grandes campos que no son los del Altiplano guatemalteco a donde un d\u00eda desea volver.<\/p><p>Son madres guatemaltecas pero no solo eso: son arquitectas de futuros, columna econ\u00f3mica de la patria, escritoras de mensajes de \u00e1nimo y valores para sus hijos, forjadoras de metas que parec\u00edan imposibles pero no lo son.<\/p>\t\t\t\t\t\t\t\t<\/div>\n\t\t\t\t\t<\/div>\n\t\t\t\t<\/div>\n\t\t<div data-particle_enable=\"false\" data-particle-mobile-disabled=\"false\" class=\"elementor-element elementor-element-c4cd07c e-flex e-con-boxed e-con e-parent\" data-id=\"c4cd07c\" data-element_type=\"container\" data-e-type=\"container\">\n\t\t\t\t\t<div class=\"e-con-inner\">\n\t\t\t\t<div class=\"elementor-element elementor-element-2dd58b9 elementor-grid-eael-col-3 elementor-grid-tablet-eael-col-2 elementor-grid-mobile-eael-col-1 elementor-widget elementor-widget-eael-post-grid\" data-id=\"2dd58b9\" data-element_type=\"widget\" data-e-type=\"widget\" data-settings=\"{&quot;eael_post_grid_columns&quot;:&quot;eael-col-3&quot;,&quot;eael_post_grid_columns_tablet&quot;:&quot;eael-col-2&quot;,&quot;eael_post_grid_columns_mobile&quot;:&quot;eael-col-1&quot;}\" data-widget_type=\"eael-post-grid.default\">\n\t\t\t\t\t<div id=\"eael-post-grid-2dd58b9\" class=\"eael-post-grid-container\">\n            <div class=\"eael-post-grid eael-post-appender eael-post-appender-2dd58b9 eael-post-grid-style-one\" data-layout-mode=\"masonry\"><article class=\"eael-grid-post  eael-post-grid-column eael-pg-post-31113 category-exitos-guatemala\" data-id=\"31113\">\n        <div class=\"eael-grid-post-holder\">\n            <div class=\"eael-grid-post-holder-inner\"><div class=\"eael-entry-media\"><div class=\"eael-entry-overlay fade-in\"><i class=\"far fa-hand-pointer\" aria-hidden=\"true\"><\/i><a href=\"https:\/\/soymigrante.com\/revista\/el-gran-sueno-de-yecsi-y-jorge-en-kansas-tiene-amor-y-sabor-guatemalteco\/\"><\/a><\/div><div class=\"eael-entry-thumbnail \">\n                <img decoding=\"async\" width=\"1024\" height=\"1024\" src=\"https:\/\/soymigrante.com\/revista\/wp-content\/uploads\/2025\/04\/yecsi-archila-y-jorge-ticum-kansas-1024x1024.jpg\" class=\"attachment-large size-large wp-image-31114\" alt=\"Familia disfrutando de luces navide\u00f1as en un entorno festivo, celebraci\u00f3n de temporada en Pa\u00edses Andinos. Personas con vestimenta de invierno en decoraciones de Navidad, ambiente c\u00e1lido y alegre.\" srcset=\"https:\/\/soymigrante.com\/revista\/wp-content\/uploads\/2025\/04\/yecsi-archila-y-jorge-ticum-kansas-1024x1024.jpg 1024w, https:\/\/soymigrante.com\/revista\/wp-content\/uploads\/2025\/04\/yecsi-archila-y-jorge-ticum-kansas-300x300.jpg 300w, https:\/\/soymigrante.com\/revista\/wp-content\/uploads\/2025\/04\/yecsi-archila-y-jorge-ticum-kansas-150x150.jpg 150w, https:\/\/soymigrante.com\/revista\/wp-content\/uploads\/2025\/04\/yecsi-archila-y-jorge-ticum-kansas-768x768.jpg 768w, https:\/\/soymigrante.com\/revista\/wp-content\/uploads\/2025\/04\/yecsi-archila-y-jorge-ticum-kansas-75x75.webp 75w, https:\/\/soymigrante.com\/revista\/wp-content\/uploads\/2025\/04\/yecsi-archila-y-jorge-ticum-kansas-750x750.webp 750w, https:\/\/soymigrante.com\/revista\/wp-content\/uploads\/2025\/04\/yecsi-archila-y-jorge-ticum-kansas.webp 1038w\" sizes=\"(max-width: 1024px) 100vw, 1024px\" \/>\n            <\/div>\n        <\/div><div class=\"eael-entry-wrapper\"><header class=\"eael-entry-header\"><h2 class=\"eael-entry-title\"><a class=\"eael-grid-post-link\" href=\"https:\/\/soymigrante.com\/revista\/el-gran-sueno-de-yecsi-y-jorge-en-kansas-tiene-amor-y-sabor-guatemalteco\/\" title=\"El gran sue\u00f1o de Yecsi y Jorge Ticum en Kansas tiene amor y sabor guatemalteco\">El gran sue\u00f1o de Yecsi y Jorge Ticum en Kansas tiene amor y sabor guatemalteco<\/a><\/h2><\/header><div class=\"eael-entry-content\">\n                        <div class=\"eael-grid-post-excerpt\"><a href=\"https:\/\/soymigrante.com\/revista\/el-gran-sueno-de-yecsi-y-jorge-en-kansas-tiene-amor-y-sabor-guatemalteco\/\" class=\"eael-post-elements-readmore-btn\">CONOCE SU HISTORIA <\/a><\/div>\n                    <\/div><\/div><\/div>\n        <\/div>\n    <\/article><article class=\"eael-grid-post  eael-post-grid-column eael-pg-post-26587 category-exitos\" data-id=\"26587\">\n        <div class=\"eael-grid-post-holder\">\n            <div class=\"eael-grid-post-holder-inner\"><div class=\"eael-entry-media\"><div class=\"eael-entry-overlay fade-in\"><i class=\"far fa-hand-pointer\" aria-hidden=\"true\"><\/i><a href=\"https:\/\/soymigrante.com\/revista\/carla-esquivel-guatemalteca-defiende-la-dignidad-de-las-trabajadoras-de-casa-en-connecticut\/\"><\/a><\/div><div class=\"eael-entry-thumbnail \">\n                <img decoding=\"async\" width=\"1024\" height=\"1022\" src=\"https:\/\/soymigrante.com\/revista\/wp-content\/uploads\/2025\/02\/carla-esquivel-1-e1740765756368-1024x1022.jpg\" class=\"attachment-large size-large wp-image-26603\" alt=\"Vendedora con alas de mariposa en protesta frente a la Casa Blanca, representando la comunidad migrante en Estados Unidos. Imagen de activismo y derechos migratorios.\" srcset=\"https:\/\/soymigrante.com\/revista\/wp-content\/uploads\/2025\/02\/carla-esquivel-1-e1740765756368-1024x1022.jpg 1024w, https:\/\/soymigrante.com\/revista\/wp-content\/uploads\/2025\/02\/carla-esquivel-1-e1740765756368-300x300.jpg 300w, https:\/\/soymigrante.com\/revista\/wp-content\/uploads\/2025\/02\/carla-esquivel-1-e1740765756368-150x150.jpg 150w, https:\/\/soymigrante.com\/revista\/wp-content\/uploads\/2025\/02\/carla-esquivel-1-e1740765756368-768x766.jpg 768w, https:\/\/soymigrante.com\/revista\/wp-content\/uploads\/2025\/02\/carla-esquivel-1-e1740765756368-75x75.webp 75w, https:\/\/soymigrante.com\/revista\/wp-content\/uploads\/2025\/02\/carla-esquivel-1-e1740765756368-750x748.webp 750w, https:\/\/soymigrante.com\/revista\/wp-content\/uploads\/2025\/02\/carla-esquivel-1-e1740765756368-1140x1137.webp 1140w, https:\/\/soymigrante.com\/revista\/wp-content\/uploads\/2025\/02\/carla-esquivel-1-e1740765756368.webp 1316w\" sizes=\"(max-width: 1024px) 100vw, 1024px\" \/>\n            <\/div>\n        <\/div><div class=\"eael-entry-wrapper\"><header class=\"eael-entry-header\"><h2 class=\"eael-entry-title\"><a class=\"eael-grid-post-link\" href=\"https:\/\/soymigrante.com\/revista\/carla-esquivel-guatemalteca-defiende-la-dignidad-de-las-trabajadoras-de-casa-en-connecticut\/\" title=\"Carla Esquivel, guatemalteca, defiende la dignidad de las trabajadoras de casa en Connecticut\">Carla Esquivel, guatemalteca, defiende la dignidad de las trabajadoras de casa en Connecticut<\/a><\/h2><\/header><div class=\"eael-entry-content\">\n                        <div class=\"eael-grid-post-excerpt\"><a href=\"https:\/\/soymigrante.com\/revista\/carla-esquivel-guatemalteca-defiende-la-dignidad-de-las-trabajadoras-de-casa-en-connecticut\/\" class=\"eael-post-elements-readmore-btn\">CONOCE SU HISTORIA <\/a><\/div>\n                    <\/div><\/div><\/div>\n        <\/div>\n    <\/article><article class=\"eael-grid-post  eael-post-grid-column eael-pg-post-6202 category-exitos\" data-id=\"6202\">\n        <div class=\"eael-grid-post-holder\">\n            <div class=\"eael-grid-post-holder-inner\"><div class=\"eael-entry-media\"><div class=\"eael-entry-overlay fade-in\"><i class=\"far fa-hand-pointer\" aria-hidden=\"true\"><\/i><a href=\"https:\/\/soymigrante.com\/revista\/historia-vitalina-sanchez-adoptada-estados-unidos-guatemala\/\"><\/a><\/div><div class=\"eael-entry-thumbnail \">\n                <img loading=\"lazy\" decoding=\"async\" width=\"763\" height=\"596\" src=\"https:\/\/soymigrante.com\/revista\/wp-content\/uploads\/2024\/04\/Captura-de-pantalla-2024-04-26-144949.webp\" class=\"attachment-large size-large wp-image-6207\" alt=\"Madre e hijo en una tierna interacci\u00f3n, resaltando la importancia de la familia y el amor en la contexto de la inmigraci\u00f3n y la comunidad migrante.\" srcset=\"https:\/\/soymigrante.com\/revista\/wp-content\/uploads\/2024\/04\/Captura-de-pantalla-2024-04-26-144949.webp 763w, https:\/\/soymigrante.com\/revista\/wp-content\/uploads\/2024\/04\/Captura-de-pantalla-2024-04-26-144949-300x234.webp 300w, https:\/\/soymigrante.com\/revista\/wp-content\/uploads\/2024\/04\/Captura-de-pantalla-2024-04-26-144949-750x586.webp 750w\" sizes=\"(max-width: 763px) 100vw, 763px\" \/>\n            <\/div>\n        <\/div><div class=\"eael-entry-wrapper\"><header class=\"eael-entry-header\"><h2 class=\"eael-entry-title\"><a class=\"eael-grid-post-link\" href=\"https:\/\/soymigrante.com\/revista\/historia-vitalina-sanchez-adoptada-estados-unidos-guatemala\/\" title=\"As\u00ed fue c\u00f3mo Liv S\u00e1nchez, de EE.UU. pas\u00f3 a ser Vitalina, nacida en Guatemala\">As\u00ed fue c\u00f3mo Liv S\u00e1nchez, de EE.UU. pas\u00f3 a ser Vitalina, nacida en Guatemala<\/a><\/h2><\/header><div class=\"eael-entry-content\">\n                        <div class=\"eael-grid-post-excerpt\"><a href=\"https:\/\/soymigrante.com\/revista\/historia-vitalina-sanchez-adoptada-estados-unidos-guatemala\/\" class=\"eael-post-elements-readmore-btn\">CONOCE SU HISTORIA <\/a><\/div>\n                    <\/div><\/div><\/div>\n        <\/div>\n    <\/article><\/div>\n            <div class=\"clearfix\"><\/div>\n        <\/div>\t\t\t\t<\/div>\n\t\t\t\t\t<\/div>\n\t\t\t\t<\/div>\n\t\t<div data-particle_enable=\"false\" data-particle-mobile-disabled=\"false\" class=\"elementor-element elementor-element-d7f2531 e-flex e-con-boxed e-con e-parent\" data-id=\"d7f2531\" data-element_type=\"container\" data-e-type=\"container\">\n\t\t\t\t\t<div class=\"e-con-inner\">\n\t\t\t\t<div class=\"elementor-element elementor-element-8916c94 elementor-widget elementor-widget-heading\" data-id=\"8916c94\" data-element_type=\"widget\" data-e-type=\"widget\" data-widget_type=\"heading.default\">\n\t\t\t\t\t<h3 class=\"elementor-heading-title elementor-size-default\">Con fortaleza tan grande como su amor<\/h3>\t\t\t\t<\/div>\n\t\t\t\t\t<\/div>\n\t\t\t\t<\/div>\n\t\t<div data-particle_enable=\"false\" data-particle-mobile-disabled=\"false\" class=\"elementor-element elementor-element-84bc01e e-flex e-con-boxed e-con e-parent\" data-id=\"84bc01e\" data-element_type=\"container\" data-e-type=\"container\">\n\t\t\t\t\t<div class=\"e-con-inner\">\n\t\t\t\t<div class=\"elementor-element elementor-element-48c2ca0 elementor-widget elementor-widget-text-editor\" data-id=\"48c2ca0\" data-element_type=\"widget\" data-e-type=\"widget\" data-widget_type=\"text-editor.default\">\n\t\t\t\t\t\t\t\t\t<p>Hablar de la madre guatemalteca es hablar del princesa Ixkik\u2019 milenaria, de la fuerza de la Ceiba, de la serenidad de la lluvia en mayo. Es reconocer que la patria tiene rostro de mujer que lucha, que sue\u00f1a y que no se rinde.\u00a0<\/p><p>\u00a0Hoy reconocemos y dignificamos el aporte de cada madre guatemalteca, en cada puntada, en cada remesa, en cada tienda digital abierta con paso firme y decidido: su coraz\u00f3n late en el alma de una Guatemala que avanza, sue\u00f1a en grande y realiza lo incre\u00edble<\/p>\t\t\t\t\t\t\t\t<\/div>\n\t\t\t\t\t<\/div>\n\t\t\t\t<\/div>\n\t\t<div data-particle_enable=\"false\" data-particle-mobile-disabled=\"false\" class=\"elementor-element elementor-element-c5afdcf e-flex e-con-boxed e-con e-parent\" data-id=\"c5afdcf\" data-element_type=\"container\" data-e-type=\"container\">\n\t\t\t\t\t<div class=\"e-con-inner\">\n\t\t\t\t<div class=\"elementor-element elementor-element-f100e72 elementor-widget elementor-widget-heading\" data-id=\"f100e72\" data-element_type=\"widget\" data-e-type=\"widget\" data-widget_type=\"heading.default\">\n\t\t\t\t\t<h2 class=\"elementor-heading-title elementor-size-default\">Honor a todas las madres guatemaltecas<\/h2>\t\t\t\t<\/div>\n\t\t\t\t\t<\/div>\n\t\t\t\t<\/div>\n\t\t<div data-particle_enable=\"false\" data-particle-mobile-disabled=\"false\" class=\"elementor-element elementor-element-9246d12 e-flex e-con-boxed e-con e-parent\" data-id=\"9246d12\" data-element_type=\"container\" data-e-type=\"container\">\n\t\t\t\t\t<div class=\"e-con-inner\">\n\t\t\t\t<div class=\"elementor-element elementor-element-4906ef0 elementor-grid-eael-col-3 elementor-grid-tablet-eael-col-2 elementor-grid-mobile-eael-col-1 elementor-widget elementor-widget-eael-post-grid\" data-id=\"4906ef0\" data-element_type=\"widget\" data-e-type=\"widget\" data-settings=\"{&quot;eael_post_grid_columns&quot;:&quot;eael-col-3&quot;,&quot;eael_post_grid_columns_tablet&quot;:&quot;eael-col-2&quot;,&quot;eael_post_grid_columns_mobile&quot;:&quot;eael-col-1&quot;}\" data-widget_type=\"eael-post-grid.default\">\n\t\t\t\t\t<div id=\"eael-post-grid-4906ef0\" class=\"eael-post-grid-container\">\n            <div class=\"eael-post-grid eael-post-appender eael-post-appender-4906ef0 eael-post-grid-style-one\" data-layout-mode=\"masonry\"><article class=\"eael-grid-post  eael-post-grid-column eael-pg-post-32692 category-guate-nuestra\" data-id=\"32692\">\n        <div class=\"eael-grid-post-holder\">\n            <div class=\"eael-grid-post-holder-inner\"><div class=\"eael-entry-media\"><div class=\"eael-entry-overlay fade-in\"><i class=\"far fa-hand-pointer\" aria-hidden=\"true\"><\/i><a href=\"https:\/\/soymigrante.com\/revista\/la-maternidad-desde-la-cosmovision-maya-ancestral\/\"><\/a><\/div><div class=\"eael-entry-thumbnail \">\n                <img loading=\"lazy\" decoding=\"async\" width=\"474\" height=\"315\" src=\"https:\/\/soymigrante.com\/revista\/wp-content\/uploads\/2025\/05\/Maternidad.webp\" class=\"attachment-large size-large wp-image-32693\" alt=\"Mujer ind\u00edgena vendiendo frutas en mercado tradicional en Tailandia, cultura y econom\u00eda local.\" srcset=\"https:\/\/soymigrante.com\/revista\/wp-content\/uploads\/2025\/05\/Maternidad.webp 474w, https:\/\/soymigrante.com\/revista\/wp-content\/uploads\/2025\/05\/Maternidad-300x199.jpg 300w\" sizes=\"(max-width: 474px) 100vw, 474px\" \/>\n            <\/div>\n        <\/div><div class=\"eael-entry-wrapper\"><header class=\"eael-entry-header\"><h2 class=\"eael-entry-title\"><a class=\"eael-grid-post-link\" href=\"https:\/\/soymigrante.com\/revista\/la-maternidad-desde-la-cosmovision-maya-ancestral\/\" title=\"La maternidad y sus valores desde la cosmovisi\u00f3n maya ancestral\">La maternidad y sus valores desde la cosmovisi\u00f3n maya ancestral<\/a><\/h2><\/header><div class=\"eael-entry-content\">\n                        <div class=\"eael-grid-post-excerpt\"><a href=\"https:\/\/soymigrante.com\/revista\/la-maternidad-desde-la-cosmovision-maya-ancestral\/\" class=\"eael-post-elements-readmore-btn\">CONOCE SU HISTORIA <\/a><\/div>\n                    <\/div><\/div><\/div>\n        <\/div>\n    <\/article><article class=\"eael-grid-post  eael-post-grid-column eael-pg-post-32776 category-guate-nuestra\" data-id=\"32776\">\n        <div class=\"eael-grid-post-holder\">\n            <div class=\"eael-grid-post-holder-inner\"><div class=\"eael-entry-media\"><div class=\"eael-entry-overlay fade-in\"><i class=\"far fa-hand-pointer\" aria-hidden=\"true\"><\/i><a href=\"https:\/\/soymigrante.com\/revista\/la-maternidad-en-la-cultura-kiche-un-viaje-sagrado-lleno-de-rituales\/\"><\/a><\/div><div class=\"eael-entry-thumbnail \">\n                <img loading=\"lazy\" decoding=\"async\" width=\"1024\" height=\"512\" src=\"https:\/\/soymigrante.com\/revista\/wp-content\/uploads\/2025\/05\/Maternidad-mujeres-1024x512.jpg\" class=\"attachment-large size-large wp-image-32777\" alt=\"Diversas mujeres y ni\u00f1os migrantes en un entorno rural, evidenciando la vida y comunidad de inmigrantes en Am\u00e9rica Central y M\u00e9xico.\" \/>\n            <\/div>\n        <\/div><div class=\"eael-entry-wrapper\"><header class=\"eael-entry-header\"><h2 class=\"eael-entry-title\"><a class=\"eael-grid-post-link\" href=\"https:\/\/soymigrante.com\/revista\/la-maternidad-en-la-cultura-kiche-un-viaje-sagrado-lleno-de-rituales\/\" title=\"La maternidad en la cultura K\u2019iche\u2019: un viaje sagrado lleno de rituales\">La maternidad en la cultura K\u2019iche\u2019: un viaje sagrado lleno de rituales<\/a><\/h2><\/header><div class=\"eael-entry-content\">\n                        <div class=\"eael-grid-post-excerpt\"><a href=\"https:\/\/soymigrante.com\/revista\/la-maternidad-en-la-cultura-kiche-un-viaje-sagrado-lleno-de-rituales\/\" class=\"eael-post-elements-readmore-btn\">CONOCE SU HISTORIA <\/a><\/div>\n                    <\/div><\/div><\/div>\n        <\/div>\n    <\/article><article class=\"eael-grid-post  eael-post-grid-column eael-pg-post-32865 category-estamos-unidos\" data-id=\"32865\">\n        <div class=\"eael-grid-post-holder\">\n            <div class=\"eael-grid-post-holder-inner\"><div class=\"eael-entry-media\"><div class=\"eael-entry-overlay fade-in\"><i class=\"far fa-hand-pointer\" aria-hidden=\"true\"><\/i><a href=\"https:\/\/soymigrante.com\/revista\/madres-migrantes-guatemaltecas-responden-que-tradiciones-valores-y-elementos-de-identidad-inculca-a-sus-hijos\/\"><\/a><\/div><div class=\"eael-entry-thumbnail \">\n                <img fetchpriority=\"high\" decoding=\"async\" width=\"1024\" height=\"1024\" src=\"https:\/\/soymigrante.com\/revista\/wp-content\/uploads\/2025\/05\/madre-guatemalteca-letty-1024x1024.jpg\" class=\"attachment-large size-large wp-image-32866\" alt=\"Familia migrante en evento cultural, homenaje y celebraci\u00f3n en el marco de la revista SoyMigrante.com. Experiencia de comunidad, diversidad y orgullo migrante en un ambiente acogedor y festivo.\" srcset=\"https:\/\/soymigrante.com\/revista\/wp-content\/uploads\/2025\/05\/madre-guatemalteca-letty-1024x1024.jpg 1024w, https:\/\/soymigrante.com\/revista\/wp-content\/uploads\/2025\/05\/madre-guatemalteca-letty-300x300.jpg 300w, https:\/\/soymigrante.com\/revista\/wp-content\/uploads\/2025\/05\/madre-guatemalteca-letty-150x150.jpg 150w, https:\/\/soymigrante.com\/revista\/wp-content\/uploads\/2025\/05\/madre-guatemalteca-letty-768x768.jpg 768w, https:\/\/soymigrante.com\/revista\/wp-content\/uploads\/2025\/05\/madre-guatemalteca-letty-75x75.webp 75w, https:\/\/soymigrante.com\/revista\/wp-content\/uploads\/2025\/05\/madre-guatemalteca-letty-750x750.webp 750w, https:\/\/soymigrante.com\/revista\/wp-content\/uploads\/2025\/05\/madre-guatemalteca-letty-1140x1140.webp 1140w, https:\/\/soymigrante.com\/revista\/wp-content\/uploads\/2025\/05\/madre-guatemalteca-letty.webp 1374w\" sizes=\"(max-width: 1024px) 100vw, 1024px\" \/>\n            <\/div>\n        <\/div><div class=\"eael-entry-wrapper\"><header class=\"eael-entry-header\"><h2 class=\"eael-entry-title\"><a class=\"eael-grid-post-link\" href=\"https:\/\/soymigrante.com\/revista\/madres-migrantes-guatemaltecas-responden-que-tradiciones-valores-y-elementos-de-identidad-inculca-a-sus-hijos\/\" title=\"Madres migrantes guatemaltecas responden: \u00bfQu\u00e9 tradiciones, valores y elementos de identidad inculca a sus hijos?\">Madres migrantes guatemaltecas responden: \u00bfQu\u00e9 tradiciones, valores y elementos de identidad inculca a sus hijos?<\/a><\/h2><\/header><div class=\"eael-entry-content\">\n                        <div class=\"eael-grid-post-excerpt\"><a href=\"https:\/\/soymigrante.com\/revista\/madres-migrantes-guatemaltecas-responden-que-tradiciones-valores-y-elementos-de-identidad-inculca-a-sus-hijos\/\" class=\"eael-post-elements-readmore-btn\">CONOCE SU HISTORIA <\/a><\/div>\n                    <\/div><\/div><\/div>\n        <\/div>\n    <\/article><\/div>\n            <div class=\"clearfix\"><\/div>\n        <\/div>\t\t\t\t<\/div>\n\t\t\t\t\t<\/div>\n\t\t\t\t<\/div>\n\t\t\t\t<\/div>\n\t\t","protected":false},"excerpt":{"rendered":"<p>Atento y sentido saludo de reconocimiento, de SoyMigrante.com a todas las madres guatemaltecas en su d\u00eda, especialmente a las madres que se esfuerzan a diario lejos de su tierra natal pero tambi\u00e9n a las madres emprendedoras que construyen nuevo futuro en sus comunidades. En las entra\u00f1as verdes de Guatemala, tierra de monta\u00f1a y quetzal, donde [&hellip;]<\/p>\n","protected":false},"author":1,"featured_media":8742,"comment_status":"open","ping_status":"open","sticky":false,"template":"","format":"standard","meta":{"_acf_changed":false,"_eb_attr":"","footnotes":""},"categories":[126],"tags":[],"class_list":["post-33128","post","type-post","status-publish","format-standard","has-post-thumbnail","hentry","category-editorial"],"acf":[],"aioseo_notices":[],"aioseo_head":"\n\t\t<!-- All in One SEO Pro 4.9.6.2 - aioseo.com -->\n\t<meta name=\"description\" content=\"Con motivo del D\u00eda de la Madre, migrantes guatemaltecas respondieron a la pregunta: \u00bf\" \/>\n\t<meta name=\"robots\" content=\"max-snippet:-1, max-image-preview:large, max-video-preview:-1\" \/>\n\t<meta name=\"author\" content=\"Gustavo Montenegro\"\/>\n\t<link rel=\"canonical\" href=\"https:\/\/soymigrante.com\/revista\/madres-migrantes-guatemaltecas-responden-que-tradiciones-valores-y-elementos-de-identidad-inculca-a-sus-hijos\/\" \/>\n\t<meta name=\"generator\" content=\"All in One SEO Pro (AIOSEO) 4.9.6.2\" \/>\n\n\t\t<link rel=\"preconnect\" href=\"https:\/\/fonts.googleapis.com\" crossorigin>\n<link rel=\"preconnect\" href=\"https:\/\/fonts.gstatic.com\" crossorigin>\n\t\t<meta property=\"og:locale\" content=\"es_ES\" \/>\n\t\t<meta property=\"og:site_name\" content=\"SoyMigrante.com REVISTA \u2013 Nuestra misi\u00f3n es reconocer y dignificar al migrante.\" \/>\n\t\t<meta property=\"og:type\" content=\"article\" \/>\n\t\t<meta property=\"og:title\" content=\"Madres migrantes comparten valores y tradiciones con sus hijos\" \/>\n\t\t<meta property=\"og:description\" content=\"Con motivo del D\u00eda de la Madre, migrantes guatemaltecas respondieron a la pregunta: \u00bf\" \/>\n\t\t<meta property=\"og:url\" content=\"https:\/\/soymigrante.com\/revista\/madres-migrantes-guatemaltecas-responden-que-tradiciones-valores-y-elementos-de-identidad-inculca-a-sus-hijos\/\" \/>\n\t\t<meta property=\"og:image\" content=\"https:\/\/soymigrante.com\/revista\/wp-content\/uploads\/2025\/05\/madre-guatemalteca-letty.webp\" \/>\n\t\t<meta property=\"og:image:secure_url\" content=\"https:\/\/soymigrante.com\/revista\/wp-content\/uploads\/2025\/05\/madre-guatemalteca-letty.webp\" \/>\n\t\t<meta property=\"og:image:width\" content=\"1374\" \/>\n\t\t<meta property=\"og:image:height\" content=\"1374\" \/>\n\t\t<meta property=\"article:published_time\" content=\"2025-05-08T11:00:00+00:00\" \/>\n\t\t<meta property=\"article:modified_time\" content=\"2025-05-09T20:37:41+00:00\" \/>\n\t\t<meta property=\"article:publisher\" content=\"https:\/\/www.facebook.com\/soymigrantecom\" \/>\n\t\t<meta name=\"twitter:card\" content=\"summary_large_image\" \/>\n\t\t<meta name=\"twitter:site\" content=\"@SoyMigrante_com\" \/>\n\t\t<meta name=\"twitter:title\" content=\"Madres migrantes comparten valores y tradiciones con sus hijos\" \/>\n\t\t<meta name=\"twitter:description\" content=\"Con motivo del D\u00eda de la Madre, migrantes guatemaltecas respondieron a la pregunta: \u00bf\" \/>\n\t\t<meta name=\"twitter:creator\" content=\"@SoyMigrante_com\" \/>\n\t\t<meta name=\"twitter:image\" content=\"https:\/\/soymigrante.com\/revista\/wp-content\/uploads\/2025\/05\/madre-guatemalteca-letty.webp\" \/>\n\t\t<!-- All in One SEO Pro -->\r\n\t\t<title>Madres migrantes comparten valores y tradiciones con sus hijos<\/title>\n\n","aioseo_head_json":{"title":"Madres migrantes comparten valores y tradiciones con sus hijos","description":"Con motivo del D\u00eda de la Madre, migrantes guatemaltecas respondieron a la pregunta: \u00bf","canonical_url":"https:\/\/soymigrante.com\/revista\/madres-migrantes-guatemaltecas-responden-que-tradiciones-valores-y-elementos-de-identidad-inculca-a-sus-hijos\/","robots":"max-snippet:-1, max-image-preview:large, max-video-preview:-1","keywords":"","webmasterTools":{"miscellaneous":"&lt;link rel=\"preconnect\" href=\"https:\/\/fonts.googleapis.com\" crossorigin&gt;\n&lt;link rel=\"preconnect\" href=\"https:\/\/fonts.gstatic.com\" crossorigin&gt;"},"schema":null,"og:locale":"es_ES","og:site_name":"SoyMigrante.com REVISTA \u2013 Nuestra misi\u00f3n es reconocer y dignificar al migrante.","og:type":"article","og:title":"Madres migrantes comparten valores y tradiciones con sus hijos","og:description":"Con motivo del D\u00eda de la Madre, migrantes guatemaltecas respondieron a la pregunta: \u00bf","og:url":"https:\/\/soymigrante.com\/revista\/madres-migrantes-guatemaltecas-responden-que-tradiciones-valores-y-elementos-de-identidad-inculca-a-sus-hijos\/","og:image":"https:\/\/soymigrante.com\/revista\/wp-content\/uploads\/2025\/05\/madre-guatemalteca-letty.webp","og:image:secure_url":"https:\/\/soymigrante.com\/revista\/wp-content\/uploads\/2025\/05\/madre-guatemalteca-letty.webp","og:image:width":1374,"og:image:height":1374,"article:published_time":"2025-05-08T11:00:00+00:00","article:modified_time":"2025-05-09T20:37:41+00:00","article:publisher":"https:\/\/www.facebook.com\/soymigrantecom","twitter:card":"summary_large_image","twitter:site":"@SoyMigrante_com","twitter:title":"Madres migrantes comparten valores y tradiciones con sus hijos","twitter:description":"Con motivo del D\u00eda de la Madre, migrantes guatemaltecas respondieron a la pregunta: \u00bf","twitter:creator":"@SoyMigrante_com","twitter:image":"https:\/\/soymigrante.com\/revista\/wp-content\/uploads\/2025\/05\/madre-guatemalteca-letty.webp"},"aioseo_meta_data":{"post_id":"33128","title":"Madres guatemaltecas: manos laboriosas y sin l\u00edmites","description":"Nuestro saludo editorial desde SoyMigrante.com a todas las madres guatemaltecas en su d\u00eda, incluyendo a las madres artesanas, emprendedoras y migrantes.","keywords":null,"keyphrases":{"focus":{"keyphrase":"Madres","score":91,"analysis":{"keyphraseInTitle":{"score":9,"maxScore":9,"error":0},"keyphraseInDescription":{"score":9,"maxScore":9,"error":0},"keyphraseLength":{"score":9,"maxScore":9,"error":0,"length":1},"keyphraseInURL":{"score":5,"maxScore":5,"error":0},"keyphraseInIntroduction":{"score":3,"maxScore":9,"error":1},"keyphraseInSubHeadings":{"score":9,"maxScore":9,"error":0},"keyphraseInImageAlt":{"score":9,"maxScore":9,"error":0},"keywordDensity":{"type":"best","score":9,"maxScore":9,"error":0}}},"additional":[{"keyphrase":"Guatemaltecas","score":73,"analysis":{"keyphraseInDescription":{"score":9,"maxScore":9,"error":0},"keyphraseLength":{"score":9,"maxScore":9,"error":0,"length":1},"keyphraseInIntroduction":{"score":3,"maxScore":9,"error":1},"keyphraseInImageAlt":{"score":3,"maxScore":9,"error":1},"keywordDensity":{"type":"best","score":9,"maxScore":9,"error":0}}},{"keyphrase":"Madres","score":87,"analysis":{"keyphraseInDescription":{"score":9,"maxScore":9,"error":0},"keyphraseLength":{"score":9,"maxScore":9,"error":0,"length":1},"keyphraseInIntroduction":{"score":3,"maxScore":9,"error":1},"keyphraseInImageAlt":{"score":9,"maxScore":9,"error":0},"keywordDensity":{"type":"best","score":9,"maxScore":9,"error":0}}},{"keyphrase":"D\u00eda de la Madre","score":33,"analysis":{"keyphraseInDescription":{"score":3,"maxScore":9,"error":1},"keyphraseLength":{"score":6,"maxScore":9,"error":1,"length":5},"keyphraseInIntroduction":{"score":3,"maxScore":9,"error":1},"keyphraseInImageAlt":{"score":3,"maxScore":9,"error":1},"keywordDensity":{"score":0,"type":"low","maxScore":9,"error":1}}}]},"primary_term":null,"canonical_url":null,"og_title":null,"og_description":null,"og_object_type":"default","og_image_type":"default","og_image_url":null,"og_image_width":null,"og_image_height":null,"og_image_custom_url":null,"og_image_custom_fields":null,"og_video":"","og_custom_url":null,"og_article_section":null,"og_article_tags":null,"twitter_use_og":false,"twitter_card":"default","twitter_image_type":"default","twitter_image_url":null,"twitter_image_custom_url":null,"twitter_image_custom_fields":null,"twitter_title":null,"twitter_description":null,"schema":{"blockGraphs":[],"customGraphs":[],"default":{"data":{"Article":[],"Course":[],"Dataset":[],"FAQPage":[],"Movie":[],"Person":[],"Product":[],"ProductReview":[],"Car":[],"Recipe":[],"Service":[],"SoftwareApplication":[],"WebPage":[]},"graphName":"none","isEnabled":true},"graphs":[]},"schema_type":"default","schema_type_options":null,"pillar_content":false,"robots_default":true,"robots_noindex":false,"robots_noarchive":false,"robots_nosnippet":false,"robots_nofollow":false,"robots_noimageindex":false,"robots_noodp":false,"robots_notranslate":false,"robots_max_snippet":"-1","robots_max_videopreview":"-1","robots_max_imagepreview":"large","priority":null,"frequency":"default","local_seo":null,"seo_analyzer_scan_date":"2025-10-09 05:01:12","breadcrumb_settings":null,"limit_modified_date":false,"reviewed_by":null,"open_ai":"{\"title\":{\"suggestions\":[],\"usage\":0},\"description\":{\"suggestions\":[],\"usage\":0}}","ai":null,"created":"2025-05-10 15:50:31","updated":"2026-02-04 23:38:11"},"aioseo_breadcrumb":"<div class=\"aioseo-breadcrumbs\"><span class=\"aioseo-breadcrumb\">\n\t<a href=\"https:\/\/soymigrante.com\/revista\" title=\"Home\">Home<\/a>\n<\/span><span class=\"aioseo-breadcrumb-separator\">\u00bb<\/span><span class=\"aioseo-breadcrumb\">\n\t<a href=\"https:\/\/soymigrante.com\/revista\/category\/estamos-unidos\/\" title=\"Estamos Unidos\">Estamos Unidos<\/a>\n<\/span><span class=\"aioseo-breadcrumb-separator\">\u00bb<\/span><span class=\"aioseo-breadcrumb\">\n\t<a href=\"https:\/\/soymigrante.com\/revista\/category\/estamos-unidos\/editorial\/\" title=\"Editorial\">Editorial<\/a>\n<\/span><span class=\"aioseo-breadcrumb-separator\">\u00bb<\/span><span class=\"aioseo-breadcrumb\">\n\tMadres guatemaltecas: manos laboriosas, coraz\u00f3n  sin l\u00edmites; fortaleza migrante y emprendedora\n<\/span><\/div>","aioseo_breadcrumb_json":[{"label":"Home","link":"https:\/\/soymigrante.com\/revista"},{"label":"Estamos Unidos","link":"https:\/\/soymigrante.com\/revista\/category\/estamos-unidos\/"},{"label":"Editorial","link":"https:\/\/soymigrante.com\/revista\/category\/estamos-unidos\/editorial\/"},{"label":"Madres guatemaltecas: manos laboriosas, coraz\u00f3n  sin l\u00edmites; fortaleza migrante y emprendedora","link":"https:\/\/soymigrante.com\/revista\/madres-guatemaltecas-manos-laboriosas-corazon-sin-limites-fortaleza-migrante-y-emprendedor\/"}],"_links":{"self":[{"href":"https:\/\/soymigrante.com\/revista\/wp-json\/wp\/v2\/posts\/33128","targetHints":{"allow":["GET"]}}],"collection":[{"href":"https:\/\/soymigrante.com\/revista\/wp-json\/wp\/v2\/posts"}],"about":[{"href":"https:\/\/soymigrante.com\/revista\/wp-json\/wp\/v2\/types\/post"}],"author":[{"embeddable":true,"href":"https:\/\/soymigrante.com\/revista\/wp-json\/wp\/v2\/users\/1"}],"replies":[{"embeddable":true,"href":"https:\/\/soymigrante.com\/revista\/wp-json\/wp\/v2\/comments?post=33128"}],"version-history":[{"count":22,"href":"https:\/\/soymigrante.com\/revista\/wp-json\/wp\/v2\/posts\/33128\/revisions"}],"predecessor-version":[{"id":33178,"href":"https:\/\/soymigrante.com\/revista\/wp-json\/wp\/v2\/posts\/33128\/revisions\/33178"}],"wp:featuredmedia":[{"embeddable":true,"href":"https:\/\/soymigrante.com\/revista\/wp-json\/wp\/v2\/media\/8742"}],"wp:attachment":[{"href":"https:\/\/soymigrante.com\/revista\/wp-json\/wp\/v2\/media?parent=33128"}],"wp:term":[{"taxonomy":"category","embeddable":true,"href":"https:\/\/soymigrante.com\/revista\/wp-json\/wp\/v2\/categories?post=33128"},{"taxonomy":"post_tag","embeddable":true,"href":"https:\/\/soymigrante.com\/revista\/wp-json\/wp\/v2\/tags?post=33128"}],"curies":[{"name":"wp","href":"https:\/\/api.w.org\/{rel}","templated":true}]}}