{"id":33115,"date":"2025-05-23T16:12:44","date_gmt":"2025-05-23T22:12:44","guid":{"rendered":"https:\/\/soymigrante.com\/revista\/?p=33115"},"modified":"2025-05-23T16:14:16","modified_gmt":"2025-05-23T22:14:16","slug":"canon-seacacar-un-tesoro-natural-en-el-corazon-de-izabal","status":"publish","type":"post","link":"https:\/\/soymigrante.com\/revista\/canon-seacacar-un-tesoro-natural-en-el-corazon-de-izabal\/","title":{"rendered":"Ca\u00f1\u00f3n Seacacar: Una maravilla de agua, roca y tiempo en el coraz\u00f3n de Izabal"},"content":{"rendered":"\t\t<div data-elementor-type=\"wp-post\" data-elementor-id=\"33115\" class=\"elementor elementor-33115\" data-elementor-post-type=\"post\">\n\t\t\t\t<div data-particle_enable=\"false\" data-particle-mobile-disabled=\"false\" class=\"elementor-element elementor-element-ea1f068 e-flex e-con-boxed e-con e-parent\" data-id=\"ea1f068\" data-element_type=\"container\" data-e-type=\"container\">\n\t\t\t\t\t<div class=\"e-con-inner\">\n\t\t\t\t<div class=\"elementor-element elementor-element-0788ea6 elementor-widget elementor-widget-heading\" data-id=\"0788ea6\" data-element_type=\"widget\" data-e-type=\"widget\" data-widget_type=\"heading.default\">\n\t\t\t\t\t<h2 class=\"elementor-heading-title elementor-size-default\">El Ca\u00f1\u00f3n Seacar es un tesoro con agua cristalina que se encuentra en Izabal. <\/h2>\t\t\t\t<\/div>\n\t\t\t\t\t<\/div>\n\t\t\t\t<\/div>\n\t\t<div data-particle_enable=\"false\" data-particle-mobile-disabled=\"false\" class=\"elementor-element elementor-element-70124ca e-flex e-con-boxed e-con e-parent\" data-id=\"70124ca\" data-element_type=\"container\" data-e-type=\"container\">\n\t\t\t\t\t<div class=\"e-con-inner\">\n\t\t\t\t<div class=\"elementor-element elementor-element-2ce4b11 elementor-widget elementor-widget-text-editor\" data-id=\"2ce4b11\" data-element_type=\"widget\" data-e-type=\"widget\" data-widget_type=\"text-editor.default\">\n\t\t\t\t\t\t\t\t\t<p>Ubicado en las exuberantes monta\u00f1as de la Sierra de Santa Cruz, en<a href=\"https:\/\/soymigrante.com\/revista\/departamentos-de-guatemala-izabal-es-la-puerta-del-caribe\/\" target=\"_blank\" rel=\"noopener\"> el municipio de El Estor, Izabal<\/a>, el Ca\u00f1\u00f3n Seacacar se presenta como un destino tur\u00edstico emergente que combina aventura, naturaleza y cultura comunitaria.<\/p><p>Este rinc\u00f3n escondido de Guatemala ofrece a los visitantes una experiencia \u00fanica en medio de la selva tropical, rodeado de impresionantes formaciones rocosas y el serpenteante r\u00edo Sauce.<\/p>\t\t\t\t\t\t\t\t<\/div>\n\t\t\t\t\t<\/div>\n\t\t\t\t<\/div>\n\t\t<div data-particle_enable=\"false\" data-particle-mobile-disabled=\"false\" class=\"elementor-element elementor-element-2325d4a e-flex e-con-boxed e-con e-parent\" data-id=\"2325d4a\" data-element_type=\"container\" data-e-type=\"container\">\n\t\t\t\t\t<div class=\"e-con-inner\">\n\t\t\t\t<div class=\"elementor-element elementor-element-681d14b elementor-widget elementor-widget-heading\" data-id=\"681d14b\" data-element_type=\"widget\" data-e-type=\"widget\" data-widget_type=\"heading.default\">\n\t\t\t\t\t<h3 class=\"elementor-heading-title elementor-size-default\">\u00bfC\u00f3mo llegar desde la Ciudad de Guatemala?<\/h3>\t\t\t\t<\/div>\n\t\t\t\t\t<\/div>\n\t\t\t\t<\/div>\n\t\t<div data-particle_enable=\"false\" data-particle-mobile-disabled=\"false\" class=\"elementor-element elementor-element-6ea5a02 e-flex e-con-boxed e-con e-parent\" data-id=\"6ea5a02\" data-element_type=\"container\" data-e-type=\"container\">\n\t\t\t\t\t<div class=\"e-con-inner\">\n\t\t\t\t<div class=\"elementor-element elementor-element-917acae elementor-widget elementor-widget-text-editor\" data-id=\"917acae\" data-element_type=\"widget\" data-e-type=\"widget\" data-widget_type=\"text-editor.default\">\n\t\t\t\t\t\t\t\t\t<p>El Ca\u00f1\u00f3n Seacacar se encuentra aproximadamente a 296 kil\u00f3metros por carretera desde la Ciudad de Guatemala. El viaje en autom\u00f3vil toma <a href=\"https:\/\/soymigrante.com\/revista\/departamentos-de-guatemala-izabal-es-la-puerta-del-caribe\/\" target=\"_blank\" rel=\"noopener\">alrededor de 5 horas y 20 minutos, dependiendo del tr\u00e1fico y las condiciones del camino.<\/a><\/p><p>Para quienes prefieren el transporte p\u00fablico, existen autobuses que conectan la capital con Puerto Barrios, con un tiempo estimado de 5 horas y un costo entre Q150 y Q180.<\/p>\t\t\t\t\t\t\t\t<\/div>\n\t\t\t\t\t<\/div>\n\t\t\t\t<\/div>\n\t\t<div data-particle_enable=\"false\" data-particle-mobile-disabled=\"false\" class=\"elementor-element elementor-element-eed6b8e e-flex e-con-boxed e-con e-parent\" data-id=\"eed6b8e\" data-element_type=\"container\" data-e-type=\"container\">\n\t\t\t\t\t<div class=\"e-con-inner\">\n\t\t\t\t<div class=\"elementor-element elementor-element-f5d5a8c elementor-widget elementor-widget-image\" data-id=\"f5d5a8c\" data-element_type=\"widget\" data-e-type=\"widget\" data-widget_type=\"image.default\">\n\t\t\t\t\t\t\t\t\t\t\t\t<figure class=\"wp-caption\">\n\t\t\t\t\t\t\t\t\t\t<img fetchpriority=\"high\" decoding=\"async\" width=\"474\" height=\"267\" src=\"https:\/\/soymigrante.com\/revista\/wp-content\/uploads\/2025\/05\/Canon-Seacacar3.webp\" class=\"attachment-large size-large wp-image-33121\" alt=\"Paisaje del r\u00edo rodeado de \u00e1rboles con sillas y mesa de madera, lugar ideal para relajarse y disfrutar de la naturaleza en un entorno tranquilo y ecol\u00f3gico en la revista SoyMigrante.\" srcset=\"https:\/\/soymigrante.com\/revista\/wp-content\/uploads\/2025\/05\/Canon-Seacacar3.webp 474w, https:\/\/soymigrante.com\/revista\/wp-content\/uploads\/2025\/05\/Canon-Seacacar3-300x169.jpg 300w\" sizes=\"(max-width: 474px) 100vw, 474px\" title=\"Ca\u00f1\u00f3n Seacacar: Un tesoro natural en el coraz\u00f3n de Izabal \u2013 SoyMigrante.com REVISTA\" \/>\t\t\t\t\t\t\t\t\t\t\t<figcaption class=\"widget-image-caption wp-caption-text\">Im\u00e1genes de un paisaje sereno junto a un r\u00edo en un entorno selv\u00e1tico, con sillas para descansar y disfrutar de la naturaleza en un ambiente apacible.<\/figcaption>\n\t\t\t\t\t\t\t\t\t\t<\/figure>\n\t\t\t\t\t\t\t\t\t<\/div>\n\t\t\t\t\t<\/div>\n\t\t\t\t<\/div>\n\t\t<div data-particle_enable=\"false\" data-particle-mobile-disabled=\"false\" class=\"elementor-element elementor-element-f8be26d e-flex e-con-boxed e-con e-parent\" data-id=\"f8be26d\" data-element_type=\"container\" data-e-type=\"container\">\n\t\t\t\t\t<div class=\"e-con-inner\">\n\t\t\t\t<div class=\"elementor-element elementor-element-526ddd0 elementor-widget elementor-widget-heading\" data-id=\"526ddd0\" data-element_type=\"widget\" data-e-type=\"widget\" data-widget_type=\"heading.default\">\n\t\t\t\t\t<h3 class=\"elementor-heading-title elementor-size-default\">Acceso a la Reserva Natural Ca\u00f1\u00f3n Seacacar<\/h3>\t\t\t\t<\/div>\n\t\t\t\t\t<\/div>\n\t\t\t\t<\/div>\n\t\t<div data-particle_enable=\"false\" data-particle-mobile-disabled=\"false\" class=\"elementor-element elementor-element-0a30cf0 e-flex e-con-boxed e-con e-parent\" data-id=\"0a30cf0\" data-element_type=\"container\" data-e-type=\"container\">\n\t\t\t\t\t<div class=\"e-con-inner\">\n\t\t\t\t<div class=\"elementor-element elementor-element-e200344 elementor-widget elementor-widget-text-editor\" data-id=\"e200344\" data-element_type=\"widget\" data-e-type=\"widget\" data-widget_type=\"text-editor.default\">\n\t\t\t\t\t\t\t\t\t<p>Para acceder a la reserva, los visitantes deben dirigirse al kil\u00f3metro 312 de la carretera entre R\u00edo Dulce y El Estor, espec\u00edficamente al Balneario T\u00edo Polo.<\/p><p>Desde all\u00ed, <a href=\"https:\/\/soymigrante.com\/revista\/departamentos-de-guatemala-izabal-es-la-puerta-del-caribe\/\" target=\"_blank\" rel=\"noopener\">se cruza un puente sobre el r\u00edo Sauce y se contin\u00faa por un sendero de aproximadamente 3 kil\u00f3metro<\/a>s que asciende por la monta\u00f1a, ofreciendo vistas panor\u00e1micas del lago de Izabal y las monta\u00f1as circundantes.<\/p>\t\t\t\t\t\t\t\t<\/div>\n\t\t\t\t\t<\/div>\n\t\t\t\t<\/div>\n\t\t<div data-particle_enable=\"false\" data-particle-mobile-disabled=\"false\" class=\"elementor-element elementor-element-c59e5c3 e-flex e-con-boxed e-con e-parent\" data-id=\"c59e5c3\" data-element_type=\"container\" data-e-type=\"container\">\n\t\t\t\t\t<div class=\"e-con-inner\">\n\t\t\t\t<div class=\"elementor-element elementor-element-527d726 elementor-widget elementor-widget-heading\" data-id=\"527d726\" data-element_type=\"widget\" data-e-type=\"widget\" data-widget_type=\"heading.default\">\n\t\t\t\t\t<h3 class=\"elementor-heading-title elementor-size-default\">Actividades y servicios<\/h3>\t\t\t\t<\/div>\n\t\t\t\t\t<\/div>\n\t\t\t\t<\/div>\n\t\t<div data-particle_enable=\"false\" data-particle-mobile-disabled=\"false\" class=\"elementor-element elementor-element-6542ad6 e-flex e-con-boxed e-con e-parent\" data-id=\"6542ad6\" data-element_type=\"container\" data-e-type=\"container\">\n\t\t\t\t\t<div class=\"e-con-inner\">\n\t\t\t\t<div class=\"elementor-element elementor-element-b8741bb elementor-widget elementor-widget-text-editor\" data-id=\"b8741bb\" data-element_type=\"widget\" data-e-type=\"widget\" data-widget_type=\"text-editor.default\">\n\t\t\t\t\t\t\t\t\t<div>La Reserva Natural Ca\u00f1\u00f3n Seacacar ofrece una variedad de actividades para los amantes de la naturaleza y la aventura:\u00a0\u00a0<\/div><div><strong>\u2022Senderismo:<\/strong> Recorridos por senderos que atraviesan la selva subtropical, con miradores naturales y una cueva ceremonial.\u00a0\u00a0<\/div><div><strong>\u2022Tubing:<\/strong> Descenso por el r\u00edo Sauce en neum\u00e1ticos, una experiencia emocionante que permite disfrutar del paisaje desde una perspectiva \u00fanica.\u00a0\u00a0<\/div><div><strong>\u2022Piscinas naturales<\/strong>: Zonas habilitadas para el ba\u00f1o en aguas cristalinas.<\/div><div><strong>\u2022Alojamiento y restaurante:<\/strong> La reserva cuenta con un hotel y un restaurante que ofrecen hospedaje y alimentaci\u00f3n a los visitantes .\u00a0\u00a0<\/div>\t\t\t\t\t\t\t\t<\/div>\n\t\t\t\t\t<\/div>\n\t\t\t\t<\/div>\n\t\t<div data-particle_enable=\"false\" data-particle-mobile-disabled=\"false\" class=\"elementor-element elementor-element-78337d0 e-flex e-con-boxed e-con e-parent\" data-id=\"78337d0\" data-element_type=\"container\" data-e-type=\"container\">\n\t\t\t\t\t<div class=\"e-con-inner\">\n\t\t\t\t<div class=\"elementor-element elementor-element-6c9c662 elementor-widget elementor-widget-image\" data-id=\"6c9c662\" data-element_type=\"widget\" data-e-type=\"widget\" data-widget_type=\"image.default\">\n\t\t\t\t\t\t\t\t\t\t\t\t<figure class=\"wp-caption\">\n\t\t\t\t\t\t\t\t\t\t<img decoding=\"async\" width=\"768\" height=\"436\" src=\"https:\/\/soymigrante.com\/revista\/wp-content\/uploads\/2025\/05\/Canon-Seacacar-1.webp\" class=\"attachment-large size-large wp-image-33122\" alt=\"R\u00edo cristalino rodeado de vegetaci\u00f3n exuberante, paisaje natural y biodiversidad en un entorno verde y salvaje.\" srcset=\"https:\/\/soymigrante.com\/revista\/wp-content\/uploads\/2025\/05\/Canon-Seacacar-1.webp 768w, https:\/\/soymigrante.com\/revista\/wp-content\/uploads\/2025\/05\/Canon-Seacacar-1-300x170.jpg 300w, https:\/\/soymigrante.com\/revista\/wp-content\/uploads\/2025\/05\/Canon-Seacacar-1-750x426.jpg 750w\" sizes=\"(max-width: 768px) 100vw, 768px\" title=\"Ca\u00f1\u00f3n Seacacar 1 \u2013 SoyMigrante.com REVISTA\" \/>\t\t\t\t\t\t\t\t\t\t\t<figcaption class=\"widget-image-caption wp-caption-text\">Paisaje natural con r\u00edo y flora diversa, ideal para ecoturismo, aventura y conservaci\u00f3n ambiental.<\/figcaption>\n\t\t\t\t\t\t\t\t\t\t<\/figure>\n\t\t\t\t\t\t\t\t\t<\/div>\n\t\t\t\t\t<\/div>\n\t\t\t\t<\/div>\n\t\t<div data-particle_enable=\"false\" data-particle-mobile-disabled=\"false\" class=\"elementor-element elementor-element-a3da2d3 e-flex e-con-boxed e-con e-parent\" data-id=\"a3da2d3\" data-element_type=\"container\" data-e-type=\"container\">\n\t\t\t\t\t<div class=\"e-con-inner\">\n\t\t\t\t<div class=\"elementor-element elementor-element-da714db elementor-widget elementor-widget-heading\" data-id=\"da714db\" data-element_type=\"widget\" data-e-type=\"widget\" data-widget_type=\"heading.default\">\n\t\t\t\t\t<h3 class=\"elementor-heading-title elementor-size-default\">Costos de entrada y actividades<\/h3>\t\t\t\t<\/div>\n\t\t\t\t\t<\/div>\n\t\t\t\t<\/div>\n\t\t<div data-particle_enable=\"false\" data-particle-mobile-disabled=\"false\" class=\"elementor-element elementor-element-aa6e1ff e-flex e-con-boxed e-con e-parent\" data-id=\"aa6e1ff\" data-element_type=\"container\" data-e-type=\"container\">\n\t\t\t\t\t<div class=\"e-con-inner\">\n\t\t\t\t<div class=\"elementor-element elementor-element-6e411a0 elementor-widget elementor-widget-text-editor\" data-id=\"6e411a0\" data-element_type=\"widget\" data-e-type=\"widget\" data-widget_type=\"text-editor.default\">\n\t\t\t\t\t\t\t\t\t<div>Los precios para disfrutar de las instalaciones y actividades de la reserva son accesibles:\u00a0\u00a0<\/div><div><strong>\u2022Entrada general:<\/strong> Q30.00 por persona, incluye acceso a piscinas naturales, senderos, miradores, cueva ceremonial y \u00e1reas de descanso.\u00a0\u00a0<\/div><div><strong>\u2022Tubing<\/strong>: Q100.00 por persona, incluye chaleco salvavidas, tubo, bolsas impermeables y acompa\u00f1amiento de gu\u00eda.\u00a0\u00a0<\/div>\t\t\t\t\t\t\t\t<\/div>\n\t\t\t\t\t<\/div>\n\t\t\t\t<\/div>\n\t\t<div data-particle_enable=\"false\" data-particle-mobile-disabled=\"false\" class=\"elementor-element elementor-element-1420f5f e-flex e-con-boxed e-con e-parent\" data-id=\"1420f5f\" data-element_type=\"container\" data-e-type=\"container\">\n\t\t\t\t\t<div class=\"e-con-inner\">\n\t\t\t\t<div class=\"elementor-element elementor-element-7e74896 elementor-widget elementor-widget-heading\" data-id=\"7e74896\" data-element_type=\"widget\" data-e-type=\"widget\" data-widget_type=\"heading.default\">\n\t\t\t\t\t<h3 class=\"elementor-heading-title elementor-size-default\">Un proyecto de turismo comunitario<\/h3>\t\t\t\t<\/div>\n\t\t\t\t\t<\/div>\n\t\t\t\t<\/div>\n\t\t<div data-particle_enable=\"false\" data-particle-mobile-disabled=\"false\" class=\"elementor-element elementor-element-fc44ce5 e-flex e-con-boxed e-con e-parent\" data-id=\"fc44ce5\" data-element_type=\"container\" data-e-type=\"container\">\n\t\t\t\t\t<div class=\"e-con-inner\">\n\t\t\t\t<div class=\"elementor-element elementor-element-e2a0707 elementor-widget elementor-widget-text-editor\" data-id=\"e2a0707\" data-element_type=\"widget\" data-e-type=\"widget\" data-widget_type=\"text-editor.default\">\n\t\t\t\t\t\t\t\t\t<p><a href=\"https:\/\/soymigrante.com\/revista\/departamentos-de-guatemala-izabal-es-la-puerta-del-caribe\/\" target=\"_blank\" rel=\"noopener\">La Reserva Natural Ca\u00f1\u00f3n Seacacar es gestionada por la comunidad local<\/a>, lo que garantiza que los beneficios del turismo se reinviertan en el desarrollo sostenible de la zona.<\/p><p>Este modelo de turismo comunitario promueve la conservaci\u00f3n del medio ambiente y la mejora de la calidad de vida de sus habitantes.<\/p>\t\t\t\t\t\t\t\t<\/div>\n\t\t\t\t\t<\/div>\n\t\t\t\t<\/div>\n\t\t<div data-particle_enable=\"false\" data-particle-mobile-disabled=\"false\" class=\"elementor-element elementor-element-b0b0080 e-flex e-con-boxed e-con e-parent\" data-id=\"b0b0080\" data-element_type=\"container\" data-e-type=\"container\">\n\t\t\t\t\t<div class=\"e-con-inner\">\n\t\t\t\t<div class=\"elementor-element elementor-element-c36b40b elementor-widget elementor-widget-heading\" data-id=\"c36b40b\" data-element_type=\"widget\" data-e-type=\"widget\" data-widget_type=\"heading.default\">\n\t\t\t\t\t<h3 class=\"elementor-heading-title elementor-size-default\">Informaci\u00f3n de contacto<\/h3>\t\t\t\t<\/div>\n\t\t\t\t\t<\/div>\n\t\t\t\t<\/div>\n\t\t<div data-particle_enable=\"false\" data-particle-mobile-disabled=\"false\" class=\"elementor-element elementor-element-28ba533 e-flex e-con-boxed e-con e-parent\" data-id=\"28ba533\" data-element_type=\"container\" data-e-type=\"container\">\n\t\t\t\t\t<div class=\"e-con-inner\">\n\t\t\t\t<div class=\"elementor-element elementor-element-00b0711 elementor-widget elementor-widget-text-editor\" data-id=\"00b0711\" data-element_type=\"widget\" data-e-type=\"widget\" data-widget_type=\"text-editor.default\">\n\t\t\t\t\t\t\t\t\t<p>Para m\u00e1s informaci\u00f3n o reservas, los interesados pueden visitar el sitio web oficial de la reserva en <a href=\"https:\/\/www.reservaseacacar.com\/\" target=\"_blank\" rel=\"noopener\">www.reservaseacacar.com<\/a> o comunicarse a trav\u00e9s de su p\u00e1gina de Facebook: Reserva Ca\u00f1\u00f3n Seacacar.<\/p><p>El Ca\u00f1\u00f3n Seacacar se posiciona como un destino imperdible para quienes buscan una experiencia aut\u00e9ntica en contacto con la naturaleza y la cultura guatemalteca.<\/p>\t\t\t\t\t\t\t\t<\/div>\n\t\t\t\t\t<\/div>\n\t\t\t\t<\/div>\n\t\t<div data-particle_enable=\"false\" data-particle-mobile-disabled=\"false\" class=\"elementor-element elementor-element-2fce636 e-flex e-con-boxed e-con e-parent\" data-id=\"2fce636\" data-element_type=\"container\" data-e-type=\"container\">\n\t\t\t\t\t<div class=\"e-con-inner\">\n\t\t\t\t<div class=\"elementor-element elementor-element-fb21746 elementor-widget elementor-widget-video\" data-id=\"fb21746\" data-element_type=\"widget\" data-e-type=\"widget\" data-settings=\"{&quot;youtube_url&quot;:&quot;https:\\\/\\\/www.youtube.com\\\/watch?v=QGKleg3iGoM&quot;,&quot;video_type&quot;:&quot;youtube&quot;,&quot;controls&quot;:&quot;yes&quot;}\" data-widget_type=\"video.default\">\n\t\t\t\t\t\t\t<div class=\"elementor-wrapper elementor-open-inline\">\n\t\t\t<div class=\"elementor-video\"><\/div>\t\t<\/div>\n\t\t\t\t\t\t<\/div>\n\t\t\t\t\t<\/div>\n\t\t\t\t<\/div>\n\t\t<div data-particle_enable=\"false\" data-particle-mobile-disabled=\"false\" class=\"elementor-element elementor-element-c45914b e-flex e-con-boxed e-con e-parent\" data-id=\"c45914b\" data-element_type=\"container\" data-e-type=\"container\">\n\t\t\t\t\t<div class=\"e-con-inner\">\n\t\t\t\t<div class=\"elementor-element elementor-element-9d37395 elementor-widget elementor-widget-heading\" data-id=\"9d37395\" data-element_type=\"widget\" data-e-type=\"widget\" data-widget_type=\"heading.default\">\n\t\t\t\t\t<h2 class=\"elementor-heading-title elementor-size-default\">Conoce m\u00e1s de Guatemala, ac\u00e1...<\/h2>\t\t\t\t<\/div>\n\t\t\t\t\t<\/div>\n\t\t\t\t<\/div>\n\t\t<div data-particle_enable=\"false\" data-particle-mobile-disabled=\"false\" class=\"elementor-element elementor-element-cbcc72b e-flex e-con-boxed e-con e-parent\" data-id=\"cbcc72b\" data-element_type=\"container\" data-e-type=\"container\">\n\t\t\t\t\t<div class=\"e-con-inner\">\n\t\t\t\t<div class=\"elementor-element elementor-element-acf2095 elementor-grid-eael-col-3 elementor-grid-tablet-eael-col-2 elementor-grid-mobile-eael-col-1 elementor-widget elementor-widget-eael-post-grid\" data-id=\"acf2095\" data-element_type=\"widget\" data-e-type=\"widget\" data-settings=\"{&quot;eael_post_grid_columns&quot;:&quot;eael-col-3&quot;,&quot;eael_post_grid_columns_tablet&quot;:&quot;eael-col-2&quot;,&quot;eael_post_grid_columns_mobile&quot;:&quot;eael-col-1&quot;}\" data-widget_type=\"eael-post-grid.default\">\n\t\t\t\t\t<div id=\"eael-post-grid-acf2095\" class=\"eael-post-grid-container\">\n            <div class=\"eael-post-grid eael-post-appender eael-post-appender-acf2095 eael-post-grid-style-one\" data-layout-mode=\"masonry\"><article class=\"eael-grid-post  eael-post-grid-column eael-pg-post-10236 category-guate-nuestra\" data-id=\"10236\">\n        <div class=\"eael-grid-post-holder\">\n            <div class=\"eael-grid-post-holder-inner\"><div class=\"eael-entry-media\"><div class=\"eael-entry-overlay fade-in\"><i class=\"far fa-hand-pointer\" aria-hidden=\"true\"><\/i><a href=\"https:\/\/soymigrante.com\/revista\/10-datos-que-ya-sabias-o-quiza-no-acerca-del-lago-de-izabal\/\"><\/a><\/div><div class=\"eael-entry-thumbnail \">\n                <img decoding=\"async\" width=\"773\" height=\"773\" src=\"https:\/\/soymigrante.com\/revista\/wp-content\/uploads\/2024\/11\/lago-izabal.webp\" class=\"attachment-large size-large wp-image-11924\" alt=\"Lago rodeado de naturaleza verde y monta\u00f1as, vista a\u00e9rea, paisaje natural en una regi\u00f3n tranquila y esc\u00e9nica.\" srcset=\"https:\/\/soymigrante.com\/revista\/wp-content\/uploads\/2024\/11\/lago-izabal.webp 773w, https:\/\/soymigrante.com\/revista\/wp-content\/uploads\/2024\/11\/lago-izabal-300x300.webp 300w, https:\/\/soymigrante.com\/revista\/wp-content\/uploads\/2024\/11\/lago-izabal-150x150.webp 150w, https:\/\/soymigrante.com\/revista\/wp-content\/uploads\/2024\/11\/lago-izabal-768x768.jpg 768w, https:\/\/soymigrante.com\/revista\/wp-content\/uploads\/2024\/11\/lago-izabal-75x75.webp 75w, https:\/\/soymigrante.com\/revista\/wp-content\/uploads\/2024\/11\/lago-izabal-750x750.webp 750w\" sizes=\"(max-width: 773px) 100vw, 773px\" \/>\n            <\/div>\n        <\/div><div class=\"eael-entry-wrapper\"><header class=\"eael-entry-header\"><h2 class=\"eael-entry-title\"><a class=\"eael-grid-post-link\" href=\"https:\/\/soymigrante.com\/revista\/10-datos-que-ya-sabias-o-quiza-no-acerca-del-lago-de-izabal\/\" title=\"10 datos que ya sab\u00edas (o quiz\u00e1 no) acerca del Lago de Izabal\">10 datos que ya sab\u00edas (o quiz\u00e1 no) acerca del Lago de Izabal<\/a><\/h2><\/header><div class=\"eael-entry-content\">\n                        <div class=\"eael-grid-post-excerpt\"><a href=\"https:\/\/soymigrante.com\/revista\/10-datos-que-ya-sabias-o-quiza-no-acerca-del-lago-de-izabal\/\" class=\"eael-post-elements-readmore-btn\">CONOCE SU HISTORIA <\/a><\/div>\n                    <\/div><\/div><\/div>\n        <\/div>\n    <\/article><article class=\"eael-grid-post  eael-post-grid-column eael-pg-post-28616 category-guate-nuestra\" data-id=\"28616\">\n        <div class=\"eael-grid-post-holder\">\n            <div class=\"eael-grid-post-holder-inner\"><div class=\"eael-entry-media\"><div class=\"eael-entry-overlay fade-in\"><i class=\"far fa-hand-pointer\" aria-hidden=\"true\"><\/i><a href=\"https:\/\/soymigrante.com\/revista\/lago-de-izabal-es-el-gigante-de-agua-dulce-en-guatemala\/\"><\/a><\/div><div class=\"eael-entry-thumbnail \">\n                <img loading=\"lazy\" decoding=\"async\" width=\"1024\" height=\"1024\" src=\"https:\/\/soymigrante.com\/revista\/wp-content\/uploads\/2025\/03\/lago-de-izabal-1-1024x1024.jpg\" class=\"attachment-large size-large wp-image-28863\" alt=\"Lago de Izabal es el gigante de agua dulce en Guatemala - Mapa aereo\" srcset=\"https:\/\/soymigrante.com\/revista\/wp-content\/uploads\/2025\/03\/lago-de-izabal-1-1024x1024.jpg 1024w, https:\/\/soymigrante.com\/revista\/wp-content\/uploads\/2025\/03\/lago-de-izabal-1-300x300.jpg 300w, https:\/\/soymigrante.com\/revista\/wp-content\/uploads\/2025\/03\/lago-de-izabal-1-150x150.jpg 150w, https:\/\/soymigrante.com\/revista\/wp-content\/uploads\/2025\/03\/lago-de-izabal-1-768x768.jpg 768w, https:\/\/soymigrante.com\/revista\/wp-content\/uploads\/2025\/03\/lago-de-izabal-1-1536x1536.jpg 1536w, https:\/\/soymigrante.com\/revista\/wp-content\/uploads\/2025\/03\/lago-de-izabal-1-75x75.webp 75w, https:\/\/soymigrante.com\/revista\/wp-content\/uploads\/2025\/03\/lago-de-izabal-1-750x750.webp 750w, https:\/\/soymigrante.com\/revista\/wp-content\/uploads\/2025\/03\/lago-de-izabal-1-1140x1140.webp 1140w, https:\/\/soymigrante.com\/revista\/wp-content\/uploads\/2025\/03\/lago-de-izabal-1.webp 1605w\" sizes=\"(max-width: 1024px) 100vw, 1024px\" \/>\n            <\/div>\n        <\/div><div class=\"eael-entry-wrapper\"><header class=\"eael-entry-header\"><h2 class=\"eael-entry-title\"><a class=\"eael-grid-post-link\" href=\"https:\/\/soymigrante.com\/revista\/lago-de-izabal-es-el-gigante-de-agua-dulce-en-guatemala\/\" title=\"Lago de Izabal es el gigante de agua dulce en Guatemala\">Lago de Izabal es el gigante de agua dulce en Guatemala<\/a><\/h2><\/header><div class=\"eael-entry-content\">\n                        <div class=\"eael-grid-post-excerpt\"><a href=\"https:\/\/soymigrante.com\/revista\/lago-de-izabal-es-el-gigante-de-agua-dulce-en-guatemala\/\" class=\"eael-post-elements-readmore-btn\">CONOCE SU HISTORIA <\/a><\/div>\n                    <\/div><\/div><\/div>\n        <\/div>\n    <\/article><article class=\"eael-grid-post  eael-post-grid-column eael-pg-post-21040 category-guate-nuestra tags-departamentos-de-guatemala\" data-id=\"21040\">\n        <div class=\"eael-grid-post-holder\">\n            <div class=\"eael-grid-post-holder-inner\"><div class=\"eael-entry-media\"><div class=\"eael-entry-overlay fade-in\"><i class=\"far fa-hand-pointer\" aria-hidden=\"true\"><\/i><a href=\"https:\/\/soymigrante.com\/revista\/departamentos-de-guatemala-izabal-es-la-puerta-del-caribe\/\"><\/a><\/div><div class=\"eael-entry-thumbnail \">\n                <img loading=\"lazy\" decoding=\"async\" width=\"713\" height=\"713\" src=\"https:\/\/soymigrante.com\/revista\/wp-content\/uploads\/2025\/01\/izabal.webp\" class=\"attachment-large size-large wp-image-21437\" alt=\"Puerto Viejo, fortaleza hist\u00f3rica en el agua, s\u00edmbolo de patrimonio y cultura en el Caribe, ideal para explorar historia, turismo y migrantes en extremo sur de Am\u00e9rica.\" srcset=\"https:\/\/soymigrante.com\/revista\/wp-content\/uploads\/2025\/01\/izabal.webp 713w, https:\/\/soymigrante.com\/revista\/wp-content\/uploads\/2025\/01\/izabal-300x300.jpg 300w, https:\/\/soymigrante.com\/revista\/wp-content\/uploads\/2025\/01\/izabal-150x150.jpg 150w, https:\/\/soymigrante.com\/revista\/wp-content\/uploads\/2025\/01\/izabal-75x75.webp 75w\" sizes=\"(max-width: 713px) 100vw, 713px\" \/>\n            <\/div>\n        <\/div><div class=\"eael-entry-wrapper\"><header class=\"eael-entry-header\"><h2 class=\"eael-entry-title\"><a class=\"eael-grid-post-link\" href=\"https:\/\/soymigrante.com\/revista\/departamentos-de-guatemala-izabal-es-la-puerta-del-caribe\/\" title=\"Departamentos de Guatemala: Izabal es la puerta del Caribe\">Departamentos de Guatemala: Izabal es la puerta del Caribe<\/a><\/h2><\/header><div class=\"eael-entry-content\">\n                        <div class=\"eael-grid-post-excerpt\"><a href=\"https:\/\/soymigrante.com\/revista\/departamentos-de-guatemala-izabal-es-la-puerta-del-caribe\/\" class=\"eael-post-elements-readmore-btn\">CONOCE SU HISTORIA <\/a><\/div>\n                    <\/div><\/div><\/div>\n        <\/div>\n    <\/article><\/div>\n            <div class=\"clearfix\"><\/div>\n        <\/div>\t\t\t\t<\/div>\n\t\t\t\t\t<\/div>\n\t\t\t\t<\/div>\n\t\t\t\t<\/div>\n\t\t","protected":false},"excerpt":{"rendered":"<p>El Ca\u00f1\u00f3n Seacar es un tesoro con agua cristalina que se encuentra en Izabal. Ubicado en las exuberantes monta\u00f1as de la Sierra de Santa Cruz, en el municipio de El Estor, Izabal, el Ca\u00f1\u00f3n Seacacar se presenta como un destino tur\u00edstico emergente que combina aventura, naturaleza y cultura comunitaria. Este rinc\u00f3n escondido de Guatemala ofrece [&hellip;]<\/p>\n","protected":false},"author":19,"featured_media":33116,"comment_status":"open","ping_status":"open","sticky":false,"template":"","format":"standard","meta":{"_acf_changed":false,"_eb_attr":"","footnotes":""},"categories":[58],"tags":[],"class_list":["post-33115","post","type-post","status-publish","format-standard","has-post-thumbnail","hentry","category-guate-nuestra"],"acf":[],"aioseo_notices":[],"aioseo_head":"\n\t\t<!-- All in One SEO Pro 4.9.6.2 - aioseo.com -->\n\t<meta name=\"description\" content=\"Izabal no solo posee el mayor lago de Guatemala, tambi\u00e9n la mayor estela de la cultura maya y valiosos atractivos naturales. Conoce m\u00e1s aqu\u00ed.\" \/>\n\t<meta name=\"robots\" content=\"max-snippet:-1, max-image-preview:large, max-video-preview:-1\" \/>\n\t<meta name=\"author\" content=\"Marysabel Aldana\"\/>\n\t<link rel=\"canonical\" href=\"https:\/\/soymigrante.com\/revista\/departamentos-de-guatemala-izabal-es-la-puerta-del-caribe\/\" \/>\n\t<meta name=\"generator\" content=\"All in One SEO Pro (AIOSEO) 4.9.6.2\" \/>\n\n\t\t<link rel=\"preconnect\" href=\"https:\/\/fonts.googleapis.com\" crossorigin>\n<link rel=\"preconnect\" href=\"https:\/\/fonts.gstatic.com\" crossorigin>\n\t\t<meta property=\"og:locale\" content=\"es_ES\" \/>\n\t\t<meta property=\"og:site_name\" content=\"SoyMigrante.com REVISTA \u2013 Nuestra misi\u00f3n es reconocer y dignificar al migrante.\" \/>\n\t\t<meta property=\"og:type\" content=\"article\" \/>\n\t\t<meta property=\"og:title\" content=\"Departamentos de Guatemala: Izabal es la puerta del Caribe\" \/>\n\t\t<meta property=\"og:description\" content=\"Izabal no solo posee el mayor lago de Guatemala, tambi\u00e9n la mayor estela de la cultura maya y valiosos atractivos naturales. Conoce m\u00e1s aqu\u00ed.\" \/>\n\t\t<meta property=\"og:url\" content=\"https:\/\/soymigrante.com\/revista\/departamentos-de-guatemala-izabal-es-la-puerta-del-caribe\/\" \/>\n\t\t<meta property=\"og:image\" content=\"https:\/\/soymigrante.com\/revista\/wp-content\/uploads\/2025\/01\/izabal.webp\" \/>\n\t\t<meta property=\"og:image:secure_url\" content=\"https:\/\/soymigrante.com\/revista\/wp-content\/uploads\/2025\/01\/izabal.webp\" \/>\n\t\t<meta property=\"og:image:width\" content=\"713\" \/>\n\t\t<meta property=\"og:image:height\" content=\"713\" \/>\n\t\t<meta property=\"article:published_time\" content=\"2025-01-17T13:00:00+00:00\" \/>\n\t\t<meta property=\"article:modified_time\" content=\"2025-03-04T18:30:57+00:00\" \/>\n\t\t<meta property=\"article:publisher\" content=\"https:\/\/www.facebook.com\/soymigrantecom\" \/>\n\t\t<meta name=\"twitter:card\" content=\"summary_large_image\" \/>\n\t\t<meta name=\"twitter:site\" content=\"@SoyMigrante_com\" \/>\n\t\t<meta name=\"twitter:title\" content=\"Departamentos de Guatemala: Izabal es la puerta del Caribe\" \/>\n\t\t<meta name=\"twitter:description\" content=\"Izabal no solo posee el mayor lago de Guatemala, tambi\u00e9n la mayor estela de la cultura maya y valiosos atractivos naturales. Conoce m\u00e1s aqu\u00ed.\" \/>\n\t\t<meta name=\"twitter:creator\" content=\"@SoyMigrante_com\" \/>\n\t\t<meta name=\"twitter:image\" content=\"https:\/\/soymigrante.com\/revista\/wp-content\/uploads\/2025\/01\/izabal.webp\" \/>\n\t\t<!-- All in One SEO Pro -->\r\n\t\t<title>Departamentos de Guatemala: Izabal es la puerta del Caribe<\/title>\n\n","aioseo_head_json":{"title":"Departamentos de Guatemala: Izabal es la puerta del Caribe","description":"Izabal no solo posee el mayor lago de Guatemala, tambi\u00e9n la mayor estela de la cultura maya y valiosos atractivos naturales. Conoce m\u00e1s aqu\u00ed.","canonical_url":"https:\/\/soymigrante.com\/revista\/departamentos-de-guatemala-izabal-es-la-puerta-del-caribe\/","robots":"max-snippet:-1, max-image-preview:large, max-video-preview:-1","keywords":"","webmasterTools":{"miscellaneous":"&lt;link rel=\"preconnect\" href=\"https:\/\/fonts.googleapis.com\" crossorigin&gt;\n&lt;link rel=\"preconnect\" href=\"https:\/\/fonts.gstatic.com\" crossorigin&gt;"},"schema":null,"og:locale":"es_ES","og:site_name":"SoyMigrante.com REVISTA \u2013 Nuestra misi\u00f3n es reconocer y dignificar al migrante.","og:type":"article","og:title":"Departamentos de Guatemala: Izabal es la puerta del Caribe","og:description":"Izabal no solo posee el mayor lago de Guatemala, tambi\u00e9n la mayor estela de la cultura maya y valiosos atractivos naturales. Conoce m\u00e1s aqu\u00ed.","og:url":"https:\/\/soymigrante.com\/revista\/departamentos-de-guatemala-izabal-es-la-puerta-del-caribe\/","og:image":"https:\/\/soymigrante.com\/revista\/wp-content\/uploads\/2025\/01\/izabal.webp","og:image:secure_url":"https:\/\/soymigrante.com\/revista\/wp-content\/uploads\/2025\/01\/izabal.webp","og:image:width":713,"og:image:height":713,"article:published_time":"2025-01-17T13:00:00+00:00","article:modified_time":"2025-03-04T18:30:57+00:00","article:publisher":"https:\/\/www.facebook.com\/soymigrantecom","twitter:card":"summary_large_image","twitter:site":"@SoyMigrante_com","twitter:title":"Departamentos de Guatemala: Izabal es la puerta del Caribe","twitter:description":"Izabal no solo posee el mayor lago de Guatemala, tambi\u00e9n la mayor estela de la cultura maya y valiosos atractivos naturales. Conoce m\u00e1s aqu\u00ed.","twitter:creator":"@SoyMigrante_com","twitter:image":"https:\/\/soymigrante.com\/revista\/wp-content\/uploads\/2025\/01\/izabal.webp"},"aioseo_meta_data":{"post_id":"33115","title":"Ca\u00f1\u00f3n Seacacar: maravilla de roca, tiempo y agua en Izabal","description":"El Ca\u00f1\u00f3n Seacar es un tesoro con agua cristalina que se encuentra en Izabal. No es tan f\u00e1cil llegar, pero s\u00ed constituye un destino que deslumbra con su paz.","keywords":null,"keyphrases":{"focus":{"keyphrase":"Izabal","score":91,"analysis":{"keyphraseInTitle":{"score":9,"maxScore":9,"error":0},"keyphraseInDescription":{"score":9,"maxScore":9,"error":0},"keyphraseLength":{"score":9,"maxScore":9,"error":0,"length":1},"keyphraseInURL":{"score":5,"maxScore":5,"error":0},"keyphraseInIntroduction":{"score":9,"maxScore":9,"error":0},"keyphraseInSubHeadings":{"score":3,"maxScore":9,"error":1},"keyphraseInImageAlt":{"score":9,"maxScore":9,"error":0},"keywordDensity":{"type":"best","score":9,"maxScore":9,"error":0}}},"additional":[{"keyphrase":"Izabal","score":100,"analysis":{"keyphraseInDescription":{"score":9,"maxScore":9,"error":0},"keyphraseLength":{"score":9,"maxScore":9,"error":0,"length":1},"keyphraseInIntroduction":{"score":9,"maxScore":9,"error":0},"keyphraseInImageAlt":{"score":9,"maxScore":9,"error":0},"keywordDensity":{"type":"best","score":9,"maxScore":9,"error":0}}}]},"primary_term":null,"canonical_url":null,"og_title":null,"og_description":null,"og_object_type":"default","og_image_type":"default","og_image_url":null,"og_image_width":null,"og_image_height":null,"og_image_custom_url":null,"og_image_custom_fields":null,"og_video":"","og_custom_url":null,"og_article_section":null,"og_article_tags":null,"twitter_use_og":false,"twitter_card":"default","twitter_image_type":"default","twitter_image_url":null,"twitter_image_custom_url":null,"twitter_image_custom_fields":null,"twitter_title":null,"twitter_description":null,"schema":{"blockGraphs":[],"customGraphs":[],"default":{"data":{"Article":[],"Course":[],"Dataset":[],"FAQPage":[],"Movie":[],"Person":[],"Product":[],"ProductReview":[],"Car":[],"Recipe":[],"Service":[],"SoftwareApplication":[],"WebPage":[]},"graphName":"none","isEnabled":true},"graphs":[]},"schema_type":"default","schema_type_options":null,"pillar_content":false,"robots_default":true,"robots_noindex":false,"robots_noarchive":false,"robots_nosnippet":false,"robots_nofollow":false,"robots_noimageindex":false,"robots_noodp":false,"robots_notranslate":false,"robots_max_snippet":"-1","robots_max_videopreview":"-1","robots_max_imagepreview":"large","priority":null,"frequency":"default","local_seo":null,"seo_analyzer_scan_date":"2025-10-09 05:24:40","breadcrumb_settings":null,"limit_modified_date":false,"reviewed_by":null,"open_ai":"{\"title\":{\"suggestions\":[],\"usage\":0},\"description\":{\"suggestions\":[],\"usage\":0}}","ai":null,"created":"2025-05-09 20:42:17","updated":"2026-02-04 23:49:34"},"aioseo_breadcrumb":"<div class=\"aioseo-breadcrumbs\"><span class=\"aioseo-breadcrumb\">\n\t<a href=\"https:\/\/soymigrante.com\/revista\" title=\"Home\">Home<\/a>\n<\/span><span class=\"aioseo-breadcrumb-separator\">\u00bb<\/span><span class=\"aioseo-breadcrumb\">\n\t<a href=\"https:\/\/soymigrante.com\/revista\/category\/guate-nuestra\/\" title=\"Guate Nuestra\">Guate Nuestra<\/a>\n<\/span><span class=\"aioseo-breadcrumb-separator\">\u00bb<\/span><span class=\"aioseo-breadcrumb\">\n\tCa\u00f1\u00f3n Seacacar: Una maravilla de agua, roca y tiempo en el coraz\u00f3n de Izabal\n<\/span><\/div>","aioseo_breadcrumb_json":[{"label":"Home","link":"https:\/\/soymigrante.com\/revista"},{"label":"Guate Nuestra","link":"https:\/\/soymigrante.com\/revista\/category\/guate-nuestra\/"},{"label":"Ca\u00f1\u00f3n Seacacar: Una maravilla de agua, roca y tiempo en el coraz\u00f3n de Izabal","link":"https:\/\/soymigrante.com\/revista\/canon-seacacar-un-tesoro-natural-en-el-corazon-de-izabal\/"}],"_links":{"self":[{"href":"https:\/\/soymigrante.com\/revista\/wp-json\/wp\/v2\/posts\/33115","targetHints":{"allow":["GET"]}}],"collection":[{"href":"https:\/\/soymigrante.com\/revista\/wp-json\/wp\/v2\/posts"}],"about":[{"href":"https:\/\/soymigrante.com\/revista\/wp-json\/wp\/v2\/types\/post"}],"author":[{"embeddable":true,"href":"https:\/\/soymigrante.com\/revista\/wp-json\/wp\/v2\/users\/19"}],"replies":[{"embeddable":true,"href":"https:\/\/soymigrante.com\/revista\/wp-json\/wp\/v2\/comments?post=33115"}],"version-history":[{"count":9,"href":"https:\/\/soymigrante.com\/revista\/wp-json\/wp\/v2\/posts\/33115\/revisions"}],"predecessor-version":[{"id":34458,"href":"https:\/\/soymigrante.com\/revista\/wp-json\/wp\/v2\/posts\/33115\/revisions\/34458"}],"wp:featuredmedia":[{"embeddable":true,"href":"https:\/\/soymigrante.com\/revista\/wp-json\/wp\/v2\/media\/33116"}],"wp:attachment":[{"href":"https:\/\/soymigrante.com\/revista\/wp-json\/wp\/v2\/media?parent=33115"}],"wp:term":[{"taxonomy":"category","embeddable":true,"href":"https:\/\/soymigrante.com\/revista\/wp-json\/wp\/v2\/categories?post=33115"},{"taxonomy":"post_tag","embeddable":true,"href":"https:\/\/soymigrante.com\/revista\/wp-json\/wp\/v2\/tags?post=33115"}],"curies":[{"name":"wp","href":"https:\/\/api.w.org\/{rel}","templated":true}]}}