{"id":33082,"date":"2025-08-30T11:17:56","date_gmt":"2025-08-30T17:17:56","guid":{"rendered":"https:\/\/soymigrante.com\/revista\/?p=33082"},"modified":"2025-08-30T11:18:05","modified_gmt":"2025-08-30T17:18:05","slug":"que-es-la-esclerosis-multiple-y-como-se-puede-enfrentar","status":"publish","type":"post","link":"https:\/\/soymigrante.com\/revista\/que-es-la-esclerosis-multiple-y-como-se-puede-enfrentar\/","title":{"rendered":"\u00bfQu\u00e9 es la esclerosis m\u00faltiple y c\u00f3mo se puede enfrentar?"},"content":{"rendered":"\t\t<div data-elementor-type=\"wp-post\" data-elementor-id=\"33082\" class=\"elementor elementor-33082\" data-elementor-post-type=\"post\">\n\t\t\t\t<div data-particle_enable=\"false\" data-particle-mobile-disabled=\"false\" class=\"elementor-element elementor-element-11a396b e-flex e-con-boxed e-con e-parent\" data-id=\"11a396b\" data-element_type=\"container\" data-e-type=\"container\">\n\t\t\t\t\t<div class=\"e-con-inner\">\n\t\t\t\t<div class=\"elementor-element elementor-element-d48dcce elementor-widget elementor-widget-heading\" data-id=\"d48dcce\" data-element_type=\"widget\" data-e-type=\"widget\" data-widget_type=\"heading.default\">\n\t\t\t\t\t<h2 class=\"elementor-heading-title elementor-size-default\">La esclerosis m\u00faltiple conmemora su d\u00eda el 30 de mayo, conoce estos datos de la enfermedad. <\/h2>\t\t\t\t<\/div>\n\t\t\t\t\t<\/div>\n\t\t\t\t<\/div>\n\t\t<div data-particle_enable=\"false\" data-particle-mobile-disabled=\"false\" class=\"elementor-element elementor-element-437c017 e-flex e-con-boxed e-con e-parent\" data-id=\"437c017\" data-element_type=\"container\" data-e-type=\"container\">\n\t\t\t\t\t<div class=\"e-con-inner\">\n\t\t\t\t<div class=\"elementor-element elementor-element-42c68d2 elementor-widget elementor-widget-text-editor\" data-id=\"42c68d2\" data-element_type=\"widget\" data-e-type=\"widget\" data-widget_type=\"text-editor.default\">\n\t\t\t\t\t\t\t\t\t<p>La esclerosis m\u00faltiple (EM) es una enfermedad cr\u00f3nica del sistema nervioso central que afecta al cerebro y la m\u00e9dula espinal.<\/p><p>Se produce cuando el sistema inmunol\u00f3gico ataca la mielina, una capa protectora que recubre las fibras nerviosas, causando inflamaci\u00f3n y da\u00f1os que interrumpen la comunicaci\u00f3n entre el cerebro y el resto del cuerpo.<\/p><p><a href=\"https:\/\/soymigrante.com\/revista\/salud-preventiva-enfermedades-cronicas-afectan-mas-a-hombres-en-usa\/\" target=\"_blank\" rel=\"noopener\">Las causas exactas no se conocen, pero se cree que factores gen\u00e9ticos y ambientales juegan un papel importante.<\/a><\/p>\t\t\t\t\t\t\t\t<\/div>\n\t\t\t\t\t<\/div>\n\t\t\t\t<\/div>\n\t\t<div data-particle_enable=\"false\" data-particle-mobile-disabled=\"false\" class=\"elementor-element elementor-element-39b3b8f e-flex e-con-boxed e-con e-parent\" data-id=\"39b3b8f\" data-element_type=\"container\" data-e-type=\"container\">\n\t\t\t\t\t<div class=\"e-con-inner\">\n\t\t\t\t<div class=\"elementor-element elementor-element-c0d1890 elementor-widget elementor-widget-heading\" data-id=\"c0d1890\" data-element_type=\"widget\" data-e-type=\"widget\" data-widget_type=\"heading.default\">\n\t\t\t\t\t<h3 class=\"elementor-heading-title elementor-size-default\">\u00bfQu\u00e9 conlleva vivir con esclerosis m\u00faltiple?<\/h3>\t\t\t\t<\/div>\n\t\t\t\t\t<\/div>\n\t\t\t\t<\/div>\n\t\t<div data-particle_enable=\"false\" data-particle-mobile-disabled=\"false\" class=\"elementor-element elementor-element-0ae1a1e e-flex e-con-boxed e-con e-parent\" data-id=\"0ae1a1e\" data-element_type=\"container\" data-e-type=\"container\">\n\t\t\t\t\t<div class=\"e-con-inner\">\n\t\t\t\t<div class=\"elementor-element elementor-element-48bcc1a elementor-widget elementor-widget-text-editor\" data-id=\"48bcc1a\" data-element_type=\"widget\" data-e-type=\"widget\" data-widget_type=\"text-editor.default\">\n\t\t\t\t\t\t\t\t\t<div><a href=\"https:\/\/soymigrante.com\/revista\/salud-preventiva-enfermedades-cronicas-afectan-mas-a-hombres-en-usa\/\" target=\"_blank\" rel=\"noopener\">La esclerosis m\u00faltiple puede presentar s\u00edntomas muy variados,<\/a> que pueden ir y venir o empeorar progresivamente. <strong>Entre los m\u00e1s comunes se encuentran:<\/strong><\/div><div>\u2022Fatiga extrema.<\/div><div>\u2022P\u00e9rdida de coordinaci\u00f3n y equilibrio.<\/div><div>\u2022Problemas de visi\u00f3n.<\/div><div>\u2022Entumecimiento y hormigueo.<\/div><div>\u2022Dificultades cognitivas y problemas de memoria.<\/div><div>\u2022Debilidad muscular.<\/div><div>\u2022Dificultad para caminar o hablar.<\/div>\t\t\t\t\t\t\t\t<\/div>\n\t\t\t\t\t<\/div>\n\t\t\t\t<\/div>\n\t\t<div data-particle_enable=\"false\" data-particle-mobile-disabled=\"false\" class=\"elementor-element elementor-element-aeaabb0 e-flex e-con-boxed e-con e-parent\" data-id=\"aeaabb0\" data-element_type=\"container\" data-e-type=\"container\">\n\t\t\t\t\t<div class=\"e-con-inner\">\n\t\t\t\t<div class=\"elementor-element elementor-element-4dc48d4 elementor-widget elementor-widget-text-editor\" data-id=\"4dc48d4\" data-element_type=\"widget\" data-e-type=\"widget\" data-widget_type=\"text-editor.default\">\n\t\t\t\t\t\t\t\t\t<p>Los s\u00edntomas pueden variar en intensidad y frecuencia, y no todas las personas con EM los experimentan de la misma manera.<\/p>\t\t\t\t\t\t\t\t<\/div>\n\t\t\t\t\t<\/div>\n\t\t\t\t<\/div>\n\t\t<div data-particle_enable=\"false\" data-particle-mobile-disabled=\"false\" class=\"elementor-element elementor-element-fc763ca e-flex e-con-boxed e-con e-parent\" data-id=\"fc763ca\" data-element_type=\"container\" data-e-type=\"container\">\n\t\t\t\t\t<div class=\"e-con-inner\">\n\t\t\t\t<div class=\"elementor-element elementor-element-db49822 elementor-widget elementor-widget-image\" data-id=\"db49822\" data-element_type=\"widget\" data-e-type=\"widget\" data-widget_type=\"image.default\">\n\t\t\t\t\t\t\t\t\t\t\t\t<figure class=\"wp-caption\">\n\t\t\t\t\t\t\t\t\t\t<img fetchpriority=\"high\" decoding=\"async\" width=\"1024\" height=\"683\" src=\"https:\/\/soymigrante.com\/revista\/wp-content\/uploads\/2025\/05\/Que-es-la-esclerosis-multiple-y-como-se-puede-tratar2-1024x683.jpeg\" class=\"attachment-large size-large wp-image-33092\" alt=\"C\u00e9lulas neuronales, imagen de neurons en el cerebro, representaci\u00f3n de la actividad cerebral, ilustraci\u00f3n cient\u00edfica de neuronas y sinapsis, enfocada en salud mental, neurociencia y neuroplasticidad.\" srcset=\"https:\/\/soymigrante.com\/revista\/wp-content\/uploads\/2025\/05\/Que-es-la-esclerosis-multiple-y-como-se-puede-tratar2-1024x683.jpeg 1024w, https:\/\/soymigrante.com\/revista\/wp-content\/uploads\/2025\/05\/Que-es-la-esclerosis-multiple-y-como-se-puede-tratar2-300x200.jpeg 300w, https:\/\/soymigrante.com\/revista\/wp-content\/uploads\/2025\/05\/Que-es-la-esclerosis-multiple-y-como-se-puede-tratar2-768x512.jpeg 768w, https:\/\/soymigrante.com\/revista\/wp-content\/uploads\/2025\/05\/Que-es-la-esclerosis-multiple-y-como-se-puede-tratar2-1536x1024.jpeg 1536w, https:\/\/soymigrante.com\/revista\/wp-content\/uploads\/2025\/05\/Que-es-la-esclerosis-multiple-y-como-se-puede-tratar2-750x500.webp 750w, https:\/\/soymigrante.com\/revista\/wp-content\/uploads\/2025\/05\/Que-es-la-esclerosis-multiple-y-como-se-puede-tratar2-1140x760.webp 1140w, https:\/\/soymigrante.com\/revista\/wp-content\/uploads\/2025\/05\/Que-es-la-esclerosis-multiple-y-como-se-puede-tratar2.webp 1600w\" sizes=\"(max-width: 1024px) 100vw, 1024px\" title=\"Qu\u00e9 es la esclerosis m\u00faltiple y c\u00f3mo se puede tratar2 \u2013 SoyMigrante.com REVISTA\" \/>\t\t\t\t\t\t\t\t\t\t\t<figcaption class=\"widget-image-caption wp-caption-text\">Representaci\u00f3n visual de neuronas y conexiones neuronales, destacando el papel de las c\u00e9lulas cerebrales en la actividad cerebral y la comunicaci\u00f3n neuronal.<\/figcaption>\n\t\t\t\t\t\t\t\t\t\t<\/figure>\n\t\t\t\t\t\t\t\t\t<\/div>\n\t\t\t\t\t<\/div>\n\t\t\t\t<\/div>\n\t\t<div data-particle_enable=\"false\" data-particle-mobile-disabled=\"false\" class=\"elementor-element elementor-element-12a596b e-flex e-con-boxed e-con e-parent\" data-id=\"12a596b\" data-element_type=\"container\" data-e-type=\"container\">\n\t\t\t\t\t<div class=\"e-con-inner\">\n\t\t\t\t<div class=\"elementor-element elementor-element-8befea4 elementor-widget elementor-widget-heading\" data-id=\"8befea4\" data-element_type=\"widget\" data-e-type=\"widget\" data-widget_type=\"heading.default\">\n\t\t\t\t\t<h3 class=\"elementor-heading-title elementor-size-default\">Tratamientos para la esclerosis m\u00faltiple<\/h3>\t\t\t\t<\/div>\n\t\t\t\t\t<\/div>\n\t\t\t\t<\/div>\n\t\t<div data-particle_enable=\"false\" data-particle-mobile-disabled=\"false\" class=\"elementor-element elementor-element-182dfae e-flex e-con-boxed e-con e-parent\" data-id=\"182dfae\" data-element_type=\"container\" data-e-type=\"container\">\n\t\t\t\t\t<div class=\"e-con-inner\">\n\t\t\t\t<div class=\"elementor-element elementor-element-80edf3d elementor-widget elementor-widget-text-editor\" data-id=\"80edf3d\" data-element_type=\"widget\" data-e-type=\"widget\" data-widget_type=\"text-editor.default\">\n\t\t\t\t\t\t\t\t\t<div>Actualmente, no existe una cura para la esclerosis m\u00faltiple, pero hay tratamientos que pueden ayudar a controlar los s\u00edntomas, ralentizar la progresi\u00f3n de la enfermedad y mejorar la calidad de vida. <a href=\"https:\/\/soymigrante.com\/revista\/salud-preventiva-enfermedades-cronicas-afectan-mas-a-hombres-en-usa\/\" target=\"_blank\" rel=\"noopener\">Estos tratamientos incluyen:<\/a><\/div>\t\t\t\t\t\t\t\t<\/div>\n\t\t\t\t\t<\/div>\n\t\t\t\t<\/div>\n\t\t<div data-particle_enable=\"false\" data-particle-mobile-disabled=\"false\" class=\"elementor-element elementor-element-91a678a e-flex e-con-boxed e-con e-parent\" data-id=\"91a678a\" data-element_type=\"container\" data-e-type=\"container\">\n\t\t\t\t\t<div class=\"e-con-inner\">\n\t\t\t\t<div class=\"elementor-element elementor-element-8b18755 elementor-widget elementor-widget-text-editor\" data-id=\"8b18755\" data-element_type=\"widget\" data-e-type=\"widget\" data-widget_type=\"text-editor.default\">\n\t\t\t\t\t\t\t\t\t<div>\u00a0<\/div><div><strong>1.Medicamentos modificadores de la enfermedad:<\/strong> Reducen la frecuencia y la gravedad de los brotes. Algunos de ellos son interfer\u00f3n beta, glatiramer, natalizumab y ocrelizumab.<\/div><div><strong>2.Tratamiento de los brotes:<\/strong> Se administran corticosteroides para reducir la inflamaci\u00f3n y acelerar la recuperaci\u00f3n de los s\u00edntomas.<\/div><div><strong>3.Rehabilitaci\u00f3n f\u00edsica:<\/strong> Programas de fisioterapia, terapia ocupacional y logopedia para mantener la movilidad, el equilibrio y la funci\u00f3n muscular.<\/div><div><strong>4.Tratamientos sintom\u00e1ticos:<\/strong> Medicamentos para controlar la fatiga, el dolor, los problemas urinarios o la depresi\u00f3n.<\/div><div><strong>5.Cambios en el estilo de vida:<\/strong> Mantener una dieta saludable, realizar ejercicio moderado, evitar el estr\u00e9s y descansar lo suficiente.<\/div>\t\t\t\t\t\t\t\t<\/div>\n\t\t\t\t\t<\/div>\n\t\t\t\t<\/div>\n\t\t<div data-particle_enable=\"false\" data-particle-mobile-disabled=\"false\" class=\"elementor-element elementor-element-fc991f4 e-flex e-con-boxed e-con e-parent\" data-id=\"fc991f4\" data-element_type=\"container\" data-e-type=\"container\">\n\t\t\t\t\t<div class=\"e-con-inner\">\n\t\t\t\t<div class=\"elementor-element elementor-element-4287c18 elementor-widget elementor-widget-image\" data-id=\"4287c18\" data-element_type=\"widget\" data-e-type=\"widget\" data-widget_type=\"image.default\">\n\t\t\t\t\t\t\t\t\t\t\t\t<figure class=\"wp-caption\">\n\t\t\t\t\t\t\t\t\t\t<img decoding=\"async\" width=\"1024\" height=\"682\" src=\"https:\/\/soymigrante.com\/revista\/wp-content\/uploads\/2025\/05\/Que-es-la-esclerosis-multiple-y-como-se-puede-tratar3-1024x682.jpeg\" class=\"attachment-large size-large wp-image-33094\" alt=\"Modelo de cerebro y sistema nervioso humano, figura anat\u00f3mica educativa para entender la anatom\u00eda cerebral y la salud mental, en un contexto m\u00e9dico y de bienestar.\" srcset=\"https:\/\/soymigrante.com\/revista\/wp-content\/uploads\/2025\/05\/Que-es-la-esclerosis-multiple-y-como-se-puede-tratar3-1024x682.jpeg 1024w, https:\/\/soymigrante.com\/revista\/wp-content\/uploads\/2025\/05\/Que-es-la-esclerosis-multiple-y-como-se-puede-tratar3-300x200.jpeg 300w, https:\/\/soymigrante.com\/revista\/wp-content\/uploads\/2025\/05\/Que-es-la-esclerosis-multiple-y-como-se-puede-tratar3-768x512.jpeg 768w, https:\/\/soymigrante.com\/revista\/wp-content\/uploads\/2025\/05\/Que-es-la-esclerosis-multiple-y-como-se-puede-tratar3-1536x1023.jpeg 1536w, https:\/\/soymigrante.com\/revista\/wp-content\/uploads\/2025\/05\/Que-es-la-esclerosis-multiple-y-como-se-puede-tratar3-750x500.webp 750w, https:\/\/soymigrante.com\/revista\/wp-content\/uploads\/2025\/05\/Que-es-la-esclerosis-multiple-y-como-se-puede-tratar3-1140x760.webp 1140w, https:\/\/soymigrante.com\/revista\/wp-content\/uploads\/2025\/05\/Que-es-la-esclerosis-multiple-y-como-se-puede-tratar3.webp 1600w\" sizes=\"(max-width: 1024px) 100vw, 1024px\" title=\"Qu\u00e9 es la esclerosis m\u00faltiple y c\u00f3mo se puede tratar3 \u2013 SoyMigrante.com REVISTA\" \/>\t\t\t\t\t\t\t\t\t\t\t<figcaption class=\"widget-image-caption wp-caption-text\">Model de cerebro con estructuras anat\u00f3micas, utilizado en educaci\u00f3n m\u00e9dica y en sensibilizaci\u00f3n sobre la salud cerebral y la mente.<\/figcaption>\n\t\t\t\t\t\t\t\t\t\t<\/figure>\n\t\t\t\t\t\t\t\t\t<\/div>\n\t\t\t\t\t<\/div>\n\t\t\t\t<\/div>\n\t\t<div data-particle_enable=\"false\" data-particle-mobile-disabled=\"false\" class=\"elementor-element elementor-element-e23f397 e-flex e-con-boxed e-con e-parent\" data-id=\"e23f397\" data-element_type=\"container\" data-e-type=\"container\">\n\t\t\t\t\t<div class=\"e-con-inner\">\n\t\t\t\t<div class=\"elementor-element elementor-element-8b1d19d elementor-widget elementor-widget-heading\" data-id=\"8b1d19d\" data-element_type=\"widget\" data-e-type=\"widget\" data-widget_type=\"heading.default\">\n\t\t\t\t\t<h3 class=\"elementor-heading-title elementor-size-default\">D\u00eda Mundial de la Esclerosis M\u00faltiple<\/h3>\t\t\t\t<\/div>\n\t\t\t\t\t<\/div>\n\t\t\t\t<\/div>\n\t\t<div data-particle_enable=\"false\" data-particle-mobile-disabled=\"false\" class=\"elementor-element elementor-element-b97f4b4 e-flex e-con-boxed e-con e-parent\" data-id=\"b97f4b4\" data-element_type=\"container\" data-e-type=\"container\">\n\t\t\t\t\t<div class=\"e-con-inner\">\n\t\t\t\t<div class=\"elementor-element elementor-element-fedcce8 elementor-widget elementor-widget-text-editor\" data-id=\"fedcce8\" data-element_type=\"widget\" data-e-type=\"widget\" data-widget_type=\"text-editor.default\">\n\t\t\t\t\t\t\t\t\t<p>El D\u00eda Mundial de la Esclerosis M\u00faltiple se conmemora cada 30 de mayo. <a href=\"https:\/\/soymigrante.com\/revista\/salud-preventiva-enfermedades-cronicas-afectan-mas-a-hombres-en-usa\/\" target=\"_blank\" rel=\"noopener\">Esta fecha tiene como objetivo sensibilizar a la poblaci\u00f3n sobre la enfermedad,<\/a> fomentar la investigaci\u00f3n y brindar apoyo a las personas que viven con EM y a sus familias.<\/p>\t\t\t\t\t\t\t\t<\/div>\n\t\t\t\t\t<\/div>\n\t\t\t\t<\/div>\n\t\t<div data-particle_enable=\"false\" data-particle-mobile-disabled=\"false\" class=\"elementor-element elementor-element-87c80f2 e-flex e-con-boxed e-con e-parent\" data-id=\"87c80f2\" data-element_type=\"container\" data-e-type=\"container\">\n\t\t\t\t\t<div class=\"e-con-inner\">\n\t\t\t\t<div class=\"elementor-element elementor-element-7a1c19c elementor-widget elementor-widget-heading\" data-id=\"7a1c19c\" data-element_type=\"widget\" data-e-type=\"widget\" data-widget_type=\"heading.default\">\n\t\t\t\t\t<h2 class=\"elementor-heading-title elementor-size-default\">Conoce otros temas que te pueden interesar, ac\u00e1...<\/h2>\t\t\t\t<\/div>\n\t\t\t\t\t<\/div>\n\t\t\t\t<\/div>\n\t\t<div data-particle_enable=\"false\" data-particle-mobile-disabled=\"false\" class=\"elementor-element elementor-element-9bc2577 e-flex e-con-boxed e-con e-parent\" data-id=\"9bc2577\" data-element_type=\"container\" data-e-type=\"container\">\n\t\t\t\t\t<div class=\"e-con-inner\">\n\t\t\t\t<div class=\"elementor-element elementor-element-aa8e71d elementor-grid-eael-col-3 elementor-grid-tablet-eael-col-2 elementor-grid-mobile-eael-col-1 elementor-widget elementor-widget-eael-post-grid\" data-id=\"aa8e71d\" data-element_type=\"widget\" data-e-type=\"widget\" data-settings=\"{&quot;eael_post_grid_columns&quot;:&quot;eael-col-3&quot;,&quot;eael_post_grid_columns_tablet&quot;:&quot;eael-col-2&quot;,&quot;eael_post_grid_columns_mobile&quot;:&quot;eael-col-1&quot;}\" data-widget_type=\"eael-post-grid.default\">\n\t\t\t\t\t<div id=\"eael-post-grid-aa8e71d\" class=\"eael-post-grid-container\">\n            <div class=\"eael-post-grid eael-post-appender eael-post-appender-aa8e71d eael-post-grid-style-one\" data-layout-mode=\"masonry\"><article class=\"eael-grid-post  eael-post-grid-column eael-pg-post-9400 category-bienestar\" data-id=\"9400\">\n        <div class=\"eael-grid-post-holder\">\n            <div class=\"eael-grid-post-holder-inner\"><div class=\"eael-entry-media\"><div class=\"eael-entry-overlay fade-in\"><i class=\"far fa-hand-pointer\" aria-hidden=\"true\"><\/i><a href=\"https:\/\/soymigrante.com\/revista\/la-diabetes-tipo-2-tambien-afecta-a-ninos-y-adolescentes-en-usa-claves-para-enfrentarla\/\"><\/a><\/div><div class=\"eael-entry-thumbnail \">\n                <img decoding=\"async\" width=\"1024\" height=\"1024\" src=\"https:\/\/soymigrante.com\/revista\/wp-content\/uploads\/2024\/09\/diabetes-soy-migrante3-1024x1024.webp\" class=\"attachment-large size-large wp-image-9413\" alt=\"Niveles altos de glucosa en sangre en un paciente diabetic, monitorizaci\u00f3n de az\u00facar en sangre con gluc\u00f3metro y resultado de niveles altos, salud y diabetes.\" srcset=\"https:\/\/soymigrante.com\/revista\/wp-content\/uploads\/2024\/09\/diabetes-soy-migrante3-1024x1024.webp 1024w, https:\/\/soymigrante.com\/revista\/wp-content\/uploads\/2024\/09\/diabetes-soy-migrante3-300x300.webp 300w, https:\/\/soymigrante.com\/revista\/wp-content\/uploads\/2024\/09\/diabetes-soy-migrante3-150x150.webp 150w, https:\/\/soymigrante.com\/revista\/wp-content\/uploads\/2024\/09\/diabetes-soy-migrante3-768x768.webp 768w, https:\/\/soymigrante.com\/revista\/wp-content\/uploads\/2024\/09\/diabetes-soy-migrante3-1536x1536.webp 1536w, https:\/\/soymigrante.com\/revista\/wp-content\/uploads\/2024\/09\/diabetes-soy-migrante3-scaled.webp 1920w, https:\/\/soymigrante.com\/revista\/wp-content\/uploads\/2024\/09\/diabetes-soy-migrante3-75x75.webp 75w, https:\/\/soymigrante.com\/revista\/wp-content\/uploads\/2024\/09\/diabetes-soy-migrante3-750x750.webp 750w, https:\/\/soymigrante.com\/revista\/wp-content\/uploads\/2024\/09\/diabetes-soy-migrante3-1140x1140.webp 1140w\" sizes=\"(max-width: 1024px) 100vw, 1024px\" \/>\n            <\/div>\n        <\/div><div class=\"eael-entry-wrapper\"><header class=\"eael-entry-header\"><h2 class=\"eael-entry-title\"><a class=\"eael-grid-post-link\" href=\"https:\/\/soymigrante.com\/revista\/la-diabetes-tipo-2-tambien-afecta-a-ninos-y-adolescentes-en-usa-claves-para-enfrentarla\/\" title=\"La diabetes tipo 2 tambi\u00e9n afecta a ni\u00f1os y adolescentes en USA: claves para enfrentarla\">La diabetes tipo 2 tambi\u00e9n afecta a ni\u00f1os y adolescentes en USA: claves para enfrentarla<\/a><\/h2><\/header><div class=\"eael-entry-content\">\n                        <div class=\"eael-grid-post-excerpt\"><a href=\"https:\/\/soymigrante.com\/revista\/la-diabetes-tipo-2-tambien-afecta-a-ninos-y-adolescentes-en-usa-claves-para-enfrentarla\/\" class=\"eael-post-elements-readmore-btn\">CONOCE SU HISTORIA <\/a><\/div>\n                    <\/div><\/div><\/div>\n        <\/div>\n    <\/article><article class=\"eael-grid-post  eael-post-grid-column eael-pg-post-9250 category-bienestar\" data-id=\"9250\">\n        <div class=\"eael-grid-post-holder\">\n            <div class=\"eael-grid-post-holder-inner\"><div class=\"eael-entry-media\"><div class=\"eael-entry-overlay fade-in\"><i class=\"far fa-hand-pointer\" aria-hidden=\"true\"><\/i><a href=\"https:\/\/soymigrante.com\/revista\/salud-preventiva-enfermedades-cronicas-afectan-mas-a-hombres-en-usa\/\"><\/a><\/div><div class=\"eael-entry-thumbnail \">\n                <img loading=\"lazy\" decoding=\"async\" width=\"1024\" height=\"1024\" src=\"https:\/\/soymigrante.com\/revista\/wp-content\/uploads\/2024\/09\/cheque-medico-hombres-soy-migrante2-1024x1024.webp\" class=\"attachment-large size-large wp-image-9256\" alt=\"Medicamento, consulta m\u00e9dica, tratamiento farmac\u00e9utico, salud, atenci\u00f3n m\u00e9dica.\" srcset=\"https:\/\/soymigrante.com\/revista\/wp-content\/uploads\/2024\/09\/cheque-medico-hombres-soy-migrante2-1024x1024.webp 1024w, https:\/\/soymigrante.com\/revista\/wp-content\/uploads\/2024\/09\/cheque-medico-hombres-soy-migrante2-300x300.webp 300w, https:\/\/soymigrante.com\/revista\/wp-content\/uploads\/2024\/09\/cheque-medico-hombres-soy-migrante2-150x150.webp 150w, https:\/\/soymigrante.com\/revista\/wp-content\/uploads\/2024\/09\/cheque-medico-hombres-soy-migrante2-768x768.webp 768w, https:\/\/soymigrante.com\/revista\/wp-content\/uploads\/2024\/09\/cheque-medico-hombres-soy-migrante2-1536x1536.webp 1536w, https:\/\/soymigrante.com\/revista\/wp-content\/uploads\/2024\/09\/cheque-medico-hombres-soy-migrante2-scaled.webp 1920w, https:\/\/soymigrante.com\/revista\/wp-content\/uploads\/2024\/09\/cheque-medico-hombres-soy-migrante2-75x75.webp 75w, https:\/\/soymigrante.com\/revista\/wp-content\/uploads\/2024\/09\/cheque-medico-hombres-soy-migrante2-750x750.webp 750w, https:\/\/soymigrante.com\/revista\/wp-content\/uploads\/2024\/09\/cheque-medico-hombres-soy-migrante2-1140x1140.webp 1140w\" sizes=\"(max-width: 1024px) 100vw, 1024px\" \/>\n            <\/div>\n        <\/div><div class=\"eael-entry-wrapper\"><header class=\"eael-entry-header\"><h2 class=\"eael-entry-title\"><a class=\"eael-grid-post-link\" href=\"https:\/\/soymigrante.com\/revista\/salud-preventiva-enfermedades-cronicas-afectan-mas-a-hombres-en-usa\/\" title=\"Salud preventiva: Enfermedades cr\u00f3nicas afectan m\u00e1s a hombres en USA\">Salud preventiva: Enfermedades cr\u00f3nicas afectan m\u00e1s a hombres en USA<\/a><\/h2><\/header><div class=\"eael-entry-content\">\n                        <div class=\"eael-grid-post-excerpt\"><a href=\"https:\/\/soymigrante.com\/revista\/salud-preventiva-enfermedades-cronicas-afectan-mas-a-hombres-en-usa\/\" class=\"eael-post-elements-readmore-btn\">CONOCE SU HISTORIA <\/a><\/div>\n                    <\/div><\/div><\/div>\n        <\/div>\n    <\/article><article class=\"eael-grid-post  eael-post-grid-column eael-pg-post-1367 category-bienestar\" data-id=\"1367\">\n        <div class=\"eael-grid-post-holder\">\n            <div class=\"eael-grid-post-holder-inner\"><div class=\"eael-entry-media\"><div class=\"eael-entry-overlay fade-in\"><i class=\"far fa-hand-pointer\" aria-hidden=\"true\"><\/i><a href=\"https:\/\/soymigrante.com\/revista\/claves-de-la-enfermedad-venosa-para-migrantes-guatemaltecos\/\"><\/a><\/div><div class=\"eael-entry-thumbnail \">\n                <img loading=\"lazy\" decoding=\"async\" width=\"1024\" height=\"683\" src=\"https:\/\/soymigrante.com\/revista\/wp-content\/uploads\/2023\/06\/Trabajadores-migrantes-que-permanecen-mucho-tiempo-de-pie-pueden-correr-riesgo-de-enfermedad-venosa-2-1024x683.webp\" class=\"attachment-large size-large wp-image-1369\" alt=\"\" srcset=\"https:\/\/soymigrante.com\/revista\/wp-content\/uploads\/2023\/06\/Trabajadores-migrantes-que-permanecen-mucho-tiempo-de-pie-pueden-correr-riesgo-de-enfermedad-venosa-2-1024x683.webp 1024w, https:\/\/soymigrante.com\/revista\/wp-content\/uploads\/2023\/06\/Trabajadores-migrantes-que-permanecen-mucho-tiempo-de-pie-pueden-correr-riesgo-de-enfermedad-venosa-2-300x200.webp 300w, https:\/\/soymigrante.com\/revista\/wp-content\/uploads\/2023\/06\/Trabajadores-migrantes-que-permanecen-mucho-tiempo-de-pie-pueden-correr-riesgo-de-enfermedad-venosa-2-768x512.webp 768w, https:\/\/soymigrante.com\/revista\/wp-content\/uploads\/2023\/06\/Trabajadores-migrantes-que-permanecen-mucho-tiempo-de-pie-pueden-correr-riesgo-de-enfermedad-venosa-2-1536x1024.webp 1536w, https:\/\/soymigrante.com\/revista\/wp-content\/uploads\/2023\/06\/Trabajadores-migrantes-que-permanecen-mucho-tiempo-de-pie-pueden-correr-riesgo-de-enfermedad-venosa-2-scaled.webp 1920w, https:\/\/soymigrante.com\/revista\/wp-content\/uploads\/2023\/06\/Trabajadores-migrantes-que-permanecen-mucho-tiempo-de-pie-pueden-correr-riesgo-de-enfermedad-venosa-2-750x500.webp 750w, https:\/\/soymigrante.com\/revista\/wp-content\/uploads\/2023\/06\/Trabajadores-migrantes-que-permanecen-mucho-tiempo-de-pie-pueden-correr-riesgo-de-enfermedad-venosa-2-1140x760.webp 1140w, https:\/\/soymigrante.com\/revista\/wp-content\/uploads\/2023\/06\/Trabajadores-migrantes-que-permanecen-mucho-tiempo-de-pie-pueden-correr-riesgo-de-enfermedad-venosa-2-600x400.webp 600w\" sizes=\"(max-width: 1024px) 100vw, 1024px\" \/>\n            <\/div>\n        <\/div><div class=\"eael-entry-wrapper\"><header class=\"eael-entry-header\"><h2 class=\"eael-entry-title\"><a class=\"eael-grid-post-link\" href=\"https:\/\/soymigrante.com\/revista\/claves-de-la-enfermedad-venosa-para-migrantes-guatemaltecos\/\" title=\"Las venas de los migrantes tambi\u00e9n se enferman (y no hay que descuidarlas)\">Las venas de los migrantes tambi\u00e9n se enferman (y no hay que descuidarlas)<\/a><\/h2><\/header><div class=\"eael-entry-content\">\n                        <div class=\"eael-grid-post-excerpt\"><a href=\"https:\/\/soymigrante.com\/revista\/claves-de-la-enfermedad-venosa-para-migrantes-guatemaltecos\/\" class=\"eael-post-elements-readmore-btn\">CONOCE SU HISTORIA <\/a><\/div>\n                    <\/div><\/div><\/div>\n        <\/div>\n    <\/article><\/div>\n            <div class=\"clearfix\"><\/div>\n        <\/div>\t\t\t\t<\/div>\n\t\t\t\t\t<\/div>\n\t\t\t\t<\/div>\n\t\t\t\t<\/div>\n\t\t","protected":false},"excerpt":{"rendered":"<p>La esclerosis m\u00faltiple conmemora su d\u00eda el 30 de mayo, conoce estos datos de la enfermedad. La esclerosis m\u00faltiple (EM) es una enfermedad cr\u00f3nica del sistema nervioso central que afecta al cerebro y la m\u00e9dula espinal. Se produce cuando el sistema inmunol\u00f3gico ataca la mielina, una capa protectora que recubre las fibras nerviosas, causando inflamaci\u00f3n [&hellip;]<\/p>\n","protected":false},"author":19,"featured_media":33083,"comment_status":"open","ping_status":"open","sticky":false,"template":"","format":"standard","meta":{"_acf_changed":false,"_eb_attr":"","footnotes":""},"categories":[55],"tags":[],"class_list":["post-33082","post","type-post","status-publish","format-standard","has-post-thumbnail","hentry","category-bienestar"],"acf":[],"aioseo_notices":[],"aioseo_head":"\n\t\t<!-- All in One SEO Pro 4.9.6.2 - aioseo.com -->\n\t<meta name=\"description\" content=\"La enfermedad venosa puede afectar a migrantes cuyos padres la padecieron. El riesgo se agrava si por trabajo deben estar mucho tiempo de pie. El fleb\u00f3logo guatemalteco H\u00e9ctor Stricker expone claves de prevenci\u00f3n y tratamiento. Un padecimiento de v\u00e1rices depende de varios factores: herencia, ocupaci\u00f3n laboral, ejercicio, nutrici\u00f3n, obesidad. Es por ello que no toda\" \/>\n\t<meta name=\"robots\" content=\"max-snippet:-1, max-image-preview:large, max-video-preview:-1\" \/>\n\t<meta name=\"author\" content=\"Gustavo Montenegro\"\/>\n\t<link rel=\"canonical\" href=\"https:\/\/soymigrante.com\/revista\/claves-de-la-enfermedad-venosa-para-migrantes-guatemaltecos\/\" \/>\n\t<meta name=\"generator\" content=\"All in One SEO Pro (AIOSEO) 4.9.6.2\" \/>\n\n\t\t<link rel=\"preconnect\" href=\"https:\/\/fonts.googleapis.com\" crossorigin>\n<link rel=\"preconnect\" href=\"https:\/\/fonts.gstatic.com\" crossorigin>\n\t\t<meta property=\"og:locale\" content=\"es_ES\" \/>\n\t\t<meta property=\"og:site_name\" content=\"SoyMigrante.com REVISTA \u2013 Nuestra misi\u00f3n es reconocer y dignificar al migrante.\" \/>\n\t\t<meta property=\"og:type\" content=\"article\" \/>\n\t\t<meta property=\"og:title\" content=\"Las venas de los migrantes tambi\u00e9n se enferman (y no hay que descuidarlas)\" \/>\n\t\t<meta property=\"og:description\" content=\"La enfermedad venosa puede afectar a migrantes cuyos padres la padecieron. El riesgo se agrava si por trabajo deben estar mucho tiempo de pie. El fleb\u00f3logo guatemalteco H\u00e9ctor Stricker expone claves de prevenci\u00f3n y tratamiento. Un padecimiento de v\u00e1rices depende de varios factores: herencia, ocupaci\u00f3n laboral, ejercicio, nutrici\u00f3n, obesidad. Es por ello que no toda\" \/>\n\t\t<meta property=\"og:url\" content=\"https:\/\/soymigrante.com\/revista\/claves-de-la-enfermedad-venosa-para-migrantes-guatemaltecos\/\" \/>\n\t\t<meta property=\"og:image\" content=\"https:\/\/soymigrante.com\/revista\/wp-content\/uploads\/2023\/06\/Trabajadores-migrantes-que-permanecen-mucho-tiempo-de-pie-pueden-correr-riesgo-de-enfermedad-venosa-2-scaled.webp\" \/>\n\t\t<meta property=\"og:image:secure_url\" content=\"https:\/\/soymigrante.com\/revista\/wp-content\/uploads\/2023\/06\/Trabajadores-migrantes-que-permanecen-mucho-tiempo-de-pie-pueden-correr-riesgo-de-enfermedad-venosa-2-scaled.webp\" \/>\n\t\t<meta property=\"og:image:width\" content=\"1920\" \/>\n\t\t<meta property=\"og:image:height\" content=\"1280\" \/>\n\t\t<meta property=\"article:published_time\" content=\"2023-06-14T06:59:37+00:00\" \/>\n\t\t<meta property=\"article:modified_time\" content=\"2024-08-01T00:38:11+00:00\" \/>\n\t\t<meta property=\"article:publisher\" content=\"https:\/\/www.facebook.com\/soymigrantecom\" \/>\n\t\t<meta name=\"twitter:card\" content=\"summary_large_image\" \/>\n\t\t<meta name=\"twitter:site\" content=\"@SoyMigrante_com\" \/>\n\t\t<meta name=\"twitter:title\" content=\"Las venas de los migrantes tambi\u00e9n se enferman (y no hay que descuidarlas)\" \/>\n\t\t<meta name=\"twitter:description\" content=\"La enfermedad venosa puede afectar a migrantes cuyos padres la padecieron. El riesgo se agrava si por trabajo deben estar mucho tiempo de pie. El fleb\u00f3logo guatemalteco H\u00e9ctor Stricker expone claves de prevenci\u00f3n y tratamiento. Un padecimiento de v\u00e1rices depende de varios factores: herencia, ocupaci\u00f3n laboral, ejercicio, nutrici\u00f3n, obesidad. Es por ello que no toda\" \/>\n\t\t<meta name=\"twitter:creator\" content=\"@SoyMigrante_com\" \/>\n\t\t<meta name=\"twitter:image\" content=\"https:\/\/soymigrante.com\/revista\/wp-content\/uploads\/2023\/06\/Trabajadores-migrantes-que-permanecen-mucho-tiempo-de-pie-pueden-correr-riesgo-de-enfermedad-venosa-2-scaled.webp\" \/>\n\t\t<!-- All in One SEO Pro -->\r\n\t\t<title>Las venas de los migrantes tambi\u00e9n se enferman (y no hay que descuidarlas)<\/title>\n\n","aioseo_head_json":{"title":"Las venas de los migrantes tambi\u00e9n se enferman (y no hay que descuidarlas)","description":"La enfermedad venosa puede afectar a migrantes cuyos padres la padecieron. El riesgo se agrava si por trabajo deben estar mucho tiempo de pie. El fleb\u00f3logo guatemalteco H\u00e9ctor Stricker expone claves de prevenci\u00f3n y tratamiento. Un padecimiento de v\u00e1rices depende de varios factores: herencia, ocupaci\u00f3n laboral, ejercicio, nutrici\u00f3n, obesidad. Es por ello que no toda","canonical_url":"https:\/\/soymigrante.com\/revista\/claves-de-la-enfermedad-venosa-para-migrantes-guatemaltecos\/","robots":"max-snippet:-1, max-image-preview:large, max-video-preview:-1","keywords":"","webmasterTools":{"miscellaneous":"&lt;link rel=\"preconnect\" href=\"https:\/\/fonts.googleapis.com\" crossorigin&gt;\n&lt;link rel=\"preconnect\" href=\"https:\/\/fonts.gstatic.com\" crossorigin&gt;"},"schema":null,"og:locale":"es_ES","og:site_name":"SoyMigrante.com REVISTA \u2013 Nuestra misi\u00f3n es reconocer y dignificar al migrante.","og:type":"article","og:title":"Las venas de los migrantes tambi\u00e9n se enferman (y no hay que descuidarlas)","og:description":"La enfermedad venosa puede afectar a migrantes cuyos padres la padecieron. El riesgo se agrava si por trabajo deben estar mucho tiempo de pie. El fleb\u00f3logo guatemalteco H\u00e9ctor Stricker expone claves de prevenci\u00f3n y tratamiento. Un padecimiento de v\u00e1rices depende de varios factores: herencia, ocupaci\u00f3n laboral, ejercicio, nutrici\u00f3n, obesidad. Es por ello que no toda","og:url":"https:\/\/soymigrante.com\/revista\/claves-de-la-enfermedad-venosa-para-migrantes-guatemaltecos\/","og:image":"https:\/\/soymigrante.com\/revista\/wp-content\/uploads\/2023\/06\/Trabajadores-migrantes-que-permanecen-mucho-tiempo-de-pie-pueden-correr-riesgo-de-enfermedad-venosa-2-scaled.webp","og:image:secure_url":"https:\/\/soymigrante.com\/revista\/wp-content\/uploads\/2023\/06\/Trabajadores-migrantes-que-permanecen-mucho-tiempo-de-pie-pueden-correr-riesgo-de-enfermedad-venosa-2-scaled.webp","og:image:width":1920,"og:image:height":1280,"article:published_time":"2023-06-14T06:59:37+00:00","article:modified_time":"2024-08-01T00:38:11+00:00","article:publisher":"https:\/\/www.facebook.com\/soymigrantecom","twitter:card":"summary_large_image","twitter:site":"@SoyMigrante_com","twitter:title":"Las venas de los migrantes tambi\u00e9n se enferman (y no hay que descuidarlas)","twitter:description":"La enfermedad venosa puede afectar a migrantes cuyos padres la padecieron. El riesgo se agrava si por trabajo deben estar mucho tiempo de pie. El fleb\u00f3logo guatemalteco H\u00e9ctor Stricker expone claves de prevenci\u00f3n y tratamiento. Un padecimiento de v\u00e1rices depende de varios factores: herencia, ocupaci\u00f3n laboral, ejercicio, nutrici\u00f3n, obesidad. Es por ello que no toda","twitter:creator":"@SoyMigrante_com","twitter:image":"https:\/\/soymigrante.com\/revista\/wp-content\/uploads\/2023\/06\/Trabajadores-migrantes-que-permanecen-mucho-tiempo-de-pie-pueden-correr-riesgo-de-enfermedad-venosa-2-scaled.webp"},"aioseo_meta_data":{"post_id":"33082","title":null,"description":"La esclerosis m\u00faltiple conmemora su d\u00eda el 30 de mayo, conoce estos datos de la enfermedad.","keywords":null,"keyphrases":{"focus":{"keyphrase":"esclerosis m\u00faltiple","score":82,"analysis":{"keyphraseInTitle":{"score":9,"maxScore":9,"error":0},"keyphraseInDescription":{"score":9,"maxScore":9,"error":0},"keyphraseLength":{"score":9,"maxScore":9,"error":0,"length":3},"keyphraseInURL":{"score":5,"maxScore":5,"error":0},"keyphraseInIntroduction":{"score":9,"maxScore":9,"error":0},"keyphraseInSubHeadings":{"score":3,"maxScore":9,"error":1},"keyphraseInImageAlt":{"score":3,"maxScore":9,"error":1},"keywordDensity":{"type":"best","score":9,"maxScore":9,"error":0}}},"additional":[{"keyphrase":"esclerosis m\u00faltiple","score":87,"analysis":{"keyphraseInDescription":{"score":9,"maxScore":9,"error":0},"keyphraseLength":{"score":9,"maxScore":9,"error":0,"length":3},"keyphraseInIntroduction":{"score":9,"maxScore":9,"error":0},"keyphraseInImageAlt":{"score":3,"maxScore":9,"error":1},"keywordDensity":{"type":"best","score":9,"maxScore":9,"error":0}}}]},"primary_term":null,"canonical_url":null,"og_title":null,"og_description":null,"og_object_type":"default","og_image_type":"default","og_image_url":null,"og_image_width":null,"og_image_height":null,"og_image_custom_url":null,"og_image_custom_fields":null,"og_video":"","og_custom_url":null,"og_article_section":null,"og_article_tags":null,"twitter_use_og":false,"twitter_card":"default","twitter_image_type":"default","twitter_image_url":null,"twitter_image_custom_url":null,"twitter_image_custom_fields":null,"twitter_title":null,"twitter_description":null,"schema":{"blockGraphs":[],"customGraphs":[],"default":{"data":{"Article":[],"Course":[],"Dataset":[],"FAQPage":[],"Movie":[],"Person":[],"Product":[],"ProductReview":[],"Car":[],"Recipe":[],"Service":[],"SoftwareApplication":[],"WebPage":[]},"graphName":"none","isEnabled":true},"graphs":[]},"schema_type":"default","schema_type_options":null,"pillar_content":false,"robots_default":true,"robots_noindex":false,"robots_noarchive":false,"robots_nosnippet":false,"robots_nofollow":false,"robots_noimageindex":false,"robots_noodp":false,"robots_notranslate":false,"robots_max_snippet":"-1","robots_max_videopreview":"-1","robots_max_imagepreview":"large","priority":null,"frequency":"default","local_seo":null,"seo_analyzer_scan_date":"2025-10-09 08:10:02","breadcrumb_settings":null,"limit_modified_date":false,"reviewed_by":"0","open_ai":"{\"title\":{\"suggestions\":[],\"usage\":0},\"description\":{\"suggestions\":[],\"usage\":0}}","ai":{"faqs":[],"keyPoints":[],"titles":[],"descriptions":[],"socialPosts":{"email":[],"linkedin":[],"twitter":[],"facebook":[],"instagram":[]}},"created":"2025-05-09 19:54:36","updated":"2026-02-05 04:30:33"},"aioseo_breadcrumb":"<div class=\"aioseo-breadcrumbs\"><span class=\"aioseo-breadcrumb\">\n\t<a href=\"https:\/\/soymigrante.com\/revista\" title=\"Home\">Home<\/a>\n<\/span><span class=\"aioseo-breadcrumb-separator\">\u00bb<\/span><span class=\"aioseo-breadcrumb\">\n\t<a href=\"https:\/\/soymigrante.com\/revista\/category\/bienestar\/\" title=\"Bienestar\">Bienestar<\/a>\n<\/span><span class=\"aioseo-breadcrumb-separator\">\u00bb<\/span><span class=\"aioseo-breadcrumb\">\n\t\u00bfQu\u00e9 es la esclerosis m\u00faltiple y c\u00f3mo se puede enfrentar?\n<\/span><\/div>","aioseo_breadcrumb_json":[{"label":"Home","link":"https:\/\/soymigrante.com\/revista"},{"label":"Bienestar","link":"https:\/\/soymigrante.com\/revista\/category\/bienestar\/"},{"label":"\u00bfQu\u00e9 es la esclerosis m\u00faltiple y c\u00f3mo se puede enfrentar?","link":"https:\/\/soymigrante.com\/revista\/que-es-la-esclerosis-multiple-y-como-se-puede-enfrentar\/"}],"_links":{"self":[{"href":"https:\/\/soymigrante.com\/revista\/wp-json\/wp\/v2\/posts\/33082","targetHints":{"allow":["GET"]}}],"collection":[{"href":"https:\/\/soymigrante.com\/revista\/wp-json\/wp\/v2\/posts"}],"about":[{"href":"https:\/\/soymigrante.com\/revista\/wp-json\/wp\/v2\/types\/post"}],"author":[{"embeddable":true,"href":"https:\/\/soymigrante.com\/revista\/wp-json\/wp\/v2\/users\/19"}],"replies":[{"embeddable":true,"href":"https:\/\/soymigrante.com\/revista\/wp-json\/wp\/v2\/comments?post=33082"}],"version-history":[{"count":19,"href":"https:\/\/soymigrante.com\/revista\/wp-json\/wp\/v2\/posts\/33082\/revisions"}],"predecessor-version":[{"id":43210,"href":"https:\/\/soymigrante.com\/revista\/wp-json\/wp\/v2\/posts\/33082\/revisions\/43210"}],"wp:featuredmedia":[{"embeddable":true,"href":"https:\/\/soymigrante.com\/revista\/wp-json\/wp\/v2\/media\/33083"}],"wp:attachment":[{"href":"https:\/\/soymigrante.com\/revista\/wp-json\/wp\/v2\/media?parent=33082"}],"wp:term":[{"taxonomy":"category","embeddable":true,"href":"https:\/\/soymigrante.com\/revista\/wp-json\/wp\/v2\/categories?post=33082"},{"taxonomy":"post_tag","embeddable":true,"href":"https:\/\/soymigrante.com\/revista\/wp-json\/wp\/v2\/tags?post=33082"}],"curies":[{"name":"wp","href":"https:\/\/api.w.org\/{rel}","templated":true}]}}