{"id":33065,"date":"2025-05-13T08:00:00","date_gmt":"2025-05-13T14:00:00","guid":{"rendered":"https:\/\/soymigrante.com\/revista\/?p=33065"},"modified":"2025-05-12T23:49:26","modified_gmt":"2025-05-13T05:49:26","slug":"reconocer-las-senales-tempranas-del-alzheimer-es-vital-para-poder-enfrentarlo-de-mejor-forma","status":"publish","type":"post","link":"https:\/\/soymigrante.com\/revista\/reconocer-las-senales-tempranas-del-alzheimer-es-vital-para-poder-enfrentarlo-de-mejor-forma\/","title":{"rendered":"Reconocer las se\u00f1ales tempranas del Alzheimer es vital para poder enfrentarlo de mejor forma"},"content":{"rendered":"\t\t<div data-elementor-type=\"wp-post\" data-elementor-id=\"33065\" class=\"elementor elementor-33065\" data-elementor-post-type=\"post\">\n\t\t\t\t<div data-particle_enable=\"false\" data-particle-mobile-disabled=\"false\" class=\"elementor-element elementor-element-eb4f986 e-flex e-con-boxed e-con e-parent\" data-id=\"eb4f986\" data-element_type=\"container\" data-e-type=\"container\">\n\t\t\t\t\t<div class=\"e-con-inner\">\n\t\t\t\t<div class=\"elementor-element elementor-element-b171802 elementor-widget elementor-widget-heading\" data-id=\"b171802\" data-element_type=\"widget\" data-e-type=\"widget\" data-widget_type=\"heading.default\">\n\t\t\t\t\t<h2 class=\"elementor-heading-title elementor-size-default\">El Alzheimer es una enfermedad, pero con la informaci\u00f3n necesaria se pueden reconocer las se\u00f1alas tempranas. \n<\/h2>\t\t\t\t<\/div>\n\t\t\t\t\t<\/div>\n\t\t\t\t<\/div>\n\t\t<div data-particle_enable=\"false\" data-particle-mobile-disabled=\"false\" class=\"elementor-element elementor-element-049be4f e-flex e-con-boxed e-con e-parent\" data-id=\"049be4f\" data-element_type=\"container\" data-e-type=\"container\">\n\t\t\t\t\t<div class=\"e-con-inner\">\n\t\t\t\t<div class=\"elementor-element elementor-element-6d47cb5 elementor-widget elementor-widget-text-editor\" data-id=\"6d47cb5\" data-element_type=\"widget\" data-e-type=\"widget\" data-widget_type=\"text-editor.default\">\n\t\t\t\t\t\t\t\t\t<p>En el marco del mes de Concientizaci\u00f3n sobre el Alzheimer, <a href=\"https:\/\/www.facebook.com\/GuatemalanCenter\" target=\"_blank\" rel=\"noopener\">la Coalici\u00f3n de Rhode Island para la Justicia de los Mayores, en colaboraci\u00f3n con la Asociaci\u00f3n de Alzheimer Cap\u00edtulo de Rhode Island,<\/a> ha organizado dos seminarios web informativos gratuitos sobre las 10 Se\u00f1ales de Advertencia del Alzheimer, disponibles en ingl\u00e9s y espa\u00f1ol.<\/p>\n<p>Estos seminarios tienen como objetivo educar a la comunidad sobre los primeros signos del Alzheimer, una enfermedad neurodegenerativa que afecta a millones de personas en Estados Unidos y en el mundo. Identificar los s\u00edntomas a tiempo es clave para un diagn\u00f3stico temprano,<a href=\"https:\/\/soymigrante.com\/revista\/salud-preventiva-enfermedades-cronicas-afectan-mas-a-hombres-en-usa\/\" target=\"_blank\" rel=\"noopener\"> lo que puede marcar la diferencia en la calidad de vida del paciente y su entorno.<\/a><\/p>\t\t\t\t\t\t\t\t<\/div>\n\t\t\t\t\t<\/div>\n\t\t\t\t<\/div>\n\t\t<div data-particle_enable=\"false\" data-particle-mobile-disabled=\"false\" class=\"elementor-element elementor-element-c959356 e-flex e-con-boxed e-con e-parent\" data-id=\"c959356\" data-element_type=\"container\" data-e-type=\"container\">\n\t\t\t\t\t<div class=\"e-con-inner\">\n\t\t\t\t<div class=\"elementor-element elementor-element-bd8a426 elementor-widget elementor-widget-heading\" data-id=\"bd8a426\" data-element_type=\"widget\" data-e-type=\"widget\" data-widget_type=\"heading.default\">\n\t\t\t\t\t<h3 class=\"elementor-heading-title elementor-size-default\">10 se\u00f1ales de advertencia del Alzheimer:<\/h3>\t\t\t\t<\/div>\n\t\t\t\t\t<\/div>\n\t\t\t\t<\/div>\n\t\t<div data-particle_enable=\"false\" data-particle-mobile-disabled=\"false\" class=\"elementor-element elementor-element-fb102e7 e-flex e-con-boxed e-con e-parent\" data-id=\"fb102e7\" data-element_type=\"container\" data-e-type=\"container\">\n\t\t\t\t\t<div class=\"e-con-inner\">\n\t\t\t\t<div class=\"elementor-element elementor-element-6ba62b0 elementor-widget elementor-widget-text-editor\" data-id=\"6ba62b0\" data-element_type=\"widget\" data-e-type=\"widget\" data-widget_type=\"text-editor.default\">\n\t\t\t\t\t\t\t\t\t<div><strong>1. P\u00e9rdida de memoria que interfiere con la vida cotidiana:<\/strong> Olvidar informaci\u00f3n reci\u00e9n aprendida o fechas importantes y <a href=\"https:\/\/www.facebook.com\/GuatemalanCenter\" target=\"_blank\" rel=\"noopener\">depender de recordatorios o de otras personas.<\/a><\/div><div><strong>2.Dificultad para planificar o resolver problemas:<\/strong> Problemas para seguir una receta o gestionar las cuentas del hogar.<\/div><div><strong>3.Dificultad para realizar tareas cotidianas:<\/strong> Problemas para llegar a un lugar conocido o para recordar las reglas de un juego.<\/div><div><strong>4.Desorientaci\u00f3n en tiempo o lugar:<\/strong> Perderse en lugares conocidos o no recordar qu\u00e9 d\u00eda es.<\/div><div><strong>5.Problemas para comprender im\u00e1genes visuales y relaciones espaciales:<\/strong> Dificultad para leer, juzgar distancias o determinar colores y contrastes.<\/div>\t\t\t\t\t\t\t\t<\/div>\n\t\t\t\t\t<\/div>\n\t\t\t\t<\/div>\n\t\t<div data-particle_enable=\"false\" data-particle-mobile-disabled=\"false\" class=\"elementor-element elementor-element-aede57c e-flex e-con-boxed e-con e-parent\" data-id=\"aede57c\" data-element_type=\"container\" data-e-type=\"container\">\n\t\t\t\t\t<div class=\"e-con-inner\">\n\t\t\t\t<div class=\"elementor-element elementor-element-0bb61ec elementor-widget elementor-widget-image\" data-id=\"0bb61ec\" data-element_type=\"widget\" data-e-type=\"widget\" data-widget_type=\"image.default\">\n\t\t\t\t\t\t\t\t\t\t\t\t<figure class=\"wp-caption\">\n\t\t\t\t\t\t\t\t\t\t<img fetchpriority=\"high\" decoding=\"async\" width=\"768\" height=\"512\" src=\"https:\/\/soymigrante.com\/revista\/wp-content\/uploads\/2025\/05\/Concientizacion-sobre-el-Alzheimer1-1024x682.jpeg\" class=\"attachment-large size-large wp-image-33074\" alt=\"Disfrutando de una taza de caf\u00e9 en compa\u00f1\u00eda de un ser querido, en un ambiente c\u00e1lido y acogedor, resaltando la importancia de las comunidades migrantes y sus tradiciones culturales.\" srcset=\"https:\/\/soymigrante.com\/revista\/wp-content\/uploads\/2025\/05\/Concientizacion-sobre-el-Alzheimer1-1024x682.jpeg 1024w, https:\/\/soymigrante.com\/revista\/wp-content\/uploads\/2025\/05\/Concientizacion-sobre-el-Alzheimer1-300x200.jpeg 300w, https:\/\/soymigrante.com\/revista\/wp-content\/uploads\/2025\/05\/Concientizacion-sobre-el-Alzheimer1-768x512.jpeg 768w, https:\/\/soymigrante.com\/revista\/wp-content\/uploads\/2025\/05\/Concientizacion-sobre-el-Alzheimer1-1536x1023.jpeg 1536w, https:\/\/soymigrante.com\/revista\/wp-content\/uploads\/2025\/05\/Concientizacion-sobre-el-Alzheimer1-750x500.jpeg 750w, https:\/\/soymigrante.com\/revista\/wp-content\/uploads\/2025\/05\/Concientizacion-sobre-el-Alzheimer1-1140x760.jpeg 1140w, https:\/\/soymigrante.com\/revista\/wp-content\/uploads\/2025\/05\/Concientizacion-sobre-el-Alzheimer1.webp 1600w\" sizes=\"(max-width: 768px) 100vw, 768px\" title=\"Concientizaci\u00f3n sobre el Alzheimer: Seminarios en Rhode Island para reconocer las se\u00f1ales tempranas \u2013 SoyMigrante.com REVISTA\" \/>\t\t\t\t\t\t\t\t\t\t\t<figcaption class=\"widget-image-caption wp-caption-text\">Un adulto mayor sosteniendo una taza decorada con motivos naturales, compartiendo un momento de alegr\u00eda y convivencia, destacando temas de migraci\u00f3n, cultura y comunidad.<\/figcaption>\n\t\t\t\t\t\t\t\t\t\t<\/figure>\n\t\t\t\t\t\t\t\t\t<\/div>\n\t\t\t\t\t<\/div>\n\t\t\t\t<\/div>\n\t\t<div data-particle_enable=\"false\" data-particle-mobile-disabled=\"false\" class=\"elementor-element elementor-element-fd88ef9 e-flex e-con-boxed e-con e-parent\" data-id=\"fd88ef9\" data-element_type=\"container\" data-e-type=\"container\">\n\t\t\t\t\t<div class=\"e-con-inner\">\n\t\t\t\t<div class=\"elementor-element elementor-element-475416d elementor-widget elementor-widget-text-editor\" data-id=\"475416d\" data-element_type=\"widget\" data-e-type=\"widget\" data-widget_type=\"text-editor.default\">\n\t\t\t\t\t\t\t\t\t<div><strong>6. Nuevos problemas con el uso de palabras al hablar o escribir:<\/strong> Detenerse a mitad de una conversaci\u00f3n sin saber c\u00f3mo continuar o repetir lo mismo varias veces.<\/div><div><strong>7.Colocaci\u00f3n de objetos fuera de lugar y dificultad para retroceder los pasos:<\/strong> Dejar objetos en sitios inusuales y no recordar c\u00f3mo llegaron ah\u00ed.<\/div><div><strong>8.Disminuci\u00f3n o falta de buen juicio<\/strong>: Tomar decisiones financieras poco acertadas o descuidar el aseo personal.<\/div><div><strong>9.P\u00e9rdida de iniciativa para trabajar o participar en actividades sociales:<\/strong> Evitar actividades que antes disfrutaba o mostrarse distante.<\/div><div><strong>10.Cambios de humor o personalidad:<\/strong> Sentirse confundido, ansioso, deprimido o sospechoso sin motivo aparente.<\/div>\t\t\t\t\t\t\t\t<\/div>\n\t\t\t\t\t<\/div>\n\t\t\t\t<\/div>\n\t\t<div data-particle_enable=\"false\" data-particle-mobile-disabled=\"false\" class=\"elementor-element elementor-element-e73c1c0 e-flex e-con-boxed e-con e-parent\" data-id=\"e73c1c0\" data-element_type=\"container\" data-e-type=\"container\">\n\t\t\t\t\t<div class=\"e-con-inner\">\n\t\t\t\t<div class=\"elementor-element elementor-element-3358232 elementor-widget elementor-widget-heading\" data-id=\"3358232\" data-element_type=\"widget\" data-e-type=\"widget\" data-widget_type=\"heading.default\">\n\t\t\t\t\t<h3 class=\"elementor-heading-title elementor-size-default\">Acceso a los seminarios gratuitos<\/h3>\t\t\t\t<\/div>\n\t\t\t\t\t<\/div>\n\t\t\t\t<\/div>\n\t\t<div data-particle_enable=\"false\" data-particle-mobile-disabled=\"false\" class=\"elementor-element elementor-element-cdf1b6d e-flex e-con-boxed e-con e-parent\" data-id=\"cdf1b6d\" data-element_type=\"container\" data-e-type=\"container\">\n\t\t\t\t\t<div class=\"e-con-inner\">\n\t\t\t\t<div class=\"elementor-element elementor-element-1cf2347 elementor-widget elementor-widget-text-editor\" data-id=\"1cf2347\" data-element_type=\"widget\" data-e-type=\"widget\" data-widget_type=\"text-editor.default\">\n\t\t\t\t\t\t\t\t\t<p><a href=\"https:\/\/www.facebook.com\/GuatemalanCenter\" target=\"_blank\" rel=\"noopener\">Los seminarios web estar\u00e1n disponibles para el p\u00fablico en general<\/a> y ser\u00e1n impartidos en ingl\u00e9s y espa\u00f1ol, facilitando el acceso a la informaci\u00f3n a diversas comunidades.<\/p><p><a href=\"https:\/\/soymigrante.com\/revista\/salud-preventiva-enfermedades-cronicas-afectan-mas-a-hombres-en-usa\/\" target=\"_blank\" rel=\"noopener\">Durante las sesiones, los participantes aprender\u00e1n a identificar estas se\u00f1ales<\/a>, comprender la importancia del diagn\u00f3stico temprano y acceder a recursos de apoyo para quienes padecen Alzheimer y sus familias.<\/p><p>Para m\u00e1s informaci\u00f3n sobre fechas, horarios e inscripci\u00f3n, visita el sitio web de la <a href=\"https:\/\/www.facebook.com\/GuatemalanCenter\" target=\"_blank\" rel=\"noopener\">Asociaci\u00f3n de Alzheimer Cap\u00edtulo de Rhode Island<\/a> o comun\u00edcate directamente al tel\u00e9fono 1-800-272-3900.<\/p>\t\t\t\t\t\t\t\t<\/div>\n\t\t\t\t\t<\/div>\n\t\t\t\t<\/div>\n\t\t<div data-particle_enable=\"false\" data-particle-mobile-disabled=\"false\" class=\"elementor-element elementor-element-2ff36da e-flex e-con-boxed e-con e-parent\" data-id=\"2ff36da\" data-element_type=\"container\" data-e-type=\"container\">\n\t\t\t\t\t<div class=\"e-con-inner\">\n\t\t\t\t<div class=\"elementor-element elementor-element-f5305dd elementor-widget elementor-widget-video\" data-id=\"f5305dd\" data-element_type=\"widget\" data-e-type=\"widget\" data-settings=\"{&quot;youtube_url&quot;:&quot;https:\\\/\\\/www.youtube.com\\\/watch?v=hm9siUJrr3o&quot;,&quot;video_type&quot;:&quot;youtube&quot;,&quot;controls&quot;:&quot;yes&quot;}\" data-widget_type=\"video.default\">\n\t\t\t\t\t\t\t<div class=\"elementor-wrapper elementor-open-inline\">\n\t\t\t<div class=\"elementor-video\"><\/div>\t\t<\/div>\n\t\t\t\t\t\t<\/div>\n\t\t\t\t\t<\/div>\n\t\t\t\t<\/div>\n\t\t<div data-particle_enable=\"false\" data-particle-mobile-disabled=\"false\" class=\"elementor-element elementor-element-a6b15f5 e-flex e-con-boxed e-con e-parent\" data-id=\"a6b15f5\" data-element_type=\"container\" data-e-type=\"container\">\n\t\t\t\t\t<div class=\"e-con-inner\">\n\t\t\t\t<div class=\"elementor-element elementor-element-f968229 elementor-widget elementor-widget-heading\" data-id=\"f968229\" data-element_type=\"widget\" data-e-type=\"widget\" data-widget_type=\"heading.default\">\n\t\t\t\t\t<h2 class=\"elementor-heading-title elementor-size-default\">Conoce m\u00e1s sobre otros temas que te pueden interesar...<\/h2>\t\t\t\t<\/div>\n\t\t\t\t\t<\/div>\n\t\t\t\t<\/div>\n\t\t<div data-particle_enable=\"false\" data-particle-mobile-disabled=\"false\" class=\"elementor-element elementor-element-d8412e5 e-flex e-con-boxed e-con e-parent\" data-id=\"d8412e5\" data-element_type=\"container\" data-e-type=\"container\">\n\t\t\t\t\t<div class=\"e-con-inner\">\n\t\t\t\t<div class=\"elementor-element elementor-element-a6d94fc elementor-grid-eael-col-3 elementor-grid-tablet-eael-col-2 elementor-grid-mobile-eael-col-1 elementor-widget elementor-widget-eael-post-grid\" data-id=\"a6d94fc\" data-element_type=\"widget\" data-e-type=\"widget\" data-settings=\"{&quot;eael_post_grid_columns&quot;:&quot;eael-col-3&quot;,&quot;eael_post_grid_columns_tablet&quot;:&quot;eael-col-2&quot;,&quot;eael_post_grid_columns_mobile&quot;:&quot;eael-col-1&quot;}\" data-widget_type=\"eael-post-grid.default\">\n\t\t\t\t\t<div id=\"eael-post-grid-a6d94fc\" class=\"eael-post-grid-container\">\n            <div class=\"eael-post-grid eael-post-appender eael-post-appender-a6d94fc eael-post-grid-style-one\" data-layout-mode=\"masonry\"><article class=\"eael-grid-post  eael-post-grid-column eael-pg-post-9400 category-bienestar\" data-id=\"9400\">\n        <div class=\"eael-grid-post-holder\">\n            <div class=\"eael-grid-post-holder-inner\"><div class=\"eael-entry-media\"><div class=\"eael-entry-overlay fade-in\"><i class=\"far fa-hand-pointer\" aria-hidden=\"true\"><\/i><a href=\"https:\/\/soymigrante.com\/revista\/la-diabetes-tipo-2-tambien-afecta-a-ninos-y-adolescentes-en-usa-claves-para-enfrentarla\/\"><\/a><\/div><div class=\"eael-entry-thumbnail \">\n                <img decoding=\"async\" width=\"1024\" height=\"1024\" src=\"https:\/\/soymigrante.com\/revista\/wp-content\/uploads\/2024\/09\/diabetes-soy-migrante3-1024x1024.webp\" class=\"attachment-large size-large wp-image-9413\" alt=\"Niveles altos de glucosa en sangre en un paciente diabetic, monitorizaci\u00f3n de az\u00facar en sangre con gluc\u00f3metro y resultado de niveles altos, salud y diabetes.\" srcset=\"https:\/\/soymigrante.com\/revista\/wp-content\/uploads\/2024\/09\/diabetes-soy-migrante3-1024x1024.webp 1024w, https:\/\/soymigrante.com\/revista\/wp-content\/uploads\/2024\/09\/diabetes-soy-migrante3-300x300.webp 300w, https:\/\/soymigrante.com\/revista\/wp-content\/uploads\/2024\/09\/diabetes-soy-migrante3-150x150.webp 150w, https:\/\/soymigrante.com\/revista\/wp-content\/uploads\/2024\/09\/diabetes-soy-migrante3-768x768.webp 768w, https:\/\/soymigrante.com\/revista\/wp-content\/uploads\/2024\/09\/diabetes-soy-migrante3-1536x1536.webp 1536w, https:\/\/soymigrante.com\/revista\/wp-content\/uploads\/2024\/09\/diabetes-soy-migrante3-scaled.webp 1920w, https:\/\/soymigrante.com\/revista\/wp-content\/uploads\/2024\/09\/diabetes-soy-migrante3-75x75.webp 75w, https:\/\/soymigrante.com\/revista\/wp-content\/uploads\/2024\/09\/diabetes-soy-migrante3-750x750.webp 750w, https:\/\/soymigrante.com\/revista\/wp-content\/uploads\/2024\/09\/diabetes-soy-migrante3-1140x1140.webp 1140w\" sizes=\"(max-width: 1024px) 100vw, 1024px\" \/>\n            <\/div>\n        <\/div><div class=\"eael-entry-wrapper\"><header class=\"eael-entry-header\"><h2 class=\"eael-entry-title\"><a class=\"eael-grid-post-link\" href=\"https:\/\/soymigrante.com\/revista\/la-diabetes-tipo-2-tambien-afecta-a-ninos-y-adolescentes-en-usa-claves-para-enfrentarla\/\" title=\"La diabetes tipo 2 tambi\u00e9n afecta a ni\u00f1os y adolescentes en USA: claves para enfrentarla\">La diabetes tipo 2 tambi\u00e9n afecta a ni\u00f1os y adolescentes en USA: claves para enfrentarla<\/a><\/h2><\/header><div class=\"eael-entry-content\">\n                        <div class=\"eael-grid-post-excerpt\"><a href=\"https:\/\/soymigrante.com\/revista\/la-diabetes-tipo-2-tambien-afecta-a-ninos-y-adolescentes-en-usa-claves-para-enfrentarla\/\" class=\"eael-post-elements-readmore-btn\">CONOCE SU HISTORIA <\/a><\/div>\n                    <\/div><\/div><\/div>\n        <\/div>\n    <\/article><article class=\"eael-grid-post  eael-post-grid-column eael-pg-post-9250 category-bienestar\" data-id=\"9250\">\n        <div class=\"eael-grid-post-holder\">\n            <div class=\"eael-grid-post-holder-inner\"><div class=\"eael-entry-media\"><div class=\"eael-entry-overlay fade-in\"><i class=\"far fa-hand-pointer\" aria-hidden=\"true\"><\/i><a href=\"https:\/\/soymigrante.com\/revista\/salud-preventiva-enfermedades-cronicas-afectan-mas-a-hombres-en-usa\/\"><\/a><\/div><div class=\"eael-entry-thumbnail \">\n                <img decoding=\"async\" width=\"1024\" height=\"1024\" src=\"https:\/\/soymigrante.com\/revista\/wp-content\/uploads\/2024\/09\/cheque-medico-hombres-soy-migrante2-1024x1024.webp\" class=\"attachment-large size-large wp-image-9256\" alt=\"Medicamento, consulta m\u00e9dica, tratamiento farmac\u00e9utico, salud, atenci\u00f3n m\u00e9dica.\" srcset=\"https:\/\/soymigrante.com\/revista\/wp-content\/uploads\/2024\/09\/cheque-medico-hombres-soy-migrante2-1024x1024.webp 1024w, https:\/\/soymigrante.com\/revista\/wp-content\/uploads\/2024\/09\/cheque-medico-hombres-soy-migrante2-300x300.webp 300w, https:\/\/soymigrante.com\/revista\/wp-content\/uploads\/2024\/09\/cheque-medico-hombres-soy-migrante2-150x150.webp 150w, https:\/\/soymigrante.com\/revista\/wp-content\/uploads\/2024\/09\/cheque-medico-hombres-soy-migrante2-768x768.webp 768w, https:\/\/soymigrante.com\/revista\/wp-content\/uploads\/2024\/09\/cheque-medico-hombres-soy-migrante2-1536x1536.webp 1536w, https:\/\/soymigrante.com\/revista\/wp-content\/uploads\/2024\/09\/cheque-medico-hombres-soy-migrante2-scaled.webp 1920w, https:\/\/soymigrante.com\/revista\/wp-content\/uploads\/2024\/09\/cheque-medico-hombres-soy-migrante2-75x75.webp 75w, https:\/\/soymigrante.com\/revista\/wp-content\/uploads\/2024\/09\/cheque-medico-hombres-soy-migrante2-750x750.webp 750w, https:\/\/soymigrante.com\/revista\/wp-content\/uploads\/2024\/09\/cheque-medico-hombres-soy-migrante2-1140x1140.webp 1140w\" sizes=\"(max-width: 1024px) 100vw, 1024px\" \/>\n            <\/div>\n        <\/div><div class=\"eael-entry-wrapper\"><header class=\"eael-entry-header\"><h2 class=\"eael-entry-title\"><a class=\"eael-grid-post-link\" href=\"https:\/\/soymigrante.com\/revista\/salud-preventiva-enfermedades-cronicas-afectan-mas-a-hombres-en-usa\/\" title=\"Salud preventiva: Enfermedades cr\u00f3nicas afectan m\u00e1s a hombres en USA\">Salud preventiva: Enfermedades cr\u00f3nicas afectan m\u00e1s a hombres en USA<\/a><\/h2><\/header><div class=\"eael-entry-content\">\n                        <div class=\"eael-grid-post-excerpt\"><a href=\"https:\/\/soymigrante.com\/revista\/salud-preventiva-enfermedades-cronicas-afectan-mas-a-hombres-en-usa\/\" class=\"eael-post-elements-readmore-btn\">CONOCE SU HISTORIA <\/a><\/div>\n                    <\/div><\/div><\/div>\n        <\/div>\n    <\/article><article class=\"eael-grid-post  eael-post-grid-column eael-pg-post-1367 category-bienestar\" data-id=\"1367\">\n        <div class=\"eael-grid-post-holder\">\n            <div class=\"eael-grid-post-holder-inner\"><div class=\"eael-entry-media\"><div class=\"eael-entry-overlay fade-in\"><i class=\"far fa-hand-pointer\" aria-hidden=\"true\"><\/i><a href=\"https:\/\/soymigrante.com\/revista\/claves-de-la-enfermedad-venosa-para-migrantes-guatemaltecos\/\"><\/a><\/div><div class=\"eael-entry-thumbnail \">\n                <img loading=\"lazy\" decoding=\"async\" width=\"1024\" height=\"683\" src=\"https:\/\/soymigrante.com\/revista\/wp-content\/uploads\/2023\/06\/Trabajadores-migrantes-que-permanecen-mucho-tiempo-de-pie-pueden-correr-riesgo-de-enfermedad-venosa-2-1024x683.webp\" class=\"attachment-large size-large wp-image-1369\" alt=\"\" srcset=\"https:\/\/soymigrante.com\/revista\/wp-content\/uploads\/2023\/06\/Trabajadores-migrantes-que-permanecen-mucho-tiempo-de-pie-pueden-correr-riesgo-de-enfermedad-venosa-2-1024x683.webp 1024w, https:\/\/soymigrante.com\/revista\/wp-content\/uploads\/2023\/06\/Trabajadores-migrantes-que-permanecen-mucho-tiempo-de-pie-pueden-correr-riesgo-de-enfermedad-venosa-2-300x200.webp 300w, https:\/\/soymigrante.com\/revista\/wp-content\/uploads\/2023\/06\/Trabajadores-migrantes-que-permanecen-mucho-tiempo-de-pie-pueden-correr-riesgo-de-enfermedad-venosa-2-768x512.webp 768w, https:\/\/soymigrante.com\/revista\/wp-content\/uploads\/2023\/06\/Trabajadores-migrantes-que-permanecen-mucho-tiempo-de-pie-pueden-correr-riesgo-de-enfermedad-venosa-2-1536x1024.webp 1536w, https:\/\/soymigrante.com\/revista\/wp-content\/uploads\/2023\/06\/Trabajadores-migrantes-que-permanecen-mucho-tiempo-de-pie-pueden-correr-riesgo-de-enfermedad-venosa-2-scaled.webp 1920w, https:\/\/soymigrante.com\/revista\/wp-content\/uploads\/2023\/06\/Trabajadores-migrantes-que-permanecen-mucho-tiempo-de-pie-pueden-correr-riesgo-de-enfermedad-venosa-2-750x500.webp 750w, https:\/\/soymigrante.com\/revista\/wp-content\/uploads\/2023\/06\/Trabajadores-migrantes-que-permanecen-mucho-tiempo-de-pie-pueden-correr-riesgo-de-enfermedad-venosa-2-1140x760.webp 1140w, https:\/\/soymigrante.com\/revista\/wp-content\/uploads\/2023\/06\/Trabajadores-migrantes-que-permanecen-mucho-tiempo-de-pie-pueden-correr-riesgo-de-enfermedad-venosa-2-600x400.webp 600w\" sizes=\"(max-width: 1024px) 100vw, 1024px\" \/>\n            <\/div>\n        <\/div><div class=\"eael-entry-wrapper\"><header class=\"eael-entry-header\"><h2 class=\"eael-entry-title\"><a class=\"eael-grid-post-link\" href=\"https:\/\/soymigrante.com\/revista\/claves-de-la-enfermedad-venosa-para-migrantes-guatemaltecos\/\" title=\"Las venas de los migrantes tambi\u00e9n se enferman (y no hay que descuidarlas)\">Las venas de los migrantes tambi\u00e9n se enferman (y no hay que descuidarlas)<\/a><\/h2><\/header><div class=\"eael-entry-content\">\n                        <div class=\"eael-grid-post-excerpt\"><a href=\"https:\/\/soymigrante.com\/revista\/claves-de-la-enfermedad-venosa-para-migrantes-guatemaltecos\/\" class=\"eael-post-elements-readmore-btn\">CONOCE SU HISTORIA <\/a><\/div>\n                    <\/div><\/div><\/div>\n        <\/div>\n    <\/article><\/div>\n            <div class=\"clearfix\"><\/div>\n        <\/div>\t\t\t\t<\/div>\n\t\t\t\t\t<\/div>\n\t\t\t\t<\/div>\n\t\t\t\t<\/div>\n\t\t","protected":false},"excerpt":{"rendered":"<p>El Alzheimer es una enfermedad, pero con la informaci\u00f3n necesaria se pueden reconocer las se\u00f1alas tempranas. En el marco del mes de Concientizaci\u00f3n sobre el Alzheimer, la Coalici\u00f3n de Rhode Island para la Justicia de los Mayores, en colaboraci\u00f3n con la Asociaci\u00f3n de Alzheimer Cap\u00edtulo de Rhode Island, ha organizado dos seminarios web informativos gratuitos [&hellip;]<\/p>\n","protected":false},"author":19,"featured_media":33066,"comment_status":"open","ping_status":"open","sticky":false,"template":"","format":"standard","meta":{"_acf_changed":false,"_eb_attr":"","footnotes":""},"categories":[55],"tags":[],"class_list":["post-33065","post","type-post","status-publish","format-standard","has-post-thumbnail","hentry","category-bienestar"],"acf":[],"aioseo_notices":[],"aioseo_head":"\n\t\t<!-- All in One SEO Pro 4.9.6.2 - aioseo.com -->\n\t<meta name=\"description\" content=\"La enfermedad venosa puede afectar a migrantes cuyos padres la padecieron. El riesgo se agrava si por trabajo deben estar mucho tiempo de pie. El fleb\u00f3logo guatemalteco H\u00e9ctor Stricker expone claves de prevenci\u00f3n y tratamiento. Un padecimiento de v\u00e1rices depende de varios factores: herencia, ocupaci\u00f3n laboral, ejercicio, nutrici\u00f3n, obesidad. Es por ello que no toda\" \/>\n\t<meta name=\"robots\" content=\"max-snippet:-1, max-image-preview:large, max-video-preview:-1\" \/>\n\t<meta name=\"author\" content=\"Gustavo Montenegro\"\/>\n\t<link rel=\"canonical\" href=\"https:\/\/soymigrante.com\/revista\/claves-de-la-enfermedad-venosa-para-migrantes-guatemaltecos\/\" \/>\n\t<meta name=\"generator\" content=\"All in One SEO Pro (AIOSEO) 4.9.6.2\" \/>\n\n\t\t<link rel=\"preconnect\" href=\"https:\/\/fonts.googleapis.com\" crossorigin>\n<link rel=\"preconnect\" href=\"https:\/\/fonts.gstatic.com\" crossorigin>\n\t\t<meta property=\"og:locale\" content=\"es_ES\" \/>\n\t\t<meta property=\"og:site_name\" content=\"SoyMigrante.com REVISTA \u2013 Nuestra misi\u00f3n es reconocer y dignificar al migrante.\" \/>\n\t\t<meta property=\"og:type\" content=\"article\" \/>\n\t\t<meta property=\"og:title\" content=\"Las venas de los migrantes tambi\u00e9n se enferman (y no hay que descuidarlas)\" \/>\n\t\t<meta property=\"og:description\" content=\"La enfermedad venosa puede afectar a migrantes cuyos padres la padecieron. El riesgo se agrava si por trabajo deben estar mucho tiempo de pie. El fleb\u00f3logo guatemalteco H\u00e9ctor Stricker expone claves de prevenci\u00f3n y tratamiento. Un padecimiento de v\u00e1rices depende de varios factores: herencia, ocupaci\u00f3n laboral, ejercicio, nutrici\u00f3n, obesidad. Es por ello que no toda\" \/>\n\t\t<meta property=\"og:url\" content=\"https:\/\/soymigrante.com\/revista\/claves-de-la-enfermedad-venosa-para-migrantes-guatemaltecos\/\" \/>\n\t\t<meta property=\"og:image\" content=\"https:\/\/soymigrante.com\/revista\/wp-content\/uploads\/2023\/06\/Trabajadores-migrantes-que-permanecen-mucho-tiempo-de-pie-pueden-correr-riesgo-de-enfermedad-venosa-2-scaled.webp\" \/>\n\t\t<meta property=\"og:image:secure_url\" content=\"https:\/\/soymigrante.com\/revista\/wp-content\/uploads\/2023\/06\/Trabajadores-migrantes-que-permanecen-mucho-tiempo-de-pie-pueden-correr-riesgo-de-enfermedad-venosa-2-scaled.webp\" \/>\n\t\t<meta property=\"og:image:width\" content=\"1920\" \/>\n\t\t<meta property=\"og:image:height\" content=\"1280\" \/>\n\t\t<meta property=\"article:published_time\" content=\"2023-06-14T06:59:37+00:00\" \/>\n\t\t<meta property=\"article:modified_time\" content=\"2024-08-01T00:38:11+00:00\" \/>\n\t\t<meta property=\"article:publisher\" content=\"https:\/\/www.facebook.com\/soymigrantecom\" \/>\n\t\t<meta name=\"twitter:card\" content=\"summary_large_image\" \/>\n\t\t<meta name=\"twitter:site\" content=\"@SoyMigrante_com\" \/>\n\t\t<meta name=\"twitter:title\" content=\"Las venas de los migrantes tambi\u00e9n se enferman (y no hay que descuidarlas)\" \/>\n\t\t<meta name=\"twitter:description\" content=\"La enfermedad venosa puede afectar a migrantes cuyos padres la padecieron. El riesgo se agrava si por trabajo deben estar mucho tiempo de pie. El fleb\u00f3logo guatemalteco H\u00e9ctor Stricker expone claves de prevenci\u00f3n y tratamiento. Un padecimiento de v\u00e1rices depende de varios factores: herencia, ocupaci\u00f3n laboral, ejercicio, nutrici\u00f3n, obesidad. Es por ello que no toda\" \/>\n\t\t<meta name=\"twitter:creator\" content=\"@SoyMigrante_com\" \/>\n\t\t<meta name=\"twitter:image\" content=\"https:\/\/soymigrante.com\/revista\/wp-content\/uploads\/2023\/06\/Trabajadores-migrantes-que-permanecen-mucho-tiempo-de-pie-pueden-correr-riesgo-de-enfermedad-venosa-2-scaled.webp\" \/>\n\t\t<!-- All in One SEO Pro -->\r\n\t\t<title>Las venas de los migrantes tambi\u00e9n se enferman (y no hay que descuidarlas)<\/title>\n\n","aioseo_head_json":{"title":"Las venas de los migrantes tambi\u00e9n se enferman (y no hay que descuidarlas)","description":"La enfermedad venosa puede afectar a migrantes cuyos padres la padecieron. El riesgo se agrava si por trabajo deben estar mucho tiempo de pie. El fleb\u00f3logo guatemalteco H\u00e9ctor Stricker expone claves de prevenci\u00f3n y tratamiento. Un padecimiento de v\u00e1rices depende de varios factores: herencia, ocupaci\u00f3n laboral, ejercicio, nutrici\u00f3n, obesidad. Es por ello que no toda","canonical_url":"https:\/\/soymigrante.com\/revista\/claves-de-la-enfermedad-venosa-para-migrantes-guatemaltecos\/","robots":"max-snippet:-1, max-image-preview:large, max-video-preview:-1","keywords":"","webmasterTools":{"miscellaneous":"&lt;link rel=\"preconnect\" href=\"https:\/\/fonts.googleapis.com\" crossorigin&gt;\n&lt;link rel=\"preconnect\" href=\"https:\/\/fonts.gstatic.com\" crossorigin&gt;"},"schema":null,"og:locale":"es_ES","og:site_name":"SoyMigrante.com REVISTA \u2013 Nuestra misi\u00f3n es reconocer y dignificar al migrante.","og:type":"article","og:title":"Las venas de los migrantes tambi\u00e9n se enferman (y no hay que descuidarlas)","og:description":"La enfermedad venosa puede afectar a migrantes cuyos padres la padecieron. El riesgo se agrava si por trabajo deben estar mucho tiempo de pie. El fleb\u00f3logo guatemalteco H\u00e9ctor Stricker expone claves de prevenci\u00f3n y tratamiento. Un padecimiento de v\u00e1rices depende de varios factores: herencia, ocupaci\u00f3n laboral, ejercicio, nutrici\u00f3n, obesidad. Es por ello que no toda","og:url":"https:\/\/soymigrante.com\/revista\/claves-de-la-enfermedad-venosa-para-migrantes-guatemaltecos\/","og:image":"https:\/\/soymigrante.com\/revista\/wp-content\/uploads\/2023\/06\/Trabajadores-migrantes-que-permanecen-mucho-tiempo-de-pie-pueden-correr-riesgo-de-enfermedad-venosa-2-scaled.webp","og:image:secure_url":"https:\/\/soymigrante.com\/revista\/wp-content\/uploads\/2023\/06\/Trabajadores-migrantes-que-permanecen-mucho-tiempo-de-pie-pueden-correr-riesgo-de-enfermedad-venosa-2-scaled.webp","og:image:width":1920,"og:image:height":1280,"article:published_time":"2023-06-14T06:59:37+00:00","article:modified_time":"2024-08-01T00:38:11+00:00","article:publisher":"https:\/\/www.facebook.com\/soymigrantecom","twitter:card":"summary_large_image","twitter:site":"@SoyMigrante_com","twitter:title":"Las venas de los migrantes tambi\u00e9n se enferman (y no hay que descuidarlas)","twitter:description":"La enfermedad venosa puede afectar a migrantes cuyos padres la padecieron. El riesgo se agrava si por trabajo deben estar mucho tiempo de pie. El fleb\u00f3logo guatemalteco H\u00e9ctor Stricker expone claves de prevenci\u00f3n y tratamiento. Un padecimiento de v\u00e1rices depende de varios factores: herencia, ocupaci\u00f3n laboral, ejercicio, nutrici\u00f3n, obesidad. Es por ello que no toda","twitter:creator":"@SoyMigrante_com","twitter:image":"https:\/\/soymigrante.com\/revista\/wp-content\/uploads\/2023\/06\/Trabajadores-migrantes-que-permanecen-mucho-tiempo-de-pie-pueden-correr-riesgo-de-enfermedad-venosa-2-scaled.webp"},"aioseo_meta_data":{"post_id":"33065","title":null,"description":"El Alzheimer es una enfermedad degenerativa, pero con la informaci\u00f3n necesaria se pueden reconocer las se\u00f1alas tempranas para empezar a tratarlo a tiempo.","keywords":null,"keyphrases":{"focus":{"keyphrase":"Alzheimer","score":100,"analysis":{"keyphraseInTitle":{"score":9,"maxScore":9,"error":0},"keyphraseInDescription":{"score":9,"maxScore":9,"error":0},"keyphraseLength":{"score":9,"maxScore":9,"error":0,"length":1},"keyphraseInURL":{"score":5,"maxScore":5,"error":0},"keyphraseInIntroduction":{"score":9,"maxScore":9,"error":0},"keyphraseInSubHeadings":{"score":9,"maxScore":9,"error":0},"keyphraseInImageAlt":{"score":9,"maxScore":9,"error":0},"keywordDensity":{"type":"best","score":9,"maxScore":9,"error":0}}},"additional":[{"keyphrase":"Alzheimer","score":100,"analysis":{"keyphraseInDescription":{"score":9,"maxScore":9,"error":0},"keyphraseLength":{"score":9,"maxScore":9,"error":0,"length":1},"keyphraseInIntroduction":{"score":9,"maxScore":9,"error":0},"keyphraseInImageAlt":{"score":9,"maxScore":9,"error":0},"keywordDensity":{"type":"best","score":9,"maxScore":9,"error":0}}}]},"primary_term":null,"canonical_url":null,"og_title":null,"og_description":null,"og_object_type":"default","og_image_type":"default","og_image_url":null,"og_image_width":null,"og_image_height":null,"og_image_custom_url":null,"og_image_custom_fields":null,"og_video":"","og_custom_url":null,"og_article_section":null,"og_article_tags":null,"twitter_use_og":false,"twitter_card":"default","twitter_image_type":"default","twitter_image_url":null,"twitter_image_custom_url":null,"twitter_image_custom_fields":null,"twitter_title":null,"twitter_description":null,"schema":{"blockGraphs":[],"customGraphs":[],"default":{"data":{"Article":[],"Course":[],"Dataset":[],"FAQPage":[],"Movie":[],"Person":[],"Product":[],"ProductReview":[],"Car":[],"Recipe":[],"Service":[],"SoftwareApplication":[],"WebPage":[]},"graphName":"none","isEnabled":true},"graphs":[]},"schema_type":"default","schema_type_options":null,"pillar_content":false,"robots_default":true,"robots_noindex":false,"robots_noarchive":false,"robots_nosnippet":false,"robots_nofollow":false,"robots_noimageindex":false,"robots_noodp":false,"robots_notranslate":false,"robots_max_snippet":"-1","robots_max_videopreview":"-1","robots_max_imagepreview":"large","priority":null,"frequency":"default","local_seo":null,"seo_analyzer_scan_date":"2025-10-09 05:09:12","breadcrumb_settings":null,"limit_modified_date":false,"reviewed_by":null,"open_ai":"{\"title\":{\"suggestions\":[],\"usage\":0},\"description\":{\"suggestions\":[],\"usage\":0}}","ai":null,"created":"2025-05-09 17:42:23","updated":"2026-02-04 23:41:30"},"aioseo_breadcrumb":"<div class=\"aioseo-breadcrumbs\"><span class=\"aioseo-breadcrumb\">\n\t<a href=\"https:\/\/soymigrante.com\/revista\" title=\"Home\">Home<\/a>\n<\/span><span class=\"aioseo-breadcrumb-separator\">\u00bb<\/span><span class=\"aioseo-breadcrumb\">\n\t<a href=\"https:\/\/soymigrante.com\/revista\/category\/bienestar\/\" title=\"Bienestar\">Bienestar<\/a>\n<\/span><span class=\"aioseo-breadcrumb-separator\">\u00bb<\/span><span class=\"aioseo-breadcrumb\">\n\tReconocer las se\u00f1ales tempranas del Alzheimer es vital para poder enfrentarlo de mejor forma\n<\/span><\/div>","aioseo_breadcrumb_json":[{"label":"Home","link":"https:\/\/soymigrante.com\/revista"},{"label":"Bienestar","link":"https:\/\/soymigrante.com\/revista\/category\/bienestar\/"},{"label":"Reconocer las se\u00f1ales tempranas del Alzheimer es vital para poder enfrentarlo de mejor forma","link":"https:\/\/soymigrante.com\/revista\/reconocer-las-senales-tempranas-del-alzheimer-es-vital-para-poder-enfrentarlo-de-mejor-forma\/"}],"_links":{"self":[{"href":"https:\/\/soymigrante.com\/revista\/wp-json\/wp\/v2\/posts\/33065","targetHints":{"allow":["GET"]}}],"collection":[{"href":"https:\/\/soymigrante.com\/revista\/wp-json\/wp\/v2\/posts"}],"about":[{"href":"https:\/\/soymigrante.com\/revista\/wp-json\/wp\/v2\/types\/post"}],"author":[{"embeddable":true,"href":"https:\/\/soymigrante.com\/revista\/wp-json\/wp\/v2\/users\/19"}],"replies":[{"embeddable":true,"href":"https:\/\/soymigrante.com\/revista\/wp-json\/wp\/v2\/comments?post=33065"}],"version-history":[{"count":19,"href":"https:\/\/soymigrante.com\/revista\/wp-json\/wp\/v2\/posts\/33065\/revisions"}],"predecessor-version":[{"id":33412,"href":"https:\/\/soymigrante.com\/revista\/wp-json\/wp\/v2\/posts\/33065\/revisions\/33412"}],"wp:featuredmedia":[{"embeddable":true,"href":"https:\/\/soymigrante.com\/revista\/wp-json\/wp\/v2\/media\/33066"}],"wp:attachment":[{"href":"https:\/\/soymigrante.com\/revista\/wp-json\/wp\/v2\/media?parent=33065"}],"wp:term":[{"taxonomy":"category","embeddable":true,"href":"https:\/\/soymigrante.com\/revista\/wp-json\/wp\/v2\/categories?post=33065"},{"taxonomy":"post_tag","embeddable":true,"href":"https:\/\/soymigrante.com\/revista\/wp-json\/wp\/v2\/tags?post=33065"}],"curies":[{"name":"wp","href":"https:\/\/api.w.org\/{rel}","templated":true}]}}