{"id":33053,"date":"2025-05-09T10:48:27","date_gmt":"2025-05-09T16:48:27","guid":{"rendered":"https:\/\/soymigrante.com\/revista\/?p=33053"},"modified":"2025-05-09T11:05:54","modified_gmt":"2025-05-09T17:05:54","slug":"migrantes-guatemaltecos-catolicos-en-usa-celebran-designacion-del-papa-leon-xiv-nacido-en-chicago","status":"publish","type":"post","link":"https:\/\/soymigrante.com\/revista\/migrantes-guatemaltecos-catolicos-en-usa-celebran-designacion-del-papa-leon-xiv-nacido-en-chicago\/","title":{"rendered":"Migrantes guatemaltecos cat\u00f3licos en USA celebran designaci\u00f3n del papa Le\u00f3n XIV, nacido en Chicago"},"content":{"rendered":"\t\t<div data-elementor-type=\"wp-post\" data-elementor-id=\"33053\" class=\"elementor elementor-33053\" data-elementor-post-type=\"post\">\n\t\t\t\t<div data-particle_enable=\"false\" data-particle-mobile-disabled=\"false\" class=\"elementor-element elementor-element-de547d4 e-flex e-con-boxed e-con e-parent\" data-id=\"de547d4\" data-element_type=\"container\" data-e-type=\"container\">\n\t\t\t\t\t<div class=\"e-con-inner\">\n\t\t\t\t<div class=\"elementor-element elementor-element-dc60a73 elementor-widget elementor-widget-heading\" data-id=\"dc60a73\" data-element_type=\"widget\" data-e-type=\"widget\" data-widget_type=\"heading.default\">\n\t\t\t\t\t<h2 class=\"elementor-heading-title elementor-size-default\">A nadie deja indiferente la elecci\u00f3n del cardenal Robert Prevost, nacido en Chicago, como el nuevo Papa Le\u00f3n XIV, electo apenas en el segundo d\u00eda de c\u00f3nclave. Los migrantes hispanos y guatemaltecos en USA se alegran triple porque habla espa\u00f1ol y es peruano naturalizado.<\/h2>\t\t\t\t<\/div>\n\t\t\t\t\t<\/div>\n\t\t\t\t<\/div>\n\t\t<div data-particle_enable=\"false\" data-particle-mobile-disabled=\"false\" class=\"elementor-element elementor-element-91bd4ae e-flex e-con-boxed e-con e-parent\" data-id=\"91bd4ae\" data-element_type=\"container\" data-e-type=\"container\">\n\t\t\t\t\t<div class=\"e-con-inner\">\n\t\t\t\t<div class=\"elementor-element elementor-element-53c9849 elementor-widget elementor-widget-text-editor\" data-id=\"53c9849\" data-element_type=\"widget\" data-e-type=\"widget\" data-widget_type=\"text-editor.default\">\n\t\t\t\t\t\t\t\t\t<p>La elecci\u00f3n del cardenal Robert Prevost, nacido en Chicago, y de ascendencia multicultural migrante ha sido celebrada por todo el mundo y sobre todo en Estados Unidos. Migrantes guatemaltecos radicados en ese pa\u00eds expresan su alegr\u00eda y esperanzas de un pontificado con bendici\u00f3n al igual que lo fue el del papa Francisco.<\/p><p>&#8220;Me siento muy feliz de que los cat\u00f3licos hispanos en Estados Unidos tengamos al primer papa de este pa\u00eds. Es emocionante tambi\u00e9n saber que tiene la ciudadan\u00eda peruana y que su mam\u00e1 ees de descendencia espa\u00f1ola. \u00bfQu\u00e9 m\u00e1s podemos pedir?&#8221; exclama <a href=\"https:\/\/soymigrante.com\/revista\/migrantes-guatemaltecos-promueven-y-resaltan-la-belleza-de-su-pais\/\">Hilda de Le\u00f3n Xavier, originaria de Quetzaltenango y radicada en Oklahoma,<\/a> en donde dirige un colegio cat\u00f3lico.\u00a0<\/p><p>&#8220;\u00a1Adem\u00e1s habla espa\u00f1ol! Me encanta el nombre que eligi\u00f3: Le\u00f3n XIV, muy significativo y f\u00e1cil de recordar. Recuerdo que el d\u00eda antes de su elecci\u00f3n fui a la Iglesia por 30 minutos para orar por el c\u00f3nclave. En las oraciones ped\u00ed por un l\u00edder que nos represente como comunidad hispana cat\u00f3lica, especialmente en estos tiempos dif\u00edciles para Estados Unidos, Latinoam\u00e9rica y el mundo. Dios sabe por qu\u00e9 lo eligi\u00f3 y nos llena de esperanza&#8221;, agrega De Le\u00f3n Xavier.<\/p>\t\t\t\t\t\t\t\t<\/div>\n\t\t\t\t\t<\/div>\n\t\t\t\t<\/div>\n\t\t<div data-particle_enable=\"false\" data-particle-mobile-disabled=\"false\" class=\"elementor-element elementor-element-6beffff e-flex e-con-boxed e-con e-parent\" data-id=\"6beffff\" data-element_type=\"container\" data-e-type=\"container\">\n\t\t\t\t\t<div class=\"e-con-inner\">\n\t\t\t\t<div class=\"elementor-element elementor-element-e012d0b elementor-widget elementor-widget-html\" data-id=\"e012d0b\" data-element_type=\"widget\" data-e-type=\"widget\" data-widget_type=\"html.default\">\n\t\t\t\t\t<iframe src=\"https:\/\/www.facebook.com\/plugins\/post.php?href=https%3A%2F%2Fwww.facebook.com%2Fpablolpd30%2Fposts%2Fpfbid02cHPej1BGj3wnYGSpV323jp8bvkJbTrM2kgp5fUnM19GUj3XxxVgW3BBFhyQmCYP3l&show_text=true&width=500\" width=\"500\" height=\"694\" style=\"border:none;overflow:hidden\" scrolling=\"no\" frameborder=\"0\" allowfullscreen=\"true\" allow=\"autoplay; clipboard-write; encrypted-media; picture-in-picture; web-share\"><\/iframe>\t\t\t\t<\/div>\n\t\t\t\t\t<\/div>\n\t\t\t\t<\/div>\n\t\t<div data-particle_enable=\"false\" data-particle-mobile-disabled=\"false\" class=\"elementor-element elementor-element-760eac9 e-flex e-con-boxed e-con e-parent\" data-id=\"760eac9\" data-element_type=\"container\" data-e-type=\"container\">\n\t\t\t\t\t<div class=\"e-con-inner\">\n\t\t\t\t<div class=\"elementor-element elementor-element-a7a690e elementor-widget elementor-widget-heading\" data-id=\"a7a690e\" data-element_type=\"widget\" data-e-type=\"widget\" data-widget_type=\"heading.default\">\n\t\t\t\t\t<h3 class=\"elementor-heading-title elementor-size-default\">Fue su profesor en 1991<\/h3>\t\t\t\t<\/div>\n\t\t\t\t\t<\/div>\n\t\t\t\t<\/div>\n\t\t<div data-particle_enable=\"false\" data-particle-mobile-disabled=\"false\" class=\"elementor-element elementor-element-f3c543e e-flex e-con-boxed e-con e-parent\" data-id=\"f3c543e\" data-element_type=\"container\" data-e-type=\"container\">\n\t\t\t\t\t<div class=\"e-con-inner\">\n\t\t\t\t<div class=\"elementor-element elementor-element-6211053 elementor-widget elementor-widget-text-editor\" data-id=\"6211053\" data-element_type=\"widget\" data-e-type=\"widget\" data-widget_type=\"text-editor.default\">\n\t\t\t\t\t\t\t\t\t<p>El migrante guatemalteco <a href=\"https:\/\/soymigrante.com\/revista\/pablo-pineda-un-aliado-humanitario-en-chicago-con-su-restaurante-latin-patio\/\">Pablo Pineda,<\/a> radicado en Chicago, se siente alegre de que el nuevo pont\u00edfice haya nacido en esa misma ciudad. No lo recordaba, pero un compa\u00f1ero de estudios teologalees le record\u00f3 que en el Instituto Teol\u00f3gico de Am\u00e9rica Central, en 1991, recibieron clases de un padre agustino llamado Robert Prevost.<\/p><p>&#8220;Honestamente yo no me recuerdo&#8230; pero dice mi amigo quien ahora es sacerdote, que s\u00ed fue \u00e9l quien nos di\u00f3 un semestre y luego lo mandaron\u00a0 a Nicaragua para posteriromente enviarlo a Per\u00fa. comenta <a href=\"https:\/\/soymigrante.com\/revista\/pablo-pineda-un-aliado-humanitario-en-chicago-con-su-restaurante-latin-patio\/\">Pablo.<\/a><\/p>\t\t\t\t\t\t\t\t<\/div>\n\t\t\t\t\t<\/div>\n\t\t\t\t<\/div>\n\t\t<div data-particle_enable=\"false\" data-particle-mobile-disabled=\"false\" class=\"elementor-element elementor-element-33cab62 e-flex e-con-boxed e-con e-parent\" data-id=\"33cab62\" data-element_type=\"container\" data-e-type=\"container\">\n\t\t\t\t\t<div class=\"e-con-inner\">\n\t\t\t\t<div class=\"elementor-element elementor-element-734b726 elementor-widget elementor-widget-heading\" data-id=\"734b726\" data-element_type=\"widget\" data-e-type=\"widget\" data-widget_type=\"heading.default\">\n\t\t\t\t\t<h3 class=\"elementor-heading-title elementor-size-default\">Transmiti\u00f3 el anuncio Habemus Papam<\/h3>\t\t\t\t<\/div>\n\t\t\t\t\t<\/div>\n\t\t\t\t<\/div>\n\t\t<div data-particle_enable=\"false\" data-particle-mobile-disabled=\"false\" class=\"elementor-element elementor-element-7bb4606 e-flex e-con-boxed e-con e-parent\" data-id=\"7bb4606\" data-element_type=\"container\" data-e-type=\"container\">\n\t\t\t\t\t<div class=\"e-con-inner\">\n\t\t\t\t<div class=\"elementor-element elementor-element-4990d18 elementor-widget elementor-widget-html\" data-id=\"4990d18\" data-element_type=\"widget\" data-e-type=\"widget\" data-widget_type=\"html.default\">\n\t\t\t\t\t<iframe src=\"https:\/\/www.facebook.com\/plugins\/video.php?height=476&href=https%3A%2F%2Fwww.facebook.com%2F100014117618251%2Fvideos%2F720024403880986%2F&show_text=false&width=267&t=0\" width=\"267\" height=\"476\" style=\"border:none;overflow:hidden\" scrolling=\"no\" frameborder=\"0\" allowfullscreen=\"true\" allow=\"autoplay; clipboard-write; encrypted-media; picture-in-picture; web-share\" allowFullScreen=\"true\"><\/iframe>\t\t\t\t<\/div>\n\t\t\t\t\t<\/div>\n\t\t\t\t<\/div>\n\t\t<div data-particle_enable=\"false\" data-particle-mobile-disabled=\"false\" class=\"elementor-element elementor-element-9eb7ec3 e-flex e-con-boxed e-con e-parent\" data-id=\"9eb7ec3\" data-element_type=\"container\" data-e-type=\"container\">\n\t\t\t\t\t<div class=\"e-con-inner\">\n\t\t\t\t<div class=\"elementor-element elementor-element-7f48c57 elementor-widget elementor-widget-text-editor\" data-id=\"7f48c57\" data-element_type=\"widget\" data-e-type=\"widget\" data-widget_type=\"text-editor.default\">\n\t\t\t\t\t\t\t\t\t<p><a href=\"https:\/\/soymigrante.com\/revista\/melvin-falla-migrante-guatemalteco-locutor-radio-solidaridad-minnesota\/\">Melvin Falla,<\/a> comunicador guatemalteco y migrante radicado en Minnesota, hizo un live de Facebook con la pantalla de su TV en los momentos que se anunciaba la elecci\u00f3n del cardenal Prevost, ahora Le\u00f3n XIV. &#8220;Me siento muy feliz de que otra vez haya sido electo un papa proveniente de Am\u00e9rica. Por doble raz\u00f3n, porque naci\u00f3 en Estados Unidos, aqu\u00ed donde vivimos, y porque tambi\u00e9n tiene lazos fuertes con Latinoam\u00e9rica. Nosotros como centroamericanos debemos sentirnos orgullosos&#8221;, dijo Melvin.<\/p>\t\t\t\t\t\t\t\t<\/div>\n\t\t\t\t\t<\/div>\n\t\t\t\t<\/div>\n\t\t<div data-particle_enable=\"false\" data-particle-mobile-disabled=\"false\" class=\"elementor-element elementor-element-0727675 e-flex e-con-boxed e-con e-parent\" data-id=\"0727675\" data-element_type=\"container\" data-e-type=\"container\">\n\t\t\t\t\t<div class=\"e-con-inner\">\n\t\t\t\t<div class=\"elementor-element elementor-element-a146100 elementor-widget elementor-widget-heading\" data-id=\"a146100\" data-element_type=\"widget\" data-e-type=\"widget\" data-widget_type=\"heading.default\">\n\t\t\t\t\t<h3 class=\"elementor-heading-title elementor-size-default\">Solicitar\u00e1n una audiencia con el nuevo papa<\/h3>\t\t\t\t<\/div>\n\t\t\t\t\t<\/div>\n\t\t\t\t<\/div>\n\t\t<div data-particle_enable=\"false\" data-particle-mobile-disabled=\"false\" class=\"elementor-element elementor-element-41f98a7 e-flex e-con-boxed e-con e-parent\" data-id=\"41f98a7\" data-element_type=\"container\" data-e-type=\"container\">\n\t\t\t\t\t<div class=\"e-con-inner\">\n\t\t\t\t<div class=\"elementor-element elementor-element-0110170 elementor-widget elementor-widget-text-editor\" data-id=\"0110170\" data-element_type=\"widget\" data-e-type=\"widget\" data-widget_type=\"text-editor.default\">\n\t\t\t\t\t\t\t\t\t<p>&#8220;Para nosotros los migrantes (la elecci\u00f3n del nuevo papa Le\u00f3n XIV, nacido en Estados Unidos) representa mucho. Un pap\u00e1 que.habla espa\u00f1ol y que vivi\u00f3 en Per\u00fa, que conoce los dolores de Latinoam\u00e9rica, es incre\u00edble&#8221;, dice <a href=\"https:\/\/soymigrante.com\/revista\/walter-batres-presidente-red-migrante-guatemalteca-experiencia-los-angeles\/\">Walter Batres, presidente de la Red Migrante Guatemalteca.<\/a><\/p><p>&#8220;Desde ya planearemos un viaje con solicitud de audiencia papal\u00a0 para solicitar su apoyo para seguir solicitando un alivio migratorio para los guatemaltecos migrantes en Estados Unidos&#8221;, agreg\u00f3.<\/p>\t\t\t\t\t\t\t\t<\/div>\n\t\t\t\t\t<\/div>\n\t\t\t\t<\/div>\n\t\t<div data-particle_enable=\"false\" data-particle-mobile-disabled=\"false\" class=\"elementor-element elementor-element-8daa297 e-flex e-con-boxed e-con e-parent\" data-id=\"8daa297\" data-element_type=\"container\" data-e-type=\"container\">\n\t\t\t\t\t<div class=\"e-con-inner\">\n\t\t\t\t<div class=\"elementor-element elementor-element-b24fca7 elementor-widget elementor-widget-heading\" data-id=\"b24fca7\" data-element_type=\"widget\" data-e-type=\"widget\" data-widget_type=\"heading.default\">\n\t\t\t\t\t<h3 class=\"elementor-heading-title elementor-size-default\">Una reflexi\u00f3n ante el anuncio de nuevo papa<\/h3>\t\t\t\t<\/div>\n\t\t\t\t\t<\/div>\n\t\t\t\t<\/div>\n\t\t<div data-particle_enable=\"false\" data-particle-mobile-disabled=\"false\" class=\"elementor-element elementor-element-3bccb47 e-flex e-con-boxed e-con e-parent\" data-id=\"3bccb47\" data-element_type=\"container\" data-e-type=\"container\">\n\t\t\t\t\t<div class=\"e-con-inner\">\n\t\t\t\t<div class=\"elementor-element elementor-element-a6fc4fc elementor-widget elementor-widget-image\" data-id=\"a6fc4fc\" data-element_type=\"widget\" data-e-type=\"widget\" data-widget_type=\"image.default\">\n\t\t\t\t\t\t\t\t\t\t\t\t\t\t\t<img fetchpriority=\"high\" decoding=\"async\" width=\"768\" height=\"610\" src=\"https:\/\/soymigrante.com\/revista\/wp-content\/uploads\/2025\/05\/post-migrante-guatemalteco-minnesota.webp\" class=\"attachment-large size-large wp-image-33058\" alt=\"P\u00e1jaros en un tejado con humo y cables el\u00e9ctricos, s\u00edmbolo de momentos de reflexi\u00f3n en Am\u00e9rica Latina, relacionadas con temas de migraci\u00f3n y liderazgo espiritual en la revista SoyMigrante.com REVISTA.\" srcset=\"https:\/\/soymigrante.com\/revista\/wp-content\/uploads\/2025\/05\/post-migrante-guatemalteco-minnesota.webp 898w, https:\/\/soymigrante.com\/revista\/wp-content\/uploads\/2025\/05\/post-migrante-guatemalteco-minnesota-300x238.png 300w, https:\/\/soymigrante.com\/revista\/wp-content\/uploads\/2025\/05\/post-migrante-guatemalteco-minnesota-768x610.png 768w, https:\/\/soymigrante.com\/revista\/wp-content\/uploads\/2025\/05\/post-migrante-guatemalteco-minnesota-750x595.png 750w\" sizes=\"(max-width: 768px) 100vw, 768px\" title=\"post migrante guatemalteco minnesota \u2013 SoyMigrante.com REVISTA\" \/>\t\t\t\t\t\t\t\t\t\t\t\t\t\t\t<\/div>\n\t\t\t\t\t<\/div>\n\t\t\t\t<\/div>\n\t\t<div data-particle_enable=\"false\" data-particle-mobile-disabled=\"false\" class=\"elementor-element elementor-element-7e86700 e-flex e-con-boxed e-con e-parent\" data-id=\"7e86700\" data-element_type=\"container\" data-e-type=\"container\">\n\t\t\t\t\t<div class=\"e-con-inner\">\n\t\t\t\t<div class=\"elementor-element elementor-element-14abb22 elementor-widget elementor-widget-text-editor\" data-id=\"14abb22\" data-element_type=\"widget\" data-e-type=\"widget\" data-widget_type=\"text-editor.default\">\n\t\t\t\t\t\t\t\t\t<p><a href=\"https:\/\/soymigrante.com\/revista\/revolucion-avicola-impulsa-guatemalteco-reginaldo-marroquin-en-minnesota\/\">Reginaldo Hasslet-Marroqu\u00edn, <\/a>radicado en Minnesota y quien impulsa la revoluci\u00f3n av\u00edcola a trav\u00e9s de m\u00e9todos sostenibles de crianza, ante el anuncio del nuevo papa anhel\u00f3 que el nuevo pont\u00edfice contin\u00fae la l\u00ednea de su antecesor:&nbsp;<\/p>\n<p>&#8220;Esto merece ser seguido y honrado. En una \u00e9poca en la que las potencias mundiales luchan por el derecho a destruir y seguir extrayendo los recursos del mundo hasta dejarlo limpio, el Papa Francisco mostr\u00f3 al mundo que una vida simple (en todos los sentidos) puede vivirse siendo uno de los grandes l\u00edderes del planeta. De hecho, es el \u00fanico tipo de liderazgo terrenal que vale la pena seguir y al que vale la pena ser leal&#8221;.<\/p>\n<p data-start=\"476\" data-end=\"1012\">&#8220;El sucesor tiene los zapatos m\u00e1s grandes por llenar. Y si eligieron al adecuado, seguramente seguir\u00e1 siendo una de las voces l\u00edderes en la oposici\u00f3n a la inmensa tormenta de fuerzas oscuras (pol\u00edticas y econ\u00f3micas) que emergen por todo el mundo&#8221;, plante\u00f3 <a href=\"https:\/\/soymigrante.com\/revista\/revolucion-avicola-impulsa-guatemalteco-reginaldo-marroquin-en-minnesota\/\">Reginaldo, guatemalteco originario de Chimaltenango.<\/a><\/p>\n<p data-start=\"1014\" data-end=\"1495\">&#8220;Necesitamos alzarnos contra los &#8216;cristianos anticristo&#8217; que fingen en el ojo p\u00fablico y se aprovechan de aquellos que est\u00e1n parados sobre arena cuando se trata de nuestro derecho a una base espiritual propia. Esa base nacida desde dentro, que nos impulsa a defender el derecho a vivir como humanos libres de miedo, represi\u00f3n y explotaci\u00f3n, y a la responsabilidad mutua y obligaci\u00f3n de vivir y dejar vivir, de oponerse y luchar contra reg\u00edmenes represivos, y desmantelar las estructuras y sistemas que los hacen posibles&#8221;.<\/p>\t\t\t\t\t\t\t\t<\/div>\n\t\t\t\t\t<\/div>\n\t\t\t\t<\/div>\n\t\t<div data-particle_enable=\"false\" data-particle-mobile-disabled=\"false\" class=\"elementor-element elementor-element-61ace45 e-flex e-con-boxed e-con e-parent\" data-id=\"61ace45\" data-element_type=\"container\" data-e-type=\"container\">\n\t\t\t\t\t<div class=\"e-con-inner\">\n\t\t\t\t<div class=\"elementor-element elementor-element-3f26d17 elementor-widget elementor-widget-heading\" data-id=\"3f26d17\" data-element_type=\"widget\" data-e-type=\"widget\" data-widget_type=\"heading.default\">\n\t\t\t\t\t<h2 class=\"elementor-heading-title elementor-size-default\">La fe mueve monta\u00f1as<\/h2>\t\t\t\t<\/div>\n\t\t\t\t\t<\/div>\n\t\t\t\t<\/div>\n\t\t<div data-particle_enable=\"false\" data-particle-mobile-disabled=\"false\" class=\"elementor-element elementor-element-1802b7a e-flex e-con-boxed e-con e-parent\" data-id=\"1802b7a\" data-element_type=\"container\" data-e-type=\"container\">\n\t\t\t\t\t<div class=\"e-con-inner\">\n\t\t\t\t<div class=\"elementor-element elementor-element-31e4a6e elementor-grid-eael-col-3 elementor-grid-tablet-eael-col-2 elementor-grid-mobile-eael-col-1 elementor-widget elementor-widget-eael-post-grid\" data-id=\"31e4a6e\" data-element_type=\"widget\" data-e-type=\"widget\" data-settings=\"{&quot;eael_post_grid_columns&quot;:&quot;eael-col-3&quot;,&quot;eael_post_grid_columns_tablet&quot;:&quot;eael-col-2&quot;,&quot;eael_post_grid_columns_mobile&quot;:&quot;eael-col-1&quot;}\" data-widget_type=\"eael-post-grid.default\">\n\t\t\t\t\t<div id=\"eael-post-grid-31e4a6e\" class=\"eael-post-grid-container\">\n            <div class=\"eael-post-grid eael-post-appender eael-post-appender-31e4a6e eael-post-grid-style-one\" data-layout-mode=\"masonry\"><article class=\"eael-grid-post  eael-post-grid-column eael-pg-post-4383 category-estamos-unidos\" data-id=\"4383\">\n        <div class=\"eael-grid-post-holder\">\n            <div class=\"eael-grid-post-holder-inner\"><div class=\"eael-entry-media\"><div class=\"eael-entry-overlay fade-in\"><i class=\"far fa-hand-pointer\" aria-hidden=\"true\"><\/i><a href=\"https:\/\/soymigrante.com\/revista\/parroquias-estados-unidos-festejan-dia-del-cristo-de-esquipulas\/\"><\/a><\/div><div class=\"eael-entry-thumbnail \">\n                <img decoding=\"async\" width=\"720\" height=\"720\" src=\"https:\/\/soymigrante.com\/revista\/wp-content\/uploads\/2025\/01\/santo-cristo-esquipulas-en-hawthorne-California.webp\" class=\"attachment-large size-large wp-image-20377\" alt=\"Cristo crucificado en exhibici\u00f3n en un museo con visitantes, representaci\u00f3n religiosa, arte sacro, cultura mexicana, historia religiosa, turismo espiritual, celebrar tradiciones, patrimonio cultural, arte religioso, comunidad cat\u00f3lica.\" srcset=\"https:\/\/soymigrante.com\/revista\/wp-content\/uploads\/2025\/01\/santo-cristo-esquipulas-en-hawthorne-California.webp 720w, https:\/\/soymigrante.com\/revista\/wp-content\/uploads\/2025\/01\/santo-cristo-esquipulas-en-hawthorne-California-300x300.jpg 300w, https:\/\/soymigrante.com\/revista\/wp-content\/uploads\/2025\/01\/santo-cristo-esquipulas-en-hawthorne-California-150x150.jpg 150w, https:\/\/soymigrante.com\/revista\/wp-content\/uploads\/2025\/01\/santo-cristo-esquipulas-en-hawthorne-California-75x75.webp 75w\" sizes=\"(max-width: 720px) 100vw, 720px\" \/>\n            <\/div>\n        <\/div><div class=\"eael-entry-wrapper\"><header class=\"eael-entry-header\"><h2 class=\"eael-entry-title\"><a class=\"eael-grid-post-link\" href=\"https:\/\/soymigrante.com\/revista\/parroquias-estados-unidos-festejan-dia-del-cristo-de-esquipulas\/\" title=\"\u00bfEn qu\u00e9 iglesias de USA se venera al Cristo de Esquipulas? Listado y ubicaci\u00f3n\">\u00bfEn qu\u00e9 iglesias de USA se venera al Cristo de Esquipulas? Listado y ubicaci\u00f3n<\/a><\/h2><\/header><div class=\"eael-entry-content\">\n                        <div class=\"eael-grid-post-excerpt\"><a href=\"https:\/\/soymigrante.com\/revista\/parroquias-estados-unidos-festejan-dia-del-cristo-de-esquipulas\/\" class=\"eael-post-elements-readmore-btn\">CONOCE SU HISTORIA <\/a><\/div>\n                    <\/div><\/div><\/div>\n        <\/div>\n    <\/article><article class=\"eael-grid-post  eael-post-grid-column eael-pg-post-19227 category-estamos-unidos\" data-id=\"19227\">\n        <div class=\"eael-grid-post-holder\">\n            <div class=\"eael-grid-post-holder-inner\"><div class=\"eael-entry-media\"><div class=\"eael-entry-overlay fade-in\"><i class=\"far fa-hand-pointer\" aria-hidden=\"true\"><\/i><a href=\"https:\/\/soymigrante.com\/revista\/cristo-mojado-de-esquipulas-los-angeles\/\"><\/a><\/div><div class=\"eael-entry-thumbnail \">\n                <img decoding=\"async\" width=\"586\" height=\"586\" src=\"https:\/\/soymigrante.com\/revista\/wp-content\/uploads\/2025\/01\/cristo-mojado-los-angeles-12.webp\" class=\"attachment-large size-large wp-image-19228\" alt=\"Procesi\u00f3n de Semana Santa en una iglesia hist\u00f3rica con fieles participando y portando pasos religiosos en la ciudad.\" srcset=\"https:\/\/soymigrante.com\/revista\/wp-content\/uploads\/2025\/01\/cristo-mojado-los-angeles-12.webp 586w, https:\/\/soymigrante.com\/revista\/wp-content\/uploads\/2025\/01\/cristo-mojado-los-angeles-12-300x300.jpg 300w, https:\/\/soymigrante.com\/revista\/wp-content\/uploads\/2025\/01\/cristo-mojado-los-angeles-12-150x150.jpg 150w, https:\/\/soymigrante.com\/revista\/wp-content\/uploads\/2025\/01\/cristo-mojado-los-angeles-12-75x75.webp 75w\" sizes=\"(max-width: 586px) 100vw, 586px\" \/>\n            <\/div>\n        <\/div><div class=\"eael-entry-wrapper\"><header class=\"eael-entry-header\"><h2 class=\"eael-entry-title\"><a class=\"eael-grid-post-link\" href=\"https:\/\/soymigrante.com\/revista\/cristo-mojado-de-esquipulas-los-angeles\/\" title=\"Cristo Mojado de Esquipulas es venerado en Los Angeles y cruz\u00f3 la frontera en 2003\">Cristo Mojado de Esquipulas es venerado en Los Angeles y cruz\u00f3 la frontera en 2003<\/a><\/h2><\/header><div class=\"eael-entry-content\">\n                        <div class=\"eael-grid-post-excerpt\"><a href=\"https:\/\/soymigrante.com\/revista\/cristo-mojado-de-esquipulas-los-angeles\/\" class=\"eael-post-elements-readmore-btn\">CONOCE SU HISTORIA <\/a><\/div>\n                    <\/div><\/div><\/div>\n        <\/div>\n    <\/article><article class=\"eael-grid-post  eael-post-grid-column eael-pg-post-2715 category-guate-nuestra tags-en-familia\" data-id=\"2715\">\n        <div class=\"eael-grid-post-holder\">\n            <div class=\"eael-grid-post-holder-inner\"><div class=\"eael-entry-media\"><div class=\"eael-entry-overlay fade-in\"><i class=\"far fa-hand-pointer\" aria-hidden=\"true\"><\/i><a href=\"https:\/\/soymigrante.com\/revista\/la-fe-de-las-familias-acompana-a-migrantes-guatemaltecos-que-buscan-salir-adelante\/\"><\/a><\/div><div class=\"eael-entry-thumbnail \">\n                <img loading=\"lazy\" decoding=\"async\" width=\"1024\" height=\"682\" src=\"https:\/\/soymigrante.com\/revista\/wp-content\/uploads\/2023\/09\/Las-celebraciones-de-misa-acuden-familiares-madres-esposas-e-hijos-de-migrantes-guatemaltecos-1024x682.webp\" class=\"attachment-large size-large wp-image-2725\" alt=\"Las celebraciones de misa acuden familiares madres, esposas e hijos de migrantes guatemaltecos\" srcset=\"https:\/\/soymigrante.com\/revista\/wp-content\/uploads\/2023\/09\/Las-celebraciones-de-misa-acuden-familiares-madres-esposas-e-hijos-de-migrantes-guatemaltecos-1024x682.webp 1024w, https:\/\/soymigrante.com\/revista\/wp-content\/uploads\/2023\/09\/Las-celebraciones-de-misa-acuden-familiares-madres-esposas-e-hijos-de-migrantes-guatemaltecos-300x200.webp 300w, https:\/\/soymigrante.com\/revista\/wp-content\/uploads\/2023\/09\/Las-celebraciones-de-misa-acuden-familiares-madres-esposas-e-hijos-de-migrantes-guatemaltecos-768x512.webp 768w, https:\/\/soymigrante.com\/revista\/wp-content\/uploads\/2023\/09\/Las-celebraciones-de-misa-acuden-familiares-madres-esposas-e-hijos-de-migrantes-guatemaltecos-1536x1023.webp 1536w, https:\/\/soymigrante.com\/revista\/wp-content\/uploads\/2023\/09\/Las-celebraciones-de-misa-acuden-familiares-madres-esposas-e-hijos-de-migrantes-guatemaltecos-750x500.webp 750w, https:\/\/soymigrante.com\/revista\/wp-content\/uploads\/2023\/09\/Las-celebraciones-de-misa-acuden-familiares-madres-esposas-e-hijos-de-migrantes-guatemaltecos-1140x760.webp 1140w, https:\/\/soymigrante.com\/revista\/wp-content\/uploads\/2023\/09\/Las-celebraciones-de-misa-acuden-familiares-madres-esposas-e-hijos-de-migrantes-guatemaltecos-600x400.webp 600w, https:\/\/soymigrante.com\/revista\/wp-content\/uploads\/2023\/09\/Las-celebraciones-de-misa-acuden-familiares-madres-esposas-e-hijos-de-migrantes-guatemaltecos.webp 1600w\" sizes=\"(max-width: 1024px) 100vw, 1024px\" \/>\n            <\/div>\n        <\/div><div class=\"eael-entry-wrapper\"><header class=\"eael-entry-header\"><h2 class=\"eael-entry-title\"><a class=\"eael-grid-post-link\" href=\"https:\/\/soymigrante.com\/revista\/la-fe-de-las-familias-acompana-a-migrantes-guatemaltecos-que-buscan-salir-adelante\/\" title=\"La fe de las familias acompa\u00f1a a migrantes guatemaltecos que buscan salir adelante\">La fe de las familias acompa\u00f1a a migrantes guatemaltecos que buscan salir adelante<\/a><\/h2><\/header><div class=\"eael-entry-content\">\n                        <div class=\"eael-grid-post-excerpt\"><a href=\"https:\/\/soymigrante.com\/revista\/la-fe-de-las-familias-acompana-a-migrantes-guatemaltecos-que-buscan-salir-adelante\/\" class=\"eael-post-elements-readmore-btn\">CONOCE SU HISTORIA <\/a><\/div>\n                    <\/div><\/div><\/div>\n        <\/div>\n    <\/article><\/div>\n            <div class=\"clearfix\"><\/div>\n        <\/div>\t\t\t\t<\/div>\n\t\t\t\t\t<\/div>\n\t\t\t\t<\/div>\n\t\t\t\t<\/div>\n\t\t","protected":false},"excerpt":{"rendered":"<p>A nadie deja indiferente la elecci\u00f3n del cardenal Robert Prevost, nacido en Chicago, como el nuevo Papa Le\u00f3n XIV, electo apenas en el segundo d\u00eda de c\u00f3nclave. Los migrantes hispanos y guatemaltecos en USA se alegran triple porque habla espa\u00f1ol y es peruano naturalizado. La elecci\u00f3n del cardenal Robert Prevost, nacido en Chicago, y de [&hellip;]<\/p>\n","protected":false},"author":7,"featured_media":33054,"comment_status":"open","ping_status":"open","sticky":false,"template":"","format":"standard","meta":{"_acf_changed":false,"_eb_attr":"","footnotes":""},"categories":[54],"tags":[],"class_list":["post-33053","post","type-post","status-publish","format-standard","has-post-thumbnail","hentry","category-estamos-unidos"],"acf":[],"aioseo_notices":[],"aioseo_head":"\n\t\t<!-- All in One SEO Pro 4.9.6.2 - aioseo.com -->\n\t<meta name=\"description\" content=\"El apoyo y aporte de migrantes guatemaltecos para las familias en Guatemala durante las ferias patronales muestran un significado de fe y devoci\u00f3n.\" \/>\n\t<meta name=\"robots\" content=\"max-snippet:-1, max-image-preview:large, max-video-preview:-1\" \/>\n\t<meta name=\"author\" content=\"Diana Batz\"\/>\n\t<link rel=\"canonical\" href=\"https:\/\/soymigrante.com\/revista\/la-fe-de-las-familias-acompana-a-migrantes-guatemaltecos-que-buscan-salir-adelante\/\" \/>\n\t<meta name=\"generator\" content=\"All in One SEO Pro (AIOSEO) 4.9.6.2\" \/>\n\n\t\t<link rel=\"preconnect\" href=\"https:\/\/fonts.googleapis.com\" crossorigin>\n<link rel=\"preconnect\" href=\"https:\/\/fonts.gstatic.com\" crossorigin>\n\t\t<meta property=\"og:locale\" content=\"es_ES\" \/>\n\t\t<meta property=\"og:site_name\" content=\"SoyMigrante.com REVISTA \u2013 Nuestra misi\u00f3n es reconocer y dignificar al migrante.\" \/>\n\t\t<meta property=\"og:type\" content=\"article\" \/>\n\t\t<meta property=\"og:title\" content=\"La fe de las familias acompa\u00f1a a migrantes guatemaltecos que buscan salir adelante\" \/>\n\t\t<meta property=\"og:description\" content=\"El apoyo y aporte de migrantes guatemaltecos para las familias en Guatemala durante las ferias patronales muestran un significado de fe y devoci\u00f3n.\" \/>\n\t\t<meta property=\"og:url\" content=\"https:\/\/soymigrante.com\/revista\/la-fe-de-las-familias-acompana-a-migrantes-guatemaltecos-que-buscan-salir-adelante\/\" \/>\n\t\t<meta property=\"og:image\" content=\"https:\/\/soymigrante.com\/revista\/wp-content\/uploads\/2023\/09\/Las-celebraciones-de-misa-acuden-familiares-madres-esposas-e-hijos-de-migrantes-guatemaltecos.webp\" \/>\n\t\t<meta property=\"og:image:secure_url\" content=\"https:\/\/soymigrante.com\/revista\/wp-content\/uploads\/2023\/09\/Las-celebraciones-de-misa-acuden-familiares-madres-esposas-e-hijos-de-migrantes-guatemaltecos.webp\" \/>\n\t\t<meta property=\"og:image:width\" content=\"1600\" \/>\n\t\t<meta property=\"og:image:height\" content=\"1066\" \/>\n\t\t<meta property=\"article:published_time\" content=\"2023-09-28T13:29:52+00:00\" \/>\n\t\t<meta property=\"article:modified_time\" content=\"2025-08-28T05:43:35+00:00\" \/>\n\t\t<meta property=\"article:publisher\" content=\"https:\/\/www.facebook.com\/soymigrantecom\" \/>\n\t\t<meta name=\"twitter:card\" content=\"summary_large_image\" \/>\n\t\t<meta name=\"twitter:site\" content=\"@SoyMigrante_com\" \/>\n\t\t<meta name=\"twitter:title\" content=\"La fe de las familias acompa\u00f1a a migrantes guatemaltecos que buscan salir adelante\" \/>\n\t\t<meta name=\"twitter:description\" content=\"El apoyo y aporte de migrantes guatemaltecos para las familias en Guatemala durante las ferias patronales muestran un significado de fe y devoci\u00f3n.\" \/>\n\t\t<meta name=\"twitter:creator\" content=\"@SoyMigrante_com\" \/>\n\t\t<meta name=\"twitter:image\" content=\"https:\/\/soymigrante.com\/revista\/wp-content\/uploads\/2023\/09\/Las-celebraciones-de-misa-acuden-familiares-madres-esposas-e-hijos-de-migrantes-guatemaltecos.webp\" \/>\n\t\t<!-- All in One SEO Pro -->\r\n\t\t<title>La fe de las familias acompa\u00f1a a migrantes guatemaltecos que buscan salir adelante<\/title>\n\n","aioseo_head_json":{"title":"La fe de las familias acompa\u00f1a a migrantes guatemaltecos que buscan salir adelante","description":"El apoyo y aporte de migrantes guatemaltecos para las familias en Guatemala durante las ferias patronales muestran un significado de fe y devoci\u00f3n.","canonical_url":"https:\/\/soymigrante.com\/revista\/la-fe-de-las-familias-acompana-a-migrantes-guatemaltecos-que-buscan-salir-adelante\/","robots":"max-snippet:-1, max-image-preview:large, max-video-preview:-1","keywords":"","webmasterTools":{"miscellaneous":"&lt;link rel=\"preconnect\" href=\"https:\/\/fonts.googleapis.com\" crossorigin&gt;\n&lt;link rel=\"preconnect\" href=\"https:\/\/fonts.gstatic.com\" crossorigin&gt;"},"schema":null,"og:locale":"es_ES","og:site_name":"SoyMigrante.com REVISTA \u2013 Nuestra misi\u00f3n es reconocer y dignificar al migrante.","og:type":"article","og:title":"La fe de las familias acompa\u00f1a a migrantes guatemaltecos que buscan salir adelante","og:description":"El apoyo y aporte de migrantes guatemaltecos para las familias en Guatemala durante las ferias patronales muestran un significado de fe y devoci\u00f3n.","og:url":"https:\/\/soymigrante.com\/revista\/la-fe-de-las-familias-acompana-a-migrantes-guatemaltecos-que-buscan-salir-adelante\/","og:image":"https:\/\/soymigrante.com\/revista\/wp-content\/uploads\/2023\/09\/Las-celebraciones-de-misa-acuden-familiares-madres-esposas-e-hijos-de-migrantes-guatemaltecos.webp","og:image:secure_url":"https:\/\/soymigrante.com\/revista\/wp-content\/uploads\/2023\/09\/Las-celebraciones-de-misa-acuden-familiares-madres-esposas-e-hijos-de-migrantes-guatemaltecos.webp","og:image:width":1600,"og:image:height":1066,"article:published_time":"2023-09-28T13:29:52+00:00","article:modified_time":"2025-08-28T05:43:35+00:00","article:publisher":"https:\/\/www.facebook.com\/soymigrantecom","twitter:card":"summary_large_image","twitter:site":"@SoyMigrante_com","twitter:title":"La fe de las familias acompa\u00f1a a migrantes guatemaltecos que buscan salir adelante","twitter:description":"El apoyo y aporte de migrantes guatemaltecos para las familias en Guatemala durante las ferias patronales muestran un significado de fe y devoci\u00f3n.","twitter:creator":"@SoyMigrante_com","twitter:image":"https:\/\/soymigrante.com\/revista\/wp-content\/uploads\/2023\/09\/Las-celebraciones-de-misa-acuden-familiares-madres-esposas-e-hijos-de-migrantes-guatemaltecos.webp"},"aioseo_meta_data":{"post_id":"33053","title":"Un Papa nacido en USA: esto dicen migrantes guatemaltecos","description":"La elecci\u00f3n de Leon XIV como Papa este 8 de mayo no ha dejado a nadie indiferente y menos a los cat\u00f3licos. Migrantes guatemaltecos expresan su sentir.","keywords":null,"keyphrases":{"focus":{"keyphrase":"Papa","score":100,"analysis":{"keyphraseInTitle":{"score":9,"maxScore":9,"error":0},"keyphraseInDescription":{"score":9,"maxScore":9,"error":0},"keyphraseLength":{"score":9,"maxScore":9,"error":0,"length":1},"keyphraseInURL":{"score":5,"maxScore":5,"error":0}}},"additional":[{"keyphrase":"Migrantes","score":100,"analysis":{"keyphraseInDescription":{"score":9,"maxScore":9,"error":0},"keyphraseLength":{"score":9,"maxScore":9,"error":0,"length":1}}},{"keyphrase":"Cat\u00f3licos","score":100,"analysis":{"keyphraseInDescription":{"score":9,"maxScore":9,"error":0},"keyphraseLength":{"score":9,"maxScore":9,"error":0,"length":2}}}]},"primary_term":null,"canonical_url":null,"og_title":null,"og_description":null,"og_object_type":"default","og_image_type":"default","og_image_url":null,"og_image_width":null,"og_image_height":null,"og_image_custom_url":null,"og_image_custom_fields":null,"og_video":"","og_custom_url":null,"og_article_section":null,"og_article_tags":null,"twitter_use_og":false,"twitter_card":"default","twitter_image_type":"default","twitter_image_url":null,"twitter_image_custom_url":null,"twitter_image_custom_fields":null,"twitter_title":null,"twitter_description":null,"schema":{"blockGraphs":[],"customGraphs":[],"default":{"data":{"Article":[],"Course":[],"Dataset":[],"FAQPage":[],"Movie":[],"Person":[],"Product":[],"ProductReview":[],"Car":[],"Recipe":[],"Service":[],"SoftwareApplication":[],"WebPage":[]},"graphName":"none","isEnabled":true},"graphs":[]},"schema_type":"default","schema_type_options":null,"pillar_content":false,"robots_default":true,"robots_noindex":false,"robots_noarchive":false,"robots_nosnippet":false,"robots_nofollow":false,"robots_noimageindex":false,"robots_noodp":false,"robots_notranslate":false,"robots_max_snippet":"-1","robots_max_videopreview":"-1","robots_max_imagepreview":"large","priority":null,"frequency":"default","local_seo":null,"seo_analyzer_scan_date":"2025-10-09 05:01:11","breadcrumb_settings":null,"limit_modified_date":false,"reviewed_by":null,"open_ai":"{\"title\":{\"suggestions\":[],\"usage\":0},\"description\":{\"suggestions\":[],\"usage\":0}}","ai":null,"created":"2025-05-09 15:44:28","updated":"2026-02-04 23:33:40"},"aioseo_breadcrumb":"<div class=\"aioseo-breadcrumbs\"><span class=\"aioseo-breadcrumb\">\n\t<a href=\"https:\/\/soymigrante.com\/revista\" title=\"Home\">Home<\/a>\n<\/span><span class=\"aioseo-breadcrumb-separator\">\u00bb<\/span><span class=\"aioseo-breadcrumb\">\n\t<a href=\"https:\/\/soymigrante.com\/revista\/category\/estamos-unidos\/\" title=\"Estamos Unidos\">Estamos Unidos<\/a>\n<\/span><span class=\"aioseo-breadcrumb-separator\">\u00bb<\/span><span class=\"aioseo-breadcrumb\">\n\tMigrantes guatemaltecos cat\u00f3licos en USA celebran designaci\u00f3n del papa Le\u00f3n XIV, nacido en Chicago\n<\/span><\/div>","aioseo_breadcrumb_json":[{"label":"Home","link":"https:\/\/soymigrante.com\/revista"},{"label":"Estamos Unidos","link":"https:\/\/soymigrante.com\/revista\/category\/estamos-unidos\/"},{"label":"Migrantes guatemaltecos cat\u00f3licos en USA celebran designaci\u00f3n del papa Le\u00f3n XIV, nacido en Chicago","link":"https:\/\/soymigrante.com\/revista\/migrantes-guatemaltecos-catolicos-en-usa-celebran-designacion-del-papa-leon-xiv-nacido-en-chicago\/"}],"_links":{"self":[{"href":"https:\/\/soymigrante.com\/revista\/wp-json\/wp\/v2\/posts\/33053","targetHints":{"allow":["GET"]}}],"collection":[{"href":"https:\/\/soymigrante.com\/revista\/wp-json\/wp\/v2\/posts"}],"about":[{"href":"https:\/\/soymigrante.com\/revista\/wp-json\/wp\/v2\/types\/post"}],"author":[{"embeddable":true,"href":"https:\/\/soymigrante.com\/revista\/wp-json\/wp\/v2\/users\/7"}],"replies":[{"embeddable":true,"href":"https:\/\/soymigrante.com\/revista\/wp-json\/wp\/v2\/comments?post=33053"}],"version-history":[{"count":8,"href":"https:\/\/soymigrante.com\/revista\/wp-json\/wp\/v2\/posts\/33053\/revisions"}],"predecessor-version":[{"id":33064,"href":"https:\/\/soymigrante.com\/revista\/wp-json\/wp\/v2\/posts\/33053\/revisions\/33064"}],"wp:featuredmedia":[{"embeddable":true,"href":"https:\/\/soymigrante.com\/revista\/wp-json\/wp\/v2\/media\/33054"}],"wp:attachment":[{"href":"https:\/\/soymigrante.com\/revista\/wp-json\/wp\/v2\/media?parent=33053"}],"wp:term":[{"taxonomy":"category","embeddable":true,"href":"https:\/\/soymigrante.com\/revista\/wp-json\/wp\/v2\/categories?post=33053"},{"taxonomy":"post_tag","embeddable":true,"href":"https:\/\/soymigrante.com\/revista\/wp-json\/wp\/v2\/tags?post=33053"}],"curies":[{"name":"wp","href":"https:\/\/api.w.org\/{rel}","templated":true}]}}