{"id":33014,"date":"2025-05-09T07:00:00","date_gmt":"2025-05-09T13:00:00","guid":{"rendered":"https:\/\/soymigrante.com\/revista\/?p=33014"},"modified":"2025-10-03T14:48:50","modified_gmt":"2025-10-03T20:48:50","slug":"artista-guatemalteca-sharley-rodriguez-vive-para-crear-y-crea-para-inspirar-en-nashville-tennessee","status":"publish","type":"post","link":"https:\/\/soymigrante.com\/revista\/artista-guatemalteca-sharley-rodriguez-vive-para-crear-y-crea-para-inspirar-en-nashville-tennessee\/","title":{"rendered":"Artista guatemalteca Sharley Rodr\u00edguez vive para crear y crea para inspirar en Nashville, Tennessee"},"content":{"rendered":"\t\t<div data-elementor-type=\"wp-post\" data-elementor-id=\"33014\" class=\"elementor elementor-33014\" data-elementor-post-type=\"post\">\n\t\t\t\t<div data-particle_enable=\"false\" data-particle-mobile-disabled=\"false\" class=\"elementor-element elementor-element-47e862a e-flex e-con-boxed e-con e-parent\" data-id=\"47e862a\" data-element_type=\"container\" data-e-type=\"container\">\n\t\t\t\t\t<div class=\"e-con-inner\">\n\t\t\t\t<div class=\"elementor-element elementor-element-cc3086d elementor-widget elementor-widget-heading\" data-id=\"cc3086d\" data-element_type=\"widget\" data-e-type=\"widget\" data-widget_type=\"heading.default\">\n\t\t\t\t\t<h2 class=\"elementor-heading-title elementor-size-default\">Hubo un tiempo en que Sharley exist\u00eda pero sent\u00eda que no viv\u00eda. Dej\u00f3 sus sue\u00f1os en Moraz\u00e1n, El Progreso al migrar a Estados Unidos a los 17 a\u00f1os. Hoy crea libremente en Nashville y comparte el arte que le salv\u00f3 de hundirse. Este es su testimonio: creer para crear y crear para trascender.<\/h2>\t\t\t\t<\/div>\n\t\t\t\t<div class=\"elementor-element elementor-element-879730f elementor-widget elementor-widget-html\" data-id=\"879730f\" data-element_type=\"widget\" data-e-type=\"widget\" data-widget_type=\"html.default\">\n\t\t\t\t\t<div id=\"buzzsprout-player-17130799\"><\/div><script src=\"https:\/\/www.buzzsprout.com\/2444168\/episodes\/17130799-artista-shirley-rodriguez-migrante-guatemalteca-en-nashville.js?container_id=buzzsprout-player-17130799&player=small\" type=\"text\/javascript\" charset=\"utf-8\"><\/script>\t\t\t\t<\/div>\n\t\t\t\t\t<\/div>\n\t\t\t\t<\/div>\n\t\t<div data-particle_enable=\"false\" data-particle-mobile-disabled=\"false\" class=\"elementor-element elementor-element-06cd9c8 e-flex e-con-boxed e-con e-parent\" data-id=\"06cd9c8\" data-element_type=\"container\" data-e-type=\"container\">\n\t\t\t\t\t<div class=\"e-con-inner\">\n\t\t\t\t<div class=\"elementor-element elementor-element-0375b80 elementor-widget elementor-widget-text-editor\" data-id=\"0375b80\" data-element_type=\"widget\" data-e-type=\"widget\" data-widget_type=\"text-editor.default\">\n\t\t\t\t\t\t\t\t\t<p>Desde Nashville, <a href=\"https:\/\/soymigrante.com\/revista\/migrante-guatemalteca-apoya-a-compatriotas-en-tennessee\/\">Tennessee<\/a>, Sharley Rodr\u00edguez abre las puertas de su historia personal y art\u00edstica con una calidez desbordante. Migrante guatemalteca, originaria de Moraz\u00e1n, <a href=\"https:\/\/soymigrante.com\/revista\/departamentos-de-guatemala-preguntas-y-respuestas-sobre-el-progreso\/\">El Progreso<\/a>, es artista autodidacta, madre y so\u00f1adora. Ha hecho del arte un canal profundo para contar lo que a veces no se puede decir con palabras: el dolor de la separaci\u00f3n familiar, la nostalgia de dejar su tierra, la resiliencia de quienes comienzan de cero y la esperanza siempre encendida gracias a los pinceles, el papel o el lienzo.<\/p><p>En esta conversaci\u00f3n, Sharley comparte c\u00f3mo el arte la ilusion\u00f3 desde ni\u00f1a en su pueblo natal, despu\u00e9s desapareci\u00f3 por a\u00f1os y m\u00e1s tarde regres\u00f3 a ella en sus d\u00edas m\u00e1s duros como migrante en Estados Unidos.\u00a0<\/p><p>Hoy busca no solo expresarse, sino levantar a quienes tambi\u00e9n cargan sue\u00f1os en la mochila. Cree en la <a href=\"https:\/\/soymigrante.com\/revista\/consejos-para-ayudar-a-enfrentar-el-duelo-migratorio-en-ninos\/\">ni\u00f1ez,<\/a> en los ancianos y en el poder de crear, porque cuando m\u00e1s lejos parece la esperanza, est\u00e1 a punto de florecer.<\/p>\t\t\t\t\t\t\t\t<\/div>\n\t\t\t\t\t<\/div>\n\t\t\t\t<\/div>\n\t\t<div data-particle_enable=\"false\" data-particle-mobile-disabled=\"false\" class=\"elementor-element elementor-element-19ec120 e-flex e-con-boxed e-con e-parent\" data-id=\"19ec120\" data-element_type=\"container\" data-e-type=\"container\">\n\t\t\t\t\t<div class=\"e-con-inner\">\n\t\t\t\t<div class=\"elementor-element elementor-element-711b265 elementor-widget elementor-widget-image\" data-id=\"711b265\" data-element_type=\"widget\" data-e-type=\"widget\" data-widget_type=\"image.default\">\n\t\t\t\t\t\t\t\t\t\t\t\t<figure class=\"wp-caption\">\n\t\t\t\t\t\t\t\t\t\t<img fetchpriority=\"high\" decoding=\"async\" width=\"1024\" height=\"683\" src=\"https:\/\/soymigrante.com\/revista\/wp-content\/uploads\/2025\/05\/shirley-rodriguez-pintora-guatemalteca-tennessee-12-1024x683.jpg\" class=\"attachment-large size-large wp-image-33019\" alt=\"Colaboradoras en feria cultural exhibiendo chaquetas pintadas a mano, arte y cultura migrante, en evento al aire libre, promoviendo expresiones art\u00edsticas, emprendimiento y comunidad migrante en EEUU.\" srcset=\"https:\/\/soymigrante.com\/revista\/wp-content\/uploads\/2025\/05\/shirley-rodriguez-pintora-guatemalteca-tennessee-12-1024x683.jpg 1024w, https:\/\/soymigrante.com\/revista\/wp-content\/uploads\/2025\/05\/shirley-rodriguez-pintora-guatemalteca-tennessee-12-300x200.jpg 300w, https:\/\/soymigrante.com\/revista\/wp-content\/uploads\/2025\/05\/shirley-rodriguez-pintora-guatemalteca-tennessee-12-768x512.jpg 768w, https:\/\/soymigrante.com\/revista\/wp-content\/uploads\/2025\/05\/shirley-rodriguez-pintora-guatemalteca-tennessee-12-1536x1024.jpg 1536w, https:\/\/soymigrante.com\/revista\/wp-content\/uploads\/2025\/05\/shirley-rodriguez-pintora-guatemalteca-tennessee-12-2048x1365.jpg 2048w, https:\/\/soymigrante.com\/revista\/wp-content\/uploads\/2025\/05\/shirley-rodriguez-pintora-guatemalteca-tennessee-12-750x500.jpg 750w, https:\/\/soymigrante.com\/revista\/wp-content\/uploads\/2025\/05\/shirley-rodriguez-pintora-guatemalteca-tennessee-12-1140x760.jpg 1140w, https:\/\/soymigrante.com\/revista\/wp-content\/uploads\/2025\/05\/shirley-rodriguez-pintora-guatemalteca-tennessee-12-scaled.webp 1920w\" sizes=\"(max-width: 1024px) 100vw, 1024px\" title=\"El lienzo para pintar est\u00e1 en todas partes para Shirley Rodr\u00edguez. Aqu\u00ed participa en una exposici\u00f3n comunitaria en la cual presenta sus chumpas intervenidas con pinturas. \u2013 SoyMigrante.com REVISTA\" \/>\t\t\t\t\t\t\t\t\t\t\t<figcaption class=\"widget-image-caption wp-caption-text\">Feria cultural con artistas latinoamericanos exponiendo ropa con arte en denim y cultura en un evento al aire libre.<\/figcaption>\n\t\t\t\t\t\t\t\t\t\t<\/figure>\n\t\t\t\t\t\t\t\t\t<\/div>\n\t\t\t\t\t<\/div>\n\t\t\t\t<\/div>\n\t\t<div data-particle_enable=\"false\" data-particle-mobile-disabled=\"false\" class=\"elementor-element elementor-element-987891f e-flex e-con-boxed e-con e-parent\" data-id=\"987891f\" data-element_type=\"container\" data-e-type=\"container\">\n\t\t\t\t\t<div class=\"e-con-inner\">\n\t\t\t\t<div class=\"elementor-element elementor-element-db4acfb elementor-widget elementor-widget-google_maps\" data-id=\"db4acfb\" data-element_type=\"widget\" data-e-type=\"widget\" data-widget_type=\"google_maps.default\">\n\t\t\t\t\t\t\t<div class=\"elementor-custom-embed\">\n\t\t\t<iframe loading=\"lazy\"\n\t\t\t\t\tsrc=\"https:\/\/maps.google.com\/maps?q=Nashville&#038;t=m&#038;z=10&#038;output=embed&#038;iwloc=near\"\n\t\t\t\t\ttitle=\"Nashville\"\n\t\t\t\t\taria-label=\"Nashville\"\n\t\t\t><\/iframe>\n\t\t<\/div>\n\t\t\t\t\t\t<\/div>\n\t\t\t\t\t<\/div>\n\t\t\t\t<\/div>\n\t\t<div data-particle_enable=\"false\" data-particle-mobile-disabled=\"false\" class=\"elementor-element elementor-element-07b1b8e e-flex e-con-boxed e-con e-parent\" data-id=\"07b1b8e\" data-element_type=\"container\" data-e-type=\"container\">\n\t\t\t\t\t<div class=\"e-con-inner\">\n\t\t\t\t<div class=\"elementor-element elementor-element-70dd899 elementor-widget elementor-widget-heading\" data-id=\"70dd899\" data-element_type=\"widget\" data-e-type=\"widget\" data-widget_type=\"heading.default\">\n\t\t\t\t\t<h3 class=\"elementor-heading-title elementor-size-default\">El sue\u00f1o de una ni\u00f1a de ser artista<\/h3>\t\t\t\t<\/div>\n\t\t\t\t\t<\/div>\n\t\t\t\t<\/div>\n\t\t<div data-particle_enable=\"false\" data-particle-mobile-disabled=\"false\" class=\"elementor-element elementor-element-6046213 e-flex e-con-boxed e-con e-parent\" data-id=\"6046213\" data-element_type=\"container\" data-e-type=\"container\">\n\t\t\t\t\t<div class=\"e-con-inner\">\n\t\t\t\t<div class=\"elementor-element elementor-element-d1e2ad7 elementor-widget elementor-widget-text-editor\" data-id=\"d1e2ad7\" data-element_type=\"widget\" data-e-type=\"widget\" data-widget_type=\"text-editor.default\">\n\t\t\t\t\t\t\t\t\t<p><b>\u00bfC\u00f3mo lleg\u00f3 el arte a tu vida?<\/b><\/p><p>Desde ni\u00f1a lo sent\u00ed como una necesidad vital. En Moraz\u00e1n, El Progreso, donde crec\u00ed, observaba a mi t\u00edo esculpir figuras en \u00e1rboles con herramientas que \u00e9l mismo inventaba. No era solo lo que hac\u00eda, sino c\u00f3mo lo hac\u00eda: con pasi\u00f3n y sin palabras, ense\u00f1\u00e1ndome con el ejemplo. Entonces yo era feliz con una crayola en la mano. Mi mam\u00e1 nunca me limit\u00f3; al contrario, me dejaba experimentar, ensuciar hojas, crear. Sent\u00ed que dibujar me daba sentido.<\/p><p><b>\u00bfPudiste estudiar arte formalmente alguna vez?<\/b><\/p><p>No. Nunca asist\u00ed a una escuela de arte. Tuve un maestro en Moraz\u00e1n que, al ver mi talento, me inscribi\u00f3 en un curso en <a href=\"https:\/\/soymigrante.com\/revista\/7-datos-de-antigua-guatemala-que-seguro-ya-sabias-o-quiza-no\/\">Antigua Guatemala<\/a>, todo pagado. Pero no pude ir, por falta de recursos para el transporte y el hospedaje. Era demasiado caro para mi familia, criada solo por mi mam\u00e1. Fue doloroso perder esa oportunidad. Tal vez por eso ahora soy tan observadora con los ni\u00f1os y j\u00f3venes: uno nunca sabe frente a qui\u00e9n est\u00e1 ni cu\u00e1nto bien puede hacer un gesto de apoyo.<\/p>\t\t\t\t\t\t\t\t<\/div>\n\t\t\t\t\t<\/div>\n\t\t\t\t<\/div>\n\t\t<div data-particle_enable=\"false\" data-particle-mobile-disabled=\"false\" class=\"elementor-element elementor-element-a4ae51b e-flex e-con-boxed e-con e-parent\" data-id=\"a4ae51b\" data-element_type=\"container\" data-e-type=\"container\">\n\t\t\t\t\t<div class=\"e-con-inner\">\n\t\t\t\t<div class=\"elementor-element elementor-element-d18d35d elementor-widget elementor-widget-heading\" data-id=\"d18d35d\" data-element_type=\"widget\" data-e-type=\"widget\" data-widget_type=\"heading.default\">\n\t\t\t\t\t<h4 class=\"elementor-heading-title elementor-size-default\">Una pintura dedicada al Le\u00f3n de Jud\u00e1<\/h4>\t\t\t\t<\/div>\n\t\t\t\t\t<\/div>\n\t\t\t\t<\/div>\n\t\t<div data-particle_enable=\"false\" data-particle-mobile-disabled=\"false\" class=\"elementor-element elementor-element-8bce12d e-flex e-con-boxed e-con e-parent\" data-id=\"8bce12d\" data-element_type=\"container\" data-e-type=\"container\">\n\t\t\t\t\t<div class=\"e-con-inner\">\n\t\t\t\t<div class=\"elementor-element elementor-element-291b962 elementor-arrows-position-inside elementor-pagination-position-outside elementor-widget elementor-widget-image-carousel\" data-id=\"291b962\" data-element_type=\"widget\" data-e-type=\"widget\" data-settings=\"{&quot;slides_to_show&quot;:&quot;1&quot;,&quot;speed&quot;:512,&quot;navigation&quot;:&quot;both&quot;,&quot;autoplay&quot;:&quot;yes&quot;,&quot;pause_on_hover&quot;:&quot;yes&quot;,&quot;pause_on_interaction&quot;:&quot;yes&quot;,&quot;autoplay_speed&quot;:5000,&quot;infinite&quot;:&quot;yes&quot;,&quot;effect&quot;:&quot;slide&quot;}\" data-widget_type=\"image-carousel.default\">\n\t\t\t\t\t\t\t<div class=\"elementor-image-carousel-wrapper swiper\" role=\"region\" aria-roledescription=\"carousel\" aria-label=\"Carrusel de im\u00e1genes\" dir=\"ltr\">\n\t\t\t<div class=\"elementor-image-carousel swiper-wrapper\" aria-live=\"off\">\n\t\t\t\t\t\t\t\t<div class=\"swiper-slide\" role=\"group\" aria-roledescription=\"slide\" aria-label=\"1 de 2\"><figure class=\"swiper-slide-inner\"><img decoding=\"async\" class=\"swiper-slide-image\" src=\"https:\/\/soymigrante.com\/revista\/wp-content\/uploads\/2025\/05\/shirley-rodriguez-pintora-guatemalteca-tennessee-1.webp\" alt=\"Bandera de Estados Unidos con le\u00f3n pintado en un lienzo al aire libre, promoviendo orgullo y cultura migrante en la comunidad.\" \/><figcaption class=\"elementor-image-carousel-caption\">Pintura de un le\u00f3n con la bandera americana en un paisaje natural, resaltando la identidad migrante y su expresi\u00f3n art\u00edstica en Estados Unidos.<\/figcaption><\/figure><\/div><div class=\"swiper-slide\" role=\"group\" aria-roledescription=\"slide\" aria-label=\"2 de 2\"><figure class=\"swiper-slide-inner\"><img decoding=\"async\" class=\"swiper-slide-image\" src=\"https:\/\/soymigrante.com\/revista\/wp-content\/uploads\/2025\/05\/shirley-rodriguez-pintora-guatemalteca-tennessee-14-728x1024.jpg\" alt=\"America y arte: artista pinta mural de un le\u00f3n con bandera estadounidense, reflejando cultura, inmigraci\u00f3n y expresi\u00f3n art\u00edstica en Estados Unidos.\" \/><figcaption class=\"elementor-image-carousel-caption\">Pintura mural de un le\u00f3n con bandera estadounidense en el fondo, destacando temas de inmigraci\u00f3n, cultura y arte en Estados Unidos.<\/figcaption><\/figure><\/div>\t\t\t<\/div>\n\t\t\t\t\t\t\t\t\t\t\t\t<div class=\"elementor-swiper-button elementor-swiper-button-prev\" role=\"button\" tabindex=\"0\">\n\t\t\t\t\t\t<i aria-hidden=\"true\" class=\"eicon-chevron-left\"><\/i>\t\t\t\t\t<\/div>\n\t\t\t\t\t<div class=\"elementor-swiper-button elementor-swiper-button-next\" role=\"button\" tabindex=\"0\">\n\t\t\t\t\t\t<i aria-hidden=\"true\" class=\"eicon-chevron-right\"><\/i>\t\t\t\t\t<\/div>\n\t\t\t\t\n\t\t\t\t\t\t\t\t\t<div class=\"swiper-pagination\"><\/div>\n\t\t\t\t\t\t\t\t\t<\/div>\n\t\t\t\t\t\t<\/div>\n\t\t\t\t\t<\/div>\n\t\t\t\t<\/div>\n\t\t<div data-particle_enable=\"false\" data-particle-mobile-disabled=\"false\" class=\"elementor-element elementor-element-48fc4e9 e-flex e-con-boxed e-con e-parent\" data-id=\"48fc4e9\" data-element_type=\"container\" data-e-type=\"container\">\n\t\t\t\t\t<div class=\"e-con-inner\">\n\t\t\t\t<div class=\"elementor-element elementor-element-13866f2 elementor-widget elementor-widget-heading\" data-id=\"13866f2\" data-element_type=\"widget\" data-e-type=\"widget\" data-widget_type=\"heading.default\">\n\t\t\t\t\t<h3 class=\"elementor-heading-title elementor-size-default\">Cuando el sue\u00f1o se pone cuesta arriba<\/h3>\t\t\t\t<\/div>\n\t\t\t\t\t<\/div>\n\t\t\t\t<\/div>\n\t\t<div data-particle_enable=\"false\" data-particle-mobile-disabled=\"false\" class=\"elementor-element elementor-element-2aca82e e-flex e-con-boxed e-con e-parent\" data-id=\"2aca82e\" data-element_type=\"container\" data-e-type=\"container\">\n\t\t\t\t\t<div class=\"e-con-inner\">\n\t\t\t\t<div class=\"elementor-element elementor-element-32a7e02 elementor-widget elementor-widget-text-editor\" data-id=\"32a7e02\" data-element_type=\"widget\" data-e-type=\"widget\" data-widget_type=\"text-editor.default\">\n\t\t\t\t\t\t\t\t\t<p><b>Primero pregunt\u00e9 por el arte. Ahora \u00bfC\u00f3mo llega la migraci\u00f3n a tu vida?<\/b><\/p><p><a href=\"https:\/\/soymigrante.com\/revista\/corazon-migrante-vuela-alto-trabaja-duro-y-suena-una-patria-mejor\/\">Migr\u00e9 con el coraz\u00f3n roto<\/a>. Lo explico: mis padres migraron a Estados Unidos y nos dejaron en Moraz\u00e1n a mi hermana y a m\u00ed con familiares. Fue muy dura esa soledad. Cuando ten\u00eda 17 a\u00f1os, mis padres se separaron. Mi mam\u00e1 regres\u00f3 a Moraz\u00e1n con mi hermano m\u00e1s peque\u00f1o. Pero la situaci\u00f3n econ\u00f3mica era dif\u00edcil. Fue cuando perd\u00ed la beca de arte. Y ella decidi\u00f3 volver a irse a Estados Unidos. Yo no quer\u00eda volver a vivir el abandono que sent\u00ed cuando ellos se fueron la primera vez, y menos a\u00fan deseaba eso para mis hermanos.<\/p><p>Le ped\u00ed a mi mam\u00e1 que se quedara con ellos y yo viaj\u00e9 a Estados Unidos. Dej\u00e9 mis sue\u00f1os, mis estudios, todo lo que era Shirley. Llegu\u00e9 a Nueva York. Iba lesionada, porque en la traves\u00eda me fractur\u00e9 el pie. Compatriotas de mi comunidad de Moraz\u00e1n, en Nueva York, hac\u00edan colectas: uno, cinco, diez d\u00f3lares. Eso que junt\u00e9 fue mi primera remesa para mi mam\u00e1.<\/p><p><b>Se ve que fue una etapa muy dif\u00edcil para t\u00ed<\/b><\/p><p>Muy dif\u00edcil. Estuve unos diez meses en Nueva York. Despu\u00e9s me mud\u00e9 a Tennessee. All\u00ed viv\u00eda mi pap\u00e1, que me invit\u00f3 a ir. Consegu\u00ed trabajo en McDonald&#8217;s, mandaba todo lo que ganaba a mi mam\u00e1, pero por dentro me sent\u00eda vac\u00eda.<\/p><p>Aprend\u00ed a ponerme m\u00e1scaras. A sonre\u00edr aunque por dentro me estuviera cayendo a pedazos. Me dol\u00eda enterarme de que mis compa\u00f1eros de instituto se graduaban de la universidad en Guatemala, mientras yo trabajaba y lloraba en silencio. Pero esa etapa me hizo descubrir de qu\u00e9 estaba hecha. Me toc\u00f3 madurar de golpe.<\/p>\t\t\t\t\t\t\t\t<\/div>\n\t\t\t\t\t<\/div>\n\t\t\t\t<\/div>\n\t\t<div data-particle_enable=\"false\" data-particle-mobile-disabled=\"false\" class=\"elementor-element elementor-element-6fa565e e-flex e-con-boxed e-con e-parent\" data-id=\"6fa565e\" data-element_type=\"container\" data-e-type=\"container\">\n\t\t\t\t\t<div class=\"e-con-inner\">\n\t\t\t\t<div class=\"elementor-element elementor-element-c6bb7e0 elementor-widget elementor-widget-image\" data-id=\"c6bb7e0\" data-element_type=\"widget\" data-e-type=\"widget\" data-widget_type=\"image.default\">\n\t\t\t\t\t\t\t\t\t\t\t\t<figure class=\"wp-caption\">\n\t\t\t\t\t\t\t\t\t\t<img decoding=\"async\" width=\"540\" height=\"960\" src=\"https:\/\/soymigrante.com\/revista\/wp-content\/uploads\/2025\/05\/shirley-rodriguez-pintora-guatemalteca-tennessee-10.webp\" class=\"attachment-large size-large wp-image-33022\" alt=\"Chica joven en vestido de fiesta, sonriendo y sentada en una cama, en un ambiente hogare\u00f1o, imagen emotiva y alegre.\" srcset=\"https:\/\/soymigrante.com\/revista\/wp-content\/uploads\/2025\/05\/shirley-rodriguez-pintora-guatemalteca-tennessee-10.webp 540w, https:\/\/soymigrante.com\/revista\/wp-content\/uploads\/2025\/05\/shirley-rodriguez-pintora-guatemalteca-tennessee-10-169x300.jpg 169w\" sizes=\"(max-width: 540px) 100vw, 540px\" title=\"&quot;Quisiera pedirle que incluya esta fotograf\u00eda. Ten\u00eda 6 a\u00f1os. Ese tiempo en que yo empezaba a dibujar sin parar y a so\u00f1ar con ser una artista, sin saber que tiempo despu\u00e9s aquel sue\u00f1o y aquella ni\u00f1a quedar\u00eda en silencio por mucho tiempo... Gracias a Dios hoy el sue\u00f1o es realidad&quot;: Sharley Rodr\u00edguez, artista originaria de Moraz\u00e1n, El Progreso, radicada en Nashville Tennessee. \u2013 SoyMigrante.com REVISTA\" \/>\t\t\t\t\t\t\t\t\t\t\t<figcaption class=\"widget-image-caption wp-caption-text\">Ni\u00f1a vestida de gala sonriendo, sentada en una cama en un entorno familiar, mostrando felicidad y cultura infantil en un contexto de celebraci\u00f3n.<\/figcaption>\n\t\t\t\t\t\t\t\t\t\t<\/figure>\n\t\t\t\t\t\t\t\t\t<\/div>\n\t\t\t\t\t<\/div>\n\t\t\t\t<\/div>\n\t\t<div data-particle_enable=\"false\" data-particle-mobile-disabled=\"false\" class=\"elementor-element elementor-element-ec00f51 e-flex e-con-boxed e-con e-parent\" data-id=\"ec00f51\" data-element_type=\"container\" data-e-type=\"container\">\n\t\t\t\t\t<div class=\"e-con-inner\">\n\t\t\t\t<div class=\"elementor-element elementor-element-9a1e6d2 elementor-widget elementor-widget-google_maps\" data-id=\"9a1e6d2\" data-element_type=\"widget\" data-e-type=\"widget\" data-widget_type=\"google_maps.default\">\n\t\t\t\t\t\t\t<div class=\"elementor-custom-embed\">\n\t\t\t<iframe loading=\"lazy\"\n\t\t\t\t\tsrc=\"https:\/\/maps.google.com\/maps?q=Moraz%C3%A1n%2C%20El%20Progreso&#038;t=m&#038;z=10&#038;output=embed&#038;iwloc=near\"\n\t\t\t\t\ttitle=\"Moraz\u00e1n, El Progreso\"\n\t\t\t\t\taria-label=\"Moraz\u00e1n, El Progreso\"\n\t\t\t><\/iframe>\n\t\t<\/div>\n\t\t\t\t\t\t<\/div>\n\t\t\t\t\t<\/div>\n\t\t\t\t<\/div>\n\t\t<div data-particle_enable=\"false\" data-particle-mobile-disabled=\"false\" class=\"elementor-element elementor-element-061e9ef e-flex e-con-boxed e-con e-parent\" data-id=\"061e9ef\" data-element_type=\"container\" data-e-type=\"container\">\n\t\t\t\t\t<div class=\"e-con-inner\">\n\t\t\t\t<div class=\"elementor-element elementor-element-0020974 elementor-widget elementor-widget-heading\" data-id=\"0020974\" data-element_type=\"widget\" data-e-type=\"widget\" data-widget_type=\"heading.default\">\n\t\t\t\t\t<h3 class=\"elementor-heading-title elementor-size-default\">Arte para volver a la vida y compartirla<\/h3>\t\t\t\t<\/div>\n\t\t\t\t\t<\/div>\n\t\t\t\t<\/div>\n\t\t<div data-particle_enable=\"false\" data-particle-mobile-disabled=\"false\" class=\"elementor-element elementor-element-f1b8d85 e-flex e-con-boxed e-con e-parent\" data-id=\"f1b8d85\" data-element_type=\"container\" data-e-type=\"container\">\n\t\t\t\t\t<div class=\"e-con-inner\">\n\t\t\t\t<div class=\"elementor-element elementor-element-0554a10 elementor-widget elementor-widget-text-editor\" data-id=\"0554a10\" data-element_type=\"widget\" data-e-type=\"widget\" data-widget_type=\"text-editor.default\">\n\t\t\t\t\t\t\t\t\t<p><b>Ya pregunt\u00e9 c\u00f3mo lleg\u00f3 el arte y ahora&#8230; \u00bfen qu\u00e9 momento regresa el arte a tu vida?<\/b><\/p><p>Un d\u00eda, agotada y con el alma rota, me compr\u00e9 un cuaderno. Empec\u00e9 a dibujar mi tristeza. Mi dolor se transformaba en l\u00edneas y sombras. Dibujaba familias que no eran, ni\u00f1as gradu\u00e1ndose que no era yo. Lloraba sobre el papel. Mis l\u00e1grimas ca\u00edan sobre los colores. Y as\u00ed el arte se volvi\u00f3 mi refugio. No pensaba en exposiciones ni en vender cuadros. Era solo mi forma de no ahogarme en la tristeza.<\/p><p><b>\u00bfCu\u00e1ndo decidiste mostrar tu arte al mundo?<\/b><\/p><p>Fue gracias a mi esposo, Andr\u00e9s. \u00c9l tambi\u00e9n dibuja. Cuando fuimos novios, compet\u00edamos con nuestros dibujos. \u00c9l es de Costa Rica. Me anim\u00f3 a mostrar mi trabajo, a creer en el talento que ten\u00eda.<\/p><p>Empec\u00e9 regalando obras, pero \u00e9l siempre invirti\u00f3 en mis sue\u00f1os. Me dec\u00eda: \u201cNo te escondas ni escondas tu arte, t\u00fa ya eres artista\u201d. Aprend\u00ed que el arte no necesita permisos. \u00c9l me ayud\u00f3 a pelear contra esa vocecita que dec\u00eda que no era suficiente lo que yo hac\u00eda.<\/p><p><b>\u00bfQu\u00e9 ha sido lo m\u00e1s dif\u00edcil como artista?<\/b><\/p><p>Enfrentarme a m\u00ed misma. <a href=\"https:\/\/soymigrante.com\/revista\/rompiendo-barreras-la-historia-de-exito-de-la-empresaria-lizzi-cifuentes-en-texas\/\">Derribar los muros<\/a> mentales: pensar \u201cno tengo escuela\u201d, \u201cno soy suficiente\u201d, \u201cesto no vale nada\u201d. Aprend\u00ed a reconciliarme con mi ni\u00f1a interior, que muchas veces se sinti\u00f3 sola, invisible y quer\u00eda brillar. Cuando haces las paces contigo, se enciende tu luz. Aprend\u00ed que el arte no se valida desde afuera. La validaci\u00f3n del arte empieza dentro de uno.<\/p>\t\t\t\t\t\t\t\t<\/div>\n\t\t\t\t\t<\/div>\n\t\t\t\t<\/div>\n\t\t<div data-particle_enable=\"false\" data-particle-mobile-disabled=\"false\" class=\"elementor-element elementor-element-7ec1734 e-flex e-con-boxed e-con e-parent\" data-id=\"7ec1734\" data-element_type=\"container\" data-e-type=\"container\">\n\t\t\t\t\t<div class=\"e-con-inner\">\n\t\t\t\t<div class=\"elementor-element elementor-element-a7b8afb elementor-widget elementor-widget-image\" data-id=\"a7b8afb\" data-element_type=\"widget\" data-e-type=\"widget\" data-widget_type=\"image.default\">\n\t\t\t\t\t\t\t\t\t\t\t\t<figure class=\"wp-caption\">\n\t\t\t\t\t\t\t\t\t\t<img decoding=\"async\" width=\"1024\" height=\"1024\" src=\"https:\/\/soymigrante.com\/revista\/wp-content\/uploads\/2025\/05\/shirley-rodriguez-pintora-guatemalteca-tennessee-5-1024x1024.jpg\" class=\"attachment-large size-large wp-image-33023\" alt=\"Guatemalteca artista y autodidacta en pl\u00e1stica, combina dibujo, dise\u00f1o en madera y arte abstracto, inspirada por su lema: \u00abLo que tu mente y coraz\u00f3n pueden ver, tus manos pueden crear\u00bb para motivar a j\u00f3venes y ni\u00f1os en la creatividad.\" srcset=\"https:\/\/soymigrante.com\/revista\/wp-content\/uploads\/2025\/05\/shirley-rodriguez-pintora-guatemalteca-tennessee-5-1024x1024.jpg 1024w, https:\/\/soymigrante.com\/revista\/wp-content\/uploads\/2025\/05\/shirley-rodriguez-pintora-guatemalteca-tennessee-5-300x300.jpg 300w, https:\/\/soymigrante.com\/revista\/wp-content\/uploads\/2025\/05\/shirley-rodriguez-pintora-guatemalteca-tennessee-5-150x150.jpg 150w, https:\/\/soymigrante.com\/revista\/wp-content\/uploads\/2025\/05\/shirley-rodriguez-pintora-guatemalteca-tennessee-5-768x768.jpg 768w, https:\/\/soymigrante.com\/revista\/wp-content\/uploads\/2025\/05\/shirley-rodriguez-pintora-guatemalteca-tennessee-5-75x75.jpg 75w, https:\/\/soymigrante.com\/revista\/wp-content\/uploads\/2025\/05\/shirley-rodriguez-pintora-guatemalteca-tennessee-5-750x750.jpg 750w, https:\/\/soymigrante.com\/revista\/wp-content\/uploads\/2025\/05\/shirley-rodriguez-pintora-guatemalteca-tennessee-5.webp 1080w\" sizes=\"(max-width: 1024px) 100vw, 1024px\" title=\"La artista guatemalteca migrante Sharley Rodr\u00edguez no solo crea con libertad sino comparte el arte con ni\u00f1os y j\u00f3venes, a quienes anima a expresarse, a ser ellos mismos y a vivir con plenitud. La entidad Misi\u00f3n ConArte, de Nashville es uno de los espacios donde impulsa la creatividad. \u2013 SoyMigrante.com REVISTA\" \/>\t\t\t\t\t\t\t\t\t\t\t<figcaption class=\"widget-image-caption wp-caption-text\">Retrato de Shirley Rodr\u00edguez Dub\u00f3n, artista guatemalteca autodidacta en dibujo y arte abstracto, con un mensaje que busca inspirar a j\u00f3venes y ni\u00f1os a seguir sus sue\u00f1os y potenciar la creatividad a trav\u00e9s de sus obras.<\/figcaption>\n\t\t\t\t\t\t\t\t\t\t<\/figure>\n\t\t\t\t\t\t\t\t\t<\/div>\n\t\t\t\t\t<\/div>\n\t\t\t\t<\/div>\n\t\t<div data-particle_enable=\"false\" data-particle-mobile-disabled=\"false\" class=\"elementor-element elementor-element-d9398ee e-flex e-con-boxed e-con e-parent\" data-id=\"d9398ee\" data-element_type=\"container\" data-e-type=\"container\">\n\t\t\t\t\t<div class=\"e-con-inner\">\n\t\t\t\t<div class=\"elementor-element elementor-element-bfc6b4d elementor-widget elementor-widget-heading\" data-id=\"bfc6b4d\" data-element_type=\"widget\" data-e-type=\"widget\" data-widget_type=\"heading.default\">\n\t\t\t\t\t<h3 class=\"elementor-heading-title elementor-size-default\">No hay l\u00edmites y toda superficie es un lienzo<\/h3>\t\t\t\t<\/div>\n\t\t\t\t\t<\/div>\n\t\t\t\t<\/div>\n\t\t<div data-particle_enable=\"false\" data-particle-mobile-disabled=\"false\" class=\"elementor-element elementor-element-de0a768 e-flex e-con-boxed e-con e-parent\" data-id=\"de0a768\" data-element_type=\"container\" data-e-type=\"container\">\n\t\t\t\t\t<div class=\"e-con-inner\">\n\t\t\t\t<div class=\"elementor-element elementor-element-17f08a6 elementor-widget elementor-widget-text-editor\" data-id=\"17f08a6\" data-element_type=\"widget\" data-e-type=\"widget\" data-widget_type=\"text-editor.default\">\n\t\t\t\t\t\t\t\t\t<p><b>He visto que tambi\u00e9n pintas sobre prendas, como chumpas y chaquetas<\/b><\/p><p>Fue algo espont\u00e1neo. Siempre he sido detallista y expresiva. Empec\u00e9 a hacer chaquetas para m\u00ed, luego para amigos. Toda superficie es un lienzo, y no tiene que ser cuadrado. Me encanta que cada prenda sea \u00fanica, que diga algo de la persona. Pinto leones, \u00e1guilas, nombres, mensajes. Es una forma de amar, de decirle al otro: \u201cT\u00fa vales, esto es para ti y solo para ti\u201d. Es arte port\u00e1til, arte con alma.<\/p><p><b>\u00bfA qu\u00e9 te dedicas hoy?<\/b><\/p><p>Hoy vivo del arte a tiempo completo. Soy parte de \u201cLa Misi\u00f3n con Arte\u201d en Nashville. All\u00ed busco talentos, organizamos eventos, ferias, talleres. Animo a que la gente crea y cree arte. Es un trabajo que me hace sentir plena, porque no solo creo, sino que apoyo a otros a creer en ellos mismos.<\/p>\t\t\t\t\t\t\t\t<\/div>\n\t\t\t\t\t<\/div>\n\t\t\t\t<\/div>\n\t\t<div data-particle_enable=\"false\" data-particle-mobile-disabled=\"false\" class=\"elementor-element elementor-element-23326ba e-flex e-con-boxed e-con e-parent\" data-id=\"23326ba\" data-element_type=\"container\" data-e-type=\"container\">\n\t\t\t\t\t<div class=\"e-con-inner\">\n\t\t\t\t<div class=\"elementor-element elementor-element-f320bcc elementor-arrows-position-inside elementor-pagination-position-outside elementor-widget elementor-widget-image-carousel\" data-id=\"f320bcc\" data-element_type=\"widget\" data-e-type=\"widget\" data-settings=\"{&quot;slides_to_show&quot;:&quot;1&quot;,&quot;navigation&quot;:&quot;both&quot;,&quot;autoplay&quot;:&quot;yes&quot;,&quot;pause_on_hover&quot;:&quot;yes&quot;,&quot;pause_on_interaction&quot;:&quot;yes&quot;,&quot;autoplay_speed&quot;:5000,&quot;infinite&quot;:&quot;yes&quot;,&quot;effect&quot;:&quot;slide&quot;,&quot;speed&quot;:500}\" data-widget_type=\"image-carousel.default\">\n\t\t\t\t\t\t\t<div class=\"elementor-image-carousel-wrapper swiper\" role=\"region\" aria-roledescription=\"carousel\" aria-label=\"Carrusel de im\u00e1genes\" dir=\"ltr\">\n\t\t\t<div class=\"elementor-image-carousel swiper-wrapper\" aria-live=\"off\">\n\t\t\t\t\t\t\t\t<div class=\"swiper-slide\" role=\"group\" aria-roledescription=\"slide\" aria-label=\"1 de 4\"><a data-elementor-open-lightbox=\"yes\" data-elementor-lightbox-slideshow=\"f320bcc\" data-elementor-lightbox-title=\"Sharley Rodr\u00edguez nunca se olvida de Guatemala ni de sus ra\u00edces guatemaltecas. Las tem\u00e1ticas nacionalistas tambi\u00e9n figuran en sus creaciones, aunque tambi\u00e9n le fascina el tema de la danza y de las ni\u00f1as bailarinas.\" data-elementor-lightbox-description=\"Sharley Rodr\u00edguez nunca se olvida de Guatemala ni de sus ra\u00edces guatemaltecas. Las tem\u00e1ticas nacionalistas tambi\u00e9n figuran en sus creaciones, aunque tambi\u00e9n le fascina el tema de la danza y de las ni\u00f1as bailarinas.\" data-e-action-hash=\"#elementor-action%3Aaction%3Dlightbox%26settings%3DeyJpZCI6MzMwMjgsInVybCI6Imh0dHBzOlwvXC9zb3ltaWdyYW50ZS5jb21cL3JldmlzdGFcL3dwLWNvbnRlbnRcL3VwbG9hZHNcLzIwMjVcLzA1XC9zaGlybGV5LXJvZHJpZ3Vlei1waW50b3JhLWd1YXRlbWFsdGVjYS10ZW5uZXNzZWUtMy53ZWJwIiwic2xpZGVzaG93IjoiZjMyMGJjYyJ9\" href=\"https:\/\/soymigrante.com\/revista\/wp-content\/uploads\/2025\/05\/shirley-rodriguez-pintora-guatemalteca-tennessee-3.webp\"><figure class=\"swiper-slide-inner\"><img decoding=\"async\" class=\"swiper-slide-image\" src=\"https:\/\/soymigrante.com\/revista\/wp-content\/uploads\/2025\/05\/shirley-rodriguez-pintora-guatemalteca-tennessee-3-820x1024.jpg\" alt=\"SoyMigrante.com REVISTA, obra de arte pintada a mano en chaqueta beige con paisaje, mujer ind\u00edgena y s\u00edmbolos culturales, resaltando identidad y migraci\u00f3n, exhibida en evento cultural en ciudad moderna.\" \/><figcaption class=\"elementor-image-carousel-caption\">Guatemalteca mostrando arte cultural en una chaqueta pintada a mano, en un evento o exhibici\u00f3n de arte textil en una galer\u00eda moderna.<\/figcaption><\/figure><\/a><\/div><div class=\"swiper-slide\" role=\"group\" aria-roledescription=\"slide\" aria-label=\"2 de 4\"><a data-elementor-open-lightbox=\"yes\" data-elementor-lightbox-slideshow=\"f320bcc\" data-elementor-lightbox-title=\"Sharley Rodr\u00edguez nunca se olvida de Guatemala ni de sus ra\u00edces guatemaltecas. Las tem\u00e1ticas nacionalistas tambi\u00e9n figuran en sus creaciones, aunque tambi\u00e9n le fascina el tema de la danza y de las ni\u00f1as bailarinas.\" data-elementor-lightbox-description=\"La imagen muestra el arte y la cultura guatemalteca en una prenda decorada, promoviendo la identidad y el orgullo migrante en el contexto de la revista SoyMigrante.com REVISTA, resaltando temas de cultura, migraci\u00f3n y arte popular.\" data-e-action-hash=\"#elementor-action%3Aaction%3Dlightbox%26settings%3DeyJpZCI6MzMwMjcsInVybCI6Imh0dHBzOlwvXC9zb3ltaWdyYW50ZS5jb21cL3JldmlzdGFcL3dwLWNvbnRlbnRcL3VwbG9hZHNcLzIwMjVcLzA1XC9zaGlybGV5LXJvZHJpZ3Vlei1waW50b3JhLWd1YXRlbWFsdGVjYS10ZW5uZXNzZWUtNC53ZWJwIiwic2xpZGVzaG93IjoiZjMyMGJjYyJ9\" href=\"https:\/\/soymigrante.com\/revista\/wp-content\/uploads\/2025\/05\/shirley-rodriguez-pintora-guatemalteca-tennessee-4.webp\"><figure class=\"swiper-slide-inner\"><img decoding=\"async\" class=\"swiper-slide-image\" src=\"https:\/\/soymigrante.com\/revista\/wp-content\/uploads\/2025\/05\/shirley-rodriguez-pintora-guatemalteca-tennessee-4-819x1024.jpg\" alt=\"Varias personas en un evento cultural, mostrando una chaqueta decorada con motivos guatemaltecos, arte y cultura, en el marco de la revista SoyMigrante.com REVISTA.\" \/><figcaption class=\"elementor-image-carousel-caption\">Una mujer presenta una chaqueta con dise\u00f1o artesanal y cultural guatemalteco en un escenario de celebraci\u00f3n de la diversidad y migraci\u00f3n en Guatemala.<\/figcaption><\/figure><\/a><\/div><div class=\"swiper-slide\" role=\"group\" aria-roledescription=\"slide\" aria-label=\"3 de 4\"><a data-elementor-open-lightbox=\"yes\" data-elementor-lightbox-slideshow=\"f320bcc\" data-elementor-lightbox-title=\"Sharley Rodr\u00edguez nunca se olvida de Guatemala ni de sus ra\u00edces guatemaltecas. Las tem\u00e1ticas nacionalistas tambi\u00e9n figuran en sus creaciones, aunque tambi\u00e9n le fascina el tema de la danza y de las ni\u00f1as bailarinas.\" data-elementor-lightbox-description=\"Ilustraci\u00f3n de una bailarina en plena danza, destacando la pasi\u00f3n y la belleza del arte del movimiento, ideal para temas culturales y art\u00edsticos en la revista SoyMigrante.com.\" data-e-action-hash=\"#elementor-action%3Aaction%3Dlightbox%26settings%3DeyJpZCI6MzMwMjYsInVybCI6Imh0dHBzOlwvXC9zb3ltaWdyYW50ZS5jb21cL3JldmlzdGFcL3dwLWNvbnRlbnRcL3VwbG9hZHNcLzIwMjVcLzA1XC9zaGlybGV5LXJvZHJpZ3Vlei1waW50b3JhLWd1YXRlbWFsdGVjYS10ZW5uZXNzZWUtNy0xLndlYnAiLCJzbGlkZXNob3ciOiJmMzIwYmNjIn0%3D\" href=\"https:\/\/soymigrante.com\/revista\/wp-content\/uploads\/2025\/05\/shirley-rodriguez-pintora-guatemalteca-tennessee-7-1.webp\"><figure class=\"swiper-slide-inner\"><img decoding=\"async\" class=\"swiper-slide-image\" src=\"https:\/\/soymigrante.com\/revista\/wp-content\/uploads\/2025\/05\/shirley-rodriguez-pintora-guatemalteca-tennessee-7-1-819x1024.jpg\" alt=\"Bailarina bailando en un fondo colorido, resaltando la gracia y la expresi\u00f3n art\u00edstica en un estilo ilustrativo y din\u00e1mico.\" \/><figcaption class=\"elementor-image-carousel-caption\">Bailarina en movimiento con fondo vibrante, s\u00edmbolo de expresi\u00f3n art\u00edstica y cultura en la revista SoyMigrante.com.<\/figcaption><\/figure><\/a><\/div><div class=\"swiper-slide\" role=\"group\" aria-roledescription=\"slide\" aria-label=\"4 de 4\"><a data-elementor-open-lightbox=\"yes\" data-elementor-lightbox-slideshow=\"f320bcc\" data-elementor-lightbox-title=\"Sharley Rodr\u00edguez nunca se olvida de Guatemala ni de sus ra\u00edces guatemaltecas. Las tem\u00e1ticas nacionalistas tambi\u00e9n figuran en sus creaciones, aunque tambi\u00e9n le fascina el tema de la danza y de las ni\u00f1as bailarinas.\" data-elementor-lightbox-description=\"Una ilustraci\u00f3n de una joven bailarina en movimiento, vestida con tut\u00fa blanco y tocado floral, simbolizando la alegr\u00eda y expresividad del arte del ballet y la cultura migrante.\" data-e-action-hash=\"#elementor-action%3Aaction%3Dlightbox%26settings%3DeyJpZCI6MzMwMjUsInVybCI6Imh0dHBzOlwvXC9zb3ltaWdyYW50ZS5jb21cL3JldmlzdGFcL3dwLWNvbnRlbnRcL3VwbG9hZHNcLzIwMjVcLzA1XC9zaGlybGV5LXJvZHJpZ3Vlei1waW50b3JhLWd1YXRlbWFsdGVjYS10ZW5uZXNzZWUtOS53ZWJwIiwic2xpZGVzaG93IjoiZjMyMGJjYyJ9\" href=\"https:\/\/soymigrante.com\/revista\/wp-content\/uploads\/2025\/05\/shirley-rodriguez-pintora-guatemalteca-tennessee-9.webp\"><figure class=\"swiper-slide-inner\"><img decoding=\"async\" class=\"swiper-slide-image\" src=\"https:\/\/soymigrante.com\/revista\/wp-content\/uploads\/2025\/05\/shirley-rodriguez-pintora-guatemalteca-tennessee-9-819x1024.jpg\" alt=\"Bailarina ni\u00f1a con vestido de ballet en color blanco, con flor en el cabello, en posici\u00f3n de danza cl\u00e1sica. Pintura art\u00edstica para promover el arte y la cultura en la comunidad migrante.\" \/><figcaption class=\"elementor-image-carousel-caption\">Retrato de una bailarina infantil en un estilo art\u00edstico que resalta la belleza y gracia del ballet para temas de cultura, arte, migrantes y expresiones culturales.<\/figcaption><\/figure><\/a><\/div>\t\t\t<\/div>\n\t\t\t\t\t\t\t\t\t\t\t\t<div class=\"elementor-swiper-button elementor-swiper-button-prev\" role=\"button\" tabindex=\"0\">\n\t\t\t\t\t\t<i aria-hidden=\"true\" class=\"eicon-chevron-left\"><\/i>\t\t\t\t\t<\/div>\n\t\t\t\t\t<div class=\"elementor-swiper-button elementor-swiper-button-next\" role=\"button\" tabindex=\"0\">\n\t\t\t\t\t\t<i aria-hidden=\"true\" class=\"eicon-chevron-right\"><\/i>\t\t\t\t\t<\/div>\n\t\t\t\t\n\t\t\t\t\t\t\t\t\t<div class=\"swiper-pagination\"><\/div>\n\t\t\t\t\t\t\t\t\t<\/div>\n\t\t\t\t\t\t<\/div>\n\t\t\t\t\t<\/div>\n\t\t\t\t<\/div>\n\t\t<div data-particle_enable=\"false\" data-particle-mobile-disabled=\"false\" class=\"elementor-element elementor-element-d622329 e-flex e-con-boxed e-con e-parent\" data-id=\"d622329\" data-element_type=\"container\" data-e-type=\"container\">\n\t\t\t\t\t<div class=\"e-con-inner\">\n\t\t\t\t<div class=\"elementor-element elementor-element-1ded35f elementor-widget elementor-widget-image\" data-id=\"1ded35f\" data-element_type=\"widget\" data-e-type=\"widget\" data-widget_type=\"image.default\">\n\t\t\t\t\t\t\t\t\t\t\t\t<figure class=\"wp-caption\">\n\t\t\t\t\t\t\t\t\t\t\t<a href=\"https:\/\/www.instagram.com\/creativeartbysharley\/\">\n\t\t\t\t\t\t\t<img decoding=\"async\" width=\"540\" height=\"960\" src=\"https:\/\/soymigrante.com\/revista\/wp-content\/uploads\/2025\/05\/shirley-rodriguez-pintora-guatemalteca-tennessee-10.webp\" class=\"attachment-large size-large wp-image-33022\" alt=\"Chica joven en vestido de fiesta, sonriendo y sentada en una cama, en un ambiente hogare\u00f1o, imagen emotiva y alegre.\" srcset=\"https:\/\/soymigrante.com\/revista\/wp-content\/uploads\/2025\/05\/shirley-rodriguez-pintora-guatemalteca-tennessee-10.webp 540w, https:\/\/soymigrante.com\/revista\/wp-content\/uploads\/2025\/05\/shirley-rodriguez-pintora-guatemalteca-tennessee-10-169x300.jpg 169w\" sizes=\"(max-width: 540px) 100vw, 540px\" title=\"&quot;Quisiera pedirle que incluya esta fotograf\u00eda. Ten\u00eda 6 a\u00f1os. Ese tiempo en que yo empezaba a dibujar sin parar y a so\u00f1ar con ser una artista, sin saber que tiempo despu\u00e9s aquel sue\u00f1o y aquella ni\u00f1a quedar\u00eda en silencio por mucho tiempo... Gracias a Dios hoy el sue\u00f1o es realidad&quot;: Sharley Rodr\u00edguez, artista originaria de Moraz\u00e1n, El Progreso, radicada en Nashville Tennessee. \u2013 SoyMigrante.com REVISTA\" \/>\t\t\t\t\t\t\t\t<\/a>\n\t\t\t\t\t\t\t\t\t\t\t<figcaption class=\"widget-image-caption wp-caption-text\">Ni\u00f1a vestida de gala sonriendo, sentada en una cama en un entorno familiar, mostrando felicidad y cultura infantil en un contexto de celebraci\u00f3n.<\/figcaption>\n\t\t\t\t\t\t\t\t\t\t<\/figure>\n\t\t\t\t\t\t\t\t\t<\/div>\n\t\t\t\t\t<\/div>\n\t\t\t\t<\/div>\n\t\t<div data-particle_enable=\"false\" data-particle-mobile-disabled=\"false\" class=\"elementor-element elementor-element-c0455d8 e-flex e-con-boxed e-con e-parent\" data-id=\"c0455d8\" data-element_type=\"container\" data-e-type=\"container\">\n\t\t\t\t\t<div class=\"e-con-inner\">\n\t\t\t\t<div class=\"elementor-element elementor-element-758687c elementor-widget elementor-widget-heading\" data-id=\"758687c\" data-element_type=\"widget\" data-e-type=\"widget\" data-widget_type=\"heading.default\">\n\t\t\t\t\t<h2 class=\"elementor-heading-title elementor-size-default\">\u00a1Qu\u00e9 incre\u00edble historia! Aqu\u00ed hay otros testimonios de gran inspiraci\u00f3n<\/h2>\t\t\t\t<\/div>\n\t\t\t\t\t<\/div>\n\t\t\t\t<\/div>\n\t\t<div data-particle_enable=\"false\" data-particle-mobile-disabled=\"false\" class=\"elementor-element elementor-element-c7244ce e-flex e-con-boxed e-con e-parent\" data-id=\"c7244ce\" data-element_type=\"container\" data-e-type=\"container\">\n\t\t\t\t\t<div class=\"e-con-inner\">\n\t\t\t\t<div class=\"elementor-element elementor-element-ce9e5af elementor-grid-eael-col-3 elementor-grid-tablet-eael-col-2 elementor-grid-mobile-eael-col-1 elementor-widget elementor-widget-eael-post-grid\" data-id=\"ce9e5af\" data-element_type=\"widget\" data-e-type=\"widget\" data-settings=\"{&quot;eael_post_grid_columns&quot;:&quot;eael-col-3&quot;,&quot;eael_post_grid_columns_tablet&quot;:&quot;eael-col-2&quot;,&quot;eael_post_grid_columns_mobile&quot;:&quot;eael-col-1&quot;}\" data-widget_type=\"eael-post-grid.default\">\n\t\t\t\t\t<div id=\"eael-post-grid-ce9e5af\" class=\"eael-post-grid-container\">\n            <div class=\"eael-post-grid eael-post-appender eael-post-appender-ce9e5af eael-post-grid-style-one\" data-layout-mode=\"masonry\"><article class=\"eael-grid-post  eael-post-grid-column eael-pg-post-26728 category-exitos\" data-id=\"26728\">\n        <div class=\"eael-grid-post-holder\">\n            <div class=\"eael-grid-post-holder-inner\"><div class=\"eael-entry-media\"><div class=\"eael-entry-overlay fade-in\"><i class=\"far fa-hand-pointer\" aria-hidden=\"true\"><\/i><a href=\"https:\/\/soymigrante.com\/revista\/rompiendo-barreras-la-historia-de-exito-de-la-empresaria-lizzi-cifuentes-en-texas\/\"><\/a><\/div><div class=\"eael-entry-thumbnail \">\n                <img loading=\"lazy\" decoding=\"async\" width=\"1024\" height=\"1024\" src=\"https:\/\/soymigrante.com\/revista\/wp-content\/uploads\/2025\/03\/lizzi-cifuentes-1-1024x1024.jpg\" class=\"attachment-large size-large wp-image-26729\" alt=\"Auto con bandera de Guatemala y globos blancos y azules en un festejo del D\u00eda de Guatemala en Texas, celebraci\u00f3n de la comunidad migrante, cultura guatemalteca y orgullo nacional.\" srcset=\"https:\/\/soymigrante.com\/revista\/wp-content\/uploads\/2025\/03\/lizzi-cifuentes-1-1024x1024.jpg 1024w, https:\/\/soymigrante.com\/revista\/wp-content\/uploads\/2025\/03\/lizzi-cifuentes-1-300x300.jpg 300w, https:\/\/soymigrante.com\/revista\/wp-content\/uploads\/2025\/03\/lizzi-cifuentes-1-150x150.jpg 150w, https:\/\/soymigrante.com\/revista\/wp-content\/uploads\/2025\/03\/lizzi-cifuentes-1-768x768.jpg 768w, https:\/\/soymigrante.com\/revista\/wp-content\/uploads\/2025\/03\/lizzi-cifuentes-1-75x75.webp 75w, https:\/\/soymigrante.com\/revista\/wp-content\/uploads\/2025\/03\/lizzi-cifuentes-1-750x750.webp 750w, https:\/\/soymigrante.com\/revista\/wp-content\/uploads\/2025\/03\/lizzi-cifuentes-1.webp 1066w\" sizes=\"(max-width: 1024px) 100vw, 1024px\" \/>\n            <\/div>\n        <\/div><div class=\"eael-entry-wrapper\"><header class=\"eael-entry-header\"><h2 class=\"eael-entry-title\"><a class=\"eael-grid-post-link\" href=\"https:\/\/soymigrante.com\/revista\/rompiendo-barreras-la-historia-de-exito-de-la-empresaria-lizzi-cifuentes-en-texas\/\" title=\"Rompiendo barreras: la historia de \u00e9xito de la empresaria Lizzi Cifuentes en Texas\">Rompiendo barreras: la historia de \u00e9xito de la empresaria Lizzi Cifuentes en Texas<\/a><\/h2><\/header><div class=\"eael-entry-content\">\n                        <div class=\"eael-grid-post-excerpt\"><a href=\"https:\/\/soymigrante.com\/revista\/rompiendo-barreras-la-historia-de-exito-de-la-empresaria-lizzi-cifuentes-en-texas\/\" class=\"eael-post-elements-readmore-btn\">CONOCE SU HISTORIA <\/a><\/div>\n                    <\/div><\/div><\/div>\n        <\/div>\n    <\/article><article class=\"eael-grid-post  eael-post-grid-column eael-pg-post-5161 category-exitos\" data-id=\"5161\">\n        <div class=\"eael-grid-post-holder\">\n            <div class=\"eael-grid-post-holder-inner\"><div class=\"eael-entry-media\"><div class=\"eael-entry-overlay fade-in\"><i class=\"far fa-hand-pointer\" aria-hidden=\"true\"><\/i><a href=\"https:\/\/soymigrante.com\/revista\/pierdan-el-miedo-porque-es-el-peor-enemigo-carol-paxtor\/\"><\/a><\/div><div class=\"eael-entry-thumbnail \">\n                <img loading=\"lazy\" decoding=\"async\" width=\"700\" height=\"608\" src=\"https:\/\/soymigrante.com\/revista\/wp-content\/uploads\/2024\/03\/Captura-de-pantalla-2024-02-25-223228.webp\" class=\"attachment-large size-large wp-image-5162\" alt=\"Carol Hern\u00e1ndez, migrante guatemalteca en Nueva York, cofundadora de Caf\u00e9 Tikal.\" srcset=\"https:\/\/soymigrante.com\/revista\/wp-content\/uploads\/2024\/03\/Captura-de-pantalla-2024-02-25-223228.webp 700w, https:\/\/soymigrante.com\/revista\/wp-content\/uploads\/2024\/03\/Captura-de-pantalla-2024-02-25-223228-300x261.webp 300w\" sizes=\"(max-width: 700px) 100vw, 700px\" \/>\n            <\/div>\n        <\/div><div class=\"eael-entry-wrapper\"><header class=\"eael-entry-header\"><h2 class=\"eael-entry-title\"><a class=\"eael-grid-post-link\" href=\"https:\/\/soymigrante.com\/revista\/pierdan-el-miedo-porque-es-el-peor-enemigo-carol-paxtor\/\" title=\"&#8220;Pierdan el miedo: es el peor enemigo&#8221;: Carol Paxtor, migrante y emprendedora en NY\">&#8220;Pierdan el miedo: es el peor enemigo&#8221;: Carol Paxtor, migrante y emprendedora en NY<\/a><\/h2><\/header><div class=\"eael-entry-content\">\n                        <div class=\"eael-grid-post-excerpt\"><a href=\"https:\/\/soymigrante.com\/revista\/pierdan-el-miedo-porque-es-el-peor-enemigo-carol-paxtor\/\" class=\"eael-post-elements-readmore-btn\">CONOCE SU HISTORIA <\/a><\/div>\n                    <\/div><\/div><\/div>\n        <\/div>\n    <\/article><article class=\"eael-grid-post  eael-post-grid-column eael-pg-post-4008 category-exitos\" data-id=\"4008\">\n        <div class=\"eael-grid-post-holder\">\n            <div class=\"eael-grid-post-holder-inner\"><div class=\"eael-entry-media\"><div class=\"eael-entry-overlay fade-in\"><i class=\"far fa-hand-pointer\" aria-hidden=\"true\"><\/i><a href=\"https:\/\/soymigrante.com\/revista\/matrimonio-migrante-marine-corps-finanzas-amor-familia-guatemalteca-finanzas\/\"><\/a><\/div><div class=\"eael-entry-thumbnail \">\n                <img loading=\"lazy\" decoding=\"async\" width=\"1024\" height=\"835\" src=\"https:\/\/soymigrante.com\/revista\/wp-content\/uploads\/2023\/12\/JONATHANY-EYLI-MARINE-FOTO-e1703652746213-1024x835.webp\" class=\"attachment-large size-large wp-image-4013\" alt=\"\" srcset=\"https:\/\/soymigrante.com\/revista\/wp-content\/uploads\/2023\/12\/JONATHANY-EYLI-MARINE-FOTO-e1703652746213-1024x835.webp 1024w, https:\/\/soymigrante.com\/revista\/wp-content\/uploads\/2023\/12\/JONATHANY-EYLI-MARINE-FOTO-e1703652746213-300x244.webp 300w, https:\/\/soymigrante.com\/revista\/wp-content\/uploads\/2023\/12\/JONATHANY-EYLI-MARINE-FOTO-e1703652746213-768x626.webp 768w, https:\/\/soymigrante.com\/revista\/wp-content\/uploads\/2023\/12\/JONATHANY-EYLI-MARINE-FOTO-e1703652746213-1536x1252.webp 1536w, https:\/\/soymigrante.com\/revista\/wp-content\/uploads\/2023\/12\/JONATHANY-EYLI-MARINE-FOTO-e1703652746213-750x611.webp 750w, https:\/\/soymigrante.com\/revista\/wp-content\/uploads\/2023\/12\/JONATHANY-EYLI-MARINE-FOTO-e1703652746213-1140x929.webp 1140w, https:\/\/soymigrante.com\/revista\/wp-content\/uploads\/2023\/12\/JONATHANY-EYLI-MARINE-FOTO-e1703652746213.webp 1920w\" sizes=\"(max-width: 1024px) 100vw, 1024px\" \/>\n            <\/div>\n        <\/div><div class=\"eael-entry-wrapper\"><header class=\"eael-entry-header\"><h2 class=\"eael-entry-title\"><a class=\"eael-grid-post-link\" href=\"https:\/\/soymigrante.com\/revista\/matrimonio-migrante-marine-corps-finanzas-amor-familia-guatemalteca-finanzas\/\" title=\"Eyly y Jonathan Luna: historia de amor, lucha y superaci\u00f3n migrante\">Eyly y Jonathan Luna: historia de amor, lucha y superaci\u00f3n migrante<\/a><\/h2><\/header><div class=\"eael-entry-content\">\n                        <div class=\"eael-grid-post-excerpt\"><a href=\"https:\/\/soymigrante.com\/revista\/matrimonio-migrante-marine-corps-finanzas-amor-familia-guatemalteca-finanzas\/\" class=\"eael-post-elements-readmore-btn\">CONOCE SU HISTORIA <\/a><\/div>\n                    <\/div><\/div><\/div>\n        <\/div>\n    <\/article><\/div>\n            <div class=\"clearfix\"><\/div>\n        <\/div>\t\t\t\t<\/div>\n\t\t\t\t\t<\/div>\n\t\t\t\t<\/div>\n\t\t\t\t<\/div>\n\t\t","protected":false},"excerpt":{"rendered":"<p>Hubo un tiempo en que Sharley exist\u00eda pero sent\u00eda que no viv\u00eda. Dej\u00f3 sus sue\u00f1os en Moraz\u00e1n, El Progreso al migrar a Estados Unidos a los 17 a\u00f1os. Hoy crea libremente en Nashville y comparte el arte que le salv\u00f3 de hundirse. Este es su testimonio: creer para crear y crear para trascender. Desde Nashville, [&hellip;]<\/p>\n","protected":false},"author":7,"featured_media":33015,"comment_status":"open","ping_status":"open","sticky":false,"template":"","format":"standard","meta":{"_acf_changed":false,"_eb_attr":"","footnotes":""},"categories":[50,274],"tags":[],"class_list":["post-33014","post","type-post","status-publish","format-standard","has-post-thumbnail","hentry","category-exitos","category-guatemala"],"acf":[],"aioseo_notices":[],"aioseo_head":"\n\t\t<!-- All in One SEO Pro 4.9.6.2 - aioseo.com -->\n\t<meta name=\"description\" content=\"Los Luna son asesores de finanzas, inversiones y fondos de retiro; Eyly es madre, esposa y emprendedora; Jonathan es marine del Ej\u00e9rcito de EE.UU.; su gran amor migrante es su mayor activo. Versi\u00f3n resumida de un \u00e9xito en marcha Se conocieron, se enamorarony a los cinco meses se casaron en Guatemala. Jonathan era ciudadano estadounidense,\" \/>\n\t<meta name=\"robots\" content=\"max-snippet:-1, max-image-preview:large, max-video-preview:-1\" \/>\n\t<meta name=\"author\" content=\"Gustavo Montenegro\"\/>\n\t<link rel=\"canonical\" href=\"https:\/\/soymigrante.com\/revista\/artista-guatemalteca-sharley-rodriguez-vive-para-crear-y-crea-para-inspirar-en-nashville-tennessee\/\" \/>\n\t<meta name=\"generator\" content=\"All in One SEO Pro (AIOSEO) 4.9.6.2\" \/>\n\n\t\t<link rel=\"preconnect\" href=\"https:\/\/fonts.googleapis.com\" crossorigin>\n<link rel=\"preconnect\" href=\"https:\/\/fonts.gstatic.com\" crossorigin>\n\t\t<meta property=\"og:locale\" content=\"es_ES\" \/>\n\t\t<meta property=\"og:site_name\" content=\"SoyMigrante.com REVISTA \u2013 Nuestra misi\u00f3n es reconocer y dignificar al migrante.\" \/>\n\t\t<meta property=\"og:type\" content=\"article\" \/>\n\t\t<meta property=\"og:title\" content=\"Artista visual Sharley Rodr\u00edguez sue\u00f1a y crea en Tennessee\" \/>\n\t\t<meta property=\"og:description\" content=\"Artista guatemalteca originaria de Moraz\u00e1n, El Progreso y radicada en Nashville, transforma su inspiraci\u00f3n migrante en arte que sorprende, sana y libera.\" \/>\n\t\t<meta property=\"og:url\" content=\"https:\/\/soymigrante.com\/revista\/artista-guatemalteca-sharley-rodriguez-vive-para-crear-y-crea-para-inspirar-en-nashville-tennessee\/\" \/>\n\t\t<meta property=\"og:image\" content=\"https:\/\/soymigrante.com\/revista\/wp-content\/uploads\/2025\/05\/shirley-rodriguez-pintora-guatemalteca-tennessee-cuadrada.webp\" \/>\n\t\t<meta property=\"og:image:secure_url\" content=\"https:\/\/soymigrante.com\/revista\/wp-content\/uploads\/2025\/05\/shirley-rodriguez-pintora-guatemalteca-tennessee-cuadrada.webp\" \/>\n\t\t<meta property=\"og:image:width\" content=\"1094\" \/>\n\t\t<meta property=\"og:image:height\" content=\"1094\" \/>\n\t\t<meta property=\"article:published_time\" content=\"2025-05-09T13:00:00+00:00\" \/>\n\t\t<meta property=\"article:modified_time\" content=\"2025-10-03T20:48:50+00:00\" \/>\n\t\t<meta property=\"article:publisher\" content=\"https:\/\/www.facebook.com\/soymigrantecom\" \/>\n\t\t<meta name=\"twitter:card\" content=\"summary_large_image\" \/>\n\t\t<meta name=\"twitter:site\" content=\"@SoyMigrante_com\" \/>\n\t\t<meta name=\"twitter:title\" content=\"Artista visual Sharley Rodr\u00edguez sue\u00f1a y crea en Tennessee\" \/>\n\t\t<meta name=\"twitter:description\" content=\"Artista guatemalteca originaria de Moraz\u00e1n, El Progreso y radicada en Nashville, transforma su inspiraci\u00f3n migrante en arte que sorprende, sana y libera.\" \/>\n\t\t<meta name=\"twitter:creator\" content=\"@SoyMigrante_com\" \/>\n\t\t<meta name=\"twitter:image\" content=\"https:\/\/soymigrante.com\/revista\/wp-content\/uploads\/2025\/05\/shirley-rodriguez-pintora-guatemalteca-tennessee-cuadrada.webp\" \/>\n\t\t<!-- All in One SEO Pro -->\r\n\t\t<title>Artista visual Sharley Rodr\u00edguez sue\u00f1a y crea en Tennessee<\/title>\n\n","aioseo_head_json":{"title":"Artista visual Sharley Rodr\u00edguez sue\u00f1a y crea en Tennessee","description":"Artista guatemalteca originaria de Moraz\u00e1n, El Progreso y radicada en Nashville, transforma su inspiraci\u00f3n migrante en arte que sorprende, sana y libera.","canonical_url":"https:\/\/soymigrante.com\/revista\/artista-guatemalteca-sharley-rodriguez-vive-para-crear-y-crea-para-inspirar-en-nashville-tennessee\/","robots":"max-snippet:-1, max-image-preview:large, max-video-preview:-1","keywords":"","webmasterTools":{"miscellaneous":"&lt;link rel=\"preconnect\" href=\"https:\/\/fonts.googleapis.com\" crossorigin&gt;\n&lt;link rel=\"preconnect\" href=\"https:\/\/fonts.gstatic.com\" crossorigin&gt;"},"schema":null,"og:locale":"es_ES","og:site_name":"SoyMigrante.com REVISTA \u2013 Nuestra misi\u00f3n es reconocer y dignificar al migrante.","og:type":"article","og:title":"Artista visual Sharley Rodr\u00edguez sue\u00f1a y crea en Tennessee","og:description":"Artista guatemalteca originaria de Moraz\u00e1n, El Progreso y radicada en Nashville, transforma su inspiraci\u00f3n migrante en arte que sorprende, sana y libera.","og:url":"https:\/\/soymigrante.com\/revista\/artista-guatemalteca-sharley-rodriguez-vive-para-crear-y-crea-para-inspirar-en-nashville-tennessee\/","og:image":"https:\/\/soymigrante.com\/revista\/wp-content\/uploads\/2025\/05\/shirley-rodriguez-pintora-guatemalteca-tennessee-cuadrada.webp","og:image:secure_url":"https:\/\/soymigrante.com\/revista\/wp-content\/uploads\/2025\/05\/shirley-rodriguez-pintora-guatemalteca-tennessee-cuadrada.webp","og:image:width":1094,"og:image:height":1094,"article:published_time":"2025-05-09T13:00:00+00:00","article:modified_time":"2025-10-03T20:48:50+00:00","article:publisher":"https:\/\/www.facebook.com\/soymigrantecom","twitter:card":"summary_large_image","twitter:site":"@SoyMigrante_com","twitter:title":"Artista visual Sharley Rodr\u00edguez sue\u00f1a y crea en Tennessee","twitter:description":"Artista guatemalteca originaria de Moraz\u00e1n, El Progreso y radicada en Nashville, transforma su inspiraci\u00f3n migrante en arte que sorprende, sana y libera.","twitter:creator":"@SoyMigrante_com","twitter:image":"https:\/\/soymigrante.com\/revista\/wp-content\/uploads\/2025\/05\/shirley-rodriguez-pintora-guatemalteca-tennessee-cuadrada.webp"},"aioseo_meta_data":{"post_id":"33014","title":"Artista visual Sharley Rodr\u00edguez sue\u00f1a y crea en Tennessee","description":"Artista guatemalteca originaria de Moraz\u00e1n, El Progreso y radicada en Nashville, transforma su inspiraci\u00f3n migrante en arte que sorprende, sana y libera.","keywords":null,"keyphrases":{"focus":{"keyphrase":"Guatemalteca","score":69,"analysis":{"keyphraseInTitle":{"score":3,"maxScore":9,"error":1},"keyphraseInDescription":{"score":9,"maxScore":9,"error":0},"keyphraseLength":{"score":9,"maxScore":9,"error":0,"length":1},"keyphraseInURL":{"score":5,"maxScore":5,"error":0},"keyphraseInIntroduction":{"score":9,"maxScore":9,"error":0},"keyphraseInSubHeadings":{"score":3,"maxScore":9,"error":1},"keyphraseInImageAlt":{"score":9,"maxScore":9,"error":0},"keywordDensity":{"score":0,"type":"low","maxScore":9,"error":1}}},"additional":[{"keyphrase":"Artista","score":80,"analysis":{"keyphraseInDescription":{"score":9,"maxScore":9,"error":0},"keyphraseLength":{"score":9,"maxScore":9,"error":0,"length":1},"keyphraseInIntroduction":{"score":9,"maxScore":9,"error":0},"keyphraseInImageAlt":{"score":9,"maxScore":9,"error":0},"keywordDensity":{"score":0,"type":"low","maxScore":9,"error":1}}},{"keyphrase":"Tennessee","score":53,"analysis":{"keyphraseInDescription":{"score":3,"maxScore":9,"error":1},"keyphraseLength":{"score":9,"maxScore":9,"error":0,"length":1},"keyphraseInIntroduction":{"score":9,"maxScore":9,"error":0},"keyphraseInImageAlt":{"score":3,"maxScore":9,"error":1},"keywordDensity":{"score":0,"type":"low","maxScore":9,"error":1}}},{"keyphrase":"Nashville","score":80,"analysis":{"keyphraseInDescription":{"score":9,"maxScore":9,"error":0},"keyphraseLength":{"score":9,"maxScore":9,"error":0,"length":1},"keyphraseInIntroduction":{"score":9,"maxScore":9,"error":0},"keyphraseInImageAlt":{"score":9,"maxScore":9,"error":0},"keywordDensity":{"score":0,"type":"low","maxScore":9,"error":1}}},{"keyphrase":"Migrante","score":80,"analysis":{"keyphraseInDescription":{"score":9,"maxScore":9,"error":0},"keyphraseLength":{"score":9,"maxScore":9,"error":0,"length":1},"keyphraseInIntroduction":{"score":9,"maxScore":9,"error":0},"keyphraseInImageAlt":{"score":9,"maxScore":9,"error":0},"keywordDensity":{"score":0,"type":"low","maxScore":9,"error":1}}}]},"primary_term":null,"canonical_url":null,"og_title":null,"og_description":null,"og_object_type":"default","og_image_type":"default","og_image_url":null,"og_image_width":null,"og_image_height":null,"og_image_custom_url":null,"og_image_custom_fields":null,"og_video":"","og_custom_url":null,"og_article_section":null,"og_article_tags":null,"twitter_use_og":false,"twitter_card":"default","twitter_image_type":"default","twitter_image_url":null,"twitter_image_custom_url":null,"twitter_image_custom_fields":null,"twitter_title":null,"twitter_description":null,"schema":{"blockGraphs":[],"customGraphs":[],"default":{"data":{"Article":[],"Course":[],"Dataset":[],"FAQPage":[],"Movie":[],"Person":[],"Product":[],"ProductReview":[],"Car":[],"Recipe":[],"Service":[],"SoftwareApplication":[],"WebPage":[]},"graphName":"none","isEnabled":true},"graphs":[]},"schema_type":"default","schema_type_options":null,"pillar_content":false,"robots_default":true,"robots_noindex":false,"robots_noarchive":false,"robots_nosnippet":false,"robots_nofollow":false,"robots_noimageindex":false,"robots_noodp":false,"robots_notranslate":false,"robots_max_snippet":"-1","robots_max_videopreview":"-1","robots_max_imagepreview":"large","priority":null,"frequency":"default","local_seo":null,"seo_analyzer_scan_date":"2025-10-09 04:58:38","breadcrumb_settings":null,"limit_modified_date":false,"reviewed_by":null,"open_ai":"{\"title\":{\"suggestions\":[],\"usage\":0},\"description\":{\"suggestions\":[],\"usage\":0}}","ai":null,"created":"2025-05-09 04:48:58","updated":"2026-02-04 23:33:40"},"aioseo_breadcrumb":"<div class=\"aioseo-breadcrumbs\"><span class=\"aioseo-breadcrumb\">\n\t<a href=\"https:\/\/soymigrante.com\/revista\" title=\"Home\">Home<\/a>\n<\/span><span class=\"aioseo-breadcrumb-separator\">\u00bb<\/span><span class=\"aioseo-breadcrumb\">\n\t<a href=\"https:\/\/soymigrante.com\/revista\/category\/exitos\/\" title=\"\u00c9xitos\">\u00c9xitos<\/a>\n<\/span><span class=\"aioseo-breadcrumb-separator\">\u00bb<\/span><span class=\"aioseo-breadcrumb\">\n\t<a href=\"https:\/\/soymigrante.com\/revista\/category\/exitos\/guatemala\/\" title=\"Guatemala\">Guatemala<\/a>\n<\/span><span class=\"aioseo-breadcrumb-separator\">\u00bb<\/span><span class=\"aioseo-breadcrumb\">\n\tArtista guatemalteca Sharley Rodr\u00edguez vive para crear y crea para inspirar en Nashville, Tennessee\n<\/span><\/div>","aioseo_breadcrumb_json":[{"label":"Home","link":"https:\/\/soymigrante.com\/revista"},{"label":"\u00c9xitos","link":"https:\/\/soymigrante.com\/revista\/category\/exitos\/"},{"label":"Guatemala","link":"https:\/\/soymigrante.com\/revista\/category\/exitos\/guatemala\/"},{"label":"Artista guatemalteca Sharley Rodr\u00edguez vive para crear y crea para inspirar en Nashville, Tennessee","link":"https:\/\/soymigrante.com\/revista\/artista-guatemalteca-sharley-rodriguez-vive-para-crear-y-crea-para-inspirar-en-nashville-tennessee\/"}],"_links":{"self":[{"href":"https:\/\/soymigrante.com\/revista\/wp-json\/wp\/v2\/posts\/33014","targetHints":{"allow":["GET"]}}],"collection":[{"href":"https:\/\/soymigrante.com\/revista\/wp-json\/wp\/v2\/posts"}],"about":[{"href":"https:\/\/soymigrante.com\/revista\/wp-json\/wp\/v2\/types\/post"}],"author":[{"embeddable":true,"href":"https:\/\/soymigrante.com\/revista\/wp-json\/wp\/v2\/users\/7"}],"replies":[{"embeddable":true,"href":"https:\/\/soymigrante.com\/revista\/wp-json\/wp\/v2\/comments?post=33014"}],"version-history":[{"count":25,"href":"https:\/\/soymigrante.com\/revista\/wp-json\/wp\/v2\/posts\/33014\/revisions"}],"predecessor-version":[{"id":46684,"href":"https:\/\/soymigrante.com\/revista\/wp-json\/wp\/v2\/posts\/33014\/revisions\/46684"}],"wp:featuredmedia":[{"embeddable":true,"href":"https:\/\/soymigrante.com\/revista\/wp-json\/wp\/v2\/media\/33015"}],"wp:attachment":[{"href":"https:\/\/soymigrante.com\/revista\/wp-json\/wp\/v2\/media?parent=33014"}],"wp:term":[{"taxonomy":"category","embeddable":true,"href":"https:\/\/soymigrante.com\/revista\/wp-json\/wp\/v2\/categories?post=33014"},{"taxonomy":"post_tag","embeddable":true,"href":"https:\/\/soymigrante.com\/revista\/wp-json\/wp\/v2\/tags?post=33014"}],"curies":[{"name":"wp","href":"https:\/\/api.w.org\/{rel}","templated":true}]}}