{"id":32922,"date":"2025-05-08T12:48:37","date_gmt":"2025-05-08T18:48:37","guid":{"rendered":"https:\/\/soymigrante.com\/revista\/?p=32922"},"modified":"2025-05-08T13:29:11","modified_gmt":"2025-05-08T19:29:11","slug":"leon-xiv-tiene-perfil-multicultural-y-migrante-es-el-primer-papa-nacido-en-estados-unidos-y-nacionalizado-peruano","status":"publish","type":"post","link":"https:\/\/soymigrante.com\/revista\/leon-xiv-tiene-perfil-multicultural-y-migrante-es-el-primer-papa-nacido-en-estados-unidos-y-nacionalizado-peruano\/","title":{"rendered":"Leon XIV tiene perfil multicultural y migrante: es el primer papa nacido en Estados Unidos y nacionalizado peruano"},"content":{"rendered":"\t\t<div data-elementor-type=\"wp-post\" data-elementor-id=\"32922\" class=\"elementor elementor-32922\" data-elementor-post-type=\"post\">\n\t\t\t\t<div data-particle_enable=\"false\" data-particle-mobile-disabled=\"false\" class=\"elementor-element elementor-element-ce6727e e-flex e-con-boxed e-con e-parent\" data-id=\"ce6727e\" data-element_type=\"container\" data-e-type=\"container\">\n\t\t\t\t\t<div class=\"e-con-inner\">\n\t\t\t\t<div class=\"elementor-element elementor-element-5fbb1b7 elementor-widget elementor-widget-heading\" data-id=\"5fbb1b7\" data-element_type=\"widget\" data-e-type=\"widget\" data-widget_type=\"heading.default\">\n\t\t\t\t\t<h2 class=\"elementor-heading-title elementor-size-default\">Leon XIV es el primer papa estadounidense y el segundo nacido en Am\u00e9rica. Naci\u00f3 en Chicago. Su padre tiene ra\u00edces francesas y su mam\u00e1 es espa\u00f1ola. Trabaj\u00f3 muchos a\u00f1os en la iglesia de Per\u00fa y el papa Francisco lo llam\u00f3 en 2023 al Dicasterio de los Obispos.<\/h2>\t\t\t\t<\/div>\n\t\t\t\t\t<\/div>\n\t\t\t\t<\/div>\n\t\t<div data-particle_enable=\"false\" data-particle-mobile-disabled=\"false\" class=\"elementor-element elementor-element-ac53f5c e-flex e-con-boxed e-con e-parent\" data-id=\"ac53f5c\" data-element_type=\"container\" data-e-type=\"container\">\n\t\t\t\t\t<div class=\"e-con-inner\">\n\t\t\t\t<div class=\"elementor-element elementor-element-1089992 elementor-widget elementor-widget-text-editor\" data-id=\"1089992\" data-element_type=\"widget\" data-e-type=\"widget\" data-widget_type=\"text-editor.default\">\n\t\t\t\t\t\t\t\t\t<p>Robert Prevost, de 69 a\u00f1os, nacido en Chicago, trabaj\u00f3 muchos a\u00f1os en Per\u00fa y asume como papa 267 bajo el nombre Le\u00f3n XIV. Es el primer papa de origen estadounidense y el segundo nacido en Am\u00e9rica.<\/p><p>En un hecho sin precedentes en la historia de la Iglesia Cat\u00f3lica, el cardenal Robert Francis Prevost, nacido en Chicago, Estados Unidos y nacionalizado peruano en 2015, ha sido elegido como el nuevo Papa, adoptando el nombre de Le\u00f3n XIV. Nacido en Chicago el 14 de septiembre de 1955, Prevost se convierte en el primer pont\u00edfice estadounidense y el 267\u00ba sucesor de San Pedro.<\/p>\t\t\t\t\t\t\t\t<\/div>\n\t\t\t\t\t<\/div>\n\t\t\t\t<\/div>\n\t\t<div data-particle_enable=\"false\" data-particle-mobile-disabled=\"false\" class=\"elementor-element elementor-element-4bca155 e-flex e-con-boxed e-con e-parent\" data-id=\"4bca155\" data-element_type=\"container\" data-e-type=\"container\">\n\t\t\t\t\t<div class=\"e-con-inner\">\n\t\t\t\t<div class=\"elementor-element elementor-element-611c487 elementor-widget elementor-widget-image\" data-id=\"611c487\" data-element_type=\"widget\" data-e-type=\"widget\" data-widget_type=\"image.default\">\n\t\t\t\t\t\t\t\t\t\t\t\t<figure class=\"wp-caption\">\n\t\t\t\t\t\t\t\t\t\t<img fetchpriority=\"high\" decoding=\"async\" width=\"768\" height=\"432\" src=\"https:\/\/soymigrante.com\/revista\/wp-content\/uploads\/2025\/05\/Leon-XIV-el-primer-papa-estadounidense-tiene-perfil-multicultural-y-migrante3.webp\" class=\"attachment-large size-large wp-image-32928\" alt=\"Papa Francisco saludando con vestimenta papal tradicional en un evento religioso en un escenario con cortinas rojas.\" srcset=\"https:\/\/soymigrante.com\/revista\/wp-content\/uploads\/2025\/05\/Leon-XIV-el-primer-papa-estadounidense-tiene-perfil-multicultural-y-migrante3.webp 1023w, https:\/\/soymigrante.com\/revista\/wp-content\/uploads\/2025\/05\/Leon-XIV-el-primer-papa-estadounidense-tiene-perfil-multicultural-y-migrante3-300x169.jpeg 300w, https:\/\/soymigrante.com\/revista\/wp-content\/uploads\/2025\/05\/Leon-XIV-el-primer-papa-estadounidense-tiene-perfil-multicultural-y-migrante3-768x432.jpeg 768w, https:\/\/soymigrante.com\/revista\/wp-content\/uploads\/2025\/05\/Leon-XIV-el-primer-papa-estadounidense-tiene-perfil-multicultural-y-migrante3-750x422.webp 750w\" sizes=\"(max-width: 768px) 100vw, 768px\" title=\"Leon XIV el primer papa estadounidense tiene perfil multicultural y migrante3 \u2013 SoyMigrante.com REVISTA\" \/>\t\t\t\t\t\t\t\t\t\t\t<figcaption class=\"widget-image-caption wp-caption-text\">L\u00edder espiritual y figura religiosa cat\u00f3lica en un acto oficial.<\/figcaption>\n\t\t\t\t\t\t\t\t\t\t<\/figure>\n\t\t\t\t\t\t\t\t\t<\/div>\n\t\t\t\t\t<\/div>\n\t\t\t\t<\/div>\n\t\t<div data-particle_enable=\"false\" data-particle-mobile-disabled=\"false\" class=\"elementor-element elementor-element-bbf0b85 e-flex e-con-boxed e-con e-parent\" data-id=\"bbf0b85\" data-element_type=\"container\" data-e-type=\"container\">\n\t\t\t\t\t<div class=\"e-con-inner\">\n\t\t\t\t<div class=\"elementor-element elementor-element-81df50d elementor-widget elementor-widget-text-editor\" data-id=\"81df50d\" data-element_type=\"widget\" data-e-type=\"widget\" data-widget_type=\"text-editor.default\">\n\t\t\t\t\t\t\t\t\t<p>La elecci\u00f3n de un Papa originario de Estados Unidos representa un cambio notable en una instituci\u00f3n que, durante siglos, ha evitado elegir l\u00edderes provenientes de potencias geopol\u00edticas. Sin embargo, la trayectoria multicultural de Prevost, su profunda vinculaci\u00f3n con Am\u00e9rica Latina, sus ra\u00edces multiculturales y migrantes, as\u00ed como su experiencia pastoral en m\u00faltiples continentes, fueron factores clave en su elecci\u00f3n.<\/p><p><a href=\"https:\/\/soymigrante.com\/revista\/migrantes-han-estado-continuamente-en-los-mensajes-y-oraciones-del-papa-francisco\/\" target=\"_blank\" rel=\"noopener\">Fue muy cercano al finado papa Francisco<\/a>, quien le encomend\u00f3 el Dicasterio para los Obispos en 2023.<\/p><p><a href=\"https:\/\/soymigrante.com\/revista\/migrantes-han-estado-continuamente-en-los-mensajes-y-oraciones-del-papa-francisco\/\" target=\"_blank\" rel=\"noopener\">En sus primeras palabras dese\u00f3 la paz a todos los fieles congregados en la Plaza de San Pedro, agradeci\u00f3 a Dios por la vida de su antecesor Francisco e hizo un llamado<\/a>: \u201cTenemos que ser una iglesia misionera, con di\u00e1logo y siempre abierta a recibir a todos los que tienen necesidad de nuestra caridad, de presencia, de di\u00e1logo y de amor.<\/p>\t\t\t\t\t\t\t\t<\/div>\n\t\t\t\t\t<\/div>\n\t\t\t\t<\/div>\n\t\t<div data-particle_enable=\"false\" data-particle-mobile-disabled=\"false\" class=\"elementor-element elementor-element-06ad349 e-flex e-con-boxed e-con e-parent\" data-id=\"06ad349\" data-element_type=\"container\" data-e-type=\"container\">\n\t\t\t\t\t<div class=\"e-con-inner\">\n\t\t\t\t<div class=\"elementor-element elementor-element-7b9b4fc elementor-widget elementor-widget-text-editor\" data-id=\"7b9b4fc\" data-element_type=\"widget\" data-e-type=\"widget\" data-widget_type=\"text-editor.default\">\n\t\t\t\t\t\t\t\t\t<p>&#8220;A todos ustedes, hermanos y hermanos de todo el mundo queremos ser una iglesia que camina y que busca siempre la caridad y estar cerca de quienes sufren\u201d.<\/p>\t\t\t\t\t\t\t\t<\/div>\n\t\t\t\t\t<\/div>\n\t\t\t\t<\/div>\n\t\t<div data-particle_enable=\"false\" data-particle-mobile-disabled=\"false\" class=\"elementor-element elementor-element-b55dbfe e-flex e-con-boxed e-con e-parent\" data-id=\"b55dbfe\" data-element_type=\"container\" data-e-type=\"container\">\n\t\t\t\t\t<div class=\"e-con-inner\">\n\t\t\t\t<div class=\"elementor-element elementor-element-ab03514 elementor-widget elementor-widget-image\" data-id=\"ab03514\" data-element_type=\"widget\" data-e-type=\"widget\" data-widget_type=\"image.default\">\n\t\t\t\t\t\t\t\t\t\t\t\t<figure class=\"wp-caption\">\n\t\t\t\t\t\t\t\t\t\t<img decoding=\"async\" width=\"768\" height=\"512\" src=\"https:\/\/soymigrante.com\/revista\/wp-content\/uploads\/2025\/05\/Leon-XIV-el-primer-papa-estadounidense-tiene-perfil-multicultural-y-migrante2.webp\" class=\"attachment-large size-large wp-image-32929\" alt=\"Papa Francisco en una ceremonia religiosa con sacerdotes en el fondo, celebraci\u00f3n cat\u00f3lica, clero, Iglesia Cat\u00f3lica, evento religioso, vestimenta lit\u00fargica, signo de fe, comunidad eclesi\u00e1stica, s\u00edmbolo religioso, devoci\u00f3n cristiana.\" srcset=\"https:\/\/soymigrante.com\/revista\/wp-content\/uploads\/2025\/05\/Leon-XIV-el-primer-papa-estadounidense-tiene-perfil-multicultural-y-migrante2.webp 960w, https:\/\/soymigrante.com\/revista\/wp-content\/uploads\/2025\/05\/Leon-XIV-el-primer-papa-estadounidense-tiene-perfil-multicultural-y-migrante2-300x200.jpeg 300w, https:\/\/soymigrante.com\/revista\/wp-content\/uploads\/2025\/05\/Leon-XIV-el-primer-papa-estadounidense-tiene-perfil-multicultural-y-migrante2-768x512.jpeg 768w, https:\/\/soymigrante.com\/revista\/wp-content\/uploads\/2025\/05\/Leon-XIV-el-primer-papa-estadounidense-tiene-perfil-multicultural-y-migrante2-750x500.webp 750w\" sizes=\"(max-width: 768px) 100vw, 768px\" title=\"Leon XIV el primer papa estadounidense tiene perfil multicultural y migrante2 \u2013 SoyMigrante.com REVISTA\" \/>\t\t\t\t\t\t\t\t\t\t\t<figcaption class=\"widget-image-caption wp-caption-text\">Celebraci\u00f3n religiosa con Papa Francisco y sacerdotes, en un acto de fe cat\u00f3lica, resaltando la importancia de la Iglesia y la comunidad cristiana en eventos lit\u00fargicos y ceremonias religiosas oficiales.<\/figcaption>\n\t\t\t\t\t\t\t\t\t\t<\/figure>\n\t\t\t\t\t\t\t\t\t<\/div>\n\t\t\t\t\t<\/div>\n\t\t\t\t<\/div>\n\t\t<div data-particle_enable=\"false\" data-particle-mobile-disabled=\"false\" class=\"elementor-element elementor-element-dd0fb05 e-flex e-con-boxed e-con e-parent\" data-id=\"dd0fb05\" data-element_type=\"container\" data-e-type=\"container\">\n\t\t\t\t\t<div class=\"e-con-inner\">\n\t\t\t\t<div class=\"elementor-element elementor-element-e7c38f6 elementor-widget elementor-widget-heading\" data-id=\"e7c38f6\" data-element_type=\"widget\" data-e-type=\"widget\" data-widget_type=\"heading.default\">\n\t\t\t\t\t<h3 class=\"elementor-heading-title elementor-size-default\">Un camino forjado entre culturas y vocaciones<\/h3>\t\t\t\t<\/div>\n\t\t\t\t\t<\/div>\n\t\t\t\t<\/div>\n\t\t<div data-particle_enable=\"false\" data-particle-mobile-disabled=\"false\" class=\"elementor-element elementor-element-faa4b03 e-flex e-con-boxed e-con e-parent\" data-id=\"faa4b03\" data-element_type=\"container\" data-e-type=\"container\">\n\t\t\t\t\t<div class=\"e-con-inner\">\n\t\t\t\t<div class=\"elementor-element elementor-element-1542048 elementor-widget elementor-widget-text-editor\" data-id=\"1542048\" data-element_type=\"widget\" data-e-type=\"widget\" data-widget_type=\"text-editor.default\">\n\t\t\t\t\t\t\t\t\t<p>De ascendencia francesa, italiana y espa\u00f1ola, Robert Francis Prevost creci\u00f3 en una familia cat\u00f3lica junto a sus dos hermanos. Ingres\u00f3 a la Orden de San Agust\u00edn en 1977 tras culminar estudios en Matem\u00e1ticas y Filosof\u00eda en Villanova University. Se form\u00f3 teol\u00f3gicamente en la Catholic Theological Union en Chicago, con \u00e9nfasis en misi\u00f3n intercultural, y obtuvo su doctorado en Derecho Can\u00f3nico en Roma con la calificaci\u00f3n de magna cum laude.<\/p><p>Su compromiso misionero lo llev\u00f3 a Per\u00fa en 1985, donde ejerci\u00f3 m\u00faltiples roles pastorales y acad\u00e9micos, especialmente en la Arquidi\u00f3cesis de Trujillo. Fund\u00f3 parroquias, dirigi\u00f3 seminarios y ense\u00f1\u00f3 teolog\u00eda, convirti\u00e9ndose en una figura clave en la formaci\u00f3n del clero local durante m\u00e1s de una d\u00e9cada. Tambi\u00e9n fue Prior Provincial en Chicago y luego Prior General de los agustinos a nivel mundial durante dos per\u00edodos consecutivos, lo que lo consolid\u00f3 como l\u00edder global dentro de la Iglesia.<br \/>En 2014, <a href=\"https:\/\/soymigrante.com\/revista\/migrantes-han-estado-continuamente-en-los-mensajes-y-oraciones-del-papa-francisco\/\" target=\"_blank\" rel=\"noopener\">el Papa Francisco lo nombr\u00f3 Administrador Apost\u00f3lico de Chiclayo, Per\u00fa y al a\u00f1o siguiente fue designado Obispo titular de la misma di\u00f3cesis.<\/a><\/p><p>En 2023, ascendi\u00f3 a prefecto del Dicasterio para los Obispos, supervisando los nombramientos episcopales de todo el mundo.<\/p>\t\t\t\t\t\t\t\t<\/div>\n\t\t\t\t\t<\/div>\n\t\t\t\t<\/div>\n\t\t<div data-particle_enable=\"false\" data-particle-mobile-disabled=\"false\" class=\"elementor-element elementor-element-6e60224 e-flex e-con-boxed e-con e-parent\" data-id=\"6e60224\" data-element_type=\"container\" data-e-type=\"container\">\n\t\t\t\t\t<div class=\"e-con-inner\">\n\t\t\t\t<div class=\"elementor-element elementor-element-e0d62bf elementor-widget elementor-widget-image\" data-id=\"e0d62bf\" data-element_type=\"widget\" data-e-type=\"widget\" data-widget_type=\"image.default\">\n\t\t\t\t\t\t\t\t\t\t\t\t<figure class=\"wp-caption\">\n\t\t\t\t\t\t\t\t\t\t<img decoding=\"async\" width=\"768\" height=\"819\" src=\"https:\/\/soymigrante.com\/revista\/wp-content\/uploads\/2025\/05\/Leon-XIV-el-primer-papa-estadounidense-tiene-perfil-multicultural-y-migrante1-960x1024.jpeg\" class=\"attachment-large size-large wp-image-32930\" alt=\"Escudo de la revista SoyMigrante.com, s\u00edmbolo de identidad y cultura migrante en Espa\u00f1a, con elementos religiosos, hist\u00f3ricos y sociales que representan la comunidad hispana en el extranjero.\" srcset=\"https:\/\/soymigrante.com\/revista\/wp-content\/uploads\/2025\/05\/Leon-XIV-el-primer-papa-estadounidense-tiene-perfil-multicultural-y-migrante1-960x1024.jpeg 960w, https:\/\/soymigrante.com\/revista\/wp-content\/uploads\/2025\/05\/Leon-XIV-el-primer-papa-estadounidense-tiene-perfil-multicultural-y-migrante1-281x300.jpeg 281w, https:\/\/soymigrante.com\/revista\/wp-content\/uploads\/2025\/05\/Leon-XIV-el-primer-papa-estadounidense-tiene-perfil-multicultural-y-migrante1-768x819.jpeg 768w, https:\/\/soymigrante.com\/revista\/wp-content\/uploads\/2025\/05\/Leon-XIV-el-primer-papa-estadounidense-tiene-perfil-multicultural-y-migrante1-750x800.webp 750w, https:\/\/soymigrante.com\/revista\/wp-content\/uploads\/2025\/05\/Leon-XIV-el-primer-papa-estadounidense-tiene-perfil-multicultural-y-migrante1.webp 1124w\" sizes=\"(max-width: 768px) 100vw, 768px\" title=\"Este es el escudo cardenalicio del Robert Prevost Mart\u00ednez, ahora papa Le\u00f3n XIV. La inscripci\u00f3n en lat\u00edn significa: En aquel que es Uno, ser Uno. Es decir un llamado a la unidad de todos los cristianos. \u2013 SoyMigrante.com REVISTA\" \/>\t\t\t\t\t\t\t\t\t\t\t<figcaption class=\"widget-image-caption wp-caption-text\"><\/figcaption>\n\t\t\t\t\t\t\t\t\t\t<\/figure>\n\t\t\t\t\t\t\t\t\t<\/div>\n\t\t\t\t\t<\/div>\n\t\t\t\t<\/div>\n\t\t<div data-particle_enable=\"false\" data-particle-mobile-disabled=\"false\" class=\"elementor-element elementor-element-e9b70bf e-flex e-con-boxed e-con e-parent\" data-id=\"e9b70bf\" data-element_type=\"container\" data-e-type=\"container\">\n\t\t\t\t\t<div class=\"e-con-inner\">\n\t\t\t\t<div class=\"elementor-element elementor-element-42c746d elementor-widget elementor-widget-heading\" data-id=\"42c746d\" data-element_type=\"widget\" data-e-type=\"widget\" data-widget_type=\"heading.default\">\n\t\t\t\t\t<h3 class=\"elementor-heading-title elementor-size-default\">Una elecci\u00f3n con visi\u00f3n integradora<\/h3>\t\t\t\t<\/div>\n\t\t\t\t\t<\/div>\n\t\t\t\t<\/div>\n\t\t<div data-particle_enable=\"false\" data-particle-mobile-disabled=\"false\" class=\"elementor-element elementor-element-1912637 e-flex e-con-boxed e-con e-parent\" data-id=\"1912637\" data-element_type=\"container\" data-e-type=\"container\">\n\t\t\t\t\t<div class=\"e-con-inner\">\n\t\t\t\t<div class=\"elementor-element elementor-element-b2c2652 elementor-widget elementor-widget-text-editor\" data-id=\"b2c2652\" data-element_type=\"widget\" data-e-type=\"widget\" data-widget_type=\"text-editor.default\">\n\t\t\t\t\t\t\t\t\t<p>Le\u00f3n XIV asume el liderazgo de la Iglesia en un contexto desafiante: creciente secularizaci\u00f3n, crisis de vocaciones y tensiones internas. Se espera que contin\u00fae las reformas de su predecesor, especialmente en materia de transparencia financiera y renovaci\u00f3n institucional. Sin embargo, su esp\u00edritu conciliador tambi\u00e9n ser\u00e1 muy apropiado para integrar a las formas m\u00e1s conservadoras dentro de la Iglesia.<br \/>Durante su primer mensaje \u201cUrbi et Orbi\u201d, el Papa expres\u00f3 su gratitud y humildad ante el llamado, subrayando su deseo de guiar a la Iglesia seg\u00fan la voluntad de Dios.<\/p><p>Con una vida dedicada al servicio, al di\u00e1logo entre culturas y a la construcci\u00f3n de puentes entre el norte y el sur global, el Papa Le\u00f3n XIV encarna una esperanza de renovaci\u00f3n en la Iglesia Cat\u00f3lica, <a href=\"https:\/\/soymigrante.com\/revista\/migrantes-han-estado-continuamente-en-los-mensajes-y-oraciones-del-papa-francisco\/\" target=\"_blank\" rel=\"noopener\">combinando continuidad doctrinal con una apertura al mundo contempor\u00e1neo.<\/a><\/p>\t\t\t\t\t\t\t\t<\/div>\n\t\t\t\t\t<\/div>\n\t\t\t\t<\/div>\n\t\t<div data-particle_enable=\"false\" data-particle-mobile-disabled=\"false\" class=\"elementor-element elementor-element-bbb7bd4 e-flex e-con-boxed e-con e-parent\" data-id=\"bbb7bd4\" data-element_type=\"container\" data-e-type=\"container\">\n\t\t\t\t\t<div class=\"e-con-inner\">\n\t\t\t\t<div class=\"elementor-element elementor-element-2fef484 elementor-widget elementor-widget-html\" data-id=\"2fef484\" data-element_type=\"widget\" data-e-type=\"widget\" data-widget_type=\"html.default\">\n\t\t\t\t\t <iframe width=\"560\" height=\"315\" src=\"https:\/\/www.youtube.com\/embed\/e3_uwV1tBm4?si=Eq9x7qZohtaMc63C\" title=\"YouTube video player\" frameborder=\"0\" allow=\"accelerometer; autoplay; clipboard-write; encrypted-media; gyroscope; picture-in-picture; web-share\" referrerpolicy=\"strict-origin-when-cross-origin\" allowfullscreen><\/iframe>\t\t\t\t<\/div>\n\t\t\t\t\t<\/div>\n\t\t\t\t<\/div>\n\t\t<div data-particle_enable=\"false\" data-particle-mobile-disabled=\"false\" class=\"elementor-element elementor-element-f773fbf e-flex e-con-boxed e-con e-parent\" data-id=\"f773fbf\" data-element_type=\"container\" data-e-type=\"container\">\n\t\t\t\t\t<div class=\"e-con-inner\">\n\t\t\t\t<div class=\"elementor-element elementor-element-0f9e80b elementor-widget elementor-widget-heading\" data-id=\"0f9e80b\" data-element_type=\"widget\" data-e-type=\"widget\" data-widget_type=\"heading.default\">\n\t\t\t\t\t<h2 class=\"elementor-heading-title elementor-size-default\">Estos temas te pueden interesar...<\/h2>\t\t\t\t<\/div>\n\t\t\t\t\t<\/div>\n\t\t\t\t<\/div>\n\t\t<div data-particle_enable=\"false\" data-particle-mobile-disabled=\"false\" class=\"elementor-element elementor-element-3f9d7c0 e-flex e-con-boxed e-con e-parent\" data-id=\"3f9d7c0\" data-element_type=\"container\" data-e-type=\"container\">\n\t\t\t\t\t<div class=\"e-con-inner\">\n\t\t\t\t<div class=\"elementor-element elementor-element-48c99aa elementor-grid-eael-col-3 elementor-grid-tablet-eael-col-2 elementor-grid-mobile-eael-col-1 elementor-widget elementor-widget-eael-post-grid\" data-id=\"48c99aa\" data-element_type=\"widget\" data-e-type=\"widget\" data-settings=\"{&quot;eael_post_grid_columns&quot;:&quot;eael-col-3&quot;,&quot;eael_post_grid_columns_tablet&quot;:&quot;eael-col-2&quot;,&quot;eael_post_grid_columns_mobile&quot;:&quot;eael-col-1&quot;}\" data-widget_type=\"eael-post-grid.default\">\n\t\t\t\t\t<div id=\"eael-post-grid-48c99aa\" class=\"eael-post-grid-container\">\n            <div class=\"eael-post-grid eael-post-appender eael-post-appender-48c99aa eael-post-grid-style-one\" data-layout-mode=\"masonry\"><article class=\"eael-grid-post  eael-post-grid-column eael-pg-post-31576 category-lugar-de-voces\" data-id=\"31576\">\n        <div class=\"eael-grid-post-holder\">\n            <div class=\"eael-grid-post-holder-inner\"><div class=\"eael-entry-media\"><div class=\"eael-entry-overlay fade-in\"><i class=\"far fa-hand-pointer\" aria-hidden=\"true\"><\/i><a href=\"https:\/\/soymigrante.com\/revista\/once-frases-memorables-sobre-los-migrantes-que-dejo-el-papa-francisco\/\"><\/a><\/div><div class=\"eael-entry-thumbnail \">\n                <img loading=\"lazy\" decoding=\"async\" width=\"394\" height=\"394\" src=\"https:\/\/soymigrante.com\/revista\/wp-content\/uploads\/2025\/02\/papa-francisco--e1740609162175.webp\" class=\"attachment-large size-large wp-image-26481\" alt=\"Papa Francisco saludando con una sonrisa, con escudo de la Santa Sede en la esquina superior derecha, en un contexto relacionado con migraci\u00f3n y fe.\" srcset=\"https:\/\/soymigrante.com\/revista\/wp-content\/uploads\/2025\/02\/papa-francisco--e1740609162175.webp 394w, https:\/\/soymigrante.com\/revista\/wp-content\/uploads\/2025\/02\/papa-francisco--e1740609162175-300x300.jpeg 300w, https:\/\/soymigrante.com\/revista\/wp-content\/uploads\/2025\/02\/papa-francisco--e1740609162175-150x150.jpeg 150w, https:\/\/soymigrante.com\/revista\/wp-content\/uploads\/2025\/02\/papa-francisco--e1740609162175-75x75.webp 75w\" sizes=\"(max-width: 394px) 100vw, 394px\" \/>\n            <\/div>\n        <\/div><div class=\"eael-entry-wrapper\"><header class=\"eael-entry-header\"><h2 class=\"eael-entry-title\"><a class=\"eael-grid-post-link\" href=\"https:\/\/soymigrante.com\/revista\/once-frases-memorables-sobre-los-migrantes-que-dejo-el-papa-francisco\/\" title=\"Once frases memorables sobre los migrantes que dej\u00f3 el Papa Francisco\">Once frases memorables sobre los migrantes que dej\u00f3 el Papa Francisco<\/a><\/h2><\/header><div class=\"eael-entry-content\">\n                        <div class=\"eael-grid-post-excerpt\"><a href=\"https:\/\/soymigrante.com\/revista\/once-frases-memorables-sobre-los-migrantes-que-dejo-el-papa-francisco\/\" class=\"eael-post-elements-readmore-btn\">CONOCE SU HISTORIA <\/a><\/div>\n                    <\/div><\/div><\/div>\n        <\/div>\n    <\/article><article class=\"eael-grid-post  eael-post-grid-column eael-pg-post-31582 category-lugar-de-voces\" data-id=\"31582\">\n        <div class=\"eael-grid-post-holder\">\n            <div class=\"eael-grid-post-holder-inner\"><div class=\"eael-entry-media\"><div class=\"eael-entry-overlay fade-in\"><i class=\"far fa-hand-pointer\" aria-hidden=\"true\"><\/i><a href=\"https:\/\/soymigrante.com\/revista\/monumento-a-los-migrantes-papa-francisco-roma-washington\/\"><\/a><\/div><div class=\"eael-entry-thumbnail \">\n                <img loading=\"lazy\" decoding=\"async\" width=\"504\" height=\"504\" src=\"https:\/\/soymigrante.com\/revista\/wp-content\/uploads\/2025\/04\/9f5dcb0beaf0cd72f751154782868bec_XL.webp\" class=\"attachment-large size-large wp-image-31614\" alt=\"Una escultura de migrantes en movimiento, simbolizando la historia y la lucha de los migrantes en busca de mejores oportunidades y derechos. Ideal para reflejar temas de migraci\u00f3n, derechos humanos y cultura en Am\u00e9rica Latina.\" srcset=\"https:\/\/soymigrante.com\/revista\/wp-content\/uploads\/2025\/04\/9f5dcb0beaf0cd72f751154782868bec_XL.webp 504w, https:\/\/soymigrante.com\/revista\/wp-content\/uploads\/2025\/04\/9f5dcb0beaf0cd72f751154782868bec_XL-300x300.jpg 300w, https:\/\/soymigrante.com\/revista\/wp-content\/uploads\/2025\/04\/9f5dcb0beaf0cd72f751154782868bec_XL-150x150.jpg 150w, https:\/\/soymigrante.com\/revista\/wp-content\/uploads\/2025\/04\/9f5dcb0beaf0cd72f751154782868bec_XL-75x75.webp 75w\" sizes=\"(max-width: 504px) 100vw, 504px\" \/>\n            <\/div>\n        <\/div><div class=\"eael-entry-wrapper\"><header class=\"eael-entry-header\"><h2 class=\"eael-entry-title\"><a class=\"eael-grid-post-link\" href=\"https:\/\/soymigrante.com\/revista\/monumento-a-los-migrantes-papa-francisco-roma-washington\/\" title=\"El monumento en honor a los migrantes que el papa Francisco impuls\u00f3\">El monumento en honor a los migrantes que el papa Francisco impuls\u00f3<\/a><\/h2><\/header><div class=\"eael-entry-content\">\n                        <div class=\"eael-grid-post-excerpt\"><a href=\"https:\/\/soymigrante.com\/revista\/monumento-a-los-migrantes-papa-francisco-roma-washington\/\" class=\"eael-post-elements-readmore-btn\">CONOCE SU HISTORIA <\/a><\/div>\n                    <\/div><\/div><\/div>\n        <\/div>\n    <\/article><article class=\"eael-grid-post  eael-post-grid-column eael-pg-post-26480 category-bienestar\" data-id=\"26480\">\n        <div class=\"eael-grid-post-holder\">\n            <div class=\"eael-grid-post-holder-inner\"><div class=\"eael-entry-media\"><div class=\"eael-entry-overlay fade-in\"><i class=\"far fa-hand-pointer\" aria-hidden=\"true\"><\/i><a href=\"https:\/\/soymigrante.com\/revista\/migrantes-han-estado-continuamente-en-los-mensajes-y-oraciones-del-papa-francisco\/\"><\/a><\/div><div class=\"eael-entry-thumbnail \">\n                <img loading=\"lazy\" decoding=\"async\" width=\"426\" height=\"426\" src=\"https:\/\/soymigrante.com\/revista\/wp-content\/uploads\/2025\/02\/papa-francisco-migrantes.jpeg\" class=\"attachment-large size-large wp-image-31561\" alt=\"Refugiados y migrantes en marchas por derechos humanos y justicia social en espacios p\u00fablicos, promoviendo inclusi\u00f3n y solidaridad.\" srcset=\"https:\/\/soymigrante.com\/revista\/wp-content\/uploads\/2025\/02\/papa-francisco-migrantes.jpeg 426w, https:\/\/soymigrante.com\/revista\/wp-content\/uploads\/2025\/02\/papa-francisco-migrantes-300x300.jpeg 300w, https:\/\/soymigrante.com\/revista\/wp-content\/uploads\/2025\/02\/papa-francisco-migrantes-150x150.jpeg 150w, https:\/\/soymigrante.com\/revista\/wp-content\/uploads\/2025\/02\/papa-francisco-migrantes-75x75.jpeg 75w\" sizes=\"(max-width: 426px) 100vw, 426px\" \/>\n            <\/div>\n        <\/div><div class=\"eael-entry-wrapper\"><header class=\"eael-entry-header\"><h2 class=\"eael-entry-title\"><a class=\"eael-grid-post-link\" href=\"https:\/\/soymigrante.com\/revista\/migrantes-han-estado-continuamente-en-los-mensajes-y-oraciones-del-papa-francisco\/\" title=\"Migrantes siempre estuvieron presentes en  mensajes y oraciones del Papa Francisco (1936-2025)\">Migrantes siempre estuvieron presentes en  mensajes y oraciones del Papa Francisco (1936-2025)<\/a><\/h2><\/header><div class=\"eael-entry-content\">\n                        <div class=\"eael-grid-post-excerpt\"><a href=\"https:\/\/soymigrante.com\/revista\/migrantes-han-estado-continuamente-en-los-mensajes-y-oraciones-del-papa-francisco\/\" class=\"eael-post-elements-readmore-btn\">CONOCE SU HISTORIA <\/a><\/div>\n                    <\/div><\/div><\/div>\n        <\/div>\n    <\/article><\/div>\n            <div class=\"clearfix\"><\/div>\n        <\/div>\t\t\t\t<\/div>\n\t\t\t\t\t<\/div>\n\t\t\t\t<\/div>\n\t\t\t\t<\/div>\n\t\t","protected":false},"excerpt":{"rendered":"<p>Leon XIV es el primer papa estadounidense y el segundo nacido en Am\u00e9rica. Naci\u00f3 en Chicago. Su padre tiene ra\u00edces francesas y su mam\u00e1 es espa\u00f1ola. Trabaj\u00f3 muchos a\u00f1os en la iglesia de Per\u00fa y el papa Francisco lo llam\u00f3 en 2023 al Dicasterio de los Obispos. Robert Prevost, de 69 a\u00f1os, nacido en Chicago, [&hellip;]<\/p>\n","protected":false},"author":19,"featured_media":32947,"comment_status":"open","ping_status":"open","sticky":false,"template":"","format":"standard","meta":{"_acf_changed":false,"_eb_attr":"","footnotes":""},"categories":[54],"tags":[],"class_list":["post-32922","post","type-post","status-publish","format-standard","has-post-thumbnail","hentry","category-estamos-unidos"],"acf":[],"aioseo_notices":[],"aioseo_head":"\n\t\t<!-- All in One SEO Pro 4.9.6.2 - aioseo.com -->\n\t<meta name=\"description\" content=\"El papa Francisco, fallecido este 21 de abril de 2025, dedic\u00f3 numerosos mensajes y oraciones a los migrantes de todo el mundo, a lo largo de su pontificado.\" \/>\n\t<meta name=\"robots\" content=\"max-snippet:-1, max-image-preview:large, max-video-preview:-1\" \/>\n\t<meta name=\"author\" content=\"Marysabel Aldana\"\/>\n\t<link rel=\"canonical\" href=\"https:\/\/soymigrante.com\/revista\/migrantes-han-estado-continuamente-en-los-mensajes-y-oraciones-del-papa-francisco\/\" \/>\n\t<meta name=\"generator\" content=\"All in One SEO Pro (AIOSEO) 4.9.6.2\" \/>\n\n\t\t<link rel=\"preconnect\" href=\"https:\/\/fonts.googleapis.com\" crossorigin>\n<link rel=\"preconnect\" href=\"https:\/\/fonts.gstatic.com\" crossorigin>\n\t\t<meta property=\"og:locale\" content=\"es_ES\" \/>\n\t\t<meta property=\"og:site_name\" content=\"SoyMigrante.com REVISTA \u2013 Nuestra misi\u00f3n es reconocer y dignificar al migrante.\" \/>\n\t\t<meta property=\"og:type\" content=\"article\" \/>\n\t\t<meta property=\"og:title\" content=\"Migrantes siempre presentes en mensajes del papa Francisco\" \/>\n\t\t<meta property=\"og:description\" content=\"El papa Francisco, fallecido este 21 de abril de 2025, dedic\u00f3 numerosos mensajes y oraciones a los migrantes de todo el mundo, a lo largo de su pontificado.\" \/>\n\t\t<meta property=\"og:url\" content=\"https:\/\/soymigrante.com\/revista\/migrantes-han-estado-continuamente-en-los-mensajes-y-oraciones-del-papa-francisco\/\" \/>\n\t\t<meta property=\"og:image\" content=\"https:\/\/soymigrante.com\/revista\/wp-content\/uploads\/2025\/02\/papa-francisco-migrantes.jpeg\" \/>\n\t\t<meta property=\"og:image:secure_url\" content=\"https:\/\/soymigrante.com\/revista\/wp-content\/uploads\/2025\/02\/papa-francisco-migrantes.jpeg\" \/>\n\t\t<meta property=\"og:image:width\" content=\"426\" \/>\n\t\t<meta property=\"og:image:height\" content=\"426\" \/>\n\t\t<meta property=\"article:published_time\" content=\"2025-04-21T16:11:19+00:00\" \/>\n\t\t<meta property=\"article:modified_time\" content=\"2025-04-21T16:17:09+00:00\" \/>\n\t\t<meta property=\"article:publisher\" content=\"https:\/\/www.facebook.com\/soymigrantecom\" \/>\n\t\t<meta name=\"twitter:card\" content=\"summary_large_image\" \/>\n\t\t<meta name=\"twitter:site\" content=\"@SoyMigrante_com\" \/>\n\t\t<meta name=\"twitter:title\" content=\"Migrantes siempre presentes en mensajes del papa Francisco\" \/>\n\t\t<meta name=\"twitter:description\" content=\"El papa Francisco, fallecido este 21 de abril de 2025, dedic\u00f3 numerosos mensajes y oraciones a los migrantes de todo el mundo, a lo largo de su pontificado.\" \/>\n\t\t<meta name=\"twitter:creator\" content=\"@SoyMigrante_com\" \/>\n\t\t<meta name=\"twitter:image\" content=\"https:\/\/soymigrante.com\/revista\/wp-content\/uploads\/2025\/02\/papa-francisco-migrantes.jpeg\" \/>\n\t\t<!-- All in One SEO Pro -->\r\n\t\t<title>Migrantes siempre presentes en mensajes del papa Francisco<\/title>\n\n","aioseo_head_json":{"title":"Migrantes siempre presentes en mensajes del papa Francisco","description":"El papa Francisco, fallecido este 21 de abril de 2025, dedic\u00f3 numerosos mensajes y oraciones a los migrantes de todo el mundo, a lo largo de su pontificado.","canonical_url":"https:\/\/soymigrante.com\/revista\/migrantes-han-estado-continuamente-en-los-mensajes-y-oraciones-del-papa-francisco\/","robots":"max-snippet:-1, max-image-preview:large, max-video-preview:-1","keywords":"","webmasterTools":{"miscellaneous":"&lt;link rel=\"preconnect\" href=\"https:\/\/fonts.googleapis.com\" crossorigin&gt;\n&lt;link rel=\"preconnect\" href=\"https:\/\/fonts.gstatic.com\" crossorigin&gt;"},"schema":null,"og:locale":"es_ES","og:site_name":"SoyMigrante.com REVISTA \u2013 Nuestra misi\u00f3n es reconocer y dignificar al migrante.","og:type":"article","og:title":"Migrantes siempre presentes en mensajes del papa Francisco","og:description":"El papa Francisco, fallecido este 21 de abril de 2025, dedic\u00f3 numerosos mensajes y oraciones a los migrantes de todo el mundo, a lo largo de su pontificado.","og:url":"https:\/\/soymigrante.com\/revista\/migrantes-han-estado-continuamente-en-los-mensajes-y-oraciones-del-papa-francisco\/","og:image":"https:\/\/soymigrante.com\/revista\/wp-content\/uploads\/2025\/02\/papa-francisco-migrantes.jpeg","og:image:secure_url":"https:\/\/soymigrante.com\/revista\/wp-content\/uploads\/2025\/02\/papa-francisco-migrantes.jpeg","og:image:width":426,"og:image:height":426,"article:published_time":"2025-04-21T16:11:19+00:00","article:modified_time":"2025-04-21T16:17:09+00:00","article:publisher":"https:\/\/www.facebook.com\/soymigrantecom","twitter:card":"summary_large_image","twitter:site":"@SoyMigrante_com","twitter:title":"Migrantes siempre presentes en mensajes del papa Francisco","twitter:description":"El papa Francisco, fallecido este 21 de abril de 2025, dedic\u00f3 numerosos mensajes y oraciones a los migrantes de todo el mundo, a lo largo de su pontificado.","twitter:creator":"@SoyMigrante_com","twitter:image":"https:\/\/soymigrante.com\/revista\/wp-content\/uploads\/2025\/02\/papa-francisco-migrantes.jpeg"},"aioseo_meta_data":{"post_id":"32922","title":null,"description":"Leon XIV es el primer papa estadounidense. Naci\u00f3 en Chicago, pero desde 2015 tiene la nacionalidad peruana. Su padre tiene ra\u00edces francesas, su mam\u00e1 es espa\u00f1ola.","keywords":null,"keyphrases":{"focus":{"keyphrase":"papa","score":91,"analysis":{"keyphraseInTitle":{"score":9,"maxScore":9,"error":0},"keyphraseInDescription":{"score":9,"maxScore":9,"error":0},"keyphraseLength":{"score":9,"maxScore":9,"error":0,"length":1},"keyphraseInURL":{"score":5,"maxScore":5,"error":0},"keyphraseInIntroduction":{"score":9,"maxScore":9,"error":0},"keyphraseInSubHeadings":{"score":3,"maxScore":9,"error":1},"keyphraseInImageAlt":{"score":9,"maxScore":9,"error":0},"keywordDensity":{"type":"best","score":9,"maxScore":9,"error":0}}},"additional":[{"keyphrase":"papa","score":100,"analysis":{"keyphraseInDescription":{"score":9,"maxScore":9,"error":0},"keyphraseLength":{"score":9,"maxScore":9,"error":0,"length":1},"keyphraseInIntroduction":{"score":9,"maxScore":9,"error":0},"keyphraseInImageAlt":{"score":9,"maxScore":9,"error":0},"keywordDensity":{"type":"best","score":9,"maxScore":9,"error":0}}}]},"primary_term":null,"canonical_url":null,"og_title":null,"og_description":null,"og_object_type":"default","og_image_type":"default","og_image_url":null,"og_image_width":null,"og_image_height":null,"og_image_custom_url":null,"og_image_custom_fields":null,"og_video":"","og_custom_url":null,"og_article_section":null,"og_article_tags":null,"twitter_use_og":false,"twitter_card":"default","twitter_image_type":"default","twitter_image_url":null,"twitter_image_custom_url":null,"twitter_image_custom_fields":null,"twitter_title":null,"twitter_description":null,"schema":{"blockGraphs":[],"customGraphs":[],"default":{"data":{"Article":[],"Course":[],"Dataset":[],"FAQPage":[],"Movie":[],"Person":[],"Product":[],"ProductReview":[],"Car":[],"Recipe":[],"Service":[],"SoftwareApplication":[],"WebPage":[]},"graphName":"none","isEnabled":true},"graphs":[]},"schema_type":"default","schema_type_options":null,"pillar_content":false,"robots_default":true,"robots_noindex":false,"robots_noarchive":false,"robots_nosnippet":false,"robots_nofollow":false,"robots_noimageindex":false,"robots_noodp":false,"robots_notranslate":false,"robots_max_snippet":"-1","robots_max_videopreview":"-1","robots_max_imagepreview":"large","priority":null,"frequency":"default","local_seo":null,"seo_analyzer_scan_date":"2025-10-09 04:56:17","breadcrumb_settings":null,"limit_modified_date":false,"reviewed_by":null,"open_ai":"{\"title\":{\"suggestions\":[],\"usage\":0},\"description\":{\"suggestions\":[],\"usage\":0}}","ai":null,"created":"2025-05-08 18:06:58","updated":"2026-02-04 23:33:39"},"aioseo_breadcrumb":"<div class=\"aioseo-breadcrumbs\"><span class=\"aioseo-breadcrumb\">\n\t<a href=\"https:\/\/soymigrante.com\/revista\" title=\"Home\">Home<\/a>\n<\/span><span class=\"aioseo-breadcrumb-separator\">\u00bb<\/span><span class=\"aioseo-breadcrumb\">\n\t<a href=\"https:\/\/soymigrante.com\/revista\/category\/estamos-unidos\/\" title=\"Estamos Unidos\">Estamos Unidos<\/a>\n<\/span><span class=\"aioseo-breadcrumb-separator\">\u00bb<\/span><span class=\"aioseo-breadcrumb\">\n\tLeon XIV tiene perfil multicultural y migrante: es el primer papa nacido en Estados Unidos y nacionalizado peruano\n<\/span><\/div>","aioseo_breadcrumb_json":[{"label":"Home","link":"https:\/\/soymigrante.com\/revista"},{"label":"Estamos Unidos","link":"https:\/\/soymigrante.com\/revista\/category\/estamos-unidos\/"},{"label":"Leon XIV tiene perfil multicultural y migrante: es el primer papa nacido en Estados Unidos y nacionalizado peruano","link":"https:\/\/soymigrante.com\/revista\/leon-xiv-tiene-perfil-multicultural-y-migrante-es-el-primer-papa-nacido-en-estados-unidos-y-nacionalizado-peruano\/"}],"_links":{"self":[{"href":"https:\/\/soymigrante.com\/revista\/wp-json\/wp\/v2\/posts\/32922","targetHints":{"allow":["GET"]}}],"collection":[{"href":"https:\/\/soymigrante.com\/revista\/wp-json\/wp\/v2\/posts"}],"about":[{"href":"https:\/\/soymigrante.com\/revista\/wp-json\/wp\/v2\/types\/post"}],"author":[{"embeddable":true,"href":"https:\/\/soymigrante.com\/revista\/wp-json\/wp\/v2\/users\/19"}],"replies":[{"embeddable":true,"href":"https:\/\/soymigrante.com\/revista\/wp-json\/wp\/v2\/comments?post=32922"}],"version-history":[{"count":30,"href":"https:\/\/soymigrante.com\/revista\/wp-json\/wp\/v2\/posts\/32922\/revisions"}],"predecessor-version":[{"id":32959,"href":"https:\/\/soymigrante.com\/revista\/wp-json\/wp\/v2\/posts\/32922\/revisions\/32959"}],"wp:featuredmedia":[{"embeddable":true,"href":"https:\/\/soymigrante.com\/revista\/wp-json\/wp\/v2\/media\/32947"}],"wp:attachment":[{"href":"https:\/\/soymigrante.com\/revista\/wp-json\/wp\/v2\/media?parent=32922"}],"wp:term":[{"taxonomy":"category","embeddable":true,"href":"https:\/\/soymigrante.com\/revista\/wp-json\/wp\/v2\/categories?post=32922"},{"taxonomy":"post_tag","embeddable":true,"href":"https:\/\/soymigrante.com\/revista\/wp-json\/wp\/v2\/tags?post=32922"}],"curies":[{"name":"wp","href":"https:\/\/api.w.org\/{rel}","templated":true}]}}