{"id":32878,"date":"2025-05-09T05:00:00","date_gmt":"2025-05-09T11:00:00","guid":{"rendered":"https:\/\/soymigrante.com\/revista\/?p=32878"},"modified":"2025-05-08T23:54:03","modified_gmt":"2025-05-09T05:54:03","slug":"mayo-mes-del-arbol-retrato-de-8-especies-emblematicas-de-guatemala","status":"publish","type":"post","link":"https:\/\/soymigrante.com\/revista\/mayo-mes-del-arbol-retrato-de-8-especies-emblematicas-de-guatemala\/","title":{"rendered":"Mayo, mes del \u00e1rbol: Retrato de 8 especies emblem\u00e1ticas de Guatemala"},"content":{"rendered":"\t\t<div data-elementor-type=\"wp-post\" data-elementor-id=\"32878\" class=\"elementor elementor-32878\" data-elementor-post-type=\"post\">\n\t\t\t\t<div data-particle_enable=\"false\" data-particle-mobile-disabled=\"false\" class=\"elementor-element elementor-element-8f94189 e-flex e-con-boxed e-con e-parent\" data-id=\"8f94189\" data-element_type=\"container\" data-e-type=\"container\">\n\t\t\t\t\t<div class=\"e-con-inner\">\n\t\t\t\t<div class=\"elementor-element elementor-element-5ec84de elementor-widget elementor-widget-heading\" data-id=\"5ec84de\" data-element_type=\"widget\" data-e-type=\"widget\" data-widget_type=\"heading.default\">\n\t\t\t\t\t<h2 class=\"elementor-heading-title elementor-size-default\">Los \u00e1rboles de Guatemala son emblem\u00e1ticos, por ser fuertes y sus usos son variados. <\/h2>\t\t\t\t<\/div>\n\t\t\t\t\t<\/div>\n\t\t\t\t<\/div>\n\t\t<div data-particle_enable=\"false\" data-particle-mobile-disabled=\"false\" class=\"elementor-element elementor-element-744b325 e-flex e-con-boxed e-con e-parent\" data-id=\"744b325\" data-element_type=\"container\" data-e-type=\"container\">\n\t\t\t\t\t<div class=\"e-con-inner\">\n\t\t\t\t<div class=\"elementor-element elementor-element-6c2a843 elementor-widget elementor-widget-text-editor\" data-id=\"6c2a843\" data-element_type=\"widget\" data-e-type=\"widget\" data-widget_type=\"text-editor.default\">\n\t\t\t\t\t\t\t\t\t<p>En mayo, Guatemala celebra el Mes del \u00c1rbol, una oportunidad para destacar la riqueza arb\u00f3rea que enriquece sus paisajes y culturas.<\/p><p>A continuaci\u00f3n, <a href=\"https:\/\/soymigrante.com\/revista\/simbolos-patrios-la-ceiba-arbol-nacional-de-guatemala\/\" target=\"_blank\" rel=\"noopener\">presentamos ocho \u00e1rboles emblem\u00e1ticos de Guatemala,<\/a> sus caracter\u00edsticas y los usos que tienen en la actualidad.<\/p>\t\t\t\t\t\t\t\t<\/div>\n\t\t\t\t\t<\/div>\n\t\t\t\t<\/div>\n\t\t<div data-particle_enable=\"false\" data-particle-mobile-disabled=\"false\" class=\"elementor-element elementor-element-1f994dd e-flex e-con-boxed e-con e-parent\" data-id=\"1f994dd\" data-element_type=\"container\" data-e-type=\"container\">\n\t\t\t\t\t<div class=\"e-con-inner\">\n\t\t\t\t<div class=\"elementor-element elementor-element-c5a929c elementor-widget elementor-widget-heading\" data-id=\"c5a929c\" data-element_type=\"widget\" data-e-type=\"widget\" data-widget_type=\"heading.default\">\n\t\t\t\t\t<h3 class=\"elementor-heading-title elementor-size-default\">1. Matilisguate (Tabebuia rosea)<\/h3>\t\t\t\t<\/div>\n\t\t\t\t\t<\/div>\n\t\t\t\t<\/div>\n\t\t<div data-particle_enable=\"false\" data-particle-mobile-disabled=\"false\" class=\"elementor-element elementor-element-ad53488 e-flex e-con-boxed e-con e-parent\" data-id=\"ad53488\" data-element_type=\"container\" data-e-type=\"container\">\n\t\t\t\t\t<div class=\"e-con-inner\">\n\t\t\t\t<div class=\"elementor-element elementor-element-0f9af87 elementor-widget elementor-widget-text-editor\" data-id=\"0f9af87\" data-element_type=\"widget\" data-e-type=\"widget\" data-widget_type=\"text-editor.default\">\n\t\t\t\t\t\t\t\t\t<p><strong>Caracter\u00edsticas<\/strong>: Es un \u00e1rbol caducifolio que puede alcanzar hasta 30 metros de altura. <a href=\"https:\/\/soymigrante.com\/revista\/simbolos-patrios-la-ceiba-arbol-nacional-de-guatemala\/\" target=\"_blank\" rel=\"noopener\">Sus flores son de color rosado o blanco, formando vistosos racimos en la \u00e9poca seca,<\/a> cuando el \u00e1rbol est\u00e1 sin hojas. El tronco es robusto y la corteza es gris y agrietada.<br \/><strong>Usos actuales:<\/strong> Su madera es dura y resistente, utilizada en la construcci\u00f3n de muebles, postes y artesan\u00edas. Adem\u00e1s, es muy apreciado como \u00e1rbol ornamental en parques y avenidas debido a su floraci\u00f3n llamativa.<\/p>\t\t\t\t\t\t\t\t<\/div>\n\t\t\t\t\t<\/div>\n\t\t\t\t<\/div>\n\t\t<div data-particle_enable=\"false\" data-particle-mobile-disabled=\"false\" class=\"elementor-element elementor-element-09ede37 e-flex e-con-boxed e-con e-parent\" data-id=\"09ede37\" data-element_type=\"container\" data-e-type=\"container\">\n\t\t\t\t\t<div class=\"e-con-inner\">\n\t\t\t\t<div class=\"elementor-element elementor-element-a3b06f6 elementor-widget elementor-widget-image\" data-id=\"a3b06f6\" data-element_type=\"widget\" data-e-type=\"widget\" data-widget_type=\"image.default\">\n\t\t\t\t\t\t\t\t\t\t\t\t<figure class=\"wp-caption\">\n\t\t\t\t\t\t\t\t\t\t<img fetchpriority=\"high\" decoding=\"async\" width=\"768\" height=\"434\" src=\"https:\/\/soymigrante.com\/revista\/wp-content\/uploads\/2025\/05\/Matilisguate-arbol.webp\" class=\"attachment-large size-large wp-image-32884\" alt=\"Rama de \u00e1rbol de jacaranda en flor en un parque urbano, con edificios modernos al fondo, bajo un cielo azul brillante. Ideal para contenido sobre naturaleza, migrantes y ciudades en revistas digitales.\" srcset=\"https:\/\/soymigrante.com\/revista\/wp-content\/uploads\/2025\/05\/Matilisguate-arbol.webp 885w, https:\/\/soymigrante.com\/revista\/wp-content\/uploads\/2025\/05\/Matilisguate-arbol-300x169.jpg 300w, https:\/\/soymigrante.com\/revista\/wp-content\/uploads\/2025\/05\/Matilisguate-arbol-768x434.jpg 768w, https:\/\/soymigrante.com\/revista\/wp-content\/uploads\/2025\/05\/Matilisguate-arbol-750x424.webp 750w\" sizes=\"(max-width: 768px) 100vw, 768px\" title=\"Matilisguate arbol \u2013 SoyMigrante.com REVISTA\" \/>\t\t\t\t\t\t\t\t\t\t\t<figcaption class=\"widget-image-caption wp-caption-text\">Colorido \u00e1rbol de jacaranda en flor en la ciudad, con edificios modernos y cielo despejado de fondo. Perfecto para art\u00edculos sobre naturaleza urbana y migrantes en revistas digitales.<\/figcaption>\n\t\t\t\t\t\t\t\t\t\t<\/figure>\n\t\t\t\t\t\t\t\t\t<\/div>\n\t\t\t\t\t<\/div>\n\t\t\t\t<\/div>\n\t\t<div data-particle_enable=\"false\" data-particle-mobile-disabled=\"false\" class=\"elementor-element elementor-element-27157f4 e-flex e-con-boxed e-con e-parent\" data-id=\"27157f4\" data-element_type=\"container\" data-e-type=\"container\">\n\t\t\t\t\t<div class=\"e-con-inner\">\n\t\t\t\t<div class=\"elementor-element elementor-element-97f97c0 elementor-widget elementor-widget-heading\" data-id=\"97f97c0\" data-element_type=\"widget\" data-e-type=\"widget\" data-widget_type=\"heading.default\">\n\t\t\t\t\t<h3 class=\"elementor-heading-title elementor-size-default\">2. Palo Blanco (Cybistax donnell-smithii)<\/h3>\t\t\t\t<\/div>\n\t\t\t\t\t<\/div>\n\t\t\t\t<\/div>\n\t\t<div data-particle_enable=\"false\" data-particle-mobile-disabled=\"false\" class=\"elementor-element elementor-element-e344bb6 e-flex e-con-boxed e-con e-parent\" data-id=\"e344bb6\" data-element_type=\"container\" data-e-type=\"container\">\n\t\t\t\t\t<div class=\"e-con-inner\">\n\t\t\t\t<div class=\"elementor-element elementor-element-2803ac3 elementor-widget elementor-widget-text-editor\" data-id=\"2803ac3\" data-element_type=\"widget\" data-e-type=\"widget\" data-widget_type=\"text-editor.default\">\n\t\t\t\t\t\t\t\t\t<p><strong>Caracter\u00edsticas:<\/strong> \u00c1rbol de crecimiento r\u00e1pido que alcanza hasta 20 metros de altura. Su caracter\u00edstica m\u00e1s distintiva es su corteza de color blanco a gris claro, que se desprende en l\u00e1minas delgadas. <a href=\"https:\/\/soymigrante.com\/revista\/simbolos-patrios-la-ceiba-arbol-nacional-de-guatemala\/\" target=\"_blank\" rel=\"noopener\">Florece con racimos de flores amarillas intensas.<\/a><br \/><strong>Usos actuales:<\/strong> La madera es utilizada en la fabricaci\u00f3n de muebles y vigas, adem\u00e1s de ser empleada en construcciones rurales. Su atractivo visual lo hace ideal para la ornamentaci\u00f3n urbana.<\/p>\t\t\t\t\t\t\t\t<\/div>\n\t\t\t\t\t<\/div>\n\t\t\t\t<\/div>\n\t\t<div data-particle_enable=\"false\" data-particle-mobile-disabled=\"false\" class=\"elementor-element elementor-element-6df092c e-flex e-con-boxed e-con e-parent\" data-id=\"6df092c\" data-element_type=\"container\" data-e-type=\"container\">\n\t\t\t\t\t<div class=\"e-con-inner\">\n\t\t\t\t<div class=\"elementor-element elementor-element-81eabc7 elementor-widget elementor-widget-image\" data-id=\"81eabc7\" data-element_type=\"widget\" data-e-type=\"widget\" data-widget_type=\"image.default\">\n\t\t\t\t\t\t\t\t\t\t\t\t<figure class=\"wp-caption\">\n\t\t\t\t\t\t\t\t\t\t<img decoding=\"async\" width=\"320\" height=\"400\" src=\"https:\/\/soymigrante.com\/revista\/wp-content\/uploads\/2025\/05\/palo-blanco.webp\" class=\"attachment-large size-large wp-image-32885\" alt=\"\u00c1rbol con hojas amarillas en campo abierto bajo cielo azul, s\u00edmbolo de naturaleza y biodiversidad en entornos rurales.\" srcset=\"https:\/\/soymigrante.com\/revista\/wp-content\/uploads\/2025\/05\/palo-blanco.webp 320w, https:\/\/soymigrante.com\/revista\/wp-content\/uploads\/2025\/05\/palo-blanco-240x300.jpg 240w\" sizes=\"(max-width: 320px) 100vw, 320px\" title=\"Retrato de \u00e1rboles: 8 \u00e1rboles emblem\u00e1ticos de Guatemala \u2013 SoyMigrante.com REVISTA\" \/>\t\t\t\t\t\t\t\t\t\t\t<figcaption class=\"widget-image-caption wp-caption-text\">Revista SoyMigrante.com presenta art\u00edculos sobre migraci\u00f3n, cultura y desarrollo en comunidades rurales y \u00e1reas naturales.<\/figcaption>\n\t\t\t\t\t\t\t\t\t\t<\/figure>\n\t\t\t\t\t\t\t\t\t<\/div>\n\t\t\t\t\t<\/div>\n\t\t\t\t<\/div>\n\t\t<div data-particle_enable=\"false\" data-particle-mobile-disabled=\"false\" class=\"elementor-element elementor-element-d78818e e-flex e-con-boxed e-con e-parent\" data-id=\"d78818e\" data-element_type=\"container\" data-e-type=\"container\">\n\t\t\t\t\t<div class=\"e-con-inner\">\n\t\t\t\t<div class=\"elementor-element elementor-element-532ca86 elementor-widget elementor-widget-heading\" data-id=\"532ca86\" data-element_type=\"widget\" data-e-type=\"widget\" data-widget_type=\"heading.default\">\n\t\t\t\t\t<h3 class=\"elementor-heading-title elementor-size-default\">3. Caoba (Swietenia macrophylla)<\/h3>\t\t\t\t<\/div>\n\t\t\t\t\t<\/div>\n\t\t\t\t<\/div>\n\t\t<div data-particle_enable=\"false\" data-particle-mobile-disabled=\"false\" class=\"elementor-element elementor-element-420fed5 e-flex e-con-boxed e-con e-parent\" data-id=\"420fed5\" data-element_type=\"container\" data-e-type=\"container\">\n\t\t\t\t\t<div class=\"e-con-inner\">\n\t\t\t\t<div class=\"elementor-element elementor-element-2f5c8d3 elementor-widget elementor-widget-text-editor\" data-id=\"2f5c8d3\" data-element_type=\"widget\" data-e-type=\"widget\" data-widget_type=\"text-editor.default\">\n\t\t\t\t\t\t\t\t\t<p><strong>Caracter\u00edsticas:<\/strong> \u00c1rbol de gran porte, que puede medir hasta 50 metros de altura. Su madera es de color marr\u00f3n rojizo, densa y resistente. El tronco es recto y la corteza oscura y agrietada.<br \/><strong>Usos actuales:<\/strong> La caoba es altamente valorada para la fabricaci\u00f3n de muebles de lujo, pisos, puertas y artesan\u00edas. Debido a la explotaci\u00f3n excesiva, su tala est\u00e1 regulada para promover su conservaci\u00f3n.<\/p>\t\t\t\t\t\t\t\t<\/div>\n\t\t\t\t\t<\/div>\n\t\t\t\t<\/div>\n\t\t<div data-particle_enable=\"false\" data-particle-mobile-disabled=\"false\" class=\"elementor-element elementor-element-83657bb e-flex e-con-boxed e-con e-parent\" data-id=\"83657bb\" data-element_type=\"container\" data-e-type=\"container\">\n\t\t\t\t\t<div class=\"e-con-inner\">\n\t\t\t\t<div class=\"elementor-element elementor-element-01e0573 elementor-widget elementor-widget-image\" data-id=\"01e0573\" data-element_type=\"widget\" data-e-type=\"widget\" data-widget_type=\"image.default\">\n\t\t\t\t\t\t\t\t\t\t\t\t<figure class=\"wp-caption\">\n\t\t\t\t\t\t\t\t\t\t<img decoding=\"async\" width=\"640\" height=\"480\" src=\"https:\/\/soymigrante.com\/revista\/wp-content\/uploads\/2025\/05\/Caoba-arbol.webp\" class=\"attachment-large size-large wp-image-32886\" alt=\"\u00c1rbol frondoso con hojas verdes en paisaje exterior, s\u00edmbolo de naturaleza y crecimiento, en un entorno soleado y tranquilo.\" srcset=\"https:\/\/soymigrante.com\/revista\/wp-content\/uploads\/2025\/05\/Caoba-arbol.webp 640w, https:\/\/soymigrante.com\/revista\/wp-content\/uploads\/2025\/05\/Caoba-arbol-300x225.jpg 300w\" sizes=\"(max-width: 640px) 100vw, 640px\" title=\"Retrato de \u00e1rboles: 8 \u00e1rboles emblem\u00e1ticos de Guatemala \u2013 SoyMigrante.com REVISTA\" \/>\t\t\t\t\t\t\t\t\t\t\t<figcaption class=\"widget-image-caption wp-caption-text\">\u00c1rbol verde en paisaje exterior, representaci\u00f3n de naturaleza, crecimiento y sostenibilidad en un entorno al aire libre.<\/figcaption>\n\t\t\t\t\t\t\t\t\t\t<\/figure>\n\t\t\t\t\t\t\t\t\t<\/div>\n\t\t\t\t\t<\/div>\n\t\t\t\t<\/div>\n\t\t<div data-particle_enable=\"false\" data-particle-mobile-disabled=\"false\" class=\"elementor-element elementor-element-ebd598a e-flex e-con-boxed e-con e-parent\" data-id=\"ebd598a\" data-element_type=\"container\" data-e-type=\"container\">\n\t\t\t\t\t<div class=\"e-con-inner\">\n\t\t\t\t<div class=\"elementor-element elementor-element-642cf73 elementor-widget elementor-widget-heading\" data-id=\"642cf73\" data-element_type=\"widget\" data-e-type=\"widget\" data-widget_type=\"heading.default\">\n\t\t\t\t\t<h3 class=\"elementor-heading-title elementor-size-default\">4. Jocote (Spondias purpurea)<\/h3>\t\t\t\t<\/div>\n\t\t\t\t\t<\/div>\n\t\t\t\t<\/div>\n\t\t<div data-particle_enable=\"false\" data-particle-mobile-disabled=\"false\" class=\"elementor-element elementor-element-5577be3 e-flex e-con-boxed e-con e-parent\" data-id=\"5577be3\" data-element_type=\"container\" data-e-type=\"container\">\n\t\t\t\t\t<div class=\"e-con-inner\">\n\t\t\t\t<div class=\"elementor-element elementor-element-9f60320 elementor-widget elementor-widget-text-editor\" data-id=\"9f60320\" data-element_type=\"widget\" data-e-type=\"widget\" data-widget_type=\"text-editor.default\">\n\t\t\t\t\t\t\t\t\t<p><strong>Caracter\u00edsticas:<\/strong> \u00c1rbol de tama\u00f1o mediano que alcanza de 5 a 10 metros de altura. Sus ramas son gruesas y su follaje es caducifolio. <a href=\"https:\/\/soymigrante.com\/revista\/simbolos-patrios-la-ceiba-arbol-nacional-de-guatemala\/\" target=\"_blank\" rel=\"noopener\">Produce frutos peque\u00f1os, de color verde o rojizo al madurar, de sabor \u00e1cido y dulce.<\/a><br \/><strong>Usos actuales:<\/strong> El jocote es popular en la gastronom\u00eda guatemalteca, consumido fresco o en conserva. Tambi\u00e9n se utiliza para la elaboraci\u00f3n de bebidas tradicionales y es cultivado en huertos familiares por su f\u00e1cil propagaci\u00f3n.<\/p>\t\t\t\t\t\t\t\t<\/div>\n\t\t\t\t\t<\/div>\n\t\t\t\t<\/div>\n\t\t<div data-particle_enable=\"false\" data-particle-mobile-disabled=\"false\" class=\"elementor-element elementor-element-d98d1d5 e-flex e-con-boxed e-con e-parent\" data-id=\"d98d1d5\" data-element_type=\"container\" data-e-type=\"container\">\n\t\t\t\t\t<div class=\"e-con-inner\">\n\t\t\t\t<div class=\"elementor-element elementor-element-d4e8e11 elementor-widget elementor-widget-image\" data-id=\"d4e8e11\" data-element_type=\"widget\" data-e-type=\"widget\" data-widget_type=\"image.default\">\n\t\t\t\t\t\t\t\t\t\t\t\t<figure class=\"wp-caption\">\n\t\t\t\t\t\t\t\t\t\t<img loading=\"lazy\" decoding=\"async\" width=\"400\" height=\"400\" src=\"https:\/\/soymigrante.com\/revista\/wp-content\/uploads\/2025\/05\/jocote-arbol.webp\" class=\"attachment-large size-large wp-image-32891\" alt=\"\u00c1rbol frondoso en un entorno natural con hojas verdes y tronco robusto, ideal para ilustrar temas de naturaleza, medio ambiente o migraci\u00f3n rural en revistas digitales.\" srcset=\"https:\/\/soymigrante.com\/revista\/wp-content\/uploads\/2025\/05\/jocote-arbol.webp 400w, https:\/\/soymigrante.com\/revista\/wp-content\/uploads\/2025\/05\/jocote-arbol-300x300.jpg 300w, https:\/\/soymigrante.com\/revista\/wp-content\/uploads\/2025\/05\/jocote-arbol-150x150.jpg 150w, https:\/\/soymigrante.com\/revista\/wp-content\/uploads\/2025\/05\/jocote-arbol-75x75.webp 75w\" sizes=\"(max-width: 400px) 100vw, 400px\" title=\"Retrato de \u00e1rboles: 8 \u00e1rboles emblem\u00e1ticos de Guatemala \u2013 SoyMigrante.com REVISTA\" \/>\t\t\t\t\t\t\t\t\t\t\t<figcaption class=\"widget-image-caption wp-caption-text\">\u00c1rbol en un paisaje natural con abundantes hojas verdes, representando la biodiversidad y la conexi\u00f3n con la tierra en temas de migraci\u00f3n y cultura.<\/figcaption>\n\t\t\t\t\t\t\t\t\t\t<\/figure>\n\t\t\t\t\t\t\t\t\t<\/div>\n\t\t\t\t\t<\/div>\n\t\t\t\t<\/div>\n\t\t<div data-particle_enable=\"false\" data-particle-mobile-disabled=\"false\" class=\"elementor-element elementor-element-c93a0b4 e-flex e-con-boxed e-con e-parent\" data-id=\"c93a0b4\" data-element_type=\"container\" data-e-type=\"container\">\n\t\t\t\t\t<div class=\"e-con-inner\">\n\t\t\t\t<div class=\"elementor-element elementor-element-dc89bd6 elementor-widget elementor-widget-heading\" data-id=\"dc89bd6\" data-element_type=\"widget\" data-e-type=\"widget\" data-widget_type=\"heading.default\">\n\t\t\t\t\t<h3 class=\"elementor-heading-title elementor-size-default\">5. Hormigo (Platymiscium dimorphandrum)<\/h3>\t\t\t\t<\/div>\n\t\t\t\t\t<\/div>\n\t\t\t\t<\/div>\n\t\t<div data-particle_enable=\"false\" data-particle-mobile-disabled=\"false\" class=\"elementor-element elementor-element-3a9dea2 e-flex e-con-boxed e-con e-parent\" data-id=\"3a9dea2\" data-element_type=\"container\" data-e-type=\"container\">\n\t\t\t\t\t<div class=\"e-con-inner\">\n\t\t\t\t<div class=\"elementor-element elementor-element-ec4453d elementor-widget elementor-widget-text-editor\" data-id=\"ec4453d\" data-element_type=\"widget\" data-e-type=\"widget\" data-widget_type=\"text-editor.default\">\n\t\t\t\t\t\t\t\t\t<p><strong>Caracter\u00edsticas:<\/strong> Puede alcanzar hasta 25 metros de altura y su madera es de color rojizo, dura y muy apreciada. El tronco es recto y su copa es amplia.<br \/><strong>Usos actuales:<\/strong> Su principal uso es en la fabricaci\u00f3n de marimbas, el instrumento nacional de Guatemala, gracias a su capacidad de resonancia. Tambi\u00e9n se emplea en la ebanister\u00eda y carpinter\u00eda fina.<\/p>\t\t\t\t\t\t\t\t<\/div>\n\t\t\t\t\t<\/div>\n\t\t\t\t<\/div>\n\t\t<div data-particle_enable=\"false\" data-particle-mobile-disabled=\"false\" class=\"elementor-element elementor-element-d6cc900 e-flex e-con-boxed e-con e-parent\" data-id=\"d6cc900\" data-element_type=\"container\" data-e-type=\"container\">\n\t\t\t\t\t<div class=\"e-con-inner\">\n\t\t\t\t<div class=\"elementor-element elementor-element-4b95559 elementor-widget elementor-widget-image\" data-id=\"4b95559\" data-element_type=\"widget\" data-e-type=\"widget\" data-widget_type=\"image.default\">\n\t\t\t\t\t\t\t\t\t\t\t\t<figure class=\"wp-caption\">\n\t\t\t\t\t\t\t\t\t\t<img loading=\"lazy\" decoding=\"async\" width=\"474\" height=\"237\" src=\"https:\/\/soymigrante.com\/revista\/wp-content\/uploads\/2025\/05\/hormigo-arbol.webp\" class=\"attachment-large size-large wp-image-32893\" alt=\"\u00c1rbol en oto\u00f1o con hojas ca\u00eddas, paisaje natural y ambiente tranquilo en un d\u00eda soleado.\" srcset=\"https:\/\/soymigrante.com\/revista\/wp-content\/uploads\/2025\/05\/hormigo-arbol.webp 474w, https:\/\/soymigrante.com\/revista\/wp-content\/uploads\/2025\/05\/hormigo-arbol-300x150.jpg 300w, https:\/\/soymigrante.com\/revista\/wp-content\/uploads\/2025\/05\/hormigo-arbol-360x180.webp 360w\" sizes=\"(max-width: 474px) 100vw, 474px\" title=\"Retrato de \u00e1rboles: 8 \u00e1rboles emblem\u00e1ticos de Guatemala \u2013 SoyMigrante.com REVISTA\" \/>\t\t\t\t\t\t\t\t\t\t\t<figcaption class=\"widget-image-caption wp-caption-text\">Revista SoyMigrante.com ofrece informaci\u00f3n sobre migraci\u00f3n, derechos y cultura para la comunidad migrante.<\/figcaption>\n\t\t\t\t\t\t\t\t\t\t<\/figure>\n\t\t\t\t\t\t\t\t\t<\/div>\n\t\t\t\t\t<\/div>\n\t\t\t\t<\/div>\n\t\t<div data-particle_enable=\"false\" data-particle-mobile-disabled=\"false\" class=\"elementor-element elementor-element-b4dd071 e-flex e-con-boxed e-con e-parent\" data-id=\"b4dd071\" data-element_type=\"container\" data-e-type=\"container\">\n\t\t\t\t\t<div class=\"e-con-inner\">\n\t\t\t\t<div class=\"elementor-element elementor-element-fa7c0dc elementor-widget elementor-widget-heading\" data-id=\"fa7c0dc\" data-element_type=\"widget\" data-e-type=\"widget\" data-widget_type=\"heading.default\">\n\t\t\t\t\t<h3 class=\"elementor-heading-title elementor-size-default\">6. Rosul (Dalbergia tucurensis)<\/h3>\t\t\t\t<\/div>\n\t\t\t\t\t<\/div>\n\t\t\t\t<\/div>\n\t\t<div data-particle_enable=\"false\" data-particle-mobile-disabled=\"false\" class=\"elementor-element elementor-element-b3ac176 e-flex e-con-boxed e-con e-parent\" data-id=\"b3ac176\" data-element_type=\"container\" data-e-type=\"container\">\n\t\t\t\t\t<div class=\"e-con-inner\">\n\t\t\t\t<div class=\"elementor-element elementor-element-f6d5091 elementor-widget elementor-widget-text-editor\" data-id=\"f6d5091\" data-element_type=\"widget\" data-e-type=\"widget\" data-widget_type=\"text-editor.default\">\n\t\t\t\t\t\t\t\t\t<p><strong>Caracter\u00edsticas:<\/strong> \u00c1rbol de tama\u00f1o mediano, cuya madera es de color oscuro y de alta densidad. Su corteza es rugosa y de tonos pardos. Se encuentra principalmente en zonas boscosas del norte de Guatemala.<br \/><strong>Usos actuales:<\/strong> La madera de rosul se emplea en la fabricaci\u00f3n de muebles finos, instrumentos musicales y esculturas. <a href=\"https:\/\/soymigrante.com\/revista\/simbolos-patrios-la-ceiba-arbol-nacional-de-guatemala\/\" target=\"_blank\" rel=\"noopener\">Su alta resistencia lo hace ideal para carpinter\u00eda de alta calidad.<\/a><\/p>\t\t\t\t\t\t\t\t<\/div>\n\t\t\t\t\t<\/div>\n\t\t\t\t<\/div>\n\t\t<div data-particle_enable=\"false\" data-particle-mobile-disabled=\"false\" class=\"elementor-element elementor-element-582bd59 e-flex e-con-boxed e-con e-parent\" data-id=\"582bd59\" data-element_type=\"container\" data-e-type=\"container\">\n\t\t\t\t\t<div class=\"e-con-inner\">\n\t\t\t\t<div class=\"elementor-element elementor-element-079046e elementor-widget elementor-widget-image\" data-id=\"079046e\" data-element_type=\"widget\" data-e-type=\"widget\" data-widget_type=\"image.default\">\n\t\t\t\t\t\t\t\t\t\t\t\t<figure class=\"wp-caption\">\n\t\t\t\t\t\t\t\t\t\t<img loading=\"lazy\" decoding=\"async\" width=\"768\" height=\"605\" src=\"https:\/\/soymigrante.com\/revista\/wp-content\/uploads\/2025\/05\/rosul-arbol.webp\" class=\"attachment-large size-large wp-image-32895\" alt=\"\u00c1rbol frondoso con hojas verdes y luz solar filtr\u00e1ndose, s\u00edmbolo de naturaleza y sustentabilidad para revistas y publicaciones relacionadas con inmigrantes y cultura en Espa\u00f1a.\" srcset=\"https:\/\/soymigrante.com\/revista\/wp-content\/uploads\/2025\/05\/rosul-arbol.webp 1015w, https:\/\/soymigrante.com\/revista\/wp-content\/uploads\/2025\/05\/rosul-arbol-300x236.jpg 300w, https:\/\/soymigrante.com\/revista\/wp-content\/uploads\/2025\/05\/rosul-arbol-768x605.jpg 768w, https:\/\/soymigrante.com\/revista\/wp-content\/uploads\/2025\/05\/rosul-arbol-750x591.webp 750w\" sizes=\"(max-width: 768px) 100vw, 768px\" title=\"Retrato de \u00e1rboles: 8 \u00e1rboles emblem\u00e1ticos de Guatemala \u2013 SoyMigrante.com REVISTA\" \/>\t\t\t\t\t\t\t\t\t\t\t<figcaption class=\"widget-image-caption wp-caption-text\">Imagen de copas de \u00e1rboles con hojas verdes, resaltando la belleza natural y la conexi\u00f3n con el entorno, ideal para contenidos culturales y sustentables en SoyMigrante.com REVISTA.<\/figcaption>\n\t\t\t\t\t\t\t\t\t\t<\/figure>\n\t\t\t\t\t\t\t\t\t<\/div>\n\t\t\t\t\t<\/div>\n\t\t\t\t<\/div>\n\t\t<div data-particle_enable=\"false\" data-particle-mobile-disabled=\"false\" class=\"elementor-element elementor-element-a473477 e-flex e-con-boxed e-con e-parent\" data-id=\"a473477\" data-element_type=\"container\" data-e-type=\"container\">\n\t\t\t\t\t<div class=\"e-con-inner\">\n\t\t\t\t<div class=\"elementor-element elementor-element-6d1e71c elementor-widget elementor-widget-heading\" data-id=\"6d1e71c\" data-element_type=\"widget\" data-e-type=\"widget\" data-widget_type=\"heading.default\">\n\t\t\t\t\t<h3 class=\"elementor-heading-title elementor-size-default\">7. Ceiba (Ceiba pentandra)<\/h3>\t\t\t\t<\/div>\n\t\t\t\t\t<\/div>\n\t\t\t\t<\/div>\n\t\t<div data-particle_enable=\"false\" data-particle-mobile-disabled=\"false\" class=\"elementor-element elementor-element-057b0b0 e-flex e-con-boxed e-con e-parent\" data-id=\"057b0b0\" data-element_type=\"container\" data-e-type=\"container\">\n\t\t\t\t\t<div class=\"e-con-inner\">\n\t\t\t\t<div class=\"elementor-element elementor-element-41d4c62 elementor-widget elementor-widget-text-editor\" data-id=\"41d4c62\" data-element_type=\"widget\" data-e-type=\"widget\" data-widget_type=\"text-editor.default\">\n\t\t\t\t\t\t\t\t\t<p><strong>Caracter\u00edsticas:<\/strong><a href=\"https:\/\/soymigrante.com\/revista\/simbolos-patrios-la-ceiba-arbol-nacional-de-guatemala\/\" target=\"_blank\" rel=\"noopener\"> \u00c1rbol monumental que puede superar los 60 metros de altura.<\/a> Su tronco es grueso y con espinas c\u00f3nicas en la juventud. Las ra\u00edces tabulares y la copa amplia lo hacen imponente en el paisaje.<br \/><strong>Usos actuales:<\/strong> En la cultura maya, la ceiba representa el \u00e1rbol sagrado que conecta el inframundo, la tierra y el cielo. Sus fibras se usan para rellenos de colchones y almohadas, mientras que su corteza tiene propiedades medicinales.<\/p>\t\t\t\t\t\t\t\t<\/div>\n\t\t\t\t\t<\/div>\n\t\t\t\t<\/div>\n\t\t<div data-particle_enable=\"false\" data-particle-mobile-disabled=\"false\" class=\"elementor-element elementor-element-b3d54b2 e-flex e-con-boxed e-con e-parent\" data-id=\"b3d54b2\" data-element_type=\"container\" data-e-type=\"container\">\n\t\t\t\t\t<div class=\"e-con-inner\">\n\t\t\t\t<div class=\"elementor-element elementor-element-4ec698b elementor-widget elementor-widget-image\" data-id=\"4ec698b\" data-element_type=\"widget\" data-e-type=\"widget\" data-widget_type=\"image.default\">\n\t\t\t\t\t\t\t\t\t\t\t\t<figure class=\"wp-caption\">\n\t\t\t\t\t\t\t\t\t\t<img loading=\"lazy\" decoding=\"async\" width=\"580\" height=\"388\" src=\"https:\/\/soymigrante.com\/revista\/wp-content\/uploads\/2025\/05\/ceiba-arbol.webp\" class=\"attachment-large size-large wp-image-32900\" alt=\"Retrato de \u00e1rboles: 8 \u00e1rboles emblem\u00e1ticos de Guatemala\" srcset=\"https:\/\/soymigrante.com\/revista\/wp-content\/uploads\/2025\/05\/ceiba-arbol.webp 580w, https:\/\/soymigrante.com\/revista\/wp-content\/uploads\/2025\/05\/ceiba-arbol-300x201.jpg 300w\" sizes=\"(max-width: 580px) 100vw, 580px\" title=\"Retrato de \u00e1rboles: 8 \u00e1rboles emblem\u00e1ticos de Guatemala \u2013 SoyMigrante.com REVISTA\" \/>\t\t\t\t\t\t\t\t\t\t\t<figcaption class=\"widget-image-caption wp-caption-text\">La ceiba es el \u00e1rbol nacional de Guatemala. (Foto: INGUAT)<\/figcaption>\n\t\t\t\t\t\t\t\t\t\t<\/figure>\n\t\t\t\t\t\t\t\t\t<\/div>\n\t\t\t\t\t<\/div>\n\t\t\t\t<\/div>\n\t\t<div data-particle_enable=\"false\" data-particle-mobile-disabled=\"false\" class=\"elementor-element elementor-element-8f7264d e-flex e-con-boxed e-con e-parent\" data-id=\"8f7264d\" data-element_type=\"container\" data-e-type=\"container\">\n\t\t\t\t\t<div class=\"e-con-inner\">\n\t\t\t\t<div class=\"elementor-element elementor-element-53e1638 elementor-widget elementor-widget-heading\" data-id=\"53e1638\" data-element_type=\"widget\" data-e-type=\"widget\" data-widget_type=\"heading.default\">\n\t\t\t\t\t<h3 class=\"elementor-heading-title elementor-size-default\">8. Cedro (Cedrela odorata)<\/h3>\t\t\t\t<\/div>\n\t\t\t\t\t<\/div>\n\t\t\t\t<\/div>\n\t\t<div data-particle_enable=\"false\" data-particle-mobile-disabled=\"false\" class=\"elementor-element elementor-element-8c09184 e-flex e-con-boxed e-con e-parent\" data-id=\"8c09184\" data-element_type=\"container\" data-e-type=\"container\">\n\t\t\t\t\t<div class=\"e-con-inner\">\n\t\t\t\t<div class=\"elementor-element elementor-element-edc1428 elementor-widget elementor-widget-text-editor\" data-id=\"edc1428\" data-element_type=\"widget\" data-e-type=\"widget\" data-widget_type=\"text-editor.default\">\n\t\t\t\t\t\t\t\t\t<p><strong>Caracter\u00edsticas:<\/strong> \u00c1rbol de r\u00e1pido crecimiento que puede alcanzar hasta 30 metros de altura. Su madera es rojiza y arom\u00e1tica, mientras que la corteza es marr\u00f3n y se desprende en placas.<br \/><strong>Usos actuales:<\/strong> Es una de las maderas m\u00e1s valoradas para la construcci\u00f3n de muebles, puertas y ventanas. <a href=\"https:\/\/soymigrante.com\/revista\/simbolos-patrios-la-ceiba-arbol-nacional-de-guatemala\/\" target=\"_blank\" rel=\"noopener\">Tambi\u00e9n se utiliza en artesan\u00edas finas y su aceite esencial tiene usos medicinales.<\/a><\/p>\t\t\t\t\t\t\t\t<\/div>\n\t\t\t\t\t<\/div>\n\t\t\t\t<\/div>\n\t\t<div data-particle_enable=\"false\" data-particle-mobile-disabled=\"false\" class=\"elementor-element elementor-element-e5f8d25 e-flex e-con-boxed e-con e-parent\" data-id=\"e5f8d25\" data-element_type=\"container\" data-e-type=\"container\">\n\t\t\t\t\t<div class=\"e-con-inner\">\n\t\t\t\t<div class=\"elementor-element elementor-element-f8f42f9 elementor-widget elementor-widget-image\" data-id=\"f8f42f9\" data-element_type=\"widget\" data-e-type=\"widget\" data-widget_type=\"image.default\">\n\t\t\t\t\t\t\t\t\t\t\t\t<figure class=\"wp-caption\">\n\t\t\t\t\t\t\t\t\t\t<img loading=\"lazy\" decoding=\"async\" width=\"474\" height=\"326\" src=\"https:\/\/soymigrante.com\/revista\/wp-content\/uploads\/2025\/05\/Cedro-arbol.webp\" class=\"attachment-large size-large wp-image-32899\" alt=\"Ancestros de \u00e1rboles en un paisaje natural con cielo azul, destacando la importancia de la naturaleza y cultura en la migraci\u00f3n.\" srcset=\"https:\/\/soymigrante.com\/revista\/wp-content\/uploads\/2025\/05\/Cedro-arbol.webp 474w, https:\/\/soymigrante.com\/revista\/wp-content\/uploads\/2025\/05\/Cedro-arbol-300x206.jpg 300w\" sizes=\"(max-width: 474px) 100vw, 474px\" title=\"Retrato de \u00e1rboles: 8 \u00e1rboles emblem\u00e1ticos de Guatemala \u2013 SoyMigrante.com REVISTA\" \/>\t\t\t\t\t\t\t\t\t\t\t<figcaption class=\"widget-image-caption wp-caption-text\">Paisaje natural con \u00e1rboles en un entorno abierto, resaltando la conexi\u00f3n entre naturaleza y migraci\u00f3n en la cultura hispana.<\/figcaption>\n\t\t\t\t\t\t\t\t\t\t<\/figure>\n\t\t\t\t\t\t\t\t\t<\/div>\n\t\t\t\t\t<\/div>\n\t\t\t\t<\/div>\n\t\t<div data-particle_enable=\"false\" data-particle-mobile-disabled=\"false\" class=\"elementor-element elementor-element-632b9d5 e-flex e-con-boxed e-con e-parent\" data-id=\"632b9d5\" data-element_type=\"container\" data-e-type=\"container\">\n\t\t\t\t\t<div class=\"e-con-inner\">\n\t\t\t\t<div class=\"elementor-element elementor-element-3349e49 elementor-widget elementor-widget-heading\" data-id=\"3349e49\" data-element_type=\"widget\" data-e-type=\"widget\" data-widget_type=\"heading.default\">\n\t\t\t\t\t<h3 class=\"elementor-heading-title elementor-size-default\">Conservaci\u00f3n y valor cultural<\/h3>\t\t\t\t<\/div>\n\t\t\t\t\t<\/div>\n\t\t\t\t<\/div>\n\t\t<div data-particle_enable=\"false\" data-particle-mobile-disabled=\"false\" class=\"elementor-element elementor-element-04dfdb8 e-flex e-con-boxed e-con e-parent\" data-id=\"04dfdb8\" data-element_type=\"container\" data-e-type=\"container\">\n\t\t\t\t\t<div class=\"e-con-inner\">\n\t\t\t\t<div class=\"elementor-element elementor-element-d0a2c36 elementor-widget elementor-widget-text-editor\" data-id=\"d0a2c36\" data-element_type=\"widget\" data-e-type=\"widget\" data-widget_type=\"text-editor.default\">\n\t\t\t\t\t\t\t\t\t<p><a href=\"https:\/\/soymigrante.com\/revista\/simbolos-patrios-la-ceiba-arbol-nacional-de-guatemala\/\" target=\"_blank\" rel=\"noopener\">Estos \u00e1rboles no solo embellecen el paisaje guatemalteco, sino que tambi\u00e9n representan una riqueza natural que es vital preservar<\/a>. Durante el Mes del \u00c1rbol, es fundamental reflexionar sobre la protecci\u00f3n de estas especies y promover su reforestaci\u00f3n, garantizando que futuras generaciones puedan seguir disfrutando de su belleza y utilidad.<\/p>\t\t\t\t\t\t\t\t<\/div>\n\t\t\t\t\t<\/div>\n\t\t\t\t<\/div>\n\t\t<div data-particle_enable=\"false\" data-particle-mobile-disabled=\"false\" class=\"elementor-element elementor-element-f566ea3 e-flex e-con-boxed e-con e-parent\" data-id=\"f566ea3\" data-element_type=\"container\" data-e-type=\"container\">\n\t\t\t\t\t<div class=\"e-con-inner\">\n\t\t\t\t<div class=\"elementor-element elementor-element-781bfb1 elementor-widget elementor-widget-heading\" data-id=\"781bfb1\" data-element_type=\"widget\" data-e-type=\"widget\" data-widget_type=\"heading.default\">\n\t\t\t\t\t<h2 class=\"elementor-heading-title elementor-size-default\">Conoce m\u00e1s de Guatemala, ac\u00e1...<\/h2>\t\t\t\t<\/div>\n\t\t\t\t\t<\/div>\n\t\t\t\t<\/div>\n\t\t<div data-particle_enable=\"false\" data-particle-mobile-disabled=\"false\" class=\"elementor-element elementor-element-3890dc3 e-flex e-con-boxed e-con e-parent\" data-id=\"3890dc3\" data-element_type=\"container\" data-e-type=\"container\">\n\t\t\t\t\t<div class=\"e-con-inner\">\n\t\t\t\t<div class=\"elementor-element elementor-element-92ddf45 elementor-grid-eael-col-3 elementor-grid-tablet-eael-col-2 elementor-grid-mobile-eael-col-1 elementor-widget elementor-widget-eael-post-grid\" data-id=\"92ddf45\" data-element_type=\"widget\" data-e-type=\"widget\" data-settings=\"{&quot;eael_post_grid_columns&quot;:&quot;eael-col-3&quot;,&quot;eael_post_grid_columns_tablet&quot;:&quot;eael-col-2&quot;,&quot;eael_post_grid_columns_mobile&quot;:&quot;eael-col-1&quot;}\" data-widget_type=\"eael-post-grid.default\">\n\t\t\t\t\t<div id=\"eael-post-grid-92ddf45\" class=\"eael-post-grid-container\">\n            <div class=\"eael-post-grid eael-post-appender eael-post-appender-92ddf45 eael-post-grid-style-one\" data-layout-mode=\"masonry\"><article class=\"eael-grid-post  eael-post-grid-column eael-pg-post-1084 category-exitos tags-california\" data-id=\"1084\">\n        <div class=\"eael-grid-post-holder\">\n            <div class=\"eael-grid-post-holder-inner\"><div class=\"eael-entry-media\"><div class=\"eael-entry-overlay fade-in\"><i class=\"far fa-hand-pointer\" aria-hidden=\"true\"><\/i><a href=\"https:\/\/soymigrante.com\/revista\/nuestro-deber-es-impulsar-nuevos-suenos-raul-monterroso-artista-y-constructor-en-l-a\/\"><\/a><\/div><div class=\"eael-entry-thumbnail \">\n                <img loading=\"lazy\" decoding=\"async\" width=\"719\" height=\"719\" src=\"https:\/\/soymigrante.com\/revista\/wp-content\/uploads\/2023\/05\/senor-con-raul.webp\" class=\"attachment-large size-large wp-image-20784\" alt=\"Cristo crucificado y figuras religiosas en un altar en una presentaci\u00f3n cultural.\" srcset=\"https:\/\/soymigrante.com\/revista\/wp-content\/uploads\/2023\/05\/senor-con-raul.webp 719w, https:\/\/soymigrante.com\/revista\/wp-content\/uploads\/2023\/05\/senor-con-raul-300x300.jpg 300w, https:\/\/soymigrante.com\/revista\/wp-content\/uploads\/2023\/05\/senor-con-raul-150x150.jpg 150w, https:\/\/soymigrante.com\/revista\/wp-content\/uploads\/2023\/05\/senor-con-raul-75x75.webp 75w\" sizes=\"(max-width: 719px) 100vw, 719px\" \/>\n            <\/div>\n        <\/div><div class=\"eael-entry-wrapper\"><header class=\"eael-entry-header\"><h2 class=\"eael-entry-title\"><a class=\"eael-grid-post-link\" href=\"https:\/\/soymigrante.com\/revista\/nuestro-deber-es-impulsar-nuevos-suenos-raul-monterroso-artista-y-constructor-en-l-a\/\" title=\"Artista migrante Ra\u00fal Monterroso  elabora piezas en homenaje a emblemas de Guatemala\">Artista migrante Ra\u00fal Monterroso  elabora piezas en homenaje a emblemas de Guatemala<\/a><\/h2><\/header><div class=\"eael-entry-content\">\n                        <div class=\"eael-grid-post-excerpt\"><a href=\"https:\/\/soymigrante.com\/revista\/nuestro-deber-es-impulsar-nuevos-suenos-raul-monterroso-artista-y-constructor-en-l-a\/\" class=\"eael-post-elements-readmore-btn\">CONOCE SU HISTORIA <\/a><\/div>\n                    <\/div><\/div><\/div>\n        <\/div>\n    <\/article><article class=\"eael-grid-post  eael-post-grid-column eael-pg-post-318 category-recursos-migratorios\" data-id=\"318\">\n        <div class=\"eael-grid-post-holder\">\n            <div class=\"eael-grid-post-holder-inner\"><div class=\"eael-entry-media\"><div class=\"eael-entry-overlay fade-in\"><i class=\"far fa-hand-pointer\" aria-hidden=\"true\"><\/i><a href=\"https:\/\/soymigrante.com\/revista\/tramite-gratuito-de-dpi-para-retornados-a-guatemala\/\"><\/a><\/div><div class=\"eael-entry-thumbnail \">\n                <img loading=\"lazy\" decoding=\"async\" width=\"1024\" height=\"744\" src=\"https:\/\/soymigrante.com\/revista\/wp-content\/uploads\/2023\/03\/dpi-cortesia-la-hora-1024x744.jpg\" class=\"attachment-large size-large wp-image-755\" alt=\"Tr\u00e1mite gratuito de DPI para retornados a Guatemala\" srcset=\"https:\/\/soymigrante.com\/revista\/wp-content\/uploads\/2023\/03\/dpi-cortesia-la-hora-1024x744.jpg 1024w, https:\/\/soymigrante.com\/revista\/wp-content\/uploads\/2023\/03\/dpi-cortesia-la-hora-300x218.webp 300w, https:\/\/soymigrante.com\/revista\/wp-content\/uploads\/2023\/03\/dpi-cortesia-la-hora-768x558.jpg 768w, https:\/\/soymigrante.com\/revista\/wp-content\/uploads\/2023\/03\/dpi-cortesia-la-hora-120x86.webp 120w, https:\/\/soymigrante.com\/revista\/wp-content\/uploads\/2023\/03\/dpi-cortesia-la-hora-750x545.webp 750w, https:\/\/soymigrante.com\/revista\/wp-content\/uploads\/2023\/03\/dpi-cortesia-la-hora-1140x828.jpg 1140w, https:\/\/soymigrante.com\/revista\/wp-content\/uploads\/2023\/03\/dpi-cortesia-la-hora.webp 1276w\" sizes=\"(max-width: 1024px) 100vw, 1024px\" \/>\n            <\/div>\n        <\/div><div class=\"eael-entry-wrapper\"><header class=\"eael-entry-header\"><h2 class=\"eael-entry-title\"><a class=\"eael-grid-post-link\" href=\"https:\/\/soymigrante.com\/revista\/tramite-gratuito-de-dpi-para-retornados-a-guatemala\/\" title=\"Tr\u00e1mite gratuito de DPI para retornados a Guatemala\">Tr\u00e1mite gratuito de DPI para retornados a Guatemala<\/a><\/h2><\/header><div class=\"eael-entry-content\">\n                        <div class=\"eael-grid-post-excerpt\"><a href=\"https:\/\/soymigrante.com\/revista\/tramite-gratuito-de-dpi-para-retornados-a-guatemala\/\" class=\"eael-post-elements-readmore-btn\">CONOCE SU HISTORIA <\/a><\/div>\n                    <\/div><\/div><\/div>\n        <\/div>\n    <\/article><article class=\"eael-grid-post  eael-post-grid-column eael-pg-post-763 category-exitos-guatemala tags-california\" data-id=\"763\">\n        <div class=\"eael-grid-post-holder\">\n            <div class=\"eael-grid-post-holder-inner\"><div class=\"eael-entry-media\"><div class=\"eael-entry-overlay fade-in\"><i class=\"far fa-hand-pointer\" aria-hidden=\"true\"><\/i><a href=\"https:\/\/soymigrante.com\/revista\/biologo-lustra-el-mayor-tesoro-de-guatemala\/\"><\/a><\/div><div class=\"eael-entry-thumbnail \">\n                <img loading=\"lazy\" decoding=\"async\" width=\"1024\" height=\"769\" src=\"https:\/\/soymigrante.com\/revista\/wp-content\/uploads\/2023\/03\/SOY-MIGRANTE-RENE-CORADO-BIOLOGO-4-1024x769.jpg\" class=\"attachment-large size-large wp-image-809\" alt=\"Ren\u00e9 Corado, migrante y biologo director del museo de aves de Oxnard, California\" srcset=\"https:\/\/soymigrante.com\/revista\/wp-content\/uploads\/2023\/03\/SOY-MIGRANTE-RENE-CORADO-BIOLOGO-4-1024x769.jpg 1024w, https:\/\/soymigrante.com\/revista\/wp-content\/uploads\/2023\/03\/SOY-MIGRANTE-RENE-CORADO-BIOLOGO-4-300x225.webp 300w, https:\/\/soymigrante.com\/revista\/wp-content\/uploads\/2023\/03\/SOY-MIGRANTE-RENE-CORADO-BIOLOGO-4-768x577.jpg 768w, https:\/\/soymigrante.com\/revista\/wp-content\/uploads\/2023\/03\/SOY-MIGRANTE-RENE-CORADO-BIOLOGO-4-1536x1154.jpg 1536w, https:\/\/soymigrante.com\/revista\/wp-content\/uploads\/2023\/03\/SOY-MIGRANTE-RENE-CORADO-BIOLOGO-4-2048x1539.jpg 2048w, https:\/\/soymigrante.com\/revista\/wp-content\/uploads\/2023\/03\/SOY-MIGRANTE-RENE-CORADO-BIOLOGO-4-750x563.webp 750w, https:\/\/soymigrante.com\/revista\/wp-content\/uploads\/2023\/03\/SOY-MIGRANTE-RENE-CORADO-BIOLOGO-4-1140x856.jpg 1140w, https:\/\/soymigrante.com\/revista\/wp-content\/uploads\/2023\/03\/SOY-MIGRANTE-RENE-CORADO-BIOLOGO-4-scaled.webp 1920w\" sizes=\"(max-width: 1024px) 100vw, 1024px\" \/>\n            <\/div>\n        <\/div><div class=\"eael-entry-wrapper\"><header class=\"eael-entry-header\"><h2 class=\"eael-entry-title\"><a class=\"eael-grid-post-link\" href=\"https:\/\/soymigrante.com\/revista\/biologo-lustra-el-mayor-tesoro-de-guatemala\/\" title=\"Bi\u00f3logo migrante Ren\u00e9 Corado lustra el mayor tesoro de Guatemala\">Bi\u00f3logo migrante Ren\u00e9 Corado lustra el mayor tesoro de Guatemala<\/a><\/h2><\/header><div class=\"eael-entry-content\">\n                        <div class=\"eael-grid-post-excerpt\"><a href=\"https:\/\/soymigrante.com\/revista\/biologo-lustra-el-mayor-tesoro-de-guatemala\/\" class=\"eael-post-elements-readmore-btn\">CONOCE SU HISTORIA <\/a><\/div>\n                    <\/div><\/div><\/div>\n        <\/div>\n    <\/article><\/div>\n            <div class=\"clearfix\"><\/div>\n        <\/div>\t\t\t\t<\/div>\n\t\t\t\t\t<\/div>\n\t\t\t\t<\/div>\n\t\t\t\t<\/div>\n\t\t","protected":false},"excerpt":{"rendered":"<p>Los \u00e1rboles de Guatemala son emblem\u00e1ticos, por ser fuertes y sus usos son variados. En mayo, Guatemala celebra el Mes del \u00c1rbol, una oportunidad para destacar la riqueza arb\u00f3rea que enriquece sus paisajes y culturas. A continuaci\u00f3n, presentamos ocho \u00e1rboles emblem\u00e1ticos de Guatemala, sus caracter\u00edsticas y los usos que tienen en la actualidad. 1. Matilisguate [&hellip;]<\/p>\n","protected":false},"author":19,"featured_media":32879,"comment_status":"open","ping_status":"open","sticky":false,"template":"","format":"standard","meta":{"_acf_changed":false,"_eb_attr":"","footnotes":""},"categories":[58],"tags":[],"class_list":["post-32878","post","type-post","status-publish","format-standard","has-post-thumbnail","hentry","category-guate-nuestra"],"acf":[],"aioseo_notices":[],"aioseo_head":"\n\t\t<!-- All in One SEO Pro 4.9.6.2 - aioseo.com -->\n\t<meta name=\"description\" content=\"El bi\u00f3logo, escritor y migrante Ren\u00e9 Corado dirige el museo de aves de Camarillo, California; su ni\u00f1ez en Guatemala fue dif\u00edcil y por eso impulsa la educaci\u00f3n en su pa\u00eds. La vida del migrante guatemalteco Ren\u00e9 Corado est\u00e1 hecha de imposibles convertidos en posibilidad. \u00bfC\u00f3mo un ni\u00f1o lustrador llega a ser director de uno de\" \/>\n\t<meta name=\"robots\" content=\"max-snippet:-1, max-image-preview:large, max-video-preview:-1\" \/>\n\t<meta name=\"author\" content=\"Marysabel Aldana\"\/>\n\t<link rel=\"canonical\" href=\"https:\/\/soymigrante.com\/revista\/mayo-mes-del-arbol-retrato-de-8-especies-emblematicas-de-guatemala\/\" \/>\n\t<meta name=\"generator\" content=\"All in One SEO Pro (AIOSEO) 4.9.6.2\" \/>\n\n\t\t<link rel=\"preconnect\" href=\"https:\/\/fonts.googleapis.com\" crossorigin>\n<link rel=\"preconnect\" href=\"https:\/\/fonts.gstatic.com\" crossorigin>\n\t\t<meta property=\"og:locale\" content=\"es_ES\" \/>\n\t\t<meta property=\"og:site_name\" content=\"SoyMigrante.com REVISTA \u2013 Nuestra misi\u00f3n es reconocer y dignificar al migrante.\" \/>\n\t\t<meta property=\"og:type\" content=\"article\" \/>\n\t\t<meta property=\"og:title\" content=\"Mayo, mes del \u00e1rbol: Retrato de 8 especies emblem\u00e1ticas de Guatemala\" \/>\n\t\t<meta property=\"og:description\" content=\"Los \u00e1rboles de Guatemala son emblem\u00e1ticos, por ser fuertes y sus usos son variados.\" \/>\n\t\t<meta property=\"og:url\" content=\"https:\/\/soymigrante.com\/revista\/mayo-mes-del-arbol-retrato-de-8-especies-emblematicas-de-guatemala\/\" \/>\n\t\t<meta property=\"og:image\" content=\"https:\/\/soymigrante.com\/revista\/wp-content\/uploads\/2025\/05\/ceiba-portada-e1746720492557.webp\" \/>\n\t\t<meta property=\"og:image:secure_url\" content=\"https:\/\/soymigrante.com\/revista\/wp-content\/uploads\/2025\/05\/ceiba-portada-e1746720492557.webp\" \/>\n\t\t<meta property=\"og:image:width\" content=\"600\" \/>\n\t\t<meta property=\"og:image:height\" content=\"600\" \/>\n\t\t<meta property=\"article:published_time\" content=\"2025-05-09T11:00:00+00:00\" \/>\n\t\t<meta property=\"article:modified_time\" content=\"2025-05-09T05:54:03+00:00\" \/>\n\t\t<meta property=\"article:publisher\" content=\"https:\/\/www.facebook.com\/soymigrantecom\" \/>\n\t\t<meta name=\"twitter:card\" content=\"summary_large_image\" \/>\n\t\t<meta name=\"twitter:site\" content=\"@SoyMigrante_com\" \/>\n\t\t<meta name=\"twitter:title\" content=\"Mayo, mes del \u00e1rbol: Retrato de 8 especies emblem\u00e1ticas de Guatemala\" \/>\n\t\t<meta name=\"twitter:description\" content=\"Los \u00e1rboles de Guatemala son emblem\u00e1ticos, por ser fuertes y sus usos son variados.\" \/>\n\t\t<meta name=\"twitter:creator\" content=\"@SoyMigrante_com\" \/>\n\t\t<meta name=\"twitter:image\" content=\"https:\/\/soymigrante.com\/revista\/wp-content\/uploads\/2025\/05\/ceiba-portada-e1746720492557.webp\" \/>\n\t\t<!-- All in One SEO Pro -->\r\n\t\t<title>Mayo, mes del \u00e1rbol: Retrato de 8 especies emblem\u00e1ticas de Guatemala<\/title>\n\n","aioseo_head_json":{"title":"Mayo, mes del \u00e1rbol: Retrato de 8 especies emblem\u00e1ticas de Guatemala","description":"Los \u00e1rboles de Guatemala son emblem\u00e1ticos, por ser fuertes y sus usos son variados.","canonical_url":"https:\/\/soymigrante.com\/revista\/mayo-mes-del-arbol-retrato-de-8-especies-emblematicas-de-guatemala\/","robots":"max-snippet:-1, max-image-preview:large, max-video-preview:-1","keywords":"","webmasterTools":{"miscellaneous":"&lt;link rel=\"preconnect\" href=\"https:\/\/fonts.googleapis.com\" crossorigin&gt;\n&lt;link rel=\"preconnect\" href=\"https:\/\/fonts.gstatic.com\" crossorigin&gt;"},"schema":null,"og:locale":"es_ES","og:site_name":"SoyMigrante.com REVISTA \u2013 Nuestra misi\u00f3n es reconocer y dignificar al migrante.","og:type":"article","og:title":"Mayo, mes del \u00e1rbol: Retrato de 8 especies emblem\u00e1ticas de Guatemala","og:description":"Los \u00e1rboles de Guatemala son emblem\u00e1ticos, por ser fuertes y sus usos son variados.","og:url":"https:\/\/soymigrante.com\/revista\/mayo-mes-del-arbol-retrato-de-8-especies-emblematicas-de-guatemala\/","og:image":"https:\/\/soymigrante.com\/revista\/wp-content\/uploads\/2025\/05\/ceiba-portada-e1746720492557.webp","og:image:secure_url":"https:\/\/soymigrante.com\/revista\/wp-content\/uploads\/2025\/05\/ceiba-portada-e1746720492557.webp","og:image:width":600,"og:image:height":600,"article:published_time":"2025-05-09T11:00:00+00:00","article:modified_time":"2025-05-09T05:54:03+00:00","article:publisher":"https:\/\/www.facebook.com\/soymigrantecom","twitter:card":"summary_large_image","twitter:site":"@SoyMigrante_com","twitter:title":"Mayo, mes del \u00e1rbol: Retrato de 8 especies emblem\u00e1ticas de Guatemala","twitter:description":"Los \u00e1rboles de Guatemala son emblem\u00e1ticos, por ser fuertes y sus usos son variados.","twitter:creator":"@SoyMigrante_com","twitter:image":"https:\/\/soymigrante.com\/revista\/wp-content\/uploads\/2025\/05\/ceiba-portada-e1746720492557.webp"},"aioseo_meta_data":{"post_id":"32878","title":null,"description":"Los \u00e1rboles de Guatemala son emblem\u00e1ticos, por ser fuertes y sus usos son variados.","keywords":null,"keyphrases":{"focus":{"keyphrase":"Guatemala","score":91,"analysis":{"keyphraseInTitle":{"score":9,"maxScore":9,"error":0},"keyphraseInDescription":{"score":9,"maxScore":9,"error":0},"keyphraseLength":{"score":9,"maxScore":9,"error":0,"length":1},"keyphraseInURL":{"score":5,"maxScore":5,"error":0},"keyphraseInIntroduction":{"score":9,"maxScore":9,"error":0},"keyphraseInSubHeadings":{"score":3,"maxScore":9,"error":1},"keyphraseInImageAlt":{"score":9,"maxScore":9,"error":0},"keywordDensity":{"type":"best","score":9,"maxScore":9,"error":0}}},"additional":[{"keyphrase":"Guatemala","score":100,"analysis":{"keyphraseInDescription":{"score":9,"maxScore":9,"error":0},"keyphraseLength":{"score":9,"maxScore":9,"error":0,"length":1},"keyphraseInIntroduction":{"score":9,"maxScore":9,"error":0},"keyphraseInImageAlt":{"score":9,"maxScore":9,"error":0},"keywordDensity":{"type":"best","score":9,"maxScore":9,"error":0}}},{"keyphrase":"\u00e1rboles","score":87,"analysis":{"keyphraseInDescription":{"score":9,"maxScore":9,"error":0},"keyphraseLength":{"score":9,"maxScore":9,"error":0,"length":1},"keyphraseInIntroduction":{"score":3,"maxScore":9,"error":1},"keyphraseInImageAlt":{"score":9,"maxScore":9,"error":0},"keywordDensity":{"type":"best","score":9,"maxScore":9,"error":0}}}]},"primary_term":null,"canonical_url":null,"og_title":null,"og_description":null,"og_object_type":"default","og_image_type":"default","og_image_url":null,"og_image_width":null,"og_image_height":null,"og_image_custom_url":null,"og_image_custom_fields":null,"og_video":"","og_custom_url":null,"og_article_section":null,"og_article_tags":null,"twitter_use_og":false,"twitter_card":"default","twitter_image_type":"default","twitter_image_url":null,"twitter_image_custom_url":null,"twitter_image_custom_fields":null,"twitter_title":null,"twitter_description":null,"schema":{"blockGraphs":[],"customGraphs":[],"default":{"data":{"Article":[],"Course":[],"Dataset":[],"FAQPage":[],"Movie":[],"Person":[],"Product":[],"ProductReview":[],"Car":[],"Recipe":[],"Service":[],"SoftwareApplication":[],"WebPage":[]},"graphName":"none","isEnabled":true},"graphs":[]},"schema_type":"default","schema_type_options":null,"pillar_content":false,"robots_default":true,"robots_noindex":false,"robots_noarchive":false,"robots_nosnippet":false,"robots_nofollow":false,"robots_noimageindex":false,"robots_noodp":false,"robots_notranslate":false,"robots_max_snippet":"-1","robots_max_videopreview":"-1","robots_max_imagepreview":"large","priority":null,"frequency":"default","local_seo":null,"seo_analyzer_scan_date":"2025-10-09 04:58:37","breadcrumb_settings":null,"limit_modified_date":false,"reviewed_by":null,"open_ai":"{\"title\":{\"suggestions\":[],\"usage\":0},\"description\":{\"suggestions\":[],\"usage\":0}}","ai":null,"created":"2025-05-08 16:08:48","updated":"2026-02-04 23:33:39"},"aioseo_breadcrumb":"<div class=\"aioseo-breadcrumbs\"><span class=\"aioseo-breadcrumb\">\n\t<a href=\"https:\/\/soymigrante.com\/revista\" title=\"Home\">Home<\/a>\n<\/span><span class=\"aioseo-breadcrumb-separator\">\u00bb<\/span><span class=\"aioseo-breadcrumb\">\n\t<a href=\"https:\/\/soymigrante.com\/revista\/category\/guate-nuestra\/\" title=\"Guate Nuestra\">Guate Nuestra<\/a>\n<\/span><span class=\"aioseo-breadcrumb-separator\">\u00bb<\/span><span class=\"aioseo-breadcrumb\">\n\tMayo, mes del \u00e1rbol: Retrato de 8 especies emblem\u00e1ticas de Guatemala\n<\/span><\/div>","aioseo_breadcrumb_json":[{"label":"Home","link":"https:\/\/soymigrante.com\/revista"},{"label":"Guate Nuestra","link":"https:\/\/soymigrante.com\/revista\/category\/guate-nuestra\/"},{"label":"Mayo, mes del \u00e1rbol: Retrato de 8 especies emblem\u00e1ticas de Guatemala","link":"https:\/\/soymigrante.com\/revista\/mayo-mes-del-arbol-retrato-de-8-especies-emblematicas-de-guatemala\/"}],"_links":{"self":[{"href":"https:\/\/soymigrante.com\/revista\/wp-json\/wp\/v2\/posts\/32878","targetHints":{"allow":["GET"]}}],"collection":[{"href":"https:\/\/soymigrante.com\/revista\/wp-json\/wp\/v2\/posts"}],"about":[{"href":"https:\/\/soymigrante.com\/revista\/wp-json\/wp\/v2\/types\/post"}],"author":[{"embeddable":true,"href":"https:\/\/soymigrante.com\/revista\/wp-json\/wp\/v2\/users\/19"}],"replies":[{"embeddable":true,"href":"https:\/\/soymigrante.com\/revista\/wp-json\/wp\/v2\/comments?post=32878"}],"version-history":[{"count":36,"href":"https:\/\/soymigrante.com\/revista\/wp-json\/wp\/v2\/posts\/32878\/revisions"}],"predecessor-version":[{"id":33040,"href":"https:\/\/soymigrante.com\/revista\/wp-json\/wp\/v2\/posts\/32878\/revisions\/33040"}],"wp:featuredmedia":[{"embeddable":true,"href":"https:\/\/soymigrante.com\/revista\/wp-json\/wp\/v2\/media\/32879"}],"wp:attachment":[{"href":"https:\/\/soymigrante.com\/revista\/wp-json\/wp\/v2\/media?parent=32878"}],"wp:term":[{"taxonomy":"category","embeddable":true,"href":"https:\/\/soymigrante.com\/revista\/wp-json\/wp\/v2\/categories?post=32878"},{"taxonomy":"post_tag","embeddable":true,"href":"https:\/\/soymigrante.com\/revista\/wp-json\/wp\/v2\/tags?post=32878"}],"curies":[{"name":"wp","href":"https:\/\/api.w.org\/{rel}","templated":true}]}}