{"id":32865,"date":"2025-05-08T05:00:00","date_gmt":"2025-05-08T11:00:00","guid":{"rendered":"https:\/\/soymigrante.com\/revista\/?p=32865"},"modified":"2025-05-09T14:37:41","modified_gmt":"2025-05-09T20:37:41","slug":"madres-migrantes-guatemaltecas-responden-que-tradiciones-valores-y-elementos-de-identidad-inculca-a-sus-hijos","status":"publish","type":"post","link":"https:\/\/soymigrante.com\/revista\/madres-migrantes-guatemaltecas-responden-que-tradiciones-valores-y-elementos-de-identidad-inculca-a-sus-hijos\/","title":{"rendered":"Madres migrantes guatemaltecas responden: \u00bfQu\u00e9 tradiciones, valores y elementos de identidad inculca a sus hijos?"},"content":{"rendered":"\t\t<div data-elementor-type=\"wp-post\" data-elementor-id=\"32865\" class=\"elementor elementor-32865\" data-elementor-post-type=\"post\">\n\t\t\t\t\t\t<section data-particle_enable=\"false\" data-particle-mobile-disabled=\"false\" class=\"elementor-section elementor-top-section elementor-element elementor-element-f51b35f elementor-section-boxed elementor-section-height-default elementor-section-height-default\" data-id=\"f51b35f\" data-element_type=\"section\" data-e-type=\"section\">\n\t\t\t\t\t\t<div class=\"elementor-container elementor-column-gap-default\">\n\t\t\t\t\t<div class=\"elementor-column elementor-col-100 elementor-top-column elementor-element elementor-element-48c4f15\" data-id=\"48c4f15\" data-element_type=\"column\" data-e-type=\"column\">\n\t\t\t<div class=\"elementor-widget-wrap elementor-element-populated\">\n\t\t\t\t\t\t<div class=\"elementor-element elementor-element-31369d1 elementor-widget elementor-widget-heading\" data-id=\"31369d1\" data-element_type=\"widget\" data-e-type=\"widget\" data-widget_type=\"heading.default\">\n\t\t\t\t\t<h2 class=\"elementor-heading-title elementor-size-default\">Para valorar esa ense\u00f1anza de palabras y acciones, as\u00ed como ese aporte de identidad guatemalteca en Estados Unidos, preguntamos a varias madres migrantes: \u00bfQu\u00e9 tradiciones, valores y elementos de identidad considera m\u00e1s importantes para inculcarlos a sus hijos?  <\/h2>\t\t\t\t<\/div>\n\t\t\t\t<div class=\"elementor-element elementor-element-bc0fe6d elementor-widget elementor-widget-html\" data-id=\"bc0fe6d\" data-element_type=\"widget\" data-e-type=\"widget\" data-widget_type=\"html.default\">\n\t\t\t\t\t<div id=\"buzzsprout-player-17132922\"><\/div><script src=\"https:\/\/www.buzzsprout.com\/2444168\/episodes\/17132922-madres-migrantes-guatemaltecas-transmiten-valores-y-cultura-a-sus-hijos.js?container_id=buzzsprout-player-17132922&player=small\" type=\"text\/javascript\" charset=\"utf-8\"><\/script>\t\t\t\t<\/div>\n\t\t\t\t\t<\/div>\n\t\t<\/div>\n\t\t\t\t\t<\/div>\n\t\t<\/section>\n\t\t\t\t<section data-particle_enable=\"false\" data-particle-mobile-disabled=\"false\" class=\"elementor-section elementor-top-section elementor-element elementor-element-36792fb elementor-section-boxed elementor-section-height-default elementor-section-height-default\" data-id=\"36792fb\" data-element_type=\"section\" data-e-type=\"section\">\n\t\t\t\t\t\t<div class=\"elementor-container elementor-column-gap-default\">\n\t\t\t\t\t<div class=\"elementor-column elementor-col-100 elementor-top-column elementor-element elementor-element-3c2e461\" data-id=\"3c2e461\" data-element_type=\"column\" data-e-type=\"column\">\n\t\t\t<div class=\"elementor-widget-wrap elementor-element-populated\">\n\t\t\t\t\t\t<div class=\"elementor-element elementor-element-d2d91c4 elementor-widget elementor-widget-text-editor\" data-id=\"d2d91c4\" data-element_type=\"widget\" data-e-type=\"widget\" data-widget_type=\"text-editor.default\">\n\t\t\t\t\t\t\t\t\t<p>El <a href=\"https:\/\/soymigrante.com\/revista\/viene-el-dia-de-la-madre-que-se-podria-regalar-y-que-no-se-deberia-para-festejar-mejor\/\">D\u00eda&nbsp; de la Madre<\/a> surgi\u00f3 en Estados Unidos como una ocasi\u00f3n emotiva y poco a poco se fue convirtiendo tambi\u00e9n en una \u00e9poca de obsequios y regalos. Sin embargo esto no resta su valor conmemorativo. Por el contrario, es ocasi\u00f3n perfecta para reconocer y valorar esa sabidur\u00eda que las madres transmiten a sus hijos.<\/p>\n<p><a href=\"https:\/\/soymigrante.com\/revista\/frases-poderosas-para-expresar-carino-y-transmitir-paz-a-mama\/\">Las madres guatemaltecas<\/a> son ese puente de vida y valores, que pasan de generaci\u00f3n en generaci\u00f3n gracias a ellas. Por eso a menudo se habla de &#8220;lengua materna&#8221; al referirse al idioma original de una persona, por ejemplo.&nbsp; Efectuamos un sondeo entre madres migrantes guatemaltecas a quienes hemos tenido oportunidad de conocer y entrevistar.&nbsp;<\/p>\n<p>Les preguntamos <b>\u00bfQu\u00e9 tradiciones, <a href=\"https:\/\/soymigrante.com\/revista\/acuerdos-entre-padres-e-hijos-son-lo-mas-inteligente-para-fortalecer-la-familia\/\">valores<\/a> y elementos de identidad considera m\u00e1s importantes para inculcarlos a sus hijos?<\/b> Las respuestas son inspiradoras y un homenaje en palabras a su papel insustituible de transmisoras de vida y cultura.<\/p>\t\t\t\t\t\t\t\t<\/div>\n\t\t\t\t\t<\/div>\n\t\t<\/div>\n\t\t\t\t\t<\/div>\n\t\t<\/section>\n\t\t\t\t<section data-particle_enable=\"false\" data-particle-mobile-disabled=\"false\" class=\"elementor-section elementor-top-section elementor-element elementor-element-590bacc elementor-section-boxed elementor-section-height-default elementor-section-height-default\" data-id=\"590bacc\" data-element_type=\"section\" data-e-type=\"section\">\n\t\t\t\t\t\t<div class=\"elementor-container elementor-column-gap-default\">\n\t\t\t\t\t<div class=\"elementor-column elementor-col-100 elementor-top-column elementor-element elementor-element-37f150b\" data-id=\"37f150b\" data-element_type=\"column\" data-e-type=\"column\">\n\t\t\t<div class=\"elementor-widget-wrap elementor-element-populated\">\n\t\t\t\t\t\t<div class=\"elementor-element elementor-element-388adef elementor-widget elementor-widget-testimonial\" data-id=\"388adef\" data-element_type=\"widget\" data-e-type=\"widget\" data-widget_type=\"testimonial.default\">\n\t\t\t\t\t\t\t<div class=\"elementor-testimonial-wrapper\">\n\t\t\t\t\t\t\t<div class=\"elementor-testimonial-content\">\u201cLos valores que estoy ense\u00f1ando a mis hijas son los mismos que mi madre me inculc\u00f3: respeto, educaci\u00f3n y siempre que puedan, servir a los dem\u00e1s y a la comunidad\u201d <span style=\", Helvetica, Arial, sans-serif;font-size: 15px;font-style: normal;font-weight: 400;text-align: start\"> <\/span><\/div>\n\t\t\t\n\t\t\t\t\t\t<div class=\"elementor-testimonial-meta elementor-has-image elementor-testimonial-image-position-aside\">\n\t\t\t\t<div class=\"elementor-testimonial-meta-inner\">\n\t\t\t\t\t\t\t\t\t\t\t<div class=\"elementor-testimonial-image\">\n\t\t\t\t\t\t\t<a href=\"https:\/\/soymigrante.com\/revista\/carla-esquivel-guatemalteca-defiende-la-dignidad-de-las-trabajadoras-de-casa-en-connecticut\/\"><img fetchpriority=\"high\" decoding=\"async\" width=\"1316\" height=\"1313\" src=\"https:\/\/soymigrante.com\/revista\/wp-content\/uploads\/2025\/02\/carla-esquivel-1-e1740765756368.webp\" class=\"attachment-full size-full wp-image-26603\" alt=\"Vendedora con alas de mariposa en protesta frente a la Casa Blanca, representando la comunidad migrante en Estados Unidos. Imagen de activismo y derechos migratorios.\" title=\"Carla Esquivel ha participado en organizaciones de defensa de derechos laborales y ciudadanos, pero tambi\u00e9n se ha unido a causas como la campa\u00f1a de solicitud del Estatus de Protecci\u00f3n Temporal para Guatemaltecos, TPS. Ella es ciudadana pero conoce  a fondo y personalmente las necesidades y aportes de los migrantes indocumentados. \u2013 SoyMigrante.com REVISTA\" srcset=\"https:\/\/soymigrante.com\/revista\/wp-content\/uploads\/2025\/02\/carla-esquivel-1-e1740765756368.webp 1316w, https:\/\/soymigrante.com\/revista\/wp-content\/uploads\/2025\/02\/carla-esquivel-1-e1740765756368-300x300.jpg 300w, https:\/\/soymigrante.com\/revista\/wp-content\/uploads\/2025\/02\/carla-esquivel-1-e1740765756368-1024x1022.jpg 1024w, https:\/\/soymigrante.com\/revista\/wp-content\/uploads\/2025\/02\/carla-esquivel-1-e1740765756368-150x150.jpg 150w, https:\/\/soymigrante.com\/revista\/wp-content\/uploads\/2025\/02\/carla-esquivel-1-e1740765756368-768x766.jpg 768w, https:\/\/soymigrante.com\/revista\/wp-content\/uploads\/2025\/02\/carla-esquivel-1-e1740765756368-75x75.webp 75w, https:\/\/soymigrante.com\/revista\/wp-content\/uploads\/2025\/02\/carla-esquivel-1-e1740765756368-750x748.webp 750w, https:\/\/soymigrante.com\/revista\/wp-content\/uploads\/2025\/02\/carla-esquivel-1-e1740765756368-1140x1137.webp 1140w\" sizes=\"(max-width: 1316px) 100vw, 1316px\" \/><\/a>\t\t\t\t\t\t<\/div>\n\t\t\t\t\t\n\t\t\t\t\t\t\t\t\t\t<div class=\"elementor-testimonial-details\">\n\t\t\t\t\t\t\t\t\t\t\t\t\t\t<a class=\"elementor-testimonial-name\" href=\"https:\/\/soymigrante.com\/revista\/carla-esquivel-guatemalteca-defiende-la-dignidad-de-las-trabajadoras-de-casa-en-connecticut\/\">Carla Esquivel<\/a>\n\t\t\t\t\t\t\t\t\t\t\t\t\t\t\t\t\t\t\t\t\t\t<a class=\"elementor-testimonial-job\" href=\"https:\/\/soymigrante.com\/revista\/carla-esquivel-guatemalteca-defiende-la-dignidad-de-las-trabajadoras-de-casa-en-connecticut\/\">Guatemalteca defensora de los derechos de\nlas mujeres trabajadoras de casa particular\nen Connecticut.<\/a>\n\t\t\t\t\t\t\t\t\t\t\t\t\t<\/div>\n\t\t\t\t\t\t\t\t\t<\/div>\n\t\t\t<\/div>\n\t\t\t\t\t<\/div>\n\t\t\t\t\t\t<\/div>\n\t\t\t\t\t<\/div>\n\t\t<\/div>\n\t\t\t\t\t<\/div>\n\t\t<\/section>\n\t\t\t\t<section data-particle_enable=\"false\" data-particle-mobile-disabled=\"false\" class=\"elementor-section elementor-top-section elementor-element elementor-element-f28bda8 elementor-section-boxed elementor-section-height-default elementor-section-height-default\" data-id=\"f28bda8\" data-element_type=\"section\" data-e-type=\"section\">\n\t\t\t\t\t\t<div class=\"elementor-container elementor-column-gap-default\">\n\t\t\t\t\t<div class=\"elementor-column elementor-col-100 elementor-top-column elementor-element elementor-element-64a08aa\" data-id=\"64a08aa\" data-element_type=\"column\" data-e-type=\"column\">\n\t\t\t<div class=\"elementor-widget-wrap elementor-element-populated\">\n\t\t\t\t\t\t<div class=\"elementor-element elementor-element-f418f04 elementor-widget elementor-widget-testimonial\" data-id=\"f418f04\" data-element_type=\"widget\" data-e-type=\"widget\" data-widget_type=\"testimonial.default\">\n\t\t\t\t\t\t\t<div class=\"elementor-testimonial-wrapper\">\n\t\t\t\t\t\t\t<div class=\"elementor-testimonial-content\">\u201cSiempre les he cocinado comida guatemalteca: tamales, garnachas, empanadas, pepi\u00e1n, hilachas, tortillas, chocobananos. Incluso mis hijos que ya est\u00e1n casados me llaman para pedir las recetas y preparar ellos la comida. A mi hija le inculqu\u00e9 el orgullo por el traje tradicional de Chichicastenango de donde era originario su pap\u00e1; tambi\u00e9n juegos guatemaltecos: trompo, cincos, capirucho...Y que siempre apoyen a la Selecci\u00f3n de Futbol de Guatemala\".<br><\/div>\n\t\t\t\n\t\t\t\t\t\t<div class=\"elementor-testimonial-meta elementor-has-image elementor-testimonial-image-position-aside\">\n\t\t\t\t<div class=\"elementor-testimonial-meta-inner\">\n\t\t\t\t\t\t\t\t\t\t\t<div class=\"elementor-testimonial-image\">\n\t\t\t\t\t\t\t<a href=\"https:\/\/soymigrante.com\/revista\/la-migrante-orquidia-archila-se-reencuentra-con-la-belleza-de-su-natal-guatemala\/\"><img decoding=\"async\" width=\"789\" height=\"789\" src=\"https:\/\/soymigrante.com\/revista\/wp-content\/uploads\/2024\/08\/migrante-guatemalteca.webp\" class=\"attachment-full size-full wp-image-8177\" alt=\"SoyMigrante.com REVISTA, imagen de una mujer en una estructura con alas de mariposa gigante en un muelle junto al mar, s\u00edmbolo de transformaci\u00f3n y migraci\u00f3n, en contexto de historias y experiencias migrantes en M\u00e9xico.\" title=\"Regresa a Guatemala despu\u00e9s de tres a\u00f1os. Foto: Orquidia Archila \u2013 SoyMigrante.com REVISTA\" srcset=\"https:\/\/soymigrante.com\/revista\/wp-content\/uploads\/2024\/08\/migrante-guatemalteca.webp 789w, https:\/\/soymigrante.com\/revista\/wp-content\/uploads\/2024\/08\/migrante-guatemalteca-300x300.webp 300w, https:\/\/soymigrante.com\/revista\/wp-content\/uploads\/2024\/08\/migrante-guatemalteca-150x150.webp 150w, https:\/\/soymigrante.com\/revista\/wp-content\/uploads\/2024\/08\/migrante-guatemalteca-768x768.webp 768w, https:\/\/soymigrante.com\/revista\/wp-content\/uploads\/2024\/08\/migrante-guatemalteca-75x75.webp 75w, https:\/\/soymigrante.com\/revista\/wp-content\/uploads\/2024\/08\/migrante-guatemalteca-750x750.webp 750w\" sizes=\"(max-width: 789px) 100vw, 789px\" \/><\/a>\t\t\t\t\t\t<\/div>\n\t\t\t\t\t\n\t\t\t\t\t\t\t\t\t\t<div class=\"elementor-testimonial-details\">\n\t\t\t\t\t\t\t\t\t\t\t\t\t\t<a class=\"elementor-testimonial-name\" href=\"https:\/\/soymigrante.com\/revista\/la-migrante-orquidia-archila-se-reencuentra-con-la-belleza-de-su-natal-guatemala\/\">Orquidia Archila<\/a>\n\t\t\t\t\t\t\t\t\t\t\t\t\t\t\t\t\t\t\t\t\t\t<a class=\"elementor-testimonial-job\" href=\"https:\/\/soymigrante.com\/revista\/la-migrante-orquidia-archila-se-reencuentra-con-la-belleza-de-su-natal-guatemala\/\">Guatemalteca radicada en\nKansas City, Missouri.<\/a>\n\t\t\t\t\t\t\t\t\t\t\t\t\t<\/div>\n\t\t\t\t\t\t\t\t\t<\/div>\n\t\t\t<\/div>\n\t\t\t\t\t<\/div>\n\t\t\t\t\t\t<\/div>\n\t\t\t\t\t<\/div>\n\t\t<\/div>\n\t\t\t\t\t<\/div>\n\t\t<\/section>\n\t\t<div data-particle_enable=\"false\" data-particle-mobile-disabled=\"false\" class=\"elementor-element elementor-element-6e9261f e-flex e-con-boxed e-con e-parent\" data-id=\"6e9261f\" data-element_type=\"container\" data-e-type=\"container\">\n\t\t\t\t\t<div class=\"e-con-inner\">\n\t\t\t\t<div class=\"elementor-element elementor-element-89b8fb0 elementor-widget elementor-widget-testimonial\" data-id=\"89b8fb0\" data-element_type=\"widget\" data-e-type=\"widget\" data-widget_type=\"testimonial.default\">\n\t\t\t\t\t\t\t<div class=\"elementor-testimonial-wrapper\">\n\t\t\t\t\t\t\t<div class=\"elementor-testimonial-content\">\u201cLas tradiciones y costumbres de Guatemala. He llevado a mis hijos a donde hay paisajes, pero tambi\u00e9n a donde hay pobreza extrema, para que conozcan y se solidaricen con los m\u00e1s necesitados. Para m\u00ed es muy importante que ellos sepan de nuestros or\u00edgenes, m\u00e1s a\u00fan porque no nacieron en Guatemala, pero de all\u00ed vienen nuestros abuelos y antepasados.  Les ense\u00f1o historias, cuentos y leyendas; tambi\u00e9n han aprendido a respetar a sus mayores pero tambi\u00e9n a darse su lugar con dignidad\". <\/div>\n\t\t\t\n\t\t\t\t\t\t<div class=\"elementor-testimonial-meta elementor-has-image elementor-testimonial-image-position-aside\">\n\t\t\t\t<div class=\"elementor-testimonial-meta-inner\">\n\t\t\t\t\t\t\t\t\t\t\t<div class=\"elementor-testimonial-image\">\n\t\t\t\t\t\t\t<a href=\"https:\/\/soymigrante.com\/revista\/a-ti-mujer-mensaje-de-la-migrante-letty-baran-a-todas-las-guatemaltecas-e-hispanas-en-su-dia\/\"><img decoding=\"async\" width=\"750\" height=\"536\" src=\"https:\/\/soymigrante.com\/revista\/wp-content\/uploads\/2025\/01\/baran-750x536.webp\" class=\"attachment-newsy_750x536 size-newsy_750x536 wp-image-19147\" alt=\"Vestido tradicional y accesorios culturales en evento de migrantes mexicanos en EE. UU. Celebraci\u00f3n de ra\u00edces y cultura ind\u00edgena en comunidad migrante.\" title=\"El amor por las ra\u00edces multiculturales y la dignidad guatemalteca ha sido inculcado en Kaylee y su hermana Stephy, por su mam\u00e1, la l\u00edder migrante Letty Bar\u00e1n \u2013 SoyMigrante.com REVISTA\" srcset=\"https:\/\/soymigrante.com\/revista\/wp-content\/uploads\/2025\/01\/baran-750x536.webp 750w, https:\/\/soymigrante.com\/revista\/wp-content\/uploads\/2025\/01\/baran-120x86.webp 120w, https:\/\/soymigrante.com\/revista\/wp-content\/uploads\/2025\/01\/baran-350x250.webp 350w\" sizes=\"(max-width: 750px) 100vw, 750px\" \/><\/a>\t\t\t\t\t\t<\/div>\n\t\t\t\t\t\n\t\t\t\t\t\t\t\t\t\t<div class=\"elementor-testimonial-details\">\n\t\t\t\t\t\t\t\t\t\t\t\t\t\t<a class=\"elementor-testimonial-name\" href=\"https:\/\/soymigrante.com\/revista\/a-ti-mujer-mensaje-de-la-migrante-letty-baran-a-todas-las-guatemaltecas-e-hispanas-en-su-dia\/\">Letty Bar\u00e1n<\/a>\n\t\t\t\t\t\t\t\t\t\t\t\t\t\t\t\t\t\t\t\t\t\t<a class=\"elementor-testimonial-job\" href=\"https:\/\/soymigrante.com\/revista\/a-ti-mujer-mensaje-de-la-migrante-letty-baran-a-todas-las-guatemaltecas-e-hispanas-en-su-dia\/\">Guatemalteca radicada en Virginia.<\/a>\n\t\t\t\t\t\t\t\t\t\t\t\t\t<\/div>\n\t\t\t\t\t\t\t\t\t<\/div>\n\t\t\t<\/div>\n\t\t\t\t\t<\/div>\n\t\t\t\t\t\t<\/div>\n\t\t\t\t\t<\/div>\n\t\t\t\t<\/div>\n\t\t<div data-particle_enable=\"false\" data-particle-mobile-disabled=\"false\" class=\"elementor-element elementor-element-9cc32cb e-flex e-con-boxed e-con e-parent\" data-id=\"9cc32cb\" data-element_type=\"container\" data-e-type=\"container\">\n\t\t\t\t\t<div class=\"e-con-inner\">\n\t\t\t\t<div class=\"elementor-element elementor-element-2724eaa elementor-widget elementor-widget-testimonial\" data-id=\"2724eaa\" data-element_type=\"widget\" data-e-type=\"widget\" data-widget_type=\"testimonial.default\">\n\t\t\t\t\t\t\t<div class=\"elementor-testimonial-wrapper\">\n\t\t\t\t\t\t\t<div class=\"elementor-testimonial-content\">\u201cSiempre procur\u00e9 darle un entorno guatemalteco en casa a mis hijos. Desde peque\u00f1os hemos lucido con orgullo indumentarias guatemaltecas en eventos especiales, sociales, culturales y deportivos. Hemos portado la bandera azul y blanco en actividades aqu\u00ed en Houston y en casa nunca falta el sabor chap\u00edn sobre todo los domingos en que estamos juntos: degustamos jocon, caldo de pollo, chuchitos, paches, cambrayes y otros antojitos t\u00edpicos\"<br><\/div>\n\t\t\t\n\t\t\t\t\t\t<div class=\"elementor-testimonial-meta elementor-has-image elementor-testimonial-image-position-aside\">\n\t\t\t\t<div class=\"elementor-testimonial-meta-inner\">\n\t\t\t\t\t\t\t\t\t\t\t<div class=\"elementor-testimonial-image\">\n\t\t\t\t\t\t\t<a href=\"https:\/\/soymigrante.com\/revista\/sali-de-guatemala-pero-guatemala-nunca-saldra-de-mi-migrante-y-promotora-cultural-susana-oxlaj\/\"><img loading=\"lazy\" decoding=\"async\" width=\"1600\" height=\"1066\" src=\"https:\/\/soymigrante.com\/revista\/wp-content\/uploads\/2023\/09\/susana-xolaj.webp\" class=\"attachment-full size-full wp-image-2736\" alt=\"Susana Oxlaj, migrante guatemalteca en Houston\" title=\"Susana Oxlaj, migrante guatemalteca en Houston \u2013 SoyMigrante.com REVISTA\" srcset=\"https:\/\/soymigrante.com\/revista\/wp-content\/uploads\/2023\/09\/susana-xolaj.webp 1600w, https:\/\/soymigrante.com\/revista\/wp-content\/uploads\/2023\/09\/susana-xolaj-300x200.webp 300w, https:\/\/soymigrante.com\/revista\/wp-content\/uploads\/2023\/09\/susana-xolaj-1024x682.webp 1024w, https:\/\/soymigrante.com\/revista\/wp-content\/uploads\/2023\/09\/susana-xolaj-768x512.webp 768w, https:\/\/soymigrante.com\/revista\/wp-content\/uploads\/2023\/09\/susana-xolaj-1536x1023.webp 1536w, https:\/\/soymigrante.com\/revista\/wp-content\/uploads\/2023\/09\/susana-xolaj-750x500.webp 750w, https:\/\/soymigrante.com\/revista\/wp-content\/uploads\/2023\/09\/susana-xolaj-1140x760.webp 1140w, https:\/\/soymigrante.com\/revista\/wp-content\/uploads\/2023\/09\/susana-xolaj-600x400.webp 600w\" sizes=\"(max-width: 1600px) 100vw, 1600px\" \/><\/a>\t\t\t\t\t\t<\/div>\n\t\t\t\t\t\n\t\t\t\t\t\t\t\t\t\t<div class=\"elementor-testimonial-details\">\n\t\t\t\t\t\t\t\t\t\t\t\t\t\t<a class=\"elementor-testimonial-name\" href=\"https:\/\/soymigrante.com\/revista\/sali-de-guatemala-pero-guatemala-nunca-saldra-de-mi-migrante-y-promotora-cultural-susana-oxlaj\/\">Susana Oxlaj<\/a>\n\t\t\t\t\t\t\t\t\t\t\t\t\t\t\t\t\t\t\t\t\t\t<a class=\"elementor-testimonial-job\" href=\"https:\/\/soymigrante.com\/revista\/sali-de-guatemala-pero-guatemala-nunca-saldra-de-mi-migrante-y-promotora-cultural-susana-oxlaj\/\">Madre guatemalteca \nestablecida en Houston<\/a>\n\t\t\t\t\t\t\t\t\t\t\t\t\t<\/div>\n\t\t\t\t\t\t\t\t\t<\/div>\n\t\t\t<\/div>\n\t\t\t\t\t<\/div>\n\t\t\t\t\t\t<\/div>\n\t\t\t\t\t<\/div>\n\t\t\t\t<\/div>\n\t\t<div data-particle_enable=\"false\" data-particle-mobile-disabled=\"false\" class=\"elementor-element elementor-element-06d3805 e-flex e-con-boxed e-con e-parent\" data-id=\"06d3805\" data-element_type=\"container\" data-e-type=\"container\">\n\t\t\t\t\t<div class=\"e-con-inner\">\n\t\t\t\t<div class=\"elementor-element elementor-element-1b4c4f4 elementor-widget elementor-widget-testimonial\" data-id=\"1b4c4f4\" data-element_type=\"widget\" data-e-type=\"widget\" data-widget_type=\"testimonial.default\">\n\t\t\t\t\t\t\t<div class=\"elementor-testimonial-wrapper\">\n\t\t\t\t\t\t\t<div class=\"elementor-testimonial-content\">\u201cDeseo que mis hijos nunca se olviden de sus ra\u00edces culturales guatemaltecas. Por ejemplo a mi hija le pongo nuestras indumentarias tradicionales de Chimaltenango, para que siempre luzca con orgullo su origen e identidad\"\n<\/div>\n\t\t\t\n\t\t\t\t\t\t<div class=\"elementor-testimonial-meta elementor-has-image elementor-testimonial-image-position-aside\">\n\t\t\t\t<div class=\"elementor-testimonial-meta-inner\">\n\t\t\t\t\t\t\t\t\t\t\t<div class=\"elementor-testimonial-image\">\n\t\t\t\t\t\t\t<a href=\"https:\/\/soymigrante.com\/revista\/matrimonio-migrante-marine-corps-finanzas-amor-familia-guatemalteca-finanzas\/\"><img loading=\"lazy\" decoding=\"async\" width=\"1920\" height=\"1440\" src=\"https:\/\/soymigrante.com\/revista\/wp-content\/uploads\/2023\/12\/EYLI-MARINE.webp\" class=\"attachment-full size-full wp-image-4017\" alt=\"\" title=\"El amor de familia es la mayor riqueza de Eyly y Jonathan, migrantes guatemaltecos que triunfan en el servicio de asesor\u00eda de las finanzas personales. \u2013 SoyMigrante.com REVISTA\" srcset=\"https:\/\/soymigrante.com\/revista\/wp-content\/uploads\/2023\/12\/EYLI-MARINE.webp 1920w, https:\/\/soymigrante.com\/revista\/wp-content\/uploads\/2023\/12\/EYLI-MARINE-300x225.webp 300w, https:\/\/soymigrante.com\/revista\/wp-content\/uploads\/2023\/12\/EYLI-MARINE-1024x768.webp 1024w, https:\/\/soymigrante.com\/revista\/wp-content\/uploads\/2023\/12\/EYLI-MARINE-768x576.webp 768w, https:\/\/soymigrante.com\/revista\/wp-content\/uploads\/2023\/12\/EYLI-MARINE-1536x1152.webp 1536w, https:\/\/soymigrante.com\/revista\/wp-content\/uploads\/2023\/12\/EYLI-MARINE-750x563.webp 750w, https:\/\/soymigrante.com\/revista\/wp-content\/uploads\/2023\/12\/EYLI-MARINE-1140x855.webp 1140w\" sizes=\"(max-width: 1920px) 100vw, 1920px\" \/><\/a>\t\t\t\t\t\t<\/div>\n\t\t\t\t\t\n\t\t\t\t\t\t\t\t\t\t<div class=\"elementor-testimonial-details\">\n\t\t\t\t\t\t\t\t\t\t\t\t\t\t<a class=\"elementor-testimonial-name\" href=\"https:\/\/soymigrante.com\/revista\/matrimonio-migrante-marine-corps-finanzas-amor-familia-guatemalteca-finanzas\/\">Eyly Tubac<\/a>\n\t\t\t\t\t\t\t\t\t\t\t\t\t\t\t\t\t\t\t\t\t\t<a class=\"elementor-testimonial-job\" href=\"https:\/\/soymigrante.com\/revista\/matrimonio-migrante-marine-corps-finanzas-amor-familia-guatemalteca-finanzas\/\">Madre guatemalteca, experta\nen asesor\u00eda de finanzas, \nradicada en California.<\/a>\n\t\t\t\t\t\t\t\t\t\t\t\t\t<\/div>\n\t\t\t\t\t\t\t\t\t<\/div>\n\t\t\t<\/div>\n\t\t\t\t\t<\/div>\n\t\t\t\t\t\t<\/div>\n\t\t\t\t\t<\/div>\n\t\t\t\t<\/div>\n\t\t<div data-particle_enable=\"false\" data-particle-mobile-disabled=\"false\" class=\"elementor-element elementor-element-0c4fd12 e-flex e-con-boxed e-con e-parent\" data-id=\"0c4fd12\" data-element_type=\"container\" data-e-type=\"container\">\n\t\t\t\t\t<div class=\"e-con-inner\">\n\t\t\t\t<div class=\"elementor-element elementor-element-5b6c2d7 elementor-widget elementor-widget-testimonial\" data-id=\"5b6c2d7\" data-element_type=\"widget\" data-e-type=\"widget\" data-widget_type=\"testimonial.default\">\n\t\t\t\t\t\t\t<div class=\"elementor-testimonial-wrapper\">\n\t\t\t\t\t\t\t<div class=\"elementor-testimonial-content\">\u201cLos valores m\u00e1s importantes que le hemos ense\u00f1ado a nuestros hijos son el respeto, la humildad y la solidaridad. Respeto, porque nos permite aceptar, apreciar y valorar las cualidades de los dem\u00e1s; humildad, porque nos nuestra nuestras limitaciones humanas; solidaridad porque es la virtud que nos acerca a quien necesita una mano amiga. Pero sobre todo inculcamos amor a nuestros hijos por nuestra cultura y tradiciones porque son nuestra ra\u00edz\".<br><\/div>\n\t\t\t\n\t\t\t\t\t\t<div class=\"elementor-testimonial-meta elementor-has-image elementor-testimonial-image-position-aside\">\n\t\t\t\t<div class=\"elementor-testimonial-meta-inner\">\n\t\t\t\t\t\t\t\t\t\t\t<div class=\"elementor-testimonial-image\">\n\t\t\t\t\t\t\t<a href=\"https:\/\/soymigrante.com\/revista\/norma-pineda-y-su-esposo-dirigen-su-exitosa-fabrica-de-bardas-west-stamford-fence\/\"><img loading=\"lazy\" decoding=\"async\" width=\"640\" height=\"852\" src=\"https:\/\/soymigrante.com\/revista\/wp-content\/uploads\/2024\/10\/migrante-guatemalteca-norma-pineda.webp\" class=\"attachment-full size-full wp-image-10883\" alt=\"SoyMigrante.com revista con enfoque en migrantes, derechos laborales y cultura migrante en Latinoam\u00e9rica.\" title=\"migrante guatemalteca norma pineda \u2013 SoyMigrante.com REVISTA\" \/><\/a>\t\t\t\t\t\t<\/div>\n\t\t\t\t\t\n\t\t\t\t\t\t\t\t\t\t<div class=\"elementor-testimonial-details\">\n\t\t\t\t\t\t\t\t\t\t\t\t\t\t<a class=\"elementor-testimonial-name\" href=\"https:\/\/soymigrante.com\/revista\/norma-pineda-y-su-esposo-dirigen-su-exitosa-fabrica-de-bardas-west-stamford-fence\/\">Norma Pineda<\/a>\n\t\t\t\t\t\t\t\t\t\t\t\t\t\t\t\t\t\t\t\t\t\t<a class=\"elementor-testimonial-job\" href=\"https:\/\/soymigrante.com\/revista\/norma-pineda-y-su-esposo-dirigen-su-exitosa-fabrica-de-bardas-west-stamford-fence\/\">Madre y emprendedora en\nWest Stamford, Connecticut.<\/a>\n\t\t\t\t\t\t\t\t\t\t\t\t\t<\/div>\n\t\t\t\t\t\t\t\t\t<\/div>\n\t\t\t<\/div>\n\t\t\t\t\t<\/div>\n\t\t\t\t\t\t<\/div>\n\t\t\t\t\t<\/div>\n\t\t\t\t<\/div>\n\t\t<div data-particle_enable=\"false\" data-particle-mobile-disabled=\"false\" class=\"elementor-element elementor-element-be64b9f e-flex e-con-boxed e-con e-parent\" data-id=\"be64b9f\" data-element_type=\"container\" data-e-type=\"container\">\n\t\t\t\t\t<div class=\"e-con-inner\">\n\t\t\t\t<div class=\"elementor-element elementor-element-b13a349 elementor-widget elementor-widget-testimonial\" data-id=\"b13a349\" data-element_type=\"widget\" data-e-type=\"widget\" data-widget_type=\"testimonial.default\">\n\t\t\t\t\t\t\t<div class=\"elementor-testimonial-wrapper\">\n\t\t\t\t\t\t\t<div class=\"elementor-testimonial-content\">\u201cLa cultura de la comida guatemalteco: frijoles con arroz, platanitos, todo lo m\u00e1s chap\u00edn que podamos preparar en casa; tambi\u00e9n los s\u00edmbolos patrios, el amor al azul y blanco. Celebramos d\u00edas simb\u00f3licos\"\n<\/div>\n\t\t\t\n\t\t\t\t\t\t<div class=\"elementor-testimonial-meta elementor-has-image elementor-testimonial-image-position-aside\">\n\t\t\t\t<div class=\"elementor-testimonial-meta-inner\">\n\t\t\t\t\t\t\t\t\t\t\t<div class=\"elementor-testimonial-image\">\n\t\t\t\t\t\t\t<a href=\"https:\/\/soymigrante.com\/revista\/matrimonio-migrante-marine-corps-finanzas-amor-familia-guatemalteca-finanzas\/\"><img loading=\"lazy\" decoding=\"async\" width=\"960\" height=\"956\" src=\"https:\/\/soymigrante.com\/revista\/wp-content\/uploads\/2023\/12\/yarushka.webp\" class=\"attachment-full size-full wp-image-3873\" alt=\"\" title=\"Yara Reynolds, migrante en Alabama \u2013 SoyMigrante.com REVISTA\" srcset=\"https:\/\/soymigrante.com\/revista\/wp-content\/uploads\/2023\/12\/yarushka.webp 960w, https:\/\/soymigrante.com\/revista\/wp-content\/uploads\/2023\/12\/yarushka-300x300.webp 300w, https:\/\/soymigrante.com\/revista\/wp-content\/uploads\/2023\/12\/yarushka-150x150.webp 150w, https:\/\/soymigrante.com\/revista\/wp-content\/uploads\/2023\/12\/yarushka-768x765.webp 768w, https:\/\/soymigrante.com\/revista\/wp-content\/uploads\/2023\/12\/yarushka-75x75.jpg 75w, https:\/\/soymigrante.com\/revista\/wp-content\/uploads\/2023\/12\/yarushka-750x747.jpg 750w\" sizes=\"(max-width: 960px) 100vw, 960px\" \/><\/a>\t\t\t\t\t\t<\/div>\n\t\t\t\t\t\n\t\t\t\t\t\t\t\t\t\t<div class=\"elementor-testimonial-details\">\n\t\t\t\t\t\t\t\t\t\t\t\t\t\t<a class=\"elementor-testimonial-name\" href=\"https:\/\/soymigrante.com\/revista\/matrimonio-migrante-marine-corps-finanzas-amor-familia-guatemalteca-finanzas\/\">Yara Reynolds<\/a>\n\t\t\t\t\t\t\t\t\t\t\t\t\t\t\t\t\t\t\t\t\t\t<a class=\"elementor-testimonial-job\" href=\"https:\/\/soymigrante.com\/revista\/matrimonio-migrante-marine-corps-finanzas-amor-familia-guatemalteca-finanzas\/\">Madre guatemalteca, emprendedora\ny artesana de somberos en\nAlabama.<\/a>\n\t\t\t\t\t\t\t\t\t\t\t\t\t<\/div>\n\t\t\t\t\t\t\t\t\t<\/div>\n\t\t\t<\/div>\n\t\t\t\t\t<\/div>\n\t\t\t\t\t\t<\/div>\n\t\t\t\t\t<\/div>\n\t\t\t\t<\/div>\n\t\t<div data-particle_enable=\"false\" data-particle-mobile-disabled=\"false\" class=\"elementor-element elementor-element-1a4ce9d e-flex e-con-boxed e-con e-parent\" data-id=\"1a4ce9d\" data-element_type=\"container\" data-e-type=\"container\">\n\t\t\t\t\t<div class=\"e-con-inner\">\n\t\t\t\t<div class=\"elementor-element elementor-element-f7eaba7 elementor-widget elementor-widget-heading\" data-id=\"f7eaba7\" data-element_type=\"widget\" data-e-type=\"widget\" data-widget_type=\"heading.default\">\n\t\t\t\t\t<h2 class=\"elementor-heading-title elementor-size-default\">M\u00e1s historias de inspiraci\u00f3n<\/h2>\t\t\t\t<\/div>\n\t\t\t\t\t<\/div>\n\t\t\t\t<\/div>\n\t\t<div data-particle_enable=\"false\" data-particle-mobile-disabled=\"false\" class=\"elementor-element elementor-element-9876f64 e-flex e-con-boxed e-con e-parent\" data-id=\"9876f64\" data-element_type=\"container\" data-e-type=\"container\">\n\t\t\t\t\t<div class=\"e-con-inner\">\n\t\t\t\t<div class=\"elementor-element elementor-element-827b9b6 elementor-grid-eael-col-3 elementor-grid-tablet-eael-col-2 elementor-grid-mobile-eael-col-1 elementor-widget elementor-widget-eael-post-grid\" data-id=\"827b9b6\" data-element_type=\"widget\" data-e-type=\"widget\" data-settings=\"{&quot;eael_post_grid_columns&quot;:&quot;eael-col-3&quot;,&quot;eael_post_grid_columns_tablet&quot;:&quot;eael-col-2&quot;,&quot;eael_post_grid_columns_mobile&quot;:&quot;eael-col-1&quot;}\" data-widget_type=\"eael-post-grid.default\">\n\t\t\t\t\t<div id=\"eael-post-grid-827b9b6\" class=\"eael-post-grid-container\">\n            <div class=\"eael-post-grid eael-post-appender eael-post-appender-827b9b6 eael-post-grid-style-one\" data-layout-mode=\"masonry\"><article class=\"eael-grid-post  eael-post-grid-column eael-pg-post-6358 category-lugar-de-voces\" data-id=\"6358\">\n        <div class=\"eael-grid-post-holder\">\n            <div class=\"eael-grid-post-holder-inner\"><div class=\"eael-entry-media\"><div class=\"eael-entry-overlay fade-in\"><i class=\"far fa-hand-pointer\" aria-hidden=\"true\"><\/i><a href=\"https:\/\/soymigrante.com\/revista\/poema-dia-de-la-madre-migrante-ausente-poeta-momosteco\/\"><\/a><\/div><div class=\"eael-entry-thumbnail \">\n                <img loading=\"lazy\" decoding=\"async\" width=\"597\" height=\"597\" src=\"https:\/\/soymigrante.com\/revista\/wp-content\/uploads\/2024\/05\/Captura-de-pantalla-2024-05-10-090403-e1715691494715.webp\" class=\"attachment-large size-large wp-image-6359\" alt=\"Brasilio, cultura, inmigrantes, migraci\u00f3n, derechos, comunidad, historia, integraci\u00f3n, diversidad, protecci\u00f3n, oportunidades, experiencias, integraci\u00f3n social, migrantes latinos, inclusi\u00f3n, patrimonio, solidaridad, derechos humanos, migration latinoamerica, cultura migrante.\" srcset=\"https:\/\/soymigrante.com\/revista\/wp-content\/uploads\/2024\/05\/Captura-de-pantalla-2024-05-10-090403-e1715691494715.webp 597w, https:\/\/soymigrante.com\/revista\/wp-content\/uploads\/2024\/05\/Captura-de-pantalla-2024-05-10-090403-e1715691494715-300x300.webp 300w, https:\/\/soymigrante.com\/revista\/wp-content\/uploads\/2024\/05\/Captura-de-pantalla-2024-05-10-090403-e1715691494715-150x150.webp 150w, https:\/\/soymigrante.com\/revista\/wp-content\/uploads\/2024\/05\/Captura-de-pantalla-2024-05-10-090403-e1715691494715-75x75.webp 75w\" sizes=\"(max-width: 597px) 100vw, 597px\" \/>\n            <\/div>\n        <\/div><div class=\"eael-entry-wrapper\"><header class=\"eael-entry-header\"><h2 class=\"eael-entry-title\"><a class=\"eael-grid-post-link\" href=\"https:\/\/soymigrante.com\/revista\/poema-dia-de-la-madre-migrante-ausente-poeta-momosteco\/\" title=\"Ausente,  poema del D\u00eda de la Madre    de un hijo migrante a la distancia\">Ausente,  poema del D\u00eda de la Madre    de un hijo migrante a la distancia<\/a><\/h2><\/header><div class=\"eael-entry-content\">\n                        <div class=\"eael-grid-post-excerpt\"><a href=\"https:\/\/soymigrante.com\/revista\/poema-dia-de-la-madre-migrante-ausente-poeta-momosteco\/\" class=\"eael-post-elements-readmore-btn\">CONOCE SU HISTORIA <\/a><\/div>\n                    <\/div><\/div><\/div>\n        <\/div>\n    <\/article><article class=\"eael-grid-post  eael-post-grid-column eael-pg-post-2709 category-exitos\" data-id=\"2709\">\n        <div class=\"eael-grid-post-holder\">\n            <div class=\"eael-grid-post-holder-inner\"><div class=\"eael-entry-media\"><div class=\"eael-entry-overlay fade-in\"><i class=\"far fa-hand-pointer\" aria-hidden=\"true\"><\/i><a href=\"https:\/\/soymigrante.com\/revista\/migrante-guatemalteca-claudia-hernandez-dignifica-a-la-mujer\/\"><\/a><\/div><div class=\"eael-entry-thumbnail \">\n                <img loading=\"lazy\" decoding=\"async\" width=\"1024\" height=\"660\" src=\"https:\/\/soymigrante.com\/revista\/wp-content\/uploads\/2023\/09\/clau-hern-1024x660.webp\" class=\"attachment-large size-large wp-image-2886\" alt=\"Claudia D. Hern\u00e1ndez, migrante y escritora guatemalteca.\" srcset=\"https:\/\/soymigrante.com\/revista\/wp-content\/uploads\/2023\/09\/clau-hern-1024x660.webp 1024w, https:\/\/soymigrante.com\/revista\/wp-content\/uploads\/2023\/09\/clau-hern-300x193.webp 300w, https:\/\/soymigrante.com\/revista\/wp-content\/uploads\/2023\/09\/clau-hern-768x495.webp 768w, https:\/\/soymigrante.com\/revista\/wp-content\/uploads\/2023\/09\/clau-hern-750x483.webp 750w, https:\/\/soymigrante.com\/revista\/wp-content\/uploads\/2023\/09\/clau-hern-1140x735.webp 1140w, https:\/\/soymigrante.com\/revista\/wp-content\/uploads\/2023\/09\/clau-hern.webp 1187w\" sizes=\"(max-width: 1024px) 100vw, 1024px\" \/>\n            <\/div>\n        <\/div><div class=\"eael-entry-wrapper\"><header class=\"eael-entry-header\"><h2 class=\"eael-entry-title\"><a class=\"eael-grid-post-link\" href=\"https:\/\/soymigrante.com\/revista\/migrante-guatemalteca-claudia-hernandez-dignifica-a-la-mujer\/\" title=\"Migrante guatemalteca Claudia D. Hern\u00e1ndez  dignifica a las mujeres con arte y poes\u00eda\">Migrante guatemalteca Claudia D. Hern\u00e1ndez  dignifica a las mujeres con arte y poes\u00eda<\/a><\/h2><\/header><div class=\"eael-entry-content\">\n                        <div class=\"eael-grid-post-excerpt\"><a href=\"https:\/\/soymigrante.com\/revista\/migrante-guatemalteca-claudia-hernandez-dignifica-a-la-mujer\/\" class=\"eael-post-elements-readmore-btn\">CONOCE SU HISTORIA <\/a><\/div>\n                    <\/div><\/div><\/div>\n        <\/div>\n    <\/article><article class=\"eael-grid-post  eael-post-grid-column eael-pg-post-2480 category-exitos\" data-id=\"2480\">\n        <div class=\"eael-grid-post-holder\">\n            <div class=\"eael-grid-post-holder-inner\"><div class=\"eael-entry-media\"><div class=\"eael-entry-overlay fade-in\"><i class=\"far fa-hand-pointer\" aria-hidden=\"true\"><\/i><a href=\"https:\/\/soymigrante.com\/revista\/isabel-emprendedora-y-migrante-conquista-con-el-sabor-guatemalteco-en-estados-unidos\/\"><\/a><\/div><div class=\"eael-entry-thumbnail \">\n                <img loading=\"lazy\" decoding=\"async\" width=\"1024\" height=\"485\" src=\"https:\/\/soymigrante.com\/revista\/wp-content\/uploads\/2023\/09\/Isabel-llego-a-Estados-Unidos-en-busca-de-una-oportunidad-pero-fue-una-etapa-dificil-a-partir-de-ello-nace-el-emprendimiento-familiar-Granizadas-guatemaltecas-502--1024x485.webp\" class=\"attachment-large size-large wp-image-2464\" alt=\"Isabel llego a Estados Unidos en busca de una oportunidad pero fue una etapa dif\u00edcil a partir de ello nace el emprendimiento familiar Granizadas guatemaltecas 502\" srcset=\"https:\/\/soymigrante.com\/revista\/wp-content\/uploads\/2023\/09\/Isabel-llego-a-Estados-Unidos-en-busca-de-una-oportunidad-pero-fue-una-etapa-dificil-a-partir-de-ello-nace-el-emprendimiento-familiar-Granizadas-guatemaltecas-502--1024x485.webp 1024w, https:\/\/soymigrante.com\/revista\/wp-content\/uploads\/2023\/09\/Isabel-llego-a-Estados-Unidos-en-busca-de-una-oportunidad-pero-fue-una-etapa-dificil-a-partir-de-ello-nace-el-emprendimiento-familiar-Granizadas-guatemaltecas-502--300x142.webp 300w, https:\/\/soymigrante.com\/revista\/wp-content\/uploads\/2023\/09\/Isabel-llego-a-Estados-Unidos-en-busca-de-una-oportunidad-pero-fue-una-etapa-dificil-a-partir-de-ello-nace-el-emprendimiento-familiar-Granizadas-guatemaltecas-502--768x364.webp 768w, https:\/\/soymigrante.com\/revista\/wp-content\/uploads\/2023\/09\/Isabel-llego-a-Estados-Unidos-en-busca-de-una-oportunidad-pero-fue-una-etapa-dificil-a-partir-de-ello-nace-el-emprendimiento-familiar-Granizadas-guatemaltecas-502--1536x728.webp 1536w, https:\/\/soymigrante.com\/revista\/wp-content\/uploads\/2023\/09\/Isabel-llego-a-Estados-Unidos-en-busca-de-una-oportunidad-pero-fue-una-etapa-dificil-a-partir-de-ello-nace-el-emprendimiento-familiar-Granizadas-guatemaltecas-502--750x355.webp 750w, https:\/\/soymigrante.com\/revista\/wp-content\/uploads\/2023\/09\/Isabel-llego-a-Estados-Unidos-en-busca-de-una-oportunidad-pero-fue-una-etapa-dificil-a-partir-de-ello-nace-el-emprendimiento-familiar-Granizadas-guatemaltecas-502--1140x540.webp 1140w, https:\/\/soymigrante.com\/revista\/wp-content\/uploads\/2023\/09\/Isabel-llego-a-Estados-Unidos-en-busca-de-una-oportunidad-pero-fue-una-etapa-dificil-a-partir-de-ello-nace-el-emprendimiento-familiar-Granizadas-guatemaltecas-502-.webp 1600w\" sizes=\"(max-width: 1024px) 100vw, 1024px\" \/>\n            <\/div>\n        <\/div><div class=\"eael-entry-wrapper\"><header class=\"eael-entry-header\"><h2 class=\"eael-entry-title\"><a class=\"eael-grid-post-link\" href=\"https:\/\/soymigrante.com\/revista\/isabel-emprendedora-y-migrante-conquista-con-el-sabor-guatemalteco-en-estados-unidos\/\" title=\"Isabel emprendedora y migrante refresca con sabor guatemalteco en Los Angeles, California\">Isabel emprendedora y migrante refresca con sabor guatemalteco en Los Angeles, California<\/a><\/h2><\/header><div class=\"eael-entry-content\">\n                        <div class=\"eael-grid-post-excerpt\"><a href=\"https:\/\/soymigrante.com\/revista\/isabel-emprendedora-y-migrante-conquista-con-el-sabor-guatemalteco-en-estados-unidos\/\" class=\"eael-post-elements-readmore-btn\">CONOCE SU HISTORIA <\/a><\/div>\n                    <\/div><\/div><\/div>\n        <\/div>\n    <\/article><\/div>\n            <div class=\"clearfix\"><\/div>\n        <\/div>\t\t\t\t<\/div>\n\t\t\t\t\t<\/div>\n\t\t\t\t<\/div>\n\t\t\t\t<\/div>\n\t\t","protected":false},"excerpt":{"rendered":"<p>Para valorar esa ense\u00f1anza de palabras y acciones, as\u00ed como ese aporte de identidad guatemalteca en Estados Unidos, preguntamos a varias madres migrantes: \u00bfQu\u00e9 tradiciones, valores y elementos de identidad considera m\u00e1s importantes para inculcarlos a sus hijos? El D\u00eda&nbsp; de la Madre surgi\u00f3 en Estados Unidos como una ocasi\u00f3n emotiva y poco a poco [&hellip;]<\/p>\n","protected":false},"author":7,"featured_media":32866,"comment_status":"open","ping_status":"open","sticky":false,"template":"","format":"standard","meta":{"_acf_changed":false,"_eb_attr":"","footnotes":""},"categories":[54],"tags":[],"class_list":["post-32865","post","type-post","status-publish","format-standard","has-post-thumbnail","hentry","category-estamos-unidos"],"acf":[],"aioseo_notices":[],"aioseo_head":"\n\t\t<!-- All in One SEO Pro 4.9.6.2 - aioseo.com -->\n\t<meta name=\"description\" content=\"Isabel L\u00f3pez es una mujer migrante guatemalteca que emprendi\u00f3 su negocio: Granizadas Chapinas 502 en el coraz\u00f3n de Los Angeles, California. Despu\u00e9s de la tormenta viene la calma En el a\u00f1o 2013 Isabel L\u00f3pez decidi\u00f3 migrar a Estados Unidos a reencontrarse con el amor de su vida, tambi\u00e9n para buscar una estabilidad laboral, sin embargo, Isabel L\u00f3pez es una mujer migrante guatemalteca que emprendi\u00f3 su negocio llamado 502 granizadas chapinas ofrece productos y sabores \u00fanicos de su pa\u00eds.\" \/>\n\t<meta name=\"robots\" content=\"max-snippet:-1, max-image-preview:large, max-video-preview:-1\" \/>\n\t<meta name=\"author\" content=\"Diana Batz\"\/>\n\t<link rel=\"canonical\" href=\"https:\/\/soymigrante.com\/revista\/isabel-emprendedora-y-migrante-conquista-con-el-sabor-guatemalteco-en-estados-unidos\/\" \/>\n\t<meta name=\"generator\" content=\"All in One SEO Pro (AIOSEO) 4.9.6.2\" \/>\n\n\t\t<link rel=\"preconnect\" href=\"https:\/\/fonts.googleapis.com\" crossorigin>\n<link rel=\"preconnect\" href=\"https:\/\/fonts.gstatic.com\" crossorigin>\n\t\t<meta property=\"og:locale\" content=\"es_ES\" \/>\n\t\t<meta property=\"og:site_name\" content=\"SoyMigrante.com REVISTA \u2013 Nuestra misi\u00f3n es reconocer y dignificar al migrante.\" \/>\n\t\t<meta property=\"og:type\" content=\"article\" \/>\n\t\t<meta property=\"og:title\" content=\"Isabel emprendedora y migrante refresca con sabor guatemalteco en Los Angeles, California\" \/>\n\t\t<meta property=\"og:description\" content=\"Isabel L\u00f3pez es una mujer migrante guatemalteca que emprendi\u00f3 su negocio: Granizadas Chapinas 502 en el coraz\u00f3n de Los Angeles, California. Despu\u00e9s de la tormenta viene la calma En el a\u00f1o 2013 Isabel L\u00f3pez decidi\u00f3 migrar a Estados Unidos a reencontrarse con el amor de su vida, tambi\u00e9n para buscar una estabilidad laboral, sin embargo, Isabel L\u00f3pez es una mujer migrante guatemalteca que emprendi\u00f3 su negocio llamado 502 granizadas chapinas ofrece productos y sabores \u00fanicos de su pa\u00eds.\" \/>\n\t\t<meta property=\"og:url\" content=\"https:\/\/soymigrante.com\/revista\/isabel-emprendedora-y-migrante-conquista-con-el-sabor-guatemalteco-en-estados-unidos\/\" \/>\n\t\t<meta property=\"og:image\" content=\"https:\/\/soymigrante.com\/revista\/wp-content\/uploads\/2023\/09\/Isabel-llego-a-Estados-Unidos-en-busca-de-una-oportunidad-pero-fue-una-etapa-dificil-a-partir-de-ello-nace-el-emprendimiento-familiar-Granizadas-guatemaltecas-502-.webp\" \/>\n\t\t<meta property=\"og:image:secure_url\" content=\"https:\/\/soymigrante.com\/revista\/wp-content\/uploads\/2023\/09\/Isabel-llego-a-Estados-Unidos-en-busca-de-una-oportunidad-pero-fue-una-etapa-dificil-a-partir-de-ello-nace-el-emprendimiento-familiar-Granizadas-guatemaltecas-502-.webp\" \/>\n\t\t<meta property=\"og:image:width\" content=\"1600\" \/>\n\t\t<meta property=\"og:image:height\" content=\"758\" \/>\n\t\t<meta property=\"article:published_time\" content=\"2023-09-08T17:23:34+00:00\" \/>\n\t\t<meta property=\"article:modified_time\" content=\"2024-07-30T20:29:07+00:00\" \/>\n\t\t<meta property=\"article:publisher\" content=\"https:\/\/www.facebook.com\/soymigrantecom\" \/>\n\t\t<meta name=\"twitter:card\" content=\"summary_large_image\" \/>\n\t\t<meta name=\"twitter:site\" content=\"@SoyMigrante_com\" \/>\n\t\t<meta name=\"twitter:title\" content=\"Isabel emprendedora y migrante refresca con sabor guatemalteco en Los Angeles, California\" \/>\n\t\t<meta name=\"twitter:description\" content=\"Isabel L\u00f3pez es una mujer migrante guatemalteca que emprendi\u00f3 su negocio: Granizadas Chapinas 502 en el coraz\u00f3n de Los Angeles, California. Despu\u00e9s de la tormenta viene la calma En el a\u00f1o 2013 Isabel L\u00f3pez decidi\u00f3 migrar a Estados Unidos a reencontrarse con el amor de su vida, tambi\u00e9n para buscar una estabilidad laboral, sin embargo, Isabel L\u00f3pez es una mujer migrante guatemalteca que emprendi\u00f3 su negocio llamado 502 granizadas chapinas ofrece productos y sabores \u00fanicos de su pa\u00eds.\" \/>\n\t\t<meta name=\"twitter:creator\" content=\"@SoyMigrante_com\" \/>\n\t\t<meta name=\"twitter:image\" content=\"https:\/\/soymigrante.com\/revista\/wp-content\/uploads\/2023\/09\/Isabel-llego-a-Estados-Unidos-en-busca-de-una-oportunidad-pero-fue-una-etapa-dificil-a-partir-de-ello-nace-el-emprendimiento-familiar-Granizadas-guatemaltecas-502-.webp\" \/>\n\t\t<!-- All in One SEO Pro -->\r\n\t\t<title>Isabel emprendedora y migrante refresca con sabor guatemalteco en Los Angeles, California<\/title>\n\n","aioseo_head_json":{"title":"Isabel emprendedora y migrante refresca con sabor guatemalteco en Los Angeles, California","description":"Isabel L\u00f3pez es una mujer migrante guatemalteca que emprendi\u00f3 su negocio: Granizadas Chapinas 502 en el coraz\u00f3n de Los Angeles, California. Despu\u00e9s de la tormenta viene la calma En el a\u00f1o 2013 Isabel L\u00f3pez decidi\u00f3 migrar a Estados Unidos a reencontrarse con el amor de su vida, tambi\u00e9n para buscar una estabilidad laboral, sin embargo, Isabel L\u00f3pez es una mujer migrante guatemalteca que emprendi\u00f3 su negocio llamado 502 granizadas chapinas ofrece productos y sabores \u00fanicos de su pa\u00eds.","canonical_url":"https:\/\/soymigrante.com\/revista\/isabel-emprendedora-y-migrante-conquista-con-el-sabor-guatemalteco-en-estados-unidos\/","robots":"max-snippet:-1, max-image-preview:large, max-video-preview:-1","keywords":"","webmasterTools":{"miscellaneous":"&lt;link rel=\"preconnect\" href=\"https:\/\/fonts.googleapis.com\" crossorigin&gt;\n&lt;link rel=\"preconnect\" href=\"https:\/\/fonts.gstatic.com\" crossorigin&gt;"},"schema":null,"og:locale":"es_ES","og:site_name":"SoyMigrante.com REVISTA \u2013 Nuestra misi\u00f3n es reconocer y dignificar al migrante.","og:type":"article","og:title":"Isabel emprendedora y migrante refresca con sabor guatemalteco en Los Angeles, California","og:description":"Isabel L\u00f3pez es una mujer migrante guatemalteca que emprendi\u00f3 su negocio: Granizadas Chapinas 502 en el coraz\u00f3n de Los Angeles, California. Despu\u00e9s de la tormenta viene la calma En el a\u00f1o 2013 Isabel L\u00f3pez decidi\u00f3 migrar a Estados Unidos a reencontrarse con el amor de su vida, tambi\u00e9n para buscar una estabilidad laboral, sin embargo, Isabel L\u00f3pez es una mujer migrante guatemalteca que emprendi\u00f3 su negocio llamado 502 granizadas chapinas ofrece productos y sabores \u00fanicos de su pa\u00eds.","og:url":"https:\/\/soymigrante.com\/revista\/isabel-emprendedora-y-migrante-conquista-con-el-sabor-guatemalteco-en-estados-unidos\/","og:image":"https:\/\/soymigrante.com\/revista\/wp-content\/uploads\/2023\/09\/Isabel-llego-a-Estados-Unidos-en-busca-de-una-oportunidad-pero-fue-una-etapa-dificil-a-partir-de-ello-nace-el-emprendimiento-familiar-Granizadas-guatemaltecas-502-.webp","og:image:secure_url":"https:\/\/soymigrante.com\/revista\/wp-content\/uploads\/2023\/09\/Isabel-llego-a-Estados-Unidos-en-busca-de-una-oportunidad-pero-fue-una-etapa-dificil-a-partir-de-ello-nace-el-emprendimiento-familiar-Granizadas-guatemaltecas-502-.webp","og:image:width":1600,"og:image:height":758,"article:published_time":"2023-09-08T17:23:34+00:00","article:modified_time":"2024-07-30T20:29:07+00:00","article:publisher":"https:\/\/www.facebook.com\/soymigrantecom","twitter:card":"summary_large_image","twitter:site":"@SoyMigrante_com","twitter:title":"Isabel emprendedora y migrante refresca con sabor guatemalteco en Los Angeles, California","twitter:description":"Isabel L\u00f3pez es una mujer migrante guatemalteca que emprendi\u00f3 su negocio: Granizadas Chapinas 502 en el coraz\u00f3n de Los Angeles, California. Despu\u00e9s de la tormenta viene la calma En el a\u00f1o 2013 Isabel L\u00f3pez decidi\u00f3 migrar a Estados Unidos a reencontrarse con el amor de su vida, tambi\u00e9n para buscar una estabilidad laboral, sin embargo, Isabel L\u00f3pez es una mujer migrante guatemalteca que emprendi\u00f3 su negocio llamado 502 granizadas chapinas ofrece productos y sabores \u00fanicos de su pa\u00eds.","twitter:creator":"@SoyMigrante_com","twitter:image":"https:\/\/soymigrante.com\/revista\/wp-content\/uploads\/2023\/09\/Isabel-llego-a-Estados-Unidos-en-busca-de-una-oportunidad-pero-fue-una-etapa-dificil-a-partir-de-ello-nace-el-emprendimiento-familiar-Granizadas-guatemaltecas-502-.webp"},"aioseo_meta_data":{"post_id":"32865","title":"Madres migrantes comparten valores y tradiciones con sus hijos","description":"Con motivo del D\u00eda de la Madre, migrantes guatemaltecas respondieron a la pregunta: \u00bf","keywords":null,"keyphrases":{"focus":{"keyphrase":"Madres migrantes","score":69,"analysis":{"keyphraseInTitle":{"score":9,"maxScore":9,"error":0},"keyphraseInDescription":{"score":3,"maxScore":9,"error":1},"keyphraseLength":{"score":9,"maxScore":9,"error":0,"length":2},"keyphraseInURL":{"score":5,"maxScore":5,"error":0},"keyphraseInIntroduction":{"score":3,"maxScore":9,"error":1},"keyphraseInSubHeadings":{"score":9,"maxScore":9,"error":0},"keyphraseInImageAlt":{"score":9,"maxScore":9,"error":0},"keywordDensity":{"score":0,"type":"low","maxScore":9,"error":1}}},"additional":[{"keyphrase":"Hijos","score":73,"analysis":{"keyphraseInDescription":{"score":3,"maxScore":9,"error":1},"keyphraseLength":{"score":9,"maxScore":9,"error":0,"length":1},"keyphraseInIntroduction":{"score":9,"maxScore":9,"error":0},"keyphraseInImageAlt":{"score":3,"maxScore":9,"error":1},"keywordDensity":{"type":"best","score":9,"maxScore":9,"error":0}}},{"keyphrase":"Guatemaltecas","score":87,"analysis":{"keyphraseInDescription":{"score":9,"maxScore":9,"error":0},"keyphraseLength":{"score":9,"maxScore":9,"error":0,"length":1},"keyphraseInIntroduction":{"score":3,"maxScore":9,"error":1},"keyphraseInImageAlt":{"score":9,"maxScore":9,"error":0},"keywordDensity":{"type":"best","score":9,"maxScore":9,"error":0}}}]},"primary_term":null,"canonical_url":null,"og_title":null,"og_description":null,"og_object_type":"default","og_image_type":"default","og_image_url":null,"og_image_width":null,"og_image_height":null,"og_image_custom_url":null,"og_image_custom_fields":null,"og_video":"","og_custom_url":null,"og_article_section":null,"og_article_tags":null,"twitter_use_og":false,"twitter_card":"default","twitter_image_type":"default","twitter_image_url":null,"twitter_image_custom_url":null,"twitter_image_custom_fields":null,"twitter_title":null,"twitter_description":null,"schema":{"blockGraphs":[],"customGraphs":[],"default":{"data":{"Article":[],"Course":[],"Dataset":[],"FAQPage":[],"Movie":[],"Person":[],"Product":[],"ProductReview":[],"Car":[],"Recipe":[],"Service":[],"SoftwareApplication":[],"WebPage":[]},"graphName":"none","isEnabled":true},"graphs":[]},"schema_type":"default","schema_type_options":null,"pillar_content":false,"robots_default":true,"robots_noindex":false,"robots_noarchive":false,"robots_nosnippet":false,"robots_nofollow":false,"robots_noimageindex":false,"robots_noodp":false,"robots_notranslate":false,"robots_max_snippet":"-1","robots_max_videopreview":"-1","robots_max_imagepreview":"large","priority":null,"frequency":"default","local_seo":null,"seo_analyzer_scan_date":"2025-10-09 04:56:16","breadcrumb_settings":null,"limit_modified_date":false,"reviewed_by":null,"open_ai":"{\"title\":{\"suggestions\":[],\"usage\":0},\"description\":{\"suggestions\":[],\"usage\":0}}","ai":null,"created":"2025-05-08 04:16:27","updated":"2026-02-04 23:33:38"},"aioseo_breadcrumb":"<div class=\"aioseo-breadcrumbs\"><span class=\"aioseo-breadcrumb\">\n\t<a href=\"https:\/\/soymigrante.com\/revista\" title=\"Home\">Home<\/a>\n<\/span><span class=\"aioseo-breadcrumb-separator\">\u00bb<\/span><span class=\"aioseo-breadcrumb\">\n\t<a href=\"https:\/\/soymigrante.com\/revista\/category\/estamos-unidos\/\" title=\"Estamos Unidos\">Estamos Unidos<\/a>\n<\/span><span class=\"aioseo-breadcrumb-separator\">\u00bb<\/span><span class=\"aioseo-breadcrumb\">\n\tMadres migrantes guatemaltecas responden: \u00bfQu\u00e9 tradiciones, valores y elementos de identidad inculca a sus hijos?\n<\/span><\/div>","aioseo_breadcrumb_json":[{"label":"Home","link":"https:\/\/soymigrante.com\/revista"},{"label":"Estamos Unidos","link":"https:\/\/soymigrante.com\/revista\/category\/estamos-unidos\/"},{"label":"Madres migrantes guatemaltecas responden: \u00bfQu\u00e9 tradiciones, valores y elementos de identidad inculca a sus hijos?","link":"https:\/\/soymigrante.com\/revista\/madres-migrantes-guatemaltecas-responden-que-tradiciones-valores-y-elementos-de-identidad-inculca-a-sus-hijos\/"}],"_links":{"self":[{"href":"https:\/\/soymigrante.com\/revista\/wp-json\/wp\/v2\/posts\/32865","targetHints":{"allow":["GET"]}}],"collection":[{"href":"https:\/\/soymigrante.com\/revista\/wp-json\/wp\/v2\/posts"}],"about":[{"href":"https:\/\/soymigrante.com\/revista\/wp-json\/wp\/v2\/types\/post"}],"author":[{"embeddable":true,"href":"https:\/\/soymigrante.com\/revista\/wp-json\/wp\/v2\/users\/7"}],"replies":[{"embeddable":true,"href":"https:\/\/soymigrante.com\/revista\/wp-json\/wp\/v2\/comments?post=32865"}],"version-history":[{"count":16,"href":"https:\/\/soymigrante.com\/revista\/wp-json\/wp\/v2\/posts\/32865\/revisions"}],"predecessor-version":[{"id":33114,"href":"https:\/\/soymigrante.com\/revista\/wp-json\/wp\/v2\/posts\/32865\/revisions\/33114"}],"wp:featuredmedia":[{"embeddable":true,"href":"https:\/\/soymigrante.com\/revista\/wp-json\/wp\/v2\/media\/32866"}],"wp:attachment":[{"href":"https:\/\/soymigrante.com\/revista\/wp-json\/wp\/v2\/media?parent=32865"}],"wp:term":[{"taxonomy":"category","embeddable":true,"href":"https:\/\/soymigrante.com\/revista\/wp-json\/wp\/v2\/categories?post=32865"},{"taxonomy":"post_tag","embeddable":true,"href":"https:\/\/soymigrante.com\/revista\/wp-json\/wp\/v2\/tags?post=32865"}],"curies":[{"name":"wp","href":"https:\/\/api.w.org\/{rel}","templated":true}]}}