{"id":32807,"date":"2025-05-12T15:23:02","date_gmt":"2025-05-12T21:23:02","guid":{"rendered":"https:\/\/soymigrante.com\/revista\/?p=32807"},"modified":"2025-05-12T15:23:07","modified_gmt":"2025-05-12T21:23:07","slug":"simbolismo-y-realidad-del-jaguar-en-la-cultura-maya","status":"publish","type":"post","link":"https:\/\/soymigrante.com\/revista\/simbolismo-y-realidad-del-jaguar-en-la-cultura-maya\/","title":{"rendered":"Simbolismo y realidad del jaguar en la cultura maya"},"content":{"rendered":"\t\t<div data-elementor-type=\"wp-post\" data-elementor-id=\"32807\" class=\"elementor elementor-32807\" data-elementor-post-type=\"post\">\n\t\t\t\t<div data-particle_enable=\"false\" data-particle-mobile-disabled=\"false\" class=\"elementor-element elementor-element-db59a52 e-flex e-con-boxed e-con e-parent\" data-id=\"db59a52\" data-element_type=\"container\" data-e-type=\"container\">\n\t\t\t\t\t<div class=\"e-con-inner\">\n\t\t\t\t<div class=\"elementor-element elementor-element-c2634d0 elementor-widget elementor-widget-heading\" data-id=\"c2634d0\" data-element_type=\"widget\" data-e-type=\"widget\" data-widget_type=\"heading.default\">\n\t\t\t\t\t<h2 class=\"elementor-heading-title elementor-size-default\">El jaguar es uno de s\u00edmbolos m\u00e1s importantes de la cultura maya, porque se asemeja a lo sagrado. \n<\/h2>\t\t\t\t<\/div>\n\t\t\t\t\t<\/div>\n\t\t\t\t<\/div>\n\t\t<div data-particle_enable=\"false\" data-particle-mobile-disabled=\"false\" class=\"elementor-element elementor-element-de9afd1 e-flex e-con-boxed e-con e-parent\" data-id=\"de9afd1\" data-element_type=\"container\" data-e-type=\"container\">\n\t\t\t\t\t<div class=\"e-con-inner\">\n\t\t\t\t<div class=\"elementor-element elementor-element-f0f104d elementor-widget elementor-widget-text-editor\" data-id=\"f0f104d\" data-element_type=\"widget\" data-e-type=\"widget\" data-widget_type=\"text-editor.default\">\n\t\t\t\t\t\t\t\t\t<p>En la cosmovisi\u00f3n maya, el jaguar ocupa un lugar privilegiado <a href=\"https:\/\/soymigrante.com\/revista\/sabiduria-ancestral-en-nuestros-dias-astronomia-y-el-sistema-calendarico-maya\/\" target=\"_blank\" rel=\"noopener\">como s\u00edmbolo de poder, fuerza y conexi\u00f3n espiritual.<\/a><\/p><p>Conocido como B\u2019alam, el jaguar era considerado un guardi\u00e1n entre el mundo de los vivos y los muertos, un ser capaz de transitar por ambos mundos.<\/p>\t\t\t\t\t\t\t\t<\/div>\n\t\t\t\t\t<\/div>\n\t\t\t\t<\/div>\n\t\t<div data-particle_enable=\"false\" data-particle-mobile-disabled=\"false\" class=\"elementor-element elementor-element-4259cd2 e-flex e-con-boxed e-con e-parent\" data-id=\"4259cd2\" data-element_type=\"container\" data-e-type=\"container\">\n\t\t\t\t\t<div class=\"e-con-inner\">\n\t\t\t\t<div class=\"elementor-element elementor-element-d4a8566 elementor-widget elementor-widget-heading\" data-id=\"d4a8566\" data-element_type=\"widget\" data-e-type=\"widget\" data-widget_type=\"heading.default\">\n\t\t\t\t\t<h3 class=\"elementor-heading-title elementor-size-default\">Significado en la cultura maya<\/h3>\t\t\t\t<\/div>\n\t\t\t\t\t<\/div>\n\t\t\t\t<\/div>\n\t\t<div data-particle_enable=\"false\" data-particle-mobile-disabled=\"false\" class=\"elementor-element elementor-element-d2ec6c6 e-flex e-con-boxed e-con e-parent\" data-id=\"d2ec6c6\" data-element_type=\"container\" data-e-type=\"container\">\n\t\t\t\t\t<div class=\"e-con-inner\">\n\t\t\t\t<div class=\"elementor-element elementor-element-8512592 elementor-widget elementor-widget-text-editor\" data-id=\"8512592\" data-element_type=\"widget\" data-e-type=\"widget\" data-widget_type=\"text-editor.default\">\n\t\t\t\t\t\t\t\t\t<p>El jaguar representa a los gobernantes y l\u00edderes, quienes adoptaban sus atributos de fuerza y agilidad para consolidar su autoridad.<\/p><p>En los textos sagrados, se le asocia con el sol nocturno que recorre el inframundo, renaciendo cada amanecer. Esta dualidad lo convierte en un s\u00edmbolo de renacimiento y protecci\u00f3n.<\/p>\t\t\t\t\t\t\t\t<\/div>\n\t\t\t\t\t<\/div>\n\t\t\t\t<\/div>\n\t\t<div data-particle_enable=\"false\" data-particle-mobile-disabled=\"false\" class=\"elementor-element elementor-element-e324a1d e-flex e-con-boxed e-con e-parent\" data-id=\"e324a1d\" data-element_type=\"container\" data-e-type=\"container\">\n\t\t\t\t\t<div class=\"e-con-inner\">\n\t\t\t\t<div class=\"elementor-element elementor-element-6eadd4d elementor-widget elementor-widget-image\" data-id=\"6eadd4d\" data-element_type=\"widget\" data-e-type=\"widget\" data-widget_type=\"image.default\">\n\t\t\t\t\t\t\t\t\t\t\t\t<figure class=\"wp-caption\">\n\t\t\t\t\t\t\t\t\t\t<img fetchpriority=\"high\" decoding=\"async\" width=\"768\" height=\"512\" src=\"https:\/\/soymigrante.com\/revista\/wp-content\/uploads\/2025\/05\/Simbolismo-y-realidad-del-jaguar-en-la-cultura-maya2-1024x682.jpeg\" class=\"attachment-large size-large wp-image-32816\" alt=\"Majestuoso jaguar en la naturaleza, s\u00edmbolo de fuerza y presencia en el ecosistema selv\u00e1tico.\" srcset=\"https:\/\/soymigrante.com\/revista\/wp-content\/uploads\/2025\/05\/Simbolismo-y-realidad-del-jaguar-en-la-cultura-maya2-1024x682.jpeg 1024w, https:\/\/soymigrante.com\/revista\/wp-content\/uploads\/2025\/05\/Simbolismo-y-realidad-del-jaguar-en-la-cultura-maya2-300x200.jpeg 300w, https:\/\/soymigrante.com\/revista\/wp-content\/uploads\/2025\/05\/Simbolismo-y-realidad-del-jaguar-en-la-cultura-maya2-768x512.jpeg 768w, https:\/\/soymigrante.com\/revista\/wp-content\/uploads\/2025\/05\/Simbolismo-y-realidad-del-jaguar-en-la-cultura-maya2-1536x1023.jpeg 1536w, https:\/\/soymigrante.com\/revista\/wp-content\/uploads\/2025\/05\/Simbolismo-y-realidad-del-jaguar-en-la-cultura-maya2-750x500.jpeg 750w, https:\/\/soymigrante.com\/revista\/wp-content\/uploads\/2025\/05\/Simbolismo-y-realidad-del-jaguar-en-la-cultura-maya2-1140x760.jpeg 1140w, https:\/\/soymigrante.com\/revista\/wp-content\/uploads\/2025\/05\/Simbolismo-y-realidad-del-jaguar-en-la-cultura-maya2.webp 1600w\" sizes=\"(max-width: 768px) 100vw, 768px\" title=\"Simbolismo y realidad del jaguar en la cultura maya \u2013 SoyMigrante.com REVISTA\" \/>\t\t\t\t\t\t\t\t\t\t\t<figcaption class=\"widget-image-caption wp-caption-text\">Explora art\u00edculos y reportajes sobre biodiversidad en SoyMigrante.com REVISTA.<\/figcaption>\n\t\t\t\t\t\t\t\t\t\t<\/figure>\n\t\t\t\t\t\t\t\t\t<\/div>\n\t\t\t\t\t<\/div>\n\t\t\t\t<\/div>\n\t\t<div data-particle_enable=\"false\" data-particle-mobile-disabled=\"false\" class=\"elementor-element elementor-element-361e378 e-flex e-con-boxed e-con e-parent\" data-id=\"361e378\" data-element_type=\"container\" data-e-type=\"container\">\n\t\t\t\t\t<div class=\"e-con-inner\">\n\t\t\t\t<div class=\"elementor-element elementor-element-bce897c elementor-widget elementor-widget-heading\" data-id=\"bce897c\" data-element_type=\"widget\" data-e-type=\"widget\" data-widget_type=\"heading.default\">\n\t\t\t\t\t<h3 class=\"elementor-heading-title elementor-size-default\">Representaci\u00f3n en vasos y glifos<\/h3>\t\t\t\t<\/div>\n\t\t\t\t\t<\/div>\n\t\t\t\t<\/div>\n\t\t<div data-particle_enable=\"false\" data-particle-mobile-disabled=\"false\" class=\"elementor-element elementor-element-3807f3d e-flex e-con-boxed e-con e-parent\" data-id=\"3807f3d\" data-element_type=\"container\" data-e-type=\"container\">\n\t\t\t\t\t<div class=\"e-con-inner\">\n\t\t\t\t<div class=\"elementor-element elementor-element-ad31eed elementor-widget elementor-widget-text-editor\" data-id=\"ad31eed\" data-element_type=\"widget\" data-e-type=\"widget\" data-widget_type=\"text-editor.default\">\n\t\t\t\t\t\t\t\t\t<p>Los antiguos mayas plasmaron al jaguar en cer\u00e1mica, <a href=\"https:\/\/soymigrante.com\/revista\/sabiduria-ancestral-en-nuestros-dias-astronomia-y-el-sistema-calendarico-maya\/\" target=\"_blank\" rel=\"noopener\">esculturas y glifos, emple\u00e1ndolo para narrar mitos, rituales y genealog\u00eda<\/a>s. En los vasos mayas, el jaguar aparece tanto en escenas de guerra como en rituales de sacrificio, destacando su car\u00e1cter feroz y protector.<\/p><p>En los glifos, su imagen se combina con otros s\u00edmbolos para representar conceptos como la noche, el inframundo o el poder divino.<\/p>\t\t\t\t\t\t\t\t<\/div>\n\t\t\t\t\t<\/div>\n\t\t\t\t<\/div>\n\t\t<div data-particle_enable=\"false\" data-particle-mobile-disabled=\"false\" class=\"elementor-element elementor-element-b7410e3 e-flex e-con-boxed e-con e-parent\" data-id=\"b7410e3\" data-element_type=\"container\" data-e-type=\"container\">\n\t\t\t\t\t<div class=\"e-con-inner\">\n\t\t\t\t<div class=\"elementor-element elementor-element-068a2c7 elementor-widget elementor-widget-heading\" data-id=\"068a2c7\" data-element_type=\"widget\" data-e-type=\"widget\" data-widget_type=\"heading.default\">\n\t\t\t\t\t<h3 class=\"elementor-heading-title elementor-size-default\">Amenazas en su entorno<\/h3>\t\t\t\t<\/div>\n\t\t\t\t\t<\/div>\n\t\t\t\t<\/div>\n\t\t<div data-particle_enable=\"false\" data-particle-mobile-disabled=\"false\" class=\"elementor-element elementor-element-e0093da e-flex e-con-boxed e-con e-parent\" data-id=\"e0093da\" data-element_type=\"container\" data-e-type=\"container\">\n\t\t\t\t\t<div class=\"e-con-inner\">\n\t\t\t\t<div class=\"elementor-element elementor-element-8509e3f elementor-widget elementor-widget-text-editor\" data-id=\"8509e3f\" data-element_type=\"widget\" data-e-type=\"widget\" data-widget_type=\"text-editor.default\">\n\t\t\t\t\t\t\t\t\t<p><a href=\"https:\/\/soymigrante.com\/revista\/sabiduria-ancestral-en-nuestros-dias-astronomia-y-el-sistema-calendarico-maya\/\" target=\"_blank\" rel=\"noopener\">Hoy en d\u00eda, el jaguar enfrenta m\u00faltiples amenazas en su entorno natural.<\/a> La deforestaci\u00f3n, la caza furtiva y la p\u00e9rdida de h\u00e1bitat han reducido significativamente su poblaci\u00f3n en Guatemala y otras regiones de Mesoam\u00e9rica.<\/p><p>Organizaciones conservacionistas trabajan para preservar los corredores biol\u00f3gicos donde a\u00fan habitan, pero los esfuerzos siguen siendo insuficientes ante el avance de la actividad humana.<\/p>\t\t\t\t\t\t\t\t<\/div>\n\t\t\t\t\t<\/div>\n\t\t\t\t<\/div>\n\t\t<div data-particle_enable=\"false\" data-particle-mobile-disabled=\"false\" class=\"elementor-element elementor-element-ffe920b e-flex e-con-boxed e-con e-parent\" data-id=\"ffe920b\" data-element_type=\"container\" data-e-type=\"container\">\n\t\t\t\t\t<div class=\"e-con-inner\">\n\t\t\t\t<div class=\"elementor-element elementor-element-e2e6047 elementor-widget elementor-widget-image\" data-id=\"e2e6047\" data-element_type=\"widget\" data-e-type=\"widget\" data-widget_type=\"image.default\">\n\t\t\t\t\t\t\t\t\t\t\t\t<figure class=\"wp-caption\">\n\t\t\t\t\t\t\t\t\t\t<img decoding=\"async\" width=\"768\" height=\"512\" src=\"https:\/\/soymigrante.com\/revista\/wp-content\/uploads\/2025\/05\/Simbolismo-y-realidad-del-jaguar-en-la-cultura-maya3-1024x682.jpeg\" class=\"attachment-large size-large wp-image-32817\" alt=\"Jaguar en cautiverio, s\u00edmbolo de conservaci\u00f3n y biodiversidad en Am\u00e9rica Latina.\" srcset=\"https:\/\/soymigrante.com\/revista\/wp-content\/uploads\/2025\/05\/Simbolismo-y-realidad-del-jaguar-en-la-cultura-maya3-1024x682.jpeg 1024w, https:\/\/soymigrante.com\/revista\/wp-content\/uploads\/2025\/05\/Simbolismo-y-realidad-del-jaguar-en-la-cultura-maya3-300x200.jpeg 300w, https:\/\/soymigrante.com\/revista\/wp-content\/uploads\/2025\/05\/Simbolismo-y-realidad-del-jaguar-en-la-cultura-maya3-768x512.jpeg 768w, https:\/\/soymigrante.com\/revista\/wp-content\/uploads\/2025\/05\/Simbolismo-y-realidad-del-jaguar-en-la-cultura-maya3-1536x1023.jpeg 1536w, https:\/\/soymigrante.com\/revista\/wp-content\/uploads\/2025\/05\/Simbolismo-y-realidad-del-jaguar-en-la-cultura-maya3-750x500.webp 750w, https:\/\/soymigrante.com\/revista\/wp-content\/uploads\/2025\/05\/Simbolismo-y-realidad-del-jaguar-en-la-cultura-maya3-1140x760.webp 1140w, https:\/\/soymigrante.com\/revista\/wp-content\/uploads\/2025\/05\/Simbolismo-y-realidad-del-jaguar-en-la-cultura-maya3.webp 1600w\" sizes=\"(max-width: 768px) 100vw, 768px\" title=\"Simbolismo y realidad del jaguar en la cultura maya3 \u2013 SoyMigrante.com REVISTA\" \/>\t\t\t\t\t\t\t\t\t\t\t<figcaption class=\"widget-image-caption wp-caption-text\">Majestuoso animal felino en su h\u00e1bitat natural, resaltando la importancia de proteger la fauna silvestre y promover la sostenibilidad.<\/figcaption>\n\t\t\t\t\t\t\t\t\t\t<\/figure>\n\t\t\t\t\t\t\t\t\t<\/div>\n\t\t\t\t\t<\/div>\n\t\t\t\t<\/div>\n\t\t<div data-particle_enable=\"false\" data-particle-mobile-disabled=\"false\" class=\"elementor-element elementor-element-a518f79 e-flex e-con-boxed e-con e-parent\" data-id=\"a518f79\" data-element_type=\"container\" data-e-type=\"container\">\n\t\t\t\t\t<div class=\"e-con-inner\">\n\t\t\t\t<div class=\"elementor-element elementor-element-3ce49dc elementor-widget elementor-widget-heading\" data-id=\"3ce49dc\" data-element_type=\"widget\" data-e-type=\"widget\" data-widget_type=\"heading.default\">\n\t\t\t\t\t<h3 class=\"elementor-heading-title elementor-size-default\">Avistamiento: un encuentro m\u00edstico y raro<\/h3>\t\t\t\t<\/div>\n\t\t\t\t\t<\/div>\n\t\t\t\t<\/div>\n\t\t<div data-particle_enable=\"false\" data-particle-mobile-disabled=\"false\" class=\"elementor-element elementor-element-6f231fb e-flex e-con-boxed e-con e-parent\" data-id=\"6f231fb\" data-element_type=\"container\" data-e-type=\"container\">\n\t\t\t\t\t<div class=\"e-con-inner\">\n\t\t\t\t<div class=\"elementor-element elementor-element-b1d2361 elementor-widget elementor-widget-text-editor\" data-id=\"b1d2361\" data-element_type=\"widget\" data-e-type=\"widget\" data-widget_type=\"text-editor.default\">\n\t\t\t\t\t\t\t\t\t<p>Avistar un jaguar en su h\u00e1bitat natural es un evento excepcional. En \u00e1reas protegidas como el<a href=\"https:\/\/soymigrante.com\/revista\/cuando-se-descubrio-tikal-y-cual-era-su-nombre-prehispanico\/\" target=\"_blank\" rel=\"noopener\"> Parque Nacional Tikal y la Reserva de la Biosfera Maya,<\/a> a\u00fan es posible detectar rastros de su presencia, como huellas y sonidos, aunque verlos sigue siendo un privilegio reservado para pocos.<\/p><p>Para los mayas, el jaguar era m\u00e1s que un animal; era un guardi\u00e1n espiritual. Hoy, su simbolismo perdura, pero su realidad es cada vez m\u00e1s fr\u00e1gil.<\/p>\t\t\t\t\t\t\t\t<\/div>\n\t\t\t\t\t<\/div>\n\t\t\t\t<\/div>\n\t\t<div data-particle_enable=\"false\" data-particle-mobile-disabled=\"false\" class=\"elementor-element elementor-element-f24cff9 e-flex e-con-boxed e-con e-parent\" data-id=\"f24cff9\" data-element_type=\"container\" data-e-type=\"container\">\n\t\t\t\t\t<div class=\"e-con-inner\">\n\t\t\t\t<div class=\"elementor-element elementor-element-ce367ff elementor-widget elementor-widget-heading\" data-id=\"ce367ff\" data-element_type=\"widget\" data-e-type=\"widget\" data-widget_type=\"heading.default\">\n\t\t\t\t\t<h2 class=\"elementor-heading-title elementor-size-default\">Conoce m\u00e1s de la cultura maya, ac\u00e1...<\/h2>\t\t\t\t<\/div>\n\t\t\t\t\t<\/div>\n\t\t\t\t<\/div>\n\t\t<div data-particle_enable=\"false\" data-particle-mobile-disabled=\"false\" class=\"elementor-element elementor-element-90b9860 e-flex e-con-boxed e-con e-parent\" data-id=\"90b9860\" data-element_type=\"container\" data-e-type=\"container\">\n\t\t\t\t\t<div class=\"e-con-inner\">\n\t\t\t\t<div class=\"elementor-element elementor-element-0a6730e elementor-grid-eael-col-3 elementor-grid-tablet-eael-col-2 elementor-grid-mobile-eael-col-1 elementor-widget elementor-widget-eael-post-grid\" data-id=\"0a6730e\" data-element_type=\"widget\" data-e-type=\"widget\" data-settings=\"{&quot;eael_post_grid_columns&quot;:&quot;eael-col-3&quot;,&quot;eael_post_grid_columns_tablet&quot;:&quot;eael-col-2&quot;,&quot;eael_post_grid_columns_mobile&quot;:&quot;eael-col-1&quot;}\" data-widget_type=\"eael-post-grid.default\">\n\t\t\t\t\t<div id=\"eael-post-grid-0a6730e\" class=\"eael-post-grid-container\">\n            <div class=\"eael-post-grid eael-post-appender eael-post-appender-0a6730e eael-post-grid-style-one\" data-layout-mode=\"masonry\"><article class=\"eael-grid-post  eael-post-grid-column eael-pg-post-5733 category-estamos-unidos\" data-id=\"5733\">\n        <div class=\"eael-grid-post-holder\">\n            <div class=\"eael-grid-post-holder-inner\"><div class=\"eael-entry-media\"><div class=\"eael-entry-overlay fade-in\"><i class=\"far fa-hand-pointer\" aria-hidden=\"true\"><\/i><a href=\"https:\/\/soymigrante.com\/revista\/musica-tradicional-de-guatemala-tipica-maya-marimba-guatemalteca\/\"><\/a><\/div><div class=\"eael-entry-thumbnail \">\n                <img decoding=\"async\" width=\"1024\" height=\"768\" src=\"https:\/\/soymigrante.com\/revista\/wp-content\/uploads\/2024\/04\/maya-aj-iximche-1024x768.webp\" class=\"attachment-large size-large wp-image-5734\" alt=\"Tradici\u00f3n ind\u00edgena mexicana, grupo de personas con vestimenta tradicional, en paisaje natural, cultura y diversidad \u00e9tnica de M\u00e9xico.\" srcset=\"https:\/\/soymigrante.com\/revista\/wp-content\/uploads\/2024\/04\/maya-aj-iximche-1024x768.webp 1024w, https:\/\/soymigrante.com\/revista\/wp-content\/uploads\/2024\/04\/maya-aj-iximche-300x225.webp 300w, https:\/\/soymigrante.com\/revista\/wp-content\/uploads\/2024\/04\/maya-aj-iximche-768x576.webp 768w, https:\/\/soymigrante.com\/revista\/wp-content\/uploads\/2024\/04\/maya-aj-iximche-1536x1152.webp 1536w, https:\/\/soymigrante.com\/revista\/wp-content\/uploads\/2024\/04\/maya-aj-iximche-750x563.webp 750w, https:\/\/soymigrante.com\/revista\/wp-content\/uploads\/2024\/04\/maya-aj-iximche-1140x855.webp 1140w, https:\/\/soymigrante.com\/revista\/wp-content\/uploads\/2024\/04\/maya-aj-iximche.webp 1600w\" sizes=\"(max-width: 1024px) 100vw, 1024px\" \/>\n            <\/div>\n        <\/div><div class=\"eael-entry-wrapper\"><header class=\"eael-entry-header\"><h2 class=\"eael-entry-title\"><a class=\"eael-grid-post-link\" href=\"https:\/\/soymigrante.com\/revista\/musica-tradicional-de-guatemala-tipica-maya-marimba-guatemalteca\/\" title=\"M\u00fasica maya tradicional de Guatemala resonar\u00e1 este abril en Houston, Texas\">M\u00fasica maya tradicional de Guatemala resonar\u00e1 este abril en Houston, Texas<\/a><\/h2><\/header><div class=\"eael-entry-content\">\n                        <div class=\"eael-grid-post-excerpt\"><a href=\"https:\/\/soymigrante.com\/revista\/musica-tradicional-de-guatemala-tipica-maya-marimba-guatemalteca\/\" class=\"eael-post-elements-readmore-btn\">CONOCE SU HISTORIA <\/a><\/div>\n                    <\/div><\/div><\/div>\n        <\/div>\n    <\/article><article class=\"eael-grid-post  eael-post-grid-column eael-pg-post-5234 category-estamos-unidos tags-dia-internacional-de-la-mujer\" data-id=\"5234\">\n        <div class=\"eael-grid-post-holder\">\n            <div class=\"eael-grid-post-holder-inner\"><div class=\"eael-entry-media\"><div class=\"eael-entry-overlay fade-in\"><i class=\"far fa-hand-pointer\" aria-hidden=\"true\"><\/i><a href=\"https:\/\/soymigrante.com\/revista\/cantautora-maya-gira-estados-unidos-migrantes\/\"><\/a><\/div><div class=\"eael-entry-thumbnail \">\n                <img loading=\"lazy\" decoding=\"async\" width=\"1024\" height=\"1024\" src=\"https:\/\/soymigrante.com\/revista\/wp-content\/uploads\/2024\/03\/BANNER-Chumilkaj-Curruchiche-Nicho-3-1024x1024.webp\" class=\"attachment-large size-large wp-image-5235\" alt=\"Cantautora Ch&#039;umilkaj Nicho reivindica con su m\u00fasica el idioma kaqchikel el cual se habla en varios pobladores de departamentos del centro de Guatemala.\" srcset=\"https:\/\/soymigrante.com\/revista\/wp-content\/uploads\/2024\/03\/BANNER-Chumilkaj-Curruchiche-Nicho-3-1024x1024.webp 1024w, https:\/\/soymigrante.com\/revista\/wp-content\/uploads\/2024\/03\/BANNER-Chumilkaj-Curruchiche-Nicho-3-300x300.webp 300w, https:\/\/soymigrante.com\/revista\/wp-content\/uploads\/2024\/03\/BANNER-Chumilkaj-Curruchiche-Nicho-3-150x150.webp 150w, https:\/\/soymigrante.com\/revista\/wp-content\/uploads\/2024\/03\/BANNER-Chumilkaj-Curruchiche-Nicho-3-768x768.webp 768w, https:\/\/soymigrante.com\/revista\/wp-content\/uploads\/2024\/03\/BANNER-Chumilkaj-Curruchiche-Nicho-3-75x75.webp 75w, https:\/\/soymigrante.com\/revista\/wp-content\/uploads\/2024\/03\/BANNER-Chumilkaj-Curruchiche-Nicho-3-750x750.webp 750w, https:\/\/soymigrante.com\/revista\/wp-content\/uploads\/2024\/03\/BANNER-Chumilkaj-Curruchiche-Nicho-3-1140x1140.webp 1140w, https:\/\/soymigrante.com\/revista\/wp-content\/uploads\/2024\/03\/BANNER-Chumilkaj-Curruchiche-Nicho-3-600x600.webp 600w, https:\/\/soymigrante.com\/revista\/wp-content\/uploads\/2024\/03\/BANNER-Chumilkaj-Curruchiche-Nicho-3.webp 1221w\" sizes=\"(max-width: 1024px) 100vw, 1024px\" \/>\n            <\/div>\n        <\/div><div class=\"eael-entry-wrapper\"><header class=\"eael-entry-header\"><h2 class=\"eael-entry-title\"><a class=\"eael-grid-post-link\" href=\"https:\/\/soymigrante.com\/revista\/cantautora-maya-gira-estados-unidos-migrantes\/\" title=\"Artista maya Ch&#8217;umilkaj Nicho le canta a las migrantes en gira por EE.UU.\">Artista maya Ch&#8217;umilkaj Nicho le canta a las migrantes en gira por EE.UU.<\/a><\/h2><\/header><div class=\"eael-entry-content\">\n                        <div class=\"eael-grid-post-excerpt\"><a href=\"https:\/\/soymigrante.com\/revista\/cantautora-maya-gira-estados-unidos-migrantes\/\" class=\"eael-post-elements-readmore-btn\">CONOCE SU HISTORIA <\/a><\/div>\n                    <\/div><\/div><\/div>\n        <\/div>\n    <\/article><article class=\"eael-grid-post  eael-post-grid-column eael-pg-post-2073 category-guate-nuestra\" data-id=\"2073\">\n        <div class=\"eael-grid-post-holder\">\n            <div class=\"eael-grid-post-holder-inner\"><div class=\"eael-entry-media\"><div class=\"eael-entry-overlay fade-in\"><i class=\"far fa-hand-pointer\" aria-hidden=\"true\"><\/i><a href=\"https:\/\/soymigrante.com\/revista\/ajpon-danzas-mayas-homenaje-migrantes\/\"><\/a><\/div><div class=\"eael-entry-thumbnail \">\n                <img loading=\"lazy\" decoding=\"async\" width=\"1024\" height=\"683\" src=\"https:\/\/soymigrante.com\/revista\/wp-content\/uploads\/2023\/08\/Grupo-de-Danza-Tradicionales-Ajpon-fundado-por-Teresa-Ramirez-dedican-un-baile-tradional-a-los-migrantes-guatemlatecos-como-recordatorio-de-sus-raices-foto-por-Omar-Menchu-1024x683.webp\" class=\"attachment-large size-large wp-image-2138\" alt=\"Grupo de Danza Tradicionales Ajpon fundado por Teresa Ram\u00edrez dedican un baile tradicional a los migrantes guatemaltecos como recordatorio de sus ra\u00edces foto por Omar Mench\u00fa\" srcset=\"https:\/\/soymigrante.com\/revista\/wp-content\/uploads\/2023\/08\/Grupo-de-Danza-Tradicionales-Ajpon-fundado-por-Teresa-Ramirez-dedican-un-baile-tradional-a-los-migrantes-guatemlatecos-como-recordatorio-de-sus-raices-foto-por-Omar-Menchu-1024x683.webp 1024w, https:\/\/soymigrante.com\/revista\/wp-content\/uploads\/2023\/08\/Grupo-de-Danza-Tradicionales-Ajpon-fundado-por-Teresa-Ramirez-dedican-un-baile-tradional-a-los-migrantes-guatemlatecos-como-recordatorio-de-sus-raices-foto-por-Omar-Menchu-300x200.webp 300w, https:\/\/soymigrante.com\/revista\/wp-content\/uploads\/2023\/08\/Grupo-de-Danza-Tradicionales-Ajpon-fundado-por-Teresa-Ramirez-dedican-un-baile-tradional-a-los-migrantes-guatemlatecos-como-recordatorio-de-sus-raices-foto-por-Omar-Menchu-768x512.webp 768w, https:\/\/soymigrante.com\/revista\/wp-content\/uploads\/2023\/08\/Grupo-de-Danza-Tradicionales-Ajpon-fundado-por-Teresa-Ramirez-dedican-un-baile-tradional-a-los-migrantes-guatemlatecos-como-recordatorio-de-sus-raices-foto-por-Omar-Menchu-1536x1024.webp 1536w, https:\/\/soymigrante.com\/revista\/wp-content\/uploads\/2023\/08\/Grupo-de-Danza-Tradicionales-Ajpon-fundado-por-Teresa-Ramirez-dedican-un-baile-tradional-a-los-migrantes-guatemlatecos-como-recordatorio-de-sus-raices-foto-por-Omar-Menchu.webp 1920w, https:\/\/soymigrante.com\/revista\/wp-content\/uploads\/2023\/08\/Grupo-de-Danza-Tradicionales-Ajpon-fundado-por-Teresa-Ramirez-dedican-un-baile-tradional-a-los-migrantes-guatemlatecos-como-recordatorio-de-sus-raices-foto-por-Omar-Menchu-750x500.webp 750w, https:\/\/soymigrante.com\/revista\/wp-content\/uploads\/2023\/08\/Grupo-de-Danza-Tradicionales-Ajpon-fundado-por-Teresa-Ramirez-dedican-un-baile-tradional-a-los-migrantes-guatemlatecos-como-recordatorio-de-sus-raices-foto-por-Omar-Menchu-1140x760.webp 1140w, https:\/\/soymigrante.com\/revista\/wp-content\/uploads\/2023\/08\/Grupo-de-Danza-Tradicionales-Ajpon-fundado-por-Teresa-Ramirez-dedican-un-baile-tradional-a-los-migrantes-guatemlatecos-como-recordatorio-de-sus-raices-foto-por-Omar-Menchu-600x400.webp 600w\" sizes=\"(max-width: 1024px) 100vw, 1024px\" \/>\n            <\/div>\n        <\/div><div class=\"eael-entry-wrapper\"><header class=\"eael-entry-header\"><h2 class=\"eael-entry-title\"><a class=\"eael-grid-post-link\" href=\"https:\/\/soymigrante.com\/revista\/ajpon-danzas-mayas-homenaje-migrantes\/\" title=\"Ajpon: Danzas mayas que honran a migrantes guatemaltecos\">Ajpon: Danzas mayas que honran a migrantes guatemaltecos<\/a><\/h2><\/header><div class=\"eael-entry-content\">\n                        <div class=\"eael-grid-post-excerpt\"><a href=\"https:\/\/soymigrante.com\/revista\/ajpon-danzas-mayas-homenaje-migrantes\/\" class=\"eael-post-elements-readmore-btn\">CONOCE SU HISTORIA <\/a><\/div>\n                    <\/div><\/div><\/div>\n        <\/div>\n    <\/article><\/div>\n            <div class=\"clearfix\"><\/div>\n        <\/div>\t\t\t\t<\/div>\n\t\t\t\t\t<\/div>\n\t\t\t\t<\/div>\n\t\t\t\t<\/div>\n\t\t","protected":false},"excerpt":{"rendered":"<p>El jaguar es uno de s\u00edmbolos m\u00e1s importantes de la cultura maya, porque se asemeja a lo sagrado. En la cosmovisi\u00f3n maya, el jaguar ocupa un lugar privilegiado como s\u00edmbolo de poder, fuerza y conexi\u00f3n espiritual. Conocido como B\u2019alam, el jaguar era considerado un guardi\u00e1n entre el mundo de los vivos y los muertos, un [&hellip;]<\/p>\n","protected":false},"author":19,"featured_media":32808,"comment_status":"open","ping_status":"open","sticky":false,"template":"","format":"standard","meta":{"_acf_changed":false,"_eb_attr":"","footnotes":""},"categories":[58],"tags":[],"class_list":["post-32807","post","type-post","status-publish","format-standard","has-post-thumbnail","hentry","category-guate-nuestra"],"acf":[],"aioseo_notices":[],"aioseo_head":"\n\t\t<!-- All in One SEO Pro 4.9.6.2 - aioseo.com -->\n\t<meta name=\"description\" content=\"Descubre a Ajpon, grupo de danzas mayas que, desde Totonicap\u00e1n, rinde homenaje a migrantes guatemaltecos, exaltando tradiciones y ra\u00edces culturales.\" \/>\n\t<meta name=\"robots\" content=\"max-snippet:-1, max-image-preview:large, max-video-preview:-1\" \/>\n\t<meta name=\"author\" content=\"Diana Batz\"\/>\n\t<link rel=\"canonical\" href=\"https:\/\/soymigrante.com\/revista\/ajpon-danzas-mayas-homenaje-migrantes\/\" \/>\n\t<meta name=\"generator\" content=\"All in One SEO Pro (AIOSEO) 4.9.6.2\" \/>\n\n\t\t<link rel=\"preconnect\" href=\"https:\/\/fonts.googleapis.com\" crossorigin>\n<link rel=\"preconnect\" href=\"https:\/\/fonts.gstatic.com\" crossorigin>\n\t\t<meta property=\"og:locale\" content=\"es_ES\" \/>\n\t\t<meta property=\"og:site_name\" content=\"SoyMigrante.com REVISTA \u2013 Nuestra misi\u00f3n es reconocer y dignificar al migrante.\" \/>\n\t\t<meta property=\"og:type\" content=\"article\" \/>\n\t\t<meta property=\"og:title\" content=\"Ajpon: Danzas mayas que honran a migrantes guatemaltecos\" \/>\n\t\t<meta property=\"og:description\" content=\"Descubre a Ajpon, grupo de danzas mayas que, desde Totonicap\u00e1n, rinde homenaje a migrantes guatemaltecos, exaltando tradiciones y ra\u00edces culturales.\" \/>\n\t\t<meta property=\"og:url\" content=\"https:\/\/soymigrante.com\/revista\/ajpon-danzas-mayas-homenaje-migrantes\/\" \/>\n\t\t<meta property=\"og:image\" content=\"https:\/\/soymigrante.com\/revista\/wp-content\/uploads\/2023\/08\/Grupo-de-Danza-Tradicionales-Ajpon-fundado-por-Teresa-Ramirez-dedican-un-baile-tradional-a-los-migrantes-guatemlatecos-como-recordatorio-de-sus-raices-foto-por-Omar-Menchu.webp\" \/>\n\t\t<meta property=\"og:image:secure_url\" content=\"https:\/\/soymigrante.com\/revista\/wp-content\/uploads\/2023\/08\/Grupo-de-Danza-Tradicionales-Ajpon-fundado-por-Teresa-Ramirez-dedican-un-baile-tradional-a-los-migrantes-guatemlatecos-como-recordatorio-de-sus-raices-foto-por-Omar-Menchu.webp\" \/>\n\t\t<meta property=\"og:image:width\" content=\"1920\" \/>\n\t\t<meta property=\"og:image:height\" content=\"1280\" \/>\n\t\t<meta property=\"article:published_time\" content=\"2023-08-08T05:04:31+00:00\" \/>\n\t\t<meta property=\"article:modified_time\" content=\"2024-07-31T06:33:08+00:00\" \/>\n\t\t<meta property=\"article:publisher\" content=\"https:\/\/www.facebook.com\/soymigrantecom\" \/>\n\t\t<meta name=\"twitter:card\" content=\"summary_large_image\" \/>\n\t\t<meta name=\"twitter:site\" content=\"@SoyMigrante_com\" \/>\n\t\t<meta name=\"twitter:title\" content=\"Ajpon: Danzas mayas que honran a migrantes guatemaltecos\" \/>\n\t\t<meta name=\"twitter:description\" content=\"Descubre a Ajpon, grupo de danzas mayas que, desde Totonicap\u00e1n, rinde homenaje a migrantes guatemaltecos, exaltando tradiciones y ra\u00edces culturales.\" \/>\n\t\t<meta name=\"twitter:creator\" content=\"@SoyMigrante_com\" \/>\n\t\t<meta name=\"twitter:image\" content=\"https:\/\/soymigrante.com\/revista\/wp-content\/uploads\/2023\/08\/Grupo-de-Danza-Tradicionales-Ajpon-fundado-por-Teresa-Ramirez-dedican-un-baile-tradional-a-los-migrantes-guatemlatecos-como-recordatorio-de-sus-raices-foto-por-Omar-Menchu.webp\" \/>\n\t\t<!-- All in One SEO Pro -->\r\n\t\t<title>Ajpon: Danzas mayas que honran a migrantes guatemaltecos<\/title>\n\n","aioseo_head_json":{"title":"Ajpon: Danzas mayas que honran a migrantes guatemaltecos","description":"Descubre a Ajpon, grupo de danzas mayas que, desde Totonicap\u00e1n, rinde homenaje a migrantes guatemaltecos, exaltando tradiciones y ra\u00edces culturales.","canonical_url":"https:\/\/soymigrante.com\/revista\/ajpon-danzas-mayas-homenaje-migrantes\/","robots":"max-snippet:-1, max-image-preview:large, max-video-preview:-1","keywords":"","webmasterTools":{"miscellaneous":"&lt;link rel=\"preconnect\" href=\"https:\/\/fonts.googleapis.com\" crossorigin&gt;\n&lt;link rel=\"preconnect\" href=\"https:\/\/fonts.gstatic.com\" crossorigin&gt;"},"schema":null,"og:locale":"es_ES","og:site_name":"SoyMigrante.com REVISTA \u2013 Nuestra misi\u00f3n es reconocer y dignificar al migrante.","og:type":"article","og:title":"Ajpon: Danzas mayas que honran a migrantes guatemaltecos","og:description":"Descubre a Ajpon, grupo de danzas mayas que, desde Totonicap\u00e1n, rinde homenaje a migrantes guatemaltecos, exaltando tradiciones y ra\u00edces culturales.","og:url":"https:\/\/soymigrante.com\/revista\/ajpon-danzas-mayas-homenaje-migrantes\/","og:image":"https:\/\/soymigrante.com\/revista\/wp-content\/uploads\/2023\/08\/Grupo-de-Danza-Tradicionales-Ajpon-fundado-por-Teresa-Ramirez-dedican-un-baile-tradional-a-los-migrantes-guatemlatecos-como-recordatorio-de-sus-raices-foto-por-Omar-Menchu.webp","og:image:secure_url":"https:\/\/soymigrante.com\/revista\/wp-content\/uploads\/2023\/08\/Grupo-de-Danza-Tradicionales-Ajpon-fundado-por-Teresa-Ramirez-dedican-un-baile-tradional-a-los-migrantes-guatemlatecos-como-recordatorio-de-sus-raices-foto-por-Omar-Menchu.webp","og:image:width":1920,"og:image:height":1280,"article:published_time":"2023-08-08T05:04:31+00:00","article:modified_time":"2024-07-31T06:33:08+00:00","article:publisher":"https:\/\/www.facebook.com\/soymigrantecom","twitter:card":"summary_large_image","twitter:site":"@SoyMigrante_com","twitter:title":"Ajpon: Danzas mayas que honran a migrantes guatemaltecos","twitter:description":"Descubre a Ajpon, grupo de danzas mayas que, desde Totonicap\u00e1n, rinde homenaje a migrantes guatemaltecos, exaltando tradiciones y ra\u00edces culturales.","twitter:creator":"@SoyMigrante_com","twitter:image":"https:\/\/soymigrante.com\/revista\/wp-content\/uploads\/2023\/08\/Grupo-de-Danza-Tradicionales-Ajpon-fundado-por-Teresa-Ramirez-dedican-un-baile-tradional-a-los-migrantes-guatemlatecos-como-recordatorio-de-sus-raices-foto-por-Omar-Menchu.webp"},"aioseo_meta_data":{"post_id":"32807","title":null,"description":"El jaguar es uno de s\u00edmbolos m\u00e1s importantes de la cultura maya, porque se asemeja a lo sagrado.","keywords":null,"keyphrases":{"focus":{"keyphrase":"Jaguar","score":78,"analysis":{"keyphraseInTitle":{"score":9,"maxScore":9,"error":0},"keyphraseInDescription":{"score":9,"maxScore":9,"error":0},"keyphraseLength":{"score":9,"maxScore":9,"error":0,"length":1},"keyphraseInURL":{"score":5,"maxScore":5,"error":0},"keyphraseInIntroduction":{"score":9,"maxScore":9,"error":0},"keyphraseInSubHeadings":{"score":3,"maxScore":9,"error":1},"keyphraseInImageAlt":{"score":9,"maxScore":9,"error":0},"keywordDensity":{"type":"high","score":0,"maxScore":9,"error":1}}},"additional":[{"keyphrase":"Jaguar","score":80,"analysis":{"keyphraseInDescription":{"score":9,"maxScore":9,"error":0},"keyphraseLength":{"score":9,"maxScore":9,"error":0,"length":1},"keyphraseInIntroduction":{"score":9,"maxScore":9,"error":0},"keyphraseInImageAlt":{"score":9,"maxScore":9,"error":0},"keywordDensity":{"type":"high","score":0,"maxScore":9,"error":1}}},{"keyphrase":"maya","score":80,"analysis":{"keyphraseInDescription":{"score":9,"maxScore":9,"error":0},"keyphraseLength":{"score":9,"maxScore":9,"error":0,"length":1},"keyphraseInIntroduction":{"score":9,"maxScore":9,"error":0},"keyphraseInImageAlt":{"score":9,"maxScore":9,"error":0},"keywordDensity":{"type":"high","score":0,"maxScore":9,"error":1}}},{"keyphrase":"cultura","score":87,"analysis":{"keyphraseInDescription":{"score":9,"maxScore":9,"error":0},"keyphraseLength":{"score":9,"maxScore":9,"error":0,"length":1},"keyphraseInIntroduction":{"score":3,"maxScore":9,"error":1},"keyphraseInImageAlt":{"score":9,"maxScore":9,"error":0},"keywordDensity":{"type":"best","score":9,"maxScore":9,"error":0}}}]},"primary_term":null,"canonical_url":null,"og_title":null,"og_description":null,"og_object_type":"default","og_image_type":"default","og_image_url":null,"og_image_width":null,"og_image_height":null,"og_image_custom_url":null,"og_image_custom_fields":null,"og_video":"","og_custom_url":null,"og_article_section":null,"og_article_tags":null,"twitter_use_og":false,"twitter_card":"default","twitter_image_type":"default","twitter_image_url":null,"twitter_image_custom_url":null,"twitter_image_custom_fields":null,"twitter_title":null,"twitter_description":null,"schema":{"blockGraphs":[],"customGraphs":[],"default":{"data":{"Article":[],"Course":[],"Dataset":[],"FAQPage":[],"Movie":[],"Person":[],"Product":[],"ProductReview":[],"Car":[],"Recipe":[],"Service":[],"SoftwareApplication":[],"WebPage":[]},"graphName":"none","isEnabled":true},"graphs":[]},"schema_type":"default","schema_type_options":null,"pillar_content":false,"robots_default":true,"robots_noindex":false,"robots_noarchive":false,"robots_nosnippet":false,"robots_nofollow":false,"robots_noimageindex":false,"robots_noodp":false,"robots_notranslate":false,"robots_max_snippet":"-1","robots_max_videopreview":"-1","robots_max_imagepreview":"large","priority":null,"frequency":"default","local_seo":null,"seo_analyzer_scan_date":"2025-10-09 05:05:52","breadcrumb_settings":null,"limit_modified_date":false,"reviewed_by":null,"open_ai":"{\"title\":{\"suggestions\":[],\"usage\":0},\"description\":{\"suggestions\":[],\"usage\":0}}","ai":null,"created":"2025-05-07 17:22:54","updated":"2026-02-04 23:38:12"},"aioseo_breadcrumb":"<div class=\"aioseo-breadcrumbs\"><span class=\"aioseo-breadcrumb\">\n\t<a href=\"https:\/\/soymigrante.com\/revista\" title=\"Home\">Home<\/a>\n<\/span><span class=\"aioseo-breadcrumb-separator\">\u00bb<\/span><span class=\"aioseo-breadcrumb\">\n\t<a href=\"https:\/\/soymigrante.com\/revista\/category\/guate-nuestra\/\" title=\"Guate Nuestra\">Guate Nuestra<\/a>\n<\/span><span class=\"aioseo-breadcrumb-separator\">\u00bb<\/span><span class=\"aioseo-breadcrumb\">\n\tSimbolismo y realidad del jaguar en la cultura maya\n<\/span><\/div>","aioseo_breadcrumb_json":[{"label":"Home","link":"https:\/\/soymigrante.com\/revista"},{"label":"Guate Nuestra","link":"https:\/\/soymigrante.com\/revista\/category\/guate-nuestra\/"},{"label":"Simbolismo y realidad del jaguar en la cultura maya","link":"https:\/\/soymigrante.com\/revista\/simbolismo-y-realidad-del-jaguar-en-la-cultura-maya\/"}],"_links":{"self":[{"href":"https:\/\/soymigrante.com\/revista\/wp-json\/wp\/v2\/posts\/32807","targetHints":{"allow":["GET"]}}],"collection":[{"href":"https:\/\/soymigrante.com\/revista\/wp-json\/wp\/v2\/posts"}],"about":[{"href":"https:\/\/soymigrante.com\/revista\/wp-json\/wp\/v2\/types\/post"}],"author":[{"embeddable":true,"href":"https:\/\/soymigrante.com\/revista\/wp-json\/wp\/v2\/users\/19"}],"replies":[{"embeddable":true,"href":"https:\/\/soymigrante.com\/revista\/wp-json\/wp\/v2\/comments?post=32807"}],"version-history":[{"count":19,"href":"https:\/\/soymigrante.com\/revista\/wp-json\/wp\/v2\/posts\/32807\/revisions"}],"predecessor-version":[{"id":33302,"href":"https:\/\/soymigrante.com\/revista\/wp-json\/wp\/v2\/posts\/32807\/revisions\/33302"}],"wp:featuredmedia":[{"embeddable":true,"href":"https:\/\/soymigrante.com\/revista\/wp-json\/wp\/v2\/media\/32808"}],"wp:attachment":[{"href":"https:\/\/soymigrante.com\/revista\/wp-json\/wp\/v2\/media?parent=32807"}],"wp:term":[{"taxonomy":"category","embeddable":true,"href":"https:\/\/soymigrante.com\/revista\/wp-json\/wp\/v2\/categories?post=32807"},{"taxonomy":"post_tag","embeddable":true,"href":"https:\/\/soymigrante.com\/revista\/wp-json\/wp\/v2\/tags?post=32807"}],"curies":[{"name":"wp","href":"https:\/\/api.w.org\/{rel}","templated":true}]}}