{"id":32716,"date":"2025-11-23T16:54:30","date_gmt":"2025-11-23T22:54:30","guid":{"rendered":"https:\/\/soymigrante.com\/revista\/?p=32716"},"modified":"2025-11-23T16:57:20","modified_gmt":"2025-11-23T22:57:20","slug":"maternidad-garifuna-un-legado-de-sabiduria-y-resiliencia-comunitaria","status":"publish","type":"post","link":"https:\/\/soymigrante.com\/revista\/maternidad-garifuna-un-legado-de-sabiduria-y-resiliencia-comunitaria\/","title":{"rendered":"Maternidad gar\u00edfuna: un legado de sabidur\u00eda y resiliencia en el Caribe guatemalteco"},"content":{"rendered":"\t\t<div data-elementor-type=\"wp-post\" data-elementor-id=\"32716\" class=\"elementor elementor-32716\" data-elementor-post-type=\"post\">\n\t\t\t\t<div data-particle_enable=\"false\" data-particle-mobile-disabled=\"false\" class=\"elementor-element elementor-element-f3c6aad e-flex e-con-boxed e-con e-parent\" data-id=\"f3c6aad\" data-element_type=\"container\" data-e-type=\"container\">\n\t\t\t\t\t<div class=\"e-con-inner\">\n\t\t\t\t<div class=\"elementor-element elementor-element-184f310 elementor-widget elementor-widget-heading\" data-id=\"184f310\" data-element_type=\"widget\" data-e-type=\"widget\" data-widget_type=\"heading.default\">\n\t\t\t\t\t<h2 class=\"elementor-heading-title elementor-size-default\">La maternidad, como en todas las culturas, tiene sus rituales, pero en la gar\u00edfuna es un legado de sabidur\u00eda. El pueblo gar\u00edfuna guatemalteco celebra su d\u00eda el 26 de noviembre. \n<\/h2>\t\t\t\t<\/div>\n\t\t\t\t\t<\/div>\n\t\t\t\t<\/div>\n\t\t<div data-particle_enable=\"false\" data-particle-mobile-disabled=\"false\" class=\"elementor-element elementor-element-032e024 e-flex e-con-boxed e-con e-parent\" data-id=\"032e024\" data-element_type=\"container\" data-e-type=\"container\">\n\t\t\t\t\t<div class=\"e-con-inner\">\n\t\t\t\t<div class=\"elementor-element elementor-element-5cbf240 elementor-widget elementor-widget-text-editor\" data-id=\"5cbf240\" data-element_type=\"widget\" data-e-type=\"widget\" data-widget_type=\"text-editor.default\">\n\t\t\t\t\t\t\t\t\t<p><a href=\"https:\/\/soymigrante.com\/revista\/pueblo-garinagu-garifuna-lleva-mas-de-dos-siglos-en-guatemala\/\" target=\"_blank\" rel=\"noopener\">En las comunidades gar\u00edfunas de Centroam\u00e9rica, la maternidad es m\u00e1s que un proceso biol\u00f3gico<\/a>: es una manifestaci\u00f3n espiritual y cultural profundamente arraigada en la identidad colectiva.<\/p><p>Las mujeres embarazadas son consideradas portadoras de vida sagrada, y su cuidado se rige por pr\u00e1cticas ancestrales que buscan armonizar el cuerpo, el alma y la comunidad, seg\u00fan el soci\u00f3logo, Efra\u00edn Dur\u00e1n.<\/p>\t\t\t\t\t\t\t\t<\/div>\n\t\t\t\t\t<\/div>\n\t\t\t\t<\/div>\n\t\t<div data-particle_enable=\"false\" data-particle-mobile-disabled=\"false\" class=\"elementor-element elementor-element-4eace06 e-flex e-con-boxed e-con e-parent\" data-id=\"4eace06\" data-element_type=\"container\" data-e-type=\"container\">\n\t\t\t\t\t<div class=\"e-con-inner\">\n\t\t\t\t<div class=\"elementor-element elementor-element-23f491b elementor-widget elementor-widget-heading\" data-id=\"23f491b\" data-element_type=\"widget\" data-e-type=\"widget\" data-widget_type=\"heading.default\">\n\t\t\t\t\t<h3 class=\"elementor-heading-title elementor-size-default\">El embarazo como estado sagrado<\/h3>\t\t\t\t<\/div>\n\t\t\t\t\t<\/div>\n\t\t\t\t<\/div>\n\t\t<div data-particle_enable=\"false\" data-particle-mobile-disabled=\"false\" class=\"elementor-element elementor-element-61539b7 e-flex e-con-boxed e-con e-parent\" data-id=\"61539b7\" data-element_type=\"container\" data-e-type=\"container\">\n\t\t\t\t\t<div class=\"e-con-inner\">\n\t\t\t\t<div class=\"elementor-element elementor-element-1deb6f6 elementor-widget elementor-widget-text-editor\" data-id=\"1deb6f6\" data-element_type=\"widget\" data-e-type=\"widget\" data-widget_type=\"text-editor.default\">\n\t\t\t\t\t\t\t\t\t<p>Durante el embarazo, la mujer gar\u00edfuna entra en un estado que implica vivir en paz, alegr\u00eda y optimismo. <a href=\"https:\/\/soymigrante.com\/revista\/pueblo-garinagu-garifuna-lleva-mas-de-dos-siglos-en-guatemala\/\" target=\"_blank\" rel=\"noopener\">Este estado es esencial para asegurar el bienestar del beb\u00e9<\/a> y evitar enfermedades que se cree pueden ser causadas por emociones negativas o experiencias traum\u00e1ticas durante la gestaci\u00f3n.<\/p>\t\t\t\t\t\t\t\t<\/div>\n\t\t\t\t\t<\/div>\n\t\t\t\t<\/div>\n\t\t<div data-particle_enable=\"false\" data-particle-mobile-disabled=\"false\" class=\"elementor-element elementor-element-0dfabc2 e-flex e-con-boxed e-con e-parent\" data-id=\"0dfabc2\" data-element_type=\"container\" data-e-type=\"container\">\n\t\t\t\t\t<div class=\"e-con-inner\">\n\t\t\t\t<div class=\"elementor-element elementor-element-7155fca elementor-widget elementor-widget-heading\" data-id=\"7155fca\" data-element_type=\"widget\" data-e-type=\"widget\" data-widget_type=\"heading.default\">\n\t\t\t\t\t<h3 class=\"elementor-heading-title elementor-size-default\">Pr\u00e1cticas tradicionales de cuidado<\/h3>\t\t\t\t<\/div>\n\t\t\t\t\t<\/div>\n\t\t\t\t<\/div>\n\t\t<div data-particle_enable=\"false\" data-particle-mobile-disabled=\"false\" class=\"elementor-element elementor-element-12fc8da e-flex e-con-boxed e-con e-parent\" data-id=\"12fc8da\" data-element_type=\"container\" data-e-type=\"container\">\n\t\t\t\t\t<div class=\"e-con-inner\">\n\t\t\t\t<div class=\"elementor-element elementor-element-9d9408c elementor-widget elementor-widget-text-editor\" data-id=\"9d9408c\" data-element_type=\"widget\" data-e-type=\"widget\" data-widget_type=\"text-editor.default\">\n\t\t\t\t\t\t\t\t\t<p><a href=\"https:\/\/soymigrante.com\/revista\/pueblo-garinagu-garifuna-lleva-mas-de-dos-siglos-en-guatemala\/\" target=\"_blank\" rel=\"noopener\">Las parteras desempe\u00f1an un papel crucial en el acompa\u00f1amiento del embarazo.<\/a> Realizan sobadas para aliviar molestias f\u00edsicas y asegurar el correcto posicionamiento del beb\u00e9. Adem\u00e1s, se utilizan amuletos y se evitan ciertos alimentos como los mariscos crudos y actividades que se consideran perjudiciales para la madre y el ni\u00f1o, por ejemplo, se recomienda bailar, pero no debe moverse muy fuerte para no da\u00f1ar al bebe.<\/p>\t\t\t\t\t\t\t\t<\/div>\n\t\t\t\t\t<\/div>\n\t\t\t\t<\/div>\n\t\t<div data-particle_enable=\"false\" data-particle-mobile-disabled=\"false\" class=\"elementor-element elementor-element-0e7e66c e-flex e-con-boxed e-con e-parent\" data-id=\"0e7e66c\" data-element_type=\"container\" data-e-type=\"container\">\n\t\t\t\t\t<div class=\"e-con-inner\">\n\t\t\t\t<div class=\"elementor-element elementor-element-c369211 elementor-widget elementor-widget-image\" data-id=\"c369211\" data-element_type=\"widget\" data-e-type=\"widget\" data-widget_type=\"image.default\">\n\t\t\t\t\t\t\t\t\t\t\t\t<figure class=\"wp-caption\">\n\t\t\t\t\t\t\t\t\t\t<img fetchpriority=\"high\" decoding=\"async\" width=\"1024\" height=\"682\" src=\"https:\/\/soymigrante.com\/revista\/wp-content\/uploads\/2025\/05\/maternidad-garifuna-2.webp\" class=\"attachment-large size-large wp-image-32728\" alt=\"Diversidad cultural en Colombia, comunidad afrodescendiente, celebraci\u00f3n tradicional, mujeres y ni\u00f1os en vestimenta t\u00edpica, orgullo cultural, eventos folkl\u00f3ricos, inclusi\u00f3n social.\" srcset=\"https:\/\/soymigrante.com\/revista\/wp-content\/uploads\/2025\/05\/maternidad-garifuna-2.webp 1024w, https:\/\/soymigrante.com\/revista\/wp-content\/uploads\/2025\/05\/maternidad-garifuna-2-300x200.jpg 300w, https:\/\/soymigrante.com\/revista\/wp-content\/uploads\/2025\/05\/maternidad-garifuna-2-768x512.jpg 768w, https:\/\/soymigrante.com\/revista\/wp-content\/uploads\/2025\/05\/maternidad-garifuna-2-750x500.webp 750w\" sizes=\"(max-width: 1024px) 100vw, 1024px\" title=\"maternidad garifuna 2 \u2013 SoyMigrante.com REVISTA\" \/>\t\t\t\t\t\t\t\t\t\t\t<figcaption class=\"widget-image-caption wp-caption-text\">Revisi\u00f3n de la cultura afrocolombiana, comunidad afro en evento cultural, celebraci\u00f3n tradicional con vestimenta t\u00edpica, diversidad \u00e9tnica en Colombia, inclusi\u00f3n social y orgullo cultural.<\/figcaption>\n\t\t\t\t\t\t\t\t\t\t<\/figure>\n\t\t\t\t\t\t\t\t\t<\/div>\n\t\t\t\t\t<\/div>\n\t\t\t\t<\/div>\n\t\t<div data-particle_enable=\"false\" data-particle-mobile-disabled=\"false\" class=\"elementor-element elementor-element-f31fe89 e-flex e-con-boxed e-con e-parent\" data-id=\"f31fe89\" data-element_type=\"container\" data-e-type=\"container\">\n\t\t\t\t\t<div class=\"e-con-inner\">\n\t\t\t\t<div class=\"elementor-element elementor-element-f5f201c elementor-widget elementor-widget-heading\" data-id=\"f5f201c\" data-element_type=\"widget\" data-e-type=\"widget\" data-widget_type=\"heading.default\">\n\t\t\t\t\t<h3 class=\"elementor-heading-title elementor-size-default\">El parto en el hogar y la importancia del calor<\/h3>\t\t\t\t<\/div>\n\t\t\t\t\t<\/div>\n\t\t\t\t<\/div>\n\t\t<div data-particle_enable=\"false\" data-particle-mobile-disabled=\"false\" class=\"elementor-element elementor-element-cb6226c e-flex e-con-boxed e-con e-parent\" data-id=\"cb6226c\" data-element_type=\"container\" data-e-type=\"container\">\n\t\t\t\t\t<div class=\"e-con-inner\">\n\t\t\t\t<div class=\"elementor-element elementor-element-7b044cf elementor-widget elementor-widget-text-editor\" data-id=\"7b044cf\" data-element_type=\"widget\" data-e-type=\"widget\" data-widget_type=\"text-editor.default\">\n\t\t\t\t\t\t\t\t\t<p>El parto suele llevarse a cabo en el hogar, en un ambiente c\u00e1lido proporcionado por un fuego cercano. El calor es fundamental para prevenir enfermedades y asegurar una recuperaci\u00f3n adecuada.<\/p><p>Durante el postparto, la madre permanece cerca del fuego durante cuarenta d\u00edas, siendo los primeros veintiuno los m\u00e1s cr\u00edticos, adem\u00e1s se debe resguardar de la humedad de las costas y garantizar que el bebe crezca y se acostumbre a un entorno c\u00e1lido.<\/p>\t\t\t\t\t\t\t\t<\/div>\n\t\t\t\t\t<\/div>\n\t\t\t\t<\/div>\n\t\t<div data-particle_enable=\"false\" data-particle-mobile-disabled=\"false\" class=\"elementor-element elementor-element-878919e e-flex e-con-boxed e-con e-parent\" data-id=\"878919e\" data-element_type=\"container\" data-e-type=\"container\">\n\t\t\t\t\t<div class=\"e-con-inner\">\n\t\t\t\t<div class=\"elementor-element elementor-element-6a8742f elementor-widget elementor-widget-heading\" data-id=\"6a8742f\" data-element_type=\"widget\" data-e-type=\"widget\" data-widget_type=\"heading.default\">\n\t\t\t\t\t<h3 class=\"elementor-heading-title elementor-size-default\">Desaf\u00edos frente al sistema de salud occidental<\/h3>\t\t\t\t<\/div>\n\t\t\t\t\t<\/div>\n\t\t\t\t<\/div>\n\t\t<div data-particle_enable=\"false\" data-particle-mobile-disabled=\"false\" class=\"elementor-element elementor-element-7dbe273 e-flex e-con-boxed e-con e-parent\" data-id=\"7dbe273\" data-element_type=\"container\" data-e-type=\"container\">\n\t\t\t\t\t<div class=\"e-con-inner\">\n\t\t\t\t<div class=\"elementor-element elementor-element-bef0257 elementor-widget elementor-widget-text-editor\" data-id=\"bef0257\" data-element_type=\"widget\" data-e-type=\"widget\" data-widget_type=\"text-editor.default\">\n\t\t\t\t\t\t\t\t\t<p><a href=\"https:\/\/soymigrante.com\/revista\/pueblo-garinagu-garifuna-lleva-mas-de-dos-siglos-en-guatemala\/\" target=\"_blank\" rel=\"noopener\">A pesar de la riqueza de estas pr\u00e1cticas, las mujeres gar\u00edfunas enfrentan desaf\u00edos al interactuar con el sistema de salud occidental.<\/a> La falta de reconocimiento de las parteras y la imposici\u00f3n de pr\u00e1cticas m\u00e9dicas que no consideran la cosmovisi\u00f3n gar\u00edfuna pueden generar desconfianza y limitar el acceso a servicios de salud adecuados.<\/p>\t\t\t\t\t\t\t\t<\/div>\n\t\t\t\t\t<\/div>\n\t\t\t\t<\/div>\n\t\t<div data-particle_enable=\"false\" data-particle-mobile-disabled=\"false\" class=\"elementor-element elementor-element-a9d45ce e-flex e-con-boxed e-con e-parent\" data-id=\"a9d45ce\" data-element_type=\"container\" data-e-type=\"container\">\n\t\t\t\t\t<div class=\"e-con-inner\">\n\t\t\t\t<div class=\"elementor-element elementor-element-e3d2f6e elementor-widget elementor-widget-image\" data-id=\"e3d2f6e\" data-element_type=\"widget\" data-e-type=\"widget\" data-widget_type=\"image.default\">\n\t\t\t\t\t\t\t\t\t\t\t\t<figure class=\"wp-caption\">\n\t\t\t\t\t\t\t\t\t\t<img decoding=\"async\" width=\"768\" height=\"427\" src=\"https:\/\/soymigrante.com\/revista\/wp-content\/uploads\/2025\/05\/maternidad-garifuna.webp\" class=\"attachment-large size-large wp-image-32729\" alt=\"Cultural celebraci\u00f3n tradicional con m\u00fasica y baile en comunidad migrante, destacando la diversidad y expresiones culturales en la Revista SoyMigrante.com.\" srcset=\"https:\/\/soymigrante.com\/revista\/wp-content\/uploads\/2025\/05\/maternidad-garifuna.webp 768w, https:\/\/soymigrante.com\/revista\/wp-content\/uploads\/2025\/05\/maternidad-garifuna-300x167.jpg 300w, https:\/\/soymigrante.com\/revista\/wp-content\/uploads\/2025\/05\/maternidad-garifuna-750x417.jpg 750w\" sizes=\"(max-width: 768px) 100vw, 768px\" title=\"Maternidad gar\u00edfuna: un legado de sabidur\u00eda y resiliencia comunitaria \u2013 SoyMigrante.com REVISTA\" \/>\t\t\t\t\t\t\t\t\t\t\t<figcaption class=\"widget-image-caption wp-caption-text\">Grupos de migrantes disfrutando de una celebraci\u00f3n con m\u00fasica y baile en un entorno natural, promoviendo la diversidad cultural y la integraci\u00f3n social en la comunidad migrante.<\/figcaption>\n\t\t\t\t\t\t\t\t\t\t<\/figure>\n\t\t\t\t\t\t\t\t\t<\/div>\n\t\t\t\t\t<\/div>\n\t\t\t\t<\/div>\n\t\t<div data-particle_enable=\"false\" data-particle-mobile-disabled=\"false\" class=\"elementor-element elementor-element-16a63f8 e-flex e-con-boxed e-con e-parent\" data-id=\"16a63f8\" data-element_type=\"container\" data-e-type=\"container\">\n\t\t\t\t\t<div class=\"e-con-inner\">\n\t\t\t\t<div class=\"elementor-element elementor-element-db3f195 elementor-widget elementor-widget-heading\" data-id=\"db3f195\" data-element_type=\"widget\" data-e-type=\"widget\" data-widget_type=\"heading.default\">\n\t\t\t\t\t<h3 class=\"elementor-heading-title elementor-size-default\">Hacia una atenci\u00f3n intercultural<\/h3>\t\t\t\t<\/div>\n\t\t\t\t\t<\/div>\n\t\t\t\t<\/div>\n\t\t<div data-particle_enable=\"false\" data-particle-mobile-disabled=\"false\" class=\"elementor-element elementor-element-e575747 e-flex e-con-boxed e-con e-parent\" data-id=\"e575747\" data-element_type=\"container\" data-e-type=\"container\">\n\t\t\t\t\t<div class=\"e-con-inner\">\n\t\t\t\t<div class=\"elementor-element elementor-element-0221216 elementor-widget elementor-widget-text-editor\" data-id=\"0221216\" data-element_type=\"widget\" data-e-type=\"widget\" data-widget_type=\"text-editor.default\">\n\t\t\t\t\t\t\t\t\t<p>Es esencial promover una atenci\u00f3n en salud que respete y valore las pr\u00e1cticas culturales gar\u00edfunas.<\/p><p>La integraci\u00f3n de parteras en el sistema de salud y la formaci\u00f3n de profesionales con sensibilidad intercultural son pasos fundamentales para garantizar una atenci\u00f3n materna respetuosa y efectiva.<\/p>\t\t\t\t\t\t\t\t<\/div>\n\t\t\t\t\t<\/div>\n\t\t\t\t<\/div>\n\t\t<div data-particle_enable=\"false\" data-particle-mobile-disabled=\"false\" class=\"elementor-element elementor-element-ab13388 e-flex e-con-boxed e-con e-parent\" data-id=\"ab13388\" data-element_type=\"container\" data-e-type=\"container\">\n\t\t\t\t\t<div class=\"e-con-inner\">\n\t\t\t\t<div class=\"elementor-element elementor-element-a1ab3b1 elementor-widget elementor-widget-heading\" data-id=\"a1ab3b1\" data-element_type=\"widget\" data-e-type=\"widget\" data-widget_type=\"heading.default\">\n\t\t\t\t\t<h2 class=\"elementor-heading-title elementor-size-default\">Conoce m\u00e1s de la cultura gar\u00edfuna en Guatemala, ac\u00e1...<\/h2>\t\t\t\t<\/div>\n\t\t\t\t\t<\/div>\n\t\t\t\t<\/div>\n\t\t<div data-particle_enable=\"false\" data-particle-mobile-disabled=\"false\" class=\"elementor-element elementor-element-1819af1 e-flex e-con-boxed e-con e-parent\" data-id=\"1819af1\" data-element_type=\"container\" data-e-type=\"container\">\n\t\t\t\t\t<div class=\"e-con-inner\">\n\t\t\t\t<div class=\"elementor-element elementor-element-425cdc9 elementor-grid-eael-col-3 elementor-grid-tablet-eael-col-2 elementor-grid-mobile-eael-col-1 elementor-widget elementor-widget-eael-post-grid\" data-id=\"425cdc9\" data-element_type=\"widget\" data-e-type=\"widget\" data-settings=\"{&quot;eael_post_grid_columns&quot;:&quot;eael-col-3&quot;,&quot;eael_post_grid_columns_tablet&quot;:&quot;eael-col-2&quot;,&quot;eael_post_grid_columns_mobile&quot;:&quot;eael-col-1&quot;}\" data-widget_type=\"eael-post-grid.default\">\n\t\t\t\t\t<div id=\"eael-post-grid-425cdc9\" class=\"eael-post-grid-container\">\n            <div class=\"eael-post-grid eael-post-appender eael-post-appender-425cdc9 eael-post-grid-style-one\" data-layout-mode=\"masonry\"><article class=\"eael-grid-post  eael-post-grid-column eael-pg-post-8709 category-pueblos-de-guatemala\" data-id=\"8709\">\n        <div class=\"eael-grid-post-holder\">\n            <div class=\"eael-grid-post-holder-inner\"><div class=\"eael-entry-media\"><div class=\"eael-entry-overlay fade-in\"><i class=\"far fa-hand-pointer\" aria-hidden=\"true\"><\/i><a href=\"https:\/\/soymigrante.com\/revista\/pueblo-garinagu-garifuna-lleva-mas-de-dos-siglos-en-guatemala\/\"><\/a><\/div><div class=\"eael-entry-thumbnail \">\n                <img decoding=\"async\" width=\"664\" height=\"664\" src=\"https:\/\/soymigrante.com\/revista\/wp-content\/uploads\/2024\/09\/garifuna-garinagu.webp\" class=\"attachment-large size-large wp-image-8710\" alt=\"Trabajador migrante en manifestaci\u00f3n, derechos laborales, emigrantes, igualdad social, protesta migrante.\" srcset=\"https:\/\/soymigrante.com\/revista\/wp-content\/uploads\/2024\/09\/garifuna-garinagu.webp 664w, https:\/\/soymigrante.com\/revista\/wp-content\/uploads\/2024\/09\/garifuna-garinagu-300x300.webp 300w, https:\/\/soymigrante.com\/revista\/wp-content\/uploads\/2024\/09\/garifuna-garinagu-150x150.webp 150w, https:\/\/soymigrante.com\/revista\/wp-content\/uploads\/2024\/09\/garifuna-garinagu-75x75.webp 75w\" sizes=\"(max-width: 664px) 100vw, 664px\" \/>\n            <\/div>\n        <\/div><div class=\"eael-entry-wrapper\"><header class=\"eael-entry-header\"><h2 class=\"eael-entry-title\"><a class=\"eael-grid-post-link\" href=\"https:\/\/soymigrante.com\/revista\/pueblo-garinagu-garifuna-lleva-mas-de-dos-siglos-en-guatemala\/\" title=\"Pueblo Gar\u00ednagu (Gar\u00edfuna) lleva m\u00e1s de 200 a\u00f1os en Guatemala y el 26 noviembre es su d\u00eda\">Pueblo Gar\u00ednagu (Gar\u00edfuna) lleva m\u00e1s de 200 a\u00f1os en Guatemala y el 26 noviembre es su d\u00eda<\/a><\/h2><\/header><div class=\"eael-entry-content\">\n                        <div class=\"eael-grid-post-excerpt\"><a href=\"https:\/\/soymigrante.com\/revista\/pueblo-garinagu-garifuna-lleva-mas-de-dos-siglos-en-guatemala\/\" class=\"eael-post-elements-readmore-btn\">CONOCE SU HISTORIA <\/a><\/div>\n                    <\/div><\/div><\/div>\n        <\/div>\n    <\/article><article class=\"eael-grid-post  eael-post-grid-column eael-pg-post-2639 category-exitos\" data-id=\"2639\">\n        <div class=\"eael-grid-post-holder\">\n            <div class=\"eael-grid-post-holder-inner\"><div class=\"eael-entry-media\"><div class=\"eael-entry-overlay fade-in\"><i class=\"far fa-hand-pointer\" aria-hidden=\"true\"><\/i><a href=\"https:\/\/soymigrante.com\/revista\/empresario-migrante-guatemalteco-arnold-ciego-impulsa-identidad-garifuna-desde-bronx-ny\/\"><\/a><\/div><div class=\"eael-entry-thumbnail \">\n                <img loading=\"lazy\" decoding=\"async\" width=\"810\" height=\"552\" src=\"https:\/\/soymigrante.com\/revista\/wp-content\/uploads\/2023\/09\/arnold-ciego-e1695409486578.webp\" class=\"attachment-large size-large wp-image-2640\" alt=\"Arnold Ciego migrante gar\u00edfuna guatemalteco presta sus servicios de asesor\u00eda tributaria en el barrio del Bronx, en Nueva York.\" srcset=\"https:\/\/soymigrante.com\/revista\/wp-content\/uploads\/2023\/09\/arnold-ciego-e1695409486578.webp 810w, https:\/\/soymigrante.com\/revista\/wp-content\/uploads\/2023\/09\/arnold-ciego-e1695409486578-300x204.webp 300w, https:\/\/soymigrante.com\/revista\/wp-content\/uploads\/2023\/09\/arnold-ciego-e1695409486578-768x523.webp 768w, https:\/\/soymigrante.com\/revista\/wp-content\/uploads\/2023\/09\/arnold-ciego-e1695409486578-750x511.webp 750w\" sizes=\"(max-width: 810px) 100vw, 810px\" \/>\n            <\/div>\n        <\/div><div class=\"eael-entry-wrapper\"><header class=\"eael-entry-header\"><h2 class=\"eael-entry-title\"><a class=\"eael-grid-post-link\" href=\"https:\/\/soymigrante.com\/revista\/empresario-migrante-guatemalteco-arnold-ciego-impulsa-identidad-garifuna-desde-bronx-ny\/\" title=\"Empresario migrante gar\u00edfuna guatemalteco Arnold Ciego exalta su identidad desde el Bronx, NY\">Empresario migrante gar\u00edfuna guatemalteco Arnold Ciego exalta su identidad desde el Bronx, NY<\/a><\/h2><\/header><div class=\"eael-entry-content\">\n                        <div class=\"eael-grid-post-excerpt\"><a href=\"https:\/\/soymigrante.com\/revista\/empresario-migrante-guatemalteco-arnold-ciego-impulsa-identidad-garifuna-desde-bronx-ny\/\" class=\"eael-post-elements-readmore-btn\">CONOCE SU HISTORIA <\/a><\/div>\n                    <\/div><\/div><\/div>\n        <\/div>\n    <\/article><article class=\"eael-grid-post  eael-post-grid-column eael-pg-post-2581 category-guate-nuestra tags-danzas-de-guatemala\" data-id=\"2581\">\n        <div class=\"eael-grid-post-holder\">\n            <div class=\"eael-grid-post-holder-inner\"><div class=\"eael-entry-media\"><div class=\"eael-entry-overlay fade-in\"><i class=\"far fa-hand-pointer\" aria-hidden=\"true\"><\/i><a href=\"https:\/\/soymigrante.com\/revista\/guatemala-danza-yancunu-es-un-baile-garifuna-que-evoca-a-un-pueblo-migrante-en-lucha-por-su-libertad\/\"><\/a><\/div><div class=\"eael-entry-thumbnail \">\n                <img loading=\"lazy\" decoding=\"async\" width=\"960\" height=\"540\" src=\"https:\/\/soymigrante.com\/revista\/wp-content\/uploads\/2023\/09\/yancunu-en-el-bronx-2020.jpg\" class=\"attachment-large size-large wp-image-2583\" alt=\"Baile de Yancun\u00fa o Wuaranagu\u00e1, en un parque de el barrio de el Bronx, Nueva York, efectuado en 2020.\" srcset=\"https:\/\/soymigrante.com\/revista\/wp-content\/uploads\/2023\/09\/yancunu-en-el-bronx-2020.jpg 960w, https:\/\/soymigrante.com\/revista\/wp-content\/uploads\/2023\/09\/yancunu-en-el-bronx-2020-300x169.webp 300w, https:\/\/soymigrante.com\/revista\/wp-content\/uploads\/2023\/09\/yancunu-en-el-bronx-2020-768x432.webp 768w, https:\/\/soymigrante.com\/revista\/wp-content\/uploads\/2023\/09\/yancunu-en-el-bronx-2020-750x422.webp 750w\" sizes=\"(max-width: 960px) 100vw, 960px\" \/>\n            <\/div>\n        <\/div><div class=\"eael-entry-wrapper\"><header class=\"eael-entry-header\"><h2 class=\"eael-entry-title\"><a class=\"eael-grid-post-link\" href=\"https:\/\/soymigrante.com\/revista\/guatemala-danza-yancunu-es-un-baile-garifuna-que-evoca-a-un-pueblo-migrante-en-lucha-por-su-libertad\/\" title=\"Danzas de Guatemala: Yancun\u00fa es un baile gar\u00edfuna para expresar libertad\">Danzas de Guatemala: Yancun\u00fa es un baile gar\u00edfuna para expresar libertad<\/a><\/h2><\/header><div class=\"eael-entry-content\">\n                        <div class=\"eael-grid-post-excerpt\"><a href=\"https:\/\/soymigrante.com\/revista\/guatemala-danza-yancunu-es-un-baile-garifuna-que-evoca-a-un-pueblo-migrante-en-lucha-por-su-libertad\/\" class=\"eael-post-elements-readmore-btn\">CONOCE SU HISTORIA <\/a><\/div>\n                    <\/div><\/div><\/div>\n        <\/div>\n    <\/article><\/div>\n            <div class=\"clearfix\"><\/div>\n        <\/div>\t\t\t\t<\/div>\n\t\t\t\t\t<\/div>\n\t\t\t\t<\/div>\n\t\t\t\t<\/div>\n\t\t","protected":false},"excerpt":{"rendered":"<p>La maternidad, como en todas las culturas, tiene sus rituales, pero en la gar\u00edfuna es un legado de sabidur\u00eda. El pueblo gar\u00edfuna guatemalteco celebra su d\u00eda el 26 de noviembre. En las comunidades gar\u00edfunas de Centroam\u00e9rica, la maternidad es m\u00e1s que un proceso biol\u00f3gico: es una manifestaci\u00f3n espiritual y cultural profundamente arraigada en la identidad [&hellip;]<\/p>\n","protected":false},"author":1,"featured_media":32717,"comment_status":"open","ping_status":"open","sticky":false,"template":"","format":"standard","meta":{"_acf_changed":false,"_eb_attr":"","footnotes":""},"categories":[58],"tags":[],"class_list":["post-32716","post","type-post","status-publish","format-standard","has-post-thumbnail","hentry","category-guate-nuestra"],"acf":[],"aioseo_notices":[],"aioseo_head":"\n\t\t<!-- All in One SEO Pro 4.9.6.2 - aioseo.com -->\n\t<meta name=\"description\" content=\"La cultura de Guatemala integra cuatro grandes pueblos: ladinos, mayas, xincas y gar\u00edfunas. Los afrodescendientes habitan en L\u00edvingston, Izabal, de donde han migrado a todo el pa\u00eds y a Estados Unidos. Yancun\u00fa es una danza de batalla que evoca su esp\u00edritu libre. Con dignidad se conmemora una llegada y un anhelo de libertad a trav\u00e9s La etnia gar\u00edfuna celebra cada 26 de noviembre con esta danza la llegada a L\u00edvingston, Guatemala y otras localidades del caribe centroamericano.\" \/>\n\t<meta name=\"robots\" content=\"max-snippet:-1, max-image-preview:large, max-video-preview:-1\" \/>\n\t<meta name=\"author\" content=\"SoyMigrante.com REVISTA\"\/>\n\t<link rel=\"canonical\" href=\"https:\/\/soymigrante.com\/revista\/maternidad-garifuna-un-legado-de-sabiduria-y-resiliencia-comunitaria\/\" \/>\n\t<meta name=\"generator\" content=\"All in One SEO Pro (AIOSEO) 4.9.6.2\" \/>\n\n\t\t<link rel=\"preconnect\" href=\"https:\/\/fonts.googleapis.com\" crossorigin>\n<link rel=\"preconnect\" href=\"https:\/\/fonts.gstatic.com\" crossorigin>\n\t\t<meta property=\"og:locale\" content=\"es_ES\" \/>\n\t\t<meta property=\"og:site_name\" content=\"SoyMigrante.com REVISTA \u2013 Nuestra misi\u00f3n es reconocer y dignificar al migrante.\" \/>\n\t\t<meta property=\"og:type\" content=\"article\" \/>\n\t\t<meta property=\"og:title\" content=\"Maternidad gar\u00edfuna: un legado de sabidur\u00eda y resiliencia en el Caribe guatemalteco\" \/>\n\t\t<meta property=\"og:description\" content=\"La maternidad, como en todas las culturas, tiene sus rituales, pero en la gar\u00edfuna es un legado de sabidur\u00eda. 26 de noviembre es el D\u00eda del Pueblo Gar\u00edfuna.\" \/>\n\t\t<meta property=\"og:url\" content=\"https:\/\/soymigrante.com\/revista\/maternidad-garifuna-un-legado-de-sabiduria-y-resiliencia-comunitaria\/\" \/>\n\t\t<meta property=\"og:image\" content=\"https:\/\/soymigrante.com\/revista\/wp-content\/uploads\/2025\/05\/Maternidad-garifuna-3-e1746558708308.webp\" \/>\n\t\t<meta property=\"og:image:secure_url\" content=\"https:\/\/soymigrante.com\/revista\/wp-content\/uploads\/2025\/05\/Maternidad-garifuna-3-e1746558708308.webp\" \/>\n\t\t<meta property=\"og:image:width\" content=\"355\" \/>\n\t\t<meta property=\"og:image:height\" content=\"355\" \/>\n\t\t<meta property=\"article:published_time\" content=\"2025-11-23T22:54:30+00:00\" \/>\n\t\t<meta property=\"article:modified_time\" content=\"2025-11-23T22:57:20+00:00\" \/>\n\t\t<meta property=\"article:publisher\" content=\"https:\/\/www.facebook.com\/soymigrantecom\" \/>\n\t\t<meta name=\"twitter:card\" content=\"summary_large_image\" \/>\n\t\t<meta name=\"twitter:site\" content=\"@SoyMigrante_com\" \/>\n\t\t<meta name=\"twitter:title\" content=\"Maternidad gar\u00edfuna: un legado de sabidur\u00eda y resiliencia en el Caribe guatemalteco\" \/>\n\t\t<meta name=\"twitter:description\" content=\"La maternidad, como en todas las culturas, tiene sus rituales, pero en la gar\u00edfuna es un legado de sabidur\u00eda. 26 de noviembre es el D\u00eda del Pueblo Gar\u00edfuna.\" \/>\n\t\t<meta name=\"twitter:creator\" content=\"@SoyMigrante_com\" \/>\n\t\t<meta name=\"twitter:image\" content=\"https:\/\/soymigrante.com\/revista\/wp-content\/uploads\/2025\/05\/Maternidad-garifuna-3-e1746558708308.webp\" \/>\n\t\t<!-- All in One SEO Pro -->\r\n\t\t<title>Maternidad gar\u00edfuna: un legado de sabidur\u00eda y resiliencia en el Caribe guatemalteco<\/title>\n\n","aioseo_head_json":{"title":"Maternidad gar\u00edfuna: un legado de sabidur\u00eda y resiliencia en el Caribe guatemalteco","description":"La maternidad, como en todas las culturas, tiene sus rituales, pero en la gar\u00edfuna es un legado de sabidur\u00eda. 26 de noviembre es el D\u00eda del Pueblo Gar\u00edfuna.","canonical_url":"https:\/\/soymigrante.com\/revista\/maternidad-garifuna-un-legado-de-sabiduria-y-resiliencia-comunitaria\/","robots":"max-snippet:-1, max-image-preview:large, max-video-preview:-1","keywords":"","webmasterTools":{"miscellaneous":"&lt;link rel=\"preconnect\" href=\"https:\/\/fonts.googleapis.com\" crossorigin&gt;\n&lt;link rel=\"preconnect\" href=\"https:\/\/fonts.gstatic.com\" crossorigin&gt;"},"schema":null,"og:locale":"es_ES","og:site_name":"SoyMigrante.com REVISTA \u2013 Nuestra misi\u00f3n es reconocer y dignificar al migrante.","og:type":"article","og:title":"Maternidad gar\u00edfuna: un legado de sabidur\u00eda y resiliencia en el Caribe guatemalteco","og:description":"La maternidad, como en todas las culturas, tiene sus rituales, pero en la gar\u00edfuna es un legado de sabidur\u00eda. 26 de noviembre es el D\u00eda del Pueblo Gar\u00edfuna.","og:url":"https:\/\/soymigrante.com\/revista\/maternidad-garifuna-un-legado-de-sabiduria-y-resiliencia-comunitaria\/","og:image":"https:\/\/soymigrante.com\/revista\/wp-content\/uploads\/2025\/05\/Maternidad-garifuna-3-e1746558708308.webp","og:image:secure_url":"https:\/\/soymigrante.com\/revista\/wp-content\/uploads\/2025\/05\/Maternidad-garifuna-3-e1746558708308.webp","og:image:width":355,"og:image:height":355,"article:published_time":"2025-11-23T22:54:30+00:00","article:modified_time":"2025-11-23T22:57:20+00:00","article:publisher":"https:\/\/www.facebook.com\/soymigrantecom","twitter:card":"summary_large_image","twitter:site":"@SoyMigrante_com","twitter:title":"Maternidad gar\u00edfuna: un legado de sabidur\u00eda y resiliencia en el Caribe guatemalteco","twitter:description":"La maternidad, como en todas las culturas, tiene sus rituales, pero en la gar\u00edfuna es un legado de sabidur\u00eda. 26 de noviembre es el D\u00eda del Pueblo Gar\u00edfuna.","twitter:creator":"@SoyMigrante_com","twitter:image":"https:\/\/soymigrante.com\/revista\/wp-content\/uploads\/2025\/05\/Maternidad-garifuna-3-e1746558708308.webp"},"aioseo_meta_data":{"post_id":"32716","title":null,"description":"La maternidad, como en todas las culturas, tiene sus rituales, pero en la gar\u00edfuna es un legado de sabidur\u00eda. 26 de noviembre es el D\u00eda del Pueblo Gar\u00edfuna.","keywords":null,"keyphrases":{"focus":{"keyphrase":"Maternidad","score":69,"analysis":{"keyphraseInTitle":{"score":9,"maxScore":9,"error":0},"keyphraseInDescription":{"score":9,"maxScore":9,"error":0},"keyphraseLength":{"score":9,"maxScore":9,"error":0,"length":1},"keyphraseInURL":{"score":5,"maxScore":5,"error":0},"keyphraseInIntroduction":{"score":9,"maxScore":9,"error":0},"keyphraseInSubHeadings":{"score":3,"maxScore":9,"error":1},"keyphraseInImageAlt":{"score":3,"maxScore":9,"error":1},"keywordDensity":{"score":0,"type":"low","maxScore":9,"error":1}}},"additional":[{"keyphrase":"Maternidad","score":67,"analysis":{"keyphraseInDescription":{"score":9,"maxScore":9,"error":0},"keyphraseLength":{"score":9,"maxScore":9,"error":0,"length":1},"keyphraseInIntroduction":{"score":9,"maxScore":9,"error":0},"keyphraseInImageAlt":{"score":3,"maxScore":9,"error":1},"keywordDensity":{"score":0,"type":"low","maxScore":9,"error":1}}},{"keyphrase":"Gar\u00edfuna","score":87,"analysis":{"keyphraseInDescription":{"score":9,"maxScore":9,"error":0},"keyphraseLength":{"score":9,"maxScore":9,"error":0,"length":2},"keyphraseInIntroduction":{"score":3,"maxScore":9,"error":1},"keyphraseInImageAlt":{"score":9,"maxScore":9,"error":0},"keywordDensity":{"type":"best","score":9,"maxScore":9,"error":0}}}]},"primary_term":null,"canonical_url":null,"og_title":null,"og_description":null,"og_object_type":"default","og_image_type":"default","og_image_url":null,"og_image_width":null,"og_image_height":null,"og_image_custom_url":null,"og_image_custom_fields":null,"og_video":"","og_custom_url":null,"og_article_section":null,"og_article_tags":null,"twitter_use_og":false,"twitter_card":"default","twitter_image_type":"default","twitter_image_url":null,"twitter_image_custom_url":null,"twitter_image_custom_fields":null,"twitter_title":null,"twitter_description":null,"schema":{"blockGraphs":[],"customGraphs":[],"default":{"data":{"Article":[],"Course":[],"Dataset":[],"FAQPage":[],"Movie":[],"Person":[],"Product":[],"ProductReview":[],"Car":[],"Recipe":[],"Service":[],"SoftwareApplication":[],"WebPage":[]},"graphName":"NewsArticle","isEnabled":true},"graphs":[]},"schema_type":"default","schema_type_options":null,"pillar_content":false,"robots_default":true,"robots_noindex":false,"robots_noarchive":false,"robots_nosnippet":false,"robots_nofollow":false,"robots_noimageindex":false,"robots_noodp":false,"robots_notranslate":false,"robots_max_snippet":"-1","robots_max_videopreview":"-1","robots_max_imagepreview":"large","priority":null,"frequency":"default","local_seo":null,"seo_analyzer_scan_date":"2025-11-23 22:59:43","breadcrumb_settings":null,"limit_modified_date":false,"reviewed_by":"0","open_ai":"{\"title\":{\"suggestions\":[],\"usage\":0},\"description\":{\"suggestions\":[],\"usage\":0}}","ai":{"faqs":[],"keyPoints":[],"titles":[],"descriptions":[],"socialPosts":{"email":[],"linkedin":[],"twitter":[],"facebook":[],"instagram":[]}},"created":"2025-05-06 19:13:27","updated":"2026-02-05 07:08:41"},"aioseo_breadcrumb":"<div class=\"aioseo-breadcrumbs\"><span class=\"aioseo-breadcrumb\">\n\t<a href=\"https:\/\/soymigrante.com\/revista\" title=\"Home\">Home<\/a>\n<\/span><span class=\"aioseo-breadcrumb-separator\">\u00bb<\/span><span class=\"aioseo-breadcrumb\">\n\t<a href=\"https:\/\/soymigrante.com\/revista\/category\/guate-nuestra\/\" title=\"Guate Nuestra\">Guate Nuestra<\/a>\n<\/span><span class=\"aioseo-breadcrumb-separator\">\u00bb<\/span><span class=\"aioseo-breadcrumb\">\n\tMaternidad gar\u00edfuna: un legado de sabidur\u00eda y resiliencia en el Caribe guatemalteco\n<\/span><\/div>","aioseo_breadcrumb_json":[{"label":"Home","link":"https:\/\/soymigrante.com\/revista"},{"label":"Guate Nuestra","link":"https:\/\/soymigrante.com\/revista\/category\/guate-nuestra\/"},{"label":"Maternidad gar\u00edfuna: un legado de sabidur\u00eda y resiliencia en el Caribe guatemalteco","link":"https:\/\/soymigrante.com\/revista\/maternidad-garifuna-un-legado-de-sabiduria-y-resiliencia-comunitaria\/"}],"_links":{"self":[{"href":"https:\/\/soymigrante.com\/revista\/wp-json\/wp\/v2\/posts\/32716","targetHints":{"allow":["GET"]}}],"collection":[{"href":"https:\/\/soymigrante.com\/revista\/wp-json\/wp\/v2\/posts"}],"about":[{"href":"https:\/\/soymigrante.com\/revista\/wp-json\/wp\/v2\/types\/post"}],"author":[{"embeddable":true,"href":"https:\/\/soymigrante.com\/revista\/wp-json\/wp\/v2\/users\/1"}],"replies":[{"embeddable":true,"href":"https:\/\/soymigrante.com\/revista\/wp-json\/wp\/v2\/comments?post=32716"}],"version-history":[{"count":23,"href":"https:\/\/soymigrante.com\/revista\/wp-json\/wp\/v2\/posts\/32716\/revisions"}],"predecessor-version":[{"id":48901,"href":"https:\/\/soymigrante.com\/revista\/wp-json\/wp\/v2\/posts\/32716\/revisions\/48901"}],"wp:featuredmedia":[{"embeddable":true,"href":"https:\/\/soymigrante.com\/revista\/wp-json\/wp\/v2\/media\/32717"}],"wp:attachment":[{"href":"https:\/\/soymigrante.com\/revista\/wp-json\/wp\/v2\/media?parent=32716"}],"wp:term":[{"taxonomy":"category","embeddable":true,"href":"https:\/\/soymigrante.com\/revista\/wp-json\/wp\/v2\/categories?post=32716"},{"taxonomy":"post_tag","embeddable":true,"href":"https:\/\/soymigrante.com\/revista\/wp-json\/wp\/v2\/tags?post=32716"}],"curies":[{"name":"wp","href":"https:\/\/api.w.org\/{rel}","templated":true}]}}