{"id":32708,"date":"2025-05-09T06:00:00","date_gmt":"2025-05-09T12:00:00","guid":{"rendered":"https:\/\/soymigrante.com\/revista\/?p=32708"},"modified":"2025-05-08T20:39:08","modified_gmt":"2025-05-09T02:39:08","slug":"maternidad-qeqchi-sabiduria-ancestral-y-desafios-contemporaneos","status":"publish","type":"post","link":"https:\/\/soymigrante.com\/revista\/maternidad-qeqchi-sabiduria-ancestral-y-desafios-contemporaneos\/","title":{"rendered":"Maternidad Q\u2019eqchi\u2019: Sabidur\u00eda ancestral y desaf\u00edos contempor\u00e1neos"},"content":{"rendered":"\t\t<div data-elementor-type=\"wp-post\" data-elementor-id=\"32708\" class=\"elementor elementor-32708\" data-elementor-post-type=\"post\">\n\t\t\t\t<div data-particle_enable=\"false\" data-particle-mobile-disabled=\"false\" class=\"elementor-element elementor-element-0feb2a0 e-flex e-con-boxed e-con e-parent\" data-id=\"0feb2a0\" data-element_type=\"container\" data-e-type=\"container\">\n\t\t\t\t\t<div class=\"e-con-inner\">\n\t\t\t\t<div class=\"elementor-element elementor-element-be1940e elementor-widget elementor-widget-heading\" data-id=\"be1940e\" data-element_type=\"widget\" data-e-type=\"widget\" data-widget_type=\"heading.default\">\n\t\t\t\t\t<h2 class=\"elementor-heading-title elementor-size-default\">La maternidad desde la cultura Q\u2019eqchi\u2019 es un s\u00edmbolo de amor y las mujeres se convierten en portadoras de vida sagrada. \n<\/h2>\t\t\t\t<\/div>\n\t\t\t\t\t<\/div>\n\t\t\t\t<\/div>\n\t\t<div data-particle_enable=\"false\" data-particle-mobile-disabled=\"false\" class=\"elementor-element elementor-element-e9fa503 e-flex e-con-boxed e-con e-parent\" data-id=\"e9fa503\" data-element_type=\"container\" data-e-type=\"container\">\n\t\t\t\t\t<div class=\"e-con-inner\">\n\t\t\t\t<div class=\"elementor-element elementor-element-698e1ac elementor-widget elementor-widget-text-editor\" data-id=\"698e1ac\" data-element_type=\"widget\" data-e-type=\"widget\" data-widget_type=\"text-editor.default\">\n\t\t\t\t\t\t\t\t\t<p><a href=\"https:\/\/digi.usac.edu.gt\/bvirtual\/informes\/informes2012\/INF-2012-32.pdf\" target=\"_blank\" rel=\"noopener\">En las comunidades Q\u2019eqchi\u2019 de Alta Verapaz, Guatemala, la maternidad es un proceso profundamente espiritual y cultural.<\/a><\/p><p>Las mujeres embarazadas son consideradas portadoras de vida sagrada, y su cuidado se rige por pr\u00e1cticas ancestrales que buscan armonizar el cuerpo, el alma y la comunidad.<\/p>\t\t\t\t\t\t\t\t<\/div>\n\t\t\t\t\t<\/div>\n\t\t\t\t<\/div>\n\t\t<div data-particle_enable=\"false\" data-particle-mobile-disabled=\"false\" class=\"elementor-element elementor-element-c9ef7d9 e-flex e-con-boxed e-con e-parent\" data-id=\"c9ef7d9\" data-element_type=\"container\" data-e-type=\"container\">\n\t\t\t\t\t<div class=\"e-con-inner\">\n\t\t\t\t<div class=\"elementor-element elementor-element-403d732 elementor-widget elementor-widget-heading\" data-id=\"403d732\" data-element_type=\"widget\" data-e-type=\"widget\" data-widget_type=\"heading.default\">\n\t\t\t\t\t<h3 class=\"elementor-heading-title elementor-size-default\">El embarazo como estado sagrado<\/h3>\t\t\t\t<\/div>\n\t\t\t\t\t<\/div>\n\t\t\t\t<\/div>\n\t\t<div data-particle_enable=\"false\" data-particle-mobile-disabled=\"false\" class=\"elementor-element elementor-element-0eaab69 e-flex e-con-boxed e-con e-parent\" data-id=\"0eaab69\" data-element_type=\"container\" data-e-type=\"container\">\n\t\t\t\t\t<div class=\"e-con-inner\">\n\t\t\t\t<div class=\"elementor-element elementor-element-bfe1556 elementor-widget elementor-widget-text-editor\" data-id=\"bfe1556\" data-element_type=\"widget\" data-e-type=\"widget\" data-widget_type=\"text-editor.default\">\n\t\t\t\t\t\t\t\t\t<p>Durante el embarazo, la mujer Q\u2019eqchi\u2019 entra en un estado conocido como kalkab\u2019il, que implica vivir en paz, alegr\u00eda y optimismo.<\/p><p><a href=\"https:\/\/soymigrante.com\/revista\/consejos-de-mamas-y-abuelas-sabiduria-que-nunca-pasa-de-moda\/\" target=\"_blank\" rel=\"noopener\">Este estado es esencial para asegurar el bienestar del beb\u00e9 y evitar enfermedades<\/a> conocidas como awas, que se cree pueden ser causadas por emociones negativas o experiencias traum\u00e1ticas durante la gestaci\u00f3n.<\/p>\t\t\t\t\t\t\t\t<\/div>\n\t\t\t\t\t<\/div>\n\t\t\t\t<\/div>\n\t\t<div data-particle_enable=\"false\" data-particle-mobile-disabled=\"false\" class=\"elementor-element elementor-element-8e8f353 e-flex e-con-boxed e-con e-parent\" data-id=\"8e8f353\" data-element_type=\"container\" data-e-type=\"container\">\n\t\t\t\t\t<div class=\"e-con-inner\">\n\t\t\t\t<div class=\"elementor-element elementor-element-34fbba3 elementor-widget elementor-widget-heading\" data-id=\"34fbba3\" data-element_type=\"widget\" data-e-type=\"widget\" data-widget_type=\"heading.default\">\n\t\t\t\t\t<h3 class=\"elementor-heading-title elementor-size-default\">Pr\u00e1cticas tradicionales de cuidado<\/h3>\t\t\t\t<\/div>\n\t\t\t\t\t<\/div>\n\t\t\t\t<\/div>\n\t\t<div data-particle_enable=\"false\" data-particle-mobile-disabled=\"false\" class=\"elementor-element elementor-element-9c6672e e-flex e-con-boxed e-con e-parent\" data-id=\"9c6672e\" data-element_type=\"container\" data-e-type=\"container\">\n\t\t\t\t\t<div class=\"e-con-inner\">\n\t\t\t\t<div class=\"elementor-element elementor-element-d57b5c3 elementor-widget elementor-widget-text-editor\" data-id=\"d57b5c3\" data-element_type=\"widget\" data-e-type=\"widget\" data-widget_type=\"text-editor.default\">\n\t\t\t\t\t\t\t\t\t<p><a href=\"https:\/\/soymigrante.com\/revista\/consejos-de-mamas-y-abuelas-sabiduria-que-nunca-pasa-de-moda\/\" target=\"_blank\" rel=\"noopener\">Las comadronas desempe\u00f1an un papel crucial en el acompa\u00f1amiento del embarazo.<\/a> Realizan sobadas para aliviar molestias f\u00edsicas y asegurar el correcto posicionamiento del beb\u00e9. Adem\u00e1s, se utilizan amuletos y se evitan ciertos alimentos y actividades que se consideran perjudiciales para la madre y el ni\u00f1o.<\/p>\t\t\t\t\t\t\t\t<\/div>\n\t\t\t\t\t<\/div>\n\t\t\t\t<\/div>\n\t\t<div data-particle_enable=\"false\" data-particle-mobile-disabled=\"false\" class=\"elementor-element elementor-element-3680828 e-flex e-con-boxed e-con e-parent\" data-id=\"3680828\" data-element_type=\"container\" data-e-type=\"container\">\n\t\t\t\t\t<div class=\"e-con-inner\">\n\t\t\t\t<div class=\"elementor-element elementor-element-ff2a7a7 elementor-widget elementor-widget-video\" data-id=\"ff2a7a7\" data-element_type=\"widget\" data-e-type=\"widget\" data-settings=\"{&quot;youtube_url&quot;:&quot;https:\\\/\\\/www.youtube.com\\\/watch?v=TE82855izys&quot;,&quot;video_type&quot;:&quot;youtube&quot;,&quot;controls&quot;:&quot;yes&quot;}\" data-widget_type=\"video.default\">\n\t\t\t\t\t\t\t<div class=\"elementor-wrapper elementor-open-inline\">\n\t\t\t<div class=\"elementor-video\"><\/div>\t\t<\/div>\n\t\t\t\t\t\t<\/div>\n\t\t\t\t\t<\/div>\n\t\t\t\t<\/div>\n\t\t<div data-particle_enable=\"false\" data-particle-mobile-disabled=\"false\" class=\"elementor-element elementor-element-29fe734 e-flex e-con-boxed e-con e-parent\" data-id=\"29fe734\" data-element_type=\"container\" data-e-type=\"container\">\n\t\t\t\t\t<div class=\"e-con-inner\">\n\t\t\t\t<div class=\"elementor-element elementor-element-f7bea4e elementor-widget elementor-widget-heading\" data-id=\"f7bea4e\" data-element_type=\"widget\" data-e-type=\"widget\" data-widget_type=\"heading.default\">\n\t\t\t\t\t<h3 class=\"elementor-heading-title elementor-size-default\">El parto en el hogar y la importancia del calor<\/h3>\t\t\t\t<\/div>\n\t\t\t\t\t<\/div>\n\t\t\t\t<\/div>\n\t\t<div data-particle_enable=\"false\" data-particle-mobile-disabled=\"false\" class=\"elementor-element elementor-element-08a8585 e-flex e-con-boxed e-con e-parent\" data-id=\"08a8585\" data-element_type=\"container\" data-e-type=\"container\">\n\t\t\t\t\t<div class=\"e-con-inner\">\n\t\t\t\t<div class=\"elementor-element elementor-element-2c241cb elementor-widget elementor-widget-text-editor\" data-id=\"2c241cb\" data-element_type=\"widget\" data-e-type=\"widget\" data-widget_type=\"text-editor.default\">\n\t\t\t\t\t\t\t\t\t<p>El parto suele llevarse a cabo en el hogar, en un ambiente c\u00e1lido proporcionado por un fuego cercano. El calor es fundamental para prevenir enfermedades y asegurar una recuperaci\u00f3n adecuada.<\/p><p><a href=\"https:\/\/soymigrante.com\/revista\/consejos-de-mamas-y-abuelas-sabiduria-que-nunca-pasa-de-moda\/\" target=\"_blank\" rel=\"noopener\">Durante el postparto, la madre permanece cerca del fuego durante cuarenta d\u00edas,<\/a> siendo los primeros veintiuno los m\u00e1s cr\u00edticos.<\/p>\t\t\t\t\t\t\t\t<\/div>\n\t\t\t\t\t<\/div>\n\t\t\t\t<\/div>\n\t\t<div data-particle_enable=\"false\" data-particle-mobile-disabled=\"false\" class=\"elementor-element elementor-element-d438792 e-flex e-con-boxed e-con e-parent\" data-id=\"d438792\" data-element_type=\"container\" data-e-type=\"container\">\n\t\t\t\t\t<div class=\"e-con-inner\">\n\t\t\t\t<div class=\"elementor-element elementor-element-aff04ad elementor-widget elementor-widget-heading\" data-id=\"aff04ad\" data-element_type=\"widget\" data-e-type=\"widget\" data-widget_type=\"heading.default\">\n\t\t\t\t\t<h3 class=\"elementor-heading-title elementor-size-default\">Desaf\u00edos frente al sistema de salud occidental<\/h3>\t\t\t\t<\/div>\n\t\t\t\t\t<\/div>\n\t\t\t\t<\/div>\n\t\t<div data-particle_enable=\"false\" data-particle-mobile-disabled=\"false\" class=\"elementor-element elementor-element-c2a7f66 e-flex e-con-boxed e-con e-parent\" data-id=\"c2a7f66\" data-element_type=\"container\" data-e-type=\"container\">\n\t\t\t\t\t<div class=\"e-con-inner\">\n\t\t\t\t<div class=\"elementor-element elementor-element-c088be7 elementor-widget elementor-widget-text-editor\" data-id=\"c088be7\" data-element_type=\"widget\" data-e-type=\"widget\" data-widget_type=\"text-editor.default\">\n\t\t\t\t\t\t\t\t\t<p>A pesar de la riqueza de estas pr\u00e1cticas, las mujeres Q\u2019eqchi\u2019 enfrentan desaf\u00edos al interactuar con el sistema de salud occidental.<\/p><p>La falta de reconocimiento de las comadronas y la imposici\u00f3n de pr\u00e1cticas m\u00e9dicas que no consideran la cosmovisi\u00f3n Q\u2019eqchi\u2019 pueden generar desconfianza y limitar el acceso a servicios de salud adecuados.<\/p>\t\t\t\t\t\t\t\t<\/div>\n\t\t\t\t\t<\/div>\n\t\t\t\t<\/div>\n\t\t<div data-particle_enable=\"false\" data-particle-mobile-disabled=\"false\" class=\"elementor-element elementor-element-d1de281 e-flex e-con-boxed e-con e-parent\" data-id=\"d1de281\" data-element_type=\"container\" data-e-type=\"container\">\n\t\t\t\t\t<div class=\"e-con-inner\">\n\t\t\t\t<div class=\"elementor-element elementor-element-dcd939f elementor-widget elementor-widget-image\" data-id=\"dcd939f\" data-element_type=\"widget\" data-e-type=\"widget\" data-widget_type=\"image.default\">\n\t\t\t\t\t\t\t\t\t\t\t\t<figure class=\"wp-caption\">\n\t\t\t\t\t\t\t\t\t\t<img fetchpriority=\"high\" decoding=\"async\" width=\"768\" height=\"512\" src=\"https:\/\/soymigrante.com\/revista\/wp-content\/uploads\/2025\/05\/maternidad-2.webp\" class=\"attachment-large size-large wp-image-32701\" alt=\"Diversas mujeres ind\u00edgenas con trajes tradicionales en un paisaje natural, representando cultura y comunidad en Am\u00e9rica Latina.\" srcset=\"https:\/\/soymigrante.com\/revista\/wp-content\/uploads\/2025\/05\/maternidad-2.webp 1024w, https:\/\/soymigrante.com\/revista\/wp-content\/uploads\/2025\/05\/maternidad-2-300x200.jpg 300w, https:\/\/soymigrante.com\/revista\/wp-content\/uploads\/2025\/05\/maternidad-2-768x512.jpg 768w, https:\/\/soymigrante.com\/revista\/wp-content\/uploads\/2025\/05\/maternidad-2-750x500.jpg 750w\" sizes=\"(max-width: 768px) 100vw, 768px\" title=\"La maternidad desde la cosmovisi\u00f3n maya: un ojo a la sabidur\u00eda ancestral \u2013 SoyMigrante.com REVISTA\" \/>\t\t\t\t\t\t\t\t\t\t\t<figcaption class=\"widget-image-caption wp-caption-text\">Mujeres ind\u00edgenas vestidas con trajes tradicionales en un entorno natural, mostrando cultura, identidad y patrimonio en Am\u00e9rica Latina.<\/figcaption>\n\t\t\t\t\t\t\t\t\t\t<\/figure>\n\t\t\t\t\t\t\t\t\t<\/div>\n\t\t\t\t\t<\/div>\n\t\t\t\t<\/div>\n\t\t<div data-particle_enable=\"false\" data-particle-mobile-disabled=\"false\" class=\"elementor-element elementor-element-c1534e8 e-flex e-con-boxed e-con e-parent\" data-id=\"c1534e8\" data-element_type=\"container\" data-e-type=\"container\">\n\t\t\t\t\t<div class=\"e-con-inner\">\n\t\t\t\t<div class=\"elementor-element elementor-element-9cc0cc8 elementor-widget elementor-widget-heading\" data-id=\"9cc0cc8\" data-element_type=\"widget\" data-e-type=\"widget\" data-widget_type=\"heading.default\">\n\t\t\t\t\t<h3 class=\"elementor-heading-title elementor-size-default\">Hacia una atenci\u00f3n intercultural<\/h3>\t\t\t\t<\/div>\n\t\t\t\t\t<\/div>\n\t\t\t\t<\/div>\n\t\t<div data-particle_enable=\"false\" data-particle-mobile-disabled=\"false\" class=\"elementor-element elementor-element-aa00a9e e-flex e-con-boxed e-con e-parent\" data-id=\"aa00a9e\" data-element_type=\"container\" data-e-type=\"container\">\n\t\t\t\t\t<div class=\"e-con-inner\">\n\t\t\t\t<div class=\"elementor-element elementor-element-afa741d elementor-widget elementor-widget-text-editor\" data-id=\"afa741d\" data-element_type=\"widget\" data-e-type=\"widget\" data-widget_type=\"text-editor.default\">\n\t\t\t\t\t\t\t\t\t<p><a href=\"https:\/\/soymigrante.com\/revista\/consejos-de-mamas-y-abuelas-sabiduria-que-nunca-pasa-de-moda\/\" target=\"_blank\" rel=\"noopener\">Es esencial promover una atenci\u00f3n en salud que respete y valore las pr\u00e1cticas culturales Q\u2019eqchi\u2019.<\/a> La integraci\u00f3n de comadronas en el sistema de salud y la formaci\u00f3n de profesionales con sensibilidad intercultural son pasos fundamentales para garantizar una atenci\u00f3n materna respetuosa y efectiva.<\/p>\t\t\t\t\t\t\t\t<\/div>\n\t\t\t\t\t<\/div>\n\t\t\t\t<\/div>\n\t\t<div data-particle_enable=\"false\" data-particle-mobile-disabled=\"false\" class=\"elementor-element elementor-element-5065420 e-flex e-con-boxed e-con e-parent\" data-id=\"5065420\" data-element_type=\"container\" data-e-type=\"container\">\n\t\t\t\t\t<div class=\"e-con-inner\">\n\t\t\t\t<div class=\"elementor-element elementor-element-cb42e5e elementor-widget elementor-widget-heading\" data-id=\"cb42e5e\" data-element_type=\"widget\" data-e-type=\"widget\" data-widget_type=\"heading.default\">\n\t\t\t\t\t<h2 class=\"elementor-heading-title elementor-size-default\">Conoce m\u00e1s de la cultura de Guatemala, ac\u00e1...<\/h2>\t\t\t\t<\/div>\n\t\t\t\t\t<\/div>\n\t\t\t\t<\/div>\n\t\t<div data-particle_enable=\"false\" data-particle-mobile-disabled=\"false\" class=\"elementor-element elementor-element-ee701cf e-flex e-con-boxed e-con e-parent\" data-id=\"ee701cf\" data-element_type=\"container\" data-e-type=\"container\">\n\t\t\t\t\t<div class=\"e-con-inner\">\n\t\t\t\t<div class=\"elementor-element elementor-element-a4d81a2 elementor-grid-eael-col-3 elementor-grid-tablet-eael-col-2 elementor-grid-mobile-eael-col-1 elementor-widget elementor-widget-eael-post-grid\" data-id=\"a4d81a2\" data-element_type=\"widget\" data-e-type=\"widget\" data-settings=\"{&quot;eael_post_grid_columns&quot;:&quot;eael-col-3&quot;,&quot;eael_post_grid_columns_tablet&quot;:&quot;eael-col-2&quot;,&quot;eael_post_grid_columns_mobile&quot;:&quot;eael-col-1&quot;}\" data-widget_type=\"eael-post-grid.default\">\n\t\t\t\t\t<div id=\"eael-post-grid-a4d81a2\" class=\"eael-post-grid-container\">\n            <div class=\"eael-post-grid eael-post-appender eael-post-appender-a4d81a2 eael-post-grid-style-one\" data-layout-mode=\"masonry\"><article class=\"eael-grid-post  eael-post-grid-column eael-pg-post-2997 category-exitos\" data-id=\"2997\">\n        <div class=\"eael-grid-post-holder\">\n            <div class=\"eael-grid-post-holder-inner\"><div class=\"eael-entry-media\"><div class=\"eael-entry-overlay fade-in\"><i class=\"far fa-hand-pointer\" aria-hidden=\"true\"><\/i><a href=\"https:\/\/soymigrante.com\/revista\/espiritualidad-maya-kaqchiqel-tambien-es-migrante-en-new-jersey\/\"><\/a><\/div><div class=\"eael-entry-thumbnail \">\n                <img decoding=\"async\" width=\"805\" height=\"558\" src=\"https:\/\/soymigrante.com\/revista\/wp-content\/uploads\/2023\/10\/efren.webp\" class=\"attachment-large size-large wp-image-2999\" alt=\"\" srcset=\"https:\/\/soymigrante.com\/revista\/wp-content\/uploads\/2023\/10\/efren.webp 805w, https:\/\/soymigrante.com\/revista\/wp-content\/uploads\/2023\/10\/efren-300x208.webp 300w, https:\/\/soymigrante.com\/revista\/wp-content\/uploads\/2023\/10\/efren-768x532.webp 768w, https:\/\/soymigrante.com\/revista\/wp-content\/uploads\/2023\/10\/efren-750x520.webp 750w\" sizes=\"(max-width: 805px) 100vw, 805px\" \/>\n            <\/div>\n        <\/div><div class=\"eael-entry-wrapper\"><header class=\"eael-entry-header\"><h2 class=\"eael-entry-title\"><a class=\"eael-grid-post-link\" href=\"https:\/\/soymigrante.com\/revista\/espiritualidad-maya-kaqchiqel-tambien-es-migrante-en-new-jersey\/\" title=\"Espiritualidad maya kaqchikel tambi\u00e9n es migrante en New Jersey junto a Efr\u00e9n Mej\u00eda\">Espiritualidad maya kaqchikel tambi\u00e9n es migrante en New Jersey junto a Efr\u00e9n Mej\u00eda<\/a><\/h2><\/header><div class=\"eael-entry-content\">\n                        <div class=\"eael-grid-post-excerpt\"><a href=\"https:\/\/soymigrante.com\/revista\/espiritualidad-maya-kaqchiqel-tambien-es-migrante-en-new-jersey\/\" class=\"eael-post-elements-readmore-btn\">CONOCE SU HISTORIA <\/a><\/div>\n                    <\/div><\/div><\/div>\n        <\/div>\n    <\/article><article class=\"eael-grid-post  eael-post-grid-column eael-pg-post-2073 category-guate-nuestra\" data-id=\"2073\">\n        <div class=\"eael-grid-post-holder\">\n            <div class=\"eael-grid-post-holder-inner\"><div class=\"eael-entry-media\"><div class=\"eael-entry-overlay fade-in\"><i class=\"far fa-hand-pointer\" aria-hidden=\"true\"><\/i><a href=\"https:\/\/soymigrante.com\/revista\/ajpon-danzas-mayas-homenaje-migrantes\/\"><\/a><\/div><div class=\"eael-entry-thumbnail \">\n                <img decoding=\"async\" width=\"1024\" height=\"683\" src=\"https:\/\/soymigrante.com\/revista\/wp-content\/uploads\/2023\/08\/Grupo-de-Danza-Tradicionales-Ajpon-fundado-por-Teresa-Ramirez-dedican-un-baile-tradional-a-los-migrantes-guatemlatecos-como-recordatorio-de-sus-raices-foto-por-Omar-Menchu-1024x683.webp\" class=\"attachment-large size-large wp-image-2138\" alt=\"Grupo de Danza Tradicionales Ajpon fundado por Teresa Ram\u00edrez dedican un baile tradicional a los migrantes guatemaltecos como recordatorio de sus ra\u00edces foto por Omar Mench\u00fa\" srcset=\"https:\/\/soymigrante.com\/revista\/wp-content\/uploads\/2023\/08\/Grupo-de-Danza-Tradicionales-Ajpon-fundado-por-Teresa-Ramirez-dedican-un-baile-tradional-a-los-migrantes-guatemlatecos-como-recordatorio-de-sus-raices-foto-por-Omar-Menchu-1024x683.webp 1024w, https:\/\/soymigrante.com\/revista\/wp-content\/uploads\/2023\/08\/Grupo-de-Danza-Tradicionales-Ajpon-fundado-por-Teresa-Ramirez-dedican-un-baile-tradional-a-los-migrantes-guatemlatecos-como-recordatorio-de-sus-raices-foto-por-Omar-Menchu-300x200.webp 300w, https:\/\/soymigrante.com\/revista\/wp-content\/uploads\/2023\/08\/Grupo-de-Danza-Tradicionales-Ajpon-fundado-por-Teresa-Ramirez-dedican-un-baile-tradional-a-los-migrantes-guatemlatecos-como-recordatorio-de-sus-raices-foto-por-Omar-Menchu-768x512.webp 768w, https:\/\/soymigrante.com\/revista\/wp-content\/uploads\/2023\/08\/Grupo-de-Danza-Tradicionales-Ajpon-fundado-por-Teresa-Ramirez-dedican-un-baile-tradional-a-los-migrantes-guatemlatecos-como-recordatorio-de-sus-raices-foto-por-Omar-Menchu-1536x1024.webp 1536w, https:\/\/soymigrante.com\/revista\/wp-content\/uploads\/2023\/08\/Grupo-de-Danza-Tradicionales-Ajpon-fundado-por-Teresa-Ramirez-dedican-un-baile-tradional-a-los-migrantes-guatemlatecos-como-recordatorio-de-sus-raices-foto-por-Omar-Menchu.webp 1920w, https:\/\/soymigrante.com\/revista\/wp-content\/uploads\/2023\/08\/Grupo-de-Danza-Tradicionales-Ajpon-fundado-por-Teresa-Ramirez-dedican-un-baile-tradional-a-los-migrantes-guatemlatecos-como-recordatorio-de-sus-raices-foto-por-Omar-Menchu-750x500.webp 750w, https:\/\/soymigrante.com\/revista\/wp-content\/uploads\/2023\/08\/Grupo-de-Danza-Tradicionales-Ajpon-fundado-por-Teresa-Ramirez-dedican-un-baile-tradional-a-los-migrantes-guatemlatecos-como-recordatorio-de-sus-raices-foto-por-Omar-Menchu-1140x760.webp 1140w, https:\/\/soymigrante.com\/revista\/wp-content\/uploads\/2023\/08\/Grupo-de-Danza-Tradicionales-Ajpon-fundado-por-Teresa-Ramirez-dedican-un-baile-tradional-a-los-migrantes-guatemlatecos-como-recordatorio-de-sus-raices-foto-por-Omar-Menchu-600x400.webp 600w\" sizes=\"(max-width: 1024px) 100vw, 1024px\" \/>\n            <\/div>\n        <\/div><div class=\"eael-entry-wrapper\"><header class=\"eael-entry-header\"><h2 class=\"eael-entry-title\"><a class=\"eael-grid-post-link\" href=\"https:\/\/soymigrante.com\/revista\/ajpon-danzas-mayas-homenaje-migrantes\/\" title=\"Ajpon: Danzas mayas que honran a migrantes guatemaltecos\">Ajpon: Danzas mayas que honran a migrantes guatemaltecos<\/a><\/h2><\/header><div class=\"eael-entry-content\">\n                        <div class=\"eael-grid-post-excerpt\"><a href=\"https:\/\/soymigrante.com\/revista\/ajpon-danzas-mayas-homenaje-migrantes\/\" class=\"eael-post-elements-readmore-btn\">CONOCE SU HISTORIA <\/a><\/div>\n                    <\/div><\/div><\/div>\n        <\/div>\n    <\/article><article class=\"eael-grid-post  eael-post-grid-column eael-pg-post-1845 category-exitos tags-utah\" data-id=\"1845\">\n        <div class=\"eael-grid-post-holder\">\n            <div class=\"eael-grid-post-holder-inner\"><div class=\"eael-entry-media\"><div class=\"eael-entry-overlay fade-in\"><i class=\"far fa-hand-pointer\" aria-hidden=\"true\"><\/i><a href=\"https:\/\/soymigrante.com\/revista\/arquitecto-maya-joaquin-universidad-utah\/\"><\/a><\/div><div class=\"eael-entry-thumbnail \">\n                <img loading=\"lazy\" decoding=\"async\" width=\"1024\" height=\"756\" src=\"https:\/\/soymigrante.com\/revista\/wp-content\/uploads\/2023\/07\/Captura-de-pantalla-2023-07-13-224719-1024x756.webp\" class=\"attachment-large size-large wp-image-1850\" alt=\"Joaqu\u00edn L\u00f3pez se encuentra estudiando el doctorado en planificaci\u00f3n urbana con enfoque ind\u00edgena en la Universidad de Utah. Espec\u00edficamente ha trabajado con la Naci\u00f3n Navajo.\" srcset=\"https:\/\/soymigrante.com\/revista\/wp-content\/uploads\/2023\/07\/Captura-de-pantalla-2023-07-13-224719-1024x756.webp 1024w, https:\/\/soymigrante.com\/revista\/wp-content\/uploads\/2023\/07\/Captura-de-pantalla-2023-07-13-224719-300x221.webp 300w, https:\/\/soymigrante.com\/revista\/wp-content\/uploads\/2023\/07\/Captura-de-pantalla-2023-07-13-224719-768x567.webp 768w, https:\/\/soymigrante.com\/revista\/wp-content\/uploads\/2023\/07\/Captura-de-pantalla-2023-07-13-224719-750x553.webp 750w, https:\/\/soymigrante.com\/revista\/wp-content\/uploads\/2023\/07\/Captura-de-pantalla-2023-07-13-224719-1140x841.webp 1140w, https:\/\/soymigrante.com\/revista\/wp-content\/uploads\/2023\/07\/Captura-de-pantalla-2023-07-13-224719.webp 1255w\" sizes=\"(max-width: 1024px) 100vw, 1024px\" \/>\n            <\/div>\n        <\/div><div class=\"eael-entry-wrapper\"><header class=\"eael-entry-header\"><h2 class=\"eael-entry-title\"><a class=\"eael-grid-post-link\" href=\"https:\/\/soymigrante.com\/revista\/arquitecto-maya-joaquin-universidad-utah\/\" title=\"Identidad maya viaja con arquitecto migrante Joaqu\u00edn L\u00f3pez\">Identidad maya viaja con arquitecto migrante Joaqu\u00edn L\u00f3pez<\/a><\/h2><\/header><div class=\"eael-entry-content\">\n                        <div class=\"eael-grid-post-excerpt\"><a href=\"https:\/\/soymigrante.com\/revista\/arquitecto-maya-joaquin-universidad-utah\/\" class=\"eael-post-elements-readmore-btn\">CONOCE SU HISTORIA <\/a><\/div>\n                    <\/div><\/div><\/div>\n        <\/div>\n    <\/article><\/div>\n            <div class=\"clearfix\"><\/div>\n        <\/div>\t\t\t\t<\/div>\n\t\t\t\t\t<\/div>\n\t\t\t\t<\/div>\n\t\t\t\t<\/div>\n\t\t","protected":false},"excerpt":{"rendered":"<p>La maternidad desde la cultura Q\u2019eqchi\u2019 es un s\u00edmbolo de amor y las mujeres se convierten en portadoras de vida sagrada. En las comunidades Q\u2019eqchi\u2019 de Alta Verapaz, Guatemala, la maternidad es un proceso profundamente espiritual y cultural. Las mujeres embarazadas son consideradas portadoras de vida sagrada, y su cuidado se rige por pr\u00e1cticas ancestrales [&hellip;]<\/p>\n","protected":false},"author":19,"featured_media":32709,"comment_status":"open","ping_status":"open","sticky":false,"template":"","format":"standard","meta":{"_acf_changed":false,"_eb_attr":"","footnotes":""},"categories":[58],"tags":[],"class_list":["post-32708","post","type-post","status-publish","format-standard","has-post-thumbnail","hentry","category-guate-nuestra"],"acf":[],"aioseo_notices":[],"aioseo_head":"\n\t\t<!-- All in One SEO Pro 4.9.6.2 - aioseo.com -->\n\t<meta name=\"description\" content=\"Joaqu\u00edn L\u00f3pez, arquitecto maya k\u2019iche\u2019, lleva su identidad desde Guatemala hasta Utah, donde estudia un doctorado y trabaja con la Naci\u00f3n Navajo\" \/>\n\t<meta name=\"robots\" content=\"max-snippet:-1, max-image-preview:large, max-video-preview:-1\" \/>\n\t<meta name=\"author\" content=\"Gustavo Montenegro\"\/>\n\t<link rel=\"canonical\" href=\"https:\/\/soymigrante.com\/revista\/arquitecto-maya-joaquin-universidad-utah\/\" \/>\n\t<meta name=\"generator\" content=\"All in One SEO Pro (AIOSEO) 4.9.6.2\" \/>\n\n\t\t<link rel=\"preconnect\" href=\"https:\/\/fonts.googleapis.com\" crossorigin>\n<link rel=\"preconnect\" href=\"https:\/\/fonts.gstatic.com\" crossorigin>\n\t\t<meta property=\"og:locale\" content=\"es_ES\" \/>\n\t\t<meta property=\"og:site_name\" content=\"SoyMigrante.com REVISTA \u2013 Nuestra misi\u00f3n es reconocer y dignificar al migrante.\" \/>\n\t\t<meta property=\"og:type\" content=\"article\" \/>\n\t\t<meta property=\"og:title\" content=\"Identidad maya viaja con arquitecto migrante Joaqu\u00edn L\u00f3pez\" \/>\n\t\t<meta property=\"og:description\" content=\"Joaqu\u00edn L\u00f3pez, arquitecto maya k\u2019iche\u2019, lleva su identidad desde Guatemala hasta Utah, donde estudia un doctorado y trabaja con la Naci\u00f3n Navajo\" \/>\n\t\t<meta property=\"og:url\" content=\"https:\/\/soymigrante.com\/revista\/arquitecto-maya-joaquin-universidad-utah\/\" \/>\n\t\t<meta property=\"og:image\" content=\"https:\/\/soymigrante.com\/revista\/wp-content\/uploads\/2023\/07\/Captura-de-pantalla-2023-07-13-224719.webp\" \/>\n\t\t<meta property=\"og:image:secure_url\" content=\"https:\/\/soymigrante.com\/revista\/wp-content\/uploads\/2023\/07\/Captura-de-pantalla-2023-07-13-224719.webp\" \/>\n\t\t<meta property=\"og:image:width\" content=\"1255\" \/>\n\t\t<meta property=\"og:image:height\" content=\"926\" \/>\n\t\t<meta property=\"article:published_time\" content=\"2023-07-14T05:09:22+00:00\" \/>\n\t\t<meta property=\"article:modified_time\" content=\"2026-03-11T22:48:05+00:00\" \/>\n\t\t<meta property=\"article:publisher\" content=\"https:\/\/www.facebook.com\/soymigrantecom\" \/>\n\t\t<meta name=\"twitter:card\" content=\"summary_large_image\" \/>\n\t\t<meta name=\"twitter:site\" content=\"@SoyMigrante_com\" \/>\n\t\t<meta name=\"twitter:title\" content=\"Identidad maya viaja con arquitecto migrante Joaqu\u00edn L\u00f3pez\" \/>\n\t\t<meta name=\"twitter:description\" content=\"Joaqu\u00edn L\u00f3pez, arquitecto maya k\u2019iche\u2019, lleva su identidad desde Guatemala hasta Utah, donde estudia un doctorado y trabaja con la Naci\u00f3n Navajo\" \/>\n\t\t<meta name=\"twitter:creator\" content=\"@SoyMigrante_com\" \/>\n\t\t<meta name=\"twitter:image\" content=\"https:\/\/soymigrante.com\/revista\/wp-content\/uploads\/2023\/07\/Captura-de-pantalla-2023-07-13-224719.webp\" \/>\n\t\t<!-- All in One SEO Pro -->\r\n\t\t<title>Identidad maya viaja con arquitecto migrante Joaqu\u00edn L\u00f3pez<\/title>\n\n","aioseo_head_json":{"title":"Identidad maya viaja con arquitecto migrante Joaqu\u00edn L\u00f3pez","description":"Joaqu\u00edn L\u00f3pez, arquitecto maya k\u2019iche\u2019, lleva su identidad desde Guatemala hasta Utah, donde estudia un doctorado y trabaja con la Naci\u00f3n Navajo","canonical_url":"https:\/\/soymigrante.com\/revista\/arquitecto-maya-joaquin-universidad-utah\/","robots":"max-snippet:-1, max-image-preview:large, max-video-preview:-1","keywords":"","webmasterTools":{"miscellaneous":"&lt;link rel=\"preconnect\" href=\"https:\/\/fonts.googleapis.com\" crossorigin&gt;\n&lt;link rel=\"preconnect\" href=\"https:\/\/fonts.gstatic.com\" crossorigin&gt;"},"schema":null,"og:locale":"es_ES","og:site_name":"SoyMigrante.com REVISTA \u2013 Nuestra misi\u00f3n es reconocer y dignificar al migrante.","og:type":"article","og:title":"Identidad maya viaja con arquitecto migrante Joaqu\u00edn L\u00f3pez","og:description":"Joaqu\u00edn L\u00f3pez, arquitecto maya k\u2019iche\u2019, lleva su identidad desde Guatemala hasta Utah, donde estudia un doctorado y trabaja con la Naci\u00f3n Navajo","og:url":"https:\/\/soymigrante.com\/revista\/arquitecto-maya-joaquin-universidad-utah\/","og:image":"https:\/\/soymigrante.com\/revista\/wp-content\/uploads\/2023\/07\/Captura-de-pantalla-2023-07-13-224719.webp","og:image:secure_url":"https:\/\/soymigrante.com\/revista\/wp-content\/uploads\/2023\/07\/Captura-de-pantalla-2023-07-13-224719.webp","og:image:width":1255,"og:image:height":926,"article:published_time":"2023-07-14T05:09:22+00:00","article:modified_time":"2026-03-11T22:48:05+00:00","article:publisher":"https:\/\/www.facebook.com\/soymigrantecom","twitter:card":"summary_large_image","twitter:site":"@SoyMigrante_com","twitter:title":"Identidad maya viaja con arquitecto migrante Joaqu\u00edn L\u00f3pez","twitter:description":"Joaqu\u00edn L\u00f3pez, arquitecto maya k\u2019iche\u2019, lleva su identidad desde Guatemala hasta Utah, donde estudia un doctorado y trabaja con la Naci\u00f3n Navajo","twitter:creator":"@SoyMigrante_com","twitter:image":"https:\/\/soymigrante.com\/revista\/wp-content\/uploads\/2023\/07\/Captura-de-pantalla-2023-07-13-224719.webp"},"aioseo_meta_data":{"post_id":"32708","title":null,"description":"La maternidad desde la cultura Q\u2019eqchi\u2019 es un s\u00edmbolo de amor y las mujeres se convierten en portadoras de vida sagrada.","keywords":null,"keyphrases":{"focus":{"keyphrase":"maternidad","score":78,"analysis":{"keyphraseInTitle":{"score":9,"maxScore":9,"error":0},"keyphraseInDescription":{"score":9,"maxScore":9,"error":0},"keyphraseLength":{"score":9,"maxScore":9,"error":0,"length":1},"keyphraseInURL":{"score":5,"maxScore":5,"error":0},"keyphraseInIntroduction":{"score":9,"maxScore":9,"error":0},"keyphraseInSubHeadings":{"score":3,"maxScore":9,"error":1},"keyphraseInImageAlt":{"score":9,"maxScore":9,"error":0},"keywordDensity":{"score":0,"type":"low","maxScore":9,"error":1}}},"additional":[{"keyphrase":"Maternidad","score":80,"analysis":{"keyphraseInDescription":{"score":9,"maxScore":9,"error":0},"keyphraseLength":{"score":9,"maxScore":9,"error":0,"length":1},"keyphraseInIntroduction":{"score":9,"maxScore":9,"error":0},"keyphraseInImageAlt":{"score":9,"maxScore":9,"error":0},"keywordDensity":{"score":0,"type":"low","maxScore":9,"error":1}}},{"keyphrase":"Q\u2019eqchi\u2019","score":87,"analysis":{"keyphraseInDescription":{"score":9,"maxScore":9,"error":0},"keyphraseLength":{"score":9,"maxScore":9,"error":0,"length":1},"keyphraseInIntroduction":{"score":9,"maxScore":9,"error":0},"keyphraseInImageAlt":{"score":3,"maxScore":9,"error":1},"keywordDensity":{"type":"best","score":9,"maxScore":9,"error":0}}}]},"primary_term":null,"canonical_url":null,"og_title":null,"og_description":null,"og_object_type":"default","og_image_type":"default","og_image_url":null,"og_image_width":null,"og_image_height":null,"og_image_custom_url":null,"og_image_custom_fields":null,"og_video":"","og_custom_url":null,"og_article_section":null,"og_article_tags":null,"twitter_use_og":false,"twitter_card":"default","twitter_image_type":"default","twitter_image_url":null,"twitter_image_custom_url":null,"twitter_image_custom_fields":null,"twitter_title":null,"twitter_description":null,"schema":{"blockGraphs":[],"customGraphs":[],"default":{"data":{"Article":[],"Course":[],"Dataset":[],"FAQPage":[],"Movie":[],"Person":[],"Product":[],"ProductReview":[],"Car":[],"Recipe":[],"Service":[],"SoftwareApplication":[],"WebPage":[]},"graphName":"none","isEnabled":true},"graphs":[]},"schema_type":"default","schema_type_options":null,"pillar_content":false,"robots_default":true,"robots_noindex":false,"robots_noarchive":false,"robots_nosnippet":false,"robots_nofollow":false,"robots_noimageindex":false,"robots_noodp":false,"robots_notranslate":false,"robots_max_snippet":"-1","robots_max_videopreview":"-1","robots_max_imagepreview":"large","priority":null,"frequency":"default","local_seo":null,"seo_analyzer_scan_date":"2025-10-09 04:58:37","breadcrumb_settings":null,"limit_modified_date":false,"reviewed_by":null,"open_ai":"{\"title\":{\"suggestions\":[],\"usage\":0},\"description\":{\"suggestions\":[],\"usage\":0}}","ai":null,"created":"2025-05-06 18:05:59","updated":"2026-02-04 23:33:39"},"aioseo_breadcrumb":"<div class=\"aioseo-breadcrumbs\"><span class=\"aioseo-breadcrumb\">\n\t<a href=\"https:\/\/soymigrante.com\/revista\" title=\"Home\">Home<\/a>\n<\/span><span class=\"aioseo-breadcrumb-separator\">\u00bb<\/span><span class=\"aioseo-breadcrumb\">\n\t<a href=\"https:\/\/soymigrante.com\/revista\/category\/guate-nuestra\/\" title=\"Guate Nuestra\">Guate Nuestra<\/a>\n<\/span><span class=\"aioseo-breadcrumb-separator\">\u00bb<\/span><span class=\"aioseo-breadcrumb\">\n\tMaternidad Q\u2019eqchi\u2019: Sabidur\u00eda ancestral y desaf\u00edos contempor\u00e1neos\n<\/span><\/div>","aioseo_breadcrumb_json":[{"label":"Home","link":"https:\/\/soymigrante.com\/revista"},{"label":"Guate Nuestra","link":"https:\/\/soymigrante.com\/revista\/category\/guate-nuestra\/"},{"label":"Maternidad Q\u2019eqchi\u2019: Sabidur\u00eda ancestral y desaf\u00edos contempor\u00e1neos","link":"https:\/\/soymigrante.com\/revista\/maternidad-qeqchi-sabiduria-ancestral-y-desafios-contemporaneos\/"}],"_links":{"self":[{"href":"https:\/\/soymigrante.com\/revista\/wp-json\/wp\/v2\/posts\/32708","targetHints":{"allow":["GET"]}}],"collection":[{"href":"https:\/\/soymigrante.com\/revista\/wp-json\/wp\/v2\/posts"}],"about":[{"href":"https:\/\/soymigrante.com\/revista\/wp-json\/wp\/v2\/types\/post"}],"author":[{"embeddable":true,"href":"https:\/\/soymigrante.com\/revista\/wp-json\/wp\/v2\/users\/19"}],"replies":[{"embeddable":true,"href":"https:\/\/soymigrante.com\/revista\/wp-json\/wp\/v2\/comments?post=32708"}],"version-history":[{"count":5,"href":"https:\/\/soymigrante.com\/revista\/wp-json\/wp\/v2\/posts\/32708\/revisions"}],"predecessor-version":[{"id":33013,"href":"https:\/\/soymigrante.com\/revista\/wp-json\/wp\/v2\/posts\/32708\/revisions\/33013"}],"wp:featuredmedia":[{"embeddable":true,"href":"https:\/\/soymigrante.com\/revista\/wp-json\/wp\/v2\/media\/32709"}],"wp:attachment":[{"href":"https:\/\/soymigrante.com\/revista\/wp-json\/wp\/v2\/media?parent=32708"}],"wp:term":[{"taxonomy":"category","embeddable":true,"href":"https:\/\/soymigrante.com\/revista\/wp-json\/wp\/v2\/categories?post=32708"},{"taxonomy":"post_tag","embeddable":true,"href":"https:\/\/soymigrante.com\/revista\/wp-json\/wp\/v2\/tags?post=32708"}],"curies":[{"name":"wp","href":"https:\/\/api.w.org\/{rel}","templated":true}]}}