{"id":32692,"date":"2025-05-10T09:29:19","date_gmt":"2025-05-10T15:29:19","guid":{"rendered":"https:\/\/soymigrante.com\/revista\/?p=32692"},"modified":"2025-05-10T09:29:23","modified_gmt":"2025-05-10T15:29:23","slug":"la-maternidad-desde-la-cosmovision-maya-ancestral","status":"publish","type":"post","link":"https:\/\/soymigrante.com\/revista\/la-maternidad-desde-la-cosmovision-maya-ancestral\/","title":{"rendered":"La maternidad y sus valores desde la cosmovisi\u00f3n maya ancestral"},"content":{"rendered":"\t\t<div data-elementor-type=\"wp-post\" data-elementor-id=\"32692\" class=\"elementor elementor-32692\" data-elementor-post-type=\"post\">\n\t\t\t\t<div data-particle_enable=\"false\" data-particle-mobile-disabled=\"false\" class=\"elementor-element elementor-element-b5a4952 e-flex e-con-boxed e-con e-parent\" data-id=\"b5a4952\" data-element_type=\"container\" data-e-type=\"container\">\n\t\t\t\t\t<div class=\"e-con-inner\">\n\t\t\t\t<div class=\"elementor-element elementor-element-9ccec4a elementor-widget elementor-widget-heading\" data-id=\"9ccec4a\" data-element_type=\"widget\" data-e-type=\"widget\" data-widget_type=\"heading.default\">\n\t\t\t\t\t<h2 class=\"elementor-heading-title elementor-size-default\">La maternidad desde la cosmovisi\u00f3n maya est\u00e1 enraizada en la sabidur\u00eda de los ancestros, la protecci\u00f3n espiritual y los desaf\u00edos actuales. \n<\/h2>\t\t\t\t<\/div>\n\t\t\t\t\t<\/div>\n\t\t\t\t<\/div>\n\t\t<div data-particle_enable=\"false\" data-particle-mobile-disabled=\"false\" class=\"elementor-element elementor-element-8c11fc2 e-flex e-con-boxed e-con e-parent\" data-id=\"8c11fc2\" data-element_type=\"container\" data-e-type=\"container\">\n\t\t\t\t\t<div class=\"e-con-inner\">\n\t\t\t\t<div class=\"elementor-element elementor-element-a5813a6 elementor-widget elementor-widget-text-editor\" data-id=\"a5813a6\" data-element_type=\"widget\" data-e-type=\"widget\" data-widget_type=\"text-editor.default\">\n\t\t\t\t\t\t\t\t\t<p>En la cosmovisi\u00f3n maya, la maternidad es un proceso sagrado que vincula profundamente <a href=\"https:\/\/soymigrante.com\/revista\/consejos-de-mamas-y-abuelas-sabiduria-que-nunca-pasa-de-moda\/\" target=\"_blank\" rel=\"noopener\">a la mujer con el universo, los ancestros y la energ\u00eda de la vida.<\/a><\/p><p>Concebir, gestar y dar a luz no son vistos como actos meramente biol\u00f3gicos, sino como una misi\u00f3n espiritual acompa\u00f1ada de sabidur\u00eda milenaria, rituales protectores y el acompa\u00f1amiento de la comunidad.<\/p>\t\t\t\t\t\t\t\t<\/div>\n\t\t\t\t\t<\/div>\n\t\t\t\t<\/div>\n\t\t<div data-particle_enable=\"false\" data-particle-mobile-disabled=\"false\" class=\"elementor-element elementor-element-8010465 e-flex e-con-boxed e-con e-parent\" data-id=\"8010465\" data-element_type=\"container\" data-e-type=\"container\">\n\t\t\t\t\t<div class=\"e-con-inner\">\n\t\t\t\t<div class=\"elementor-element elementor-element-cfe8fb1 elementor-widget elementor-widget-heading\" data-id=\"cfe8fb1\" data-element_type=\"widget\" data-e-type=\"widget\" data-widget_type=\"heading.default\">\n\t\t\t\t\t<h3 class=\"elementor-heading-title elementor-size-default\">El rol sagrado de la madre<\/h3>\t\t\t\t<\/div>\n\t\t\t\t\t<\/div>\n\t\t\t\t<\/div>\n\t\t<div data-particle_enable=\"false\" data-particle-mobile-disabled=\"false\" class=\"elementor-element elementor-element-091a890 e-flex e-con-boxed e-con e-parent\" data-id=\"091a890\" data-element_type=\"container\" data-e-type=\"container\">\n\t\t\t\t\t<div class=\"e-con-inner\">\n\t\t\t\t<div class=\"elementor-element elementor-element-705def2 elementor-widget elementor-widget-text-editor\" data-id=\"705def2\" data-element_type=\"widget\" data-e-type=\"widget\" data-widget_type=\"text-editor.default\">\n\t\t\t\t\t\t\t\t\t<p>Desde tiempos antiguos, la mujer embarazada es considerada portadora del \u201cnahual\u201d o esp\u00edritu del nuevo ser, un canal entre el mundo de los vivos y el espiritual.<\/p><p>El embarazo no se vive en soledad: <a href=\"https:\/\/soymigrante.com\/revista\/consejos-de-mamas-y-abuelas-sabiduria-que-nunca-pasa-de-moda\/\" target=\"_blank\" rel=\"noopener\">est\u00e1 rodeado de cuidados, rezos, ofrendas y gu\u00edas espirituales<\/a> que ayudan a mantener el equilibrio entre cuerpo, mente y alma.<\/p><p>Las comadronas \u2014o \u201caj q\u2019ij\u201d en algunas comunidades\u2014 juegan un papel fundamental. No solo atienden los partos en casa, sino que orientan a las mujeres sobre su alimentaci\u00f3n, sue\u00f1os, comportamiento y emociones, interpret\u00e1ndolos desde una perspectiva espiritual.<\/p><p>Estas gu\u00edas tambi\u00e9n ayudan a \u201cleer el d\u00eda\u201d en que nacer\u00e1 el beb\u00e9, seg\u00fan el calendario maya, para entender su energ\u00eda y destino.<\/p>\t\t\t\t\t\t\t\t<\/div>\n\t\t\t\t\t<\/div>\n\t\t\t\t<\/div>\n\t\t<div data-particle_enable=\"false\" data-particle-mobile-disabled=\"false\" class=\"elementor-element elementor-element-958fb18 e-flex e-con-boxed e-con e-parent\" data-id=\"958fb18\" data-element_type=\"container\" data-e-type=\"container\">\n\t\t\t\t\t<div class=\"e-con-inner\">\n\t\t\t\t<div class=\"elementor-element elementor-element-3e33fff elementor-widget elementor-widget-heading\" data-id=\"3e33fff\" data-element_type=\"widget\" data-e-type=\"widget\" data-widget_type=\"heading.default\">\n\t\t\t\t\t<h3 class=\"elementor-heading-title elementor-size-default\">Rituales y protecci\u00f3n: la pulsera roja y otros mitos<\/h3>\t\t\t\t<\/div>\n\t\t\t\t\t<\/div>\n\t\t\t\t<\/div>\n\t\t<div data-particle_enable=\"false\" data-particle-mobile-disabled=\"false\" class=\"elementor-element elementor-element-44c3c90 e-flex e-con-boxed e-con e-parent\" data-id=\"44c3c90\" data-element_type=\"container\" data-e-type=\"container\">\n\t\t\t\t\t<div class=\"e-con-inner\">\n\t\t\t\t<div class=\"elementor-element elementor-element-5ba9355 elementor-widget elementor-widget-text-editor\" data-id=\"5ba9355\" data-element_type=\"widget\" data-e-type=\"widget\" data-widget_type=\"text-editor.default\">\n\t\t\t\t\t\t\t\t\t<p>Uno de los elementos m\u00e1s comunes es la famosa pulsera roja que se le coloca al reci\u00e9n nacido en la mu\u00f1eca o tobillo. Seg\u00fan la tradici\u00f3n, esta pulsera tejida a mano con hilo rojo sirve para proteger al beb\u00e9 del mal de ojo, energ\u00edas negativas o envidias. Tambi\u00e9n se cuelgan cuentas o peque\u00f1as semillas llamadas \u201ctz\u2019ite\u201d que refuerzan esta protecci\u00f3n espiritual.<\/p><p><a href=\"https:\/\/soymigrante.com\/revista\/consejos-de-mamas-y-abuelas-sabiduria-que-nunca-pasa-de-moda\/\" target=\"_blank\" rel=\"noopener\">Otro mito extendido es que las embarazadas no deben salir durante eclipses o fuertes tormenta<\/a>s, pues se cree que estas alteraciones naturales pueden afectar al beb\u00e9.<\/p><p>En algunos lugares, se recomienda que la madre use un peque\u00f1o espejo o alfiler sobre el abdomen para \u201creflejar\u201d o \u201cdesviar\u201d cualquier energ\u00eda da\u00f1ina.<\/p><p>Adem\u00e1s, se realizan ceremonias de agradecimiento a la Madre Tierra por el nuevo ser en camino. Algunas familias elaboran ofrendas con velas, flores, copal e incienso para pedir una gestaci\u00f3n sana y armoniosa.<\/p>\t\t\t\t\t\t\t\t<\/div>\n\t\t\t\t\t<\/div>\n\t\t\t\t<\/div>\n\t\t<div data-particle_enable=\"false\" data-particle-mobile-disabled=\"false\" class=\"elementor-element elementor-element-d95828f e-flex e-con-boxed e-con e-parent\" data-id=\"d95828f\" data-element_type=\"container\" data-e-type=\"container\">\n\t\t\t\t\t<div class=\"e-con-inner\">\n\t\t\t\t<div class=\"elementor-element elementor-element-75d6366 elementor-widget elementor-widget-image\" data-id=\"75d6366\" data-element_type=\"widget\" data-e-type=\"widget\" data-widget_type=\"image.default\">\n\t\t\t\t\t\t\t\t\t\t\t\t<figure class=\"wp-caption\">\n\t\t\t\t\t\t\t\t\t\t<img fetchpriority=\"high\" decoding=\"async\" width=\"768\" height=\"512\" src=\"https:\/\/soymigrante.com\/revista\/wp-content\/uploads\/2025\/05\/maternidad-2.webp\" class=\"attachment-large size-large wp-image-32701\" alt=\"Diversas mujeres ind\u00edgenas con trajes tradicionales en un paisaje natural, representando cultura y comunidad en Am\u00e9rica Latina.\" srcset=\"https:\/\/soymigrante.com\/revista\/wp-content\/uploads\/2025\/05\/maternidad-2.webp 1024w, https:\/\/soymigrante.com\/revista\/wp-content\/uploads\/2025\/05\/maternidad-2-300x200.jpg 300w, https:\/\/soymigrante.com\/revista\/wp-content\/uploads\/2025\/05\/maternidad-2-768x512.jpg 768w, https:\/\/soymigrante.com\/revista\/wp-content\/uploads\/2025\/05\/maternidad-2-750x500.jpg 750w\" sizes=\"(max-width: 768px) 100vw, 768px\" title=\"La maternidad desde la cosmovisi\u00f3n maya: un ojo a la sabidur\u00eda ancestral \u2013 SoyMigrante.com REVISTA\" \/>\t\t\t\t\t\t\t\t\t\t\t<figcaption class=\"widget-image-caption wp-caption-text\">Mujeres ind\u00edgenas vestidas con trajes tradicionales en un entorno natural, mostrando cultura, identidad y patrimonio en Am\u00e9rica Latina.<\/figcaption>\n\t\t\t\t\t\t\t\t\t\t<\/figure>\n\t\t\t\t\t\t\t\t\t<\/div>\n\t\t\t\t\t<\/div>\n\t\t\t\t<\/div>\n\t\t<div data-particle_enable=\"false\" data-particle-mobile-disabled=\"false\" class=\"elementor-element elementor-element-cd43bcf e-flex e-con-boxed e-con e-parent\" data-id=\"cd43bcf\" data-element_type=\"container\" data-e-type=\"container\">\n\t\t\t\t\t<div class=\"e-con-inner\">\n\t\t\t\t<div class=\"elementor-element elementor-element-02edc87 elementor-widget elementor-widget-heading\" data-id=\"02edc87\" data-element_type=\"widget\" data-e-type=\"widget\" data-widget_type=\"heading.default\">\n\t\t\t\t\t<h3 class=\"elementor-heading-title elementor-size-default\">Desaf\u00edos actuales: entre el abandono y la resistencia<\/h3>\t\t\t\t<\/div>\n\t\t\t\t\t<\/div>\n\t\t\t\t<\/div>\n\t\t<div data-particle_enable=\"false\" data-particle-mobile-disabled=\"false\" class=\"elementor-element elementor-element-a4ec03b e-flex e-con-boxed e-con e-parent\" data-id=\"a4ec03b\" data-element_type=\"container\" data-e-type=\"container\">\n\t\t\t\t\t<div class=\"e-con-inner\">\n\t\t\t\t<div class=\"elementor-element elementor-element-42e2fbd elementor-widget elementor-widget-text-editor\" data-id=\"42e2fbd\" data-element_type=\"widget\" data-e-type=\"widget\" data-widget_type=\"text-editor.default\">\n\t\t\t\t\t\t\t\t\t<p><a href=\"https:\/\/soymigrante.com\/revista\/consejos-de-mamas-y-abuelas-sabiduria-que-nunca-pasa-de-moda\/\" target=\"_blank\" rel=\"noopener\">A pesar del valor que estas pr\u00e1cticas conservan en muchas comunidades,<\/a> las madres mayas enfrentan grandes desaf\u00edos en la actualidad. El acceso limitado a servicios de salud, la discriminaci\u00f3n cultural en hospitales y la falta de reconocimiento del rol de las comadronas por parte del sistema de salud p\u00fablico son algunos de los principales obst\u00e1culos, coment\u00f3 Efra\u00edn Dur\u00e1n, soci\u00f3logo.<\/p><p>Organizaciones ind\u00edgenas y de derechos humanos luchan por el respeto al parto ancestral y al derecho de las mujeres a decidir c\u00f3mo quieren dar a luz. Tambi\u00e9n buscan garantizar que las comadronas reciban apoyo, capacitaci\u00f3n y respeto sin ser obligadas a abandonar sus pr\u00e1cticas.<\/p>\t\t\t\t\t\t\t\t<\/div>\n\t\t\t\t\t<\/div>\n\t\t\t\t<\/div>\n\t\t<div data-particle_enable=\"false\" data-particle-mobile-disabled=\"false\" class=\"elementor-element elementor-element-c9f5df8 e-flex e-con-boxed e-con e-parent\" data-id=\"c9f5df8\" data-element_type=\"container\" data-e-type=\"container\">\n\t\t\t\t\t<div class=\"e-con-inner\">\n\t\t\t\t<div class=\"elementor-element elementor-element-66502aa elementor-widget elementor-widget-heading\" data-id=\"66502aa\" data-element_type=\"widget\" data-e-type=\"widget\" data-widget_type=\"heading.default\">\n\t\t\t\t\t<h3 class=\"elementor-heading-title elementor-size-default\">Un legado que perdura<\/h3>\t\t\t\t<\/div>\n\t\t\t\t\t<\/div>\n\t\t\t\t<\/div>\n\t\t<div data-particle_enable=\"false\" data-particle-mobile-disabled=\"false\" class=\"elementor-element elementor-element-feeaa33 e-flex e-con-boxed e-con e-parent\" data-id=\"feeaa33\" data-element_type=\"container\" data-e-type=\"container\">\n\t\t\t\t\t<div class=\"e-con-inner\">\n\t\t\t\t<div class=\"elementor-element elementor-element-169b9a4 elementor-widget elementor-widget-text-editor\" data-id=\"169b9a4\" data-element_type=\"widget\" data-e-type=\"widget\" data-widget_type=\"text-editor.default\">\n\t\t\t\t\t\t\t\t\t<p>Lejos de desaparecer, la sabidur\u00eda maya sobre la maternidad sigue viva y adapt\u00e1ndose a los tiempos. Cada vez m\u00e1s mujeres j\u00f3venes, incluso en contextos urbanos, retoman rituales ancestrales como forma de reconectar con su identidad y proteger la vida que traen al mundo.<\/p><p><a href=\"https:\/\/soymigrante.com\/revista\/consejos-de-mamas-y-abuelas-sabiduria-que-nunca-pasa-de-moda\/\" target=\"_blank\" rel=\"noopener\">La maternidad maya no es solo dar a luz: es dar vida desde la energ\u00eda, la comunidad y el amor a la naturaleza<\/a>. En tiempos de avances tecnol\u00f3gicos y prisas, su mensaje profundo sigue siendo claro: la vida comienza con respeto, espiritualidad y equilibrio.<\/p>\t\t\t\t\t\t\t\t<\/div>\n\t\t\t\t\t<\/div>\n\t\t\t\t<\/div>\n\t\t<div data-particle_enable=\"false\" data-particle-mobile-disabled=\"false\" class=\"elementor-element elementor-element-8f72260 e-flex e-con-boxed e-con e-parent\" data-id=\"8f72260\" data-element_type=\"container\" data-e-type=\"container\">\n\t\t\t\t\t<div class=\"e-con-inner\">\n\t\t\t\t<div class=\"elementor-element elementor-element-a135a02 elementor-widget elementor-widget-heading\" data-id=\"a135a02\" data-element_type=\"widget\" data-e-type=\"widget\" data-widget_type=\"heading.default\">\n\t\t\t\t\t<h2 class=\"elementor-heading-title elementor-size-default\">Conoce m\u00e1s sobre Guatemala y su cultura ac\u00e1...<\/h2>\t\t\t\t<\/div>\n\t\t\t\t\t<\/div>\n\t\t\t\t<\/div>\n\t\t<div data-particle_enable=\"false\" data-particle-mobile-disabled=\"false\" class=\"elementor-element elementor-element-038d012 e-flex e-con-boxed e-con e-parent\" data-id=\"038d012\" data-element_type=\"container\" data-e-type=\"container\">\n\t\t\t\t\t<div class=\"e-con-inner\">\n\t\t\t\t<div class=\"elementor-element elementor-element-6221118 elementor-grid-eael-col-3 elementor-grid-tablet-eael-col-2 elementor-grid-mobile-eael-col-1 elementor-widget elementor-widget-eael-post-grid\" data-id=\"6221118\" data-element_type=\"widget\" data-e-type=\"widget\" data-settings=\"{&quot;eael_post_grid_columns&quot;:&quot;eael-col-3&quot;,&quot;eael_post_grid_columns_tablet&quot;:&quot;eael-col-2&quot;,&quot;eael_post_grid_columns_mobile&quot;:&quot;eael-col-1&quot;}\" data-widget_type=\"eael-post-grid.default\">\n\t\t\t\t\t<div id=\"eael-post-grid-6221118\" class=\"eael-post-grid-container\">\n            <div class=\"eael-post-grid eael-post-appender eael-post-appender-6221118 eael-post-grid-style-one\" data-layout-mode=\"masonry\"><article class=\"eael-grid-post  eael-post-grid-column eael-pg-post-5234 category-estamos-unidos tags-dia-internacional-de-la-mujer\" data-id=\"5234\">\n        <div class=\"eael-grid-post-holder\">\n            <div class=\"eael-grid-post-holder-inner\"><div class=\"eael-entry-media\"><div class=\"eael-entry-overlay fade-in\"><i class=\"far fa-hand-pointer\" aria-hidden=\"true\"><\/i><a href=\"https:\/\/soymigrante.com\/revista\/cantautora-maya-gira-estados-unidos-migrantes\/\"><\/a><\/div><div class=\"eael-entry-thumbnail \">\n                <img decoding=\"async\" width=\"1024\" height=\"1024\" src=\"https:\/\/soymigrante.com\/revista\/wp-content\/uploads\/2024\/03\/BANNER-Chumilkaj-Curruchiche-Nicho-3-1024x1024.webp\" class=\"attachment-large size-large wp-image-5235\" alt=\"Cantautora Ch&#039;umilkaj Nicho reivindica con su m\u00fasica el idioma kaqchikel el cual se habla en varios pobladores de departamentos del centro de Guatemala.\" srcset=\"https:\/\/soymigrante.com\/revista\/wp-content\/uploads\/2024\/03\/BANNER-Chumilkaj-Curruchiche-Nicho-3-1024x1024.webp 1024w, https:\/\/soymigrante.com\/revista\/wp-content\/uploads\/2024\/03\/BANNER-Chumilkaj-Curruchiche-Nicho-3-300x300.webp 300w, https:\/\/soymigrante.com\/revista\/wp-content\/uploads\/2024\/03\/BANNER-Chumilkaj-Curruchiche-Nicho-3-150x150.webp 150w, https:\/\/soymigrante.com\/revista\/wp-content\/uploads\/2024\/03\/BANNER-Chumilkaj-Curruchiche-Nicho-3-768x768.webp 768w, https:\/\/soymigrante.com\/revista\/wp-content\/uploads\/2024\/03\/BANNER-Chumilkaj-Curruchiche-Nicho-3-75x75.webp 75w, https:\/\/soymigrante.com\/revista\/wp-content\/uploads\/2024\/03\/BANNER-Chumilkaj-Curruchiche-Nicho-3-750x750.webp 750w, https:\/\/soymigrante.com\/revista\/wp-content\/uploads\/2024\/03\/BANNER-Chumilkaj-Curruchiche-Nicho-3-1140x1140.webp 1140w, https:\/\/soymigrante.com\/revista\/wp-content\/uploads\/2024\/03\/BANNER-Chumilkaj-Curruchiche-Nicho-3-600x600.webp 600w, https:\/\/soymigrante.com\/revista\/wp-content\/uploads\/2024\/03\/BANNER-Chumilkaj-Curruchiche-Nicho-3.webp 1221w\" sizes=\"(max-width: 1024px) 100vw, 1024px\" \/>\n            <\/div>\n        <\/div><div class=\"eael-entry-wrapper\"><header class=\"eael-entry-header\"><h2 class=\"eael-entry-title\"><a class=\"eael-grid-post-link\" href=\"https:\/\/soymigrante.com\/revista\/cantautora-maya-gira-estados-unidos-migrantes\/\" title=\"Artista maya Ch&#8217;umilkaj Nicho le canta a las migrantes en gira por EE.UU.\">Artista maya Ch&#8217;umilkaj Nicho le canta a las migrantes en gira por EE.UU.<\/a><\/h2><\/header><div class=\"eael-entry-content\">\n                        <div class=\"eael-grid-post-excerpt\"><a href=\"https:\/\/soymigrante.com\/revista\/cantautora-maya-gira-estados-unidos-migrantes\/\" class=\"eael-post-elements-readmore-btn\">CONOCE SU HISTORIA <\/a><\/div>\n                    <\/div><\/div><\/div>\n        <\/div>\n    <\/article><article class=\"eael-grid-post  eael-post-grid-column eael-pg-post-2997 category-exitos\" data-id=\"2997\">\n        <div class=\"eael-grid-post-holder\">\n            <div class=\"eael-grid-post-holder-inner\"><div class=\"eael-entry-media\"><div class=\"eael-entry-overlay fade-in\"><i class=\"far fa-hand-pointer\" aria-hidden=\"true\"><\/i><a href=\"https:\/\/soymigrante.com\/revista\/espiritualidad-maya-kaqchiqel-tambien-es-migrante-en-new-jersey\/\"><\/a><\/div><div class=\"eael-entry-thumbnail \">\n                <img decoding=\"async\" width=\"805\" height=\"558\" src=\"https:\/\/soymigrante.com\/revista\/wp-content\/uploads\/2023\/10\/efren.webp\" class=\"attachment-large size-large wp-image-2999\" alt=\"\" srcset=\"https:\/\/soymigrante.com\/revista\/wp-content\/uploads\/2023\/10\/efren.webp 805w, https:\/\/soymigrante.com\/revista\/wp-content\/uploads\/2023\/10\/efren-300x208.webp 300w, https:\/\/soymigrante.com\/revista\/wp-content\/uploads\/2023\/10\/efren-768x532.webp 768w, https:\/\/soymigrante.com\/revista\/wp-content\/uploads\/2023\/10\/efren-750x520.webp 750w\" sizes=\"(max-width: 805px) 100vw, 805px\" \/>\n            <\/div>\n        <\/div><div class=\"eael-entry-wrapper\"><header class=\"eael-entry-header\"><h2 class=\"eael-entry-title\"><a class=\"eael-grid-post-link\" href=\"https:\/\/soymigrante.com\/revista\/espiritualidad-maya-kaqchiqel-tambien-es-migrante-en-new-jersey\/\" title=\"Espiritualidad maya kaqchikel tambi\u00e9n es migrante en New Jersey junto a Efr\u00e9n Mej\u00eda\">Espiritualidad maya kaqchikel tambi\u00e9n es migrante en New Jersey junto a Efr\u00e9n Mej\u00eda<\/a><\/h2><\/header><div class=\"eael-entry-content\">\n                        <div class=\"eael-grid-post-excerpt\"><a href=\"https:\/\/soymigrante.com\/revista\/espiritualidad-maya-kaqchiqel-tambien-es-migrante-en-new-jersey\/\" class=\"eael-post-elements-readmore-btn\">CONOCE SU HISTORIA <\/a><\/div>\n                    <\/div><\/div><\/div>\n        <\/div>\n    <\/article><article class=\"eael-grid-post  eael-post-grid-column eael-pg-post-2026 category-exitos-guatemala tags-texas\" data-id=\"2026\">\n        <div class=\"eael-grid-post-holder\">\n            <div class=\"eael-grid-post-holder-inner\"><div class=\"eael-entry-media\"><div class=\"eael-entry-overlay fade-in\"><i class=\"far fa-hand-pointer\" aria-hidden=\"true\"><\/i><a href=\"https:\/\/soymigrante.com\/revista\/pilas-guatemaya-tecnologia-raices-mayas-guatemalteco\/\"><\/a><\/div><div class=\"eael-entry-thumbnail \">\n                <img loading=\"lazy\" decoding=\"async\" width=\"1024\" height=\"806\" src=\"https:\/\/soymigrante.com\/revista\/wp-content\/uploads\/2023\/07\/310546885_3379152138996240_7465190900125942118_n-e1690839314914-1024x806.webp\" class=\"attachment-large size-large wp-image-2034\" alt=\"\" srcset=\"https:\/\/soymigrante.com\/revista\/wp-content\/uploads\/2023\/07\/310546885_3379152138996240_7465190900125942118_n-e1690839314914-1024x806.webp 1024w, https:\/\/soymigrante.com\/revista\/wp-content\/uploads\/2023\/07\/310546885_3379152138996240_7465190900125942118_n-e1690839314914-300x236.webp 300w, https:\/\/soymigrante.com\/revista\/wp-content\/uploads\/2023\/07\/310546885_3379152138996240_7465190900125942118_n-e1690839314914-768x605.webp 768w, https:\/\/soymigrante.com\/revista\/wp-content\/uploads\/2023\/07\/310546885_3379152138996240_7465190900125942118_n-e1690839314914-750x591.webp 750w, https:\/\/soymigrante.com\/revista\/wp-content\/uploads\/2023\/07\/310546885_3379152138996240_7465190900125942118_n-e1690839314914-1140x898.webp 1140w, https:\/\/soymigrante.com\/revista\/wp-content\/uploads\/2023\/07\/310546885_3379152138996240_7465190900125942118_n-e1690839314914.webp 1445w\" sizes=\"(max-width: 1024px) 100vw, 1024px\" \/>\n            <\/div>\n        <\/div><div class=\"eael-entry-wrapper\"><header class=\"eael-entry-header\"><h2 class=\"eael-entry-title\"><a class=\"eael-grid-post-link\" href=\"https:\/\/soymigrante.com\/revista\/pilas-guatemaya-tecnologia-raices-mayas-guatemalteco\/\" title=\"Pilas Guatemaya: sue\u00f1o digital sin fronteras del migrante guatemalteco Ronald Tetzag\u00fcic\">Pilas Guatemaya: sue\u00f1o digital sin fronteras del migrante guatemalteco Ronald Tetzag\u00fcic<\/a><\/h2><\/header><div class=\"eael-entry-content\">\n                        <div class=\"eael-grid-post-excerpt\"><a href=\"https:\/\/soymigrante.com\/revista\/pilas-guatemaya-tecnologia-raices-mayas-guatemalteco\/\" class=\"eael-post-elements-readmore-btn\">CONOCE SU HISTORIA <\/a><\/div>\n                    <\/div><\/div><\/div>\n        <\/div>\n    <\/article><\/div>\n            <div class=\"clearfix\"><\/div>\n        <\/div>\t\t\t\t<\/div>\n\t\t\t\t\t<\/div>\n\t\t\t\t<\/div>\n\t\t\t\t<\/div>\n\t\t","protected":false},"excerpt":{"rendered":"<p>La maternidad desde la cosmovisi\u00f3n maya est\u00e1 enraizada en la sabidur\u00eda de los ancestros, la protecci\u00f3n espiritual y los desaf\u00edos actuales. En la cosmovisi\u00f3n maya, la maternidad es un proceso sagrado que vincula profundamente a la mujer con el universo, los ancestros y la energ\u00eda de la vida. Concebir, gestar y dar a luz no [&hellip;]<\/p>\n","protected":false},"author":19,"featured_media":32693,"comment_status":"open","ping_status":"open","sticky":false,"template":"","format":"standard","meta":{"_acf_changed":false,"_eb_attr":"","footnotes":""},"categories":[58],"tags":[],"class_list":["post-32692","post","type-post","status-publish","format-standard","has-post-thumbnail","hentry","category-guate-nuestra"],"acf":[],"aioseo_notices":[],"aioseo_head":"\n\t\t<!-- All in One SEO Pro 4.9.6.2 - aioseo.com -->\n\t<meta name=\"description\" content=\"Descubre c\u00f3mo Ronald Tetzag\u00fcic transforma la identidad maya en innovadores productos tecnol\u00f3gicos con su marca Pilas Guatemaya\" \/>\n\t<meta name=\"robots\" content=\"max-snippet:-1, max-image-preview:large, max-video-preview:-1\" \/>\n\t<meta name=\"author\" content=\"Gustavo Montenegro\"\/>\n\t<link rel=\"canonical\" href=\"https:\/\/soymigrante.com\/revista\/pilas-guatemaya-tecnologia-raices-mayas-guatemalteco\/\" \/>\n\t<meta name=\"generator\" content=\"All in One SEO Pro (AIOSEO) 4.9.6.2\" \/>\n\n\t\t<link rel=\"preconnect\" href=\"https:\/\/fonts.googleapis.com\" crossorigin>\n<link rel=\"preconnect\" href=\"https:\/\/fonts.gstatic.com\" crossorigin>\n\t\t<meta property=\"og:locale\" content=\"es_ES\" \/>\n\t\t<meta property=\"og:site_name\" content=\"SoyMigrante.com REVISTA \u2013 Nuestra misi\u00f3n es reconocer y dignificar al migrante.\" \/>\n\t\t<meta property=\"og:type\" content=\"article\" \/>\n\t\t<meta property=\"og:title\" content=\"Pilas Guatemaya: Innovaci\u00f3n tecnol\u00f3gica con ra\u00edces mayas\" \/>\n\t\t<meta property=\"og:description\" content=\"Descubre c\u00f3mo Ronald Tetzag\u00fcic transforma la identidad maya en innovadores productos tecnol\u00f3gicos con su marca Pilas Guatemaya\" \/>\n\t\t<meta property=\"og:url\" content=\"https:\/\/soymigrante.com\/revista\/pilas-guatemaya-tecnologia-raices-mayas-guatemalteco\/\" \/>\n\t\t<meta property=\"og:image\" content=\"https:\/\/soymigrante.com\/revista\/wp-content\/uploads\/2023\/07\/310546885_3379152138996240_7465190900125942118_n-e1690839314914.webp\" \/>\n\t\t<meta property=\"og:image:secure_url\" content=\"https:\/\/soymigrante.com\/revista\/wp-content\/uploads\/2023\/07\/310546885_3379152138996240_7465190900125942118_n-e1690839314914.webp\" \/>\n\t\t<meta property=\"og:image:width\" content=\"1445\" \/>\n\t\t<meta property=\"og:image:height\" content=\"1138\" \/>\n\t\t<meta property=\"article:published_time\" content=\"2023-07-31T21:09:44+00:00\" \/>\n\t\t<meta property=\"article:modified_time\" content=\"2026-03-11T22:51:28+00:00\" \/>\n\t\t<meta property=\"article:publisher\" content=\"https:\/\/www.facebook.com\/soymigrantecom\" \/>\n\t\t<meta name=\"twitter:card\" content=\"summary_large_image\" \/>\n\t\t<meta name=\"twitter:site\" content=\"@SoyMigrante_com\" \/>\n\t\t<meta name=\"twitter:title\" content=\"Pilas Guatemaya: Innovaci\u00f3n tecnol\u00f3gica con ra\u00edces mayas\" \/>\n\t\t<meta name=\"twitter:description\" content=\"Descubre c\u00f3mo Ronald Tetzag\u00fcic transforma la identidad maya en innovadores productos tecnol\u00f3gicos con su marca Pilas Guatemaya\" \/>\n\t\t<meta name=\"twitter:creator\" content=\"@SoyMigrante_com\" \/>\n\t\t<meta name=\"twitter:image\" content=\"https:\/\/soymigrante.com\/revista\/wp-content\/uploads\/2023\/07\/310546885_3379152138996240_7465190900125942118_n-e1690839314914.webp\" \/>\n\t\t<!-- All in One SEO Pro -->\r\n\t\t<title>Pilas Guatemaya: Innovaci\u00f3n tecnol\u00f3gica con ra\u00edces mayas<\/title>\n\n","aioseo_head_json":{"title":"Pilas Guatemaya: Innovaci\u00f3n tecnol\u00f3gica con ra\u00edces mayas","description":"Descubre c\u00f3mo Ronald Tetzag\u00fcic transforma la identidad maya en innovadores productos tecnol\u00f3gicos con su marca Pilas Guatemaya","canonical_url":"https:\/\/soymigrante.com\/revista\/pilas-guatemaya-tecnologia-raices-mayas-guatemalteco\/","robots":"max-snippet:-1, max-image-preview:large, max-video-preview:-1","keywords":"","webmasterTools":{"miscellaneous":"&lt;link rel=\"preconnect\" href=\"https:\/\/fonts.googleapis.com\" crossorigin&gt;\n&lt;link rel=\"preconnect\" href=\"https:\/\/fonts.gstatic.com\" crossorigin&gt;"},"schema":null,"og:locale":"es_ES","og:site_name":"SoyMigrante.com REVISTA \u2013 Nuestra misi\u00f3n es reconocer y dignificar al migrante.","og:type":"article","og:title":"Pilas Guatemaya: Innovaci\u00f3n tecnol\u00f3gica con ra\u00edces mayas","og:description":"Descubre c\u00f3mo Ronald Tetzag\u00fcic transforma la identidad maya en innovadores productos tecnol\u00f3gicos con su marca Pilas Guatemaya","og:url":"https:\/\/soymigrante.com\/revista\/pilas-guatemaya-tecnologia-raices-mayas-guatemalteco\/","og:image":"https:\/\/soymigrante.com\/revista\/wp-content\/uploads\/2023\/07\/310546885_3379152138996240_7465190900125942118_n-e1690839314914.webp","og:image:secure_url":"https:\/\/soymigrante.com\/revista\/wp-content\/uploads\/2023\/07\/310546885_3379152138996240_7465190900125942118_n-e1690839314914.webp","og:image:width":1445,"og:image:height":1138,"article:published_time":"2023-07-31T21:09:44+00:00","article:modified_time":"2026-03-11T22:51:28+00:00","article:publisher":"https:\/\/www.facebook.com\/soymigrantecom","twitter:card":"summary_large_image","twitter:site":"@SoyMigrante_com","twitter:title":"Pilas Guatemaya: Innovaci\u00f3n tecnol\u00f3gica con ra\u00edces mayas","twitter:description":"Descubre c\u00f3mo Ronald Tetzag\u00fcic transforma la identidad maya en innovadores productos tecnol\u00f3gicos con su marca Pilas Guatemaya","twitter:creator":"@SoyMigrante_com","twitter:image":"https:\/\/soymigrante.com\/revista\/wp-content\/uploads\/2023\/07\/310546885_3379152138996240_7465190900125942118_n-e1690839314914.webp"},"aioseo_meta_data":{"post_id":"32692","title":null,"description":"La maternidad desde la cosmovisi\u00f3n maya est\u00e1 enraizada en la sabidur\u00eda de los ancestros, la protecci\u00f3n espiritual y los desaf\u00edos actuales.","keywords":null,"keyphrases":{"focus":{"keyphrase":"maternidad","score":91,"analysis":{"keyphraseInTitle":{"score":9,"maxScore":9,"error":0},"keyphraseInDescription":{"score":9,"maxScore":9,"error":0},"keyphraseLength":{"score":9,"maxScore":9,"error":0,"length":1},"keyphraseInURL":{"score":5,"maxScore":5,"error":0},"keyphraseInIntroduction":{"score":9,"maxScore":9,"error":0},"keyphraseInSubHeadings":{"score":3,"maxScore":9,"error":1},"keyphraseInImageAlt":{"score":9,"maxScore":9,"error":0},"keywordDensity":{"type":"best","score":9,"maxScore":9,"error":0}}},"additional":[{"keyphrase":"Maternidad","score":100,"analysis":{"keyphraseInDescription":{"score":9,"maxScore":9,"error":0},"keyphraseLength":{"score":9,"maxScore":9,"error":0,"length":1},"keyphraseInIntroduction":{"score":9,"maxScore":9,"error":0},"keyphraseInImageAlt":{"score":9,"maxScore":9,"error":0},"keywordDensity":{"type":"best","score":9,"maxScore":9,"error":0}}},{"keyphrase":"maya","score":100,"analysis":{"keyphraseInDescription":{"score":9,"maxScore":9,"error":0},"keyphraseLength":{"score":9,"maxScore":9,"error":0,"length":1},"keyphraseInIntroduction":{"score":9,"maxScore":9,"error":0},"keyphraseInImageAlt":{"score":9,"maxScore":9,"error":0},"keywordDensity":{"type":"best","score":9,"maxScore":9,"error":0}}}]},"primary_term":null,"canonical_url":null,"og_title":null,"og_description":null,"og_object_type":"default","og_image_type":"default","og_image_url":null,"og_image_width":null,"og_image_height":null,"og_image_custom_url":null,"og_image_custom_fields":null,"og_video":"","og_custom_url":null,"og_article_section":null,"og_article_tags":null,"twitter_use_og":false,"twitter_card":"default","twitter_image_type":"default","twitter_image_url":null,"twitter_image_custom_url":null,"twitter_image_custom_fields":null,"twitter_title":null,"twitter_description":null,"schema":{"blockGraphs":[],"customGraphs":[],"default":{"data":{"Article":[],"Course":[],"Dataset":[],"FAQPage":[],"Movie":[],"Person":[],"Product":[],"ProductReview":[],"Car":[],"Recipe":[],"Service":[],"SoftwareApplication":[],"WebPage":[]},"graphName":"none","isEnabled":true},"graphs":[]},"schema_type":"default","schema_type_options":null,"pillar_content":false,"robots_default":true,"robots_noindex":false,"robots_noarchive":false,"robots_nosnippet":false,"robots_nofollow":false,"robots_noimageindex":false,"robots_noodp":false,"robots_notranslate":false,"robots_max_snippet":"-1","robots_max_videopreview":"-1","robots_max_imagepreview":"large","priority":null,"frequency":"default","local_seo":null,"seo_analyzer_scan_date":"2025-10-09 05:01:12","breadcrumb_settings":null,"limit_modified_date":false,"reviewed_by":null,"open_ai":"{\"title\":{\"suggestions\":[],\"usage\":0},\"description\":{\"suggestions\":[],\"usage\":0}}","ai":null,"created":"2025-05-06 17:49:33","updated":"2026-02-04 23:38:10"},"aioseo_breadcrumb":"<div class=\"aioseo-breadcrumbs\"><span class=\"aioseo-breadcrumb\">\n\t<a href=\"https:\/\/soymigrante.com\/revista\" title=\"Home\">Home<\/a>\n<\/span><span class=\"aioseo-breadcrumb-separator\">\u00bb<\/span><span class=\"aioseo-breadcrumb\">\n\t<a href=\"https:\/\/soymigrante.com\/revista\/category\/guate-nuestra\/\" title=\"Guate Nuestra\">Guate Nuestra<\/a>\n<\/span><span class=\"aioseo-breadcrumb-separator\">\u00bb<\/span><span class=\"aioseo-breadcrumb\">\n\tLa maternidad y sus valores desde la cosmovisi\u00f3n maya ancestral\n<\/span><\/div>","aioseo_breadcrumb_json":[{"label":"Home","link":"https:\/\/soymigrante.com\/revista"},{"label":"Guate Nuestra","link":"https:\/\/soymigrante.com\/revista\/category\/guate-nuestra\/"},{"label":"La maternidad y sus valores desde la cosmovisi\u00f3n maya ancestral","link":"https:\/\/soymigrante.com\/revista\/la-maternidad-desde-la-cosmovision-maya-ancestral\/"}],"_links":{"self":[{"href":"https:\/\/soymigrante.com\/revista\/wp-json\/wp\/v2\/posts\/32692","targetHints":{"allow":["GET"]}}],"collection":[{"href":"https:\/\/soymigrante.com\/revista\/wp-json\/wp\/v2\/posts"}],"about":[{"href":"https:\/\/soymigrante.com\/revista\/wp-json\/wp\/v2\/types\/post"}],"author":[{"embeddable":true,"href":"https:\/\/soymigrante.com\/revista\/wp-json\/wp\/v2\/users\/19"}],"replies":[{"embeddable":true,"href":"https:\/\/soymigrante.com\/revista\/wp-json\/wp\/v2\/comments?post=32692"}],"version-history":[{"count":16,"href":"https:\/\/soymigrante.com\/revista\/wp-json\/wp\/v2\/posts\/32692\/revisions"}],"predecessor-version":[{"id":33127,"href":"https:\/\/soymigrante.com\/revista\/wp-json\/wp\/v2\/posts\/32692\/revisions\/33127"}],"wp:featuredmedia":[{"embeddable":true,"href":"https:\/\/soymigrante.com\/revista\/wp-json\/wp\/v2\/media\/32693"}],"wp:attachment":[{"href":"https:\/\/soymigrante.com\/revista\/wp-json\/wp\/v2\/media?parent=32692"}],"wp:term":[{"taxonomy":"category","embeddable":true,"href":"https:\/\/soymigrante.com\/revista\/wp-json\/wp\/v2\/categories?post=32692"},{"taxonomy":"post_tag","embeddable":true,"href":"https:\/\/soymigrante.com\/revista\/wp-json\/wp\/v2\/tags?post=32692"}],"curies":[{"name":"wp","href":"https:\/\/api.w.org\/{rel}","templated":true}]}}