{"id":32599,"date":"2025-05-05T14:36:20","date_gmt":"2025-05-05T20:36:20","guid":{"rendered":"https:\/\/soymigrante.com\/revista\/?p=32599"},"modified":"2025-05-05T15:05:07","modified_gmt":"2025-05-05T21:05:07","slug":"delia-tahay-teje-un-futuro-desde-nahuala-con-tienda-digital-jade-en-mercado","status":"publish","type":"post","link":"https:\/\/soymigrante.com\/revista\/delia-tahay-teje-un-futuro-desde-nahuala-con-tienda-digital-jade-en-mercado\/","title":{"rendered":"Delia Tahay teje un futuro desde Nahual\u00e1 con tienda digital Jade en MERCADO"},"content":{"rendered":"\t\t<div data-elementor-type=\"wp-post\" data-elementor-id=\"32599\" class=\"elementor elementor-32599\" data-elementor-post-type=\"post\">\n\t\t\t\t<div data-particle_enable=\"false\" data-particle-mobile-disabled=\"false\" class=\"elementor-element elementor-element-3c80e1c4 e-flex e-con-boxed e-con e-parent\" data-id=\"3c80e1c4\" data-element_type=\"container\" data-e-type=\"container\">\n\t\t\t\t\t<div class=\"e-con-inner\">\n\t\t\t\t<div class=\"elementor-element elementor-element-3a1c6917 elementor-widget elementor-widget-text-editor\" data-id=\"3a1c6917\" data-element_type=\"widget\" data-e-type=\"widget\" data-widget_type=\"text-editor.default\">\n\t\t\t\t\t\t\t\t\t\n<p> <\/p>\n\t\t\t\t\t\t\t\t<\/div>\n\t\t\t\t\t<\/div>\n\t\t\t\t<\/div>\n\t\t<div data-particle_enable=\"false\" data-particle-mobile-disabled=\"false\" class=\"elementor-element elementor-element-7f94156 e-flex e-con-boxed e-con e-parent\" data-id=\"7f94156\" data-element_type=\"container\" data-e-type=\"container\">\n\t\t\t\t\t<div class=\"e-con-inner\">\n\t\t\t\t<div class=\"elementor-element elementor-element-ad8a4d2 elementor-widget elementor-widget-heading\" data-id=\"ad8a4d2\" data-element_type=\"widget\" data-e-type=\"widget\" data-widget_type=\"heading.default\">\n\t\t\t\t\t<h2 class=\"elementor-heading-title elementor-size-default\"><span style=\"font-size: 31.2px\">La madre y emprendedora Delia Tahay de Nahual\u00e1, Solol\u00e1, elabora y comercia textiles, pero tambi\u00e9n fortalece su comunidad y lleva al mundo la historia de generaciones de mujeres mayas artesanas. Su tienda digital Jade ya abri\u00f3 en SoyMigrante.com MERCADO.<\/span><br><\/h2>\t\t\t\t<\/div>\n\t\t\t\t<div class=\"elementor-element elementor-element-fd3bab0 elementor-widget elementor-widget-html\" data-id=\"fd3bab0\" data-element_type=\"widget\" data-e-type=\"widget\" data-widget_type=\"html.default\">\n\t\t\t\t\t<div id=\"buzzsprout-player-17104545\"><\/div><script src=\"https:\/\/www.buzzsprout.com\/2444168\/episodes\/17104545-emprendedora-tzutujil-delia-tahay-distribuye-textiles-mayas-en-mercado.js?container_id=buzzsprout-player-17104545&player=small\" type=\"text\/javascript\" charset=\"utf-8\"><\/script>\t\t\t\t<\/div>\n\t\t\t\t\t<\/div>\n\t\t\t\t<\/div>\n\t\t<div data-particle_enable=\"false\" data-particle-mobile-disabled=\"false\" class=\"elementor-element elementor-element-ef6b220 e-flex e-con-boxed e-con e-parent\" data-id=\"ef6b220\" data-element_type=\"container\" data-e-type=\"container\">\n\t\t\t\t\t<div class=\"e-con-inner\">\n\t\t\t\t<div class=\"elementor-element elementor-element-2644641 elementor-widget elementor-widget-text-editor\" data-id=\"2644641\" data-element_type=\"widget\" data-e-type=\"widget\" data-widget_type=\"text-editor.default\">\n\t\t\t\t\t\t\t\t\t<p>Delia Tahay, emprendedora y madre maya tzutujil de Nahual\u00e1, <a href=\"https:\/\/soymigrante.com\/revista\/departamentos-de-guatemala-solola-tiene-un-corazon-de-agua-cristalina-entre-montanas\/\">Solol\u00e1<\/a>, decidi\u00f3 llevar&nbsp; la riqueza textil maya hasta el mundo digital a trav\u00e9s de <a href=\"https:\/\/soymigrante.com\/mercado\/marketplace\/seller\/profile\/jade\">su tienda Jade, en SoyMigrante.com MERCADO<\/a>. Le motiva la oportunidad de crecer, pero tambi\u00e9n el sentido de pertenencia que percibe en la iniciativa del emprendedor digital maya q&#8217;anjob&#8217;al <a href=\"https:\/\/soymigrante.com\/revista\/marcos-antil-expone-plataforma-soymigrante-com-mercado-a-emprendedoras-en-republica-mujer\/\">Marcos Antil, CEO de SoyMigrante.com<\/a>. &#8220;Marcos es como nosotros, es uno de nosotros. Marcos ese como uno&#8221;, expresa Delia.<\/p>\n<p>Aprendi\u00f3 a tejer con las ense\u00f1anzas de su mam\u00e1 y tambi\u00e9n con ella se inici\u00f3 en el comercio de textiles, artesan\u00edas y productos elaborados a mano. Actualmente Delia elabora textiles, pero tambi\u00e9n los compra a artesanos de Solol\u00e1 y Quich\u00e9 sin regatearles el precio. &#8220;Nuestros textiles mayas tienen un costo material y uno espiritual. Llevan tiempo, dedicaci\u00f3n, oficio y quien de verdad los aprecia, sabe que el precio lo refleja&#8221;, dice.<\/p>\n<p><a href=\"https:\/\/soymigrante.com\/mercado\/\">SoyMigrante.com MERCADO<\/a>&nbsp; es la comunidad en l\u00ednea creada para que emprendedores y compradores guatemaltecos se encuentren: un proyecto activo, proactivo e innovador para peque\u00f1os negocios y creadores de productos elaborados a mano, detr\u00e1s de las cuales siempre hay una historia.&nbsp;<\/p>\t\t\t\t\t\t\t\t<\/div>\n\t\t\t\t\t<\/div>\n\t\t\t\t<\/div>\n\t\t<div data-particle_enable=\"false\" data-particle-mobile-disabled=\"false\" class=\"elementor-element elementor-element-fa5c386 e-flex e-con-boxed e-con e-parent\" data-id=\"fa5c386\" data-element_type=\"container\" data-e-type=\"container\">\n\t\t\t\t\t<div class=\"e-con-inner\">\n\t\t\t\t<div class=\"elementor-element elementor-element-25febb0 elementor-widget elementor-widget-image\" data-id=\"25febb0\" data-element_type=\"widget\" data-e-type=\"widget\" data-widget_type=\"image.default\">\n\t\t\t\t\t\t\t\t\t\t\t\t<figure class=\"wp-caption\">\n\t\t\t\t\t\t\t\t\t\t\t<a href=\"https:\/\/soymigrante.com\/mercado\/marketplace\/seller\/profile\/jade\">\n\t\t\t\t\t\t\t<img fetchpriority=\"high\" decoding=\"async\" width=\"1024\" height=\"423\" src=\"https:\/\/soymigrante.com\/revista\/wp-content\/uploads\/2025\/05\/jade-mercado-nahuala-1024x423.png\" class=\"attachment-large size-large wp-image-32631\" alt=\"Colores vivos y textiles artesanales en productos de joyer\u00eda y accesorios en Jade, tienda de ropa y artesan\u00edas en Guatemala con enfoque en cultura y arte en prendas tejidas y bordadas.\" srcset=\"https:\/\/soymigrante.com\/revista\/wp-content\/uploads\/2025\/05\/jade-mercado-nahuala-1024x423.png 1024w, https:\/\/soymigrante.com\/revista\/wp-content\/uploads\/2025\/05\/jade-mercado-nahuala-300x124.png 300w, https:\/\/soymigrante.com\/revista\/wp-content\/uploads\/2025\/05\/jade-mercado-nahuala-768x317.png 768w, https:\/\/soymigrante.com\/revista\/wp-content\/uploads\/2025\/05\/jade-mercado-nahuala-1536x635.png 1536w, https:\/\/soymigrante.com\/revista\/wp-content\/uploads\/2025\/05\/jade-mercado-nahuala-2048x846.png 2048w, https:\/\/soymigrante.com\/revista\/wp-content\/uploads\/2025\/05\/jade-mercado-nahuala-750x310.png 750w, https:\/\/soymigrante.com\/revista\/wp-content\/uploads\/2025\/05\/jade-mercado-nahuala-1140x471.png 1140w, https:\/\/soymigrante.com\/revista\/wp-content\/uploads\/2025\/05\/jade-mercado-nahuala.webp 1920w\" sizes=\"(max-width: 1024px) 100vw, 1024px\" \/>\t\t\t\t\t\t\t\t<\/a>\n\t\t\t\t\t\t\t\t\t\t\t<figcaption class=\"widget-image-caption wp-caption-text\">Bordados y tejidos tradicionales en productos artesanales de Jade, tienda en Guatemala que promueve la cultura y el arte en ropa y accesorios \u00fanicos y hechos a mano.<\/figcaption>\n\t\t\t\t\t\t\t\t\t\t<\/figure>\n\t\t\t\t\t\t\t\t\t<\/div>\n\t\t\t\t\t<\/div>\n\t\t\t\t<\/div>\n\t\t<div data-particle_enable=\"false\" data-particle-mobile-disabled=\"false\" class=\"elementor-element elementor-element-89cc968 e-flex e-con-boxed e-con e-parent\" data-id=\"89cc968\" data-element_type=\"container\" data-e-type=\"container\">\n\t\t\t\t\t<div class=\"e-con-inner\">\n\t\t\t\t<div class=\"elementor-element elementor-element-d5f28a0 elementor-widget elementor-widget-heading\" data-id=\"d5f28a0\" data-element_type=\"widget\" data-e-type=\"widget\" data-widget_type=\"heading.default\">\n\t\t\t\t\t<h3 class=\"elementor-heading-title elementor-size-default\">Tiempo de transformaci\u00f3n digital<\/h3>\t\t\t\t<\/div>\n\t\t\t\t\t<\/div>\n\t\t\t\t<\/div>\n\t\t<div data-particle_enable=\"false\" data-particle-mobile-disabled=\"false\" class=\"elementor-element elementor-element-9079b5e e-flex e-con-boxed e-con e-parent\" data-id=\"9079b5e\" data-element_type=\"container\" data-e-type=\"container\">\n\t\t\t\t\t<div class=\"e-con-inner\">\n\t\t\t\t<div class=\"elementor-element elementor-element-73840e9 elementor-widget elementor-widget-text-editor\" data-id=\"73840e9\" data-element_type=\"widget\" data-e-type=\"widget\" data-widget_type=\"text-editor.default\">\n\t\t\t\t\t\t\t\t\t<p>Jade ofrece actualmente bolsas de dama con detalles textiles, bordados y colores mayas, pero Delia espera pronto ofrecer otros productos que genera.\u00a0\u00a0<\/p>\n<p>&#8220;Decid\u00ed abrir Jade en MERCADO porque a diferencia de otras empresas de comercio electr\u00f3nico, tiene un enfoque cultural y humano&#8221;, expresa Delia. Esta identificaci\u00f3n fue clave. Aunque conoc\u00eda otras opciones en redes sociales, es MERCADO el que realmente hizo sentir como en casa: \u201cSent\u00ed que era una oportunidad de llevar mi emprendimiento a otro nivel, pero con alguien que entiende de d\u00f3nde venimos, que ese emprendedor y sabe de las necesidades de los comerciantes\u201d.<\/p>\n<p>Desde hace 13 a\u00f1os, Delia dirige la venta de artesan\u00eda Jade, donde distribuye productos textiles y artesan\u00edas elaboradas en <a href=\"https:\/\/soymigrante.com\/revista\/departamentos-de-guatemala-solola-tiene-un-corazon-de-agua-cristalina-entre-montanas\/\">Solol\u00e1<\/a> y Quich\u00e9. Aprendi\u00f3 a tejer, a comprar y vender junto a su mam\u00e1. En 2011, con el nacimiento de su primer hijo, Delia\u00a0 decidi\u00f3 independizarse y consolidar su propio camino como artesana y comerciante.<\/p>\t\t\t\t\t\t\t\t<\/div>\n\t\t\t\t\t<\/div>\n\t\t\t\t<\/div>\n\t\t<div data-particle_enable=\"false\" data-particle-mobile-disabled=\"false\" class=\"elementor-element elementor-element-d1bbf43 e-flex e-con-boxed e-con e-parent\" data-id=\"d1bbf43\" data-element_type=\"container\" data-e-type=\"container\">\n\t\t\t\t\t<div class=\"e-con-inner\">\n\t\t\t\t<div class=\"elementor-element elementor-element-3eb44fc elementor-arrows-position-inside elementor-pagination-position-outside elementor-widget elementor-widget-image-carousel\" data-id=\"3eb44fc\" data-element_type=\"widget\" data-e-type=\"widget\" data-settings=\"{&quot;slides_to_show&quot;:&quot;1&quot;,&quot;navigation&quot;:&quot;both&quot;,&quot;autoplay&quot;:&quot;yes&quot;,&quot;pause_on_hover&quot;:&quot;yes&quot;,&quot;pause_on_interaction&quot;:&quot;yes&quot;,&quot;autoplay_speed&quot;:5000,&quot;infinite&quot;:&quot;yes&quot;,&quot;effect&quot;:&quot;slide&quot;,&quot;speed&quot;:500}\" data-widget_type=\"image-carousel.default\">\n\t\t\t\t\t\t\t<div class=\"elementor-image-carousel-wrapper swiper\" role=\"region\" aria-roledescription=\"carousel\" aria-label=\"Carrusel de im\u00e1genes\" dir=\"ltr\">\n\t\t\t<div class=\"elementor-image-carousel swiper-wrapper\" aria-live=\"off\">\n\t\t\t\t\t\t\t\t<div class=\"swiper-slide\" role=\"group\" aria-roledescription=\"slide\" aria-label=\"1 de 3\"><a data-elementor-open-lightbox=\"yes\" data-elementor-lightbox-slideshow=\"3eb44fc\" data-elementor-lightbox-title=\"Algunos modelos de las bolsas para dama con detalles de textiles mayas de Jade Nahual\u00e1\" data-elementor-lightbox-description=\"Este bolso artesanal presenta un vibrante dise\u00f1o de bordado en tonos rosas, azules y verdes, combinando piel sint\u00e9tica y tela tejida con patr\u00f3n geom\u00e9trico, reflejando la riqueza cultural de M\u00e9xico en accesorios \u00fanicos para moda y uso diario.\" data-e-action-hash=\"#elementor-action%3Aaction%3Dlightbox%26settings%3DeyJpZCI6MzI2NDYsInVybCI6Imh0dHBzOlwvXC9zb3ltaWdyYW50ZS5jb21cL3JldmlzdGFcL3dwLWNvbnRlbnRcL3VwbG9hZHNcLzIwMjVcLzA1XC8yMDI0MTIyOV8xMDUwNDctRGFsaWxhLVRhaGF5LXNjYWxlZC53ZWJwIiwic2xpZGVzaG93IjoiM2ViNDRmYyJ9\" href=\"https:\/\/soymigrante.com\/mercado\/marketplace\/seller\/profile\/jade\"><figure class=\"swiper-slide-inner\"><img decoding=\"async\" class=\"swiper-slide-image\" src=\"https:\/\/soymigrante.com\/revista\/wp-content\/uploads\/2025\/05\/20241229_105047-Dalila-Tahay-1024x768.jpg\" alt=\"Colorido bolso con bordado tradicional mexicano, artesan\u00eda y cultura ind\u00edgena, ideal para viaje o uso diario, fabricado en piel sint\u00e9tica y tela tejida con dise\u00f1o tribal.\" \/><figcaption class=\"elementor-image-carousel-caption\">Bolsos \u00e9tnicos mexicanos, artesan\u00eda colorida, accesorios tradicionales, moda ind\u00edgena y cultura en accesorios de moda.<\/figcaption><\/figure><\/a><\/div><div class=\"swiper-slide\" role=\"group\" aria-roledescription=\"slide\" aria-label=\"2 de 3\"><a data-elementor-open-lightbox=\"yes\" data-elementor-lightbox-slideshow=\"3eb44fc\" data-elementor-lightbox-title=\"Algunos modelos de las bolsas para dama con detalles de textiles mayas de Jade Nahual\u00e1\" data-elementor-lightbox-description=\"Imagen de bolso artesanal de bordado ind\u00edgena con colores vibrantes y dise\u00f1o geom\u00e9trico, promoviendo la cultura y el arte de las comunidades migrantes en la revista SoyMigrante.com REVISTA.\" data-e-action-hash=\"#elementor-action%3Aaction%3Dlightbox%26settings%3DeyJpZCI6MzI2NDMsInVybCI6Imh0dHBzOlwvXC9zb3ltaWdyYW50ZS5jb21cL3JldmlzdGFcL3dwLWNvbnRlbnRcL3VwbG9hZHNcLzIwMjVcLzA1XC8yMDI0MTIyOV8xMDQzMzItRGFsaWxhLVRhaGF5LTEtc2NhbGVkLndlYnAiLCJzbGlkZXNob3ciOiIzZWI0NGZjIn0%3D\" href=\"https:\/\/soymigrante.com\/mercado\/marketplace\/seller\/profile\/jade\"><figure class=\"swiper-slide-inner\"><img decoding=\"async\" class=\"swiper-slide-image\" src=\"https:\/\/soymigrante.com\/revista\/wp-content\/uploads\/2025\/05\/20241229_104332-Dalila-Tahay-1-1024x768.jpg\" alt=\"Colch\u00f3n de tela tejida a mano con bordados coloridos en patr\u00f3n tradicional ind\u00edgena, sobre fondo negro y bordes en cuero marr\u00f3n, exhibido en la revista SoyMigrante.com REVISTA.\" \/><figcaption class=\"elementor-image-carousel-caption\">Coloridos bordados tradicionales en una bolsa artesanal, representativos de la cultura ind\u00edgena en la comunidad migrante.<\/figcaption><\/figure><\/a><\/div><div class=\"swiper-slide\" role=\"group\" aria-roledescription=\"slide\" aria-label=\"3 de 3\"><a data-elementor-open-lightbox=\"yes\" data-elementor-lightbox-slideshow=\"3eb44fc\" data-elementor-lightbox-title=\"Algunos modelos de las bolsas para dama con detalles de textiles mayas de Jade Nahual\u00e1\" data-elementor-lightbox-description=\"Bolso artesanal con bordado colorido inspirado en la cultura mexicana, ideal como accesorio de moda bohemia y para quienes aprecian el arte y la tradici\u00f3n en accesorios. Laminado en cuero sint\u00e9tico con detalles \u00e9tnicos.\" data-e-action-hash=\"#elementor-action%3Aaction%3Dlightbox%26settings%3DeyJpZCI6MzI2NDIsInVybCI6Imh0dHBzOlwvXC9zb3ltaWdyYW50ZS5jb21cL3JldmlzdGFcL3dwLWNvbnRlbnRcL3VwbG9hZHNcLzIwMjVcLzA1XC9QYXJhLXByb2R1Y3Rvcy0yMDI1LTAxLTE2VDE3MTU0OTI0My0xLndlYnAiLCJzbGlkZXNob3ciOiIzZWI0NGZjIn0%3D\" href=\"https:\/\/soymigrante.com\/mercado\/marketplace\/seller\/profile\/jade\"><figure class=\"swiper-slide-inner\"><img decoding=\"async\" class=\"swiper-slide-image\" src=\"https:\/\/soymigrante.com\/revista\/wp-content\/uploads\/2025\/05\/Para-productos-2025-01-16T171549243-1.webp\" alt=\"Bolso con bordado colorido estilo tradicional mexicano, accesorio \u00fanico y artesanal.\" \/><figcaption class=\"elementor-image-carousel-caption\">Bolso vibrante con bordado tradicional mexicano, perfecto para estilo bohemio y artesanal. Dise\u00f1o \u00fanico y colorido que refleja la rica cultura mexicana en accesorios de moda.<\/figcaption><\/figure><\/a><\/div>\t\t\t<\/div>\n\t\t\t\t\t\t\t\t\t\t\t\t<div class=\"elementor-swiper-button elementor-swiper-button-prev\" role=\"button\" tabindex=\"0\">\n\t\t\t\t\t\t<i aria-hidden=\"true\" class=\"eicon-chevron-left\"><\/i>\t\t\t\t\t<\/div>\n\t\t\t\t\t<div class=\"elementor-swiper-button elementor-swiper-button-next\" role=\"button\" tabindex=\"0\">\n\t\t\t\t\t\t<i aria-hidden=\"true\" class=\"eicon-chevron-right\"><\/i>\t\t\t\t\t<\/div>\n\t\t\t\t\n\t\t\t\t\t\t\t\t\t<div class=\"swiper-pagination\"><\/div>\n\t\t\t\t\t\t\t\t\t<\/div>\n\t\t\t\t\t\t<\/div>\n\t\t\t\t\t<\/div>\n\t\t\t\t<\/div>\n\t\t<div data-particle_enable=\"false\" data-particle-mobile-disabled=\"false\" class=\"elementor-element elementor-element-ae190c7 e-flex e-con-boxed e-con e-parent\" data-id=\"ae190c7\" data-element_type=\"container\" data-e-type=\"container\">\n\t\t\t\t\t<div class=\"e-con-inner\">\n\t\t\t\t<div class=\"elementor-element elementor-element-7691185 elementor-widget elementor-widget-heading\" data-id=\"7691185\" data-element_type=\"widget\" data-e-type=\"widget\" data-widget_type=\"heading.default\">\n\t\t\t\t\t<h3 class=\"elementor-heading-title elementor-size-default\">Valor real del trabajo textil aut\u00e9ntico<\/h3>\t\t\t\t<\/div>\n\t\t\t\t\t<\/div>\n\t\t\t\t<\/div>\n\t\t<div data-particle_enable=\"false\" data-particle-mobile-disabled=\"false\" class=\"elementor-element elementor-element-9485e1d e-flex e-con-boxed e-con e-parent\" data-id=\"9485e1d\" data-element_type=\"container\" data-e-type=\"container\">\n\t\t\t\t\t<div class=\"e-con-inner\">\n\t\t\t\t<div class=\"elementor-element elementor-element-a1209b5 elementor-widget elementor-widget-text-editor\" data-id=\"a1209b5\" data-element_type=\"widget\" data-e-type=\"widget\" data-widget_type=\"text-editor.default\">\n\t\t\t\t\t\t\t\t\t<p>Sus creaciones incluyen trajes t\u00edpicos, bolsos, calzado y joyer\u00eda, elaborados\u00a0 \u00a0a mano, con t\u00e9cnicas ancestrales como el tejido en telar de cintura. Este proceso puede tomar desde varios d\u00edas hasta semanas. Por ejemplo, su esposo dedica un d\u00eda completo a tejer la tela para un corte, y ella puede tardar entre 10 y 15 d\u00edas en terminarlo, dependiendo de la complejidad. &#8220;Es all\u00ed donde entra la valoraci\u00f3n y el car\u00e1cter \u00fanico de cada producto&#8221;, explica.<\/p>\n<p>Pero la producci\u00f3n tambi\u00e9n es colaborativa y comunitaria. Delia ha tejido una red de artesanos: hombres y mujeres\u00a0 que participan en distintas fases del trabajo. Muchos son de su comunidad, Nahual\u00e1, pero tambi\u00e9n ha integrado familias de otros lugares como Zacualpa, en Quich\u00e9, donde los ni\u00f1os comienzan aprendiendo a tejer peque\u00f1as fajas en su tiempo libre.<\/p>\n<p>\u00a0<\/p>\n<p>M\u00e1s all\u00e1 de producir, Delia tambi\u00e9n educa. Enfrenta con paciencia el desconocimiento de quienes regatean sin entender el esfuerzo que hay detr\u00e1s de cada pieza: \u201cNo me molesta. Es gente que no sabe. Entonces les explico el proceso, y se sorprenden\u201d. Para ella, es una forma de defender el valor del trabajo artesanal sin confrontaci\u00f3n, sino con di\u00e1logo.<\/p>\t\t\t\t\t\t\t\t<\/div>\n\t\t\t\t\t<\/div>\n\t\t\t\t<\/div>\n\t\t<div data-particle_enable=\"false\" data-particle-mobile-disabled=\"false\" class=\"elementor-element elementor-element-0a2d96b e-flex e-con-boxed e-con e-parent\" data-id=\"0a2d96b\" data-element_type=\"container\" data-e-type=\"container\">\n\t\t\t\t\t<div class=\"e-con-inner\">\n\t\t\t\t<div class=\"elementor-element elementor-element-68cf4d8 elementor-widget elementor-widget-image\" data-id=\"68cf4d8\" data-element_type=\"widget\" data-e-type=\"widget\" data-widget_type=\"image.default\">\n\t\t\t\t\t\t\t\t\t\t\t\t<figure class=\"wp-caption\">\n\t\t\t\t\t\t\t\t\t\t<img decoding=\"async\" width=\"1024\" height=\"579\" src=\"https:\/\/soymigrante.com\/revista\/wp-content\/uploads\/2025\/05\/manos-de-una-tejedora-maya-de-guatemala-trabajando-en-telar-de-cintura-tradicional-1024x579.jpg\" class=\"attachment-large size-large wp-image-32647\" alt=\"Bajada de archivos de tejidos tradicionales de Guatemala en un taller artesanal. Mujer ind\u00edgena tejiendo con hilos de colores vibrantes en un ambiente cultural y vibrante.\" srcset=\"https:\/\/soymigrante.com\/revista\/wp-content\/uploads\/2025\/05\/manos-de-una-tejedora-maya-de-guatemala-trabajando-en-telar-de-cintura-tradicional-1024x579.jpg 1024w, https:\/\/soymigrante.com\/revista\/wp-content\/uploads\/2025\/05\/manos-de-una-tejedora-maya-de-guatemala-trabajando-en-telar-de-cintura-tradicional-300x170.jpg 300w, https:\/\/soymigrante.com\/revista\/wp-content\/uploads\/2025\/05\/manos-de-una-tejedora-maya-de-guatemala-trabajando-en-telar-de-cintura-tradicional-768x434.jpg 768w, https:\/\/soymigrante.com\/revista\/wp-content\/uploads\/2025\/05\/manos-de-una-tejedora-maya-de-guatemala-trabajando-en-telar-de-cintura-tradicional-1536x868.jpg 1536w, https:\/\/soymigrante.com\/revista\/wp-content\/uploads\/2025\/05\/manos-de-una-tejedora-maya-de-guatemala-trabajando-en-telar-de-cintura-tradicional-2048x1158.jpg 2048w, https:\/\/soymigrante.com\/revista\/wp-content\/uploads\/2025\/05\/manos-de-una-tejedora-maya-de-guatemala-trabajando-en-telar-de-cintura-tradicional-750x424.webp 750w, https:\/\/soymigrante.com\/revista\/wp-content\/uploads\/2025\/05\/manos-de-una-tejedora-maya-de-guatemala-trabajando-en-telar-de-cintura-tradicional-1140x644.webp 1140w, https:\/\/soymigrante.com\/revista\/wp-content\/uploads\/2025\/05\/manos-de-una-tejedora-maya-de-guatemala-trabajando-en-telar-de-cintura-tradicional-scaled.webp 1920w\" sizes=\"(max-width: 1024px) 100vw, 1024px\" \/>\t\t\t\t\t\t\t\t\t\t\t<figcaption class=\"widget-image-caption wp-caption-text\">Mujer ind\u00edgena tejiendo textiles tradicionales en un taller artesanal con tejidos coloridos, resaltando la cultura y las t\u00e9cnicas ancestrales en la elaboraci\u00f3n de tejidos en Guatemala.<\/figcaption>\n\t\t\t\t\t\t\t\t\t\t<\/figure>\n\t\t\t\t\t\t\t\t\t<\/div>\n\t\t\t\t\t<\/div>\n\t\t\t\t<\/div>\n\t\t<div data-particle_enable=\"false\" data-particle-mobile-disabled=\"false\" class=\"elementor-element elementor-element-3f83a1c e-flex e-con-boxed e-con e-parent\" data-id=\"3f83a1c\" data-element_type=\"container\" data-e-type=\"container\">\n\t\t\t\t\t<div class=\"e-con-inner\">\n\t\t\t\t<div class=\"elementor-element elementor-element-e85d75a elementor-widget elementor-widget-heading\" data-id=\"e85d75a\" data-element_type=\"widget\" data-e-type=\"widget\" data-widget_type=\"heading.default\">\n\t\t\t\t\t<h3 class=\"elementor-heading-title elementor-size-default\">M\u00e1s que mercanc\u00edas: testimonios culturales<\/h3>\t\t\t\t<\/div>\n\t\t\t\t\t<\/div>\n\t\t\t\t<\/div>\n\t\t<div data-particle_enable=\"false\" data-particle-mobile-disabled=\"false\" class=\"elementor-element elementor-element-91486d9 e-flex e-con-boxed e-con e-parent\" data-id=\"91486d9\" data-element_type=\"container\" data-e-type=\"container\">\n\t\t\t\t\t<div class=\"e-con-inner\">\n\t\t\t\t<div class=\"elementor-element elementor-element-9a7925f elementor-widget elementor-widget-text-editor\" data-id=\"9a7925f\" data-element_type=\"widget\" data-e-type=\"widget\" data-widget_type=\"text-editor.default\">\n\t\t\t\t\t\t\t\t\t<p>Los textiles tradicionales no solo son su sustento, sino tambi\u00e9n su legado. Delia conserva prendas tradicionales de su infancia sirven como modelo para futuras creaciones. &#8220;Los dise\u00f1os \u2014pajaritos, figuras humanas, caballos\u2014 son seleccionados seg\u00fan el gusto de los clientes, pero tambi\u00e9n responden a la memoria familiar, a los retazos heredados de abuelas y madres que cortan y reparten fragmentos de bordados para que sus hijas los reproduzcan&#8221;, cuenta.<\/p>\n<p>\u00a0<\/p>\n<p>Delia es enfermera de profesi\u00f3n pero su vocaci\u00f3n ha sido siempre el tejido. Las oportunidades laborales en su \u00e1rea la obligaban a trabajar lejos de casa, incluso en la frontera con M\u00e9xico. Por eso, decidi\u00f3 quedarse en su comunidad y apostar por el emprendimiento textil: \u201cEsto ha sostenido a mi familia desde siempre\u201d, afirma con convicci\u00f3n.<\/p>\n<p>\u00a0<\/p>\n<p>Hoy, con su tienda en SoyMigrante.com MERCADO, Delia demuestra que la tradici\u00f3n y la tecnolog\u00eda se complementan. Desde su hogar en el altiplano guatemalteco, conecta su historia con el mundo, dando visibilidad a una cultura que, aunque muchas veces invisibilizada, sigue viva en cada hilo que entrelaza.\u00a0<\/p>\t\t\t\t\t\t\t\t<\/div>\n\t\t\t\t\t<\/div>\n\t\t\t\t<\/div>\n\t\t<div data-particle_enable=\"false\" data-particle-mobile-disabled=\"false\" class=\"elementor-element elementor-element-d5e36b4 e-flex e-con-boxed e-con e-parent\" data-id=\"d5e36b4\" data-element_type=\"container\" data-e-type=\"container\">\n\t\t\t\t\t<div class=\"e-con-inner\">\n\t\t\t\t<div class=\"elementor-element elementor-element-073e823 elementor-widget elementor-widget-heading\" data-id=\"073e823\" data-element_type=\"widget\" data-e-type=\"widget\" data-widget_type=\"heading.default\">\n\t\t\t\t\t<h2 class=\"elementor-heading-title elementor-size-default\">Ingenio, creatividad y excelencia de emprendedores guatemaltecos en MERCADO<\/h2>\t\t\t\t<\/div>\n\t\t\t\t\t<\/div>\n\t\t\t\t<\/div>\n\t\t<div data-particle_enable=\"false\" data-particle-mobile-disabled=\"false\" class=\"elementor-element elementor-element-86ecfa2 e-flex e-con-boxed e-con e-parent\" data-id=\"86ecfa2\" data-element_type=\"container\" data-e-type=\"container\">\n\t\t\t\t\t<div class=\"e-con-inner\">\n\t\t\t\t<div class=\"elementor-element elementor-element-c0d8fc0 elementor-grid-eael-col-3 elementor-grid-tablet-eael-col-2 elementor-grid-mobile-eael-col-1 elementor-widget elementor-widget-eael-post-grid\" data-id=\"c0d8fc0\" data-element_type=\"widget\" data-e-type=\"widget\" data-settings=\"{&quot;eael_post_grid_columns&quot;:&quot;eael-col-3&quot;,&quot;eael_post_grid_columns_tablet&quot;:&quot;eael-col-2&quot;,&quot;eael_post_grid_columns_mobile&quot;:&quot;eael-col-1&quot;}\" data-widget_type=\"eael-post-grid.default\">\n\t\t\t\t\t<div id=\"eael-post-grid-c0d8fc0\" class=\"eael-post-grid-container\">\n            <div class=\"eael-post-grid eael-post-appender eael-post-appender-c0d8fc0 eael-post-grid-style-one\" data-layout-mode=\"masonry\"><article class=\"eael-grid-post  eael-post-grid-column eael-pg-post-55287 category-bienestar tags-mercado-emprendedores\" data-id=\"55287\">\n        <div class=\"eael-grid-post-holder\">\n            <div class=\"eael-grid-post-holder-inner\"><div class=\"eael-entry-media\"><div class=\"eael-entry-overlay fade-in\"><i class=\"far fa-hand-pointer\" aria-hidden=\"true\"><\/i><a href=\"https:\/\/soymigrante.com\/revista\/estrategias-para-fidelizar-clientes-pequenas-acciones-que-te-ayudaran-en-el-comercio-digital\/\"><\/a><\/div><div class=\"eael-entry-thumbnail \">\n                <img decoding=\"async\" width=\"1024\" height=\"1024\" src=\"https:\/\/soymigrante.com\/revista\/wp-content\/uploads\/2026\/04\/vendedora-soymigrantecom-emprendimiento-emprendedora-comercio-digital.png\" class=\"attachment-large size-large wp-image-55288\" alt=\"Woman in a colorful patterned dress unpacks a gift box with a tied paper wrapping and a handwritten note reading &#039;\u00a1Gracias por apoyar mi sue\u00f1o!&#039; in a craft shop with shelves and plants behind her.\" srcset=\"https:\/\/soymigrante.com\/revista\/wp-content\/uploads\/2026\/04\/vendedora-soymigrantecom-emprendimiento-emprendedora-comercio-digital.png 1024w, https:\/\/soymigrante.com\/revista\/wp-content\/uploads\/2026\/04\/vendedora-soymigrantecom-emprendimiento-emprendedora-comercio-digital-300x300.png 300w, https:\/\/soymigrante.com\/revista\/wp-content\/uploads\/2026\/04\/vendedora-soymigrantecom-emprendimiento-emprendedora-comercio-digital-150x150.png 150w, https:\/\/soymigrante.com\/revista\/wp-content\/uploads\/2026\/04\/vendedora-soymigrantecom-emprendimiento-emprendedora-comercio-digital-768x768.png 768w, https:\/\/soymigrante.com\/revista\/wp-content\/uploads\/2026\/04\/vendedora-soymigrantecom-emprendimiento-emprendedora-comercio-digital-75x75.png 75w, https:\/\/soymigrante.com\/revista\/wp-content\/uploads\/2026\/04\/vendedora-soymigrantecom-emprendimiento-emprendedora-comercio-digital-750x750.png 750w\" sizes=\"(max-width: 1024px) 100vw, 1024px\" \/>\n            <\/div>\n        <\/div><div class=\"eael-entry-wrapper\"><header class=\"eael-entry-header\"><h2 class=\"eael-entry-title\"><a class=\"eael-grid-post-link\" href=\"https:\/\/soymigrante.com\/revista\/estrategias-para-fidelizar-clientes-pequenas-acciones-que-te-ayudaran-en-el-comercio-digital\/\" title=\"Estrategias para fidelizar clientes: peque\u00f1as acciones que te ayudar\u00e1n en el comercio digital\">Estrategias para fidelizar clientes: peque\u00f1as acciones que te ayudar\u00e1n en el comercio digital<\/a><\/h2><\/header><div class=\"eael-entry-content\">\n                        <div class=\"eael-grid-post-excerpt\"><a href=\"https:\/\/soymigrante.com\/revista\/estrategias-para-fidelizar-clientes-pequenas-acciones-que-te-ayudaran-en-el-comercio-digital\/\" class=\"eael-post-elements-readmore-btn\">CONOCE SU HISTORIA <\/a><\/div>\n                    <\/div><\/div><\/div>\n        <\/div>\n    <\/article><article class=\"eael-grid-post  eael-post-grid-column eael-pg-post-55228 category-guate-nuestra tags-mercado-emprendedores\" data-id=\"55228\">\n        <div class=\"eael-grid-post-holder\">\n            <div class=\"eael-grid-post-holder-inner\"><div class=\"eael-entry-media\"><div class=\"eael-entry-overlay fade-in\"><i class=\"far fa-hand-pointer\" aria-hidden=\"true\"><\/i><a href=\"https:\/\/soymigrante.com\/revista\/libros-guatemaltecos-dia-internacional-del-libro-festeja-inspirate-mercado\/\"><\/a><\/div><div class=\"eael-entry-thumbnail \">\n                <img loading=\"lazy\" decoding=\"async\" width=\"1024\" height=\"1024\" src=\"https:\/\/soymigrante.com\/revista\/wp-content\/uploads\/2026\/04\/DIA-DEL-LIBRO-SOYMIGRANTE-MERCADO-1024x1024.png\" class=\"attachment-large size-large wp-image-55229\" alt=\"DIA DEL LIBRO SOYMIGRANTE MERCADO\" srcset=\"https:\/\/soymigrante.com\/revista\/wp-content\/uploads\/2026\/04\/DIA-DEL-LIBRO-SOYMIGRANTE-MERCADO-1024x1024.png 1024w, https:\/\/soymigrante.com\/revista\/wp-content\/uploads\/2026\/04\/DIA-DEL-LIBRO-SOYMIGRANTE-MERCADO-300x300.png 300w, https:\/\/soymigrante.com\/revista\/wp-content\/uploads\/2026\/04\/DIA-DEL-LIBRO-SOYMIGRANTE-MERCADO-150x150.png 150w, https:\/\/soymigrante.com\/revista\/wp-content\/uploads\/2026\/04\/DIA-DEL-LIBRO-SOYMIGRANTE-MERCADO-768x768.png 768w, https:\/\/soymigrante.com\/revista\/wp-content\/uploads\/2026\/04\/DIA-DEL-LIBRO-SOYMIGRANTE-MERCADO-75x75.png 75w, https:\/\/soymigrante.com\/revista\/wp-content\/uploads\/2026\/04\/DIA-DEL-LIBRO-SOYMIGRANTE-MERCADO-750x750.png 750w, https:\/\/soymigrante.com\/revista\/wp-content\/uploads\/2026\/04\/DIA-DEL-LIBRO-SOYMIGRANTE-MERCADO-1140x1140.png 1140w, https:\/\/soymigrante.com\/revista\/wp-content\/uploads\/2026\/04\/DIA-DEL-LIBRO-SOYMIGRANTE-MERCADO.png 1200w\" sizes=\"(max-width: 1024px) 100vw, 1024px\" \/>\n            <\/div>\n        <\/div><div class=\"eael-entry-wrapper\"><header class=\"eael-entry-header\"><h2 class=\"eael-entry-title\"><a class=\"eael-grid-post-link\" href=\"https:\/\/soymigrante.com\/revista\/libros-guatemaltecos-dia-internacional-del-libro-festeja-inspirate-mercado\/\" title=\"Celebra el D\u00eda del Libro con inspiraci\u00f3n 100% guatemalteca: adquiere, disfruta u obsequia en MERCADO\">Celebra el D\u00eda del Libro con inspiraci\u00f3n 100% guatemalteca: adquiere, disfruta u obsequia en MERCADO<\/a><\/h2><\/header><div class=\"eael-entry-content\">\n                        <div class=\"eael-grid-post-excerpt\"><a href=\"https:\/\/soymigrante.com\/revista\/libros-guatemaltecos-dia-internacional-del-libro-festeja-inspirate-mercado\/\" class=\"eael-post-elements-readmore-btn\">CONOCE SU HISTORIA <\/a><\/div>\n                    <\/div><\/div><\/div>\n        <\/div>\n    <\/article><article class=\"eael-grid-post  eael-post-grid-column eael-pg-post-55055 category-guate-nuestra tags-mercado-emprendedores\" data-id=\"55055\">\n        <div class=\"eael-grid-post-holder\">\n            <div class=\"eael-grid-post-holder-inner\"><div class=\"eael-entry-media\"><div class=\"eael-entry-overlay fade-in\"><i class=\"far fa-hand-pointer\" aria-hidden=\"true\"><\/i><a href=\"https:\/\/soymigrante.com\/revista\/dia-mundial-del-emprendimiento-16-historias-llenas-de-trabajo-y-creatividad-presentes-en-mercado\/\"><\/a><\/div><div class=\"eael-entry-thumbnail \">\n                <img loading=\"lazy\" decoding=\"async\" width=\"1024\" height=\"1024\" src=\"https:\/\/soymigrante.com\/revista\/wp-content\/uploads\/2026\/04\/SOYMIGRANTECOM-MERCADO-DIA-MUNDIAL-DEL-EMPRENDEDOR.png\" class=\"attachment-large size-large wp-image-55056\" alt=\"SOYMIGRANTECOM MERCADO DIA MUNDIAL DEL EMPRENDEDOR\" srcset=\"https:\/\/soymigrante.com\/revista\/wp-content\/uploads\/2026\/04\/SOYMIGRANTECOM-MERCADO-DIA-MUNDIAL-DEL-EMPRENDEDOR.png 1024w, https:\/\/soymigrante.com\/revista\/wp-content\/uploads\/2026\/04\/SOYMIGRANTECOM-MERCADO-DIA-MUNDIAL-DEL-EMPRENDEDOR-300x300.png 300w, https:\/\/soymigrante.com\/revista\/wp-content\/uploads\/2026\/04\/SOYMIGRANTECOM-MERCADO-DIA-MUNDIAL-DEL-EMPRENDEDOR-150x150.png 150w, https:\/\/soymigrante.com\/revista\/wp-content\/uploads\/2026\/04\/SOYMIGRANTECOM-MERCADO-DIA-MUNDIAL-DEL-EMPRENDEDOR-768x768.png 768w, https:\/\/soymigrante.com\/revista\/wp-content\/uploads\/2026\/04\/SOYMIGRANTECOM-MERCADO-DIA-MUNDIAL-DEL-EMPRENDEDOR-75x75.png 75w, https:\/\/soymigrante.com\/revista\/wp-content\/uploads\/2026\/04\/SOYMIGRANTECOM-MERCADO-DIA-MUNDIAL-DEL-EMPRENDEDOR-750x750.png 750w\" sizes=\"(max-width: 1024px) 100vw, 1024px\" \/>\n            <\/div>\n        <\/div><div class=\"eael-entry-wrapper\"><header class=\"eael-entry-header\"><h2 class=\"eael-entry-title\"><a class=\"eael-grid-post-link\" href=\"https:\/\/soymigrante.com\/revista\/dia-mundial-del-emprendimiento-16-historias-llenas-de-trabajo-y-creatividad-presentes-en-mercado\/\" title=\"D\u00eda Mundial del Emprendimiento: 16 historias llenas de  trabajo y creatividad presentes en MERCADO\">D\u00eda Mundial del Emprendimiento: 16 historias llenas de  trabajo y creatividad presentes en MERCADO<\/a><\/h2><\/header><div class=\"eael-entry-content\">\n                        <div class=\"eael-grid-post-excerpt\"><a href=\"https:\/\/soymigrante.com\/revista\/dia-mundial-del-emprendimiento-16-historias-llenas-de-trabajo-y-creatividad-presentes-en-mercado\/\" class=\"eael-post-elements-readmore-btn\">CONOCE SU HISTORIA <\/a><\/div>\n                    <\/div><\/div><\/div>\n        <\/div>\n    <\/article><\/div>\n            <div class=\"clearfix\"><\/div>\n        <\/div>            <div class=\"eael-load-more-button-wrap eael-force-hide\">\n                <button class=\"eael-load-more-button\" id=\"eael-load-more-btn-c0d8fc0\" data-widget-id=\"c0d8fc0\" data-widget=\"c0d8fc0\" data-page-id=\"32599\" data-template=\"{&quot;dir&quot;:&quot;lite&quot;,&quot;file_name&quot;:&quot;one.php&quot;,&quot;name&quot;:&quot;Post-Grid&quot;}\" data-class=\"Essential_Addons_Elementor\\Elements\\Post_Grid\" data-layout=\"masonry\" data-page=\"1\" data-args=\"orderby=date&amp;order=desc&amp;ignore_sticky_posts=1&amp;post_status=publish&amp;posts_per_page=3&amp;offset=0&amp;post_type=post&amp;tax_query%5B0%5D%5Btaxonomy%5D=post_tag&amp;tax_query%5B0%5D%5Bfield%5D=term_id&amp;tax_query%5B0%5D%5Bterms%5D%5B0%5D=130&amp;tax_query%5Brelation%5D=AND\" data-max-page=\"35\">\n                    <span class=\"eael-btn-loader button__loader\"><\/span>\n                    <span class=\"eael_load_more_text\">Load More<\/span>\n                <\/button>\n            <\/div>\n            \t\t\t\t<\/div>\n\t\t\t\t\t<\/div>\n\t\t\t\t<\/div>\n\t\t\t\t<\/div>\n\t\t","protected":false},"excerpt":{"rendered":"<p>La madre y emprendedora Delia Tahay de Nahual\u00e1, Solol\u00e1, elabora y comercia textiles, pero tambi\u00e9n fortalece su comunidad y lleva al mundo la historia de generaciones de mujeres mayas artesanas. Su tienda digital Jade ya abri\u00f3 en SoyMigrante.com MERCADO. Delia Tahay, emprendedora y madre maya tzutujil de Nahual\u00e1, Solol\u00e1, decidi\u00f3 llevar&nbsp; la riqueza textil maya [&hellip;]<\/p>\n","protected":false},"author":7,"featured_media":32603,"comment_status":"open","ping_status":"open","sticky":false,"template":"","format":"standard","meta":{"_acf_changed":false,"_eb_attr":"","footnotes":""},"categories":[58],"tags":[130],"class_list":["post-32599","post","type-post","status-publish","format-standard","has-post-thumbnail","hentry","category-guate-nuestra","tag-mercado-emprendedores"],"acf":[],"aioseo_notices":[],"aioseo_head":"\n\t\t<!-- All in One SEO Pro 4.9.6.2 - aioseo.com -->\n\t<meta name=\"description\" content=\"SoyMigrante.com MERCADO es una plataforma abierta a todos los emprendedores y artesanos guatemaltecos. Estas son historias inspiradoras \u00a1Felicidades y adelante!\" \/>\n\t<meta name=\"robots\" content=\"max-snippet:-1, max-image-preview:large, max-video-preview:-1\" \/>\n\t<meta name=\"author\" content=\"SoyMigrante.com REVISTA\"\/>\n\t<link rel=\"canonical\" href=\"https:\/\/soymigrante.com\/revista\/dia-mundial-del-emprendimiento-16-historias-llenas-de-trabajo-y-creatividad-presentes-en-mercado\/\" \/>\n\t<meta name=\"generator\" content=\"All in One SEO Pro (AIOSEO) 4.9.6.2\" \/>\n\n\t\t<link rel=\"preconnect\" href=\"https:\/\/fonts.googleapis.com\" crossorigin>\n<link rel=\"preconnect\" href=\"https:\/\/fonts.gstatic.com\" crossorigin>\n\t\t<meta property=\"og:locale\" content=\"es_ES\" \/>\n\t\t<meta property=\"og:site_name\" content=\"SoyMigrante.com REVISTA \u2013 Nuestra misi\u00f3n es reconocer y dignificar al migrante.\" \/>\n\t\t<meta property=\"og:type\" content=\"article\" \/>\n\t\t<meta property=\"og:title\" content=\"Celebremos el D\u00eda Mundial del Emprendimiento apoy\u00e1ndolo\" \/>\n\t\t<meta property=\"og:description\" content=\"SoyMigrante.com MERCADO es una plataforma abierta a todos los emprendedores y artesanos guatemaltecos. Estas son historias inspiradoras \u00a1Felicidades y adelante!\" \/>\n\t\t<meta property=\"og:url\" content=\"https:\/\/soymigrante.com\/revista\/dia-mundial-del-emprendimiento-16-historias-llenas-de-trabajo-y-creatividad-presentes-en-mercado\/\" \/>\n\t\t<meta property=\"og:image\" content=\"https:\/\/soymigrante.com\/revista\/wp-content\/uploads\/2026\/04\/SOYMIGRANTECOM-MERCADO-DIA-MUNDIAL-DEL-EMPRENDEDOR.png\" \/>\n\t\t<meta property=\"og:image:secure_url\" content=\"https:\/\/soymigrante.com\/revista\/wp-content\/uploads\/2026\/04\/SOYMIGRANTECOM-MERCADO-DIA-MUNDIAL-DEL-EMPRENDEDOR.png\" \/>\n\t\t<meta property=\"og:image:width\" content=\"1024\" \/>\n\t\t<meta property=\"og:image:height\" content=\"1024\" \/>\n\t\t<meta property=\"article:published_time\" content=\"2026-04-16T17:15:21+00:00\" \/>\n\t\t<meta property=\"article:modified_time\" content=\"2026-04-16T17:32:59+00:00\" \/>\n\t\t<meta property=\"article:publisher\" content=\"https:\/\/www.facebook.com\/soymigrantecom\" \/>\n\t\t<meta name=\"twitter:card\" content=\"summary_large_image\" \/>\n\t\t<meta name=\"twitter:site\" content=\"@SoyMigrante_com\" \/>\n\t\t<meta name=\"twitter:title\" content=\"Celebremos el D\u00eda Mundial del Emprendimiento apoy\u00e1ndolo\" \/>\n\t\t<meta name=\"twitter:description\" content=\"SoyMigrante.com MERCADO es una plataforma abierta a todos los emprendedores y artesanos guatemaltecos. Estas son historias inspiradoras \u00a1Felicidades y adelante!\" \/>\n\t\t<meta name=\"twitter:creator\" content=\"@SoyMigrante_com\" \/>\n\t\t<meta name=\"twitter:image\" content=\"https:\/\/soymigrante.com\/revista\/wp-content\/uploads\/2026\/04\/SOYMIGRANTECOM-MERCADO-DIA-MUNDIAL-DEL-EMPRENDEDOR.png\" \/>\n\t\t<!-- All in One SEO Pro -->\r\n\t\t<title>Celebremos el D\u00eda Mundial del Emprendimiento apoy\u00e1ndolo<\/title>\n\n","aioseo_head_json":{"title":"Celebremos el D\u00eda Mundial del Emprendimiento apoy\u00e1ndolo","description":"SoyMigrante.com MERCADO es una plataforma abierta a todos los emprendedores y artesanos guatemaltecos. Estas son historias inspiradoras \u00a1Felicidades y adelante!","canonical_url":"https:\/\/soymigrante.com\/revista\/dia-mundial-del-emprendimiento-16-historias-llenas-de-trabajo-y-creatividad-presentes-en-mercado\/","robots":"max-snippet:-1, max-image-preview:large, max-video-preview:-1","keywords":"","webmasterTools":{"miscellaneous":"&lt;link rel=\"preconnect\" href=\"https:\/\/fonts.googleapis.com\" crossorigin&gt;\n&lt;link rel=\"preconnect\" href=\"https:\/\/fonts.gstatic.com\" crossorigin&gt;"},"schema":null,"og:locale":"es_ES","og:site_name":"SoyMigrante.com REVISTA \u2013 Nuestra misi\u00f3n es reconocer y dignificar al migrante.","og:type":"article","og:title":"Celebremos el D\u00eda Mundial del Emprendimiento apoy\u00e1ndolo","og:description":"SoyMigrante.com MERCADO es una plataforma abierta a todos los emprendedores y artesanos guatemaltecos. Estas son historias inspiradoras \u00a1Felicidades y adelante!","og:url":"https:\/\/soymigrante.com\/revista\/dia-mundial-del-emprendimiento-16-historias-llenas-de-trabajo-y-creatividad-presentes-en-mercado\/","og:image":"https:\/\/soymigrante.com\/revista\/wp-content\/uploads\/2026\/04\/SOYMIGRANTECOM-MERCADO-DIA-MUNDIAL-DEL-EMPRENDEDOR.png","og:image:secure_url":"https:\/\/soymigrante.com\/revista\/wp-content\/uploads\/2026\/04\/SOYMIGRANTECOM-MERCADO-DIA-MUNDIAL-DEL-EMPRENDEDOR.png","og:image:width":1024,"og:image:height":1024,"article:published_time":"2026-04-16T17:15:21+00:00","article:modified_time":"2026-04-16T17:32:59+00:00","article:publisher":"https:\/\/www.facebook.com\/soymigrantecom","twitter:card":"summary_large_image","twitter:site":"@SoyMigrante_com","twitter:title":"Celebremos el D\u00eda Mundial del Emprendimiento apoy\u00e1ndolo","twitter:description":"SoyMigrante.com MERCADO es una plataforma abierta a todos los emprendedores y artesanos guatemaltecos. Estas son historias inspiradoras \u00a1Felicidades y adelante!","twitter:creator":"@SoyMigrante_com","twitter:image":"https:\/\/soymigrante.com\/revista\/wp-content\/uploads\/2026\/04\/SOYMIGRANTECOM-MERCADO-DIA-MUNDIAL-DEL-EMPRENDEDOR.png"},"aioseo_meta_data":{"post_id":"32599","title":"Jade: Artesan\u00eda viva en Nahual\u00e1 disponible en l\u00ednea","description":"Desde Nahual\u00e1, Delia Tahay conecta tradici\u00f3n maya y comercio digital con tejidos a mano y una red de artesanos comunitarios. Abri\u00f3 su tienda digital en MERCADO","keywords":null,"keyphrases":{"focus":{"keyphrase":"tEJIDOS","score":68,"analysis":{"keyphraseInTitle":{"score":3,"maxScore":9,"error":1},"keyphraseInDescription":{"score":9,"maxScore":9,"error":0},"keyphraseLength":{"score":9,"maxScore":9,"error":0,"length":1},"keyphraseInURL":{"score":1,"maxScore":5,"error":1},"keyphraseInIntroduction":{"score":3,"maxScore":9,"error":1},"keyphraseInSubHeadings":[],"keyphraseInImageAlt":[],"keywordDensity":{"type":"best","score":9,"maxScore":9,"error":0}}},"additional":[{"keyphrase":"mercado","score":83,"analysis":{"keyphraseInDescription":{"score":9,"maxScore":9,"error":0},"keyphraseLength":{"score":9,"maxScore":9,"error":0,"length":1},"keyphraseInIntroduction":{"score":3,"maxScore":9,"error":1},"keyphraseInImageAlt":[],"keywordDensity":{"type":"best","score":9,"maxScore":9,"error":0}}},{"keyphrase":"Nahual\u00e1","score":83,"analysis":{"keyphraseInDescription":{"score":9,"maxScore":9,"error":0},"keyphraseLength":{"score":9,"maxScore":9,"error":0,"length":1},"keyphraseInIntroduction":{"score":3,"maxScore":9,"error":1},"keyphraseInImageAlt":[],"keywordDensity":{"type":"best","score":9,"maxScore":9,"error":0}}},{"keyphrase":"Artesan\u00eda","score":67,"analysis":{"keyphraseInDescription":{"score":3,"maxScore":9,"error":1},"keyphraseLength":{"score":9,"maxScore":9,"error":0,"length":2},"keyphraseInIntroduction":{"score":3,"maxScore":9,"error":1},"keyphraseInImageAlt":[],"keywordDensity":{"type":"best","score":9,"maxScore":9,"error":0}}}]},"primary_term":null,"canonical_url":null,"og_title":null,"og_description":null,"og_object_type":"default","og_image_type":"default","og_image_url":null,"og_image_width":null,"og_image_height":null,"og_image_custom_url":null,"og_image_custom_fields":null,"og_video":"","og_custom_url":null,"og_article_section":null,"og_article_tags":null,"twitter_use_og":false,"twitter_card":"default","twitter_image_type":"default","twitter_image_url":null,"twitter_image_custom_url":null,"twitter_image_custom_fields":null,"twitter_title":null,"twitter_description":null,"schema":{"blockGraphs":[],"customGraphs":[],"default":{"data":{"Article":[],"Course":[],"Dataset":[],"FAQPage":[],"Movie":[],"Person":[],"Product":[],"ProductReview":[],"Car":[],"Recipe":[],"Service":[],"SoftwareApplication":[],"WebPage":[]},"graphName":"none","isEnabled":true},"graphs":[]},"schema_type":"default","schema_type_options":null,"pillar_content":false,"robots_default":true,"robots_noindex":false,"robots_noarchive":false,"robots_nosnippet":false,"robots_nofollow":false,"robots_noimageindex":false,"robots_noodp":false,"robots_notranslate":false,"robots_max_snippet":"-1","robots_max_videopreview":"-1","robots_max_imagepreview":"large","priority":null,"frequency":"default","local_seo":null,"seo_analyzer_scan_date":"2025-10-09 04:51:22","breadcrumb_settings":null,"limit_modified_date":false,"reviewed_by":null,"open_ai":"{\"title\":{\"suggestions\":[],\"usage\":0},\"description\":{\"suggestions\":[],\"usage\":0}}","ai":null,"created":"2025-05-05 19:34:47","updated":"2026-02-04 23:31:26"},"aioseo_breadcrumb":"<div class=\"aioseo-breadcrumbs\"><span class=\"aioseo-breadcrumb\">\n\t<a href=\"https:\/\/soymigrante.com\/revista\" title=\"Home\">Home<\/a>\n<\/span><span class=\"aioseo-breadcrumb-separator\">\u00bb<\/span><span class=\"aioseo-breadcrumb\">\n\t<a href=\"https:\/\/soymigrante.com\/revista\/category\/guate-nuestra\/\" title=\"Guate Nuestra\">Guate Nuestra<\/a>\n<\/span><span class=\"aioseo-breadcrumb-separator\">\u00bb<\/span><span class=\"aioseo-breadcrumb\">\n\tDelia Tahay teje un futuro desde Nahual\u00e1 con tienda digital Jade en MERCADO\n<\/span><\/div>","aioseo_breadcrumb_json":[{"label":"Home","link":"https:\/\/soymigrante.com\/revista"},{"label":"Guate Nuestra","link":"https:\/\/soymigrante.com\/revista\/category\/guate-nuestra\/"},{"label":"Delia Tahay teje un futuro desde Nahual\u00e1 con tienda digital Jade en MERCADO","link":"https:\/\/soymigrante.com\/revista\/delia-tahay-teje-un-futuro-desde-nahuala-con-tienda-digital-jade-en-mercado\/"}],"_links":{"self":[{"href":"https:\/\/soymigrante.com\/revista\/wp-json\/wp\/v2\/posts\/32599","targetHints":{"allow":["GET"]}}],"collection":[{"href":"https:\/\/soymigrante.com\/revista\/wp-json\/wp\/v2\/posts"}],"about":[{"href":"https:\/\/soymigrante.com\/revista\/wp-json\/wp\/v2\/types\/post"}],"author":[{"embeddable":true,"href":"https:\/\/soymigrante.com\/revista\/wp-json\/wp\/v2\/users\/7"}],"replies":[{"embeddable":true,"href":"https:\/\/soymigrante.com\/revista\/wp-json\/wp\/v2\/comments?post=32599"}],"version-history":[{"count":20,"href":"https:\/\/soymigrante.com\/revista\/wp-json\/wp\/v2\/posts\/32599\/revisions"}],"predecessor-version":[{"id":32663,"href":"https:\/\/soymigrante.com\/revista\/wp-json\/wp\/v2\/posts\/32599\/revisions\/32663"}],"wp:featuredmedia":[{"embeddable":true,"href":"https:\/\/soymigrante.com\/revista\/wp-json\/wp\/v2\/media\/32603"}],"wp:attachment":[{"href":"https:\/\/soymigrante.com\/revista\/wp-json\/wp\/v2\/media?parent=32599"}],"wp:term":[{"taxonomy":"category","embeddable":true,"href":"https:\/\/soymigrante.com\/revista\/wp-json\/wp\/v2\/categories?post=32599"},{"taxonomy":"post_tag","embeddable":true,"href":"https:\/\/soymigrante.com\/revista\/wp-json\/wp\/v2\/tags?post=32599"}],"curies":[{"name":"wp","href":"https:\/\/api.w.org\/{rel}","templated":true}]}}