{"id":32578,"date":"2025-05-07T07:57:58","date_gmt":"2025-05-07T13:57:58","guid":{"rendered":"https:\/\/soymigrante.com\/revista\/?p=32578"},"modified":"2025-07-31T10:27:05","modified_gmt":"2025-07-31T16:27:05","slug":"textil-arco-iris-12-mujeres-que-tejen-tradicion-y-estan-en-mercado","status":"publish","type":"post","link":"https:\/\/soymigrante.com\/revista\/textil-arco-iris-12-mujeres-que-tejen-tradicion-y-estan-en-mercado\/","title":{"rendered":"Textil Arco Iris: 12 tejedoras de tradici\u00f3n y colorido maya est\u00e1n en MERCADO"},"content":{"rendered":"\t\t<div data-elementor-type=\"wp-post\" data-elementor-id=\"32578\" class=\"elementor elementor-32578\" data-elementor-post-type=\"post\">\n\t\t\t\t<div data-particle_enable=\"false\" data-particle-mobile-disabled=\"false\" class=\"elementor-element elementor-element-f0efda6 e-flex e-con-boxed e-con e-parent\" data-id=\"f0efda6\" data-element_type=\"container\" data-e-type=\"container\">\n\t\t\t\t\t<div class=\"e-con-inner\">\n\t\t\t\t<div class=\"elementor-element elementor-element-f319679 elementor-widget elementor-widget-heading\" data-id=\"f319679\" data-element_type=\"widget\" data-e-type=\"widget\" data-widget_type=\"heading.default\">\n\t\t\t\t\t<h2 class=\"elementor-heading-title elementor-size-default\">Textil Arco Iris es un emprendimiento de 12 mujeres de San Juan La Laguna, a la orilla del lago de Atitl\u00e1n, en Solol\u00e1. Ellas  tejen con tradici\u00f3n y visi\u00f3n de futuro; ahora ellas tambi\u00e9n abrieron su tienda digital en SoyMigrante.com MERCADO. \n<\/h2>\t\t\t\t<\/div>\n\t\t\t\t<div class=\"elementor-element elementor-element-9222f18 elementor-widget elementor-widget-html\" data-id=\"9222f18\" data-element_type=\"widget\" data-e-type=\"widget\" data-widget_type=\"html.default\">\n\t\t\t\t\t<div id=\"buzzsprout-player-17119061\"><\/div><script src=\"https:\/\/www.buzzsprout.com\/2444168\/episodes\/17119061-emprendimiento-textil-arco-iris-de-san-juan-la-laguna-en-soymigrante-com-mercado.js?container_id=buzzsprout-player-17119061&player=small\" type=\"text\/javascript\" charset=\"utf-8\"><\/script>\t\t\t\t<\/div>\n\t\t\t\t\t<\/div>\n\t\t\t\t<\/div>\n\t\t<div data-particle_enable=\"false\" data-particle-mobile-disabled=\"false\" class=\"elementor-element elementor-element-783694c e-flex e-con-boxed e-con e-parent\" data-id=\"783694c\" data-element_type=\"container\" data-e-type=\"container\">\n\t\t\t\t\t<div class=\"e-con-inner\">\n\t\t\t\t<div class=\"elementor-element elementor-element-b7a32b5 elementor-widget elementor-widget-text-editor\" data-id=\"b7a32b5\" data-element_type=\"widget\" data-e-type=\"widget\" data-widget_type=\"text-editor.default\">\n\t\t\t\t\t\t\t\t\t<p>En las orillas del majestuoso lago de Atitl\u00e1n, en el pintoresco pueblo de San Juan La Laguna, un grupo de mujeres mayas ha encontrado una forma de mantener vivas sus ra\u00edces mientras construyen un futuro digno a trav\u00e9s del arte textil.<\/p><p>Se trata de <a href=\"https:\/\/soymigrante.com\/mercado\/marketplace\/seller\/profile\/textilarcoiris\" target=\"_blank\" rel=\"noopener\">Textil Arco Iris<\/a>, una marca creada por mujeres emprendedoras que, con hilos de algod\u00f3n, tintes naturales y mucha perseverancia, transforman antiguas tradiciones en un modelo moderno de trabajo colectivo y sostenible.<\/p>\t\t\t\t\t\t\t\t<\/div>\n\t\t\t\t\t<\/div>\n\t\t\t\t<\/div>\n\t\t<div data-particle_enable=\"false\" data-particle-mobile-disabled=\"false\" class=\"elementor-element elementor-element-5995e0b e-flex e-con-boxed e-con e-parent\" data-id=\"5995e0b\" data-element_type=\"container\" data-e-type=\"container\">\n\t\t\t\t\t<div class=\"e-con-inner\">\n\t\t\t\t<div class=\"elementor-element elementor-element-3a19e83 elementor-widget elementor-widget-text-editor\" data-id=\"3a19e83\" data-element_type=\"widget\" data-e-type=\"widget\" data-widget_type=\"text-editor.default\">\n\t\t\t\t\t\t\t\t\t<p>La tienda digital <a href=\"https:\/\/soymigrante.com\/mercado\/marketplace\/seller\/profile\/textilarcoiris\" target=\"_blank\" rel=\"noopener\">Textil Arco Iris<\/a>, de Luc\u00eda Yotz ya est\u00e1 abierta en <a href=\"https:\/\/soymigrante.com\/mercado\/\" target=\"_blank\" rel=\"noopener\">SoyMigrante.com MERCADO<\/a>, la comunidad en l\u00ednea creada para que emprendedores y compradores guatemaltecos se encuentren: un proyecto activo, proactivo e innovador para peque\u00f1os negocios y creadores de productos elaborados a mano, detr\u00e1s de las cuales siempre hay una historia. A trav\u00e9s de su tienda, puede ser admirada y adquirida a distancia, mediante la plataforma <a href=\"https:\/\/soymigrante.com\/mercado\/\" target=\"_blank\" rel=\"noopener\">MERCADO.<\/a><\/p>\t\t\t\t\t\t\t\t<\/div>\n\t\t\t\t\t<\/div>\n\t\t\t\t<\/div>\n\t\t<div data-particle_enable=\"false\" data-particle-mobile-disabled=\"false\" class=\"elementor-element elementor-element-d95093a e-flex e-con-boxed e-con e-parent\" data-id=\"d95093a\" data-element_type=\"container\" data-e-type=\"container\">\n\t\t\t\t\t<div class=\"e-con-inner\">\n\t\t\t\t<div class=\"elementor-element elementor-element-75ded61 elementor-widget elementor-widget-image\" data-id=\"75ded61\" data-element_type=\"widget\" data-e-type=\"widget\" data-widget_type=\"image.default\">\n\t\t\t\t\t\t\t\t\t\t\t\t<figure class=\"wp-caption\">\n\t\t\t\t\t\t\t\t\t\t\t<a href=\"https:\/\/soymigrante.com\/mercado\/marketplace\/seller\/profile\/textilarcoiris\">\n\t\t\t\t\t\t\t<img fetchpriority=\"high\" decoding=\"async\" width=\"768\" height=\"281\" src=\"https:\/\/soymigrante.com\/revista\/wp-content\/uploads\/2025\/05\/Textil-Arco-Iris-12-mujeres-que-tejen-tradicion-y-estan-en-MERCADO1-1024x375.png\" class=\"attachment-large size-large wp-image-32584\" alt=\"Artesan\u00edas textiles guatemaltecas en Textil Arco Iris, cultura y tradiciones, productos hechos a mano, moda ind\u00edgena, comercio justo, sustentabilidad, comunidad artesanal, textiles coloridos, cultura originaria.\" srcset=\"https:\/\/soymigrante.com\/revista\/wp-content\/uploads\/2025\/05\/Textil-Arco-Iris-12-mujeres-que-tejen-tradicion-y-estan-en-MERCADO1-1024x375.png 1024w, https:\/\/soymigrante.com\/revista\/wp-content\/uploads\/2025\/05\/Textil-Arco-Iris-12-mujeres-que-tejen-tradicion-y-estan-en-MERCADO1-300x110.png 300w, https:\/\/soymigrante.com\/revista\/wp-content\/uploads\/2025\/05\/Textil-Arco-Iris-12-mujeres-que-tejen-tradicion-y-estan-en-MERCADO1-768x281.png 768w, https:\/\/soymigrante.com\/revista\/wp-content\/uploads\/2025\/05\/Textil-Arco-Iris-12-mujeres-que-tejen-tradicion-y-estan-en-MERCADO1-1536x563.png 1536w, https:\/\/soymigrante.com\/revista\/wp-content\/uploads\/2025\/05\/Textil-Arco-Iris-12-mujeres-que-tejen-tradicion-y-estan-en-MERCADO1-750x275.png 750w, https:\/\/soymigrante.com\/revista\/wp-content\/uploads\/2025\/05\/Textil-Arco-Iris-12-mujeres-que-tejen-tradicion-y-estan-en-MERCADO1-1140x418.png 1140w, https:\/\/soymigrante.com\/revista\/wp-content\/uploads\/2025\/05\/Textil-Arco-Iris-12-mujeres-que-tejen-tradicion-y-estan-en-MERCADO1.webp 1883w\" sizes=\"(max-width: 768px) 100vw, 768px\" title=\"Textil Arco Iris 12 mujeres que tejen tradici\u00f3n y est\u00e1n en MERCADO1 \u2013 SoyMigrante.com REVISTA\" \/>\t\t\t\t\t\t\t\t<\/a>\n\t\t\t\t\t\t\t\t\t\t\t<figcaption class=\"widget-image-caption wp-caption-text\">Exposici\u00f3n de textiles tradicionales guatemaltecos en SoyMigrante.com revista, celebrando la cultura, moda y artesan\u00eda en un tour de textiles mayas y productos hechos a mano.<\/figcaption>\n\t\t\t\t\t\t\t\t\t\t<\/figure>\n\t\t\t\t\t\t\t\t\t<\/div>\n\t\t\t\t\t<\/div>\n\t\t\t\t<\/div>\n\t\t<div data-particle_enable=\"false\" data-particle-mobile-disabled=\"false\" class=\"elementor-element elementor-element-2e0f2a6 e-flex e-con-boxed e-con e-parent\" data-id=\"2e0f2a6\" data-element_type=\"container\" data-e-type=\"container\">\n\t\t\t\t\t<div class=\"e-con-inner\">\n\t\t\t\t<div class=\"elementor-element elementor-element-4e1251f elementor-widget elementor-widget-heading\" data-id=\"4e1251f\" data-element_type=\"widget\" data-e-type=\"widget\" data-widget_type=\"heading.default\">\n\t\t\t\t\t<h3 class=\"elementor-heading-title elementor-size-default\">Historia desde 2022 <\/h3>\t\t\t\t<\/div>\n\t\t\t\t\t<\/div>\n\t\t\t\t<\/div>\n\t\t<div data-particle_enable=\"false\" data-particle-mobile-disabled=\"false\" class=\"elementor-element elementor-element-c6cc49f e-flex e-con-boxed e-con e-parent\" data-id=\"c6cc49f\" data-element_type=\"container\" data-e-type=\"container\">\n\t\t\t\t\t<div class=\"e-con-inner\">\n\t\t\t\t<div class=\"elementor-element elementor-element-a7a04d0 elementor-widget elementor-widget-text-editor\" data-id=\"a7a04d0\" data-element_type=\"widget\" data-e-type=\"widget\" data-widget_type=\"text-editor.default\">\n\t\t\t\t\t\t\t\t\t<p>La historia de esta iniciativa se remonta al 12 de febrero de 2022, en pleno proceso de recuperaci\u00f3n econ\u00f3mica tras la pandemia de COVID-19. La fundadora original, Isabela Candelaria, hab\u00eda notado c\u00f3mo los productos artesanales que elaboraban eran revendidos en otros lugares por precios muy superiores a los que ellas recib\u00edan.<a href=\"https:\/\/soymigrante.com\/mercado\/marketplace\/seller\/profile\/textilarcoiris\" target=\"_blank\" rel=\"noopener\"> La desigualdad en el valor de su trabajo fue la chispa que encendi\u00f3 la idea de formar una empresa propia.<\/a><\/p><p>\u201c<em>Este negocio naci\u00f3 despu\u00e9s de pandemia, porque nosotras vend\u00edamos nuestros productos a otros lugares, pero nos pagaban poco y no ten\u00edamos lo suficiente para vivir<\/em>\u201d, comenta Luc\u00eda Yotz Ram\u00edrez, una de las l\u00edderes actuales del proyecto.<\/p>\t\t\t\t\t\t\t\t<\/div>\n\t\t\t\t\t<\/div>\n\t\t\t\t<\/div>\n\t\t<div data-particle_enable=\"false\" data-particle-mobile-disabled=\"false\" class=\"elementor-element elementor-element-3f68010 e-flex e-con-boxed e-con e-parent\" data-id=\"3f68010\" data-element_type=\"container\" data-e-type=\"container\">\n\t\t\t\t\t<div class=\"e-con-inner\">\n\t\t\t\t<div class=\"elementor-element elementor-element-1515b5c elementor-widget elementor-widget-image\" data-id=\"1515b5c\" data-element_type=\"widget\" data-e-type=\"widget\" data-widget_type=\"image.default\">\n\t\t\t\t\t\t\t\t\t\t\t\t<figure class=\"wp-caption\">\n\t\t\t\t\t\t\t\t\t\t\t<a href=\"https:\/\/soymigrante.com\/mercado\/marketplace\/seller\/profile\/textilarcoiris\">\n\t\t\t\t\t\t\t<img decoding=\"async\" width=\"768\" height=\"434\" src=\"https:\/\/soymigrante.com\/revista\/wp-content\/uploads\/2025\/05\/Textil-Arco-Iris-12-mujeres-que-tejen-tradicion-y-estan-en-MERCADO2-1024x579.png\" class=\"attachment-large size-large wp-image-32585\" alt=\"Vestido t\u00edpico semi c ri\u0301o colorido, artesan\u00eda tradicional mexicana, moda folcl\u00f3rica, ropa aut\u00f3ctona, cultura ind\u00edgena, prendas \u00fanicas hechas a mano.\" srcset=\"https:\/\/soymigrante.com\/revista\/wp-content\/uploads\/2025\/05\/Textil-Arco-Iris-12-mujeres-que-tejen-tradicion-y-estan-en-MERCADO2-1024x579.png 1024w, https:\/\/soymigrante.com\/revista\/wp-content\/uploads\/2025\/05\/Textil-Arco-Iris-12-mujeres-que-tejen-tradicion-y-estan-en-MERCADO2-300x170.png 300w, https:\/\/soymigrante.com\/revista\/wp-content\/uploads\/2025\/05\/Textil-Arco-Iris-12-mujeres-que-tejen-tradicion-y-estan-en-MERCADO2-768x434.png 768w, https:\/\/soymigrante.com\/revista\/wp-content\/uploads\/2025\/05\/Textil-Arco-Iris-12-mujeres-que-tejen-tradicion-y-estan-en-MERCADO2-750x424.webp 750w, https:\/\/soymigrante.com\/revista\/wp-content\/uploads\/2025\/05\/Textil-Arco-Iris-12-mujeres-que-tejen-tradicion-y-estan-en-MERCADO2-1140x644.webp 1140w, https:\/\/soymigrante.com\/revista\/wp-content\/uploads\/2025\/05\/Textil-Arco-Iris-12-mujeres-que-tejen-tradicion-y-estan-en-MERCADO2.webp 1520w\" sizes=\"(max-width: 768px) 100vw, 768px\" title=\"Textil Arco Iris 12 mujeres que tejen tradici\u00f3n y est\u00e1n en MERCADO2 \u2013 SoyMigrante.com REVISTA\" \/>\t\t\t\t\t\t\t\t<\/a>\n\t\t\t\t\t\t\t\t\t\t\t<figcaption class=\"widget-image-caption wp-caption-text\">Vestidos semi cri\u0301o de estilo tradicional con dise\u00f1os coloridos y estampados vibrantes, reflejando la riqueza cultural de M\u00e9xico y la artesan\u00eda de comunidades ind\u00edgenas.<\/figcaption>\n\t\t\t\t\t\t\t\t\t\t<\/figure>\n\t\t\t\t\t\t\t\t\t<\/div>\n\t\t\t\t\t<\/div>\n\t\t\t\t<\/div>\n\t\t<div data-particle_enable=\"false\" data-particle-mobile-disabled=\"false\" class=\"elementor-element elementor-element-44c4441 e-flex e-con-boxed e-con e-parent\" data-id=\"44c4441\" data-element_type=\"container\" data-e-type=\"container\">\n\t\t\t\t\t<div class=\"e-con-inner\">\n\t\t\t\t<div class=\"elementor-element elementor-element-04ecbe4 elementor-widget elementor-widget-text-editor\" data-id=\"04ecbe4\" data-element_type=\"widget\" data-e-type=\"widget\" data-widget_type=\"text-editor.default\">\n\t\t\t\t\t\t\t\t\t<p>Isabela, quien m\u00e1s tarde emigr\u00f3 a Estados Unidos en busca de nuevas oportunidades, dej\u00f3 sembrada una base s\u00f3lida: un espacio f\u00edsico, una red de compa\u00f1eras y una visi\u00f3n compartida. Desde octubre de 2022, el colectivo qued\u00f3 en manos de las otras 11 mujeres, encabezadas por Luc\u00eda, quienes han mantenido firme el prop\u00f3sito de dignificar su arte y sustento.<\/p>\t\t\t\t\t\t\t\t<\/div>\n\t\t\t\t\t<\/div>\n\t\t\t\t<\/div>\n\t\t<div data-particle_enable=\"false\" data-particle-mobile-disabled=\"false\" class=\"elementor-element elementor-element-1e40156 e-flex e-con-boxed e-con e-parent\" data-id=\"1e40156\" data-element_type=\"container\" data-e-type=\"container\">\n\t\t\t\t\t<div class=\"e-con-inner\">\n\t\t\t\t<div class=\"elementor-element elementor-element-49c643b elementor-widget elementor-widget-heading\" data-id=\"49c643b\" data-element_type=\"widget\" data-e-type=\"widget\" data-widget_type=\"heading.default\">\n\t\t\t\t\t<h3 class=\"elementor-heading-title elementor-size-default\">Tejer con el alma y con la tierra<\/h3>\t\t\t\t<\/div>\n\t\t\t\t\t<\/div>\n\t\t\t\t<\/div>\n\t\t<div data-particle_enable=\"false\" data-particle-mobile-disabled=\"false\" class=\"elementor-element elementor-element-a69c409 e-flex e-con-boxed e-con e-parent\" data-id=\"a69c409\" data-element_type=\"container\" data-e-type=\"container\">\n\t\t\t\t\t<div class=\"e-con-inner\">\n\t\t\t\t<div class=\"elementor-element elementor-element-c585c84 elementor-widget elementor-widget-text-editor\" data-id=\"c585c84\" data-element_type=\"widget\" data-e-type=\"widget\" data-widget_type=\"text-editor.default\">\n\t\t\t\t\t\t\t\t\t<p>Lo que distingue a <a href=\"https:\/\/soymigrante.com\/mercado\/marketplace\/seller\/profile\/textilarcoiris\" target=\"_blank\" rel=\"noopener\">Textil Arco Iris<\/a> no es solo su historia de empoderamiento femenino, sino tambi\u00e9n su t\u00e9cnica y compromiso ambiental. Estas mujeres elaboran sus telas con algod\u00f3n puro y las ti\u00f1en con flores y plantas aut\u00f3ctonas de la regi\u00f3n. El resultado: prendas coloridas, naturales y cargadas de simbolismo cultural.<\/p><p>\u201c<em>Usamos herramientas que utilizaban nuestros antepasados para hacer este proceso y que las prendas sean de calidad<\/em>\u201d, explica Luc\u00eda, mientras muestra una bufanda te\u00f1ida con flores de sacatinta. La tradici\u00f3n se entrelaza con cada hebra, y el conocimiento ancestral se mantiene vivo a trav\u00e9s del trabajo de sus manos.<\/p>\t\t\t\t\t\t\t\t<\/div>\n\t\t\t\t\t<\/div>\n\t\t\t\t<\/div>\n\t\t<div data-particle_enable=\"false\" data-particle-mobile-disabled=\"false\" class=\"elementor-element elementor-element-c5e6957 e-flex e-con-boxed e-con e-parent\" data-id=\"c5e6957\" data-element_type=\"container\" data-e-type=\"container\">\n\t\t\t\t\t<div class=\"e-con-inner\">\n\t\t\t\t<div class=\"elementor-element elementor-element-11fcae8 elementor-widget elementor-widget-image\" data-id=\"11fcae8\" data-element_type=\"widget\" data-e-type=\"widget\" data-widget_type=\"image.default\">\n\t\t\t\t\t\t\t\t\t\t\t\t<figure class=\"wp-caption\">\n\t\t\t\t\t\t\t\t\t\t\t<a href=\"https:\/\/soymigrante.com\/mercado\/marketplace\/seller\/profile\/textilarcoiris\">\n\t\t\t\t\t\t\t<img decoding=\"async\" width=\"768\" height=\"1024\" src=\"https:\/\/soymigrante.com\/revista\/wp-content\/uploads\/2025\/05\/Textil-Arco-Iris-12-mujeres-que-tejen-tradicion-y-estan-en-MERCADO2-768x1024.jpeg\" class=\"attachment-large size-large wp-image-32586\" alt=\"Mujer ind\u00edgena con bolso de tela artesanal en una tienda de textiles tradicionales, promoviendo cultura y comercio justo en un espacio de artesan\u00edas y productos culturales para migrantes.\" srcset=\"https:\/\/soymigrante.com\/revista\/wp-content\/uploads\/2025\/05\/Textil-Arco-Iris-12-mujeres-que-tejen-tradicion-y-estan-en-MERCADO2-768x1024.jpeg 768w, https:\/\/soymigrante.com\/revista\/wp-content\/uploads\/2025\/05\/Textil-Arco-Iris-12-mujeres-que-tejen-tradicion-y-estan-en-MERCADO2-225x300.jpeg 225w, https:\/\/soymigrante.com\/revista\/wp-content\/uploads\/2025\/05\/Textil-Arco-Iris-12-mujeres-que-tejen-tradicion-y-estan-en-MERCADO2-1152x1536.jpeg 1152w, https:\/\/soymigrante.com\/revista\/wp-content\/uploads\/2025\/05\/Textil-Arco-Iris-12-mujeres-que-tejen-tradicion-y-estan-en-MERCADO2-750x1000.jpeg 750w, https:\/\/soymigrante.com\/revista\/wp-content\/uploads\/2025\/05\/Textil-Arco-Iris-12-mujeres-que-tejen-tradicion-y-estan-en-MERCADO2-1140x1520.jpeg 1140w, https:\/\/soymigrante.com\/revista\/wp-content\/uploads\/2025\/05\/Textil-Arco-Iris-12-mujeres-que-tejen-tradicion-y-estan-en-MERCADO2.jpeg 1200w\" sizes=\"(max-width: 768px) 100vw, 768px\" title=\"Textil Arco Iris 12 mujeres que tejen tradici\u00f3n y est\u00e1n en MERCADO2 \u2013 SoyMigrante.com REVISTA\" \/>\t\t\t\t\t\t\t\t<\/a>\n\t\t\t\t\t\t\t\t\t\t\t<figcaption class=\"widget-image-caption wp-caption-text\">Mujer ind\u00edgena observando productos artesanales en un mercado de artesan\u00edas, destacando el oficio y la cultura mexicana.<\/figcaption>\n\t\t\t\t\t\t\t\t\t\t<\/figure>\n\t\t\t\t\t\t\t\t\t<\/div>\n\t\t\t\t\t<\/div>\n\t\t\t\t<\/div>\n\t\t<div data-particle_enable=\"false\" data-particle-mobile-disabled=\"false\" class=\"elementor-element elementor-element-760bcc7 e-flex e-con-boxed e-con e-parent\" data-id=\"760bcc7\" data-element_type=\"container\" data-e-type=\"container\">\n\t\t\t\t\t<div class=\"e-con-inner\">\n\t\t\t\t<div class=\"elementor-element elementor-element-185ccc5 elementor-widget elementor-widget-text-editor\" data-id=\"185ccc5\" data-element_type=\"widget\" data-e-type=\"widget\" data-widget_type=\"text-editor.default\">\n\t\t\t\t\t\t\t\t\t<p>Adem\u00e1s, el proceso es completamente artesanal. <a href=\"https:\/\/soymigrante.com\/mercado\/marketplace\/seller\/profile\/textilarcoiris\" target=\"_blank\" rel=\"noopener\">No se utiliza electricidad ni productos qu\u00edmicos, lo que convierte cada pieza en un producto respetuoso con el medio ambiente.<\/a> Este compromiso ha hecho que el emprendimiento tambi\u00e9n sea reconocido por su enfoque sostenible.<\/p>\t\t\t\t\t\t\t\t<\/div>\n\t\t\t\t\t<\/div>\n\t\t\t\t<\/div>\n\t\t<div data-particle_enable=\"false\" data-particle-mobile-disabled=\"false\" class=\"elementor-element elementor-element-3e1b828 e-flex e-con-boxed e-con e-parent\" data-id=\"3e1b828\" data-element_type=\"container\" data-e-type=\"container\">\n\t\t\t\t\t<div class=\"e-con-inner\">\n\t\t\t\t<div class=\"elementor-element elementor-element-ce4b552 elementor-widget elementor-widget-image\" data-id=\"ce4b552\" data-element_type=\"widget\" data-e-type=\"widget\" data-widget_type=\"image.default\">\n\t\t\t\t\t\t\t\t\t\t\t\t<figure class=\"wp-caption\">\n\t\t\t\t\t\t\t\t\t\t\t<a href=\"https:\/\/soymigrante.com\/mercado\/marketplace\/seller\/profile\/textilarcoiris\">\n\t\t\t\t\t\t\t<img loading=\"lazy\" decoding=\"async\" width=\"768\" height=\"1024\" src=\"https:\/\/soymigrante.com\/revista\/wp-content\/uploads\/2025\/05\/Textil-Arco-Iris-12-mujeres-que-tejen-tradicion-y-estan-en-MERCADO1-768x1024.jpeg\" class=\"attachment-large size-large wp-image-32589\" alt=\"Artesan\u00edas tradicionales de fibra tejida y bordada, incluyendo pulseras, bolsos y pelotas decorativas, exhibidas en una feria cultural.\" srcset=\"https:\/\/soymigrante.com\/revista\/wp-content\/uploads\/2025\/05\/Textil-Arco-Iris-12-mujeres-que-tejen-tradicion-y-estan-en-MERCADO1-768x1024.jpeg 768w, https:\/\/soymigrante.com\/revista\/wp-content\/uploads\/2025\/05\/Textil-Arco-Iris-12-mujeres-que-tejen-tradicion-y-estan-en-MERCADO1-225x300.jpeg 225w, https:\/\/soymigrante.com\/revista\/wp-content\/uploads\/2025\/05\/Textil-Arco-Iris-12-mujeres-que-tejen-tradicion-y-estan-en-MERCADO1-1152x1536.jpeg 1152w, https:\/\/soymigrante.com\/revista\/wp-content\/uploads\/2025\/05\/Textil-Arco-Iris-12-mujeres-que-tejen-tradicion-y-estan-en-MERCADO1-750x1000.jpeg 750w, https:\/\/soymigrante.com\/revista\/wp-content\/uploads\/2025\/05\/Textil-Arco-Iris-12-mujeres-que-tejen-tradicion-y-estan-en-MERCADO1-1140x1520.jpeg 1140w, https:\/\/soymigrante.com\/revista\/wp-content\/uploads\/2025\/05\/Textil-Arco-Iris-12-mujeres-que-tejen-tradicion-y-estan-en-MERCADO1.jpeg 1200w\" sizes=\"(max-width: 768px) 100vw, 768px\" title=\"Textil Arco Iris 12 mujeres que tejen tradici\u00f3n y est\u00e1n en MERCADO1 \u2013 SoyMigrante.com REVISTA\" \/>\t\t\t\t\t\t\t\t<\/a>\n\t\t\t\t\t\t\t\t\t\t\t<figcaption class=\"widget-image-caption wp-caption-text\">Coloridas artesan\u00edas texmex, como pulseras, bolsos y pelotas decorativas, hechas a mano con t\u00e9cnicas ancestrales mexicanas, en una feria cultural.<\/figcaption>\n\t\t\t\t\t\t\t\t\t\t<\/figure>\n\t\t\t\t\t\t\t\t\t<\/div>\n\t\t\t\t\t<\/div>\n\t\t\t\t<\/div>\n\t\t<div data-particle_enable=\"false\" data-particle-mobile-disabled=\"false\" class=\"elementor-element elementor-element-aad7487 e-flex e-con-boxed e-con e-parent\" data-id=\"aad7487\" data-element_type=\"container\" data-e-type=\"container\">\n\t\t\t\t\t<div class=\"e-con-inner\">\n\t\t\t\t<div class=\"elementor-element elementor-element-28658c5 elementor-widget elementor-widget-heading\" data-id=\"28658c5\" data-element_type=\"widget\" data-e-type=\"widget\" data-widget_type=\"heading.default\">\n\t\t\t\t\t<h3 class=\"elementor-heading-title elementor-size-default\">Tiempo, dedicaci\u00f3n y esfuerzo<\/h3>\t\t\t\t<\/div>\n\t\t\t\t\t<\/div>\n\t\t\t\t<\/div>\n\t\t<div data-particle_enable=\"false\" data-particle-mobile-disabled=\"false\" class=\"elementor-element elementor-element-58c2887 e-flex e-con-boxed e-con e-parent\" data-id=\"58c2887\" data-element_type=\"container\" data-e-type=\"container\">\n\t\t\t\t\t<div class=\"e-con-inner\">\n\t\t\t\t<div class=\"elementor-element elementor-element-810ea27 elementor-widget elementor-widget-text-editor\" data-id=\"810ea27\" data-element_type=\"widget\" data-e-type=\"widget\" data-widget_type=\"text-editor.default\">\n\t\t\t\t\t\t\t\t\t<p>No hay un tiempo est\u00e1ndar para terminar una prenda, ya que todo depende del tipo de producto. Una bufanda, por ejemplo, puede tardar hasta siete d\u00edas en completarse. Para Luc\u00eda y sus compa\u00f1eras, este trabajo va m\u00e1s all\u00e1 de una fuente de ingreso.<a href=\"https:\/\/soymigrante.com\/mercado\/marketplace\/seller\/profile\/textilarcoiris\" target=\"_blank\" rel=\"noopener\"> Es tambi\u00e9n una manera de expresar su identidad y cumplir con su rol de madres y cuidadoras.<\/a><\/p><p><em>\u201cEs una combinaci\u00f3n entre ser emprendedora y madre, porque tambi\u00e9n nosotras trabajamos desde casa. Yo le dedico unas seis horas al d\u00eda al trabajo<\/em>\u201d, comenta Luc\u00eda, quien se enorgullece de poder compartir su tiempo entre la familia y el taller.<\/p>\t\t\t\t\t\t\t\t<\/div>\n\t\t\t\t\t<\/div>\n\t\t\t\t<\/div>\n\t\t<div data-particle_enable=\"false\" data-particle-mobile-disabled=\"false\" class=\"elementor-element elementor-element-dfab2cf e-flex e-con-boxed e-con e-parent\" data-id=\"dfab2cf\" data-element_type=\"container\" data-e-type=\"container\">\n\t\t\t\t\t<div class=\"e-con-inner\">\n\t\t\t\t<div class=\"elementor-element elementor-element-6688039 elementor-widget elementor-widget-image\" data-id=\"6688039\" data-element_type=\"widget\" data-e-type=\"widget\" data-widget_type=\"image.default\">\n\t\t\t\t\t\t\t\t\t\t\t\t<figure class=\"wp-caption\">\n\t\t\t\t\t\t\t\t\t\t\t<a href=\"https:\/\/soymigrante.com\/mercado\/marketplace\/seller\/profile\/textilarcoiris\">\n\t\t\t\t\t\t\t<img loading=\"lazy\" decoding=\"async\" width=\"768\" height=\"1024\" src=\"https:\/\/soymigrante.com\/revista\/wp-content\/uploads\/2025\/05\/Textil-Arco-Iris-12-mujeres-que-tejen-tradicion-y-estan-en-MERCADO5-768x1024.jpeg\" class=\"attachment-large size-large wp-image-32590\" alt=\"Colorido bolso artesanal tejido a mano con patrones tradicionales, exhibido en exposici\u00f3n de arte y cultura ind\u00edgena en M\u00e9xico. Ideal para amantes de la moda \u00e9tnica y artesan\u00edas mexicanas.\" srcset=\"https:\/\/soymigrante.com\/revista\/wp-content\/uploads\/2025\/05\/Textil-Arco-Iris-12-mujeres-que-tejen-tradicion-y-estan-en-MERCADO5-768x1024.jpeg 768w, https:\/\/soymigrante.com\/revista\/wp-content\/uploads\/2025\/05\/Textil-Arco-Iris-12-mujeres-que-tejen-tradicion-y-estan-en-MERCADO5-225x300.jpeg 225w, https:\/\/soymigrante.com\/revista\/wp-content\/uploads\/2025\/05\/Textil-Arco-Iris-12-mujeres-que-tejen-tradicion-y-estan-en-MERCADO5-1152x1536.jpeg 1152w, https:\/\/soymigrante.com\/revista\/wp-content\/uploads\/2025\/05\/Textil-Arco-Iris-12-mujeres-que-tejen-tradicion-y-estan-en-MERCADO5-750x1000.webp 750w, https:\/\/soymigrante.com\/revista\/wp-content\/uploads\/2025\/05\/Textil-Arco-Iris-12-mujeres-que-tejen-tradicion-y-estan-en-MERCADO5-1140x1520.webp 1140w, https:\/\/soymigrante.com\/revista\/wp-content\/uploads\/2025\/05\/Textil-Arco-Iris-12-mujeres-que-tejen-tradicion-y-estan-en-MERCADO5.webp 1200w\" sizes=\"(max-width: 768px) 100vw, 768px\" title=\"Textil Arco Iris 12 mujeres que tejen tradici\u00f3n y est\u00e1n en MERCADO5 \u2013 SoyMigrante.com REVISTA\" \/>\t\t\t\t\t\t\t\t<\/a>\n\t\t\t\t\t\t\t\t\t\t\t<figcaption class=\"widget-image-caption wp-caption-text\">Bolso artesanal tradicional de tejido colorido, exhibido en evento cultural en M\u00e9xico, resaltando la belleza de las artesan\u00edas ind\u00edgenas y su influencia en la moda bohemia.<\/figcaption>\n\t\t\t\t\t\t\t\t\t\t<\/figure>\n\t\t\t\t\t\t\t\t\t<\/div>\n\t\t\t\t\t<\/div>\n\t\t\t\t<\/div>\n\t\t<div data-particle_enable=\"false\" data-particle-mobile-disabled=\"false\" class=\"elementor-element elementor-element-902c45f e-flex e-con-boxed e-con e-parent\" data-id=\"902c45f\" data-element_type=\"container\" data-e-type=\"container\">\n\t\t\t\t\t<div class=\"e-con-inner\">\n\t\t\t\t<div class=\"elementor-element elementor-element-a5803a1 elementor-widget elementor-widget-heading\" data-id=\"a5803a1\" data-element_type=\"widget\" data-e-type=\"widget\" data-widget_type=\"heading.default\">\n\t\t\t\t\t<h3 class=\"elementor-heading-title elementor-size-default\">M\u00e1s que un ingreso: una comunidad<\/h3>\t\t\t\t<\/div>\n\t\t\t\t\t<\/div>\n\t\t\t\t<\/div>\n\t\t<div data-particle_enable=\"false\" data-particle-mobile-disabled=\"false\" class=\"elementor-element elementor-element-b22127f e-flex e-con-boxed e-con e-parent\" data-id=\"b22127f\" data-element_type=\"container\" data-e-type=\"container\">\n\t\t\t\t\t<div class=\"e-con-inner\">\n\t\t\t\t<div class=\"elementor-element elementor-element-c8f1ba1 elementor-widget elementor-widget-text-editor\" data-id=\"c8f1ba1\" data-element_type=\"widget\" data-e-type=\"widget\" data-widget_type=\"text-editor.default\">\n\t\t\t\t\t\t\t\t\t<p>La motivaci\u00f3n de Luc\u00eda no es solamente econ\u00f3mica. Ella valora profundamente el impacto social y cultural que genera la agrupaci\u00f3n. \u201cLo que a m\u00ed me motiva pr\u00e1cticamente es que tengo la oportunidad de comunicarme con la gente. Aparte de formar parte de esta agrupaci\u00f3n, las ventas tambi\u00e9n nos representan un ingreso\u201d, afirma.<\/p><p>El colectivo no solo ha permitido mejorar las condiciones de vida de las 12 mujeres que lo integran, sino que tambi\u00e9n ha creado un espacio de apoyo mutuo, creatividad y orgullo por su identidad.<\/p>\t\t\t\t\t\t\t\t<\/div>\n\t\t\t\t\t<\/div>\n\t\t\t\t<\/div>\n\t\t<div data-particle_enable=\"false\" data-particle-mobile-disabled=\"false\" class=\"elementor-element elementor-element-0664107 e-flex e-con-boxed e-con e-parent\" data-id=\"0664107\" data-element_type=\"container\" data-e-type=\"container\">\n\t\t\t\t\t<div class=\"e-con-inner\">\n\t\t\t\t<div class=\"elementor-element elementor-element-b28ebcb elementor-widget elementor-widget-image\" data-id=\"b28ebcb\" data-element_type=\"widget\" data-e-type=\"widget\" data-widget_type=\"image.default\">\n\t\t\t\t\t\t\t\t\t\t\t\t<figure class=\"wp-caption\">\n\t\t\t\t\t\t\t\t\t\t\t<a href=\"https:\/\/soymigrante.com\/mercado\/marketplace\/seller\/profile\/textilarcoiris\">\n\t\t\t\t\t\t\t<img loading=\"lazy\" decoding=\"async\" width=\"768\" height=\"1024\" src=\"https:\/\/soymigrante.com\/revista\/wp-content\/uploads\/2025\/05\/Textil-Arco-Iris-12-mujeres-que-tejen-tradicion-y-estan-en-MERCADO4-768x1024.jpeg\" class=\"attachment-large size-large wp-image-32591\" alt=\"Tejidos coloridos y vibrantes con dise\u00f1os tradicionales, perfectos para artesan\u00edas y moda folcl\u00f3rica, ideales para migrantes y culturas latinoamericanas.\" srcset=\"https:\/\/soymigrante.com\/revista\/wp-content\/uploads\/2025\/05\/Textil-Arco-Iris-12-mujeres-que-tejen-tradicion-y-estan-en-MERCADO4-768x1024.jpeg 768w, https:\/\/soymigrante.com\/revista\/wp-content\/uploads\/2025\/05\/Textil-Arco-Iris-12-mujeres-que-tejen-tradicion-y-estan-en-MERCADO4-225x300.jpeg 225w, https:\/\/soymigrante.com\/revista\/wp-content\/uploads\/2025\/05\/Textil-Arco-Iris-12-mujeres-que-tejen-tradicion-y-estan-en-MERCADO4-1152x1536.jpeg 1152w, https:\/\/soymigrante.com\/revista\/wp-content\/uploads\/2025\/05\/Textil-Arco-Iris-12-mujeres-que-tejen-tradicion-y-estan-en-MERCADO4-750x1000.webp 750w, https:\/\/soymigrante.com\/revista\/wp-content\/uploads\/2025\/05\/Textil-Arco-Iris-12-mujeres-que-tejen-tradicion-y-estan-en-MERCADO4-1140x1520.webp 1140w, https:\/\/soymigrante.com\/revista\/wp-content\/uploads\/2025\/05\/Textil-Arco-Iris-12-mujeres-que-tejen-tradicion-y-estan-en-MERCADO4.webp 1200w\" sizes=\"(max-width: 768px) 100vw, 768px\" title=\"Textil Arco Iris 12 mujeres que tejen tradici\u00f3n y est\u00e1n en MERCADO4 \u2013 SoyMigrante.com REVISTA\" \/>\t\t\t\t\t\t\t\t<\/a>\n\t\t\t\t\t\t\t\t\t\t\t<figcaption class=\"widget-image-caption wp-caption-text\">Inspiraci\u00f3n en textiles tradicionales y artesan\u00edas multicolores para la comunidad migrante.<\/figcaption>\n\t\t\t\t\t\t\t\t\t\t<\/figure>\n\t\t\t\t\t\t\t\t\t<\/div>\n\t\t\t\t\t<\/div>\n\t\t\t\t<\/div>\n\t\t<div data-particle_enable=\"false\" data-particle-mobile-disabled=\"false\" class=\"elementor-element elementor-element-dd5e015 e-flex e-con-boxed e-con e-parent\" data-id=\"dd5e015\" data-element_type=\"container\" data-e-type=\"container\">\n\t\t\t\t\t<div class=\"e-con-inner\">\n\t\t\t\t<div class=\"elementor-element elementor-element-f5c6fca elementor-widget elementor-widget-text-editor\" data-id=\"f5c6fca\" data-element_type=\"widget\" data-e-type=\"widget\" data-widget_type=\"text-editor.default\">\n\t\t\t\t\t\t\t\t\t<p>En un pa\u00eds donde las mujeres rurales enfrentan grandes desaf\u00edos para acceder a oportunidades laborales y econ\u00f3micas,<a href=\"https:\/\/soymigrante.com\/mercado\/marketplace\/seller\/profile\/textilarcoiris\" target=\"_blank\" rel=\"noopener\"> Textil Arco Iris<\/a> representa un faro de esperanza y resistencia. Su historia es un testimonio de c\u00f3mo la uni\u00f3n, la tradici\u00f3n y la innovaci\u00f3n pueden entrelazarse para construir un mejor futuro.<\/p><p>\u201c<em>Queremos que nuestras telas no solo vistan a las personas, sino que cuenten una historia, la nuestra<\/em>\u201d, concluye Luc\u00eda.<\/p>\t\t\t\t\t\t\t\t<\/div>\n\t\t\t\t\t<\/div>\n\t\t\t\t<\/div>\n\t\t<div data-particle_enable=\"false\" data-particle-mobile-disabled=\"false\" class=\"elementor-element elementor-element-67da2ab e-flex e-con-boxed e-con e-parent\" data-id=\"67da2ab\" data-element_type=\"container\" data-e-type=\"container\">\n\t\t\t\t\t<div class=\"e-con-inner\">\n\t\t\t\t<div class=\"elementor-element elementor-element-90d9539 elementor-widget elementor-widget-heading\" data-id=\"90d9539\" data-element_type=\"widget\" data-e-type=\"widget\" data-widget_type=\"heading.default\">\n\t\t\t\t\t<h2 class=\"elementor-heading-title elementor-size-default\">Conoce otras historias que inspiran ac\u00e1...<\/h2>\t\t\t\t<\/div>\n\t\t\t\t\t<\/div>\n\t\t\t\t<\/div>\n\t\t<div data-particle_enable=\"false\" data-particle-mobile-disabled=\"false\" class=\"elementor-element elementor-element-296b7b8 e-flex e-con-boxed e-con e-parent\" data-id=\"296b7b8\" data-element_type=\"container\" data-e-type=\"container\">\n\t\t\t\t\t<div class=\"e-con-inner\">\n\t\t\t\t<div class=\"elementor-element elementor-element-be8f561 elementor-grid-eael-col-3 elementor-grid-tablet-eael-col-2 elementor-grid-mobile-eael-col-1 elementor-widget elementor-widget-eael-post-grid\" data-id=\"be8f561\" data-element_type=\"widget\" data-e-type=\"widget\" data-settings=\"{&quot;eael_post_grid_columns&quot;:&quot;eael-col-3&quot;,&quot;eael_post_grid_columns_tablet&quot;:&quot;eael-col-2&quot;,&quot;eael_post_grid_columns_mobile&quot;:&quot;eael-col-1&quot;}\" data-widget_type=\"eael-post-grid.default\">\n\t\t\t\t\t<div id=\"eael-post-grid-be8f561\" class=\"eael-post-grid-container\">\n            <div class=\"eael-post-grid eael-post-appender eael-post-appender-be8f561 eael-post-grid-style-one\" data-layout-mode=\"masonry\"><article class=\"eael-grid-post  eael-post-grid-column eael-pg-post-19561 category-guate-nuestra tags-mercado-emprendedores\" data-id=\"19561\">\n        <div class=\"eael-grid-post-holder\">\n            <div class=\"eael-grid-post-holder-inner\"><div class=\"eael-entry-media\"><div class=\"eael-entry-overlay fade-in\"><i class=\"far fa-hand-pointer\" aria-hidden=\"true\"><\/i><a href=\"https:\/\/soymigrante.com\/revista\/hugo-pichiya-retrata-la-vida-desde-san-juan-comalapa-y-abrio-su-galeria-digital-en-mercado\/\"><\/a><\/div><div class=\"eael-entry-thumbnail \">\n                <img loading=\"lazy\" decoding=\"async\" width=\"769\" height=\"769\" src=\"https:\/\/soymigrante.com\/revista\/wp-content\/uploads\/2025\/01\/obra-hugo-pichiya.webp\" class=\"attachment-large size-large wp-image-19744\" alt=\"Monta\u00f1a de volc\u00e1n en el fondo, agricultores trabajando en el campo con vacas, paisaje rural de cultivo y naturaleza en la cultura latinoamericana, en una ilustraci\u00f3n art\u00edstica para revista SoyMigrante.com REVISTA.\" srcset=\"https:\/\/soymigrante.com\/revista\/wp-content\/uploads\/2025\/01\/obra-hugo-pichiya.webp 769w, https:\/\/soymigrante.com\/revista\/wp-content\/uploads\/2025\/01\/obra-hugo-pichiya-300x300.jpg 300w, https:\/\/soymigrante.com\/revista\/wp-content\/uploads\/2025\/01\/obra-hugo-pichiya-150x150.jpg 150w, https:\/\/soymigrante.com\/revista\/wp-content\/uploads\/2025\/01\/obra-hugo-pichiya-75x75.webp 75w, https:\/\/soymigrante.com\/revista\/wp-content\/uploads\/2025\/01\/obra-hugo-pichiya-750x750.webp 750w\" sizes=\"(max-width: 769px) 100vw, 769px\" \/>\n            <\/div>\n        <\/div><div class=\"eael-entry-wrapper\"><header class=\"eael-entry-header\"><h2 class=\"eael-entry-title\"><a class=\"eael-grid-post-link\" href=\"https:\/\/soymigrante.com\/revista\/hugo-pichiya-retrata-la-vida-desde-san-juan-comalapa-y-abrio-su-galeria-digital-en-mercado\/\" title=\"Hugo Pichiy\u00e1 retrata la vida de Comalapa y abri\u00f3 su galer\u00eda digital en MERCADO\">Hugo Pichiy\u00e1 retrata la vida de Comalapa y abri\u00f3 su galer\u00eda digital en MERCADO<\/a><\/h2><\/header><div class=\"eael-entry-content\">\n                        <div class=\"eael-grid-post-excerpt\"><a href=\"https:\/\/soymigrante.com\/revista\/hugo-pichiya-retrata-la-vida-desde-san-juan-comalapa-y-abrio-su-galeria-digital-en-mercado\/\" class=\"eael-post-elements-readmore-btn\">CONOCE SU HISTORIA <\/a><\/div>\n                    <\/div><\/div><\/div>\n        <\/div>\n    <\/article><article class=\"eael-grid-post  eael-post-grid-column eael-pg-post-23097 category-guate-nuestra tags-mercado-emprendedores\" data-id=\"23097\">\n        <div class=\"eael-grid-post-holder\">\n            <div class=\"eael-grid-post-holder-inner\"><div class=\"eael-entry-media\"><div class=\"eael-entry-overlay fade-in\"><i class=\"far fa-hand-pointer\" aria-hidden=\"true\"><\/i><a href=\"https:\/\/soymigrante.com\/revista\/mafer-jimenez-escritora-voluntad-guatemalteca-libros-motivacion-mercado\/\"><\/a><\/div><div class=\"eael-entry-thumbnail \">\n                <img loading=\"lazy\" decoding=\"async\" width=\"1024\" height=\"1024\" src=\"https:\/\/soymigrante.com\/revista\/wp-content\/uploads\/2025\/01\/MAFER-JIMENEZ-1-1024x1024.jpg\" class=\"attachment-large size-large wp-image-23161\" alt=\"\u00e1rea de personas con discapacidad mostrando libros de la revista SoyMigrante.com REVISTA en una rueda de personas con discapacidad, promoviendo derechos e inclusi\u00f3n en temas migratorios en M\u00e9xico.\" srcset=\"https:\/\/soymigrante.com\/revista\/wp-content\/uploads\/2025\/01\/MAFER-JIMENEZ-1-1024x1024.jpg 1024w, https:\/\/soymigrante.com\/revista\/wp-content\/uploads\/2025\/01\/MAFER-JIMENEZ-1-300x300.jpg 300w, https:\/\/soymigrante.com\/revista\/wp-content\/uploads\/2025\/01\/MAFER-JIMENEZ-1-150x150.jpg 150w, https:\/\/soymigrante.com\/revista\/wp-content\/uploads\/2025\/01\/MAFER-JIMENEZ-1-768x768.jpg 768w, https:\/\/soymigrante.com\/revista\/wp-content\/uploads\/2025\/01\/MAFER-JIMENEZ-1-75x75.webp 75w, https:\/\/soymigrante.com\/revista\/wp-content\/uploads\/2025\/01\/MAFER-JIMENEZ-1-750x750.webp 750w, https:\/\/soymigrante.com\/revista\/wp-content\/uploads\/2025\/01\/MAFER-JIMENEZ-1-1140x1140.webp 1140w, https:\/\/soymigrante.com\/revista\/wp-content\/uploads\/2025\/01\/MAFER-JIMENEZ-1.webp 1308w\" sizes=\"(max-width: 1024px) 100vw, 1024px\" \/>\n            <\/div>\n        <\/div><div class=\"eael-entry-wrapper\"><header class=\"eael-entry-header\"><h2 class=\"eael-entry-title\"><a class=\"eael-grid-post-link\" href=\"https:\/\/soymigrante.com\/revista\/mafer-jimenez-escritora-voluntad-guatemalteca-libros-motivacion-mercado\/\" title=\"Mafer Jim\u00e9nez: una mente maravillosa y voluntad sin l\u00edmites. Sus libros ahora est\u00e1n en MERCADO\">Mafer Jim\u00e9nez: una mente maravillosa y voluntad sin l\u00edmites. Sus libros ahora est\u00e1n en MERCADO<\/a><\/h2><\/header><div class=\"eael-entry-content\">\n                        <div class=\"eael-grid-post-excerpt\"><a href=\"https:\/\/soymigrante.com\/revista\/mafer-jimenez-escritora-voluntad-guatemalteca-libros-motivacion-mercado\/\" class=\"eael-post-elements-readmore-btn\">CONOCE SU HISTORIA <\/a><\/div>\n                    <\/div><\/div><\/div>\n        <\/div>\n    <\/article><article class=\"eael-grid-post  eael-post-grid-column eael-pg-post-21793 category-guate-nuestra tags-mercado-emprendedores\" data-id=\"21793\">\n        <div class=\"eael-grid-post-holder\">\n            <div class=\"eael-grid-post-holder-inner\"><div class=\"eael-entry-media\"><div class=\"eael-entry-overlay fade-in\"><i class=\"far fa-hand-pointer\" aria-hidden=\"true\"><\/i><a href=\"https:\/\/soymigrante.com\/revista\/alan-tenenbaum-es-ejemplo-de-resiliencia-voluntad-y-superacion-sus-libros-estan-en-mercado\/\"><\/a><\/div><div class=\"eael-entry-thumbnail \">\n                <img loading=\"lazy\" decoding=\"async\" width=\"685\" height=\"1024\" src=\"https:\/\/soymigrante.com\/revista\/wp-content\/uploads\/2025\/01\/Alan-1-685x1024.jpeg\" class=\"attachment-large size-large wp-image-21795\" alt=\"Libro &quot;En una silla de morfeo&quot; del autor Alan Terenbaum, mostrando diversidad e inclusi\u00f3n en la literatura, con decoraciones coloridas y fondos de libros en una sala acogedora.\" srcset=\"https:\/\/soymigrante.com\/revista\/wp-content\/uploads\/2025\/01\/Alan-1-685x1024.jpeg 685w, https:\/\/soymigrante.com\/revista\/wp-content\/uploads\/2025\/01\/Alan-1-201x300.jpeg 201w, https:\/\/soymigrante.com\/revista\/wp-content\/uploads\/2025\/01\/Alan-1-768x1148.jpeg 768w, https:\/\/soymigrante.com\/revista\/wp-content\/uploads\/2025\/01\/Alan-1-1027x1536.jpeg 1027w, https:\/\/soymigrante.com\/revista\/wp-content\/uploads\/2025\/01\/Alan-1-750x1121.webp 750w, https:\/\/soymigrante.com\/revista\/wp-content\/uploads\/2025\/01\/Alan-1.webp 1070w\" sizes=\"(max-width: 685px) 100vw, 685px\" \/>\n            <\/div>\n        <\/div><div class=\"eael-entry-wrapper\"><header class=\"eael-entry-header\"><h2 class=\"eael-entry-title\"><a class=\"eael-grid-post-link\" href=\"https:\/\/soymigrante.com\/revista\/alan-tenenbaum-es-ejemplo-de-resiliencia-voluntad-y-superacion-sus-libros-estan-en-mercado\/\" title=\"Los libros de Alan Tenembaum animan a lograr lo imposible y ahora est\u00e1n en SoyMigrante.com MERCADO\">Los libros de Alan Tenembaum animan a lograr lo imposible y ahora est\u00e1n en SoyMigrante.com MERCADO<\/a><\/h2><\/header><div class=\"eael-entry-content\">\n                        <div class=\"eael-grid-post-excerpt\"><a href=\"https:\/\/soymigrante.com\/revista\/alan-tenenbaum-es-ejemplo-de-resiliencia-voluntad-y-superacion-sus-libros-estan-en-mercado\/\" class=\"eael-post-elements-readmore-btn\">CONOCE SU HISTORIA <\/a><\/div>\n                    <\/div><\/div><\/div>\n        <\/div>\n    <\/article><\/div>\n            <div class=\"clearfix\"><\/div>\n        <\/div>\t\t\t\t<\/div>\n\t\t\t\t\t<\/div>\n\t\t\t\t<\/div>\n\t\t\t\t<\/div>\n\t\t","protected":false},"excerpt":{"rendered":"<p>Textil Arco Iris es un emprendimiento de 12 mujeres de San Juan La Laguna, a la orilla del lago de Atitl\u00e1n, en Solol\u00e1. Ellas tejen con tradici\u00f3n y visi\u00f3n de futuro; ahora ellas tambi\u00e9n abrieron su tienda digital en SoyMigrante.com MERCADO. En las orillas del majestuoso lago de Atitl\u00e1n, en el pintoresco pueblo de San [&hellip;]<\/p>\n","protected":false},"author":19,"featured_media":32579,"comment_status":"open","ping_status":"open","sticky":false,"template":"","format":"standard","meta":{"_acf_changed":false,"_eb_attr":"","footnotes":""},"categories":[58],"tags":[130],"class_list":["post-32578","post","type-post","status-publish","format-standard","has-post-thumbnail","hentry","category-guate-nuestra","tag-mercado-emprendedores"],"acf":[],"aioseo_notices":[],"aioseo_head":"\n\t\t<!-- All in One SEO Pro 4.9.6.2 - aioseo.com -->\n\t<meta name=\"description\" content=\"Alan Tenenbaum es un ejemplo de resiliencia. Comparte su testimonio vital en libros para chicos y grandes. Ahora est\u00e1n disponibles en SoyMigrante.com MERCADO\" \/>\n\t<meta name=\"robots\" content=\"max-snippet:-1, max-image-preview:large, max-video-preview:-1\" \/>\n\t<meta name=\"author\" content=\"Marysabel Aldana\"\/>\n\t<link rel=\"canonical\" href=\"https:\/\/soymigrante.com\/revista\/alan-tenenbaum-es-ejemplo-de-resiliencia-voluntad-y-superacion-sus-libros-estan-en-mercado\/\" \/>\n\t<meta name=\"generator\" content=\"All in One SEO Pro (AIOSEO) 4.9.6.2\" \/>\n\n\t\t<link rel=\"preconnect\" href=\"https:\/\/fonts.googleapis.com\" crossorigin>\n<link rel=\"preconnect\" href=\"https:\/\/fonts.gstatic.com\" crossorigin>\n\t\t<meta property=\"og:locale\" content=\"es_ES\" \/>\n\t\t<meta property=\"og:site_name\" content=\"SoyMigrante.com REVISTA \u2013 Nuestra misi\u00f3n es reconocer y dignificar al migrante.\" \/>\n\t\t<meta property=\"og:type\" content=\"article\" \/>\n\t\t<meta property=\"og:title\" content=\"Los libros de Alan Tenembaum invitan a lograr lo imposible\" \/>\n\t\t<meta property=\"og:description\" content=\"Alan Tenenbaum es un ejemplo de resiliencia. Comparte su testimonio vital en libros para chicos y grandes. Ahora est\u00e1n disponibles en SoyMigrante.com MERCADO\" \/>\n\t\t<meta property=\"og:url\" content=\"https:\/\/soymigrante.com\/revista\/alan-tenenbaum-es-ejemplo-de-resiliencia-voluntad-y-superacion-sus-libros-estan-en-mercado\/\" \/>\n\t\t<meta property=\"og:image\" content=\"https:\/\/soymigrante.com\/revista\/wp-content\/uploads\/2025\/01\/Alan-1.webp\" \/>\n\t\t<meta property=\"og:image:secure_url\" content=\"https:\/\/soymigrante.com\/revista\/wp-content\/uploads\/2025\/01\/Alan-1.webp\" \/>\n\t\t<meta property=\"og:image:width\" content=\"1070\" \/>\n\t\t<meta property=\"og:image:height\" content=\"1600\" \/>\n\t\t<meta property=\"article:published_time\" content=\"2025-01-22T13:00:00+00:00\" \/>\n\t\t<meta property=\"article:modified_time\" content=\"2025-01-26T21:05:20+00:00\" \/>\n\t\t<meta property=\"article:publisher\" content=\"https:\/\/www.facebook.com\/soymigrantecom\" \/>\n\t\t<meta name=\"twitter:card\" content=\"summary_large_image\" \/>\n\t\t<meta name=\"twitter:site\" content=\"@SoyMigrante_com\" \/>\n\t\t<meta name=\"twitter:title\" content=\"Los libros de Alan Tenembaum invitan a lograr lo imposible\" \/>\n\t\t<meta name=\"twitter:description\" content=\"Alan Tenenbaum es un ejemplo de resiliencia. Comparte su testimonio vital en libros para chicos y grandes. Ahora est\u00e1n disponibles en SoyMigrante.com MERCADO\" \/>\n\t\t<meta name=\"twitter:creator\" content=\"@SoyMigrante_com\" \/>\n\t\t<meta name=\"twitter:image\" content=\"https:\/\/soymigrante.com\/revista\/wp-content\/uploads\/2025\/01\/Alan-1.webp\" \/>\n\t\t<!-- All in One SEO Pro -->\r\n\t\t<title>Los libros de Alan Tenembaum invitan a lograr lo imposible<\/title>\n\n","aioseo_head_json":{"title":"Los libros de Alan Tenembaum invitan a lograr lo imposible","description":"Alan Tenenbaum es un ejemplo de resiliencia. Comparte su testimonio vital en libros para chicos y grandes. Ahora est\u00e1n disponibles en SoyMigrante.com MERCADO","canonical_url":"https:\/\/soymigrante.com\/revista\/alan-tenenbaum-es-ejemplo-de-resiliencia-voluntad-y-superacion-sus-libros-estan-en-mercado\/","robots":"max-snippet:-1, max-image-preview:large, max-video-preview:-1","keywords":"","webmasterTools":{"miscellaneous":"&lt;link rel=\"preconnect\" href=\"https:\/\/fonts.googleapis.com\" crossorigin&gt;\n&lt;link rel=\"preconnect\" href=\"https:\/\/fonts.gstatic.com\" crossorigin&gt;"},"schema":null,"og:locale":"es_ES","og:site_name":"SoyMigrante.com REVISTA \u2013 Nuestra misi\u00f3n es reconocer y dignificar al migrante.","og:type":"article","og:title":"Los libros de Alan Tenembaum invitan a lograr lo imposible","og:description":"Alan Tenenbaum es un ejemplo de resiliencia. Comparte su testimonio vital en libros para chicos y grandes. Ahora est\u00e1n disponibles en SoyMigrante.com MERCADO","og:url":"https:\/\/soymigrante.com\/revista\/alan-tenenbaum-es-ejemplo-de-resiliencia-voluntad-y-superacion-sus-libros-estan-en-mercado\/","og:image":"https:\/\/soymigrante.com\/revista\/wp-content\/uploads\/2025\/01\/Alan-1.webp","og:image:secure_url":"https:\/\/soymigrante.com\/revista\/wp-content\/uploads\/2025\/01\/Alan-1.webp","og:image:width":1070,"og:image:height":1600,"article:published_time":"2025-01-22T13:00:00+00:00","article:modified_time":"2025-01-26T21:05:20+00:00","article:publisher":"https:\/\/www.facebook.com\/soymigrantecom","twitter:card":"summary_large_image","twitter:site":"@SoyMigrante_com","twitter:title":"Los libros de Alan Tenembaum invitan a lograr lo imposible","twitter:description":"Alan Tenenbaum es un ejemplo de resiliencia. Comparte su testimonio vital en libros para chicos y grandes. Ahora est\u00e1n disponibles en SoyMigrante.com MERCADO","twitter:creator":"@SoyMigrante_com","twitter:image":"https:\/\/soymigrante.com\/revista\/wp-content\/uploads\/2025\/01\/Alan-1.webp"},"aioseo_meta_data":{"post_id":"32578","title":null,"description":"Textil Arco Iris es un emprendimiento de 12 madres guatemaltecas que heredan y engrandecen la tradici\u00f3n del tejido maya. Su tienda digital est\u00e1 en MERCADO","keywords":null,"keyphrases":{"focus":{"keyphrase":"Textil","score":91,"analysis":{"keyphraseInTitle":{"score":9,"maxScore":9,"error":0},"keyphraseInDescription":{"score":9,"maxScore":9,"error":0},"keyphraseLength":{"score":9,"maxScore":9,"error":0,"length":1},"keyphraseInURL":{"score":5,"maxScore":5,"error":0},"keyphraseInIntroduction":{"score":9,"maxScore":9,"error":0},"keyphraseInSubHeadings":{"score":3,"maxScore":9,"error":1},"keyphraseInImageAlt":{"score":9,"maxScore":9,"error":0},"keywordDensity":{"type":"best","score":9,"maxScore":9,"error":0}}},"additional":[{"keyphrase":"Textil","score":100,"analysis":{"keyphraseInDescription":{"score":9,"maxScore":9,"error":0},"keyphraseLength":{"score":9,"maxScore":9,"error":0,"length":1},"keyphraseInIntroduction":{"score":9,"maxScore":9,"error":0},"keyphraseInImageAlt":{"score":9,"maxScore":9,"error":0},"keywordDensity":{"type":"best","score":9,"maxScore":9,"error":0}}},{"keyphrase":"Arco Iris","score":87,"analysis":{"keyphraseInDescription":{"score":9,"maxScore":9,"error":0},"keyphraseLength":{"score":9,"maxScore":9,"error":0,"length":2},"keyphraseInIntroduction":{"score":3,"maxScore":9,"error":1},"keyphraseInImageAlt":{"score":9,"maxScore":9,"error":0},"keywordDensity":{"type":"best","score":9,"maxScore":9,"error":0}}}]},"primary_term":null,"canonical_url":null,"og_title":null,"og_description":null,"og_object_type":"default","og_image_type":"default","og_image_url":null,"og_image_width":null,"og_image_height":null,"og_image_custom_url":null,"og_image_custom_fields":null,"og_video":"","og_custom_url":null,"og_article_section":null,"og_article_tags":null,"twitter_use_og":false,"twitter_card":"default","twitter_image_type":"default","twitter_image_url":null,"twitter_image_custom_url":null,"twitter_image_custom_fields":null,"twitter_title":null,"twitter_description":null,"schema":{"blockGraphs":[],"customGraphs":[],"default":{"data":{"Article":[],"Course":[],"Dataset":[],"FAQPage":[],"Movie":[],"Person":[],"Product":[],"ProductReview":[],"Car":[],"Recipe":[],"Service":[],"SoftwareApplication":[],"WebPage":[]},"graphName":"none","isEnabled":true},"graphs":[]},"schema_type":"default","schema_type_options":null,"pillar_content":false,"robots_default":true,"robots_noindex":false,"robots_noarchive":false,"robots_nosnippet":false,"robots_nofollow":false,"robots_noimageindex":false,"robots_noodp":false,"robots_notranslate":false,"robots_max_snippet":"-1","robots_max_videopreview":"-1","robots_max_imagepreview":"large","priority":null,"frequency":"default","local_seo":null,"seo_analyzer_scan_date":"2025-10-09 04:55:08","breadcrumb_settings":null,"limit_modified_date":false,"reviewed_by":"0","open_ai":"{\"title\":{\"suggestions\":[],\"usage\":0},\"description\":{\"suggestions\":[],\"usage\":0}}","ai":{"faqs":[],"keyPoints":[],"titles":[],"descriptions":[],"socialPosts":{"email":[],"linkedin":[],"twitter":[],"facebook":[],"instagram":[]}},"created":"2025-05-05 18:48:41","updated":"2026-02-04 23:31:28"},"aioseo_breadcrumb":"<div class=\"aioseo-breadcrumbs\"><span class=\"aioseo-breadcrumb\">\n\t<a href=\"https:\/\/soymigrante.com\/revista\" title=\"Home\">Home<\/a>\n<\/span><span class=\"aioseo-breadcrumb-separator\">\u00bb<\/span><span class=\"aioseo-breadcrumb\">\n\t<a href=\"https:\/\/soymigrante.com\/revista\/category\/guate-nuestra\/\" title=\"Guate Nuestra\">Guate Nuestra<\/a>\n<\/span><span class=\"aioseo-breadcrumb-separator\">\u00bb<\/span><span class=\"aioseo-breadcrumb\">\n\tTextil Arco Iris: 12 tejedoras de tradici\u00f3n y colorido maya est\u00e1n en MERCADO\n<\/span><\/div>","aioseo_breadcrumb_json":[{"label":"Home","link":"https:\/\/soymigrante.com\/revista"},{"label":"Guate Nuestra","link":"https:\/\/soymigrante.com\/revista\/category\/guate-nuestra\/"},{"label":"Textil Arco Iris: 12 tejedoras de tradici\u00f3n y colorido maya est\u00e1n en MERCADO","link":"https:\/\/soymigrante.com\/revista\/textil-arco-iris-12-mujeres-que-tejen-tradicion-y-estan-en-mercado\/"}],"_links":{"self":[{"href":"https:\/\/soymigrante.com\/revista\/wp-json\/wp\/v2\/posts\/32578","targetHints":{"allow":["GET"]}}],"collection":[{"href":"https:\/\/soymigrante.com\/revista\/wp-json\/wp\/v2\/posts"}],"about":[{"href":"https:\/\/soymigrante.com\/revista\/wp-json\/wp\/v2\/types\/post"}],"author":[{"embeddable":true,"href":"https:\/\/soymigrante.com\/revista\/wp-json\/wp\/v2\/users\/19"}],"replies":[{"embeddable":true,"href":"https:\/\/soymigrante.com\/revista\/wp-json\/wp\/v2\/comments?post=32578"}],"version-history":[{"count":20,"href":"https:\/\/soymigrante.com\/revista\/wp-json\/wp\/v2\/posts\/32578\/revisions"}],"predecessor-version":[{"id":40924,"href":"https:\/\/soymigrante.com\/revista\/wp-json\/wp\/v2\/posts\/32578\/revisions\/40924"}],"wp:featuredmedia":[{"embeddable":true,"href":"https:\/\/soymigrante.com\/revista\/wp-json\/wp\/v2\/media\/32579"}],"wp:attachment":[{"href":"https:\/\/soymigrante.com\/revista\/wp-json\/wp\/v2\/media?parent=32578"}],"wp:term":[{"taxonomy":"category","embeddable":true,"href":"https:\/\/soymigrante.com\/revista\/wp-json\/wp\/v2\/categories?post=32578"},{"taxonomy":"post_tag","embeddable":true,"href":"https:\/\/soymigrante.com\/revista\/wp-json\/wp\/v2\/tags?post=32578"}],"curies":[{"name":"wp","href":"https:\/\/api.w.org\/{rel}","templated":true}]}}