{"id":32563,"date":"2025-05-07T05:00:00","date_gmt":"2025-05-07T11:00:00","guid":{"rendered":"https:\/\/soymigrante.com\/revista\/?p=32563"},"modified":"2025-05-07T08:04:07","modified_gmt":"2025-05-07T14:04:07","slug":"transformacion-digital-claves-mentales-para-perder-el-miedo","status":"publish","type":"post","link":"https:\/\/soymigrante.com\/revista\/transformacion-digital-claves-mentales-para-perder-el-miedo\/","title":{"rendered":"Transformaci\u00f3n tecnol\u00f3gica: claves mentales para ganar confianza con herramientas digitales"},"content":{"rendered":"\t\t<div data-elementor-type=\"wp-post\" data-elementor-id=\"32563\" class=\"elementor elementor-32563\" data-elementor-post-type=\"post\">\n\t\t\t\t<div data-particle_enable=\"false\" data-particle-mobile-disabled=\"false\" class=\"elementor-element elementor-element-5718bb7 e-flex e-con-boxed e-con e-parent\" data-id=\"5718bb7\" data-element_type=\"container\" data-e-type=\"container\">\n\t\t\t\t\t<div class=\"e-con-inner\">\n\t\t\t\t<div class=\"elementor-element elementor-element-e8bf7f3 elementor-widget elementor-widget-heading\" data-id=\"e8bf7f3\" data-element_type=\"widget\" data-e-type=\"widget\" data-widget_type=\"heading.default\">\n\t\t\t\t\t<h2 class=\"elementor-heading-title elementor-size-default\">La transformaci\u00f3n digital es cada vez m\u00e1s importante, pero hay claves mentales para perder el miedo y aventurarse. \n<\/h2>\t\t\t\t<\/div>\n\t\t\t\t\t<\/div>\n\t\t\t\t<\/div>\n\t\t<div data-particle_enable=\"false\" data-particle-mobile-disabled=\"false\" class=\"elementor-element elementor-element-9f5109f e-flex e-con-boxed e-con e-parent\" data-id=\"9f5109f\" data-element_type=\"container\" data-e-type=\"container\">\n\t\t\t\t\t<div class=\"e-con-inner\">\n\t\t\t\t<div class=\"elementor-element elementor-element-5e86496 elementor-widget elementor-widget-text-editor\" data-id=\"5e86496\" data-element_type=\"widget\" data-e-type=\"widget\" data-widget_type=\"text-editor.default\">\n\t\t\t\t\t\t\t\t\t<p>En un mundo cada vez m\u00e1s conectado,<a href=\"https:\/\/soymigrante.com\/revista\/empleado-o-emprendedor-ventajas-y-desventajas-de-ambas-modalidades-laborales\/\" target=\"_blank\" rel=\"noopener\"> la transformaci\u00f3n digital no es solo una cuesti\u00f3n de tecnolog\u00eda, sino tambi\u00e9n de mentalidad.<\/a><\/p><p>Emprendedores, trabajadores y peque\u00f1os negocios que han logrado adaptarse coinciden en que el primer paso es superar el miedo al cambio.<\/p>\t\t\t\t\t\t\t\t<\/div>\n\t\t\t\t\t<\/div>\n\t\t\t\t<\/div>\n\t\t<div data-particle_enable=\"false\" data-particle-mobile-disabled=\"false\" class=\"elementor-element elementor-element-e04722c e-flex e-con-boxed e-con e-parent\" data-id=\"e04722c\" data-element_type=\"container\" data-e-type=\"container\">\n\t\t\t\t\t<div class=\"e-con-inner\">\n\t\t\t\t<div class=\"elementor-element elementor-element-0236b54 elementor-widget elementor-widget-heading\" data-id=\"0236b54\" data-element_type=\"widget\" data-e-type=\"widget\" data-widget_type=\"heading.default\">\n\t\t\t\t\t<h3 class=\"elementor-heading-title elementor-size-default\">Temor a lo nuevo <\/h3>\t\t\t\t<\/div>\n\t\t\t\t\t<\/div>\n\t\t\t\t<\/div>\n\t\t<div data-particle_enable=\"false\" data-particle-mobile-disabled=\"false\" class=\"elementor-element elementor-element-87f2632 e-flex e-con-boxed e-con e-parent\" data-id=\"87f2632\" data-element_type=\"container\" data-e-type=\"container\">\n\t\t\t\t\t<div class=\"e-con-inner\">\n\t\t\t\t<div class=\"elementor-element elementor-element-af5fb6c elementor-widget elementor-widget-text-editor\" data-id=\"af5fb6c\" data-element_type=\"widget\" data-e-type=\"widget\" data-widget_type=\"text-editor.default\">\n\t\t\t\t\t\t\t\t\t<p>La resistencia inicial es natural. Muchos temen no entender las nuevas herramientas, perder el control o incluso fracasar. Sin embargo, disponerse a aprender, con humildad y apertura, es la clave que permite dar el salto.<\/p><p><a href=\"https:\/\/soymigrante.com\/revista\/empleado-o-emprendedor-ventajas-y-desventajas-de-ambas-modalidades-laborales\/\" target=\"_blank\" rel=\"noopener\">La capacitaci\u00f3n no siempre requiere grandes inversiones;<\/a> existen cursos gratuitos, tutoriales en l\u00ednea y comunidades dispuestas a compartir conocimiento.<\/p>\t\t\t\t\t\t\t\t<\/div>\n\t\t\t\t\t<\/div>\n\t\t\t\t<\/div>\n\t\t<div data-particle_enable=\"false\" data-particle-mobile-disabled=\"false\" class=\"elementor-element elementor-element-a0501bf e-flex e-con-boxed e-con e-parent\" data-id=\"a0501bf\" data-element_type=\"container\" data-e-type=\"container\">\n\t\t\t\t\t<div class=\"e-con-inner\">\n\t\t\t\t<div class=\"elementor-element elementor-element-460aac8 elementor-widget elementor-widget-image\" data-id=\"460aac8\" data-element_type=\"widget\" data-e-type=\"widget\" data-widget_type=\"image.default\">\n\t\t\t\t\t\t\t\t\t\t\t\t<figure class=\"wp-caption\">\n\t\t\t\t\t\t\t\t\t\t<img fetchpriority=\"high\" decoding=\"async\" width=\"768\" height=\"512\" src=\"https:\/\/soymigrante.com\/revista\/wp-content\/uploads\/2025\/05\/Transformacion-digital-claves-mentales-para-perder-el-miedo2-1024x682.jpeg\" class=\"attachment-large size-large wp-image-32569\" alt=\"Emprendedora trabajando en su negocio, organizando productos y utilizando una computadora port\u00e1til en un entorno de oficina moderna.\" srcset=\"https:\/\/soymigrante.com\/revista\/wp-content\/uploads\/2025\/05\/Transformacion-digital-claves-mentales-para-perder-el-miedo2-1024x682.jpeg 1024w, https:\/\/soymigrante.com\/revista\/wp-content\/uploads\/2025\/05\/Transformacion-digital-claves-mentales-para-perder-el-miedo2-300x200.jpeg 300w, https:\/\/soymigrante.com\/revista\/wp-content\/uploads\/2025\/05\/Transformacion-digital-claves-mentales-para-perder-el-miedo2-768x512.jpeg 768w, https:\/\/soymigrante.com\/revista\/wp-content\/uploads\/2025\/05\/Transformacion-digital-claves-mentales-para-perder-el-miedo2-1536x1023.jpeg 1536w, https:\/\/soymigrante.com\/revista\/wp-content\/uploads\/2025\/05\/Transformacion-digital-claves-mentales-para-perder-el-miedo2-750x500.webp 750w, https:\/\/soymigrante.com\/revista\/wp-content\/uploads\/2025\/05\/Transformacion-digital-claves-mentales-para-perder-el-miedo2-1140x760.webp 1140w, https:\/\/soymigrante.com\/revista\/wp-content\/uploads\/2025\/05\/Transformacion-digital-claves-mentales-para-perder-el-miedo2.webp 1600w\" sizes=\"(max-width: 768px) 100vw, 768px\" title=\"Transformaci\u00f3n digital claves mentales para perder el miedo2 \u2013 SoyMigrante.com REVISTA\" \/>\t\t\t\t\t\t\t\t\t\t\t<figcaption class=\"widget-image-caption wp-caption-text\">Mujer emprendedora en oficina, gestionando su negocio con \u00e9xito y comunicaci\u00f3n digital, promoviendo la migraci\u00f3n laboral y el trabajo desde casa.<\/figcaption>\n\t\t\t\t\t\t\t\t\t\t<\/figure>\n\t\t\t\t\t\t\t\t\t<\/div>\n\t\t\t\t\t<\/div>\n\t\t\t\t<\/div>\n\t\t<div data-particle_enable=\"false\" data-particle-mobile-disabled=\"false\" class=\"elementor-element elementor-element-483e166 e-flex e-con-boxed e-con e-parent\" data-id=\"483e166\" data-element_type=\"container\" data-e-type=\"container\">\n\t\t\t\t\t<div class=\"e-con-inner\">\n\t\t\t\t<div class=\"elementor-element elementor-element-630f88b elementor-widget elementor-widget-heading\" data-id=\"630f88b\" data-element_type=\"widget\" data-e-type=\"widget\" data-widget_type=\"heading.default\">\n\t\t\t\t\t<h3 class=\"elementor-heading-title elementor-size-default\">Mejoras para el cliente <\/h3>\t\t\t\t<\/div>\n\t\t\t\t\t<\/div>\n\t\t\t\t<\/div>\n\t\t<div data-particle_enable=\"false\" data-particle-mobile-disabled=\"false\" class=\"elementor-element elementor-element-07fcf51 e-flex e-con-boxed e-con e-parent\" data-id=\"07fcf51\" data-element_type=\"container\" data-e-type=\"container\">\n\t\t\t\t\t<div class=\"e-con-inner\">\n\t\t\t\t<div class=\"elementor-element elementor-element-84808b4 elementor-widget elementor-widget-text-editor\" data-id=\"84808b4\" data-element_type=\"widget\" data-e-type=\"widget\" data-widget_type=\"text-editor.default\">\n\t\t\t\t\t\t\t\t\t<p><a href=\"https:\/\/soymigrante.com\/revista\/empleado-o-emprendedor-ventajas-y-desventajas-de-ambas-modalidades-laborales\/\" target=\"_blank\" rel=\"noopener\">Otro cambio esencial es entender que la digitalizaci\u00f3n permite servir mejor al cliente a distancia.<\/a> Responder mensajes con rapidez, vender en l\u00ednea, dar seguimiento a pedidos o brindar atenci\u00f3n personalizada desde un celular, mejora la experiencia del cliente y fortalece el v\u00ednculo con el negocio.<\/p><p>Adem\u00e1s, la tecnolog\u00eda facilita conocer mejor al p\u00fablico. A trav\u00e9s de redes sociales, formularios y an\u00e1lisis de datos, es posible identificar qu\u00e9 buscan los clientes, qu\u00e9 les gusta y qu\u00e9 necesitan. Esa informaci\u00f3n permite desarrollar productos m\u00e1s \u00fatiles y relevantes, dise\u00f1ados a partir de necesidades reales.<\/p>\t\t\t\t\t\t\t\t<\/div>\n\t\t\t\t\t<\/div>\n\t\t\t\t<\/div>\n\t\t<div data-particle_enable=\"false\" data-particle-mobile-disabled=\"false\" class=\"elementor-element elementor-element-c0ed6ab e-flex e-con-boxed e-con e-parent\" data-id=\"c0ed6ab\" data-element_type=\"container\" data-e-type=\"container\">\n\t\t\t\t\t<div class=\"e-con-inner\">\n\t\t\t\t<div class=\"elementor-element elementor-element-2346123 elementor-widget elementor-widget-image\" data-id=\"2346123\" data-element_type=\"widget\" data-e-type=\"widget\" data-widget_type=\"image.default\">\n\t\t\t\t\t\t\t\t\t\t\t\t<figure class=\"wp-caption\">\n\t\t\t\t\t\t\t\t\t\t<img decoding=\"async\" width=\"768\" height=\"512\" src=\"https:\/\/soymigrante.com\/revista\/wp-content\/uploads\/2025\/05\/Transformacion-digital-claves-mentales-para-perder-el-miedo3-1024x682.jpeg\" class=\"attachment-large size-large wp-image-32570\" alt=\"Joven de moda con tarjeta de cr\u00e9dito y medidas para inmigrantes, revisando dise\u00f1os y estilos en un taller de confecci\u00f3n.\" srcset=\"https:\/\/soymigrante.com\/revista\/wp-content\/uploads\/2025\/05\/Transformacion-digital-claves-mentales-para-perder-el-miedo3-1024x682.jpeg 1024w, https:\/\/soymigrante.com\/revista\/wp-content\/uploads\/2025\/05\/Transformacion-digital-claves-mentales-para-perder-el-miedo3-300x200.jpeg 300w, https:\/\/soymigrante.com\/revista\/wp-content\/uploads\/2025\/05\/Transformacion-digital-claves-mentales-para-perder-el-miedo3-768x512.jpeg 768w, https:\/\/soymigrante.com\/revista\/wp-content\/uploads\/2025\/05\/Transformacion-digital-claves-mentales-para-perder-el-miedo3-1536x1023.jpeg 1536w, https:\/\/soymigrante.com\/revista\/wp-content\/uploads\/2025\/05\/Transformacion-digital-claves-mentales-para-perder-el-miedo3-750x500.webp 750w, https:\/\/soymigrante.com\/revista\/wp-content\/uploads\/2025\/05\/Transformacion-digital-claves-mentales-para-perder-el-miedo3-1140x760.webp 1140w, https:\/\/soymigrante.com\/revista\/wp-content\/uploads\/2025\/05\/Transformacion-digital-claves-mentales-para-perder-el-miedo3.webp 1600w\" sizes=\"(max-width: 768px) 100vw, 768px\" title=\"Transformaci\u00f3n digital claves mentales para perder el miedo3 \u2013 SoyMigrante.com REVISTA\" \/>\t\t\t\t\t\t\t\t\t\t\t<figcaption class=\"widget-image-caption wp-caption-text\">Dise\u00f1ador joven en taller de moda, revisando muestras de prendas y planificaci\u00f3n de colecci\u00f3n para inmigrantes y moda inclusiva.<\/figcaption>\n\t\t\t\t\t\t\t\t\t\t<\/figure>\n\t\t\t\t\t\t\t\t\t<\/div>\n\t\t\t\t\t<\/div>\n\t\t\t\t<\/div>\n\t\t<div data-particle_enable=\"false\" data-particle-mobile-disabled=\"false\" class=\"elementor-element elementor-element-4936680 e-flex e-con-boxed e-con e-parent\" data-id=\"4936680\" data-element_type=\"container\" data-e-type=\"container\">\n\t\t\t\t\t<div class=\"e-con-inner\">\n\t\t\t\t<div class=\"elementor-element elementor-element-013ebf7 elementor-widget elementor-widget-heading\" data-id=\"013ebf7\" data-element_type=\"widget\" data-e-type=\"widget\" data-widget_type=\"heading.default\">\n\t\t\t\t\t<h3 class=\"elementor-heading-title elementor-size-default\">No solo es una herramienta <\/h3>\t\t\t\t<\/div>\n\t\t\t\t\t<\/div>\n\t\t\t\t<\/div>\n\t\t<div data-particle_enable=\"false\" data-particle-mobile-disabled=\"false\" class=\"elementor-element elementor-element-8c85e00 e-flex e-con-boxed e-con e-parent\" data-id=\"8c85e00\" data-element_type=\"container\" data-e-type=\"container\">\n\t\t\t\t\t<div class=\"e-con-inner\">\n\t\t\t\t<div class=\"elementor-element elementor-element-5b8913c elementor-widget elementor-widget-text-editor\" data-id=\"5b8913c\" data-element_type=\"widget\" data-e-type=\"widget\" data-widget_type=\"text-editor.default\">\n\t\t\t\t\t\t\t\t\t<p>En resumen, la transformaci\u00f3n digital no solo se trata de tener una computadora o redes sociales activas.<\/p><p><a href=\"https:\/\/soymigrante.com\/revista\/empleado-o-emprendedor-ventajas-y-desventajas-de-ambas-modalidades-laborales\/\" target=\"_blank\" rel=\"noopener\">Requiere una transformaci\u00f3n interior: dejar atr\u00e1s el miedo, estar dispuesto a aprender cada d\u00eda y tener la mentalidad de que servir mejor,<\/a> aunque sea a distancia, es el verdadero prop\u00f3sito del cambio.<\/p>\t\t\t\t\t\t\t\t<\/div>\n\t\t\t\t\t<\/div>\n\t\t\t\t<\/div>\n\t\t<div data-particle_enable=\"false\" data-particle-mobile-disabled=\"false\" class=\"elementor-element elementor-element-f96814a e-flex e-con-boxed e-con e-parent\" data-id=\"f96814a\" data-element_type=\"container\" data-e-type=\"container\">\n\t\t\t\t\t<div class=\"e-con-inner\">\n\t\t\t\t<div class=\"elementor-element elementor-element-7d36419 elementor-widget elementor-widget-heading\" data-id=\"7d36419\" data-element_type=\"widget\" data-e-type=\"widget\" data-widget_type=\"heading.default\">\n\t\t\t\t\t<h2 class=\"elementor-heading-title elementor-size-default\">Conoce otros temas que te pueden interesar...<\/h2>\t\t\t\t<\/div>\n\t\t\t\t\t<\/div>\n\t\t\t\t<\/div>\n\t\t<div data-particle_enable=\"false\" data-particle-mobile-disabled=\"false\" class=\"elementor-element elementor-element-3940d23 e-flex e-con-boxed e-con e-parent\" data-id=\"3940d23\" data-element_type=\"container\" data-e-type=\"container\">\n\t\t\t\t\t<div class=\"e-con-inner\">\n\t\t\t\t<div class=\"elementor-element elementor-element-6133354 elementor-grid-eael-col-3 elementor-grid-tablet-eael-col-2 elementor-grid-mobile-eael-col-1 elementor-widget elementor-widget-eael-post-grid\" data-id=\"6133354\" data-element_type=\"widget\" data-e-type=\"widget\" data-settings=\"{&quot;eael_post_grid_columns&quot;:&quot;eael-col-3&quot;,&quot;eael_post_grid_columns_tablet&quot;:&quot;eael-col-2&quot;,&quot;eael_post_grid_columns_mobile&quot;:&quot;eael-col-1&quot;}\" data-widget_type=\"eael-post-grid.default\">\n\t\t\t\t\t<div id=\"eael-post-grid-6133354\" class=\"eael-post-grid-container\">\n            <div class=\"eael-post-grid eael-post-appender eael-post-appender-6133354 eael-post-grid-style-one\" data-layout-mode=\"masonry\"><article class=\"eael-grid-post  eael-post-grid-column eael-pg-post-2535 category-exitos\" data-id=\"2535\">\n        <div class=\"eael-grid-post-holder\">\n            <div class=\"eael-grid-post-holder-inner\"><div class=\"eael-entry-media\"><div class=\"eael-entry-overlay fade-in\"><i class=\"far fa-hand-pointer\" aria-hidden=\"true\"><\/i><a href=\"https:\/\/soymigrante.com\/revista\/little-guatemala-florece-en-carolina-del-norte-el-sueno-del-migrante-y-emprendedor-cristian-ramazzini\/\"><\/a><\/div><div class=\"eael-entry-thumbnail \">\n                <img decoding=\"async\" width=\"1024\" height=\"1024\" src=\"https:\/\/soymigrante.com\/revista\/wp-content\/uploads\/2023\/09\/Proyecto-Little-Guatemala-del-migrante-guatemalteco-Cristian-Ramazzini-en-Carolina-del-Norte-1-1-1024x1024.webp\" class=\"attachment-large size-large wp-image-2567\" alt=\"\" srcset=\"https:\/\/soymigrante.com\/revista\/wp-content\/uploads\/2023\/09\/Proyecto-Little-Guatemala-del-migrante-guatemalteco-Cristian-Ramazzini-en-Carolina-del-Norte-1-1-1024x1024.webp 1024w, https:\/\/soymigrante.com\/revista\/wp-content\/uploads\/2023\/09\/Proyecto-Little-Guatemala-del-migrante-guatemalteco-Cristian-Ramazzini-en-Carolina-del-Norte-1-1-300x300.webp 300w, https:\/\/soymigrante.com\/revista\/wp-content\/uploads\/2023\/09\/Proyecto-Little-Guatemala-del-migrante-guatemalteco-Cristian-Ramazzini-en-Carolina-del-Norte-1-1-150x150.webp 150w, https:\/\/soymigrante.com\/revista\/wp-content\/uploads\/2023\/09\/Proyecto-Little-Guatemala-del-migrante-guatemalteco-Cristian-Ramazzini-en-Carolina-del-Norte-1-1-768x768.webp 768w, https:\/\/soymigrante.com\/revista\/wp-content\/uploads\/2023\/09\/Proyecto-Little-Guatemala-del-migrante-guatemalteco-Cristian-Ramazzini-en-Carolina-del-Norte-1-1-75x75.webp 75w, https:\/\/soymigrante.com\/revista\/wp-content\/uploads\/2023\/09\/Proyecto-Little-Guatemala-del-migrante-guatemalteco-Cristian-Ramazzini-en-Carolina-del-Norte-1-1-750x750.webp 750w, https:\/\/soymigrante.com\/revista\/wp-content\/uploads\/2023\/09\/Proyecto-Little-Guatemala-del-migrante-guatemalteco-Cristian-Ramazzini-en-Carolina-del-Norte-1-1-1140x1140.webp 1140w, https:\/\/soymigrante.com\/revista\/wp-content\/uploads\/2023\/09\/Proyecto-Little-Guatemala-del-migrante-guatemalteco-Cristian-Ramazzini-en-Carolina-del-Norte-1-1-600x600.webp 600w, https:\/\/soymigrante.com\/revista\/wp-content\/uploads\/2023\/09\/Proyecto-Little-Guatemala-del-migrante-guatemalteco-Cristian-Ramazzini-en-Carolina-del-Norte-1-1.webp 1190w\" sizes=\"(max-width: 1024px) 100vw, 1024px\" \/>\n            <\/div>\n        <\/div><div class=\"eael-entry-wrapper\"><header class=\"eael-entry-header\"><h2 class=\"eael-entry-title\"><a class=\"eael-grid-post-link\" href=\"https:\/\/soymigrante.com\/revista\/little-guatemala-florece-en-carolina-del-norte-el-sueno-del-migrante-y-emprendedor-cristian-ramazzini\/\" title=\"Little Guatemala florece en Carolina del Norte: el sue\u00f1o del migrante y emprendedor Cristian Ramazzini\">Little Guatemala florece en Carolina del Norte: el sue\u00f1o del migrante y emprendedor Cristian Ramazzini<\/a><\/h2><\/header><div class=\"eael-entry-content\">\n                        <div class=\"eael-grid-post-excerpt\"><a href=\"https:\/\/soymigrante.com\/revista\/little-guatemala-florece-en-carolina-del-norte-el-sueno-del-migrante-y-emprendedor-cristian-ramazzini\/\" class=\"eael-post-elements-readmore-btn\">CONOCE SU HISTORIA <\/a><\/div>\n                    <\/div><\/div><\/div>\n        <\/div>\n    <\/article><article class=\"eael-grid-post  eael-post-grid-column eael-pg-post-2149 category-exitos\" data-id=\"2149\">\n        <div class=\"eael-grid-post-holder\">\n            <div class=\"eael-grid-post-holder-inner\"><div class=\"eael-entry-media\"><div class=\"eael-entry-overlay fade-in\"><i class=\"far fa-hand-pointer\" aria-hidden=\"true\"><\/i><a href=\"https:\/\/soymigrante.com\/revista\/lesly-cruz-empoderamiento-artesanas-guatemala\/\"><\/a><\/div><div class=\"eael-entry-thumbnail \">\n                <img loading=\"lazy\" decoding=\"async\" width=\"830\" height=\"1024\" src=\"https:\/\/soymigrante.com\/revista\/wp-content\/uploads\/2023\/08\/Apoya-el-talento-local-en-especial-de-los-y-las-artesanas-de-Guatemala--830x1024.webp\" class=\"attachment-large size-large wp-image-2161\" alt=\"Apoya el talento local en especial de los y las artesanas de Guatemala\" srcset=\"https:\/\/soymigrante.com\/revista\/wp-content\/uploads\/2023\/08\/Apoya-el-talento-local-en-especial-de-los-y-las-artesanas-de-Guatemala--830x1024.webp 830w, https:\/\/soymigrante.com\/revista\/wp-content\/uploads\/2023\/08\/Apoya-el-talento-local-en-especial-de-los-y-las-artesanas-de-Guatemala--243x300.webp 243w, https:\/\/soymigrante.com\/revista\/wp-content\/uploads\/2023\/08\/Apoya-el-talento-local-en-especial-de-los-y-las-artesanas-de-Guatemala--768x948.webp 768w, https:\/\/soymigrante.com\/revista\/wp-content\/uploads\/2023\/08\/Apoya-el-talento-local-en-especial-de-los-y-las-artesanas-de-Guatemala--750x925.webp 750w, https:\/\/soymigrante.com\/revista\/wp-content\/uploads\/2023\/08\/Apoya-el-talento-local-en-especial-de-los-y-las-artesanas-de-Guatemala-.webp 1078w\" sizes=\"(max-width: 830px) 100vw, 830px\" \/>\n            <\/div>\n        <\/div><div class=\"eael-entry-wrapper\"><header class=\"eael-entry-header\"><h2 class=\"eael-entry-title\"><a class=\"eael-grid-post-link\" href=\"https:\/\/soymigrante.com\/revista\/lesly-cruz-empoderamiento-artesanas-guatemala\/\" title=\"Lesly Cruz: Emprendedora que eleva el arte guatemalteco\">Lesly Cruz: Emprendedora que eleva el arte guatemalteco<\/a><\/h2><\/header><div class=\"eael-entry-content\">\n                        <div class=\"eael-grid-post-excerpt\"><a href=\"https:\/\/soymigrante.com\/revista\/lesly-cruz-empoderamiento-artesanas-guatemala\/\" class=\"eael-post-elements-readmore-btn\">CONOCE SU HISTORIA <\/a><\/div>\n                    <\/div><\/div><\/div>\n        <\/div>\n    <\/article><article class=\"eael-grid-post  eael-post-grid-column eael-pg-post-229 category-exitos\" data-id=\"229\">\n        <div class=\"eael-grid-post-holder\">\n            <div class=\"eael-grid-post-holder-inner\"><div class=\"eael-entry-media\"><div class=\"eael-entry-overlay fade-in\"><i class=\"far fa-hand-pointer\" aria-hidden=\"true\"><\/i><a href=\"https:\/\/soymigrante.com\/revista\/susana-madrigal-por-a-barahona\/\"><\/a><\/div><div class=\"eael-entry-thumbnail \">\n                <img loading=\"lazy\" decoding=\"async\" width=\"1024\" height=\"768\" src=\"https:\/\/soymigrante.com\/revista\/wp-content\/uploads\/2023\/02\/1-EXITOS-MADRIGAL-2-1.webp\" class=\"attachment-large size-large wp-image-230\" alt=\"\" srcset=\"https:\/\/soymigrante.com\/revista\/wp-content\/uploads\/2023\/02\/1-EXITOS-MADRIGAL-2-1.webp 1024w, https:\/\/soymigrante.com\/revista\/wp-content\/uploads\/2023\/02\/1-EXITOS-MADRIGAL-2-1-300x225.webp 300w, https:\/\/soymigrante.com\/revista\/wp-content\/uploads\/2023\/02\/1-EXITOS-MADRIGAL-2-1-768x576.jpeg 768w, https:\/\/soymigrante.com\/revista\/wp-content\/uploads\/2023\/02\/1-EXITOS-MADRIGAL-2-1-750x563.webp 750w\" sizes=\"(max-width: 1024px) 100vw, 1024px\" \/>\n            <\/div>\n        <\/div><div class=\"eael-entry-wrapper\"><header class=\"eael-entry-header\"><h2 class=\"eael-entry-title\"><a class=\"eael-grid-post-link\" href=\"https:\/\/soymigrante.com\/revista\/susana-madrigal-por-a-barahona\/\" title=\"Susana Madrigal: madre, esposa y emprendedora\">Susana Madrigal: madre, esposa y emprendedora<\/a><\/h2><\/header><div class=\"eael-entry-content\">\n                        <div class=\"eael-grid-post-excerpt\"><a href=\"https:\/\/soymigrante.com\/revista\/susana-madrigal-por-a-barahona\/\" class=\"eael-post-elements-readmore-btn\">CONOCE SU HISTORIA <\/a><\/div>\n                    <\/div><\/div><\/div>\n        <\/div>\n    <\/article><\/div>\n            <div class=\"clearfix\"><\/div>\n        <\/div>\t\t\t\t<\/div>\n\t\t\t\t\t<\/div>\n\t\t\t\t<\/div>\n\t\t\t\t<\/div>\n\t\t","protected":false},"excerpt":{"rendered":"<p>La transformaci\u00f3n digital es cada vez m\u00e1s importante, pero hay claves mentales para perder el miedo y aventurarse. En un mundo cada vez m\u00e1s conectado, la transformaci\u00f3n digital no es solo una cuesti\u00f3n de tecnolog\u00eda, sino tambi\u00e9n de mentalidad. Emprendedores, trabajadores y peque\u00f1os negocios que han logrado adaptarse coinciden en que el primer paso es [&hellip;]<\/p>\n","protected":false},"author":19,"featured_media":32564,"comment_status":"open","ping_status":"open","sticky":false,"template":"","format":"standard","meta":{"_acf_changed":false,"_eb_attr":"","footnotes":""},"categories":[55],"tags":[],"class_list":["post-32563","post","type-post","status-publish","format-standard","has-post-thumbnail","hentry","category-bienestar"],"acf":[],"aioseo_notices":[],"aioseo_head":"\n\t\t<!-- All in One SEO Pro 4.9.6.2 - aioseo.com -->\n\t<meta name=\"description\" content=\"Susana Madrigales de Montenegro, actualmente reside en Chicago, Illinois desde hace 25 a\u00f1os, es esposa de Jorge Montenegro con quien se cas\u00f3 en el a\u00f1o 1994 y con quien procre\u00f3 a sus dos hijos, Douglas de 27 a\u00f1os y Eunice de 25 a\u00f1os.\" \/>\n\t<meta name=\"robots\" content=\"max-snippet:-1, max-image-preview:large, max-video-preview:-1\" \/>\n\t<meta name=\"author\" content=\"SoyMigrante.com REVISTA\"\/>\n\t<link rel=\"canonical\" href=\"https:\/\/soymigrante.com\/revista\/susana-madrigal-por-a-barahona\/\" \/>\n\t<meta name=\"generator\" content=\"All in One SEO Pro (AIOSEO) 4.9.6.2\" \/>\n\n\t\t<link rel=\"preconnect\" href=\"https:\/\/fonts.googleapis.com\" crossorigin>\n<link rel=\"preconnect\" href=\"https:\/\/fonts.gstatic.com\" crossorigin>\n\t\t<meta property=\"og:locale\" content=\"es_ES\" \/>\n\t\t<meta property=\"og:site_name\" content=\"SoyMigrante.com REVISTA \u2013 Nuestra misi\u00f3n es reconocer y dignificar al migrante.\" \/>\n\t\t<meta property=\"og:type\" content=\"article\" \/>\n\t\t<meta property=\"og:title\" content=\"Susana Madrigal: madre, esposa y emprendedora\" \/>\n\t\t<meta property=\"og:description\" content=\"Susana Madrigales de Montenegro, actualmente reside en Chicago, Illinois desde hace 25 a\u00f1os, es esposa de Jorge Montenegro con quien se cas\u00f3 en el a\u00f1o 1994 y con quien procre\u00f3 a sus dos hijos, Douglas de 27 a\u00f1os y Eunice de 25 a\u00f1os.\" \/>\n\t\t<meta property=\"og:url\" content=\"https:\/\/soymigrante.com\/revista\/susana-madrigal-por-a-barahona\/\" \/>\n\t\t<meta property=\"og:image\" content=\"https:\/\/soymigrante.com\/revista\/wp-content\/uploads\/2023\/02\/1-EXITOS-MADRIGAL-2-1.webp\" \/>\n\t\t<meta property=\"og:image:secure_url\" content=\"https:\/\/soymigrante.com\/revista\/wp-content\/uploads\/2023\/02\/1-EXITOS-MADRIGAL-2-1.webp\" \/>\n\t\t<meta property=\"og:image:width\" content=\"1024\" \/>\n\t\t<meta property=\"og:image:height\" content=\"768\" \/>\n\t\t<meta property=\"article:published_time\" content=\"2023-05-26T00:50:14+00:00\" \/>\n\t\t<meta property=\"article:modified_time\" content=\"2024-06-25T22:20:44+00:00\" \/>\n\t\t<meta property=\"article:publisher\" content=\"https:\/\/www.facebook.com\/soymigrantecom\" \/>\n\t\t<meta name=\"twitter:card\" content=\"summary_large_image\" \/>\n\t\t<meta name=\"twitter:site\" content=\"@SoyMigrante_com\" \/>\n\t\t<meta name=\"twitter:title\" content=\"Susana Madrigal: madre, esposa y emprendedora\" \/>\n\t\t<meta name=\"twitter:description\" content=\"Susana Madrigales de Montenegro, actualmente reside en Chicago, Illinois desde hace 25 a\u00f1os, es esposa de Jorge Montenegro con quien se cas\u00f3 en el a\u00f1o 1994 y con quien procre\u00f3 a sus dos hijos, Douglas de 27 a\u00f1os y Eunice de 25 a\u00f1os.\" \/>\n\t\t<meta name=\"twitter:creator\" content=\"@SoyMigrante_com\" \/>\n\t\t<meta name=\"twitter:image\" content=\"https:\/\/soymigrante.com\/revista\/wp-content\/uploads\/2023\/02\/1-EXITOS-MADRIGAL-2-1.webp\" \/>\n\t\t<!-- All in One SEO Pro -->\r\n\t\t<title>Susana Madrigal: madre, esposa y emprendedora<\/title>\n\n","aioseo_head_json":{"title":"Susana Madrigal: madre, esposa y emprendedora","description":"Susana Madrigales de Montenegro, actualmente reside en Chicago, Illinois desde hace 25 a\u00f1os, es esposa de Jorge Montenegro con quien se cas\u00f3 en el a\u00f1o 1994 y con quien procre\u00f3 a sus dos hijos, Douglas de 27 a\u00f1os y Eunice de 25 a\u00f1os.","canonical_url":"https:\/\/soymigrante.com\/revista\/susana-madrigal-por-a-barahona\/","robots":"max-snippet:-1, max-image-preview:large, max-video-preview:-1","keywords":"","webmasterTools":{"miscellaneous":"&lt;link rel=\"preconnect\" href=\"https:\/\/fonts.googleapis.com\" crossorigin&gt;\n&lt;link rel=\"preconnect\" href=\"https:\/\/fonts.gstatic.com\" crossorigin&gt;"},"schema":null,"og:locale":"es_ES","og:site_name":"SoyMigrante.com REVISTA \u2013 Nuestra misi\u00f3n es reconocer y dignificar al migrante.","og:type":"article","og:title":"Susana Madrigal: madre, esposa y emprendedora","og:description":"Susana Madrigales de Montenegro, actualmente reside en Chicago, Illinois desde hace 25 a\u00f1os, es esposa de Jorge Montenegro con quien se cas\u00f3 en el a\u00f1o 1994 y con quien procre\u00f3 a sus dos hijos, Douglas de 27 a\u00f1os y Eunice de 25 a\u00f1os.","og:url":"https:\/\/soymigrante.com\/revista\/susana-madrigal-por-a-barahona\/","og:image":"https:\/\/soymigrante.com\/revista\/wp-content\/uploads\/2023\/02\/1-EXITOS-MADRIGAL-2-1.webp","og:image:secure_url":"https:\/\/soymigrante.com\/revista\/wp-content\/uploads\/2023\/02\/1-EXITOS-MADRIGAL-2-1.webp","og:image:width":1024,"og:image:height":768,"article:published_time":"2023-05-26T00:50:14+00:00","article:modified_time":"2024-06-25T22:20:44+00:00","article:publisher":"https:\/\/www.facebook.com\/soymigrantecom","twitter:card":"summary_large_image","twitter:site":"@SoyMigrante_com","twitter:title":"Susana Madrigal: madre, esposa y emprendedora","twitter:description":"Susana Madrigales de Montenegro, actualmente reside en Chicago, Illinois desde hace 25 a\u00f1os, es esposa de Jorge Montenegro con quien se cas\u00f3 en el a\u00f1o 1994 y con quien procre\u00f3 a sus dos hijos, Douglas de 27 a\u00f1os y Eunice de 25 a\u00f1os.","twitter:creator":"@SoyMigrante_com","twitter:image":"https:\/\/soymigrante.com\/revista\/wp-content\/uploads\/2023\/02\/1-EXITOS-MADRIGAL-2-1.webp"},"aioseo_meta_data":{"post_id":"32563","title":null,"description":"La transformaci\u00f3n digital es cada vez m\u00e1s importante, pero hay claves mentales para perder el miedo y aventurarse.","keywords":null,"keyphrases":{"focus":{"keyphrase":"Transformaci\u00f3n","score":91,"analysis":{"keyphraseInTitle":{"score":9,"maxScore":9,"error":0},"keyphraseInDescription":{"score":9,"maxScore":9,"error":0},"keyphraseLength":{"score":9,"maxScore":9,"error":0,"length":2},"keyphraseInURL":{"score":5,"maxScore":5,"error":0},"keyphraseInIntroduction":{"score":9,"maxScore":9,"error":0},"keyphraseInSubHeadings":{"score":3,"maxScore":9,"error":1},"keyphraseInImageAlt":{"score":9,"maxScore":9,"error":0},"keywordDensity":{"type":"best","score":9,"maxScore":9,"error":0}}},"additional":[{"keyphrase":"Transformaci\u00f3n","score":100,"analysis":{"keyphraseInDescription":{"score":9,"maxScore":9,"error":0},"keyphraseLength":{"score":9,"maxScore":9,"error":0,"length":2},"keyphraseInIntroduction":{"score":9,"maxScore":9,"error":0},"keyphraseInImageAlt":{"score":9,"maxScore":9,"error":0},"keywordDensity":{"type":"best","score":9,"maxScore":9,"error":0}}}]},"primary_term":null,"canonical_url":null,"og_title":null,"og_description":null,"og_object_type":"default","og_image_type":"default","og_image_url":null,"og_image_width":null,"og_image_height":null,"og_image_custom_url":null,"og_image_custom_fields":null,"og_video":"","og_custom_url":null,"og_article_section":null,"og_article_tags":null,"twitter_use_og":false,"twitter_card":"default","twitter_image_type":"default","twitter_image_url":null,"twitter_image_custom_url":null,"twitter_image_custom_fields":null,"twitter_title":null,"twitter_description":null,"schema":{"blockGraphs":[],"customGraphs":[],"default":{"data":{"Article":[],"Course":[],"Dataset":[],"FAQPage":[],"Movie":[],"Person":[],"Product":[],"ProductReview":[],"Car":[],"Recipe":[],"Service":[],"SoftwareApplication":[],"WebPage":[]},"graphName":"none","isEnabled":true},"graphs":[]},"schema_type":"default","schema_type_options":null,"pillar_content":false,"robots_default":true,"robots_noindex":false,"robots_noarchive":false,"robots_nosnippet":false,"robots_nofollow":false,"robots_noimageindex":false,"robots_noodp":false,"robots_notranslate":false,"robots_max_snippet":"-1","robots_max_videopreview":"-1","robots_max_imagepreview":"large","priority":null,"frequency":"default","local_seo":null,"seo_analyzer_scan_date":"2025-10-09 04:53:26","breadcrumb_settings":null,"limit_modified_date":false,"reviewed_by":null,"open_ai":"{\"title\":{\"suggestions\":[],\"usage\":0},\"description\":{\"suggestions\":[],\"usage\":0}}","ai":null,"created":"2025-05-05 17:48:45","updated":"2026-02-04 23:31:27"},"aioseo_breadcrumb":"<div class=\"aioseo-breadcrumbs\"><span class=\"aioseo-breadcrumb\">\n\t<a href=\"https:\/\/soymigrante.com\/revista\" title=\"Home\">Home<\/a>\n<\/span><span class=\"aioseo-breadcrumb-separator\">\u00bb<\/span><span class=\"aioseo-breadcrumb\">\n\t<a href=\"https:\/\/soymigrante.com\/revista\/category\/bienestar\/\" title=\"Bienestar\">Bienestar<\/a>\n<\/span><span class=\"aioseo-breadcrumb-separator\">\u00bb<\/span><span class=\"aioseo-breadcrumb\">\n\tTransformaci\u00f3n tecnol\u00f3gica: claves mentales para ganar confianza con herramientas digitales\n<\/span><\/div>","aioseo_breadcrumb_json":[{"label":"Home","link":"https:\/\/soymigrante.com\/revista"},{"label":"Bienestar","link":"https:\/\/soymigrante.com\/revista\/category\/bienestar\/"},{"label":"Transformaci\u00f3n tecnol\u00f3gica: claves mentales para ganar confianza con herramientas digitales","link":"https:\/\/soymigrante.com\/revista\/transformacion-digital-claves-mentales-para-perder-el-miedo\/"}],"_links":{"self":[{"href":"https:\/\/soymigrante.com\/revista\/wp-json\/wp\/v2\/posts\/32563","targetHints":{"allow":["GET"]}}],"collection":[{"href":"https:\/\/soymigrante.com\/revista\/wp-json\/wp\/v2\/posts"}],"about":[{"href":"https:\/\/soymigrante.com\/revista\/wp-json\/wp\/v2\/types\/post"}],"author":[{"embeddable":true,"href":"https:\/\/soymigrante.com\/revista\/wp-json\/wp\/v2\/users\/19"}],"replies":[{"embeddable":true,"href":"https:\/\/soymigrante.com\/revista\/wp-json\/wp\/v2\/comments?post=32563"}],"version-history":[{"count":13,"href":"https:\/\/soymigrante.com\/revista\/wp-json\/wp\/v2\/posts\/32563\/revisions"}],"predecessor-version":[{"id":32752,"href":"https:\/\/soymigrante.com\/revista\/wp-json\/wp\/v2\/posts\/32563\/revisions\/32752"}],"wp:featuredmedia":[{"embeddable":true,"href":"https:\/\/soymigrante.com\/revista\/wp-json\/wp\/v2\/media\/32564"}],"wp:attachment":[{"href":"https:\/\/soymigrante.com\/revista\/wp-json\/wp\/v2\/media?parent=32563"}],"wp:term":[{"taxonomy":"category","embeddable":true,"href":"https:\/\/soymigrante.com\/revista\/wp-json\/wp\/v2\/categories?post=32563"},{"taxonomy":"post_tag","embeddable":true,"href":"https:\/\/soymigrante.com\/revista\/wp-json\/wp\/v2\/tags?post=32563"}],"curies":[{"name":"wp","href":"https:\/\/api.w.org\/{rel}","templated":true}]}}