{"id":3245,"date":"2023-11-08T23:42:12","date_gmt":"2023-11-09T05:42:12","guid":{"rendered":"https:\/\/soymigrante.com\/revista\/?p=3245"},"modified":"2024-07-29T18:15:44","modified_gmt":"2024-07-30T00:15:44","slug":"houston-artista-maya-tzutujil-efectua-un-performance-en-homenaje-a-migrantes","status":"publish","type":"post","link":"https:\/\/soymigrante.com\/revista\/houston-artista-maya-tzutujil-efectua-un-performance-en-homenaje-a-migrantes\/","title":{"rendered":"Artista tzutujil efect\u00faa performance en Houston a la memoria de almas de migrantes"},"content":{"rendered":"\t\t<div data-elementor-type=\"wp-post\" data-elementor-id=\"3245\" class=\"elementor elementor-3245\" data-elementor-post-type=\"post\">\n\t\t\t\t\t\t<section data-particle_enable=\"false\" data-particle-mobile-disabled=\"false\" class=\"elementor-section elementor-top-section elementor-element elementor-element-399e8cd elementor-section-boxed elementor-section-height-default elementor-section-height-default\" data-id=\"399e8cd\" data-element_type=\"section\" data-e-type=\"section\">\n\t\t\t\t\t\t<div class=\"elementor-container elementor-column-gap-default\">\n\t\t\t\t\t<div class=\"elementor-column elementor-col-100 elementor-top-column elementor-element elementor-element-e60fb98\" data-id=\"e60fb98\" data-element_type=\"column\" data-e-type=\"column\">\n\t\t\t<div class=\"elementor-widget-wrap elementor-element-populated\">\n\t\t\t\t\t\t<div class=\"elementor-element elementor-element-bd6ae4b elementor-widget elementor-widget-heading\" data-id=\"bd6ae4b\" data-element_type=\"widget\" data-e-type=\"widget\" data-widget_type=\"heading.default\">\n\t\t\t\t\t<h1 class=\"elementor-heading-title elementor-size-default\">El artista maya tzutujil Benvenuto Chavajay  efectu\u00f3 una acci\u00f3n art\u00edstica, con el apoyo del Instituto de Arte de la Universidad de Houston y la galer\u00eda Blaffer, en representaci\u00f3n de las almas de migrantes guatemaltecos que han muerto lejos de su tierra natal <\/h1>\t\t\t\t<\/div>\n\t\t\t\t\t<\/div>\n\t\t<\/div>\n\t\t\t\t\t<\/div>\n\t\t<\/section>\n\t\t\t\t<section data-particle_enable=\"false\" data-particle-mobile-disabled=\"false\" class=\"elementor-section elementor-top-section elementor-element elementor-element-ae3f5ab elementor-section-boxed elementor-section-height-default elementor-section-height-default\" data-id=\"ae3f5ab\" data-element_type=\"section\" data-e-type=\"section\">\n\t\t\t\t\t\t<div class=\"elementor-container elementor-column-gap-default\">\n\t\t\t\t\t<div class=\"elementor-column elementor-col-100 elementor-top-column elementor-element elementor-element-046a300\" data-id=\"046a300\" data-element_type=\"column\" data-e-type=\"column\">\n\t\t\t<div class=\"elementor-widget-wrap elementor-element-populated\">\n\t\t\t\t\t\t<div class=\"elementor-element elementor-element-b61148e elementor-widget elementor-widget-image\" data-id=\"b61148e\" data-element_type=\"widget\" data-e-type=\"widget\" data-widget_type=\"image.default\">\n\t\t\t\t\t\t\t\t\t\t\t\t<figure class=\"wp-caption\">\n\t\t\t\t\t\t\t\t\t\t<img fetchpriority=\"high\" decoding=\"async\" width=\"768\" height=\"1024\" src=\"https:\/\/soymigrante.com\/revista\/wp-content\/uploads\/2023\/11\/Artista-guatemalteco-Benvenuto-Chavajay-efectua-homenaje-a-migrantes-fallecidos-en-Houston-Texas-2-768x1024.webp\" class=\"attachment-large size-large wp-image-3292\" alt=\"\" srcset=\"https:\/\/soymigrante.com\/revista\/wp-content\/uploads\/2023\/11\/Artista-guatemalteco-Benvenuto-Chavajay-efectua-homenaje-a-migrantes-fallecidos-en-Houston-Texas-2-768x1024.webp 768w, https:\/\/soymigrante.com\/revista\/wp-content\/uploads\/2023\/11\/Artista-guatemalteco-Benvenuto-Chavajay-efectua-homenaje-a-migrantes-fallecidos-en-Houston-Texas-2-225x300.webp 225w, https:\/\/soymigrante.com\/revista\/wp-content\/uploads\/2023\/11\/Artista-guatemalteco-Benvenuto-Chavajay-efectua-homenaje-a-migrantes-fallecidos-en-Houston-Texas-2-1152x1536.webp 1152w, https:\/\/soymigrante.com\/revista\/wp-content\/uploads\/2023\/11\/Artista-guatemalteco-Benvenuto-Chavajay-efectua-homenaje-a-migrantes-fallecidos-en-Houston-Texas-2-750x1000.webp 750w, https:\/\/soymigrante.com\/revista\/wp-content\/uploads\/2023\/11\/Artista-guatemalteco-Benvenuto-Chavajay-efectua-homenaje-a-migrantes-fallecidos-en-Houston-Texas-2-1140x1520.webp 1140w, https:\/\/soymigrante.com\/revista\/wp-content\/uploads\/2023\/11\/Artista-guatemalteco-Benvenuto-Chavajay-efectua-homenaje-a-migrantes-fallecidos-en-Houston-Texas-2.webp 1200w\" sizes=\"(max-width: 768px) 100vw, 768px\" title=\"La temperatura era fr\u00eda y por eso la representaci\u00f3n art\u00edstica dur\u00f3 unos 12 minutos. Benvenuto Chavajay se pint\u00f3 de pies a cabeza con pintura negra elaborada a base de petr\u00f3leo, para evocar la muerte, la soledad y la distancia, pero tambi\u00e9n el color de las aves migratorias conocidas como azacuanes. \u2013 SoyMigrante.com REVISTA\" \/>\t\t\t\t\t\t\t\t\t\t\t<figcaption class=\"widget-image-caption wp-caption-text\">La temperatura era fr\u00eda y por eso la representaci\u00f3n art\u00edstica dur\u00f3 unos 12 minutos. Benvenuto Chavajay se pint\u00f3 de pies a cabeza con pintura negra elaborada a base de petr\u00f3leo, para evocar la muerte, la soledad y la distancia, pero tambi\u00e9n el color de las aves migratorias conocidas como azacuanes.<\/figcaption>\n\t\t\t\t\t\t\t\t\t\t<\/figure>\n\t\t\t\t\t\t\t\t\t<\/div>\n\t\t\t\t\t<\/div>\n\t\t<\/div>\n\t\t\t\t\t<\/div>\n\t\t<\/section>\n\t\t\t\t<section data-particle_enable=\"false\" data-particle-mobile-disabled=\"false\" class=\"elementor-section elementor-top-section elementor-element elementor-element-52b9114 elementor-section-boxed elementor-section-height-default elementor-section-height-default\" data-id=\"52b9114\" data-element_type=\"section\" data-e-type=\"section\">\n\t\t\t\t\t\t<div class=\"elementor-container elementor-column-gap-default\">\n\t\t\t\t\t<div class=\"elementor-column elementor-col-100 elementor-top-column elementor-element elementor-element-837ab24\" data-id=\"837ab24\" data-element_type=\"column\" data-e-type=\"column\">\n\t\t\t<div class=\"elementor-widget-wrap elementor-element-populated\">\n\t\t\t\t\t\t<div class=\"elementor-element elementor-element-8920506 elementor-widget elementor-widget-heading\" data-id=\"8920506\" data-element_type=\"widget\" data-e-type=\"widget\" data-widget_type=\"heading.default\">\n\t\t\t\t\t<h2 class=\"elementor-heading-title elementor-size-default\">Cuerpo pintado como un lenguaje<\/h2>\t\t\t\t<\/div>\n\t\t\t\t\t<\/div>\n\t\t<\/div>\n\t\t\t\t\t<\/div>\n\t\t<\/section>\n\t\t\t\t<section data-particle_enable=\"false\" data-particle-mobile-disabled=\"false\" class=\"elementor-section elementor-top-section elementor-element elementor-element-0225252 elementor-section-boxed elementor-section-height-default elementor-section-height-default\" data-id=\"0225252\" data-element_type=\"section\" data-e-type=\"section\">\n\t\t\t\t\t\t<div class=\"elementor-container elementor-column-gap-default\">\n\t\t\t\t\t<div class=\"elementor-column elementor-col-100 elementor-top-column elementor-element elementor-element-f867447\" data-id=\"f867447\" data-element_type=\"column\" data-e-type=\"column\">\n\t\t\t<div class=\"elementor-widget-wrap elementor-element-populated\">\n\t\t\t\t\t\t<div class=\"elementor-element elementor-element-844d2d7 elementor-widget elementor-widget-text-editor\" data-id=\"844d2d7\" data-element_type=\"widget\" data-e-type=\"widget\" data-widget_type=\"text-editor.default\">\n\t\t\t\t\t\t\t\t\t<p>No es la primera vez que Benvenuto Chavajay se pinta el cuerpo para&nbsp; ser \u00e9l mismo parte de la propuesta art\u00edstica. En una ocasi\u00f3n se unt\u00f3 masa de ma\u00edz para ser en efecto un Hombre de Ma\u00edz. Visit\u00f3 as\u00ed la tumba de Miguel Angel Asturias, Premio Nobel de Literatura, creador de la novela del mismo nombre. No obstante, Chavajay lo hizo a manera de cr\u00edtica, debido a la controversia por la tesis de Asturias cuando se gradu\u00f3 de abogado, llamada El problema social del indio en Guatemala.<\/p>\n<p>Como ind\u00edgena maya tzutujil, Chavajay fue al cementerio Pere Lachaise, de Par\u00eds, para caminar frente a la tumba del escritor como un Hombre de Maiz vivo. No lo dejaron entrar as\u00ed que solo camin\u00f3 por el exterior del cementerio.<\/p>\n<p><br><\/p>\t\t\t\t\t\t\t\t<\/div>\n\t\t\t\t\t<\/div>\n\t\t<\/div>\n\t\t\t\t\t<\/div>\n\t\t<\/section>\n\t\t\t\t<section data-particle_enable=\"false\" data-particle-mobile-disabled=\"false\" class=\"elementor-section elementor-top-section elementor-element elementor-element-c67cdb5 elementor-section-boxed elementor-section-height-default elementor-section-height-default\" data-id=\"c67cdb5\" data-element_type=\"section\" data-e-type=\"section\">\n\t\t\t\t\t\t<div class=\"elementor-container elementor-column-gap-default\">\n\t\t\t\t\t<div class=\"elementor-column elementor-col-100 elementor-top-column elementor-element elementor-element-33ad0ff\" data-id=\"33ad0ff\" data-element_type=\"column\" data-e-type=\"column\">\n\t\t\t<div class=\"elementor-widget-wrap elementor-element-populated\">\n\t\t\t\t\t\t<div class=\"elementor-element elementor-element-413a03c elementor-widget elementor-widget-video\" data-id=\"413a03c\" data-element_type=\"widget\" data-e-type=\"widget\" data-settings=\"{&quot;youtube_url&quot;:&quot;https:\\\/\\\/www.youtube.com\\\/watch?v=McEW0KKn6AQ&quot;,&quot;start&quot;:834,&quot;autoplay&quot;:&quot;yes&quot;,&quot;video_type&quot;:&quot;youtube&quot;,&quot;controls&quot;:&quot;yes&quot;}\" data-widget_type=\"video.default\">\n\t\t\t\t\t\t\t<div class=\"elementor-wrapper elementor-open-inline\">\n\t\t\t<div class=\"elementor-video\"><\/div>\t\t<\/div>\n\t\t\t\t\t\t<\/div>\n\t\t\t\t\t<\/div>\n\t\t<\/div>\n\t\t\t\t\t<\/div>\n\t\t<\/section>\n\t\t\t\t<section data-particle_enable=\"false\" data-particle-mobile-disabled=\"false\" class=\"elementor-section elementor-top-section elementor-element elementor-element-eb54fe8 elementor-section-boxed elementor-section-height-default elementor-section-height-default\" data-id=\"eb54fe8\" data-element_type=\"section\" data-e-type=\"section\">\n\t\t\t\t\t\t<div class=\"elementor-container elementor-column-gap-default\">\n\t\t\t\t\t<div class=\"elementor-column elementor-col-100 elementor-top-column elementor-element elementor-element-39e6c00\" data-id=\"39e6c00\" data-element_type=\"column\" data-e-type=\"column\">\n\t\t\t<div class=\"elementor-widget-wrap elementor-element-populated\">\n\t\t\t\t\t\t<div class=\"elementor-element elementor-element-8796032 elementor-widget elementor-widget-text-editor\" data-id=\"8796032\" data-element_type=\"widget\" data-e-type=\"widget\" data-widget_type=\"text-editor.default\">\n\t\t\t\t\t\t\t\t\t<p><br><\/p>\n<p>En la Universidad de Houston y en colaboraci\u00f3n con la galer\u00eda de arte Blatter, Benvenuto present\u00f3 una de sus obras, un hombre verde, cubierto con hojas molidas, para representar el ideal de integraci\u00f3n con la naturaleza y tambi\u00e9n la conexi\u00f3n del ser humano con el entorno.<\/p>\n<p>Pero la galer\u00eda le pidi\u00f3 si pod\u00eda efectuar un performance all\u00ed en Houston. Entonces decidi\u00f3 presentar Petro Oleo, el hombre cubierto de negro.&nbsp;&nbsp;<\/p>\t\t\t\t\t\t\t\t<\/div>\n\t\t\t\t<div class=\"elementor-element elementor-element-14e8c12 elementor-widget elementor-widget-image\" data-id=\"14e8c12\" data-element_type=\"widget\" data-e-type=\"widget\" data-widget_type=\"image.default\">\n\t\t\t\t\t\t\t\t\t\t\t\t<figure class=\"wp-caption\">\n\t\t\t\t\t\t\t\t\t\t<img decoding=\"async\" width=\"960\" height=\"689\" src=\"https:\/\/soymigrante.com\/revista\/wp-content\/uploads\/2023\/11\/chavajay-e1699507330523.webp\" class=\"attachment-large size-large wp-image-3307\" alt=\"\" srcset=\"https:\/\/soymigrante.com\/revista\/wp-content\/uploads\/2023\/11\/chavajay-e1699507330523.webp 960w, https:\/\/soymigrante.com\/revista\/wp-content\/uploads\/2023\/11\/chavajay-e1699507330523-300x215.webp 300w, https:\/\/soymigrante.com\/revista\/wp-content\/uploads\/2023\/11\/chavajay-e1699507330523-768x551.webp 768w, https:\/\/soymigrante.com\/revista\/wp-content\/uploads\/2023\/11\/chavajay-e1699507330523-120x86.webp 120w, https:\/\/soymigrante.com\/revista\/wp-content\/uploads\/2023\/11\/chavajay-e1699507330523-350x250.webp 350w, https:\/\/soymigrante.com\/revista\/wp-content\/uploads\/2023\/11\/chavajay-e1699507330523-750x538.webp 750w\" sizes=\"(max-width: 960px) 100vw, 960px\" title=\"Benvenuto Chavajay Ixtetel\u00e1 es originario de San Pedro La Laguna , Solol\u00e1. Naci\u00f3 en 1978 y es egresado de la EScuela Nacional de Artes Pl\u00e1sticas.. Aqu\u00ed posa junto a la obra expuesta en el Museo Flaffer, en Houston Texas. La muestra permanecer\u00e1 hasta marzo de 2024. \u2013 SoyMigrante.com REVISTA\" \/>\t\t\t\t\t\t\t\t\t\t\t<figcaption class=\"widget-image-caption wp-caption-text\">Benvenuto Chavajay Ixtetel\u00e1 es originario de San Pedro La Laguna , Solol\u00e1. Naci\u00f3 en 1978 y es egresado de la EScuela Nacional de Artes Pl\u00e1sticas.. Aqu\u00ed posa junto a la obra expuesta en el Museo Flaffer, en Houston Texas. La muestra permanecer\u00e1 hasta marzo de 2024.<\/figcaption>\n\t\t\t\t\t\t\t\t\t\t<\/figure>\n\t\t\t\t\t\t\t\t\t<\/div>\n\t\t\t\t\t<\/div>\n\t\t<\/div>\n\t\t\t\t\t<\/div>\n\t\t<\/section>\n\t\t\t\t<section data-particle_enable=\"false\" data-particle-mobile-disabled=\"false\" class=\"elementor-section elementor-top-section elementor-element elementor-element-690f8ab elementor-section-boxed elementor-section-height-default elementor-section-height-default\" data-id=\"690f8ab\" data-element_type=\"section\" data-e-type=\"section\">\n\t\t\t\t\t\t<div class=\"elementor-container elementor-column-gap-default\">\n\t\t\t\t\t<div class=\"elementor-column elementor-col-100 elementor-top-column elementor-element elementor-element-ef9b2ba\" data-id=\"ef9b2ba\" data-element_type=\"column\" data-e-type=\"column\">\n\t\t\t<div class=\"elementor-widget-wrap elementor-element-populated\">\n\t\t\t\t\t\t<div class=\"elementor-element elementor-element-4d48cd5 elementor-widget elementor-widget-heading\" data-id=\"4d48cd5\" data-element_type=\"widget\" data-e-type=\"widget\" data-widget_type=\"heading.default\">\n\t\t\t\t\t<h2 class=\"elementor-heading-title elementor-size-default\">Las almas de los migrantes<\/h2>\t\t\t\t<\/div>\n\t\t\t\t\t<\/div>\n\t\t<\/div>\n\t\t\t\t\t<\/div>\n\t\t<\/section>\n\t\t\t\t<section data-particle_enable=\"false\" data-particle-mobile-disabled=\"false\" class=\"elementor-section elementor-top-section elementor-element elementor-element-1a4e969 elementor-section-boxed elementor-section-height-default elementor-section-height-default\" data-id=\"1a4e969\" data-element_type=\"section\" data-e-type=\"section\">\n\t\t\t\t\t\t<div class=\"elementor-container elementor-column-gap-default\">\n\t\t\t\t\t<div class=\"elementor-column elementor-col-100 elementor-top-column elementor-element elementor-element-4ea36ff\" data-id=\"4ea36ff\" data-element_type=\"column\" data-e-type=\"column\">\n\t\t\t<div class=\"elementor-widget-wrap elementor-element-populated\">\n\t\t\t\t\t\t<div class=\"elementor-element elementor-element-e1ad5b5 elementor-widget elementor-widget-text-editor\" data-id=\"e1ad5b5\" data-element_type=\"widget\" data-e-type=\"widget\" data-widget_type=\"text-editor.default\">\n\t\t\t\t\t\t\t\t\t<p>Seg\u00fan la tradici\u00f3n maya q&#8217;anjob&#8217;al, el vuelo de los azacuanes -aves migratorias, representa almas que pasan una vez al a\u00f1o. Su color caracter\u00edstico es el negro y por eso Chavajay las eligi\u00f3 como s\u00edmbolo. &#8220;Desde hace unos 15 a\u00f1os quer\u00eda hacer una obra con ese s\u00edmbolo, pero no hab\u00eda encontrado el momento. Hasta este 2 de noviembre, d\u00eda de Difuntos. Pens\u00e9 en las almas de tantos migrantes guatemaltecos que mueren aqu\u00ed en Estados Unidos o en el camino de la migraci\u00f3n. Por eso me pint\u00e9 de negro y consegu\u00ed flores de muerto. Aqu\u00ed la galer\u00eda y la universidad me ayudaron a conseguirlas.<\/p><p>El alma y las flores se encuentran como un homenaje, como un retorno simb\u00f3lico a la tierra natal de donde alguna vez salieron. Hac\u00eda fr\u00edo, por eso tuvimos que hacerlo r\u00e1pido. Pero estar desudo en ese fr\u00edo fue parte tambi\u00e9n del performance. Cuando ya no resist\u00eda, me cubrieron con uno de esos pl\u00e1sticos plateados t\u00e9rmicos: esos mismos que le dan a los migrantes en los albergues cuando los capturan.<\/p>\t\t\t\t\t\t\t\t<\/div>\n\t\t\t\t\t<\/div>\n\t\t<\/div>\n\t\t\t\t\t<\/div>\n\t\t<\/section>\n\t\t\t\t<section data-particle_enable=\"false\" data-particle-mobile-disabled=\"false\" class=\"elementor-section elementor-top-section elementor-element elementor-element-faed3b1 elementor-section-boxed elementor-section-height-default elementor-section-height-default\" data-id=\"faed3b1\" data-element_type=\"section\" data-e-type=\"section\">\n\t\t\t\t\t\t<div class=\"elementor-container elementor-column-gap-default\">\n\t\t\t\t\t<div class=\"elementor-column elementor-col-100 elementor-top-column elementor-element elementor-element-b7604bf\" data-id=\"b7604bf\" data-element_type=\"column\" data-e-type=\"column\">\n\t\t\t<div class=\"elementor-widget-wrap elementor-element-populated\">\n\t\t\t\t\t\t<div class=\"elementor-element elementor-element-d2fbd7d elementor-widget elementor-widget-heading\" data-id=\"d2fbd7d\" data-element_type=\"widget\" data-e-type=\"widget\" data-widget_type=\"heading.default\">\n\t\t\t\t\t<h2 class=\"elementor-heading-title elementor-size-default\">Esta es la secuencia del performance:<\/h2>\t\t\t\t<\/div>\n\t\t\t\t\t<\/div>\n\t\t<\/div>\n\t\t\t\t\t<\/div>\n\t\t<\/section>\n\t\t\t\t<section data-particle_enable=\"false\" data-particle-mobile-disabled=\"false\" class=\"elementor-section elementor-top-section elementor-element elementor-element-fbeb051 elementor-section-boxed elementor-section-height-default elementor-section-height-default\" data-id=\"fbeb051\" data-element_type=\"section\" data-e-type=\"section\">\n\t\t\t\t\t\t<div class=\"elementor-container elementor-column-gap-default\">\n\t\t\t\t\t<div class=\"elementor-column elementor-col-100 elementor-top-column elementor-element elementor-element-c9670bd\" data-id=\"c9670bd\" data-element_type=\"column\" data-e-type=\"column\">\n\t\t\t<div class=\"elementor-widget-wrap elementor-element-populated\">\n\t\t\t\t\t\t<div class=\"elementor-element elementor-element-0401eda elementor-arrows-position-inside elementor-pagination-position-outside elementor-invisible elementor-widget elementor-widget-image-carousel\" data-id=\"0401eda\" data-element_type=\"widget\" data-e-type=\"widget\" data-settings=\"{&quot;slides_to_show&quot;:&quot;1&quot;,&quot;autoplay_speed&quot;:3000,&quot;_animation&quot;:&quot;slideInUp&quot;,&quot;navigation&quot;:&quot;both&quot;,&quot;autoplay&quot;:&quot;yes&quot;,&quot;pause_on_hover&quot;:&quot;yes&quot;,&quot;pause_on_interaction&quot;:&quot;yes&quot;,&quot;infinite&quot;:&quot;yes&quot;,&quot;effect&quot;:&quot;slide&quot;,&quot;speed&quot;:500}\" data-widget_type=\"image-carousel.default\">\n\t\t\t\t\t\t\t<div class=\"elementor-image-carousel-wrapper swiper\" role=\"region\" aria-roledescription=\"carousel\" aria-label=\"Carrusel de im\u00e1genes\" dir=\"ltr\">\n\t\t\t<div class=\"elementor-image-carousel swiper-wrapper\" aria-live=\"off\">\n\t\t\t\t\t\t\t\t<div class=\"swiper-slide\" role=\"group\" aria-roledescription=\"slide\" aria-label=\"1 de 13\"><figure class=\"swiper-slide-inner\"><img decoding=\"async\" class=\"swiper-slide-image\" src=\"https:\/\/soymigrante.com\/revista\/wp-content\/uploads\/2023\/11\/Artista-guatemalteco-Benvenuto-Chavajay-efectua-homenaje-a-migrantes-fallecidos-en-Houston-Texas-14-1024x768.webp\" alt=\"La silueta de la ciudad de Houston y la cerca que simboliza el muro fronterizo son claves en el escenario de esta representaci\u00f3n\" \/><figcaption class=\"elementor-image-carousel-caption\">La silueta de la ciudad de Houston y la cerca que simboliza el muro fronterizo son claves en el escenario de esta representaci\u00f3n<\/figcaption><\/figure><\/div><div class=\"swiper-slide\" role=\"group\" aria-roledescription=\"slide\" aria-label=\"2 de 13\"><figure class=\"swiper-slide-inner\"><img decoding=\"async\" class=\"swiper-slide-image\" src=\"https:\/\/soymigrante.com\/revista\/wp-content\/uploads\/2023\/11\/Artista-guatemalteco-Benvenuto-Chavajay-efectua-homenaje-a-migrantes-fallecidos-en-Houston-Texas-8-1024x768.webp\" alt=\"Rodeado de flores de muerto, Chavajay se cubre con \u00f3leo negro, para representar c\u00f3mo deja su vida anterior y se muda a otra realidad.\" \/><figcaption class=\"elementor-image-carousel-caption\">Rodeado de flores de muerto, Chavajay se cubre con \u00f3leo negro, para representar c\u00f3mo deja su vida anterior y se muda a otra realidad.<\/figcaption><\/figure><\/div><div class=\"swiper-slide\" role=\"group\" aria-roledescription=\"slide\" aria-label=\"3 de 13\"><figure class=\"swiper-slide-inner\"><img decoding=\"async\" class=\"swiper-slide-image\" src=\"https:\/\/soymigrante.com\/revista\/wp-content\/uploads\/2023\/11\/Artista-guatemalteco-Benvenuto-Chavajay-efectua-homenaje-a-migrantes-fallecidos-en-Houston-Texas-9-1024x768.webp\" alt=\"Del aire fresco del campo se pasa al humo negro de las grandes ciudades estadounidenses\" \/><figcaption class=\"elementor-image-carousel-caption\">Del aire fresco del campo se pasa al humo negro de las grandes ciudades estadounidenses<\/figcaption><\/figure><\/div><div class=\"swiper-slide\" role=\"group\" aria-roledescription=\"slide\" aria-label=\"4 de 13\"><figure class=\"swiper-slide-inner\"><img decoding=\"async\" class=\"swiper-slide-image\" src=\"https:\/\/soymigrante.com\/revista\/wp-content\/uploads\/2023\/11\/Artista-guatemalteco-Benvenuto-Chavajay-efectua-homenaje-a-migrantes-fallecidos-en-Houston-Texas-7-1024x768.webp\" alt=\"El migrante en muchos casos fallece en el camino y su alma queda fuera de su pueblo\" \/><figcaption class=\"elementor-image-carousel-caption\">El migrante en muchos casos fallece en el camino y su alma queda fuera de su pueblo<\/figcaption><\/figure><\/div><div class=\"swiper-slide\" role=\"group\" aria-roledescription=\"slide\" aria-label=\"5 de 13\"><figure class=\"swiper-slide-inner\"><img decoding=\"async\" class=\"swiper-slide-image\" src=\"https:\/\/soymigrante.com\/revista\/wp-content\/uploads\/2023\/11\/Artista-guatemalteco-Benvenuto-Chavajay-efectua-homenaje-a-migrantes-fallecidos-en-Houston-Texas-10-1024x768.webp\" alt=\"Estudiantes y profesores de la Universidad de Houston ayudan al artita a completar la cobertura negra hasta el rostro\" \/><figcaption class=\"elementor-image-carousel-caption\">Estudiantes y profesores de la Universidad de Houston ayudan al artita a completar la cobertura negra hasta el rostro<\/figcaption><\/figure><\/div><div class=\"swiper-slide\" role=\"group\" aria-roledescription=\"slide\" aria-label=\"6 de 13\"><figure class=\"swiper-slide-inner\"><img decoding=\"async\" class=\"swiper-slide-image\" src=\"https:\/\/soymigrante.com\/revista\/wp-content\/uploads\/2023\/11\/Artista-guatemalteco-Benvenuto-Chavajay-efectua-homenaje-a-migrantes-fallecidos-en-Houston-Texas-6-683x1024.webp\" alt=\"El alma del migrante es un azacu\u00e1n en una ciudad extra\u00f1a y encerrada por muros\" \/><figcaption class=\"elementor-image-carousel-caption\">El alma del migrante es un azacu\u00e1n en una ciudad extra\u00f1a y encerrada por muros<\/figcaption><\/figure><\/div><div class=\"swiper-slide\" role=\"group\" aria-roledescription=\"slide\" aria-label=\"7 de 13\"><figure class=\"swiper-slide-inner\"><img decoding=\"async\" class=\"swiper-slide-image\" src=\"https:\/\/soymigrante.com\/revista\/wp-content\/uploads\/2023\/11\/Artista-guatemalteco-Benvenuto-Chavajay-efectua-homenaje-a-migrantes-fallecidos-en-Houston-Texas-15-1024x682.webp\" alt=\"Recoger las flores es recuperar la memoria, la tradici\u00f3n, las ra\u00edces y tambi\u00e9n la identidad\" \/><figcaption class=\"elementor-image-carousel-caption\">Recoger las flores es recuperar la memoria, la tradici\u00f3n, las ra\u00edces y tambi\u00e9n la identidad <\/figcaption><\/figure><\/div><div class=\"swiper-slide\" role=\"group\" aria-roledescription=\"slide\" aria-label=\"8 de 13\"><figure class=\"swiper-slide-inner\"><img decoding=\"async\" class=\"swiper-slide-image\" src=\"https:\/\/soymigrante.com\/revista\/wp-content\/uploads\/2023\/11\/Artista-guatemalteco-Benvenuto-Chavajay-efectua-homenaje-a-migrantes-fallecidos-en-Houston-Texas-11-768x1024.webp\" alt=\"El artista ofrece las flores como ofrenda por las almas de tantos migrantes\" \/><figcaption class=\"elementor-image-carousel-caption\">El artista ofrece las flores como ofrenda por las almas de tantos migrantes<\/figcaption><\/figure><\/div><div class=\"swiper-slide\" role=\"group\" aria-roledescription=\"slide\" aria-label=\"9 de 13\"><figure class=\"swiper-slide-inner\"><img decoding=\"async\" class=\"swiper-slide-image\" src=\"https:\/\/soymigrante.com\/revista\/wp-content\/uploads\/2023\/11\/Artista-guatemalteco-Benvenuto-Chavajay-efectua-homenaje-a-migrantes-fallecidos-en-Houston-Texas-16-684x1024.webp\" alt=\"Esta es una forma de ayudarles a retornar como los azacuanes migratorios, hasta las monta\u00f1as guatemaltecas\" \/><figcaption class=\"elementor-image-carousel-caption\">Esta es una forma de ayudarles a retornar como los azacuanes migratorios, hasta las monta\u00f1as guatemaltecas<\/figcaption><\/figure><\/div><div class=\"swiper-slide\" role=\"group\" aria-roledescription=\"slide\" aria-label=\"10 de 13\"><figure class=\"swiper-slide-inner\"><img decoding=\"async\" class=\"swiper-slide-image\" src=\"https:\/\/soymigrante.com\/revista\/wp-content\/uploads\/2023\/11\/Artista-guatemalteco-Benvenuto-Chavajay-efectua-homenaje-a-migrantes-fallecidos-en-Houston-Texas-1-1024x682.webp\" alt=\"Chavajay expres\u00f3 gran respeto por los migrantes, porque debieron salir desu tierra em busca de trabajo y oportunidades.\" \/><figcaption class=\"elementor-image-carousel-caption\">Chavajay expres\u00f3 gran respeto por los migrantes, porque debieron salir desu tierra em busca de trabajo y oportunidades.<\/figcaption><\/figure><\/div><div class=\"swiper-slide\" role=\"group\" aria-roledescription=\"slide\" aria-label=\"11 de 13\"><figure class=\"swiper-slide-inner\"><img decoding=\"async\" class=\"swiper-slide-image\" src=\"https:\/\/soymigrante.com\/revista\/wp-content\/uploads\/2023\/11\/Artista-guatemalteco-Benvenuto-Chavajay-efectua-homenaje-a-migrantes-fallecidos-en-Houston-Texas-3-1024x658.webp\" alt=\"Momento culminante del performance: cuando el alma se encuentra con sus ra\u00edces, sus flores, sus monta\u00f1as\" \/><figcaption class=\"elementor-image-carousel-caption\">Momento culminante del performance: cuando el alma se encuentra con sus ra\u00edces, sus flores, sus monta\u00f1as<\/figcaption><\/figure><\/div><div class=\"swiper-slide\" role=\"group\" aria-roledescription=\"slide\" aria-label=\"12 de 13\"><figure class=\"swiper-slide-inner\"><img decoding=\"async\" class=\"swiper-slide-image\" src=\"https:\/\/soymigrante.com\/revista\/wp-content\/uploads\/2023\/11\/Artista-guatemalteco-Benvenuto-Chavajay-efectua-homenaje-a-migrantes-fallecidos-en-Houston-Texas-5-683x1024.webp\" alt=\"El fr\u00edo hizo necesario cubrir al artista con una manta t\u00e9rmica, similar a las usadas en centros de detencion de migrantes\" \/><figcaption class=\"elementor-image-carousel-caption\">El fr\u00edo hizo necesario cubrir al artista con una manta t\u00e9rmica, similar a las usadas en centros de detencion de migrantes<\/figcaption><\/figure><\/div><div class=\"swiper-slide\" role=\"group\" aria-roledescription=\"slide\" aria-label=\"13 de 13\"><figure class=\"swiper-slide-inner\"><img decoding=\"async\" class=\"swiper-slide-image\" src=\"https:\/\/soymigrante.com\/revista\/wp-content\/uploads\/2023\/11\/Artista-guatemalteco-Benvenuto-Chavajay-efectua-homenaje-a-migrantes-fallecidos-en-Houston-Texas-13-768x1024.webp\" alt=\"Finaliza con una plegaria al cielo por todas esas almas en homenaje y memoria\" \/><figcaption class=\"elementor-image-carousel-caption\">Finaliza con una plegaria al cielo por todas esas almas en homenaje y memoria<\/figcaption><\/figure><\/div>\t\t\t<\/div>\n\t\t\t\t\t\t\t\t\t\t\t\t<div class=\"elementor-swiper-button elementor-swiper-button-prev\" role=\"button\" tabindex=\"0\">\n\t\t\t\t\t\t<i aria-hidden=\"true\" class=\"eicon-chevron-left\"><\/i>\t\t\t\t\t<\/div>\n\t\t\t\t\t<div class=\"elementor-swiper-button elementor-swiper-button-next\" role=\"button\" tabindex=\"0\">\n\t\t\t\t\t\t<i aria-hidden=\"true\" class=\"eicon-chevron-right\"><\/i>\t\t\t\t\t<\/div>\n\t\t\t\t\n\t\t\t\t\t\t\t\t\t<div class=\"swiper-pagination\"><\/div>\n\t\t\t\t\t\t\t\t\t<\/div>\n\t\t\t\t\t\t<\/div>\n\t\t\t\t\t<\/div>\n\t\t<\/div>\n\t\t\t\t\t<\/div>\n\t\t<\/section>\n\t\t\t\t<section data-particle_enable=\"false\" data-particle-mobile-disabled=\"false\" class=\"elementor-section elementor-top-section elementor-element elementor-element-8ca48ee elementor-section-boxed elementor-section-height-default elementor-section-height-default\" data-id=\"8ca48ee\" data-element_type=\"section\" data-e-type=\"section\">\n\t\t\t\t\t\t<div class=\"elementor-container elementor-column-gap-default\">\n\t\t\t\t\t<div class=\"elementor-column elementor-col-100 elementor-top-column elementor-element elementor-element-538bd27\" data-id=\"538bd27\" data-element_type=\"column\" data-e-type=\"column\">\n\t\t\t<div class=\"elementor-widget-wrap elementor-element-populated\">\n\t\t\t\t\t\t<div class=\"elementor-element elementor-element-913eb8d elementor-widget elementor-widget-facebook-embed\" data-id=\"913eb8d\" data-element_type=\"widget\" data-e-type=\"widget\" data-widget_type=\"facebook-embed.default\">\n\t\t\t\t\t<div style=\"min-height: 1px\" class=\"elementor-facebook-widget fb-post\" data-href=\"https:\/\/www.facebook.com\/nuto.chavajay\/videos\/1033202768105705\/?mibextid=zDhOQc\" data-show-text=\"false\"><\/div>\t\t\t\t<\/div>\n\t\t\t\t\t<\/div>\n\t\t<\/div>\n\t\t\t\t\t<\/div>\n\t\t<\/section>\n\t\t\t\t<section data-particle_enable=\"false\" data-particle-mobile-disabled=\"false\" class=\"elementor-section elementor-top-section elementor-element elementor-element-98f8d93 elementor-section-boxed elementor-section-height-default elementor-section-height-default\" data-id=\"98f8d93\" data-element_type=\"section\" data-e-type=\"section\">\n\t\t\t\t\t\t<div class=\"elementor-container elementor-column-gap-default\">\n\t\t\t\t\t<div class=\"elementor-column elementor-col-100 elementor-top-column elementor-element elementor-element-4eed7af\" data-id=\"4eed7af\" data-element_type=\"column\" data-e-type=\"column\">\n\t\t\t<div class=\"elementor-widget-wrap elementor-element-populated\">\n\t\t\t\t\t\t<div class=\"elementor-element elementor-element-b62c48d elementor-widget elementor-widget-heading\" data-id=\"b62c48d\" data-element_type=\"widget\" data-e-type=\"widget\" data-widget_type=\"heading.default\">\n\t\t\t\t\t<h2 class=\"elementor-heading-title elementor-size-default\">M\u00e1s para inspirarse y sorprenderse<\/h2>\t\t\t\t<\/div>\n\t\t\t\t\t<\/div>\n\t\t<\/div>\n\t\t\t\t\t<\/div>\n\t\t<\/section>\n\t\t\t\t<section data-particle_enable=\"false\" data-particle-mobile-disabled=\"false\" class=\"elementor-section elementor-top-section elementor-element elementor-element-c5cd85a elementor-section-boxed elementor-section-height-default elementor-section-height-default\" data-id=\"c5cd85a\" data-element_type=\"section\" data-e-type=\"section\">\n\t\t\t\t\t\t<div class=\"elementor-container elementor-column-gap-default\">\n\t\t\t\t\t<div class=\"elementor-column elementor-col-100 elementor-top-column elementor-element elementor-element-d087760\" data-id=\"d087760\" data-element_type=\"column\" data-e-type=\"column\">\n\t\t\t<div class=\"elementor-widget-wrap elementor-element-populated\">\n\t\t\t\t\t\t<div class=\"elementor-element elementor-element-05b5b4b elementor-invisible elementor-widget elementor-widget-blfe-post-grid\" data-id=\"05b5b4b\" data-element_type=\"widget\" data-e-type=\"widget\" data-settings=\"{&quot;_animation&quot;:&quot;shake&quot;,&quot;columns&quot;:&quot;3&quot;,&quot;columns_tablet&quot;:&quot;6&quot;,&quot;columns_mobile&quot;:&quot;12&quot;,&quot;hero1_layout_column_gap&quot;:{&quot;unit&quot;:&quot;px&quot;,&quot;size&quot;:30,&quot;sizes&quot;:[]},&quot;hero1_layout_column_gap_tablet&quot;:{&quot;unit&quot;:&quot;px&quot;,&quot;size&quot;:&quot;&quot;,&quot;sizes&quot;:[]},&quot;hero1_layout_column_gap_mobile&quot;:{&quot;unit&quot;:&quot;px&quot;,&quot;size&quot;:&quot;&quot;,&quot;sizes&quot;:[]},&quot;hero1_layout_row_gap&quot;:{&quot;unit&quot;:&quot;px&quot;,&quot;size&quot;:30,&quot;sizes&quot;:[]},&quot;hero1_layout_row_gap_tablet&quot;:{&quot;unit&quot;:&quot;px&quot;,&quot;size&quot;:&quot;&quot;,&quot;sizes&quot;:[]},&quot;hero1_layout_row_gap_mobile&quot;:{&quot;unit&quot;:&quot;px&quot;,&quot;size&quot;:&quot;&quot;,&quot;sizes&quot;:[]}}\" data-widget_type=\"blfe-post-grid.hero1\">\n\t\t\t\t<div class=\"elementor-widget-container\">\n\t\t\t\t\t\n                        <div class=\"blfe-post-grid-container \">\n            \n                <div data-skin=\"hero1\" class=\"blfe-row blfe-posts-inner blfe-hero1 blfe-posts-inner blfe-col-3 blfe-col-tab-6 blfe-col-mob-12     \">\n                            <div class=\"blfe-post-grid-item\">\n            <div class=\"blfe-post-grid-item-inner blfe-modern-zoom\">\n                        <div class=\"blfe-post-grid-bg-image\">\n            <a class=\"blfe-post-grid-image-inner\" href=\"https:\/\/soymigrante.com\/revista\/que-profundidad-tiene-el-hoyo-del-cimarron-en-nenton-huehuetenango-y-como-se-origino\/\" title=\"\u00bfQu\u00e9 profundidad tiene el Hoyo del Cimarr\u00f3n, en Nent\u00f3n, Huehuetenango y c\u00f3mo se origin\u00f3?\" rel=\"nofollow\" target=\"_blank\"><img decoding=\"async\" src=\"https:\/\/soymigrante.com\/revista\/wp-content\/uploads\/2026\/04\/hoyo-del-cimarron-nenton-huehuetenango-lugares-turisticos-guatemala.jpg\" alt=\"\u00bfQu\u00e9 profundidad tiene el Hoyo del Cimarr\u00f3n, en Nent\u00f3n, Huehuetenango y c\u00f3mo se origin\u00f3?\"\/><\/a>        <\/div>\n                        <div class=\"blfe-post-grid-details\">\n                    <div class=\"blfe-post-grid-details-inner\">\n                        <span class=\"blfe-post-category\"><a href=\"https:\/\/soymigrante.com\/revista\/category\/guate-nuestra\/\">Guate Nuestra<\/a><\/span>                        <h3 class=\"blfe-post-grid-title\">\n            <a href=\"https:\/\/soymigrante.com\/revista\/que-profundidad-tiene-el-hoyo-del-cimarron-en-nenton-huehuetenango-y-como-se-origino\/\" title=\"\u00bfQu\u00e9 profundidad tiene el Hoyo del Cimarr\u00f3n, en Nent\u00f3n, Huehuetenango y c\u00f3mo se origin\u00f3?\" rel=\"nofollow\" target=\"_blank\">\u00bfQu\u00e9 profundidad tiene el Hoyo del Cimarr\u00f3n, en Nent\u00f3n, Huehuetenango y c\u00f3mo se origin\u00f3?<\/a>\n            <\/h3>                                                            <div class=\"blfe-post-grid-meta\">\n                <span class=\"blfe-post-grid-time\"><i class=\"fas fa-book-reader\"><\/i>5 Min read<\/span>            <\/div>\n                                                        <\/div>\n                <\/div>\n\n            <\/div>\n        <\/div>\n                <div class=\"blfe-post-grid-item\">\n            <div class=\"blfe-post-grid-item-inner blfe-modern-zoom\">\n                        <div class=\"blfe-post-grid-bg-image\">\n            <a class=\"blfe-post-grid-image-inner\" href=\"https:\/\/soymigrante.com\/revista\/para-regalar-a-mama-feliz-dia-de-las-madres-mercado-obsequios\/\" title=\"Algo original, \u00fanico y aut\u00e9ntico para regalar a mam\u00e1 encu\u00e9ntralo en SoyMigrante.com MERCADO\" rel=\"nofollow\" target=\"_blank\"><img decoding=\"async\" src=\"https:\/\/soymigrante.com\/revista\/wp-content\/uploads\/2026\/04\/obsequios-perfectos-para-mama-de-emprendedores-y-artesanos-guatemaltecos-en-MERCADO.png\" alt=\"Algo original, \u00fanico y aut\u00e9ntico para regalar a mam\u00e1 encu\u00e9ntralo en SoyMigrante.com MERCADO\"\/><\/a>        <\/div>\n                        <div class=\"blfe-post-grid-details\">\n                    <div class=\"blfe-post-grid-details-inner\">\n                        <span class=\"blfe-post-category\"><a href=\"https:\/\/soymigrante.com\/revista\/category\/guate-nuestra\/\">Guate Nuestra<\/a><\/span>                        <h3 class=\"blfe-post-grid-title\">\n            <a href=\"https:\/\/soymigrante.com\/revista\/para-regalar-a-mama-feliz-dia-de-las-madres-mercado-obsequios\/\" title=\"Algo original, \u00fanico y aut\u00e9ntico para regalar a mam\u00e1 encu\u00e9ntralo en SoyMigrante.com MERCADO\" rel=\"nofollow\" target=\"_blank\">Algo original, \u00fanico y aut\u00e9ntico para regalar a mam\u00e1 encu\u00e9ntralo en SoyMigrante.com MERCADO<\/a>\n            <\/h3>                                                            <div class=\"blfe-post-grid-meta\">\n                <span class=\"blfe-post-grid-time\"><i class=\"fas fa-book-reader\"><\/i>6 Min read<\/span>            <\/div>\n                                                        <\/div>\n                <\/div>\n\n            <\/div>\n        <\/div>\n                <div class=\"blfe-post-grid-item\">\n            <div class=\"blfe-post-grid-item-inner blfe-modern-zoom\">\n                        <div class=\"blfe-post-grid-bg-image\">\n            <a class=\"blfe-post-grid-image-inner\" href=\"https:\/\/soymigrante.com\/revista\/recorrido-virtual-conoce-detalles-de-7-grandes-templos-de-tikal\/\" title=\"Recorrido virtual: conoce detalles de 7 grandes templos de Tikal\" rel=\"nofollow\" target=\"_blank\"><img decoding=\"async\" src=\"https:\/\/soymigrante.com\/revista\/wp-content\/uploads\/2026\/04\/tikal-guatemala-templos-guia.jpg\" alt=\"Recorrido virtual: conoce detalles de 7 grandes templos de Tikal\"\/><\/a>        <\/div>\n                        <div class=\"blfe-post-grid-details\">\n                    <div class=\"blfe-post-grid-details-inner\">\n                        <span class=\"blfe-post-category\"><a href=\"https:\/\/soymigrante.com\/revista\/category\/guate-nuestra\/arte-cultura\/\">Cultura de Guatemala<\/a><\/span>                        <h3 class=\"blfe-post-grid-title\">\n            <a href=\"https:\/\/soymigrante.com\/revista\/recorrido-virtual-conoce-detalles-de-7-grandes-templos-de-tikal\/\" title=\"Recorrido virtual: conoce detalles de 7 grandes templos de Tikal\" rel=\"nofollow\" target=\"_blank\">Recorrido virtual: conoce detalles de 7 grandes templos de Tikal<\/a>\n            <\/h3>                                                            <div class=\"blfe-post-grid-meta\">\n                <span class=\"blfe-post-grid-time\"><i class=\"fas fa-book-reader\"><\/i>8 Min read<\/span>            <\/div>\n                                                        <\/div>\n                <\/div>\n\n            <\/div>\n        <\/div>\n                <div class=\"blfe-post-grid-item\">\n            <div class=\"blfe-post-grid-item-inner blfe-modern-zoom\">\n                        <div class=\"blfe-post-grid-bg-image\">\n            <a class=\"blfe-post-grid-image-inner\" href=\"https:\/\/soymigrante.com\/revista\/migrante-hondureno-al-lopez-regreso-a-su-tierra-para-reinventar-el-negocio-del-cafe\/\" title=\"Migrante hondure\u00f1o Al L\u00f3pez regres\u00f3 a su tierra para reinventar el negocio del caf\u00e9\" rel=\"nofollow\" target=\"_blank\"><img decoding=\"async\" src=\"https:\/\/soymigrante.com\/revista\/wp-content\/uploads\/2026\/04\/al-lopez-migrante-caficultor-y-graduado-en-Estados-Unidos-originario-de-honduras-centroamericanos-migrantes-1d.jpg\" alt=\"Migrante hondure\u00f1o Al L\u00f3pez regres\u00f3 a su tierra para reinventar el negocio del caf\u00e9\"\/><\/a>        <\/div>\n                        <div class=\"blfe-post-grid-details\">\n                    <div class=\"blfe-post-grid-details-inner\">\n                        <span class=\"blfe-post-category\"><a href=\"https:\/\/soymigrante.com\/revista\/category\/exitos\/honduras\/\">Honduras<\/a><\/span>                        <h3 class=\"blfe-post-grid-title\">\n            <a href=\"https:\/\/soymigrante.com\/revista\/migrante-hondureno-al-lopez-regreso-a-su-tierra-para-reinventar-el-negocio-del-cafe\/\" title=\"Migrante hondure\u00f1o Al L\u00f3pez regres\u00f3 a su tierra para reinventar el negocio del caf\u00e9\" rel=\"nofollow\" target=\"_blank\">Migrante hondure\u00f1o Al L\u00f3pez regres\u00f3 a su tierra para reinventar el negocio del caf\u00e9<\/a>\n            <\/h3>                                                            <div class=\"blfe-post-grid-meta\">\n                <span class=\"blfe-post-grid-time\"><i class=\"fas fa-book-reader\"><\/i>5 Min read<\/span>            <\/div>\n                                                        <\/div>\n                <\/div>\n\n            <\/div>\n        <\/div>\n                <div class=\"blfe-post-grid-item\">\n            <div class=\"blfe-post-grid-item-inner blfe-modern-zoom\">\n                        <div class=\"blfe-post-grid-bg-image\">\n            <a class=\"blfe-post-grid-image-inner\" href=\"https:\/\/soymigrante.com\/revista\/santos-poroj-escritor-migrante-de-san-andres-xecul-publica-su-segundo-libro-en-california-y-con-dos-portadas\/\" title=\"Santos Poroj, escritor migrante de San Andr\u00e9s Xecul, publica su segundo libro en California (y con dos portadas)\" rel=\"nofollow\" target=\"_blank\"><img decoding=\"async\" src=\"https:\/\/soymigrante.com\/revista\/wp-content\/uploads\/2026\/04\/migrante-guatemalteco-santos-poroj-en-san-rafael-california-originario-de-san-andres-xecul.png\" alt=\"Santos Poroj, escritor migrante de San Andr\u00e9s Xecul, publica su segundo libro en California (y con dos portadas)\"\/><\/a>        <\/div>\n                        <div class=\"blfe-post-grid-details\">\n                    <div class=\"blfe-post-grid-details-inner\">\n                        <span class=\"blfe-post-category\"><a href=\"https:\/\/soymigrante.com\/revista\/category\/exitos\/\">\u00c9xitos<\/a><\/span>                        <h3 class=\"blfe-post-grid-title\">\n            <a href=\"https:\/\/soymigrante.com\/revista\/santos-poroj-escritor-migrante-de-san-andres-xecul-publica-su-segundo-libro-en-california-y-con-dos-portadas\/\" title=\"Santos Poroj, escritor migrante de San Andr\u00e9s Xecul, publica su segundo libro en California (y con dos portadas)\" rel=\"nofollow\" target=\"_blank\">Santos Poroj, escritor migrante de San Andr\u00e9s Xecul, publica su segundo libro en California (y con dos portadas)<\/a>\n            <\/h3>                                                            <div class=\"blfe-post-grid-meta\">\n                <span class=\"blfe-post-grid-time\"><i class=\"fas fa-book-reader\"><\/i>7 Min read<\/span>            <\/div>\n                                                        <\/div>\n                <\/div>\n\n            <\/div>\n        <\/div>\n                <div class=\"blfe-post-grid-item\">\n            <div class=\"blfe-post-grid-item-inner blfe-modern-zoom\">\n                        <div class=\"blfe-post-grid-bg-image\">\n            <a class=\"blfe-post-grid-image-inner\" href=\"https:\/\/soymigrante.com\/revista\/migrantes-guatemaltecos-en-estados-unidos-libros-historias-dia-del-libro\/\" title=\"D\u00eda del Libro &#8211; Creatividad de escritores migrantes guatemaltecos vuela sin fronteras\" rel=\"nofollow\" target=\"_blank\"><img decoding=\"async\" src=\"https:\/\/soymigrante.com\/revista\/wp-content\/uploads\/2026\/04\/dia-del-libro-guatemala-libros-de-migrantes-guatemaltecos.png\" alt=\"D\u00eda del Libro &#8211; Creatividad de escritores migrantes guatemaltecos vuela sin fronteras\"\/><\/a>        <\/div>\n                        <div class=\"blfe-post-grid-details\">\n                    <div class=\"blfe-post-grid-details-inner\">\n                        <span class=\"blfe-post-category\"><a href=\"https:\/\/soymigrante.com\/revista\/category\/exitos\/guatemala\/\">Guatemala<\/a><\/span>                        <h3 class=\"blfe-post-grid-title\">\n            <a href=\"https:\/\/soymigrante.com\/revista\/migrantes-guatemaltecos-en-estados-unidos-libros-historias-dia-del-libro\/\" title=\"D\u00eda del Libro &#8211; Creatividad de escritores migrantes guatemaltecos vuela sin fronteras\" rel=\"nofollow\" target=\"_blank\">D\u00eda del Libro &#8211; Creatividad de escritores migrantes guatemaltecos vuela sin fronteras<\/a>\n            <\/h3>                                                            <div class=\"blfe-post-grid-meta\">\n                <span class=\"blfe-post-grid-time\"><i class=\"fas fa-book-reader\"><\/i>5 Min read<\/span>            <\/div>\n                                                        <\/div>\n                <\/div>\n\n            <\/div>\n        <\/div>\n                        <\/div>\n\n                        <\/div>\n            \n                        <div class=\"blfe-post-footer\">\n                        <\/div>\n            \t\t\t\t<\/div>\n\t\t\t\t<\/div>\n\t\t\t\t\t<\/div>\n\t\t<\/div>\n\t\t\t\t\t<\/div>\n\t\t<\/section>\n\t\t\t\t<\/div>\n\t\t","protected":false},"excerpt":{"rendered":"<p>El artista maya tzutujil Benvenuto Chavajay efectu\u00f3 una acci\u00f3n art\u00edstica, con el apoyo del Instituto de Arte de la Universidad de Houston y la galer\u00eda Blaffer, en representaci\u00f3n de las almas de migrantes guatemaltecos que han muerto lejos de su tierra natal La temperatura era fr\u00eda y por eso la representaci\u00f3n art\u00edstica dur\u00f3 unos 12 [&hellip;]<\/p>\n","protected":false},"author":7,"featured_media":3246,"comment_status":"open","ping_status":"open","sticky":false,"template":"","format":"standard","meta":{"_acf_changed":false,"_eb_attr":"","footnotes":""},"categories":[54],"tags":[],"class_list":["post-3245","post","type-post","status-publish","format-standard","has-post-thumbnail","hentry","category-estamos-unidos"],"acf":[],"aioseo_notices":[],"aioseo_head":"\n\t\t<!-- All in One SEO Pro 4.9.6.2 - aioseo.com -->\n\t<meta name=\"description\" content=\"Historias sin fronteras de guatemaltecos en Estados Unidos plasmadas en libros publicados: novelas, relatos gr\u00e1ficos, autobiograf\u00edas. Todos tienen historia\" \/>\n\t<meta name=\"robots\" content=\"max-snippet:-1, max-image-preview:large, max-video-preview:-1\" \/>\n\t<meta name=\"author\" content=\"SoyMigrante.com REVISTA\"\/>\n\t<link rel=\"canonical\" href=\"https:\/\/soymigrante.com\/revista\/migrantes-guatemaltecos-en-estados-unidos-libros-historias-dia-del-libro\/\" \/>\n\t<meta name=\"generator\" content=\"All in One SEO Pro (AIOSEO) 4.9.6.2\" \/>\n\n\t\t<link rel=\"preconnect\" href=\"https:\/\/fonts.googleapis.com\" crossorigin>\n<link rel=\"preconnect\" href=\"https:\/\/fonts.gstatic.com\" crossorigin>\n\t\t<meta property=\"og:locale\" content=\"es_ES\" \/>\n\t\t<meta property=\"og:site_name\" content=\"SoyMigrante.com REVISTA \u2013 Nuestra misi\u00f3n es reconocer y dignificar al migrante.\" \/>\n\t\t<meta property=\"og:type\" content=\"article\" \/>\n\t\t<meta property=\"og:title\" content=\"Migrantes guatemaltecos en Estados Unidos publican libros\" \/>\n\t\t<meta property=\"og:description\" content=\"Historias sin fronteras de guatemaltecos en Estados Unidos plasmadas en libros publicados: novelas, relatos gr\u00e1ficos, autobiograf\u00edas. Todos tienen historia\" \/>\n\t\t<meta property=\"og:url\" content=\"https:\/\/soymigrante.com\/revista\/migrantes-guatemaltecos-en-estados-unidos-libros-historias-dia-del-libro\/\" \/>\n\t\t<meta property=\"og:image\" content=\"https:\/\/soymigrante.com\/revista\/wp-content\/uploads\/2026\/04\/dia-del-libro-guatemala-libros-de-migrantes-guatemaltecos.png\" \/>\n\t\t<meta property=\"og:image:secure_url\" content=\"https:\/\/soymigrante.com\/revista\/wp-content\/uploads\/2026\/04\/dia-del-libro-guatemala-libros-de-migrantes-guatemaltecos.png\" \/>\n\t\t<meta property=\"og:image:width\" content=\"1200\" \/>\n\t\t<meta property=\"og:image:height\" content=\"1200\" \/>\n\t\t<meta property=\"article:published_time\" content=\"2026-04-23T16:18:43+00:00\" \/>\n\t\t<meta property=\"article:modified_time\" content=\"2026-04-23T16:18:59+00:00\" \/>\n\t\t<meta property=\"article:publisher\" content=\"https:\/\/www.facebook.com\/soymigrantecom\" \/>\n\t\t<meta name=\"twitter:card\" content=\"summary_large_image\" \/>\n\t\t<meta name=\"twitter:site\" content=\"@SoyMigrante_com\" \/>\n\t\t<meta name=\"twitter:title\" content=\"Migrantes guatemaltecos en Estados Unidos publican libros\" \/>\n\t\t<meta name=\"twitter:description\" content=\"Historias sin fronteras de guatemaltecos en Estados Unidos plasmadas en libros publicados: novelas, relatos gr\u00e1ficos, autobiograf\u00edas. Todos tienen historia\" \/>\n\t\t<meta name=\"twitter:creator\" content=\"@SoyMigrante_com\" \/>\n\t\t<meta name=\"twitter:image\" content=\"https:\/\/soymigrante.com\/revista\/wp-content\/uploads\/2026\/04\/dia-del-libro-guatemala-libros-de-migrantes-guatemaltecos.png\" \/>\n\t\t<!-- All in One SEO Pro -->\r\n\t\t<title>Migrantes guatemaltecos en Estados Unidos publican libros<\/title>\n\n","aioseo_head_json":{"title":"Migrantes guatemaltecos en Estados Unidos publican libros","description":"Historias sin fronteras de guatemaltecos en Estados Unidos plasmadas en libros publicados: novelas, relatos gr\u00e1ficos, autobiograf\u00edas. Todos tienen historia","canonical_url":"https:\/\/soymigrante.com\/revista\/migrantes-guatemaltecos-en-estados-unidos-libros-historias-dia-del-libro\/","robots":"max-snippet:-1, max-image-preview:large, max-video-preview:-1","keywords":"","webmasterTools":{"miscellaneous":"&lt;link rel=\"preconnect\" href=\"https:\/\/fonts.googleapis.com\" crossorigin&gt;\n&lt;link rel=\"preconnect\" href=\"https:\/\/fonts.gstatic.com\" crossorigin&gt;"},"schema":null,"og:locale":"es_ES","og:site_name":"SoyMigrante.com REVISTA \u2013 Nuestra misi\u00f3n es reconocer y dignificar al migrante.","og:type":"article","og:title":"Migrantes guatemaltecos en Estados Unidos publican libros","og:description":"Historias sin fronteras de guatemaltecos en Estados Unidos plasmadas en libros publicados: novelas, relatos gr\u00e1ficos, autobiograf\u00edas. Todos tienen historia","og:url":"https:\/\/soymigrante.com\/revista\/migrantes-guatemaltecos-en-estados-unidos-libros-historias-dia-del-libro\/","og:image":"https:\/\/soymigrante.com\/revista\/wp-content\/uploads\/2026\/04\/dia-del-libro-guatemala-libros-de-migrantes-guatemaltecos.png","og:image:secure_url":"https:\/\/soymigrante.com\/revista\/wp-content\/uploads\/2026\/04\/dia-del-libro-guatemala-libros-de-migrantes-guatemaltecos.png","og:image:width":1200,"og:image:height":1200,"article:published_time":"2026-04-23T16:18:43+00:00","article:modified_time":"2026-04-23T16:18:59+00:00","article:publisher":"https:\/\/www.facebook.com\/soymigrantecom","twitter:card":"summary_large_image","twitter:site":"@SoyMigrante_com","twitter:title":"Migrantes guatemaltecos en Estados Unidos publican libros","twitter:description":"Historias sin fronteras de guatemaltecos en Estados Unidos plasmadas en libros publicados: novelas, relatos gr\u00e1ficos, autobiograf\u00edas. Todos tienen historia","twitter:creator":"@SoyMigrante_com","twitter:image":"https:\/\/soymigrante.com\/revista\/wp-content\/uploads\/2026\/04\/dia-del-libro-guatemala-libros-de-migrantes-guatemaltecos.png"},"aioseo_meta_data":{"post_id":"3245","title":null,"description":null,"keywords":[],"keyphrases":{"focus":{"keyphrase":"Migrantes","score":100,"analysis":{"keyphraseInTitle":{"score":9,"maxScore":9,"error":0},"keyphraseInDescription":{"score":9,"maxScore":9,"error":0},"keyphraseLength":{"score":9,"maxScore":9,"error":0,"length":1},"keyphraseInURL":{"score":5,"maxScore":5,"error":0},"keyphraseInIntroduction":{"score":9,"maxScore":9,"error":0},"keyphraseInSubHeadings":{"score":9,"maxScore":9,"error":0},"keyphraseInImageAlt":{"score":9,"maxScore":9,"error":0},"keywordDensity":{"type":"best","score":9,"maxScore":9,"error":0}}},"additional":[]},"primary_term":null,"canonical_url":null,"og_title":null,"og_description":null,"og_object_type":"default","og_image_type":"default","og_image_url":null,"og_image_width":null,"og_image_height":null,"og_image_custom_url":null,"og_image_custom_fields":null,"og_video":"","og_custom_url":null,"og_article_section":null,"og_article_tags":[],"twitter_use_og":false,"twitter_card":"default","twitter_image_type":"default","twitter_image_url":null,"twitter_image_custom_url":null,"twitter_image_custom_fields":null,"twitter_title":null,"twitter_description":null,"schema":{"blockGraphs":[],"customGraphs":[],"default":{"data":{"Article":[],"Course":[],"Dataset":[],"FAQPage":[],"Movie":[],"Person":[],"Product":[],"ProductReview":[],"Car":[],"Recipe":[],"Service":[],"SoftwareApplication":[],"WebPage":[]},"graphName":"BlogPosting","isEnabled":true},"graphs":[]},"schema_type":"default","schema_type_options":null,"pillar_content":false,"robots_default":true,"robots_noindex":false,"robots_noarchive":false,"robots_nosnippet":false,"robots_nofollow":false,"robots_noimageindex":false,"robots_noodp":false,"robots_notranslate":false,"robots_max_snippet":"-1","robots_max_videopreview":"-1","robots_max_imagepreview":"large","priority":null,"frequency":"default","local_seo":null,"seo_analyzer_scan_date":"2025-10-08 20:39:14","breadcrumb_settings":null,"limit_modified_date":false,"reviewed_by":null,"open_ai":null,"ai":null,"created":"2023-11-07 13:56:22","updated":"2026-02-04 09:50:25"},"aioseo_breadcrumb":"<div class=\"aioseo-breadcrumbs\"><span class=\"aioseo-breadcrumb\">\n\t<a href=\"https:\/\/soymigrante.com\/revista\" title=\"Home\">Home<\/a>\n<\/span><span class=\"aioseo-breadcrumb-separator\">\u00bb<\/span><span class=\"aioseo-breadcrumb\">\n\t<a href=\"https:\/\/soymigrante.com\/revista\/category\/estamos-unidos\/\" title=\"Estamos Unidos\">Estamos Unidos<\/a>\n<\/span><span class=\"aioseo-breadcrumb-separator\">\u00bb<\/span><span class=\"aioseo-breadcrumb\">\n\tArtista tzutujil efect\u00faa performance en Houston a la memoria de almas de migrantes\n<\/span><\/div>","aioseo_breadcrumb_json":[{"label":"Home","link":"https:\/\/soymigrante.com\/revista"},{"label":"Estamos Unidos","link":"https:\/\/soymigrante.com\/revista\/category\/estamos-unidos\/"},{"label":"Artista tzutujil efect\u00faa performance en Houston a la memoria de almas de migrantes","link":"https:\/\/soymigrante.com\/revista\/houston-artista-maya-tzutujil-efectua-un-performance-en-homenaje-a-migrantes\/"}],"_links":{"self":[{"href":"https:\/\/soymigrante.com\/revista\/wp-json\/wp\/v2\/posts\/3245","targetHints":{"allow":["GET"]}}],"collection":[{"href":"https:\/\/soymigrante.com\/revista\/wp-json\/wp\/v2\/posts"}],"about":[{"href":"https:\/\/soymigrante.com\/revista\/wp-json\/wp\/v2\/types\/post"}],"author":[{"embeddable":true,"href":"https:\/\/soymigrante.com\/revista\/wp-json\/wp\/v2\/users\/7"}],"replies":[{"embeddable":true,"href":"https:\/\/soymigrante.com\/revista\/wp-json\/wp\/v2\/comments?post=3245"}],"version-history":[{"count":0,"href":"https:\/\/soymigrante.com\/revista\/wp-json\/wp\/v2\/posts\/3245\/revisions"}],"wp:featuredmedia":[{"embeddable":true,"href":"https:\/\/soymigrante.com\/revista\/wp-json\/wp\/v2\/media\/3246"}],"wp:attachment":[{"href":"https:\/\/soymigrante.com\/revista\/wp-json\/wp\/v2\/media?parent=3245"}],"wp:term":[{"taxonomy":"category","embeddable":true,"href":"https:\/\/soymigrante.com\/revista\/wp-json\/wp\/v2\/categories?post=3245"},{"taxonomy":"post_tag","embeddable":true,"href":"https:\/\/soymigrante.com\/revista\/wp-json\/wp\/v2\/tags?post=3245"}],"curies":[{"name":"wp","href":"https:\/\/api.w.org\/{rel}","templated":true}]}}